{"id":56701,"date":"2023-09-29T12:12:41","date_gmt":"2023-09-29T10:12:41","guid":{"rendered":"https:\/\/dorogimedence.hu\/?p=56701"},"modified":"2023-09-29T12:12:41","modified_gmt":"2023-09-29T10:12:41","slug":"legordult-az-esztergomi-gyartosorrol-az-otszazezredik-suzuki-s-cross","status":"publish","type":"post","link":"https:\/\/dorogimedence.hu\/index.php\/2023\/09\/29\/legordult-az-esztergomi-gyartosorrol-az-otszazezredik-suzuki-s-cross\/","title":{"rendered":"Leg\u00f6rd\u00fclt az esztergomi gy\u00e1rt\u00f3sorr\u00f3l az \u00f6tsz\u00e1zezredik Suzuki S-CROSS"},"content":{"rendered":"<p><strong>\u00dajabb m\u00e9rf\u00f6ldk\u0151h\u00f6z \u00e9rkezett a Magyar Suzuki: leg\u00f6rd\u00fclt az esztergomi gy\u00e1rt\u00f3sorr\u00f3l az \u00f6tsz\u00e1zezredik S-CROSS. A 2013 \u00f3ta haz\u00e1nkban gy\u00e1rtott \u00e9s k\u00e9tszer is meg\u00fajult modell 10 \u00e9v alatt nagy utat tett meg: idehaza sz\u00e1mos szakmai \u00e9s k\u00f6z\u00f6ns\u00e9gd\u00edjat is ki\u00e9rdemelt, az eur\u00f3pai piacokra pedig m\u00e1r csak hibrid hajt\u00e1ssal v\u00e1s\u00e1rolhat\u00f3 meg.<\/strong><\/p>\n<p>\u00c9ppen t\u00edz \u00e9vvel ezel\u0151tt mutatta be, majd kezdte gy\u00e1rtani a Magyar Suzuki esztergomi gy\u00e1r\u00e1ban a jap\u00e1n aut\u00f3ipari v\u00e1llalat az SX4 S-CROSS C-kateg\u00f3ri\u00e1s crossover modellt, amely hamar a hazai elad\u00e1sok \u00e9lvonal\u00e1ba ker\u00fclt. El\u0151sz\u00f6r 2016, majd 2021 \u0151sz\u00e9n jelent\u0151sen meg\u00fajult, \u00e9s v\u00e1lt izgalmas vonalvezet\u00e9s\u00e9vel, k\u00f6nny\u0171 kezelhet\u0151s\u00e9g\u00e9vel \u00e9s kifinomult st\u00edlus\u00e1val az egyik legn\u00e9pszer\u0171bb modell\u00e9. Az S-CROSS (amely 2021-ben elhagyta az SX4 megnevez\u00e9st) sikere tal\u00e1n \u00e9ppen abban rejlik, hogy egy ferde h\u00e1t\u00fa limuzin \u00e9s egy v\u00e1rosi terepj\u00e1r\u00f3 el\u0151nyeit \u00f6tv\u00f6zi. M\u00edg a 2013-as \u00e9s a 2016-os modelleket m\u00e9g hagyom\u00e1nyos benzinmotorral lehetett megv\u00e1s\u00e1rolni, a Magyar Suzuki 2020 \u00f3ta az eur\u00f3pai piacokra m\u00e1r csak hibrid meghajt\u00e1ssal \u00e9rt\u00e9kes\u00edt S-CROSS-t. Mindez r\u00e9sze annak a fenntarthat\u00f3s\u00e1gi t\u00f6rekv\u00e9snek is, amely szerint a Suzuki Csoport 2050-re vil\u00e1gszerte karbonsemleges \u00fczemekkel \u00e9s portf\u00f3li\u00f3val szeretn\u00e9 kiszolg\u00e1lni a v\u00e1s\u00e1rl\u00f3kat.<\/p>\n<p>Az S-CROSS gyorsan az egyik legn\u00e9pszer\u0171bb hazai aut\u00f3modell lett, s\u0151t, tavaly m\u00e1r a legt\u00f6bb darabsz\u00e1mban \u00e9rt\u00e9kes\u00edtett\u00e9k idehaza az \u00fajaut\u00f3 v\u00e1s\u00e1rl\u00f3k k\u00f6r\u00e9ben. 2013-ban Magyar Term\u00e9k Nagyd\u00edjat \u00e9s n\u00edv\u00f3d\u00edjat kapott, 2022-ben \u00e9s 2023-ban Az \u00e9v magyar aut\u00f3ja szavaz\u00e1son elnyerte a k\u00f6z\u00f6ns\u00e9gd\u00edjat, id\u00e9n pedig a szakmai zs\u0171ri d\u00f6nt\u00e9se alapj\u00e1n az \u00c9v magyar aut\u00f3j\u00e1nak v\u00e1lasztott\u00e1k 22 m\u00e1rka 39 aut\u00f3j\u00e1nak verseny\u00e9ben. Ut\u00f3bbiban nagy szerepet v\u00e1llalt a tavaly \u00e9v v\u00e9g\u00e9n bevezetett \u00faj csatlakoztatott szolg\u00e1ltat\u00e1s, a <a href=\"https:\/\/connect.suzuki.hu\/\" target=\"_blank\" rel=\"noopener\"><span style=\"text-decoration: underline; color: #0000ff;\">Suzuki Connect<\/span><\/a>, amely az eur\u00f3pai piacon az Esztergomban gy\u00e1rtott modellben volt el\u0151sz\u00f6r megrendelhet\u0151. Az okostelefonr\u00f3l ir\u00e1ny\u00edthat\u00f3 rendszer sz\u00e1mos olyan funkci\u00f3val rendelkezik, amely megk\u00f6nny\u00edti az aut\u00f3 karbantart\u00e1s\u00e1t \u00e9s haszn\u00e1lat\u00e1t a mindennapi k\u00f6zleked\u00e9sben.<\/p>\n<p>T\u00f6retlen n\u00e9pszer\u0171s\u00e9g\u00e9nek is k\u00f6sz\u00f6nhet\u0151en szeptember 28-\u00e1n az esztergomi gy\u00e1rt\u00f3sorr\u00f3l leg\u00f6rd\u00fclt az 500.000 S-CROSS hibrid, automata v\u00e1lt\u00f3s v\u00e1ltozatban, kanyonbarna gy\u00f6ngymet\u00e1l sz\u00ednben, hogy hamarosan \u00e1tvehesse \u00faj gazd\u00e1ja Franciaorsz\u00e1gban.<\/p>\n<p><strong>Az S-CROSS sz\u00e1mokban<\/strong><\/p>\n<p>TOP5 megrendel\u0151 orsz\u00e1g 2022-ben:<\/p>\n<table width=\"272\">\n<tbody>\n<tr>\n<td width=\"177\">Magyarorsz\u00e1g<\/td>\n<td width=\"95\">7.338<\/td>\n<\/tr>\n<tr>\n<td width=\"177\">Olaszorsz\u00e1g<\/td>\n<td width=\"95\">4.718<\/td>\n<\/tr>\n<tr>\n<td width=\"177\">Egyes\u00fclt Kir\u00e1lys\u00e1g<\/td>\n<td width=\"95\">3.770<\/td>\n<\/tr>\n<tr>\n<td width=\"177\">Izrael<\/td>\n<td width=\"95\">2.855<\/td>\n<\/tr>\n<tr>\n<td width=\"177\">N\u00e9metorsz\u00e1g<\/td>\n<td width=\"95\">2.285<\/td>\n<\/tr>\n<tr>\n<td width=\"177\">Franciaorsz\u00e1g<\/td>\n<td width=\"95\">1.671<\/td>\n<\/tr>\n<\/tbody>\n<\/table>\n<p>A legkedveltebb sz\u00ednek: sz\u00fcrke (134.928 db), feh\u00e9r (107.481 db), k\u00e9k (70.456 db), ez\u00fcst (59.102 db), fekete (43.521 db).<\/p>\n<p><em>Bor\u00edt\u00f3k\u00e9p, forr\u00e1s: Magyar Suzuki Zrt.<\/em><\/p>\n","protected":false},"excerpt":{"rendered":"<p>\u00dajabb m\u00e9rf\u00f6ldk\u0151h\u00f6z \u00e9rkezett a Magyar Suzuki: leg\u00f6rd\u00fclt az esztergomi gy\u00e1rt\u00f3sorr\u00f3l az \u00f6tsz\u00e1zezredik S-CROSS. A 2013 \u00f3ta haz\u00e1nkban gy\u00e1rtott \u00e9s k\u00e9tszer is meg\u00fajult modell 10 \u00e9v alatt nagy utat tett meg: idehaza sz\u00e1mos szakmai \u00e9s k\u00f6z\u00f6ns\u00e9gd\u00edjat is ki\u00e9rdemelt, az eur\u00f3pai piacokra pedig m\u00e1r csak hibrid hajt\u00e1ssal v\u00e1s\u00e1rolhat\u00f3 meg. \u00c9ppen t\u00edz \u00e9vvel ezel\u0151tt mutatta be, majd kezdte<\/p>\n","protected":false},"author":1,"featured_media":56702,"comment_status":"closed","ping_status":"closed","sticky":false,"template":"","format":"standard","meta":{"ngg_post_thumbnail":0,"footnotes":""},"categories":[38,3],"tags":[42,4792,6124,261],"class_list":{"0":"post-56701","1":"post","2":"type-post","3":"status-publish","4":"format-standard","5":"has-post-thumbnail","7":"category-esztergom","8":"category-hirek","9":"tag-esztergom","10":"tag-magyar-suzuki","11":"tag-s-cross","12":"tag-suzuki"},"yoast_head":"<!-- This site is optimized with the Yoast SEO plugin v27.5 - https:\/\/yoast.com\/product\/yoast-seo-wordpress\/ -->\n<title>Leg\u00f6rd\u00fclt az esztergomi gy\u00e1rt\u00f3sorr\u00f3l az \u00f6tsz\u00e1zezredik Suzuki S-CROSS<\/title>\n<meta name=\"robots\" content=\"index, follow, max-snippet:-1, max-image-preview:large, max-video-preview:-1\" \/>\n<link rel=\"canonical\" href=\"https:\/\/dorogimedence.hu\/index.php\/2023\/09\/29\/legordult-az-esztergomi-gyartosorrol-az-otszazezredik-suzuki-s-cross\/\" class=\"yoast-seo-meta-tag\" \/>\n<meta property=\"og:locale\" content=\"hu_HU\" class=\"yoast-seo-meta-tag\" \/>\n<meta property=\"og:type\" content=\"article\" class=\"yoast-seo-meta-tag\" \/>\n<meta property=\"og:title\" content=\"Leg\u00f6rd\u00fclt az esztergomi gy\u00e1rt\u00f3sorr\u00f3l az \u00f6tsz\u00e1zezredik Suzuki S-CROSS\" class=\"yoast-seo-meta-tag\" \/>\n<meta property=\"og:description\" content=\"\u00dajabb m\u00e9rf\u00f6ldk\u0151h\u00f6z \u00e9rkezett a Magyar Suzuki: leg\u00f6rd\u00fclt az esztergomi gy\u00e1rt\u00f3sorr\u00f3l az \u00f6tsz\u00e1zezredik S-CROSS. A 2013 \u00f3ta haz\u00e1nkban gy\u00e1rtott \u00e9s k\u00e9tszer is meg\u00fajult modell 10 \u00e9v alatt nagy utat tett meg: idehaza sz\u00e1mos szakmai \u00e9s k\u00f6z\u00f6ns\u00e9gd\u00edjat is ki\u00e9rdemelt, az eur\u00f3pai piacokra pedig m\u00e1r csak hibrid hajt\u00e1ssal v\u00e1s\u00e1rolhat\u00f3 meg. \u00c9ppen t\u00edz \u00e9vvel ezel\u0151tt mutatta be, majd kezdte\" class=\"yoast-seo-meta-tag\" \/>\n<meta property=\"og:url\" content=\"https:\/\/dorogimedence.hu\/index.php\/2023\/09\/29\/legordult-az-esztergomi-gyartosorrol-az-otszazezredik-suzuki-s-cross\/\" class=\"yoast-seo-meta-tag\" \/>\n<meta property=\"og:site_name\" content=\"Dorogi-medence Region\u00e1lis H\u00edrport\u00e1l\" class=\"yoast-seo-meta-tag\" \/>\n<meta property=\"article:publisher\" content=\"https:\/\/www.facebook.com\/dorogimedence\/\" class=\"yoast-seo-meta-tag\" \/>\n<meta property=\"article:published_time\" content=\"2023-09-29T10:12:41+00:00\" class=\"yoast-seo-meta-tag\" \/>\n<meta property=\"og:image\" content=\"https:\/\/dorogimedence.hu\/wp-content\/uploads\/2023\/09\/scross.jpg\" class=\"yoast-seo-meta-tag\" \/>\n\t<meta property=\"og:image:width\" content=\"1920\" class=\"yoast-seo-meta-tag\" \/>\n\t<meta property=\"og:image:height\" content=\"970\" class=\"yoast-seo-meta-tag\" \/>\n\t<meta property=\"og:image:type\" content=\"image\/jpeg\" class=\"yoast-seo-meta-tag\" \/>\n<meta name=\"author\" content=\"dorogimedence.hu\" class=\"yoast-seo-meta-tag\" \/>\n<meta name=\"twitter:card\" content=\"summary_large_image\" class=\"yoast-seo-meta-tag\" \/>\n<meta name=\"twitter:label1\" content=\"Szerz\u0151:\" class=\"yoast-seo-meta-tag\" \/>\n\t<meta name=\"twitter:data1\" content=\"dorogimedence.hu\" class=\"yoast-seo-meta-tag\" \/>\n\t<meta name=\"twitter:label2\" content=\"Becs\u00fclt olvas\u00e1si id\u0151\" class=\"yoast-seo-meta-tag\" \/>\n\t<meta name=\"twitter:data2\" content=\"3 perc\" class=\"yoast-seo-meta-tag\" \/>\n<script type=\"application\/ld+json\" class=\"yoast-schema-graph\">{\"@context\":\"https:\\\/\\\/schema.org\",\"@graph\":[{\"@type\":\"Article\",\"@id\":\"https:\\\/\\\/dorogimedence.hu\\\/index.php\\\/2023\\\/09\\\/29\\\/legordult-az-esztergomi-gyartosorrol-az-otszazezredik-suzuki-s-cross\\\/#article\",\"isPartOf\":{\"@id\":\"https:\\\/\\\/dorogimedence.hu\\\/index.php\\\/2023\\\/09\\\/29\\\/legordult-az-esztergomi-gyartosorrol-az-otszazezredik-suzuki-s-cross\\\/\"},\"author\":{\"name\":\"dorogimedence.hu\",\"@id\":\"https:\\\/\\\/dorogimedence.hu\\\/#\\\/schema\\\/person\\\/ce6091eeb7e95ecdc87890d6aa8e0fd4\"},\"headline\":\"Leg\u00f6rd\u00fclt az esztergomi gy\u00e1rt\u00f3sorr\u00f3l az \u00f6tsz\u00e1zezredik Suzuki S-CROSS\",\"datePublished\":\"2023-09-29T10:12:41+00:00\",\"mainEntityOfPage\":{\"@id\":\"https:\\\/\\\/dorogimedence.hu\\\/index.php\\\/2023\\\/09\\\/29\\\/legordult-az-esztergomi-gyartosorrol-az-otszazezredik-suzuki-s-cross\\\/\"},\"wordCount\":520,\"publisher\":{\"@id\":\"https:\\\/\\\/dorogimedence.hu\\\/#organization\"},\"image\":{\"@id\":\"https:\\\/\\\/dorogimedence.hu\\\/index.php\\\/2023\\\/09\\\/29\\\/legordult-az-esztergomi-gyartosorrol-az-otszazezredik-suzuki-s-cross\\\/#primaryimage\"},\"thumbnailUrl\":\"https:\\\/\\\/dorogimedence.hu\\\/wp-content\\\/uploads\\\/2023\\\/09\\\/scross.jpg\",\"keywords\":[\"esztergom\",\"Magyar Suzuki\",\"S-Cross\",\"Suzuki\"],\"articleSection\":[\"Esztergom\",\"H\u00edrek\"],\"inLanguage\":\"hu\"},{\"@type\":\"WebPage\",\"@id\":\"https:\\\/\\\/dorogimedence.hu\\\/index.php\\\/2023\\\/09\\\/29\\\/legordult-az-esztergomi-gyartosorrol-az-otszazezredik-suzuki-s-cross\\\/\",\"url\":\"https:\\\/\\\/dorogimedence.hu\\\/index.php\\\/2023\\\/09\\\/29\\\/legordult-az-esztergomi-gyartosorrol-az-otszazezredik-suzuki-s-cross\\\/\",\"name\":\"Leg\u00f6rd\u00fclt az esztergomi gy\u00e1rt\u00f3sorr\u00f3l az \u00f6tsz\u00e1zezredik Suzuki S-CROSS\",\"isPartOf\":{\"@id\":\"https:\\\/\\\/dorogimedence.hu\\\/#website\"},\"primaryImageOfPage\":{\"@id\":\"https:\\\/\\\/dorogimedence.hu\\\/index.php\\\/2023\\\/09\\\/29\\\/legordult-az-esztergomi-gyartosorrol-az-otszazezredik-suzuki-s-cross\\\/#primaryimage\"},\"image\":{\"@id\":\"https:\\\/\\\/dorogimedence.hu\\\/index.php\\\/2023\\\/09\\\/29\\\/legordult-az-esztergomi-gyartosorrol-az-otszazezredik-suzuki-s-cross\\\/#primaryimage\"},\"thumbnailUrl\":\"https:\\\/\\\/dorogimedence.hu\\\/wp-content\\\/uploads\\\/2023\\\/09\\\/scross.jpg\",\"datePublished\":\"2023-09-29T10:12:41+00:00\",\"breadcrumb\":{\"@id\":\"https:\\\/\\\/dorogimedence.hu\\\/index.php\\\/2023\\\/09\\\/29\\\/legordult-az-esztergomi-gyartosorrol-az-otszazezredik-suzuki-s-cross\\\/#breadcrumb\"},\"inLanguage\":\"hu\",\"potentialAction\":[{\"@type\":\"ReadAction\",\"target\":[\"https:\\\/\\\/dorogimedence.hu\\\/index.php\\\/2023\\\/09\\\/29\\\/legordult-az-esztergomi-gyartosorrol-az-otszazezredik-suzuki-s-cross\\\/\"]}]},{\"@type\":\"ImageObject\",\"inLanguage\":\"hu\",\"@id\":\"https:\\\/\\\/dorogimedence.hu\\\/index.php\\\/2023\\\/09\\\/29\\\/legordult-az-esztergomi-gyartosorrol-az-otszazezredik-suzuki-s-cross\\\/#primaryimage\",\"url\":\"https:\\\/\\\/dorogimedence.hu\\\/wp-content\\\/uploads\\\/2023\\\/09\\\/scross.jpg\",\"contentUrl\":\"https:\\\/\\\/dorogimedence.hu\\\/wp-content\\\/uploads\\\/2023\\\/09\\\/scross.jpg\",\"width\":1920,\"height\":970},{\"@type\":\"BreadcrumbList\",\"@id\":\"https:\\\/\\\/dorogimedence.hu\\\/index.php\\\/2023\\\/09\\\/29\\\/legordult-az-esztergomi-gyartosorrol-az-otszazezredik-suzuki-s-cross\\\/#breadcrumb\",\"itemListElement\":[{\"@type\":\"ListItem\",\"position\":1,\"name\":\"Kezd\u0151lap\",\"item\":\"https:\\\/\\\/dorogimedence.hu\\\/\"},{\"@type\":\"ListItem\",\"position\":2,\"name\":\"Leg\u00f6rd\u00fclt az esztergomi gy\u00e1rt\u00f3sorr\u00f3l az \u00f6tsz\u00e1zezredik Suzuki S-CROSS\"}]},{\"@type\":\"WebSite\",\"@id\":\"https:\\\/\\\/dorogimedence.hu\\\/#website\",\"url\":\"https:\\\/\\\/dorogimedence.hu\\\/\",\"name\":\"Dorogi-medence Region\u00e1lis H\u00edrport\u00e1l\",\"description\":\"Dorog, Keszt\u00f6lc, Le\u00e1nyv\u00e1r, Piliscs\u00e9v, Tokod, Tokodalt\u00e1r\u00f3, Csolnok, Esztergom-kertv\u00e1ros: h\u00edrek, programok\",\"publisher\":{\"@id\":\"https:\\\/\\\/dorogimedence.hu\\\/#organization\"},\"potentialAction\":[{\"@type\":\"SearchAction\",\"target\":{\"@type\":\"EntryPoint\",\"urlTemplate\":\"https:\\\/\\\/dorogimedence.hu\\\/?s={search_term_string}\"},\"query-input\":{\"@type\":\"PropertyValueSpecification\",\"valueRequired\":true,\"valueName\":\"search_term_string\"}}],\"inLanguage\":\"hu\"},{\"@type\":\"Organization\",\"@id\":\"https:\\\/\\\/dorogimedence.hu\\\/#organization\",\"name\":\"Dorogi-medence Region\u00e1lis H\u00edrport\u00e1l\",\"url\":\"https:\\\/\\\/dorogimedence.hu\\\/\",\"logo\":{\"@type\":\"ImageObject\",\"inLanguage\":\"hu\",\"@id\":\"https:\\\/\\\/dorogimedence.hu\\\/#\\\/schema\\\/logo\\\/image\\\/\",\"url\":\"https:\\\/\\\/dorogimedence.hu\\\/wp-content\\\/uploads\\\/2021\\\/04\\\/logo-feher-600.png\",\"contentUrl\":\"https:\\\/\\\/dorogimedence.hu\\\/wp-content\\\/uploads\\\/2021\\\/04\\\/logo-feher-600.png\",\"width\":600,\"height\":100,\"caption\":\"Dorogi-medence Region\u00e1lis H\u00edrport\u00e1l\"},\"image\":{\"@id\":\"https:\\\/\\\/dorogimedence.hu\\\/#\\\/schema\\\/logo\\\/image\\\/\"},\"sameAs\":[\"https:\\\/\\\/www.facebook.com\\\/dorogimedence\\\/\"]},{\"@type\":\"Person\",\"@id\":\"https:\\\/\\\/dorogimedence.hu\\\/#\\\/schema\\\/person\\\/ce6091eeb7e95ecdc87890d6aa8e0fd4\",\"name\":\"dorogimedence.hu\",\"image\":{\"@type\":\"ImageObject\",\"inLanguage\":\"hu\",\"@id\":\"\\\/\\\/www.gravatar.com\\\/avatar\\\/d8d45f8901aadff40a4af72c0b826f1d?s=96&#038;r=g&#038;d=mm\",\"url\":\"\\\/\\\/www.gravatar.com\\\/avatar\\\/d8d45f8901aadff40a4af72c0b826f1d?s=96&#038;r=g&#038;d=mm\",\"contentUrl\":\"\\\/\\\/www.gravatar.com\\\/avatar\\\/d8d45f8901aadff40a4af72c0b826f1d?s=96&#038;r=g&#038;d=mm\",\"caption\":\"dorogimedence.hu\"}}]}<\/script>\n<!-- \/ Yoast SEO plugin. -->","yoast_head_json":{"title":"Leg\u00f6rd\u00fclt az esztergomi gy\u00e1rt\u00f3sorr\u00f3l az \u00f6tsz\u00e1zezredik Suzuki S-CROSS","robots":{"index":"index","follow":"follow","max-snippet":"max-snippet:-1","max-image-preview":"max-image-preview:large","max-video-preview":"max-video-preview:-1"},"canonical":"https:\/\/dorogimedence.hu\/index.php\/2023\/09\/29\/legordult-az-esztergomi-gyartosorrol-az-otszazezredik-suzuki-s-cross\/","og_locale":"hu_HU","og_type":"article","og_title":"Leg\u00f6rd\u00fclt az esztergomi gy\u00e1rt\u00f3sorr\u00f3l az \u00f6tsz\u00e1zezredik Suzuki S-CROSS","og_description":"\u00dajabb m\u00e9rf\u00f6ldk\u0151h\u00f6z \u00e9rkezett a Magyar Suzuki: leg\u00f6rd\u00fclt az esztergomi gy\u00e1rt\u00f3sorr\u00f3l az \u00f6tsz\u00e1zezredik S-CROSS. A 2013 \u00f3ta haz\u00e1nkban gy\u00e1rtott \u00e9s k\u00e9tszer is meg\u00fajult modell 10 \u00e9v alatt nagy utat tett meg: idehaza sz\u00e1mos szakmai \u00e9s k\u00f6z\u00f6ns\u00e9gd\u00edjat is ki\u00e9rdemelt, az eur\u00f3pai piacokra pedig m\u00e1r csak hibrid hajt\u00e1ssal v\u00e1s\u00e1rolhat\u00f3 meg. \u00c9ppen t\u00edz \u00e9vvel ezel\u0151tt mutatta be, majd kezdte","og_url":"https:\/\/dorogimedence.hu\/index.php\/2023\/09\/29\/legordult-az-esztergomi-gyartosorrol-az-otszazezredik-suzuki-s-cross\/","og_site_name":"Dorogi-medence Region\u00e1lis H\u00edrport\u00e1l","article_publisher":"https:\/\/www.facebook.com\/dorogimedence\/","article_published_time":"2023-09-29T10:12:41+00:00","og_image":[{"width":1920,"height":970,"url":"https:\/\/dorogimedence.hu\/wp-content\/uploads\/2023\/09\/scross.jpg","type":"image\/jpeg"}],"author":"dorogimedence.hu","twitter_card":"summary_large_image","twitter_misc":{"Szerz\u0151:":"dorogimedence.hu","Becs\u00fclt olvas\u00e1si id\u0151":"3 perc"},"schema":{"@context":"https:\/\/schema.org","@graph":[{"@type":"Article","@id":"https:\/\/dorogimedence.hu\/index.php\/2023\/09\/29\/legordult-az-esztergomi-gyartosorrol-az-otszazezredik-suzuki-s-cross\/#article","isPartOf":{"@id":"https:\/\/dorogimedence.hu\/index.php\/2023\/09\/29\/legordult-az-esztergomi-gyartosorrol-az-otszazezredik-suzuki-s-cross\/"},"author":{"name":"dorogimedence.hu","@id":"https:\/\/dorogimedence.hu\/#\/schema\/person\/ce6091eeb7e95ecdc87890d6aa8e0fd4"},"headline":"Leg\u00f6rd\u00fclt az esztergomi gy\u00e1rt\u00f3sorr\u00f3l az \u00f6tsz\u00e1zezredik Suzuki S-CROSS","datePublished":"2023-09-29T10:12:41+00:00","mainEntityOfPage":{"@id":"https:\/\/dorogimedence.hu\/index.php\/2023\/09\/29\/legordult-az-esztergomi-gyartosorrol-az-otszazezredik-suzuki-s-cross\/"},"wordCount":520,"publisher":{"@id":"https:\/\/dorogimedence.hu\/#organization"},"image":{"@id":"https:\/\/dorogimedence.hu\/index.php\/2023\/09\/29\/legordult-az-esztergomi-gyartosorrol-az-otszazezredik-suzuki-s-cross\/#primaryimage"},"thumbnailUrl":"https:\/\/dorogimedence.hu\/wp-content\/uploads\/2023\/09\/scross.jpg","keywords":["esztergom","Magyar Suzuki","S-Cross","Suzuki"],"articleSection":["Esztergom","H\u00edrek"],"inLanguage":"hu"},{"@type":"WebPage","@id":"https:\/\/dorogimedence.hu\/index.php\/2023\/09\/29\/legordult-az-esztergomi-gyartosorrol-az-otszazezredik-suzuki-s-cross\/","url":"https:\/\/dorogimedence.hu\/index.php\/2023\/09\/29\/legordult-az-esztergomi-gyartosorrol-az-otszazezredik-suzuki-s-cross\/","name":"Leg\u00f6rd\u00fclt az esztergomi gy\u00e1rt\u00f3sorr\u00f3l az \u00f6tsz\u00e1zezredik Suzuki S-CROSS","isPartOf":{"@id":"https:\/\/dorogimedence.hu\/#website"},"primaryImageOfPage":{"@id":"https:\/\/dorogimedence.hu\/index.php\/2023\/09\/29\/legordult-az-esztergomi-gyartosorrol-az-otszazezredik-suzuki-s-cross\/#primaryimage"},"image":{"@id":"https:\/\/dorogimedence.hu\/index.php\/2023\/09\/29\/legordult-az-esztergomi-gyartosorrol-az-otszazezredik-suzuki-s-cross\/#primaryimage"},"thumbnailUrl":"https:\/\/dorogimedence.hu\/wp-content\/uploads\/2023\/09\/scross.jpg","datePublished":"2023-09-29T10:12:41+00:00","breadcrumb":{"@id":"https:\/\/dorogimedence.hu\/index.php\/2023\/09\/29\/legordult-az-esztergomi-gyartosorrol-az-otszazezredik-suzuki-s-cross\/#breadcrumb"},"inLanguage":"hu","potentialAction":[{"@type":"ReadAction","target":["https:\/\/dorogimedence.hu\/index.php\/2023\/09\/29\/legordult-az-esztergomi-gyartosorrol-az-otszazezredik-suzuki-s-cross\/"]}]},{"@type":"ImageObject","inLanguage":"hu","@id":"https:\/\/dorogimedence.hu\/index.php\/2023\/09\/29\/legordult-az-esztergomi-gyartosorrol-az-otszazezredik-suzuki-s-cross\/#primaryimage","url":"https:\/\/dorogimedence.hu\/wp-content\/uploads\/2023\/09\/scross.jpg","contentUrl":"https:\/\/dorogimedence.hu\/wp-content\/uploads\/2023\/09\/scross.jpg","width":1920,"height":970},{"@type":"BreadcrumbList","@id":"https:\/\/dorogimedence.hu\/index.php\/2023\/09\/29\/legordult-az-esztergomi-gyartosorrol-az-otszazezredik-suzuki-s-cross\/#breadcrumb","itemListElement":[{"@type":"ListItem","position":1,"name":"Kezd\u0151lap","item":"https:\/\/dorogimedence.hu\/"},{"@type":"ListItem","position":2,"name":"Leg\u00f6rd\u00fclt az esztergomi gy\u00e1rt\u00f3sorr\u00f3l az \u00f6tsz\u00e1zezredik Suzuki S-CROSS"}]},{"@type":"WebSite","@id":"https:\/\/dorogimedence.hu\/#website","url":"https:\/\/dorogimedence.hu\/","name":"Dorogi-medence Region\u00e1lis H\u00edrport\u00e1l","description":"Dorog, Keszt\u00f6lc, Le\u00e1nyv\u00e1r, Piliscs\u00e9v, Tokod, Tokodalt\u00e1r\u00f3, Csolnok, Esztergom-kertv\u00e1ros: h\u00edrek, programok","publisher":{"@id":"https:\/\/dorogimedence.hu\/#organization"},"potentialAction":[{"@type":"SearchAction","target":{"@type":"EntryPoint","urlTemplate":"https:\/\/dorogimedence.hu\/?s={search_term_string}"},"query-input":{"@type":"PropertyValueSpecification","valueRequired":true,"valueName":"search_term_string"}}],"inLanguage":"hu"},{"@type":"Organization","@id":"https:\/\/dorogimedence.hu\/#organization","name":"Dorogi-medence Region\u00e1lis H\u00edrport\u00e1l","url":"https:\/\/dorogimedence.hu\/","logo":{"@type":"ImageObject","inLanguage":"hu","@id":"https:\/\/dorogimedence.hu\/#\/schema\/logo\/image\/","url":"https:\/\/dorogimedence.hu\/wp-content\/uploads\/2021\/04\/logo-feher-600.png","contentUrl":"https:\/\/dorogimedence.hu\/wp-content\/uploads\/2021\/04\/logo-feher-600.png","width":600,"height":100,"caption":"Dorogi-medence Region\u00e1lis H\u00edrport\u00e1l"},"image":{"@id":"https:\/\/dorogimedence.hu\/#\/schema\/logo\/image\/"},"sameAs":["https:\/\/www.facebook.com\/dorogimedence\/"]},{"@type":"Person","@id":"https:\/\/dorogimedence.hu\/#\/schema\/person\/ce6091eeb7e95ecdc87890d6aa8e0fd4","name":"dorogimedence.hu","image":{"@type":"ImageObject","inLanguage":"hu","@id":"\/\/www.gravatar.com\/avatar\/d8d45f8901aadff40a4af72c0b826f1d?s=96&#038;r=g&#038;d=mm","url":"\/\/www.gravatar.com\/avatar\/d8d45f8901aadff40a4af72c0b826f1d?s=96&#038;r=g&#038;d=mm","contentUrl":"\/\/www.gravatar.com\/avatar\/d8d45f8901aadff40a4af72c0b826f1d?s=96&#038;r=g&#038;d=mm","caption":"dorogimedence.hu"}}]}},"_links":{"self":[{"href":"https:\/\/dorogimedence.hu\/index.php\/wp-json\/wp\/v2\/posts\/56701","targetHints":{"allow":["GET"]}}],"collection":[{"href":"https:\/\/dorogimedence.hu\/index.php\/wp-json\/wp\/v2\/posts"}],"about":[{"href":"https:\/\/dorogimedence.hu\/index.php\/wp-json\/wp\/v2\/types\/post"}],"author":[{"embeddable":true,"href":"https:\/\/dorogimedence.hu\/index.php\/wp-json\/wp\/v2\/users\/1"}],"replies":[{"embeddable":true,"href":"https:\/\/dorogimedence.hu\/index.php\/wp-json\/wp\/v2\/comments?post=56701"}],"version-history":[{"count":0,"href":"https:\/\/dorogimedence.hu\/index.php\/wp-json\/wp\/v2\/posts\/56701\/revisions"}],"wp:featuredmedia":[{"embeddable":true,"href":"https:\/\/dorogimedence.hu\/index.php\/wp-json\/wp\/v2\/media\/56702"}],"wp:attachment":[{"href":"https:\/\/dorogimedence.hu\/index.php\/wp-json\/wp\/v2\/media?parent=56701"}],"wp:term":[{"taxonomy":"category","embeddable":true,"href":"https:\/\/dorogimedence.hu\/index.php\/wp-json\/wp\/v2\/categories?post=56701"},{"taxonomy":"post_tag","embeddable":true,"href":"https:\/\/dorogimedence.hu\/index.php\/wp-json\/wp\/v2\/tags?post=56701"}],"curies":[{"name":"wp","href":"https:\/\/api.w.org\/{rel}","templated":true}]}}