{"id":56678,"date":"2023-09-28T15:51:50","date_gmt":"2023-09-28T13:51:50","guid":{"rendered":"https:\/\/dorogimedence.hu\/?p=56678"},"modified":"2023-09-28T15:51:50","modified_gmt":"2023-09-28T13:51:50","slug":"95-eve-szuletett-a-haromszoros-magyar-bajnok-jatekos-palicsko-tibor","status":"publish","type":"post","link":"https:\/\/dorogimedence.hu\/index.php\/2023\/09\/28\/95-eve-szuletett-a-haromszoros-magyar-bajnok-jatekos-palicsko-tibor\/","title":{"rendered":"95 \u00e9ve sz\u00fcletett a h\u00e1romszoros magyar bajnok j\u00e1t\u00e9kos, Palicsk\u00f3 Tibor"},"content":{"rendered":"<p><strong>Palicsk\u00f3 Tibor j\u00e1t\u00e9kosk\u00e9nt h\u00e1romszor nyert magyar bajnoks\u00e1got, edz\u0151k\u00e9nt pedig h\u00e1romszor v\u00e9gzett dobog\u00f3n a Doroggal az NB III-ban<\/strong> <em>&#8211; \u00edrta a <a href=\"https:\/\/puskasintezet.hu\/hir\/Palicsko-Tibor-95\" target=\"_blank\" rel=\"noopener\"><span style=\"text-decoration: underline; color: #0000ff;\">Pusk\u00e1s Int\u00e9zet<\/span><\/a>.<\/em><\/p>\n<p>Palicsk\u00f3 Tibor 1928. szeptember 28-\u00e1n S\u00e1rospatakon j\u00f6tt a vil\u00e1gra. Itt kezdte a p\u00e1lyafut\u00e1s\u00e1t, s m\u00e1r 14 \u00e9vesen a feln\u0151ttcsapatban j\u00e1tszott. A k\u00f6z\u00e9piskolai tanulm\u00e1nyai miatt S\u00e1toralja\u00fajhelyre ker\u00fclt, majd innen igazolt 1948-ban Di\u00f3sgy\u0151rbe. \u00d6t szezon ut\u00e1n a Budapesti Honv\u00e9dhoz igazolt.<\/p>\n<p>A kispestiekn\u00e9l, Bozsik J\u00f3zsef \u00e9s Pusk\u00e1s Ferenc csapatt\u00e1rsak\u00e9nt k\u00e9tszer nyert bajnoks\u00e1got \u00e9s egyszer volt ez\u00fcst\u00e9rmes. Az 1954-es els\u0151s\u00e9gn\u00e9l 15 bajnokin, az 1955-\u00f6s arany\u00e9remn\u00e9l pedig 21 NB I-es m\u00e9rk\u0151z\u00e9sen j\u00e1tszott. 1957-ben a Honv\u00e9dt\u00f3l az MTK-hoz szerz\u0151d\u00f6tt, s r\u00f6gt\u00f6n az els\u0151 szezonj\u00e1ban megnyerte a bajnoks\u00e1got a g\u00e1rd\u00e1val. Az 1957\u20131958-as id\u00e9nyben 22 alkalommal l\u00e9pett p\u00e1ly\u00e1ra a bajnoks\u00e1gban. Palicsk\u00f3 a klub j\u00e1t\u00e9kosak\u00e9nt a bajnoki c\u00edm mellett k\u00e9t ez\u00fcst\u00e9remmel \u00e9s egy bronz\u00e9remmel b\u00fcszk\u00e9lkedhet, valamint 1963-ban K\u00f6z\u00e9p-eur\u00f3pai Kupa-gy\u0151zelmet \u00fcnnepelhetett. Az MTK-t \u2013 a r\u00f6vid duna\u00fajv\u00e1rosi kit\u00e9r\u0151t lesz\u00e1m\u00edtva \u2013 1963-as visszavonul\u00e1s\u00e1ig er\u0151s\u00edtette. 1954-ben a vil\u00e1gbajnoks\u00e1g el\u0151tt r\u00e9szt vett a magyar v\u00e1logatott egyiptomi t\u00far\u00e1j\u00e1n, ahol k\u00e9tszer p\u00e1ly\u00e1ra nem hivatalos m\u00e9rk\u0151z\u00e9sen a nemzeti csapatban. Az egyik edz\u00e9sen azonban v\u00e9letlen\u00fcl ler\u00fagta Pusk\u00e1s Ferencet. Az Aranycsapat klasszisa \u00e1ll\u00edtotta, hogy a csapatt\u00e1rsa nem tehet az esetr\u0151l, de b\u00fcntet\u00e9sb\u0151l Palicsk\u00f3 Tibor nem szerepelhetett a sv\u00e1jci vil\u00e1gbajnoks\u00e1gra.<\/p>\n<p>J\u00e1t\u00e9kos-p\u00e1lyafut\u00e1sa befejez\u00e9s\u00e9t k\u00f6vet\u0151en edz\u0151k\u00e9nt dolgozott az MTK-n\u00e1l, Duna\u00fajv\u00e1rosban, Di\u00f3sgy\u0151rben, Dorogon, Gy\u0151rben, Szombathelyen, V\u00e1con \u00e9s Zalaegerszegen. \u00d6sszesen 356 NB I-es m\u00e9rk\u0151z\u00e9sen \u00fclt a kispadon, legnagyobb sikereit m\u00e9gis a m\u00e1sodoszt\u00e1lyban \u00e9rte el. A Szombathelyi Halad\u00e1ssal az 1972\u20131973-as \u00e9s az 1981\u20131982-es szezonban m\u00e1sodoszt\u00e1ly bajnokak\u00e9nt jutott fel az NB I-be. A Duna\u00fajv\u00e1rosi Koh\u00e1sz tr\u00e9nerek\u00e9nt pedig az 1975\u20131976-os \u00e9vadban nyerte meg az NB II-t, s ker\u00fclt fel az \u00e9lvonalba. Edz\u0151i karrierje utols\u00f3 \u00e1llom\u00e1shely\u00e9n, kor\u00e1bbi csapat\u00e1val a Di\u00f3sgy\u0151ri VTK-val oszt\u00e1lyoz\u00f3n harcolta ki az NB I-es tags\u00e1got 1991-ben. Ezenk\u00edv\u00fcl a Dorogi B\u00e1ny\u00e1sszal h\u00e1romszor v\u00e9gzett dobog\u00f3n a harmadoszt\u00e1lyban.<\/p>\n<p>Palicsk\u00f3 Tibor 2001. augusztus 8-\u00e1n hunyt el 72 \u00e9vesen. Fia, ifjabb Palicsk\u00f3 Tibor szint\u00e9n \u00e9lvonalbeli j\u00e1t\u00e9kos volt.<\/p>\n<p><em>Bor\u00edt\u00f3k\u00e9p, forr\u00e1s: puskasintezet.hu<\/em><\/p>\n","protected":false},"excerpt":{"rendered":"<p>Palicsk\u00f3 Tibor j\u00e1t\u00e9kosk\u00e9nt h\u00e1romszor nyert magyar bajnoks\u00e1got, edz\u0151k\u00e9nt pedig h\u00e1romszor v\u00e9gzett dobog\u00f3n a Doroggal az NB III-ban &#8211; \u00edrta a Pusk\u00e1s Int\u00e9zet. Palicsk\u00f3 Tibor 1928. szeptember 28-\u00e1n S\u00e1rospatakon j\u00f6tt a vil\u00e1gra. Itt kezdte a p\u00e1lyafut\u00e1s\u00e1t, s m\u00e1r 14 \u00e9vesen a feln\u0151ttcsapatban j\u00e1tszott. A k\u00f6z\u00e9piskolai tanulm\u00e1nyai miatt S\u00e1toralja\u00fajhelyre ker\u00fclt, majd innen igazolt 1948-ban Di\u00f3sgy\u0151rbe. \u00d6t szezon<\/p>\n","protected":false},"author":1,"featured_media":56679,"comment_status":"closed","ping_status":"closed","sticky":false,"template":"","format":"standard","meta":{"ngg_post_thumbnail":0,"footnotes":""},"categories":[2,3,6031,5],"tags":[15,5006,37,70,69,72,16],"class_list":{"0":"post-56678","1":"post","2":"type-post","3":"status-publish","4":"format-standard","5":"has-post-thumbnail","7":"category-dorog","8":"category-hirek","9":"category-kerek-evfordulok","10":"category-sport","11":"tag-dorog","12":"tag-dorogi-banyasz","13":"tag-dorogi-fc","14":"tag-foci","15":"tag-futball","16":"tag-labdarugas","17":"tag-sport"},"yoast_head":"<!-- This site is optimized with the Yoast SEO plugin v27.5 - https:\/\/yoast.com\/product\/yoast-seo-wordpress\/ -->\n<title>95 \u00e9ve sz\u00fcletett a h\u00e1romszoros magyar bajnok j\u00e1t\u00e9kos, Palicsk\u00f3 Tibor<\/title>\n<meta name=\"robots\" content=\"index, follow, max-snippet:-1, max-image-preview:large, max-video-preview:-1\" \/>\n<link rel=\"canonical\" href=\"https:\/\/dorogimedence.hu\/index.php\/2023\/09\/28\/95-eve-szuletett-a-haromszoros-magyar-bajnok-jatekos-palicsko-tibor\/\" class=\"yoast-seo-meta-tag\" \/>\n<meta property=\"og:locale\" content=\"hu_HU\" class=\"yoast-seo-meta-tag\" \/>\n<meta property=\"og:type\" content=\"article\" class=\"yoast-seo-meta-tag\" \/>\n<meta property=\"og:title\" content=\"95 \u00e9ve sz\u00fcletett a h\u00e1romszoros magyar bajnok j\u00e1t\u00e9kos, Palicsk\u00f3 Tibor\" class=\"yoast-seo-meta-tag\" \/>\n<meta property=\"og:description\" content=\"Palicsk\u00f3 Tibor j\u00e1t\u00e9kosk\u00e9nt h\u00e1romszor nyert magyar bajnoks\u00e1got, edz\u0151k\u00e9nt pedig h\u00e1romszor v\u00e9gzett dobog\u00f3n a Doroggal az NB III-ban &#8211; \u00edrta a Pusk\u00e1s Int\u00e9zet. Palicsk\u00f3 Tibor 1928. szeptember 28-\u00e1n S\u00e1rospatakon j\u00f6tt a vil\u00e1gra. Itt kezdte a p\u00e1lyafut\u00e1s\u00e1t, s m\u00e1r 14 \u00e9vesen a feln\u0151ttcsapatban j\u00e1tszott. A k\u00f6z\u00e9piskolai tanulm\u00e1nyai miatt S\u00e1toralja\u00fajhelyre ker\u00fclt, majd innen igazolt 1948-ban Di\u00f3sgy\u0151rbe. \u00d6t szezon\" class=\"yoast-seo-meta-tag\" \/>\n<meta property=\"og:url\" content=\"https:\/\/dorogimedence.hu\/index.php\/2023\/09\/28\/95-eve-szuletett-a-haromszoros-magyar-bajnok-jatekos-palicsko-tibor\/\" class=\"yoast-seo-meta-tag\" \/>\n<meta property=\"og:site_name\" content=\"Dorogi-medence Region\u00e1lis H\u00edrport\u00e1l\" class=\"yoast-seo-meta-tag\" \/>\n<meta property=\"article:publisher\" content=\"https:\/\/www.facebook.com\/dorogimedence\/\" class=\"yoast-seo-meta-tag\" \/>\n<meta property=\"article:published_time\" content=\"2023-09-28T13:51:50+00:00\" class=\"yoast-seo-meta-tag\" \/>\n<meta property=\"og:image\" content=\"https:\/\/dorogimedence.hu\/wp-content\/uploads\/2023\/09\/palicsko.jpg\" class=\"yoast-seo-meta-tag\" \/>\n\t<meta property=\"og:image:width\" content=\"1920\" class=\"yoast-seo-meta-tag\" \/>\n\t<meta property=\"og:image:height\" content=\"970\" class=\"yoast-seo-meta-tag\" \/>\n\t<meta property=\"og:image:type\" content=\"image\/jpeg\" class=\"yoast-seo-meta-tag\" \/>\n<meta name=\"author\" content=\"dorogimedence.hu\" class=\"yoast-seo-meta-tag\" \/>\n<meta name=\"twitter:card\" content=\"summary_large_image\" class=\"yoast-seo-meta-tag\" \/>\n<meta name=\"twitter:label1\" content=\"Szerz\u0151:\" class=\"yoast-seo-meta-tag\" \/>\n\t<meta name=\"twitter:data1\" content=\"dorogimedence.hu\" class=\"yoast-seo-meta-tag\" \/>\n\t<meta name=\"twitter:label2\" content=\"Becs\u00fclt olvas\u00e1si id\u0151\" class=\"yoast-seo-meta-tag\" \/>\n\t<meta name=\"twitter:data2\" content=\"2 perc\" class=\"yoast-seo-meta-tag\" \/>\n<script type=\"application\/ld+json\" class=\"yoast-schema-graph\">{\"@context\":\"https:\\\/\\\/schema.org\",\"@graph\":[{\"@type\":\"Article\",\"@id\":\"https:\\\/\\\/dorogimedence.hu\\\/index.php\\\/2023\\\/09\\\/28\\\/95-eve-szuletett-a-haromszoros-magyar-bajnok-jatekos-palicsko-tibor\\\/#article\",\"isPartOf\":{\"@id\":\"https:\\\/\\\/dorogimedence.hu\\\/index.php\\\/2023\\\/09\\\/28\\\/95-eve-szuletett-a-haromszoros-magyar-bajnok-jatekos-palicsko-tibor\\\/\"},\"author\":{\"name\":\"dorogimedence.hu\",\"@id\":\"https:\\\/\\\/dorogimedence.hu\\\/#\\\/schema\\\/person\\\/ce6091eeb7e95ecdc87890d6aa8e0fd4\"},\"headline\":\"95 \u00e9ve sz\u00fcletett a h\u00e1romszoros magyar bajnok j\u00e1t\u00e9kos, Palicsk\u00f3 Tibor\",\"datePublished\":\"2023-09-28T13:51:50+00:00\",\"mainEntityOfPage\":{\"@id\":\"https:\\\/\\\/dorogimedence.hu\\\/index.php\\\/2023\\\/09\\\/28\\\/95-eve-szuletett-a-haromszoros-magyar-bajnok-jatekos-palicsko-tibor\\\/\"},\"wordCount\":485,\"publisher\":{\"@id\":\"https:\\\/\\\/dorogimedence.hu\\\/#organization\"},\"image\":{\"@id\":\"https:\\\/\\\/dorogimedence.hu\\\/index.php\\\/2023\\\/09\\\/28\\\/95-eve-szuletett-a-haromszoros-magyar-bajnok-jatekos-palicsko-tibor\\\/#primaryimage\"},\"thumbnailUrl\":\"https:\\\/\\\/dorogimedence.hu\\\/wp-content\\\/uploads\\\/2023\\\/09\\\/palicsko.jpg\",\"keywords\":[\"Dorog\",\"Dorogi B\u00e1ny\u00e1sz\",\"Dorogi FC\",\"foci\",\"futball\",\"labdar\u00fag\u00e1s\",\"sport\"],\"articleSection\":[\"Dorog\",\"H\u00edrek\",\"Kerek \u00e9vfordul\u00f3k\",\"Sport\"],\"inLanguage\":\"hu\"},{\"@type\":\"WebPage\",\"@id\":\"https:\\\/\\\/dorogimedence.hu\\\/index.php\\\/2023\\\/09\\\/28\\\/95-eve-szuletett-a-haromszoros-magyar-bajnok-jatekos-palicsko-tibor\\\/\",\"url\":\"https:\\\/\\\/dorogimedence.hu\\\/index.php\\\/2023\\\/09\\\/28\\\/95-eve-szuletett-a-haromszoros-magyar-bajnok-jatekos-palicsko-tibor\\\/\",\"name\":\"95 \u00e9ve sz\u00fcletett a h\u00e1romszoros magyar bajnok j\u00e1t\u00e9kos, Palicsk\u00f3 Tibor\",\"isPartOf\":{\"@id\":\"https:\\\/\\\/dorogimedence.hu\\\/#website\"},\"primaryImageOfPage\":{\"@id\":\"https:\\\/\\\/dorogimedence.hu\\\/index.php\\\/2023\\\/09\\\/28\\\/95-eve-szuletett-a-haromszoros-magyar-bajnok-jatekos-palicsko-tibor\\\/#primaryimage\"},\"image\":{\"@id\":\"https:\\\/\\\/dorogimedence.hu\\\/index.php\\\/2023\\\/09\\\/28\\\/95-eve-szuletett-a-haromszoros-magyar-bajnok-jatekos-palicsko-tibor\\\/#primaryimage\"},\"thumbnailUrl\":\"https:\\\/\\\/dorogimedence.hu\\\/wp-content\\\/uploads\\\/2023\\\/09\\\/palicsko.jpg\",\"datePublished\":\"2023-09-28T13:51:50+00:00\",\"breadcrumb\":{\"@id\":\"https:\\\/\\\/dorogimedence.hu\\\/index.php\\\/2023\\\/09\\\/28\\\/95-eve-szuletett-a-haromszoros-magyar-bajnok-jatekos-palicsko-tibor\\\/#breadcrumb\"},\"inLanguage\":\"hu\",\"potentialAction\":[{\"@type\":\"ReadAction\",\"target\":[\"https:\\\/\\\/dorogimedence.hu\\\/index.php\\\/2023\\\/09\\\/28\\\/95-eve-szuletett-a-haromszoros-magyar-bajnok-jatekos-palicsko-tibor\\\/\"]}]},{\"@type\":\"ImageObject\",\"inLanguage\":\"hu\",\"@id\":\"https:\\\/\\\/dorogimedence.hu\\\/index.php\\\/2023\\\/09\\\/28\\\/95-eve-szuletett-a-haromszoros-magyar-bajnok-jatekos-palicsko-tibor\\\/#primaryimage\",\"url\":\"https:\\\/\\\/dorogimedence.hu\\\/wp-content\\\/uploads\\\/2023\\\/09\\\/palicsko.jpg\",\"contentUrl\":\"https:\\\/\\\/dorogimedence.hu\\\/wp-content\\\/uploads\\\/2023\\\/09\\\/palicsko.jpg\",\"width\":1920,\"height\":970},{\"@type\":\"BreadcrumbList\",\"@id\":\"https:\\\/\\\/dorogimedence.hu\\\/index.php\\\/2023\\\/09\\\/28\\\/95-eve-szuletett-a-haromszoros-magyar-bajnok-jatekos-palicsko-tibor\\\/#breadcrumb\",\"itemListElement\":[{\"@type\":\"ListItem\",\"position\":1,\"name\":\"Kezd\u0151lap\",\"item\":\"https:\\\/\\\/dorogimedence.hu\\\/\"},{\"@type\":\"ListItem\",\"position\":2,\"name\":\"95 \u00e9ve sz\u00fcletett a h\u00e1romszoros magyar bajnok j\u00e1t\u00e9kos, Palicsk\u00f3 Tibor\"}]},{\"@type\":\"WebSite\",\"@id\":\"https:\\\/\\\/dorogimedence.hu\\\/#website\",\"url\":\"https:\\\/\\\/dorogimedence.hu\\\/\",\"name\":\"Dorogi-medence Region\u00e1lis H\u00edrport\u00e1l\",\"description\":\"Dorog, Keszt\u00f6lc, Le\u00e1nyv\u00e1r, Piliscs\u00e9v, Tokod, Tokodalt\u00e1r\u00f3, Csolnok, Esztergom-kertv\u00e1ros: h\u00edrek, programok\",\"publisher\":{\"@id\":\"https:\\\/\\\/dorogimedence.hu\\\/#organization\"},\"potentialAction\":[{\"@type\":\"SearchAction\",\"target\":{\"@type\":\"EntryPoint\",\"urlTemplate\":\"https:\\\/\\\/dorogimedence.hu\\\/?s={search_term_string}\"},\"query-input\":{\"@type\":\"PropertyValueSpecification\",\"valueRequired\":true,\"valueName\":\"search_term_string\"}}],\"inLanguage\":\"hu\"},{\"@type\":\"Organization\",\"@id\":\"https:\\\/\\\/dorogimedence.hu\\\/#organization\",\"name\":\"Dorogi-medence Region\u00e1lis H\u00edrport\u00e1l\",\"url\":\"https:\\\/\\\/dorogimedence.hu\\\/\",\"logo\":{\"@type\":\"ImageObject\",\"inLanguage\":\"hu\",\"@id\":\"https:\\\/\\\/dorogimedence.hu\\\/#\\\/schema\\\/logo\\\/image\\\/\",\"url\":\"https:\\\/\\\/dorogimedence.hu\\\/wp-content\\\/uploads\\\/2021\\\/04\\\/logo-feher-600.png\",\"contentUrl\":\"https:\\\/\\\/dorogimedence.hu\\\/wp-content\\\/uploads\\\/2021\\\/04\\\/logo-feher-600.png\",\"width\":600,\"height\":100,\"caption\":\"Dorogi-medence Region\u00e1lis H\u00edrport\u00e1l\"},\"image\":{\"@id\":\"https:\\\/\\\/dorogimedence.hu\\\/#\\\/schema\\\/logo\\\/image\\\/\"},\"sameAs\":[\"https:\\\/\\\/www.facebook.com\\\/dorogimedence\\\/\"]},{\"@type\":\"Person\",\"@id\":\"https:\\\/\\\/dorogimedence.hu\\\/#\\\/schema\\\/person\\\/ce6091eeb7e95ecdc87890d6aa8e0fd4\",\"name\":\"dorogimedence.hu\",\"image\":{\"@type\":\"ImageObject\",\"inLanguage\":\"hu\",\"@id\":\"\\\/\\\/www.gravatar.com\\\/avatar\\\/d8d45f8901aadff40a4af72c0b826f1d?s=96&#038;r=g&#038;d=mm\",\"url\":\"\\\/\\\/www.gravatar.com\\\/avatar\\\/d8d45f8901aadff40a4af72c0b826f1d?s=96&#038;r=g&#038;d=mm\",\"contentUrl\":\"\\\/\\\/www.gravatar.com\\\/avatar\\\/d8d45f8901aadff40a4af72c0b826f1d?s=96&#038;r=g&#038;d=mm\",\"caption\":\"dorogimedence.hu\"}}]}<\/script>\n<!-- \/ Yoast SEO plugin. -->","yoast_head_json":{"title":"95 \u00e9ve sz\u00fcletett a h\u00e1romszoros magyar bajnok j\u00e1t\u00e9kos, Palicsk\u00f3 Tibor","robots":{"index":"index","follow":"follow","max-snippet":"max-snippet:-1","max-image-preview":"max-image-preview:large","max-video-preview":"max-video-preview:-1"},"canonical":"https:\/\/dorogimedence.hu\/index.php\/2023\/09\/28\/95-eve-szuletett-a-haromszoros-magyar-bajnok-jatekos-palicsko-tibor\/","og_locale":"hu_HU","og_type":"article","og_title":"95 \u00e9ve sz\u00fcletett a h\u00e1romszoros magyar bajnok j\u00e1t\u00e9kos, Palicsk\u00f3 Tibor","og_description":"Palicsk\u00f3 Tibor j\u00e1t\u00e9kosk\u00e9nt h\u00e1romszor nyert magyar bajnoks\u00e1got, edz\u0151k\u00e9nt pedig h\u00e1romszor v\u00e9gzett dobog\u00f3n a Doroggal az NB III-ban &#8211; \u00edrta a Pusk\u00e1s Int\u00e9zet. Palicsk\u00f3 Tibor 1928. szeptember 28-\u00e1n S\u00e1rospatakon j\u00f6tt a vil\u00e1gra. Itt kezdte a p\u00e1lyafut\u00e1s\u00e1t, s m\u00e1r 14 \u00e9vesen a feln\u0151ttcsapatban j\u00e1tszott. A k\u00f6z\u00e9piskolai tanulm\u00e1nyai miatt S\u00e1toralja\u00fajhelyre ker\u00fclt, majd innen igazolt 1948-ban Di\u00f3sgy\u0151rbe. \u00d6t szezon","og_url":"https:\/\/dorogimedence.hu\/index.php\/2023\/09\/28\/95-eve-szuletett-a-haromszoros-magyar-bajnok-jatekos-palicsko-tibor\/","og_site_name":"Dorogi-medence Region\u00e1lis H\u00edrport\u00e1l","article_publisher":"https:\/\/www.facebook.com\/dorogimedence\/","article_published_time":"2023-09-28T13:51:50+00:00","og_image":[{"width":1920,"height":970,"url":"https:\/\/dorogimedence.hu\/wp-content\/uploads\/2023\/09\/palicsko.jpg","type":"image\/jpeg"}],"author":"dorogimedence.hu","twitter_card":"summary_large_image","twitter_misc":{"Szerz\u0151:":"dorogimedence.hu","Becs\u00fclt olvas\u00e1si id\u0151":"2 perc"},"schema":{"@context":"https:\/\/schema.org","@graph":[{"@type":"Article","@id":"https:\/\/dorogimedence.hu\/index.php\/2023\/09\/28\/95-eve-szuletett-a-haromszoros-magyar-bajnok-jatekos-palicsko-tibor\/#article","isPartOf":{"@id":"https:\/\/dorogimedence.hu\/index.php\/2023\/09\/28\/95-eve-szuletett-a-haromszoros-magyar-bajnok-jatekos-palicsko-tibor\/"},"author":{"name":"dorogimedence.hu","@id":"https:\/\/dorogimedence.hu\/#\/schema\/person\/ce6091eeb7e95ecdc87890d6aa8e0fd4"},"headline":"95 \u00e9ve sz\u00fcletett a h\u00e1romszoros magyar bajnok j\u00e1t\u00e9kos, Palicsk\u00f3 Tibor","datePublished":"2023-09-28T13:51:50+00:00","mainEntityOfPage":{"@id":"https:\/\/dorogimedence.hu\/index.php\/2023\/09\/28\/95-eve-szuletett-a-haromszoros-magyar-bajnok-jatekos-palicsko-tibor\/"},"wordCount":485,"publisher":{"@id":"https:\/\/dorogimedence.hu\/#organization"},"image":{"@id":"https:\/\/dorogimedence.hu\/index.php\/2023\/09\/28\/95-eve-szuletett-a-haromszoros-magyar-bajnok-jatekos-palicsko-tibor\/#primaryimage"},"thumbnailUrl":"https:\/\/dorogimedence.hu\/wp-content\/uploads\/2023\/09\/palicsko.jpg","keywords":["Dorog","Dorogi B\u00e1ny\u00e1sz","Dorogi FC","foci","futball","labdar\u00fag\u00e1s","sport"],"articleSection":["Dorog","H\u00edrek","Kerek \u00e9vfordul\u00f3k","Sport"],"inLanguage":"hu"},{"@type":"WebPage","@id":"https:\/\/dorogimedence.hu\/index.php\/2023\/09\/28\/95-eve-szuletett-a-haromszoros-magyar-bajnok-jatekos-palicsko-tibor\/","url":"https:\/\/dorogimedence.hu\/index.php\/2023\/09\/28\/95-eve-szuletett-a-haromszoros-magyar-bajnok-jatekos-palicsko-tibor\/","name":"95 \u00e9ve sz\u00fcletett a h\u00e1romszoros magyar bajnok j\u00e1t\u00e9kos, Palicsk\u00f3 Tibor","isPartOf":{"@id":"https:\/\/dorogimedence.hu\/#website"},"primaryImageOfPage":{"@id":"https:\/\/dorogimedence.hu\/index.php\/2023\/09\/28\/95-eve-szuletett-a-haromszoros-magyar-bajnok-jatekos-palicsko-tibor\/#primaryimage"},"image":{"@id":"https:\/\/dorogimedence.hu\/index.php\/2023\/09\/28\/95-eve-szuletett-a-haromszoros-magyar-bajnok-jatekos-palicsko-tibor\/#primaryimage"},"thumbnailUrl":"https:\/\/dorogimedence.hu\/wp-content\/uploads\/2023\/09\/palicsko.jpg","datePublished":"2023-09-28T13:51:50+00:00","breadcrumb":{"@id":"https:\/\/dorogimedence.hu\/index.php\/2023\/09\/28\/95-eve-szuletett-a-haromszoros-magyar-bajnok-jatekos-palicsko-tibor\/#breadcrumb"},"inLanguage":"hu","potentialAction":[{"@type":"ReadAction","target":["https:\/\/dorogimedence.hu\/index.php\/2023\/09\/28\/95-eve-szuletett-a-haromszoros-magyar-bajnok-jatekos-palicsko-tibor\/"]}]},{"@type":"ImageObject","inLanguage":"hu","@id":"https:\/\/dorogimedence.hu\/index.php\/2023\/09\/28\/95-eve-szuletett-a-haromszoros-magyar-bajnok-jatekos-palicsko-tibor\/#primaryimage","url":"https:\/\/dorogimedence.hu\/wp-content\/uploads\/2023\/09\/palicsko.jpg","contentUrl":"https:\/\/dorogimedence.hu\/wp-content\/uploads\/2023\/09\/palicsko.jpg","width":1920,"height":970},{"@type":"BreadcrumbList","@id":"https:\/\/dorogimedence.hu\/index.php\/2023\/09\/28\/95-eve-szuletett-a-haromszoros-magyar-bajnok-jatekos-palicsko-tibor\/#breadcrumb","itemListElement":[{"@type":"ListItem","position":1,"name":"Kezd\u0151lap","item":"https:\/\/dorogimedence.hu\/"},{"@type":"ListItem","position":2,"name":"95 \u00e9ve sz\u00fcletett a h\u00e1romszoros magyar bajnok j\u00e1t\u00e9kos, Palicsk\u00f3 Tibor"}]},{"@type":"WebSite","@id":"https:\/\/dorogimedence.hu\/#website","url":"https:\/\/dorogimedence.hu\/","name":"Dorogi-medence Region\u00e1lis H\u00edrport\u00e1l","description":"Dorog, Keszt\u00f6lc, Le\u00e1nyv\u00e1r, Piliscs\u00e9v, Tokod, Tokodalt\u00e1r\u00f3, Csolnok, Esztergom-kertv\u00e1ros: h\u00edrek, programok","publisher":{"@id":"https:\/\/dorogimedence.hu\/#organization"},"potentialAction":[{"@type":"SearchAction","target":{"@type":"EntryPoint","urlTemplate":"https:\/\/dorogimedence.hu\/?s={search_term_string}"},"query-input":{"@type":"PropertyValueSpecification","valueRequired":true,"valueName":"search_term_string"}}],"inLanguage":"hu"},{"@type":"Organization","@id":"https:\/\/dorogimedence.hu\/#organization","name":"Dorogi-medence Region\u00e1lis H\u00edrport\u00e1l","url":"https:\/\/dorogimedence.hu\/","logo":{"@type":"ImageObject","inLanguage":"hu","@id":"https:\/\/dorogimedence.hu\/#\/schema\/logo\/image\/","url":"https:\/\/dorogimedence.hu\/wp-content\/uploads\/2021\/04\/logo-feher-600.png","contentUrl":"https:\/\/dorogimedence.hu\/wp-content\/uploads\/2021\/04\/logo-feher-600.png","width":600,"height":100,"caption":"Dorogi-medence Region\u00e1lis H\u00edrport\u00e1l"},"image":{"@id":"https:\/\/dorogimedence.hu\/#\/schema\/logo\/image\/"},"sameAs":["https:\/\/www.facebook.com\/dorogimedence\/"]},{"@type":"Person","@id":"https:\/\/dorogimedence.hu\/#\/schema\/person\/ce6091eeb7e95ecdc87890d6aa8e0fd4","name":"dorogimedence.hu","image":{"@type":"ImageObject","inLanguage":"hu","@id":"\/\/www.gravatar.com\/avatar\/d8d45f8901aadff40a4af72c0b826f1d?s=96&#038;r=g&#038;d=mm","url":"\/\/www.gravatar.com\/avatar\/d8d45f8901aadff40a4af72c0b826f1d?s=96&#038;r=g&#038;d=mm","contentUrl":"\/\/www.gravatar.com\/avatar\/d8d45f8901aadff40a4af72c0b826f1d?s=96&#038;r=g&#038;d=mm","caption":"dorogimedence.hu"}}]}},"_links":{"self":[{"href":"https:\/\/dorogimedence.hu\/index.php\/wp-json\/wp\/v2\/posts\/56678","targetHints":{"allow":["GET"]}}],"collection":[{"href":"https:\/\/dorogimedence.hu\/index.php\/wp-json\/wp\/v2\/posts"}],"about":[{"href":"https:\/\/dorogimedence.hu\/index.php\/wp-json\/wp\/v2\/types\/post"}],"author":[{"embeddable":true,"href":"https:\/\/dorogimedence.hu\/index.php\/wp-json\/wp\/v2\/users\/1"}],"replies":[{"embeddable":true,"href":"https:\/\/dorogimedence.hu\/index.php\/wp-json\/wp\/v2\/comments?post=56678"}],"version-history":[{"count":0,"href":"https:\/\/dorogimedence.hu\/index.php\/wp-json\/wp\/v2\/posts\/56678\/revisions"}],"wp:featuredmedia":[{"embeddable":true,"href":"https:\/\/dorogimedence.hu\/index.php\/wp-json\/wp\/v2\/media\/56679"}],"wp:attachment":[{"href":"https:\/\/dorogimedence.hu\/index.php\/wp-json\/wp\/v2\/media?parent=56678"}],"wp:term":[{"taxonomy":"category","embeddable":true,"href":"https:\/\/dorogimedence.hu\/index.php\/wp-json\/wp\/v2\/categories?post=56678"},{"taxonomy":"post_tag","embeddable":true,"href":"https:\/\/dorogimedence.hu\/index.php\/wp-json\/wp\/v2\/tags?post=56678"}],"curies":[{"name":"wp","href":"https:\/\/api.w.org\/{rel}","templated":true}]}}