{"id":5667,"date":"2017-09-16T10:10:29","date_gmt":"2017-09-16T08:10:29","guid":{"rendered":"http:\/\/dorogimedence.hu\/?p=5667"},"modified":"2017-09-16T10:10:29","modified_gmt":"2017-09-16T08:10:29","slug":"megnyilt-az-ars-sacra-fesztival","status":"publish","type":"post","link":"https:\/\/dorogimedence.hu\/index.php\/2017\/09\/16\/megnyilt-az-ars-sacra-fesztival\/","title":{"rendered":"Megny\u00edlt az Ars Sacra fesztiv\u00e1l"},"content":{"rendered":"<p><strong>Megny\u00edlt az Ars Sacra Fesztiv\u00e1l, a j\u00f6v\u0151 vas\u00e1rnapig tart\u00f3 rendezv\u00e9nysorozat t\u00f6bb mint hatsz\u00e1z ingyenes m\u0171v\u00e9szeti, kultur\u00e1lis programmal v\u00e1rja az \u00e9rdekl\u0151d\u0151ket szerte az orsz\u00e1gban, k\u00f6zt\u00fck Esztergomban is.<\/strong><\/p>\n<p>A fesztiv\u00e1lt Erd\u0151 P\u00e9ter b\u00edboros, pr\u00edm\u00e1s, esztergom-budapesti \u00e9rsek nyitotta meg a Magyar Nemzeti M\u00fazeumban p\u00e9ntek d\u00e9lut\u00e1n.<\/p>\n<p><span id=\"ctl05_lbBody\">Erd\u0151 P\u00e9ter kiemelte: ez a h\u00e9t alkalom arra, hogy &#8222;elgondolkodjunk azon, mit jelent sz\u00e1munkra a szent \u00e9s mit a m\u0171v\u00e9szet&#8221;. <\/span><\/p>\n<p><span id=\"ctl05_lbBody\">\u00dagy fogalmazott: &#8222;a mai eszt\u00e9tikai ir\u00e1nyzatok j\u00f3 r\u00e9sze egyet\u00e9rt abban, hogy a m\u0171v\u00e9szet olyan emberi tev\u00e9kenys\u00e9g, amely szimb\u00f3lumokat alkot. A m\u0171v\u00e9sz pedig &#8211; \u00e9lve szabads\u00e1g\u00e1val -, kreat\u00edv \u00e9s interpret\u00e1l\u00f3 m\u00f3don vari\u00e1lja e szimb\u00f3lumok k\u00f6zti kapcsolatokat&#8221;.<\/span><\/p>\n<p><span id=\"ctl05_lbBody\">Ebben az interpret\u00e1l\u00f3 tev\u00e9kenys\u00e9gben van a mai m\u0171v\u00e9szet fogalm\u00e1nak kapcsolata a szent val\u00f3s\u00e1g\u00e1val, hiszen az ember \u00e9s a vil\u00e1g l\u00e9t\u00e9nek, &#8222;nagy t\u00e9nyeinek \u00e9rtelmez\u00e9se abban \u00e1ll, hogy felt\u00e1rjuk a k\u00f6z\u00f6tt\u00fck l\u00e9v\u0151 viszonyokat&#8221; &#8211; mondta.<\/span><\/p>\n<p><span id=\"ctl05_lbBody\">A harm\u00f3ni\u00e1nak, az alapvet\u0151 \u00f6sszef\u00fcgg\u00e9seknek \u00e9s az \u00e9rtelmess\u00e9gnek a keres\u00e9se \u00f6szt\u00f6nzi az igazi m\u0171v\u00e9szetet, innen a m\u0171v\u00e9sz nyugtalans\u00e1ga &#8211; tette hozz\u00e1 Erd\u0151 P\u00e9ter.<\/span><\/p>\n<p><span id=\"ctl05_lbBody\">Hopp\u00e1l P\u00e9ter kult\u00far\u00e1\u00e9rt felel\u0151s \u00e1llamtitk\u00e1r arr\u00f3l besz\u00e9lt: az igazi \u00e9rt\u00e9k sosem hivalkod\u00f3, mindig van m\u00e9lys\u00e9ge, jelent\u00e9se, m\u00f6g\u00f6ttes tartalma. A t\u00edzesztend\u0151s m\u00faltra visszatekint\u0151, imm\u00e1r Eur\u00f3pa legrangosabb fesztiv\u00e1ljai k\u00f6z\u00f6tt sz\u00e1mon tartott Ars Sacra &#8222;cs\u00f6ndesen k\u00e9pviseli a magas szint\u0171 kultur\u00e1lis \u00f6r\u00f6ks\u00e9get&#8221;, hivalkod\u00e1s n\u00e9lk\u00fcl sorakoztatja f\u00f6l annak \u00e9rt\u00e9keit.<\/span><\/p>\n<p><span id=\"ctl05_lbBody\">Kit\u00e9rt arra: Magyarorsz\u00e1g egyik leg\u00e9rt\u00e9kesebb kultur\u00e1lis rendezv\u00e9nye nemcsak a hazai egyh\u00e1zm\u0171v\u00e9szet legjav\u00e1t k\u00e9pes \u00f6sszehozni \u00e9vr\u0151l \u00e9vre, hanem az eur\u00f3pai kult\u00fara legm\u00e9lyebb ered\u0151ihez, a kereszt\u00e9ny-zsid\u00f3 kultur\u00e1lis fundamentumokhoz t\u00e9r vissza, \u00e9s fontos k\u00fcldet\u00e9studattal b\u00edr e kult\u00fara meg\u0151rz\u00e9se, bemutat\u00e1sa, meg\u00faj\u00edt\u00e1sa ter\u00e9n.<br \/>\n<\/span><\/p>\n<p><span id=\"ctl05_lbBody\">Az \u00e1llamtitk\u00e1r szerint &#8222;hit\u00fcnk \u00e9s kult\u00far\u00e1nk megtart\u00e1s\u00e1nak k\u00e9rd\u00e9se sosem volt annyira aktu\u00e1lis, mint napjainkban&#8221;. A migr\u00e1ci\u00f3s v\u00e1ls\u00e1g idej\u00e9n fel lehet tenni a k\u00e9rd\u00e9st, hogy ki az er\u0151sebb, aki vall\u00e1s\u00e1t k\u00e9pes egy saj\u00e1t mag\u00e1nak v\u00e1lasztott \u00faj haz\u00e1ban is megtartani, sz\u00e1m\u00e1ra ter\u00fcletet foglalni &#8222;b\u00e1rmi \u00e1ron, ak\u00e1r barb\u00e1r eszk\u00f6z\u00f6kkel is&#8221;, vagy aki f\u00e9lve a megb\u00e9lyegz\u00e9st\u0151l kult\u00far\u00e1j\u00e1val egy\u00fctt feladja hit\u00e9t is.<\/span><\/p>\n<p><span id=\"ctl05_lbBody\">A fesztiv\u00e1l kiemelt programjai k\u00f6z\u00f6tt szerepel Rohmann Ditta gordonkam\u0171v\u00e9sz \u00e9s az Anima Musica kamarazenekar koncertje vas\u00e1rnap a MOM Kultur\u00e1lis K\u00f6zpontban, valamint Kocsis Kriszti\u00e1n zongoram\u0171v\u00e9sz Kocsis Zolt\u00e1n-eml\u00e9kkoncertje a budapesti Semmelweis Szalonban szint\u00e9n vas\u00e1rnap este. <\/span><\/p>\n<p><span id=\"ctl05_lbBody\">H\u00e9tf\u0151n a Szent Istv\u00e1n-bazilik\u00e1ban a Pro Musica le\u00e1nykar szakr\u00e1lis k\u00f3rusm\u0171veket ad el\u0151 Szab\u00f3 D\u00e9nes Kossuth-d\u00edjas karnagy vezet\u00e9s\u00e9vel. Szint\u00e9n h\u00e9tf\u0151n lehet meghallgatni Gryllus D\u00e1niel \u00e9s Smid\u00e9liusz G\u00e1bor T\u00edz p\u00e9ld\u00e1zat c\u00edm\u0171 bibliai dalestj\u00e9t a Budav\u00e1ri Evang\u00e9likus templomban. <\/span><\/p>\n<p><span id=\"ctl05_lbBody\">N\u00f3gr\u00e1di P\u00e9ter zeneszerz\u0151 az \u00fcld\u00f6z\u00f6tt keleti kereszt\u00e9nyek megseg\u00edt\u00e9s\u00e9re szervezett j\u00f6v\u0151 keddre j\u00f3t\u00e9konys\u00e1gi hangversenyt a zugl\u00f3i Szent Istv\u00e1n Gimn\u00e1ziumba. A koncerten 20. sz\u00e1zadi magyar zenem\u0171vek csend\u00fclnek fel a Magyar R\u00e1di\u00f3 \u00e9nekkara \u00e9s a kieg\u00e9sz\u00edtett Budapesti Von\u00f3sok el\u0151ad\u00e1s\u00e1ban, Antal M\u00e1ty\u00e1s \u00e9s Pad Zolt\u00e1n vez\u00e9nylet\u00e9vel.<\/span><\/p>\n<p><span id=\"ctl05_lbBody\">Bog\u00e1nyi Gergely Kossuth-d\u00edjas zongoram\u0171v\u00e9sz ebben az \u00e9vben Veszpr\u00e9mben, a Szent Mih\u00e1ly-f\u0151sz\u00e9kesegyh\u00e1zban ad koncertet a fesztiv\u00e1l z\u00e1r\u00f3napj\u00e1n.<\/span><\/p>\n<p><span id=\"ctl05_lbBody\">Kiemelt irodalmi program Talli\u00e1n Mariann \u00e9s L\u00e1z\u00e1r Bal\u00e1zs zen\u00e9s irodalmi el\u0151ad\u00e1sa a k\u00e9tsz\u00e1z \u00e9ve sz\u00fcletett Arany J\u00e1nos tisztelet\u00e9re, a balladaestet szombaton a Pet\u0151fi Irodalmi M\u00fazeumban lehet megn\u00e9zni. <\/span><\/p>\n<p><span id=\"ctl05_lbBody\">Sz\u00e1rnyad \u00c1rny\u00e9k\u00e1ban 2., zsolt\u00e1rok laptopra \u00e9s pap\u00edrlapra c\u00edmmel h\u00e1rom kort\u00e1rs \u00edr\u00f3, k\u00f6lt\u0151, Moln\u00e1r Krisztina Rita, Lackfi J\u00e1nos \u00e9s V\u00f6r\u00f6s Istv\u00e1n olvas fel m\u0171veib\u0151l az \u00d3budai T\u00e1rsask\u00f6rben h\u00e9tf\u0151n. Ugyanitt j\u00f6v\u0151 p\u00e9nteken Szab\u00f3 T. Anna k\u00f6lt\u0151 \u00e9s Ol\u00e1h K\u00e1lm\u00e1n zongoram\u0171v\u00e9sz tart k\u00f6z\u00f6s estet Figyelni a cs\u00f6ndet 2. c\u00edmmel. <\/span><\/p>\n<p><span id=\"ctl05_lbBody\">Budapest mellett id\u00e9n is sz\u00e1mos vid\u00e9ki v\u00e1ros csatlakozott a fesztiv\u00e1lhoz. T\u00f6bbek k\u00f6z\u00f6tt Balassagyarmaton, Esztergomban, Gy\u0151rben, Kaposv\u00e1ron, Kecskem\u00e9ten, Mosonmagyar\u00f3v\u00e1ron, Pannonhalm\u00e1n, Sz\u00e9kesfeh\u00e9rv\u00e1ron, V\u00e1cott \u00e9s Veszpr\u00e9mben is lesznek ki\u00e1ll\u00edt\u00e1sok, koncertek, vezetett szakr\u00e1lis s\u00e9t\u00e1k, el\u0151ad\u00e1sok. <\/span><\/p>\n<p><span id=\"ctl05_lbBody\">A fesztiv\u00e1l teljes programja megtal\u00e1lhat\u00f3 a <a title=\"Hely megnyit\u00e1sa\" href=\"http:\/\/www.ars-sacra.hu\" target=\"_blank\" rel=\"noopener\"><span style=\"color: #0000ff;\"><strong><span style=\"text-decoration: underline;\">www.ars-sacra.hu<\/span><\/strong><\/span><\/a> weboldalon. A programok ingyenesek, t\u00f6bb rendezv\u00e9nyre azonban el\u0151zetesen regisztr\u00e1lni kell.<br \/>\n<\/span><\/p>\n<p><em>Forr\u00e1s: MTI<br \/>\n<span id=\"ctl05_lbLead4\">MTI Fot\u00f3: Kosztics\u00e1k Szil\u00e1rd<\/span><\/em><\/p>\n","protected":false},"excerpt":{"rendered":"<p>Megny\u00edlt az Ars Sacra Fesztiv\u00e1l, a j\u00f6v\u0151 vas\u00e1rnapig tart\u00f3 rendezv\u00e9nysorozat t\u00f6bb mint hatsz\u00e1z ingyenes m\u0171v\u00e9szeti, kultur\u00e1lis programmal v\u00e1rja az \u00e9rdekl\u0151d\u0151ket szerte az orsz\u00e1gban, k\u00f6zt\u00fck Esztergomban is. A fesztiv\u00e1lt Erd\u0151 P\u00e9ter b\u00edboros, pr\u00edm\u00e1s, esztergom-budapesti \u00e9rsek nyitotta meg a Magyar Nemzeti M\u00fazeumban p\u00e9ntek d\u00e9lut\u00e1n. Erd\u0151 P\u00e9ter kiemelte: ez a h\u00e9t alkalom arra, hogy &#8222;elgondolkodjunk azon, mit jelent<\/p>\n","protected":false},"author":1,"featured_media":5668,"comment_status":"closed","ping_status":"closed","sticky":false,"template":"","format":"standard","meta":{"ngg_post_thumbnail":0,"footnotes":""},"categories":[38,3],"tags":[1522,42,660,194,299],"class_list":{"0":"post-5667","1":"post","2":"type-post","3":"status-publish","4":"format-standard","5":"has-post-thumbnail","7":"category-esztergom","8":"category-hirek","9":"tag-ars-sacra","10":"tag-esztergom","11":"tag-fesztival","12":"tag-kiallitas","13":"tag-muveszet"},"yoast_head":"<!-- This site is optimized with the Yoast SEO plugin v27.4 - https:\/\/yoast.com\/product\/yoast-seo-wordpress\/ -->\n<title>Megny\u00edlt az Ars Sacra fesztiv\u00e1l<\/title>\n<meta name=\"robots\" content=\"index, follow, max-snippet:-1, max-image-preview:large, max-video-preview:-1\" \/>\n<link rel=\"canonical\" href=\"https:\/\/dorogimedence.hu\/index.php\/2017\/09\/16\/megnyilt-az-ars-sacra-fesztival\/\" class=\"yoast-seo-meta-tag\" \/>\n<meta property=\"og:locale\" content=\"hu_HU\" class=\"yoast-seo-meta-tag\" \/>\n<meta property=\"og:type\" content=\"article\" class=\"yoast-seo-meta-tag\" \/>\n<meta property=\"og:title\" content=\"Megny\u00edlt az Ars Sacra fesztiv\u00e1l\" class=\"yoast-seo-meta-tag\" \/>\n<meta property=\"og:description\" content=\"Megny\u00edlt az Ars Sacra Fesztiv\u00e1l, a j\u00f6v\u0151 vas\u00e1rnapig tart\u00f3 rendezv\u00e9nysorozat t\u00f6bb mint hatsz\u00e1z ingyenes m\u0171v\u00e9szeti, kultur\u00e1lis programmal v\u00e1rja az \u00e9rdekl\u0151d\u0151ket szerte az orsz\u00e1gban, k\u00f6zt\u00fck Esztergomban is. A fesztiv\u00e1lt Erd\u0151 P\u00e9ter b\u00edboros, pr\u00edm\u00e1s, esztergom-budapesti \u00e9rsek nyitotta meg a Magyar Nemzeti M\u00fazeumban p\u00e9ntek d\u00e9lut\u00e1n. Erd\u0151 P\u00e9ter kiemelte: ez a h\u00e9t alkalom arra, hogy &#8222;elgondolkodjunk azon, mit jelent\" class=\"yoast-seo-meta-tag\" \/>\n<meta property=\"og:url\" content=\"https:\/\/dorogimedence.hu\/index.php\/2017\/09\/16\/megnyilt-az-ars-sacra-fesztival\/\" class=\"yoast-seo-meta-tag\" \/>\n<meta property=\"og:site_name\" content=\"Dorogi-medence Region\u00e1lis H\u00edrport\u00e1l\" class=\"yoast-seo-meta-tag\" \/>\n<meta property=\"article:publisher\" content=\"https:\/\/www.facebook.com\/dorogimedence\/\" class=\"yoast-seo-meta-tag\" \/>\n<meta property=\"article:published_time\" content=\"2017-09-16T08:10:29+00:00\" class=\"yoast-seo-meta-tag\" \/>\n<meta property=\"og:image\" content=\"https:\/\/i0.wp.com\/dorogimedence.hu\/wp-content\/uploads\/2017\/09\/ars-sacra-01-1.jpg?fit=670%2C365&ssl=1\" class=\"yoast-seo-meta-tag\" \/>\n\t<meta property=\"og:image:width\" content=\"670\" class=\"yoast-seo-meta-tag\" \/>\n\t<meta property=\"og:image:height\" content=\"365\" class=\"yoast-seo-meta-tag\" \/>\n\t<meta property=\"og:image:type\" content=\"image\/jpeg\" class=\"yoast-seo-meta-tag\" \/>\n<meta name=\"author\" content=\"dorogimedence.hu\" class=\"yoast-seo-meta-tag\" \/>\n<meta name=\"twitter:card\" content=\"summary_large_image\" class=\"yoast-seo-meta-tag\" \/>\n<meta name=\"twitter:label1\" content=\"Szerz\u0151:\" class=\"yoast-seo-meta-tag\" \/>\n\t<meta name=\"twitter:data1\" content=\"dorogimedence.hu\" class=\"yoast-seo-meta-tag\" \/>\n\t<meta name=\"twitter:label2\" content=\"Becs\u00fclt olvas\u00e1si id\u0151\" class=\"yoast-seo-meta-tag\" \/>\n\t<meta name=\"twitter:data2\" content=\"4 perc\" class=\"yoast-seo-meta-tag\" \/>\n<script type=\"application\/ld+json\" class=\"yoast-schema-graph\">{\"@context\":\"https:\\\/\\\/schema.org\",\"@graph\":[{\"@type\":\"Article\",\"@id\":\"https:\\\/\\\/dorogimedence.hu\\\/index.php\\\/2017\\\/09\\\/16\\\/megnyilt-az-ars-sacra-fesztival\\\/#article\",\"isPartOf\":{\"@id\":\"https:\\\/\\\/dorogimedence.hu\\\/index.php\\\/2017\\\/09\\\/16\\\/megnyilt-az-ars-sacra-fesztival\\\/\"},\"author\":{\"name\":\"dorogimedence.hu\",\"@id\":\"https:\\\/\\\/dorogimedence.hu\\\/#\\\/schema\\\/person\\\/ce6091eeb7e95ecdc87890d6aa8e0fd4\"},\"headline\":\"Megny\u00edlt az Ars Sacra fesztiv\u00e1l\",\"datePublished\":\"2017-09-16T08:10:29+00:00\",\"mainEntityOfPage\":{\"@id\":\"https:\\\/\\\/dorogimedence.hu\\\/index.php\\\/2017\\\/09\\\/16\\\/megnyilt-az-ars-sacra-fesztival\\\/\"},\"wordCount\":903,\"publisher\":{\"@id\":\"https:\\\/\\\/dorogimedence.hu\\\/#organization\"},\"image\":{\"@id\":\"https:\\\/\\\/dorogimedence.hu\\\/index.php\\\/2017\\\/09\\\/16\\\/megnyilt-az-ars-sacra-fesztival\\\/#primaryimage\"},\"thumbnailUrl\":\"https:\\\/\\\/dorogimedence.hu\\\/wp-content\\\/uploads\\\/2017\\\/09\\\/ars-sacra-01-1.jpg\",\"keywords\":[\"Ars Sacra\",\"esztergom\",\"fesztiv\u00e1l\",\"ki\u00e1ll\u00edt\u00e1s\",\"m\u0171v\u00e9szet\"],\"articleSection\":[\"Esztergom\",\"H\u00edrek\"],\"inLanguage\":\"hu\"},{\"@type\":\"WebPage\",\"@id\":\"https:\\\/\\\/dorogimedence.hu\\\/index.php\\\/2017\\\/09\\\/16\\\/megnyilt-az-ars-sacra-fesztival\\\/\",\"url\":\"https:\\\/\\\/dorogimedence.hu\\\/index.php\\\/2017\\\/09\\\/16\\\/megnyilt-az-ars-sacra-fesztival\\\/\",\"name\":\"Megny\u00edlt az Ars Sacra fesztiv\u00e1l\",\"isPartOf\":{\"@id\":\"https:\\\/\\\/dorogimedence.hu\\\/#website\"},\"primaryImageOfPage\":{\"@id\":\"https:\\\/\\\/dorogimedence.hu\\\/index.php\\\/2017\\\/09\\\/16\\\/megnyilt-az-ars-sacra-fesztival\\\/#primaryimage\"},\"image\":{\"@id\":\"https:\\\/\\\/dorogimedence.hu\\\/index.php\\\/2017\\\/09\\\/16\\\/megnyilt-az-ars-sacra-fesztival\\\/#primaryimage\"},\"thumbnailUrl\":\"https:\\\/\\\/dorogimedence.hu\\\/wp-content\\\/uploads\\\/2017\\\/09\\\/ars-sacra-01-1.jpg\",\"datePublished\":\"2017-09-16T08:10:29+00:00\",\"breadcrumb\":{\"@id\":\"https:\\\/\\\/dorogimedence.hu\\\/index.php\\\/2017\\\/09\\\/16\\\/megnyilt-az-ars-sacra-fesztival\\\/#breadcrumb\"},\"inLanguage\":\"hu\",\"potentialAction\":[{\"@type\":\"ReadAction\",\"target\":[\"https:\\\/\\\/dorogimedence.hu\\\/index.php\\\/2017\\\/09\\\/16\\\/megnyilt-az-ars-sacra-fesztival\\\/\"]}]},{\"@type\":\"ImageObject\",\"inLanguage\":\"hu\",\"@id\":\"https:\\\/\\\/dorogimedence.hu\\\/index.php\\\/2017\\\/09\\\/16\\\/megnyilt-az-ars-sacra-fesztival\\\/#primaryimage\",\"url\":\"https:\\\/\\\/dorogimedence.hu\\\/wp-content\\\/uploads\\\/2017\\\/09\\\/ars-sacra-01-1.jpg\",\"contentUrl\":\"https:\\\/\\\/dorogimedence.hu\\\/wp-content\\\/uploads\\\/2017\\\/09\\\/ars-sacra-01-1.jpg\",\"width\":670,\"height\":365},{\"@type\":\"BreadcrumbList\",\"@id\":\"https:\\\/\\\/dorogimedence.hu\\\/index.php\\\/2017\\\/09\\\/16\\\/megnyilt-az-ars-sacra-fesztival\\\/#breadcrumb\",\"itemListElement\":[{\"@type\":\"ListItem\",\"position\":1,\"name\":\"Kezd\u0151lap\",\"item\":\"https:\\\/\\\/dorogimedence.hu\\\/\"},{\"@type\":\"ListItem\",\"position\":2,\"name\":\"Megny\u00edlt az Ars Sacra fesztiv\u00e1l\"}]},{\"@type\":\"WebSite\",\"@id\":\"https:\\\/\\\/dorogimedence.hu\\\/#website\",\"url\":\"https:\\\/\\\/dorogimedence.hu\\\/\",\"name\":\"Dorogi-medence Region\u00e1lis H\u00edrport\u00e1l\",\"description\":\"Dorog, Keszt\u00f6lc, Le\u00e1nyv\u00e1r, Piliscs\u00e9v, Tokod, Tokodalt\u00e1r\u00f3, Csolnok, Esztergom-kertv\u00e1ros: h\u00edrek, programok\",\"publisher\":{\"@id\":\"https:\\\/\\\/dorogimedence.hu\\\/#organization\"},\"potentialAction\":[{\"@type\":\"SearchAction\",\"target\":{\"@type\":\"EntryPoint\",\"urlTemplate\":\"https:\\\/\\\/dorogimedence.hu\\\/?s={search_term_string}\"},\"query-input\":{\"@type\":\"PropertyValueSpecification\",\"valueRequired\":true,\"valueName\":\"search_term_string\"}}],\"inLanguage\":\"hu\"},{\"@type\":\"Organization\",\"@id\":\"https:\\\/\\\/dorogimedence.hu\\\/#organization\",\"name\":\"Dorogi-medence Region\u00e1lis H\u00edrport\u00e1l\",\"url\":\"https:\\\/\\\/dorogimedence.hu\\\/\",\"logo\":{\"@type\":\"ImageObject\",\"inLanguage\":\"hu\",\"@id\":\"https:\\\/\\\/dorogimedence.hu\\\/#\\\/schema\\\/logo\\\/image\\\/\",\"url\":\"https:\\\/\\\/dorogimedence.hu\\\/wp-content\\\/uploads\\\/2021\\\/04\\\/logo-feher-600.png\",\"contentUrl\":\"https:\\\/\\\/dorogimedence.hu\\\/wp-content\\\/uploads\\\/2021\\\/04\\\/logo-feher-600.png\",\"width\":600,\"height\":100,\"caption\":\"Dorogi-medence Region\u00e1lis H\u00edrport\u00e1l\"},\"image\":{\"@id\":\"https:\\\/\\\/dorogimedence.hu\\\/#\\\/schema\\\/logo\\\/image\\\/\"},\"sameAs\":[\"https:\\\/\\\/www.facebook.com\\\/dorogimedence\\\/\"]},{\"@type\":\"Person\",\"@id\":\"https:\\\/\\\/dorogimedence.hu\\\/#\\\/schema\\\/person\\\/ce6091eeb7e95ecdc87890d6aa8e0fd4\",\"name\":\"dorogimedence.hu\",\"image\":{\"@type\":\"ImageObject\",\"inLanguage\":\"hu\",\"@id\":\"\\\/\\\/www.gravatar.com\\\/avatar\\\/d8d45f8901aadff40a4af72c0b826f1d?s=96&#038;r=g&#038;d=mm\",\"url\":\"\\\/\\\/www.gravatar.com\\\/avatar\\\/d8d45f8901aadff40a4af72c0b826f1d?s=96&#038;r=g&#038;d=mm\",\"contentUrl\":\"\\\/\\\/www.gravatar.com\\\/avatar\\\/d8d45f8901aadff40a4af72c0b826f1d?s=96&#038;r=g&#038;d=mm\",\"caption\":\"dorogimedence.hu\"}}]}<\/script>\n<!-- \/ Yoast SEO plugin. -->","yoast_head_json":{"title":"Megny\u00edlt az Ars Sacra fesztiv\u00e1l","robots":{"index":"index","follow":"follow","max-snippet":"max-snippet:-1","max-image-preview":"max-image-preview:large","max-video-preview":"max-video-preview:-1"},"canonical":"https:\/\/dorogimedence.hu\/index.php\/2017\/09\/16\/megnyilt-az-ars-sacra-fesztival\/","og_locale":"hu_HU","og_type":"article","og_title":"Megny\u00edlt az Ars Sacra fesztiv\u00e1l","og_description":"Megny\u00edlt az Ars Sacra Fesztiv\u00e1l, a j\u00f6v\u0151 vas\u00e1rnapig tart\u00f3 rendezv\u00e9nysorozat t\u00f6bb mint hatsz\u00e1z ingyenes m\u0171v\u00e9szeti, kultur\u00e1lis programmal v\u00e1rja az \u00e9rdekl\u0151d\u0151ket szerte az orsz\u00e1gban, k\u00f6zt\u00fck Esztergomban is. A fesztiv\u00e1lt Erd\u0151 P\u00e9ter b\u00edboros, pr\u00edm\u00e1s, esztergom-budapesti \u00e9rsek nyitotta meg a Magyar Nemzeti M\u00fazeumban p\u00e9ntek d\u00e9lut\u00e1n. Erd\u0151 P\u00e9ter kiemelte: ez a h\u00e9t alkalom arra, hogy &#8222;elgondolkodjunk azon, mit jelent","og_url":"https:\/\/dorogimedence.hu\/index.php\/2017\/09\/16\/megnyilt-az-ars-sacra-fesztival\/","og_site_name":"Dorogi-medence Region\u00e1lis H\u00edrport\u00e1l","article_publisher":"https:\/\/www.facebook.com\/dorogimedence\/","article_published_time":"2017-09-16T08:10:29+00:00","og_image":[{"width":670,"height":365,"url":"https:\/\/i0.wp.com\/dorogimedence.hu\/wp-content\/uploads\/2017\/09\/ars-sacra-01-1.jpg?fit=670%2C365&ssl=1","type":"image\/jpeg"}],"author":"dorogimedence.hu","twitter_card":"summary_large_image","twitter_misc":{"Szerz\u0151:":"dorogimedence.hu","Becs\u00fclt olvas\u00e1si id\u0151":"4 perc"},"schema":{"@context":"https:\/\/schema.org","@graph":[{"@type":"Article","@id":"https:\/\/dorogimedence.hu\/index.php\/2017\/09\/16\/megnyilt-az-ars-sacra-fesztival\/#article","isPartOf":{"@id":"https:\/\/dorogimedence.hu\/index.php\/2017\/09\/16\/megnyilt-az-ars-sacra-fesztival\/"},"author":{"name":"dorogimedence.hu","@id":"https:\/\/dorogimedence.hu\/#\/schema\/person\/ce6091eeb7e95ecdc87890d6aa8e0fd4"},"headline":"Megny\u00edlt az Ars Sacra fesztiv\u00e1l","datePublished":"2017-09-16T08:10:29+00:00","mainEntityOfPage":{"@id":"https:\/\/dorogimedence.hu\/index.php\/2017\/09\/16\/megnyilt-az-ars-sacra-fesztival\/"},"wordCount":903,"publisher":{"@id":"https:\/\/dorogimedence.hu\/#organization"},"image":{"@id":"https:\/\/dorogimedence.hu\/index.php\/2017\/09\/16\/megnyilt-az-ars-sacra-fesztival\/#primaryimage"},"thumbnailUrl":"https:\/\/dorogimedence.hu\/wp-content\/uploads\/2017\/09\/ars-sacra-01-1.jpg","keywords":["Ars Sacra","esztergom","fesztiv\u00e1l","ki\u00e1ll\u00edt\u00e1s","m\u0171v\u00e9szet"],"articleSection":["Esztergom","H\u00edrek"],"inLanguage":"hu"},{"@type":"WebPage","@id":"https:\/\/dorogimedence.hu\/index.php\/2017\/09\/16\/megnyilt-az-ars-sacra-fesztival\/","url":"https:\/\/dorogimedence.hu\/index.php\/2017\/09\/16\/megnyilt-az-ars-sacra-fesztival\/","name":"Megny\u00edlt az Ars Sacra fesztiv\u00e1l","isPartOf":{"@id":"https:\/\/dorogimedence.hu\/#website"},"primaryImageOfPage":{"@id":"https:\/\/dorogimedence.hu\/index.php\/2017\/09\/16\/megnyilt-az-ars-sacra-fesztival\/#primaryimage"},"image":{"@id":"https:\/\/dorogimedence.hu\/index.php\/2017\/09\/16\/megnyilt-az-ars-sacra-fesztival\/#primaryimage"},"thumbnailUrl":"https:\/\/dorogimedence.hu\/wp-content\/uploads\/2017\/09\/ars-sacra-01-1.jpg","datePublished":"2017-09-16T08:10:29+00:00","breadcrumb":{"@id":"https:\/\/dorogimedence.hu\/index.php\/2017\/09\/16\/megnyilt-az-ars-sacra-fesztival\/#breadcrumb"},"inLanguage":"hu","potentialAction":[{"@type":"ReadAction","target":["https:\/\/dorogimedence.hu\/index.php\/2017\/09\/16\/megnyilt-az-ars-sacra-fesztival\/"]}]},{"@type":"ImageObject","inLanguage":"hu","@id":"https:\/\/dorogimedence.hu\/index.php\/2017\/09\/16\/megnyilt-az-ars-sacra-fesztival\/#primaryimage","url":"https:\/\/dorogimedence.hu\/wp-content\/uploads\/2017\/09\/ars-sacra-01-1.jpg","contentUrl":"https:\/\/dorogimedence.hu\/wp-content\/uploads\/2017\/09\/ars-sacra-01-1.jpg","width":670,"height":365},{"@type":"BreadcrumbList","@id":"https:\/\/dorogimedence.hu\/index.php\/2017\/09\/16\/megnyilt-az-ars-sacra-fesztival\/#breadcrumb","itemListElement":[{"@type":"ListItem","position":1,"name":"Kezd\u0151lap","item":"https:\/\/dorogimedence.hu\/"},{"@type":"ListItem","position":2,"name":"Megny\u00edlt az Ars Sacra fesztiv\u00e1l"}]},{"@type":"WebSite","@id":"https:\/\/dorogimedence.hu\/#website","url":"https:\/\/dorogimedence.hu\/","name":"Dorogi-medence Region\u00e1lis H\u00edrport\u00e1l","description":"Dorog, Keszt\u00f6lc, Le\u00e1nyv\u00e1r, Piliscs\u00e9v, Tokod, Tokodalt\u00e1r\u00f3, Csolnok, Esztergom-kertv\u00e1ros: h\u00edrek, programok","publisher":{"@id":"https:\/\/dorogimedence.hu\/#organization"},"potentialAction":[{"@type":"SearchAction","target":{"@type":"EntryPoint","urlTemplate":"https:\/\/dorogimedence.hu\/?s={search_term_string}"},"query-input":{"@type":"PropertyValueSpecification","valueRequired":true,"valueName":"search_term_string"}}],"inLanguage":"hu"},{"@type":"Organization","@id":"https:\/\/dorogimedence.hu\/#organization","name":"Dorogi-medence Region\u00e1lis H\u00edrport\u00e1l","url":"https:\/\/dorogimedence.hu\/","logo":{"@type":"ImageObject","inLanguage":"hu","@id":"https:\/\/dorogimedence.hu\/#\/schema\/logo\/image\/","url":"https:\/\/dorogimedence.hu\/wp-content\/uploads\/2021\/04\/logo-feher-600.png","contentUrl":"https:\/\/dorogimedence.hu\/wp-content\/uploads\/2021\/04\/logo-feher-600.png","width":600,"height":100,"caption":"Dorogi-medence Region\u00e1lis H\u00edrport\u00e1l"},"image":{"@id":"https:\/\/dorogimedence.hu\/#\/schema\/logo\/image\/"},"sameAs":["https:\/\/www.facebook.com\/dorogimedence\/"]},{"@type":"Person","@id":"https:\/\/dorogimedence.hu\/#\/schema\/person\/ce6091eeb7e95ecdc87890d6aa8e0fd4","name":"dorogimedence.hu","image":{"@type":"ImageObject","inLanguage":"hu","@id":"\/\/www.gravatar.com\/avatar\/d8d45f8901aadff40a4af72c0b826f1d?s=96&#038;r=g&#038;d=mm","url":"\/\/www.gravatar.com\/avatar\/d8d45f8901aadff40a4af72c0b826f1d?s=96&#038;r=g&#038;d=mm","contentUrl":"\/\/www.gravatar.com\/avatar\/d8d45f8901aadff40a4af72c0b826f1d?s=96&#038;r=g&#038;d=mm","caption":"dorogimedence.hu"}}]}},"_links":{"self":[{"href":"https:\/\/dorogimedence.hu\/index.php\/wp-json\/wp\/v2\/posts\/5667","targetHints":{"allow":["GET"]}}],"collection":[{"href":"https:\/\/dorogimedence.hu\/index.php\/wp-json\/wp\/v2\/posts"}],"about":[{"href":"https:\/\/dorogimedence.hu\/index.php\/wp-json\/wp\/v2\/types\/post"}],"author":[{"embeddable":true,"href":"https:\/\/dorogimedence.hu\/index.php\/wp-json\/wp\/v2\/users\/1"}],"replies":[{"embeddable":true,"href":"https:\/\/dorogimedence.hu\/index.php\/wp-json\/wp\/v2\/comments?post=5667"}],"version-history":[{"count":0,"href":"https:\/\/dorogimedence.hu\/index.php\/wp-json\/wp\/v2\/posts\/5667\/revisions"}],"wp:featuredmedia":[{"embeddable":true,"href":"https:\/\/dorogimedence.hu\/index.php\/wp-json\/wp\/v2\/media\/5668"}],"wp:attachment":[{"href":"https:\/\/dorogimedence.hu\/index.php\/wp-json\/wp\/v2\/media?parent=5667"}],"wp:term":[{"taxonomy":"category","embeddable":true,"href":"https:\/\/dorogimedence.hu\/index.php\/wp-json\/wp\/v2\/categories?post=5667"},{"taxonomy":"post_tag","embeddable":true,"href":"https:\/\/dorogimedence.hu\/index.php\/wp-json\/wp\/v2\/tags?post=5667"}],"curies":[{"name":"wp","href":"https:\/\/api.w.org\/{rel}","templated":true}]}}