{"id":5662,"date":"2017-09-16T09:52:48","date_gmt":"2017-09-16T07:52:48","guid":{"rendered":"http:\/\/dorogimedence.hu\/?p=5662"},"modified":"2018-06-22T13:02:09","modified_gmt":"2018-06-22T11:02:09","slug":"a-dorogi-hajlektalantamadast-targyalja-a-birosag","status":"publish","type":"post","link":"https:\/\/dorogimedence.hu\/index.php\/2017\/09\/16\/a-dorogi-hajlektalantamadast-targyalja-a-birosag\/","title":{"rendered":"A dorogi hajl\u00e9ktalant\u00e1mad\u00e1st t\u00e1rgyalja a b\u00edr\u00f3s\u00e1g"},"content":{"rendered":"<p><strong>\u00c9letvesz\u00e9lyt okoz\u00f3 testi s\u00e9rt\u00e9s b\u0171ntette \u00e9s m\u00e1s b\u0171ncselekm\u00e9nyek miatt t\u00e1rgyalj\u00e1k B.K. \u00e9s 4 t\u00e1rsa \u00fcgy\u00e9t szeptember 21-\u00e9n a megyei t\u00f6rv\u00e9nysz\u00e9ken<\/strong><em> \u2013 k\u00f6z\u00f6lte az \u00fcgy\u00e9szs\u00e9g.<\/em><\/p>\n<p>2015. okt\u00f3ber 11-\u00e9n d\u00e9lut\u00e1n B. K. I. rend\u0171 v\u00e1dlott \u00e9s bar\u00e1tn\u0151je N. Zs. Dorogon egy parkban tal\u00e1lkoztak hajl\u00e9ktalan s\u00e9rtettekkel, akikkel besz\u00e9lgetni kezdtek. Ek\u00f6zben az egyik s\u00e9rtett, N. Zs. combj\u00e1ra tette a kez\u00e9t. Ezen I. rend\u0171 v\u00e1dlott felh\u00e1borodott, vit\u00e1ba keveredett B.Z. s\u00e9rtettel, majd a bar\u00e1tn\u0151j\u00e9vel egy\u00fctt t\u00e1vozott a parkb\u00f3l. Ezt k\u00f6vet\u0151en I. rend\u0171 v\u00e1dlott \u00e9s N.Zs. \u00f6sszetal\u00e1lkozott a II. rend\u0171, a III. rend\u0171, a IV. rend\u0171 \u00e9s az V. rend\u0171 v\u00e1dlottal. I. rend\u0171 v\u00e1dlott elmes\u00e9lte nekik a d\u00e9lut\u00e1n t\u00f6rt\u00e9nteket, ezut\u00e1n megbesz\u00e9lt\u00e9k, hogy az \u00e1ltaluk ismert sz\u00e1ll\u00e1shely\u00fck\u00f6n felkeresik a h\u00e1rom hajl\u00e9ktalant \u00e9s megverik \u0151ket. Ebben valamennyien egyet\u00e9rtettek.<\/p>\n<p>Okt\u00f3ber 11-\u00e9n k\u00e9s\u0151 este, \u00e9jszakai s\u00f6t\u00e9ts\u00e9gben a v\u00e1dlottak, N.Zs., valamint az \u00fatk\u00f6zben hozz\u00e1juk csatlakozott szlov\u00e1k \u00e1llampolg\u00e1rs\u00e1g\u00fa P.V. elindultak a hajl\u00e9ktalan s\u00e9rtettek lak\u00f3helye fel\u00e9. A M\u00c1V h\u00e1zban a s\u00e9rtettek a f\u00f6ldre tett szivacs matracaikon aludtak. Oda\u00e9rve az I. rend\u0171 v\u00e1dlott megz\u00f6rgette az ajt\u00f3t, bekiab\u00e1lt, de a s\u00e9rtettek erre nem \u00e9bredtek fel. Ezut\u00e1n a v\u00e1dlottak d\u00f6r\u00f6mb\u00f6lni kezdtek az ajt\u00f3n, majd a II. rend\u0171 v\u00e1dlott egy r\u00fag\u00e1ssal az ajt\u00f3t bet\u00f6rte, \u00e9s mind az \u00f6t v\u00e1dlott bement a h\u00e1zba, \u00e9s az \u00e9jszakai s\u00f6t\u00e9ts\u00e9gben az \u00e9bredezni kezd\u0151 s\u00e9rtetteket mindh\u00e1rman \u00f6k\u00f6llel \u00fctlegelni \u00e9s rugdosni kezdt\u00e9k. A s\u00e9rtetteket \u00e1lmukb\u00f3l \u00e9bredve \u00e9rte a t\u00e1mad\u00e1s, menek\u00fclni, v\u00e9dekezni, vissza\u00fctni es\u00e9ly\u00fck sem volt.<\/p>\n<p>A v\u00e1dlottak b\u00e1ntalmaz\u00e1sa k\u00f6vetkezt\u00e9ben az egyik s\u00e9rtett t\u00fcdej\u00e9ben nagy kiterjed\u00e9s\u0171 mell\u0171ri leveg\u0151gy\u00fclem keletkezett, valamint az orrcsont elmozdul\u00e1s n\u00e9lk\u00fcli t\u00f6bbsz\u00f6r\u00f6s t\u00f6r\u00e9s\u00e9t szenvedte el. A mell\u0171ri leveg\u0151gy\u00fclem k\u00f6zvetlen\u00fcl \u00e9letet vesz\u00e9lyeztet\u0151 \u00e1llapot, szakszer\u0171 orvosi seg\u00edts\u00e9g n\u00e9lk\u00fcl a s\u00e9rtett hal\u00e1la k\u00f6vetkezett volna be. A m\u00e1sik s\u00e9rtett a v\u00e1dlottak b\u00e1ntalmaz\u00e1sa k\u00f6vetkezt\u00e9ben 8 napon t\u00fal gy\u00f3gyul\u00f3 orrcsontt\u00f6rt\u00e9st, a szem\u00f6ld\u00f6k, az arc, az orr horzsol\u00e1sos, h\u00e1mfoszt\u00e1sos s\u00e9r\u00fcl\u00e9seit szenvedte el. A harmadik s\u00e9rtett jobb szem alatt b\u0151ralatti bev\u00e9rz\u00e9st, mindk\u00e9t t\u00e9rd h\u00e1ms\u00e9r\u00fcl\u00e9s\u00e9t szenvedte el, amely s\u00e9r\u00fcl\u00e9sek t\u00e9nyleges gy\u00f3gytartama 8 napon bel\u00fcli, azonban a behat\u00e1sok helye, ereje, m\u00f3dja 8 napon t\u00fal gy\u00f3gyul\u00f3 szems\u00e9r\u00fcl\u00e9s re\u00e1lis lehet\u0151s\u00e9ge miatt alkalmas volt 8 napon t\u00fal gy\u00f3gyul\u00f3 s\u00e9r\u00fcl\u00e9s okoz\u00e1s\u00e1ra.<\/p>\n<p><em><strong>Szeptember 21-\u00e9n \u00edt\u00e9let v\u00e1rhat\u00f3 az \u00fcgyben.<\/strong><\/em><\/p>\n","protected":false},"excerpt":{"rendered":"<p>\u00c9letvesz\u00e9lyt okoz\u00f3 testi s\u00e9rt\u00e9s b\u0171ntette \u00e9s m\u00e1s b\u0171ncselekm\u00e9nyek miatt t\u00e1rgyalj\u00e1k B.K. \u00e9s 4 t\u00e1rsa \u00fcgy\u00e9t szeptember 21-\u00e9n a megyei t\u00f6rv\u00e9nysz\u00e9ken \u2013 k\u00f6z\u00f6lte az \u00fcgy\u00e9szs\u00e9g. 2015. okt\u00f3ber 11-\u00e9n d\u00e9lut\u00e1n B. K. I. rend\u0171 v\u00e1dlott \u00e9s bar\u00e1tn\u0151je N. Zs. Dorogon egy parkban tal\u00e1lkoztak hajl\u00e9ktalan s\u00e9rtettekkel, akikkel besz\u00e9lgetni kezdtek. Ek\u00f6zben az egyik s\u00e9rtett, N. Zs. combj\u00e1ra tette a<\/p>\n","protected":false},"author":1,"featured_media":0,"comment_status":"closed","ping_status":"closed","sticky":false,"template":"","format":"standard","meta":{"ngg_post_thumbnail":0,"footnotes":""},"categories":[2,3],"tags":[1042,15,1544,326,1423],"class_list":{"0":"post-5662","1":"post","2":"type-post","3":"status-publish","4":"format-standard","6":"category-dorog","7":"category-hirek","8":"tag-birosag","9":"tag-dorog","10":"tag-tamadas","11":"tag-ugyeszseg","12":"tag-verekedes"},"yoast_head":"<!-- This site is optimized with the Yoast SEO plugin v27.4 - https:\/\/yoast.com\/product\/yoast-seo-wordpress\/ -->\n<title>A dorogi hajl\u00e9ktalant\u00e1mad\u00e1st t\u00e1rgyalja a b\u00edr\u00f3s\u00e1g<\/title>\n<meta name=\"robots\" content=\"index, follow, max-snippet:-1, max-image-preview:large, max-video-preview:-1\" \/>\n<link rel=\"canonical\" href=\"https:\/\/dorogimedence.hu\/index.php\/2017\/09\/16\/a-dorogi-hajlektalantamadast-targyalja-a-birosag\/\" class=\"yoast-seo-meta-tag\" \/>\n<meta property=\"og:locale\" content=\"hu_HU\" class=\"yoast-seo-meta-tag\" \/>\n<meta property=\"og:type\" content=\"article\" class=\"yoast-seo-meta-tag\" \/>\n<meta property=\"og:title\" content=\"A dorogi hajl\u00e9ktalant\u00e1mad\u00e1st t\u00e1rgyalja a b\u00edr\u00f3s\u00e1g\" class=\"yoast-seo-meta-tag\" \/>\n<meta property=\"og:description\" content=\"\u00c9letvesz\u00e9lyt okoz\u00f3 testi s\u00e9rt\u00e9s b\u0171ntette \u00e9s m\u00e1s b\u0171ncselekm\u00e9nyek miatt t\u00e1rgyalj\u00e1k B.K. \u00e9s 4 t\u00e1rsa \u00fcgy\u00e9t szeptember 21-\u00e9n a megyei t\u00f6rv\u00e9nysz\u00e9ken \u2013 k\u00f6z\u00f6lte az \u00fcgy\u00e9szs\u00e9g. 2015. okt\u00f3ber 11-\u00e9n d\u00e9lut\u00e1n B. K. I. rend\u0171 v\u00e1dlott \u00e9s bar\u00e1tn\u0151je N. Zs. Dorogon egy parkban tal\u00e1lkoztak hajl\u00e9ktalan s\u00e9rtettekkel, akikkel besz\u00e9lgetni kezdtek. Ek\u00f6zben az egyik s\u00e9rtett, N. Zs. combj\u00e1ra tette a\" class=\"yoast-seo-meta-tag\" \/>\n<meta property=\"og:url\" content=\"https:\/\/dorogimedence.hu\/index.php\/2017\/09\/16\/a-dorogi-hajlektalantamadast-targyalja-a-birosag\/\" class=\"yoast-seo-meta-tag\" \/>\n<meta property=\"og:site_name\" content=\"Dorogi-medence Region\u00e1lis H\u00edrport\u00e1l\" class=\"yoast-seo-meta-tag\" \/>\n<meta property=\"article:publisher\" content=\"https:\/\/www.facebook.com\/dorogimedence\/\" class=\"yoast-seo-meta-tag\" \/>\n<meta property=\"article:published_time\" content=\"2017-09-16T07:52:48+00:00\" class=\"yoast-seo-meta-tag\" \/>\n<meta property=\"article:modified_time\" content=\"2018-06-22T11:02:09+00:00\" class=\"yoast-seo-meta-tag\" \/>\n<meta property=\"og:image\" content=\"https:\/\/i0.wp.com\/dorogimedence.hu\/wp-content\/uploads\/2017\/07\/birosag-01.jpg?fit=670%2C365&ssl=1\" class=\"yoast-seo-meta-tag\" \/>\n\t<meta property=\"og:image:width\" content=\"670\" class=\"yoast-seo-meta-tag\" \/>\n\t<meta property=\"og:image:height\" content=\"365\" class=\"yoast-seo-meta-tag\" \/>\n\t<meta property=\"og:image:type\" content=\"image\/jpeg\" class=\"yoast-seo-meta-tag\" \/>\n<meta name=\"author\" content=\"dorogimedence.hu\" class=\"yoast-seo-meta-tag\" \/>\n<meta name=\"twitter:card\" content=\"summary_large_image\" class=\"yoast-seo-meta-tag\" \/>\n<meta name=\"twitter:label1\" content=\"Szerz\u0151:\" class=\"yoast-seo-meta-tag\" \/>\n\t<meta name=\"twitter:data1\" content=\"dorogimedence.hu\" class=\"yoast-seo-meta-tag\" \/>\n\t<meta name=\"twitter:label2\" content=\"Becs\u00fclt olvas\u00e1si id\u0151\" class=\"yoast-seo-meta-tag\" \/>\n\t<meta name=\"twitter:data2\" content=\"3 perc\" class=\"yoast-seo-meta-tag\" \/>\n<script type=\"application\/ld+json\" class=\"yoast-schema-graph\">{\"@context\":\"https:\\\/\\\/schema.org\",\"@graph\":[{\"@type\":\"Article\",\"@id\":\"https:\\\/\\\/dorogimedence.hu\\\/index.php\\\/2017\\\/09\\\/16\\\/a-dorogi-hajlektalantamadast-targyalja-a-birosag\\\/#article\",\"isPartOf\":{\"@id\":\"https:\\\/\\\/dorogimedence.hu\\\/index.php\\\/2017\\\/09\\\/16\\\/a-dorogi-hajlektalantamadast-targyalja-a-birosag\\\/\"},\"author\":{\"name\":\"dorogimedence.hu\",\"@id\":\"https:\\\/\\\/dorogimedence.hu\\\/#\\\/schema\\\/person\\\/ce6091eeb7e95ecdc87890d6aa8e0fd4\"},\"headline\":\"A dorogi hajl\u00e9ktalant\u00e1mad\u00e1st t\u00e1rgyalja a b\u00edr\u00f3s\u00e1g\",\"datePublished\":\"2017-09-16T07:52:48+00:00\",\"dateModified\":\"2018-06-22T11:02:09+00:00\",\"mainEntityOfPage\":{\"@id\":\"https:\\\/\\\/dorogimedence.hu\\\/index.php\\\/2017\\\/09\\\/16\\\/a-dorogi-hajlektalantamadast-targyalja-a-birosag\\\/\"},\"wordCount\":551,\"publisher\":{\"@id\":\"https:\\\/\\\/dorogimedence.hu\\\/#organization\"},\"keywords\":[\"b\u00edr\u00f3s\u00e1g\",\"Dorog\",\"t\u00e1mad\u00e1s\",\"\u00fcgy\u00e9szs\u00e9g\",\"vereked\u00e9s\"],\"articleSection\":[\"Dorog\",\"H\u00edrek\"],\"inLanguage\":\"hu\"},{\"@type\":\"WebPage\",\"@id\":\"https:\\\/\\\/dorogimedence.hu\\\/index.php\\\/2017\\\/09\\\/16\\\/a-dorogi-hajlektalantamadast-targyalja-a-birosag\\\/\",\"url\":\"https:\\\/\\\/dorogimedence.hu\\\/index.php\\\/2017\\\/09\\\/16\\\/a-dorogi-hajlektalantamadast-targyalja-a-birosag\\\/\",\"name\":\"A dorogi hajl\u00e9ktalant\u00e1mad\u00e1st t\u00e1rgyalja a b\u00edr\u00f3s\u00e1g\",\"isPartOf\":{\"@id\":\"https:\\\/\\\/dorogimedence.hu\\\/#website\"},\"datePublished\":\"2017-09-16T07:52:48+00:00\",\"dateModified\":\"2018-06-22T11:02:09+00:00\",\"breadcrumb\":{\"@id\":\"https:\\\/\\\/dorogimedence.hu\\\/index.php\\\/2017\\\/09\\\/16\\\/a-dorogi-hajlektalantamadast-targyalja-a-birosag\\\/#breadcrumb\"},\"inLanguage\":\"hu\",\"potentialAction\":[{\"@type\":\"ReadAction\",\"target\":[\"https:\\\/\\\/dorogimedence.hu\\\/index.php\\\/2017\\\/09\\\/16\\\/a-dorogi-hajlektalantamadast-targyalja-a-birosag\\\/\"]}]},{\"@type\":\"BreadcrumbList\",\"@id\":\"https:\\\/\\\/dorogimedence.hu\\\/index.php\\\/2017\\\/09\\\/16\\\/a-dorogi-hajlektalantamadast-targyalja-a-birosag\\\/#breadcrumb\",\"itemListElement\":[{\"@type\":\"ListItem\",\"position\":1,\"name\":\"Kezd\u0151lap\",\"item\":\"https:\\\/\\\/dorogimedence.hu\\\/\"},{\"@type\":\"ListItem\",\"position\":2,\"name\":\"A dorogi hajl\u00e9ktalant\u00e1mad\u00e1st t\u00e1rgyalja a b\u00edr\u00f3s\u00e1g\"}]},{\"@type\":\"WebSite\",\"@id\":\"https:\\\/\\\/dorogimedence.hu\\\/#website\",\"url\":\"https:\\\/\\\/dorogimedence.hu\\\/\",\"name\":\"Dorogi-medence Region\u00e1lis H\u00edrport\u00e1l\",\"description\":\"Dorog, Keszt\u00f6lc, Le\u00e1nyv\u00e1r, Piliscs\u00e9v, Tokod, Tokodalt\u00e1r\u00f3, Csolnok, Esztergom-kertv\u00e1ros: h\u00edrek, programok\",\"publisher\":{\"@id\":\"https:\\\/\\\/dorogimedence.hu\\\/#organization\"},\"potentialAction\":[{\"@type\":\"SearchAction\",\"target\":{\"@type\":\"EntryPoint\",\"urlTemplate\":\"https:\\\/\\\/dorogimedence.hu\\\/?s={search_term_string}\"},\"query-input\":{\"@type\":\"PropertyValueSpecification\",\"valueRequired\":true,\"valueName\":\"search_term_string\"}}],\"inLanguage\":\"hu\"},{\"@type\":\"Organization\",\"@id\":\"https:\\\/\\\/dorogimedence.hu\\\/#organization\",\"name\":\"Dorogi-medence Region\u00e1lis H\u00edrport\u00e1l\",\"url\":\"https:\\\/\\\/dorogimedence.hu\\\/\",\"logo\":{\"@type\":\"ImageObject\",\"inLanguage\":\"hu\",\"@id\":\"https:\\\/\\\/dorogimedence.hu\\\/#\\\/schema\\\/logo\\\/image\\\/\",\"url\":\"https:\\\/\\\/dorogimedence.hu\\\/wp-content\\\/uploads\\\/2021\\\/04\\\/logo-feher-600.png\",\"contentUrl\":\"https:\\\/\\\/dorogimedence.hu\\\/wp-content\\\/uploads\\\/2021\\\/04\\\/logo-feher-600.png\",\"width\":600,\"height\":100,\"caption\":\"Dorogi-medence Region\u00e1lis H\u00edrport\u00e1l\"},\"image\":{\"@id\":\"https:\\\/\\\/dorogimedence.hu\\\/#\\\/schema\\\/logo\\\/image\\\/\"},\"sameAs\":[\"https:\\\/\\\/www.facebook.com\\\/dorogimedence\\\/\"]},{\"@type\":\"Person\",\"@id\":\"https:\\\/\\\/dorogimedence.hu\\\/#\\\/schema\\\/person\\\/ce6091eeb7e95ecdc87890d6aa8e0fd4\",\"name\":\"dorogimedence.hu\",\"image\":{\"@type\":\"ImageObject\",\"inLanguage\":\"hu\",\"@id\":\"\\\/\\\/www.gravatar.com\\\/avatar\\\/d8d45f8901aadff40a4af72c0b826f1d?s=96&#038;r=g&#038;d=mm\",\"url\":\"\\\/\\\/www.gravatar.com\\\/avatar\\\/d8d45f8901aadff40a4af72c0b826f1d?s=96&#038;r=g&#038;d=mm\",\"contentUrl\":\"\\\/\\\/www.gravatar.com\\\/avatar\\\/d8d45f8901aadff40a4af72c0b826f1d?s=96&#038;r=g&#038;d=mm\",\"caption\":\"dorogimedence.hu\"}}]}<\/script>\n<!-- \/ Yoast SEO plugin. -->","yoast_head_json":{"title":"A dorogi hajl\u00e9ktalant\u00e1mad\u00e1st t\u00e1rgyalja a b\u00edr\u00f3s\u00e1g","robots":{"index":"index","follow":"follow","max-snippet":"max-snippet:-1","max-image-preview":"max-image-preview:large","max-video-preview":"max-video-preview:-1"},"canonical":"https:\/\/dorogimedence.hu\/index.php\/2017\/09\/16\/a-dorogi-hajlektalantamadast-targyalja-a-birosag\/","og_locale":"hu_HU","og_type":"article","og_title":"A dorogi hajl\u00e9ktalant\u00e1mad\u00e1st t\u00e1rgyalja a b\u00edr\u00f3s\u00e1g","og_description":"\u00c9letvesz\u00e9lyt okoz\u00f3 testi s\u00e9rt\u00e9s b\u0171ntette \u00e9s m\u00e1s b\u0171ncselekm\u00e9nyek miatt t\u00e1rgyalj\u00e1k B.K. \u00e9s 4 t\u00e1rsa \u00fcgy\u00e9t szeptember 21-\u00e9n a megyei t\u00f6rv\u00e9nysz\u00e9ken \u2013 k\u00f6z\u00f6lte az \u00fcgy\u00e9szs\u00e9g. 2015. okt\u00f3ber 11-\u00e9n d\u00e9lut\u00e1n B. K. I. rend\u0171 v\u00e1dlott \u00e9s bar\u00e1tn\u0151je N. Zs. Dorogon egy parkban tal\u00e1lkoztak hajl\u00e9ktalan s\u00e9rtettekkel, akikkel besz\u00e9lgetni kezdtek. Ek\u00f6zben az egyik s\u00e9rtett, N. Zs. combj\u00e1ra tette a","og_url":"https:\/\/dorogimedence.hu\/index.php\/2017\/09\/16\/a-dorogi-hajlektalantamadast-targyalja-a-birosag\/","og_site_name":"Dorogi-medence Region\u00e1lis H\u00edrport\u00e1l","article_publisher":"https:\/\/www.facebook.com\/dorogimedence\/","article_published_time":"2017-09-16T07:52:48+00:00","article_modified_time":"2018-06-22T11:02:09+00:00","og_image":[{"width":670,"height":365,"url":"https:\/\/i0.wp.com\/dorogimedence.hu\/wp-content\/uploads\/2017\/07\/birosag-01.jpg?fit=670%2C365&ssl=1","type":"image\/jpeg"}],"author":"dorogimedence.hu","twitter_card":"summary_large_image","twitter_misc":{"Szerz\u0151:":"dorogimedence.hu","Becs\u00fclt olvas\u00e1si id\u0151":"3 perc"},"schema":{"@context":"https:\/\/schema.org","@graph":[{"@type":"Article","@id":"https:\/\/dorogimedence.hu\/index.php\/2017\/09\/16\/a-dorogi-hajlektalantamadast-targyalja-a-birosag\/#article","isPartOf":{"@id":"https:\/\/dorogimedence.hu\/index.php\/2017\/09\/16\/a-dorogi-hajlektalantamadast-targyalja-a-birosag\/"},"author":{"name":"dorogimedence.hu","@id":"https:\/\/dorogimedence.hu\/#\/schema\/person\/ce6091eeb7e95ecdc87890d6aa8e0fd4"},"headline":"A dorogi hajl\u00e9ktalant\u00e1mad\u00e1st t\u00e1rgyalja a b\u00edr\u00f3s\u00e1g","datePublished":"2017-09-16T07:52:48+00:00","dateModified":"2018-06-22T11:02:09+00:00","mainEntityOfPage":{"@id":"https:\/\/dorogimedence.hu\/index.php\/2017\/09\/16\/a-dorogi-hajlektalantamadast-targyalja-a-birosag\/"},"wordCount":551,"publisher":{"@id":"https:\/\/dorogimedence.hu\/#organization"},"keywords":["b\u00edr\u00f3s\u00e1g","Dorog","t\u00e1mad\u00e1s","\u00fcgy\u00e9szs\u00e9g","vereked\u00e9s"],"articleSection":["Dorog","H\u00edrek"],"inLanguage":"hu"},{"@type":"WebPage","@id":"https:\/\/dorogimedence.hu\/index.php\/2017\/09\/16\/a-dorogi-hajlektalantamadast-targyalja-a-birosag\/","url":"https:\/\/dorogimedence.hu\/index.php\/2017\/09\/16\/a-dorogi-hajlektalantamadast-targyalja-a-birosag\/","name":"A dorogi hajl\u00e9ktalant\u00e1mad\u00e1st t\u00e1rgyalja a b\u00edr\u00f3s\u00e1g","isPartOf":{"@id":"https:\/\/dorogimedence.hu\/#website"},"datePublished":"2017-09-16T07:52:48+00:00","dateModified":"2018-06-22T11:02:09+00:00","breadcrumb":{"@id":"https:\/\/dorogimedence.hu\/index.php\/2017\/09\/16\/a-dorogi-hajlektalantamadast-targyalja-a-birosag\/#breadcrumb"},"inLanguage":"hu","potentialAction":[{"@type":"ReadAction","target":["https:\/\/dorogimedence.hu\/index.php\/2017\/09\/16\/a-dorogi-hajlektalantamadast-targyalja-a-birosag\/"]}]},{"@type":"BreadcrumbList","@id":"https:\/\/dorogimedence.hu\/index.php\/2017\/09\/16\/a-dorogi-hajlektalantamadast-targyalja-a-birosag\/#breadcrumb","itemListElement":[{"@type":"ListItem","position":1,"name":"Kezd\u0151lap","item":"https:\/\/dorogimedence.hu\/"},{"@type":"ListItem","position":2,"name":"A dorogi hajl\u00e9ktalant\u00e1mad\u00e1st t\u00e1rgyalja a b\u00edr\u00f3s\u00e1g"}]},{"@type":"WebSite","@id":"https:\/\/dorogimedence.hu\/#website","url":"https:\/\/dorogimedence.hu\/","name":"Dorogi-medence Region\u00e1lis H\u00edrport\u00e1l","description":"Dorog, Keszt\u00f6lc, Le\u00e1nyv\u00e1r, Piliscs\u00e9v, Tokod, Tokodalt\u00e1r\u00f3, Csolnok, Esztergom-kertv\u00e1ros: h\u00edrek, programok","publisher":{"@id":"https:\/\/dorogimedence.hu\/#organization"},"potentialAction":[{"@type":"SearchAction","target":{"@type":"EntryPoint","urlTemplate":"https:\/\/dorogimedence.hu\/?s={search_term_string}"},"query-input":{"@type":"PropertyValueSpecification","valueRequired":true,"valueName":"search_term_string"}}],"inLanguage":"hu"},{"@type":"Organization","@id":"https:\/\/dorogimedence.hu\/#organization","name":"Dorogi-medence Region\u00e1lis H\u00edrport\u00e1l","url":"https:\/\/dorogimedence.hu\/","logo":{"@type":"ImageObject","inLanguage":"hu","@id":"https:\/\/dorogimedence.hu\/#\/schema\/logo\/image\/","url":"https:\/\/dorogimedence.hu\/wp-content\/uploads\/2021\/04\/logo-feher-600.png","contentUrl":"https:\/\/dorogimedence.hu\/wp-content\/uploads\/2021\/04\/logo-feher-600.png","width":600,"height":100,"caption":"Dorogi-medence Region\u00e1lis H\u00edrport\u00e1l"},"image":{"@id":"https:\/\/dorogimedence.hu\/#\/schema\/logo\/image\/"},"sameAs":["https:\/\/www.facebook.com\/dorogimedence\/"]},{"@type":"Person","@id":"https:\/\/dorogimedence.hu\/#\/schema\/person\/ce6091eeb7e95ecdc87890d6aa8e0fd4","name":"dorogimedence.hu","image":{"@type":"ImageObject","inLanguage":"hu","@id":"\/\/www.gravatar.com\/avatar\/d8d45f8901aadff40a4af72c0b826f1d?s=96&#038;r=g&#038;d=mm","url":"\/\/www.gravatar.com\/avatar\/d8d45f8901aadff40a4af72c0b826f1d?s=96&#038;r=g&#038;d=mm","contentUrl":"\/\/www.gravatar.com\/avatar\/d8d45f8901aadff40a4af72c0b826f1d?s=96&#038;r=g&#038;d=mm","caption":"dorogimedence.hu"}}]}},"_links":{"self":[{"href":"https:\/\/dorogimedence.hu\/index.php\/wp-json\/wp\/v2\/posts\/5662","targetHints":{"allow":["GET"]}}],"collection":[{"href":"https:\/\/dorogimedence.hu\/index.php\/wp-json\/wp\/v2\/posts"}],"about":[{"href":"https:\/\/dorogimedence.hu\/index.php\/wp-json\/wp\/v2\/types\/post"}],"author":[{"embeddable":true,"href":"https:\/\/dorogimedence.hu\/index.php\/wp-json\/wp\/v2\/users\/1"}],"replies":[{"embeddable":true,"href":"https:\/\/dorogimedence.hu\/index.php\/wp-json\/wp\/v2\/comments?post=5662"}],"version-history":[{"count":0,"href":"https:\/\/dorogimedence.hu\/index.php\/wp-json\/wp\/v2\/posts\/5662\/revisions"}],"wp:attachment":[{"href":"https:\/\/dorogimedence.hu\/index.php\/wp-json\/wp\/v2\/media?parent=5662"}],"wp:term":[{"taxonomy":"category","embeddable":true,"href":"https:\/\/dorogimedence.hu\/index.php\/wp-json\/wp\/v2\/categories?post=5662"},{"taxonomy":"post_tag","embeddable":true,"href":"https:\/\/dorogimedence.hu\/index.php\/wp-json\/wp\/v2\/tags?post=5662"}],"curies":[{"name":"wp","href":"https:\/\/api.w.org\/{rel}","templated":true}]}}