{"id":56544,"date":"2023-09-25T10:29:25","date_gmt":"2023-09-25T08:29:25","guid":{"rendered":"https:\/\/dorogimedence.hu\/?p=56544"},"modified":"2023-09-25T10:29:25","modified_gmt":"2023-09-25T08:29:25","slug":"felsovezetek-karbantartas-miatt-vonatpotlo-autobuszok-kozlekednek","status":"publish","type":"post","link":"https:\/\/dorogimedence.hu\/index.php\/2023\/09\/25\/felsovezetek-karbantartas-miatt-vonatpotlo-autobuszok-kozlekednek\/","title":{"rendered":"Fels\u0151vezet\u00e9k karbantart\u00e1s miatt vonatp\u00f3tl\u00f3 aut\u00f3buszok k\u00f6zlekednek"},"content":{"rendered":"<p><strong>A Budapest\u2014Esztergom vonalon egyes vonatok m\u00f3dos\u00edtott menetrend szerint k\u00f6zlekednek okt\u00f3ber 16-\u00e1n \u00e9jszaka a R\u00e1kosrendez\u0151 \u00e1llom\u00e1son v\u00e9gzett fels\u0151vezet\u00e9k-karbantart\u00e1s miatt.<\/strong><\/p>\n<ul>\n<li><strong>Okt\u00f3ber 16-\u00e1n<\/strong> az Esztergomb\u00f3l a Nyugati p\u00e1lyaudvarra 23:35-kor indul\u00f3 S72-es szem\u00e9lyvonat (2181) helyett Angyalf\u00f6ld \u00e1llom\u00e1s \u00e9s a Nyugati k\u00f6z\u00f6tt p\u00f3tl\u00f3busz k\u00f6zlekedik.<\/li>\n<li><strong>Okt\u00f3ber 17-\u00e9n<\/strong> a Nyugati p\u00e1lyaudvarr\u00f3l Esztergomba 0:25-kor \u00e9s 4:14-kor indul\u00f3 S72-es (2010. 2030) vonat helyett a Nyugati p\u00e1lyaudvar \u00e9s Angyalf\u00f6ld \u00e1llom\u00e1s k\u00f6z\u00f6tt p\u00f3tl\u00f3buszok k\u00f6zlekednek.<\/li>\n<\/ul>\n<p><span style=\"text-decoration: underline; color: #0000ff;\"><a style=\"color: #0000ff;\" href=\"https:\/\/www.mavcsoport.hu\/sites\/default\/files\/upload\/line-lock\/v4_hirdetmeny_2_rakosrendezo_1016_1017.pdf\" target=\"_blank\" rel=\"noopener\">Hirdetm\u00e9ny<\/a>&gt;&gt;<\/span><\/p>\n<p><span style=\"text-decoration: underline; color: #0000ff;\"><a style=\"color: #0000ff;\" href=\"https:\/\/www.mavcsoport.hu\/sites\/default\/files\/upload\/line-lock\/0907-1117_002_070_071_vgz_hrdt_a3_01-1_2023-08-30_web_4.pdf\" target=\"_blank\" rel=\"noopener\">T\u00e9rk\u00e9p<\/a>&gt;&gt;<\/span><\/p>\n<p><em>Forr\u00e1s: M\u00c1V Zrt. Kommunik\u00e1ci\u00f3s Igazgat\u00f3s\u00e1g<\/em><\/p>\n","protected":false},"excerpt":{"rendered":"<p>A Budapest\u2014Esztergom vonalon egyes vonatok m\u00f3dos\u00edtott menetrend szerint k\u00f6zlekednek okt\u00f3ber 16-\u00e1n \u00e9jszaka a R\u00e1kosrendez\u0151 \u00e1llom\u00e1son v\u00e9gzett fels\u0151vezet\u00e9k-karbantart\u00e1s miatt. Okt\u00f3ber 16-\u00e1n az Esztergomb\u00f3l a Nyugati p\u00e1lyaudvarra 23:35-kor indul\u00f3 S72-es szem\u00e9lyvonat (2181) helyett Angyalf\u00f6ld \u00e1llom\u00e1s \u00e9s a Nyugati k\u00f6z\u00f6tt p\u00f3tl\u00f3busz k\u00f6zlekedik. Okt\u00f3ber 17-\u00e9n a Nyugati p\u00e1lyaudvarr\u00f3l Esztergomba 0:25-kor \u00e9s 4:14-kor indul\u00f3 S72-es (2010. 2030) vonat helyett a<\/p>\n","protected":false},"author":1,"featured_media":0,"comment_status":"closed","ping_status":"closed","sticky":false,"template":"","format":"standard","meta":{"ngg_post_thumbnail":0,"footnotes":""},"categories":[3],"tags":[432,292,381,291],"class_list":{"0":"post-56544","1":"post","2":"type-post","3":"status-publish","4":"format-standard","6":"category-hirek","7":"tag-karbantartas","8":"tag-mav","9":"tag-vasut","10":"tag-vonat"},"yoast_head":"<!-- This site is optimized with the Yoast SEO plugin v27.5 - https:\/\/yoast.com\/product\/yoast-seo-wordpress\/ -->\n<title>Fels\u0151vezet\u00e9k karbantart\u00e1s miatt vonatp\u00f3tl\u00f3 aut\u00f3buszok k\u00f6zlekednek<\/title>\n<meta name=\"robots\" content=\"index, follow, max-snippet:-1, max-image-preview:large, max-video-preview:-1\" \/>\n<link rel=\"canonical\" href=\"https:\/\/dorogimedence.hu\/index.php\/2023\/09\/25\/felsovezetek-karbantartas-miatt-vonatpotlo-autobuszok-kozlekednek\/\" class=\"yoast-seo-meta-tag\" \/>\n<meta property=\"og:locale\" content=\"hu_HU\" class=\"yoast-seo-meta-tag\" \/>\n<meta property=\"og:type\" content=\"article\" class=\"yoast-seo-meta-tag\" \/>\n<meta property=\"og:title\" content=\"Fels\u0151vezet\u00e9k karbantart\u00e1s miatt vonatp\u00f3tl\u00f3 aut\u00f3buszok k\u00f6zlekednek\" class=\"yoast-seo-meta-tag\" \/>\n<meta property=\"og:description\" content=\"A Budapest\u2014Esztergom vonalon egyes vonatok m\u00f3dos\u00edtott menetrend szerint k\u00f6zlekednek okt\u00f3ber 16-\u00e1n \u00e9jszaka a R\u00e1kosrendez\u0151 \u00e1llom\u00e1son v\u00e9gzett fels\u0151vezet\u00e9k-karbantart\u00e1s miatt. Okt\u00f3ber 16-\u00e1n az Esztergomb\u00f3l a Nyugati p\u00e1lyaudvarra 23:35-kor indul\u00f3 S72-es szem\u00e9lyvonat (2181) helyett Angyalf\u00f6ld \u00e1llom\u00e1s \u00e9s a Nyugati k\u00f6z\u00f6tt p\u00f3tl\u00f3busz k\u00f6zlekedik. Okt\u00f3ber 17-\u00e9n a Nyugati p\u00e1lyaudvarr\u00f3l Esztergomba 0:25-kor \u00e9s 4:14-kor indul\u00f3 S72-es (2010. 2030) vonat helyett a\" class=\"yoast-seo-meta-tag\" \/>\n<meta property=\"og:url\" content=\"https:\/\/dorogimedence.hu\/index.php\/2023\/09\/25\/felsovezetek-karbantartas-miatt-vonatpotlo-autobuszok-kozlekednek\/\" class=\"yoast-seo-meta-tag\" \/>\n<meta property=\"og:site_name\" content=\"Dorogi-medence Region\u00e1lis H\u00edrport\u00e1l\" class=\"yoast-seo-meta-tag\" \/>\n<meta property=\"article:publisher\" content=\"https:\/\/www.facebook.com\/dorogimedence\/\" class=\"yoast-seo-meta-tag\" \/>\n<meta property=\"article:published_time\" content=\"2023-09-25T08:29:25+00:00\" class=\"yoast-seo-meta-tag\" \/>\n<meta property=\"og:image\" content=\"https:\/\/dorogimedence.hu\/wp-content\/uploads\/2023\/03\/vasut.jpg\" class=\"yoast-seo-meta-tag\" \/>\n\t<meta property=\"og:image:width\" content=\"1200\" class=\"yoast-seo-meta-tag\" \/>\n\t<meta property=\"og:image:height\" content=\"800\" class=\"yoast-seo-meta-tag\" \/>\n\t<meta property=\"og:image:type\" content=\"image\/jpeg\" class=\"yoast-seo-meta-tag\" \/>\n<meta name=\"author\" content=\"dorogimedence.hu\" class=\"yoast-seo-meta-tag\" \/>\n<meta name=\"twitter:card\" content=\"summary_large_image\" class=\"yoast-seo-meta-tag\" \/>\n<meta name=\"twitter:label1\" content=\"Szerz\u0151:\" class=\"yoast-seo-meta-tag\" \/>\n\t<meta name=\"twitter:data1\" content=\"dorogimedence.hu\" class=\"yoast-seo-meta-tag\" \/>\n\t<meta name=\"twitter:label2\" content=\"Becs\u00fclt olvas\u00e1si id\u0151\" class=\"yoast-seo-meta-tag\" \/>\n\t<meta name=\"twitter:data2\" content=\"1 perc\" class=\"yoast-seo-meta-tag\" \/>\n<script type=\"application\/ld+json\" class=\"yoast-schema-graph\">{\"@context\":\"https:\\\/\\\/schema.org\",\"@graph\":[{\"@type\":\"Article\",\"@id\":\"https:\\\/\\\/dorogimedence.hu\\\/index.php\\\/2023\\\/09\\\/25\\\/felsovezetek-karbantartas-miatt-vonatpotlo-autobuszok-kozlekednek\\\/#article\",\"isPartOf\":{\"@id\":\"https:\\\/\\\/dorogimedence.hu\\\/index.php\\\/2023\\\/09\\\/25\\\/felsovezetek-karbantartas-miatt-vonatpotlo-autobuszok-kozlekednek\\\/\"},\"author\":{\"name\":\"dorogimedence.hu\",\"@id\":\"https:\\\/\\\/dorogimedence.hu\\\/#\\\/schema\\\/person\\\/ce6091eeb7e95ecdc87890d6aa8e0fd4\"},\"headline\":\"Fels\u0151vezet\u00e9k karbantart\u00e1s miatt vonatp\u00f3tl\u00f3 aut\u00f3buszok k\u00f6zlekednek\",\"datePublished\":\"2023-09-25T08:29:25+00:00\",\"mainEntityOfPage\":{\"@id\":\"https:\\\/\\\/dorogimedence.hu\\\/index.php\\\/2023\\\/09\\\/25\\\/felsovezetek-karbantartas-miatt-vonatpotlo-autobuszok-kozlekednek\\\/\"},\"wordCount\":130,\"publisher\":{\"@id\":\"https:\\\/\\\/dorogimedence.hu\\\/#organization\"},\"keywords\":[\"karbantart\u00e1s\",\"m\u00e1v\",\"vas\u00fat\",\"vonat\"],\"articleSection\":[\"H\u00edrek\"],\"inLanguage\":\"hu\"},{\"@type\":\"WebPage\",\"@id\":\"https:\\\/\\\/dorogimedence.hu\\\/index.php\\\/2023\\\/09\\\/25\\\/felsovezetek-karbantartas-miatt-vonatpotlo-autobuszok-kozlekednek\\\/\",\"url\":\"https:\\\/\\\/dorogimedence.hu\\\/index.php\\\/2023\\\/09\\\/25\\\/felsovezetek-karbantartas-miatt-vonatpotlo-autobuszok-kozlekednek\\\/\",\"name\":\"Fels\u0151vezet\u00e9k karbantart\u00e1s miatt vonatp\u00f3tl\u00f3 aut\u00f3buszok k\u00f6zlekednek\",\"isPartOf\":{\"@id\":\"https:\\\/\\\/dorogimedence.hu\\\/#website\"},\"datePublished\":\"2023-09-25T08:29:25+00:00\",\"breadcrumb\":{\"@id\":\"https:\\\/\\\/dorogimedence.hu\\\/index.php\\\/2023\\\/09\\\/25\\\/felsovezetek-karbantartas-miatt-vonatpotlo-autobuszok-kozlekednek\\\/#breadcrumb\"},\"inLanguage\":\"hu\",\"potentialAction\":[{\"@type\":\"ReadAction\",\"target\":[\"https:\\\/\\\/dorogimedence.hu\\\/index.php\\\/2023\\\/09\\\/25\\\/felsovezetek-karbantartas-miatt-vonatpotlo-autobuszok-kozlekednek\\\/\"]}]},{\"@type\":\"BreadcrumbList\",\"@id\":\"https:\\\/\\\/dorogimedence.hu\\\/index.php\\\/2023\\\/09\\\/25\\\/felsovezetek-karbantartas-miatt-vonatpotlo-autobuszok-kozlekednek\\\/#breadcrumb\",\"itemListElement\":[{\"@type\":\"ListItem\",\"position\":1,\"name\":\"Kezd\u0151lap\",\"item\":\"https:\\\/\\\/dorogimedence.hu\\\/\"},{\"@type\":\"ListItem\",\"position\":2,\"name\":\"Fels\u0151vezet\u00e9k karbantart\u00e1s miatt vonatp\u00f3tl\u00f3 aut\u00f3buszok k\u00f6zlekednek\"}]},{\"@type\":\"WebSite\",\"@id\":\"https:\\\/\\\/dorogimedence.hu\\\/#website\",\"url\":\"https:\\\/\\\/dorogimedence.hu\\\/\",\"name\":\"Dorogi-medence Region\u00e1lis H\u00edrport\u00e1l\",\"description\":\"Dorog, Keszt\u00f6lc, Le\u00e1nyv\u00e1r, Piliscs\u00e9v, Tokod, Tokodalt\u00e1r\u00f3, Csolnok, Esztergom-kertv\u00e1ros: h\u00edrek, programok\",\"publisher\":{\"@id\":\"https:\\\/\\\/dorogimedence.hu\\\/#organization\"},\"potentialAction\":[{\"@type\":\"SearchAction\",\"target\":{\"@type\":\"EntryPoint\",\"urlTemplate\":\"https:\\\/\\\/dorogimedence.hu\\\/?s={search_term_string}\"},\"query-input\":{\"@type\":\"PropertyValueSpecification\",\"valueRequired\":true,\"valueName\":\"search_term_string\"}}],\"inLanguage\":\"hu\"},{\"@type\":\"Organization\",\"@id\":\"https:\\\/\\\/dorogimedence.hu\\\/#organization\",\"name\":\"Dorogi-medence Region\u00e1lis H\u00edrport\u00e1l\",\"url\":\"https:\\\/\\\/dorogimedence.hu\\\/\",\"logo\":{\"@type\":\"ImageObject\",\"inLanguage\":\"hu\",\"@id\":\"https:\\\/\\\/dorogimedence.hu\\\/#\\\/schema\\\/logo\\\/image\\\/\",\"url\":\"https:\\\/\\\/dorogimedence.hu\\\/wp-content\\\/uploads\\\/2021\\\/04\\\/logo-feher-600.png\",\"contentUrl\":\"https:\\\/\\\/dorogimedence.hu\\\/wp-content\\\/uploads\\\/2021\\\/04\\\/logo-feher-600.png\",\"width\":600,\"height\":100,\"caption\":\"Dorogi-medence Region\u00e1lis H\u00edrport\u00e1l\"},\"image\":{\"@id\":\"https:\\\/\\\/dorogimedence.hu\\\/#\\\/schema\\\/logo\\\/image\\\/\"},\"sameAs\":[\"https:\\\/\\\/www.facebook.com\\\/dorogimedence\\\/\"]},{\"@type\":\"Person\",\"@id\":\"https:\\\/\\\/dorogimedence.hu\\\/#\\\/schema\\\/person\\\/ce6091eeb7e95ecdc87890d6aa8e0fd4\",\"name\":\"dorogimedence.hu\",\"image\":{\"@type\":\"ImageObject\",\"inLanguage\":\"hu\",\"@id\":\"\\\/\\\/www.gravatar.com\\\/avatar\\\/d8d45f8901aadff40a4af72c0b826f1d?s=96&#038;r=g&#038;d=mm\",\"url\":\"\\\/\\\/www.gravatar.com\\\/avatar\\\/d8d45f8901aadff40a4af72c0b826f1d?s=96&#038;r=g&#038;d=mm\",\"contentUrl\":\"\\\/\\\/www.gravatar.com\\\/avatar\\\/d8d45f8901aadff40a4af72c0b826f1d?s=96&#038;r=g&#038;d=mm\",\"caption\":\"dorogimedence.hu\"}}]}<\/script>\n<!-- \/ Yoast SEO plugin. -->","yoast_head_json":{"title":"Fels\u0151vezet\u00e9k karbantart\u00e1s miatt vonatp\u00f3tl\u00f3 aut\u00f3buszok k\u00f6zlekednek","robots":{"index":"index","follow":"follow","max-snippet":"max-snippet:-1","max-image-preview":"max-image-preview:large","max-video-preview":"max-video-preview:-1"},"canonical":"https:\/\/dorogimedence.hu\/index.php\/2023\/09\/25\/felsovezetek-karbantartas-miatt-vonatpotlo-autobuszok-kozlekednek\/","og_locale":"hu_HU","og_type":"article","og_title":"Fels\u0151vezet\u00e9k karbantart\u00e1s miatt vonatp\u00f3tl\u00f3 aut\u00f3buszok k\u00f6zlekednek","og_description":"A Budapest\u2014Esztergom vonalon egyes vonatok m\u00f3dos\u00edtott menetrend szerint k\u00f6zlekednek okt\u00f3ber 16-\u00e1n \u00e9jszaka a R\u00e1kosrendez\u0151 \u00e1llom\u00e1son v\u00e9gzett fels\u0151vezet\u00e9k-karbantart\u00e1s miatt. Okt\u00f3ber 16-\u00e1n az Esztergomb\u00f3l a Nyugati p\u00e1lyaudvarra 23:35-kor indul\u00f3 S72-es szem\u00e9lyvonat (2181) helyett Angyalf\u00f6ld \u00e1llom\u00e1s \u00e9s a Nyugati k\u00f6z\u00f6tt p\u00f3tl\u00f3busz k\u00f6zlekedik. Okt\u00f3ber 17-\u00e9n a Nyugati p\u00e1lyaudvarr\u00f3l Esztergomba 0:25-kor \u00e9s 4:14-kor indul\u00f3 S72-es (2010. 2030) vonat helyett a","og_url":"https:\/\/dorogimedence.hu\/index.php\/2023\/09\/25\/felsovezetek-karbantartas-miatt-vonatpotlo-autobuszok-kozlekednek\/","og_site_name":"Dorogi-medence Region\u00e1lis H\u00edrport\u00e1l","article_publisher":"https:\/\/www.facebook.com\/dorogimedence\/","article_published_time":"2023-09-25T08:29:25+00:00","og_image":[{"width":1200,"height":800,"url":"https:\/\/dorogimedence.hu\/wp-content\/uploads\/2023\/03\/vasut.jpg","type":"image\/jpeg"}],"author":"dorogimedence.hu","twitter_card":"summary_large_image","twitter_misc":{"Szerz\u0151:":"dorogimedence.hu","Becs\u00fclt olvas\u00e1si id\u0151":"1 perc"},"schema":{"@context":"https:\/\/schema.org","@graph":[{"@type":"Article","@id":"https:\/\/dorogimedence.hu\/index.php\/2023\/09\/25\/felsovezetek-karbantartas-miatt-vonatpotlo-autobuszok-kozlekednek\/#article","isPartOf":{"@id":"https:\/\/dorogimedence.hu\/index.php\/2023\/09\/25\/felsovezetek-karbantartas-miatt-vonatpotlo-autobuszok-kozlekednek\/"},"author":{"name":"dorogimedence.hu","@id":"https:\/\/dorogimedence.hu\/#\/schema\/person\/ce6091eeb7e95ecdc87890d6aa8e0fd4"},"headline":"Fels\u0151vezet\u00e9k karbantart\u00e1s miatt vonatp\u00f3tl\u00f3 aut\u00f3buszok k\u00f6zlekednek","datePublished":"2023-09-25T08:29:25+00:00","mainEntityOfPage":{"@id":"https:\/\/dorogimedence.hu\/index.php\/2023\/09\/25\/felsovezetek-karbantartas-miatt-vonatpotlo-autobuszok-kozlekednek\/"},"wordCount":130,"publisher":{"@id":"https:\/\/dorogimedence.hu\/#organization"},"keywords":["karbantart\u00e1s","m\u00e1v","vas\u00fat","vonat"],"articleSection":["H\u00edrek"],"inLanguage":"hu"},{"@type":"WebPage","@id":"https:\/\/dorogimedence.hu\/index.php\/2023\/09\/25\/felsovezetek-karbantartas-miatt-vonatpotlo-autobuszok-kozlekednek\/","url":"https:\/\/dorogimedence.hu\/index.php\/2023\/09\/25\/felsovezetek-karbantartas-miatt-vonatpotlo-autobuszok-kozlekednek\/","name":"Fels\u0151vezet\u00e9k karbantart\u00e1s miatt vonatp\u00f3tl\u00f3 aut\u00f3buszok k\u00f6zlekednek","isPartOf":{"@id":"https:\/\/dorogimedence.hu\/#website"},"datePublished":"2023-09-25T08:29:25+00:00","breadcrumb":{"@id":"https:\/\/dorogimedence.hu\/index.php\/2023\/09\/25\/felsovezetek-karbantartas-miatt-vonatpotlo-autobuszok-kozlekednek\/#breadcrumb"},"inLanguage":"hu","potentialAction":[{"@type":"ReadAction","target":["https:\/\/dorogimedence.hu\/index.php\/2023\/09\/25\/felsovezetek-karbantartas-miatt-vonatpotlo-autobuszok-kozlekednek\/"]}]},{"@type":"BreadcrumbList","@id":"https:\/\/dorogimedence.hu\/index.php\/2023\/09\/25\/felsovezetek-karbantartas-miatt-vonatpotlo-autobuszok-kozlekednek\/#breadcrumb","itemListElement":[{"@type":"ListItem","position":1,"name":"Kezd\u0151lap","item":"https:\/\/dorogimedence.hu\/"},{"@type":"ListItem","position":2,"name":"Fels\u0151vezet\u00e9k karbantart\u00e1s miatt vonatp\u00f3tl\u00f3 aut\u00f3buszok k\u00f6zlekednek"}]},{"@type":"WebSite","@id":"https:\/\/dorogimedence.hu\/#website","url":"https:\/\/dorogimedence.hu\/","name":"Dorogi-medence Region\u00e1lis H\u00edrport\u00e1l","description":"Dorog, Keszt\u00f6lc, Le\u00e1nyv\u00e1r, Piliscs\u00e9v, Tokod, Tokodalt\u00e1r\u00f3, Csolnok, Esztergom-kertv\u00e1ros: h\u00edrek, programok","publisher":{"@id":"https:\/\/dorogimedence.hu\/#organization"},"potentialAction":[{"@type":"SearchAction","target":{"@type":"EntryPoint","urlTemplate":"https:\/\/dorogimedence.hu\/?s={search_term_string}"},"query-input":{"@type":"PropertyValueSpecification","valueRequired":true,"valueName":"search_term_string"}}],"inLanguage":"hu"},{"@type":"Organization","@id":"https:\/\/dorogimedence.hu\/#organization","name":"Dorogi-medence Region\u00e1lis H\u00edrport\u00e1l","url":"https:\/\/dorogimedence.hu\/","logo":{"@type":"ImageObject","inLanguage":"hu","@id":"https:\/\/dorogimedence.hu\/#\/schema\/logo\/image\/","url":"https:\/\/dorogimedence.hu\/wp-content\/uploads\/2021\/04\/logo-feher-600.png","contentUrl":"https:\/\/dorogimedence.hu\/wp-content\/uploads\/2021\/04\/logo-feher-600.png","width":600,"height":100,"caption":"Dorogi-medence Region\u00e1lis H\u00edrport\u00e1l"},"image":{"@id":"https:\/\/dorogimedence.hu\/#\/schema\/logo\/image\/"},"sameAs":["https:\/\/www.facebook.com\/dorogimedence\/"]},{"@type":"Person","@id":"https:\/\/dorogimedence.hu\/#\/schema\/person\/ce6091eeb7e95ecdc87890d6aa8e0fd4","name":"dorogimedence.hu","image":{"@type":"ImageObject","inLanguage":"hu","@id":"\/\/www.gravatar.com\/avatar\/d8d45f8901aadff40a4af72c0b826f1d?s=96&#038;r=g&#038;d=mm","url":"\/\/www.gravatar.com\/avatar\/d8d45f8901aadff40a4af72c0b826f1d?s=96&#038;r=g&#038;d=mm","contentUrl":"\/\/www.gravatar.com\/avatar\/d8d45f8901aadff40a4af72c0b826f1d?s=96&#038;r=g&#038;d=mm","caption":"dorogimedence.hu"}}]}},"_links":{"self":[{"href":"https:\/\/dorogimedence.hu\/index.php\/wp-json\/wp\/v2\/posts\/56544","targetHints":{"allow":["GET"]}}],"collection":[{"href":"https:\/\/dorogimedence.hu\/index.php\/wp-json\/wp\/v2\/posts"}],"about":[{"href":"https:\/\/dorogimedence.hu\/index.php\/wp-json\/wp\/v2\/types\/post"}],"author":[{"embeddable":true,"href":"https:\/\/dorogimedence.hu\/index.php\/wp-json\/wp\/v2\/users\/1"}],"replies":[{"embeddable":true,"href":"https:\/\/dorogimedence.hu\/index.php\/wp-json\/wp\/v2\/comments?post=56544"}],"version-history":[{"count":0,"href":"https:\/\/dorogimedence.hu\/index.php\/wp-json\/wp\/v2\/posts\/56544\/revisions"}],"wp:attachment":[{"href":"https:\/\/dorogimedence.hu\/index.php\/wp-json\/wp\/v2\/media?parent=56544"}],"wp:term":[{"taxonomy":"category","embeddable":true,"href":"https:\/\/dorogimedence.hu\/index.php\/wp-json\/wp\/v2\/categories?post=56544"},{"taxonomy":"post_tag","embeddable":true,"href":"https:\/\/dorogimedence.hu\/index.php\/wp-json\/wp\/v2\/tags?post=56544"}],"curies":[{"name":"wp","href":"https:\/\/api.w.org\/{rel}","templated":true}]}}