{"id":56480,"date":"2023-09-22T14:27:36","date_gmt":"2023-09-22T12:27:36","guid":{"rendered":"https:\/\/dorogimedence.hu\/?p=56480"},"modified":"2023-09-22T14:27:36","modified_gmt":"2023-09-22T12:27:36","slug":"automentes-nap-dorogon-es-esztergomban","status":"publish","type":"post","link":"https:\/\/dorogimedence.hu\/index.php\/2023\/09\/22\/automentes-nap-dorogon-es-esztergomban\/","title":{"rendered":"Aut\u00f3mentes nap Dorogon \u00e9s Esztergomban"},"content":{"rendered":"<p><strong>Sz\u00ednes programokkal \u00e9s bicajoz\u00e1ssal \u00fcnnepelt\u00e9k a gyerekek az eur\u00f3pai aut\u00f3mentes napot Dorogon \u00e9s Esztergomban szeptember 22-\u00e9n, p\u00e9nteken.<\/strong><\/p>\n<p>Az eur\u00f3pai aut\u00f3mentes nap (nem hivatalosan: aut\u00f3mentes vil\u00e1gnap) egy 1998 \u00f3ta minden \u00e9vben szeptember 22-\u00e9n megtartott \u2013 a t\u00e1rsadalom k\u00f6rnyezettudatoss\u00e1g\u00e1t er\u0151s\u00edteni hivatott \u2013 rendezv\u00e9nysorozat, amely fel k\u00edv\u00e1nja h\u00edvni a v\u00e1roslak\u00f3k \u00e9s a v\u00e1rosvezet\u00e9s figyelm\u00e9t a megn\u00f6vekedett aut\u00f3forgalom okozta k\u00f6rnyezeti, baleseti \u00e9s v\u00e1rosk\u00e9pi probl\u00e9m\u00e1kra, valamint a k\u00f6z\u00f6ss\u00e9gi, a ker\u00e9kp\u00e1ros \u00e9s a gyalogos k\u00f6zleked\u00e9s fejleszt\u00e9s\u00e9nek sz\u00fcks\u00e9gess\u00e9g\u00e9re.<\/p>\n<p><img fetchpriority=\"high\" decoding=\"async\" class=\"alignnone size-full wp-image-56482\" src=\"https:\/\/dorogimedence.hu\/wp-content\/uploads\/2023\/09\/automentes-02.jpg\" alt=\"\" width=\"1920\" height=\"1280\" srcset=\"https:\/\/dorogimedence.hu\/wp-content\/uploads\/2023\/09\/automentes-02.jpg 1920w, https:\/\/dorogimedence.hu\/wp-content\/uploads\/2023\/09\/automentes-02-600x400.jpg 600w, https:\/\/dorogimedence.hu\/wp-content\/uploads\/2023\/09\/automentes-02-768x512.jpg 768w, https:\/\/dorogimedence.hu\/wp-content\/uploads\/2023\/09\/automentes-02-1536x1024.jpg 1536w, https:\/\/dorogimedence.hu\/wp-content\/uploads\/2023\/09\/automentes-02-150x100.jpg 150w, https:\/\/dorogimedence.hu\/wp-content\/uploads\/2023\/09\/automentes-02-450x300.jpg 450w, https:\/\/dorogimedence.hu\/wp-content\/uploads\/2023\/09\/automentes-02-1200x800.jpg 1200w, https:\/\/dorogimedence.hu\/wp-content\/uploads\/2023\/09\/automentes-02-272x182.jpg 272w\" sizes=\"(max-width: 1920px) 100vw, 1920px\" \/><\/p>\n<p>Dorogon az \u00e1ltal\u00e1nos iskol\u00e1sok a m\u0171vel\u0151d\u00e9si h\u00e1z parkol\u00f3j\u00e1b\u00f3l \u00e1ttekertek a pumpap\u00e1ly\u00e1hoz a Dorogi Sport \u00e9s a Dorogi Ker\u00e9kp\u00e1ros Egyes\u00fclet tagjaival egy\u00fctt, ahol \u00e9rdekes bemutat\u00f3t tekinthettek meg, majd reggelivel vend\u00e9gelt\u00e9k meg \u0151ket. Az ovisok is kivett\u00e9k a r\u00e9sz\u00fcket az aut\u00f3mentes napb\u00f3l, \u0151k h\u00e1rom \u00e1llom\u00e1son vehettek r\u00e9szt. Akad\u00e1lyp\u00e1ly\u00e1n teljes\u00edtettek, v\u00e9gigj\u00e1rt\u00e1k a KRESZ-p\u00e1ly\u00e1t, valamint egy interakt\u00edv program keret\u00e9ben ki kellett tal\u00e1lniuk a ker\u00e9kp\u00e1r tartoz\u00e9kait. A gyermekek a munk\u00e1juk\u00e9rt l\u00e1that\u00f3s\u00e1gi mell\u00e9nyt \u00e9s egy sportszeletet kaptak.<\/p>\n<p><img decoding=\"async\" class=\"alignnone size-full wp-image-56483\" src=\"https:\/\/dorogimedence.hu\/wp-content\/uploads\/2023\/09\/automentes-03.jpg\" alt=\"\" width=\"1920\" height=\"1280\" srcset=\"https:\/\/dorogimedence.hu\/wp-content\/uploads\/2023\/09\/automentes-03.jpg 1920w, https:\/\/dorogimedence.hu\/wp-content\/uploads\/2023\/09\/automentes-03-600x400.jpg 600w, https:\/\/dorogimedence.hu\/wp-content\/uploads\/2023\/09\/automentes-03-768x512.jpg 768w, https:\/\/dorogimedence.hu\/wp-content\/uploads\/2023\/09\/automentes-03-1536x1024.jpg 1536w, https:\/\/dorogimedence.hu\/wp-content\/uploads\/2023\/09\/automentes-03-150x100.jpg 150w, https:\/\/dorogimedence.hu\/wp-content\/uploads\/2023\/09\/automentes-03-450x300.jpg 450w, https:\/\/dorogimedence.hu\/wp-content\/uploads\/2023\/09\/automentes-03-1200x800.jpg 1200w, https:\/\/dorogimedence.hu\/wp-content\/uploads\/2023\/09\/automentes-03-272x182.jpg 272w\" sizes=\"(max-width: 1920px) 100vw, 1920px\" \/><\/p>\n<p>Az Esztergomi K\u00fcll\u0151szaggat\u00f3k Ker\u00e9kp\u00e1r Egyes\u00fclet szervez\u00e9s\u00e9ben az esztergomi Sz\u00e9chenyi t\u00e9ren a d\u00e9lel\u0151tt folyam\u00e1n t\u00f6bb sz\u00e1zan gy\u0171ltek \u00f6ssze a helyi int\u00e9zm\u00e9nyekb\u0151l, ahol szint\u00e9n az aut\u00f3mentes nap, a mozg\u00e1s \u00e9s a bicajoz\u00e1s volt f\u0151szerepben. A sportesem\u00e9nyen r\u00e9szt vett Keszthelyi Nikoletta, k\u00f6rnyezetv\u00e9delem\u00e9rt felel\u0151s helyettes \u00e1llamtitk\u00e1r, Steindl Bal\u00e1zs, Esztergom Megyei Jog\u00fa V\u00e1ros alpolg\u00e1rmestere, Er\u0151s G\u00e1bor, a t\u00e9rs\u00e9g orsz\u00e1ggy\u0171l\u00e9si k\u00e9pvisel\u0151je, dr. Szigeti Tam\u00e1s, a Herman Ott\u00f3 Int\u00e9zet szakmai vezet\u0151je, valamint S\u00fcni, az el\u0151bb eml\u00edtett int\u00e9zet \u00e9letnagys\u00e1g\u00fa kabalafigur\u00e1ja. A gyerekek Harcz R\u00e9ka fitneszedz\u0151 ir\u00e1ny\u00edt\u00e1sa mellett zen\u00e9re meleg\u00edtettek be, majd csoportonk\u00e9nt egy k\u00f6rt tettek meg bring\u00e1val a t\u00e9ren. A gyerekek a mozg\u00e1s ut\u00e1n a t\u00e9ren fel\u00e1ll\u00edtott s\u00e1trakban kreat\u00edv programokon vettek r\u00e9szt, valamint j\u00f3tan\u00e1csokat \u00e9s aj\u00e1nd\u00e9kokat kaptak!<\/p>\n<p><img decoding=\"async\" class=\"alignnone size-full wp-image-56484\" src=\"https:\/\/dorogimedence.hu\/wp-content\/uploads\/2023\/09\/automentes-04.jpg\" alt=\"\" width=\"1920\" height=\"1280\" srcset=\"https:\/\/dorogimedence.hu\/wp-content\/uploads\/2023\/09\/automentes-04.jpg 1920w, https:\/\/dorogimedence.hu\/wp-content\/uploads\/2023\/09\/automentes-04-600x400.jpg 600w, https:\/\/dorogimedence.hu\/wp-content\/uploads\/2023\/09\/automentes-04-768x512.jpg 768w, https:\/\/dorogimedence.hu\/wp-content\/uploads\/2023\/09\/automentes-04-1536x1024.jpg 1536w, https:\/\/dorogimedence.hu\/wp-content\/uploads\/2023\/09\/automentes-04-150x100.jpg 150w, https:\/\/dorogimedence.hu\/wp-content\/uploads\/2023\/09\/automentes-04-450x300.jpg 450w, https:\/\/dorogimedence.hu\/wp-content\/uploads\/2023\/09\/automentes-04-1200x800.jpg 1200w, https:\/\/dorogimedence.hu\/wp-content\/uploads\/2023\/09\/automentes-04-272x182.jpg 272w\" sizes=\"(max-width: 1920px) 100vw, 1920px\" \/><\/p>\n<p><img loading=\"lazy\" decoding=\"async\" class=\"alignnone size-full wp-image-56485\" src=\"https:\/\/dorogimedence.hu\/wp-content\/uploads\/2023\/09\/automentes-05.jpg\" alt=\"\" width=\"1920\" height=\"1280\" srcset=\"https:\/\/dorogimedence.hu\/wp-content\/uploads\/2023\/09\/automentes-05.jpg 1920w, https:\/\/dorogimedence.hu\/wp-content\/uploads\/2023\/09\/automentes-05-600x400.jpg 600w, https:\/\/dorogimedence.hu\/wp-content\/uploads\/2023\/09\/automentes-05-768x512.jpg 768w, https:\/\/dorogimedence.hu\/wp-content\/uploads\/2023\/09\/automentes-05-1536x1024.jpg 1536w, https:\/\/dorogimedence.hu\/wp-content\/uploads\/2023\/09\/automentes-05-150x100.jpg 150w, https:\/\/dorogimedence.hu\/wp-content\/uploads\/2023\/09\/automentes-05-450x300.jpg 450w, https:\/\/dorogimedence.hu\/wp-content\/uploads\/2023\/09\/automentes-05-1200x800.jpg 1200w, https:\/\/dorogimedence.hu\/wp-content\/uploads\/2023\/09\/automentes-05-272x182.jpg 272w\" sizes=\"(max-width: 1920px) 100vw, 1920px\" \/><\/p>\n","protected":false},"excerpt":{"rendered":"<p>Sz\u00ednes programokkal \u00e9s bicajoz\u00e1ssal \u00fcnnepelt\u00e9k a gyerekek az eur\u00f3pai aut\u00f3mentes napot Dorogon \u00e9s Esztergomban szeptember 22-\u00e9n, p\u00e9nteken. Az eur\u00f3pai aut\u00f3mentes nap (nem hivatalosan: aut\u00f3mentes vil\u00e1gnap) egy 1998 \u00f3ta minden \u00e9vben szeptember 22-\u00e9n megtartott \u2013 a t\u00e1rsadalom k\u00f6rnyezettudatoss\u00e1g\u00e1t er\u0151s\u00edteni hivatott \u2013 rendezv\u00e9nysorozat, amely fel k\u00edv\u00e1nja h\u00edvni a v\u00e1roslak\u00f3k \u00e9s a v\u00e1rosvezet\u00e9s figyelm\u00e9t a megn\u00f6vekedett aut\u00f3forgalom okozta<\/p>\n","protected":false},"author":1,"featured_media":56481,"comment_status":"closed","ping_status":"closed","sticky":false,"template":"","format":"standard","meta":{"ngg_post_thumbnail":0,"footnotes":""},"categories":[2,38,3],"tags":[3035,7473,15,42,5624],"class_list":{"0":"post-56480","1":"post","2":"type-post","3":"status-publish","4":"format-standard","5":"has-post-thumbnail","7":"category-dorog","8":"category-esztergom","9":"category-hirek","10":"tag-automentes-nap","11":"tag-automentes-vilagnap","12":"tag-dorog","13":"tag-esztergom","14":"tag-featured"},"yoast_head":"<!-- This site is optimized with the Yoast SEO plugin v27.5 - https:\/\/yoast.com\/product\/yoast-seo-wordpress\/ -->\n<title>Aut\u00f3mentes nap Dorogon \u00e9s Esztergomban<\/title>\n<meta name=\"robots\" content=\"index, follow, max-snippet:-1, max-image-preview:large, max-video-preview:-1\" \/>\n<link rel=\"canonical\" href=\"https:\/\/dorogimedence.hu\/index.php\/2023\/09\/22\/automentes-nap-dorogon-es-esztergomban\/\" class=\"yoast-seo-meta-tag\" \/>\n<meta property=\"og:locale\" content=\"hu_HU\" class=\"yoast-seo-meta-tag\" \/>\n<meta property=\"og:type\" content=\"article\" class=\"yoast-seo-meta-tag\" \/>\n<meta property=\"og:title\" content=\"Aut\u00f3mentes nap Dorogon \u00e9s Esztergomban\" class=\"yoast-seo-meta-tag\" \/>\n<meta property=\"og:description\" content=\"Sz\u00ednes programokkal \u00e9s bicajoz\u00e1ssal \u00fcnnepelt\u00e9k a gyerekek az eur\u00f3pai aut\u00f3mentes napot Dorogon \u00e9s Esztergomban szeptember 22-\u00e9n, p\u00e9nteken. Az eur\u00f3pai aut\u00f3mentes nap (nem hivatalosan: aut\u00f3mentes vil\u00e1gnap) egy 1998 \u00f3ta minden \u00e9vben szeptember 22-\u00e9n megtartott \u2013 a t\u00e1rsadalom k\u00f6rnyezettudatoss\u00e1g\u00e1t er\u0151s\u00edteni hivatott \u2013 rendezv\u00e9nysorozat, amely fel k\u00edv\u00e1nja h\u00edvni a v\u00e1roslak\u00f3k \u00e9s a v\u00e1rosvezet\u00e9s figyelm\u00e9t a megn\u00f6vekedett aut\u00f3forgalom okozta\" class=\"yoast-seo-meta-tag\" \/>\n<meta property=\"og:url\" content=\"https:\/\/dorogimedence.hu\/index.php\/2023\/09\/22\/automentes-nap-dorogon-es-esztergomban\/\" class=\"yoast-seo-meta-tag\" \/>\n<meta property=\"og:site_name\" content=\"Dorogi-medence Region\u00e1lis H\u00edrport\u00e1l\" class=\"yoast-seo-meta-tag\" \/>\n<meta property=\"article:publisher\" content=\"https:\/\/www.facebook.com\/dorogimedence\/\" class=\"yoast-seo-meta-tag\" \/>\n<meta property=\"article:published_time\" content=\"2023-09-22T12:27:36+00:00\" class=\"yoast-seo-meta-tag\" \/>\n<meta property=\"og:image\" content=\"https:\/\/dorogimedence.hu\/wp-content\/uploads\/2023\/09\/automentes-01.jpg\" class=\"yoast-seo-meta-tag\" \/>\n\t<meta property=\"og:image:width\" content=\"1920\" class=\"yoast-seo-meta-tag\" \/>\n\t<meta property=\"og:image:height\" content=\"970\" class=\"yoast-seo-meta-tag\" \/>\n\t<meta property=\"og:image:type\" content=\"image\/jpeg\" class=\"yoast-seo-meta-tag\" \/>\n<meta name=\"author\" content=\"dorogimedence.hu\" class=\"yoast-seo-meta-tag\" \/>\n<meta name=\"twitter:card\" content=\"summary_large_image\" class=\"yoast-seo-meta-tag\" \/>\n<meta name=\"twitter:label1\" content=\"Szerz\u0151:\" class=\"yoast-seo-meta-tag\" \/>\n\t<meta name=\"twitter:data1\" content=\"dorogimedence.hu\" class=\"yoast-seo-meta-tag\" \/>\n\t<meta name=\"twitter:label2\" content=\"Becs\u00fclt olvas\u00e1si id\u0151\" class=\"yoast-seo-meta-tag\" \/>\n\t<meta name=\"twitter:data2\" content=\"2 perc\" class=\"yoast-seo-meta-tag\" \/>\n<script type=\"application\/ld+json\" class=\"yoast-schema-graph\">{\"@context\":\"https:\\\/\\\/schema.org\",\"@graph\":[{\"@type\":\"Article\",\"@id\":\"https:\\\/\\\/dorogimedence.hu\\\/index.php\\\/2023\\\/09\\\/22\\\/automentes-nap-dorogon-es-esztergomban\\\/#article\",\"isPartOf\":{\"@id\":\"https:\\\/\\\/dorogimedence.hu\\\/index.php\\\/2023\\\/09\\\/22\\\/automentes-nap-dorogon-es-esztergomban\\\/\"},\"author\":{\"name\":\"dorogimedence.hu\",\"@id\":\"https:\\\/\\\/dorogimedence.hu\\\/#\\\/schema\\\/person\\\/ce6091eeb7e95ecdc87890d6aa8e0fd4\"},\"headline\":\"Aut\u00f3mentes nap Dorogon \u00e9s Esztergomban\",\"datePublished\":\"2023-09-22T12:27:36+00:00\",\"mainEntityOfPage\":{\"@id\":\"https:\\\/\\\/dorogimedence.hu\\\/index.php\\\/2023\\\/09\\\/22\\\/automentes-nap-dorogon-es-esztergomban\\\/\"},\"wordCount\":422,\"publisher\":{\"@id\":\"https:\\\/\\\/dorogimedence.hu\\\/#organization\"},\"image\":{\"@id\":\"https:\\\/\\\/dorogimedence.hu\\\/index.php\\\/2023\\\/09\\\/22\\\/automentes-nap-dorogon-es-esztergomban\\\/#primaryimage\"},\"thumbnailUrl\":\"https:\\\/\\\/dorogimedence.hu\\\/wp-content\\\/uploads\\\/2023\\\/09\\\/automentes-01.jpg\",\"keywords\":[\"aut\u00f3mentes nap\",\"aut\u00f3mentes vil\u00e1gnap\",\"Dorog\",\"esztergom\",\"featured\"],\"articleSection\":[\"Dorog\",\"Esztergom\",\"H\u00edrek\"],\"inLanguage\":\"hu\"},{\"@type\":\"WebPage\",\"@id\":\"https:\\\/\\\/dorogimedence.hu\\\/index.php\\\/2023\\\/09\\\/22\\\/automentes-nap-dorogon-es-esztergomban\\\/\",\"url\":\"https:\\\/\\\/dorogimedence.hu\\\/index.php\\\/2023\\\/09\\\/22\\\/automentes-nap-dorogon-es-esztergomban\\\/\",\"name\":\"Aut\u00f3mentes nap Dorogon \u00e9s Esztergomban\",\"isPartOf\":{\"@id\":\"https:\\\/\\\/dorogimedence.hu\\\/#website\"},\"primaryImageOfPage\":{\"@id\":\"https:\\\/\\\/dorogimedence.hu\\\/index.php\\\/2023\\\/09\\\/22\\\/automentes-nap-dorogon-es-esztergomban\\\/#primaryimage\"},\"image\":{\"@id\":\"https:\\\/\\\/dorogimedence.hu\\\/index.php\\\/2023\\\/09\\\/22\\\/automentes-nap-dorogon-es-esztergomban\\\/#primaryimage\"},\"thumbnailUrl\":\"https:\\\/\\\/dorogimedence.hu\\\/wp-content\\\/uploads\\\/2023\\\/09\\\/automentes-01.jpg\",\"datePublished\":\"2023-09-22T12:27:36+00:00\",\"breadcrumb\":{\"@id\":\"https:\\\/\\\/dorogimedence.hu\\\/index.php\\\/2023\\\/09\\\/22\\\/automentes-nap-dorogon-es-esztergomban\\\/#breadcrumb\"},\"inLanguage\":\"hu\",\"potentialAction\":[{\"@type\":\"ReadAction\",\"target\":[\"https:\\\/\\\/dorogimedence.hu\\\/index.php\\\/2023\\\/09\\\/22\\\/automentes-nap-dorogon-es-esztergomban\\\/\"]}]},{\"@type\":\"ImageObject\",\"inLanguage\":\"hu\",\"@id\":\"https:\\\/\\\/dorogimedence.hu\\\/index.php\\\/2023\\\/09\\\/22\\\/automentes-nap-dorogon-es-esztergomban\\\/#primaryimage\",\"url\":\"https:\\\/\\\/dorogimedence.hu\\\/wp-content\\\/uploads\\\/2023\\\/09\\\/automentes-01.jpg\",\"contentUrl\":\"https:\\\/\\\/dorogimedence.hu\\\/wp-content\\\/uploads\\\/2023\\\/09\\\/automentes-01.jpg\",\"width\":1920,\"height\":970},{\"@type\":\"BreadcrumbList\",\"@id\":\"https:\\\/\\\/dorogimedence.hu\\\/index.php\\\/2023\\\/09\\\/22\\\/automentes-nap-dorogon-es-esztergomban\\\/#breadcrumb\",\"itemListElement\":[{\"@type\":\"ListItem\",\"position\":1,\"name\":\"Kezd\u0151lap\",\"item\":\"https:\\\/\\\/dorogimedence.hu\\\/\"},{\"@type\":\"ListItem\",\"position\":2,\"name\":\"Aut\u00f3mentes nap Dorogon \u00e9s Esztergomban\"}]},{\"@type\":\"WebSite\",\"@id\":\"https:\\\/\\\/dorogimedence.hu\\\/#website\",\"url\":\"https:\\\/\\\/dorogimedence.hu\\\/\",\"name\":\"Dorogi-medence Region\u00e1lis H\u00edrport\u00e1l\",\"description\":\"Dorog, Keszt\u00f6lc, Le\u00e1nyv\u00e1r, Piliscs\u00e9v, Tokod, Tokodalt\u00e1r\u00f3, Csolnok, Esztergom-kertv\u00e1ros: h\u00edrek, programok\",\"publisher\":{\"@id\":\"https:\\\/\\\/dorogimedence.hu\\\/#organization\"},\"potentialAction\":[{\"@type\":\"SearchAction\",\"target\":{\"@type\":\"EntryPoint\",\"urlTemplate\":\"https:\\\/\\\/dorogimedence.hu\\\/?s={search_term_string}\"},\"query-input\":{\"@type\":\"PropertyValueSpecification\",\"valueRequired\":true,\"valueName\":\"search_term_string\"}}],\"inLanguage\":\"hu\"},{\"@type\":\"Organization\",\"@id\":\"https:\\\/\\\/dorogimedence.hu\\\/#organization\",\"name\":\"Dorogi-medence Region\u00e1lis H\u00edrport\u00e1l\",\"url\":\"https:\\\/\\\/dorogimedence.hu\\\/\",\"logo\":{\"@type\":\"ImageObject\",\"inLanguage\":\"hu\",\"@id\":\"https:\\\/\\\/dorogimedence.hu\\\/#\\\/schema\\\/logo\\\/image\\\/\",\"url\":\"https:\\\/\\\/dorogimedence.hu\\\/wp-content\\\/uploads\\\/2021\\\/04\\\/logo-feher-600.png\",\"contentUrl\":\"https:\\\/\\\/dorogimedence.hu\\\/wp-content\\\/uploads\\\/2021\\\/04\\\/logo-feher-600.png\",\"width\":600,\"height\":100,\"caption\":\"Dorogi-medence Region\u00e1lis H\u00edrport\u00e1l\"},\"image\":{\"@id\":\"https:\\\/\\\/dorogimedence.hu\\\/#\\\/schema\\\/logo\\\/image\\\/\"},\"sameAs\":[\"https:\\\/\\\/www.facebook.com\\\/dorogimedence\\\/\"]},{\"@type\":\"Person\",\"@id\":\"https:\\\/\\\/dorogimedence.hu\\\/#\\\/schema\\\/person\\\/ce6091eeb7e95ecdc87890d6aa8e0fd4\",\"name\":\"dorogimedence.hu\",\"image\":{\"@type\":\"ImageObject\",\"inLanguage\":\"hu\",\"@id\":\"\\\/\\\/www.gravatar.com\\\/avatar\\\/d8d45f8901aadff40a4af72c0b826f1d?s=96&#038;r=g&#038;d=mm\",\"url\":\"\\\/\\\/www.gravatar.com\\\/avatar\\\/d8d45f8901aadff40a4af72c0b826f1d?s=96&#038;r=g&#038;d=mm\",\"contentUrl\":\"\\\/\\\/www.gravatar.com\\\/avatar\\\/d8d45f8901aadff40a4af72c0b826f1d?s=96&#038;r=g&#038;d=mm\",\"caption\":\"dorogimedence.hu\"}}]}<\/script>\n<!-- \/ Yoast SEO plugin. -->","yoast_head_json":{"title":"Aut\u00f3mentes nap Dorogon \u00e9s Esztergomban","robots":{"index":"index","follow":"follow","max-snippet":"max-snippet:-1","max-image-preview":"max-image-preview:large","max-video-preview":"max-video-preview:-1"},"canonical":"https:\/\/dorogimedence.hu\/index.php\/2023\/09\/22\/automentes-nap-dorogon-es-esztergomban\/","og_locale":"hu_HU","og_type":"article","og_title":"Aut\u00f3mentes nap Dorogon \u00e9s Esztergomban","og_description":"Sz\u00ednes programokkal \u00e9s bicajoz\u00e1ssal \u00fcnnepelt\u00e9k a gyerekek az eur\u00f3pai aut\u00f3mentes napot Dorogon \u00e9s Esztergomban szeptember 22-\u00e9n, p\u00e9nteken. Az eur\u00f3pai aut\u00f3mentes nap (nem hivatalosan: aut\u00f3mentes vil\u00e1gnap) egy 1998 \u00f3ta minden \u00e9vben szeptember 22-\u00e9n megtartott \u2013 a t\u00e1rsadalom k\u00f6rnyezettudatoss\u00e1g\u00e1t er\u0151s\u00edteni hivatott \u2013 rendezv\u00e9nysorozat, amely fel k\u00edv\u00e1nja h\u00edvni a v\u00e1roslak\u00f3k \u00e9s a v\u00e1rosvezet\u00e9s figyelm\u00e9t a megn\u00f6vekedett aut\u00f3forgalom okozta","og_url":"https:\/\/dorogimedence.hu\/index.php\/2023\/09\/22\/automentes-nap-dorogon-es-esztergomban\/","og_site_name":"Dorogi-medence Region\u00e1lis H\u00edrport\u00e1l","article_publisher":"https:\/\/www.facebook.com\/dorogimedence\/","article_published_time":"2023-09-22T12:27:36+00:00","og_image":[{"width":1920,"height":970,"url":"https:\/\/dorogimedence.hu\/wp-content\/uploads\/2023\/09\/automentes-01.jpg","type":"image\/jpeg"}],"author":"dorogimedence.hu","twitter_card":"summary_large_image","twitter_misc":{"Szerz\u0151:":"dorogimedence.hu","Becs\u00fclt olvas\u00e1si id\u0151":"2 perc"},"schema":{"@context":"https:\/\/schema.org","@graph":[{"@type":"Article","@id":"https:\/\/dorogimedence.hu\/index.php\/2023\/09\/22\/automentes-nap-dorogon-es-esztergomban\/#article","isPartOf":{"@id":"https:\/\/dorogimedence.hu\/index.php\/2023\/09\/22\/automentes-nap-dorogon-es-esztergomban\/"},"author":{"name":"dorogimedence.hu","@id":"https:\/\/dorogimedence.hu\/#\/schema\/person\/ce6091eeb7e95ecdc87890d6aa8e0fd4"},"headline":"Aut\u00f3mentes nap Dorogon \u00e9s Esztergomban","datePublished":"2023-09-22T12:27:36+00:00","mainEntityOfPage":{"@id":"https:\/\/dorogimedence.hu\/index.php\/2023\/09\/22\/automentes-nap-dorogon-es-esztergomban\/"},"wordCount":422,"publisher":{"@id":"https:\/\/dorogimedence.hu\/#organization"},"image":{"@id":"https:\/\/dorogimedence.hu\/index.php\/2023\/09\/22\/automentes-nap-dorogon-es-esztergomban\/#primaryimage"},"thumbnailUrl":"https:\/\/dorogimedence.hu\/wp-content\/uploads\/2023\/09\/automentes-01.jpg","keywords":["aut\u00f3mentes nap","aut\u00f3mentes vil\u00e1gnap","Dorog","esztergom","featured"],"articleSection":["Dorog","Esztergom","H\u00edrek"],"inLanguage":"hu"},{"@type":"WebPage","@id":"https:\/\/dorogimedence.hu\/index.php\/2023\/09\/22\/automentes-nap-dorogon-es-esztergomban\/","url":"https:\/\/dorogimedence.hu\/index.php\/2023\/09\/22\/automentes-nap-dorogon-es-esztergomban\/","name":"Aut\u00f3mentes nap Dorogon \u00e9s Esztergomban","isPartOf":{"@id":"https:\/\/dorogimedence.hu\/#website"},"primaryImageOfPage":{"@id":"https:\/\/dorogimedence.hu\/index.php\/2023\/09\/22\/automentes-nap-dorogon-es-esztergomban\/#primaryimage"},"image":{"@id":"https:\/\/dorogimedence.hu\/index.php\/2023\/09\/22\/automentes-nap-dorogon-es-esztergomban\/#primaryimage"},"thumbnailUrl":"https:\/\/dorogimedence.hu\/wp-content\/uploads\/2023\/09\/automentes-01.jpg","datePublished":"2023-09-22T12:27:36+00:00","breadcrumb":{"@id":"https:\/\/dorogimedence.hu\/index.php\/2023\/09\/22\/automentes-nap-dorogon-es-esztergomban\/#breadcrumb"},"inLanguage":"hu","potentialAction":[{"@type":"ReadAction","target":["https:\/\/dorogimedence.hu\/index.php\/2023\/09\/22\/automentes-nap-dorogon-es-esztergomban\/"]}]},{"@type":"ImageObject","inLanguage":"hu","@id":"https:\/\/dorogimedence.hu\/index.php\/2023\/09\/22\/automentes-nap-dorogon-es-esztergomban\/#primaryimage","url":"https:\/\/dorogimedence.hu\/wp-content\/uploads\/2023\/09\/automentes-01.jpg","contentUrl":"https:\/\/dorogimedence.hu\/wp-content\/uploads\/2023\/09\/automentes-01.jpg","width":1920,"height":970},{"@type":"BreadcrumbList","@id":"https:\/\/dorogimedence.hu\/index.php\/2023\/09\/22\/automentes-nap-dorogon-es-esztergomban\/#breadcrumb","itemListElement":[{"@type":"ListItem","position":1,"name":"Kezd\u0151lap","item":"https:\/\/dorogimedence.hu\/"},{"@type":"ListItem","position":2,"name":"Aut\u00f3mentes nap Dorogon \u00e9s Esztergomban"}]},{"@type":"WebSite","@id":"https:\/\/dorogimedence.hu\/#website","url":"https:\/\/dorogimedence.hu\/","name":"Dorogi-medence Region\u00e1lis H\u00edrport\u00e1l","description":"Dorog, Keszt\u00f6lc, Le\u00e1nyv\u00e1r, Piliscs\u00e9v, Tokod, Tokodalt\u00e1r\u00f3, Csolnok, Esztergom-kertv\u00e1ros: h\u00edrek, programok","publisher":{"@id":"https:\/\/dorogimedence.hu\/#organization"},"potentialAction":[{"@type":"SearchAction","target":{"@type":"EntryPoint","urlTemplate":"https:\/\/dorogimedence.hu\/?s={search_term_string}"},"query-input":{"@type":"PropertyValueSpecification","valueRequired":true,"valueName":"search_term_string"}}],"inLanguage":"hu"},{"@type":"Organization","@id":"https:\/\/dorogimedence.hu\/#organization","name":"Dorogi-medence Region\u00e1lis H\u00edrport\u00e1l","url":"https:\/\/dorogimedence.hu\/","logo":{"@type":"ImageObject","inLanguage":"hu","@id":"https:\/\/dorogimedence.hu\/#\/schema\/logo\/image\/","url":"https:\/\/dorogimedence.hu\/wp-content\/uploads\/2021\/04\/logo-feher-600.png","contentUrl":"https:\/\/dorogimedence.hu\/wp-content\/uploads\/2021\/04\/logo-feher-600.png","width":600,"height":100,"caption":"Dorogi-medence Region\u00e1lis H\u00edrport\u00e1l"},"image":{"@id":"https:\/\/dorogimedence.hu\/#\/schema\/logo\/image\/"},"sameAs":["https:\/\/www.facebook.com\/dorogimedence\/"]},{"@type":"Person","@id":"https:\/\/dorogimedence.hu\/#\/schema\/person\/ce6091eeb7e95ecdc87890d6aa8e0fd4","name":"dorogimedence.hu","image":{"@type":"ImageObject","inLanguage":"hu","@id":"\/\/www.gravatar.com\/avatar\/d8d45f8901aadff40a4af72c0b826f1d?s=96&#038;r=g&#038;d=mm","url":"\/\/www.gravatar.com\/avatar\/d8d45f8901aadff40a4af72c0b826f1d?s=96&#038;r=g&#038;d=mm","contentUrl":"\/\/www.gravatar.com\/avatar\/d8d45f8901aadff40a4af72c0b826f1d?s=96&#038;r=g&#038;d=mm","caption":"dorogimedence.hu"}}]}},"_links":{"self":[{"href":"https:\/\/dorogimedence.hu\/index.php\/wp-json\/wp\/v2\/posts\/56480","targetHints":{"allow":["GET"]}}],"collection":[{"href":"https:\/\/dorogimedence.hu\/index.php\/wp-json\/wp\/v2\/posts"}],"about":[{"href":"https:\/\/dorogimedence.hu\/index.php\/wp-json\/wp\/v2\/types\/post"}],"author":[{"embeddable":true,"href":"https:\/\/dorogimedence.hu\/index.php\/wp-json\/wp\/v2\/users\/1"}],"replies":[{"embeddable":true,"href":"https:\/\/dorogimedence.hu\/index.php\/wp-json\/wp\/v2\/comments?post=56480"}],"version-history":[{"count":0,"href":"https:\/\/dorogimedence.hu\/index.php\/wp-json\/wp\/v2\/posts\/56480\/revisions"}],"wp:featuredmedia":[{"embeddable":true,"href":"https:\/\/dorogimedence.hu\/index.php\/wp-json\/wp\/v2\/media\/56481"}],"wp:attachment":[{"href":"https:\/\/dorogimedence.hu\/index.php\/wp-json\/wp\/v2\/media?parent=56480"}],"wp:term":[{"taxonomy":"category","embeddable":true,"href":"https:\/\/dorogimedence.hu\/index.php\/wp-json\/wp\/v2\/categories?post=56480"},{"taxonomy":"post_tag","embeddable":true,"href":"https:\/\/dorogimedence.hu\/index.php\/wp-json\/wp\/v2\/tags?post=56480"}],"curies":[{"name":"wp","href":"https:\/\/api.w.org\/{rel}","templated":true}]}}