{"id":56403,"date":"2023-09-20T10:29:06","date_gmt":"2023-09-20T08:29:06","guid":{"rendered":"https:\/\/dorogimedence.hu\/?p=56403"},"modified":"2023-09-20T10:29:06","modified_gmt":"2023-09-20T08:29:06","slug":"intezmenyek-ujultak-meg-a-baumit-jovoltabol-dorogon","status":"publish","type":"post","link":"https:\/\/dorogimedence.hu\/index.php\/2023\/09\/20\/intezmenyek-ujultak-meg-a-baumit-jovoltabol-dorogon\/","title":{"rendered":"Int\u00e9zm\u00e9nyek \u00fajultak meg a Baumit j\u00f3volt\u00e1b\u00f3l Dorogon"},"content":{"rendered":"<p><strong>Az idei iskola- \u00e9s \u00f3vodakezd\u00e9sre a dorogi Zsigmondy Vilmos Magyar-Angol K\u00e9t Tan\u00edt\u00e1si Nyelv\u0171 Gimn\u00e1ziumba \u00e9s a dorogi Zr\u00ednyi Ilona \u00d3vod\u00e1ba j\u00e1r\u00f3k meglepet\u00e9sben r\u00e9szes\u00fcltek: az int\u00e9zm\u00e9nyekben t\u00f6bb fel\u00faj\u00edt\u00e1si munk\u00e1lat is lezajlott ny\u00e1ron a Baumit j\u00f3volt\u00e1b\u00f3l, hogy a gyerekek \u00e9s a pedag\u00f3gusok modern \u00e9s higi\u00e9nikus k\u00f6rnyezetben kezdhess\u00e9k a tan\u00e9vet.<\/strong><\/p>\n<p>A Baumit Kft. az elm\u00falt \u00e9vekben m\u00e1r sz\u00e1mos oktat\u00e1si \u00e9s vall\u00e1si int\u00e9zm\u00e9ny fel\u00faj\u00edt\u00e1s\u00e1t seg\u00edtette a <em>Baumit Sz\u00edvvel-l\u00e9lekkel Program<\/em> keretein bel\u00fcl. A t\u00e1mogat\u00e1si program legut\u00f3bbi fejleszt\u00e9seire Dorogon ker\u00fclt sor a Zsigmondy Vilmos Magyar-Angol K\u00e9t Tan\u00edt\u00e1si Nyelv\u0171 Gimn\u00e1ziumban, valamint a Zr\u00ednyi Ilona \u00d3vod\u00e1ban, hogy a kisebb \u00e9s nagyobb gyermekek eszt\u00e9tikus, korszer\u0171 l\u00e9gk\u00f6rben t\u00f6lthess\u00e9k napjaikat.<\/p>\n<p>A Zsigmondy Vilmos Magyar-Angol K\u00e9t Tan\u00edt\u00e1si Nyelv\u0171 Gimn\u00e1zium igazgat\u00f3ja hossz\u00fa \u00e9vek \u00f3ta k\u00fczd\u00f6tt az iskola els\u0151 emeleti mell\u00e9khelyis\u00e9g\u00e9nek \u00e1llapotjav\u00edt\u00e1s\u00e1\u00e9rt. Az iskola t\u00f6bbi r\u00e9sze m\u00e1r meg\u00fajult, de az eml\u00edtett helyis\u00e9g az eredeti 1969-es \u00e1llapot\u00e1ban maradt. Az iskola k\u00f6lts\u00e9gvet\u00e9se nem tette lehet\u0151v\u00e9 a fel\u00faj\u00edt\u00e1st \u00e9s p\u00e1ly\u00e1zati lehet\u0151s\u00e9g sem ad\u00f3dott. A Baumit mostani t\u00e1mogat\u00e1s\u00e1nak k\u00f6sz\u00f6nhet\u0151en azonban az \u0151szi tan\u00e9vt\u0151l az iskola tanul\u00f3i \u00e9s tan\u00e1rai \u00fajra \u00e9lvezhetik a modern \u00e9s higi\u00e9nikus k\u00f6rnyezet el\u0151nyeit. A munk\u00e1latokhoz olyan Baumit IonitColor belt\u00e9ri fest\u00e9ket haszn\u00e1ltak, amely akt\u00edvan szab\u00e1lyozza a p\u00e1ratartalmat \u00e9s n\u00f6veli az eg\u00e9szs\u00e9ges leveg\u0151ionok koncentr\u00e1ci\u00f3j\u00e1t. Erre az\u00e9rt volt sz\u00fcks\u00e9g, mert a leveg\u0151 min\u0151s\u00e9ge, k\u00fcl\u00f6n\u00f6sen z\u00e1rt t\u00e9rben, jelent\u0151s hat\u00e1ssal van a di\u00e1kok eg\u00e9szs\u00e9g\u00e9re \u00e9s komfort\u00e9rzet\u00e9re.<\/p>\n<p><img fetchpriority=\"high\" decoding=\"async\" class=\"alignnone size-full wp-image-56405\" src=\"https:\/\/dorogimedence.hu\/wp-content\/uploads\/2023\/09\/dorogi-gimi.jpg\" alt=\"\" width=\"1920\" height=\"1200\" srcset=\"https:\/\/dorogimedence.hu\/wp-content\/uploads\/2023\/09\/dorogi-gimi.jpg 1920w, https:\/\/dorogimedence.hu\/wp-content\/uploads\/2023\/09\/dorogi-gimi-600x375.jpg 600w, https:\/\/dorogimedence.hu\/wp-content\/uploads\/2023\/09\/dorogi-gimi-768x480.jpg 768w, https:\/\/dorogimedence.hu\/wp-content\/uploads\/2023\/09\/dorogi-gimi-1536x960.jpg 1536w, https:\/\/dorogimedence.hu\/wp-content\/uploads\/2023\/09\/dorogi-gimi-150x94.jpg 150w, https:\/\/dorogimedence.hu\/wp-content\/uploads\/2023\/09\/dorogi-gimi-450x281.jpg 450w, https:\/\/dorogimedence.hu\/wp-content\/uploads\/2023\/09\/dorogi-gimi-1200x750.jpg 1200w\" sizes=\"(max-width: 1920px) 100vw, 1920px\" \/><\/p>\n<p>Az 1990-es \u00e9vek v\u00e9g\u00e9n a Zr\u00ednyi Ilona \u00d3voda f\u0151bej\u00e1rat\u00e1nak t\u00e1mfala eszt\u00e9tikus, az \u00e9p\u00fclettel forma-, sz\u00ednvil\u00e1g\u00e1ban harmoniz\u00e1l\u00f3, sz\u00ednes Baumit vakolatot kapott. Az \u00f3vod\u00e1ba \u00e9rkez\u0151kb\u0151l a vid\u00e1m udvari fogad\u00f3 fel\u00fclet mindig nagy tetsz\u00e9st v\u00e1ltott ki \u00e9s az itt dolgoz\u00f3k is \u00f6r\u00f6mmel tekintenek r\u00e1 a mai napig. Sajnos az az\u00f3ta eltelt id\u0151 az \u00e9p\u00fcletet sem k\u00edm\u00e9lte, \u00edgy a burkolat az elm\u00falt \u00e9vtizedek sor\u00e1n megkopott, kifakult. Jav\u00edt\u00e1s\u00e1ra, fel\u00faj\u00edt\u00e1s\u00e1ra ez id\u00e1ig nem ker\u00fclhetett sor olyan min\u0151s\u00e9gben, ami megfelelt volna az \u00f3voda haszn\u00e1l\u00f3k ig\u00e9nyeinek, r\u00e1ad\u00e1sul az \u00e9p\u00fclet h\u00e1ts\u00f3 r\u00e9sz\u00e9n l\u00e9v\u0151 k\u00e9t sz\u00fcrke betonfalra is r\u00e1f\u00e9rt m\u00e1r a renov\u00e1l\u00e1s. A Baumit Kft. \u00e1ltal ny\u00fajtott t\u00e1mogat\u00e1s a <em>Baumit Sz\u00edvvel-l\u00e9lekkel Program<\/em> keret\u00e9ben lehet\u0151v\u00e9 tette az \u00f3voda sz\u00e1m\u00e1ra, hogy fel\u00faj\u00edtsa az \u00e9p\u00fclet bej\u00e1rati ter\u00fclet\u00e9t \u00e9s a hozz\u00e1 kapcsol\u00f3d\u00f3 falakat, \u00edgy visszahozva azok eredeti, vid\u00e1m sz\u00edneit \u00e9s formavil\u00e1g\u00e1t.<\/p>\n<p><img decoding=\"async\" class=\"alignnone size-full wp-image-56406\" src=\"https:\/\/dorogimedence.hu\/wp-content\/uploads\/2023\/09\/dorog-ovoda.jpg\" alt=\"\" width=\"1920\" height=\"1427\" srcset=\"https:\/\/dorogimedence.hu\/wp-content\/uploads\/2023\/09\/dorog-ovoda.jpg 1920w, https:\/\/dorogimedence.hu\/wp-content\/uploads\/2023\/09\/dorog-ovoda-600x446.jpg 600w, https:\/\/dorogimedence.hu\/wp-content\/uploads\/2023\/09\/dorog-ovoda-768x571.jpg 768w, https:\/\/dorogimedence.hu\/wp-content\/uploads\/2023\/09\/dorog-ovoda-1536x1142.jpg 1536w, https:\/\/dorogimedence.hu\/wp-content\/uploads\/2023\/09\/dorog-ovoda-150x111.jpg 150w, https:\/\/dorogimedence.hu\/wp-content\/uploads\/2023\/09\/dorog-ovoda-450x334.jpg 450w, https:\/\/dorogimedence.hu\/wp-content\/uploads\/2023\/09\/dorog-ovoda-1200x892.jpg 1200w\" sizes=\"(max-width: 1920px) 100vw, 1920px\" \/><\/p>\n<p>A Baumit Kft. b\u00fcszke arra, hogy az alap\u00edt\u00e1sa \u00f3ta meg\u0151rizte csal\u00e1dias, seg\u00edt\u0151 \u00e9s adom\u00e1nyoz\u00f3 jellemvon\u00e1s\u00e1t. A v\u00e1llalat t\u00e1rsadalmi felel\u0151ss\u00e9gv\u00e1llal\u00e1si programja keret\u00e9ben ez\u00e9rt t\u00e1mogatja a hozz\u00e1 fordul\u00f3 szervezeteket, int\u00e9zm\u00e9nyeket els\u0151sorban \u00e9p\u00edt\u0151ipari alapanyagaival. Kiemelten fontosak sz\u00e1m\u00e1ra az olyan \u00e9rt\u00e9kek, mint a m\u00e9lt\u00e1nyoss\u00e1g, az eg\u00e9szs\u00e9g \u00e9s a k\u00f6rnyezet\u00fcnk ir\u00e1nt viselt felel\u0151ss\u00e9g, \u00e9s ezeket saj\u00e1t eszk\u00f6zeivel is igyekszik k\u00e9pviselni \u00e9s t\u00e1mogatni. A t\u00e1rsadalmi felel\u0151ss\u00e9gv\u00e1llal\u00e1s keret\u00e9ben v\u00e9gzett tev\u00e9kenys\u00e9geket 2023-t\u00f3l \u00f6sszefoglal\u00f3an Baumit Sz\u00edvvel-l\u00e9lekkel Program n\u00e9vre keresztelte.<\/p>\n<p>A program keretein bel\u00fcl az elm\u00falt \u00e9vekben t\u00f6bbek k\u00f6z\u00f6tt az al\u00e1bbi int\u00e9zm\u00e9nyekben zajlottak fel\u00faj\u00edt\u00e1si munk\u00e1latok:<\/p>\n<ul>\n<li>Zr\u00ednyi Ilona \u00f3voda \u2013 Dorog<\/li>\n<li>E\u00f6tv\u00f6s \u00c1ltal\u00e1nos Iskola \u2013 Dorog<\/li>\n<li>Zsigmondy Vilmos Gimn\u00e1zium \u2013 Dorog<\/li>\n<li>Gete utcai \u00f3voda \u2013 Csolnok<\/li>\n<li>BKSZC Schulek Frigyes K\u00e9t Tan\u00edt\u00e1si Nyelv\u0171 \u00c9p\u00edt\u0151ipari Technikum \u2013 Budapest<\/li>\n<li>BKSZC Ybl Mikl\u00f3s \u00c9p\u00edt\u0151ipari Technikum \u00e9s Szakk\u00e9pz\u0151 Iskola \u2013 Budapest<\/li>\n<li>R\u00f3mai Katolikus Templom \u2013 \u00c1sz\u00e1r<\/li>\n<\/ul>\n<p><em>Fot\u00f3k: Baumit Kft.<\/em><\/p>\n","protected":false},"excerpt":{"rendered":"<p>Az idei iskola- \u00e9s \u00f3vodakezd\u00e9sre a dorogi Zsigmondy Vilmos Magyar-Angol K\u00e9t Tan\u00edt\u00e1si Nyelv\u0171 Gimn\u00e1ziumba \u00e9s a dorogi Zr\u00ednyi Ilona \u00d3vod\u00e1ba j\u00e1r\u00f3k meglepet\u00e9sben r\u00e9szes\u00fcltek: az int\u00e9zm\u00e9nyekben t\u00f6bb fel\u00faj\u00edt\u00e1si munk\u00e1lat is lezajlott ny\u00e1ron a Baumit j\u00f3volt\u00e1b\u00f3l, hogy a gyerekek \u00e9s a pedag\u00f3gusok modern \u00e9s higi\u00e9nikus k\u00f6rnyezetben kezdhess\u00e9k a tan\u00e9vet. A Baumit Kft. az elm\u00falt \u00e9vekben m\u00e1r sz\u00e1mos<\/p>\n","protected":false},"author":1,"featured_media":56404,"comment_status":"closed","ping_status":"closed","sticky":false,"template":"","format":"standard","meta":{"ngg_post_thumbnail":0,"footnotes":""},"categories":[2,3],"tags":[800,15,5624,464,2543,198],"class_list":{"0":"post-56403","1":"post","2":"type-post","3":"status-publish","4":"format-standard","5":"has-post-thumbnail","7":"category-dorog","8":"category-hirek","9":"tag-baumit","10":"tag-dorog","11":"tag-featured","12":"tag-felujitas","13":"tag-gimnazium","14":"tag-ovoda"},"yoast_head":"<!-- This site is optimized with the Yoast SEO plugin v27.4 - https:\/\/yoast.com\/product\/yoast-seo-wordpress\/ -->\n<title>Int\u00e9zm\u00e9nyek \u00fajultak meg a Baumit j\u00f3volt\u00e1b\u00f3l Dorogon<\/title>\n<meta name=\"robots\" content=\"index, follow, max-snippet:-1, max-image-preview:large, max-video-preview:-1\" \/>\n<link rel=\"canonical\" href=\"https:\/\/dorogimedence.hu\/index.php\/2023\/09\/20\/intezmenyek-ujultak-meg-a-baumit-jovoltabol-dorogon\/\" class=\"yoast-seo-meta-tag\" \/>\n<meta property=\"og:locale\" content=\"hu_HU\" class=\"yoast-seo-meta-tag\" \/>\n<meta property=\"og:type\" content=\"article\" class=\"yoast-seo-meta-tag\" \/>\n<meta property=\"og:title\" content=\"Int\u00e9zm\u00e9nyek \u00fajultak meg a Baumit j\u00f3volt\u00e1b\u00f3l Dorogon\" class=\"yoast-seo-meta-tag\" \/>\n<meta property=\"og:description\" content=\"Az idei iskola- \u00e9s \u00f3vodakezd\u00e9sre a dorogi Zsigmondy Vilmos Magyar-Angol K\u00e9t Tan\u00edt\u00e1si Nyelv\u0171 Gimn\u00e1ziumba \u00e9s a dorogi Zr\u00ednyi Ilona \u00d3vod\u00e1ba j\u00e1r\u00f3k meglepet\u00e9sben r\u00e9szes\u00fcltek: az int\u00e9zm\u00e9nyekben t\u00f6bb fel\u00faj\u00edt\u00e1si munk\u00e1lat is lezajlott ny\u00e1ron a Baumit j\u00f3volt\u00e1b\u00f3l, hogy a gyerekek \u00e9s a pedag\u00f3gusok modern \u00e9s higi\u00e9nikus k\u00f6rnyezetben kezdhess\u00e9k a tan\u00e9vet. A Baumit Kft. az elm\u00falt \u00e9vekben m\u00e1r sz\u00e1mos\" class=\"yoast-seo-meta-tag\" \/>\n<meta property=\"og:url\" content=\"https:\/\/dorogimedence.hu\/index.php\/2023\/09\/20\/intezmenyek-ujultak-meg-a-baumit-jovoltabol-dorogon\/\" class=\"yoast-seo-meta-tag\" \/>\n<meta property=\"og:site_name\" content=\"Dorogi-medence Region\u00e1lis H\u00edrport\u00e1l\" class=\"yoast-seo-meta-tag\" \/>\n<meta property=\"article:publisher\" content=\"https:\/\/www.facebook.com\/dorogimedence\/\" class=\"yoast-seo-meta-tag\" \/>\n<meta property=\"article:published_time\" content=\"2023-09-20T08:29:06+00:00\" class=\"yoast-seo-meta-tag\" \/>\n<meta property=\"og:image\" content=\"https:\/\/dorogimedence.hu\/wp-content\/uploads\/2023\/09\/zrinyi-ovi.jpg\" class=\"yoast-seo-meta-tag\" \/>\n\t<meta property=\"og:image:width\" content=\"1920\" class=\"yoast-seo-meta-tag\" \/>\n\t<meta property=\"og:image:height\" content=\"970\" class=\"yoast-seo-meta-tag\" \/>\n\t<meta property=\"og:image:type\" content=\"image\/jpeg\" class=\"yoast-seo-meta-tag\" \/>\n<meta name=\"author\" content=\"dorogimedence.hu\" class=\"yoast-seo-meta-tag\" \/>\n<meta name=\"twitter:card\" content=\"summary_large_image\" class=\"yoast-seo-meta-tag\" \/>\n<meta name=\"twitter:label1\" content=\"Szerz\u0151:\" class=\"yoast-seo-meta-tag\" \/>\n\t<meta name=\"twitter:data1\" content=\"dorogimedence.hu\" class=\"yoast-seo-meta-tag\" \/>\n\t<meta name=\"twitter:label2\" content=\"Becs\u00fclt olvas\u00e1si id\u0151\" class=\"yoast-seo-meta-tag\" \/>\n\t<meta name=\"twitter:data2\" content=\"4 perc\" class=\"yoast-seo-meta-tag\" \/>\n<script type=\"application\/ld+json\" class=\"yoast-schema-graph\">{\"@context\":\"https:\\\/\\\/schema.org\",\"@graph\":[{\"@type\":\"Article\",\"@id\":\"https:\\\/\\\/dorogimedence.hu\\\/index.php\\\/2023\\\/09\\\/20\\\/intezmenyek-ujultak-meg-a-baumit-jovoltabol-dorogon\\\/#article\",\"isPartOf\":{\"@id\":\"https:\\\/\\\/dorogimedence.hu\\\/index.php\\\/2023\\\/09\\\/20\\\/intezmenyek-ujultak-meg-a-baumit-jovoltabol-dorogon\\\/\"},\"author\":{\"name\":\"dorogimedence.hu\",\"@id\":\"https:\\\/\\\/dorogimedence.hu\\\/#\\\/schema\\\/person\\\/ce6091eeb7e95ecdc87890d6aa8e0fd4\"},\"headline\":\"Int\u00e9zm\u00e9nyek \u00fajultak meg a Baumit j\u00f3volt\u00e1b\u00f3l Dorogon\",\"datePublished\":\"2023-09-20T08:29:06+00:00\",\"mainEntityOfPage\":{\"@id\":\"https:\\\/\\\/dorogimedence.hu\\\/index.php\\\/2023\\\/09\\\/20\\\/intezmenyek-ujultak-meg-a-baumit-jovoltabol-dorogon\\\/\"},\"wordCount\":767,\"publisher\":{\"@id\":\"https:\\\/\\\/dorogimedence.hu\\\/#organization\"},\"image\":{\"@id\":\"https:\\\/\\\/dorogimedence.hu\\\/index.php\\\/2023\\\/09\\\/20\\\/intezmenyek-ujultak-meg-a-baumit-jovoltabol-dorogon\\\/#primaryimage\"},\"thumbnailUrl\":\"https:\\\/\\\/dorogimedence.hu\\\/wp-content\\\/uploads\\\/2023\\\/09\\\/zrinyi-ovi.jpg\",\"keywords\":[\"Baumit\",\"Dorog\",\"featured\",\"fel\u00faj\u00edt\u00e1s\",\"gimn\u00e1zium\",\"\u00f3voda\"],\"articleSection\":[\"Dorog\",\"H\u00edrek\"],\"inLanguage\":\"hu\"},{\"@type\":\"WebPage\",\"@id\":\"https:\\\/\\\/dorogimedence.hu\\\/index.php\\\/2023\\\/09\\\/20\\\/intezmenyek-ujultak-meg-a-baumit-jovoltabol-dorogon\\\/\",\"url\":\"https:\\\/\\\/dorogimedence.hu\\\/index.php\\\/2023\\\/09\\\/20\\\/intezmenyek-ujultak-meg-a-baumit-jovoltabol-dorogon\\\/\",\"name\":\"Int\u00e9zm\u00e9nyek \u00fajultak meg a Baumit j\u00f3volt\u00e1b\u00f3l Dorogon\",\"isPartOf\":{\"@id\":\"https:\\\/\\\/dorogimedence.hu\\\/#website\"},\"primaryImageOfPage\":{\"@id\":\"https:\\\/\\\/dorogimedence.hu\\\/index.php\\\/2023\\\/09\\\/20\\\/intezmenyek-ujultak-meg-a-baumit-jovoltabol-dorogon\\\/#primaryimage\"},\"image\":{\"@id\":\"https:\\\/\\\/dorogimedence.hu\\\/index.php\\\/2023\\\/09\\\/20\\\/intezmenyek-ujultak-meg-a-baumit-jovoltabol-dorogon\\\/#primaryimage\"},\"thumbnailUrl\":\"https:\\\/\\\/dorogimedence.hu\\\/wp-content\\\/uploads\\\/2023\\\/09\\\/zrinyi-ovi.jpg\",\"datePublished\":\"2023-09-20T08:29:06+00:00\",\"breadcrumb\":{\"@id\":\"https:\\\/\\\/dorogimedence.hu\\\/index.php\\\/2023\\\/09\\\/20\\\/intezmenyek-ujultak-meg-a-baumit-jovoltabol-dorogon\\\/#breadcrumb\"},\"inLanguage\":\"hu\",\"potentialAction\":[{\"@type\":\"ReadAction\",\"target\":[\"https:\\\/\\\/dorogimedence.hu\\\/index.php\\\/2023\\\/09\\\/20\\\/intezmenyek-ujultak-meg-a-baumit-jovoltabol-dorogon\\\/\"]}]},{\"@type\":\"ImageObject\",\"inLanguage\":\"hu\",\"@id\":\"https:\\\/\\\/dorogimedence.hu\\\/index.php\\\/2023\\\/09\\\/20\\\/intezmenyek-ujultak-meg-a-baumit-jovoltabol-dorogon\\\/#primaryimage\",\"url\":\"https:\\\/\\\/dorogimedence.hu\\\/wp-content\\\/uploads\\\/2023\\\/09\\\/zrinyi-ovi.jpg\",\"contentUrl\":\"https:\\\/\\\/dorogimedence.hu\\\/wp-content\\\/uploads\\\/2023\\\/09\\\/zrinyi-ovi.jpg\",\"width\":1920,\"height\":970},{\"@type\":\"BreadcrumbList\",\"@id\":\"https:\\\/\\\/dorogimedence.hu\\\/index.php\\\/2023\\\/09\\\/20\\\/intezmenyek-ujultak-meg-a-baumit-jovoltabol-dorogon\\\/#breadcrumb\",\"itemListElement\":[{\"@type\":\"ListItem\",\"position\":1,\"name\":\"Kezd\u0151lap\",\"item\":\"https:\\\/\\\/dorogimedence.hu\\\/\"},{\"@type\":\"ListItem\",\"position\":2,\"name\":\"Int\u00e9zm\u00e9nyek \u00fajultak meg a Baumit j\u00f3volt\u00e1b\u00f3l Dorogon\"}]},{\"@type\":\"WebSite\",\"@id\":\"https:\\\/\\\/dorogimedence.hu\\\/#website\",\"url\":\"https:\\\/\\\/dorogimedence.hu\\\/\",\"name\":\"Dorogi-medence Region\u00e1lis H\u00edrport\u00e1l\",\"description\":\"Dorog, Keszt\u00f6lc, Le\u00e1nyv\u00e1r, Piliscs\u00e9v, Tokod, Tokodalt\u00e1r\u00f3, Csolnok, Esztergom-kertv\u00e1ros: h\u00edrek, programok\",\"publisher\":{\"@id\":\"https:\\\/\\\/dorogimedence.hu\\\/#organization\"},\"potentialAction\":[{\"@type\":\"SearchAction\",\"target\":{\"@type\":\"EntryPoint\",\"urlTemplate\":\"https:\\\/\\\/dorogimedence.hu\\\/?s={search_term_string}\"},\"query-input\":{\"@type\":\"PropertyValueSpecification\",\"valueRequired\":true,\"valueName\":\"search_term_string\"}}],\"inLanguage\":\"hu\"},{\"@type\":\"Organization\",\"@id\":\"https:\\\/\\\/dorogimedence.hu\\\/#organization\",\"name\":\"Dorogi-medence Region\u00e1lis H\u00edrport\u00e1l\",\"url\":\"https:\\\/\\\/dorogimedence.hu\\\/\",\"logo\":{\"@type\":\"ImageObject\",\"inLanguage\":\"hu\",\"@id\":\"https:\\\/\\\/dorogimedence.hu\\\/#\\\/schema\\\/logo\\\/image\\\/\",\"url\":\"https:\\\/\\\/dorogimedence.hu\\\/wp-content\\\/uploads\\\/2021\\\/04\\\/logo-feher-600.png\",\"contentUrl\":\"https:\\\/\\\/dorogimedence.hu\\\/wp-content\\\/uploads\\\/2021\\\/04\\\/logo-feher-600.png\",\"width\":600,\"height\":100,\"caption\":\"Dorogi-medence Region\u00e1lis H\u00edrport\u00e1l\"},\"image\":{\"@id\":\"https:\\\/\\\/dorogimedence.hu\\\/#\\\/schema\\\/logo\\\/image\\\/\"},\"sameAs\":[\"https:\\\/\\\/www.facebook.com\\\/dorogimedence\\\/\"]},{\"@type\":\"Person\",\"@id\":\"https:\\\/\\\/dorogimedence.hu\\\/#\\\/schema\\\/person\\\/ce6091eeb7e95ecdc87890d6aa8e0fd4\",\"name\":\"dorogimedence.hu\",\"image\":{\"@type\":\"ImageObject\",\"inLanguage\":\"hu\",\"@id\":\"\\\/\\\/www.gravatar.com\\\/avatar\\\/d8d45f8901aadff40a4af72c0b826f1d?s=96&#038;r=g&#038;d=mm\",\"url\":\"\\\/\\\/www.gravatar.com\\\/avatar\\\/d8d45f8901aadff40a4af72c0b826f1d?s=96&#038;r=g&#038;d=mm\",\"contentUrl\":\"\\\/\\\/www.gravatar.com\\\/avatar\\\/d8d45f8901aadff40a4af72c0b826f1d?s=96&#038;r=g&#038;d=mm\",\"caption\":\"dorogimedence.hu\"}}]}<\/script>\n<!-- \/ Yoast SEO plugin. -->","yoast_head_json":{"title":"Int\u00e9zm\u00e9nyek \u00fajultak meg a Baumit j\u00f3volt\u00e1b\u00f3l Dorogon","robots":{"index":"index","follow":"follow","max-snippet":"max-snippet:-1","max-image-preview":"max-image-preview:large","max-video-preview":"max-video-preview:-1"},"canonical":"https:\/\/dorogimedence.hu\/index.php\/2023\/09\/20\/intezmenyek-ujultak-meg-a-baumit-jovoltabol-dorogon\/","og_locale":"hu_HU","og_type":"article","og_title":"Int\u00e9zm\u00e9nyek \u00fajultak meg a Baumit j\u00f3volt\u00e1b\u00f3l Dorogon","og_description":"Az idei iskola- \u00e9s \u00f3vodakezd\u00e9sre a dorogi Zsigmondy Vilmos Magyar-Angol K\u00e9t Tan\u00edt\u00e1si Nyelv\u0171 Gimn\u00e1ziumba \u00e9s a dorogi Zr\u00ednyi Ilona \u00d3vod\u00e1ba j\u00e1r\u00f3k meglepet\u00e9sben r\u00e9szes\u00fcltek: az int\u00e9zm\u00e9nyekben t\u00f6bb fel\u00faj\u00edt\u00e1si munk\u00e1lat is lezajlott ny\u00e1ron a Baumit j\u00f3volt\u00e1b\u00f3l, hogy a gyerekek \u00e9s a pedag\u00f3gusok modern \u00e9s higi\u00e9nikus k\u00f6rnyezetben kezdhess\u00e9k a tan\u00e9vet. A Baumit Kft. az elm\u00falt \u00e9vekben m\u00e1r sz\u00e1mos","og_url":"https:\/\/dorogimedence.hu\/index.php\/2023\/09\/20\/intezmenyek-ujultak-meg-a-baumit-jovoltabol-dorogon\/","og_site_name":"Dorogi-medence Region\u00e1lis H\u00edrport\u00e1l","article_publisher":"https:\/\/www.facebook.com\/dorogimedence\/","article_published_time":"2023-09-20T08:29:06+00:00","og_image":[{"width":1920,"height":970,"url":"https:\/\/dorogimedence.hu\/wp-content\/uploads\/2023\/09\/zrinyi-ovi.jpg","type":"image\/jpeg"}],"author":"dorogimedence.hu","twitter_card":"summary_large_image","twitter_misc":{"Szerz\u0151:":"dorogimedence.hu","Becs\u00fclt olvas\u00e1si id\u0151":"4 perc"},"schema":{"@context":"https:\/\/schema.org","@graph":[{"@type":"Article","@id":"https:\/\/dorogimedence.hu\/index.php\/2023\/09\/20\/intezmenyek-ujultak-meg-a-baumit-jovoltabol-dorogon\/#article","isPartOf":{"@id":"https:\/\/dorogimedence.hu\/index.php\/2023\/09\/20\/intezmenyek-ujultak-meg-a-baumit-jovoltabol-dorogon\/"},"author":{"name":"dorogimedence.hu","@id":"https:\/\/dorogimedence.hu\/#\/schema\/person\/ce6091eeb7e95ecdc87890d6aa8e0fd4"},"headline":"Int\u00e9zm\u00e9nyek \u00fajultak meg a Baumit j\u00f3volt\u00e1b\u00f3l Dorogon","datePublished":"2023-09-20T08:29:06+00:00","mainEntityOfPage":{"@id":"https:\/\/dorogimedence.hu\/index.php\/2023\/09\/20\/intezmenyek-ujultak-meg-a-baumit-jovoltabol-dorogon\/"},"wordCount":767,"publisher":{"@id":"https:\/\/dorogimedence.hu\/#organization"},"image":{"@id":"https:\/\/dorogimedence.hu\/index.php\/2023\/09\/20\/intezmenyek-ujultak-meg-a-baumit-jovoltabol-dorogon\/#primaryimage"},"thumbnailUrl":"https:\/\/dorogimedence.hu\/wp-content\/uploads\/2023\/09\/zrinyi-ovi.jpg","keywords":["Baumit","Dorog","featured","fel\u00faj\u00edt\u00e1s","gimn\u00e1zium","\u00f3voda"],"articleSection":["Dorog","H\u00edrek"],"inLanguage":"hu"},{"@type":"WebPage","@id":"https:\/\/dorogimedence.hu\/index.php\/2023\/09\/20\/intezmenyek-ujultak-meg-a-baumit-jovoltabol-dorogon\/","url":"https:\/\/dorogimedence.hu\/index.php\/2023\/09\/20\/intezmenyek-ujultak-meg-a-baumit-jovoltabol-dorogon\/","name":"Int\u00e9zm\u00e9nyek \u00fajultak meg a Baumit j\u00f3volt\u00e1b\u00f3l Dorogon","isPartOf":{"@id":"https:\/\/dorogimedence.hu\/#website"},"primaryImageOfPage":{"@id":"https:\/\/dorogimedence.hu\/index.php\/2023\/09\/20\/intezmenyek-ujultak-meg-a-baumit-jovoltabol-dorogon\/#primaryimage"},"image":{"@id":"https:\/\/dorogimedence.hu\/index.php\/2023\/09\/20\/intezmenyek-ujultak-meg-a-baumit-jovoltabol-dorogon\/#primaryimage"},"thumbnailUrl":"https:\/\/dorogimedence.hu\/wp-content\/uploads\/2023\/09\/zrinyi-ovi.jpg","datePublished":"2023-09-20T08:29:06+00:00","breadcrumb":{"@id":"https:\/\/dorogimedence.hu\/index.php\/2023\/09\/20\/intezmenyek-ujultak-meg-a-baumit-jovoltabol-dorogon\/#breadcrumb"},"inLanguage":"hu","potentialAction":[{"@type":"ReadAction","target":["https:\/\/dorogimedence.hu\/index.php\/2023\/09\/20\/intezmenyek-ujultak-meg-a-baumit-jovoltabol-dorogon\/"]}]},{"@type":"ImageObject","inLanguage":"hu","@id":"https:\/\/dorogimedence.hu\/index.php\/2023\/09\/20\/intezmenyek-ujultak-meg-a-baumit-jovoltabol-dorogon\/#primaryimage","url":"https:\/\/dorogimedence.hu\/wp-content\/uploads\/2023\/09\/zrinyi-ovi.jpg","contentUrl":"https:\/\/dorogimedence.hu\/wp-content\/uploads\/2023\/09\/zrinyi-ovi.jpg","width":1920,"height":970},{"@type":"BreadcrumbList","@id":"https:\/\/dorogimedence.hu\/index.php\/2023\/09\/20\/intezmenyek-ujultak-meg-a-baumit-jovoltabol-dorogon\/#breadcrumb","itemListElement":[{"@type":"ListItem","position":1,"name":"Kezd\u0151lap","item":"https:\/\/dorogimedence.hu\/"},{"@type":"ListItem","position":2,"name":"Int\u00e9zm\u00e9nyek \u00fajultak meg a Baumit j\u00f3volt\u00e1b\u00f3l Dorogon"}]},{"@type":"WebSite","@id":"https:\/\/dorogimedence.hu\/#website","url":"https:\/\/dorogimedence.hu\/","name":"Dorogi-medence Region\u00e1lis H\u00edrport\u00e1l","description":"Dorog, Keszt\u00f6lc, Le\u00e1nyv\u00e1r, Piliscs\u00e9v, Tokod, Tokodalt\u00e1r\u00f3, Csolnok, Esztergom-kertv\u00e1ros: h\u00edrek, programok","publisher":{"@id":"https:\/\/dorogimedence.hu\/#organization"},"potentialAction":[{"@type":"SearchAction","target":{"@type":"EntryPoint","urlTemplate":"https:\/\/dorogimedence.hu\/?s={search_term_string}"},"query-input":{"@type":"PropertyValueSpecification","valueRequired":true,"valueName":"search_term_string"}}],"inLanguage":"hu"},{"@type":"Organization","@id":"https:\/\/dorogimedence.hu\/#organization","name":"Dorogi-medence Region\u00e1lis H\u00edrport\u00e1l","url":"https:\/\/dorogimedence.hu\/","logo":{"@type":"ImageObject","inLanguage":"hu","@id":"https:\/\/dorogimedence.hu\/#\/schema\/logo\/image\/","url":"https:\/\/dorogimedence.hu\/wp-content\/uploads\/2021\/04\/logo-feher-600.png","contentUrl":"https:\/\/dorogimedence.hu\/wp-content\/uploads\/2021\/04\/logo-feher-600.png","width":600,"height":100,"caption":"Dorogi-medence Region\u00e1lis H\u00edrport\u00e1l"},"image":{"@id":"https:\/\/dorogimedence.hu\/#\/schema\/logo\/image\/"},"sameAs":["https:\/\/www.facebook.com\/dorogimedence\/"]},{"@type":"Person","@id":"https:\/\/dorogimedence.hu\/#\/schema\/person\/ce6091eeb7e95ecdc87890d6aa8e0fd4","name":"dorogimedence.hu","image":{"@type":"ImageObject","inLanguage":"hu","@id":"\/\/www.gravatar.com\/avatar\/d8d45f8901aadff40a4af72c0b826f1d?s=96&#038;r=g&#038;d=mm","url":"\/\/www.gravatar.com\/avatar\/d8d45f8901aadff40a4af72c0b826f1d?s=96&#038;r=g&#038;d=mm","contentUrl":"\/\/www.gravatar.com\/avatar\/d8d45f8901aadff40a4af72c0b826f1d?s=96&#038;r=g&#038;d=mm","caption":"dorogimedence.hu"}}]}},"_links":{"self":[{"href":"https:\/\/dorogimedence.hu\/index.php\/wp-json\/wp\/v2\/posts\/56403","targetHints":{"allow":["GET"]}}],"collection":[{"href":"https:\/\/dorogimedence.hu\/index.php\/wp-json\/wp\/v2\/posts"}],"about":[{"href":"https:\/\/dorogimedence.hu\/index.php\/wp-json\/wp\/v2\/types\/post"}],"author":[{"embeddable":true,"href":"https:\/\/dorogimedence.hu\/index.php\/wp-json\/wp\/v2\/users\/1"}],"replies":[{"embeddable":true,"href":"https:\/\/dorogimedence.hu\/index.php\/wp-json\/wp\/v2\/comments?post=56403"}],"version-history":[{"count":0,"href":"https:\/\/dorogimedence.hu\/index.php\/wp-json\/wp\/v2\/posts\/56403\/revisions"}],"wp:featuredmedia":[{"embeddable":true,"href":"https:\/\/dorogimedence.hu\/index.php\/wp-json\/wp\/v2\/media\/56404"}],"wp:attachment":[{"href":"https:\/\/dorogimedence.hu\/index.php\/wp-json\/wp\/v2\/media?parent=56403"}],"wp:term":[{"taxonomy":"category","embeddable":true,"href":"https:\/\/dorogimedence.hu\/index.php\/wp-json\/wp\/v2\/categories?post=56403"},{"taxonomy":"post_tag","embeddable":true,"href":"https:\/\/dorogimedence.hu\/index.php\/wp-json\/wp\/v2\/tags?post=56403"}],"curies":[{"name":"wp","href":"https:\/\/api.w.org\/{rel}","templated":true}]}}