{"id":5639,"date":"2017-09-15T15:00:52","date_gmt":"2017-09-15T13:00:52","guid":{"rendered":"http:\/\/dorogimedence.hu\/?p=5639"},"modified":"2017-09-15T15:00:52","modified_gmt":"2017-09-15T13:00:52","slug":"hetfotol-ismet-jonnek-az-esti-vonatpotlok","status":"publish","type":"post","link":"https:\/\/dorogimedence.hu\/index.php\/2017\/09\/15\/hetfotol-ismet-jonnek-az-esti-vonatpotlok\/","title":{"rendered":"H\u00e9tf\u0151t\u0151l ism\u00e9t j\u00f6nnek az esti vonatp\u00f3tl\u00f3k"},"content":{"rendered":"<p><strong>Az esztergomi vonal villamos\u00edt\u00e1si munk\u00e1i miatt szeptember 18-t\u00f3l november 11-ig \u2013 okt\u00f3ber 23. \u00e9s november 1. kiv\u00e9tel\u00e9vel \u2013 Pilisv\u00f6r\u00f6sv\u00e1r \u00e9s Esztergom k\u00f6z\u00f6tt vonatp\u00f3tl\u00f3 aut\u00f3buszok sz\u00e1ll\u00edtj\u00e1k az utasokat az esti \u00e9s \u00e9jszakai vonatok helyett.<\/strong><\/p>\n<p>A m\u00f3dos\u00edtott menetrendet <strong><a href=\"https:\/\/www.mavcsoport.hu\/sites\/default\/files\/upload\/line-lock\/hirdetmeny_2_pilisvorosvar_esztergom_0918-1111.pdf\" target=\"_blank\" rel=\"noopener\"><span style=\"text-decoration: underline; color: #0000ff;\">itt tekinthetj\u00fck meg<\/span><\/a><\/strong>. A vonatp\u00f3tl\u00f3 aut\u00f3buszok \u00fatvonalterv\u00e9t pedig <a href=\"https:\/\/www.mavcsoport.hu\/sites\/default\/files\/upload\/line-lock\/2_terkep_0918_1111.pdf\" target=\"_blank\" rel=\"noopener\"><strong><span style=\"text-decoration: underline; color: #0000ff;\">itt<\/span><\/strong><\/a>.<\/p>\n<p><em>Forr\u00e1s:<\/em><br \/>\n<em>M\u00c1V Magyar \u00c1llamvasutak Zrt.<\/em><br \/>\n<em>Kommunik\u00e1ci\u00f3s Igazgat\u00f3s\u00e1g Sajt\u00f3oszt\u00e1lya<\/em><\/p>\n<p>&nbsp;<\/p>\n","protected":false},"excerpt":{"rendered":"<p>Az esztergomi vonal villamos\u00edt\u00e1si munk\u00e1i miatt szeptember 18-t\u00f3l november 11-ig \u2013 okt\u00f3ber 23. \u00e9s november 1. kiv\u00e9tel\u00e9vel \u2013 Pilisv\u00f6r\u00f6sv\u00e1r \u00e9s Esztergom k\u00f6z\u00f6tt vonatp\u00f3tl\u00f3 aut\u00f3buszok sz\u00e1ll\u00edtj\u00e1k az utasokat az esti \u00e9s \u00e9jszakai vonatok helyett. A m\u00f3dos\u00edtott menetrendet itt tekinthetj\u00fck meg. A vonatp\u00f3tl\u00f3 aut\u00f3buszok \u00fatvonalterv\u00e9t pedig itt. Forr\u00e1s: M\u00c1V Magyar \u00c1llamvasutak Zrt. Kommunik\u00e1ci\u00f3s Igazgat\u00f3s\u00e1g Sajt\u00f3oszt\u00e1lya &nbsp;<\/p>\n","protected":false},"author":1,"featured_media":2805,"comment_status":"closed","ping_status":"closed","sticky":false,"template":"","format":"standard","meta":{"ngg_post_thumbnail":0,"footnotes":""},"categories":[2,38,3],"tags":[643,279,291,1247,1535],"class_list":{"0":"post-5639","1":"post","2":"type-post","3":"status-publish","4":"format-standard","5":"has-post-thumbnail","7":"category-dorog","8":"category-esztergom","9":"category-hirek","10":"tag-budapest-esztergom-vasutvonal","11":"tag-kozlekedes","12":"tag-vonat","13":"tag-vonatpotlas","14":"tag-vonatpotlo-autobusz"},"yoast_head":"<!-- This site is optimized with the Yoast SEO plugin v27.4 - https:\/\/yoast.com\/product\/yoast-seo-wordpress\/ -->\n<title>H\u00e9tf\u0151t\u0151l ism\u00e9t j\u00f6nnek az esti vonatp\u00f3tl\u00f3k<\/title>\n<meta name=\"robots\" content=\"index, follow, max-snippet:-1, max-image-preview:large, max-video-preview:-1\" \/>\n<link rel=\"canonical\" href=\"https:\/\/dorogimedence.hu\/index.php\/2017\/09\/15\/hetfotol-ismet-jonnek-az-esti-vonatpotlok\/\" class=\"yoast-seo-meta-tag\" \/>\n<meta property=\"og:locale\" content=\"hu_HU\" class=\"yoast-seo-meta-tag\" \/>\n<meta property=\"og:type\" content=\"article\" class=\"yoast-seo-meta-tag\" \/>\n<meta property=\"og:title\" content=\"H\u00e9tf\u0151t\u0151l ism\u00e9t j\u00f6nnek az esti vonatp\u00f3tl\u00f3k\" class=\"yoast-seo-meta-tag\" \/>\n<meta property=\"og:description\" content=\"Az esztergomi vonal villamos\u00edt\u00e1si munk\u00e1i miatt szeptember 18-t\u00f3l november 11-ig \u2013 okt\u00f3ber 23. \u00e9s november 1. kiv\u00e9tel\u00e9vel \u2013 Pilisv\u00f6r\u00f6sv\u00e1r \u00e9s Esztergom k\u00f6z\u00f6tt vonatp\u00f3tl\u00f3 aut\u00f3buszok sz\u00e1ll\u00edtj\u00e1k az utasokat az esti \u00e9s \u00e9jszakai vonatok helyett. A m\u00f3dos\u00edtott menetrendet itt tekinthetj\u00fck meg. A vonatp\u00f3tl\u00f3 aut\u00f3buszok \u00fatvonalterv\u00e9t pedig itt. Forr\u00e1s: M\u00c1V Magyar \u00c1llamvasutak Zrt. Kommunik\u00e1ci\u00f3s Igazgat\u00f3s\u00e1g Sajt\u00f3oszt\u00e1lya &nbsp;\" class=\"yoast-seo-meta-tag\" \/>\n<meta property=\"og:url\" content=\"https:\/\/dorogimedence.hu\/index.php\/2017\/09\/15\/hetfotol-ismet-jonnek-az-esti-vonatpotlok\/\" class=\"yoast-seo-meta-tag\" \/>\n<meta property=\"og:site_name\" content=\"Dorogi-medence Region\u00e1lis H\u00edrport\u00e1l\" class=\"yoast-seo-meta-tag\" \/>\n<meta property=\"article:publisher\" content=\"https:\/\/www.facebook.com\/dorogimedence\/\" class=\"yoast-seo-meta-tag\" \/>\n<meta property=\"article:published_time\" content=\"2017-09-15T13:00:52+00:00\" class=\"yoast-seo-meta-tag\" \/>\n<meta property=\"og:image\" content=\"https:\/\/i0.wp.com\/dorogimedence.hu\/wp-content\/uploads\/2017\/05\/vonatpotlo-busz.jpg?fit=670%2C365&ssl=1\" class=\"yoast-seo-meta-tag\" \/>\n\t<meta property=\"og:image:width\" content=\"670\" class=\"yoast-seo-meta-tag\" \/>\n\t<meta property=\"og:image:height\" content=\"365\" class=\"yoast-seo-meta-tag\" \/>\n\t<meta property=\"og:image:type\" content=\"image\/jpeg\" class=\"yoast-seo-meta-tag\" \/>\n<meta name=\"author\" content=\"dorogimedence.hu\" class=\"yoast-seo-meta-tag\" \/>\n<meta name=\"twitter:card\" content=\"summary_large_image\" class=\"yoast-seo-meta-tag\" \/>\n<meta name=\"twitter:label1\" content=\"Szerz\u0151:\" class=\"yoast-seo-meta-tag\" \/>\n\t<meta name=\"twitter:data1\" content=\"dorogimedence.hu\" class=\"yoast-seo-meta-tag\" \/>\n<script type=\"application\/ld+json\" class=\"yoast-schema-graph\">{\"@context\":\"https:\\\/\\\/schema.org\",\"@graph\":[{\"@type\":\"Article\",\"@id\":\"https:\\\/\\\/dorogimedence.hu\\\/index.php\\\/2017\\\/09\\\/15\\\/hetfotol-ismet-jonnek-az-esti-vonatpotlok\\\/#article\",\"isPartOf\":{\"@id\":\"https:\\\/\\\/dorogimedence.hu\\\/index.php\\\/2017\\\/09\\\/15\\\/hetfotol-ismet-jonnek-az-esti-vonatpotlok\\\/\"},\"author\":{\"name\":\"dorogimedence.hu\",\"@id\":\"https:\\\/\\\/dorogimedence.hu\\\/#\\\/schema\\\/person\\\/ce6091eeb7e95ecdc87890d6aa8e0fd4\"},\"headline\":\"H\u00e9tf\u0151t\u0151l ism\u00e9t j\u00f6nnek az esti vonatp\u00f3tl\u00f3k\",\"datePublished\":\"2017-09-15T13:00:52+00:00\",\"mainEntityOfPage\":{\"@id\":\"https:\\\/\\\/dorogimedence.hu\\\/index.php\\\/2017\\\/09\\\/15\\\/hetfotol-ismet-jonnek-az-esti-vonatpotlok\\\/\"},\"wordCount\":94,\"publisher\":{\"@id\":\"https:\\\/\\\/dorogimedence.hu\\\/#organization\"},\"image\":{\"@id\":\"https:\\\/\\\/dorogimedence.hu\\\/index.php\\\/2017\\\/09\\\/15\\\/hetfotol-ismet-jonnek-az-esti-vonatpotlok\\\/#primaryimage\"},\"thumbnailUrl\":\"https:\\\/\\\/dorogimedence.hu\\\/wp-content\\\/uploads\\\/2017\\\/05\\\/vonatpotlo-busz.jpg\",\"keywords\":[\"Budapest-Esztergom vas\u00fatvonal\",\"k\u00f6zleked\u00e9s\",\"vonat\",\"vonatp\u00f3tl\u00e1s\",\"vonatp\u00f3tl\u00f3 aut\u00f3busz\"],\"articleSection\":[\"Dorog\",\"Esztergom\",\"H\u00edrek\"],\"inLanguage\":\"hu\"},{\"@type\":\"WebPage\",\"@id\":\"https:\\\/\\\/dorogimedence.hu\\\/index.php\\\/2017\\\/09\\\/15\\\/hetfotol-ismet-jonnek-az-esti-vonatpotlok\\\/\",\"url\":\"https:\\\/\\\/dorogimedence.hu\\\/index.php\\\/2017\\\/09\\\/15\\\/hetfotol-ismet-jonnek-az-esti-vonatpotlok\\\/\",\"name\":\"H\u00e9tf\u0151t\u0151l ism\u00e9t j\u00f6nnek az esti vonatp\u00f3tl\u00f3k\",\"isPartOf\":{\"@id\":\"https:\\\/\\\/dorogimedence.hu\\\/#website\"},\"primaryImageOfPage\":{\"@id\":\"https:\\\/\\\/dorogimedence.hu\\\/index.php\\\/2017\\\/09\\\/15\\\/hetfotol-ismet-jonnek-az-esti-vonatpotlok\\\/#primaryimage\"},\"image\":{\"@id\":\"https:\\\/\\\/dorogimedence.hu\\\/index.php\\\/2017\\\/09\\\/15\\\/hetfotol-ismet-jonnek-az-esti-vonatpotlok\\\/#primaryimage\"},\"thumbnailUrl\":\"https:\\\/\\\/dorogimedence.hu\\\/wp-content\\\/uploads\\\/2017\\\/05\\\/vonatpotlo-busz.jpg\",\"datePublished\":\"2017-09-15T13:00:52+00:00\",\"breadcrumb\":{\"@id\":\"https:\\\/\\\/dorogimedence.hu\\\/index.php\\\/2017\\\/09\\\/15\\\/hetfotol-ismet-jonnek-az-esti-vonatpotlok\\\/#breadcrumb\"},\"inLanguage\":\"hu\",\"potentialAction\":[{\"@type\":\"ReadAction\",\"target\":[\"https:\\\/\\\/dorogimedence.hu\\\/index.php\\\/2017\\\/09\\\/15\\\/hetfotol-ismet-jonnek-az-esti-vonatpotlok\\\/\"]}]},{\"@type\":\"ImageObject\",\"inLanguage\":\"hu\",\"@id\":\"https:\\\/\\\/dorogimedence.hu\\\/index.php\\\/2017\\\/09\\\/15\\\/hetfotol-ismet-jonnek-az-esti-vonatpotlok\\\/#primaryimage\",\"url\":\"https:\\\/\\\/dorogimedence.hu\\\/wp-content\\\/uploads\\\/2017\\\/05\\\/vonatpotlo-busz.jpg\",\"contentUrl\":\"https:\\\/\\\/dorogimedence.hu\\\/wp-content\\\/uploads\\\/2017\\\/05\\\/vonatpotlo-busz.jpg\",\"width\":670,\"height\":365},{\"@type\":\"BreadcrumbList\",\"@id\":\"https:\\\/\\\/dorogimedence.hu\\\/index.php\\\/2017\\\/09\\\/15\\\/hetfotol-ismet-jonnek-az-esti-vonatpotlok\\\/#breadcrumb\",\"itemListElement\":[{\"@type\":\"ListItem\",\"position\":1,\"name\":\"Kezd\u0151lap\",\"item\":\"https:\\\/\\\/dorogimedence.hu\\\/\"},{\"@type\":\"ListItem\",\"position\":2,\"name\":\"H\u00e9tf\u0151t\u0151l ism\u00e9t j\u00f6nnek az esti vonatp\u00f3tl\u00f3k\"}]},{\"@type\":\"WebSite\",\"@id\":\"https:\\\/\\\/dorogimedence.hu\\\/#website\",\"url\":\"https:\\\/\\\/dorogimedence.hu\\\/\",\"name\":\"Dorogi-medence Region\u00e1lis H\u00edrport\u00e1l\",\"description\":\"Dorog, Keszt\u00f6lc, Le\u00e1nyv\u00e1r, Piliscs\u00e9v, Tokod, Tokodalt\u00e1r\u00f3, Csolnok, Esztergom-kertv\u00e1ros: h\u00edrek, programok\",\"publisher\":{\"@id\":\"https:\\\/\\\/dorogimedence.hu\\\/#organization\"},\"potentialAction\":[{\"@type\":\"SearchAction\",\"target\":{\"@type\":\"EntryPoint\",\"urlTemplate\":\"https:\\\/\\\/dorogimedence.hu\\\/?s={search_term_string}\"},\"query-input\":{\"@type\":\"PropertyValueSpecification\",\"valueRequired\":true,\"valueName\":\"search_term_string\"}}],\"inLanguage\":\"hu\"},{\"@type\":\"Organization\",\"@id\":\"https:\\\/\\\/dorogimedence.hu\\\/#organization\",\"name\":\"Dorogi-medence Region\u00e1lis H\u00edrport\u00e1l\",\"url\":\"https:\\\/\\\/dorogimedence.hu\\\/\",\"logo\":{\"@type\":\"ImageObject\",\"inLanguage\":\"hu\",\"@id\":\"https:\\\/\\\/dorogimedence.hu\\\/#\\\/schema\\\/logo\\\/image\\\/\",\"url\":\"https:\\\/\\\/dorogimedence.hu\\\/wp-content\\\/uploads\\\/2021\\\/04\\\/logo-feher-600.png\",\"contentUrl\":\"https:\\\/\\\/dorogimedence.hu\\\/wp-content\\\/uploads\\\/2021\\\/04\\\/logo-feher-600.png\",\"width\":600,\"height\":100,\"caption\":\"Dorogi-medence Region\u00e1lis H\u00edrport\u00e1l\"},\"image\":{\"@id\":\"https:\\\/\\\/dorogimedence.hu\\\/#\\\/schema\\\/logo\\\/image\\\/\"},\"sameAs\":[\"https:\\\/\\\/www.facebook.com\\\/dorogimedence\\\/\"]},{\"@type\":\"Person\",\"@id\":\"https:\\\/\\\/dorogimedence.hu\\\/#\\\/schema\\\/person\\\/ce6091eeb7e95ecdc87890d6aa8e0fd4\",\"name\":\"dorogimedence.hu\",\"image\":{\"@type\":\"ImageObject\",\"inLanguage\":\"hu\",\"@id\":\"\\\/\\\/www.gravatar.com\\\/avatar\\\/d8d45f8901aadff40a4af72c0b826f1d?s=96&#038;r=g&#038;d=mm\",\"url\":\"\\\/\\\/www.gravatar.com\\\/avatar\\\/d8d45f8901aadff40a4af72c0b826f1d?s=96&#038;r=g&#038;d=mm\",\"contentUrl\":\"\\\/\\\/www.gravatar.com\\\/avatar\\\/d8d45f8901aadff40a4af72c0b826f1d?s=96&#038;r=g&#038;d=mm\",\"caption\":\"dorogimedence.hu\"}}]}<\/script>\n<!-- \/ Yoast SEO plugin. -->","yoast_head_json":{"title":"H\u00e9tf\u0151t\u0151l ism\u00e9t j\u00f6nnek az esti vonatp\u00f3tl\u00f3k","robots":{"index":"index","follow":"follow","max-snippet":"max-snippet:-1","max-image-preview":"max-image-preview:large","max-video-preview":"max-video-preview:-1"},"canonical":"https:\/\/dorogimedence.hu\/index.php\/2017\/09\/15\/hetfotol-ismet-jonnek-az-esti-vonatpotlok\/","og_locale":"hu_HU","og_type":"article","og_title":"H\u00e9tf\u0151t\u0151l ism\u00e9t j\u00f6nnek az esti vonatp\u00f3tl\u00f3k","og_description":"Az esztergomi vonal villamos\u00edt\u00e1si munk\u00e1i miatt szeptember 18-t\u00f3l november 11-ig \u2013 okt\u00f3ber 23. \u00e9s november 1. kiv\u00e9tel\u00e9vel \u2013 Pilisv\u00f6r\u00f6sv\u00e1r \u00e9s Esztergom k\u00f6z\u00f6tt vonatp\u00f3tl\u00f3 aut\u00f3buszok sz\u00e1ll\u00edtj\u00e1k az utasokat az esti \u00e9s \u00e9jszakai vonatok helyett. A m\u00f3dos\u00edtott menetrendet itt tekinthetj\u00fck meg. A vonatp\u00f3tl\u00f3 aut\u00f3buszok \u00fatvonalterv\u00e9t pedig itt. Forr\u00e1s: M\u00c1V Magyar \u00c1llamvasutak Zrt. Kommunik\u00e1ci\u00f3s Igazgat\u00f3s\u00e1g Sajt\u00f3oszt\u00e1lya &nbsp;","og_url":"https:\/\/dorogimedence.hu\/index.php\/2017\/09\/15\/hetfotol-ismet-jonnek-az-esti-vonatpotlok\/","og_site_name":"Dorogi-medence Region\u00e1lis H\u00edrport\u00e1l","article_publisher":"https:\/\/www.facebook.com\/dorogimedence\/","article_published_time":"2017-09-15T13:00:52+00:00","og_image":[{"width":670,"height":365,"url":"https:\/\/i0.wp.com\/dorogimedence.hu\/wp-content\/uploads\/2017\/05\/vonatpotlo-busz.jpg?fit=670%2C365&ssl=1","type":"image\/jpeg"}],"author":"dorogimedence.hu","twitter_card":"summary_large_image","twitter_misc":{"Szerz\u0151:":"dorogimedence.hu"},"schema":{"@context":"https:\/\/schema.org","@graph":[{"@type":"Article","@id":"https:\/\/dorogimedence.hu\/index.php\/2017\/09\/15\/hetfotol-ismet-jonnek-az-esti-vonatpotlok\/#article","isPartOf":{"@id":"https:\/\/dorogimedence.hu\/index.php\/2017\/09\/15\/hetfotol-ismet-jonnek-az-esti-vonatpotlok\/"},"author":{"name":"dorogimedence.hu","@id":"https:\/\/dorogimedence.hu\/#\/schema\/person\/ce6091eeb7e95ecdc87890d6aa8e0fd4"},"headline":"H\u00e9tf\u0151t\u0151l ism\u00e9t j\u00f6nnek az esti vonatp\u00f3tl\u00f3k","datePublished":"2017-09-15T13:00:52+00:00","mainEntityOfPage":{"@id":"https:\/\/dorogimedence.hu\/index.php\/2017\/09\/15\/hetfotol-ismet-jonnek-az-esti-vonatpotlok\/"},"wordCount":94,"publisher":{"@id":"https:\/\/dorogimedence.hu\/#organization"},"image":{"@id":"https:\/\/dorogimedence.hu\/index.php\/2017\/09\/15\/hetfotol-ismet-jonnek-az-esti-vonatpotlok\/#primaryimage"},"thumbnailUrl":"https:\/\/dorogimedence.hu\/wp-content\/uploads\/2017\/05\/vonatpotlo-busz.jpg","keywords":["Budapest-Esztergom vas\u00fatvonal","k\u00f6zleked\u00e9s","vonat","vonatp\u00f3tl\u00e1s","vonatp\u00f3tl\u00f3 aut\u00f3busz"],"articleSection":["Dorog","Esztergom","H\u00edrek"],"inLanguage":"hu"},{"@type":"WebPage","@id":"https:\/\/dorogimedence.hu\/index.php\/2017\/09\/15\/hetfotol-ismet-jonnek-az-esti-vonatpotlok\/","url":"https:\/\/dorogimedence.hu\/index.php\/2017\/09\/15\/hetfotol-ismet-jonnek-az-esti-vonatpotlok\/","name":"H\u00e9tf\u0151t\u0151l ism\u00e9t j\u00f6nnek az esti vonatp\u00f3tl\u00f3k","isPartOf":{"@id":"https:\/\/dorogimedence.hu\/#website"},"primaryImageOfPage":{"@id":"https:\/\/dorogimedence.hu\/index.php\/2017\/09\/15\/hetfotol-ismet-jonnek-az-esti-vonatpotlok\/#primaryimage"},"image":{"@id":"https:\/\/dorogimedence.hu\/index.php\/2017\/09\/15\/hetfotol-ismet-jonnek-az-esti-vonatpotlok\/#primaryimage"},"thumbnailUrl":"https:\/\/dorogimedence.hu\/wp-content\/uploads\/2017\/05\/vonatpotlo-busz.jpg","datePublished":"2017-09-15T13:00:52+00:00","breadcrumb":{"@id":"https:\/\/dorogimedence.hu\/index.php\/2017\/09\/15\/hetfotol-ismet-jonnek-az-esti-vonatpotlok\/#breadcrumb"},"inLanguage":"hu","potentialAction":[{"@type":"ReadAction","target":["https:\/\/dorogimedence.hu\/index.php\/2017\/09\/15\/hetfotol-ismet-jonnek-az-esti-vonatpotlok\/"]}]},{"@type":"ImageObject","inLanguage":"hu","@id":"https:\/\/dorogimedence.hu\/index.php\/2017\/09\/15\/hetfotol-ismet-jonnek-az-esti-vonatpotlok\/#primaryimage","url":"https:\/\/dorogimedence.hu\/wp-content\/uploads\/2017\/05\/vonatpotlo-busz.jpg","contentUrl":"https:\/\/dorogimedence.hu\/wp-content\/uploads\/2017\/05\/vonatpotlo-busz.jpg","width":670,"height":365},{"@type":"BreadcrumbList","@id":"https:\/\/dorogimedence.hu\/index.php\/2017\/09\/15\/hetfotol-ismet-jonnek-az-esti-vonatpotlok\/#breadcrumb","itemListElement":[{"@type":"ListItem","position":1,"name":"Kezd\u0151lap","item":"https:\/\/dorogimedence.hu\/"},{"@type":"ListItem","position":2,"name":"H\u00e9tf\u0151t\u0151l ism\u00e9t j\u00f6nnek az esti vonatp\u00f3tl\u00f3k"}]},{"@type":"WebSite","@id":"https:\/\/dorogimedence.hu\/#website","url":"https:\/\/dorogimedence.hu\/","name":"Dorogi-medence Region\u00e1lis H\u00edrport\u00e1l","description":"Dorog, Keszt\u00f6lc, Le\u00e1nyv\u00e1r, Piliscs\u00e9v, Tokod, Tokodalt\u00e1r\u00f3, Csolnok, Esztergom-kertv\u00e1ros: h\u00edrek, programok","publisher":{"@id":"https:\/\/dorogimedence.hu\/#organization"},"potentialAction":[{"@type":"SearchAction","target":{"@type":"EntryPoint","urlTemplate":"https:\/\/dorogimedence.hu\/?s={search_term_string}"},"query-input":{"@type":"PropertyValueSpecification","valueRequired":true,"valueName":"search_term_string"}}],"inLanguage":"hu"},{"@type":"Organization","@id":"https:\/\/dorogimedence.hu\/#organization","name":"Dorogi-medence Region\u00e1lis H\u00edrport\u00e1l","url":"https:\/\/dorogimedence.hu\/","logo":{"@type":"ImageObject","inLanguage":"hu","@id":"https:\/\/dorogimedence.hu\/#\/schema\/logo\/image\/","url":"https:\/\/dorogimedence.hu\/wp-content\/uploads\/2021\/04\/logo-feher-600.png","contentUrl":"https:\/\/dorogimedence.hu\/wp-content\/uploads\/2021\/04\/logo-feher-600.png","width":600,"height":100,"caption":"Dorogi-medence Region\u00e1lis H\u00edrport\u00e1l"},"image":{"@id":"https:\/\/dorogimedence.hu\/#\/schema\/logo\/image\/"},"sameAs":["https:\/\/www.facebook.com\/dorogimedence\/"]},{"@type":"Person","@id":"https:\/\/dorogimedence.hu\/#\/schema\/person\/ce6091eeb7e95ecdc87890d6aa8e0fd4","name":"dorogimedence.hu","image":{"@type":"ImageObject","inLanguage":"hu","@id":"\/\/www.gravatar.com\/avatar\/d8d45f8901aadff40a4af72c0b826f1d?s=96&#038;r=g&#038;d=mm","url":"\/\/www.gravatar.com\/avatar\/d8d45f8901aadff40a4af72c0b826f1d?s=96&#038;r=g&#038;d=mm","contentUrl":"\/\/www.gravatar.com\/avatar\/d8d45f8901aadff40a4af72c0b826f1d?s=96&#038;r=g&#038;d=mm","caption":"dorogimedence.hu"}}]}},"_links":{"self":[{"href":"https:\/\/dorogimedence.hu\/index.php\/wp-json\/wp\/v2\/posts\/5639","targetHints":{"allow":["GET"]}}],"collection":[{"href":"https:\/\/dorogimedence.hu\/index.php\/wp-json\/wp\/v2\/posts"}],"about":[{"href":"https:\/\/dorogimedence.hu\/index.php\/wp-json\/wp\/v2\/types\/post"}],"author":[{"embeddable":true,"href":"https:\/\/dorogimedence.hu\/index.php\/wp-json\/wp\/v2\/users\/1"}],"replies":[{"embeddable":true,"href":"https:\/\/dorogimedence.hu\/index.php\/wp-json\/wp\/v2\/comments?post=5639"}],"version-history":[{"count":0,"href":"https:\/\/dorogimedence.hu\/index.php\/wp-json\/wp\/v2\/posts\/5639\/revisions"}],"wp:featuredmedia":[{"embeddable":true,"href":"https:\/\/dorogimedence.hu\/index.php\/wp-json\/wp\/v2\/media\/2805"}],"wp:attachment":[{"href":"https:\/\/dorogimedence.hu\/index.php\/wp-json\/wp\/v2\/media?parent=5639"}],"wp:term":[{"taxonomy":"category","embeddable":true,"href":"https:\/\/dorogimedence.hu\/index.php\/wp-json\/wp\/v2\/categories?post=5639"},{"taxonomy":"post_tag","embeddable":true,"href":"https:\/\/dorogimedence.hu\/index.php\/wp-json\/wp\/v2\/tags?post=5639"}],"curies":[{"name":"wp","href":"https:\/\/api.w.org\/{rel}","templated":true}]}}