{"id":56386,"date":"2023-09-19T09:52:25","date_gmt":"2023-09-19T07:52:25","guid":{"rendered":"https:\/\/dorogimedence.hu\/?p=56386"},"modified":"2023-09-19T10:20:40","modified_gmt":"2023-09-19T08:20:40","slug":"varmegyei-prima-kozonsegdijat-kapott-szekeres-janos-2","status":"publish","type":"post","link":"https:\/\/dorogimedence.hu\/index.php\/2023\/09\/19\/varmegyei-prima-kozonsegdijat-kapott-szekeres-janos-2\/","title":{"rendered":"V\u00e1rmegyei Prima k\u00f6z\u00f6ns\u00e9gd\u00edjat kapott Szekeres J\u00e1nos"},"content":{"rendered":"<p><strong>Szeptember 15-\u00e9n, p\u00e9nteken 18. alkalommal tartott\u00e1k meg a V\u00e1rmegyei Prima D\u00edj G\u00e1l\u00e1t Tatab\u00e1ny\u00e1n, ahol a V\u00e1llalkoz\u00f3k \u00e9s Munk\u00e1ltat\u00f3k Orsz\u00e1gos Sz\u00f6vets\u00e9g\u00e9nek (VOSZ) v\u00e1rmegyei szervezete sz\u0171kebb haz\u00e1nk kultur\u00e1lis, sport- \u00e9s k\u00f6z\u00e9leti kiv\u00e1l\u00f3s\u00e1gait, valamint gazdas\u00e1gi szerepl\u0151it ismerte el. Az esem\u00e9nyen Szekeres J\u00e1nos nyugalmazott esztergomi testnevel\u0151 tan\u00e1r k\u00f6z\u00f6ns\u00e9gd\u00edjban r\u00e9szes\u00fclt.<\/strong><\/p>\n<p>Popovics Gy\u00f6rgy, a v\u00e1rmegyei k\u00f6zgy\u0171l\u00e9s eln\u00f6ke is jelen volt az esem\u00e9nyen \u00e9s gratul\u00e1lt a d\u00edjazottaknak. K\u00f6zt\u00fck \u00f6r\u00f6mmel \u00fcdv\u00f6z\u00f6lte egykori tan\u00e1r\u00e1t, Szekeres J\u00e1nos nyugalmazott esztergomi testnevel\u0151t, fot\u00f3m\u0171v\u00e9szt, aki k\u00f6z\u00f6ns\u00e9gd\u00edjat kapott. A v\u00e1rmegyei \u00f6nkorm\u00e1nyzat k\u00fcl\u00f6nd\u00edj\u00e1t a nyerges\u00fajfalui Fenyvesi K\u00e1roly \u00fajs\u00e1g\u00edr\u00f3 kapta.<\/p>\n<p>V\u00e1rmegyei Prima D\u00edjat kapott Varga \u00c1gota filmrendez\u0151, Aradv\u00e1ri Mih\u00e1lyn\u00e9, a B\u00e1nhidai Szent Erzs\u00e9bet \u00d3voda int\u00e9zm\u00e9nyvezet\u0151je, \u00e9s dr. Schler Szilvia kom\u00e1romi gyermekorvos. Prima K\u00fcl\u00f6nd\u00edjas Markos Anik\u00f3 tatai \u00e9p\u00edt\u00e9szm\u00e9rn\u00f6k lett. A t\u00f6bbi jel\u00f6lt, Sopotnik Zolt\u00e1n k\u00f6lt\u0151, \u00edr\u00f3, szerkeszt\u0151, kritikus, Kov\u00e1cs Melinda fot\u00f3m\u0171v\u00e9sz, a Peron Music Alap\u00edtv\u00e1ny \u00e9s Pap Tibor eln\u00f6k, valamint a Baj KSE Ker\u00e9kp\u00e1r Szakoszt\u00e1ly \u00e9s Nagy Gy\u00f6rgyi szakoszt\u00e1lyvezet\u0151 munk\u00e1ss\u00e1g\u00e1t is elismert\u00e9k k\u00fcl\u00f6nb\u00f6z\u0151 aj\u00e1nd\u00e9kokkal a felaj\u00e1nl\u00f3k.<\/p>\n<p><img fetchpriority=\"high\" decoding=\"async\" class=\"alignnone size-full wp-image-56388\" src=\"https:\/\/dorogimedence.hu\/wp-content\/uploads\/2023\/09\/379355393_692980072865815_980532996073096064_n.jpg\" alt=\"\" width=\"2048\" height=\"1363\" srcset=\"https:\/\/dorogimedence.hu\/wp-content\/uploads\/2023\/09\/379355393_692980072865815_980532996073096064_n.jpg 2048w, https:\/\/dorogimedence.hu\/wp-content\/uploads\/2023\/09\/379355393_692980072865815_980532996073096064_n-600x399.jpg 600w, https:\/\/dorogimedence.hu\/wp-content\/uploads\/2023\/09\/379355393_692980072865815_980532996073096064_n-1920x1278.jpg 1920w, https:\/\/dorogimedence.hu\/wp-content\/uploads\/2023\/09\/379355393_692980072865815_980532996073096064_n-768x511.jpg 768w, https:\/\/dorogimedence.hu\/wp-content\/uploads\/2023\/09\/379355393_692980072865815_980532996073096064_n-1536x1022.jpg 1536w, https:\/\/dorogimedence.hu\/wp-content\/uploads\/2023\/09\/379355393_692980072865815_980532996073096064_n-150x100.jpg 150w, https:\/\/dorogimedence.hu\/wp-content\/uploads\/2023\/09\/379355393_692980072865815_980532996073096064_n-450x299.jpg 450w, https:\/\/dorogimedence.hu\/wp-content\/uploads\/2023\/09\/379355393_692980072865815_980532996073096064_n-1200x799.jpg 1200w, https:\/\/dorogimedence.hu\/wp-content\/uploads\/2023\/09\/379355393_692980072865815_980532996073096064_n-272x182.jpg 272w\" sizes=\"(max-width: 2048px) 100vw, 2048px\" \/><\/p>\n<p><strong>Az \u00e9v v\u00e1llalkoz\u00f3i:<\/strong><\/p>\n<ul>\n<li>V\u00e1mosi G\u00e1bor, a Cornmill Kft. tulajdonosa<\/li>\n<li>G\u00e1l Istv\u00e1n, a GI-GA Farm Kft. tulajdonosa<\/li>\n<li>Hajdun\u00e9 Farkas Erika \u00fcgyvezet\u0151, a Hajdu Fuvaroz\u00e1si Kft. tulajdonosa<\/li>\n<li>Vincze Attila, a Hartmann Kft. \u00fcgyvezet\u0151je<\/li>\n<li>Straubinger Zolt\u00e1n, az Izlandi Lovas K\u00e1v\u00e9fut\u00e1r Kft. tulajdonosa<\/li>\n<li>Sasv\u00e1ri B\u00e9la, a Sasv\u00e1ri Kft. tulajdonos<\/li>\n<li>F\u00fcl\u00f6p R\u00f3zsa \u00e9s F\u00fcl\u00f6p Csilla, a Gemini HR Kft. tulajdonosai<\/li>\n<li>Zink Ferenc R\u00f3bert, az Zaf\u00edr M\u00e9rn\u00f6k Tan\u00e1csad\u00f3 Kft. tulajdonosa<\/li>\n<li>Bag\u00f3 L\u00e1szl\u00f3, a ZEBRA Neo 2014 Kft. tulajdonosa<\/li>\n<li>\u00c1nyos Vince, a Z\u00f6ld \u00dat Kft. tulajdonosa<\/li>\n<\/ul>\n<p><img decoding=\"async\" class=\"alignnone size-full wp-image-56389\" src=\"https:\/\/dorogimedence.hu\/wp-content\/uploads\/2023\/09\/379292079_692979799532509_7186929972203706713_n.jpg\" alt=\"\" width=\"2048\" height=\"1363\" srcset=\"https:\/\/dorogimedence.hu\/wp-content\/uploads\/2023\/09\/379292079_692979799532509_7186929972203706713_n.jpg 2048w, https:\/\/dorogimedence.hu\/wp-content\/uploads\/2023\/09\/379292079_692979799532509_7186929972203706713_n-600x399.jpg 600w, https:\/\/dorogimedence.hu\/wp-content\/uploads\/2023\/09\/379292079_692979799532509_7186929972203706713_n-1920x1278.jpg 1920w, https:\/\/dorogimedence.hu\/wp-content\/uploads\/2023\/09\/379292079_692979799532509_7186929972203706713_n-768x511.jpg 768w, https:\/\/dorogimedence.hu\/wp-content\/uploads\/2023\/09\/379292079_692979799532509_7186929972203706713_n-1536x1022.jpg 1536w, https:\/\/dorogimedence.hu\/wp-content\/uploads\/2023\/09\/379292079_692979799532509_7186929972203706713_n-150x100.jpg 150w, https:\/\/dorogimedence.hu\/wp-content\/uploads\/2023\/09\/379292079_692979799532509_7186929972203706713_n-450x299.jpg 450w, https:\/\/dorogimedence.hu\/wp-content\/uploads\/2023\/09\/379292079_692979799532509_7186929972203706713_n-1200x799.jpg 1200w, https:\/\/dorogimedence.hu\/wp-content\/uploads\/2023\/09\/379292079_692979799532509_7186929972203706713_n-272x182.jpg 272w\" sizes=\"(max-width: 2048px) 100vw, 2048px\" \/><\/p>\n<p><em>Fot\u00f3k, forr\u00e1s: Kom\u00e1rom-Esztergom V\u00e1rmegyei \u00d6nkorm\u00e1nyzat<\/em><\/p>\n","protected":false},"excerpt":{"rendered":"<p>Szeptember 15-\u00e9n, p\u00e9nteken 18. alkalommal tartott\u00e1k meg a V\u00e1rmegyei Prima D\u00edj G\u00e1l\u00e1t Tatab\u00e1ny\u00e1n, ahol a V\u00e1llalkoz\u00f3k \u00e9s Munk\u00e1ltat\u00f3k Orsz\u00e1gos Sz\u00f6vets\u00e9g\u00e9nek (VOSZ) v\u00e1rmegyei szervezete sz\u0171kebb haz\u00e1nk kultur\u00e1lis, sport- \u00e9s k\u00f6z\u00e9leti kiv\u00e1l\u00f3s\u00e1gait, valamint gazdas\u00e1gi szerepl\u0151it ismerte el. Az esem\u00e9nyen Szekeres J\u00e1nos nyugalmazott esztergomi testnevel\u0151 tan\u00e1r k\u00f6z\u00f6ns\u00e9gd\u00edjban r\u00e9szes\u00fclt. Popovics Gy\u00f6rgy, a v\u00e1rmegyei k\u00f6zgy\u0171l\u00e9s eln\u00f6ke is jelen volt az<\/p>\n","protected":false},"author":1,"featured_media":56387,"comment_status":"closed","ping_status":"closed","sticky":false,"template":"","format":"standard","meta":{"ngg_post_thumbnail":0,"footnotes":""},"categories":[38,3,56],"tags":[6890,7096],"class_list":{"0":"post-56386","1":"post","2":"type-post","3":"status-publish","4":"format-standard","5":"has-post-thumbnail","7":"category-esztergom","8":"category-hirek","9":"category-komarom-esztergom","10":"tag-komarom-esztergom-varmegye","11":"tag-vallalkozok-es-munkaltatok-orszagos-szovetsege"},"yoast_head":"<!-- This site is optimized with the Yoast SEO plugin v27.5 - https:\/\/yoast.com\/product\/yoast-seo-wordpress\/ -->\n<title>V\u00e1rmegyei Prima k\u00f6z\u00f6ns\u00e9gd\u00edjat kapott Szekeres J\u00e1nos<\/title>\n<meta name=\"robots\" content=\"index, follow, max-snippet:-1, max-image-preview:large, max-video-preview:-1\" \/>\n<link rel=\"canonical\" href=\"https:\/\/dorogimedence.hu\/index.php\/2023\/09\/19\/varmegyei-prima-kozonsegdijat-kapott-szekeres-janos-2\/\" class=\"yoast-seo-meta-tag\" \/>\n<meta property=\"og:locale\" content=\"hu_HU\" class=\"yoast-seo-meta-tag\" \/>\n<meta property=\"og:type\" content=\"article\" class=\"yoast-seo-meta-tag\" \/>\n<meta property=\"og:title\" content=\"V\u00e1rmegyei Prima k\u00f6z\u00f6ns\u00e9gd\u00edjat kapott Szekeres J\u00e1nos\" class=\"yoast-seo-meta-tag\" \/>\n<meta property=\"og:description\" content=\"Szeptember 15-\u00e9n, p\u00e9nteken 18. alkalommal tartott\u00e1k meg a V\u00e1rmegyei Prima D\u00edj G\u00e1l\u00e1t Tatab\u00e1ny\u00e1n, ahol a V\u00e1llalkoz\u00f3k \u00e9s Munk\u00e1ltat\u00f3k Orsz\u00e1gos Sz\u00f6vets\u00e9g\u00e9nek (VOSZ) v\u00e1rmegyei szervezete sz\u0171kebb haz\u00e1nk kultur\u00e1lis, sport- \u00e9s k\u00f6z\u00e9leti kiv\u00e1l\u00f3s\u00e1gait, valamint gazdas\u00e1gi szerepl\u0151it ismerte el. Az esem\u00e9nyen Szekeres J\u00e1nos nyugalmazott esztergomi testnevel\u0151 tan\u00e1r k\u00f6z\u00f6ns\u00e9gd\u00edjban r\u00e9szes\u00fclt. Popovics Gy\u00f6rgy, a v\u00e1rmegyei k\u00f6zgy\u0171l\u00e9s eln\u00f6ke is jelen volt az\" class=\"yoast-seo-meta-tag\" \/>\n<meta property=\"og:url\" content=\"https:\/\/dorogimedence.hu\/index.php\/2023\/09\/19\/varmegyei-prima-kozonsegdijat-kapott-szekeres-janos-2\/\" class=\"yoast-seo-meta-tag\" \/>\n<meta property=\"og:site_name\" content=\"Dorogi-medence Region\u00e1lis H\u00edrport\u00e1l\" class=\"yoast-seo-meta-tag\" \/>\n<meta property=\"article:publisher\" content=\"https:\/\/www.facebook.com\/dorogimedence\/\" class=\"yoast-seo-meta-tag\" \/>\n<meta property=\"article:published_time\" content=\"2023-09-19T07:52:25+00:00\" class=\"yoast-seo-meta-tag\" \/>\n<meta property=\"article:modified_time\" content=\"2023-09-19T08:20:40+00:00\" class=\"yoast-seo-meta-tag\" \/>\n<meta property=\"og:image\" content=\"https:\/\/dorogimedence.hu\/wp-content\/uploads\/2023\/09\/vosz.jpg\" class=\"yoast-seo-meta-tag\" \/>\n\t<meta property=\"og:image:width\" content=\"1920\" class=\"yoast-seo-meta-tag\" \/>\n\t<meta property=\"og:image:height\" content=\"970\" class=\"yoast-seo-meta-tag\" \/>\n\t<meta property=\"og:image:type\" content=\"image\/jpeg\" class=\"yoast-seo-meta-tag\" \/>\n<meta name=\"author\" content=\"dorogimedence.hu\" class=\"yoast-seo-meta-tag\" \/>\n<meta name=\"twitter:card\" content=\"summary_large_image\" class=\"yoast-seo-meta-tag\" \/>\n<meta name=\"twitter:label1\" content=\"Szerz\u0151:\" class=\"yoast-seo-meta-tag\" \/>\n\t<meta name=\"twitter:data1\" content=\"dorogimedence.hu\" class=\"yoast-seo-meta-tag\" \/>\n\t<meta name=\"twitter:label2\" content=\"Becs\u00fclt olvas\u00e1si id\u0151\" class=\"yoast-seo-meta-tag\" \/>\n\t<meta name=\"twitter:data2\" content=\"2 perc\" class=\"yoast-seo-meta-tag\" \/>\n<script type=\"application\/ld+json\" class=\"yoast-schema-graph\">{\"@context\":\"https:\\\/\\\/schema.org\",\"@graph\":[{\"@type\":\"Article\",\"@id\":\"https:\\\/\\\/dorogimedence.hu\\\/index.php\\\/2023\\\/09\\\/19\\\/varmegyei-prima-kozonsegdijat-kapott-szekeres-janos-2\\\/#article\",\"isPartOf\":{\"@id\":\"https:\\\/\\\/dorogimedence.hu\\\/index.php\\\/2023\\\/09\\\/19\\\/varmegyei-prima-kozonsegdijat-kapott-szekeres-janos-2\\\/\"},\"author\":{\"name\":\"dorogimedence.hu\",\"@id\":\"https:\\\/\\\/dorogimedence.hu\\\/#\\\/schema\\\/person\\\/ce6091eeb7e95ecdc87890d6aa8e0fd4\"},\"headline\":\"V\u00e1rmegyei Prima k\u00f6z\u00f6ns\u00e9gd\u00edjat kapott Szekeres J\u00e1nos\",\"datePublished\":\"2023-09-19T07:52:25+00:00\",\"dateModified\":\"2023-09-19T08:20:40+00:00\",\"mainEntityOfPage\":{\"@id\":\"https:\\\/\\\/dorogimedence.hu\\\/index.php\\\/2023\\\/09\\\/19\\\/varmegyei-prima-kozonsegdijat-kapott-szekeres-janos-2\\\/\"},\"wordCount\":391,\"publisher\":{\"@id\":\"https:\\\/\\\/dorogimedence.hu\\\/#organization\"},\"image\":{\"@id\":\"https:\\\/\\\/dorogimedence.hu\\\/index.php\\\/2023\\\/09\\\/19\\\/varmegyei-prima-kozonsegdijat-kapott-szekeres-janos-2\\\/#primaryimage\"},\"thumbnailUrl\":\"https:\\\/\\\/dorogimedence.hu\\\/wp-content\\\/uploads\\\/2023\\\/09\\\/vosz.jpg\",\"keywords\":[\"Kom\u00e1rom-Esztergom v\u00e1rmegye\",\"V\u00e1llalkoz\u00f3k \u00e9s Munk\u00e1ltat\u00f3k Orsz\u00e1gos Sz\u00f6vets\u00e9ge\"],\"articleSection\":[\"Esztergom\",\"H\u00edrek\",\"Kom\u00e1rom-Esztergom\"],\"inLanguage\":\"hu\"},{\"@type\":\"WebPage\",\"@id\":\"https:\\\/\\\/dorogimedence.hu\\\/index.php\\\/2023\\\/09\\\/19\\\/varmegyei-prima-kozonsegdijat-kapott-szekeres-janos-2\\\/\",\"url\":\"https:\\\/\\\/dorogimedence.hu\\\/index.php\\\/2023\\\/09\\\/19\\\/varmegyei-prima-kozonsegdijat-kapott-szekeres-janos-2\\\/\",\"name\":\"V\u00e1rmegyei Prima k\u00f6z\u00f6ns\u00e9gd\u00edjat kapott Szekeres J\u00e1nos\",\"isPartOf\":{\"@id\":\"https:\\\/\\\/dorogimedence.hu\\\/#website\"},\"primaryImageOfPage\":{\"@id\":\"https:\\\/\\\/dorogimedence.hu\\\/index.php\\\/2023\\\/09\\\/19\\\/varmegyei-prima-kozonsegdijat-kapott-szekeres-janos-2\\\/#primaryimage\"},\"image\":{\"@id\":\"https:\\\/\\\/dorogimedence.hu\\\/index.php\\\/2023\\\/09\\\/19\\\/varmegyei-prima-kozonsegdijat-kapott-szekeres-janos-2\\\/#primaryimage\"},\"thumbnailUrl\":\"https:\\\/\\\/dorogimedence.hu\\\/wp-content\\\/uploads\\\/2023\\\/09\\\/vosz.jpg\",\"datePublished\":\"2023-09-19T07:52:25+00:00\",\"dateModified\":\"2023-09-19T08:20:40+00:00\",\"breadcrumb\":{\"@id\":\"https:\\\/\\\/dorogimedence.hu\\\/index.php\\\/2023\\\/09\\\/19\\\/varmegyei-prima-kozonsegdijat-kapott-szekeres-janos-2\\\/#breadcrumb\"},\"inLanguage\":\"hu\",\"potentialAction\":[{\"@type\":\"ReadAction\",\"target\":[\"https:\\\/\\\/dorogimedence.hu\\\/index.php\\\/2023\\\/09\\\/19\\\/varmegyei-prima-kozonsegdijat-kapott-szekeres-janos-2\\\/\"]}]},{\"@type\":\"ImageObject\",\"inLanguage\":\"hu\",\"@id\":\"https:\\\/\\\/dorogimedence.hu\\\/index.php\\\/2023\\\/09\\\/19\\\/varmegyei-prima-kozonsegdijat-kapott-szekeres-janos-2\\\/#primaryimage\",\"url\":\"https:\\\/\\\/dorogimedence.hu\\\/wp-content\\\/uploads\\\/2023\\\/09\\\/vosz.jpg\",\"contentUrl\":\"https:\\\/\\\/dorogimedence.hu\\\/wp-content\\\/uploads\\\/2023\\\/09\\\/vosz.jpg\",\"width\":1920,\"height\":970},{\"@type\":\"BreadcrumbList\",\"@id\":\"https:\\\/\\\/dorogimedence.hu\\\/index.php\\\/2023\\\/09\\\/19\\\/varmegyei-prima-kozonsegdijat-kapott-szekeres-janos-2\\\/#breadcrumb\",\"itemListElement\":[{\"@type\":\"ListItem\",\"position\":1,\"name\":\"Kezd\u0151lap\",\"item\":\"https:\\\/\\\/dorogimedence.hu\\\/\"},{\"@type\":\"ListItem\",\"position\":2,\"name\":\"V\u00e1rmegyei Prima k\u00f6z\u00f6ns\u00e9gd\u00edjat kapott Szekeres J\u00e1nos\"}]},{\"@type\":\"WebSite\",\"@id\":\"https:\\\/\\\/dorogimedence.hu\\\/#website\",\"url\":\"https:\\\/\\\/dorogimedence.hu\\\/\",\"name\":\"Dorogi-medence Region\u00e1lis H\u00edrport\u00e1l\",\"description\":\"Dorog, Keszt\u00f6lc, Le\u00e1nyv\u00e1r, Piliscs\u00e9v, Tokod, Tokodalt\u00e1r\u00f3, Csolnok, Esztergom-kertv\u00e1ros: h\u00edrek, programok\",\"publisher\":{\"@id\":\"https:\\\/\\\/dorogimedence.hu\\\/#organization\"},\"potentialAction\":[{\"@type\":\"SearchAction\",\"target\":{\"@type\":\"EntryPoint\",\"urlTemplate\":\"https:\\\/\\\/dorogimedence.hu\\\/?s={search_term_string}\"},\"query-input\":{\"@type\":\"PropertyValueSpecification\",\"valueRequired\":true,\"valueName\":\"search_term_string\"}}],\"inLanguage\":\"hu\"},{\"@type\":\"Organization\",\"@id\":\"https:\\\/\\\/dorogimedence.hu\\\/#organization\",\"name\":\"Dorogi-medence Region\u00e1lis H\u00edrport\u00e1l\",\"url\":\"https:\\\/\\\/dorogimedence.hu\\\/\",\"logo\":{\"@type\":\"ImageObject\",\"inLanguage\":\"hu\",\"@id\":\"https:\\\/\\\/dorogimedence.hu\\\/#\\\/schema\\\/logo\\\/image\\\/\",\"url\":\"https:\\\/\\\/dorogimedence.hu\\\/wp-content\\\/uploads\\\/2021\\\/04\\\/logo-feher-600.png\",\"contentUrl\":\"https:\\\/\\\/dorogimedence.hu\\\/wp-content\\\/uploads\\\/2021\\\/04\\\/logo-feher-600.png\",\"width\":600,\"height\":100,\"caption\":\"Dorogi-medence Region\u00e1lis H\u00edrport\u00e1l\"},\"image\":{\"@id\":\"https:\\\/\\\/dorogimedence.hu\\\/#\\\/schema\\\/logo\\\/image\\\/\"},\"sameAs\":[\"https:\\\/\\\/www.facebook.com\\\/dorogimedence\\\/\"]},{\"@type\":\"Person\",\"@id\":\"https:\\\/\\\/dorogimedence.hu\\\/#\\\/schema\\\/person\\\/ce6091eeb7e95ecdc87890d6aa8e0fd4\",\"name\":\"dorogimedence.hu\",\"image\":{\"@type\":\"ImageObject\",\"inLanguage\":\"hu\",\"@id\":\"\\\/\\\/www.gravatar.com\\\/avatar\\\/d8d45f8901aadff40a4af72c0b826f1d?s=96&#038;r=g&#038;d=mm\",\"url\":\"\\\/\\\/www.gravatar.com\\\/avatar\\\/d8d45f8901aadff40a4af72c0b826f1d?s=96&#038;r=g&#038;d=mm\",\"contentUrl\":\"\\\/\\\/www.gravatar.com\\\/avatar\\\/d8d45f8901aadff40a4af72c0b826f1d?s=96&#038;r=g&#038;d=mm\",\"caption\":\"dorogimedence.hu\"}}]}<\/script>\n<!-- \/ Yoast SEO plugin. -->","yoast_head_json":{"title":"V\u00e1rmegyei Prima k\u00f6z\u00f6ns\u00e9gd\u00edjat kapott Szekeres J\u00e1nos","robots":{"index":"index","follow":"follow","max-snippet":"max-snippet:-1","max-image-preview":"max-image-preview:large","max-video-preview":"max-video-preview:-1"},"canonical":"https:\/\/dorogimedence.hu\/index.php\/2023\/09\/19\/varmegyei-prima-kozonsegdijat-kapott-szekeres-janos-2\/","og_locale":"hu_HU","og_type":"article","og_title":"V\u00e1rmegyei Prima k\u00f6z\u00f6ns\u00e9gd\u00edjat kapott Szekeres J\u00e1nos","og_description":"Szeptember 15-\u00e9n, p\u00e9nteken 18. alkalommal tartott\u00e1k meg a V\u00e1rmegyei Prima D\u00edj G\u00e1l\u00e1t Tatab\u00e1ny\u00e1n, ahol a V\u00e1llalkoz\u00f3k \u00e9s Munk\u00e1ltat\u00f3k Orsz\u00e1gos Sz\u00f6vets\u00e9g\u00e9nek (VOSZ) v\u00e1rmegyei szervezete sz\u0171kebb haz\u00e1nk kultur\u00e1lis, sport- \u00e9s k\u00f6z\u00e9leti kiv\u00e1l\u00f3s\u00e1gait, valamint gazdas\u00e1gi szerepl\u0151it ismerte el. Az esem\u00e9nyen Szekeres J\u00e1nos nyugalmazott esztergomi testnevel\u0151 tan\u00e1r k\u00f6z\u00f6ns\u00e9gd\u00edjban r\u00e9szes\u00fclt. Popovics Gy\u00f6rgy, a v\u00e1rmegyei k\u00f6zgy\u0171l\u00e9s eln\u00f6ke is jelen volt az","og_url":"https:\/\/dorogimedence.hu\/index.php\/2023\/09\/19\/varmegyei-prima-kozonsegdijat-kapott-szekeres-janos-2\/","og_site_name":"Dorogi-medence Region\u00e1lis H\u00edrport\u00e1l","article_publisher":"https:\/\/www.facebook.com\/dorogimedence\/","article_published_time":"2023-09-19T07:52:25+00:00","article_modified_time":"2023-09-19T08:20:40+00:00","og_image":[{"width":1920,"height":970,"url":"https:\/\/dorogimedence.hu\/wp-content\/uploads\/2023\/09\/vosz.jpg","type":"image\/jpeg"}],"author":"dorogimedence.hu","twitter_card":"summary_large_image","twitter_misc":{"Szerz\u0151:":"dorogimedence.hu","Becs\u00fclt olvas\u00e1si id\u0151":"2 perc"},"schema":{"@context":"https:\/\/schema.org","@graph":[{"@type":"Article","@id":"https:\/\/dorogimedence.hu\/index.php\/2023\/09\/19\/varmegyei-prima-kozonsegdijat-kapott-szekeres-janos-2\/#article","isPartOf":{"@id":"https:\/\/dorogimedence.hu\/index.php\/2023\/09\/19\/varmegyei-prima-kozonsegdijat-kapott-szekeres-janos-2\/"},"author":{"name":"dorogimedence.hu","@id":"https:\/\/dorogimedence.hu\/#\/schema\/person\/ce6091eeb7e95ecdc87890d6aa8e0fd4"},"headline":"V\u00e1rmegyei Prima k\u00f6z\u00f6ns\u00e9gd\u00edjat kapott Szekeres J\u00e1nos","datePublished":"2023-09-19T07:52:25+00:00","dateModified":"2023-09-19T08:20:40+00:00","mainEntityOfPage":{"@id":"https:\/\/dorogimedence.hu\/index.php\/2023\/09\/19\/varmegyei-prima-kozonsegdijat-kapott-szekeres-janos-2\/"},"wordCount":391,"publisher":{"@id":"https:\/\/dorogimedence.hu\/#organization"},"image":{"@id":"https:\/\/dorogimedence.hu\/index.php\/2023\/09\/19\/varmegyei-prima-kozonsegdijat-kapott-szekeres-janos-2\/#primaryimage"},"thumbnailUrl":"https:\/\/dorogimedence.hu\/wp-content\/uploads\/2023\/09\/vosz.jpg","keywords":["Kom\u00e1rom-Esztergom v\u00e1rmegye","V\u00e1llalkoz\u00f3k \u00e9s Munk\u00e1ltat\u00f3k Orsz\u00e1gos Sz\u00f6vets\u00e9ge"],"articleSection":["Esztergom","H\u00edrek","Kom\u00e1rom-Esztergom"],"inLanguage":"hu"},{"@type":"WebPage","@id":"https:\/\/dorogimedence.hu\/index.php\/2023\/09\/19\/varmegyei-prima-kozonsegdijat-kapott-szekeres-janos-2\/","url":"https:\/\/dorogimedence.hu\/index.php\/2023\/09\/19\/varmegyei-prima-kozonsegdijat-kapott-szekeres-janos-2\/","name":"V\u00e1rmegyei Prima k\u00f6z\u00f6ns\u00e9gd\u00edjat kapott Szekeres J\u00e1nos","isPartOf":{"@id":"https:\/\/dorogimedence.hu\/#website"},"primaryImageOfPage":{"@id":"https:\/\/dorogimedence.hu\/index.php\/2023\/09\/19\/varmegyei-prima-kozonsegdijat-kapott-szekeres-janos-2\/#primaryimage"},"image":{"@id":"https:\/\/dorogimedence.hu\/index.php\/2023\/09\/19\/varmegyei-prima-kozonsegdijat-kapott-szekeres-janos-2\/#primaryimage"},"thumbnailUrl":"https:\/\/dorogimedence.hu\/wp-content\/uploads\/2023\/09\/vosz.jpg","datePublished":"2023-09-19T07:52:25+00:00","dateModified":"2023-09-19T08:20:40+00:00","breadcrumb":{"@id":"https:\/\/dorogimedence.hu\/index.php\/2023\/09\/19\/varmegyei-prima-kozonsegdijat-kapott-szekeres-janos-2\/#breadcrumb"},"inLanguage":"hu","potentialAction":[{"@type":"ReadAction","target":["https:\/\/dorogimedence.hu\/index.php\/2023\/09\/19\/varmegyei-prima-kozonsegdijat-kapott-szekeres-janos-2\/"]}]},{"@type":"ImageObject","inLanguage":"hu","@id":"https:\/\/dorogimedence.hu\/index.php\/2023\/09\/19\/varmegyei-prima-kozonsegdijat-kapott-szekeres-janos-2\/#primaryimage","url":"https:\/\/dorogimedence.hu\/wp-content\/uploads\/2023\/09\/vosz.jpg","contentUrl":"https:\/\/dorogimedence.hu\/wp-content\/uploads\/2023\/09\/vosz.jpg","width":1920,"height":970},{"@type":"BreadcrumbList","@id":"https:\/\/dorogimedence.hu\/index.php\/2023\/09\/19\/varmegyei-prima-kozonsegdijat-kapott-szekeres-janos-2\/#breadcrumb","itemListElement":[{"@type":"ListItem","position":1,"name":"Kezd\u0151lap","item":"https:\/\/dorogimedence.hu\/"},{"@type":"ListItem","position":2,"name":"V\u00e1rmegyei Prima k\u00f6z\u00f6ns\u00e9gd\u00edjat kapott Szekeres J\u00e1nos"}]},{"@type":"WebSite","@id":"https:\/\/dorogimedence.hu\/#website","url":"https:\/\/dorogimedence.hu\/","name":"Dorogi-medence Region\u00e1lis H\u00edrport\u00e1l","description":"Dorog, Keszt\u00f6lc, Le\u00e1nyv\u00e1r, Piliscs\u00e9v, Tokod, Tokodalt\u00e1r\u00f3, Csolnok, Esztergom-kertv\u00e1ros: h\u00edrek, programok","publisher":{"@id":"https:\/\/dorogimedence.hu\/#organization"},"potentialAction":[{"@type":"SearchAction","target":{"@type":"EntryPoint","urlTemplate":"https:\/\/dorogimedence.hu\/?s={search_term_string}"},"query-input":{"@type":"PropertyValueSpecification","valueRequired":true,"valueName":"search_term_string"}}],"inLanguage":"hu"},{"@type":"Organization","@id":"https:\/\/dorogimedence.hu\/#organization","name":"Dorogi-medence Region\u00e1lis H\u00edrport\u00e1l","url":"https:\/\/dorogimedence.hu\/","logo":{"@type":"ImageObject","inLanguage":"hu","@id":"https:\/\/dorogimedence.hu\/#\/schema\/logo\/image\/","url":"https:\/\/dorogimedence.hu\/wp-content\/uploads\/2021\/04\/logo-feher-600.png","contentUrl":"https:\/\/dorogimedence.hu\/wp-content\/uploads\/2021\/04\/logo-feher-600.png","width":600,"height":100,"caption":"Dorogi-medence Region\u00e1lis H\u00edrport\u00e1l"},"image":{"@id":"https:\/\/dorogimedence.hu\/#\/schema\/logo\/image\/"},"sameAs":["https:\/\/www.facebook.com\/dorogimedence\/"]},{"@type":"Person","@id":"https:\/\/dorogimedence.hu\/#\/schema\/person\/ce6091eeb7e95ecdc87890d6aa8e0fd4","name":"dorogimedence.hu","image":{"@type":"ImageObject","inLanguage":"hu","@id":"\/\/www.gravatar.com\/avatar\/d8d45f8901aadff40a4af72c0b826f1d?s=96&#038;r=g&#038;d=mm","url":"\/\/www.gravatar.com\/avatar\/d8d45f8901aadff40a4af72c0b826f1d?s=96&#038;r=g&#038;d=mm","contentUrl":"\/\/www.gravatar.com\/avatar\/d8d45f8901aadff40a4af72c0b826f1d?s=96&#038;r=g&#038;d=mm","caption":"dorogimedence.hu"}}]}},"_links":{"self":[{"href":"https:\/\/dorogimedence.hu\/index.php\/wp-json\/wp\/v2\/posts\/56386","targetHints":{"allow":["GET"]}}],"collection":[{"href":"https:\/\/dorogimedence.hu\/index.php\/wp-json\/wp\/v2\/posts"}],"about":[{"href":"https:\/\/dorogimedence.hu\/index.php\/wp-json\/wp\/v2\/types\/post"}],"author":[{"embeddable":true,"href":"https:\/\/dorogimedence.hu\/index.php\/wp-json\/wp\/v2\/users\/1"}],"replies":[{"embeddable":true,"href":"https:\/\/dorogimedence.hu\/index.php\/wp-json\/wp\/v2\/comments?post=56386"}],"version-history":[{"count":0,"href":"https:\/\/dorogimedence.hu\/index.php\/wp-json\/wp\/v2\/posts\/56386\/revisions"}],"wp:featuredmedia":[{"embeddable":true,"href":"https:\/\/dorogimedence.hu\/index.php\/wp-json\/wp\/v2\/media\/56387"}],"wp:attachment":[{"href":"https:\/\/dorogimedence.hu\/index.php\/wp-json\/wp\/v2\/media?parent=56386"}],"wp:term":[{"taxonomy":"category","embeddable":true,"href":"https:\/\/dorogimedence.hu\/index.php\/wp-json\/wp\/v2\/categories?post=56386"},{"taxonomy":"post_tag","embeddable":true,"href":"https:\/\/dorogimedence.hu\/index.php\/wp-json\/wp\/v2\/tags?post=56386"}],"curies":[{"name":"wp","href":"https:\/\/api.w.org\/{rel}","templated":true}]}}