{"id":56370,"date":"2023-09-18T13:05:36","date_gmt":"2023-09-18T11:05:36","guid":{"rendered":"https:\/\/dorogimedence.hu\/?p=56370"},"modified":"2023-09-18T13:37:42","modified_gmt":"2023-09-18T11:37:42","slug":"szureti-mulatsagon-adtak-at-a-mogyorosbanyarol-keszult-imazsfilmet","status":"publish","type":"post","link":"https:\/\/dorogimedence.hu\/index.php\/2023\/09\/18\/szureti-mulatsagon-adtak-at-a-mogyorosbanyarol-keszult-imazsfilmet\/","title":{"rendered":"Sz\u00fcreti mulats\u00e1gon adt\u00e1k \u00e1t a Mogyor\u00f3sb\u00e1ny\u00e1r\u00f3l k\u00e9sz\u00fclt im\u00e1zsfilmet"},"content":{"rendered":"<p><strong>Szeptember 16-\u00e1n, szombaton sz\u00fcreti mulats\u00e1got rendeztek a mogyor\u00f3sb\u00e1nyai pincesoron, ahol t\u00f6bbek k\u00f6z\u00f6tt \u00e1tadt\u00e1k azt az im\u00e1zsfilmet, melyet a v\u00e1rmegyei \u00f6nkorm\u00e1nyzat a telep\u00fcl\u00e9s r\u00e9sz\u00e9re k\u00e9sz\u00edtett.<\/strong><\/p>\n<p>Az esem\u00e9nyen Popovics Gy\u00f6rgy, a v\u00e1rmegyei k\u00f6zgy\u0171l\u00e9s eln\u00f6ke elmondta, hogy az elm\u00falt \u00e9vekben a v\u00e1rmegyei \u00f6nkorm\u00e1nyzat \u00e1ltal koordin\u00e1lt Ter\u00fclet- \u00e9s Telep\u00fcl\u00e9sfejleszt\u00e9si Operat\u00edv Program (TOP) keret\u00e9ben mintegy f\u00e9lmilli\u00e1rd forintnyi fejleszt\u00e9ssel gazdagodhatott Mogyor\u00f3sb\u00e1nya. Nemr\u00e9g pedig 100 milli\u00f3 forintot nyertek a TOP Pluszb\u00f3l z\u00f6ldter\u00fclet, illetve j\u00e1tsz\u00f3t\u00e9r fejleszt\u00e9sre. A besz\u00e9d ut\u00e1n, a v\u00e1rmegyei k\u00f6zgy\u0171l\u00e9s eln\u00f6ke a Gerecse \u00f6lel\u00e9s\u00e9ben tal\u00e1lhat\u00f3 k\u00f6zs\u00e9gr\u0151l sz\u00f3l\u00f3 kisfilmmel aj\u00e1nd\u00e9kozta meg Havrancsik Tibor polg\u00e1rmestert \u00e9s a helyieket.<\/p>\n<p><img fetchpriority=\"high\" decoding=\"async\" class=\"alignnone size-full wp-image-56372\" src=\"https:\/\/dorogimedence.hu\/wp-content\/uploads\/2023\/09\/379365107_694131042750718_6468943663514539298_n.jpg\" alt=\"\" width=\"2048\" height=\"1364\" srcset=\"https:\/\/dorogimedence.hu\/wp-content\/uploads\/2023\/09\/379365107_694131042750718_6468943663514539298_n.jpg 2048w, https:\/\/dorogimedence.hu\/wp-content\/uploads\/2023\/09\/379365107_694131042750718_6468943663514539298_n-600x400.jpg 600w, https:\/\/dorogimedence.hu\/wp-content\/uploads\/2023\/09\/379365107_694131042750718_6468943663514539298_n-1920x1279.jpg 1920w, https:\/\/dorogimedence.hu\/wp-content\/uploads\/2023\/09\/379365107_694131042750718_6468943663514539298_n-768x512.jpg 768w, https:\/\/dorogimedence.hu\/wp-content\/uploads\/2023\/09\/379365107_694131042750718_6468943663514539298_n-1536x1023.jpg 1536w, https:\/\/dorogimedence.hu\/wp-content\/uploads\/2023\/09\/379365107_694131042750718_6468943663514539298_n-150x100.jpg 150w, https:\/\/dorogimedence.hu\/wp-content\/uploads\/2023\/09\/379365107_694131042750718_6468943663514539298_n-450x300.jpg 450w, https:\/\/dorogimedence.hu\/wp-content\/uploads\/2023\/09\/379365107_694131042750718_6468943663514539298_n-1200x799.jpg 1200w, https:\/\/dorogimedence.hu\/wp-content\/uploads\/2023\/09\/379365107_694131042750718_6468943663514539298_n-272x182.jpg 272w\" sizes=\"(max-width: 2048px) 100vw, 2048px\" \/><\/p>\n<p>A rendezv\u00e9nyen az \u00f3vod\u00e1sok \u00e9s iskol\u00e1sok m\u0171sora sz\u00ednes\u00edtette a d\u00e9lut\u00e1nt, majd a Mogyor\u00f3sb\u00e1nyai F\u00fav\u00f3szenekar, valamint Zsuzsi \u00e9s D\u00f3ri zen\u00e9s m\u0171sora k\u00f6vetkezett. Az este folyam\u00e1n Cory, valamint Josh \u00e9s Betti adott koncertet a sz\u00ednpadon, v\u00e9g\u00fcl sl\u00e1ger disco-val z\u00e1rt\u00e1k a napot!<\/p>\n<p><img decoding=\"async\" class=\"alignnone size-full wp-image-56373\" src=\"https:\/\/dorogimedence.hu\/wp-content\/uploads\/2023\/09\/379324942_694130989417390_7316961058482000200_n.jpg\" alt=\"\" width=\"2048\" height=\"1364\" srcset=\"https:\/\/dorogimedence.hu\/wp-content\/uploads\/2023\/09\/379324942_694130989417390_7316961058482000200_n.jpg 2048w, https:\/\/dorogimedence.hu\/wp-content\/uploads\/2023\/09\/379324942_694130989417390_7316961058482000200_n-600x400.jpg 600w, https:\/\/dorogimedence.hu\/wp-content\/uploads\/2023\/09\/379324942_694130989417390_7316961058482000200_n-1920x1279.jpg 1920w, https:\/\/dorogimedence.hu\/wp-content\/uploads\/2023\/09\/379324942_694130989417390_7316961058482000200_n-768x512.jpg 768w, https:\/\/dorogimedence.hu\/wp-content\/uploads\/2023\/09\/379324942_694130989417390_7316961058482000200_n-1536x1023.jpg 1536w, https:\/\/dorogimedence.hu\/wp-content\/uploads\/2023\/09\/379324942_694130989417390_7316961058482000200_n-150x100.jpg 150w, https:\/\/dorogimedence.hu\/wp-content\/uploads\/2023\/09\/379324942_694130989417390_7316961058482000200_n-450x300.jpg 450w, https:\/\/dorogimedence.hu\/wp-content\/uploads\/2023\/09\/379324942_694130989417390_7316961058482000200_n-1200x799.jpg 1200w, https:\/\/dorogimedence.hu\/wp-content\/uploads\/2023\/09\/379324942_694130989417390_7316961058482000200_n-272x182.jpg 272w\" sizes=\"(max-width: 2048px) 100vw, 2048px\" \/><\/p>\n<p><em>A V\u00e1rmegyej\u00e1r\u00f3 filmsorozatban m\u00e1r t\u00f6bb mint 50 telep\u00fcl\u00e9sr\u0151l n\u00e9zhet\u0151 meg im\u00e1zsfilm a Miv\u00e1rmegy\u00e9nk <u><a href=\"https:\/\/www.youtube.com\/playlist?list=PLsrz_w7Ct8F2fYsdT4tBWJvN_muyCLhfc\" target=\"_blank\" rel=\"noopener\"><span style=\"color: #0000ff;\">YouTube csatorn\u00e1j\u00e1n<\/span><\/a><\/u>. A V\u00e1rmegyej\u00e1r\u00f3 filmsorozat a Kom\u00e1rom-Esztergom Megyei \u00d6nkorm\u00e1nyzat TOP-5.3.2-17-KO1-2021-00002 sz\u00e1m\u00fa \u201eA mi megy\u00e9nk, a mi vil\u00e1gunk\u201d c\u00edm\u0171 p\u00e1ly\u00e1zat\u00e1nak keret\u00e9n bel\u00fcl val\u00f3sult meg.<\/em><\/p>\n<p><em>Mogyor\u00f3sb\u00e1ny\u00e1r\u00f3l k\u00e9sz\u00edtett im\u00e1zsfilm:<\/em><\/p>\n<p><iframe title=\"V\u00e1rmegyej\u00e1r\u00f3: Mogyor\u00f3sb\u00e1nya\" width=\"755\" height=\"425\" src=\"https:\/\/www.youtube.com\/embed\/oPLViZFTtUU?feature=oembed\" frameborder=\"0\" allow=\"accelerometer; autoplay; clipboard-write; encrypted-media; gyroscope; picture-in-picture; web-share\" referrerpolicy=\"strict-origin-when-cross-origin\" allowfullscreen><\/iframe><\/p>\n<p><em>Fot\u00f3k: Kom\u00e1rom-Esztergom V\u00e1rmegyei \u00d6nkorm\u00e1nyzat<\/em><\/p>\n","protected":false},"excerpt":{"rendered":"<p>Szeptember 16-\u00e1n, szombaton sz\u00fcreti mulats\u00e1got rendeztek a mogyor\u00f3sb\u00e1nyai pincesoron, ahol t\u00f6bbek k\u00f6z\u00f6tt \u00e1tadt\u00e1k azt az im\u00e1zsfilmet, melyet a v\u00e1rmegyei \u00f6nkorm\u00e1nyzat a telep\u00fcl\u00e9s r\u00e9sz\u00e9re k\u00e9sz\u00edtett. Az esem\u00e9nyen Popovics Gy\u00f6rgy, a v\u00e1rmegyei k\u00f6zgy\u0171l\u00e9s eln\u00f6ke elmondta, hogy az elm\u00falt \u00e9vekben a v\u00e1rmegyei \u00f6nkorm\u00e1nyzat \u00e1ltal koordin\u00e1lt Ter\u00fclet- \u00e9s Telep\u00fcl\u00e9sfejleszt\u00e9si Operat\u00edv Program (TOP) keret\u00e9ben mintegy f\u00e9lmilli\u00e1rd forintnyi fejleszt\u00e9ssel gazdagodhatott Mogyor\u00f3sb\u00e1nya.<\/p>\n","protected":false},"author":1,"featured_media":56371,"comment_status":"closed","ping_status":"closed","sticky":false,"template":"","format":"standard","meta":{"ngg_post_thumbnail":0,"footnotes":""},"categories":[3,56],"tags":[5624,7382,6890,450,1422],"class_list":{"0":"post-56370","1":"post","2":"type-post","3":"status-publish","4":"format-standard","5":"has-post-thumbnail","7":"category-hirek","8":"category-komarom-esztergom","9":"tag-featured","10":"tag-imazsfilm","11":"tag-komarom-esztergom-varmegye","12":"tag-mogyorosbanya","13":"tag-szureti-mulatsag"},"yoast_head":"<!-- This site is optimized with the Yoast SEO plugin v27.4 - https:\/\/yoast.com\/product\/yoast-seo-wordpress\/ -->\n<title>Sz\u00fcreti mulats\u00e1gon adt\u00e1k \u00e1t a Mogyor\u00f3sb\u00e1ny\u00e1r\u00f3l k\u00e9sz\u00fclt im\u00e1zsfilmet<\/title>\n<meta name=\"robots\" content=\"index, follow, max-snippet:-1, max-image-preview:large, max-video-preview:-1\" \/>\n<link rel=\"canonical\" href=\"https:\/\/dorogimedence.hu\/index.php\/2023\/09\/18\/szureti-mulatsagon-adtak-at-a-mogyorosbanyarol-keszult-imazsfilmet\/\" class=\"yoast-seo-meta-tag\" \/>\n<meta property=\"og:locale\" content=\"hu_HU\" class=\"yoast-seo-meta-tag\" \/>\n<meta property=\"og:type\" content=\"article\" class=\"yoast-seo-meta-tag\" \/>\n<meta property=\"og:title\" content=\"Sz\u00fcreti mulats\u00e1gon adt\u00e1k \u00e1t a Mogyor\u00f3sb\u00e1ny\u00e1r\u00f3l k\u00e9sz\u00fclt im\u00e1zsfilmet\" class=\"yoast-seo-meta-tag\" \/>\n<meta property=\"og:description\" content=\"Szeptember 16-\u00e1n, szombaton sz\u00fcreti mulats\u00e1got rendeztek a mogyor\u00f3sb\u00e1nyai pincesoron, ahol t\u00f6bbek k\u00f6z\u00f6tt \u00e1tadt\u00e1k azt az im\u00e1zsfilmet, melyet a v\u00e1rmegyei \u00f6nkorm\u00e1nyzat a telep\u00fcl\u00e9s r\u00e9sz\u00e9re k\u00e9sz\u00edtett. Az esem\u00e9nyen Popovics Gy\u00f6rgy, a v\u00e1rmegyei k\u00f6zgy\u0171l\u00e9s eln\u00f6ke elmondta, hogy az elm\u00falt \u00e9vekben a v\u00e1rmegyei \u00f6nkorm\u00e1nyzat \u00e1ltal koordin\u00e1lt Ter\u00fclet- \u00e9s Telep\u00fcl\u00e9sfejleszt\u00e9si Operat\u00edv Program (TOP) keret\u00e9ben mintegy f\u00e9lmilli\u00e1rd forintnyi fejleszt\u00e9ssel gazdagodhatott Mogyor\u00f3sb\u00e1nya.\" class=\"yoast-seo-meta-tag\" \/>\n<meta property=\"og:url\" content=\"https:\/\/dorogimedence.hu\/index.php\/2023\/09\/18\/szureti-mulatsagon-adtak-at-a-mogyorosbanyarol-keszult-imazsfilmet\/\" class=\"yoast-seo-meta-tag\" \/>\n<meta property=\"og:site_name\" content=\"Dorogi-medence Region\u00e1lis H\u00edrport\u00e1l\" class=\"yoast-seo-meta-tag\" \/>\n<meta property=\"article:publisher\" content=\"https:\/\/www.facebook.com\/dorogimedence\/\" class=\"yoast-seo-meta-tag\" \/>\n<meta property=\"article:published_time\" content=\"2023-09-18T11:05:36+00:00\" class=\"yoast-seo-meta-tag\" \/>\n<meta property=\"article:modified_time\" content=\"2023-09-18T11:37:42+00:00\" class=\"yoast-seo-meta-tag\" \/>\n<meta property=\"og:image\" content=\"https:\/\/dorogimedence.hu\/wp-content\/uploads\/2023\/09\/mogyorosbanya.jpg\" class=\"yoast-seo-meta-tag\" \/>\n\t<meta property=\"og:image:width\" content=\"1920\" class=\"yoast-seo-meta-tag\" \/>\n\t<meta property=\"og:image:height\" content=\"970\" class=\"yoast-seo-meta-tag\" \/>\n\t<meta property=\"og:image:type\" content=\"image\/jpeg\" class=\"yoast-seo-meta-tag\" \/>\n<meta name=\"author\" content=\"dorogimedence.hu\" class=\"yoast-seo-meta-tag\" \/>\n<meta name=\"twitter:card\" content=\"summary_large_image\" class=\"yoast-seo-meta-tag\" \/>\n<meta name=\"twitter:label1\" content=\"Szerz\u0151:\" class=\"yoast-seo-meta-tag\" \/>\n\t<meta name=\"twitter:data1\" content=\"dorogimedence.hu\" class=\"yoast-seo-meta-tag\" \/>\n\t<meta name=\"twitter:label2\" content=\"Becs\u00fclt olvas\u00e1si id\u0151\" class=\"yoast-seo-meta-tag\" \/>\n\t<meta name=\"twitter:data2\" content=\"2 perc\" class=\"yoast-seo-meta-tag\" \/>\n<script type=\"application\/ld+json\" class=\"yoast-schema-graph\">{\"@context\":\"https:\\\/\\\/schema.org\",\"@graph\":[{\"@type\":\"Article\",\"@id\":\"https:\\\/\\\/dorogimedence.hu\\\/index.php\\\/2023\\\/09\\\/18\\\/szureti-mulatsagon-adtak-at-a-mogyorosbanyarol-keszult-imazsfilmet\\\/#article\",\"isPartOf\":{\"@id\":\"https:\\\/\\\/dorogimedence.hu\\\/index.php\\\/2023\\\/09\\\/18\\\/szureti-mulatsagon-adtak-at-a-mogyorosbanyarol-keszult-imazsfilmet\\\/\"},\"author\":{\"name\":\"dorogimedence.hu\",\"@id\":\"https:\\\/\\\/dorogimedence.hu\\\/#\\\/schema\\\/person\\\/ce6091eeb7e95ecdc87890d6aa8e0fd4\"},\"headline\":\"Sz\u00fcreti mulats\u00e1gon adt\u00e1k \u00e1t a Mogyor\u00f3sb\u00e1ny\u00e1r\u00f3l k\u00e9sz\u00fclt im\u00e1zsfilmet\",\"datePublished\":\"2023-09-18T11:05:36+00:00\",\"dateModified\":\"2023-09-18T11:37:42+00:00\",\"mainEntityOfPage\":{\"@id\":\"https:\\\/\\\/dorogimedence.hu\\\/index.php\\\/2023\\\/09\\\/18\\\/szureti-mulatsagon-adtak-at-a-mogyorosbanyarol-keszult-imazsfilmet\\\/\"},\"wordCount\":325,\"publisher\":{\"@id\":\"https:\\\/\\\/dorogimedence.hu\\\/#organization\"},\"image\":{\"@id\":\"https:\\\/\\\/dorogimedence.hu\\\/index.php\\\/2023\\\/09\\\/18\\\/szureti-mulatsagon-adtak-at-a-mogyorosbanyarol-keszult-imazsfilmet\\\/#primaryimage\"},\"thumbnailUrl\":\"https:\\\/\\\/dorogimedence.hu\\\/wp-content\\\/uploads\\\/2023\\\/09\\\/mogyorosbanya.jpg\",\"keywords\":[\"featured\",\"im\u00e1zsfilm\",\"Kom\u00e1rom-Esztergom v\u00e1rmegye\",\"Mogyor\u00f3sb\u00e1nya\",\"sz\u00fcreti mulats\u00e1g\"],\"articleSection\":[\"H\u00edrek\",\"Kom\u00e1rom-Esztergom\"],\"inLanguage\":\"hu\"},{\"@type\":\"WebPage\",\"@id\":\"https:\\\/\\\/dorogimedence.hu\\\/index.php\\\/2023\\\/09\\\/18\\\/szureti-mulatsagon-adtak-at-a-mogyorosbanyarol-keszult-imazsfilmet\\\/\",\"url\":\"https:\\\/\\\/dorogimedence.hu\\\/index.php\\\/2023\\\/09\\\/18\\\/szureti-mulatsagon-adtak-at-a-mogyorosbanyarol-keszult-imazsfilmet\\\/\",\"name\":\"Sz\u00fcreti mulats\u00e1gon adt\u00e1k \u00e1t a Mogyor\u00f3sb\u00e1ny\u00e1r\u00f3l k\u00e9sz\u00fclt im\u00e1zsfilmet\",\"isPartOf\":{\"@id\":\"https:\\\/\\\/dorogimedence.hu\\\/#website\"},\"primaryImageOfPage\":{\"@id\":\"https:\\\/\\\/dorogimedence.hu\\\/index.php\\\/2023\\\/09\\\/18\\\/szureti-mulatsagon-adtak-at-a-mogyorosbanyarol-keszult-imazsfilmet\\\/#primaryimage\"},\"image\":{\"@id\":\"https:\\\/\\\/dorogimedence.hu\\\/index.php\\\/2023\\\/09\\\/18\\\/szureti-mulatsagon-adtak-at-a-mogyorosbanyarol-keszult-imazsfilmet\\\/#primaryimage\"},\"thumbnailUrl\":\"https:\\\/\\\/dorogimedence.hu\\\/wp-content\\\/uploads\\\/2023\\\/09\\\/mogyorosbanya.jpg\",\"datePublished\":\"2023-09-18T11:05:36+00:00\",\"dateModified\":\"2023-09-18T11:37:42+00:00\",\"breadcrumb\":{\"@id\":\"https:\\\/\\\/dorogimedence.hu\\\/index.php\\\/2023\\\/09\\\/18\\\/szureti-mulatsagon-adtak-at-a-mogyorosbanyarol-keszult-imazsfilmet\\\/#breadcrumb\"},\"inLanguage\":\"hu\",\"potentialAction\":[{\"@type\":\"ReadAction\",\"target\":[\"https:\\\/\\\/dorogimedence.hu\\\/index.php\\\/2023\\\/09\\\/18\\\/szureti-mulatsagon-adtak-at-a-mogyorosbanyarol-keszult-imazsfilmet\\\/\"]}]},{\"@type\":\"ImageObject\",\"inLanguage\":\"hu\",\"@id\":\"https:\\\/\\\/dorogimedence.hu\\\/index.php\\\/2023\\\/09\\\/18\\\/szureti-mulatsagon-adtak-at-a-mogyorosbanyarol-keszult-imazsfilmet\\\/#primaryimage\",\"url\":\"https:\\\/\\\/dorogimedence.hu\\\/wp-content\\\/uploads\\\/2023\\\/09\\\/mogyorosbanya.jpg\",\"contentUrl\":\"https:\\\/\\\/dorogimedence.hu\\\/wp-content\\\/uploads\\\/2023\\\/09\\\/mogyorosbanya.jpg\",\"width\":1920,\"height\":970},{\"@type\":\"BreadcrumbList\",\"@id\":\"https:\\\/\\\/dorogimedence.hu\\\/index.php\\\/2023\\\/09\\\/18\\\/szureti-mulatsagon-adtak-at-a-mogyorosbanyarol-keszult-imazsfilmet\\\/#breadcrumb\",\"itemListElement\":[{\"@type\":\"ListItem\",\"position\":1,\"name\":\"Kezd\u0151lap\",\"item\":\"https:\\\/\\\/dorogimedence.hu\\\/\"},{\"@type\":\"ListItem\",\"position\":2,\"name\":\"Sz\u00fcreti mulats\u00e1gon adt\u00e1k \u00e1t a Mogyor\u00f3sb\u00e1ny\u00e1r\u00f3l k\u00e9sz\u00fclt im\u00e1zsfilmet\"}]},{\"@type\":\"WebSite\",\"@id\":\"https:\\\/\\\/dorogimedence.hu\\\/#website\",\"url\":\"https:\\\/\\\/dorogimedence.hu\\\/\",\"name\":\"Dorogi-medence Region\u00e1lis H\u00edrport\u00e1l\",\"description\":\"Dorog, Keszt\u00f6lc, Le\u00e1nyv\u00e1r, Piliscs\u00e9v, Tokod, Tokodalt\u00e1r\u00f3, Csolnok, Esztergom-kertv\u00e1ros: h\u00edrek, programok\",\"publisher\":{\"@id\":\"https:\\\/\\\/dorogimedence.hu\\\/#organization\"},\"potentialAction\":[{\"@type\":\"SearchAction\",\"target\":{\"@type\":\"EntryPoint\",\"urlTemplate\":\"https:\\\/\\\/dorogimedence.hu\\\/?s={search_term_string}\"},\"query-input\":{\"@type\":\"PropertyValueSpecification\",\"valueRequired\":true,\"valueName\":\"search_term_string\"}}],\"inLanguage\":\"hu\"},{\"@type\":\"Organization\",\"@id\":\"https:\\\/\\\/dorogimedence.hu\\\/#organization\",\"name\":\"Dorogi-medence Region\u00e1lis H\u00edrport\u00e1l\",\"url\":\"https:\\\/\\\/dorogimedence.hu\\\/\",\"logo\":{\"@type\":\"ImageObject\",\"inLanguage\":\"hu\",\"@id\":\"https:\\\/\\\/dorogimedence.hu\\\/#\\\/schema\\\/logo\\\/image\\\/\",\"url\":\"https:\\\/\\\/dorogimedence.hu\\\/wp-content\\\/uploads\\\/2021\\\/04\\\/logo-feher-600.png\",\"contentUrl\":\"https:\\\/\\\/dorogimedence.hu\\\/wp-content\\\/uploads\\\/2021\\\/04\\\/logo-feher-600.png\",\"width\":600,\"height\":100,\"caption\":\"Dorogi-medence Region\u00e1lis H\u00edrport\u00e1l\"},\"image\":{\"@id\":\"https:\\\/\\\/dorogimedence.hu\\\/#\\\/schema\\\/logo\\\/image\\\/\"},\"sameAs\":[\"https:\\\/\\\/www.facebook.com\\\/dorogimedence\\\/\"]},{\"@type\":\"Person\",\"@id\":\"https:\\\/\\\/dorogimedence.hu\\\/#\\\/schema\\\/person\\\/ce6091eeb7e95ecdc87890d6aa8e0fd4\",\"name\":\"dorogimedence.hu\",\"image\":{\"@type\":\"ImageObject\",\"inLanguage\":\"hu\",\"@id\":\"\\\/\\\/www.gravatar.com\\\/avatar\\\/d8d45f8901aadff40a4af72c0b826f1d?s=96&#038;r=g&#038;d=mm\",\"url\":\"\\\/\\\/www.gravatar.com\\\/avatar\\\/d8d45f8901aadff40a4af72c0b826f1d?s=96&#038;r=g&#038;d=mm\",\"contentUrl\":\"\\\/\\\/www.gravatar.com\\\/avatar\\\/d8d45f8901aadff40a4af72c0b826f1d?s=96&#038;r=g&#038;d=mm\",\"caption\":\"dorogimedence.hu\"}}]}<\/script>\n<!-- \/ Yoast SEO plugin. -->","yoast_head_json":{"title":"Sz\u00fcreti mulats\u00e1gon adt\u00e1k \u00e1t a Mogyor\u00f3sb\u00e1ny\u00e1r\u00f3l k\u00e9sz\u00fclt im\u00e1zsfilmet","robots":{"index":"index","follow":"follow","max-snippet":"max-snippet:-1","max-image-preview":"max-image-preview:large","max-video-preview":"max-video-preview:-1"},"canonical":"https:\/\/dorogimedence.hu\/index.php\/2023\/09\/18\/szureti-mulatsagon-adtak-at-a-mogyorosbanyarol-keszult-imazsfilmet\/","og_locale":"hu_HU","og_type":"article","og_title":"Sz\u00fcreti mulats\u00e1gon adt\u00e1k \u00e1t a Mogyor\u00f3sb\u00e1ny\u00e1r\u00f3l k\u00e9sz\u00fclt im\u00e1zsfilmet","og_description":"Szeptember 16-\u00e1n, szombaton sz\u00fcreti mulats\u00e1got rendeztek a mogyor\u00f3sb\u00e1nyai pincesoron, ahol t\u00f6bbek k\u00f6z\u00f6tt \u00e1tadt\u00e1k azt az im\u00e1zsfilmet, melyet a v\u00e1rmegyei \u00f6nkorm\u00e1nyzat a telep\u00fcl\u00e9s r\u00e9sz\u00e9re k\u00e9sz\u00edtett. Az esem\u00e9nyen Popovics Gy\u00f6rgy, a v\u00e1rmegyei k\u00f6zgy\u0171l\u00e9s eln\u00f6ke elmondta, hogy az elm\u00falt \u00e9vekben a v\u00e1rmegyei \u00f6nkorm\u00e1nyzat \u00e1ltal koordin\u00e1lt Ter\u00fclet- \u00e9s Telep\u00fcl\u00e9sfejleszt\u00e9si Operat\u00edv Program (TOP) keret\u00e9ben mintegy f\u00e9lmilli\u00e1rd forintnyi fejleszt\u00e9ssel gazdagodhatott Mogyor\u00f3sb\u00e1nya.","og_url":"https:\/\/dorogimedence.hu\/index.php\/2023\/09\/18\/szureti-mulatsagon-adtak-at-a-mogyorosbanyarol-keszult-imazsfilmet\/","og_site_name":"Dorogi-medence Region\u00e1lis H\u00edrport\u00e1l","article_publisher":"https:\/\/www.facebook.com\/dorogimedence\/","article_published_time":"2023-09-18T11:05:36+00:00","article_modified_time":"2023-09-18T11:37:42+00:00","og_image":[{"width":1920,"height":970,"url":"https:\/\/dorogimedence.hu\/wp-content\/uploads\/2023\/09\/mogyorosbanya.jpg","type":"image\/jpeg"}],"author":"dorogimedence.hu","twitter_card":"summary_large_image","twitter_misc":{"Szerz\u0151:":"dorogimedence.hu","Becs\u00fclt olvas\u00e1si id\u0151":"2 perc"},"schema":{"@context":"https:\/\/schema.org","@graph":[{"@type":"Article","@id":"https:\/\/dorogimedence.hu\/index.php\/2023\/09\/18\/szureti-mulatsagon-adtak-at-a-mogyorosbanyarol-keszult-imazsfilmet\/#article","isPartOf":{"@id":"https:\/\/dorogimedence.hu\/index.php\/2023\/09\/18\/szureti-mulatsagon-adtak-at-a-mogyorosbanyarol-keszult-imazsfilmet\/"},"author":{"name":"dorogimedence.hu","@id":"https:\/\/dorogimedence.hu\/#\/schema\/person\/ce6091eeb7e95ecdc87890d6aa8e0fd4"},"headline":"Sz\u00fcreti mulats\u00e1gon adt\u00e1k \u00e1t a Mogyor\u00f3sb\u00e1ny\u00e1r\u00f3l k\u00e9sz\u00fclt im\u00e1zsfilmet","datePublished":"2023-09-18T11:05:36+00:00","dateModified":"2023-09-18T11:37:42+00:00","mainEntityOfPage":{"@id":"https:\/\/dorogimedence.hu\/index.php\/2023\/09\/18\/szureti-mulatsagon-adtak-at-a-mogyorosbanyarol-keszult-imazsfilmet\/"},"wordCount":325,"publisher":{"@id":"https:\/\/dorogimedence.hu\/#organization"},"image":{"@id":"https:\/\/dorogimedence.hu\/index.php\/2023\/09\/18\/szureti-mulatsagon-adtak-at-a-mogyorosbanyarol-keszult-imazsfilmet\/#primaryimage"},"thumbnailUrl":"https:\/\/dorogimedence.hu\/wp-content\/uploads\/2023\/09\/mogyorosbanya.jpg","keywords":["featured","im\u00e1zsfilm","Kom\u00e1rom-Esztergom v\u00e1rmegye","Mogyor\u00f3sb\u00e1nya","sz\u00fcreti mulats\u00e1g"],"articleSection":["H\u00edrek","Kom\u00e1rom-Esztergom"],"inLanguage":"hu"},{"@type":"WebPage","@id":"https:\/\/dorogimedence.hu\/index.php\/2023\/09\/18\/szureti-mulatsagon-adtak-at-a-mogyorosbanyarol-keszult-imazsfilmet\/","url":"https:\/\/dorogimedence.hu\/index.php\/2023\/09\/18\/szureti-mulatsagon-adtak-at-a-mogyorosbanyarol-keszult-imazsfilmet\/","name":"Sz\u00fcreti mulats\u00e1gon adt\u00e1k \u00e1t a Mogyor\u00f3sb\u00e1ny\u00e1r\u00f3l k\u00e9sz\u00fclt im\u00e1zsfilmet","isPartOf":{"@id":"https:\/\/dorogimedence.hu\/#website"},"primaryImageOfPage":{"@id":"https:\/\/dorogimedence.hu\/index.php\/2023\/09\/18\/szureti-mulatsagon-adtak-at-a-mogyorosbanyarol-keszult-imazsfilmet\/#primaryimage"},"image":{"@id":"https:\/\/dorogimedence.hu\/index.php\/2023\/09\/18\/szureti-mulatsagon-adtak-at-a-mogyorosbanyarol-keszult-imazsfilmet\/#primaryimage"},"thumbnailUrl":"https:\/\/dorogimedence.hu\/wp-content\/uploads\/2023\/09\/mogyorosbanya.jpg","datePublished":"2023-09-18T11:05:36+00:00","dateModified":"2023-09-18T11:37:42+00:00","breadcrumb":{"@id":"https:\/\/dorogimedence.hu\/index.php\/2023\/09\/18\/szureti-mulatsagon-adtak-at-a-mogyorosbanyarol-keszult-imazsfilmet\/#breadcrumb"},"inLanguage":"hu","potentialAction":[{"@type":"ReadAction","target":["https:\/\/dorogimedence.hu\/index.php\/2023\/09\/18\/szureti-mulatsagon-adtak-at-a-mogyorosbanyarol-keszult-imazsfilmet\/"]}]},{"@type":"ImageObject","inLanguage":"hu","@id":"https:\/\/dorogimedence.hu\/index.php\/2023\/09\/18\/szureti-mulatsagon-adtak-at-a-mogyorosbanyarol-keszult-imazsfilmet\/#primaryimage","url":"https:\/\/dorogimedence.hu\/wp-content\/uploads\/2023\/09\/mogyorosbanya.jpg","contentUrl":"https:\/\/dorogimedence.hu\/wp-content\/uploads\/2023\/09\/mogyorosbanya.jpg","width":1920,"height":970},{"@type":"BreadcrumbList","@id":"https:\/\/dorogimedence.hu\/index.php\/2023\/09\/18\/szureti-mulatsagon-adtak-at-a-mogyorosbanyarol-keszult-imazsfilmet\/#breadcrumb","itemListElement":[{"@type":"ListItem","position":1,"name":"Kezd\u0151lap","item":"https:\/\/dorogimedence.hu\/"},{"@type":"ListItem","position":2,"name":"Sz\u00fcreti mulats\u00e1gon adt\u00e1k \u00e1t a Mogyor\u00f3sb\u00e1ny\u00e1r\u00f3l k\u00e9sz\u00fclt im\u00e1zsfilmet"}]},{"@type":"WebSite","@id":"https:\/\/dorogimedence.hu\/#website","url":"https:\/\/dorogimedence.hu\/","name":"Dorogi-medence Region\u00e1lis H\u00edrport\u00e1l","description":"Dorog, Keszt\u00f6lc, Le\u00e1nyv\u00e1r, Piliscs\u00e9v, Tokod, Tokodalt\u00e1r\u00f3, Csolnok, Esztergom-kertv\u00e1ros: h\u00edrek, programok","publisher":{"@id":"https:\/\/dorogimedence.hu\/#organization"},"potentialAction":[{"@type":"SearchAction","target":{"@type":"EntryPoint","urlTemplate":"https:\/\/dorogimedence.hu\/?s={search_term_string}"},"query-input":{"@type":"PropertyValueSpecification","valueRequired":true,"valueName":"search_term_string"}}],"inLanguage":"hu"},{"@type":"Organization","@id":"https:\/\/dorogimedence.hu\/#organization","name":"Dorogi-medence Region\u00e1lis H\u00edrport\u00e1l","url":"https:\/\/dorogimedence.hu\/","logo":{"@type":"ImageObject","inLanguage":"hu","@id":"https:\/\/dorogimedence.hu\/#\/schema\/logo\/image\/","url":"https:\/\/dorogimedence.hu\/wp-content\/uploads\/2021\/04\/logo-feher-600.png","contentUrl":"https:\/\/dorogimedence.hu\/wp-content\/uploads\/2021\/04\/logo-feher-600.png","width":600,"height":100,"caption":"Dorogi-medence Region\u00e1lis H\u00edrport\u00e1l"},"image":{"@id":"https:\/\/dorogimedence.hu\/#\/schema\/logo\/image\/"},"sameAs":["https:\/\/www.facebook.com\/dorogimedence\/"]},{"@type":"Person","@id":"https:\/\/dorogimedence.hu\/#\/schema\/person\/ce6091eeb7e95ecdc87890d6aa8e0fd4","name":"dorogimedence.hu","image":{"@type":"ImageObject","inLanguage":"hu","@id":"\/\/www.gravatar.com\/avatar\/d8d45f8901aadff40a4af72c0b826f1d?s=96&#038;r=g&#038;d=mm","url":"\/\/www.gravatar.com\/avatar\/d8d45f8901aadff40a4af72c0b826f1d?s=96&#038;r=g&#038;d=mm","contentUrl":"\/\/www.gravatar.com\/avatar\/d8d45f8901aadff40a4af72c0b826f1d?s=96&#038;r=g&#038;d=mm","caption":"dorogimedence.hu"}}]}},"_links":{"self":[{"href":"https:\/\/dorogimedence.hu\/index.php\/wp-json\/wp\/v2\/posts\/56370","targetHints":{"allow":["GET"]}}],"collection":[{"href":"https:\/\/dorogimedence.hu\/index.php\/wp-json\/wp\/v2\/posts"}],"about":[{"href":"https:\/\/dorogimedence.hu\/index.php\/wp-json\/wp\/v2\/types\/post"}],"author":[{"embeddable":true,"href":"https:\/\/dorogimedence.hu\/index.php\/wp-json\/wp\/v2\/users\/1"}],"replies":[{"embeddable":true,"href":"https:\/\/dorogimedence.hu\/index.php\/wp-json\/wp\/v2\/comments?post=56370"}],"version-history":[{"count":0,"href":"https:\/\/dorogimedence.hu\/index.php\/wp-json\/wp\/v2\/posts\/56370\/revisions"}],"wp:featuredmedia":[{"embeddable":true,"href":"https:\/\/dorogimedence.hu\/index.php\/wp-json\/wp\/v2\/media\/56371"}],"wp:attachment":[{"href":"https:\/\/dorogimedence.hu\/index.php\/wp-json\/wp\/v2\/media?parent=56370"}],"wp:term":[{"taxonomy":"category","embeddable":true,"href":"https:\/\/dorogimedence.hu\/index.php\/wp-json\/wp\/v2\/categories?post=56370"},{"taxonomy":"post_tag","embeddable":true,"href":"https:\/\/dorogimedence.hu\/index.php\/wp-json\/wp\/v2\/tags?post=56370"}],"curies":[{"name":"wp","href":"https:\/\/api.w.org\/{rel}","templated":true}]}}