{"id":56276,"date":"2023-09-14T16:26:51","date_gmt":"2023-09-14T14:26:51","guid":{"rendered":"https:\/\/dorogimedence.hu\/?p=56276"},"modified":"2023-09-14T16:26:51","modified_gmt":"2023-09-14T14:26:51","slug":"drk-esztergomot-latni-kell","status":"publish","type":"post","link":"https:\/\/dorogimedence.hu\/index.php\/2023\/09\/14\/drk-esztergomot-latni-kell\/","title":{"rendered":"DRK: Esztergomot l\u00e1tni kell!"},"content":{"rendered":"<p><strong>\u00daj, k\u00f6z\u00f6s ruh\u00e1zati kollekci\u00f3t mutatott be Esztergom \u00e9s a Dorko az Aquasziget Esztergom \u00e9lm\u00e9nyf\u00fcrd\u0151 el\u0151ter\u00e9ben szeptember 13-\u00e1n. A DRK \u00e9s az EGOM m\u00e1rk\u00e1k kollabor\u00e1ci\u00f3ja azt az \u00fczenetet tov\u00e1bb\u00edtja az orsz\u00e1g sz\u00e1mos pontj\u00e1ra, hogy Esztergomot l\u00e1tni kell.<\/strong><\/p>\n<p>Szek\u00e9r Zolt\u00e1n, az Esztergomi Turisztikai Nonprofit Kft. \u00fcgyvezet\u0151je elmondta, hogy a nemr\u00e9giben \u00e9letre h\u00edvott \u00faj m\u00e1rka, az EGOM \u2013 ami els\u0151sorban a helyiek sz\u00f3l\u00e1s\u00e1b\u00f3l indult \u2013 m\u00e1ra a v\u00e1ros hivatalos aj\u00e1nd\u00e9kterm\u00e9k m\u00e1rk\u00e1ja lett. Az EGOM egy fiatalos, lend\u00fcletes megjelen\u00e9se \u00e9s megnevez\u00e9se a t\u00f6bb mint ezer\u00e9ves t\u00f6rt\u00e9nelmi m\u00falttal rendelkez\u0151 Esztergomnak. A Szinga Sport Kft. \u00e1ltal gy\u00e1rtott DRK m\u00e1rka els\u0151sorban olyan magyarorsz\u00e1gi felt\u00f6rekv\u0151 tehets\u00e9geket, sportol\u00f3kat \u00e9s klubokat seg\u00edt, akik l\u00e9p\u00e9sr\u0151l l\u00e9p\u00e9sre szeretn\u00e9nek az\u00e9rt tenni, hogy sikeresek legyenek. A DRK-EGOM k\u00f6z\u00f6s kollekci\u00f3ja pedig ezeket az \u00e9rt\u00e9keket szeretn\u00e9 k\u00e9pviselni mag\u00e1ban.<\/p>\n<p><img fetchpriority=\"high\" decoding=\"async\" class=\"alignnone size-full wp-image-56278\" src=\"https:\/\/dorogimedence.hu\/wp-content\/uploads\/2023\/09\/Szeker-Zoltan.jpg\" alt=\"\" width=\"2048\" height=\"1365\" srcset=\"https:\/\/dorogimedence.hu\/wp-content\/uploads\/2023\/09\/Szeker-Zoltan.jpg 2048w, https:\/\/dorogimedence.hu\/wp-content\/uploads\/2023\/09\/Szeker-Zoltan-600x400.jpg 600w, https:\/\/dorogimedence.hu\/wp-content\/uploads\/2023\/09\/Szeker-Zoltan-1920x1280.jpg 1920w, https:\/\/dorogimedence.hu\/wp-content\/uploads\/2023\/09\/Szeker-Zoltan-768x512.jpg 768w, https:\/\/dorogimedence.hu\/wp-content\/uploads\/2023\/09\/Szeker-Zoltan-1536x1024.jpg 1536w, https:\/\/dorogimedence.hu\/wp-content\/uploads\/2023\/09\/Szeker-Zoltan-150x100.jpg 150w, https:\/\/dorogimedence.hu\/wp-content\/uploads\/2023\/09\/Szeker-Zoltan-450x300.jpg 450w, https:\/\/dorogimedence.hu\/wp-content\/uploads\/2023\/09\/Szeker-Zoltan-1200x800.jpg 1200w, https:\/\/dorogimedence.hu\/wp-content\/uploads\/2023\/09\/Szeker-Zoltan-272x182.jpg 272w\" sizes=\"(max-width: 2048px) 100vw, 2048px\" \/><\/p>\n<p>Hern\u00e1di \u00c1d\u00e1m, Esztergom Megyei Jog\u00fa V\u00e1ros polg\u00e1rmestere besz\u00e9d\u00e9ben elmondta, hogy a v\u00e1rosvezet\u00e9s az Esztergomi Turisztikai Nonprofit Kft. k\u00f6z\u00f6sen alak\u00edtotta ki azt a brandet, ami \u00e1ltal az EGOM log\u00f3 ker\u00fclt k\u00f6z\u00e9ppontba. \u201eMiut\u00e1n elk\u00e9sz\u00fcltek az els\u0151 aj\u00e1nd\u00e9kt\u00e1rgyak \u00e9s ruh\u00e1zati term\u00e9kek, felkerest\u00fck a Dorkot egy k\u00f6z\u00f6s egy\u00fcttm\u0171k\u00f6d\u00e9sre, aminek most m\u00e1r l\u00e1thatjuk is az eredm\u00e9ny\u00e9t.\u201d \u2013 tette hozz\u00e1 a polg\u00e1rmester, majd kiemelte: \u201eA ki\u00e1ll\u00edtott term\u00e9keken t\u00fal b\u0151v\u00fclni fog a paletta, \u00e9s hamarosan egyre t\u00f6bb ide\u00e9rkez\u0151 turist\u00e1n l\u00e1thatjuk majd ezeket a DRK term\u00e9keket, amik nem csak a turist\u00e1knak k\u00e9sz\u00fclnek, hanem nyilv\u00e1n az esztergomiaknak is, akik b\u00fcszk\u00e9n viselik magukon\u201d.<\/p>\n<p><img decoding=\"async\" class=\"alignnone size-full wp-image-56279\" src=\"https:\/\/dorogimedence.hu\/wp-content\/uploads\/2023\/09\/Hernadi-Adam.jpg\" alt=\"\" width=\"2048\" height=\"1365\" srcset=\"https:\/\/dorogimedence.hu\/wp-content\/uploads\/2023\/09\/Hernadi-Adam.jpg 2048w, https:\/\/dorogimedence.hu\/wp-content\/uploads\/2023\/09\/Hernadi-Adam-600x400.jpg 600w, https:\/\/dorogimedence.hu\/wp-content\/uploads\/2023\/09\/Hernadi-Adam-1920x1280.jpg 1920w, https:\/\/dorogimedence.hu\/wp-content\/uploads\/2023\/09\/Hernadi-Adam-768x512.jpg 768w, https:\/\/dorogimedence.hu\/wp-content\/uploads\/2023\/09\/Hernadi-Adam-1536x1024.jpg 1536w, https:\/\/dorogimedence.hu\/wp-content\/uploads\/2023\/09\/Hernadi-Adam-150x100.jpg 150w, https:\/\/dorogimedence.hu\/wp-content\/uploads\/2023\/09\/Hernadi-Adam-450x300.jpg 450w, https:\/\/dorogimedence.hu\/wp-content\/uploads\/2023\/09\/Hernadi-Adam-1200x800.jpg 1200w, https:\/\/dorogimedence.hu\/wp-content\/uploads\/2023\/09\/Hernadi-Adam-272x182.jpg 272w\" sizes=\"(max-width: 2048px) 100vw, 2048px\" \/><\/p>\n<p>Havasi Gerg\u0151 t\u00f6bbsz\u00f6r\u00f6s magyar bajnok kajakos, a DRK k\u00e9pviselet\u00e9ben \u00e9rkezett a rendezv\u00e9nyre, aki gyakran sz\u00f3lal fel a sport \u00e9s az eg\u00e9szs\u00e9gtudatos \u00e9letm\u00f3d mellett. \u201eNagyon \u00f6r\u00fcl\u00f6k, hogy m\u00e1r k\u00e9t \u00e9ve dolgozhatok egy\u00fctt a Dorkoval, mint kajakos, hiszen a Dorkonak van egy olyan mili\u0151je \u00e9s vil\u00e1ga, amik nemcsak a p\u00f3l\u00f3kon, szlogenekben \u00e9s mot\u00edvumokban mutatkoznak meg, hanem a val\u00f3di tettekben is.\u201d \u2013 mondta a sportol\u00f3, majd el\u00e1rulta, hogy k\u00e9t h\u00e9t m\u00falva elindul egy 800 kilom\u00e9teres zar\u00e1ndok\u00fatra, az El Camino-ra, melynek a n\u00e9vad\u00f3 szponzora a Dorko lesz. J\u00f6v\u0151re pedig az Atalanti-\u00f3ce\u00e1nt szeretn\u00e9 \u00e1tevezni, ahol a 5200 km-es t\u00e1vot vil\u00e1grekord id\u0151n bel\u00fcl szeretn\u00e9 teljes\u00edteni.<\/p>\n<p><img decoding=\"async\" class=\"alignnone size-full wp-image-56280\" src=\"https:\/\/dorogimedence.hu\/wp-content\/uploads\/2023\/09\/Havasi-Gergo.jpg\" alt=\"\" width=\"2048\" height=\"1365\" srcset=\"https:\/\/dorogimedence.hu\/wp-content\/uploads\/2023\/09\/Havasi-Gergo.jpg 2048w, https:\/\/dorogimedence.hu\/wp-content\/uploads\/2023\/09\/Havasi-Gergo-600x400.jpg 600w, https:\/\/dorogimedence.hu\/wp-content\/uploads\/2023\/09\/Havasi-Gergo-1920x1280.jpg 1920w, https:\/\/dorogimedence.hu\/wp-content\/uploads\/2023\/09\/Havasi-Gergo-768x512.jpg 768w, https:\/\/dorogimedence.hu\/wp-content\/uploads\/2023\/09\/Havasi-Gergo-1536x1024.jpg 1536w, https:\/\/dorogimedence.hu\/wp-content\/uploads\/2023\/09\/Havasi-Gergo-150x100.jpg 150w, https:\/\/dorogimedence.hu\/wp-content\/uploads\/2023\/09\/Havasi-Gergo-450x300.jpg 450w, https:\/\/dorogimedence.hu\/wp-content\/uploads\/2023\/09\/Havasi-Gergo-1200x800.jpg 1200w, https:\/\/dorogimedence.hu\/wp-content\/uploads\/2023\/09\/Havasi-Gergo-272x182.jpg 272w\" sizes=\"(max-width: 2048px) 100vw, 2048px\" \/><\/p>\n<p>A Magyarorsz\u00e1g els\u0151 v\u00e1ros\u00e1t n\u00e9pszer\u0171s\u00edt\u0151 val\u00f3di, hamis\u00edtatlan magyar m\u00e1rka nyit\u00f3 kollekci\u00f3j\u00e1ban p\u00f3l\u00f3, pul\u00f3ver \u00e9s tornazs\u00e1k szerepel. Az \u00faj kollekci\u00f3 term\u00e9kei m\u00e1r el\u00e9rhet\u0151k az Aquasziget Esztergom (T\u00e1ncsics M. u. 5.) el\u0151ter\u00e9ben tal\u00e1lhat\u00f3 aj\u00e1nd\u00e9k\u00fczletben, szeptember 16-t\u00f3l pedig a DRK belv\u00e1rosi \u00fczlet\u00e9ben (R\u00e1k\u00f3czi t\u00e9r 2.), a Tourinform Esztergom Irod\u00e1ban (Sz\u00e9chenyi t\u00e9r 21.), valamint a Tourinform Ponton (V\u00e1rhegyen, a S\u00f6t\u00e9tkapun\u00e1l) is! A term\u00e9kek k\u00e9s\u0151bb a DRK web\u00e1ruh\u00e1z\u00e1ban is el\u00e9rhet\u0151k lesznek!<\/p>\n<p><img loading=\"lazy\" decoding=\"async\" class=\"alignnone size-full wp-image-56281\" src=\"https:\/\/dorogimedence.hu\/wp-content\/uploads\/2023\/09\/DSC08428.jpg\" alt=\"\" width=\"2048\" height=\"1366\" srcset=\"https:\/\/dorogimedence.hu\/wp-content\/uploads\/2023\/09\/DSC08428.jpg 2048w, https:\/\/dorogimedence.hu\/wp-content\/uploads\/2023\/09\/DSC08428-600x400.jpg 600w, https:\/\/dorogimedence.hu\/wp-content\/uploads\/2023\/09\/DSC08428-1920x1281.jpg 1920w, https:\/\/dorogimedence.hu\/wp-content\/uploads\/2023\/09\/DSC08428-768x512.jpg 768w, https:\/\/dorogimedence.hu\/wp-content\/uploads\/2023\/09\/DSC08428-1536x1025.jpg 1536w, https:\/\/dorogimedence.hu\/wp-content\/uploads\/2023\/09\/DSC08428-150x100.jpg 150w, https:\/\/dorogimedence.hu\/wp-content\/uploads\/2023\/09\/DSC08428-450x300.jpg 450w, https:\/\/dorogimedence.hu\/wp-content\/uploads\/2023\/09\/DSC08428-1200x800.jpg 1200w, https:\/\/dorogimedence.hu\/wp-content\/uploads\/2023\/09\/DSC08428-272x182.jpg 272w\" sizes=\"(max-width: 2048px) 100vw, 2048px\" \/> <img loading=\"lazy\" decoding=\"async\" class=\"alignnone size-full wp-image-56282\" src=\"https:\/\/dorogimedence.hu\/wp-content\/uploads\/2023\/09\/DSC08431.jpg\" alt=\"\" width=\"2048\" height=\"1366\" srcset=\"https:\/\/dorogimedence.hu\/wp-content\/uploads\/2023\/09\/DSC08431.jpg 2048w, https:\/\/dorogimedence.hu\/wp-content\/uploads\/2023\/09\/DSC08431-600x400.jpg 600w, https:\/\/dorogimedence.hu\/wp-content\/uploads\/2023\/09\/DSC08431-1920x1281.jpg 1920w, https:\/\/dorogimedence.hu\/wp-content\/uploads\/2023\/09\/DSC08431-768x512.jpg 768w, https:\/\/dorogimedence.hu\/wp-content\/uploads\/2023\/09\/DSC08431-1536x1025.jpg 1536w, https:\/\/dorogimedence.hu\/wp-content\/uploads\/2023\/09\/DSC08431-150x100.jpg 150w, https:\/\/dorogimedence.hu\/wp-content\/uploads\/2023\/09\/DSC08431-450x300.jpg 450w, https:\/\/dorogimedence.hu\/wp-content\/uploads\/2023\/09\/DSC08431-1200x800.jpg 1200w, https:\/\/dorogimedence.hu\/wp-content\/uploads\/2023\/09\/DSC08431-272x182.jpg 272w\" sizes=\"(max-width: 2048px) 100vw, 2048px\" \/> <img loading=\"lazy\" decoding=\"async\" class=\"alignnone size-full wp-image-56283\" src=\"https:\/\/dorogimedence.hu\/wp-content\/uploads\/2023\/09\/DSCF7173.jpg\" alt=\"\" width=\"2048\" height=\"1365\" srcset=\"https:\/\/dorogimedence.hu\/wp-content\/uploads\/2023\/09\/DSCF7173.jpg 2048w, https:\/\/dorogimedence.hu\/wp-content\/uploads\/2023\/09\/DSCF7173-600x400.jpg 600w, https:\/\/dorogimedence.hu\/wp-content\/uploads\/2023\/09\/DSCF7173-1920x1280.jpg 1920w, https:\/\/dorogimedence.hu\/wp-content\/uploads\/2023\/09\/DSCF7173-768x512.jpg 768w, https:\/\/dorogimedence.hu\/wp-content\/uploads\/2023\/09\/DSCF7173-1536x1024.jpg 1536w, https:\/\/dorogimedence.hu\/wp-content\/uploads\/2023\/09\/DSCF7173-150x100.jpg 150w, https:\/\/dorogimedence.hu\/wp-content\/uploads\/2023\/09\/DSCF7173-450x300.jpg 450w, https:\/\/dorogimedence.hu\/wp-content\/uploads\/2023\/09\/DSCF7173-1200x800.jpg 1200w, https:\/\/dorogimedence.hu\/wp-content\/uploads\/2023\/09\/DSCF7173-272x182.jpg 272w\" sizes=\"(max-width: 2048px) 100vw, 2048px\" \/><\/p>\n","protected":false},"excerpt":{"rendered":"<p>\u00daj, k\u00f6z\u00f6s ruh\u00e1zati kollekci\u00f3t mutatott be Esztergom \u00e9s a Dorko az Aquasziget Esztergom \u00e9lm\u00e9nyf\u00fcrd\u0151 el\u0151ter\u00e9ben szeptember 13-\u00e1n. A DRK \u00e9s az EGOM m\u00e1rk\u00e1k kollabor\u00e1ci\u00f3ja azt az \u00fczenetet tov\u00e1bb\u00edtja az orsz\u00e1g sz\u00e1mos pontj\u00e1ra, hogy Esztergomot l\u00e1tni kell. Szek\u00e9r Zolt\u00e1n, az Esztergomi Turisztikai Nonprofit Kft. \u00fcgyvezet\u0151je elmondta, hogy a nemr\u00e9giben \u00e9letre h\u00edvott \u00faj m\u00e1rka, az EGOM \u2013<\/p>\n","protected":false},"author":1,"featured_media":56277,"comment_status":"closed","ping_status":"closed","sticky":false,"template":"","format":"standard","meta":{"ngg_post_thumbnail":0,"footnotes":""},"categories":[38,3],"tags":[7460,7459,7461,42,5624],"class_list":{"0":"post-56276","1":"post","2":"type-post","3":"status-publish","4":"format-standard","5":"has-post-thumbnail","7":"category-esztergom","8":"category-hirek","9":"tag-dorko","10":"tag-drk","11":"tag-egom","12":"tag-esztergom","13":"tag-featured"},"yoast_head":"<!-- This site is optimized with the Yoast SEO plugin v27.4 - https:\/\/yoast.com\/product\/yoast-seo-wordpress\/ -->\n<title>DRK: Esztergomot l\u00e1tni kell!<\/title>\n<meta name=\"robots\" content=\"index, follow, max-snippet:-1, max-image-preview:large, max-video-preview:-1\" \/>\n<link rel=\"canonical\" href=\"https:\/\/dorogimedence.hu\/index.php\/2023\/09\/14\/drk-esztergomot-latni-kell\/\" class=\"yoast-seo-meta-tag\" \/>\n<meta property=\"og:locale\" content=\"hu_HU\" class=\"yoast-seo-meta-tag\" \/>\n<meta property=\"og:type\" content=\"article\" class=\"yoast-seo-meta-tag\" \/>\n<meta property=\"og:title\" content=\"DRK: Esztergomot l\u00e1tni kell!\" class=\"yoast-seo-meta-tag\" \/>\n<meta property=\"og:description\" content=\"\u00daj, k\u00f6z\u00f6s ruh\u00e1zati kollekci\u00f3t mutatott be Esztergom \u00e9s a Dorko az Aquasziget Esztergom \u00e9lm\u00e9nyf\u00fcrd\u0151 el\u0151ter\u00e9ben szeptember 13-\u00e1n. A DRK \u00e9s az EGOM m\u00e1rk\u00e1k kollabor\u00e1ci\u00f3ja azt az \u00fczenetet tov\u00e1bb\u00edtja az orsz\u00e1g sz\u00e1mos pontj\u00e1ra, hogy Esztergomot l\u00e1tni kell. Szek\u00e9r Zolt\u00e1n, az Esztergomi Turisztikai Nonprofit Kft. \u00fcgyvezet\u0151je elmondta, hogy a nemr\u00e9giben \u00e9letre h\u00edvott \u00faj m\u00e1rka, az EGOM \u2013\" class=\"yoast-seo-meta-tag\" \/>\n<meta property=\"og:url\" content=\"https:\/\/dorogimedence.hu\/index.php\/2023\/09\/14\/drk-esztergomot-latni-kell\/\" class=\"yoast-seo-meta-tag\" \/>\n<meta property=\"og:site_name\" content=\"Dorogi-medence Region\u00e1lis H\u00edrport\u00e1l\" class=\"yoast-seo-meta-tag\" \/>\n<meta property=\"article:publisher\" content=\"https:\/\/www.facebook.com\/dorogimedence\/\" class=\"yoast-seo-meta-tag\" \/>\n<meta property=\"article:published_time\" content=\"2023-09-14T14:26:51+00:00\" class=\"yoast-seo-meta-tag\" \/>\n<meta property=\"og:image\" content=\"https:\/\/dorogimedence.hu\/wp-content\/uploads\/2023\/09\/drk-02.jpg\" class=\"yoast-seo-meta-tag\" \/>\n\t<meta property=\"og:image:width\" content=\"1920\" class=\"yoast-seo-meta-tag\" \/>\n\t<meta property=\"og:image:height\" content=\"970\" class=\"yoast-seo-meta-tag\" \/>\n\t<meta property=\"og:image:type\" content=\"image\/jpeg\" class=\"yoast-seo-meta-tag\" \/>\n<meta name=\"author\" content=\"dorogimedence.hu\" class=\"yoast-seo-meta-tag\" \/>\n<meta name=\"twitter:card\" content=\"summary_large_image\" class=\"yoast-seo-meta-tag\" \/>\n<meta name=\"twitter:label1\" content=\"Szerz\u0151:\" class=\"yoast-seo-meta-tag\" \/>\n\t<meta name=\"twitter:data1\" content=\"dorogimedence.hu\" class=\"yoast-seo-meta-tag\" \/>\n\t<meta name=\"twitter:label2\" content=\"Becs\u00fclt olvas\u00e1si id\u0151\" class=\"yoast-seo-meta-tag\" \/>\n\t<meta name=\"twitter:data2\" content=\"3 perc\" class=\"yoast-seo-meta-tag\" \/>\n<script type=\"application\/ld+json\" class=\"yoast-schema-graph\">{\"@context\":\"https:\\\/\\\/schema.org\",\"@graph\":[{\"@type\":\"Article\",\"@id\":\"https:\\\/\\\/dorogimedence.hu\\\/index.php\\\/2023\\\/09\\\/14\\\/drk-esztergomot-latni-kell\\\/#article\",\"isPartOf\":{\"@id\":\"https:\\\/\\\/dorogimedence.hu\\\/index.php\\\/2023\\\/09\\\/14\\\/drk-esztergomot-latni-kell\\\/\"},\"author\":{\"name\":\"dorogimedence.hu\",\"@id\":\"https:\\\/\\\/dorogimedence.hu\\\/#\\\/schema\\\/person\\\/ce6091eeb7e95ecdc87890d6aa8e0fd4\"},\"headline\":\"DRK: Esztergomot l\u00e1tni kell!\",\"datePublished\":\"2023-09-14T14:26:51+00:00\",\"mainEntityOfPage\":{\"@id\":\"https:\\\/\\\/dorogimedence.hu\\\/index.php\\\/2023\\\/09\\\/14\\\/drk-esztergomot-latni-kell\\\/\"},\"wordCount\":577,\"publisher\":{\"@id\":\"https:\\\/\\\/dorogimedence.hu\\\/#organization\"},\"image\":{\"@id\":\"https:\\\/\\\/dorogimedence.hu\\\/index.php\\\/2023\\\/09\\\/14\\\/drk-esztergomot-latni-kell\\\/#primaryimage\"},\"thumbnailUrl\":\"https:\\\/\\\/dorogimedence.hu\\\/wp-content\\\/uploads\\\/2023\\\/09\\\/drk-02.jpg\",\"keywords\":[\"Dorko\",\"DRK\",\"EGOM\",\"esztergom\",\"featured\"],\"articleSection\":[\"Esztergom\",\"H\u00edrek\"],\"inLanguage\":\"hu\"},{\"@type\":\"WebPage\",\"@id\":\"https:\\\/\\\/dorogimedence.hu\\\/index.php\\\/2023\\\/09\\\/14\\\/drk-esztergomot-latni-kell\\\/\",\"url\":\"https:\\\/\\\/dorogimedence.hu\\\/index.php\\\/2023\\\/09\\\/14\\\/drk-esztergomot-latni-kell\\\/\",\"name\":\"DRK: Esztergomot l\u00e1tni kell!\",\"isPartOf\":{\"@id\":\"https:\\\/\\\/dorogimedence.hu\\\/#website\"},\"primaryImageOfPage\":{\"@id\":\"https:\\\/\\\/dorogimedence.hu\\\/index.php\\\/2023\\\/09\\\/14\\\/drk-esztergomot-latni-kell\\\/#primaryimage\"},\"image\":{\"@id\":\"https:\\\/\\\/dorogimedence.hu\\\/index.php\\\/2023\\\/09\\\/14\\\/drk-esztergomot-latni-kell\\\/#primaryimage\"},\"thumbnailUrl\":\"https:\\\/\\\/dorogimedence.hu\\\/wp-content\\\/uploads\\\/2023\\\/09\\\/drk-02.jpg\",\"datePublished\":\"2023-09-14T14:26:51+00:00\",\"breadcrumb\":{\"@id\":\"https:\\\/\\\/dorogimedence.hu\\\/index.php\\\/2023\\\/09\\\/14\\\/drk-esztergomot-latni-kell\\\/#breadcrumb\"},\"inLanguage\":\"hu\",\"potentialAction\":[{\"@type\":\"ReadAction\",\"target\":[\"https:\\\/\\\/dorogimedence.hu\\\/index.php\\\/2023\\\/09\\\/14\\\/drk-esztergomot-latni-kell\\\/\"]}]},{\"@type\":\"ImageObject\",\"inLanguage\":\"hu\",\"@id\":\"https:\\\/\\\/dorogimedence.hu\\\/index.php\\\/2023\\\/09\\\/14\\\/drk-esztergomot-latni-kell\\\/#primaryimage\",\"url\":\"https:\\\/\\\/dorogimedence.hu\\\/wp-content\\\/uploads\\\/2023\\\/09\\\/drk-02.jpg\",\"contentUrl\":\"https:\\\/\\\/dorogimedence.hu\\\/wp-content\\\/uploads\\\/2023\\\/09\\\/drk-02.jpg\",\"width\":1920,\"height\":970},{\"@type\":\"BreadcrumbList\",\"@id\":\"https:\\\/\\\/dorogimedence.hu\\\/index.php\\\/2023\\\/09\\\/14\\\/drk-esztergomot-latni-kell\\\/#breadcrumb\",\"itemListElement\":[{\"@type\":\"ListItem\",\"position\":1,\"name\":\"Kezd\u0151lap\",\"item\":\"https:\\\/\\\/dorogimedence.hu\\\/\"},{\"@type\":\"ListItem\",\"position\":2,\"name\":\"DRK: Esztergomot l\u00e1tni kell!\"}]},{\"@type\":\"WebSite\",\"@id\":\"https:\\\/\\\/dorogimedence.hu\\\/#website\",\"url\":\"https:\\\/\\\/dorogimedence.hu\\\/\",\"name\":\"Dorogi-medence Region\u00e1lis H\u00edrport\u00e1l\",\"description\":\"Dorog, Keszt\u00f6lc, Le\u00e1nyv\u00e1r, Piliscs\u00e9v, Tokod, Tokodalt\u00e1r\u00f3, Csolnok, Esztergom-kertv\u00e1ros: h\u00edrek, programok\",\"publisher\":{\"@id\":\"https:\\\/\\\/dorogimedence.hu\\\/#organization\"},\"potentialAction\":[{\"@type\":\"SearchAction\",\"target\":{\"@type\":\"EntryPoint\",\"urlTemplate\":\"https:\\\/\\\/dorogimedence.hu\\\/?s={search_term_string}\"},\"query-input\":{\"@type\":\"PropertyValueSpecification\",\"valueRequired\":true,\"valueName\":\"search_term_string\"}}],\"inLanguage\":\"hu\"},{\"@type\":\"Organization\",\"@id\":\"https:\\\/\\\/dorogimedence.hu\\\/#organization\",\"name\":\"Dorogi-medence Region\u00e1lis H\u00edrport\u00e1l\",\"url\":\"https:\\\/\\\/dorogimedence.hu\\\/\",\"logo\":{\"@type\":\"ImageObject\",\"inLanguage\":\"hu\",\"@id\":\"https:\\\/\\\/dorogimedence.hu\\\/#\\\/schema\\\/logo\\\/image\\\/\",\"url\":\"https:\\\/\\\/dorogimedence.hu\\\/wp-content\\\/uploads\\\/2021\\\/04\\\/logo-feher-600.png\",\"contentUrl\":\"https:\\\/\\\/dorogimedence.hu\\\/wp-content\\\/uploads\\\/2021\\\/04\\\/logo-feher-600.png\",\"width\":600,\"height\":100,\"caption\":\"Dorogi-medence Region\u00e1lis H\u00edrport\u00e1l\"},\"image\":{\"@id\":\"https:\\\/\\\/dorogimedence.hu\\\/#\\\/schema\\\/logo\\\/image\\\/\"},\"sameAs\":[\"https:\\\/\\\/www.facebook.com\\\/dorogimedence\\\/\"]},{\"@type\":\"Person\",\"@id\":\"https:\\\/\\\/dorogimedence.hu\\\/#\\\/schema\\\/person\\\/ce6091eeb7e95ecdc87890d6aa8e0fd4\",\"name\":\"dorogimedence.hu\",\"image\":{\"@type\":\"ImageObject\",\"inLanguage\":\"hu\",\"@id\":\"\\\/\\\/www.gravatar.com\\\/avatar\\\/d8d45f8901aadff40a4af72c0b826f1d?s=96&#038;r=g&#038;d=mm\",\"url\":\"\\\/\\\/www.gravatar.com\\\/avatar\\\/d8d45f8901aadff40a4af72c0b826f1d?s=96&#038;r=g&#038;d=mm\",\"contentUrl\":\"\\\/\\\/www.gravatar.com\\\/avatar\\\/d8d45f8901aadff40a4af72c0b826f1d?s=96&#038;r=g&#038;d=mm\",\"caption\":\"dorogimedence.hu\"}}]}<\/script>\n<!-- \/ Yoast SEO plugin. -->","yoast_head_json":{"title":"DRK: Esztergomot l\u00e1tni kell!","robots":{"index":"index","follow":"follow","max-snippet":"max-snippet:-1","max-image-preview":"max-image-preview:large","max-video-preview":"max-video-preview:-1"},"canonical":"https:\/\/dorogimedence.hu\/index.php\/2023\/09\/14\/drk-esztergomot-latni-kell\/","og_locale":"hu_HU","og_type":"article","og_title":"DRK: Esztergomot l\u00e1tni kell!","og_description":"\u00daj, k\u00f6z\u00f6s ruh\u00e1zati kollekci\u00f3t mutatott be Esztergom \u00e9s a Dorko az Aquasziget Esztergom \u00e9lm\u00e9nyf\u00fcrd\u0151 el\u0151ter\u00e9ben szeptember 13-\u00e1n. A DRK \u00e9s az EGOM m\u00e1rk\u00e1k kollabor\u00e1ci\u00f3ja azt az \u00fczenetet tov\u00e1bb\u00edtja az orsz\u00e1g sz\u00e1mos pontj\u00e1ra, hogy Esztergomot l\u00e1tni kell. Szek\u00e9r Zolt\u00e1n, az Esztergomi Turisztikai Nonprofit Kft. \u00fcgyvezet\u0151je elmondta, hogy a nemr\u00e9giben \u00e9letre h\u00edvott \u00faj m\u00e1rka, az EGOM \u2013","og_url":"https:\/\/dorogimedence.hu\/index.php\/2023\/09\/14\/drk-esztergomot-latni-kell\/","og_site_name":"Dorogi-medence Region\u00e1lis H\u00edrport\u00e1l","article_publisher":"https:\/\/www.facebook.com\/dorogimedence\/","article_published_time":"2023-09-14T14:26:51+00:00","og_image":[{"width":1920,"height":970,"url":"https:\/\/dorogimedence.hu\/wp-content\/uploads\/2023\/09\/drk-02.jpg","type":"image\/jpeg"}],"author":"dorogimedence.hu","twitter_card":"summary_large_image","twitter_misc":{"Szerz\u0151:":"dorogimedence.hu","Becs\u00fclt olvas\u00e1si id\u0151":"3 perc"},"schema":{"@context":"https:\/\/schema.org","@graph":[{"@type":"Article","@id":"https:\/\/dorogimedence.hu\/index.php\/2023\/09\/14\/drk-esztergomot-latni-kell\/#article","isPartOf":{"@id":"https:\/\/dorogimedence.hu\/index.php\/2023\/09\/14\/drk-esztergomot-latni-kell\/"},"author":{"name":"dorogimedence.hu","@id":"https:\/\/dorogimedence.hu\/#\/schema\/person\/ce6091eeb7e95ecdc87890d6aa8e0fd4"},"headline":"DRK: Esztergomot l\u00e1tni kell!","datePublished":"2023-09-14T14:26:51+00:00","mainEntityOfPage":{"@id":"https:\/\/dorogimedence.hu\/index.php\/2023\/09\/14\/drk-esztergomot-latni-kell\/"},"wordCount":577,"publisher":{"@id":"https:\/\/dorogimedence.hu\/#organization"},"image":{"@id":"https:\/\/dorogimedence.hu\/index.php\/2023\/09\/14\/drk-esztergomot-latni-kell\/#primaryimage"},"thumbnailUrl":"https:\/\/dorogimedence.hu\/wp-content\/uploads\/2023\/09\/drk-02.jpg","keywords":["Dorko","DRK","EGOM","esztergom","featured"],"articleSection":["Esztergom","H\u00edrek"],"inLanguage":"hu"},{"@type":"WebPage","@id":"https:\/\/dorogimedence.hu\/index.php\/2023\/09\/14\/drk-esztergomot-latni-kell\/","url":"https:\/\/dorogimedence.hu\/index.php\/2023\/09\/14\/drk-esztergomot-latni-kell\/","name":"DRK: Esztergomot l\u00e1tni kell!","isPartOf":{"@id":"https:\/\/dorogimedence.hu\/#website"},"primaryImageOfPage":{"@id":"https:\/\/dorogimedence.hu\/index.php\/2023\/09\/14\/drk-esztergomot-latni-kell\/#primaryimage"},"image":{"@id":"https:\/\/dorogimedence.hu\/index.php\/2023\/09\/14\/drk-esztergomot-latni-kell\/#primaryimage"},"thumbnailUrl":"https:\/\/dorogimedence.hu\/wp-content\/uploads\/2023\/09\/drk-02.jpg","datePublished":"2023-09-14T14:26:51+00:00","breadcrumb":{"@id":"https:\/\/dorogimedence.hu\/index.php\/2023\/09\/14\/drk-esztergomot-latni-kell\/#breadcrumb"},"inLanguage":"hu","potentialAction":[{"@type":"ReadAction","target":["https:\/\/dorogimedence.hu\/index.php\/2023\/09\/14\/drk-esztergomot-latni-kell\/"]}]},{"@type":"ImageObject","inLanguage":"hu","@id":"https:\/\/dorogimedence.hu\/index.php\/2023\/09\/14\/drk-esztergomot-latni-kell\/#primaryimage","url":"https:\/\/dorogimedence.hu\/wp-content\/uploads\/2023\/09\/drk-02.jpg","contentUrl":"https:\/\/dorogimedence.hu\/wp-content\/uploads\/2023\/09\/drk-02.jpg","width":1920,"height":970},{"@type":"BreadcrumbList","@id":"https:\/\/dorogimedence.hu\/index.php\/2023\/09\/14\/drk-esztergomot-latni-kell\/#breadcrumb","itemListElement":[{"@type":"ListItem","position":1,"name":"Kezd\u0151lap","item":"https:\/\/dorogimedence.hu\/"},{"@type":"ListItem","position":2,"name":"DRK: Esztergomot l\u00e1tni kell!"}]},{"@type":"WebSite","@id":"https:\/\/dorogimedence.hu\/#website","url":"https:\/\/dorogimedence.hu\/","name":"Dorogi-medence Region\u00e1lis H\u00edrport\u00e1l","description":"Dorog, Keszt\u00f6lc, Le\u00e1nyv\u00e1r, Piliscs\u00e9v, Tokod, Tokodalt\u00e1r\u00f3, Csolnok, Esztergom-kertv\u00e1ros: h\u00edrek, programok","publisher":{"@id":"https:\/\/dorogimedence.hu\/#organization"},"potentialAction":[{"@type":"SearchAction","target":{"@type":"EntryPoint","urlTemplate":"https:\/\/dorogimedence.hu\/?s={search_term_string}"},"query-input":{"@type":"PropertyValueSpecification","valueRequired":true,"valueName":"search_term_string"}}],"inLanguage":"hu"},{"@type":"Organization","@id":"https:\/\/dorogimedence.hu\/#organization","name":"Dorogi-medence Region\u00e1lis H\u00edrport\u00e1l","url":"https:\/\/dorogimedence.hu\/","logo":{"@type":"ImageObject","inLanguage":"hu","@id":"https:\/\/dorogimedence.hu\/#\/schema\/logo\/image\/","url":"https:\/\/dorogimedence.hu\/wp-content\/uploads\/2021\/04\/logo-feher-600.png","contentUrl":"https:\/\/dorogimedence.hu\/wp-content\/uploads\/2021\/04\/logo-feher-600.png","width":600,"height":100,"caption":"Dorogi-medence Region\u00e1lis H\u00edrport\u00e1l"},"image":{"@id":"https:\/\/dorogimedence.hu\/#\/schema\/logo\/image\/"},"sameAs":["https:\/\/www.facebook.com\/dorogimedence\/"]},{"@type":"Person","@id":"https:\/\/dorogimedence.hu\/#\/schema\/person\/ce6091eeb7e95ecdc87890d6aa8e0fd4","name":"dorogimedence.hu","image":{"@type":"ImageObject","inLanguage":"hu","@id":"\/\/www.gravatar.com\/avatar\/d8d45f8901aadff40a4af72c0b826f1d?s=96&#038;r=g&#038;d=mm","url":"\/\/www.gravatar.com\/avatar\/d8d45f8901aadff40a4af72c0b826f1d?s=96&#038;r=g&#038;d=mm","contentUrl":"\/\/www.gravatar.com\/avatar\/d8d45f8901aadff40a4af72c0b826f1d?s=96&#038;r=g&#038;d=mm","caption":"dorogimedence.hu"}}]}},"_links":{"self":[{"href":"https:\/\/dorogimedence.hu\/index.php\/wp-json\/wp\/v2\/posts\/56276","targetHints":{"allow":["GET"]}}],"collection":[{"href":"https:\/\/dorogimedence.hu\/index.php\/wp-json\/wp\/v2\/posts"}],"about":[{"href":"https:\/\/dorogimedence.hu\/index.php\/wp-json\/wp\/v2\/types\/post"}],"author":[{"embeddable":true,"href":"https:\/\/dorogimedence.hu\/index.php\/wp-json\/wp\/v2\/users\/1"}],"replies":[{"embeddable":true,"href":"https:\/\/dorogimedence.hu\/index.php\/wp-json\/wp\/v2\/comments?post=56276"}],"version-history":[{"count":0,"href":"https:\/\/dorogimedence.hu\/index.php\/wp-json\/wp\/v2\/posts\/56276\/revisions"}],"wp:featuredmedia":[{"embeddable":true,"href":"https:\/\/dorogimedence.hu\/index.php\/wp-json\/wp\/v2\/media\/56277"}],"wp:attachment":[{"href":"https:\/\/dorogimedence.hu\/index.php\/wp-json\/wp\/v2\/media?parent=56276"}],"wp:term":[{"taxonomy":"category","embeddable":true,"href":"https:\/\/dorogimedence.hu\/index.php\/wp-json\/wp\/v2\/categories?post=56276"},{"taxonomy":"post_tag","embeddable":true,"href":"https:\/\/dorogimedence.hu\/index.php\/wp-json\/wp\/v2\/tags?post=56276"}],"curies":[{"name":"wp","href":"https:\/\/api.w.org\/{rel}","templated":true}]}}