{"id":56092,"date":"2023-09-08T12:17:53","date_gmt":"2023-09-08T10:17:53","guid":{"rendered":"https:\/\/dorogimedence.hu\/?p=56092"},"modified":"2023-09-08T12:17:53","modified_gmt":"2023-09-08T10:17:53","slug":"80-mazsa-tuzifa-hullott-le-a-teherautorol","status":"publish","type":"post","link":"https:\/\/dorogimedence.hu\/index.php\/2023\/09\/08\/80-mazsa-tuzifa-hullott-le-a-teherautorol\/","title":{"rendered":"80 m\u00e1zsa t\u0171zifa hullott le a teheraut\u00f3r\u00f3l"},"content":{"rendered":"<p><strong>Szeptember 7-\u00e9n, cs\u00fct\u00f6rt\u00f6k\u00f6n egy teherg\u00e9pkocsi let\u00e9rt az \u00fatr\u00f3l \u00e9s \u00e1tszak\u00edtotta a szalagkorl\u00e1tot a 1111-es \u00fat 24. kilom\u00e9terszelv\u00e9ny\u00e9n\u00e9l, Pilisszentl\u00e9lek k\u00f6zel\u00e9ben.<\/strong><\/p>\n<p>Maros\u00e1n Angelika rend\u0151r hadnagy, a Kom\u00e1rom-Esztergom V\u00e1rmegyei Rend\u0151r-f\u0151kapit\u00e1nys\u00e1g sajt\u00f3referense elmondta, hogy 18 \u00f3ra 15 perckor \u00e9rkezett a bejelent\u00e9s, miszerint az eml\u00edtett helysz\u00ednen egy 1962-es sz\u00fclet\u00e9s\u0171 miskolci lakos plat\u00f3s teherg\u00e9pkocsival k\u00f6zlekedett, melyen 80 m\u00e1zsa t\u0171zifa volt. Egy balra \u00edvel\u00e9s\u0171 \u00fatkanyarulatban a f\u00e9kez\u00e9st k\u00f6vet\u0151en a szalagkorl\u00e1tot \u00e1tszak\u00edtva lehaladt az \u00fattestr\u0151l. Az eset k\u00f6vetkezt\u00e9ben a rakom\u00e1ny lehullott, az \u00fczemanyagtart\u00e1ly leszakadt, az \u00fczemanyag pedig kifolyt.<\/p>\n<p>A balesetben szem\u00e9lyi s\u00e9r\u00fcl\u00e9s nem t\u00f6rt\u00e9nt. A sof\u0151rt helysz\u00edni b\u00edrs\u00e1ggal s\u00fajtott\u00e1k.<\/p>\n","protected":false},"excerpt":{"rendered":"<p>Szeptember 7-\u00e9n, cs\u00fct\u00f6rt\u00f6k\u00f6n egy teherg\u00e9pkocsi let\u00e9rt az \u00fatr\u00f3l \u00e9s \u00e1tszak\u00edtotta a szalagkorl\u00e1tot a 1111-es \u00fat 24. kilom\u00e9terszelv\u00e9ny\u00e9n\u00e9l, Pilisszentl\u00e9lek k\u00f6zel\u00e9ben. Maros\u00e1n Angelika rend\u0151r hadnagy, a Kom\u00e1rom-Esztergom V\u00e1rmegyei Rend\u0151r-f\u0151kapit\u00e1nys\u00e1g sajt\u00f3referense elmondta, hogy 18 \u00f3ra 15 perckor \u00e9rkezett a bejelent\u00e9s, miszerint az eml\u00edtett helysz\u00ednen egy 1962-es sz\u00fclet\u00e9s\u0171 miskolci lakos plat\u00f3s teherg\u00e9pkocsival k\u00f6zlekedett, melyen 80 m\u00e1zsa t\u0171zifa volt. Egy<\/p>\n","protected":false},"author":1,"featured_media":0,"comment_status":"closed","ping_status":"closed","sticky":false,"template":"","format":"standard","meta":{"ngg_post_thumbnail":0,"footnotes":""},"categories":[38,3,39],"tags":[45,44,42,523,61],"class_list":{"0":"post-56092","1":"post","2":"type-post","3":"status-publish","4":"format-standard","6":"category-esztergom","7":"category-hirek","8":"category-kek-hirek","9":"tag-autobaleset","10":"tag-baleset","11":"tag-esztergom","12":"tag-pilisszentlelek","13":"tag-rendorsegi-hirek"},"yoast_head":"<!-- This site is optimized with the Yoast SEO plugin v27.5 - https:\/\/yoast.com\/product\/yoast-seo-wordpress\/ -->\n<title>80 m\u00e1zsa t\u0171zifa hullott le a teheraut\u00f3r\u00f3l<\/title>\n<meta name=\"robots\" content=\"index, follow, max-snippet:-1, max-image-preview:large, max-video-preview:-1\" \/>\n<link rel=\"canonical\" href=\"https:\/\/dorogimedence.hu\/index.php\/2023\/09\/08\/80-mazsa-tuzifa-hullott-le-a-teherautorol\/\" class=\"yoast-seo-meta-tag\" \/>\n<meta property=\"og:locale\" content=\"hu_HU\" class=\"yoast-seo-meta-tag\" \/>\n<meta property=\"og:type\" content=\"article\" class=\"yoast-seo-meta-tag\" \/>\n<meta property=\"og:title\" content=\"80 m\u00e1zsa t\u0171zifa hullott le a teheraut\u00f3r\u00f3l\" class=\"yoast-seo-meta-tag\" \/>\n<meta property=\"og:description\" content=\"Szeptember 7-\u00e9n, cs\u00fct\u00f6rt\u00f6k\u00f6n egy teherg\u00e9pkocsi let\u00e9rt az \u00fatr\u00f3l \u00e9s \u00e1tszak\u00edtotta a szalagkorl\u00e1tot a 1111-es \u00fat 24. kilom\u00e9terszelv\u00e9ny\u00e9n\u00e9l, Pilisszentl\u00e9lek k\u00f6zel\u00e9ben. Maros\u00e1n Angelika rend\u0151r hadnagy, a Kom\u00e1rom-Esztergom V\u00e1rmegyei Rend\u0151r-f\u0151kapit\u00e1nys\u00e1g sajt\u00f3referense elmondta, hogy 18 \u00f3ra 15 perckor \u00e9rkezett a bejelent\u00e9s, miszerint az eml\u00edtett helysz\u00ednen egy 1962-es sz\u00fclet\u00e9s\u0171 miskolci lakos plat\u00f3s teherg\u00e9pkocsival k\u00f6zlekedett, melyen 80 m\u00e1zsa t\u0171zifa volt. Egy\" class=\"yoast-seo-meta-tag\" \/>\n<meta property=\"og:url\" content=\"https:\/\/dorogimedence.hu\/index.php\/2023\/09\/08\/80-mazsa-tuzifa-hullott-le-a-teherautorol\/\" class=\"yoast-seo-meta-tag\" \/>\n<meta property=\"og:site_name\" content=\"Dorogi-medence Region\u00e1lis H\u00edrport\u00e1l\" class=\"yoast-seo-meta-tag\" \/>\n<meta property=\"article:publisher\" content=\"https:\/\/www.facebook.com\/dorogimedence\/\" class=\"yoast-seo-meta-tag\" \/>\n<meta property=\"article:published_time\" content=\"2023-09-08T10:17:53+00:00\" class=\"yoast-seo-meta-tag\" \/>\n<meta property=\"og:image\" content=\"https:\/\/dorogimedence.hu\/wp-content\/uploads\/2023\/07\/szirena-06.jpg\" class=\"yoast-seo-meta-tag\" \/>\n\t<meta property=\"og:image:width\" content=\"1200\" class=\"yoast-seo-meta-tag\" \/>\n\t<meta property=\"og:image:height\" content=\"801\" class=\"yoast-seo-meta-tag\" \/>\n\t<meta property=\"og:image:type\" content=\"image\/jpeg\" class=\"yoast-seo-meta-tag\" \/>\n<meta name=\"author\" content=\"dorogimedence.hu\" class=\"yoast-seo-meta-tag\" \/>\n<meta name=\"twitter:card\" content=\"summary_large_image\" class=\"yoast-seo-meta-tag\" \/>\n<meta name=\"twitter:label1\" content=\"Szerz\u0151:\" class=\"yoast-seo-meta-tag\" \/>\n\t<meta name=\"twitter:data1\" content=\"dorogimedence.hu\" class=\"yoast-seo-meta-tag\" \/>\n\t<meta name=\"twitter:label2\" content=\"Becs\u00fclt olvas\u00e1si id\u0151\" class=\"yoast-seo-meta-tag\" \/>\n\t<meta name=\"twitter:data2\" content=\"1 perc\" class=\"yoast-seo-meta-tag\" \/>\n<script type=\"application\/ld+json\" class=\"yoast-schema-graph\">{\"@context\":\"https:\\\/\\\/schema.org\",\"@graph\":[{\"@type\":\"Article\",\"@id\":\"https:\\\/\\\/dorogimedence.hu\\\/index.php\\\/2023\\\/09\\\/08\\\/80-mazsa-tuzifa-hullott-le-a-teherautorol\\\/#article\",\"isPartOf\":{\"@id\":\"https:\\\/\\\/dorogimedence.hu\\\/index.php\\\/2023\\\/09\\\/08\\\/80-mazsa-tuzifa-hullott-le-a-teherautorol\\\/\"},\"author\":{\"name\":\"dorogimedence.hu\",\"@id\":\"https:\\\/\\\/dorogimedence.hu\\\/#\\\/schema\\\/person\\\/ce6091eeb7e95ecdc87890d6aa8e0fd4\"},\"headline\":\"80 m\u00e1zsa t\u0171zifa hullott le a teheraut\u00f3r\u00f3l\",\"datePublished\":\"2023-09-08T10:17:53+00:00\",\"mainEntityOfPage\":{\"@id\":\"https:\\\/\\\/dorogimedence.hu\\\/index.php\\\/2023\\\/09\\\/08\\\/80-mazsa-tuzifa-hullott-le-a-teherautorol\\\/\"},\"wordCount\":157,\"publisher\":{\"@id\":\"https:\\\/\\\/dorogimedence.hu\\\/#organization\"},\"keywords\":[\"aut\u00f3baleset\",\"baleset\",\"esztergom\",\"Pilisszentl\u00e9lek\",\"rend\u0151rs\u00e9gi h\u00edrek\"],\"articleSection\":[\"Esztergom\",\"H\u00edrek\",\"K\u00e9k h\u00edrek\"],\"inLanguage\":\"hu\"},{\"@type\":\"WebPage\",\"@id\":\"https:\\\/\\\/dorogimedence.hu\\\/index.php\\\/2023\\\/09\\\/08\\\/80-mazsa-tuzifa-hullott-le-a-teherautorol\\\/\",\"url\":\"https:\\\/\\\/dorogimedence.hu\\\/index.php\\\/2023\\\/09\\\/08\\\/80-mazsa-tuzifa-hullott-le-a-teherautorol\\\/\",\"name\":\"80 m\u00e1zsa t\u0171zifa hullott le a teheraut\u00f3r\u00f3l\",\"isPartOf\":{\"@id\":\"https:\\\/\\\/dorogimedence.hu\\\/#website\"},\"datePublished\":\"2023-09-08T10:17:53+00:00\",\"breadcrumb\":{\"@id\":\"https:\\\/\\\/dorogimedence.hu\\\/index.php\\\/2023\\\/09\\\/08\\\/80-mazsa-tuzifa-hullott-le-a-teherautorol\\\/#breadcrumb\"},\"inLanguage\":\"hu\",\"potentialAction\":[{\"@type\":\"ReadAction\",\"target\":[\"https:\\\/\\\/dorogimedence.hu\\\/index.php\\\/2023\\\/09\\\/08\\\/80-mazsa-tuzifa-hullott-le-a-teherautorol\\\/\"]}]},{\"@type\":\"BreadcrumbList\",\"@id\":\"https:\\\/\\\/dorogimedence.hu\\\/index.php\\\/2023\\\/09\\\/08\\\/80-mazsa-tuzifa-hullott-le-a-teherautorol\\\/#breadcrumb\",\"itemListElement\":[{\"@type\":\"ListItem\",\"position\":1,\"name\":\"Kezd\u0151lap\",\"item\":\"https:\\\/\\\/dorogimedence.hu\\\/\"},{\"@type\":\"ListItem\",\"position\":2,\"name\":\"80 m\u00e1zsa t\u0171zifa hullott le a teheraut\u00f3r\u00f3l\"}]},{\"@type\":\"WebSite\",\"@id\":\"https:\\\/\\\/dorogimedence.hu\\\/#website\",\"url\":\"https:\\\/\\\/dorogimedence.hu\\\/\",\"name\":\"Dorogi-medence Region\u00e1lis H\u00edrport\u00e1l\",\"description\":\"Dorog, Keszt\u00f6lc, Le\u00e1nyv\u00e1r, Piliscs\u00e9v, Tokod, Tokodalt\u00e1r\u00f3, Csolnok, Esztergom-kertv\u00e1ros: h\u00edrek, programok\",\"publisher\":{\"@id\":\"https:\\\/\\\/dorogimedence.hu\\\/#organization\"},\"potentialAction\":[{\"@type\":\"SearchAction\",\"target\":{\"@type\":\"EntryPoint\",\"urlTemplate\":\"https:\\\/\\\/dorogimedence.hu\\\/?s={search_term_string}\"},\"query-input\":{\"@type\":\"PropertyValueSpecification\",\"valueRequired\":true,\"valueName\":\"search_term_string\"}}],\"inLanguage\":\"hu\"},{\"@type\":\"Organization\",\"@id\":\"https:\\\/\\\/dorogimedence.hu\\\/#organization\",\"name\":\"Dorogi-medence Region\u00e1lis H\u00edrport\u00e1l\",\"url\":\"https:\\\/\\\/dorogimedence.hu\\\/\",\"logo\":{\"@type\":\"ImageObject\",\"inLanguage\":\"hu\",\"@id\":\"https:\\\/\\\/dorogimedence.hu\\\/#\\\/schema\\\/logo\\\/image\\\/\",\"url\":\"https:\\\/\\\/dorogimedence.hu\\\/wp-content\\\/uploads\\\/2021\\\/04\\\/logo-feher-600.png\",\"contentUrl\":\"https:\\\/\\\/dorogimedence.hu\\\/wp-content\\\/uploads\\\/2021\\\/04\\\/logo-feher-600.png\",\"width\":600,\"height\":100,\"caption\":\"Dorogi-medence Region\u00e1lis H\u00edrport\u00e1l\"},\"image\":{\"@id\":\"https:\\\/\\\/dorogimedence.hu\\\/#\\\/schema\\\/logo\\\/image\\\/\"},\"sameAs\":[\"https:\\\/\\\/www.facebook.com\\\/dorogimedence\\\/\"]},{\"@type\":\"Person\",\"@id\":\"https:\\\/\\\/dorogimedence.hu\\\/#\\\/schema\\\/person\\\/ce6091eeb7e95ecdc87890d6aa8e0fd4\",\"name\":\"dorogimedence.hu\",\"image\":{\"@type\":\"ImageObject\",\"inLanguage\":\"hu\",\"@id\":\"\\\/\\\/www.gravatar.com\\\/avatar\\\/d8d45f8901aadff40a4af72c0b826f1d?s=96&#038;r=g&#038;d=mm\",\"url\":\"\\\/\\\/www.gravatar.com\\\/avatar\\\/d8d45f8901aadff40a4af72c0b826f1d?s=96&#038;r=g&#038;d=mm\",\"contentUrl\":\"\\\/\\\/www.gravatar.com\\\/avatar\\\/d8d45f8901aadff40a4af72c0b826f1d?s=96&#038;r=g&#038;d=mm\",\"caption\":\"dorogimedence.hu\"}}]}<\/script>\n<!-- \/ Yoast SEO plugin. -->","yoast_head_json":{"title":"80 m\u00e1zsa t\u0171zifa hullott le a teheraut\u00f3r\u00f3l","robots":{"index":"index","follow":"follow","max-snippet":"max-snippet:-1","max-image-preview":"max-image-preview:large","max-video-preview":"max-video-preview:-1"},"canonical":"https:\/\/dorogimedence.hu\/index.php\/2023\/09\/08\/80-mazsa-tuzifa-hullott-le-a-teherautorol\/","og_locale":"hu_HU","og_type":"article","og_title":"80 m\u00e1zsa t\u0171zifa hullott le a teheraut\u00f3r\u00f3l","og_description":"Szeptember 7-\u00e9n, cs\u00fct\u00f6rt\u00f6k\u00f6n egy teherg\u00e9pkocsi let\u00e9rt az \u00fatr\u00f3l \u00e9s \u00e1tszak\u00edtotta a szalagkorl\u00e1tot a 1111-es \u00fat 24. kilom\u00e9terszelv\u00e9ny\u00e9n\u00e9l, Pilisszentl\u00e9lek k\u00f6zel\u00e9ben. Maros\u00e1n Angelika rend\u0151r hadnagy, a Kom\u00e1rom-Esztergom V\u00e1rmegyei Rend\u0151r-f\u0151kapit\u00e1nys\u00e1g sajt\u00f3referense elmondta, hogy 18 \u00f3ra 15 perckor \u00e9rkezett a bejelent\u00e9s, miszerint az eml\u00edtett helysz\u00ednen egy 1962-es sz\u00fclet\u00e9s\u0171 miskolci lakos plat\u00f3s teherg\u00e9pkocsival k\u00f6zlekedett, melyen 80 m\u00e1zsa t\u0171zifa volt. Egy","og_url":"https:\/\/dorogimedence.hu\/index.php\/2023\/09\/08\/80-mazsa-tuzifa-hullott-le-a-teherautorol\/","og_site_name":"Dorogi-medence Region\u00e1lis H\u00edrport\u00e1l","article_publisher":"https:\/\/www.facebook.com\/dorogimedence\/","article_published_time":"2023-09-08T10:17:53+00:00","og_image":[{"width":1200,"height":801,"url":"https:\/\/dorogimedence.hu\/wp-content\/uploads\/2023\/07\/szirena-06.jpg","type":"image\/jpeg"}],"author":"dorogimedence.hu","twitter_card":"summary_large_image","twitter_misc":{"Szerz\u0151:":"dorogimedence.hu","Becs\u00fclt olvas\u00e1si id\u0151":"1 perc"},"schema":{"@context":"https:\/\/schema.org","@graph":[{"@type":"Article","@id":"https:\/\/dorogimedence.hu\/index.php\/2023\/09\/08\/80-mazsa-tuzifa-hullott-le-a-teherautorol\/#article","isPartOf":{"@id":"https:\/\/dorogimedence.hu\/index.php\/2023\/09\/08\/80-mazsa-tuzifa-hullott-le-a-teherautorol\/"},"author":{"name":"dorogimedence.hu","@id":"https:\/\/dorogimedence.hu\/#\/schema\/person\/ce6091eeb7e95ecdc87890d6aa8e0fd4"},"headline":"80 m\u00e1zsa t\u0171zifa hullott le a teheraut\u00f3r\u00f3l","datePublished":"2023-09-08T10:17:53+00:00","mainEntityOfPage":{"@id":"https:\/\/dorogimedence.hu\/index.php\/2023\/09\/08\/80-mazsa-tuzifa-hullott-le-a-teherautorol\/"},"wordCount":157,"publisher":{"@id":"https:\/\/dorogimedence.hu\/#organization"},"keywords":["aut\u00f3baleset","baleset","esztergom","Pilisszentl\u00e9lek","rend\u0151rs\u00e9gi h\u00edrek"],"articleSection":["Esztergom","H\u00edrek","K\u00e9k h\u00edrek"],"inLanguage":"hu"},{"@type":"WebPage","@id":"https:\/\/dorogimedence.hu\/index.php\/2023\/09\/08\/80-mazsa-tuzifa-hullott-le-a-teherautorol\/","url":"https:\/\/dorogimedence.hu\/index.php\/2023\/09\/08\/80-mazsa-tuzifa-hullott-le-a-teherautorol\/","name":"80 m\u00e1zsa t\u0171zifa hullott le a teheraut\u00f3r\u00f3l","isPartOf":{"@id":"https:\/\/dorogimedence.hu\/#website"},"datePublished":"2023-09-08T10:17:53+00:00","breadcrumb":{"@id":"https:\/\/dorogimedence.hu\/index.php\/2023\/09\/08\/80-mazsa-tuzifa-hullott-le-a-teherautorol\/#breadcrumb"},"inLanguage":"hu","potentialAction":[{"@type":"ReadAction","target":["https:\/\/dorogimedence.hu\/index.php\/2023\/09\/08\/80-mazsa-tuzifa-hullott-le-a-teherautorol\/"]}]},{"@type":"BreadcrumbList","@id":"https:\/\/dorogimedence.hu\/index.php\/2023\/09\/08\/80-mazsa-tuzifa-hullott-le-a-teherautorol\/#breadcrumb","itemListElement":[{"@type":"ListItem","position":1,"name":"Kezd\u0151lap","item":"https:\/\/dorogimedence.hu\/"},{"@type":"ListItem","position":2,"name":"80 m\u00e1zsa t\u0171zifa hullott le a teheraut\u00f3r\u00f3l"}]},{"@type":"WebSite","@id":"https:\/\/dorogimedence.hu\/#website","url":"https:\/\/dorogimedence.hu\/","name":"Dorogi-medence Region\u00e1lis H\u00edrport\u00e1l","description":"Dorog, Keszt\u00f6lc, Le\u00e1nyv\u00e1r, Piliscs\u00e9v, Tokod, Tokodalt\u00e1r\u00f3, Csolnok, Esztergom-kertv\u00e1ros: h\u00edrek, programok","publisher":{"@id":"https:\/\/dorogimedence.hu\/#organization"},"potentialAction":[{"@type":"SearchAction","target":{"@type":"EntryPoint","urlTemplate":"https:\/\/dorogimedence.hu\/?s={search_term_string}"},"query-input":{"@type":"PropertyValueSpecification","valueRequired":true,"valueName":"search_term_string"}}],"inLanguage":"hu"},{"@type":"Organization","@id":"https:\/\/dorogimedence.hu\/#organization","name":"Dorogi-medence Region\u00e1lis H\u00edrport\u00e1l","url":"https:\/\/dorogimedence.hu\/","logo":{"@type":"ImageObject","inLanguage":"hu","@id":"https:\/\/dorogimedence.hu\/#\/schema\/logo\/image\/","url":"https:\/\/dorogimedence.hu\/wp-content\/uploads\/2021\/04\/logo-feher-600.png","contentUrl":"https:\/\/dorogimedence.hu\/wp-content\/uploads\/2021\/04\/logo-feher-600.png","width":600,"height":100,"caption":"Dorogi-medence Region\u00e1lis H\u00edrport\u00e1l"},"image":{"@id":"https:\/\/dorogimedence.hu\/#\/schema\/logo\/image\/"},"sameAs":["https:\/\/www.facebook.com\/dorogimedence\/"]},{"@type":"Person","@id":"https:\/\/dorogimedence.hu\/#\/schema\/person\/ce6091eeb7e95ecdc87890d6aa8e0fd4","name":"dorogimedence.hu","image":{"@type":"ImageObject","inLanguage":"hu","@id":"\/\/www.gravatar.com\/avatar\/d8d45f8901aadff40a4af72c0b826f1d?s=96&#038;r=g&#038;d=mm","url":"\/\/www.gravatar.com\/avatar\/d8d45f8901aadff40a4af72c0b826f1d?s=96&#038;r=g&#038;d=mm","contentUrl":"\/\/www.gravatar.com\/avatar\/d8d45f8901aadff40a4af72c0b826f1d?s=96&#038;r=g&#038;d=mm","caption":"dorogimedence.hu"}}]}},"_links":{"self":[{"href":"https:\/\/dorogimedence.hu\/index.php\/wp-json\/wp\/v2\/posts\/56092","targetHints":{"allow":["GET"]}}],"collection":[{"href":"https:\/\/dorogimedence.hu\/index.php\/wp-json\/wp\/v2\/posts"}],"about":[{"href":"https:\/\/dorogimedence.hu\/index.php\/wp-json\/wp\/v2\/types\/post"}],"author":[{"embeddable":true,"href":"https:\/\/dorogimedence.hu\/index.php\/wp-json\/wp\/v2\/users\/1"}],"replies":[{"embeddable":true,"href":"https:\/\/dorogimedence.hu\/index.php\/wp-json\/wp\/v2\/comments?post=56092"}],"version-history":[{"count":0,"href":"https:\/\/dorogimedence.hu\/index.php\/wp-json\/wp\/v2\/posts\/56092\/revisions"}],"wp:attachment":[{"href":"https:\/\/dorogimedence.hu\/index.php\/wp-json\/wp\/v2\/media?parent=56092"}],"wp:term":[{"taxonomy":"category","embeddable":true,"href":"https:\/\/dorogimedence.hu\/index.php\/wp-json\/wp\/v2\/categories?post=56092"},{"taxonomy":"post_tag","embeddable":true,"href":"https:\/\/dorogimedence.hu\/index.php\/wp-json\/wp\/v2\/tags?post=56092"}],"curies":[{"name":"wp","href":"https:\/\/api.w.org\/{rel}","templated":true}]}}