{"id":5598,"date":"2017-09-13T15:24:52","date_gmt":"2017-09-13T13:24:52","guid":{"rendered":"http:\/\/dorogimedence.hu\/?p=5598"},"modified":"2017-09-13T16:05:27","modified_gmt":"2017-09-13T14:05:27","slug":"korszerubb-lesz-a-tati-ovoda-es-bolcsode","status":"publish","type":"post","link":"https:\/\/dorogimedence.hu\/index.php\/2017\/09\/13\/korszerubb-lesz-a-tati-ovoda-es-bolcsode\/","title":{"rendered":"Korszer\u0171bb lesz a t\u00e1ti \u00f3voda \u00e9s b\u00f6lcs\u0151de"},"content":{"rendered":"<p><strong>Okt\u00f3ber v\u00e9g\u00e9re elk\u00e9sz\u00fclhet a meg\u00fajul\u00f3 t\u00e1ti \u00f3voda \u00e9s b\u00f6lcs\u0151de, ami k\u00f6zel 70 milli\u00f3 forintos uni\u00f3s t\u00e1mogat\u00e1ssal val\u00f3sul meg.<\/strong><\/p>\n<p>A t\u00e1ti csal\u00e1dok sz\u00e1m\u00e1ra fontos a foglalkoztat\u00e1st \u00e9s az \u00e9letmin\u0151s\u00e9g jav\u00edt\u00e1s\u00e1t c\u00e9lz\u00f3 csal\u00e1dbar\u00e1t, munk\u00e1ba \u00e1ll\u00e1st seg\u00edt\u0151 int\u00e9zm\u00e9nyek, k\u00f6zszolg\u00e1ltat\u00e1sok fejleszt\u00e9se. Ezt a c\u00e9lt szolg\u00e1lja a t\u00e1ti Napk\u00f6zi otthonos \u00d3voda \u00e9s B\u00f6lcs\u0151de moderniz\u00e1l\u00e1s\u00e1nak II. \u00fcteme, mely a tervek szerint okt\u00f3ber v\u00e9g\u00e9re befejez\u0151dik. A mintegy 69,92 milli\u00f3 forintos vissza nem t\u00e9r\u00edtend\u0151 uni\u00f3s t\u00e1mogat\u00e1ssal megval\u00f3sul\u00f3 fejleszt\u00e9s sor\u00e1n az \u00e9p\u00fclet korszer\u0171s\u00edt\u00e9s\u00e9n \u00e9s akad\u00e1lymentes\u00edt\u00e9s\u00e9n t\u00fal az int\u00e9zm\u00e9ny eszk\u00f6zell\u00e1totts\u00e1g\u00e1nak jav\u00edt\u00e1sa is fontos c\u00e9l.<\/p>\n<p>Az \u00e9p\u00fclet 1960-as \u00e9vekben \u00e9p\u00fclt, hagyom\u00e1nyos t\u00e9gla falszerkezetekkel, ger\u00e9btokos ablakokkal, fa k\u00fcls\u0151 \u00e9s bels\u0151 ajt\u00f3kkal, fa szerkezet\u0171 enyhe lejt\u00e9s\u0171 tet\u0151vel, azbeszt tartalm\u00fa hull\u00e1mpala fed\u00e9ssel. A bels\u0151 kialak\u00edt\u00e1sa, burkolatai, g\u00e9p\u00e9szete, elektromos h\u00e1l\u00f3zata elavult. A jelenlegi \u00e1llapota korszer\u0171tlen, irre\u00e1lisan magas \u00fczemeltet\u00e9si k\u00f6lts\u00e9g\u0171, jelen \u00e1llapot\u00e1ban korl\u00e1tozottan haszn\u00e1lhat\u00f3. Az \u00e9p\u00fclet fel\u00faj\u00edt\u00e1s I. \u00fctem\u00e9t az \u00d6nkorm\u00e1nyzat saj\u00e1t er\u0151b\u0151l oldotta meg. Ennek sor\u00e1n az \u00e9p\u00fcleten k\u00edv\u00fcli, de ingatlanon bel\u00fcli csatornah\u00e1l\u00f3zat tiszt\u00edt\u00e1sa, a tet\u0151h\u00e9jazat be\u00e1z\u00e1sok miatti s\u00fcrget\u0151 cser\u00e9je, \u00e9s a vele egy\u00fctt k\u00e9sz\u00edthet\u0151 tet\u0151f\u00f6d\u00e9m korszer\u0171s\u00edt\u00e9se \u00e9s a j\u00e1rul\u00e9kos b\u00e1dogoz\u00e1si munk\u00e1k elk\u00e9sz\u00edt\u00e9se megt\u00f6rt\u00e9nt.<\/p>\n<p>A most indult II. \u00fctem keret\u00e9ben a haszn\u00e1laton k\u00edv\u00fcli meleg\u00edt\u0151konyha \u00e9s kaz\u00e1nh\u00e1z megsz\u0171ntet\u00e9s\u00e9vel, a nem megfelel\u0151 kiszolg\u00e1l\u00f3 helyis\u00e9gek \u00e1talak\u00edt\u00e1s\u00e1val \u00faj funkci\u00f3juknak megfelel\u0151 tornaszoba, sportszert\u00e1r, orvosi \u00e9s elk\u00fcl\u00f6n\u00edt\u0151 helyis\u00e9g, akad\u00e1lymentes WC, irod\u00e1k, feln\u0151tt \u00e9s gyermek \u00f6lt\u00f6z\u0151k-\u00e1tad\u00f3k, rakt\u00e1rak, meleg\u00edt\u0151konyha, mosogat\u00f3, t\u00e1lal\u00f3 helyis\u00e9g, mos\u00f3-sz\u00e1r\u00edt\u00f3, kaz\u00e1nh\u00e1z, \u00e9s vizesblokkok kialak\u00edt\u00e1sa t\u00f6rt\u00e9nik meg, a v\u00e1laszfalak \u00e1thelyez\u00e9s\u00e9vel, de az \u00e9p\u00fcletszerkezetek megtart\u00e1s\u00e1val.<\/p>\n<p>A beruh\u00e1z\u00e1s sor\u00e1n megt\u00f6rt\u00e9nik a burkolatok, az \u00f6sszes bels\u0151 ajt\u00f3, a v\u00edz-csatornarendszer \u00e9s szerelv\u00e9nyek cser\u00e9je. Meg\u00fajul a teljes f\u0171t\u00e9si \u00e9s melegv\u00edz rendszer, az elektromos h\u00e1l\u00f3zat, \u00e9s ki\u00e9p\u00fcl a gyenge \u00e1ram\u00fa \u00e9s riaszt\u00f3rendszer. Megt\u00f6rt\u00e9nik az info-kommunik\u00e1ci\u00f3s akad\u00e1lymentes\u00edt\u00e9s is. Az \u00e9p\u00fclet teljes bels\u0151 fest\u00e9st kap.<\/p>\n<p>\u00c9p\u00fclet a k\u00fcls\u0151 fel\u00faj\u00edt\u00e1s keret\u00e9ben teljes ut\u00f3lagos homlokzat h\u0151szigetel\u00e9st kap. Az \u00f6sszes k\u00fcls\u0151 ny\u00edl\u00e1sz\u00e1r\u00f3t kicser\u00e9lj\u00fck, a k\u00fcls\u0151 akad\u00e1lymentes\u00edt\u00e9s keret\u00e9ben a k\u00fclt\u00e9ri l\u00e9pcs\u0151ket fel\u00faj\u00edtjuk, egy akad\u00e1lymentes bej\u00e1ratot l\u00e9tes\u00edt\u00fcnk megfelel\u0151 kialak\u00edt\u00e1s\u00fa r\u00e1mp\u00e1val \u00e9s korl\u00e1ttal, valamint akad\u00e1lymentes parkol\u00f3t alak\u00edtunk ki az ingatlanon bel\u00fcl.<\/p>\n<p>Az udvar fejleszt\u00e9s\u00e9t \u00e1rny\u00e9kot biztos\u00edt\u00f3 n\u00f6v\u00e9nyzet telep\u00edt\u00e9s\u00e9vel, tov\u00e1bb\u00e1 a kinti foglalkoz\u00e1sok biztos\u00edt\u00e1s\u00e1ra szolg\u00e1l\u00f3 \u00e1rny\u00e9kol\u00f3 kerti pavilon telep\u00edt\u00e9s\u00e9vel oldjuk meg.<\/p>\n<p>A beruh\u00e1z\u00e1s hat\u00e1s\u00e1ra teh\u00e1t az \u00e9p\u00fclet haszn\u00e1lhat\u00f3s\u00e1ga jelent\u0151sen javul, az \u00e9p\u00fclet h\u0151vesztes\u00e9ge cs\u00f6kken. A telep\u00fcl\u00e9sk\u00e9p eszt\u00e9tikusabb lesz, az energiafelhaszn\u00e1l\u00e1s cs\u00f6kken, a fenntart\u00e1sra ford\u00edtott kiad\u00e1sok \u2013 fenntart\u00e1si \u00e9s karbantart\u00e1si k\u00f6lts\u00e9gek \u2013 cs\u00f6kkennek.<\/p>\n<p>A projekt c\u00edme: A t\u00e1ti Napk\u00f6zi otthonos \u00d3voda \u00e9s B\u00f6lcs\u0151de fejleszt\u00e9se. Azonos\u00edt\u00f3 sz\u00e1ma: TOP-1.4.1-15-KO1-2016-00007. A projekt \u00f6sszk\u00f6lts\u00e9ge: 69.924.328 Ft A projekt fizikai befejez\u00e9s\u00e9nek tervezett napja: 2017. 12. 31.<\/p>\n<p>A projekt a Sz\u00e9chenyi 2020 program keret\u00e9ben az Eur\u00f3pai Uni\u00f3 Eur\u00f3pai Region\u00e1lis Fejleszt\u00e9si Alapja (ERFA) t\u00e1mogat\u00e1s\u00e1val val\u00f3sul meg, a Magyar \u00c1llam t\u00e1rsfinansz\u00edroz\u00e1s\u00e1val.<\/p>\n<p><em>Forr\u00e1s: tat.hu<\/em><\/p>\n","protected":false},"excerpt":{"rendered":"<p>Okt\u00f3ber v\u00e9g\u00e9re elk\u00e9sz\u00fclhet a meg\u00fajul\u00f3 t\u00e1ti \u00f3voda \u00e9s b\u00f6lcs\u0151de, ami k\u00f6zel 70 milli\u00f3 forintos uni\u00f3s t\u00e1mogat\u00e1ssal val\u00f3sul meg. A t\u00e1ti csal\u00e1dok sz\u00e1m\u00e1ra fontos a foglalkoztat\u00e1st \u00e9s az \u00e9letmin\u0151s\u00e9g jav\u00edt\u00e1s\u00e1t c\u00e9lz\u00f3 csal\u00e1dbar\u00e1t, munk\u00e1ba \u00e1ll\u00e1st seg\u00edt\u0151 int\u00e9zm\u00e9nyek, k\u00f6zszolg\u00e1ltat\u00e1sok fejleszt\u00e9se. Ezt a c\u00e9lt szolg\u00e1lja a t\u00e1ti Napk\u00f6zi otthonos \u00d3voda \u00e9s B\u00f6lcs\u0151de moderniz\u00e1l\u00e1s\u00e1nak II. \u00fcteme, mely a tervek szerint<\/p>\n","protected":false},"author":1,"featured_media":5602,"comment_status":"closed","ping_status":"closed","sticky":false,"template":"","format":"standard","meta":{"ngg_post_thumbnail":0,"footnotes":""},"categories":[3,110],"tags":[183,157,464,198,111],"class_list":{"0":"post-5598","1":"post","2":"type-post","3":"status-publish","4":"format-standard","5":"has-post-thumbnail","7":"category-hirek","8":"category-tat","9":"tag-bolcsode","10":"tag-fejlesztes","11":"tag-felujitas","12":"tag-ovoda","13":"tag-tat"},"yoast_head":"<!-- This site is optimized with the Yoast SEO plugin v27.4 - https:\/\/yoast.com\/product\/yoast-seo-wordpress\/ -->\n<title>Korszer\u0171bb lesz a t\u00e1ti \u00f3voda \u00e9s b\u00f6lcs\u0151de<\/title>\n<meta name=\"robots\" content=\"index, follow, max-snippet:-1, max-image-preview:large, max-video-preview:-1\" \/>\n<link rel=\"canonical\" href=\"https:\/\/dorogimedence.hu\/index.php\/2017\/09\/13\/korszerubb-lesz-a-tati-ovoda-es-bolcsode\/\" class=\"yoast-seo-meta-tag\" \/>\n<meta property=\"og:locale\" content=\"hu_HU\" class=\"yoast-seo-meta-tag\" \/>\n<meta property=\"og:type\" content=\"article\" class=\"yoast-seo-meta-tag\" \/>\n<meta property=\"og:title\" content=\"Korszer\u0171bb lesz a t\u00e1ti \u00f3voda \u00e9s b\u00f6lcs\u0151de\" class=\"yoast-seo-meta-tag\" \/>\n<meta property=\"og:description\" content=\"Okt\u00f3ber v\u00e9g\u00e9re elk\u00e9sz\u00fclhet a meg\u00fajul\u00f3 t\u00e1ti \u00f3voda \u00e9s b\u00f6lcs\u0151de, ami k\u00f6zel 70 milli\u00f3 forintos uni\u00f3s t\u00e1mogat\u00e1ssal val\u00f3sul meg. A t\u00e1ti csal\u00e1dok sz\u00e1m\u00e1ra fontos a foglalkoztat\u00e1st \u00e9s az \u00e9letmin\u0151s\u00e9g jav\u00edt\u00e1s\u00e1t c\u00e9lz\u00f3 csal\u00e1dbar\u00e1t, munk\u00e1ba \u00e1ll\u00e1st seg\u00edt\u0151 int\u00e9zm\u00e9nyek, k\u00f6zszolg\u00e1ltat\u00e1sok fejleszt\u00e9se. Ezt a c\u00e9lt szolg\u00e1lja a t\u00e1ti Napk\u00f6zi otthonos \u00d3voda \u00e9s B\u00f6lcs\u0151de moderniz\u00e1l\u00e1s\u00e1nak II. \u00fcteme, mely a tervek szerint\" class=\"yoast-seo-meta-tag\" \/>\n<meta property=\"og:url\" content=\"https:\/\/dorogimedence.hu\/index.php\/2017\/09\/13\/korszerubb-lesz-a-tati-ovoda-es-bolcsode\/\" class=\"yoast-seo-meta-tag\" \/>\n<meta property=\"og:site_name\" content=\"Dorogi-medence Region\u00e1lis H\u00edrport\u00e1l\" class=\"yoast-seo-meta-tag\" \/>\n<meta property=\"article:publisher\" content=\"https:\/\/www.facebook.com\/dorogimedence\/\" class=\"yoast-seo-meta-tag\" \/>\n<meta property=\"article:published_time\" content=\"2017-09-13T13:24:52+00:00\" class=\"yoast-seo-meta-tag\" \/>\n<meta property=\"article:modified_time\" content=\"2017-09-13T14:05:27+00:00\" class=\"yoast-seo-meta-tag\" \/>\n<meta property=\"og:image\" content=\"https:\/\/i0.wp.com\/dorogimedence.hu\/wp-content\/uploads\/2017\/09\/21729764_1556124697779373_530216837_o.jpg?fit=1440%2C810&ssl=1\" class=\"yoast-seo-meta-tag\" \/>\n\t<meta property=\"og:image:width\" content=\"1440\" class=\"yoast-seo-meta-tag\" \/>\n\t<meta property=\"og:image:height\" content=\"810\" class=\"yoast-seo-meta-tag\" \/>\n\t<meta property=\"og:image:type\" content=\"image\/jpeg\" class=\"yoast-seo-meta-tag\" \/>\n<meta name=\"author\" content=\"dorogimedence.hu\" class=\"yoast-seo-meta-tag\" \/>\n<meta name=\"twitter:card\" content=\"summary_large_image\" class=\"yoast-seo-meta-tag\" \/>\n<meta name=\"twitter:label1\" content=\"Szerz\u0151:\" class=\"yoast-seo-meta-tag\" \/>\n\t<meta name=\"twitter:data1\" content=\"dorogimedence.hu\" class=\"yoast-seo-meta-tag\" \/>\n\t<meta name=\"twitter:label2\" content=\"Becs\u00fclt olvas\u00e1si id\u0151\" class=\"yoast-seo-meta-tag\" \/>\n\t<meta name=\"twitter:data2\" content=\"4 perc\" class=\"yoast-seo-meta-tag\" \/>\n<script type=\"application\/ld+json\" class=\"yoast-schema-graph\">{\"@context\":\"https:\\\/\\\/schema.org\",\"@graph\":[{\"@type\":\"Article\",\"@id\":\"https:\\\/\\\/dorogimedence.hu\\\/index.php\\\/2017\\\/09\\\/13\\\/korszerubb-lesz-a-tati-ovoda-es-bolcsode\\\/#article\",\"isPartOf\":{\"@id\":\"https:\\\/\\\/dorogimedence.hu\\\/index.php\\\/2017\\\/09\\\/13\\\/korszerubb-lesz-a-tati-ovoda-es-bolcsode\\\/\"},\"author\":{\"name\":\"dorogimedence.hu\",\"@id\":\"https:\\\/\\\/dorogimedence.hu\\\/#\\\/schema\\\/person\\\/ce6091eeb7e95ecdc87890d6aa8e0fd4\"},\"headline\":\"Korszer\u0171bb lesz a t\u00e1ti \u00f3voda \u00e9s b\u00f6lcs\u0151de\",\"datePublished\":\"2017-09-13T13:24:52+00:00\",\"dateModified\":\"2017-09-13T14:05:27+00:00\",\"mainEntityOfPage\":{\"@id\":\"https:\\\/\\\/dorogimedence.hu\\\/index.php\\\/2017\\\/09\\\/13\\\/korszerubb-lesz-a-tati-ovoda-es-bolcsode\\\/\"},\"wordCount\":750,\"publisher\":{\"@id\":\"https:\\\/\\\/dorogimedence.hu\\\/#organization\"},\"image\":{\"@id\":\"https:\\\/\\\/dorogimedence.hu\\\/index.php\\\/2017\\\/09\\\/13\\\/korszerubb-lesz-a-tati-ovoda-es-bolcsode\\\/#primaryimage\"},\"thumbnailUrl\":\"https:\\\/\\\/dorogimedence.hu\\\/wp-content\\\/uploads\\\/2017\\\/09\\\/21729764_1556124697779373_530216837_o.jpg\",\"keywords\":[\"b\u00f6lcs\u00f6de\",\"fejleszt\u00e9s\",\"fel\u00faj\u00edt\u00e1s\",\"\u00f3voda\",\"T\u00e1t\"],\"articleSection\":[\"H\u00edrek\",\"T\u00e1t\"],\"inLanguage\":\"hu\"},{\"@type\":\"WebPage\",\"@id\":\"https:\\\/\\\/dorogimedence.hu\\\/index.php\\\/2017\\\/09\\\/13\\\/korszerubb-lesz-a-tati-ovoda-es-bolcsode\\\/\",\"url\":\"https:\\\/\\\/dorogimedence.hu\\\/index.php\\\/2017\\\/09\\\/13\\\/korszerubb-lesz-a-tati-ovoda-es-bolcsode\\\/\",\"name\":\"Korszer\u0171bb lesz a t\u00e1ti \u00f3voda \u00e9s b\u00f6lcs\u0151de\",\"isPartOf\":{\"@id\":\"https:\\\/\\\/dorogimedence.hu\\\/#website\"},\"primaryImageOfPage\":{\"@id\":\"https:\\\/\\\/dorogimedence.hu\\\/index.php\\\/2017\\\/09\\\/13\\\/korszerubb-lesz-a-tati-ovoda-es-bolcsode\\\/#primaryimage\"},\"image\":{\"@id\":\"https:\\\/\\\/dorogimedence.hu\\\/index.php\\\/2017\\\/09\\\/13\\\/korszerubb-lesz-a-tati-ovoda-es-bolcsode\\\/#primaryimage\"},\"thumbnailUrl\":\"https:\\\/\\\/dorogimedence.hu\\\/wp-content\\\/uploads\\\/2017\\\/09\\\/21729764_1556124697779373_530216837_o.jpg\",\"datePublished\":\"2017-09-13T13:24:52+00:00\",\"dateModified\":\"2017-09-13T14:05:27+00:00\",\"breadcrumb\":{\"@id\":\"https:\\\/\\\/dorogimedence.hu\\\/index.php\\\/2017\\\/09\\\/13\\\/korszerubb-lesz-a-tati-ovoda-es-bolcsode\\\/#breadcrumb\"},\"inLanguage\":\"hu\",\"potentialAction\":[{\"@type\":\"ReadAction\",\"target\":[\"https:\\\/\\\/dorogimedence.hu\\\/index.php\\\/2017\\\/09\\\/13\\\/korszerubb-lesz-a-tati-ovoda-es-bolcsode\\\/\"]}]},{\"@type\":\"ImageObject\",\"inLanguage\":\"hu\",\"@id\":\"https:\\\/\\\/dorogimedence.hu\\\/index.php\\\/2017\\\/09\\\/13\\\/korszerubb-lesz-a-tati-ovoda-es-bolcsode\\\/#primaryimage\",\"url\":\"https:\\\/\\\/dorogimedence.hu\\\/wp-content\\\/uploads\\\/2017\\\/09\\\/21729764_1556124697779373_530216837_o.jpg\",\"contentUrl\":\"https:\\\/\\\/dorogimedence.hu\\\/wp-content\\\/uploads\\\/2017\\\/09\\\/21729764_1556124697779373_530216837_o.jpg\",\"width\":1440,\"height\":810},{\"@type\":\"BreadcrumbList\",\"@id\":\"https:\\\/\\\/dorogimedence.hu\\\/index.php\\\/2017\\\/09\\\/13\\\/korszerubb-lesz-a-tati-ovoda-es-bolcsode\\\/#breadcrumb\",\"itemListElement\":[{\"@type\":\"ListItem\",\"position\":1,\"name\":\"Kezd\u0151lap\",\"item\":\"https:\\\/\\\/dorogimedence.hu\\\/\"},{\"@type\":\"ListItem\",\"position\":2,\"name\":\"Korszer\u0171bb lesz a t\u00e1ti \u00f3voda \u00e9s b\u00f6lcs\u0151de\"}]},{\"@type\":\"WebSite\",\"@id\":\"https:\\\/\\\/dorogimedence.hu\\\/#website\",\"url\":\"https:\\\/\\\/dorogimedence.hu\\\/\",\"name\":\"Dorogi-medence Region\u00e1lis H\u00edrport\u00e1l\",\"description\":\"Dorog, Keszt\u00f6lc, Le\u00e1nyv\u00e1r, Piliscs\u00e9v, Tokod, Tokodalt\u00e1r\u00f3, Csolnok, Esztergom-kertv\u00e1ros: h\u00edrek, programok\",\"publisher\":{\"@id\":\"https:\\\/\\\/dorogimedence.hu\\\/#organization\"},\"potentialAction\":[{\"@type\":\"SearchAction\",\"target\":{\"@type\":\"EntryPoint\",\"urlTemplate\":\"https:\\\/\\\/dorogimedence.hu\\\/?s={search_term_string}\"},\"query-input\":{\"@type\":\"PropertyValueSpecification\",\"valueRequired\":true,\"valueName\":\"search_term_string\"}}],\"inLanguage\":\"hu\"},{\"@type\":\"Organization\",\"@id\":\"https:\\\/\\\/dorogimedence.hu\\\/#organization\",\"name\":\"Dorogi-medence Region\u00e1lis H\u00edrport\u00e1l\",\"url\":\"https:\\\/\\\/dorogimedence.hu\\\/\",\"logo\":{\"@type\":\"ImageObject\",\"inLanguage\":\"hu\",\"@id\":\"https:\\\/\\\/dorogimedence.hu\\\/#\\\/schema\\\/logo\\\/image\\\/\",\"url\":\"https:\\\/\\\/dorogimedence.hu\\\/wp-content\\\/uploads\\\/2021\\\/04\\\/logo-feher-600.png\",\"contentUrl\":\"https:\\\/\\\/dorogimedence.hu\\\/wp-content\\\/uploads\\\/2021\\\/04\\\/logo-feher-600.png\",\"width\":600,\"height\":100,\"caption\":\"Dorogi-medence Region\u00e1lis H\u00edrport\u00e1l\"},\"image\":{\"@id\":\"https:\\\/\\\/dorogimedence.hu\\\/#\\\/schema\\\/logo\\\/image\\\/\"},\"sameAs\":[\"https:\\\/\\\/www.facebook.com\\\/dorogimedence\\\/\"]},{\"@type\":\"Person\",\"@id\":\"https:\\\/\\\/dorogimedence.hu\\\/#\\\/schema\\\/person\\\/ce6091eeb7e95ecdc87890d6aa8e0fd4\",\"name\":\"dorogimedence.hu\",\"image\":{\"@type\":\"ImageObject\",\"inLanguage\":\"hu\",\"@id\":\"\\\/\\\/www.gravatar.com\\\/avatar\\\/d8d45f8901aadff40a4af72c0b826f1d?s=96&#038;r=g&#038;d=mm\",\"url\":\"\\\/\\\/www.gravatar.com\\\/avatar\\\/d8d45f8901aadff40a4af72c0b826f1d?s=96&#038;r=g&#038;d=mm\",\"contentUrl\":\"\\\/\\\/www.gravatar.com\\\/avatar\\\/d8d45f8901aadff40a4af72c0b826f1d?s=96&#038;r=g&#038;d=mm\",\"caption\":\"dorogimedence.hu\"}}]}<\/script>\n<!-- \/ Yoast SEO plugin. -->","yoast_head_json":{"title":"Korszer\u0171bb lesz a t\u00e1ti \u00f3voda \u00e9s b\u00f6lcs\u0151de","robots":{"index":"index","follow":"follow","max-snippet":"max-snippet:-1","max-image-preview":"max-image-preview:large","max-video-preview":"max-video-preview:-1"},"canonical":"https:\/\/dorogimedence.hu\/index.php\/2017\/09\/13\/korszerubb-lesz-a-tati-ovoda-es-bolcsode\/","og_locale":"hu_HU","og_type":"article","og_title":"Korszer\u0171bb lesz a t\u00e1ti \u00f3voda \u00e9s b\u00f6lcs\u0151de","og_description":"Okt\u00f3ber v\u00e9g\u00e9re elk\u00e9sz\u00fclhet a meg\u00fajul\u00f3 t\u00e1ti \u00f3voda \u00e9s b\u00f6lcs\u0151de, ami k\u00f6zel 70 milli\u00f3 forintos uni\u00f3s t\u00e1mogat\u00e1ssal val\u00f3sul meg. A t\u00e1ti csal\u00e1dok sz\u00e1m\u00e1ra fontos a foglalkoztat\u00e1st \u00e9s az \u00e9letmin\u0151s\u00e9g jav\u00edt\u00e1s\u00e1t c\u00e9lz\u00f3 csal\u00e1dbar\u00e1t, munk\u00e1ba \u00e1ll\u00e1st seg\u00edt\u0151 int\u00e9zm\u00e9nyek, k\u00f6zszolg\u00e1ltat\u00e1sok fejleszt\u00e9se. Ezt a c\u00e9lt szolg\u00e1lja a t\u00e1ti Napk\u00f6zi otthonos \u00d3voda \u00e9s B\u00f6lcs\u0151de moderniz\u00e1l\u00e1s\u00e1nak II. \u00fcteme, mely a tervek szerint","og_url":"https:\/\/dorogimedence.hu\/index.php\/2017\/09\/13\/korszerubb-lesz-a-tati-ovoda-es-bolcsode\/","og_site_name":"Dorogi-medence Region\u00e1lis H\u00edrport\u00e1l","article_publisher":"https:\/\/www.facebook.com\/dorogimedence\/","article_published_time":"2017-09-13T13:24:52+00:00","article_modified_time":"2017-09-13T14:05:27+00:00","og_image":[{"width":1440,"height":810,"url":"https:\/\/i0.wp.com\/dorogimedence.hu\/wp-content\/uploads\/2017\/09\/21729764_1556124697779373_530216837_o.jpg?fit=1440%2C810&ssl=1","type":"image\/jpeg"}],"author":"dorogimedence.hu","twitter_card":"summary_large_image","twitter_misc":{"Szerz\u0151:":"dorogimedence.hu","Becs\u00fclt olvas\u00e1si id\u0151":"4 perc"},"schema":{"@context":"https:\/\/schema.org","@graph":[{"@type":"Article","@id":"https:\/\/dorogimedence.hu\/index.php\/2017\/09\/13\/korszerubb-lesz-a-tati-ovoda-es-bolcsode\/#article","isPartOf":{"@id":"https:\/\/dorogimedence.hu\/index.php\/2017\/09\/13\/korszerubb-lesz-a-tati-ovoda-es-bolcsode\/"},"author":{"name":"dorogimedence.hu","@id":"https:\/\/dorogimedence.hu\/#\/schema\/person\/ce6091eeb7e95ecdc87890d6aa8e0fd4"},"headline":"Korszer\u0171bb lesz a t\u00e1ti \u00f3voda \u00e9s b\u00f6lcs\u0151de","datePublished":"2017-09-13T13:24:52+00:00","dateModified":"2017-09-13T14:05:27+00:00","mainEntityOfPage":{"@id":"https:\/\/dorogimedence.hu\/index.php\/2017\/09\/13\/korszerubb-lesz-a-tati-ovoda-es-bolcsode\/"},"wordCount":750,"publisher":{"@id":"https:\/\/dorogimedence.hu\/#organization"},"image":{"@id":"https:\/\/dorogimedence.hu\/index.php\/2017\/09\/13\/korszerubb-lesz-a-tati-ovoda-es-bolcsode\/#primaryimage"},"thumbnailUrl":"https:\/\/dorogimedence.hu\/wp-content\/uploads\/2017\/09\/21729764_1556124697779373_530216837_o.jpg","keywords":["b\u00f6lcs\u00f6de","fejleszt\u00e9s","fel\u00faj\u00edt\u00e1s","\u00f3voda","T\u00e1t"],"articleSection":["H\u00edrek","T\u00e1t"],"inLanguage":"hu"},{"@type":"WebPage","@id":"https:\/\/dorogimedence.hu\/index.php\/2017\/09\/13\/korszerubb-lesz-a-tati-ovoda-es-bolcsode\/","url":"https:\/\/dorogimedence.hu\/index.php\/2017\/09\/13\/korszerubb-lesz-a-tati-ovoda-es-bolcsode\/","name":"Korszer\u0171bb lesz a t\u00e1ti \u00f3voda \u00e9s b\u00f6lcs\u0151de","isPartOf":{"@id":"https:\/\/dorogimedence.hu\/#website"},"primaryImageOfPage":{"@id":"https:\/\/dorogimedence.hu\/index.php\/2017\/09\/13\/korszerubb-lesz-a-tati-ovoda-es-bolcsode\/#primaryimage"},"image":{"@id":"https:\/\/dorogimedence.hu\/index.php\/2017\/09\/13\/korszerubb-lesz-a-tati-ovoda-es-bolcsode\/#primaryimage"},"thumbnailUrl":"https:\/\/dorogimedence.hu\/wp-content\/uploads\/2017\/09\/21729764_1556124697779373_530216837_o.jpg","datePublished":"2017-09-13T13:24:52+00:00","dateModified":"2017-09-13T14:05:27+00:00","breadcrumb":{"@id":"https:\/\/dorogimedence.hu\/index.php\/2017\/09\/13\/korszerubb-lesz-a-tati-ovoda-es-bolcsode\/#breadcrumb"},"inLanguage":"hu","potentialAction":[{"@type":"ReadAction","target":["https:\/\/dorogimedence.hu\/index.php\/2017\/09\/13\/korszerubb-lesz-a-tati-ovoda-es-bolcsode\/"]}]},{"@type":"ImageObject","inLanguage":"hu","@id":"https:\/\/dorogimedence.hu\/index.php\/2017\/09\/13\/korszerubb-lesz-a-tati-ovoda-es-bolcsode\/#primaryimage","url":"https:\/\/dorogimedence.hu\/wp-content\/uploads\/2017\/09\/21729764_1556124697779373_530216837_o.jpg","contentUrl":"https:\/\/dorogimedence.hu\/wp-content\/uploads\/2017\/09\/21729764_1556124697779373_530216837_o.jpg","width":1440,"height":810},{"@type":"BreadcrumbList","@id":"https:\/\/dorogimedence.hu\/index.php\/2017\/09\/13\/korszerubb-lesz-a-tati-ovoda-es-bolcsode\/#breadcrumb","itemListElement":[{"@type":"ListItem","position":1,"name":"Kezd\u0151lap","item":"https:\/\/dorogimedence.hu\/"},{"@type":"ListItem","position":2,"name":"Korszer\u0171bb lesz a t\u00e1ti \u00f3voda \u00e9s b\u00f6lcs\u0151de"}]},{"@type":"WebSite","@id":"https:\/\/dorogimedence.hu\/#website","url":"https:\/\/dorogimedence.hu\/","name":"Dorogi-medence Region\u00e1lis H\u00edrport\u00e1l","description":"Dorog, Keszt\u00f6lc, Le\u00e1nyv\u00e1r, Piliscs\u00e9v, Tokod, Tokodalt\u00e1r\u00f3, Csolnok, Esztergom-kertv\u00e1ros: h\u00edrek, programok","publisher":{"@id":"https:\/\/dorogimedence.hu\/#organization"},"potentialAction":[{"@type":"SearchAction","target":{"@type":"EntryPoint","urlTemplate":"https:\/\/dorogimedence.hu\/?s={search_term_string}"},"query-input":{"@type":"PropertyValueSpecification","valueRequired":true,"valueName":"search_term_string"}}],"inLanguage":"hu"},{"@type":"Organization","@id":"https:\/\/dorogimedence.hu\/#organization","name":"Dorogi-medence Region\u00e1lis H\u00edrport\u00e1l","url":"https:\/\/dorogimedence.hu\/","logo":{"@type":"ImageObject","inLanguage":"hu","@id":"https:\/\/dorogimedence.hu\/#\/schema\/logo\/image\/","url":"https:\/\/dorogimedence.hu\/wp-content\/uploads\/2021\/04\/logo-feher-600.png","contentUrl":"https:\/\/dorogimedence.hu\/wp-content\/uploads\/2021\/04\/logo-feher-600.png","width":600,"height":100,"caption":"Dorogi-medence Region\u00e1lis H\u00edrport\u00e1l"},"image":{"@id":"https:\/\/dorogimedence.hu\/#\/schema\/logo\/image\/"},"sameAs":["https:\/\/www.facebook.com\/dorogimedence\/"]},{"@type":"Person","@id":"https:\/\/dorogimedence.hu\/#\/schema\/person\/ce6091eeb7e95ecdc87890d6aa8e0fd4","name":"dorogimedence.hu","image":{"@type":"ImageObject","inLanguage":"hu","@id":"\/\/www.gravatar.com\/avatar\/d8d45f8901aadff40a4af72c0b826f1d?s=96&#038;r=g&#038;d=mm","url":"\/\/www.gravatar.com\/avatar\/d8d45f8901aadff40a4af72c0b826f1d?s=96&#038;r=g&#038;d=mm","contentUrl":"\/\/www.gravatar.com\/avatar\/d8d45f8901aadff40a4af72c0b826f1d?s=96&#038;r=g&#038;d=mm","caption":"dorogimedence.hu"}}]}},"_links":{"self":[{"href":"https:\/\/dorogimedence.hu\/index.php\/wp-json\/wp\/v2\/posts\/5598","targetHints":{"allow":["GET"]}}],"collection":[{"href":"https:\/\/dorogimedence.hu\/index.php\/wp-json\/wp\/v2\/posts"}],"about":[{"href":"https:\/\/dorogimedence.hu\/index.php\/wp-json\/wp\/v2\/types\/post"}],"author":[{"embeddable":true,"href":"https:\/\/dorogimedence.hu\/index.php\/wp-json\/wp\/v2\/users\/1"}],"replies":[{"embeddable":true,"href":"https:\/\/dorogimedence.hu\/index.php\/wp-json\/wp\/v2\/comments?post=5598"}],"version-history":[{"count":0,"href":"https:\/\/dorogimedence.hu\/index.php\/wp-json\/wp\/v2\/posts\/5598\/revisions"}],"wp:featuredmedia":[{"embeddable":true,"href":"https:\/\/dorogimedence.hu\/index.php\/wp-json\/wp\/v2\/media\/5602"}],"wp:attachment":[{"href":"https:\/\/dorogimedence.hu\/index.php\/wp-json\/wp\/v2\/media?parent=5598"}],"wp:term":[{"taxonomy":"category","embeddable":true,"href":"https:\/\/dorogimedence.hu\/index.php\/wp-json\/wp\/v2\/categories?post=5598"},{"taxonomy":"post_tag","embeddable":true,"href":"https:\/\/dorogimedence.hu\/index.php\/wp-json\/wp\/v2\/tags?post=5598"}],"curies":[{"name":"wp","href":"https:\/\/api.w.org\/{rel}","templated":true}]}}