{"id":55901,"date":"2023-09-01T07:50:54","date_gmt":"2023-09-01T05:50:54","guid":{"rendered":"https:\/\/dorogimedence.hu\/?p=55901"},"modified":"2023-09-01T07:54:21","modified_gmt":"2023-09-01T05:54:21","slug":"megkezdi-a-masodosztalyu-bajnoki-kuzdelmeket-az-esztergomi-vitezek-noi-kezilabdacsapata","status":"publish","type":"post","link":"https:\/\/dorogimedence.hu\/index.php\/2023\/09\/01\/megkezdi-a-masodosztalyu-bajnoki-kuzdelmeket-az-esztergomi-vitezek-noi-kezilabdacsapata\/","title":{"rendered":"Megkezdi a m\u00e1sodoszt\u00e1ly\u00fa bajnoki k\u00fczdelmeket az Esztergomi Vit\u00e9zek n\u0151i k\u00e9zilabdacsapata"},"content":{"rendered":"<p><strong>R\u00e9g\u00f3ta v\u00e1rt pillanat j\u00f6n el szombat este: az egyik bajnokaspir\u00e1ns Szombathelyi KKA otthon\u00e1ban elkezdi bajnoki szerepl\u00e9s\u00e9t az Esztergomi Vit\u00e9zek m\u00e1sodoszt\u00e1ly\u00fa n\u0151i k\u00e9zilabdacsapata.<\/strong><\/p>\n<p>Az elm\u00falt hetekben Elek G\u00e1bor szakmai igazgat\u00f3 \u00e9s Karvalics Tam\u00e1s vezet\u0151edz\u0151 ir\u00e1ny\u00edt\u00e1s\u00e1val kem\u00e9ny munka zajlott, hogy min\u00e9l jobban \u00e9s hat\u00e9konyabban \u00f6sszekov\u00e1csol\u00f3djon a tizenk\u00e9t \u00faj \u00e9rkez\u0151t felvonultat\u00f3 egy\u00fcttes. Ezt a c\u00e9lt szolg\u00e1lta a n\u00e9gy augusztusi felk\u00e9sz\u00fcl\u00e9si m\u00e9rk\u0151z\u00e9s is, az egyar\u00e1nt NB I B-s Kispest \u00e9s az FTC U19-es csapata, illetve az \u00e9lvonalbeli V\u00e1c \u00e9s MTK Budapest elleni tal\u00e1lkoz\u00f3kon is csiszolhatt\u00e1k a taktikai elemeket \u00c1brah\u00e1m Szilvi\u00e1\u00e9k. Az esztergomiak j\u00f3l helyt\u00e1lltak \u00e9s megvillantott\u00e1k oroszl\u00e1nk\u00f6rmeiket az edz\u0151meccseken, a kispestieket 30\u201323-ra, a ferencv\u00e1rosiakat 36\u201327-re gy\u0151zt\u00e9k le, a v\u00e1ciakat megszorongatt\u00e1k (27\u201328), m\u00edg az MTK 31\u201324-re m\u00falta fel\u00fcl \u0151ket a bajnoki f\u0151pr\u00f3b\u00e1n.<\/p>\n<p><img fetchpriority=\"high\" decoding=\"async\" class=\"alignnone size-full wp-image-55903\" src=\"https:\/\/dorogimedence.hu\/wp-content\/uploads\/2023\/09\/230901_sajtokozlemeny_4-scaled.jpg\" alt=\"\" width=\"2560\" height=\"1440\" srcset=\"https:\/\/dorogimedence.hu\/wp-content\/uploads\/2023\/09\/230901_sajtokozlemeny_4-scaled.jpg 2560w, https:\/\/dorogimedence.hu\/wp-content\/uploads\/2023\/09\/230901_sajtokozlemeny_4-600x337.jpg 600w, https:\/\/dorogimedence.hu\/wp-content\/uploads\/2023\/09\/230901_sajtokozlemeny_4-1920x1080.jpg 1920w, https:\/\/dorogimedence.hu\/wp-content\/uploads\/2023\/09\/230901_sajtokozlemeny_4-768x432.jpg 768w, https:\/\/dorogimedence.hu\/wp-content\/uploads\/2023\/09\/230901_sajtokozlemeny_4-1536x864.jpg 1536w, https:\/\/dorogimedence.hu\/wp-content\/uploads\/2023\/09\/230901_sajtokozlemeny_4-2048x1152.jpg 2048w, https:\/\/dorogimedence.hu\/wp-content\/uploads\/2023\/09\/230901_sajtokozlemeny_4-150x84.jpg 150w, https:\/\/dorogimedence.hu\/wp-content\/uploads\/2023\/09\/230901_sajtokozlemeny_4-450x253.jpg 450w, https:\/\/dorogimedence.hu\/wp-content\/uploads\/2023\/09\/230901_sajtokozlemeny_4-1200x675.jpg 1200w\" sizes=\"(max-width: 2560px) 100vw, 2560px\" \/><\/p>\n<p>\u201eKicsit lassabban haladt a munka a felk\u00e9sz\u00fcl\u00e9s sor\u00e1n az elm\u00falt hetekben, mint ahogyan terveztem el\u0151zetesen, de ez nyilv\u00e1n a nagyon sok \u00faj j\u00e1t\u00e9kos miatt volt, sok az \u00faj impulzus \u00e9s inform\u00e1ci\u00f3 \u2013 tekintett vissza a ny\u00e1ri alapoz\u00e1sra Elek G\u00e1bor. \u2013 Tudtuk azt is, hogy nem lesz\u00fcnk k\u00e9szen a kezd\u00e9sre, mert \u00e1ltal\u00e1ban egy csapat sincs m\u00e9g teljesen k\u00e9szen a bajnoki rajtra. Bizonyos elemek ter\u00e9n nagyon sz\u00e9pen haladtunk, m\u00e1s ter\u00fcleten lassan. A h\u00e1ts\u00f3 alakzatunk j\u00f3l n\u00e9z ki, a t\u00e1mad\u00f3j\u00e1t\u00e9kban azonban m\u00e9g akadnak technikai pontatlans\u00e1gok. Ett\u0151l az\u00e9rt nem es\u00fcnk k\u00e9ts\u00e9gbe, menet k\u00f6zben finom\u00edtunk rajta.\u201d<\/p>\n<p>A szakmai igazgat\u00f3 elmondta, az edz\u0151meccseknek mindig meghat\u00e1rozott feladatokkal v\u00e1gtak neki:<\/p>\n<p>\u201eA v\u00e9dekez\u00e9s volt az els\u0151dleges, ami a kapusteljes\u00edtm\u00e9nnyel egy\u00fctt kiv\u00e1l\u00f3an m\u0171k\u00f6d\u00f6tt, m\u0171k\u00f6dik, a t\u00f6bbi j\u00e1t\u00e9kelemben, t\u00e1mad\u00f3j\u00e1t\u00e9kban, a lerohan\u00e1sokban \u00e9s visszarendez\u0151d\u00e9sben viszont m\u00e9g van elmarad\u00e1sunk. Nagyon sokat kell m\u00e9g ezeken dolgoznunk. Nek\u00fcnk az is feladatunk lesz az el\u0151tt\u00fcnk \u00e1ll\u00f3 id\u00e9nyben, hogy gyakorlatilag egy NB II-ben jellemz\u0151 \u00e9s megszokott edz\u00e9ssz\u00e1mmal \u00e9s edz\u00e9slehet\u0151s\u00e9gekkel meg\u00e1lljuk a hely\u00fcnket az NB I B-ben is \u2013 szerintem meg fogjuk \u00e1llni a hely\u00fcnket.\u201d<\/p>\n<p><img decoding=\"async\" class=\"alignnone size-full wp-image-55904\" src=\"https:\/\/dorogimedence.hu\/wp-content\/uploads\/2023\/09\/230901_sajtokozlemeny_2-scaled.jpg\" alt=\"\" width=\"2560\" height=\"1440\" srcset=\"https:\/\/dorogimedence.hu\/wp-content\/uploads\/2023\/09\/230901_sajtokozlemeny_2-scaled.jpg 2560w, https:\/\/dorogimedence.hu\/wp-content\/uploads\/2023\/09\/230901_sajtokozlemeny_2-600x338.jpg 600w, https:\/\/dorogimedence.hu\/wp-content\/uploads\/2023\/09\/230901_sajtokozlemeny_2-1920x1080.jpg 1920w, https:\/\/dorogimedence.hu\/wp-content\/uploads\/2023\/09\/230901_sajtokozlemeny_2-768x432.jpg 768w, https:\/\/dorogimedence.hu\/wp-content\/uploads\/2023\/09\/230901_sajtokozlemeny_2-1536x864.jpg 1536w, https:\/\/dorogimedence.hu\/wp-content\/uploads\/2023\/09\/230901_sajtokozlemeny_2-2048x1152.jpg 2048w, https:\/\/dorogimedence.hu\/wp-content\/uploads\/2023\/09\/230901_sajtokozlemeny_2-150x84.jpg 150w, https:\/\/dorogimedence.hu\/wp-content\/uploads\/2023\/09\/230901_sajtokozlemeny_2-450x253.jpg 450w, https:\/\/dorogimedence.hu\/wp-content\/uploads\/2023\/09\/230901_sajtokozlemeny_2-1200x675.jpg 1200w\" sizes=\"(max-width: 2560px) 100vw, 2560px\" \/><\/p>\n<p>A kor\u00e1bbi n\u0151i sz\u00f6vets\u00e9gi kapit\u00e1ny lesz\u00f6gezte, az egyik legjobb csapat ellen ind\u00edtj\u00e1k az id\u00e9nyt, de nekik nincs vesz\u00edtenival\u00f3juk a szombathelyi rangad\u00f3n.<\/p>\n<p>\u201eA Szombathely kimagaslik, nagyon er\u0151snek t\u0171nik ebben a m\u00e1sodoszt\u00e1ly\u00fa mez\u0151nyben, nek\u00fcnk nem lesz mit vesz\u00edteni az els\u0151 fordul\u00f3ban \u2013 folytatta a szakember. \u2013 A m\u00e1sik ilyen magas szint\u0171 csapat az \u00c9rd lesz v\u00e9lem\u00e9nyem szerint \u00e9s e k\u00e9t egy\u00fcttes ut\u00e1n, m\u00f6g\u00f6tt lehet a t\u00f6bbi klubnak keresnival\u00f3ja. Ami minket illet, h\u00e1tul nagyon stabil teljes\u00edtm\u00e9ny kell, minden ebb\u0151l indul ki, ez nagyon fontos. Persze, am\u00edg j\u00f3 a v\u00e9dekez\u00e9s, de gyenge a visszarendez\u0151d\u00e9s, addig hi\u00e1ba teljes\u00edtesz j\u00f3l a v\u00e9delemben, akkor is gyors g\u00f3lokat fogsz kapni. A kapott g\u00f3lok sz\u00e1m\u00e1t kell teh\u00e1t cs\u00f6kkenteni, ez az els\u0151 l\u00e9p\u00e9s. Fel kell \u00e9p\u00edteni egy hat\u00e9kony rendszert, amibe sok munk\u00e1t kell tenn\u00fcnk. Id\u0151 \u00e9s t\u00fcrelem, ez a jelszavunk.\u201d<\/p>\n<p><img decoding=\"async\" class=\"alignnone size-full wp-image-55905\" src=\"https:\/\/dorogimedence.hu\/wp-content\/uploads\/2023\/09\/230901_sajtokozlemeny_7-scaled.jpg\" alt=\"\" width=\"2560\" height=\"1440\" srcset=\"https:\/\/dorogimedence.hu\/wp-content\/uploads\/2023\/09\/230901_sajtokozlemeny_7-scaled.jpg 2560w, https:\/\/dorogimedence.hu\/wp-content\/uploads\/2023\/09\/230901_sajtokozlemeny_7-600x338.jpg 600w, https:\/\/dorogimedence.hu\/wp-content\/uploads\/2023\/09\/230901_sajtokozlemeny_7-1920x1080.jpg 1920w, https:\/\/dorogimedence.hu\/wp-content\/uploads\/2023\/09\/230901_sajtokozlemeny_7-768x432.jpg 768w, https:\/\/dorogimedence.hu\/wp-content\/uploads\/2023\/09\/230901_sajtokozlemeny_7-1536x864.jpg 1536w, https:\/\/dorogimedence.hu\/wp-content\/uploads\/2023\/09\/230901_sajtokozlemeny_7-2048x1152.jpg 2048w, https:\/\/dorogimedence.hu\/wp-content\/uploads\/2023\/09\/230901_sajtokozlemeny_7-150x84.jpg 150w, https:\/\/dorogimedence.hu\/wp-content\/uploads\/2023\/09\/230901_sajtokozlemeny_7-450x253.jpg 450w, https:\/\/dorogimedence.hu\/wp-content\/uploads\/2023\/09\/230901_sajtokozlemeny_7-1200x675.jpg 1200w\" sizes=\"(max-width: 2560px) 100vw, 2560px\" \/><\/p>\n<h5><strong>AZ ESZTERGOMI EGY\u00dcTTES KERETE A 2023\u20132024-ES ID\u00c9NYBEN<\/strong><\/h5>\n<ul>\n<li>Kapusok: Berkesi D\u00f3ra, Mer\u0151 D\u00f3ra (\u00faj \u00e9rkez\u0151), Herczeg Lili (\u00faj)<\/li>\n<li>Jobbsz\u00e9ls\u0151k: Horv\u00e1th Alexa (\u00faj), Varga Vikt\u00f3ria (\u00faj)<\/li>\n<li>Jobb\u00e1tl\u00f6v\u0151k: Albert Helga (\u00faj), Farkas Kata (\u00faj)<\/li>\n<li>Ir\u00e1ny\u00edt\u00f3k: Csiki Ren\u00e1ta, Pap Karolina (\u00faj), Szucs\u00e1nszki Zita (\u00faj)<\/li>\n<li>Be\u00e1ll\u00f3k: \u00c1brah\u00e1m Szilvia, Majoros Klaudia (\u00faj)<\/li>\n<li>Bal\u00e1tl\u00f6v\u0151k: P\u00e1link\u00e1s Dorka, Sz\u00e1zvai No\u00e9mi (\u00faj), Tak\u00e1cs Eszter (\u00faj), Valovics N\u00f3ra<\/li>\n<li>Balsz\u00e9ls\u0151k: Hajtai Vanessza (\u00faj), Jo\u00f3 Anna<\/li>\n<li>Szakmai igazgat\u00f3: Elek G\u00e1bor<\/li>\n<li>Vezet\u0151edz\u0151: Karvalics Tam\u00e1s<\/li>\n<li>Kapusedz\u0151: Alena Abramovics<\/li>\n<li>Er\u0151nl\u00e9ti edz\u0151: Szucs\u00e1nszki Zita, S\u00f6l\u00f6si L\u00e1szl\u00f3<\/li>\n<li>Technikai vezet\u0151: Mez\u0151s\u00e9gi Ir\u00e9n<\/li>\n<\/ul>\n<h5><strong>AZ NB I B-S BAJNOKI PROGRAM<\/strong><\/h5>\n<ol>\n<li>fordul\u00f3 (szeptember 2., 18 \u00f3ra): Szombathelyi KKA\u2013Esztergom<\/li>\n<li>fordul\u00f3 (szeptember 9., 16): Esztergom\u2013Szigetszentmikl\u00f3s NKSE<\/li>\n<li>fordul\u00f3 (szeptember 16., 18): PC Trade Szegedi NKE\u2013Esztergom<\/li>\n<li>fordul\u00f3 (szeptember 23., 16): Esztergom\u2013Tempo KSE<\/li>\n<li>fordul\u00f3 (okt\u00f3ber 1., 16): Debreceni VSC Schaeffler U19\u2013Esztergom<\/li>\n<li>fordul\u00f3 (okt\u00f3ber 7., 16): Esztergom\u2013PTE-P\u00e9csi EAC-SIPO<\/li>\n<li>fordul\u00f3 (okt\u00f3ber 21., 18): SZISE-Bamba Marha\u2013Esztergom<\/li>\n<li>fordul\u00f3 (okt\u00f3ber 28., 16): Esztergom\u2013Kom\u00e1rom VSE<\/li>\n<li>fordul\u00f3 (november 4., 18): Eszterh\u00e1zy SC Eger\u2013Esztergom<\/li>\n<li>fordul\u00f3 (november 11., 16): Esztergom\u2013Hajd\u00fan\u00e1n\u00e1s<\/li>\n<li>fordul\u00f3 (november 18., 18): Ferencv\u00e1rosi TC U19\u2013Esztergom<\/li>\n<li>fordul\u00f3 (december 9., 16): Esztergom\u2013\u00c9rd<\/li>\n<li>fordul\u00f3 (december 16., 16): Esztergom\u2013Kispest NKK<\/li>\n<li>fordul\u00f3 (janu\u00e1r 13., 16): Esztergom\u2013Orosh\u00e1za<\/li>\n<li>fordul\u00f3 (janu\u00e1r 20., 18): G\u00e1rdony-P\u00e1zm\u00e1nd NKK\u2013Esztergom<\/li>\n<li>fordul\u00f3 (janu\u00e1r 27., 16): Esztergom\u2013Szombathely<\/li>\n<li>fordul\u00f3 (febru\u00e1r 3., 15.45): Szigetszentmikl\u00f3s\u2013Esztergom<\/li>\n<li>fordul\u00f3 (febru\u00e1r 17., 16): Esztergom\u2013Szeged<\/li>\n<li>fordul\u00f3 (febru\u00e1r 24., 18): Tempo KSE\u2013Esztergom<\/li>\n<li>fordul\u00f3 (m\u00e1rcius 9., 16): Esztergom\u2013DVSC U19<\/li>\n<li>fordul\u00f3 (m\u00e1rcius 16., 16): PEAC\u2013Esztergom<\/li>\n<li>fordul\u00f3 (m\u00e1rcius 23., 16): Esztergom\u2013SZISE<\/li>\n<li>fordul\u00f3 (m\u00e1rcius 31.): Kom\u00e1rom\u2013Esztergom<\/li>\n<li>fordul\u00f3 (\u00e1prilis 13., 16): Esztergom\u2013Eszterh\u00e1zy SC<\/li>\n<li>fordul\u00f3 (\u00e1prilis 20., 18): Hajd\u00fan\u00e1n\u00e1s\u2013Esztergom<\/li>\n<li>fordul\u00f3 (\u00e1prilis 27., 16): Esztergom\u2013FTC U19<\/li>\n<li>fordul\u00f3 (m\u00e1jus 4., 16): \u00c9rd\u2013Esztergom<\/li>\n<li>fordul\u00f3 (m\u00e1jus 11., 18): Kispest\u2013Esztergom<\/li>\n<li>fordul\u00f3 (m\u00e1jus 18., 18): Orosh\u00e1za\u2013Esztergom<\/li>\n<li>fordul\u00f3 (m\u00e1jus 25., 16): Esztergom\u2013G\u00e1rdony<\/li>\n<\/ol>\n","protected":false},"excerpt":{"rendered":"<p>R\u00e9g\u00f3ta v\u00e1rt pillanat j\u00f6n el szombat este: az egyik bajnokaspir\u00e1ns Szombathelyi KKA otthon\u00e1ban elkezdi bajnoki szerepl\u00e9s\u00e9t az Esztergomi Vit\u00e9zek m\u00e1sodoszt\u00e1ly\u00fa n\u0151i k\u00e9zilabdacsapata. Az elm\u00falt hetekben Elek G\u00e1bor szakmai igazgat\u00f3 \u00e9s Karvalics Tam\u00e1s vezet\u0151edz\u0151 ir\u00e1ny\u00edt\u00e1s\u00e1val kem\u00e9ny munka zajlott, hogy min\u00e9l jobban \u00e9s hat\u00e9konyabban \u00f6sszekov\u00e1csol\u00f3djon a tizenk\u00e9t \u00faj \u00e9rkez\u0151t felvonultat\u00f3 egy\u00fcttes. Ezt a c\u00e9lt szolg\u00e1lta a n\u00e9gy<\/p>\n","protected":false},"author":1,"featured_media":55902,"comment_status":"closed","ping_status":"closed","sticky":false,"template":"","format":"standard","meta":{"ngg_post_thumbnail":0,"footnotes":""},"categories":[38,3,5],"tags":[42,3879,355,16],"class_list":{"0":"post-55901","1":"post","2":"type-post","3":"status-publish","4":"format-standard","5":"has-post-thumbnail","7":"category-esztergom","8":"category-hirek","9":"category-sport","10":"tag-esztergom","11":"tag-esztergomi-vitezek","12":"tag-kezilabda","13":"tag-sport"},"yoast_head":"<!-- This site is optimized with the Yoast SEO plugin v27.5 - https:\/\/yoast.com\/product\/yoast-seo-wordpress\/ -->\n<title>Megkezdi a m\u00e1sodoszt\u00e1ly\u00fa bajnoki k\u00fczdelmeket az Esztergomi Vit\u00e9zek n\u0151i k\u00e9zilabdacsapata<\/title>\n<meta name=\"robots\" content=\"index, follow, max-snippet:-1, max-image-preview:large, max-video-preview:-1\" \/>\n<link rel=\"canonical\" href=\"https:\/\/dorogimedence.hu\/index.php\/2023\/09\/01\/megkezdi-a-masodosztalyu-bajnoki-kuzdelmeket-az-esztergomi-vitezek-noi-kezilabdacsapata\/\" class=\"yoast-seo-meta-tag\" \/>\n<meta property=\"og:locale\" content=\"hu_HU\" class=\"yoast-seo-meta-tag\" \/>\n<meta property=\"og:type\" content=\"article\" class=\"yoast-seo-meta-tag\" \/>\n<meta property=\"og:title\" content=\"Megkezdi a m\u00e1sodoszt\u00e1ly\u00fa bajnoki k\u00fczdelmeket az Esztergomi Vit\u00e9zek n\u0151i k\u00e9zilabdacsapata\" class=\"yoast-seo-meta-tag\" \/>\n<meta property=\"og:description\" content=\"R\u00e9g\u00f3ta v\u00e1rt pillanat j\u00f6n el szombat este: az egyik bajnokaspir\u00e1ns Szombathelyi KKA otthon\u00e1ban elkezdi bajnoki szerepl\u00e9s\u00e9t az Esztergomi Vit\u00e9zek m\u00e1sodoszt\u00e1ly\u00fa n\u0151i k\u00e9zilabdacsapata. Az elm\u00falt hetekben Elek G\u00e1bor szakmai igazgat\u00f3 \u00e9s Karvalics Tam\u00e1s vezet\u0151edz\u0151 ir\u00e1ny\u00edt\u00e1s\u00e1val kem\u00e9ny munka zajlott, hogy min\u00e9l jobban \u00e9s hat\u00e9konyabban \u00f6sszekov\u00e1csol\u00f3djon a tizenk\u00e9t \u00faj \u00e9rkez\u0151t felvonultat\u00f3 egy\u00fcttes. Ezt a c\u00e9lt szolg\u00e1lta a n\u00e9gy\" class=\"yoast-seo-meta-tag\" \/>\n<meta property=\"og:url\" content=\"https:\/\/dorogimedence.hu\/index.php\/2023\/09\/01\/megkezdi-a-masodosztalyu-bajnoki-kuzdelmeket-az-esztergomi-vitezek-noi-kezilabdacsapata\/\" class=\"yoast-seo-meta-tag\" \/>\n<meta property=\"og:site_name\" content=\"Dorogi-medence Region\u00e1lis H\u00edrport\u00e1l\" class=\"yoast-seo-meta-tag\" \/>\n<meta property=\"article:publisher\" content=\"https:\/\/www.facebook.com\/dorogimedence\/\" class=\"yoast-seo-meta-tag\" \/>\n<meta property=\"article:published_time\" content=\"2023-09-01T05:50:54+00:00\" class=\"yoast-seo-meta-tag\" \/>\n<meta property=\"article:modified_time\" content=\"2023-09-01T05:54:21+00:00\" class=\"yoast-seo-meta-tag\" \/>\n<meta property=\"og:image\" content=\"https:\/\/dorogimedence.hu\/wp-content\/uploads\/2023\/09\/230901_sajtokozlemeny_1-scaled.jpg\" class=\"yoast-seo-meta-tag\" \/>\n\t<meta property=\"og:image:width\" content=\"2560\" class=\"yoast-seo-meta-tag\" \/>\n\t<meta property=\"og:image:height\" content=\"1440\" class=\"yoast-seo-meta-tag\" \/>\n\t<meta property=\"og:image:type\" content=\"image\/jpeg\" class=\"yoast-seo-meta-tag\" \/>\n<meta name=\"author\" content=\"dorogimedence.hu\" class=\"yoast-seo-meta-tag\" \/>\n<meta name=\"twitter:card\" content=\"summary_large_image\" class=\"yoast-seo-meta-tag\" \/>\n<meta name=\"twitter:label1\" content=\"Szerz\u0151:\" class=\"yoast-seo-meta-tag\" \/>\n\t<meta name=\"twitter:data1\" content=\"dorogimedence.hu\" class=\"yoast-seo-meta-tag\" \/>\n\t<meta name=\"twitter:label2\" content=\"Becs\u00fclt olvas\u00e1si id\u0151\" class=\"yoast-seo-meta-tag\" \/>\n\t<meta name=\"twitter:data2\" content=\"5 perc\" class=\"yoast-seo-meta-tag\" \/>\n<script type=\"application\/ld+json\" class=\"yoast-schema-graph\">{\"@context\":\"https:\\\/\\\/schema.org\",\"@graph\":[{\"@type\":\"Article\",\"@id\":\"https:\\\/\\\/dorogimedence.hu\\\/index.php\\\/2023\\\/09\\\/01\\\/megkezdi-a-masodosztalyu-bajnoki-kuzdelmeket-az-esztergomi-vitezek-noi-kezilabdacsapata\\\/#article\",\"isPartOf\":{\"@id\":\"https:\\\/\\\/dorogimedence.hu\\\/index.php\\\/2023\\\/09\\\/01\\\/megkezdi-a-masodosztalyu-bajnoki-kuzdelmeket-az-esztergomi-vitezek-noi-kezilabdacsapata\\\/\"},\"author\":{\"name\":\"dorogimedence.hu\",\"@id\":\"https:\\\/\\\/dorogimedence.hu\\\/#\\\/schema\\\/person\\\/ce6091eeb7e95ecdc87890d6aa8e0fd4\"},\"headline\":\"Megkezdi a m\u00e1sodoszt\u00e1ly\u00fa bajnoki k\u00fczdelmeket az Esztergomi Vit\u00e9zek n\u0151i k\u00e9zilabdacsapata\",\"datePublished\":\"2023-09-01T05:50:54+00:00\",\"dateModified\":\"2023-09-01T05:54:21+00:00\",\"mainEntityOfPage\":{\"@id\":\"https:\\\/\\\/dorogimedence.hu\\\/index.php\\\/2023\\\/09\\\/01\\\/megkezdi-a-masodosztalyu-bajnoki-kuzdelmeket-az-esztergomi-vitezek-noi-kezilabdacsapata\\\/\"},\"wordCount\":935,\"publisher\":{\"@id\":\"https:\\\/\\\/dorogimedence.hu\\\/#organization\"},\"image\":{\"@id\":\"https:\\\/\\\/dorogimedence.hu\\\/index.php\\\/2023\\\/09\\\/01\\\/megkezdi-a-masodosztalyu-bajnoki-kuzdelmeket-az-esztergomi-vitezek-noi-kezilabdacsapata\\\/#primaryimage\"},\"thumbnailUrl\":\"https:\\\/\\\/dorogimedence.hu\\\/wp-content\\\/uploads\\\/2023\\\/09\\\/230901_sajtokozlemeny_1-scaled.jpg\",\"keywords\":[\"esztergom\",\"Esztergomi Vit\u00e9zek\",\"k\u00e9zilabda\",\"sport\"],\"articleSection\":[\"Esztergom\",\"H\u00edrek\",\"Sport\"],\"inLanguage\":\"hu\"},{\"@type\":\"WebPage\",\"@id\":\"https:\\\/\\\/dorogimedence.hu\\\/index.php\\\/2023\\\/09\\\/01\\\/megkezdi-a-masodosztalyu-bajnoki-kuzdelmeket-az-esztergomi-vitezek-noi-kezilabdacsapata\\\/\",\"url\":\"https:\\\/\\\/dorogimedence.hu\\\/index.php\\\/2023\\\/09\\\/01\\\/megkezdi-a-masodosztalyu-bajnoki-kuzdelmeket-az-esztergomi-vitezek-noi-kezilabdacsapata\\\/\",\"name\":\"Megkezdi a m\u00e1sodoszt\u00e1ly\u00fa bajnoki k\u00fczdelmeket az Esztergomi Vit\u00e9zek n\u0151i k\u00e9zilabdacsapata\",\"isPartOf\":{\"@id\":\"https:\\\/\\\/dorogimedence.hu\\\/#website\"},\"primaryImageOfPage\":{\"@id\":\"https:\\\/\\\/dorogimedence.hu\\\/index.php\\\/2023\\\/09\\\/01\\\/megkezdi-a-masodosztalyu-bajnoki-kuzdelmeket-az-esztergomi-vitezek-noi-kezilabdacsapata\\\/#primaryimage\"},\"image\":{\"@id\":\"https:\\\/\\\/dorogimedence.hu\\\/index.php\\\/2023\\\/09\\\/01\\\/megkezdi-a-masodosztalyu-bajnoki-kuzdelmeket-az-esztergomi-vitezek-noi-kezilabdacsapata\\\/#primaryimage\"},\"thumbnailUrl\":\"https:\\\/\\\/dorogimedence.hu\\\/wp-content\\\/uploads\\\/2023\\\/09\\\/230901_sajtokozlemeny_1-scaled.jpg\",\"datePublished\":\"2023-09-01T05:50:54+00:00\",\"dateModified\":\"2023-09-01T05:54:21+00:00\",\"breadcrumb\":{\"@id\":\"https:\\\/\\\/dorogimedence.hu\\\/index.php\\\/2023\\\/09\\\/01\\\/megkezdi-a-masodosztalyu-bajnoki-kuzdelmeket-az-esztergomi-vitezek-noi-kezilabdacsapata\\\/#breadcrumb\"},\"inLanguage\":\"hu\",\"potentialAction\":[{\"@type\":\"ReadAction\",\"target\":[\"https:\\\/\\\/dorogimedence.hu\\\/index.php\\\/2023\\\/09\\\/01\\\/megkezdi-a-masodosztalyu-bajnoki-kuzdelmeket-az-esztergomi-vitezek-noi-kezilabdacsapata\\\/\"]}]},{\"@type\":\"ImageObject\",\"inLanguage\":\"hu\",\"@id\":\"https:\\\/\\\/dorogimedence.hu\\\/index.php\\\/2023\\\/09\\\/01\\\/megkezdi-a-masodosztalyu-bajnoki-kuzdelmeket-az-esztergomi-vitezek-noi-kezilabdacsapata\\\/#primaryimage\",\"url\":\"https:\\\/\\\/dorogimedence.hu\\\/wp-content\\\/uploads\\\/2023\\\/09\\\/230901_sajtokozlemeny_1-scaled.jpg\",\"contentUrl\":\"https:\\\/\\\/dorogimedence.hu\\\/wp-content\\\/uploads\\\/2023\\\/09\\\/230901_sajtokozlemeny_1-scaled.jpg\",\"width\":2560,\"height\":1440},{\"@type\":\"BreadcrumbList\",\"@id\":\"https:\\\/\\\/dorogimedence.hu\\\/index.php\\\/2023\\\/09\\\/01\\\/megkezdi-a-masodosztalyu-bajnoki-kuzdelmeket-az-esztergomi-vitezek-noi-kezilabdacsapata\\\/#breadcrumb\",\"itemListElement\":[{\"@type\":\"ListItem\",\"position\":1,\"name\":\"Kezd\u0151lap\",\"item\":\"https:\\\/\\\/dorogimedence.hu\\\/\"},{\"@type\":\"ListItem\",\"position\":2,\"name\":\"Megkezdi a m\u00e1sodoszt\u00e1ly\u00fa bajnoki k\u00fczdelmeket az Esztergomi Vit\u00e9zek n\u0151i k\u00e9zilabdacsapata\"}]},{\"@type\":\"WebSite\",\"@id\":\"https:\\\/\\\/dorogimedence.hu\\\/#website\",\"url\":\"https:\\\/\\\/dorogimedence.hu\\\/\",\"name\":\"Dorogi-medence Region\u00e1lis H\u00edrport\u00e1l\",\"description\":\"Dorog, Keszt\u00f6lc, Le\u00e1nyv\u00e1r, Piliscs\u00e9v, Tokod, Tokodalt\u00e1r\u00f3, Csolnok, Esztergom-kertv\u00e1ros: h\u00edrek, programok\",\"publisher\":{\"@id\":\"https:\\\/\\\/dorogimedence.hu\\\/#organization\"},\"potentialAction\":[{\"@type\":\"SearchAction\",\"target\":{\"@type\":\"EntryPoint\",\"urlTemplate\":\"https:\\\/\\\/dorogimedence.hu\\\/?s={search_term_string}\"},\"query-input\":{\"@type\":\"PropertyValueSpecification\",\"valueRequired\":true,\"valueName\":\"search_term_string\"}}],\"inLanguage\":\"hu\"},{\"@type\":\"Organization\",\"@id\":\"https:\\\/\\\/dorogimedence.hu\\\/#organization\",\"name\":\"Dorogi-medence Region\u00e1lis H\u00edrport\u00e1l\",\"url\":\"https:\\\/\\\/dorogimedence.hu\\\/\",\"logo\":{\"@type\":\"ImageObject\",\"inLanguage\":\"hu\",\"@id\":\"https:\\\/\\\/dorogimedence.hu\\\/#\\\/schema\\\/logo\\\/image\\\/\",\"url\":\"https:\\\/\\\/dorogimedence.hu\\\/wp-content\\\/uploads\\\/2021\\\/04\\\/logo-feher-600.png\",\"contentUrl\":\"https:\\\/\\\/dorogimedence.hu\\\/wp-content\\\/uploads\\\/2021\\\/04\\\/logo-feher-600.png\",\"width\":600,\"height\":100,\"caption\":\"Dorogi-medence Region\u00e1lis H\u00edrport\u00e1l\"},\"image\":{\"@id\":\"https:\\\/\\\/dorogimedence.hu\\\/#\\\/schema\\\/logo\\\/image\\\/\"},\"sameAs\":[\"https:\\\/\\\/www.facebook.com\\\/dorogimedence\\\/\"]},{\"@type\":\"Person\",\"@id\":\"https:\\\/\\\/dorogimedence.hu\\\/#\\\/schema\\\/person\\\/ce6091eeb7e95ecdc87890d6aa8e0fd4\",\"name\":\"dorogimedence.hu\",\"image\":{\"@type\":\"ImageObject\",\"inLanguage\":\"hu\",\"@id\":\"\\\/\\\/www.gravatar.com\\\/avatar\\\/d8d45f8901aadff40a4af72c0b826f1d?s=96&#038;r=g&#038;d=mm\",\"url\":\"\\\/\\\/www.gravatar.com\\\/avatar\\\/d8d45f8901aadff40a4af72c0b826f1d?s=96&#038;r=g&#038;d=mm\",\"contentUrl\":\"\\\/\\\/www.gravatar.com\\\/avatar\\\/d8d45f8901aadff40a4af72c0b826f1d?s=96&#038;r=g&#038;d=mm\",\"caption\":\"dorogimedence.hu\"}}]}<\/script>\n<!-- \/ Yoast SEO plugin. -->","yoast_head_json":{"title":"Megkezdi a m\u00e1sodoszt\u00e1ly\u00fa bajnoki k\u00fczdelmeket az Esztergomi Vit\u00e9zek n\u0151i k\u00e9zilabdacsapata","robots":{"index":"index","follow":"follow","max-snippet":"max-snippet:-1","max-image-preview":"max-image-preview:large","max-video-preview":"max-video-preview:-1"},"canonical":"https:\/\/dorogimedence.hu\/index.php\/2023\/09\/01\/megkezdi-a-masodosztalyu-bajnoki-kuzdelmeket-az-esztergomi-vitezek-noi-kezilabdacsapata\/","og_locale":"hu_HU","og_type":"article","og_title":"Megkezdi a m\u00e1sodoszt\u00e1ly\u00fa bajnoki k\u00fczdelmeket az Esztergomi Vit\u00e9zek n\u0151i k\u00e9zilabdacsapata","og_description":"R\u00e9g\u00f3ta v\u00e1rt pillanat j\u00f6n el szombat este: az egyik bajnokaspir\u00e1ns Szombathelyi KKA otthon\u00e1ban elkezdi bajnoki szerepl\u00e9s\u00e9t az Esztergomi Vit\u00e9zek m\u00e1sodoszt\u00e1ly\u00fa n\u0151i k\u00e9zilabdacsapata. Az elm\u00falt hetekben Elek G\u00e1bor szakmai igazgat\u00f3 \u00e9s Karvalics Tam\u00e1s vezet\u0151edz\u0151 ir\u00e1ny\u00edt\u00e1s\u00e1val kem\u00e9ny munka zajlott, hogy min\u00e9l jobban \u00e9s hat\u00e9konyabban \u00f6sszekov\u00e1csol\u00f3djon a tizenk\u00e9t \u00faj \u00e9rkez\u0151t felvonultat\u00f3 egy\u00fcttes. Ezt a c\u00e9lt szolg\u00e1lta a n\u00e9gy","og_url":"https:\/\/dorogimedence.hu\/index.php\/2023\/09\/01\/megkezdi-a-masodosztalyu-bajnoki-kuzdelmeket-az-esztergomi-vitezek-noi-kezilabdacsapata\/","og_site_name":"Dorogi-medence Region\u00e1lis H\u00edrport\u00e1l","article_publisher":"https:\/\/www.facebook.com\/dorogimedence\/","article_published_time":"2023-09-01T05:50:54+00:00","article_modified_time":"2023-09-01T05:54:21+00:00","og_image":[{"width":2560,"height":1440,"url":"https:\/\/dorogimedence.hu\/wp-content\/uploads\/2023\/09\/230901_sajtokozlemeny_1-scaled.jpg","type":"image\/jpeg"}],"author":"dorogimedence.hu","twitter_card":"summary_large_image","twitter_misc":{"Szerz\u0151:":"dorogimedence.hu","Becs\u00fclt olvas\u00e1si id\u0151":"5 perc"},"schema":{"@context":"https:\/\/schema.org","@graph":[{"@type":"Article","@id":"https:\/\/dorogimedence.hu\/index.php\/2023\/09\/01\/megkezdi-a-masodosztalyu-bajnoki-kuzdelmeket-az-esztergomi-vitezek-noi-kezilabdacsapata\/#article","isPartOf":{"@id":"https:\/\/dorogimedence.hu\/index.php\/2023\/09\/01\/megkezdi-a-masodosztalyu-bajnoki-kuzdelmeket-az-esztergomi-vitezek-noi-kezilabdacsapata\/"},"author":{"name":"dorogimedence.hu","@id":"https:\/\/dorogimedence.hu\/#\/schema\/person\/ce6091eeb7e95ecdc87890d6aa8e0fd4"},"headline":"Megkezdi a m\u00e1sodoszt\u00e1ly\u00fa bajnoki k\u00fczdelmeket az Esztergomi Vit\u00e9zek n\u0151i k\u00e9zilabdacsapata","datePublished":"2023-09-01T05:50:54+00:00","dateModified":"2023-09-01T05:54:21+00:00","mainEntityOfPage":{"@id":"https:\/\/dorogimedence.hu\/index.php\/2023\/09\/01\/megkezdi-a-masodosztalyu-bajnoki-kuzdelmeket-az-esztergomi-vitezek-noi-kezilabdacsapata\/"},"wordCount":935,"publisher":{"@id":"https:\/\/dorogimedence.hu\/#organization"},"image":{"@id":"https:\/\/dorogimedence.hu\/index.php\/2023\/09\/01\/megkezdi-a-masodosztalyu-bajnoki-kuzdelmeket-az-esztergomi-vitezek-noi-kezilabdacsapata\/#primaryimage"},"thumbnailUrl":"https:\/\/dorogimedence.hu\/wp-content\/uploads\/2023\/09\/230901_sajtokozlemeny_1-scaled.jpg","keywords":["esztergom","Esztergomi Vit\u00e9zek","k\u00e9zilabda","sport"],"articleSection":["Esztergom","H\u00edrek","Sport"],"inLanguage":"hu"},{"@type":"WebPage","@id":"https:\/\/dorogimedence.hu\/index.php\/2023\/09\/01\/megkezdi-a-masodosztalyu-bajnoki-kuzdelmeket-az-esztergomi-vitezek-noi-kezilabdacsapata\/","url":"https:\/\/dorogimedence.hu\/index.php\/2023\/09\/01\/megkezdi-a-masodosztalyu-bajnoki-kuzdelmeket-az-esztergomi-vitezek-noi-kezilabdacsapata\/","name":"Megkezdi a m\u00e1sodoszt\u00e1ly\u00fa bajnoki k\u00fczdelmeket az Esztergomi Vit\u00e9zek n\u0151i k\u00e9zilabdacsapata","isPartOf":{"@id":"https:\/\/dorogimedence.hu\/#website"},"primaryImageOfPage":{"@id":"https:\/\/dorogimedence.hu\/index.php\/2023\/09\/01\/megkezdi-a-masodosztalyu-bajnoki-kuzdelmeket-az-esztergomi-vitezek-noi-kezilabdacsapata\/#primaryimage"},"image":{"@id":"https:\/\/dorogimedence.hu\/index.php\/2023\/09\/01\/megkezdi-a-masodosztalyu-bajnoki-kuzdelmeket-az-esztergomi-vitezek-noi-kezilabdacsapata\/#primaryimage"},"thumbnailUrl":"https:\/\/dorogimedence.hu\/wp-content\/uploads\/2023\/09\/230901_sajtokozlemeny_1-scaled.jpg","datePublished":"2023-09-01T05:50:54+00:00","dateModified":"2023-09-01T05:54:21+00:00","breadcrumb":{"@id":"https:\/\/dorogimedence.hu\/index.php\/2023\/09\/01\/megkezdi-a-masodosztalyu-bajnoki-kuzdelmeket-az-esztergomi-vitezek-noi-kezilabdacsapata\/#breadcrumb"},"inLanguage":"hu","potentialAction":[{"@type":"ReadAction","target":["https:\/\/dorogimedence.hu\/index.php\/2023\/09\/01\/megkezdi-a-masodosztalyu-bajnoki-kuzdelmeket-az-esztergomi-vitezek-noi-kezilabdacsapata\/"]}]},{"@type":"ImageObject","inLanguage":"hu","@id":"https:\/\/dorogimedence.hu\/index.php\/2023\/09\/01\/megkezdi-a-masodosztalyu-bajnoki-kuzdelmeket-az-esztergomi-vitezek-noi-kezilabdacsapata\/#primaryimage","url":"https:\/\/dorogimedence.hu\/wp-content\/uploads\/2023\/09\/230901_sajtokozlemeny_1-scaled.jpg","contentUrl":"https:\/\/dorogimedence.hu\/wp-content\/uploads\/2023\/09\/230901_sajtokozlemeny_1-scaled.jpg","width":2560,"height":1440},{"@type":"BreadcrumbList","@id":"https:\/\/dorogimedence.hu\/index.php\/2023\/09\/01\/megkezdi-a-masodosztalyu-bajnoki-kuzdelmeket-az-esztergomi-vitezek-noi-kezilabdacsapata\/#breadcrumb","itemListElement":[{"@type":"ListItem","position":1,"name":"Kezd\u0151lap","item":"https:\/\/dorogimedence.hu\/"},{"@type":"ListItem","position":2,"name":"Megkezdi a m\u00e1sodoszt\u00e1ly\u00fa bajnoki k\u00fczdelmeket az Esztergomi Vit\u00e9zek n\u0151i k\u00e9zilabdacsapata"}]},{"@type":"WebSite","@id":"https:\/\/dorogimedence.hu\/#website","url":"https:\/\/dorogimedence.hu\/","name":"Dorogi-medence Region\u00e1lis H\u00edrport\u00e1l","description":"Dorog, Keszt\u00f6lc, Le\u00e1nyv\u00e1r, Piliscs\u00e9v, Tokod, Tokodalt\u00e1r\u00f3, Csolnok, Esztergom-kertv\u00e1ros: h\u00edrek, programok","publisher":{"@id":"https:\/\/dorogimedence.hu\/#organization"},"potentialAction":[{"@type":"SearchAction","target":{"@type":"EntryPoint","urlTemplate":"https:\/\/dorogimedence.hu\/?s={search_term_string}"},"query-input":{"@type":"PropertyValueSpecification","valueRequired":true,"valueName":"search_term_string"}}],"inLanguage":"hu"},{"@type":"Organization","@id":"https:\/\/dorogimedence.hu\/#organization","name":"Dorogi-medence Region\u00e1lis H\u00edrport\u00e1l","url":"https:\/\/dorogimedence.hu\/","logo":{"@type":"ImageObject","inLanguage":"hu","@id":"https:\/\/dorogimedence.hu\/#\/schema\/logo\/image\/","url":"https:\/\/dorogimedence.hu\/wp-content\/uploads\/2021\/04\/logo-feher-600.png","contentUrl":"https:\/\/dorogimedence.hu\/wp-content\/uploads\/2021\/04\/logo-feher-600.png","width":600,"height":100,"caption":"Dorogi-medence Region\u00e1lis H\u00edrport\u00e1l"},"image":{"@id":"https:\/\/dorogimedence.hu\/#\/schema\/logo\/image\/"},"sameAs":["https:\/\/www.facebook.com\/dorogimedence\/"]},{"@type":"Person","@id":"https:\/\/dorogimedence.hu\/#\/schema\/person\/ce6091eeb7e95ecdc87890d6aa8e0fd4","name":"dorogimedence.hu","image":{"@type":"ImageObject","inLanguage":"hu","@id":"\/\/www.gravatar.com\/avatar\/d8d45f8901aadff40a4af72c0b826f1d?s=96&#038;r=g&#038;d=mm","url":"\/\/www.gravatar.com\/avatar\/d8d45f8901aadff40a4af72c0b826f1d?s=96&#038;r=g&#038;d=mm","contentUrl":"\/\/www.gravatar.com\/avatar\/d8d45f8901aadff40a4af72c0b826f1d?s=96&#038;r=g&#038;d=mm","caption":"dorogimedence.hu"}}]}},"_links":{"self":[{"href":"https:\/\/dorogimedence.hu\/index.php\/wp-json\/wp\/v2\/posts\/55901","targetHints":{"allow":["GET"]}}],"collection":[{"href":"https:\/\/dorogimedence.hu\/index.php\/wp-json\/wp\/v2\/posts"}],"about":[{"href":"https:\/\/dorogimedence.hu\/index.php\/wp-json\/wp\/v2\/types\/post"}],"author":[{"embeddable":true,"href":"https:\/\/dorogimedence.hu\/index.php\/wp-json\/wp\/v2\/users\/1"}],"replies":[{"embeddable":true,"href":"https:\/\/dorogimedence.hu\/index.php\/wp-json\/wp\/v2\/comments?post=55901"}],"version-history":[{"count":0,"href":"https:\/\/dorogimedence.hu\/index.php\/wp-json\/wp\/v2\/posts\/55901\/revisions"}],"wp:featuredmedia":[{"embeddable":true,"href":"https:\/\/dorogimedence.hu\/index.php\/wp-json\/wp\/v2\/media\/55902"}],"wp:attachment":[{"href":"https:\/\/dorogimedence.hu\/index.php\/wp-json\/wp\/v2\/media?parent=55901"}],"wp:term":[{"taxonomy":"category","embeddable":true,"href":"https:\/\/dorogimedence.hu\/index.php\/wp-json\/wp\/v2\/categories?post=55901"},{"taxonomy":"post_tag","embeddable":true,"href":"https:\/\/dorogimedence.hu\/index.php\/wp-json\/wp\/v2\/tags?post=55901"}],"curies":[{"name":"wp","href":"https:\/\/api.w.org\/{rel}","templated":true}]}}