{"id":55896,"date":"2023-09-01T07:42:52","date_gmt":"2023-09-01T05:42:52","guid":{"rendered":"https:\/\/dorogimedence.hu\/?p=55896"},"modified":"2023-09-01T07:43:52","modified_gmt":"2023-09-01T05:43:52","slug":"a-mosoparfumok-hasznalata-is-elmozdulast-jelent-a-fenntarthatosag-fele","status":"publish","type":"post","link":"https:\/\/dorogimedence.hu\/index.php\/2023\/09\/01\/a-mosoparfumok-hasznalata-is-elmozdulast-jelent-a-fenntarthatosag-fele\/","title":{"rendered":"A mos\u00f3parf\u00fcm\u00f6k haszn\u00e1lata is elmozdul\u00e1st jelent a fenntarthat\u00f3s\u00e1g fel\u00e9"},"content":{"rendered":"<p><strong>Felismerve a fenntarthat\u00f3bb lehet\u0151s\u00e9gek ir\u00e1nti ig\u00e9nyt, sz\u00e1mos parf\u00fcmm\u00e1rka k\u00f6rnyezetbar\u00e1t gyakorlatot alkalmaz. Ezek k\u00f6z\u00e9 tartozik az \u00fajrahasznos\u00edthat\u00f3 csomagol\u00e1s, a felel\u0151ss\u00e9gteljesen beszerzett \u00f6sszetev\u0151k \u00e9s a fenntarthat\u00f3 gy\u00e1rt\u00e1si m\u00f3dszerek haszn\u00e1lata. Egyes m\u00e1rk\u00e1k m\u00e9g egy l\u00e9p\u00e9ssel tov\u00e1bb mennek, \u00e9s olyan t\u00e1rsadalmi felel\u0151ss\u00e9gv\u00e1llal\u00e1si kezdem\u00e9nyez\u00e9seket val\u00f3s\u00edtanak meg, amelyek t\u00e1mogatj\u00e1k a helyi k\u00f6z\u00f6ss\u00e9geket \u00e9s el\u0151seg\u00edtik a t\u00e1rsadalmi v\u00e1ltoz\u00e1sokat.<\/strong><\/p>\n<h3>A fenntarthat\u00f3 kozmetikum \u00e9s tiszt\u00edt\u00f3szer m\u00e1rk\u00e1k \u00e9s term\u00e9kek felemelked\u00e9se<\/h3>\n<p>Napjainkban sz\u00e1mos <span style=\"text-decoration: underline; color: #0000ff;\"><a style=\"color: #0000ff; text-decoration: underline;\" href=\"https:\/\/www.puellaillatok.hu\/mosoparfumok\/\" target=\"_blank\" rel=\"dofollow noopener\">fenntarthat\u00f3 mos\u00f3szer<\/a><\/span>, kozmetikum \u00e9s parf\u00fcm m\u00e1rka van a piacon, amelyek a fogyaszt\u00f3knak k\u00f6rnyezetbar\u00e1t lehet\u0151s\u00e9gek sz\u00e9les v\u00e1laszt\u00e9k\u00e1t k\u00edn\u00e1lj\u00e1k. Ezek a m\u00e1rk\u00e1k a fenntarthat\u00f3s\u00e1g k\u00fcl\u00f6nb\u00f6z\u0151 aspektusaira \u00f6sszpontos\u00edtanak, bele\u00e9rtve az \u00f6sszetev\u0151k beszerz\u00e9s\u00e9t, a gy\u00e1rt\u00e1st, a csomagol\u00e1st \u00e9s a t\u00e1rsadalmi hat\u00e1st.<\/p>\n<p>E m\u00e1rk\u00e1k n\u00e9melyike saj\u00e1t parf\u00fcmn\u00f6v\u00e9nyeit organikusan termeszti, \u00e9s egy\u00fcttm\u0171k\u00f6dik olyan partnerekkel, akik fenntarthat\u00f3 gazd\u00e1lkod\u00e1st folytatnak. Emellett a z\u00f6ld k\u00e9mia elveit alkalmazz\u00e1k a fenntarthat\u00f3 \u00e9s hullad\u00e9kb\u00f3l \u00fajrahasznos\u00edtott szintetikus \u00f6sszetev\u0151k el\u0151\u00e1ll\u00edt\u00e1s\u00e1hoz. \u00cdgy k\u00e9sz\u00fcl pl. a <a href=\"https:\/\/www.puellaillatok.hu\/mosoparfumok\/\" target=\"_blank\" rel=\"dofollow noopener\"><span style=\"text-decoration: underline; color: #0000ff;\">mos\u00f3parf\u00fcm<\/span><\/a> is.<\/p>\n<h3>A term\u00e9szetes \u00e9s szintetikus \u00f6sszetev\u0151k egyens\u00falya<\/h3>\n<p>A term\u00e9szetes \u00e9s szintetikus \u00f6sszetev\u0151k k\u00f6z\u00f6tti vita a parf\u00fcmgy\u00e1rt\u00e1sban folyamatos. Vannak azonban olyan esetek, amikor a szintetikus \u00f6sszetev\u0151k haszn\u00e1lata k\u00f6rnyezettudatosabb. P\u00e9ld\u00e1ul bizonyos \u00f6sszetev\u0151k, p\u00e9ld\u00e1ul a szant\u00e1lfa beszerz\u00e9se a t\u00faltermeszt\u00e9s miatt k\u00e1ros lehet a k\u00f6rnyezetre. Ilyen esetekben a szintetikus alternat\u00edv\u00e1k fenntarthat\u00f3bb megold\u00e1st jelentenek.<\/p>\n<p>Tov\u00e1bb\u00e1 az \u00e1llati eredet\u0171 \u00f6sszetev\u0151k, p\u00e9ld\u00e1ul a p\u00e9zsma szintetikus alternat\u00edv\u00e1i megakad\u00e1lyozhatj\u00e1k a vadon \u00e9l\u0151 \u00e1llatok vad\u00e1szat\u00e1t vagy le\u00f6l\u00e9s\u00e9t. A term\u00e9szetes p\u00e9zsma, amely olyan \u00e1llatokb\u00f3l sz\u00e1rmazik, mint a p\u00e9zsma szarvas vagy a cibetmacska, ma m\u00e1r tilos a parf\u00fcmgy\u00e1rt\u00e1sban, \u00edgy a szintetikus p\u00e9zsma etikusabb \u00e9s fenntarthat\u00f3bb v\u00e1laszt\u00e1s.<\/p>\n<h3>A fenntarthat\u00f3 termel\u00e9s fontoss\u00e1ga<\/h3>\n<p>A fenntarthat\u00f3 termel\u00e9s a k\u00f6rnyezetbar\u00e1t parf\u00fcm\u00f6k, mos\u00f3szerek \u00e9s kozmetikumok l\u00e9trehoz\u00e1s\u00e1nak egyik legfontosabb szempontja. Ez az alkot\u00e1si folyamat minden l\u00e9p\u00e9s\u00e9t mag\u00e1ban foglalja, az \u00f6sszetev\u0151k begy\u0171jt\u00e9s\u00e9t\u0151l a v\u00e9gterm\u00e9k el\u0151\u00e1ll\u00edt\u00e1s\u00e1ig. A m\u00e1rk\u00e1knak figyelni\u00fck kell az \u00e1ltaluk gy\u00e1rtott term\u00e9kek mennyis\u00e9g\u00e9re, mivel a kisebb gy\u00e1rt\u00e1si darabsz\u00e1mok cs\u00f6kkenthetik a k\u00f6rnyezeti hat\u00e1st.<\/p>\n<h3>A t\u00e1rsadalmi hat\u00e1s szerepe a fenntarthat\u00f3 parf\u00fcmk\u00e9sz\u00edt\u00e9sben<\/h3>\n<p>A t\u00e1rsadalmi felel\u0151ss\u00e9gv\u00e1llal\u00e1s szerves r\u00e9sze a fenntarthat\u00f3 parf\u00fcmk\u00e9sz\u00edt\u00e9snek. Ez mag\u00e1ban foglalja a gy\u00e1rt\u00e1si folyamatban r\u00e9szt vev\u0151 munkav\u00e1llal\u00f3k jogainak \u00e9s j\u00f3l\u00e9t\u00e9nek v\u00e9delm\u00e9t, munkak\u00f6r\u00fclm\u00e9nyeik jav\u00edt\u00e1s\u00e1t \u00e9s a helyi k\u00f6z\u00f6ss\u00e9gek t\u00e1mogat\u00e1s\u00e1t. Egyes m\u00e1rk\u00e1k m\u00e9g olyan j\u00f3t\u00e9konys\u00e1gi egyes\u00fcleteket is t\u00e1mogatnak, amelyek \u00f6sszhangban vannak az \u00e9rt\u00e9keikkel.<\/p>\n<h3>A k\u00f6rnyezeti hat\u00e1s cs\u00f6kkent\u00e9se fenntarthat\u00f3 csomagol\u00e1ssal<\/h3>\n<p>A fenntarthat\u00f3 csomagol\u00e1s a k\u00f6rnyezetbar\u00e1t parf\u00fcm\u00f6k m\u00e1sik fontos szempontja. Ide\u00e1lis esetben minden csomagol\u00f3anyagnak k\u00f6rnyezetbar\u00e1tnak \u00e9s teljes m\u00e9rt\u00e9kben \u00fajrahasznos\u00edthat\u00f3nak kell lennie. Egyes m\u00e1rk\u00e1k m\u00e9g innovat\u00edv csomagol\u00e1si megold\u00e1sokat is vizsg\u00e1lnak, mint p\u00e9ld\u00e1ul az eldobhat\u00f3 pap\u00edr k\u00e1v\u00e9spoharak \u00fajrahasznos\u00edt\u00e1sa k\u00fcls\u0151 csomagol\u00e1sk\u00e9nt haszn\u00e1lt pap\u00edrsz\u00e1lakk\u00e1, vagy a fel\u00faj\u00edtott textilhullad\u00e9kb\u00f3l k\u00e9sz\u00fclt bioplasztikus kupakok.<\/p>\n<p>A k\u00f6rnyezetbar\u00e1t mos\u00f3szerek pl. <span style=\"text-decoration: underline; color: #0000ff;\"><a style=\"color: #0000ff; text-decoration: underline;\" href=\"https:\/\/www.puellaillatok.hu\/mosoparfumok\/\" target=\"_blank\" rel=\"dofollow noopener\">mos\u00f3parf\u00fcm\u00f6k<\/a><\/span> fel\u00e9 val\u00f3 elmozdul\u00e1s pozit\u00edv l\u00e9p\u00e9s a fenntarthat\u00f3bb j\u00f6v\u0151 fel\u00e9. Fogyaszt\u00f3k\u00e9nt d\u00f6nt\u00e9seink jelent\u0151s hat\u00e1st gyakorolhatnak a k\u00f6rnyezetre. A z\u00f6ld \u00e9s fenntarthat\u00f3 alternat\u00edv\u00e1k v\u00e1laszt\u00e1s\u00e1val hozz\u00e1j\u00e1rulhatunk ahhoz, hogy meg\u0151rizz\u00fck a k\u00f6rnyezetet a j\u00f6v\u0151 gener\u00e1ci\u00f3i sz\u00e1m\u00e1ra.<\/p>\n<p><img fetchpriority=\"high\" decoding=\"async\" class=\"alignnone size-full wp-image-55898\" src=\"https:\/\/dorogimedence.hu\/wp-content\/uploads\/2023\/09\/puella-mosoparfumok.png\" alt=\"\" width=\"1912\" height=\"1078\" srcset=\"https:\/\/dorogimedence.hu\/wp-content\/uploads\/2023\/09\/puella-mosoparfumok.png 1912w, https:\/\/dorogimedence.hu\/wp-content\/uploads\/2023\/09\/puella-mosoparfumok-600x338.png 600w, https:\/\/dorogimedence.hu\/wp-content\/uploads\/2023\/09\/puella-mosoparfumok-768x433.png 768w, https:\/\/dorogimedence.hu\/wp-content\/uploads\/2023\/09\/puella-mosoparfumok-1536x866.png 1536w, https:\/\/dorogimedence.hu\/wp-content\/uploads\/2023\/09\/puella-mosoparfumok-150x85.png 150w, https:\/\/dorogimedence.hu\/wp-content\/uploads\/2023\/09\/puella-mosoparfumok-450x254.png 450w, https:\/\/dorogimedence.hu\/wp-content\/uploads\/2023\/09\/puella-mosoparfumok-1200x677.png 1200w\" sizes=\"(max-width: 1912px) 100vw, 1912px\" \/><\/p>\n","protected":false},"excerpt":{"rendered":"<p>Felismerve a fenntarthat\u00f3bb lehet\u0151s\u00e9gek ir\u00e1nti ig\u00e9nyt, sz\u00e1mos parf\u00fcmm\u00e1rka k\u00f6rnyezetbar\u00e1t gyakorlatot alkalmaz. Ezek k\u00f6z\u00e9 tartozik az \u00fajrahasznos\u00edthat\u00f3 csomagol\u00e1s, a felel\u0151ss\u00e9gteljesen beszerzett \u00f6sszetev\u0151k \u00e9s a fenntarthat\u00f3 gy\u00e1rt\u00e1si m\u00f3dszerek haszn\u00e1lata. Egyes m\u00e1rk\u00e1k m\u00e9g egy l\u00e9p\u00e9ssel tov\u00e1bb mennek, \u00e9s olyan t\u00e1rsadalmi felel\u0151ss\u00e9gv\u00e1llal\u00e1si kezdem\u00e9nyez\u00e9seket val\u00f3s\u00edtanak meg, amelyek t\u00e1mogatj\u00e1k a helyi k\u00f6z\u00f6ss\u00e9geket \u00e9s el\u0151seg\u00edtik a t\u00e1rsadalmi v\u00e1ltoz\u00e1sokat. A fenntarthat\u00f3 kozmetikum \u00e9s<\/p>\n","protected":false},"author":1,"featured_media":55897,"comment_status":"closed","ping_status":"closed","sticky":false,"template":"","format":"standard","meta":{"ngg_post_thumbnail":0,"footnotes":""},"categories":[3],"tags":[7427,7428],"class_list":{"0":"post-55896","1":"post","2":"type-post","3":"status-publish","4":"format-standard","5":"has-post-thumbnail","7":"category-hirek","8":"tag-mosas","9":"tag-mosoparfum"},"yoast_head":"<!-- This site is optimized with the Yoast SEO plugin v27.5 - https:\/\/yoast.com\/product\/yoast-seo-wordpress\/ -->\n<title>A mos\u00f3parf\u00fcm\u00f6k haszn\u00e1lata is elmozdul\u00e1st jelent a fenntarthat\u00f3s\u00e1g fel\u00e9<\/title>\n<meta name=\"robots\" content=\"index, follow, max-snippet:-1, max-image-preview:large, max-video-preview:-1\" \/>\n<link rel=\"canonical\" href=\"https:\/\/dorogimedence.hu\/index.php\/2023\/09\/01\/a-mosoparfumok-hasznalata-is-elmozdulast-jelent-a-fenntarthatosag-fele\/\" class=\"yoast-seo-meta-tag\" \/>\n<meta property=\"og:locale\" content=\"hu_HU\" class=\"yoast-seo-meta-tag\" \/>\n<meta property=\"og:type\" content=\"article\" class=\"yoast-seo-meta-tag\" \/>\n<meta property=\"og:title\" content=\"A mos\u00f3parf\u00fcm\u00f6k haszn\u00e1lata is elmozdul\u00e1st jelent a fenntarthat\u00f3s\u00e1g fel\u00e9\" class=\"yoast-seo-meta-tag\" \/>\n<meta property=\"og:description\" content=\"Felismerve a fenntarthat\u00f3bb lehet\u0151s\u00e9gek ir\u00e1nti ig\u00e9nyt, sz\u00e1mos parf\u00fcmm\u00e1rka k\u00f6rnyezetbar\u00e1t gyakorlatot alkalmaz. Ezek k\u00f6z\u00e9 tartozik az \u00fajrahasznos\u00edthat\u00f3 csomagol\u00e1s, a felel\u0151ss\u00e9gteljesen beszerzett \u00f6sszetev\u0151k \u00e9s a fenntarthat\u00f3 gy\u00e1rt\u00e1si m\u00f3dszerek haszn\u00e1lata. Egyes m\u00e1rk\u00e1k m\u00e9g egy l\u00e9p\u00e9ssel tov\u00e1bb mennek, \u00e9s olyan t\u00e1rsadalmi felel\u0151ss\u00e9gv\u00e1llal\u00e1si kezdem\u00e9nyez\u00e9seket val\u00f3s\u00edtanak meg, amelyek t\u00e1mogatj\u00e1k a helyi k\u00f6z\u00f6ss\u00e9geket \u00e9s el\u0151seg\u00edtik a t\u00e1rsadalmi v\u00e1ltoz\u00e1sokat. A fenntarthat\u00f3 kozmetikum \u00e9s\" class=\"yoast-seo-meta-tag\" \/>\n<meta property=\"og:url\" content=\"https:\/\/dorogimedence.hu\/index.php\/2023\/09\/01\/a-mosoparfumok-hasznalata-is-elmozdulast-jelent-a-fenntarthatosag-fele\/\" class=\"yoast-seo-meta-tag\" \/>\n<meta property=\"og:site_name\" content=\"Dorogi-medence Region\u00e1lis H\u00edrport\u00e1l\" class=\"yoast-seo-meta-tag\" \/>\n<meta property=\"article:publisher\" content=\"https:\/\/www.facebook.com\/dorogimedence\/\" class=\"yoast-seo-meta-tag\" \/>\n<meta property=\"article:published_time\" content=\"2023-09-01T05:42:52+00:00\" class=\"yoast-seo-meta-tag\" \/>\n<meta property=\"article:modified_time\" content=\"2023-09-01T05:43:52+00:00\" class=\"yoast-seo-meta-tag\" \/>\n<meta property=\"og:image\" content=\"https:\/\/dorogimedence.hu\/wp-content\/uploads\/2023\/09\/puella-mosoparfum.png\" class=\"yoast-seo-meta-tag\" \/>\n\t<meta property=\"og:image:width\" content=\"1920\" class=\"yoast-seo-meta-tag\" \/>\n\t<meta property=\"og:image:height\" content=\"1080\" class=\"yoast-seo-meta-tag\" \/>\n\t<meta property=\"og:image:type\" content=\"image\/png\" class=\"yoast-seo-meta-tag\" \/>\n<meta name=\"author\" content=\"dorogimedence.hu\" class=\"yoast-seo-meta-tag\" \/>\n<meta name=\"twitter:card\" content=\"summary_large_image\" class=\"yoast-seo-meta-tag\" \/>\n<meta name=\"twitter:label1\" content=\"Szerz\u0151:\" class=\"yoast-seo-meta-tag\" \/>\n\t<meta name=\"twitter:data1\" content=\"dorogimedence.hu\" class=\"yoast-seo-meta-tag\" \/>\n\t<meta name=\"twitter:label2\" content=\"Becs\u00fclt olvas\u00e1si id\u0151\" class=\"yoast-seo-meta-tag\" \/>\n\t<meta name=\"twitter:data2\" content=\"4 perc\" class=\"yoast-seo-meta-tag\" \/>\n<script type=\"application\/ld+json\" class=\"yoast-schema-graph\">{\"@context\":\"https:\\\/\\\/schema.org\",\"@graph\":[{\"@type\":\"Article\",\"@id\":\"https:\\\/\\\/dorogimedence.hu\\\/index.php\\\/2023\\\/09\\\/01\\\/a-mosoparfumok-hasznalata-is-elmozdulast-jelent-a-fenntarthatosag-fele\\\/#article\",\"isPartOf\":{\"@id\":\"https:\\\/\\\/dorogimedence.hu\\\/index.php\\\/2023\\\/09\\\/01\\\/a-mosoparfumok-hasznalata-is-elmozdulast-jelent-a-fenntarthatosag-fele\\\/\"},\"author\":{\"name\":\"dorogimedence.hu\",\"@id\":\"https:\\\/\\\/dorogimedence.hu\\\/#\\\/schema\\\/person\\\/ce6091eeb7e95ecdc87890d6aa8e0fd4\"},\"headline\":\"A mos\u00f3parf\u00fcm\u00f6k haszn\u00e1lata is elmozdul\u00e1st jelent a fenntarthat\u00f3s\u00e1g fel\u00e9\",\"datePublished\":\"2023-09-01T05:42:52+00:00\",\"dateModified\":\"2023-09-01T05:43:52+00:00\",\"mainEntityOfPage\":{\"@id\":\"https:\\\/\\\/dorogimedence.hu\\\/index.php\\\/2023\\\/09\\\/01\\\/a-mosoparfumok-hasznalata-is-elmozdulast-jelent-a-fenntarthatosag-fele\\\/\"},\"wordCount\":763,\"publisher\":{\"@id\":\"https:\\\/\\\/dorogimedence.hu\\\/#organization\"},\"image\":{\"@id\":\"https:\\\/\\\/dorogimedence.hu\\\/index.php\\\/2023\\\/09\\\/01\\\/a-mosoparfumok-hasznalata-is-elmozdulast-jelent-a-fenntarthatosag-fele\\\/#primaryimage\"},\"thumbnailUrl\":\"https:\\\/\\\/dorogimedence.hu\\\/wp-content\\\/uploads\\\/2023\\\/09\\\/puella-mosoparfum.png\",\"keywords\":[\"mos\u00e1s\",\"mos\u00f3parf\u00fcm\"],\"articleSection\":[\"H\u00edrek\"],\"inLanguage\":\"hu\"},{\"@type\":\"WebPage\",\"@id\":\"https:\\\/\\\/dorogimedence.hu\\\/index.php\\\/2023\\\/09\\\/01\\\/a-mosoparfumok-hasznalata-is-elmozdulast-jelent-a-fenntarthatosag-fele\\\/\",\"url\":\"https:\\\/\\\/dorogimedence.hu\\\/index.php\\\/2023\\\/09\\\/01\\\/a-mosoparfumok-hasznalata-is-elmozdulast-jelent-a-fenntarthatosag-fele\\\/\",\"name\":\"A mos\u00f3parf\u00fcm\u00f6k haszn\u00e1lata is elmozdul\u00e1st jelent a fenntarthat\u00f3s\u00e1g fel\u00e9\",\"isPartOf\":{\"@id\":\"https:\\\/\\\/dorogimedence.hu\\\/#website\"},\"primaryImageOfPage\":{\"@id\":\"https:\\\/\\\/dorogimedence.hu\\\/index.php\\\/2023\\\/09\\\/01\\\/a-mosoparfumok-hasznalata-is-elmozdulast-jelent-a-fenntarthatosag-fele\\\/#primaryimage\"},\"image\":{\"@id\":\"https:\\\/\\\/dorogimedence.hu\\\/index.php\\\/2023\\\/09\\\/01\\\/a-mosoparfumok-hasznalata-is-elmozdulast-jelent-a-fenntarthatosag-fele\\\/#primaryimage\"},\"thumbnailUrl\":\"https:\\\/\\\/dorogimedence.hu\\\/wp-content\\\/uploads\\\/2023\\\/09\\\/puella-mosoparfum.png\",\"datePublished\":\"2023-09-01T05:42:52+00:00\",\"dateModified\":\"2023-09-01T05:43:52+00:00\",\"breadcrumb\":{\"@id\":\"https:\\\/\\\/dorogimedence.hu\\\/index.php\\\/2023\\\/09\\\/01\\\/a-mosoparfumok-hasznalata-is-elmozdulast-jelent-a-fenntarthatosag-fele\\\/#breadcrumb\"},\"inLanguage\":\"hu\",\"potentialAction\":[{\"@type\":\"ReadAction\",\"target\":[\"https:\\\/\\\/dorogimedence.hu\\\/index.php\\\/2023\\\/09\\\/01\\\/a-mosoparfumok-hasznalata-is-elmozdulast-jelent-a-fenntarthatosag-fele\\\/\"]}]},{\"@type\":\"ImageObject\",\"inLanguage\":\"hu\",\"@id\":\"https:\\\/\\\/dorogimedence.hu\\\/index.php\\\/2023\\\/09\\\/01\\\/a-mosoparfumok-hasznalata-is-elmozdulast-jelent-a-fenntarthatosag-fele\\\/#primaryimage\",\"url\":\"https:\\\/\\\/dorogimedence.hu\\\/wp-content\\\/uploads\\\/2023\\\/09\\\/puella-mosoparfum.png\",\"contentUrl\":\"https:\\\/\\\/dorogimedence.hu\\\/wp-content\\\/uploads\\\/2023\\\/09\\\/puella-mosoparfum.png\",\"width\":1920,\"height\":1080},{\"@type\":\"BreadcrumbList\",\"@id\":\"https:\\\/\\\/dorogimedence.hu\\\/index.php\\\/2023\\\/09\\\/01\\\/a-mosoparfumok-hasznalata-is-elmozdulast-jelent-a-fenntarthatosag-fele\\\/#breadcrumb\",\"itemListElement\":[{\"@type\":\"ListItem\",\"position\":1,\"name\":\"Kezd\u0151lap\",\"item\":\"https:\\\/\\\/dorogimedence.hu\\\/\"},{\"@type\":\"ListItem\",\"position\":2,\"name\":\"A mos\u00f3parf\u00fcm\u00f6k haszn\u00e1lata is elmozdul\u00e1st jelent a fenntarthat\u00f3s\u00e1g fel\u00e9\"}]},{\"@type\":\"WebSite\",\"@id\":\"https:\\\/\\\/dorogimedence.hu\\\/#website\",\"url\":\"https:\\\/\\\/dorogimedence.hu\\\/\",\"name\":\"Dorogi-medence Region\u00e1lis H\u00edrport\u00e1l\",\"description\":\"Dorog, Keszt\u00f6lc, Le\u00e1nyv\u00e1r, Piliscs\u00e9v, Tokod, Tokodalt\u00e1r\u00f3, Csolnok, Esztergom-kertv\u00e1ros: h\u00edrek, programok\",\"publisher\":{\"@id\":\"https:\\\/\\\/dorogimedence.hu\\\/#organization\"},\"potentialAction\":[{\"@type\":\"SearchAction\",\"target\":{\"@type\":\"EntryPoint\",\"urlTemplate\":\"https:\\\/\\\/dorogimedence.hu\\\/?s={search_term_string}\"},\"query-input\":{\"@type\":\"PropertyValueSpecification\",\"valueRequired\":true,\"valueName\":\"search_term_string\"}}],\"inLanguage\":\"hu\"},{\"@type\":\"Organization\",\"@id\":\"https:\\\/\\\/dorogimedence.hu\\\/#organization\",\"name\":\"Dorogi-medence Region\u00e1lis H\u00edrport\u00e1l\",\"url\":\"https:\\\/\\\/dorogimedence.hu\\\/\",\"logo\":{\"@type\":\"ImageObject\",\"inLanguage\":\"hu\",\"@id\":\"https:\\\/\\\/dorogimedence.hu\\\/#\\\/schema\\\/logo\\\/image\\\/\",\"url\":\"https:\\\/\\\/dorogimedence.hu\\\/wp-content\\\/uploads\\\/2021\\\/04\\\/logo-feher-600.png\",\"contentUrl\":\"https:\\\/\\\/dorogimedence.hu\\\/wp-content\\\/uploads\\\/2021\\\/04\\\/logo-feher-600.png\",\"width\":600,\"height\":100,\"caption\":\"Dorogi-medence Region\u00e1lis H\u00edrport\u00e1l\"},\"image\":{\"@id\":\"https:\\\/\\\/dorogimedence.hu\\\/#\\\/schema\\\/logo\\\/image\\\/\"},\"sameAs\":[\"https:\\\/\\\/www.facebook.com\\\/dorogimedence\\\/\"]},{\"@type\":\"Person\",\"@id\":\"https:\\\/\\\/dorogimedence.hu\\\/#\\\/schema\\\/person\\\/ce6091eeb7e95ecdc87890d6aa8e0fd4\",\"name\":\"dorogimedence.hu\",\"image\":{\"@type\":\"ImageObject\",\"inLanguage\":\"hu\",\"@id\":\"\\\/\\\/www.gravatar.com\\\/avatar\\\/d8d45f8901aadff40a4af72c0b826f1d?s=96&#038;r=g&#038;d=mm\",\"url\":\"\\\/\\\/www.gravatar.com\\\/avatar\\\/d8d45f8901aadff40a4af72c0b826f1d?s=96&#038;r=g&#038;d=mm\",\"contentUrl\":\"\\\/\\\/www.gravatar.com\\\/avatar\\\/d8d45f8901aadff40a4af72c0b826f1d?s=96&#038;r=g&#038;d=mm\",\"caption\":\"dorogimedence.hu\"}}]}<\/script>\n<!-- \/ Yoast SEO plugin. -->","yoast_head_json":{"title":"A mos\u00f3parf\u00fcm\u00f6k haszn\u00e1lata is elmozdul\u00e1st jelent a fenntarthat\u00f3s\u00e1g fel\u00e9","robots":{"index":"index","follow":"follow","max-snippet":"max-snippet:-1","max-image-preview":"max-image-preview:large","max-video-preview":"max-video-preview:-1"},"canonical":"https:\/\/dorogimedence.hu\/index.php\/2023\/09\/01\/a-mosoparfumok-hasznalata-is-elmozdulast-jelent-a-fenntarthatosag-fele\/","og_locale":"hu_HU","og_type":"article","og_title":"A mos\u00f3parf\u00fcm\u00f6k haszn\u00e1lata is elmozdul\u00e1st jelent a fenntarthat\u00f3s\u00e1g fel\u00e9","og_description":"Felismerve a fenntarthat\u00f3bb lehet\u0151s\u00e9gek ir\u00e1nti ig\u00e9nyt, sz\u00e1mos parf\u00fcmm\u00e1rka k\u00f6rnyezetbar\u00e1t gyakorlatot alkalmaz. Ezek k\u00f6z\u00e9 tartozik az \u00fajrahasznos\u00edthat\u00f3 csomagol\u00e1s, a felel\u0151ss\u00e9gteljesen beszerzett \u00f6sszetev\u0151k \u00e9s a fenntarthat\u00f3 gy\u00e1rt\u00e1si m\u00f3dszerek haszn\u00e1lata. Egyes m\u00e1rk\u00e1k m\u00e9g egy l\u00e9p\u00e9ssel tov\u00e1bb mennek, \u00e9s olyan t\u00e1rsadalmi felel\u0151ss\u00e9gv\u00e1llal\u00e1si kezdem\u00e9nyez\u00e9seket val\u00f3s\u00edtanak meg, amelyek t\u00e1mogatj\u00e1k a helyi k\u00f6z\u00f6ss\u00e9geket \u00e9s el\u0151seg\u00edtik a t\u00e1rsadalmi v\u00e1ltoz\u00e1sokat. A fenntarthat\u00f3 kozmetikum \u00e9s","og_url":"https:\/\/dorogimedence.hu\/index.php\/2023\/09\/01\/a-mosoparfumok-hasznalata-is-elmozdulast-jelent-a-fenntarthatosag-fele\/","og_site_name":"Dorogi-medence Region\u00e1lis H\u00edrport\u00e1l","article_publisher":"https:\/\/www.facebook.com\/dorogimedence\/","article_published_time":"2023-09-01T05:42:52+00:00","article_modified_time":"2023-09-01T05:43:52+00:00","og_image":[{"width":1920,"height":1080,"url":"https:\/\/dorogimedence.hu\/wp-content\/uploads\/2023\/09\/puella-mosoparfum.png","type":"image\/png"}],"author":"dorogimedence.hu","twitter_card":"summary_large_image","twitter_misc":{"Szerz\u0151:":"dorogimedence.hu","Becs\u00fclt olvas\u00e1si id\u0151":"4 perc"},"schema":{"@context":"https:\/\/schema.org","@graph":[{"@type":"Article","@id":"https:\/\/dorogimedence.hu\/index.php\/2023\/09\/01\/a-mosoparfumok-hasznalata-is-elmozdulast-jelent-a-fenntarthatosag-fele\/#article","isPartOf":{"@id":"https:\/\/dorogimedence.hu\/index.php\/2023\/09\/01\/a-mosoparfumok-hasznalata-is-elmozdulast-jelent-a-fenntarthatosag-fele\/"},"author":{"name":"dorogimedence.hu","@id":"https:\/\/dorogimedence.hu\/#\/schema\/person\/ce6091eeb7e95ecdc87890d6aa8e0fd4"},"headline":"A mos\u00f3parf\u00fcm\u00f6k haszn\u00e1lata is elmozdul\u00e1st jelent a fenntarthat\u00f3s\u00e1g fel\u00e9","datePublished":"2023-09-01T05:42:52+00:00","dateModified":"2023-09-01T05:43:52+00:00","mainEntityOfPage":{"@id":"https:\/\/dorogimedence.hu\/index.php\/2023\/09\/01\/a-mosoparfumok-hasznalata-is-elmozdulast-jelent-a-fenntarthatosag-fele\/"},"wordCount":763,"publisher":{"@id":"https:\/\/dorogimedence.hu\/#organization"},"image":{"@id":"https:\/\/dorogimedence.hu\/index.php\/2023\/09\/01\/a-mosoparfumok-hasznalata-is-elmozdulast-jelent-a-fenntarthatosag-fele\/#primaryimage"},"thumbnailUrl":"https:\/\/dorogimedence.hu\/wp-content\/uploads\/2023\/09\/puella-mosoparfum.png","keywords":["mos\u00e1s","mos\u00f3parf\u00fcm"],"articleSection":["H\u00edrek"],"inLanguage":"hu"},{"@type":"WebPage","@id":"https:\/\/dorogimedence.hu\/index.php\/2023\/09\/01\/a-mosoparfumok-hasznalata-is-elmozdulast-jelent-a-fenntarthatosag-fele\/","url":"https:\/\/dorogimedence.hu\/index.php\/2023\/09\/01\/a-mosoparfumok-hasznalata-is-elmozdulast-jelent-a-fenntarthatosag-fele\/","name":"A mos\u00f3parf\u00fcm\u00f6k haszn\u00e1lata is elmozdul\u00e1st jelent a fenntarthat\u00f3s\u00e1g fel\u00e9","isPartOf":{"@id":"https:\/\/dorogimedence.hu\/#website"},"primaryImageOfPage":{"@id":"https:\/\/dorogimedence.hu\/index.php\/2023\/09\/01\/a-mosoparfumok-hasznalata-is-elmozdulast-jelent-a-fenntarthatosag-fele\/#primaryimage"},"image":{"@id":"https:\/\/dorogimedence.hu\/index.php\/2023\/09\/01\/a-mosoparfumok-hasznalata-is-elmozdulast-jelent-a-fenntarthatosag-fele\/#primaryimage"},"thumbnailUrl":"https:\/\/dorogimedence.hu\/wp-content\/uploads\/2023\/09\/puella-mosoparfum.png","datePublished":"2023-09-01T05:42:52+00:00","dateModified":"2023-09-01T05:43:52+00:00","breadcrumb":{"@id":"https:\/\/dorogimedence.hu\/index.php\/2023\/09\/01\/a-mosoparfumok-hasznalata-is-elmozdulast-jelent-a-fenntarthatosag-fele\/#breadcrumb"},"inLanguage":"hu","potentialAction":[{"@type":"ReadAction","target":["https:\/\/dorogimedence.hu\/index.php\/2023\/09\/01\/a-mosoparfumok-hasznalata-is-elmozdulast-jelent-a-fenntarthatosag-fele\/"]}]},{"@type":"ImageObject","inLanguage":"hu","@id":"https:\/\/dorogimedence.hu\/index.php\/2023\/09\/01\/a-mosoparfumok-hasznalata-is-elmozdulast-jelent-a-fenntarthatosag-fele\/#primaryimage","url":"https:\/\/dorogimedence.hu\/wp-content\/uploads\/2023\/09\/puella-mosoparfum.png","contentUrl":"https:\/\/dorogimedence.hu\/wp-content\/uploads\/2023\/09\/puella-mosoparfum.png","width":1920,"height":1080},{"@type":"BreadcrumbList","@id":"https:\/\/dorogimedence.hu\/index.php\/2023\/09\/01\/a-mosoparfumok-hasznalata-is-elmozdulast-jelent-a-fenntarthatosag-fele\/#breadcrumb","itemListElement":[{"@type":"ListItem","position":1,"name":"Kezd\u0151lap","item":"https:\/\/dorogimedence.hu\/"},{"@type":"ListItem","position":2,"name":"A mos\u00f3parf\u00fcm\u00f6k haszn\u00e1lata is elmozdul\u00e1st jelent a fenntarthat\u00f3s\u00e1g fel\u00e9"}]},{"@type":"WebSite","@id":"https:\/\/dorogimedence.hu\/#website","url":"https:\/\/dorogimedence.hu\/","name":"Dorogi-medence Region\u00e1lis H\u00edrport\u00e1l","description":"Dorog, Keszt\u00f6lc, Le\u00e1nyv\u00e1r, Piliscs\u00e9v, Tokod, Tokodalt\u00e1r\u00f3, Csolnok, Esztergom-kertv\u00e1ros: h\u00edrek, programok","publisher":{"@id":"https:\/\/dorogimedence.hu\/#organization"},"potentialAction":[{"@type":"SearchAction","target":{"@type":"EntryPoint","urlTemplate":"https:\/\/dorogimedence.hu\/?s={search_term_string}"},"query-input":{"@type":"PropertyValueSpecification","valueRequired":true,"valueName":"search_term_string"}}],"inLanguage":"hu"},{"@type":"Organization","@id":"https:\/\/dorogimedence.hu\/#organization","name":"Dorogi-medence Region\u00e1lis H\u00edrport\u00e1l","url":"https:\/\/dorogimedence.hu\/","logo":{"@type":"ImageObject","inLanguage":"hu","@id":"https:\/\/dorogimedence.hu\/#\/schema\/logo\/image\/","url":"https:\/\/dorogimedence.hu\/wp-content\/uploads\/2021\/04\/logo-feher-600.png","contentUrl":"https:\/\/dorogimedence.hu\/wp-content\/uploads\/2021\/04\/logo-feher-600.png","width":600,"height":100,"caption":"Dorogi-medence Region\u00e1lis H\u00edrport\u00e1l"},"image":{"@id":"https:\/\/dorogimedence.hu\/#\/schema\/logo\/image\/"},"sameAs":["https:\/\/www.facebook.com\/dorogimedence\/"]},{"@type":"Person","@id":"https:\/\/dorogimedence.hu\/#\/schema\/person\/ce6091eeb7e95ecdc87890d6aa8e0fd4","name":"dorogimedence.hu","image":{"@type":"ImageObject","inLanguage":"hu","@id":"\/\/www.gravatar.com\/avatar\/d8d45f8901aadff40a4af72c0b826f1d?s=96&#038;r=g&#038;d=mm","url":"\/\/www.gravatar.com\/avatar\/d8d45f8901aadff40a4af72c0b826f1d?s=96&#038;r=g&#038;d=mm","contentUrl":"\/\/www.gravatar.com\/avatar\/d8d45f8901aadff40a4af72c0b826f1d?s=96&#038;r=g&#038;d=mm","caption":"dorogimedence.hu"}}]}},"_links":{"self":[{"href":"https:\/\/dorogimedence.hu\/index.php\/wp-json\/wp\/v2\/posts\/55896","targetHints":{"allow":["GET"]}}],"collection":[{"href":"https:\/\/dorogimedence.hu\/index.php\/wp-json\/wp\/v2\/posts"}],"about":[{"href":"https:\/\/dorogimedence.hu\/index.php\/wp-json\/wp\/v2\/types\/post"}],"author":[{"embeddable":true,"href":"https:\/\/dorogimedence.hu\/index.php\/wp-json\/wp\/v2\/users\/1"}],"replies":[{"embeddable":true,"href":"https:\/\/dorogimedence.hu\/index.php\/wp-json\/wp\/v2\/comments?post=55896"}],"version-history":[{"count":0,"href":"https:\/\/dorogimedence.hu\/index.php\/wp-json\/wp\/v2\/posts\/55896\/revisions"}],"wp:featuredmedia":[{"embeddable":true,"href":"https:\/\/dorogimedence.hu\/index.php\/wp-json\/wp\/v2\/media\/55897"}],"wp:attachment":[{"href":"https:\/\/dorogimedence.hu\/index.php\/wp-json\/wp\/v2\/media?parent=55896"}],"wp:term":[{"taxonomy":"category","embeddable":true,"href":"https:\/\/dorogimedence.hu\/index.php\/wp-json\/wp\/v2\/categories?post=55896"},{"taxonomy":"post_tag","embeddable":true,"href":"https:\/\/dorogimedence.hu\/index.php\/wp-json\/wp\/v2\/tags?post=55896"}],"curies":[{"name":"wp","href":"https:\/\/api.w.org\/{rel}","templated":true}]}}