{"id":55844,"date":"2023-08-30T12:07:49","date_gmt":"2023-08-30T10:07:49","guid":{"rendered":"https:\/\/dorogimedence.hu\/?p=55844"},"modified":"2023-08-30T12:15:06","modified_gmt":"2023-08-30T10:15:06","slug":"autobusz-menetrendi-valtozasok-szeptembertol","status":"publish","type":"post","link":"https:\/\/dorogimedence.hu\/index.php\/2023\/08\/30\/autobusz-menetrendi-valtozasok-szeptembertol\/","title":{"rendered":"Aut\u00f3busz menetrendi v\u00e1ltoz\u00e1sok szeptembert\u0151l"},"content":{"rendered":"<p><strong>2023. szeptember 1-j\u00e9t\u0151l t\u00f6bb aut\u00f3buszj\u00e1rat menetrendje v\u00e1ltozik t\u00e9rs\u00e9g\u00fcnkben, valamint T\u00e1ton k\u00e9t meg\u00e1ll\u00f3helyet ideiglenesen \u00e1thelyeznek.<\/strong><\/p>\n<h4><strong>Menetrendi v\u00e1ltoz\u00e1sok szeptember 1-j\u00e9t\u0151l<\/strong><\/h4>\n<ul>\n<li><strong>812 Esztergom \u2013 T\u00e1t (r\u00f6vid \u00fat) \u2013 Dunaalm\u00e1s \u2013 Kom\u00e1rom<\/strong>: A munkanapokon 16:00-kor Esztergomb\u00f3l Kom\u00e1romba indul\u00f3 j\u00e1rat bet\u00e9r T\u00e1t-Kertv\u00e1ros, Als\u00f3 meg\u00e1ll\u00f3helyre.<\/li>\n<li><strong>R\u00e9gi vonaln\u00e9v: 825 Esztergom \u2013 Tokod \u2013 Bajna \u2013 Ep\u00f6l<\/strong><strong>. \u00daj vonaln\u00e9v: 825 Esztergom \u2013 Tokod \u2013 Bajna \u2013 Ep\u00f6l \u2013 Szomor: <\/strong>A munkanapokon 17:25-kor Bajn\u00e1r\u00f3l Ep\u00f6lre k\u00f6zleked\u0151 j\u00e1rat 5 perccel k\u00e9s\u0151bb, 17:30-kor indul.<\/li>\n<li><strong>845 Esztergom \u2013 Dorog \u2013 Csolnok \u2013 Dorog \u2013 Esztergom<\/strong>: A munkanapokon 5:42-kor Dorogr\u00f3l Esztergomba k\u00f6zleked\u0151 j\u00e1rat 5 perccel kor\u00e1bban, 5:37-kor indul.<\/li>\n<li><strong>8546 S\u00fctt\u0151 \u2013 Nyerges\u00fajfalu \u2013 Nagys\u00e1p \u2013 Ep\u00f6l: <\/strong>A 7:40-kor P\u00e9lif\u00f6ldszentkeresztr\u0151l Baj\u00f3tra indul\u00f3 j\u00e1rat 808-as sz\u00e1mmal tov\u00e1bb k\u00f6zlekedik Dorog, Vol\u00e1n-telep meg\u00e1ll\u00f3ig.<\/li>\n<\/ul>\n<h4><strong>Meg\u00e1ll\u00f3 \u00e1thelyez\u00e9s<\/strong><\/h4>\n<p>2023. augusztus 29-t\u0151l v\u00e1rhat\u00f3an egy h\u00f3napig <em>T\u00e1t, Temet\u0151 <\/em>Esztergom ir\u00e1ny\u00fa meg\u00e1ll\u00f3hely\u00e9t ideiglenesen \u00e1thelyezik 100 m\u00e9terrel el\u0151r\u00e9bb, Esztergom ir\u00e1ny\u00e1ba, valamint 2023. augusztus 31-t\u0151l <em>T\u00e1t, Temet\u0151 <\/em>Nyerges\u00fajfalu ir\u00e1ny\u00fa meg\u00e1ll\u00f3hely\u00e9t \u00e1thelyezik kb. 200 m\u00e9terrel Esztergom ir\u00e1ny\u00e1ba.<\/p>\n<h4><strong>K\u00f6zleked\u00e9si rend a tan\u00e9vkezd\u00e9s id\u0151szak\u00e1ban <\/strong><\/h4>\n<table border=\"1\" cellspacing=\"0\" cellpadding=\"0\">\n<thead>\n<tr>\n<th scope=\"col\">D\u00e1tum<\/th>\n<th scope=\"col\">K\u00f6zleked\u00e9si rend<\/th>\n<\/tr>\n<\/thead>\n<tbody>\n<tr>\n<td>augusztus 31., cs\u00fct\u00f6rt\u00f6k<\/td>\n<td>ny\u00e1ri tan\u00edt\u00e1si sz\u00fcnetes munkanap<\/td>\n<\/tr>\n<tr>\n<td>szeptember 1., p\u00e9ntek<\/td>\n<td>a h\u00e9t utols\u00f3 munkanapja \u00e9s tan\u00edt\u00e1si napja<\/td>\n<\/tr>\n<tr>\n<td>szeptember 2., szombat<\/td>\n<td>szabadnap<\/td>\n<\/tr>\n<tr>\n<td>szeptember 3., vas\u00e1rnap<\/td>\n<td>a h\u00e9t els\u0151 tan\u00edt\u00e1si- \u00e9s munkanapj\u00e1t megel\u0151z\u0151 munkasz\u00fcneti nap<\/td>\n<\/tr>\n<tr>\n<td>szeptember 4., h\u00e9tf\u0151<\/td>\n<td>a h\u00e9t els\u0151 tan\u00edt\u00e1si napja \u00e9s munkanapja<\/td>\n<\/tr>\n<tr>\n<td>szeptember 5., kedd<\/td>\n<td>munkanap, tan\u00edt\u00e1si nap<\/td>\n<\/tr>\n<tr>\n<td>szeptember 6., szerda<\/td>\n<td>munkanap, tan\u00edt\u00e1si nap<\/td>\n<\/tr>\n<tr>\n<td>szeptember 7., cs\u00fct\u00f6rt\u00f6k<\/td>\n<td>munkanap, tan\u00edt\u00e1si nap<\/td>\n<\/tr>\n<tr>\n<td>szeptember 8., p\u00e9ntek<\/td>\n<td>a h\u00e9t utols\u00f3 munkanapja \u00e9s tan\u00edt\u00e1si napja<\/td>\n<\/tr>\n<tr>\n<td>szeptember 9., szombat<\/td>\n<td>szabadnap<\/td>\n<\/tr>\n<tr>\n<td>szeptember 10., vas\u00e1rnap<\/td>\n<td>a h\u00e9t els\u0151 tan\u00edt\u00e1si- \u00e9s munkanapj\u00e1t megel\u0151z\u0151 munkasz\u00fcneti nap<\/td>\n<\/tr>\n<\/tbody>\n<\/table>\n<p><em>Forr\u00e1s: Vol\u00e1nbusz Zrt.<\/em><\/p>\n","protected":false},"excerpt":{"rendered":"<p>2023. szeptember 1-j\u00e9t\u0151l t\u00f6bb aut\u00f3buszj\u00e1rat menetrendje v\u00e1ltozik t\u00e9rs\u00e9g\u00fcnkben, valamint T\u00e1ton k\u00e9t meg\u00e1ll\u00f3helyet ideiglenesen \u00e1thelyeznek. Menetrendi v\u00e1ltoz\u00e1sok szeptember 1-j\u00e9t\u0151l 812 Esztergom \u2013 T\u00e1t (r\u00f6vid \u00fat) \u2013 Dunaalm\u00e1s \u2013 Kom\u00e1rom: A munkanapokon 16:00-kor Esztergomb\u00f3l Kom\u00e1romba indul\u00f3 j\u00e1rat bet\u00e9r T\u00e1t-Kertv\u00e1ros, Als\u00f3 meg\u00e1ll\u00f3helyre. R\u00e9gi vonaln\u00e9v: 825 Esztergom \u2013 Tokod \u2013 Bajna \u2013 Ep\u00f6l. \u00daj vonaln\u00e9v: 825 Esztergom \u2013 Tokod<\/p>\n","protected":false},"author":1,"featured_media":43735,"comment_status":"closed","ping_status":"closed","sticky":false,"template":"","format":"standard","meta":{"ngg_post_thumbnail":0,"footnotes":""},"categories":[2,38,3,110,6],"tags":[458,7424,5624,5934,279,6865,293],"class_list":{"0":"post-55844","1":"post","2":"type-post","3":"status-publish","4":"format-standard","5":"has-post-thumbnail","7":"category-dorog","8":"category-esztergom","9":"category-hirek","10":"category-tat","11":"category-tokod","12":"tag-autobusz","13":"tag-autobusz-menetrend","14":"tag-featured","15":"tag-iskolakezdes","16":"tag-kozlekedes","17":"tag-kozossegi-kozlekedes","18":"tag-menetrend"},"yoast_head":"<!-- This site is optimized with the Yoast SEO plugin v27.4 - https:\/\/yoast.com\/product\/yoast-seo-wordpress\/ -->\n<title>Aut\u00f3busz menetrendi v\u00e1ltoz\u00e1sok szeptembert\u0151l<\/title>\n<meta name=\"robots\" content=\"index, follow, max-snippet:-1, max-image-preview:large, max-video-preview:-1\" \/>\n<link rel=\"canonical\" href=\"https:\/\/dorogimedence.hu\/index.php\/2023\/08\/30\/autobusz-menetrendi-valtozasok-szeptembertol\/\" class=\"yoast-seo-meta-tag\" \/>\n<meta property=\"og:locale\" content=\"hu_HU\" class=\"yoast-seo-meta-tag\" \/>\n<meta property=\"og:type\" content=\"article\" class=\"yoast-seo-meta-tag\" \/>\n<meta property=\"og:title\" content=\"Aut\u00f3busz menetrendi v\u00e1ltoz\u00e1sok szeptembert\u0151l\" class=\"yoast-seo-meta-tag\" \/>\n<meta property=\"og:description\" content=\"2023. szeptember 1-j\u00e9t\u0151l t\u00f6bb aut\u00f3buszj\u00e1rat menetrendje v\u00e1ltozik t\u00e9rs\u00e9g\u00fcnkben, valamint T\u00e1ton k\u00e9t meg\u00e1ll\u00f3helyet ideiglenesen \u00e1thelyeznek. Menetrendi v\u00e1ltoz\u00e1sok szeptember 1-j\u00e9t\u0151l 812 Esztergom \u2013 T\u00e1t (r\u00f6vid \u00fat) \u2013 Dunaalm\u00e1s \u2013 Kom\u00e1rom: A munkanapokon 16:00-kor Esztergomb\u00f3l Kom\u00e1romba indul\u00f3 j\u00e1rat bet\u00e9r T\u00e1t-Kertv\u00e1ros, Als\u00f3 meg\u00e1ll\u00f3helyre. R\u00e9gi vonaln\u00e9v: 825 Esztergom \u2013 Tokod \u2013 Bajna \u2013 Ep\u00f6l. \u00daj vonaln\u00e9v: 825 Esztergom \u2013 Tokod\" class=\"yoast-seo-meta-tag\" \/>\n<meta property=\"og:url\" content=\"https:\/\/dorogimedence.hu\/index.php\/2023\/08\/30\/autobusz-menetrendi-valtozasok-szeptembertol\/\" class=\"yoast-seo-meta-tag\" \/>\n<meta property=\"og:site_name\" content=\"Dorogi-medence Region\u00e1lis H\u00edrport\u00e1l\" class=\"yoast-seo-meta-tag\" \/>\n<meta property=\"article:publisher\" content=\"https:\/\/www.facebook.com\/dorogimedence\/\" class=\"yoast-seo-meta-tag\" \/>\n<meta property=\"article:published_time\" content=\"2023-08-30T10:07:49+00:00\" class=\"yoast-seo-meta-tag\" \/>\n<meta property=\"article:modified_time\" content=\"2023-08-30T10:15:06+00:00\" class=\"yoast-seo-meta-tag\" \/>\n<meta property=\"og:image\" content=\"https:\/\/dorogimedence.hu\/wp-content\/uploads\/2022\/06\/buszatado-08.jpg\" class=\"yoast-seo-meta-tag\" \/>\n\t<meta property=\"og:image:width\" content=\"1920\" class=\"yoast-seo-meta-tag\" \/>\n\t<meta property=\"og:image:height\" content=\"1280\" class=\"yoast-seo-meta-tag\" \/>\n\t<meta property=\"og:image:type\" content=\"image\/jpeg\" class=\"yoast-seo-meta-tag\" \/>\n<meta name=\"author\" content=\"dorogimedence.hu\" class=\"yoast-seo-meta-tag\" \/>\n<meta name=\"twitter:card\" content=\"summary_large_image\" class=\"yoast-seo-meta-tag\" \/>\n<meta name=\"twitter:label1\" content=\"Szerz\u0151:\" class=\"yoast-seo-meta-tag\" \/>\n\t<meta name=\"twitter:data1\" content=\"dorogimedence.hu\" class=\"yoast-seo-meta-tag\" \/>\n\t<meta name=\"twitter:label2\" content=\"Becs\u00fclt olvas\u00e1si id\u0151\" class=\"yoast-seo-meta-tag\" \/>\n\t<meta name=\"twitter:data2\" content=\"2 perc\" class=\"yoast-seo-meta-tag\" \/>\n<script type=\"application\/ld+json\" class=\"yoast-schema-graph\">{\"@context\":\"https:\\\/\\\/schema.org\",\"@graph\":[{\"@type\":\"Article\",\"@id\":\"https:\\\/\\\/dorogimedence.hu\\\/index.php\\\/2023\\\/08\\\/30\\\/autobusz-menetrendi-valtozasok-szeptembertol\\\/#article\",\"isPartOf\":{\"@id\":\"https:\\\/\\\/dorogimedence.hu\\\/index.php\\\/2023\\\/08\\\/30\\\/autobusz-menetrendi-valtozasok-szeptembertol\\\/\"},\"author\":{\"name\":\"dorogimedence.hu\",\"@id\":\"https:\\\/\\\/dorogimedence.hu\\\/#\\\/schema\\\/person\\\/ce6091eeb7e95ecdc87890d6aa8e0fd4\"},\"headline\":\"Aut\u00f3busz menetrendi v\u00e1ltoz\u00e1sok szeptembert\u0151l\",\"datePublished\":\"2023-08-30T10:07:49+00:00\",\"dateModified\":\"2023-08-30T10:15:06+00:00\",\"mainEntityOfPage\":{\"@id\":\"https:\\\/\\\/dorogimedence.hu\\\/index.php\\\/2023\\\/08\\\/30\\\/autobusz-menetrendi-valtozasok-szeptembertol\\\/\"},\"wordCount\":356,\"publisher\":{\"@id\":\"https:\\\/\\\/dorogimedence.hu\\\/#organization\"},\"image\":{\"@id\":\"https:\\\/\\\/dorogimedence.hu\\\/index.php\\\/2023\\\/08\\\/30\\\/autobusz-menetrendi-valtozasok-szeptembertol\\\/#primaryimage\"},\"thumbnailUrl\":\"https:\\\/\\\/dorogimedence.hu\\\/wp-content\\\/uploads\\\/2022\\\/06\\\/buszatado-08.jpg\",\"keywords\":[\"aut\u00f3busz\",\"aut\u00f3busz menetrend\",\"featured\",\"iskolakezd\u00e9s\",\"k\u00f6zleked\u00e9s\",\"k\u00f6z\u00f6ss\u00e9gi k\u00f6zleked\u00e9s\",\"menetrend\"],\"articleSection\":[\"Dorog\",\"Esztergom\",\"H\u00edrek\",\"T\u00e1t\",\"Tokod\"],\"inLanguage\":\"hu\"},{\"@type\":\"WebPage\",\"@id\":\"https:\\\/\\\/dorogimedence.hu\\\/index.php\\\/2023\\\/08\\\/30\\\/autobusz-menetrendi-valtozasok-szeptembertol\\\/\",\"url\":\"https:\\\/\\\/dorogimedence.hu\\\/index.php\\\/2023\\\/08\\\/30\\\/autobusz-menetrendi-valtozasok-szeptembertol\\\/\",\"name\":\"Aut\u00f3busz menetrendi v\u00e1ltoz\u00e1sok szeptembert\u0151l\",\"isPartOf\":{\"@id\":\"https:\\\/\\\/dorogimedence.hu\\\/#website\"},\"primaryImageOfPage\":{\"@id\":\"https:\\\/\\\/dorogimedence.hu\\\/index.php\\\/2023\\\/08\\\/30\\\/autobusz-menetrendi-valtozasok-szeptembertol\\\/#primaryimage\"},\"image\":{\"@id\":\"https:\\\/\\\/dorogimedence.hu\\\/index.php\\\/2023\\\/08\\\/30\\\/autobusz-menetrendi-valtozasok-szeptembertol\\\/#primaryimage\"},\"thumbnailUrl\":\"https:\\\/\\\/dorogimedence.hu\\\/wp-content\\\/uploads\\\/2022\\\/06\\\/buszatado-08.jpg\",\"datePublished\":\"2023-08-30T10:07:49+00:00\",\"dateModified\":\"2023-08-30T10:15:06+00:00\",\"breadcrumb\":{\"@id\":\"https:\\\/\\\/dorogimedence.hu\\\/index.php\\\/2023\\\/08\\\/30\\\/autobusz-menetrendi-valtozasok-szeptembertol\\\/#breadcrumb\"},\"inLanguage\":\"hu\",\"potentialAction\":[{\"@type\":\"ReadAction\",\"target\":[\"https:\\\/\\\/dorogimedence.hu\\\/index.php\\\/2023\\\/08\\\/30\\\/autobusz-menetrendi-valtozasok-szeptembertol\\\/\"]}]},{\"@type\":\"ImageObject\",\"inLanguage\":\"hu\",\"@id\":\"https:\\\/\\\/dorogimedence.hu\\\/index.php\\\/2023\\\/08\\\/30\\\/autobusz-menetrendi-valtozasok-szeptembertol\\\/#primaryimage\",\"url\":\"https:\\\/\\\/dorogimedence.hu\\\/wp-content\\\/uploads\\\/2022\\\/06\\\/buszatado-08.jpg\",\"contentUrl\":\"https:\\\/\\\/dorogimedence.hu\\\/wp-content\\\/uploads\\\/2022\\\/06\\\/buszatado-08.jpg\",\"width\":1920,\"height\":1280},{\"@type\":\"BreadcrumbList\",\"@id\":\"https:\\\/\\\/dorogimedence.hu\\\/index.php\\\/2023\\\/08\\\/30\\\/autobusz-menetrendi-valtozasok-szeptembertol\\\/#breadcrumb\",\"itemListElement\":[{\"@type\":\"ListItem\",\"position\":1,\"name\":\"Kezd\u0151lap\",\"item\":\"https:\\\/\\\/dorogimedence.hu\\\/\"},{\"@type\":\"ListItem\",\"position\":2,\"name\":\"Aut\u00f3busz menetrendi v\u00e1ltoz\u00e1sok szeptembert\u0151l\"}]},{\"@type\":\"WebSite\",\"@id\":\"https:\\\/\\\/dorogimedence.hu\\\/#website\",\"url\":\"https:\\\/\\\/dorogimedence.hu\\\/\",\"name\":\"Dorogi-medence Region\u00e1lis H\u00edrport\u00e1l\",\"description\":\"Dorog, Keszt\u00f6lc, Le\u00e1nyv\u00e1r, Piliscs\u00e9v, Tokod, Tokodalt\u00e1r\u00f3, Csolnok, Esztergom-kertv\u00e1ros: h\u00edrek, programok\",\"publisher\":{\"@id\":\"https:\\\/\\\/dorogimedence.hu\\\/#organization\"},\"potentialAction\":[{\"@type\":\"SearchAction\",\"target\":{\"@type\":\"EntryPoint\",\"urlTemplate\":\"https:\\\/\\\/dorogimedence.hu\\\/?s={search_term_string}\"},\"query-input\":{\"@type\":\"PropertyValueSpecification\",\"valueRequired\":true,\"valueName\":\"search_term_string\"}}],\"inLanguage\":\"hu\"},{\"@type\":\"Organization\",\"@id\":\"https:\\\/\\\/dorogimedence.hu\\\/#organization\",\"name\":\"Dorogi-medence Region\u00e1lis H\u00edrport\u00e1l\",\"url\":\"https:\\\/\\\/dorogimedence.hu\\\/\",\"logo\":{\"@type\":\"ImageObject\",\"inLanguage\":\"hu\",\"@id\":\"https:\\\/\\\/dorogimedence.hu\\\/#\\\/schema\\\/logo\\\/image\\\/\",\"url\":\"https:\\\/\\\/dorogimedence.hu\\\/wp-content\\\/uploads\\\/2021\\\/04\\\/logo-feher-600.png\",\"contentUrl\":\"https:\\\/\\\/dorogimedence.hu\\\/wp-content\\\/uploads\\\/2021\\\/04\\\/logo-feher-600.png\",\"width\":600,\"height\":100,\"caption\":\"Dorogi-medence Region\u00e1lis H\u00edrport\u00e1l\"},\"image\":{\"@id\":\"https:\\\/\\\/dorogimedence.hu\\\/#\\\/schema\\\/logo\\\/image\\\/\"},\"sameAs\":[\"https:\\\/\\\/www.facebook.com\\\/dorogimedence\\\/\"]},{\"@type\":\"Person\",\"@id\":\"https:\\\/\\\/dorogimedence.hu\\\/#\\\/schema\\\/person\\\/ce6091eeb7e95ecdc87890d6aa8e0fd4\",\"name\":\"dorogimedence.hu\",\"image\":{\"@type\":\"ImageObject\",\"inLanguage\":\"hu\",\"@id\":\"\\\/\\\/www.gravatar.com\\\/avatar\\\/d8d45f8901aadff40a4af72c0b826f1d?s=96&#038;r=g&#038;d=mm\",\"url\":\"\\\/\\\/www.gravatar.com\\\/avatar\\\/d8d45f8901aadff40a4af72c0b826f1d?s=96&#038;r=g&#038;d=mm\",\"contentUrl\":\"\\\/\\\/www.gravatar.com\\\/avatar\\\/d8d45f8901aadff40a4af72c0b826f1d?s=96&#038;r=g&#038;d=mm\",\"caption\":\"dorogimedence.hu\"}}]}<\/script>\n<!-- \/ Yoast SEO plugin. -->","yoast_head_json":{"title":"Aut\u00f3busz menetrendi v\u00e1ltoz\u00e1sok szeptembert\u0151l","robots":{"index":"index","follow":"follow","max-snippet":"max-snippet:-1","max-image-preview":"max-image-preview:large","max-video-preview":"max-video-preview:-1"},"canonical":"https:\/\/dorogimedence.hu\/index.php\/2023\/08\/30\/autobusz-menetrendi-valtozasok-szeptembertol\/","og_locale":"hu_HU","og_type":"article","og_title":"Aut\u00f3busz menetrendi v\u00e1ltoz\u00e1sok szeptembert\u0151l","og_description":"2023. szeptember 1-j\u00e9t\u0151l t\u00f6bb aut\u00f3buszj\u00e1rat menetrendje v\u00e1ltozik t\u00e9rs\u00e9g\u00fcnkben, valamint T\u00e1ton k\u00e9t meg\u00e1ll\u00f3helyet ideiglenesen \u00e1thelyeznek. Menetrendi v\u00e1ltoz\u00e1sok szeptember 1-j\u00e9t\u0151l 812 Esztergom \u2013 T\u00e1t (r\u00f6vid \u00fat) \u2013 Dunaalm\u00e1s \u2013 Kom\u00e1rom: A munkanapokon 16:00-kor Esztergomb\u00f3l Kom\u00e1romba indul\u00f3 j\u00e1rat bet\u00e9r T\u00e1t-Kertv\u00e1ros, Als\u00f3 meg\u00e1ll\u00f3helyre. R\u00e9gi vonaln\u00e9v: 825 Esztergom \u2013 Tokod \u2013 Bajna \u2013 Ep\u00f6l. \u00daj vonaln\u00e9v: 825 Esztergom \u2013 Tokod","og_url":"https:\/\/dorogimedence.hu\/index.php\/2023\/08\/30\/autobusz-menetrendi-valtozasok-szeptembertol\/","og_site_name":"Dorogi-medence Region\u00e1lis H\u00edrport\u00e1l","article_publisher":"https:\/\/www.facebook.com\/dorogimedence\/","article_published_time":"2023-08-30T10:07:49+00:00","article_modified_time":"2023-08-30T10:15:06+00:00","og_image":[{"width":1920,"height":1280,"url":"https:\/\/dorogimedence.hu\/wp-content\/uploads\/2022\/06\/buszatado-08.jpg","type":"image\/jpeg"}],"author":"dorogimedence.hu","twitter_card":"summary_large_image","twitter_misc":{"Szerz\u0151:":"dorogimedence.hu","Becs\u00fclt olvas\u00e1si id\u0151":"2 perc"},"schema":{"@context":"https:\/\/schema.org","@graph":[{"@type":"Article","@id":"https:\/\/dorogimedence.hu\/index.php\/2023\/08\/30\/autobusz-menetrendi-valtozasok-szeptembertol\/#article","isPartOf":{"@id":"https:\/\/dorogimedence.hu\/index.php\/2023\/08\/30\/autobusz-menetrendi-valtozasok-szeptembertol\/"},"author":{"name":"dorogimedence.hu","@id":"https:\/\/dorogimedence.hu\/#\/schema\/person\/ce6091eeb7e95ecdc87890d6aa8e0fd4"},"headline":"Aut\u00f3busz menetrendi v\u00e1ltoz\u00e1sok szeptembert\u0151l","datePublished":"2023-08-30T10:07:49+00:00","dateModified":"2023-08-30T10:15:06+00:00","mainEntityOfPage":{"@id":"https:\/\/dorogimedence.hu\/index.php\/2023\/08\/30\/autobusz-menetrendi-valtozasok-szeptembertol\/"},"wordCount":356,"publisher":{"@id":"https:\/\/dorogimedence.hu\/#organization"},"image":{"@id":"https:\/\/dorogimedence.hu\/index.php\/2023\/08\/30\/autobusz-menetrendi-valtozasok-szeptembertol\/#primaryimage"},"thumbnailUrl":"https:\/\/dorogimedence.hu\/wp-content\/uploads\/2022\/06\/buszatado-08.jpg","keywords":["aut\u00f3busz","aut\u00f3busz menetrend","featured","iskolakezd\u00e9s","k\u00f6zleked\u00e9s","k\u00f6z\u00f6ss\u00e9gi k\u00f6zleked\u00e9s","menetrend"],"articleSection":["Dorog","Esztergom","H\u00edrek","T\u00e1t","Tokod"],"inLanguage":"hu"},{"@type":"WebPage","@id":"https:\/\/dorogimedence.hu\/index.php\/2023\/08\/30\/autobusz-menetrendi-valtozasok-szeptembertol\/","url":"https:\/\/dorogimedence.hu\/index.php\/2023\/08\/30\/autobusz-menetrendi-valtozasok-szeptembertol\/","name":"Aut\u00f3busz menetrendi v\u00e1ltoz\u00e1sok szeptembert\u0151l","isPartOf":{"@id":"https:\/\/dorogimedence.hu\/#website"},"primaryImageOfPage":{"@id":"https:\/\/dorogimedence.hu\/index.php\/2023\/08\/30\/autobusz-menetrendi-valtozasok-szeptembertol\/#primaryimage"},"image":{"@id":"https:\/\/dorogimedence.hu\/index.php\/2023\/08\/30\/autobusz-menetrendi-valtozasok-szeptembertol\/#primaryimage"},"thumbnailUrl":"https:\/\/dorogimedence.hu\/wp-content\/uploads\/2022\/06\/buszatado-08.jpg","datePublished":"2023-08-30T10:07:49+00:00","dateModified":"2023-08-30T10:15:06+00:00","breadcrumb":{"@id":"https:\/\/dorogimedence.hu\/index.php\/2023\/08\/30\/autobusz-menetrendi-valtozasok-szeptembertol\/#breadcrumb"},"inLanguage":"hu","potentialAction":[{"@type":"ReadAction","target":["https:\/\/dorogimedence.hu\/index.php\/2023\/08\/30\/autobusz-menetrendi-valtozasok-szeptembertol\/"]}]},{"@type":"ImageObject","inLanguage":"hu","@id":"https:\/\/dorogimedence.hu\/index.php\/2023\/08\/30\/autobusz-menetrendi-valtozasok-szeptembertol\/#primaryimage","url":"https:\/\/dorogimedence.hu\/wp-content\/uploads\/2022\/06\/buszatado-08.jpg","contentUrl":"https:\/\/dorogimedence.hu\/wp-content\/uploads\/2022\/06\/buszatado-08.jpg","width":1920,"height":1280},{"@type":"BreadcrumbList","@id":"https:\/\/dorogimedence.hu\/index.php\/2023\/08\/30\/autobusz-menetrendi-valtozasok-szeptembertol\/#breadcrumb","itemListElement":[{"@type":"ListItem","position":1,"name":"Kezd\u0151lap","item":"https:\/\/dorogimedence.hu\/"},{"@type":"ListItem","position":2,"name":"Aut\u00f3busz menetrendi v\u00e1ltoz\u00e1sok szeptembert\u0151l"}]},{"@type":"WebSite","@id":"https:\/\/dorogimedence.hu\/#website","url":"https:\/\/dorogimedence.hu\/","name":"Dorogi-medence Region\u00e1lis H\u00edrport\u00e1l","description":"Dorog, Keszt\u00f6lc, Le\u00e1nyv\u00e1r, Piliscs\u00e9v, Tokod, Tokodalt\u00e1r\u00f3, Csolnok, Esztergom-kertv\u00e1ros: h\u00edrek, programok","publisher":{"@id":"https:\/\/dorogimedence.hu\/#organization"},"potentialAction":[{"@type":"SearchAction","target":{"@type":"EntryPoint","urlTemplate":"https:\/\/dorogimedence.hu\/?s={search_term_string}"},"query-input":{"@type":"PropertyValueSpecification","valueRequired":true,"valueName":"search_term_string"}}],"inLanguage":"hu"},{"@type":"Organization","@id":"https:\/\/dorogimedence.hu\/#organization","name":"Dorogi-medence Region\u00e1lis H\u00edrport\u00e1l","url":"https:\/\/dorogimedence.hu\/","logo":{"@type":"ImageObject","inLanguage":"hu","@id":"https:\/\/dorogimedence.hu\/#\/schema\/logo\/image\/","url":"https:\/\/dorogimedence.hu\/wp-content\/uploads\/2021\/04\/logo-feher-600.png","contentUrl":"https:\/\/dorogimedence.hu\/wp-content\/uploads\/2021\/04\/logo-feher-600.png","width":600,"height":100,"caption":"Dorogi-medence Region\u00e1lis H\u00edrport\u00e1l"},"image":{"@id":"https:\/\/dorogimedence.hu\/#\/schema\/logo\/image\/"},"sameAs":["https:\/\/www.facebook.com\/dorogimedence\/"]},{"@type":"Person","@id":"https:\/\/dorogimedence.hu\/#\/schema\/person\/ce6091eeb7e95ecdc87890d6aa8e0fd4","name":"dorogimedence.hu","image":{"@type":"ImageObject","inLanguage":"hu","@id":"\/\/www.gravatar.com\/avatar\/d8d45f8901aadff40a4af72c0b826f1d?s=96&#038;r=g&#038;d=mm","url":"\/\/www.gravatar.com\/avatar\/d8d45f8901aadff40a4af72c0b826f1d?s=96&#038;r=g&#038;d=mm","contentUrl":"\/\/www.gravatar.com\/avatar\/d8d45f8901aadff40a4af72c0b826f1d?s=96&#038;r=g&#038;d=mm","caption":"dorogimedence.hu"}}]}},"_links":{"self":[{"href":"https:\/\/dorogimedence.hu\/index.php\/wp-json\/wp\/v2\/posts\/55844","targetHints":{"allow":["GET"]}}],"collection":[{"href":"https:\/\/dorogimedence.hu\/index.php\/wp-json\/wp\/v2\/posts"}],"about":[{"href":"https:\/\/dorogimedence.hu\/index.php\/wp-json\/wp\/v2\/types\/post"}],"author":[{"embeddable":true,"href":"https:\/\/dorogimedence.hu\/index.php\/wp-json\/wp\/v2\/users\/1"}],"replies":[{"embeddable":true,"href":"https:\/\/dorogimedence.hu\/index.php\/wp-json\/wp\/v2\/comments?post=55844"}],"version-history":[{"count":0,"href":"https:\/\/dorogimedence.hu\/index.php\/wp-json\/wp\/v2\/posts\/55844\/revisions"}],"wp:featuredmedia":[{"embeddable":true,"href":"https:\/\/dorogimedence.hu\/index.php\/wp-json\/wp\/v2\/media\/43735"}],"wp:attachment":[{"href":"https:\/\/dorogimedence.hu\/index.php\/wp-json\/wp\/v2\/media?parent=55844"}],"wp:term":[{"taxonomy":"category","embeddable":true,"href":"https:\/\/dorogimedence.hu\/index.php\/wp-json\/wp\/v2\/categories?post=55844"},{"taxonomy":"post_tag","embeddable":true,"href":"https:\/\/dorogimedence.hu\/index.php\/wp-json\/wp\/v2\/tags?post=55844"}],"curies":[{"name":"wp","href":"https:\/\/api.w.org\/{rel}","templated":true}]}}