{"id":55837,"date":"2023-08-30T08:58:39","date_gmt":"2023-08-30T06:58:39","guid":{"rendered":"https:\/\/dorogimedence.hu\/?p=55837"},"modified":"2023-08-30T08:58:39","modified_gmt":"2023-08-30T06:58:39","slug":"ittasan-vezetett-az-arokban-kotott-ki-3","status":"publish","type":"post","link":"https:\/\/dorogimedence.hu\/index.php\/2023\/08\/30\/ittasan-vezetett-az-arokban-kotott-ki-3\/","title":{"rendered":"Ittasan vezetett, az \u00e1rokban k\u00f6t\u00f6tt ki"},"content":{"rendered":"<p><strong>Elz\u00e1r\u00e1sra \u00edt\u00e9lhetik azt a t\u00f6bbsz\u00f6r\u00f6s visszaes\u0151 f\u00e9rfit, aki ittas \u00e1llapotban vezetett j\u00e1rm\u0171vel az \u00e1rokban k\u00f6t\u00f6tt ki Nagys\u00e1pon.<\/strong><\/p>\n<p>A v\u00e1dirat szerint a vezet\u0151i enged\u00e9llyel nem rendelkez\u0151 f\u00e9rfi 2023. janu\u00e1r 21-\u00e9n Nagys\u00e1pon ittas \u00e1llapotban vezette a szem\u00e9lyg\u00e9pkocsij\u00e1t, amit a rend\u0151rj\u00e1r\u0151r\u00f6k \u00e9szleltek. A rend\u0151r\u00f6k tudtak arr\u00f3l, hogy a f\u00e9rfi vezet\u0151i enged\u00e9llyel nem b\u00edr, ez\u00e9rt megk\u00fcl\u00f6nb\u00f6ztet\u0151 f\u00e9ny- \u00e9s hangjelz\u00e9st alkalmazva \u0151t meg\u00e1ll\u00e1sra h\u00edvt\u00e1k fel. Az elk\u00f6vet\u0151 ezut\u00e1n ittass\u00e1ga miatt \u00e1tt\u00e9rt a menetir\u00e1ny szerinti bal oldalra, majd az \u00fattestr\u0151l lekanyarodva az \u00fat melletti v\u00edzelvezet\u0151 \u00e1rokba borult a g\u00e9pj\u00e1rm\u0171vel.<\/p>\n<p>A f\u00e9rfi n\u00e9gyszer volt b\u00fcntetve, visszaes\u0151nek min\u0151s\u00fcl.<\/p>\n<p>Az ittas j\u00e1rm\u0171vezet\u00e9s v\u00e9ts\u00e9ge miatt indult \u00fcgyben az Esztergomi J\u00e1r\u00e1si \u00dcgy\u00e9szs\u00e9g a v\u00e1diratban arra tett ind\u00edtv\u00e1nyt, hogy az Esztergomi J\u00e1r\u00e1sb\u00edr\u00f3s\u00e1g a f\u00e9rfit elz\u00e1r\u00e1sra \u00e9s j\u00e1rm\u0171vezet\u00e9st\u0151l eltilt\u00e1sra \u00edt\u00e9lje.<\/p>\n<p><img fetchpriority=\"high\" decoding=\"async\" class=\"alignnone size-full wp-image-55839\" src=\"https:\/\/dorogimedence.hu\/wp-content\/uploads\/2023\/08\/ittas-arokban-f2.jpg\" alt=\"\" width=\"1165\" height=\"737\" srcset=\"https:\/\/dorogimedence.hu\/wp-content\/uploads\/2023\/08\/ittas-arokban-f2.jpg 1165w, https:\/\/dorogimedence.hu\/wp-content\/uploads\/2023\/08\/ittas-arokban-f2-600x380.jpg 600w, https:\/\/dorogimedence.hu\/wp-content\/uploads\/2023\/08\/ittas-arokban-f2-768x486.jpg 768w, https:\/\/dorogimedence.hu\/wp-content\/uploads\/2023\/08\/ittas-arokban-f2-150x95.jpg 150w, https:\/\/dorogimedence.hu\/wp-content\/uploads\/2023\/08\/ittas-arokban-f2-450x285.jpg 450w\" sizes=\"(max-width: 1165px) 100vw, 1165px\" \/><\/p>\n<p><em>Forr\u00e1s: Kom\u00e1rom-Esztergom V\u00e1rmegyei F\u0151\u00fcgy\u00e9szs\u00e9g<\/em><br \/>\n<em>A fot\u00f3kat a nyomoz\u00f3 hat\u00f3s\u00e1g a szeml\u00e9n k\u00e9sz\u00edtette<\/em><\/p>\n","protected":false},"excerpt":{"rendered":"<p>Elz\u00e1r\u00e1sra \u00edt\u00e9lhetik azt a t\u00f6bbsz\u00f6r\u00f6s visszaes\u0151 f\u00e9rfit, aki ittas \u00e1llapotban vezetett j\u00e1rm\u0171vel az \u00e1rokban k\u00f6t\u00f6tt ki Nagys\u00e1pon. A v\u00e1dirat szerint a vezet\u0151i enged\u00e9llyel nem rendelkez\u0151 f\u00e9rfi 2023. janu\u00e1r 21-\u00e9n Nagys\u00e1pon ittas \u00e1llapotban vezette a szem\u00e9lyg\u00e9pkocsij\u00e1t, amit a rend\u0151rj\u00e1r\u0151r\u00f6k \u00e9szleltek. A rend\u0151r\u00f6k tudtak arr\u00f3l, hogy a f\u00e9rfi vezet\u0151i enged\u00e9llyel nem b\u00edr, ez\u00e9rt megk\u00fcl\u00f6nb\u00f6ztet\u0151 f\u00e9ny- \u00e9s hangjelz\u00e9st<\/p>\n","protected":false},"author":1,"featured_media":55838,"comment_status":"closed","ping_status":"closed","sticky":false,"template":"","format":"standard","meta":{"ngg_post_thumbnail":0,"footnotes":""},"categories":[3,39],"tags":[45,44,1042,164,135,61,326],"class_list":{"0":"post-55837","1":"post","2":"type-post","3":"status-publish","4":"format-standard","5":"has-post-thumbnail","7":"category-hirek","8":"category-kek-hirek","9":"tag-autobaleset","10":"tag-baleset","11":"tag-birosag","12":"tag-ittas-vezetes","13":"tag-nagysap","14":"tag-rendorsegi-hirek","15":"tag-ugyeszseg"},"yoast_head":"<!-- This site is optimized with the Yoast SEO plugin v27.4 - https:\/\/yoast.com\/product\/yoast-seo-wordpress\/ -->\n<title>Ittasan vezetett, az \u00e1rokban k\u00f6t\u00f6tt ki<\/title>\n<meta name=\"robots\" content=\"index, follow, max-snippet:-1, max-image-preview:large, max-video-preview:-1\" \/>\n<link rel=\"canonical\" href=\"https:\/\/dorogimedence.hu\/index.php\/2023\/08\/30\/ittasan-vezetett-az-arokban-kotott-ki-3\/\" class=\"yoast-seo-meta-tag\" \/>\n<meta property=\"og:locale\" content=\"hu_HU\" class=\"yoast-seo-meta-tag\" \/>\n<meta property=\"og:type\" content=\"article\" class=\"yoast-seo-meta-tag\" \/>\n<meta property=\"og:title\" content=\"Ittasan vezetett, az \u00e1rokban k\u00f6t\u00f6tt ki\" class=\"yoast-seo-meta-tag\" \/>\n<meta property=\"og:description\" content=\"Elz\u00e1r\u00e1sra \u00edt\u00e9lhetik azt a t\u00f6bbsz\u00f6r\u00f6s visszaes\u0151 f\u00e9rfit, aki ittas \u00e1llapotban vezetett j\u00e1rm\u0171vel az \u00e1rokban k\u00f6t\u00f6tt ki Nagys\u00e1pon. A v\u00e1dirat szerint a vezet\u0151i enged\u00e9llyel nem rendelkez\u0151 f\u00e9rfi 2023. janu\u00e1r 21-\u00e9n Nagys\u00e1pon ittas \u00e1llapotban vezette a szem\u00e9lyg\u00e9pkocsij\u00e1t, amit a rend\u0151rj\u00e1r\u0151r\u00f6k \u00e9szleltek. A rend\u0151r\u00f6k tudtak arr\u00f3l, hogy a f\u00e9rfi vezet\u0151i enged\u00e9llyel nem b\u00edr, ez\u00e9rt megk\u00fcl\u00f6nb\u00f6ztet\u0151 f\u00e9ny- \u00e9s hangjelz\u00e9st\" class=\"yoast-seo-meta-tag\" \/>\n<meta property=\"og:url\" content=\"https:\/\/dorogimedence.hu\/index.php\/2023\/08\/30\/ittasan-vezetett-az-arokban-kotott-ki-3\/\" class=\"yoast-seo-meta-tag\" \/>\n<meta property=\"og:site_name\" content=\"Dorogi-medence Region\u00e1lis H\u00edrport\u00e1l\" class=\"yoast-seo-meta-tag\" \/>\n<meta property=\"article:publisher\" content=\"https:\/\/www.facebook.com\/dorogimedence\/\" class=\"yoast-seo-meta-tag\" \/>\n<meta property=\"article:published_time\" content=\"2023-08-30T06:58:39+00:00\" class=\"yoast-seo-meta-tag\" \/>\n<meta property=\"og:image\" content=\"https:\/\/dorogimedence.hu\/wp-content\/uploads\/2023\/08\/ittas-arokban-f1.jpg\" class=\"yoast-seo-meta-tag\" \/>\n\t<meta property=\"og:image:width\" content=\"1172\" class=\"yoast-seo-meta-tag\" \/>\n\t<meta property=\"og:image:height\" content=\"717\" class=\"yoast-seo-meta-tag\" \/>\n\t<meta property=\"og:image:type\" content=\"image\/jpeg\" class=\"yoast-seo-meta-tag\" \/>\n<meta name=\"author\" content=\"dorogimedence.hu\" class=\"yoast-seo-meta-tag\" \/>\n<meta name=\"twitter:card\" content=\"summary_large_image\" class=\"yoast-seo-meta-tag\" \/>\n<meta name=\"twitter:label1\" content=\"Szerz\u0151:\" class=\"yoast-seo-meta-tag\" \/>\n\t<meta name=\"twitter:data1\" content=\"dorogimedence.hu\" class=\"yoast-seo-meta-tag\" \/>\n\t<meta name=\"twitter:label2\" content=\"Becs\u00fclt olvas\u00e1si id\u0151\" class=\"yoast-seo-meta-tag\" \/>\n\t<meta name=\"twitter:data2\" content=\"1 perc\" class=\"yoast-seo-meta-tag\" \/>\n<script type=\"application\/ld+json\" class=\"yoast-schema-graph\">{\"@context\":\"https:\\\/\\\/schema.org\",\"@graph\":[{\"@type\":\"Article\",\"@id\":\"https:\\\/\\\/dorogimedence.hu\\\/index.php\\\/2023\\\/08\\\/30\\\/ittasan-vezetett-az-arokban-kotott-ki-3\\\/#article\",\"isPartOf\":{\"@id\":\"https:\\\/\\\/dorogimedence.hu\\\/index.php\\\/2023\\\/08\\\/30\\\/ittasan-vezetett-az-arokban-kotott-ki-3\\\/\"},\"author\":{\"name\":\"dorogimedence.hu\",\"@id\":\"https:\\\/\\\/dorogimedence.hu\\\/#\\\/schema\\\/person\\\/ce6091eeb7e95ecdc87890d6aa8e0fd4\"},\"headline\":\"Ittasan vezetett, az \u00e1rokban k\u00f6t\u00f6tt ki\",\"datePublished\":\"2023-08-30T06:58:39+00:00\",\"mainEntityOfPage\":{\"@id\":\"https:\\\/\\\/dorogimedence.hu\\\/index.php\\\/2023\\\/08\\\/30\\\/ittasan-vezetett-az-arokban-kotott-ki-3\\\/\"},\"wordCount\":233,\"publisher\":{\"@id\":\"https:\\\/\\\/dorogimedence.hu\\\/#organization\"},\"image\":{\"@id\":\"https:\\\/\\\/dorogimedence.hu\\\/index.php\\\/2023\\\/08\\\/30\\\/ittasan-vezetett-az-arokban-kotott-ki-3\\\/#primaryimage\"},\"thumbnailUrl\":\"https:\\\/\\\/dorogimedence.hu\\\/wp-content\\\/uploads\\\/2023\\\/08\\\/ittas-arokban-f1.jpg\",\"keywords\":[\"aut\u00f3baleset\",\"baleset\",\"b\u00edr\u00f3s\u00e1g\",\"ittas vezet\u00e9s\",\"Nagys\u00e1p\",\"rend\u0151rs\u00e9gi h\u00edrek\",\"\u00fcgy\u00e9szs\u00e9g\"],\"articleSection\":[\"H\u00edrek\",\"K\u00e9k h\u00edrek\"],\"inLanguage\":\"hu\"},{\"@type\":\"WebPage\",\"@id\":\"https:\\\/\\\/dorogimedence.hu\\\/index.php\\\/2023\\\/08\\\/30\\\/ittasan-vezetett-az-arokban-kotott-ki-3\\\/\",\"url\":\"https:\\\/\\\/dorogimedence.hu\\\/index.php\\\/2023\\\/08\\\/30\\\/ittasan-vezetett-az-arokban-kotott-ki-3\\\/\",\"name\":\"Ittasan vezetett, az \u00e1rokban k\u00f6t\u00f6tt ki\",\"isPartOf\":{\"@id\":\"https:\\\/\\\/dorogimedence.hu\\\/#website\"},\"primaryImageOfPage\":{\"@id\":\"https:\\\/\\\/dorogimedence.hu\\\/index.php\\\/2023\\\/08\\\/30\\\/ittasan-vezetett-az-arokban-kotott-ki-3\\\/#primaryimage\"},\"image\":{\"@id\":\"https:\\\/\\\/dorogimedence.hu\\\/index.php\\\/2023\\\/08\\\/30\\\/ittasan-vezetett-az-arokban-kotott-ki-3\\\/#primaryimage\"},\"thumbnailUrl\":\"https:\\\/\\\/dorogimedence.hu\\\/wp-content\\\/uploads\\\/2023\\\/08\\\/ittas-arokban-f1.jpg\",\"datePublished\":\"2023-08-30T06:58:39+00:00\",\"breadcrumb\":{\"@id\":\"https:\\\/\\\/dorogimedence.hu\\\/index.php\\\/2023\\\/08\\\/30\\\/ittasan-vezetett-az-arokban-kotott-ki-3\\\/#breadcrumb\"},\"inLanguage\":\"hu\",\"potentialAction\":[{\"@type\":\"ReadAction\",\"target\":[\"https:\\\/\\\/dorogimedence.hu\\\/index.php\\\/2023\\\/08\\\/30\\\/ittasan-vezetett-az-arokban-kotott-ki-3\\\/\"]}]},{\"@type\":\"ImageObject\",\"inLanguage\":\"hu\",\"@id\":\"https:\\\/\\\/dorogimedence.hu\\\/index.php\\\/2023\\\/08\\\/30\\\/ittasan-vezetett-az-arokban-kotott-ki-3\\\/#primaryimage\",\"url\":\"https:\\\/\\\/dorogimedence.hu\\\/wp-content\\\/uploads\\\/2023\\\/08\\\/ittas-arokban-f1.jpg\",\"contentUrl\":\"https:\\\/\\\/dorogimedence.hu\\\/wp-content\\\/uploads\\\/2023\\\/08\\\/ittas-arokban-f1.jpg\",\"width\":1172,\"height\":717},{\"@type\":\"BreadcrumbList\",\"@id\":\"https:\\\/\\\/dorogimedence.hu\\\/index.php\\\/2023\\\/08\\\/30\\\/ittasan-vezetett-az-arokban-kotott-ki-3\\\/#breadcrumb\",\"itemListElement\":[{\"@type\":\"ListItem\",\"position\":1,\"name\":\"Kezd\u0151lap\",\"item\":\"https:\\\/\\\/dorogimedence.hu\\\/\"},{\"@type\":\"ListItem\",\"position\":2,\"name\":\"Ittasan vezetett, az \u00e1rokban k\u00f6t\u00f6tt ki\"}]},{\"@type\":\"WebSite\",\"@id\":\"https:\\\/\\\/dorogimedence.hu\\\/#website\",\"url\":\"https:\\\/\\\/dorogimedence.hu\\\/\",\"name\":\"Dorogi-medence Region\u00e1lis H\u00edrport\u00e1l\",\"description\":\"Dorog, Keszt\u00f6lc, Le\u00e1nyv\u00e1r, Piliscs\u00e9v, Tokod, Tokodalt\u00e1r\u00f3, Csolnok, Esztergom-kertv\u00e1ros: h\u00edrek, programok\",\"publisher\":{\"@id\":\"https:\\\/\\\/dorogimedence.hu\\\/#organization\"},\"potentialAction\":[{\"@type\":\"SearchAction\",\"target\":{\"@type\":\"EntryPoint\",\"urlTemplate\":\"https:\\\/\\\/dorogimedence.hu\\\/?s={search_term_string}\"},\"query-input\":{\"@type\":\"PropertyValueSpecification\",\"valueRequired\":true,\"valueName\":\"search_term_string\"}}],\"inLanguage\":\"hu\"},{\"@type\":\"Organization\",\"@id\":\"https:\\\/\\\/dorogimedence.hu\\\/#organization\",\"name\":\"Dorogi-medence Region\u00e1lis H\u00edrport\u00e1l\",\"url\":\"https:\\\/\\\/dorogimedence.hu\\\/\",\"logo\":{\"@type\":\"ImageObject\",\"inLanguage\":\"hu\",\"@id\":\"https:\\\/\\\/dorogimedence.hu\\\/#\\\/schema\\\/logo\\\/image\\\/\",\"url\":\"https:\\\/\\\/dorogimedence.hu\\\/wp-content\\\/uploads\\\/2021\\\/04\\\/logo-feher-600.png\",\"contentUrl\":\"https:\\\/\\\/dorogimedence.hu\\\/wp-content\\\/uploads\\\/2021\\\/04\\\/logo-feher-600.png\",\"width\":600,\"height\":100,\"caption\":\"Dorogi-medence Region\u00e1lis H\u00edrport\u00e1l\"},\"image\":{\"@id\":\"https:\\\/\\\/dorogimedence.hu\\\/#\\\/schema\\\/logo\\\/image\\\/\"},\"sameAs\":[\"https:\\\/\\\/www.facebook.com\\\/dorogimedence\\\/\"]},{\"@type\":\"Person\",\"@id\":\"https:\\\/\\\/dorogimedence.hu\\\/#\\\/schema\\\/person\\\/ce6091eeb7e95ecdc87890d6aa8e0fd4\",\"name\":\"dorogimedence.hu\",\"image\":{\"@type\":\"ImageObject\",\"inLanguage\":\"hu\",\"@id\":\"\\\/\\\/www.gravatar.com\\\/avatar\\\/d8d45f8901aadff40a4af72c0b826f1d?s=96&#038;r=g&#038;d=mm\",\"url\":\"\\\/\\\/www.gravatar.com\\\/avatar\\\/d8d45f8901aadff40a4af72c0b826f1d?s=96&#038;r=g&#038;d=mm\",\"contentUrl\":\"\\\/\\\/www.gravatar.com\\\/avatar\\\/d8d45f8901aadff40a4af72c0b826f1d?s=96&#038;r=g&#038;d=mm\",\"caption\":\"dorogimedence.hu\"}}]}<\/script>\n<!-- \/ Yoast SEO plugin. -->","yoast_head_json":{"title":"Ittasan vezetett, az \u00e1rokban k\u00f6t\u00f6tt ki","robots":{"index":"index","follow":"follow","max-snippet":"max-snippet:-1","max-image-preview":"max-image-preview:large","max-video-preview":"max-video-preview:-1"},"canonical":"https:\/\/dorogimedence.hu\/index.php\/2023\/08\/30\/ittasan-vezetett-az-arokban-kotott-ki-3\/","og_locale":"hu_HU","og_type":"article","og_title":"Ittasan vezetett, az \u00e1rokban k\u00f6t\u00f6tt ki","og_description":"Elz\u00e1r\u00e1sra \u00edt\u00e9lhetik azt a t\u00f6bbsz\u00f6r\u00f6s visszaes\u0151 f\u00e9rfit, aki ittas \u00e1llapotban vezetett j\u00e1rm\u0171vel az \u00e1rokban k\u00f6t\u00f6tt ki Nagys\u00e1pon. A v\u00e1dirat szerint a vezet\u0151i enged\u00e9llyel nem rendelkez\u0151 f\u00e9rfi 2023. janu\u00e1r 21-\u00e9n Nagys\u00e1pon ittas \u00e1llapotban vezette a szem\u00e9lyg\u00e9pkocsij\u00e1t, amit a rend\u0151rj\u00e1r\u0151r\u00f6k \u00e9szleltek. A rend\u0151r\u00f6k tudtak arr\u00f3l, hogy a f\u00e9rfi vezet\u0151i enged\u00e9llyel nem b\u00edr, ez\u00e9rt megk\u00fcl\u00f6nb\u00f6ztet\u0151 f\u00e9ny- \u00e9s hangjelz\u00e9st","og_url":"https:\/\/dorogimedence.hu\/index.php\/2023\/08\/30\/ittasan-vezetett-az-arokban-kotott-ki-3\/","og_site_name":"Dorogi-medence Region\u00e1lis H\u00edrport\u00e1l","article_publisher":"https:\/\/www.facebook.com\/dorogimedence\/","article_published_time":"2023-08-30T06:58:39+00:00","og_image":[{"width":1172,"height":717,"url":"https:\/\/dorogimedence.hu\/wp-content\/uploads\/2023\/08\/ittas-arokban-f1.jpg","type":"image\/jpeg"}],"author":"dorogimedence.hu","twitter_card":"summary_large_image","twitter_misc":{"Szerz\u0151:":"dorogimedence.hu","Becs\u00fclt olvas\u00e1si id\u0151":"1 perc"},"schema":{"@context":"https:\/\/schema.org","@graph":[{"@type":"Article","@id":"https:\/\/dorogimedence.hu\/index.php\/2023\/08\/30\/ittasan-vezetett-az-arokban-kotott-ki-3\/#article","isPartOf":{"@id":"https:\/\/dorogimedence.hu\/index.php\/2023\/08\/30\/ittasan-vezetett-az-arokban-kotott-ki-3\/"},"author":{"name":"dorogimedence.hu","@id":"https:\/\/dorogimedence.hu\/#\/schema\/person\/ce6091eeb7e95ecdc87890d6aa8e0fd4"},"headline":"Ittasan vezetett, az \u00e1rokban k\u00f6t\u00f6tt ki","datePublished":"2023-08-30T06:58:39+00:00","mainEntityOfPage":{"@id":"https:\/\/dorogimedence.hu\/index.php\/2023\/08\/30\/ittasan-vezetett-az-arokban-kotott-ki-3\/"},"wordCount":233,"publisher":{"@id":"https:\/\/dorogimedence.hu\/#organization"},"image":{"@id":"https:\/\/dorogimedence.hu\/index.php\/2023\/08\/30\/ittasan-vezetett-az-arokban-kotott-ki-3\/#primaryimage"},"thumbnailUrl":"https:\/\/dorogimedence.hu\/wp-content\/uploads\/2023\/08\/ittas-arokban-f1.jpg","keywords":["aut\u00f3baleset","baleset","b\u00edr\u00f3s\u00e1g","ittas vezet\u00e9s","Nagys\u00e1p","rend\u0151rs\u00e9gi h\u00edrek","\u00fcgy\u00e9szs\u00e9g"],"articleSection":["H\u00edrek","K\u00e9k h\u00edrek"],"inLanguage":"hu"},{"@type":"WebPage","@id":"https:\/\/dorogimedence.hu\/index.php\/2023\/08\/30\/ittasan-vezetett-az-arokban-kotott-ki-3\/","url":"https:\/\/dorogimedence.hu\/index.php\/2023\/08\/30\/ittasan-vezetett-az-arokban-kotott-ki-3\/","name":"Ittasan vezetett, az \u00e1rokban k\u00f6t\u00f6tt ki","isPartOf":{"@id":"https:\/\/dorogimedence.hu\/#website"},"primaryImageOfPage":{"@id":"https:\/\/dorogimedence.hu\/index.php\/2023\/08\/30\/ittasan-vezetett-az-arokban-kotott-ki-3\/#primaryimage"},"image":{"@id":"https:\/\/dorogimedence.hu\/index.php\/2023\/08\/30\/ittasan-vezetett-az-arokban-kotott-ki-3\/#primaryimage"},"thumbnailUrl":"https:\/\/dorogimedence.hu\/wp-content\/uploads\/2023\/08\/ittas-arokban-f1.jpg","datePublished":"2023-08-30T06:58:39+00:00","breadcrumb":{"@id":"https:\/\/dorogimedence.hu\/index.php\/2023\/08\/30\/ittasan-vezetett-az-arokban-kotott-ki-3\/#breadcrumb"},"inLanguage":"hu","potentialAction":[{"@type":"ReadAction","target":["https:\/\/dorogimedence.hu\/index.php\/2023\/08\/30\/ittasan-vezetett-az-arokban-kotott-ki-3\/"]}]},{"@type":"ImageObject","inLanguage":"hu","@id":"https:\/\/dorogimedence.hu\/index.php\/2023\/08\/30\/ittasan-vezetett-az-arokban-kotott-ki-3\/#primaryimage","url":"https:\/\/dorogimedence.hu\/wp-content\/uploads\/2023\/08\/ittas-arokban-f1.jpg","contentUrl":"https:\/\/dorogimedence.hu\/wp-content\/uploads\/2023\/08\/ittas-arokban-f1.jpg","width":1172,"height":717},{"@type":"BreadcrumbList","@id":"https:\/\/dorogimedence.hu\/index.php\/2023\/08\/30\/ittasan-vezetett-az-arokban-kotott-ki-3\/#breadcrumb","itemListElement":[{"@type":"ListItem","position":1,"name":"Kezd\u0151lap","item":"https:\/\/dorogimedence.hu\/"},{"@type":"ListItem","position":2,"name":"Ittasan vezetett, az \u00e1rokban k\u00f6t\u00f6tt ki"}]},{"@type":"WebSite","@id":"https:\/\/dorogimedence.hu\/#website","url":"https:\/\/dorogimedence.hu\/","name":"Dorogi-medence Region\u00e1lis H\u00edrport\u00e1l","description":"Dorog, Keszt\u00f6lc, Le\u00e1nyv\u00e1r, Piliscs\u00e9v, Tokod, Tokodalt\u00e1r\u00f3, Csolnok, Esztergom-kertv\u00e1ros: h\u00edrek, programok","publisher":{"@id":"https:\/\/dorogimedence.hu\/#organization"},"potentialAction":[{"@type":"SearchAction","target":{"@type":"EntryPoint","urlTemplate":"https:\/\/dorogimedence.hu\/?s={search_term_string}"},"query-input":{"@type":"PropertyValueSpecification","valueRequired":true,"valueName":"search_term_string"}}],"inLanguage":"hu"},{"@type":"Organization","@id":"https:\/\/dorogimedence.hu\/#organization","name":"Dorogi-medence Region\u00e1lis H\u00edrport\u00e1l","url":"https:\/\/dorogimedence.hu\/","logo":{"@type":"ImageObject","inLanguage":"hu","@id":"https:\/\/dorogimedence.hu\/#\/schema\/logo\/image\/","url":"https:\/\/dorogimedence.hu\/wp-content\/uploads\/2021\/04\/logo-feher-600.png","contentUrl":"https:\/\/dorogimedence.hu\/wp-content\/uploads\/2021\/04\/logo-feher-600.png","width":600,"height":100,"caption":"Dorogi-medence Region\u00e1lis H\u00edrport\u00e1l"},"image":{"@id":"https:\/\/dorogimedence.hu\/#\/schema\/logo\/image\/"},"sameAs":["https:\/\/www.facebook.com\/dorogimedence\/"]},{"@type":"Person","@id":"https:\/\/dorogimedence.hu\/#\/schema\/person\/ce6091eeb7e95ecdc87890d6aa8e0fd4","name":"dorogimedence.hu","image":{"@type":"ImageObject","inLanguage":"hu","@id":"\/\/www.gravatar.com\/avatar\/d8d45f8901aadff40a4af72c0b826f1d?s=96&#038;r=g&#038;d=mm","url":"\/\/www.gravatar.com\/avatar\/d8d45f8901aadff40a4af72c0b826f1d?s=96&#038;r=g&#038;d=mm","contentUrl":"\/\/www.gravatar.com\/avatar\/d8d45f8901aadff40a4af72c0b826f1d?s=96&#038;r=g&#038;d=mm","caption":"dorogimedence.hu"}}]}},"_links":{"self":[{"href":"https:\/\/dorogimedence.hu\/index.php\/wp-json\/wp\/v2\/posts\/55837","targetHints":{"allow":["GET"]}}],"collection":[{"href":"https:\/\/dorogimedence.hu\/index.php\/wp-json\/wp\/v2\/posts"}],"about":[{"href":"https:\/\/dorogimedence.hu\/index.php\/wp-json\/wp\/v2\/types\/post"}],"author":[{"embeddable":true,"href":"https:\/\/dorogimedence.hu\/index.php\/wp-json\/wp\/v2\/users\/1"}],"replies":[{"embeddable":true,"href":"https:\/\/dorogimedence.hu\/index.php\/wp-json\/wp\/v2\/comments?post=55837"}],"version-history":[{"count":0,"href":"https:\/\/dorogimedence.hu\/index.php\/wp-json\/wp\/v2\/posts\/55837\/revisions"}],"wp:featuredmedia":[{"embeddable":true,"href":"https:\/\/dorogimedence.hu\/index.php\/wp-json\/wp\/v2\/media\/55838"}],"wp:attachment":[{"href":"https:\/\/dorogimedence.hu\/index.php\/wp-json\/wp\/v2\/media?parent=55837"}],"wp:term":[{"taxonomy":"category","embeddable":true,"href":"https:\/\/dorogimedence.hu\/index.php\/wp-json\/wp\/v2\/categories?post=55837"},{"taxonomy":"post_tag","embeddable":true,"href":"https:\/\/dorogimedence.hu\/index.php\/wp-json\/wp\/v2\/tags?post=55837"}],"curies":[{"name":"wp","href":"https:\/\/api.w.org\/{rel}","templated":true}]}}