{"id":5579,"date":"2017-09-13T08:44:31","date_gmt":"2017-09-13T06:44:31","guid":{"rendered":"http:\/\/dorogimedence.hu\/?p=5579"},"modified":"2017-09-13T08:44:31","modified_gmt":"2017-09-13T06:44:31","slug":"ingyenes-lehet-a-parkolas-esztergomban","status":"publish","type":"post","link":"https:\/\/dorogimedence.hu\/index.php\/2017\/09\/13\/ingyenes-lehet-a-parkolas-esztergomban\/","title":{"rendered":"Ingyenes lehet a parkol\u00e1s Esztergomban"},"content":{"rendered":"<p><strong>Ingyeness\u00e9 v\u00e1lhat a parkol\u00e1s 2018. janu\u00e1r 1-j\u00e9t\u0151l Esztergomban. A parkol\u00e1st szab\u00e1lyz\u00f3 rendelet b\u00e1rmilyen m\u00f3dos\u00edt\u00e1s\u00e1hoz t\u00f6bbs\u00e9gi \u00f6nkorm\u00e1nyzati d\u00f6nt\u00e9s sz\u00fcks\u00e9ges<\/strong> <em>&#8211; \u00edrja Esztergom v\u00e1ros a <a href=\"http:\/\/www.esztergom.hu\/index.php\/main\/page\/cikk\/120-nap-mulva-ingyenes-lehet-a-parkolas-4543\" target=\"_blank\" rel=\"noopener\"><span style=\"text-decoration: underline; color: #0000ff;\">hivatalos honlapj\u00e1n<\/span><\/a>.<\/em><\/p>\n<div class=\"a-lead\">A v\u00e1ros \u00f6nkorm\u00e1nyzata 2004-ben hozott rendeletet a parkol\u00e1s rendj\u00e9r\u0151l a parkol\u00f3helyek megv\u00e1lt\u00e1s\u00e1r\u00f3l. Esztergom a v\u00e1ros anyagi helyzet\u00e9nek javul\u00e1s\u00e1val \u00faj parkol\u00e1si szab\u00e1lyoz\u00e1sban gondolkodik, mellyel a belv\u00e1rost k\u00edv\u00e1nja vonz\u00f3bb\u00e1 tenni szolg\u00e1ltat\u00e1si, kereskedelmi \u00e9s szabadid\u0151-t\u00f6lt\u00e9si szempontokb\u00f3l is.<\/p>\n<div class=\"clear\"><\/div>\n<\/div>\n<div class=\"article-body\">\n<p>A helyi parkol\u00e1si rendelet ebben a ciklusban t\u00f6rt\u00e9n\u0151 m\u00f3dos\u00edt\u00e1saikor, a fizet\u0151s utc\u00e1k \u00e9s terek list\u00e1j\u00e1nak v\u00e1ltoztat\u00e1sakor az ingyeness\u00e9g t\u00e9m\u00e1ja gyakran napirendre ker\u00fcl.<\/p>\n<p>A v\u00e1ros polg\u00e1rmestere, Romanek Etelka folyamatosan az ingyenes v\u00e1rosi parkol\u00e1s mellett voksol, a test\u00fcleti t\u00f6bbs\u00e9ge ezid\u00e1ig viszont a Strigonium Zrt. parkol\u00e1si c\u00e9g\u00e9hez foly\u00f3 bev\u00e9telek fenntart\u00e1sa mellett d\u00f6nt\u00f6tt.<\/p>\n<p>A turisztikailag legfrekvent\u00e1ltabb v\u00e1rhegy k\u00f6zel\u00e9ben \u00edgy hi\u00e1ba volt a polg\u00e1rmester javaslat\u00e1ra ingyenes a \u201eB\u00e1stya Parkol\u00f3\u201d, mert a leaszfaltoz\u00e1s\u00e1t, t\u00e9rburkol\u00e1s\u00e1t k\u00f6vet\u0151en m\u00e1sk\u00e9ppen d\u00f6nt\u00f6tt a tehermentes\u00edt\u0151 ter\u00fclet besorol\u00e1s\u00e1r\u00f3l a k\u00e9pvisel\u0151-test\u00fclet.<\/p>\n<p>A murv\u00e1s-s\u00e1ros parkol\u00f3 burkol\u00e1sa, eszt\u00e9tikus rendez\u00e9se ut\u00e1n a P\u00e9nz\u00fcgyi Bizotts\u00e1g javaslat\u00e1ra, fizet\u0151s \u00f6vezetbe vont\u00e1k a B\u00e1stya-parkol\u00f3t. A burkol\u00e1s\u00e1r\u00f3l \u00e9s a ter\u00fclet d\u00edjfizet\u00e9si \u00f6vezetben tart\u00e1s\u00e1r\u00f3l 2016 szeptember\u00e9ben szavaztak a k\u00e9pvisel\u0151k.<\/p>\n<p>Emiatt a h\u00e9tk\u00f6znapok sor\u00e1n a V\u00e1rba, a Szent Tam\u00e1s hegyre, a M\u0171vel\u0151d\u00e9si H\u00e1zba, vagy \u00e9ppen az egyh\u00e1zi \u00fcnnepekre \u00e9rkez\u0151k k\u00e9nytelenek parkol\u00f3 automat\u00e1kkal b\u00edbel\u0151dni a f\u0151sz\u00e9kesegyh\u00e1z k\u00f6r\u00fcl.<\/p>\n<p>A Magyar Katolikus Egyh\u00e1z k\u00f6zpontj\u00e1ban, Szent Istv\u00e1n sz\u00fcl\u0151hely\u00e9n k\u00f6telez\u0151v\u00e9 tett\u00e9k az aut\u00f3sok d\u00edjfizet\u00e9s\u00e9t, hisz aki nem fizet a Strigonium Zrt. c\u00e9g\u00e9nek azt a b\u00fcntet\u00e9sr\u0151l sz\u00f3l\u00f3 \u201emikul\u00e1s-csomag\u201d-gal lepik meg a parkol\u00f3 \u0151r\u00f6k.<\/p>\n<p>A Szent Istv\u00e1n t\u00e9ren foly\u00f3 kivitelez\u00e9st &#8211; az augusztus 20-\u00e1val z\u00e1rul\u00f3 programsorozat alatt &#8211; nemr\u00e9g \u00fagy \u00fctemezt\u00e9k, hogy a kiemelten t\u00e1mogatott kultur\u00e1lis programok zavartalans\u00e1g\u00e1t egy h\u00e9tig biztos\u00edtani tudja a v\u00e1ros. A parkol\u00e1si rendelet v\u00e1ltoztat\u00e1s\u00e1hoz azonban k\u00e9pvisel\u0151-test\u00fcleti d\u00f6nt\u00e9s sz\u00fcks\u00e9g, ez\u00e9rt nem lehetett a parkol\u00e1s ingyeness\u00e9get biztos\u00edtani a Nagyboldogasszony napi programok alatt. \u00cdgy sem augusztus 15-\u00e9n, sem a szeptember 8-i Kisboldogasszony napon, &#8211; melyen Sz\u0171z M\u00e1ria sz\u00fclet\u00e9snapj\u00e1t\u00a0\u00fcnnepelj\u00fck &#8211; nem lehet(ett) ingyenes a parkol\u00e1s.<\/p>\n<p>K\u00f6zel 120 nap m\u00falva azonban<strong>, <\/strong>2018. janu\u00e1r 1-j\u00e9t\u0151l &#8211; hat\u00e1rozott id\u0151re &#8211; m\u00e1r Esztergom teljes ter\u00fclet\u00e9n ingyenes lehet a parkol\u00e1s a k\u00f6zter\u00fcleteken, melyr\u0151l a szeptember v\u00e9gi rendes test\u00fcleti \u00fcl\u00e9s\u00e9n d\u00f6nthetnek a k\u00e9pvisel\u0151k.<\/p>\n<p><em>Forr\u00e1s: esztergom.hu<\/em><br \/>\n<em>Fot\u00f3: strigonium.hu<\/em><\/p>\n<\/div>\n","protected":false},"excerpt":{"rendered":"<p>Ingyeness\u00e9 v\u00e1lhat a parkol\u00e1s 2018. janu\u00e1r 1-j\u00e9t\u0151l Esztergomban. A parkol\u00e1st szab\u00e1lyz\u00f3 rendelet b\u00e1rmilyen m\u00f3dos\u00edt\u00e1s\u00e1hoz t\u00f6bbs\u00e9gi \u00f6nkorm\u00e1nyzati d\u00f6nt\u00e9s sz\u00fcks\u00e9ges &#8211; \u00edrja Esztergom v\u00e1ros a hivatalos honlapj\u00e1n. A v\u00e1ros \u00f6nkorm\u00e1nyzata 2004-ben hozott rendeletet a parkol\u00e1s rendj\u00e9r\u0151l a parkol\u00f3helyek megv\u00e1lt\u00e1s\u00e1r\u00f3l. Esztergom a v\u00e1ros anyagi helyzet\u00e9nek javul\u00e1s\u00e1val \u00faj parkol\u00e1si szab\u00e1lyoz\u00e1sban gondolkodik, mellyel a belv\u00e1rost k\u00edv\u00e1nja vonz\u00f3bb\u00e1 tenni szolg\u00e1ltat\u00e1si, kereskedelmi<\/p>\n","protected":false},"author":1,"featured_media":5580,"comment_status":"closed","ping_status":"closed","sticky":false,"template":"","format":"standard","meta":{"ngg_post_thumbnail":0,"footnotes":""},"categories":[38,3],"tags":[42,615,512,1528],"class_list":{"0":"post-5579","1":"post","2":"type-post","3":"status-publish","4":"format-standard","5":"has-post-thumbnail","7":"category-esztergom","8":"category-hirek","9":"tag-esztergom","10":"tag-ingyenes-parkolas","11":"tag-parkolas","12":"tag-parkolo"},"yoast_head":"<!-- This site is optimized with the Yoast SEO plugin v27.4 - https:\/\/yoast.com\/product\/yoast-seo-wordpress\/ -->\n<title>Ingyenes lehet a parkol\u00e1s Esztergomban<\/title>\n<meta name=\"robots\" content=\"index, follow, max-snippet:-1, max-image-preview:large, max-video-preview:-1\" \/>\n<link rel=\"canonical\" href=\"https:\/\/dorogimedence.hu\/index.php\/2017\/09\/13\/ingyenes-lehet-a-parkolas-esztergomban\/\" class=\"yoast-seo-meta-tag\" \/>\n<meta property=\"og:locale\" content=\"hu_HU\" class=\"yoast-seo-meta-tag\" \/>\n<meta property=\"og:type\" content=\"article\" class=\"yoast-seo-meta-tag\" \/>\n<meta property=\"og:title\" content=\"Ingyenes lehet a parkol\u00e1s Esztergomban\" class=\"yoast-seo-meta-tag\" \/>\n<meta property=\"og:description\" content=\"Ingyeness\u00e9 v\u00e1lhat a parkol\u00e1s 2018. janu\u00e1r 1-j\u00e9t\u0151l Esztergomban. A parkol\u00e1st szab\u00e1lyz\u00f3 rendelet b\u00e1rmilyen m\u00f3dos\u00edt\u00e1s\u00e1hoz t\u00f6bbs\u00e9gi \u00f6nkorm\u00e1nyzati d\u00f6nt\u00e9s sz\u00fcks\u00e9ges &#8211; \u00edrja Esztergom v\u00e1ros a hivatalos honlapj\u00e1n. A v\u00e1ros \u00f6nkorm\u00e1nyzata 2004-ben hozott rendeletet a parkol\u00e1s rendj\u00e9r\u0151l a parkol\u00f3helyek megv\u00e1lt\u00e1s\u00e1r\u00f3l. Esztergom a v\u00e1ros anyagi helyzet\u00e9nek javul\u00e1s\u00e1val \u00faj parkol\u00e1si szab\u00e1lyoz\u00e1sban gondolkodik, mellyel a belv\u00e1rost k\u00edv\u00e1nja vonz\u00f3bb\u00e1 tenni szolg\u00e1ltat\u00e1si, kereskedelmi\" class=\"yoast-seo-meta-tag\" \/>\n<meta property=\"og:url\" content=\"https:\/\/dorogimedence.hu\/index.php\/2017\/09\/13\/ingyenes-lehet-a-parkolas-esztergomban\/\" class=\"yoast-seo-meta-tag\" \/>\n<meta property=\"og:site_name\" content=\"Dorogi-medence Region\u00e1lis H\u00edrport\u00e1l\" class=\"yoast-seo-meta-tag\" \/>\n<meta property=\"article:publisher\" content=\"https:\/\/www.facebook.com\/dorogimedence\/\" class=\"yoast-seo-meta-tag\" \/>\n<meta property=\"article:published_time\" content=\"2017-09-13T06:44:31+00:00\" class=\"yoast-seo-meta-tag\" \/>\n<meta property=\"og:image\" content=\"https:\/\/i0.wp.com\/dorogimedence.hu\/wp-content\/uploads\/2017\/09\/egom-parkolas.jpg?fit=670%2C365&ssl=1\" class=\"yoast-seo-meta-tag\" \/>\n\t<meta property=\"og:image:width\" content=\"670\" class=\"yoast-seo-meta-tag\" \/>\n\t<meta property=\"og:image:height\" content=\"365\" class=\"yoast-seo-meta-tag\" \/>\n\t<meta property=\"og:image:type\" content=\"image\/jpeg\" class=\"yoast-seo-meta-tag\" \/>\n<meta name=\"author\" content=\"dorogimedence.hu\" class=\"yoast-seo-meta-tag\" \/>\n<meta name=\"twitter:card\" content=\"summary_large_image\" class=\"yoast-seo-meta-tag\" \/>\n<meta name=\"twitter:label1\" content=\"Szerz\u0151:\" class=\"yoast-seo-meta-tag\" \/>\n\t<meta name=\"twitter:data1\" content=\"dorogimedence.hu\" class=\"yoast-seo-meta-tag\" \/>\n\t<meta name=\"twitter:label2\" content=\"Becs\u00fclt olvas\u00e1si id\u0151\" class=\"yoast-seo-meta-tag\" \/>\n\t<meta name=\"twitter:data2\" content=\"3 perc\" class=\"yoast-seo-meta-tag\" \/>\n<script type=\"application\/ld+json\" class=\"yoast-schema-graph\">{\"@context\":\"https:\\\/\\\/schema.org\",\"@graph\":[{\"@type\":\"Article\",\"@id\":\"https:\\\/\\\/dorogimedence.hu\\\/index.php\\\/2017\\\/09\\\/13\\\/ingyenes-lehet-a-parkolas-esztergomban\\\/#article\",\"isPartOf\":{\"@id\":\"https:\\\/\\\/dorogimedence.hu\\\/index.php\\\/2017\\\/09\\\/13\\\/ingyenes-lehet-a-parkolas-esztergomban\\\/\"},\"author\":{\"name\":\"dorogimedence.hu\",\"@id\":\"https:\\\/\\\/dorogimedence.hu\\\/#\\\/schema\\\/person\\\/ce6091eeb7e95ecdc87890d6aa8e0fd4\"},\"headline\":\"Ingyenes lehet a parkol\u00e1s Esztergomban\",\"datePublished\":\"2017-09-13T06:44:31+00:00\",\"mainEntityOfPage\":{\"@id\":\"https:\\\/\\\/dorogimedence.hu\\\/index.php\\\/2017\\\/09\\\/13\\\/ingyenes-lehet-a-parkolas-esztergomban\\\/\"},\"wordCount\":569,\"publisher\":{\"@id\":\"https:\\\/\\\/dorogimedence.hu\\\/#organization\"},\"image\":{\"@id\":\"https:\\\/\\\/dorogimedence.hu\\\/index.php\\\/2017\\\/09\\\/13\\\/ingyenes-lehet-a-parkolas-esztergomban\\\/#primaryimage\"},\"thumbnailUrl\":\"https:\\\/\\\/dorogimedence.hu\\\/wp-content\\\/uploads\\\/2017\\\/09\\\/egom-parkolas.jpg\",\"keywords\":[\"esztergom\",\"ingyenes parkol\u00e1s\",\"parkol\u00e1s\",\"parkol\u00f3\"],\"articleSection\":[\"Esztergom\",\"H\u00edrek\"],\"inLanguage\":\"hu\"},{\"@type\":\"WebPage\",\"@id\":\"https:\\\/\\\/dorogimedence.hu\\\/index.php\\\/2017\\\/09\\\/13\\\/ingyenes-lehet-a-parkolas-esztergomban\\\/\",\"url\":\"https:\\\/\\\/dorogimedence.hu\\\/index.php\\\/2017\\\/09\\\/13\\\/ingyenes-lehet-a-parkolas-esztergomban\\\/\",\"name\":\"Ingyenes lehet a parkol\u00e1s Esztergomban\",\"isPartOf\":{\"@id\":\"https:\\\/\\\/dorogimedence.hu\\\/#website\"},\"primaryImageOfPage\":{\"@id\":\"https:\\\/\\\/dorogimedence.hu\\\/index.php\\\/2017\\\/09\\\/13\\\/ingyenes-lehet-a-parkolas-esztergomban\\\/#primaryimage\"},\"image\":{\"@id\":\"https:\\\/\\\/dorogimedence.hu\\\/index.php\\\/2017\\\/09\\\/13\\\/ingyenes-lehet-a-parkolas-esztergomban\\\/#primaryimage\"},\"thumbnailUrl\":\"https:\\\/\\\/dorogimedence.hu\\\/wp-content\\\/uploads\\\/2017\\\/09\\\/egom-parkolas.jpg\",\"datePublished\":\"2017-09-13T06:44:31+00:00\",\"breadcrumb\":{\"@id\":\"https:\\\/\\\/dorogimedence.hu\\\/index.php\\\/2017\\\/09\\\/13\\\/ingyenes-lehet-a-parkolas-esztergomban\\\/#breadcrumb\"},\"inLanguage\":\"hu\",\"potentialAction\":[{\"@type\":\"ReadAction\",\"target\":[\"https:\\\/\\\/dorogimedence.hu\\\/index.php\\\/2017\\\/09\\\/13\\\/ingyenes-lehet-a-parkolas-esztergomban\\\/\"]}]},{\"@type\":\"ImageObject\",\"inLanguage\":\"hu\",\"@id\":\"https:\\\/\\\/dorogimedence.hu\\\/index.php\\\/2017\\\/09\\\/13\\\/ingyenes-lehet-a-parkolas-esztergomban\\\/#primaryimage\",\"url\":\"https:\\\/\\\/dorogimedence.hu\\\/wp-content\\\/uploads\\\/2017\\\/09\\\/egom-parkolas.jpg\",\"contentUrl\":\"https:\\\/\\\/dorogimedence.hu\\\/wp-content\\\/uploads\\\/2017\\\/09\\\/egom-parkolas.jpg\",\"width\":670,\"height\":365},{\"@type\":\"BreadcrumbList\",\"@id\":\"https:\\\/\\\/dorogimedence.hu\\\/index.php\\\/2017\\\/09\\\/13\\\/ingyenes-lehet-a-parkolas-esztergomban\\\/#breadcrumb\",\"itemListElement\":[{\"@type\":\"ListItem\",\"position\":1,\"name\":\"Kezd\u0151lap\",\"item\":\"https:\\\/\\\/dorogimedence.hu\\\/\"},{\"@type\":\"ListItem\",\"position\":2,\"name\":\"Ingyenes lehet a parkol\u00e1s Esztergomban\"}]},{\"@type\":\"WebSite\",\"@id\":\"https:\\\/\\\/dorogimedence.hu\\\/#website\",\"url\":\"https:\\\/\\\/dorogimedence.hu\\\/\",\"name\":\"Dorogi-medence Region\u00e1lis H\u00edrport\u00e1l\",\"description\":\"Dorog, Keszt\u00f6lc, Le\u00e1nyv\u00e1r, Piliscs\u00e9v, Tokod, Tokodalt\u00e1r\u00f3, Csolnok, Esztergom-kertv\u00e1ros: h\u00edrek, programok\",\"publisher\":{\"@id\":\"https:\\\/\\\/dorogimedence.hu\\\/#organization\"},\"potentialAction\":[{\"@type\":\"SearchAction\",\"target\":{\"@type\":\"EntryPoint\",\"urlTemplate\":\"https:\\\/\\\/dorogimedence.hu\\\/?s={search_term_string}\"},\"query-input\":{\"@type\":\"PropertyValueSpecification\",\"valueRequired\":true,\"valueName\":\"search_term_string\"}}],\"inLanguage\":\"hu\"},{\"@type\":\"Organization\",\"@id\":\"https:\\\/\\\/dorogimedence.hu\\\/#organization\",\"name\":\"Dorogi-medence Region\u00e1lis H\u00edrport\u00e1l\",\"url\":\"https:\\\/\\\/dorogimedence.hu\\\/\",\"logo\":{\"@type\":\"ImageObject\",\"inLanguage\":\"hu\",\"@id\":\"https:\\\/\\\/dorogimedence.hu\\\/#\\\/schema\\\/logo\\\/image\\\/\",\"url\":\"https:\\\/\\\/dorogimedence.hu\\\/wp-content\\\/uploads\\\/2021\\\/04\\\/logo-feher-600.png\",\"contentUrl\":\"https:\\\/\\\/dorogimedence.hu\\\/wp-content\\\/uploads\\\/2021\\\/04\\\/logo-feher-600.png\",\"width\":600,\"height\":100,\"caption\":\"Dorogi-medence Region\u00e1lis H\u00edrport\u00e1l\"},\"image\":{\"@id\":\"https:\\\/\\\/dorogimedence.hu\\\/#\\\/schema\\\/logo\\\/image\\\/\"},\"sameAs\":[\"https:\\\/\\\/www.facebook.com\\\/dorogimedence\\\/\"]},{\"@type\":\"Person\",\"@id\":\"https:\\\/\\\/dorogimedence.hu\\\/#\\\/schema\\\/person\\\/ce6091eeb7e95ecdc87890d6aa8e0fd4\",\"name\":\"dorogimedence.hu\",\"image\":{\"@type\":\"ImageObject\",\"inLanguage\":\"hu\",\"@id\":\"\\\/\\\/www.gravatar.com\\\/avatar\\\/d8d45f8901aadff40a4af72c0b826f1d?s=96&#038;r=g&#038;d=mm\",\"url\":\"\\\/\\\/www.gravatar.com\\\/avatar\\\/d8d45f8901aadff40a4af72c0b826f1d?s=96&#038;r=g&#038;d=mm\",\"contentUrl\":\"\\\/\\\/www.gravatar.com\\\/avatar\\\/d8d45f8901aadff40a4af72c0b826f1d?s=96&#038;r=g&#038;d=mm\",\"caption\":\"dorogimedence.hu\"}}]}<\/script>\n<!-- \/ Yoast SEO plugin. -->","yoast_head_json":{"title":"Ingyenes lehet a parkol\u00e1s Esztergomban","robots":{"index":"index","follow":"follow","max-snippet":"max-snippet:-1","max-image-preview":"max-image-preview:large","max-video-preview":"max-video-preview:-1"},"canonical":"https:\/\/dorogimedence.hu\/index.php\/2017\/09\/13\/ingyenes-lehet-a-parkolas-esztergomban\/","og_locale":"hu_HU","og_type":"article","og_title":"Ingyenes lehet a parkol\u00e1s Esztergomban","og_description":"Ingyeness\u00e9 v\u00e1lhat a parkol\u00e1s 2018. janu\u00e1r 1-j\u00e9t\u0151l Esztergomban. A parkol\u00e1st szab\u00e1lyz\u00f3 rendelet b\u00e1rmilyen m\u00f3dos\u00edt\u00e1s\u00e1hoz t\u00f6bbs\u00e9gi \u00f6nkorm\u00e1nyzati d\u00f6nt\u00e9s sz\u00fcks\u00e9ges &#8211; \u00edrja Esztergom v\u00e1ros a hivatalos honlapj\u00e1n. A v\u00e1ros \u00f6nkorm\u00e1nyzata 2004-ben hozott rendeletet a parkol\u00e1s rendj\u00e9r\u0151l a parkol\u00f3helyek megv\u00e1lt\u00e1s\u00e1r\u00f3l. Esztergom a v\u00e1ros anyagi helyzet\u00e9nek javul\u00e1s\u00e1val \u00faj parkol\u00e1si szab\u00e1lyoz\u00e1sban gondolkodik, mellyel a belv\u00e1rost k\u00edv\u00e1nja vonz\u00f3bb\u00e1 tenni szolg\u00e1ltat\u00e1si, kereskedelmi","og_url":"https:\/\/dorogimedence.hu\/index.php\/2017\/09\/13\/ingyenes-lehet-a-parkolas-esztergomban\/","og_site_name":"Dorogi-medence Region\u00e1lis H\u00edrport\u00e1l","article_publisher":"https:\/\/www.facebook.com\/dorogimedence\/","article_published_time":"2017-09-13T06:44:31+00:00","og_image":[{"width":670,"height":365,"url":"https:\/\/i0.wp.com\/dorogimedence.hu\/wp-content\/uploads\/2017\/09\/egom-parkolas.jpg?fit=670%2C365&ssl=1","type":"image\/jpeg"}],"author":"dorogimedence.hu","twitter_card":"summary_large_image","twitter_misc":{"Szerz\u0151:":"dorogimedence.hu","Becs\u00fclt olvas\u00e1si id\u0151":"3 perc"},"schema":{"@context":"https:\/\/schema.org","@graph":[{"@type":"Article","@id":"https:\/\/dorogimedence.hu\/index.php\/2017\/09\/13\/ingyenes-lehet-a-parkolas-esztergomban\/#article","isPartOf":{"@id":"https:\/\/dorogimedence.hu\/index.php\/2017\/09\/13\/ingyenes-lehet-a-parkolas-esztergomban\/"},"author":{"name":"dorogimedence.hu","@id":"https:\/\/dorogimedence.hu\/#\/schema\/person\/ce6091eeb7e95ecdc87890d6aa8e0fd4"},"headline":"Ingyenes lehet a parkol\u00e1s Esztergomban","datePublished":"2017-09-13T06:44:31+00:00","mainEntityOfPage":{"@id":"https:\/\/dorogimedence.hu\/index.php\/2017\/09\/13\/ingyenes-lehet-a-parkolas-esztergomban\/"},"wordCount":569,"publisher":{"@id":"https:\/\/dorogimedence.hu\/#organization"},"image":{"@id":"https:\/\/dorogimedence.hu\/index.php\/2017\/09\/13\/ingyenes-lehet-a-parkolas-esztergomban\/#primaryimage"},"thumbnailUrl":"https:\/\/dorogimedence.hu\/wp-content\/uploads\/2017\/09\/egom-parkolas.jpg","keywords":["esztergom","ingyenes parkol\u00e1s","parkol\u00e1s","parkol\u00f3"],"articleSection":["Esztergom","H\u00edrek"],"inLanguage":"hu"},{"@type":"WebPage","@id":"https:\/\/dorogimedence.hu\/index.php\/2017\/09\/13\/ingyenes-lehet-a-parkolas-esztergomban\/","url":"https:\/\/dorogimedence.hu\/index.php\/2017\/09\/13\/ingyenes-lehet-a-parkolas-esztergomban\/","name":"Ingyenes lehet a parkol\u00e1s Esztergomban","isPartOf":{"@id":"https:\/\/dorogimedence.hu\/#website"},"primaryImageOfPage":{"@id":"https:\/\/dorogimedence.hu\/index.php\/2017\/09\/13\/ingyenes-lehet-a-parkolas-esztergomban\/#primaryimage"},"image":{"@id":"https:\/\/dorogimedence.hu\/index.php\/2017\/09\/13\/ingyenes-lehet-a-parkolas-esztergomban\/#primaryimage"},"thumbnailUrl":"https:\/\/dorogimedence.hu\/wp-content\/uploads\/2017\/09\/egom-parkolas.jpg","datePublished":"2017-09-13T06:44:31+00:00","breadcrumb":{"@id":"https:\/\/dorogimedence.hu\/index.php\/2017\/09\/13\/ingyenes-lehet-a-parkolas-esztergomban\/#breadcrumb"},"inLanguage":"hu","potentialAction":[{"@type":"ReadAction","target":["https:\/\/dorogimedence.hu\/index.php\/2017\/09\/13\/ingyenes-lehet-a-parkolas-esztergomban\/"]}]},{"@type":"ImageObject","inLanguage":"hu","@id":"https:\/\/dorogimedence.hu\/index.php\/2017\/09\/13\/ingyenes-lehet-a-parkolas-esztergomban\/#primaryimage","url":"https:\/\/dorogimedence.hu\/wp-content\/uploads\/2017\/09\/egom-parkolas.jpg","contentUrl":"https:\/\/dorogimedence.hu\/wp-content\/uploads\/2017\/09\/egom-parkolas.jpg","width":670,"height":365},{"@type":"BreadcrumbList","@id":"https:\/\/dorogimedence.hu\/index.php\/2017\/09\/13\/ingyenes-lehet-a-parkolas-esztergomban\/#breadcrumb","itemListElement":[{"@type":"ListItem","position":1,"name":"Kezd\u0151lap","item":"https:\/\/dorogimedence.hu\/"},{"@type":"ListItem","position":2,"name":"Ingyenes lehet a parkol\u00e1s Esztergomban"}]},{"@type":"WebSite","@id":"https:\/\/dorogimedence.hu\/#website","url":"https:\/\/dorogimedence.hu\/","name":"Dorogi-medence Region\u00e1lis H\u00edrport\u00e1l","description":"Dorog, Keszt\u00f6lc, Le\u00e1nyv\u00e1r, Piliscs\u00e9v, Tokod, Tokodalt\u00e1r\u00f3, Csolnok, Esztergom-kertv\u00e1ros: h\u00edrek, programok","publisher":{"@id":"https:\/\/dorogimedence.hu\/#organization"},"potentialAction":[{"@type":"SearchAction","target":{"@type":"EntryPoint","urlTemplate":"https:\/\/dorogimedence.hu\/?s={search_term_string}"},"query-input":{"@type":"PropertyValueSpecification","valueRequired":true,"valueName":"search_term_string"}}],"inLanguage":"hu"},{"@type":"Organization","@id":"https:\/\/dorogimedence.hu\/#organization","name":"Dorogi-medence Region\u00e1lis H\u00edrport\u00e1l","url":"https:\/\/dorogimedence.hu\/","logo":{"@type":"ImageObject","inLanguage":"hu","@id":"https:\/\/dorogimedence.hu\/#\/schema\/logo\/image\/","url":"https:\/\/dorogimedence.hu\/wp-content\/uploads\/2021\/04\/logo-feher-600.png","contentUrl":"https:\/\/dorogimedence.hu\/wp-content\/uploads\/2021\/04\/logo-feher-600.png","width":600,"height":100,"caption":"Dorogi-medence Region\u00e1lis H\u00edrport\u00e1l"},"image":{"@id":"https:\/\/dorogimedence.hu\/#\/schema\/logo\/image\/"},"sameAs":["https:\/\/www.facebook.com\/dorogimedence\/"]},{"@type":"Person","@id":"https:\/\/dorogimedence.hu\/#\/schema\/person\/ce6091eeb7e95ecdc87890d6aa8e0fd4","name":"dorogimedence.hu","image":{"@type":"ImageObject","inLanguage":"hu","@id":"\/\/www.gravatar.com\/avatar\/d8d45f8901aadff40a4af72c0b826f1d?s=96&#038;r=g&#038;d=mm","url":"\/\/www.gravatar.com\/avatar\/d8d45f8901aadff40a4af72c0b826f1d?s=96&#038;r=g&#038;d=mm","contentUrl":"\/\/www.gravatar.com\/avatar\/d8d45f8901aadff40a4af72c0b826f1d?s=96&#038;r=g&#038;d=mm","caption":"dorogimedence.hu"}}]}},"_links":{"self":[{"href":"https:\/\/dorogimedence.hu\/index.php\/wp-json\/wp\/v2\/posts\/5579","targetHints":{"allow":["GET"]}}],"collection":[{"href":"https:\/\/dorogimedence.hu\/index.php\/wp-json\/wp\/v2\/posts"}],"about":[{"href":"https:\/\/dorogimedence.hu\/index.php\/wp-json\/wp\/v2\/types\/post"}],"author":[{"embeddable":true,"href":"https:\/\/dorogimedence.hu\/index.php\/wp-json\/wp\/v2\/users\/1"}],"replies":[{"embeddable":true,"href":"https:\/\/dorogimedence.hu\/index.php\/wp-json\/wp\/v2\/comments?post=5579"}],"version-history":[{"count":0,"href":"https:\/\/dorogimedence.hu\/index.php\/wp-json\/wp\/v2\/posts\/5579\/revisions"}],"wp:featuredmedia":[{"embeddable":true,"href":"https:\/\/dorogimedence.hu\/index.php\/wp-json\/wp\/v2\/media\/5580"}],"wp:attachment":[{"href":"https:\/\/dorogimedence.hu\/index.php\/wp-json\/wp\/v2\/media?parent=5579"}],"wp:term":[{"taxonomy":"category","embeddable":true,"href":"https:\/\/dorogimedence.hu\/index.php\/wp-json\/wp\/v2\/categories?post=5579"},{"taxonomy":"post_tag","embeddable":true,"href":"https:\/\/dorogimedence.hu\/index.php\/wp-json\/wp\/v2\/tags?post=5579"}],"curies":[{"name":"wp","href":"https:\/\/api.w.org\/{rel}","templated":true}]}}