{"id":55778,"date":"2023-08-27T09:04:18","date_gmt":"2023-08-27T07:04:18","guid":{"rendered":"https:\/\/dorogimedence.hu\/?p=55778"},"modified":"2023-08-27T09:04:18","modified_gmt":"2023-08-27T07:04:18","slug":"vonatpotlo-autobuszok-a-budapest-esztergom-vasutvonalon","status":"publish","type":"post","link":"https:\/\/dorogimedence.hu\/index.php\/2023\/08\/27\/vonatpotlo-autobuszok-a-budapest-esztergom-vasutvonalon\/","title":{"rendered":"Vonatp\u00f3tl\u00f3 aut\u00f3buszok a Budapest-Esztergom vas\u00fatvonalon"},"content":{"rendered":"<p><strong>Szeptember 4-\u00e9n, h\u00e9tf\u0151 \u00e9jjelt\u0151l 8-\u00e1n, p\u00e9ntek hajnalig, valamint 16-\u00e1n \u00e9jjel fels\u0151vezet\u00e9k- karbantart\u00e1st v\u00e9geznek R\u00e1kosrendez\u0151 \u00e1llom\u00e1son, ez\u00e9rt m\u00f3dosul a t\u00f6bb \u00e9jszakai vonat menetrendje a Budapest\u2013Esztergom, a Budapest\u2013V\u00e1c\u2013Szob \u00e9s a Budapest\u2013Veresegyh\u00e1z\u2013V\u00e1c vonalon.<\/strong><\/p>\n<p><strong>Az esztergomi vonal v\u00e1ltoz\u00e1sai:<\/strong> P\u00f3tl\u00f3busz k\u00f6zlekedik a Nyugati p\u00e1lyaudvar \u00e9s Angyalf\u00f6ld k\u00f6z\u00f6tt a Nyugati p\u00e1lyaudvarr\u00f3l 0:25-kor \u00e9s 4:14-kor, valamint az Esztergomb\u00f3l 23:35-kor indul\u00f3 S72-es vonat helyett (2010, 2030, 2181). A Nyugati p\u00e1lyaudvarr\u00f3l 4:14-kor indul\u00f3 vonat p\u00f3tl\u00f3busza kor\u00e1bban, 3:58-kor indul (2030).<\/p>\n<p><strong>A szobi \u00e9s veresegyh\u00e1zi vonal v\u00e1ltoz\u00e1sai:<\/strong> P\u00f3tl\u00f3busz k\u00f6zlekedik a Nyugati p\u00e1lyaudvar \u00e9s R\u00e1kospalota-\u00dajpest k\u00f6z\u00f6tt a Nyugati p\u00e1lyaudvarr\u00f3l 0:50-kor Szobra indul\u00f3 S70-es \u00e9s a 4:00-kor V\u00e1cra indul\u00f3 S71-es vonat helyett (2310, 2520). Az S71-es vonat p\u00f3tl\u00f3busza kor\u00e1bban, 3:40-kor indul a Nyugati p\u00e1lyaudvart\u00f3l.<\/p>\n<p>A p\u00f3tl\u00f3buszok a Nyugati p\u00e1lyaudvarn\u00e1l a V\u00e1ci \u00fati BKK v\u00e9g\u00e1llom\u00e1sr\u00f3l indul, R\u00e1kosrendez\u0151n\u00e9l a Teleki Blanka utc\u00e1ban kialak\u00edtott ideiglenes meg\u00e1ll\u00f3ban, Angyalf\u00f6ld vas\u00fat\u00e1llom\u00e1sn\u00e1l a K\u00e1mfor utcai BKK meg\u00e1ll\u00f3ban, Istv\u00e1ntelekn\u00e9l a Wysocki utcai BKK meg\u00e1ll\u00f3ban, R\u00e1kospalota-\u00dajpesten pedig az \u00e1llom\u00e1s el\u0151tti t\u00e9ren \u00e1llnak meg.<\/p>\n<p>Szeptember 7-\u00e9n hajnalban, a veresegyh\u00e1zi vonalon tov\u00e1bbi korl\u00e1toz\u00e1st vezetnek be. V\u00e1cr\u00e1t\u00f3t \u00e9s V\u00e1c k\u00f6z\u00f6tt p\u00f3tl\u00f3busz k\u00f6zlekedik p\u00e1lyakarbantart\u00e1s miatt a Nyugati p\u00e1lyaudvarr\u00f3l 0:05-kor \u00e9s a V\u00e1cr\u00f3l 3:35-kor indul\u00f3 S71-es vonat helyett (2510, 2519). A V\u00e1cr\u00f3l indul\u00f3 p\u00f3l\u00f3busz kor\u00e1bban, 3:22-kor indul a Galcsek Gy\u00f6rgy utc\u00e1b\u00f3l.<\/p>\n<ul>\n<li><span style=\"text-decoration: underline; color: #0000ff;\"><a style=\"color: #0000ff; text-decoration: underline;\" href=\"https:\/\/www.mavcsoport.hu\/sites\/default\/files\/upload\/line-lock\/v1_hirdetmeny_2_rakosrendezo_0904_0908.pdf\">Hirdetm\u00e9ny_2-es vonal_09.04.-09.08.<\/a><\/span><\/li>\n<li><span style=\"text-decoration: underline; color: #0000ff;\"><a style=\"color: #0000ff; text-decoration: underline;\" href=\"https:\/\/www.mavcsoport.hu\/sites\/default\/files\/upload\/line-lock\/v4_hirdetmeny_2_rakosrendezo_1016_1017.pdf\">Hirdetm\u00e9ny_2-es vonal_09.16.<\/a><\/span><\/li>\n<li><span style=\"text-decoration: underline; color: #0000ff;\"><a style=\"color: #0000ff; text-decoration: underline;\" href=\"https:\/\/www.mavcsoport.hu\/sites\/default\/files\/upload\/line-lock\/v2_hirdetmeny_70_rakosrendezo_0905_0908.pdf\">Hirdetm\u00e9ny_70-es vonal_09.04.-09.08.<\/a><\/span><\/li>\n<li><span style=\"text-decoration: underline; color: #0000ff;\"><a style=\"color: #0000ff; text-decoration: underline;\" href=\"https:\/\/www.mavcsoport.hu\/sites\/default\/files\/upload\/line-lock\/v5_hirdetmeny_70_rakosrendezo_1017.pdf\">Hirdetm\u00e9ny_70-es vonal_09.16.<\/a><\/span><\/li>\n<li><span style=\"text-decoration: underline; color: #0000ff;\"><a style=\"color: #0000ff; text-decoration: underline;\" href=\"https:\/\/www.mavcsoport.hu\/sites\/default\/files\/upload\/line-lock\/v3_hirdetmeny_71_rakosrendezo_0905_0908.pdf\">Hirdetm\u00e9ny_71-es vonal_09.04.-09.08.<\/a><\/span><\/li>\n<li><span style=\"text-decoration: underline; color: #0000ff;\"><a style=\"color: #0000ff; text-decoration: underline;\" href=\"https:\/\/www.mavcsoport.hu\/sites\/default\/files\/upload\/line-lock\/hirdetmeny_71_vacratot_-_vac_-_09.07.pdf\">Hirdetm\u00e9ny_71-es vonal_09.07.<\/a><\/span><\/li>\n<li><a href=\"https:\/\/www.mavcsoport.hu\/sites\/default\/files\/upload\/line-lock\/v6_hirdetmeny_71_rakosrendezo_1017.pdf\"><span style=\"text-decoration: underline; color: #0000ff;\">Hirdetm\u00e9ny_71-es vonal_09.16.<\/span><\/a><\/li>\n<\/ul>\n<p><em>Forr\u00e1s: M\u00c1V Zrt. Kommunik\u00e1ci\u00f3s Igazgat\u00f3s\u00e1g<\/em><\/p>\n","protected":false},"excerpt":{"rendered":"<p>Szeptember 4-\u00e9n, h\u00e9tf\u0151 \u00e9jjelt\u0151l 8-\u00e1n, p\u00e9ntek hajnalig, valamint 16-\u00e1n \u00e9jjel fels\u0151vezet\u00e9k- karbantart\u00e1st v\u00e9geznek R\u00e1kosrendez\u0151 \u00e1llom\u00e1son, ez\u00e9rt m\u00f3dosul a t\u00f6bb \u00e9jszakai vonat menetrendje a Budapest\u2013Esztergom, a Budapest\u2013V\u00e1c\u2013Szob \u00e9s a Budapest\u2013Veresegyh\u00e1z\u2013V\u00e1c vonalon. Az esztergomi vonal v\u00e1ltoz\u00e1sai: P\u00f3tl\u00f3busz k\u00f6zlekedik a Nyugati p\u00e1lyaudvar \u00e9s Angyalf\u00f6ld k\u00f6z\u00f6tt a Nyugati p\u00e1lyaudvarr\u00f3l 0:25-kor \u00e9s 4:14-kor, valamint az Esztergomb\u00f3l 23:35-kor indul\u00f3 S72-es vonat<\/p>\n","protected":false},"author":1,"featured_media":0,"comment_status":"closed","ping_status":"closed","sticky":false,"template":"","format":"standard","meta":{"ngg_post_thumbnail":0,"footnotes":""},"categories":[3],"tags":[292,381,291,1535],"class_list":{"0":"post-55778","1":"post","2":"type-post","3":"status-publish","4":"format-standard","6":"category-hirek","7":"tag-mav","8":"tag-vasut","9":"tag-vonat","10":"tag-vonatpotlo-autobusz"},"yoast_head":"<!-- This site is optimized with the Yoast SEO plugin v27.4 - https:\/\/yoast.com\/product\/yoast-seo-wordpress\/ -->\n<title>Vonatp\u00f3tl\u00f3 aut\u00f3buszok a Budapest-Esztergom vas\u00fatvonalon<\/title>\n<meta name=\"robots\" content=\"index, follow, max-snippet:-1, max-image-preview:large, max-video-preview:-1\" \/>\n<link rel=\"canonical\" href=\"https:\/\/dorogimedence.hu\/index.php\/2023\/08\/27\/vonatpotlo-autobuszok-a-budapest-esztergom-vasutvonalon\/\" class=\"yoast-seo-meta-tag\" \/>\n<meta property=\"og:locale\" content=\"hu_HU\" class=\"yoast-seo-meta-tag\" \/>\n<meta property=\"og:type\" content=\"article\" class=\"yoast-seo-meta-tag\" \/>\n<meta property=\"og:title\" content=\"Vonatp\u00f3tl\u00f3 aut\u00f3buszok a Budapest-Esztergom vas\u00fatvonalon\" class=\"yoast-seo-meta-tag\" \/>\n<meta property=\"og:description\" content=\"Szeptember 4-\u00e9n, h\u00e9tf\u0151 \u00e9jjelt\u0151l 8-\u00e1n, p\u00e9ntek hajnalig, valamint 16-\u00e1n \u00e9jjel fels\u0151vezet\u00e9k- karbantart\u00e1st v\u00e9geznek R\u00e1kosrendez\u0151 \u00e1llom\u00e1son, ez\u00e9rt m\u00f3dosul a t\u00f6bb \u00e9jszakai vonat menetrendje a Budapest\u2013Esztergom, a Budapest\u2013V\u00e1c\u2013Szob \u00e9s a Budapest\u2013Veresegyh\u00e1z\u2013V\u00e1c vonalon. Az esztergomi vonal v\u00e1ltoz\u00e1sai: P\u00f3tl\u00f3busz k\u00f6zlekedik a Nyugati p\u00e1lyaudvar \u00e9s Angyalf\u00f6ld k\u00f6z\u00f6tt a Nyugati p\u00e1lyaudvarr\u00f3l 0:25-kor \u00e9s 4:14-kor, valamint az Esztergomb\u00f3l 23:35-kor indul\u00f3 S72-es vonat\" class=\"yoast-seo-meta-tag\" \/>\n<meta property=\"og:url\" content=\"https:\/\/dorogimedence.hu\/index.php\/2023\/08\/27\/vonatpotlo-autobuszok-a-budapest-esztergom-vasutvonalon\/\" class=\"yoast-seo-meta-tag\" \/>\n<meta property=\"og:site_name\" content=\"Dorogi-medence Region\u00e1lis H\u00edrport\u00e1l\" class=\"yoast-seo-meta-tag\" \/>\n<meta property=\"article:publisher\" content=\"https:\/\/www.facebook.com\/dorogimedence\/\" class=\"yoast-seo-meta-tag\" \/>\n<meta property=\"article:published_time\" content=\"2023-08-27T07:04:18+00:00\" class=\"yoast-seo-meta-tag\" \/>\n<meta property=\"og:image\" content=\"https:\/\/dorogimedence.hu\/wp-content\/uploads\/2023\/03\/vasut.jpg\" class=\"yoast-seo-meta-tag\" \/>\n\t<meta property=\"og:image:width\" content=\"1200\" class=\"yoast-seo-meta-tag\" \/>\n\t<meta property=\"og:image:height\" content=\"800\" class=\"yoast-seo-meta-tag\" \/>\n\t<meta property=\"og:image:type\" content=\"image\/jpeg\" class=\"yoast-seo-meta-tag\" \/>\n<meta name=\"author\" content=\"dorogimedence.hu\" class=\"yoast-seo-meta-tag\" \/>\n<meta name=\"twitter:card\" content=\"summary_large_image\" class=\"yoast-seo-meta-tag\" \/>\n<meta name=\"twitter:label1\" content=\"Szerz\u0151:\" class=\"yoast-seo-meta-tag\" \/>\n\t<meta name=\"twitter:data1\" content=\"dorogimedence.hu\" class=\"yoast-seo-meta-tag\" \/>\n\t<meta name=\"twitter:label2\" content=\"Becs\u00fclt olvas\u00e1si id\u0151\" class=\"yoast-seo-meta-tag\" \/>\n\t<meta name=\"twitter:data2\" content=\"2 perc\" class=\"yoast-seo-meta-tag\" \/>\n<script type=\"application\/ld+json\" class=\"yoast-schema-graph\">{\"@context\":\"https:\\\/\\\/schema.org\",\"@graph\":[{\"@type\":\"Article\",\"@id\":\"https:\\\/\\\/dorogimedence.hu\\\/index.php\\\/2023\\\/08\\\/27\\\/vonatpotlo-autobuszok-a-budapest-esztergom-vasutvonalon\\\/#article\",\"isPartOf\":{\"@id\":\"https:\\\/\\\/dorogimedence.hu\\\/index.php\\\/2023\\\/08\\\/27\\\/vonatpotlo-autobuszok-a-budapest-esztergom-vasutvonalon\\\/\"},\"author\":{\"name\":\"dorogimedence.hu\",\"@id\":\"https:\\\/\\\/dorogimedence.hu\\\/#\\\/schema\\\/person\\\/ce6091eeb7e95ecdc87890d6aa8e0fd4\"},\"headline\":\"Vonatp\u00f3tl\u00f3 aut\u00f3buszok a Budapest-Esztergom vas\u00fatvonalon\",\"datePublished\":\"2023-08-27T07:04:18+00:00\",\"mainEntityOfPage\":{\"@id\":\"https:\\\/\\\/dorogimedence.hu\\\/index.php\\\/2023\\\/08\\\/27\\\/vonatpotlo-autobuszok-a-budapest-esztergom-vasutvonalon\\\/\"},\"wordCount\":361,\"publisher\":{\"@id\":\"https:\\\/\\\/dorogimedence.hu\\\/#organization\"},\"keywords\":[\"m\u00e1v\",\"vas\u00fat\",\"vonat\",\"vonatp\u00f3tl\u00f3 aut\u00f3busz\"],\"articleSection\":[\"H\u00edrek\"],\"inLanguage\":\"hu\"},{\"@type\":\"WebPage\",\"@id\":\"https:\\\/\\\/dorogimedence.hu\\\/index.php\\\/2023\\\/08\\\/27\\\/vonatpotlo-autobuszok-a-budapest-esztergom-vasutvonalon\\\/\",\"url\":\"https:\\\/\\\/dorogimedence.hu\\\/index.php\\\/2023\\\/08\\\/27\\\/vonatpotlo-autobuszok-a-budapest-esztergom-vasutvonalon\\\/\",\"name\":\"Vonatp\u00f3tl\u00f3 aut\u00f3buszok a Budapest-Esztergom vas\u00fatvonalon\",\"isPartOf\":{\"@id\":\"https:\\\/\\\/dorogimedence.hu\\\/#website\"},\"datePublished\":\"2023-08-27T07:04:18+00:00\",\"breadcrumb\":{\"@id\":\"https:\\\/\\\/dorogimedence.hu\\\/index.php\\\/2023\\\/08\\\/27\\\/vonatpotlo-autobuszok-a-budapest-esztergom-vasutvonalon\\\/#breadcrumb\"},\"inLanguage\":\"hu\",\"potentialAction\":[{\"@type\":\"ReadAction\",\"target\":[\"https:\\\/\\\/dorogimedence.hu\\\/index.php\\\/2023\\\/08\\\/27\\\/vonatpotlo-autobuszok-a-budapest-esztergom-vasutvonalon\\\/\"]}]},{\"@type\":\"BreadcrumbList\",\"@id\":\"https:\\\/\\\/dorogimedence.hu\\\/index.php\\\/2023\\\/08\\\/27\\\/vonatpotlo-autobuszok-a-budapest-esztergom-vasutvonalon\\\/#breadcrumb\",\"itemListElement\":[{\"@type\":\"ListItem\",\"position\":1,\"name\":\"Kezd\u0151lap\",\"item\":\"https:\\\/\\\/dorogimedence.hu\\\/\"},{\"@type\":\"ListItem\",\"position\":2,\"name\":\"Vonatp\u00f3tl\u00f3 aut\u00f3buszok a Budapest-Esztergom vas\u00fatvonalon\"}]},{\"@type\":\"WebSite\",\"@id\":\"https:\\\/\\\/dorogimedence.hu\\\/#website\",\"url\":\"https:\\\/\\\/dorogimedence.hu\\\/\",\"name\":\"Dorogi-medence Region\u00e1lis H\u00edrport\u00e1l\",\"description\":\"Dorog, Keszt\u00f6lc, Le\u00e1nyv\u00e1r, Piliscs\u00e9v, Tokod, Tokodalt\u00e1r\u00f3, Csolnok, Esztergom-kertv\u00e1ros: h\u00edrek, programok\",\"publisher\":{\"@id\":\"https:\\\/\\\/dorogimedence.hu\\\/#organization\"},\"potentialAction\":[{\"@type\":\"SearchAction\",\"target\":{\"@type\":\"EntryPoint\",\"urlTemplate\":\"https:\\\/\\\/dorogimedence.hu\\\/?s={search_term_string}\"},\"query-input\":{\"@type\":\"PropertyValueSpecification\",\"valueRequired\":true,\"valueName\":\"search_term_string\"}}],\"inLanguage\":\"hu\"},{\"@type\":\"Organization\",\"@id\":\"https:\\\/\\\/dorogimedence.hu\\\/#organization\",\"name\":\"Dorogi-medence Region\u00e1lis H\u00edrport\u00e1l\",\"url\":\"https:\\\/\\\/dorogimedence.hu\\\/\",\"logo\":{\"@type\":\"ImageObject\",\"inLanguage\":\"hu\",\"@id\":\"https:\\\/\\\/dorogimedence.hu\\\/#\\\/schema\\\/logo\\\/image\\\/\",\"url\":\"https:\\\/\\\/dorogimedence.hu\\\/wp-content\\\/uploads\\\/2021\\\/04\\\/logo-feher-600.png\",\"contentUrl\":\"https:\\\/\\\/dorogimedence.hu\\\/wp-content\\\/uploads\\\/2021\\\/04\\\/logo-feher-600.png\",\"width\":600,\"height\":100,\"caption\":\"Dorogi-medence Region\u00e1lis H\u00edrport\u00e1l\"},\"image\":{\"@id\":\"https:\\\/\\\/dorogimedence.hu\\\/#\\\/schema\\\/logo\\\/image\\\/\"},\"sameAs\":[\"https:\\\/\\\/www.facebook.com\\\/dorogimedence\\\/\"]},{\"@type\":\"Person\",\"@id\":\"https:\\\/\\\/dorogimedence.hu\\\/#\\\/schema\\\/person\\\/ce6091eeb7e95ecdc87890d6aa8e0fd4\",\"name\":\"dorogimedence.hu\",\"image\":{\"@type\":\"ImageObject\",\"inLanguage\":\"hu\",\"@id\":\"\\\/\\\/www.gravatar.com\\\/avatar\\\/d8d45f8901aadff40a4af72c0b826f1d?s=96&#038;r=g&#038;d=mm\",\"url\":\"\\\/\\\/www.gravatar.com\\\/avatar\\\/d8d45f8901aadff40a4af72c0b826f1d?s=96&#038;r=g&#038;d=mm\",\"contentUrl\":\"\\\/\\\/www.gravatar.com\\\/avatar\\\/d8d45f8901aadff40a4af72c0b826f1d?s=96&#038;r=g&#038;d=mm\",\"caption\":\"dorogimedence.hu\"}}]}<\/script>\n<!-- \/ Yoast SEO plugin. -->","yoast_head_json":{"title":"Vonatp\u00f3tl\u00f3 aut\u00f3buszok a Budapest-Esztergom vas\u00fatvonalon","robots":{"index":"index","follow":"follow","max-snippet":"max-snippet:-1","max-image-preview":"max-image-preview:large","max-video-preview":"max-video-preview:-1"},"canonical":"https:\/\/dorogimedence.hu\/index.php\/2023\/08\/27\/vonatpotlo-autobuszok-a-budapest-esztergom-vasutvonalon\/","og_locale":"hu_HU","og_type":"article","og_title":"Vonatp\u00f3tl\u00f3 aut\u00f3buszok a Budapest-Esztergom vas\u00fatvonalon","og_description":"Szeptember 4-\u00e9n, h\u00e9tf\u0151 \u00e9jjelt\u0151l 8-\u00e1n, p\u00e9ntek hajnalig, valamint 16-\u00e1n \u00e9jjel fels\u0151vezet\u00e9k- karbantart\u00e1st v\u00e9geznek R\u00e1kosrendez\u0151 \u00e1llom\u00e1son, ez\u00e9rt m\u00f3dosul a t\u00f6bb \u00e9jszakai vonat menetrendje a Budapest\u2013Esztergom, a Budapest\u2013V\u00e1c\u2013Szob \u00e9s a Budapest\u2013Veresegyh\u00e1z\u2013V\u00e1c vonalon. Az esztergomi vonal v\u00e1ltoz\u00e1sai: P\u00f3tl\u00f3busz k\u00f6zlekedik a Nyugati p\u00e1lyaudvar \u00e9s Angyalf\u00f6ld k\u00f6z\u00f6tt a Nyugati p\u00e1lyaudvarr\u00f3l 0:25-kor \u00e9s 4:14-kor, valamint az Esztergomb\u00f3l 23:35-kor indul\u00f3 S72-es vonat","og_url":"https:\/\/dorogimedence.hu\/index.php\/2023\/08\/27\/vonatpotlo-autobuszok-a-budapest-esztergom-vasutvonalon\/","og_site_name":"Dorogi-medence Region\u00e1lis H\u00edrport\u00e1l","article_publisher":"https:\/\/www.facebook.com\/dorogimedence\/","article_published_time":"2023-08-27T07:04:18+00:00","og_image":[{"width":1200,"height":800,"url":"https:\/\/dorogimedence.hu\/wp-content\/uploads\/2023\/03\/vasut.jpg","type":"image\/jpeg"}],"author":"dorogimedence.hu","twitter_card":"summary_large_image","twitter_misc":{"Szerz\u0151:":"dorogimedence.hu","Becs\u00fclt olvas\u00e1si id\u0151":"2 perc"},"schema":{"@context":"https:\/\/schema.org","@graph":[{"@type":"Article","@id":"https:\/\/dorogimedence.hu\/index.php\/2023\/08\/27\/vonatpotlo-autobuszok-a-budapest-esztergom-vasutvonalon\/#article","isPartOf":{"@id":"https:\/\/dorogimedence.hu\/index.php\/2023\/08\/27\/vonatpotlo-autobuszok-a-budapest-esztergom-vasutvonalon\/"},"author":{"name":"dorogimedence.hu","@id":"https:\/\/dorogimedence.hu\/#\/schema\/person\/ce6091eeb7e95ecdc87890d6aa8e0fd4"},"headline":"Vonatp\u00f3tl\u00f3 aut\u00f3buszok a Budapest-Esztergom vas\u00fatvonalon","datePublished":"2023-08-27T07:04:18+00:00","mainEntityOfPage":{"@id":"https:\/\/dorogimedence.hu\/index.php\/2023\/08\/27\/vonatpotlo-autobuszok-a-budapest-esztergom-vasutvonalon\/"},"wordCount":361,"publisher":{"@id":"https:\/\/dorogimedence.hu\/#organization"},"keywords":["m\u00e1v","vas\u00fat","vonat","vonatp\u00f3tl\u00f3 aut\u00f3busz"],"articleSection":["H\u00edrek"],"inLanguage":"hu"},{"@type":"WebPage","@id":"https:\/\/dorogimedence.hu\/index.php\/2023\/08\/27\/vonatpotlo-autobuszok-a-budapest-esztergom-vasutvonalon\/","url":"https:\/\/dorogimedence.hu\/index.php\/2023\/08\/27\/vonatpotlo-autobuszok-a-budapest-esztergom-vasutvonalon\/","name":"Vonatp\u00f3tl\u00f3 aut\u00f3buszok a Budapest-Esztergom vas\u00fatvonalon","isPartOf":{"@id":"https:\/\/dorogimedence.hu\/#website"},"datePublished":"2023-08-27T07:04:18+00:00","breadcrumb":{"@id":"https:\/\/dorogimedence.hu\/index.php\/2023\/08\/27\/vonatpotlo-autobuszok-a-budapest-esztergom-vasutvonalon\/#breadcrumb"},"inLanguage":"hu","potentialAction":[{"@type":"ReadAction","target":["https:\/\/dorogimedence.hu\/index.php\/2023\/08\/27\/vonatpotlo-autobuszok-a-budapest-esztergom-vasutvonalon\/"]}]},{"@type":"BreadcrumbList","@id":"https:\/\/dorogimedence.hu\/index.php\/2023\/08\/27\/vonatpotlo-autobuszok-a-budapest-esztergom-vasutvonalon\/#breadcrumb","itemListElement":[{"@type":"ListItem","position":1,"name":"Kezd\u0151lap","item":"https:\/\/dorogimedence.hu\/"},{"@type":"ListItem","position":2,"name":"Vonatp\u00f3tl\u00f3 aut\u00f3buszok a Budapest-Esztergom vas\u00fatvonalon"}]},{"@type":"WebSite","@id":"https:\/\/dorogimedence.hu\/#website","url":"https:\/\/dorogimedence.hu\/","name":"Dorogi-medence Region\u00e1lis H\u00edrport\u00e1l","description":"Dorog, Keszt\u00f6lc, Le\u00e1nyv\u00e1r, Piliscs\u00e9v, Tokod, Tokodalt\u00e1r\u00f3, Csolnok, Esztergom-kertv\u00e1ros: h\u00edrek, programok","publisher":{"@id":"https:\/\/dorogimedence.hu\/#organization"},"potentialAction":[{"@type":"SearchAction","target":{"@type":"EntryPoint","urlTemplate":"https:\/\/dorogimedence.hu\/?s={search_term_string}"},"query-input":{"@type":"PropertyValueSpecification","valueRequired":true,"valueName":"search_term_string"}}],"inLanguage":"hu"},{"@type":"Organization","@id":"https:\/\/dorogimedence.hu\/#organization","name":"Dorogi-medence Region\u00e1lis H\u00edrport\u00e1l","url":"https:\/\/dorogimedence.hu\/","logo":{"@type":"ImageObject","inLanguage":"hu","@id":"https:\/\/dorogimedence.hu\/#\/schema\/logo\/image\/","url":"https:\/\/dorogimedence.hu\/wp-content\/uploads\/2021\/04\/logo-feher-600.png","contentUrl":"https:\/\/dorogimedence.hu\/wp-content\/uploads\/2021\/04\/logo-feher-600.png","width":600,"height":100,"caption":"Dorogi-medence Region\u00e1lis H\u00edrport\u00e1l"},"image":{"@id":"https:\/\/dorogimedence.hu\/#\/schema\/logo\/image\/"},"sameAs":["https:\/\/www.facebook.com\/dorogimedence\/"]},{"@type":"Person","@id":"https:\/\/dorogimedence.hu\/#\/schema\/person\/ce6091eeb7e95ecdc87890d6aa8e0fd4","name":"dorogimedence.hu","image":{"@type":"ImageObject","inLanguage":"hu","@id":"\/\/www.gravatar.com\/avatar\/d8d45f8901aadff40a4af72c0b826f1d?s=96&#038;r=g&#038;d=mm","url":"\/\/www.gravatar.com\/avatar\/d8d45f8901aadff40a4af72c0b826f1d?s=96&#038;r=g&#038;d=mm","contentUrl":"\/\/www.gravatar.com\/avatar\/d8d45f8901aadff40a4af72c0b826f1d?s=96&#038;r=g&#038;d=mm","caption":"dorogimedence.hu"}}]}},"_links":{"self":[{"href":"https:\/\/dorogimedence.hu\/index.php\/wp-json\/wp\/v2\/posts\/55778","targetHints":{"allow":["GET"]}}],"collection":[{"href":"https:\/\/dorogimedence.hu\/index.php\/wp-json\/wp\/v2\/posts"}],"about":[{"href":"https:\/\/dorogimedence.hu\/index.php\/wp-json\/wp\/v2\/types\/post"}],"author":[{"embeddable":true,"href":"https:\/\/dorogimedence.hu\/index.php\/wp-json\/wp\/v2\/users\/1"}],"replies":[{"embeddable":true,"href":"https:\/\/dorogimedence.hu\/index.php\/wp-json\/wp\/v2\/comments?post=55778"}],"version-history":[{"count":0,"href":"https:\/\/dorogimedence.hu\/index.php\/wp-json\/wp\/v2\/posts\/55778\/revisions"}],"wp:attachment":[{"href":"https:\/\/dorogimedence.hu\/index.php\/wp-json\/wp\/v2\/media?parent=55778"}],"wp:term":[{"taxonomy":"category","embeddable":true,"href":"https:\/\/dorogimedence.hu\/index.php\/wp-json\/wp\/v2\/categories?post=55778"},{"taxonomy":"post_tag","embeddable":true,"href":"https:\/\/dorogimedence.hu\/index.php\/wp-json\/wp\/v2\/tags?post=55778"}],"curies":[{"name":"wp","href":"https:\/\/api.w.org\/{rel}","templated":true}]}}