{"id":55709,"date":"2023-08-24T10:09:55","date_gmt":"2023-08-24T08:09:55","guid":{"rendered":"https:\/\/dorogimedence.hu\/?p=55709"},"modified":"2023-08-24T10:09:55","modified_gmt":"2023-08-24T08:09:55","slug":"tersegunk-rendoreinek-munkajat-is-elismertek","status":"publish","type":"post","link":"https:\/\/dorogimedence.hu\/index.php\/2023\/08\/24\/tersegunk-rendoreinek-munkajat-is-elismertek\/","title":{"rendered":"T\u00e9rs\u00e9g\u00fcnk rend\u0151reinek munk\u00e1j\u00e1t is elismert\u00e9k"},"content":{"rendered":"<p><strong>Farkas G\u00e1bor rend\u0151r dand\u00e1rt\u00e1bornok augusztus 20-a alkalm\u00e1b\u00f3l elismer\u00e9seket adott \u00e1t munkat\u00e1rsainak. A dorogi rend\u0151r\u00f6k k\u00f6z\u00fcl Szlamnik Ren\u00e1ta \u00e9s Szt\u00e1na Gergely, m\u00edg az esztergomi rend\u0151r\u00f6k k\u00f6z\u00fcl Lampert Gergely, Brindz\u00e1r J\u00f3zsef \u00e9s B\u00edr\u00f3 Zolt\u00e1n munk\u00e1j\u00e1t ismert\u00e9k el.<\/strong><\/p>\n<p>Magyarorsz\u00e1g k\u00f6zt\u00e1rsas\u00e1gi eln\u00f6ke \u00e1llami \u00fcnnep\u00fcnk alkalm\u00e1b\u00f3l Magyar Ez\u00fcst \u00c9rdemkereszt kit\u00fcntet\u00e9st adom\u00e1nyozott Lampert Gergely c. r. f\u0151t\u00f6rzsz\u00e1szl\u00f3snak, az Esztergomi Rend\u0151rkapit\u00e1nys\u00e1g nyomoz\u00f3j\u00e1nak.<\/p>\n<p>Dr. Balogh J\u00e1nos r. alt\u00e1bornagy, orsz\u00e1gos rend\u0151rf\u0151kapit\u00e1ny kiemelked\u0151 szakmai munk\u00e1ja elismer\u00e9sek\u00e9nt p\u00e9nzjutalomban r\u00e9szes\u00edtette Holl\u00f3si \u00c9va munkav\u00e1llal\u00f3t, a Gazdas\u00e1gi Igazgat\u00f3s\u00e1g M\u0171szaki Oszt\u00e1ly Ingatlangazd\u00e1lkod\u00e1si Aloszt\u00e1ly alkalmazottj\u00e1t, eml\u00e9kt\u00e1rgyat adott \u00e1t Mandel Csilla M\u00e1ria rendv\u00e9delmi igazgat\u00e1si alkalmazottnak, a Kom\u00e1romi Rend\u0151rkapit\u00e1nys\u00e1g B\u0171n\u00fcgyi Oszt\u00e1ly \u00fcgykezel\u0151j\u00e9nek. El\u0151l\u00e9ptette soron k\u00edv\u00fcl rend\u0151r sz\u00e1zadoss\u00e1 Moln\u00e1r Mih\u00e1ly&nbsp;r. f\u0151hadnagyot a B\u0171n\u00fcgyi Igazgat\u00f3s\u00e1g&nbsp;Gazdas\u00e1gv\u00e9delmi Aloszt\u00e1ly f\u0151nyomoz\u00f3j\u00e1t.<\/p>\n<p>Dr. Balogh J\u00e1nos r. alt\u00e1bornagy, orsz\u00e1gos rend\u0151rf\u0151kapit\u00e1ny kiemelked\u0151 szolg\u00e1latell\u00e1t\u00e1sa elismer\u00e9sek\u00e9nt szakter\u00fclet\u00e9n ny\u00fajtott kiemelked\u0151 tev\u00e9kenys\u00e9g\u00e9\u00e9rt el\u0151l\u00e9ptette soron k\u00edv\u00fcl rend\u0151r alezredess\u00e9 Vad\u00f3cz P\u00e9ter r. \u0151rnagyot, a Hum\u00e1nigazgat\u00e1si Szolg\u00e1lat, Szem\u00e9ly\u00fcgyi Csoport csoportvezet\u0151j\u00e9t.&nbsp;P\u00e9nzjutalomban r\u00e9szes\u00edtette K\u00f6teles J\u00e1nos c. r. t\u00f6rzsz\u00e1szl\u00f3st az Ellen\u0151rz\u00e9si Szolg\u00e1lat referens\u00e9t.<\/p>\n<p>Farkas G\u00e1bor r. dand\u00e1rt\u00e1bornok, a Kom\u00e1rom-Esztergom V\u00e1rmegyei Rend\u0151r-f\u0151kapit\u00e1nys\u00e1g vezet\u0151je S\u00e1rk\u00e1ny\u00f6l\u0151 Szent Gy\u00f6rgy eml\u00e9kpakettet adom\u00e1nyozott dr. \u00cdr\u00f3 S\u00e1ndor f\u0151tisztelend\u0151 \u00farnak, a Kom\u00e1rom-Esztergom V\u00e1rmegyei Rend\u0151r-f\u0151kapit\u00e1nys\u00e1g szakmai munk\u00e1j\u00e1nak kiemelked\u0151 t\u00e1mogat\u00e1s\u00e1\u00e9rt.<\/p>\n<p>Vaczula Zolt\u00e1n r. alezredes, a Kisb\u00e9ri Rend\u0151rkapit\u00e1nys\u00e1g vezet\u0151je&nbsp;j\u00e1r\u0151rvezet\u0151nek nevezte ki Albert Leila r.\u0151rmestert.<\/p>\n<p>A Kom\u00e1rom-Esztergom V\u00e1rmegyei Rend\u0151r-f\u0151kapit\u00e1nys\u00e1g vezet\u0151je 8 f\u0151 hivat\u00e1sos \u00e1llom\u00e1ny\u00fa munkat\u00e1rsat r\u00e9szes\u00edtett elismer\u00e9sben, 3 f\u0151t p\u00e9nzjutalomban. Tart\u00f3san magas sz\u00ednvonalon v\u00e9gzett szakmai munk\u00e1ja elismer\u00e9sek\u00e9nt, kerek \u00e9vfordul\u00f3ja alkalm\u00e1b\u00f3l p\u00e9nzjutalomban r\u00e9szes\u00edtett 10 f\u0151t.<\/p>\n<p><strong>2023. j\u00fanius h\u00f3nap b\u0171n\u00fcgyese:<\/strong> SZT\u00c1NA GERGELY r. f\u0151t\u00f6rzs\u0151rmester, a Dorogi Rend\u0151rkapit\u00e1nys\u00e1g B\u0171n\u00fcgyi Oszt\u00e1ly nyomoz\u00f3ja.<\/p>\n<p><strong> 2023. j\u00fanius h\u00f3nap rend\u00e9sze:<\/strong> SZLAMNIK REN\u00c1TA&nbsp; r. z\u00e1szl\u00f3s, a Dorogi Rend\u0151rkapit\u00e1nys\u00e1g, Rend\u00e9szeti Oszt\u00e1ly szab\u00e1lys\u00e9rt\u00e9si referense.<\/p>\n<p><strong>2023. augusztus h\u00f3nap b\u0171n\u00fcgyese:<\/strong> BRINDZ\u00c1R J\u00d3ZSEF r. hadnagy, az Esztergomi Rend\u0151rkapit\u00e1nys\u00e1g, Vizsg\u00e1lati Oszt\u00e1ly f\u0151nyomoz\u00f3ja.<\/p>\n<p><strong>2023. augusztus h\u00f3nap rend\u00e9sze:<\/strong> B\u00cdR\u00d3 ZOLT\u00c1N&nbsp; r. t\u00f6rzsz\u00e1szl\u00f3s, az Esztergomi Rend\u0151rkapit\u00e1nys\u00e1g, K\u00f6zrendv\u00e9delmi \u00e9s Hat\u00e1rrend\u00e9szeti Oszt\u00e1ly szolg\u00e1latir\u00e1ny\u00edt\u00f3 parancsnoka.<\/p>\n<p><em>Bor\u00edt\u00f3k\u00e9p: police.hu<\/em><\/p>\n","protected":false},"excerpt":{"rendered":"<p>Farkas G\u00e1bor rend\u0151r dand\u00e1rt\u00e1bornok augusztus 20-a alkalm\u00e1b\u00f3l elismer\u00e9seket adott \u00e1t munkat\u00e1rsainak. A dorogi rend\u0151r\u00f6k k\u00f6z\u00fcl Szlamnik Ren\u00e1ta \u00e9s Szt\u00e1na Gergely, m\u00edg az esztergomi rend\u0151r\u00f6k k\u00f6z\u00fcl Lampert Gergely, Brindz\u00e1r J\u00f3zsef \u00e9s B\u00edr\u00f3 Zolt\u00e1n munk\u00e1j\u00e1t ismert\u00e9k el. Magyarorsz\u00e1g k\u00f6zt\u00e1rsas\u00e1gi eln\u00f6ke \u00e1llami \u00fcnnep\u00fcnk alkalm\u00e1b\u00f3l Magyar Ez\u00fcst \u00c9rdemkereszt kit\u00fcntet\u00e9st adom\u00e1nyozott Lampert Gergely c. r. f\u0151t\u00f6rzsz\u00e1szl\u00f3snak, az Esztergomi Rend\u0151rkapit\u00e1nys\u00e1g nyomoz\u00f3j\u00e1nak.<\/p>\n","protected":false},"author":1,"featured_media":55710,"comment_status":"closed","ping_status":"closed","sticky":false,"template":"","format":"standard","meta":{"ngg_post_thumbnail":0,"footnotes":""},"categories":[2,38,3],"tags":[15,42,519,6890,5252,61],"class_list":{"0":"post-55709","1":"post","2":"type-post","3":"status-publish","4":"format-standard","5":"has-post-thumbnail","7":"category-dorog","8":"category-esztergom","9":"category-hirek","10":"tag-dorog","11":"tag-esztergom","12":"tag-kituntetes","13":"tag-komarom-esztergom-varmegye","14":"tag-rendori-elismeres","15":"tag-rendorsegi-hirek"},"yoast_head":"<!-- This site is optimized with the Yoast SEO plugin v27.4 - https:\/\/yoast.com\/product\/yoast-seo-wordpress\/ -->\n<title>T\u00e9rs\u00e9g\u00fcnk rend\u0151reinek munk\u00e1j\u00e1t is elismert\u00e9k<\/title>\n<meta name=\"robots\" content=\"index, follow, max-snippet:-1, max-image-preview:large, max-video-preview:-1\" \/>\n<link rel=\"canonical\" href=\"https:\/\/dorogimedence.hu\/index.php\/2023\/08\/24\/tersegunk-rendoreinek-munkajat-is-elismertek\/\" class=\"yoast-seo-meta-tag\" \/>\n<meta property=\"og:locale\" content=\"hu_HU\" class=\"yoast-seo-meta-tag\" \/>\n<meta property=\"og:type\" content=\"article\" class=\"yoast-seo-meta-tag\" \/>\n<meta property=\"og:title\" content=\"T\u00e9rs\u00e9g\u00fcnk rend\u0151reinek munk\u00e1j\u00e1t is elismert\u00e9k\" class=\"yoast-seo-meta-tag\" \/>\n<meta property=\"og:description\" content=\"Farkas G\u00e1bor rend\u0151r dand\u00e1rt\u00e1bornok augusztus 20-a alkalm\u00e1b\u00f3l elismer\u00e9seket adott \u00e1t munkat\u00e1rsainak. A dorogi rend\u0151r\u00f6k k\u00f6z\u00fcl Szlamnik Ren\u00e1ta \u00e9s Szt\u00e1na Gergely, m\u00edg az esztergomi rend\u0151r\u00f6k k\u00f6z\u00fcl Lampert Gergely, Brindz\u00e1r J\u00f3zsef \u00e9s B\u00edr\u00f3 Zolt\u00e1n munk\u00e1j\u00e1t ismert\u00e9k el. Magyarorsz\u00e1g k\u00f6zt\u00e1rsas\u00e1gi eln\u00f6ke \u00e1llami \u00fcnnep\u00fcnk alkalm\u00e1b\u00f3l Magyar Ez\u00fcst \u00c9rdemkereszt kit\u00fcntet\u00e9st adom\u00e1nyozott Lampert Gergely c. r. f\u0151t\u00f6rzsz\u00e1szl\u00f3snak, az Esztergomi Rend\u0151rkapit\u00e1nys\u00e1g nyomoz\u00f3j\u00e1nak.\" class=\"yoast-seo-meta-tag\" \/>\n<meta property=\"og:url\" content=\"https:\/\/dorogimedence.hu\/index.php\/2023\/08\/24\/tersegunk-rendoreinek-munkajat-is-elismertek\/\" class=\"yoast-seo-meta-tag\" \/>\n<meta property=\"og:site_name\" content=\"Dorogi-medence Region\u00e1lis H\u00edrport\u00e1l\" class=\"yoast-seo-meta-tag\" \/>\n<meta property=\"article:publisher\" content=\"https:\/\/www.facebook.com\/dorogimedence\/\" class=\"yoast-seo-meta-tag\" \/>\n<meta property=\"article:published_time\" content=\"2023-08-24T08:09:55+00:00\" class=\"yoast-seo-meta-tag\" \/>\n<meta property=\"og:image\" content=\"https:\/\/dorogimedence.hu\/wp-content\/uploads\/2023\/08\/rendor-elismeres.jpg\" class=\"yoast-seo-meta-tag\" \/>\n\t<meta property=\"og:image:width\" content=\"1920\" class=\"yoast-seo-meta-tag\" \/>\n\t<meta property=\"og:image:height\" content=\"970\" class=\"yoast-seo-meta-tag\" \/>\n\t<meta property=\"og:image:type\" content=\"image\/jpeg\" class=\"yoast-seo-meta-tag\" \/>\n<meta name=\"author\" content=\"dorogimedence.hu\" class=\"yoast-seo-meta-tag\" \/>\n<meta name=\"twitter:card\" content=\"summary_large_image\" class=\"yoast-seo-meta-tag\" \/>\n<meta name=\"twitter:label1\" content=\"Szerz\u0151:\" class=\"yoast-seo-meta-tag\" \/>\n\t<meta name=\"twitter:data1\" content=\"dorogimedence.hu\" class=\"yoast-seo-meta-tag\" \/>\n\t<meta name=\"twitter:label2\" content=\"Becs\u00fclt olvas\u00e1si id\u0151\" class=\"yoast-seo-meta-tag\" \/>\n\t<meta name=\"twitter:data2\" content=\"3 perc\" class=\"yoast-seo-meta-tag\" \/>\n<script type=\"application\/ld+json\" class=\"yoast-schema-graph\">{\"@context\":\"https:\\\/\\\/schema.org\",\"@graph\":[{\"@type\":\"Article\",\"@id\":\"https:\\\/\\\/dorogimedence.hu\\\/index.php\\\/2023\\\/08\\\/24\\\/tersegunk-rendoreinek-munkajat-is-elismertek\\\/#article\",\"isPartOf\":{\"@id\":\"https:\\\/\\\/dorogimedence.hu\\\/index.php\\\/2023\\\/08\\\/24\\\/tersegunk-rendoreinek-munkajat-is-elismertek\\\/\"},\"author\":{\"name\":\"dorogimedence.hu\",\"@id\":\"https:\\\/\\\/dorogimedence.hu\\\/#\\\/schema\\\/person\\\/ce6091eeb7e95ecdc87890d6aa8e0fd4\"},\"headline\":\"T\u00e9rs\u00e9g\u00fcnk rend\u0151reinek munk\u00e1j\u00e1t is elismert\u00e9k\",\"datePublished\":\"2023-08-24T08:09:55+00:00\",\"mainEntityOfPage\":{\"@id\":\"https:\\\/\\\/dorogimedence.hu\\\/index.php\\\/2023\\\/08\\\/24\\\/tersegunk-rendoreinek-munkajat-is-elismertek\\\/\"},\"wordCount\":569,\"publisher\":{\"@id\":\"https:\\\/\\\/dorogimedence.hu\\\/#organization\"},\"image\":{\"@id\":\"https:\\\/\\\/dorogimedence.hu\\\/index.php\\\/2023\\\/08\\\/24\\\/tersegunk-rendoreinek-munkajat-is-elismertek\\\/#primaryimage\"},\"thumbnailUrl\":\"https:\\\/\\\/dorogimedence.hu\\\/wp-content\\\/uploads\\\/2023\\\/08\\\/rendor-elismeres.jpg\",\"keywords\":[\"Dorog\",\"esztergom\",\"kit\u00fcntet\u00e9s\",\"Kom\u00e1rom-Esztergom v\u00e1rmegye\",\"rend\u0151ri elismer\u00e9s\",\"rend\u0151rs\u00e9gi h\u00edrek\"],\"articleSection\":[\"Dorog\",\"Esztergom\",\"H\u00edrek\"],\"inLanguage\":\"hu\"},{\"@type\":\"WebPage\",\"@id\":\"https:\\\/\\\/dorogimedence.hu\\\/index.php\\\/2023\\\/08\\\/24\\\/tersegunk-rendoreinek-munkajat-is-elismertek\\\/\",\"url\":\"https:\\\/\\\/dorogimedence.hu\\\/index.php\\\/2023\\\/08\\\/24\\\/tersegunk-rendoreinek-munkajat-is-elismertek\\\/\",\"name\":\"T\u00e9rs\u00e9g\u00fcnk rend\u0151reinek munk\u00e1j\u00e1t is elismert\u00e9k\",\"isPartOf\":{\"@id\":\"https:\\\/\\\/dorogimedence.hu\\\/#website\"},\"primaryImageOfPage\":{\"@id\":\"https:\\\/\\\/dorogimedence.hu\\\/index.php\\\/2023\\\/08\\\/24\\\/tersegunk-rendoreinek-munkajat-is-elismertek\\\/#primaryimage\"},\"image\":{\"@id\":\"https:\\\/\\\/dorogimedence.hu\\\/index.php\\\/2023\\\/08\\\/24\\\/tersegunk-rendoreinek-munkajat-is-elismertek\\\/#primaryimage\"},\"thumbnailUrl\":\"https:\\\/\\\/dorogimedence.hu\\\/wp-content\\\/uploads\\\/2023\\\/08\\\/rendor-elismeres.jpg\",\"datePublished\":\"2023-08-24T08:09:55+00:00\",\"breadcrumb\":{\"@id\":\"https:\\\/\\\/dorogimedence.hu\\\/index.php\\\/2023\\\/08\\\/24\\\/tersegunk-rendoreinek-munkajat-is-elismertek\\\/#breadcrumb\"},\"inLanguage\":\"hu\",\"potentialAction\":[{\"@type\":\"ReadAction\",\"target\":[\"https:\\\/\\\/dorogimedence.hu\\\/index.php\\\/2023\\\/08\\\/24\\\/tersegunk-rendoreinek-munkajat-is-elismertek\\\/\"]}]},{\"@type\":\"ImageObject\",\"inLanguage\":\"hu\",\"@id\":\"https:\\\/\\\/dorogimedence.hu\\\/index.php\\\/2023\\\/08\\\/24\\\/tersegunk-rendoreinek-munkajat-is-elismertek\\\/#primaryimage\",\"url\":\"https:\\\/\\\/dorogimedence.hu\\\/wp-content\\\/uploads\\\/2023\\\/08\\\/rendor-elismeres.jpg\",\"contentUrl\":\"https:\\\/\\\/dorogimedence.hu\\\/wp-content\\\/uploads\\\/2023\\\/08\\\/rendor-elismeres.jpg\",\"width\":1920,\"height\":970},{\"@type\":\"BreadcrumbList\",\"@id\":\"https:\\\/\\\/dorogimedence.hu\\\/index.php\\\/2023\\\/08\\\/24\\\/tersegunk-rendoreinek-munkajat-is-elismertek\\\/#breadcrumb\",\"itemListElement\":[{\"@type\":\"ListItem\",\"position\":1,\"name\":\"Kezd\u0151lap\",\"item\":\"https:\\\/\\\/dorogimedence.hu\\\/\"},{\"@type\":\"ListItem\",\"position\":2,\"name\":\"T\u00e9rs\u00e9g\u00fcnk rend\u0151reinek munk\u00e1j\u00e1t is elismert\u00e9k\"}]},{\"@type\":\"WebSite\",\"@id\":\"https:\\\/\\\/dorogimedence.hu\\\/#website\",\"url\":\"https:\\\/\\\/dorogimedence.hu\\\/\",\"name\":\"Dorogi-medence Region\u00e1lis H\u00edrport\u00e1l\",\"description\":\"Dorog, Keszt\u00f6lc, Le\u00e1nyv\u00e1r, Piliscs\u00e9v, Tokod, Tokodalt\u00e1r\u00f3, Csolnok, Esztergom-kertv\u00e1ros: h\u00edrek, programok\",\"publisher\":{\"@id\":\"https:\\\/\\\/dorogimedence.hu\\\/#organization\"},\"potentialAction\":[{\"@type\":\"SearchAction\",\"target\":{\"@type\":\"EntryPoint\",\"urlTemplate\":\"https:\\\/\\\/dorogimedence.hu\\\/?s={search_term_string}\"},\"query-input\":{\"@type\":\"PropertyValueSpecification\",\"valueRequired\":true,\"valueName\":\"search_term_string\"}}],\"inLanguage\":\"hu\"},{\"@type\":\"Organization\",\"@id\":\"https:\\\/\\\/dorogimedence.hu\\\/#organization\",\"name\":\"Dorogi-medence Region\u00e1lis H\u00edrport\u00e1l\",\"url\":\"https:\\\/\\\/dorogimedence.hu\\\/\",\"logo\":{\"@type\":\"ImageObject\",\"inLanguage\":\"hu\",\"@id\":\"https:\\\/\\\/dorogimedence.hu\\\/#\\\/schema\\\/logo\\\/image\\\/\",\"url\":\"https:\\\/\\\/dorogimedence.hu\\\/wp-content\\\/uploads\\\/2021\\\/04\\\/logo-feher-600.png\",\"contentUrl\":\"https:\\\/\\\/dorogimedence.hu\\\/wp-content\\\/uploads\\\/2021\\\/04\\\/logo-feher-600.png\",\"width\":600,\"height\":100,\"caption\":\"Dorogi-medence Region\u00e1lis H\u00edrport\u00e1l\"},\"image\":{\"@id\":\"https:\\\/\\\/dorogimedence.hu\\\/#\\\/schema\\\/logo\\\/image\\\/\"},\"sameAs\":[\"https:\\\/\\\/www.facebook.com\\\/dorogimedence\\\/\"]},{\"@type\":\"Person\",\"@id\":\"https:\\\/\\\/dorogimedence.hu\\\/#\\\/schema\\\/person\\\/ce6091eeb7e95ecdc87890d6aa8e0fd4\",\"name\":\"dorogimedence.hu\",\"image\":{\"@type\":\"ImageObject\",\"inLanguage\":\"hu\",\"@id\":\"\\\/\\\/www.gravatar.com\\\/avatar\\\/d8d45f8901aadff40a4af72c0b826f1d?s=96&#038;r=g&#038;d=mm\",\"url\":\"\\\/\\\/www.gravatar.com\\\/avatar\\\/d8d45f8901aadff40a4af72c0b826f1d?s=96&#038;r=g&#038;d=mm\",\"contentUrl\":\"\\\/\\\/www.gravatar.com\\\/avatar\\\/d8d45f8901aadff40a4af72c0b826f1d?s=96&#038;r=g&#038;d=mm\",\"caption\":\"dorogimedence.hu\"}}]}<\/script>\n<!-- \/ Yoast SEO plugin. -->","yoast_head_json":{"title":"T\u00e9rs\u00e9g\u00fcnk rend\u0151reinek munk\u00e1j\u00e1t is elismert\u00e9k","robots":{"index":"index","follow":"follow","max-snippet":"max-snippet:-1","max-image-preview":"max-image-preview:large","max-video-preview":"max-video-preview:-1"},"canonical":"https:\/\/dorogimedence.hu\/index.php\/2023\/08\/24\/tersegunk-rendoreinek-munkajat-is-elismertek\/","og_locale":"hu_HU","og_type":"article","og_title":"T\u00e9rs\u00e9g\u00fcnk rend\u0151reinek munk\u00e1j\u00e1t is elismert\u00e9k","og_description":"Farkas G\u00e1bor rend\u0151r dand\u00e1rt\u00e1bornok augusztus 20-a alkalm\u00e1b\u00f3l elismer\u00e9seket adott \u00e1t munkat\u00e1rsainak. A dorogi rend\u0151r\u00f6k k\u00f6z\u00fcl Szlamnik Ren\u00e1ta \u00e9s Szt\u00e1na Gergely, m\u00edg az esztergomi rend\u0151r\u00f6k k\u00f6z\u00fcl Lampert Gergely, Brindz\u00e1r J\u00f3zsef \u00e9s B\u00edr\u00f3 Zolt\u00e1n munk\u00e1j\u00e1t ismert\u00e9k el. Magyarorsz\u00e1g k\u00f6zt\u00e1rsas\u00e1gi eln\u00f6ke \u00e1llami \u00fcnnep\u00fcnk alkalm\u00e1b\u00f3l Magyar Ez\u00fcst \u00c9rdemkereszt kit\u00fcntet\u00e9st adom\u00e1nyozott Lampert Gergely c. r. f\u0151t\u00f6rzsz\u00e1szl\u00f3snak, az Esztergomi Rend\u0151rkapit\u00e1nys\u00e1g nyomoz\u00f3j\u00e1nak.","og_url":"https:\/\/dorogimedence.hu\/index.php\/2023\/08\/24\/tersegunk-rendoreinek-munkajat-is-elismertek\/","og_site_name":"Dorogi-medence Region\u00e1lis H\u00edrport\u00e1l","article_publisher":"https:\/\/www.facebook.com\/dorogimedence\/","article_published_time":"2023-08-24T08:09:55+00:00","og_image":[{"width":1920,"height":970,"url":"https:\/\/dorogimedence.hu\/wp-content\/uploads\/2023\/08\/rendor-elismeres.jpg","type":"image\/jpeg"}],"author":"dorogimedence.hu","twitter_card":"summary_large_image","twitter_misc":{"Szerz\u0151:":"dorogimedence.hu","Becs\u00fclt olvas\u00e1si id\u0151":"3 perc"},"schema":{"@context":"https:\/\/schema.org","@graph":[{"@type":"Article","@id":"https:\/\/dorogimedence.hu\/index.php\/2023\/08\/24\/tersegunk-rendoreinek-munkajat-is-elismertek\/#article","isPartOf":{"@id":"https:\/\/dorogimedence.hu\/index.php\/2023\/08\/24\/tersegunk-rendoreinek-munkajat-is-elismertek\/"},"author":{"name":"dorogimedence.hu","@id":"https:\/\/dorogimedence.hu\/#\/schema\/person\/ce6091eeb7e95ecdc87890d6aa8e0fd4"},"headline":"T\u00e9rs\u00e9g\u00fcnk rend\u0151reinek munk\u00e1j\u00e1t is elismert\u00e9k","datePublished":"2023-08-24T08:09:55+00:00","mainEntityOfPage":{"@id":"https:\/\/dorogimedence.hu\/index.php\/2023\/08\/24\/tersegunk-rendoreinek-munkajat-is-elismertek\/"},"wordCount":569,"publisher":{"@id":"https:\/\/dorogimedence.hu\/#organization"},"image":{"@id":"https:\/\/dorogimedence.hu\/index.php\/2023\/08\/24\/tersegunk-rendoreinek-munkajat-is-elismertek\/#primaryimage"},"thumbnailUrl":"https:\/\/dorogimedence.hu\/wp-content\/uploads\/2023\/08\/rendor-elismeres.jpg","keywords":["Dorog","esztergom","kit\u00fcntet\u00e9s","Kom\u00e1rom-Esztergom v\u00e1rmegye","rend\u0151ri elismer\u00e9s","rend\u0151rs\u00e9gi h\u00edrek"],"articleSection":["Dorog","Esztergom","H\u00edrek"],"inLanguage":"hu"},{"@type":"WebPage","@id":"https:\/\/dorogimedence.hu\/index.php\/2023\/08\/24\/tersegunk-rendoreinek-munkajat-is-elismertek\/","url":"https:\/\/dorogimedence.hu\/index.php\/2023\/08\/24\/tersegunk-rendoreinek-munkajat-is-elismertek\/","name":"T\u00e9rs\u00e9g\u00fcnk rend\u0151reinek munk\u00e1j\u00e1t is elismert\u00e9k","isPartOf":{"@id":"https:\/\/dorogimedence.hu\/#website"},"primaryImageOfPage":{"@id":"https:\/\/dorogimedence.hu\/index.php\/2023\/08\/24\/tersegunk-rendoreinek-munkajat-is-elismertek\/#primaryimage"},"image":{"@id":"https:\/\/dorogimedence.hu\/index.php\/2023\/08\/24\/tersegunk-rendoreinek-munkajat-is-elismertek\/#primaryimage"},"thumbnailUrl":"https:\/\/dorogimedence.hu\/wp-content\/uploads\/2023\/08\/rendor-elismeres.jpg","datePublished":"2023-08-24T08:09:55+00:00","breadcrumb":{"@id":"https:\/\/dorogimedence.hu\/index.php\/2023\/08\/24\/tersegunk-rendoreinek-munkajat-is-elismertek\/#breadcrumb"},"inLanguage":"hu","potentialAction":[{"@type":"ReadAction","target":["https:\/\/dorogimedence.hu\/index.php\/2023\/08\/24\/tersegunk-rendoreinek-munkajat-is-elismertek\/"]}]},{"@type":"ImageObject","inLanguage":"hu","@id":"https:\/\/dorogimedence.hu\/index.php\/2023\/08\/24\/tersegunk-rendoreinek-munkajat-is-elismertek\/#primaryimage","url":"https:\/\/dorogimedence.hu\/wp-content\/uploads\/2023\/08\/rendor-elismeres.jpg","contentUrl":"https:\/\/dorogimedence.hu\/wp-content\/uploads\/2023\/08\/rendor-elismeres.jpg","width":1920,"height":970},{"@type":"BreadcrumbList","@id":"https:\/\/dorogimedence.hu\/index.php\/2023\/08\/24\/tersegunk-rendoreinek-munkajat-is-elismertek\/#breadcrumb","itemListElement":[{"@type":"ListItem","position":1,"name":"Kezd\u0151lap","item":"https:\/\/dorogimedence.hu\/"},{"@type":"ListItem","position":2,"name":"T\u00e9rs\u00e9g\u00fcnk rend\u0151reinek munk\u00e1j\u00e1t is elismert\u00e9k"}]},{"@type":"WebSite","@id":"https:\/\/dorogimedence.hu\/#website","url":"https:\/\/dorogimedence.hu\/","name":"Dorogi-medence Region\u00e1lis H\u00edrport\u00e1l","description":"Dorog, Keszt\u00f6lc, Le\u00e1nyv\u00e1r, Piliscs\u00e9v, Tokod, Tokodalt\u00e1r\u00f3, Csolnok, Esztergom-kertv\u00e1ros: h\u00edrek, programok","publisher":{"@id":"https:\/\/dorogimedence.hu\/#organization"},"potentialAction":[{"@type":"SearchAction","target":{"@type":"EntryPoint","urlTemplate":"https:\/\/dorogimedence.hu\/?s={search_term_string}"},"query-input":{"@type":"PropertyValueSpecification","valueRequired":true,"valueName":"search_term_string"}}],"inLanguage":"hu"},{"@type":"Organization","@id":"https:\/\/dorogimedence.hu\/#organization","name":"Dorogi-medence Region\u00e1lis H\u00edrport\u00e1l","url":"https:\/\/dorogimedence.hu\/","logo":{"@type":"ImageObject","inLanguage":"hu","@id":"https:\/\/dorogimedence.hu\/#\/schema\/logo\/image\/","url":"https:\/\/dorogimedence.hu\/wp-content\/uploads\/2021\/04\/logo-feher-600.png","contentUrl":"https:\/\/dorogimedence.hu\/wp-content\/uploads\/2021\/04\/logo-feher-600.png","width":600,"height":100,"caption":"Dorogi-medence Region\u00e1lis H\u00edrport\u00e1l"},"image":{"@id":"https:\/\/dorogimedence.hu\/#\/schema\/logo\/image\/"},"sameAs":["https:\/\/www.facebook.com\/dorogimedence\/"]},{"@type":"Person","@id":"https:\/\/dorogimedence.hu\/#\/schema\/person\/ce6091eeb7e95ecdc87890d6aa8e0fd4","name":"dorogimedence.hu","image":{"@type":"ImageObject","inLanguage":"hu","@id":"\/\/www.gravatar.com\/avatar\/d8d45f8901aadff40a4af72c0b826f1d?s=96&#038;r=g&#038;d=mm","url":"\/\/www.gravatar.com\/avatar\/d8d45f8901aadff40a4af72c0b826f1d?s=96&#038;r=g&#038;d=mm","contentUrl":"\/\/www.gravatar.com\/avatar\/d8d45f8901aadff40a4af72c0b826f1d?s=96&#038;r=g&#038;d=mm","caption":"dorogimedence.hu"}}]}},"_links":{"self":[{"href":"https:\/\/dorogimedence.hu\/index.php\/wp-json\/wp\/v2\/posts\/55709","targetHints":{"allow":["GET"]}}],"collection":[{"href":"https:\/\/dorogimedence.hu\/index.php\/wp-json\/wp\/v2\/posts"}],"about":[{"href":"https:\/\/dorogimedence.hu\/index.php\/wp-json\/wp\/v2\/types\/post"}],"author":[{"embeddable":true,"href":"https:\/\/dorogimedence.hu\/index.php\/wp-json\/wp\/v2\/users\/1"}],"replies":[{"embeddable":true,"href":"https:\/\/dorogimedence.hu\/index.php\/wp-json\/wp\/v2\/comments?post=55709"}],"version-history":[{"count":0,"href":"https:\/\/dorogimedence.hu\/index.php\/wp-json\/wp\/v2\/posts\/55709\/revisions"}],"wp:featuredmedia":[{"embeddable":true,"href":"https:\/\/dorogimedence.hu\/index.php\/wp-json\/wp\/v2\/media\/55710"}],"wp:attachment":[{"href":"https:\/\/dorogimedence.hu\/index.php\/wp-json\/wp\/v2\/media?parent=55709"}],"wp:term":[{"taxonomy":"category","embeddable":true,"href":"https:\/\/dorogimedence.hu\/index.php\/wp-json\/wp\/v2\/categories?post=55709"},{"taxonomy":"post_tag","embeddable":true,"href":"https:\/\/dorogimedence.hu\/index.php\/wp-json\/wp\/v2\/tags?post=55709"}],"curies":[{"name":"wp","href":"https:\/\/api.w.org\/{rel}","templated":true}]}}