{"id":55631,"date":"2023-08-20T17:26:13","date_gmt":"2023-08-20T15:26:13","guid":{"rendered":"https:\/\/dorogimedence.hu\/?p=55631"},"modified":"2023-08-20T17:26:13","modified_gmt":"2023-08-20T15:26:13","slug":"kitunteteseket-adott-at-novak-katalin-esztergomban","status":"publish","type":"post","link":"https:\/\/dorogimedence.hu\/index.php\/2023\/08\/20\/kitunteteseket-adott-at-novak-katalin-esztergomban\/","title":{"rendered":"Kit\u00fcntet\u00e9seket adott \u00e1t Nov\u00e1k Katalin Esztergomban"},"content":{"rendered":"<p><strong>Egy nemzetnek sz\u00fcks\u00e9ge van p\u00e9ldak\u00e9pekre<\/strong> <em>&#8211; hangs\u00falyozta Nov\u00e1k Katalin k\u00f6zt\u00e1rsas\u00e1gi eln\u00f6k augusztus 20-\u00e1n Esztergomban, a Magyar Szent Istv\u00e1n Rend \u00e9s a Magyar Becs\u00fcletrend \u00e1tad\u00e1sakor.<\/em><\/p>\n<p>Olyan p\u00e9ldak\u00e9pekre van sz\u00fcks\u00e9g, akikkel egy nyelvet besz\u00e9l\u00fcnk, akikkel k\u00f6z\u00f6s a t\u00f6rt\u00e9net\u00fcnk, akik olyanok, mint mi, m\u00e9gis t\u00f6bbek \u00e9s jobbak n\u00e1lunk. Akikre \u00fagy n\u00e9zhet\u00fcnk fel, hogy k\u00f6zben benn\u00fck magunkra ismer\u00fcnk &#8211; mutatott r\u00e1 Nov\u00e1k Katalin.<\/p>\n<p>Magyar Szent Istv\u00e1n Rendet vehetett \u00e1t Karik\u00f3 Katalin kutat\u00f3biol\u00f3gus \u00e9s Szil\u00e1gyi \u00c1ron h\u00e1romszoros olimpiai bajnok kardv\u00edv\u00f3t, m\u00edg a Magyar Becs\u00fcletrendet B\u00f6jte Csaba ferences rendi szerzetesnek adta \u00e1t az \u00e1llamf\u0151.<br \/>\nNov\u00e1k Katalin kiemelte: mindh\u00e1rom d\u00edjazottnak fontos a magyars\u00e1ga, a k\u00f6z\u00f6ss\u00e9g\u00e9rt dolgoznak, munk\u00e1jukat szolg\u00e1latnak is tekintik. K\u00f6z\u00f6s benn\u00fck az embers\u00e9g\u00fck, a csal\u00e1d fontoss\u00e1ga, s hogy mindannyian az egy mindenki\u00e9rt elv szerint \u00e9lik \u00e9let\u00fcket.<\/p>\n<p><img fetchpriority=\"high\" decoding=\"async\" class=\"alignnone size-full wp-image-55636\" src=\"https:\/\/dorogimedence.hu\/wp-content\/uploads\/2023\/08\/szilagyi.jpg\" alt=\"\" width=\"1920\" height=\"1453\"><\/p>\n<p>A k\u00f6zt\u00e1rsas\u00e1gi eln\u00f6k Karik\u00f3 Katalinr\u00f3l elmondta: olyan kutat\u00f3, aki hitt abban, hogy ami a fej\u00e9ben gondolatk\u00e9nt megsz\u00fcletett, m\u00e9g akkor is val\u00f3di, j\u00f3 megold\u00e1s lesz a gyakorlatban, ha err\u0151l lebesz\u00e9lik, elb\u00e1tortalan\u00edtj\u00e1k. A neh\u00e9zs\u00e9gekb\u0151l tudott \u00e9p\u00fclni, s ezt adja tov\u00e1bb a hozz\u00e1 fordul\u00f3 fiatal kutat\u00f3knak is.<\/p>\n<p>Szil\u00e1gyi \u00c1ronr\u00f3l a k\u00f6zt\u00e1rsas\u00e1gi eln\u00f6k kiemelte a Stipendium Peregrinum programhoz val\u00f3 csatlakoz\u00e1s\u00e1t. Mint mondta, Szil\u00e1gyi \u00c1ron v\u00e1llalta, hogy szem\u00e9lyesen t\u00e1mogatja, seg\u00edti a fiatal tehets\u00e9geket, amit \u0151 maga is megkapott. P\u00e9ldamutat\u00f3 abban is, ahogy Fair Play-d\u00edjask\u00e9nt az ellenfeleivel b\u00e1nik, amilyen tisztelettel fordul a m\u00e1sik fel\u00e9.<\/p>\n<p>B\u00f6jte Csaba azt v\u00e1llalta, hogy az igaz\u00e1n neh\u00e9z sorban \u00e9l\u0151 \u00e1rva, vagy rossz k\u00f6r\u00fclm\u00e9nyek k\u00f6z\u00f6tt \u00e9l\u0151 2500 gyereknek, fiatalnak ny\u00fajt otthont \u00e9s csal\u00e1dot. A j\u00f3s\u00e1g ir\u00e1nti elk\u00f6telezetts\u00e9ggel \u00e9l\u0151 az \u00e9let\u00e9t, tud\u00e1s\u00e1t pedig \u00fagy adja tov\u00e1bb, ahogyan az \u00e1ltala felnevelt gyerekek is gondoskodnak a r\u00e1szorul\u00f3kr\u00f3l &#8211; fogalmazott Nov\u00e1k Katalin.<\/p>\n<p><img decoding=\"async\" class=\"alignnone size-full wp-image-55638\" src=\"https:\/\/dorogimedence.hu\/wp-content\/uploads\/2023\/08\/kariko.jpg\" alt=\"\" width=\"1920\" height=\"1320\"><\/p>\n<p>A m\u00e9ltat\u00e1s szerint a legrangosabb \u00e1llami d\u00edjjal Karik\u00f3 Katalin Magyarorsz\u00e1g \u00e9s a magyar tudom\u00e1ny h\u00edrnev\u00e9t vil\u00e1gszerte er\u0151s\u00edt\u0151, a legkiv\u00e1l\u00f3bb magyar szellemi hagyom\u00e1nyokat folytat\u00f3, nemzetk\u00f6zileg is nagyra \u00e9rt\u00e9kelt tudom\u00e1nyos p\u00e1ly\u00e1j\u00e1t, k\u00fcl\u00f6n\u00f6sen t\u00f6bb \u00e9vtizeden \u00e1t kitart\u00f3an v\u00e9gzett, a gy\u00f3gy\u00edt\u00e1s \u00faj dimenzi\u00f3it megnyit\u00f3 kutat\u00f3munk\u00e1j\u00e1t ismert\u00e9k el.<\/p>\n<p>Szil\u00e1gyi \u00c1ron Magyarorsz\u00e1g \u00e9s a magyar sport j\u00f3 h\u00edrnev\u00e9t vil\u00e1gszerte er\u0151s\u00edt\u0151, a legnemesebb magyar sporthagyom\u00e1nyokat k\u00f6vet\u0151, ifj\u00fa kor\u00e1t\u00f3l egy\u00e9ni \u00e9s csapatszinten is kiv\u00e9teles nemzetk\u00f6zi sikereket hoz\u00f3 sportol\u00f3i p\u00e1lyafut\u00e1sa, valamint a fiatal tehets\u00e9gek t\u00e1mogat\u00e1sa ir\u00e1nt elk\u00f6telezett, a kiemelked\u0151 fizikai \u00e9s ment\u00e1lis teljes\u00edtm\u00e9ny mellett sportszer\u0171s\u00e9gb\u0151l \u00e9s emberi tart\u00e1sb\u00f3l is mint\u00e1ul szolg\u00e1l\u00f3 \u00e9letp\u00e9ld\u00e1ja elismer\u00e9sek\u00e9nt kapta a Szent Istv\u00e1n Rendet.<\/p>\n<p>B\u00f6jte Csaba ferences rendi szerzetes, a D\u00e9vai Szent Ferenc Alap\u00edtv\u00e1ny alap\u00edt\u00f3ja az erd\u00e9lyi neh\u00e9z sors\u00fa gyermekek felkarol\u00e1sa \u00e9rdek\u00e9ben p\u00e9ldamutat\u00f3 elt\u00f6k\u00e9lts\u00e9ggel v\u00e9gzett, a cselekv\u0151 szeretet erej\u00e9t hirdet\u0151 humanit\u00e1rius tev\u00e9kenys\u00e9ge, emberk\u00f6zeli \u00e9s az isteni gondvisel\u00e9s meg\u00e9l\u00e9s\u00e9t seg\u00edt\u0151, kiv\u00e9telesen nagy hat\u00e1s\u00fa tan\u00edt\u00e1sai, a magyar nemzet lelki meger\u0151s\u00f6d\u00e9s\u00e9t legkisebb testv\u00e9ri odaad\u00e1ssal szolg\u00e1l\u00f3 \u00e9let\u00fatja elismer\u00e9sek\u00e9nt r\u00e9szes\u00fclt a Magyar Becs\u00fcletrendben.<\/p>\n<p><em>Forr\u00e1s: MTI<br \/>\nFot\u00f3k: <span id=\"ctl05_lbLead4\">MTI\/Bruz\u00e1k No\u00e9mi<\/span><br \/>\n<\/em><\/p>\n","protected":false},"excerpt":{"rendered":"<p>Egy nemzetnek sz\u00fcks\u00e9ge van p\u00e9ldak\u00e9pekre &#8211; hangs\u00falyozta Nov\u00e1k Katalin k\u00f6zt\u00e1rsas\u00e1gi eln\u00f6k augusztus 20-\u00e1n Esztergomban, a Magyar Szent Istv\u00e1n Rend \u00e9s a Magyar Becs\u00fcletrend \u00e1tad\u00e1sakor. Olyan p\u00e9ldak\u00e9pekre van sz\u00fcks\u00e9g, akikkel egy nyelvet besz\u00e9l\u00fcnk, akikkel k\u00f6z\u00f6s a t\u00f6rt\u00e9net\u00fcnk, akik olyanok, mint mi, m\u00e9gis t\u00f6bbek \u00e9s jobbak n\u00e1lunk. Akikre \u00fagy n\u00e9zhet\u00fcnk fel, hogy k\u00f6zben benn\u00fck magunkra ismer\u00fcnk &#8211;<\/p>\n","protected":false},"author":1,"featured_media":0,"comment_status":"closed","ping_status":"closed","sticky":false,"template":"","format":"standard","meta":{"ngg_post_thumbnail":0,"footnotes":""},"categories":[38,3],"tags":[1260,42,5624,519,6825],"class_list":{"0":"post-55631","1":"post","2":"type-post","3":"status-publish","4":"format-standard","6":"category-esztergom","7":"category-hirek","8":"tag-augusztus-20","9":"tag-esztergom","10":"tag-featured","11":"tag-kituntetes","12":"tag-novak-katalin"},"yoast_head":"<!-- This site is optimized with the Yoast SEO plugin v27.5 - https:\/\/yoast.com\/product\/yoast-seo-wordpress\/ -->\n<title>Kit\u00fcntet\u00e9seket adott \u00e1t Nov\u00e1k Katalin Esztergomban<\/title>\n<meta name=\"robots\" content=\"index, follow, max-snippet:-1, max-image-preview:large, max-video-preview:-1\" \/>\n<link rel=\"canonical\" href=\"https:\/\/dorogimedence.hu\/index.php\/2023\/08\/20\/kitunteteseket-adott-at-novak-katalin-esztergomban\/\" class=\"yoast-seo-meta-tag\" \/>\n<meta property=\"og:locale\" content=\"hu_HU\" class=\"yoast-seo-meta-tag\" \/>\n<meta property=\"og:type\" content=\"article\" class=\"yoast-seo-meta-tag\" \/>\n<meta property=\"og:title\" content=\"Kit\u00fcntet\u00e9seket adott \u00e1t Nov\u00e1k Katalin Esztergomban\" class=\"yoast-seo-meta-tag\" \/>\n<meta property=\"og:description\" content=\"Egy nemzetnek sz\u00fcks\u00e9ge van p\u00e9ldak\u00e9pekre &#8211; hangs\u00falyozta Nov\u00e1k Katalin k\u00f6zt\u00e1rsas\u00e1gi eln\u00f6k augusztus 20-\u00e1n Esztergomban, a Magyar Szent Istv\u00e1n Rend \u00e9s a Magyar Becs\u00fcletrend \u00e1tad\u00e1sakor. Olyan p\u00e9ldak\u00e9pekre van sz\u00fcks\u00e9g, akikkel egy nyelvet besz\u00e9l\u00fcnk, akikkel k\u00f6z\u00f6s a t\u00f6rt\u00e9net\u00fcnk, akik olyanok, mint mi, m\u00e9gis t\u00f6bbek \u00e9s jobbak n\u00e1lunk. Akikre \u00fagy n\u00e9zhet\u00fcnk fel, hogy k\u00f6zben benn\u00fck magunkra ismer\u00fcnk &#8211;\" class=\"yoast-seo-meta-tag\" \/>\n<meta property=\"og:url\" content=\"https:\/\/dorogimedence.hu\/index.php\/2023\/08\/20\/kitunteteseket-adott-at-novak-katalin-esztergomban\/\" class=\"yoast-seo-meta-tag\" \/>\n<meta property=\"og:site_name\" content=\"Dorogi-medence Region\u00e1lis H\u00edrport\u00e1l\" class=\"yoast-seo-meta-tag\" \/>\n<meta property=\"article:publisher\" content=\"https:\/\/www.facebook.com\/dorogimedence\/\" class=\"yoast-seo-meta-tag\" \/>\n<meta property=\"article:published_time\" content=\"2023-08-20T15:26:13+00:00\" class=\"yoast-seo-meta-tag\" \/>\n<meta property=\"og:image\" content=\"https:\/\/dorogimedence.hu\/wp-content\/uploads\/2023\/08\/bojte.jpg\" class=\"yoast-seo-meta-tag\" \/>\n\t<meta property=\"og:image:width\" content=\"1920\" class=\"yoast-seo-meta-tag\" \/>\n\t<meta property=\"og:image:height\" content=\"970\" class=\"yoast-seo-meta-tag\" \/>\n\t<meta property=\"og:image:type\" content=\"image\/jpeg\" class=\"yoast-seo-meta-tag\" \/>\n<meta name=\"author\" content=\"dorogimedence.hu\" class=\"yoast-seo-meta-tag\" \/>\n<meta name=\"twitter:card\" content=\"summary_large_image\" class=\"yoast-seo-meta-tag\" \/>\n<meta name=\"twitter:label1\" content=\"Szerz\u0151:\" class=\"yoast-seo-meta-tag\" \/>\n\t<meta name=\"twitter:data1\" content=\"dorogimedence.hu\" class=\"yoast-seo-meta-tag\" \/>\n\t<meta name=\"twitter:label2\" content=\"Becs\u00fclt olvas\u00e1si id\u0151\" class=\"yoast-seo-meta-tag\" \/>\n\t<meta name=\"twitter:data2\" content=\"3 perc\" class=\"yoast-seo-meta-tag\" \/>\n<script type=\"application\/ld+json\" class=\"yoast-schema-graph\">{\"@context\":\"https:\\\/\\\/schema.org\",\"@graph\":[{\"@type\":\"Article\",\"@id\":\"https:\\\/\\\/dorogimedence.hu\\\/index.php\\\/2023\\\/08\\\/20\\\/kitunteteseket-adott-at-novak-katalin-esztergomban\\\/#article\",\"isPartOf\":{\"@id\":\"https:\\\/\\\/dorogimedence.hu\\\/index.php\\\/2023\\\/08\\\/20\\\/kitunteteseket-adott-at-novak-katalin-esztergomban\\\/\"},\"author\":{\"name\":\"dorogimedence.hu\",\"@id\":\"https:\\\/\\\/dorogimedence.hu\\\/#\\\/schema\\\/person\\\/ce6091eeb7e95ecdc87890d6aa8e0fd4\"},\"headline\":\"Kit\u00fcntet\u00e9seket adott \u00e1t Nov\u00e1k Katalin Esztergomban\",\"datePublished\":\"2023-08-20T15:26:13+00:00\",\"mainEntityOfPage\":{\"@id\":\"https:\\\/\\\/dorogimedence.hu\\\/index.php\\\/2023\\\/08\\\/20\\\/kitunteteseket-adott-at-novak-katalin-esztergomban\\\/\"},\"wordCount\":666,\"publisher\":{\"@id\":\"https:\\\/\\\/dorogimedence.hu\\\/#organization\"},\"image\":{\"@id\":\"https:\\\/\\\/dorogimedence.hu\\\/index.php\\\/2023\\\/08\\\/20\\\/kitunteteseket-adott-at-novak-katalin-esztergomban\\\/#primaryimage\"},\"thumbnailUrl\":\"https:\\\/\\\/dorogimedence.hu\\\/wp-content\\\/uploads\\\/2023\\\/08\\\/szilagyi.jpg\",\"keywords\":[\"augusztus 20.\",\"esztergom\",\"featured\",\"kit\u00fcntet\u00e9s\",\"Nov\u00e1k Katalin\"],\"articleSection\":[\"Esztergom\",\"H\u00edrek\"],\"inLanguage\":\"hu\"},{\"@type\":\"WebPage\",\"@id\":\"https:\\\/\\\/dorogimedence.hu\\\/index.php\\\/2023\\\/08\\\/20\\\/kitunteteseket-adott-at-novak-katalin-esztergomban\\\/\",\"url\":\"https:\\\/\\\/dorogimedence.hu\\\/index.php\\\/2023\\\/08\\\/20\\\/kitunteteseket-adott-at-novak-katalin-esztergomban\\\/\",\"name\":\"Kit\u00fcntet\u00e9seket adott \u00e1t Nov\u00e1k Katalin Esztergomban\",\"isPartOf\":{\"@id\":\"https:\\\/\\\/dorogimedence.hu\\\/#website\"},\"primaryImageOfPage\":{\"@id\":\"https:\\\/\\\/dorogimedence.hu\\\/index.php\\\/2023\\\/08\\\/20\\\/kitunteteseket-adott-at-novak-katalin-esztergomban\\\/#primaryimage\"},\"image\":{\"@id\":\"https:\\\/\\\/dorogimedence.hu\\\/index.php\\\/2023\\\/08\\\/20\\\/kitunteteseket-adott-at-novak-katalin-esztergomban\\\/#primaryimage\"},\"thumbnailUrl\":\"https:\\\/\\\/dorogimedence.hu\\\/wp-content\\\/uploads\\\/2023\\\/08\\\/szilagyi.jpg\",\"datePublished\":\"2023-08-20T15:26:13+00:00\",\"breadcrumb\":{\"@id\":\"https:\\\/\\\/dorogimedence.hu\\\/index.php\\\/2023\\\/08\\\/20\\\/kitunteteseket-adott-at-novak-katalin-esztergomban\\\/#breadcrumb\"},\"inLanguage\":\"hu\",\"potentialAction\":[{\"@type\":\"ReadAction\",\"target\":[\"https:\\\/\\\/dorogimedence.hu\\\/index.php\\\/2023\\\/08\\\/20\\\/kitunteteseket-adott-at-novak-katalin-esztergomban\\\/\"]}]},{\"@type\":\"ImageObject\",\"inLanguage\":\"hu\",\"@id\":\"https:\\\/\\\/dorogimedence.hu\\\/index.php\\\/2023\\\/08\\\/20\\\/kitunteteseket-adott-at-novak-katalin-esztergomban\\\/#primaryimage\",\"url\":\"https:\\\/\\\/dorogimedence.hu\\\/wp-content\\\/uploads\\\/2023\\\/08\\\/szilagyi.jpg\",\"contentUrl\":\"https:\\\/\\\/dorogimedence.hu\\\/wp-content\\\/uploads\\\/2023\\\/08\\\/szilagyi.jpg\"},{\"@type\":\"BreadcrumbList\",\"@id\":\"https:\\\/\\\/dorogimedence.hu\\\/index.php\\\/2023\\\/08\\\/20\\\/kitunteteseket-adott-at-novak-katalin-esztergomban\\\/#breadcrumb\",\"itemListElement\":[{\"@type\":\"ListItem\",\"position\":1,\"name\":\"Kezd\u0151lap\",\"item\":\"https:\\\/\\\/dorogimedence.hu\\\/\"},{\"@type\":\"ListItem\",\"position\":2,\"name\":\"Kit\u00fcntet\u00e9seket adott \u00e1t Nov\u00e1k Katalin Esztergomban\"}]},{\"@type\":\"WebSite\",\"@id\":\"https:\\\/\\\/dorogimedence.hu\\\/#website\",\"url\":\"https:\\\/\\\/dorogimedence.hu\\\/\",\"name\":\"Dorogi-medence Region\u00e1lis H\u00edrport\u00e1l\",\"description\":\"Dorog, Keszt\u00f6lc, Le\u00e1nyv\u00e1r, Piliscs\u00e9v, Tokod, Tokodalt\u00e1r\u00f3, Csolnok, Esztergom-kertv\u00e1ros: h\u00edrek, programok\",\"publisher\":{\"@id\":\"https:\\\/\\\/dorogimedence.hu\\\/#organization\"},\"potentialAction\":[{\"@type\":\"SearchAction\",\"target\":{\"@type\":\"EntryPoint\",\"urlTemplate\":\"https:\\\/\\\/dorogimedence.hu\\\/?s={search_term_string}\"},\"query-input\":{\"@type\":\"PropertyValueSpecification\",\"valueRequired\":true,\"valueName\":\"search_term_string\"}}],\"inLanguage\":\"hu\"},{\"@type\":\"Organization\",\"@id\":\"https:\\\/\\\/dorogimedence.hu\\\/#organization\",\"name\":\"Dorogi-medence Region\u00e1lis H\u00edrport\u00e1l\",\"url\":\"https:\\\/\\\/dorogimedence.hu\\\/\",\"logo\":{\"@type\":\"ImageObject\",\"inLanguage\":\"hu\",\"@id\":\"https:\\\/\\\/dorogimedence.hu\\\/#\\\/schema\\\/logo\\\/image\\\/\",\"url\":\"https:\\\/\\\/dorogimedence.hu\\\/wp-content\\\/uploads\\\/2021\\\/04\\\/logo-feher-600.png\",\"contentUrl\":\"https:\\\/\\\/dorogimedence.hu\\\/wp-content\\\/uploads\\\/2021\\\/04\\\/logo-feher-600.png\",\"width\":600,\"height\":100,\"caption\":\"Dorogi-medence Region\u00e1lis H\u00edrport\u00e1l\"},\"image\":{\"@id\":\"https:\\\/\\\/dorogimedence.hu\\\/#\\\/schema\\\/logo\\\/image\\\/\"},\"sameAs\":[\"https:\\\/\\\/www.facebook.com\\\/dorogimedence\\\/\"]},{\"@type\":\"Person\",\"@id\":\"https:\\\/\\\/dorogimedence.hu\\\/#\\\/schema\\\/person\\\/ce6091eeb7e95ecdc87890d6aa8e0fd4\",\"name\":\"dorogimedence.hu\",\"image\":{\"@type\":\"ImageObject\",\"inLanguage\":\"hu\",\"@id\":\"\\\/\\\/www.gravatar.com\\\/avatar\\\/d8d45f8901aadff40a4af72c0b826f1d?s=96&#038;r=g&#038;d=mm\",\"url\":\"\\\/\\\/www.gravatar.com\\\/avatar\\\/d8d45f8901aadff40a4af72c0b826f1d?s=96&#038;r=g&#038;d=mm\",\"contentUrl\":\"\\\/\\\/www.gravatar.com\\\/avatar\\\/d8d45f8901aadff40a4af72c0b826f1d?s=96&#038;r=g&#038;d=mm\",\"caption\":\"dorogimedence.hu\"}}]}<\/script>\n<!-- \/ Yoast SEO plugin. -->","yoast_head_json":{"title":"Kit\u00fcntet\u00e9seket adott \u00e1t Nov\u00e1k Katalin Esztergomban","robots":{"index":"index","follow":"follow","max-snippet":"max-snippet:-1","max-image-preview":"max-image-preview:large","max-video-preview":"max-video-preview:-1"},"canonical":"https:\/\/dorogimedence.hu\/index.php\/2023\/08\/20\/kitunteteseket-adott-at-novak-katalin-esztergomban\/","og_locale":"hu_HU","og_type":"article","og_title":"Kit\u00fcntet\u00e9seket adott \u00e1t Nov\u00e1k Katalin Esztergomban","og_description":"Egy nemzetnek sz\u00fcks\u00e9ge van p\u00e9ldak\u00e9pekre &#8211; hangs\u00falyozta Nov\u00e1k Katalin k\u00f6zt\u00e1rsas\u00e1gi eln\u00f6k augusztus 20-\u00e1n Esztergomban, a Magyar Szent Istv\u00e1n Rend \u00e9s a Magyar Becs\u00fcletrend \u00e1tad\u00e1sakor. Olyan p\u00e9ldak\u00e9pekre van sz\u00fcks\u00e9g, akikkel egy nyelvet besz\u00e9l\u00fcnk, akikkel k\u00f6z\u00f6s a t\u00f6rt\u00e9net\u00fcnk, akik olyanok, mint mi, m\u00e9gis t\u00f6bbek \u00e9s jobbak n\u00e1lunk. Akikre \u00fagy n\u00e9zhet\u00fcnk fel, hogy k\u00f6zben benn\u00fck magunkra ismer\u00fcnk &#8211;","og_url":"https:\/\/dorogimedence.hu\/index.php\/2023\/08\/20\/kitunteteseket-adott-at-novak-katalin-esztergomban\/","og_site_name":"Dorogi-medence Region\u00e1lis H\u00edrport\u00e1l","article_publisher":"https:\/\/www.facebook.com\/dorogimedence\/","article_published_time":"2023-08-20T15:26:13+00:00","og_image":[{"width":1920,"height":970,"url":"https:\/\/dorogimedence.hu\/wp-content\/uploads\/2023\/08\/bojte.jpg","type":"image\/jpeg"}],"author":"dorogimedence.hu","twitter_card":"summary_large_image","twitter_misc":{"Szerz\u0151:":"dorogimedence.hu","Becs\u00fclt olvas\u00e1si id\u0151":"3 perc"},"schema":{"@context":"https:\/\/schema.org","@graph":[{"@type":"Article","@id":"https:\/\/dorogimedence.hu\/index.php\/2023\/08\/20\/kitunteteseket-adott-at-novak-katalin-esztergomban\/#article","isPartOf":{"@id":"https:\/\/dorogimedence.hu\/index.php\/2023\/08\/20\/kitunteteseket-adott-at-novak-katalin-esztergomban\/"},"author":{"name":"dorogimedence.hu","@id":"https:\/\/dorogimedence.hu\/#\/schema\/person\/ce6091eeb7e95ecdc87890d6aa8e0fd4"},"headline":"Kit\u00fcntet\u00e9seket adott \u00e1t Nov\u00e1k Katalin Esztergomban","datePublished":"2023-08-20T15:26:13+00:00","mainEntityOfPage":{"@id":"https:\/\/dorogimedence.hu\/index.php\/2023\/08\/20\/kitunteteseket-adott-at-novak-katalin-esztergomban\/"},"wordCount":666,"publisher":{"@id":"https:\/\/dorogimedence.hu\/#organization"},"image":{"@id":"https:\/\/dorogimedence.hu\/index.php\/2023\/08\/20\/kitunteteseket-adott-at-novak-katalin-esztergomban\/#primaryimage"},"thumbnailUrl":"https:\/\/dorogimedence.hu\/wp-content\/uploads\/2023\/08\/szilagyi.jpg","keywords":["augusztus 20.","esztergom","featured","kit\u00fcntet\u00e9s","Nov\u00e1k Katalin"],"articleSection":["Esztergom","H\u00edrek"],"inLanguage":"hu"},{"@type":"WebPage","@id":"https:\/\/dorogimedence.hu\/index.php\/2023\/08\/20\/kitunteteseket-adott-at-novak-katalin-esztergomban\/","url":"https:\/\/dorogimedence.hu\/index.php\/2023\/08\/20\/kitunteteseket-adott-at-novak-katalin-esztergomban\/","name":"Kit\u00fcntet\u00e9seket adott \u00e1t Nov\u00e1k Katalin Esztergomban","isPartOf":{"@id":"https:\/\/dorogimedence.hu\/#website"},"primaryImageOfPage":{"@id":"https:\/\/dorogimedence.hu\/index.php\/2023\/08\/20\/kitunteteseket-adott-at-novak-katalin-esztergomban\/#primaryimage"},"image":{"@id":"https:\/\/dorogimedence.hu\/index.php\/2023\/08\/20\/kitunteteseket-adott-at-novak-katalin-esztergomban\/#primaryimage"},"thumbnailUrl":"https:\/\/dorogimedence.hu\/wp-content\/uploads\/2023\/08\/szilagyi.jpg","datePublished":"2023-08-20T15:26:13+00:00","breadcrumb":{"@id":"https:\/\/dorogimedence.hu\/index.php\/2023\/08\/20\/kitunteteseket-adott-at-novak-katalin-esztergomban\/#breadcrumb"},"inLanguage":"hu","potentialAction":[{"@type":"ReadAction","target":["https:\/\/dorogimedence.hu\/index.php\/2023\/08\/20\/kitunteteseket-adott-at-novak-katalin-esztergomban\/"]}]},{"@type":"ImageObject","inLanguage":"hu","@id":"https:\/\/dorogimedence.hu\/index.php\/2023\/08\/20\/kitunteteseket-adott-at-novak-katalin-esztergomban\/#primaryimage","url":"https:\/\/dorogimedence.hu\/wp-content\/uploads\/2023\/08\/szilagyi.jpg","contentUrl":"https:\/\/dorogimedence.hu\/wp-content\/uploads\/2023\/08\/szilagyi.jpg"},{"@type":"BreadcrumbList","@id":"https:\/\/dorogimedence.hu\/index.php\/2023\/08\/20\/kitunteteseket-adott-at-novak-katalin-esztergomban\/#breadcrumb","itemListElement":[{"@type":"ListItem","position":1,"name":"Kezd\u0151lap","item":"https:\/\/dorogimedence.hu\/"},{"@type":"ListItem","position":2,"name":"Kit\u00fcntet\u00e9seket adott \u00e1t Nov\u00e1k Katalin Esztergomban"}]},{"@type":"WebSite","@id":"https:\/\/dorogimedence.hu\/#website","url":"https:\/\/dorogimedence.hu\/","name":"Dorogi-medence Region\u00e1lis H\u00edrport\u00e1l","description":"Dorog, Keszt\u00f6lc, Le\u00e1nyv\u00e1r, Piliscs\u00e9v, Tokod, Tokodalt\u00e1r\u00f3, Csolnok, Esztergom-kertv\u00e1ros: h\u00edrek, programok","publisher":{"@id":"https:\/\/dorogimedence.hu\/#organization"},"potentialAction":[{"@type":"SearchAction","target":{"@type":"EntryPoint","urlTemplate":"https:\/\/dorogimedence.hu\/?s={search_term_string}"},"query-input":{"@type":"PropertyValueSpecification","valueRequired":true,"valueName":"search_term_string"}}],"inLanguage":"hu"},{"@type":"Organization","@id":"https:\/\/dorogimedence.hu\/#organization","name":"Dorogi-medence Region\u00e1lis H\u00edrport\u00e1l","url":"https:\/\/dorogimedence.hu\/","logo":{"@type":"ImageObject","inLanguage":"hu","@id":"https:\/\/dorogimedence.hu\/#\/schema\/logo\/image\/","url":"https:\/\/dorogimedence.hu\/wp-content\/uploads\/2021\/04\/logo-feher-600.png","contentUrl":"https:\/\/dorogimedence.hu\/wp-content\/uploads\/2021\/04\/logo-feher-600.png","width":600,"height":100,"caption":"Dorogi-medence Region\u00e1lis H\u00edrport\u00e1l"},"image":{"@id":"https:\/\/dorogimedence.hu\/#\/schema\/logo\/image\/"},"sameAs":["https:\/\/www.facebook.com\/dorogimedence\/"]},{"@type":"Person","@id":"https:\/\/dorogimedence.hu\/#\/schema\/person\/ce6091eeb7e95ecdc87890d6aa8e0fd4","name":"dorogimedence.hu","image":{"@type":"ImageObject","inLanguage":"hu","@id":"\/\/www.gravatar.com\/avatar\/d8d45f8901aadff40a4af72c0b826f1d?s=96&#038;r=g&#038;d=mm","url":"\/\/www.gravatar.com\/avatar\/d8d45f8901aadff40a4af72c0b826f1d?s=96&#038;r=g&#038;d=mm","contentUrl":"\/\/www.gravatar.com\/avatar\/d8d45f8901aadff40a4af72c0b826f1d?s=96&#038;r=g&#038;d=mm","caption":"dorogimedence.hu"}}]}},"_links":{"self":[{"href":"https:\/\/dorogimedence.hu\/index.php\/wp-json\/wp\/v2\/posts\/55631","targetHints":{"allow":["GET"]}}],"collection":[{"href":"https:\/\/dorogimedence.hu\/index.php\/wp-json\/wp\/v2\/posts"}],"about":[{"href":"https:\/\/dorogimedence.hu\/index.php\/wp-json\/wp\/v2\/types\/post"}],"author":[{"embeddable":true,"href":"https:\/\/dorogimedence.hu\/index.php\/wp-json\/wp\/v2\/users\/1"}],"replies":[{"embeddable":true,"href":"https:\/\/dorogimedence.hu\/index.php\/wp-json\/wp\/v2\/comments?post=55631"}],"version-history":[{"count":0,"href":"https:\/\/dorogimedence.hu\/index.php\/wp-json\/wp\/v2\/posts\/55631\/revisions"}],"wp:attachment":[{"href":"https:\/\/dorogimedence.hu\/index.php\/wp-json\/wp\/v2\/media?parent=55631"}],"wp:term":[{"taxonomy":"category","embeddable":true,"href":"https:\/\/dorogimedence.hu\/index.php\/wp-json\/wp\/v2\/categories?post=55631"},{"taxonomy":"post_tag","embeddable":true,"href":"https:\/\/dorogimedence.hu\/index.php\/wp-json\/wp\/v2\/tags?post=55631"}],"curies":[{"name":"wp","href":"https:\/\/api.w.org\/{rel}","templated":true}]}}