{"id":55585,"date":"2023-08-19T15:47:53","date_gmt":"2023-08-19T13:47:53","guid":{"rendered":"https:\/\/dorogimedence.hu\/?p=55585"},"modified":"2023-08-19T15:47:53","modified_gmt":"2023-08-19T13:47:53","slug":"habsburg-gyorgy-orulok-hogy-megemlekeznek-erzsebet-kiralynerol","status":"publish","type":"post","link":"https:\/\/dorogimedence.hu\/index.php\/2023\/08\/19\/habsburg-gyorgy-orulok-hogy-megemlekeznek-erzsebet-kiralynerol\/","title":{"rendered":"Habsburg Gy\u00f6rgy: \u00f6r\u00fcl\u00f6k, hogy megeml\u00e9keznek Erzs\u00e9bet kir\u00e1lyn\u00e9r\u0151l"},"content":{"rendered":"<p><strong>20 \u00e9ve avatt\u00e1k fel Erzs\u00e9bet kir\u00e1lyn\u00e9 szobr\u00e1t Esztergomban, valamint 30 \u00e9vvel ezel\u0151tt l\u00e9tes\u00edtett testv\u00e9rv\u00e1rosi kapcsolatot Esztergom a n\u00e9metorsz\u00e1gi Ehingennel. Az \u00e9vfordul\u00f3k kapcs\u00e1n \u00fcnneps\u00e9get tartottak az Esztergomi Szent Istv\u00e1n Napokon az Erzs\u00e9bet parkban augusztus 19-\u00e9n.<\/strong><\/p>\n<p>Az \u00fcnneps\u00e9g kezdet\u00e9n a r\u00e9sztvev\u0151k zenei k\u00eds\u00e9rettel el\u00e9nekelt\u00e9k a magyar, majd a n\u00e9met himnuszt. Besz\u00e9det mondott Hern\u00e1di \u00c1d\u00e1m, Esztergom polg\u00e1rmestere, Alexender Baumann, Ehingen f\u0151polg\u00e1rmestere \u00e9s IV. K\u00e1roly, Magyarorsz\u00e1g utols\u00f3 uralkod\u00f3j\u00e1nak unok\u00e1ja, Habsburg Gy\u00f6rgy, Magyarorsz\u00e1g franciaorsz\u00e1gi \u00e9s monacoi nagyk\u00f6vete.<\/p>\n<p><img fetchpriority=\"high\" decoding=\"async\" class=\"alignnone size-full wp-image-55587\" src=\"https:\/\/dorogimedence.hu\/wp-content\/uploads\/2023\/08\/unnepseg-02.jpg\" alt=\"\" width=\"1920\" height=\"1280\" srcset=\"https:\/\/dorogimedence.hu\/wp-content\/uploads\/2023\/08\/unnepseg-02.jpg 1920w, https:\/\/dorogimedence.hu\/wp-content\/uploads\/2023\/08\/unnepseg-02-600x400.jpg 600w, https:\/\/dorogimedence.hu\/wp-content\/uploads\/2023\/08\/unnepseg-02-768x512.jpg 768w, https:\/\/dorogimedence.hu\/wp-content\/uploads\/2023\/08\/unnepseg-02-1536x1024.jpg 1536w, https:\/\/dorogimedence.hu\/wp-content\/uploads\/2023\/08\/unnepseg-02-150x100.jpg 150w, https:\/\/dorogimedence.hu\/wp-content\/uploads\/2023\/08\/unnepseg-02-450x300.jpg 450w, https:\/\/dorogimedence.hu\/wp-content\/uploads\/2023\/08\/unnepseg-02-1200x800.jpg 1200w, https:\/\/dorogimedence.hu\/wp-content\/uploads\/2023\/08\/unnepseg-02-272x182.jpg 272w\" sizes=\"(max-width: 1920px) 100vw, 1920px\" \/><\/p>\n<p>\u201eErzs\u00e9bet kir\u00e1lyn\u00e9nek k\u00f6sz\u00f6nhet\u0151 a kiegyez\u00e9s, ami a legszebb dolog volt az orsz\u00e1g \u00e9let\u00e9ben \u00e9s \u00e9n, mint a Habsburg csal\u00e1d tagja nagyon \u00f6r\u00fcl\u00f6k, hogy Esztergomban megeml\u00e9keznek Erzs\u00e9bet kir\u00e1lyn\u00e9r\u0151l, Sissir\u0151l.\u201d \u2013 mondta Habsburg Gy\u00f6rgy az Erzs\u00e9bet parkban tal\u00e1lhat\u00f3 szobor jubileum\u00e1val kapcsolatban.<\/p>\n<p><img decoding=\"async\" class=\"alignnone size-full wp-image-55588\" src=\"https:\/\/dorogimedence.hu\/wp-content\/uploads\/2023\/08\/unnepseg-03.jpg\" alt=\"\" width=\"1920\" height=\"1280\" srcset=\"https:\/\/dorogimedence.hu\/wp-content\/uploads\/2023\/08\/unnepseg-03.jpg 1920w, https:\/\/dorogimedence.hu\/wp-content\/uploads\/2023\/08\/unnepseg-03-600x400.jpg 600w, https:\/\/dorogimedence.hu\/wp-content\/uploads\/2023\/08\/unnepseg-03-768x512.jpg 768w, https:\/\/dorogimedence.hu\/wp-content\/uploads\/2023\/08\/unnepseg-03-1536x1024.jpg 1536w, https:\/\/dorogimedence.hu\/wp-content\/uploads\/2023\/08\/unnepseg-03-150x100.jpg 150w, https:\/\/dorogimedence.hu\/wp-content\/uploads\/2023\/08\/unnepseg-03-450x300.jpg 450w, https:\/\/dorogimedence.hu\/wp-content\/uploads\/2023\/08\/unnepseg-03-1200x800.jpg 1200w, https:\/\/dorogimedence.hu\/wp-content\/uploads\/2023\/08\/unnepseg-03-272x182.jpg 272w\" sizes=\"(max-width: 1920px) 100vw, 1920px\" \/><\/p>\n<p>\u201eEhingen \u00e9s Esztergom egy\u00fcttm\u0171k\u00f6d\u00e9se id\u0151t ki\u00e1llt, hossz\u00fa \u00e9veken \u00e1t \u00f6r\u00f6mmel, tenni akar\u00e1ssal \u00e9s szeretettel \u00e1tsz\u0151tt kapcsolat, melynek ma \u00fcnnepelj\u00fck a 30 \u00e9ves testv\u00e9rv\u00e1rosi jubileum\u00e1t. K\u00e9t v\u00e1ros k\u00f6tel\u00e9ke, melyet nem a nyelv, nem a nemzeti azonoss\u00e1g f\u0171z \u00f6ssze, hanem az egym\u00e1s \u00e9lete ir\u00e1nti tisztelet \u00e9s a benne lelt \u00f6r\u00f6m.\u201d \u2013 mondta a testv\u00e9rv\u00e1rosi kapcsolatr\u00f3l Hern\u00e1di \u00c1d\u00e1m.<\/p>\n<p><img decoding=\"async\" class=\"alignnone size-full wp-image-55589\" src=\"https:\/\/dorogimedence.hu\/wp-content\/uploads\/2023\/08\/unnepseg-04.jpg\" alt=\"\" width=\"1920\" height=\"1280\" srcset=\"https:\/\/dorogimedence.hu\/wp-content\/uploads\/2023\/08\/unnepseg-04.jpg 1920w, https:\/\/dorogimedence.hu\/wp-content\/uploads\/2023\/08\/unnepseg-04-600x400.jpg 600w, https:\/\/dorogimedence.hu\/wp-content\/uploads\/2023\/08\/unnepseg-04-768x512.jpg 768w, https:\/\/dorogimedence.hu\/wp-content\/uploads\/2023\/08\/unnepseg-04-1536x1024.jpg 1536w, https:\/\/dorogimedence.hu\/wp-content\/uploads\/2023\/08\/unnepseg-04-150x100.jpg 150w, https:\/\/dorogimedence.hu\/wp-content\/uploads\/2023\/08\/unnepseg-04-450x300.jpg 450w, https:\/\/dorogimedence.hu\/wp-content\/uploads\/2023\/08\/unnepseg-04-1200x800.jpg 1200w, https:\/\/dorogimedence.hu\/wp-content\/uploads\/2023\/08\/unnepseg-04-272x182.jpg 272w\" sizes=\"(max-width: 1920px) 100vw, 1920px\" \/><\/p>\n<p>\u201eNagyon \u00f6r\u00fcl\u00f6k, hogy itt lehetek a testv\u00e9rv\u00e1rosi kapcsolat 30. \u00e9vfordul\u00f3j\u00e1n ebben a csod\u00e1latos v\u00e1rosban. Erzs\u00e9bet kir\u00e1lyn\u00e9 mellszobr\u00e1t 20 \u00e9vvel ezel\u0151tt Ehingen v\u00e1ros aj\u00e1nd\u00e9kozta Esztergonak. A mellszobor pedig jele annak, hogy mennyire \u00e9rt\u00e9kelj\u00fck a k\u00e9t v\u00e1ros kapcsolat\u00e1t \u00e9s Esztergomot. A szobor m\u00e1solata az irod\u00e1m el\u0151tt \u00e1ll, minden nap elmegyek el\u0151tte \u00e9s minden nap gondolok Esztergomra.\u201d \u2013 mondta Alexender Baumann.<\/p>\n<p><img loading=\"lazy\" decoding=\"async\" class=\"alignnone size-full wp-image-55590\" src=\"https:\/\/dorogimedence.hu\/wp-content\/uploads\/2023\/08\/unnepseg-05.jpg\" alt=\"\" width=\"1920\" height=\"1280\" srcset=\"https:\/\/dorogimedence.hu\/wp-content\/uploads\/2023\/08\/unnepseg-05.jpg 1920w, https:\/\/dorogimedence.hu\/wp-content\/uploads\/2023\/08\/unnepseg-05-600x400.jpg 600w, https:\/\/dorogimedence.hu\/wp-content\/uploads\/2023\/08\/unnepseg-05-768x512.jpg 768w, https:\/\/dorogimedence.hu\/wp-content\/uploads\/2023\/08\/unnepseg-05-1536x1024.jpg 1536w, https:\/\/dorogimedence.hu\/wp-content\/uploads\/2023\/08\/unnepseg-05-150x100.jpg 150w, https:\/\/dorogimedence.hu\/wp-content\/uploads\/2023\/08\/unnepseg-05-450x300.jpg 450w, https:\/\/dorogimedence.hu\/wp-content\/uploads\/2023\/08\/unnepseg-05-1200x800.jpg 1200w, https:\/\/dorogimedence.hu\/wp-content\/uploads\/2023\/08\/unnepseg-05-272x182.jpg 272w\" sizes=\"(max-width: 1920px) 100vw, 1920px\" \/><\/p>\n","protected":false},"excerpt":{"rendered":"<p>20 \u00e9ve avatt\u00e1k fel Erzs\u00e9bet kir\u00e1lyn\u00e9 szobr\u00e1t Esztergomban, valamint 30 \u00e9vvel ezel\u0151tt l\u00e9tes\u00edtett testv\u00e9rv\u00e1rosi kapcsolatot Esztergom a n\u00e9metorsz\u00e1gi Ehingennel. Az \u00e9vfordul\u00f3k kapcs\u00e1n \u00fcnneps\u00e9get tartottak az Esztergomi Szent Istv\u00e1n Napokon az Erzs\u00e9bet parkban augusztus 19-\u00e9n. Az \u00fcnneps\u00e9g kezdet\u00e9n a r\u00e9sztvev\u0151k zenei k\u00eds\u00e9rettel el\u00e9nekelt\u00e9k a magyar, majd a n\u00e9met himnuszt. Besz\u00e9det mondott Hern\u00e1di \u00c1d\u00e1m, Esztergom polg\u00e1rmestere, Alexender<\/p>\n","protected":false},"author":1,"featured_media":55586,"comment_status":"closed","ping_status":"closed","sticky":false,"template":"","format":"standard","meta":{"ngg_post_thumbnail":0,"footnotes":""},"categories":[38,3],"tags":[42,7381,5624],"class_list":{"0":"post-55585","1":"post","2":"type-post","3":"status-publish","4":"format-standard","5":"has-post-thumbnail","7":"category-esztergom","8":"category-hirek","9":"tag-esztergom","10":"tag-esztergomi-szent-istvan-napok","11":"tag-featured"},"yoast_head":"<!-- This site is optimized with the Yoast SEO plugin v27.5 - https:\/\/yoast.com\/product\/yoast-seo-wordpress\/ -->\n<title>Habsburg Gy\u00f6rgy: \u00f6r\u00fcl\u00f6k, hogy megeml\u00e9keznek Erzs\u00e9bet kir\u00e1lyn\u00e9r\u0151l<\/title>\n<meta name=\"robots\" content=\"index, follow, max-snippet:-1, max-image-preview:large, max-video-preview:-1\" \/>\n<link rel=\"canonical\" href=\"https:\/\/dorogimedence.hu\/index.php\/2023\/08\/19\/habsburg-gyorgy-orulok-hogy-megemlekeznek-erzsebet-kiralynerol\/\" class=\"yoast-seo-meta-tag\" \/>\n<meta property=\"og:locale\" content=\"hu_HU\" class=\"yoast-seo-meta-tag\" \/>\n<meta property=\"og:type\" content=\"article\" class=\"yoast-seo-meta-tag\" \/>\n<meta property=\"og:title\" content=\"Habsburg Gy\u00f6rgy: \u00f6r\u00fcl\u00f6k, hogy megeml\u00e9keznek Erzs\u00e9bet kir\u00e1lyn\u00e9r\u0151l\" class=\"yoast-seo-meta-tag\" \/>\n<meta property=\"og:description\" content=\"20 \u00e9ve avatt\u00e1k fel Erzs\u00e9bet kir\u00e1lyn\u00e9 szobr\u00e1t Esztergomban, valamint 30 \u00e9vvel ezel\u0151tt l\u00e9tes\u00edtett testv\u00e9rv\u00e1rosi kapcsolatot Esztergom a n\u00e9metorsz\u00e1gi Ehingennel. Az \u00e9vfordul\u00f3k kapcs\u00e1n \u00fcnneps\u00e9get tartottak az Esztergomi Szent Istv\u00e1n Napokon az Erzs\u00e9bet parkban augusztus 19-\u00e9n. Az \u00fcnneps\u00e9g kezdet\u00e9n a r\u00e9sztvev\u0151k zenei k\u00eds\u00e9rettel el\u00e9nekelt\u00e9k a magyar, majd a n\u00e9met himnuszt. Besz\u00e9det mondott Hern\u00e1di \u00c1d\u00e1m, Esztergom polg\u00e1rmestere, Alexender\" class=\"yoast-seo-meta-tag\" \/>\n<meta property=\"og:url\" content=\"https:\/\/dorogimedence.hu\/index.php\/2023\/08\/19\/habsburg-gyorgy-orulok-hogy-megemlekeznek-erzsebet-kiralynerol\/\" class=\"yoast-seo-meta-tag\" \/>\n<meta property=\"og:site_name\" content=\"Dorogi-medence Region\u00e1lis H\u00edrport\u00e1l\" class=\"yoast-seo-meta-tag\" \/>\n<meta property=\"article:publisher\" content=\"https:\/\/www.facebook.com\/dorogimedence\/\" class=\"yoast-seo-meta-tag\" \/>\n<meta property=\"article:published_time\" content=\"2023-08-19T13:47:53+00:00\" class=\"yoast-seo-meta-tag\" \/>\n<meta property=\"og:image\" content=\"https:\/\/dorogimedence.hu\/wp-content\/uploads\/2023\/08\/unnepseg-01.jpg\" class=\"yoast-seo-meta-tag\" \/>\n\t<meta property=\"og:image:width\" content=\"1920\" class=\"yoast-seo-meta-tag\" \/>\n\t<meta property=\"og:image:height\" content=\"970\" class=\"yoast-seo-meta-tag\" \/>\n\t<meta property=\"og:image:type\" content=\"image\/jpeg\" class=\"yoast-seo-meta-tag\" \/>\n<meta name=\"author\" content=\"dorogimedence.hu\" class=\"yoast-seo-meta-tag\" \/>\n<meta name=\"twitter:card\" content=\"summary_large_image\" class=\"yoast-seo-meta-tag\" \/>\n<meta name=\"twitter:label1\" content=\"Szerz\u0151:\" class=\"yoast-seo-meta-tag\" \/>\n\t<meta name=\"twitter:data1\" content=\"dorogimedence.hu\" class=\"yoast-seo-meta-tag\" \/>\n\t<meta name=\"twitter:label2\" content=\"Becs\u00fclt olvas\u00e1si id\u0151\" class=\"yoast-seo-meta-tag\" \/>\n\t<meta name=\"twitter:data2\" content=\"2 perc\" class=\"yoast-seo-meta-tag\" \/>\n<script type=\"application\/ld+json\" class=\"yoast-schema-graph\">{\"@context\":\"https:\\\/\\\/schema.org\",\"@graph\":[{\"@type\":\"Article\",\"@id\":\"https:\\\/\\\/dorogimedence.hu\\\/index.php\\\/2023\\\/08\\\/19\\\/habsburg-gyorgy-orulok-hogy-megemlekeznek-erzsebet-kiralynerol\\\/#article\",\"isPartOf\":{\"@id\":\"https:\\\/\\\/dorogimedence.hu\\\/index.php\\\/2023\\\/08\\\/19\\\/habsburg-gyorgy-orulok-hogy-megemlekeznek-erzsebet-kiralynerol\\\/\"},\"author\":{\"name\":\"dorogimedence.hu\",\"@id\":\"https:\\\/\\\/dorogimedence.hu\\\/#\\\/schema\\\/person\\\/ce6091eeb7e95ecdc87890d6aa8e0fd4\"},\"headline\":\"Habsburg Gy\u00f6rgy: \u00f6r\u00fcl\u00f6k, hogy megeml\u00e9keznek Erzs\u00e9bet kir\u00e1lyn\u00e9r\u0151l\",\"datePublished\":\"2023-08-19T13:47:53+00:00\",\"mainEntityOfPage\":{\"@id\":\"https:\\\/\\\/dorogimedence.hu\\\/index.php\\\/2023\\\/08\\\/19\\\/habsburg-gyorgy-orulok-hogy-megemlekeznek-erzsebet-kiralynerol\\\/\"},\"wordCount\":344,\"publisher\":{\"@id\":\"https:\\\/\\\/dorogimedence.hu\\\/#organization\"},\"image\":{\"@id\":\"https:\\\/\\\/dorogimedence.hu\\\/index.php\\\/2023\\\/08\\\/19\\\/habsburg-gyorgy-orulok-hogy-megemlekeznek-erzsebet-kiralynerol\\\/#primaryimage\"},\"thumbnailUrl\":\"https:\\\/\\\/dorogimedence.hu\\\/wp-content\\\/uploads\\\/2023\\\/08\\\/unnepseg-01.jpg\",\"keywords\":[\"esztergom\",\"Esztergomi Szent Istv\u00e1n Napok\",\"featured\"],\"articleSection\":[\"Esztergom\",\"H\u00edrek\"],\"inLanguage\":\"hu\"},{\"@type\":\"WebPage\",\"@id\":\"https:\\\/\\\/dorogimedence.hu\\\/index.php\\\/2023\\\/08\\\/19\\\/habsburg-gyorgy-orulok-hogy-megemlekeznek-erzsebet-kiralynerol\\\/\",\"url\":\"https:\\\/\\\/dorogimedence.hu\\\/index.php\\\/2023\\\/08\\\/19\\\/habsburg-gyorgy-orulok-hogy-megemlekeznek-erzsebet-kiralynerol\\\/\",\"name\":\"Habsburg Gy\u00f6rgy: \u00f6r\u00fcl\u00f6k, hogy megeml\u00e9keznek Erzs\u00e9bet kir\u00e1lyn\u00e9r\u0151l\",\"isPartOf\":{\"@id\":\"https:\\\/\\\/dorogimedence.hu\\\/#website\"},\"primaryImageOfPage\":{\"@id\":\"https:\\\/\\\/dorogimedence.hu\\\/index.php\\\/2023\\\/08\\\/19\\\/habsburg-gyorgy-orulok-hogy-megemlekeznek-erzsebet-kiralynerol\\\/#primaryimage\"},\"image\":{\"@id\":\"https:\\\/\\\/dorogimedence.hu\\\/index.php\\\/2023\\\/08\\\/19\\\/habsburg-gyorgy-orulok-hogy-megemlekeznek-erzsebet-kiralynerol\\\/#primaryimage\"},\"thumbnailUrl\":\"https:\\\/\\\/dorogimedence.hu\\\/wp-content\\\/uploads\\\/2023\\\/08\\\/unnepseg-01.jpg\",\"datePublished\":\"2023-08-19T13:47:53+00:00\",\"breadcrumb\":{\"@id\":\"https:\\\/\\\/dorogimedence.hu\\\/index.php\\\/2023\\\/08\\\/19\\\/habsburg-gyorgy-orulok-hogy-megemlekeznek-erzsebet-kiralynerol\\\/#breadcrumb\"},\"inLanguage\":\"hu\",\"potentialAction\":[{\"@type\":\"ReadAction\",\"target\":[\"https:\\\/\\\/dorogimedence.hu\\\/index.php\\\/2023\\\/08\\\/19\\\/habsburg-gyorgy-orulok-hogy-megemlekeznek-erzsebet-kiralynerol\\\/\"]}]},{\"@type\":\"ImageObject\",\"inLanguage\":\"hu\",\"@id\":\"https:\\\/\\\/dorogimedence.hu\\\/index.php\\\/2023\\\/08\\\/19\\\/habsburg-gyorgy-orulok-hogy-megemlekeznek-erzsebet-kiralynerol\\\/#primaryimage\",\"url\":\"https:\\\/\\\/dorogimedence.hu\\\/wp-content\\\/uploads\\\/2023\\\/08\\\/unnepseg-01.jpg\",\"contentUrl\":\"https:\\\/\\\/dorogimedence.hu\\\/wp-content\\\/uploads\\\/2023\\\/08\\\/unnepseg-01.jpg\",\"width\":1920,\"height\":970},{\"@type\":\"BreadcrumbList\",\"@id\":\"https:\\\/\\\/dorogimedence.hu\\\/index.php\\\/2023\\\/08\\\/19\\\/habsburg-gyorgy-orulok-hogy-megemlekeznek-erzsebet-kiralynerol\\\/#breadcrumb\",\"itemListElement\":[{\"@type\":\"ListItem\",\"position\":1,\"name\":\"Kezd\u0151lap\",\"item\":\"https:\\\/\\\/dorogimedence.hu\\\/\"},{\"@type\":\"ListItem\",\"position\":2,\"name\":\"Habsburg Gy\u00f6rgy: \u00f6r\u00fcl\u00f6k, hogy megeml\u00e9keznek Erzs\u00e9bet kir\u00e1lyn\u00e9r\u0151l\"}]},{\"@type\":\"WebSite\",\"@id\":\"https:\\\/\\\/dorogimedence.hu\\\/#website\",\"url\":\"https:\\\/\\\/dorogimedence.hu\\\/\",\"name\":\"Dorogi-medence Region\u00e1lis H\u00edrport\u00e1l\",\"description\":\"Dorog, Keszt\u00f6lc, Le\u00e1nyv\u00e1r, Piliscs\u00e9v, Tokod, Tokodalt\u00e1r\u00f3, Csolnok, Esztergom-kertv\u00e1ros: h\u00edrek, programok\",\"publisher\":{\"@id\":\"https:\\\/\\\/dorogimedence.hu\\\/#organization\"},\"potentialAction\":[{\"@type\":\"SearchAction\",\"target\":{\"@type\":\"EntryPoint\",\"urlTemplate\":\"https:\\\/\\\/dorogimedence.hu\\\/?s={search_term_string}\"},\"query-input\":{\"@type\":\"PropertyValueSpecification\",\"valueRequired\":true,\"valueName\":\"search_term_string\"}}],\"inLanguage\":\"hu\"},{\"@type\":\"Organization\",\"@id\":\"https:\\\/\\\/dorogimedence.hu\\\/#organization\",\"name\":\"Dorogi-medence Region\u00e1lis H\u00edrport\u00e1l\",\"url\":\"https:\\\/\\\/dorogimedence.hu\\\/\",\"logo\":{\"@type\":\"ImageObject\",\"inLanguage\":\"hu\",\"@id\":\"https:\\\/\\\/dorogimedence.hu\\\/#\\\/schema\\\/logo\\\/image\\\/\",\"url\":\"https:\\\/\\\/dorogimedence.hu\\\/wp-content\\\/uploads\\\/2021\\\/04\\\/logo-feher-600.png\",\"contentUrl\":\"https:\\\/\\\/dorogimedence.hu\\\/wp-content\\\/uploads\\\/2021\\\/04\\\/logo-feher-600.png\",\"width\":600,\"height\":100,\"caption\":\"Dorogi-medence Region\u00e1lis H\u00edrport\u00e1l\"},\"image\":{\"@id\":\"https:\\\/\\\/dorogimedence.hu\\\/#\\\/schema\\\/logo\\\/image\\\/\"},\"sameAs\":[\"https:\\\/\\\/www.facebook.com\\\/dorogimedence\\\/\"]},{\"@type\":\"Person\",\"@id\":\"https:\\\/\\\/dorogimedence.hu\\\/#\\\/schema\\\/person\\\/ce6091eeb7e95ecdc87890d6aa8e0fd4\",\"name\":\"dorogimedence.hu\",\"image\":{\"@type\":\"ImageObject\",\"inLanguage\":\"hu\",\"@id\":\"\\\/\\\/www.gravatar.com\\\/avatar\\\/d8d45f8901aadff40a4af72c0b826f1d?s=96&#038;r=g&#038;d=mm\",\"url\":\"\\\/\\\/www.gravatar.com\\\/avatar\\\/d8d45f8901aadff40a4af72c0b826f1d?s=96&#038;r=g&#038;d=mm\",\"contentUrl\":\"\\\/\\\/www.gravatar.com\\\/avatar\\\/d8d45f8901aadff40a4af72c0b826f1d?s=96&#038;r=g&#038;d=mm\",\"caption\":\"dorogimedence.hu\"}}]}<\/script>\n<!-- \/ Yoast SEO plugin. -->","yoast_head_json":{"title":"Habsburg Gy\u00f6rgy: \u00f6r\u00fcl\u00f6k, hogy megeml\u00e9keznek Erzs\u00e9bet kir\u00e1lyn\u00e9r\u0151l","robots":{"index":"index","follow":"follow","max-snippet":"max-snippet:-1","max-image-preview":"max-image-preview:large","max-video-preview":"max-video-preview:-1"},"canonical":"https:\/\/dorogimedence.hu\/index.php\/2023\/08\/19\/habsburg-gyorgy-orulok-hogy-megemlekeznek-erzsebet-kiralynerol\/","og_locale":"hu_HU","og_type":"article","og_title":"Habsburg Gy\u00f6rgy: \u00f6r\u00fcl\u00f6k, hogy megeml\u00e9keznek Erzs\u00e9bet kir\u00e1lyn\u00e9r\u0151l","og_description":"20 \u00e9ve avatt\u00e1k fel Erzs\u00e9bet kir\u00e1lyn\u00e9 szobr\u00e1t Esztergomban, valamint 30 \u00e9vvel ezel\u0151tt l\u00e9tes\u00edtett testv\u00e9rv\u00e1rosi kapcsolatot Esztergom a n\u00e9metorsz\u00e1gi Ehingennel. Az \u00e9vfordul\u00f3k kapcs\u00e1n \u00fcnneps\u00e9get tartottak az Esztergomi Szent Istv\u00e1n Napokon az Erzs\u00e9bet parkban augusztus 19-\u00e9n. Az \u00fcnneps\u00e9g kezdet\u00e9n a r\u00e9sztvev\u0151k zenei k\u00eds\u00e9rettel el\u00e9nekelt\u00e9k a magyar, majd a n\u00e9met himnuszt. Besz\u00e9det mondott Hern\u00e1di \u00c1d\u00e1m, Esztergom polg\u00e1rmestere, Alexender","og_url":"https:\/\/dorogimedence.hu\/index.php\/2023\/08\/19\/habsburg-gyorgy-orulok-hogy-megemlekeznek-erzsebet-kiralynerol\/","og_site_name":"Dorogi-medence Region\u00e1lis H\u00edrport\u00e1l","article_publisher":"https:\/\/www.facebook.com\/dorogimedence\/","article_published_time":"2023-08-19T13:47:53+00:00","og_image":[{"width":1920,"height":970,"url":"https:\/\/dorogimedence.hu\/wp-content\/uploads\/2023\/08\/unnepseg-01.jpg","type":"image\/jpeg"}],"author":"dorogimedence.hu","twitter_card":"summary_large_image","twitter_misc":{"Szerz\u0151:":"dorogimedence.hu","Becs\u00fclt olvas\u00e1si id\u0151":"2 perc"},"schema":{"@context":"https:\/\/schema.org","@graph":[{"@type":"Article","@id":"https:\/\/dorogimedence.hu\/index.php\/2023\/08\/19\/habsburg-gyorgy-orulok-hogy-megemlekeznek-erzsebet-kiralynerol\/#article","isPartOf":{"@id":"https:\/\/dorogimedence.hu\/index.php\/2023\/08\/19\/habsburg-gyorgy-orulok-hogy-megemlekeznek-erzsebet-kiralynerol\/"},"author":{"name":"dorogimedence.hu","@id":"https:\/\/dorogimedence.hu\/#\/schema\/person\/ce6091eeb7e95ecdc87890d6aa8e0fd4"},"headline":"Habsburg Gy\u00f6rgy: \u00f6r\u00fcl\u00f6k, hogy megeml\u00e9keznek Erzs\u00e9bet kir\u00e1lyn\u00e9r\u0151l","datePublished":"2023-08-19T13:47:53+00:00","mainEntityOfPage":{"@id":"https:\/\/dorogimedence.hu\/index.php\/2023\/08\/19\/habsburg-gyorgy-orulok-hogy-megemlekeznek-erzsebet-kiralynerol\/"},"wordCount":344,"publisher":{"@id":"https:\/\/dorogimedence.hu\/#organization"},"image":{"@id":"https:\/\/dorogimedence.hu\/index.php\/2023\/08\/19\/habsburg-gyorgy-orulok-hogy-megemlekeznek-erzsebet-kiralynerol\/#primaryimage"},"thumbnailUrl":"https:\/\/dorogimedence.hu\/wp-content\/uploads\/2023\/08\/unnepseg-01.jpg","keywords":["esztergom","Esztergomi Szent Istv\u00e1n Napok","featured"],"articleSection":["Esztergom","H\u00edrek"],"inLanguage":"hu"},{"@type":"WebPage","@id":"https:\/\/dorogimedence.hu\/index.php\/2023\/08\/19\/habsburg-gyorgy-orulok-hogy-megemlekeznek-erzsebet-kiralynerol\/","url":"https:\/\/dorogimedence.hu\/index.php\/2023\/08\/19\/habsburg-gyorgy-orulok-hogy-megemlekeznek-erzsebet-kiralynerol\/","name":"Habsburg Gy\u00f6rgy: \u00f6r\u00fcl\u00f6k, hogy megeml\u00e9keznek Erzs\u00e9bet kir\u00e1lyn\u00e9r\u0151l","isPartOf":{"@id":"https:\/\/dorogimedence.hu\/#website"},"primaryImageOfPage":{"@id":"https:\/\/dorogimedence.hu\/index.php\/2023\/08\/19\/habsburg-gyorgy-orulok-hogy-megemlekeznek-erzsebet-kiralynerol\/#primaryimage"},"image":{"@id":"https:\/\/dorogimedence.hu\/index.php\/2023\/08\/19\/habsburg-gyorgy-orulok-hogy-megemlekeznek-erzsebet-kiralynerol\/#primaryimage"},"thumbnailUrl":"https:\/\/dorogimedence.hu\/wp-content\/uploads\/2023\/08\/unnepseg-01.jpg","datePublished":"2023-08-19T13:47:53+00:00","breadcrumb":{"@id":"https:\/\/dorogimedence.hu\/index.php\/2023\/08\/19\/habsburg-gyorgy-orulok-hogy-megemlekeznek-erzsebet-kiralynerol\/#breadcrumb"},"inLanguage":"hu","potentialAction":[{"@type":"ReadAction","target":["https:\/\/dorogimedence.hu\/index.php\/2023\/08\/19\/habsburg-gyorgy-orulok-hogy-megemlekeznek-erzsebet-kiralynerol\/"]}]},{"@type":"ImageObject","inLanguage":"hu","@id":"https:\/\/dorogimedence.hu\/index.php\/2023\/08\/19\/habsburg-gyorgy-orulok-hogy-megemlekeznek-erzsebet-kiralynerol\/#primaryimage","url":"https:\/\/dorogimedence.hu\/wp-content\/uploads\/2023\/08\/unnepseg-01.jpg","contentUrl":"https:\/\/dorogimedence.hu\/wp-content\/uploads\/2023\/08\/unnepseg-01.jpg","width":1920,"height":970},{"@type":"BreadcrumbList","@id":"https:\/\/dorogimedence.hu\/index.php\/2023\/08\/19\/habsburg-gyorgy-orulok-hogy-megemlekeznek-erzsebet-kiralynerol\/#breadcrumb","itemListElement":[{"@type":"ListItem","position":1,"name":"Kezd\u0151lap","item":"https:\/\/dorogimedence.hu\/"},{"@type":"ListItem","position":2,"name":"Habsburg Gy\u00f6rgy: \u00f6r\u00fcl\u00f6k, hogy megeml\u00e9keznek Erzs\u00e9bet kir\u00e1lyn\u00e9r\u0151l"}]},{"@type":"WebSite","@id":"https:\/\/dorogimedence.hu\/#website","url":"https:\/\/dorogimedence.hu\/","name":"Dorogi-medence Region\u00e1lis H\u00edrport\u00e1l","description":"Dorog, Keszt\u00f6lc, Le\u00e1nyv\u00e1r, Piliscs\u00e9v, Tokod, Tokodalt\u00e1r\u00f3, Csolnok, Esztergom-kertv\u00e1ros: h\u00edrek, programok","publisher":{"@id":"https:\/\/dorogimedence.hu\/#organization"},"potentialAction":[{"@type":"SearchAction","target":{"@type":"EntryPoint","urlTemplate":"https:\/\/dorogimedence.hu\/?s={search_term_string}"},"query-input":{"@type":"PropertyValueSpecification","valueRequired":true,"valueName":"search_term_string"}}],"inLanguage":"hu"},{"@type":"Organization","@id":"https:\/\/dorogimedence.hu\/#organization","name":"Dorogi-medence Region\u00e1lis H\u00edrport\u00e1l","url":"https:\/\/dorogimedence.hu\/","logo":{"@type":"ImageObject","inLanguage":"hu","@id":"https:\/\/dorogimedence.hu\/#\/schema\/logo\/image\/","url":"https:\/\/dorogimedence.hu\/wp-content\/uploads\/2021\/04\/logo-feher-600.png","contentUrl":"https:\/\/dorogimedence.hu\/wp-content\/uploads\/2021\/04\/logo-feher-600.png","width":600,"height":100,"caption":"Dorogi-medence Region\u00e1lis H\u00edrport\u00e1l"},"image":{"@id":"https:\/\/dorogimedence.hu\/#\/schema\/logo\/image\/"},"sameAs":["https:\/\/www.facebook.com\/dorogimedence\/"]},{"@type":"Person","@id":"https:\/\/dorogimedence.hu\/#\/schema\/person\/ce6091eeb7e95ecdc87890d6aa8e0fd4","name":"dorogimedence.hu","image":{"@type":"ImageObject","inLanguage":"hu","@id":"\/\/www.gravatar.com\/avatar\/d8d45f8901aadff40a4af72c0b826f1d?s=96&#038;r=g&#038;d=mm","url":"\/\/www.gravatar.com\/avatar\/d8d45f8901aadff40a4af72c0b826f1d?s=96&#038;r=g&#038;d=mm","contentUrl":"\/\/www.gravatar.com\/avatar\/d8d45f8901aadff40a4af72c0b826f1d?s=96&#038;r=g&#038;d=mm","caption":"dorogimedence.hu"}}]}},"_links":{"self":[{"href":"https:\/\/dorogimedence.hu\/index.php\/wp-json\/wp\/v2\/posts\/55585","targetHints":{"allow":["GET"]}}],"collection":[{"href":"https:\/\/dorogimedence.hu\/index.php\/wp-json\/wp\/v2\/posts"}],"about":[{"href":"https:\/\/dorogimedence.hu\/index.php\/wp-json\/wp\/v2\/types\/post"}],"author":[{"embeddable":true,"href":"https:\/\/dorogimedence.hu\/index.php\/wp-json\/wp\/v2\/users\/1"}],"replies":[{"embeddable":true,"href":"https:\/\/dorogimedence.hu\/index.php\/wp-json\/wp\/v2\/comments?post=55585"}],"version-history":[{"count":0,"href":"https:\/\/dorogimedence.hu\/index.php\/wp-json\/wp\/v2\/posts\/55585\/revisions"}],"wp:featuredmedia":[{"embeddable":true,"href":"https:\/\/dorogimedence.hu\/index.php\/wp-json\/wp\/v2\/media\/55586"}],"wp:attachment":[{"href":"https:\/\/dorogimedence.hu\/index.php\/wp-json\/wp\/v2\/media?parent=55585"}],"wp:term":[{"taxonomy":"category","embeddable":true,"href":"https:\/\/dorogimedence.hu\/index.php\/wp-json\/wp\/v2\/categories?post=55585"},{"taxonomy":"post_tag","embeddable":true,"href":"https:\/\/dorogimedence.hu\/index.php\/wp-json\/wp\/v2\/tags?post=55585"}],"curies":[{"name":"wp","href":"https:\/\/api.w.org\/{rel}","templated":true}]}}