{"id":5558,"date":"2017-09-12T08:12:01","date_gmt":"2017-09-12T06:12:01","guid":{"rendered":"http:\/\/dorogimedence.hu\/?p=5558"},"modified":"2017-09-12T08:12:01","modified_gmt":"2017-09-12T06:12:01","slug":"ars-sacra-programsorozat","status":"publish","type":"post","link":"https:\/\/dorogimedence.hu\/index.php\/2017\/09\/12\/ars-sacra-programsorozat\/","title":{"rendered":"Ars Sacra programsorozat"},"content":{"rendered":"<p><strong>Szeptember 16-\u00e1n \u00e9s 23-\u00e1n, Esztergomban, Ars Sacra c\u00edmmel szakmai d\u00e9lut\u00e1nt \u00e9s ny\u00edlt napot szervez a Kereszt\u00e9ny M\u00fazeum.<\/strong><\/p>\n<p><strong><em>Szeptember 16. 15:00-t\u00f3l: A Kereszt\u00e9ny M\u00fazeum \u00fajonnan restaur\u00e1lt m\u0171t\u00e1rgyainak bemutat\u00f3ja<\/em><\/strong><br \/>\n<em>Program:<\/em> amegjelenteket k\u00f6sz\u00f6nti: Kontsek Ildik\u00f3 (m\u00fazeumigazgat\u00f3)<br \/>\n<em>El\u0151ad\u00e1sok:<\/em> dr. Terdik Szilveszter: Egy \u00fajabb t\u00e1blak\u00e9p Cseg\u00f6ldr\u0151l? Megjegyz\u00e9sek az \u00d6r\u00f6mh\u00edrv\u00e9tel-ikon t\u00f6rt\u00e9net\u00e9hez. Fiam Judit: Sienai Szent Katalin az olt\u00e1r el\u0151tt &#8211; A t\u00e1blak\u00e9p restaur\u00e1l\u00e1si besz\u00e1mol\u00f3ja. Kolozsv\u00e1ri Gergely: Mettercia &#8211; A faszobor restaur\u00e1l\u00e1si besz\u00e1mol\u00f3ja.<\/p>\n<p><em><strong>Szeptember 23. 10:00-t\u00f3l: Ingyenes Ny\u00edlt nap Erd\u00e9ly Zsuzsanna N\u00e9pi Vall\u00e1soss\u00e1g Gy\u0171jtem\u00e9ny\u00e9ben<\/strong><\/em><br \/>\n<em> Program: <\/em>10:00 &#8211; 11:00: T\u00e1rlatvezet\u00e9st tart So\u00f3s S\u00e1ndor (muzeol\u00f3gus). 11:00 &#8211; 13:00: N\u00e9pi h\u00edmz\u00e9sek &#8211; k\u00e9zm\u0171ves foglalkoz\u00e1s Szab\u00f3 Judit textilrestaur\u00e1torral. 14:00 &#8211; 15:00: T\u00e1rlatvezet\u00e9st tart So\u00f3s S\u00e1ndor (muzeol\u00f3gus). 15:00 &#8211; 16:00: B\u00e1jol\u00e1sok, r\u00e1olvas\u00e1sok, seg\u00edt\u0151szentek \u00e9s n\u00e9pi praktik\u00e1k &#8211; m\u00fazeumpedag\u00f3giai foglalkoz\u00e1s.<\/p>\n<p><img fetchpriority=\"high\" decoding=\"async\" class=\"alignnone size-full wp-image-5559\" src=\"https:\/\/dorogimedence.hu\/wp-content\/uploads\/2017\/09\/ars-sacra-01.jpg\" alt=\"\" width=\"670\" height=\"670\" srcset=\"https:\/\/dorogimedence.hu\/wp-content\/uploads\/2017\/09\/ars-sacra-01.jpg 670w, https:\/\/dorogimedence.hu\/wp-content\/uploads\/2017\/09\/ars-sacra-01-150x150.jpg 150w, https:\/\/dorogimedence.hu\/wp-content\/uploads\/2017\/09\/ars-sacra-01-300x300.jpg 300w, https:\/\/dorogimedence.hu\/wp-content\/uploads\/2017\/09\/ars-sacra-01-53x53.jpg 53w\" sizes=\"(max-width: 670px) 100vw, 670px\" \/><\/p>\n<p><em>Forr\u00e1s: Kereszt\u00e9ny M\u00fazeum<br \/>\nC\u00edmlapfot\u00f3: kepmas.hu<\/em><\/p>\n","protected":false},"excerpt":{"rendered":"<p>Szeptember 16-\u00e1n \u00e9s 23-\u00e1n, Esztergomban, Ars Sacra c\u00edmmel szakmai d\u00e9lut\u00e1nt \u00e9s ny\u00edlt napot szervez a Kereszt\u00e9ny M\u00fazeum. Szeptember 16. 15:00-t\u00f3l: A Kereszt\u00e9ny M\u00fazeum \u00fajonnan restaur\u00e1lt m\u0171t\u00e1rgyainak bemutat\u00f3ja Program: amegjelenteket k\u00f6sz\u00f6nti: Kontsek Ildik\u00f3 (m\u00fazeumigazgat\u00f3) El\u0151ad\u00e1sok: dr. Terdik Szilveszter: Egy \u00fajabb t\u00e1blak\u00e9p Cseg\u00f6ldr\u0151l? Megjegyz\u00e9sek az \u00d6r\u00f6mh\u00edrv\u00e9tel-ikon t\u00f6rt\u00e9net\u00e9hez. Fiam Judit: Sienai Szent Katalin az olt\u00e1r el\u0151tt &#8211; A<\/p>\n","protected":false},"author":1,"featured_media":5560,"comment_status":"closed","ping_status":"closed","sticky":false,"template":"","format":"standard","meta":{"ngg_post_thumbnail":0,"footnotes":""},"categories":[38,3],"tags":[1522,1521,1520],"class_list":{"0":"post-5558","1":"post","2":"type-post","3":"status-publish","4":"format-standard","5":"has-post-thumbnail","7":"category-esztergom","8":"category-hirek","9":"tag-ars-sacra","10":"tag-esztergom-muzeum","11":"tag-kereszteny-muzeum"},"yoast_head":"<!-- This site is optimized with the Yoast SEO plugin v27.4 - https:\/\/yoast.com\/product\/yoast-seo-wordpress\/ -->\n<title>Ars Sacra programsorozat<\/title>\n<meta name=\"robots\" content=\"index, follow, max-snippet:-1, max-image-preview:large, max-video-preview:-1\" \/>\n<link rel=\"canonical\" href=\"https:\/\/dorogimedence.hu\/index.php\/2017\/09\/12\/ars-sacra-programsorozat\/\" class=\"yoast-seo-meta-tag\" \/>\n<meta property=\"og:locale\" content=\"hu_HU\" class=\"yoast-seo-meta-tag\" \/>\n<meta property=\"og:type\" content=\"article\" class=\"yoast-seo-meta-tag\" \/>\n<meta property=\"og:title\" content=\"Ars Sacra programsorozat\" class=\"yoast-seo-meta-tag\" \/>\n<meta property=\"og:description\" content=\"Szeptember 16-\u00e1n \u00e9s 23-\u00e1n, Esztergomban, Ars Sacra c\u00edmmel szakmai d\u00e9lut\u00e1nt \u00e9s ny\u00edlt napot szervez a Kereszt\u00e9ny M\u00fazeum. Szeptember 16. 15:00-t\u00f3l: A Kereszt\u00e9ny M\u00fazeum \u00fajonnan restaur\u00e1lt m\u0171t\u00e1rgyainak bemutat\u00f3ja Program: amegjelenteket k\u00f6sz\u00f6nti: Kontsek Ildik\u00f3 (m\u00fazeumigazgat\u00f3) El\u0151ad\u00e1sok: dr. Terdik Szilveszter: Egy \u00fajabb t\u00e1blak\u00e9p Cseg\u00f6ldr\u0151l? Megjegyz\u00e9sek az \u00d6r\u00f6mh\u00edrv\u00e9tel-ikon t\u00f6rt\u00e9net\u00e9hez. Fiam Judit: Sienai Szent Katalin az olt\u00e1r el\u0151tt &#8211; A\" class=\"yoast-seo-meta-tag\" \/>\n<meta property=\"og:url\" content=\"https:\/\/dorogimedence.hu\/index.php\/2017\/09\/12\/ars-sacra-programsorozat\/\" class=\"yoast-seo-meta-tag\" \/>\n<meta property=\"og:site_name\" content=\"Dorogi-medence Region\u00e1lis H\u00edrport\u00e1l\" class=\"yoast-seo-meta-tag\" \/>\n<meta property=\"article:publisher\" content=\"https:\/\/www.facebook.com\/dorogimedence\/\" class=\"yoast-seo-meta-tag\" \/>\n<meta property=\"article:published_time\" content=\"2017-09-12T06:12:01+00:00\" class=\"yoast-seo-meta-tag\" \/>\n<meta property=\"og:image\" content=\"https:\/\/i0.wp.com\/dorogimedence.hu\/wp-content\/uploads\/2017\/09\/kereszteny-muzeum-01.jpg?fit=670%2C365&ssl=1\" class=\"yoast-seo-meta-tag\" \/>\n\t<meta property=\"og:image:width\" content=\"670\" class=\"yoast-seo-meta-tag\" \/>\n\t<meta property=\"og:image:height\" content=\"365\" class=\"yoast-seo-meta-tag\" \/>\n\t<meta property=\"og:image:type\" content=\"image\/jpeg\" class=\"yoast-seo-meta-tag\" \/>\n<meta name=\"author\" content=\"dorogimedence.hu\" class=\"yoast-seo-meta-tag\" \/>\n<meta name=\"twitter:card\" content=\"summary_large_image\" class=\"yoast-seo-meta-tag\" \/>\n<meta name=\"twitter:label1\" content=\"Szerz\u0151:\" class=\"yoast-seo-meta-tag\" \/>\n\t<meta name=\"twitter:data1\" content=\"dorogimedence.hu\" class=\"yoast-seo-meta-tag\" \/>\n\t<meta name=\"twitter:label2\" content=\"Becs\u00fclt olvas\u00e1si id\u0151\" class=\"yoast-seo-meta-tag\" \/>\n\t<meta name=\"twitter:data2\" content=\"1 perc\" class=\"yoast-seo-meta-tag\" \/>\n<script type=\"application\/ld+json\" class=\"yoast-schema-graph\">{\"@context\":\"https:\\\/\\\/schema.org\",\"@graph\":[{\"@type\":\"Article\",\"@id\":\"https:\\\/\\\/dorogimedence.hu\\\/index.php\\\/2017\\\/09\\\/12\\\/ars-sacra-programsorozat\\\/#article\",\"isPartOf\":{\"@id\":\"https:\\\/\\\/dorogimedence.hu\\\/index.php\\\/2017\\\/09\\\/12\\\/ars-sacra-programsorozat\\\/\"},\"author\":{\"name\":\"dorogimedence.hu\",\"@id\":\"https:\\\/\\\/dorogimedence.hu\\\/#\\\/schema\\\/person\\\/ce6091eeb7e95ecdc87890d6aa8e0fd4\"},\"headline\":\"Ars Sacra programsorozat\",\"datePublished\":\"2017-09-12T06:12:01+00:00\",\"mainEntityOfPage\":{\"@id\":\"https:\\\/\\\/dorogimedence.hu\\\/index.php\\\/2017\\\/09\\\/12\\\/ars-sacra-programsorozat\\\/\"},\"wordCount\":201,\"publisher\":{\"@id\":\"https:\\\/\\\/dorogimedence.hu\\\/#organization\"},\"image\":{\"@id\":\"https:\\\/\\\/dorogimedence.hu\\\/index.php\\\/2017\\\/09\\\/12\\\/ars-sacra-programsorozat\\\/#primaryimage\"},\"thumbnailUrl\":\"https:\\\/\\\/dorogimedence.hu\\\/wp-content\\\/uploads\\\/2017\\\/09\\\/kereszteny-muzeum-01.jpg\",\"keywords\":[\"Ars Sacra\",\"Esztergom m\u00fazeum\",\"Kereszt\u00e9ny M\u00fazeum\"],\"articleSection\":[\"Esztergom\",\"H\u00edrek\"],\"inLanguage\":\"hu\"},{\"@type\":\"WebPage\",\"@id\":\"https:\\\/\\\/dorogimedence.hu\\\/index.php\\\/2017\\\/09\\\/12\\\/ars-sacra-programsorozat\\\/\",\"url\":\"https:\\\/\\\/dorogimedence.hu\\\/index.php\\\/2017\\\/09\\\/12\\\/ars-sacra-programsorozat\\\/\",\"name\":\"Ars Sacra programsorozat\",\"isPartOf\":{\"@id\":\"https:\\\/\\\/dorogimedence.hu\\\/#website\"},\"primaryImageOfPage\":{\"@id\":\"https:\\\/\\\/dorogimedence.hu\\\/index.php\\\/2017\\\/09\\\/12\\\/ars-sacra-programsorozat\\\/#primaryimage\"},\"image\":{\"@id\":\"https:\\\/\\\/dorogimedence.hu\\\/index.php\\\/2017\\\/09\\\/12\\\/ars-sacra-programsorozat\\\/#primaryimage\"},\"thumbnailUrl\":\"https:\\\/\\\/dorogimedence.hu\\\/wp-content\\\/uploads\\\/2017\\\/09\\\/kereszteny-muzeum-01.jpg\",\"datePublished\":\"2017-09-12T06:12:01+00:00\",\"breadcrumb\":{\"@id\":\"https:\\\/\\\/dorogimedence.hu\\\/index.php\\\/2017\\\/09\\\/12\\\/ars-sacra-programsorozat\\\/#breadcrumb\"},\"inLanguage\":\"hu\",\"potentialAction\":[{\"@type\":\"ReadAction\",\"target\":[\"https:\\\/\\\/dorogimedence.hu\\\/index.php\\\/2017\\\/09\\\/12\\\/ars-sacra-programsorozat\\\/\"]}]},{\"@type\":\"ImageObject\",\"inLanguage\":\"hu\",\"@id\":\"https:\\\/\\\/dorogimedence.hu\\\/index.php\\\/2017\\\/09\\\/12\\\/ars-sacra-programsorozat\\\/#primaryimage\",\"url\":\"https:\\\/\\\/dorogimedence.hu\\\/wp-content\\\/uploads\\\/2017\\\/09\\\/kereszteny-muzeum-01.jpg\",\"contentUrl\":\"https:\\\/\\\/dorogimedence.hu\\\/wp-content\\\/uploads\\\/2017\\\/09\\\/kereszteny-muzeum-01.jpg\",\"width\":670,\"height\":365},{\"@type\":\"BreadcrumbList\",\"@id\":\"https:\\\/\\\/dorogimedence.hu\\\/index.php\\\/2017\\\/09\\\/12\\\/ars-sacra-programsorozat\\\/#breadcrumb\",\"itemListElement\":[{\"@type\":\"ListItem\",\"position\":1,\"name\":\"Kezd\u0151lap\",\"item\":\"https:\\\/\\\/dorogimedence.hu\\\/\"},{\"@type\":\"ListItem\",\"position\":2,\"name\":\"Ars Sacra programsorozat\"}]},{\"@type\":\"WebSite\",\"@id\":\"https:\\\/\\\/dorogimedence.hu\\\/#website\",\"url\":\"https:\\\/\\\/dorogimedence.hu\\\/\",\"name\":\"Dorogi-medence Region\u00e1lis H\u00edrport\u00e1l\",\"description\":\"Dorog, Keszt\u00f6lc, Le\u00e1nyv\u00e1r, Piliscs\u00e9v, Tokod, Tokodalt\u00e1r\u00f3, Csolnok, Esztergom-kertv\u00e1ros: h\u00edrek, programok\",\"publisher\":{\"@id\":\"https:\\\/\\\/dorogimedence.hu\\\/#organization\"},\"potentialAction\":[{\"@type\":\"SearchAction\",\"target\":{\"@type\":\"EntryPoint\",\"urlTemplate\":\"https:\\\/\\\/dorogimedence.hu\\\/?s={search_term_string}\"},\"query-input\":{\"@type\":\"PropertyValueSpecification\",\"valueRequired\":true,\"valueName\":\"search_term_string\"}}],\"inLanguage\":\"hu\"},{\"@type\":\"Organization\",\"@id\":\"https:\\\/\\\/dorogimedence.hu\\\/#organization\",\"name\":\"Dorogi-medence Region\u00e1lis H\u00edrport\u00e1l\",\"url\":\"https:\\\/\\\/dorogimedence.hu\\\/\",\"logo\":{\"@type\":\"ImageObject\",\"inLanguage\":\"hu\",\"@id\":\"https:\\\/\\\/dorogimedence.hu\\\/#\\\/schema\\\/logo\\\/image\\\/\",\"url\":\"https:\\\/\\\/dorogimedence.hu\\\/wp-content\\\/uploads\\\/2021\\\/04\\\/logo-feher-600.png\",\"contentUrl\":\"https:\\\/\\\/dorogimedence.hu\\\/wp-content\\\/uploads\\\/2021\\\/04\\\/logo-feher-600.png\",\"width\":600,\"height\":100,\"caption\":\"Dorogi-medence Region\u00e1lis H\u00edrport\u00e1l\"},\"image\":{\"@id\":\"https:\\\/\\\/dorogimedence.hu\\\/#\\\/schema\\\/logo\\\/image\\\/\"},\"sameAs\":[\"https:\\\/\\\/www.facebook.com\\\/dorogimedence\\\/\"]},{\"@type\":\"Person\",\"@id\":\"https:\\\/\\\/dorogimedence.hu\\\/#\\\/schema\\\/person\\\/ce6091eeb7e95ecdc87890d6aa8e0fd4\",\"name\":\"dorogimedence.hu\",\"image\":{\"@type\":\"ImageObject\",\"inLanguage\":\"hu\",\"@id\":\"\\\/\\\/www.gravatar.com\\\/avatar\\\/d8d45f8901aadff40a4af72c0b826f1d?s=96&#038;r=g&#038;d=mm\",\"url\":\"\\\/\\\/www.gravatar.com\\\/avatar\\\/d8d45f8901aadff40a4af72c0b826f1d?s=96&#038;r=g&#038;d=mm\",\"contentUrl\":\"\\\/\\\/www.gravatar.com\\\/avatar\\\/d8d45f8901aadff40a4af72c0b826f1d?s=96&#038;r=g&#038;d=mm\",\"caption\":\"dorogimedence.hu\"}}]}<\/script>\n<!-- \/ Yoast SEO plugin. -->","yoast_head_json":{"title":"Ars Sacra programsorozat","robots":{"index":"index","follow":"follow","max-snippet":"max-snippet:-1","max-image-preview":"max-image-preview:large","max-video-preview":"max-video-preview:-1"},"canonical":"https:\/\/dorogimedence.hu\/index.php\/2017\/09\/12\/ars-sacra-programsorozat\/","og_locale":"hu_HU","og_type":"article","og_title":"Ars Sacra programsorozat","og_description":"Szeptember 16-\u00e1n \u00e9s 23-\u00e1n, Esztergomban, Ars Sacra c\u00edmmel szakmai d\u00e9lut\u00e1nt \u00e9s ny\u00edlt napot szervez a Kereszt\u00e9ny M\u00fazeum. Szeptember 16. 15:00-t\u00f3l: A Kereszt\u00e9ny M\u00fazeum \u00fajonnan restaur\u00e1lt m\u0171t\u00e1rgyainak bemutat\u00f3ja Program: amegjelenteket k\u00f6sz\u00f6nti: Kontsek Ildik\u00f3 (m\u00fazeumigazgat\u00f3) El\u0151ad\u00e1sok: dr. Terdik Szilveszter: Egy \u00fajabb t\u00e1blak\u00e9p Cseg\u00f6ldr\u0151l? Megjegyz\u00e9sek az \u00d6r\u00f6mh\u00edrv\u00e9tel-ikon t\u00f6rt\u00e9net\u00e9hez. Fiam Judit: Sienai Szent Katalin az olt\u00e1r el\u0151tt &#8211; A","og_url":"https:\/\/dorogimedence.hu\/index.php\/2017\/09\/12\/ars-sacra-programsorozat\/","og_site_name":"Dorogi-medence Region\u00e1lis H\u00edrport\u00e1l","article_publisher":"https:\/\/www.facebook.com\/dorogimedence\/","article_published_time":"2017-09-12T06:12:01+00:00","og_image":[{"width":670,"height":365,"url":"https:\/\/i0.wp.com\/dorogimedence.hu\/wp-content\/uploads\/2017\/09\/kereszteny-muzeum-01.jpg?fit=670%2C365&ssl=1","type":"image\/jpeg"}],"author":"dorogimedence.hu","twitter_card":"summary_large_image","twitter_misc":{"Szerz\u0151:":"dorogimedence.hu","Becs\u00fclt olvas\u00e1si id\u0151":"1 perc"},"schema":{"@context":"https:\/\/schema.org","@graph":[{"@type":"Article","@id":"https:\/\/dorogimedence.hu\/index.php\/2017\/09\/12\/ars-sacra-programsorozat\/#article","isPartOf":{"@id":"https:\/\/dorogimedence.hu\/index.php\/2017\/09\/12\/ars-sacra-programsorozat\/"},"author":{"name":"dorogimedence.hu","@id":"https:\/\/dorogimedence.hu\/#\/schema\/person\/ce6091eeb7e95ecdc87890d6aa8e0fd4"},"headline":"Ars Sacra programsorozat","datePublished":"2017-09-12T06:12:01+00:00","mainEntityOfPage":{"@id":"https:\/\/dorogimedence.hu\/index.php\/2017\/09\/12\/ars-sacra-programsorozat\/"},"wordCount":201,"publisher":{"@id":"https:\/\/dorogimedence.hu\/#organization"},"image":{"@id":"https:\/\/dorogimedence.hu\/index.php\/2017\/09\/12\/ars-sacra-programsorozat\/#primaryimage"},"thumbnailUrl":"https:\/\/dorogimedence.hu\/wp-content\/uploads\/2017\/09\/kereszteny-muzeum-01.jpg","keywords":["Ars Sacra","Esztergom m\u00fazeum","Kereszt\u00e9ny M\u00fazeum"],"articleSection":["Esztergom","H\u00edrek"],"inLanguage":"hu"},{"@type":"WebPage","@id":"https:\/\/dorogimedence.hu\/index.php\/2017\/09\/12\/ars-sacra-programsorozat\/","url":"https:\/\/dorogimedence.hu\/index.php\/2017\/09\/12\/ars-sacra-programsorozat\/","name":"Ars Sacra programsorozat","isPartOf":{"@id":"https:\/\/dorogimedence.hu\/#website"},"primaryImageOfPage":{"@id":"https:\/\/dorogimedence.hu\/index.php\/2017\/09\/12\/ars-sacra-programsorozat\/#primaryimage"},"image":{"@id":"https:\/\/dorogimedence.hu\/index.php\/2017\/09\/12\/ars-sacra-programsorozat\/#primaryimage"},"thumbnailUrl":"https:\/\/dorogimedence.hu\/wp-content\/uploads\/2017\/09\/kereszteny-muzeum-01.jpg","datePublished":"2017-09-12T06:12:01+00:00","breadcrumb":{"@id":"https:\/\/dorogimedence.hu\/index.php\/2017\/09\/12\/ars-sacra-programsorozat\/#breadcrumb"},"inLanguage":"hu","potentialAction":[{"@type":"ReadAction","target":["https:\/\/dorogimedence.hu\/index.php\/2017\/09\/12\/ars-sacra-programsorozat\/"]}]},{"@type":"ImageObject","inLanguage":"hu","@id":"https:\/\/dorogimedence.hu\/index.php\/2017\/09\/12\/ars-sacra-programsorozat\/#primaryimage","url":"https:\/\/dorogimedence.hu\/wp-content\/uploads\/2017\/09\/kereszteny-muzeum-01.jpg","contentUrl":"https:\/\/dorogimedence.hu\/wp-content\/uploads\/2017\/09\/kereszteny-muzeum-01.jpg","width":670,"height":365},{"@type":"BreadcrumbList","@id":"https:\/\/dorogimedence.hu\/index.php\/2017\/09\/12\/ars-sacra-programsorozat\/#breadcrumb","itemListElement":[{"@type":"ListItem","position":1,"name":"Kezd\u0151lap","item":"https:\/\/dorogimedence.hu\/"},{"@type":"ListItem","position":2,"name":"Ars Sacra programsorozat"}]},{"@type":"WebSite","@id":"https:\/\/dorogimedence.hu\/#website","url":"https:\/\/dorogimedence.hu\/","name":"Dorogi-medence Region\u00e1lis H\u00edrport\u00e1l","description":"Dorog, Keszt\u00f6lc, Le\u00e1nyv\u00e1r, Piliscs\u00e9v, Tokod, Tokodalt\u00e1r\u00f3, Csolnok, Esztergom-kertv\u00e1ros: h\u00edrek, programok","publisher":{"@id":"https:\/\/dorogimedence.hu\/#organization"},"potentialAction":[{"@type":"SearchAction","target":{"@type":"EntryPoint","urlTemplate":"https:\/\/dorogimedence.hu\/?s={search_term_string}"},"query-input":{"@type":"PropertyValueSpecification","valueRequired":true,"valueName":"search_term_string"}}],"inLanguage":"hu"},{"@type":"Organization","@id":"https:\/\/dorogimedence.hu\/#organization","name":"Dorogi-medence Region\u00e1lis H\u00edrport\u00e1l","url":"https:\/\/dorogimedence.hu\/","logo":{"@type":"ImageObject","inLanguage":"hu","@id":"https:\/\/dorogimedence.hu\/#\/schema\/logo\/image\/","url":"https:\/\/dorogimedence.hu\/wp-content\/uploads\/2021\/04\/logo-feher-600.png","contentUrl":"https:\/\/dorogimedence.hu\/wp-content\/uploads\/2021\/04\/logo-feher-600.png","width":600,"height":100,"caption":"Dorogi-medence Region\u00e1lis H\u00edrport\u00e1l"},"image":{"@id":"https:\/\/dorogimedence.hu\/#\/schema\/logo\/image\/"},"sameAs":["https:\/\/www.facebook.com\/dorogimedence\/"]},{"@type":"Person","@id":"https:\/\/dorogimedence.hu\/#\/schema\/person\/ce6091eeb7e95ecdc87890d6aa8e0fd4","name":"dorogimedence.hu","image":{"@type":"ImageObject","inLanguage":"hu","@id":"\/\/www.gravatar.com\/avatar\/d8d45f8901aadff40a4af72c0b826f1d?s=96&#038;r=g&#038;d=mm","url":"\/\/www.gravatar.com\/avatar\/d8d45f8901aadff40a4af72c0b826f1d?s=96&#038;r=g&#038;d=mm","contentUrl":"\/\/www.gravatar.com\/avatar\/d8d45f8901aadff40a4af72c0b826f1d?s=96&#038;r=g&#038;d=mm","caption":"dorogimedence.hu"}}]}},"_links":{"self":[{"href":"https:\/\/dorogimedence.hu\/index.php\/wp-json\/wp\/v2\/posts\/5558","targetHints":{"allow":["GET"]}}],"collection":[{"href":"https:\/\/dorogimedence.hu\/index.php\/wp-json\/wp\/v2\/posts"}],"about":[{"href":"https:\/\/dorogimedence.hu\/index.php\/wp-json\/wp\/v2\/types\/post"}],"author":[{"embeddable":true,"href":"https:\/\/dorogimedence.hu\/index.php\/wp-json\/wp\/v2\/users\/1"}],"replies":[{"embeddable":true,"href":"https:\/\/dorogimedence.hu\/index.php\/wp-json\/wp\/v2\/comments?post=5558"}],"version-history":[{"count":0,"href":"https:\/\/dorogimedence.hu\/index.php\/wp-json\/wp\/v2\/posts\/5558\/revisions"}],"wp:featuredmedia":[{"embeddable":true,"href":"https:\/\/dorogimedence.hu\/index.php\/wp-json\/wp\/v2\/media\/5560"}],"wp:attachment":[{"href":"https:\/\/dorogimedence.hu\/index.php\/wp-json\/wp\/v2\/media?parent=5558"}],"wp:term":[{"taxonomy":"category","embeddable":true,"href":"https:\/\/dorogimedence.hu\/index.php\/wp-json\/wp\/v2\/categories?post=5558"},{"taxonomy":"post_tag","embeddable":true,"href":"https:\/\/dorogimedence.hu\/index.php\/wp-json\/wp\/v2\/tags?post=5558"}],"curies":[{"name":"wp","href":"https:\/\/api.w.org\/{rel}","templated":true}]}}