{"id":55319,"date":"2023-08-09T10:41:08","date_gmt":"2023-08-09T08:41:08","guid":{"rendered":"https:\/\/dorogimedence.hu\/?p=55319"},"modified":"2023-08-11T11:56:31","modified_gmt":"2023-08-11T09:56:31","slug":"novak-katalin-es-habsburg-gyorgy-is-reszt-vesz-az-esztergomi-szent-istvan-napokon","status":"publish","type":"post","link":"https:\/\/dorogimedence.hu\/index.php\/2023\/08\/09\/novak-katalin-es-habsburg-gyorgy-is-reszt-vesz-az-esztergomi-szent-istvan-napokon\/","title":{"rendered":"Nov\u00e1k Katalin \u00e9s Habsburg Gy\u00f6rgy is r\u00e9szt vesz az Esztergomi Szent Istv\u00e1n Napokon"},"content":{"rendered":"<p><strong>Koron\u00e1z\u00f3 v\u00e1roshoz m\u00e9lt\u00f3 programokkal k\u00e9sz\u00fcl Magyarorsz\u00e1g els\u0151 v\u00e1rosa az \u00e1llamalap\u00edt\u00e1s \u00fcnnep\u00e9re, ahol t\u00f6bbek k\u00f6z\u00f6tt az Eur\u00f3pa Kultur\u00e1lis F\u0151v\u00e1ros\u00e1nak nagyjai is sz\u00ednpadra l\u00e9pnek!<\/strong><\/p>\n<p>Az augusztus 18-20. k\u00f6z\u00f6tti Esztergomi Szent Istv\u00e1n Napokon az \u00e1llamalap\u00edt\u00e1son t\u00fal a v\u00e1ros alap\u00edt\u00e1s\u00e1nak 1050 \u00e9ves jubileum\u00e1t is \u00fcnneplik, amelyre 3 napon \u00e1t sz\u00ednh\u00e1zi el\u0151ad\u00e1sokkal, klasszikus zenei koncertekkel \u00e9s kertmozival v\u00e1rj\u00e1k az \u00e9rdekl\u0151d\u0151ket az Erzs\u00e9bet parkban.<\/p>\n<p><strong>Augusztus 18. p\u00e9ntek<\/strong><\/p>\n<p>Hern\u00e1di \u00c1d\u00e1m, Esztergom polg\u00e1rmester\u00e9nek megnyit\u00f3ja ut\u00e1n 19 \u00f3r\u00e1t\u00f3l Igor Stravinsky j\u00e1t\u00e9kra \u00e9s t\u00e1ncra \u00edrott elbesz\u00e9l\u00e9s\u00e9t, A katona t\u00f6rt\u00e9net\u00e9t tekinthetik meg az \u00e9rdekl\u0151d\u0151k a temesv\u00e1ri Csiky Gergely \u00c1llami Magyar Sz\u00ednh\u00e1z el\u0151ad\u00e1s\u00e1ban. 20.30-t\u00f3l a vil\u00e1gh\u00edr\u0171 Roby Lakatos heged\u0171virtu\u00f3z \u00e9s a veszpr\u00e9mi Mendelssohn Kamarazenekar ad k\u00f6z\u00f6s koncertet, majd 22 \u00f3r\u00e1t\u00f3l a Gasztroudvar LED fal\u00e1n az \u00dcvegtigris c\u00edm\u0171 filmet vet\u00edtik le.<\/p>\n<p><strong>Augusztus 19. szombat<\/strong><\/p>\n<p>Az Erzs\u00e9bet kir\u00e1lyn\u00e9 szobor avat\u00e1s\u00e1nak 20 \u00e9ves jubileum\u00e1ra, valamint Ehingen v\u00e1ros\u00e1val 30 \u00e9ve fenn\u00e1ll\u00f3 testv\u00e9rv\u00e1rosi kapcsolat meg\u00fcnnepl\u00e9s\u00e9re szombaton 10 \u00f3rakor ker\u00edtenek sort. Besz\u00e9det mond Alexander Baumann, Ehingen polg\u00e1rmestere \u00e9s Hern\u00e1di \u00c1d\u00e1m, Esztergom polg\u00e1rmestere. A d\u00edszvend\u00e9g Habsburg Gy\u00f6rgy, Magyarorsz\u00e1g franciaorsz\u00e1gi \u00e9s monac\u00f3i nagyk\u00f6vete lesz. K\u00f6zrem\u0171k\u00f6dik az Esztergomi Szimfonikus Zenekar, a V\u00e1ci Husz\u00e1r \u00e9s Nemzet\u0151r Band\u00e9rium, a Vinum Ister-Granum Regionis Borlovagrend \u00e9s a Szent Gy\u00f6rgy Lovagok Eur\u00f3p\u00e1b\u00f3l.<\/p>\n<p>14 \u00f3r\u00e1t\u00f3l Nyakigl\u00e1b artist\u00e1k a porondon c\u00edmmel tart el\u0151ad\u00e1st a veszpr\u00e9mi Kab\u00f3ca B\u00e1bsz\u00ednh\u00e1z. A Gasztroudvarban 15.30-t\u00f3l ism\u00e9t a mozi lesz f\u0151szerepben, hiszen a Ternovszky B\u00e9la \u00e1ltal rendezett anim\u00e1ci\u00f3s filmet, a Macskafog\u00f3t vet\u00edtik le! A gyerk\u0151c\u00f6knek ezut\u00e1n is \u00e9rdemes lesz maradniuk, mivel 17.30-t\u00f3l Nini mes\u00e9k c\u00edmmel zen\u00e9s-git\u00e1ros-\u00e9nekl\u0151s gyerekprogramot szerveznek.<\/p>\n<p>A d\u00e9lut\u00e1n tov\u00e1bbi r\u00e9sz\u00e9ben a Gasztroudvarban besz\u00e9lget\u00e9seket tartanak. T\u00f6bbek k\u00f6z\u00f6tt a H\u0151s\u00f6k tere \u2013 1000 \u00e9v magyar t\u00f6rt\u00e9nelem rajzokon c\u00edm\u0171 kiadv\u00e1ny szerkeszt\u0151j\u00e9vel, M\u00e9sz\u00e1ros J\u00e1nossal, valamint az 1242 \u2013 A Nyugat kapuj\u00e1ban c\u00edm\u0171 t\u00f6rt\u00e9nelmi kalandfilm rendez\u0151j\u00e9vel, So\u00f3s P\u00e9terrel. S\u0151t, a Szent Istv\u00e1n c\u00edm\u0171 t\u00f6rt\u00e9nelmi anim\u00e1ci\u00f3s dokumentumfilm-sorozat premierj\u00e9t k\u00f6vet\u0151en a meg\u00e1lmod\u00f3kkal is zajlik majd egy besz\u00e9lget\u00e9s. A nap f\u00e9nypontjak\u00e9nt 20 \u00f3r\u00e1t\u00f3l az Egri Csillagok c\u00edm\u0171 musicalt l\u00e1thatj\u00e1k az \u00e9rdekl\u0151d\u0151k a sz\u00ednpadon a Magyarock Dalsz\u00ednh\u00e1z el\u0151ad\u00e1s\u00e1ban. V\u00e9g\u00fcl 22 \u00f3r\u00e1t\u00f3l a Gasztroudvarban a Magyar v\u00e1ndor c\u00edm\u0171 filmet mutatj\u00e1k be.<\/p>\n<p><strong>Augusztus 20. vas\u00e1rnap<\/strong><\/p>\n<p>Vas\u00e1rnap d\u00e9lel\u0151tt Nov\u00e1k Katalin k\u00f6zt\u00e1rsas\u00e1gi eln\u00f6k mondja el Szent Istv\u00e1n-napi besz\u00e9d\u00e9t, majd az \u00fcnnepi m\u0171sor k\u00f6vetkezik. A nap tov\u00e1bbi r\u00e9sze a csal\u00e1dokr\u00f3l \u00e9s a gyerekekr\u0151l fog sz\u00f3lni. Az Esztergomi Adventi V\u00e1s\u00e1ron \u00e9s az Esztergomi Piacon m\u00e1r nagy sikert aratott a Mesters\u00e9gek Gyerekcip\u0151ben c\u00edm\u0171 gyerekprogram, ez\u00e9rt az Esztergomi Szent Istv\u00e1n Napokon is megrendezik, ahol interakt\u00edv foglalkoz\u00e1s keret\u00e9ben a 4-10 \u00e9ves koroszt\u00e1ly k\u00fcl\u00f6nb\u00f6z\u0151 mesters\u00e9ggel ismerkedhet meg 11.30-t\u00f3l.<\/p>\n<p>15 \u00f3r\u00e1t\u00f3l a Gasztroudvarban a Fekete Istv\u00e1n reg\u00e9ny\u00e9b\u0151l k\u00e9sz\u00fclt Vuk c\u00edm\u0171 anim\u00e1ci\u00f3s filmet vet\u00edtik le, majd 16 \u00f3r\u00e1t\u00f3l Fazekas Mih\u00e1ly L\u00fadas Matyi c\u00edm\u0171 mesej\u00e1t\u00e9k\u00e1t adj\u00e1k el\u0151. A nap z\u00e1r\u00f3etapja ism\u00e9t a feln\u0151ttek\u00e9 lesz. 20 \u00f3r\u00e1t\u00f3l az esztergomi Babits Mih\u00e1ly Sz\u00ednh\u00e1z az eddigi legnagyobb produkci\u00f3j\u00e1val k\u00e9sz\u00fcl, m\u00e9ghozz\u00e1 Az els\u0151 v\u00e1ros \u2013 Jelenetek Esztergom sz\u00e1zadaib\u00f3l c\u00edm\u0171 m\u0171 \u0151sbemutat\u00f3j\u00e1val. Az \u00fcnnepi el\u0151ad\u00e1son az Esztergom teljes m\u00faltj\u00e1t felvonultat\u00f3 14 jelenetben 12 \u00e9vsz\u00e1zad 55 karakter\u00e9t, t\u00f6bbek k\u00f6z\u00f6tt Marcus Aureliust, IV. B\u00e9l\u00e1t, Balassa B\u00e1lintot \u00e9s szerelmeit, Pat\u00f3 P\u00e1lt \u00e9s Babits Mih\u00e1lyt kelti \u00e9letre 13 sz\u00edn\u00e9sz.<\/p>\n<p><em>A Gasztroudvar p\u00e9nteken 17-t\u0151l, m\u00edg szombaton 12-t\u0151l tart nyitva \u00e9jf\u00e9lig, valamint vas\u00e1rnap 9-t\u0151l 22-ig l\u00e1togathat\u00f3. A szervez\u0151k a programv\u00e1ltoztat\u00e1s jog\u00e1t fenntartj\u00e1k!<\/em><\/p>\n<p>Naprak\u00e9sz inform\u00e1ci\u00f3k az <span style=\"text-decoration: underline; color: #0000ff;\"><a style=\"color: #0000ff; text-decoration: underline;\" href=\"https:\/\/www.facebook.com\/EsztergomiSzentIstvanNapok\" target=\"_blank\" rel=\"noopener\">Esztergomi Szent Istv\u00e1n Napok<\/a><\/span> Facebook oldalon tal\u00e1lhat\u00f3k!<\/p>\n<p><strong><a href=\"https:\/\/visitesztergom.hu\/programok\/esztergomi-szent-istvan-napok\/\" target=\"_blank\" rel=\"noopener\"><span style=\"text-decoration: underline; color: #0000ff;\">R\u00e9szletes programok&gt;&gt;<\/span><\/a><\/strong><\/p>\n<p><img fetchpriority=\"high\" decoding=\"async\" class=\"alignnone size-full wp-image-55320\" src=\"https:\/\/dorogimedence.hu\/wp-content\/uploads\/2023\/08\/365307957_121484784352307_6128318267903280872_n.jpg\" alt=\"\" width=\"1517\" height=\"2048\" srcset=\"https:\/\/dorogimedence.hu\/wp-content\/uploads\/2023\/08\/365307957_121484784352307_6128318267903280872_n.jpg 1517w, https:\/\/dorogimedence.hu\/wp-content\/uploads\/2023\/08\/365307957_121484784352307_6128318267903280872_n-444x600.jpg 444w, https:\/\/dorogimedence.hu\/wp-content\/uploads\/2023\/08\/365307957_121484784352307_6128318267903280872_n-1422x1920.jpg 1422w, https:\/\/dorogimedence.hu\/wp-content\/uploads\/2023\/08\/365307957_121484784352307_6128318267903280872_n-768x1037.jpg 768w, https:\/\/dorogimedence.hu\/wp-content\/uploads\/2023\/08\/365307957_121484784352307_6128318267903280872_n-1138x1536.jpg 1138w, https:\/\/dorogimedence.hu\/wp-content\/uploads\/2023\/08\/365307957_121484784352307_6128318267903280872_n-150x203.jpg 150w, https:\/\/dorogimedence.hu\/wp-content\/uploads\/2023\/08\/365307957_121484784352307_6128318267903280872_n-450x608.jpg 450w, https:\/\/dorogimedence.hu\/wp-content\/uploads\/2023\/08\/365307957_121484784352307_6128318267903280872_n-1200x1620.jpg 1200w\" sizes=\"(max-width: 1517px) 100vw, 1517px\" \/><\/p>\n","protected":false},"excerpt":{"rendered":"<p>Koron\u00e1z\u00f3 v\u00e1roshoz m\u00e9lt\u00f3 programokkal k\u00e9sz\u00fcl Magyarorsz\u00e1g els\u0151 v\u00e1rosa az \u00e1llamalap\u00edt\u00e1s \u00fcnnep\u00e9re, ahol t\u00f6bbek k\u00f6z\u00f6tt az Eur\u00f3pa Kultur\u00e1lis F\u0151v\u00e1ros\u00e1nak nagyjai is sz\u00ednpadra l\u00e9pnek! Az augusztus 18-20. k\u00f6z\u00f6tti Esztergomi Szent Istv\u00e1n Napokon az \u00e1llamalap\u00edt\u00e1son t\u00fal a v\u00e1ros alap\u00edt\u00e1s\u00e1nak 1050 \u00e9ves jubileum\u00e1t is \u00fcnneplik, amelyre 3 napon \u00e1t sz\u00ednh\u00e1zi el\u0151ad\u00e1sokkal, klasszikus zenei koncertekkel \u00e9s kertmozival v\u00e1rj\u00e1k az \u00e9rdekl\u0151d\u0151ket<\/p>\n","protected":false},"author":1,"featured_media":55321,"comment_status":"closed","ping_status":"closed","sticky":false,"template":"","format":"standard","meta":{"ngg_post_thumbnail":0,"footnotes":""},"categories":[38,3,3561],"tags":[2921,1260,42,7381,101],"class_list":{"0":"post-55319","1":"post","2":"type-post","3":"status-publish","4":"format-standard","5":"has-post-thumbnail","7":"category-esztergom","8":"category-hirek","9":"category-programok","10":"tag-allamalapitas-unnepe","11":"tag-augusztus-20","12":"tag-esztergom","13":"tag-esztergomi-szent-istvan-napok","14":"tag-program"},"yoast_head":"<!-- This site is optimized with the Yoast SEO plugin v27.5 - https:\/\/yoast.com\/product\/yoast-seo-wordpress\/ -->\n<title>Nov\u00e1k Katalin \u00e9s Habsburg Gy\u00f6rgy is r\u00e9szt vesz az Esztergomi Szent Istv\u00e1n Napokon<\/title>\n<meta name=\"robots\" content=\"index, follow, max-snippet:-1, max-image-preview:large, max-video-preview:-1\" \/>\n<link rel=\"canonical\" href=\"https:\/\/dorogimedence.hu\/index.php\/2023\/08\/09\/novak-katalin-es-habsburg-gyorgy-is-reszt-vesz-az-esztergomi-szent-istvan-napokon\/\" class=\"yoast-seo-meta-tag\" \/>\n<meta property=\"og:locale\" content=\"hu_HU\" class=\"yoast-seo-meta-tag\" \/>\n<meta property=\"og:type\" content=\"article\" class=\"yoast-seo-meta-tag\" \/>\n<meta property=\"og:title\" content=\"Nov\u00e1k Katalin \u00e9s Habsburg Gy\u00f6rgy is r\u00e9szt vesz az Esztergomi Szent Istv\u00e1n Napokon\" class=\"yoast-seo-meta-tag\" \/>\n<meta property=\"og:description\" content=\"Koron\u00e1z\u00f3 v\u00e1roshoz m\u00e9lt\u00f3 programokkal k\u00e9sz\u00fcl Magyarorsz\u00e1g els\u0151 v\u00e1rosa az \u00e1llamalap\u00edt\u00e1s \u00fcnnep\u00e9re, ahol t\u00f6bbek k\u00f6z\u00f6tt az Eur\u00f3pa Kultur\u00e1lis F\u0151v\u00e1ros\u00e1nak nagyjai is sz\u00ednpadra l\u00e9pnek! Az augusztus 18-20. k\u00f6z\u00f6tti Esztergomi Szent Istv\u00e1n Napokon az \u00e1llamalap\u00edt\u00e1son t\u00fal a v\u00e1ros alap\u00edt\u00e1s\u00e1nak 1050 \u00e9ves jubileum\u00e1t is \u00fcnneplik, amelyre 3 napon \u00e1t sz\u00ednh\u00e1zi el\u0151ad\u00e1sokkal, klasszikus zenei koncertekkel \u00e9s kertmozival v\u00e1rj\u00e1k az \u00e9rdekl\u0151d\u0151ket\" class=\"yoast-seo-meta-tag\" \/>\n<meta property=\"og:url\" content=\"https:\/\/dorogimedence.hu\/index.php\/2023\/08\/09\/novak-katalin-es-habsburg-gyorgy-is-reszt-vesz-az-esztergomi-szent-istvan-napokon\/\" class=\"yoast-seo-meta-tag\" \/>\n<meta property=\"og:site_name\" content=\"Dorogi-medence Region\u00e1lis H\u00edrport\u00e1l\" class=\"yoast-seo-meta-tag\" \/>\n<meta property=\"article:publisher\" content=\"https:\/\/www.facebook.com\/dorogimedence\/\" class=\"yoast-seo-meta-tag\" \/>\n<meta property=\"article:published_time\" content=\"2023-08-09T08:41:08+00:00\" class=\"yoast-seo-meta-tag\" \/>\n<meta property=\"article:modified_time\" content=\"2023-08-11T09:56:31+00:00\" class=\"yoast-seo-meta-tag\" \/>\n<meta property=\"og:image\" content=\"https:\/\/dorogimedence.hu\/wp-content\/uploads\/2023\/08\/eszin-dm.jpg\" class=\"yoast-seo-meta-tag\" \/>\n\t<meta property=\"og:image:width\" content=\"1920\" class=\"yoast-seo-meta-tag\" \/>\n\t<meta property=\"og:image:height\" content=\"970\" class=\"yoast-seo-meta-tag\" \/>\n\t<meta property=\"og:image:type\" content=\"image\/jpeg\" class=\"yoast-seo-meta-tag\" \/>\n<meta name=\"author\" content=\"dorogimedence.hu\" class=\"yoast-seo-meta-tag\" \/>\n<meta name=\"twitter:card\" content=\"summary_large_image\" class=\"yoast-seo-meta-tag\" \/>\n<meta name=\"twitter:label1\" content=\"Szerz\u0151:\" class=\"yoast-seo-meta-tag\" \/>\n\t<meta name=\"twitter:data1\" content=\"dorogimedence.hu\" class=\"yoast-seo-meta-tag\" \/>\n\t<meta name=\"twitter:label2\" content=\"Becs\u00fclt olvas\u00e1si id\u0151\" class=\"yoast-seo-meta-tag\" \/>\n\t<meta name=\"twitter:data2\" content=\"4 perc\" class=\"yoast-seo-meta-tag\" \/>\n<script type=\"application\/ld+json\" class=\"yoast-schema-graph\">{\"@context\":\"https:\\\/\\\/schema.org\",\"@graph\":[{\"@type\":\"Article\",\"@id\":\"https:\\\/\\\/dorogimedence.hu\\\/index.php\\\/2023\\\/08\\\/09\\\/novak-katalin-es-habsburg-gyorgy-is-reszt-vesz-az-esztergomi-szent-istvan-napokon\\\/#article\",\"isPartOf\":{\"@id\":\"https:\\\/\\\/dorogimedence.hu\\\/index.php\\\/2023\\\/08\\\/09\\\/novak-katalin-es-habsburg-gyorgy-is-reszt-vesz-az-esztergomi-szent-istvan-napokon\\\/\"},\"author\":{\"name\":\"dorogimedence.hu\",\"@id\":\"https:\\\/\\\/dorogimedence.hu\\\/#\\\/schema\\\/person\\\/ce6091eeb7e95ecdc87890d6aa8e0fd4\"},\"headline\":\"Nov\u00e1k Katalin \u00e9s Habsburg Gy\u00f6rgy is r\u00e9szt vesz az Esztergomi Szent Istv\u00e1n Napokon\",\"datePublished\":\"2023-08-09T08:41:08+00:00\",\"dateModified\":\"2023-08-11T09:56:31+00:00\",\"mainEntityOfPage\":{\"@id\":\"https:\\\/\\\/dorogimedence.hu\\\/index.php\\\/2023\\\/08\\\/09\\\/novak-katalin-es-habsburg-gyorgy-is-reszt-vesz-az-esztergomi-szent-istvan-napokon\\\/\"},\"wordCount\":828,\"publisher\":{\"@id\":\"https:\\\/\\\/dorogimedence.hu\\\/#organization\"},\"image\":{\"@id\":\"https:\\\/\\\/dorogimedence.hu\\\/index.php\\\/2023\\\/08\\\/09\\\/novak-katalin-es-habsburg-gyorgy-is-reszt-vesz-az-esztergomi-szent-istvan-napokon\\\/#primaryimage\"},\"thumbnailUrl\":\"https:\\\/\\\/dorogimedence.hu\\\/wp-content\\\/uploads\\\/2023\\\/08\\\/eszin-dm.jpg\",\"keywords\":[\"\u00e1llamalap\u00edt\u00e1s \u00fcnnepe\",\"augusztus 20.\",\"esztergom\",\"Esztergomi Szent Istv\u00e1n Napok\",\"program\"],\"articleSection\":[\"Esztergom\",\"H\u00edrek\",\"Programok\"],\"inLanguage\":\"hu\"},{\"@type\":\"WebPage\",\"@id\":\"https:\\\/\\\/dorogimedence.hu\\\/index.php\\\/2023\\\/08\\\/09\\\/novak-katalin-es-habsburg-gyorgy-is-reszt-vesz-az-esztergomi-szent-istvan-napokon\\\/\",\"url\":\"https:\\\/\\\/dorogimedence.hu\\\/index.php\\\/2023\\\/08\\\/09\\\/novak-katalin-es-habsburg-gyorgy-is-reszt-vesz-az-esztergomi-szent-istvan-napokon\\\/\",\"name\":\"Nov\u00e1k Katalin \u00e9s Habsburg Gy\u00f6rgy is r\u00e9szt vesz az Esztergomi Szent Istv\u00e1n Napokon\",\"isPartOf\":{\"@id\":\"https:\\\/\\\/dorogimedence.hu\\\/#website\"},\"primaryImageOfPage\":{\"@id\":\"https:\\\/\\\/dorogimedence.hu\\\/index.php\\\/2023\\\/08\\\/09\\\/novak-katalin-es-habsburg-gyorgy-is-reszt-vesz-az-esztergomi-szent-istvan-napokon\\\/#primaryimage\"},\"image\":{\"@id\":\"https:\\\/\\\/dorogimedence.hu\\\/index.php\\\/2023\\\/08\\\/09\\\/novak-katalin-es-habsburg-gyorgy-is-reszt-vesz-az-esztergomi-szent-istvan-napokon\\\/#primaryimage\"},\"thumbnailUrl\":\"https:\\\/\\\/dorogimedence.hu\\\/wp-content\\\/uploads\\\/2023\\\/08\\\/eszin-dm.jpg\",\"datePublished\":\"2023-08-09T08:41:08+00:00\",\"dateModified\":\"2023-08-11T09:56:31+00:00\",\"breadcrumb\":{\"@id\":\"https:\\\/\\\/dorogimedence.hu\\\/index.php\\\/2023\\\/08\\\/09\\\/novak-katalin-es-habsburg-gyorgy-is-reszt-vesz-az-esztergomi-szent-istvan-napokon\\\/#breadcrumb\"},\"inLanguage\":\"hu\",\"potentialAction\":[{\"@type\":\"ReadAction\",\"target\":[\"https:\\\/\\\/dorogimedence.hu\\\/index.php\\\/2023\\\/08\\\/09\\\/novak-katalin-es-habsburg-gyorgy-is-reszt-vesz-az-esztergomi-szent-istvan-napokon\\\/\"]}]},{\"@type\":\"ImageObject\",\"inLanguage\":\"hu\",\"@id\":\"https:\\\/\\\/dorogimedence.hu\\\/index.php\\\/2023\\\/08\\\/09\\\/novak-katalin-es-habsburg-gyorgy-is-reszt-vesz-az-esztergomi-szent-istvan-napokon\\\/#primaryimage\",\"url\":\"https:\\\/\\\/dorogimedence.hu\\\/wp-content\\\/uploads\\\/2023\\\/08\\\/eszin-dm.jpg\",\"contentUrl\":\"https:\\\/\\\/dorogimedence.hu\\\/wp-content\\\/uploads\\\/2023\\\/08\\\/eszin-dm.jpg\",\"width\":1920,\"height\":970},{\"@type\":\"BreadcrumbList\",\"@id\":\"https:\\\/\\\/dorogimedence.hu\\\/index.php\\\/2023\\\/08\\\/09\\\/novak-katalin-es-habsburg-gyorgy-is-reszt-vesz-az-esztergomi-szent-istvan-napokon\\\/#breadcrumb\",\"itemListElement\":[{\"@type\":\"ListItem\",\"position\":1,\"name\":\"Kezd\u0151lap\",\"item\":\"https:\\\/\\\/dorogimedence.hu\\\/\"},{\"@type\":\"ListItem\",\"position\":2,\"name\":\"Nov\u00e1k Katalin \u00e9s Habsburg Gy\u00f6rgy is r\u00e9szt vesz az Esztergomi Szent Istv\u00e1n Napokon\"}]},{\"@type\":\"WebSite\",\"@id\":\"https:\\\/\\\/dorogimedence.hu\\\/#website\",\"url\":\"https:\\\/\\\/dorogimedence.hu\\\/\",\"name\":\"Dorogi-medence Region\u00e1lis H\u00edrport\u00e1l\",\"description\":\"Dorog, Keszt\u00f6lc, Le\u00e1nyv\u00e1r, Piliscs\u00e9v, Tokod, Tokodalt\u00e1r\u00f3, Csolnok, Esztergom-kertv\u00e1ros: h\u00edrek, programok\",\"publisher\":{\"@id\":\"https:\\\/\\\/dorogimedence.hu\\\/#organization\"},\"potentialAction\":[{\"@type\":\"SearchAction\",\"target\":{\"@type\":\"EntryPoint\",\"urlTemplate\":\"https:\\\/\\\/dorogimedence.hu\\\/?s={search_term_string}\"},\"query-input\":{\"@type\":\"PropertyValueSpecification\",\"valueRequired\":true,\"valueName\":\"search_term_string\"}}],\"inLanguage\":\"hu\"},{\"@type\":\"Organization\",\"@id\":\"https:\\\/\\\/dorogimedence.hu\\\/#organization\",\"name\":\"Dorogi-medence Region\u00e1lis H\u00edrport\u00e1l\",\"url\":\"https:\\\/\\\/dorogimedence.hu\\\/\",\"logo\":{\"@type\":\"ImageObject\",\"inLanguage\":\"hu\",\"@id\":\"https:\\\/\\\/dorogimedence.hu\\\/#\\\/schema\\\/logo\\\/image\\\/\",\"url\":\"https:\\\/\\\/dorogimedence.hu\\\/wp-content\\\/uploads\\\/2021\\\/04\\\/logo-feher-600.png\",\"contentUrl\":\"https:\\\/\\\/dorogimedence.hu\\\/wp-content\\\/uploads\\\/2021\\\/04\\\/logo-feher-600.png\",\"width\":600,\"height\":100,\"caption\":\"Dorogi-medence Region\u00e1lis H\u00edrport\u00e1l\"},\"image\":{\"@id\":\"https:\\\/\\\/dorogimedence.hu\\\/#\\\/schema\\\/logo\\\/image\\\/\"},\"sameAs\":[\"https:\\\/\\\/www.facebook.com\\\/dorogimedence\\\/\"]},{\"@type\":\"Person\",\"@id\":\"https:\\\/\\\/dorogimedence.hu\\\/#\\\/schema\\\/person\\\/ce6091eeb7e95ecdc87890d6aa8e0fd4\",\"name\":\"dorogimedence.hu\",\"image\":{\"@type\":\"ImageObject\",\"inLanguage\":\"hu\",\"@id\":\"\\\/\\\/www.gravatar.com\\\/avatar\\\/d8d45f8901aadff40a4af72c0b826f1d?s=96&#038;r=g&#038;d=mm\",\"url\":\"\\\/\\\/www.gravatar.com\\\/avatar\\\/d8d45f8901aadff40a4af72c0b826f1d?s=96&#038;r=g&#038;d=mm\",\"contentUrl\":\"\\\/\\\/www.gravatar.com\\\/avatar\\\/d8d45f8901aadff40a4af72c0b826f1d?s=96&#038;r=g&#038;d=mm\",\"caption\":\"dorogimedence.hu\"}}]}<\/script>\n<!-- \/ Yoast SEO plugin. -->","yoast_head_json":{"title":"Nov\u00e1k Katalin \u00e9s Habsburg Gy\u00f6rgy is r\u00e9szt vesz az Esztergomi Szent Istv\u00e1n Napokon","robots":{"index":"index","follow":"follow","max-snippet":"max-snippet:-1","max-image-preview":"max-image-preview:large","max-video-preview":"max-video-preview:-1"},"canonical":"https:\/\/dorogimedence.hu\/index.php\/2023\/08\/09\/novak-katalin-es-habsburg-gyorgy-is-reszt-vesz-az-esztergomi-szent-istvan-napokon\/","og_locale":"hu_HU","og_type":"article","og_title":"Nov\u00e1k Katalin \u00e9s Habsburg Gy\u00f6rgy is r\u00e9szt vesz az Esztergomi Szent Istv\u00e1n Napokon","og_description":"Koron\u00e1z\u00f3 v\u00e1roshoz m\u00e9lt\u00f3 programokkal k\u00e9sz\u00fcl Magyarorsz\u00e1g els\u0151 v\u00e1rosa az \u00e1llamalap\u00edt\u00e1s \u00fcnnep\u00e9re, ahol t\u00f6bbek k\u00f6z\u00f6tt az Eur\u00f3pa Kultur\u00e1lis F\u0151v\u00e1ros\u00e1nak nagyjai is sz\u00ednpadra l\u00e9pnek! Az augusztus 18-20. k\u00f6z\u00f6tti Esztergomi Szent Istv\u00e1n Napokon az \u00e1llamalap\u00edt\u00e1son t\u00fal a v\u00e1ros alap\u00edt\u00e1s\u00e1nak 1050 \u00e9ves jubileum\u00e1t is \u00fcnneplik, amelyre 3 napon \u00e1t sz\u00ednh\u00e1zi el\u0151ad\u00e1sokkal, klasszikus zenei koncertekkel \u00e9s kertmozival v\u00e1rj\u00e1k az \u00e9rdekl\u0151d\u0151ket","og_url":"https:\/\/dorogimedence.hu\/index.php\/2023\/08\/09\/novak-katalin-es-habsburg-gyorgy-is-reszt-vesz-az-esztergomi-szent-istvan-napokon\/","og_site_name":"Dorogi-medence Region\u00e1lis H\u00edrport\u00e1l","article_publisher":"https:\/\/www.facebook.com\/dorogimedence\/","article_published_time":"2023-08-09T08:41:08+00:00","article_modified_time":"2023-08-11T09:56:31+00:00","og_image":[{"width":1920,"height":970,"url":"https:\/\/dorogimedence.hu\/wp-content\/uploads\/2023\/08\/eszin-dm.jpg","type":"image\/jpeg"}],"author":"dorogimedence.hu","twitter_card":"summary_large_image","twitter_misc":{"Szerz\u0151:":"dorogimedence.hu","Becs\u00fclt olvas\u00e1si id\u0151":"4 perc"},"schema":{"@context":"https:\/\/schema.org","@graph":[{"@type":"Article","@id":"https:\/\/dorogimedence.hu\/index.php\/2023\/08\/09\/novak-katalin-es-habsburg-gyorgy-is-reszt-vesz-az-esztergomi-szent-istvan-napokon\/#article","isPartOf":{"@id":"https:\/\/dorogimedence.hu\/index.php\/2023\/08\/09\/novak-katalin-es-habsburg-gyorgy-is-reszt-vesz-az-esztergomi-szent-istvan-napokon\/"},"author":{"name":"dorogimedence.hu","@id":"https:\/\/dorogimedence.hu\/#\/schema\/person\/ce6091eeb7e95ecdc87890d6aa8e0fd4"},"headline":"Nov\u00e1k Katalin \u00e9s Habsburg Gy\u00f6rgy is r\u00e9szt vesz az Esztergomi Szent Istv\u00e1n Napokon","datePublished":"2023-08-09T08:41:08+00:00","dateModified":"2023-08-11T09:56:31+00:00","mainEntityOfPage":{"@id":"https:\/\/dorogimedence.hu\/index.php\/2023\/08\/09\/novak-katalin-es-habsburg-gyorgy-is-reszt-vesz-az-esztergomi-szent-istvan-napokon\/"},"wordCount":828,"publisher":{"@id":"https:\/\/dorogimedence.hu\/#organization"},"image":{"@id":"https:\/\/dorogimedence.hu\/index.php\/2023\/08\/09\/novak-katalin-es-habsburg-gyorgy-is-reszt-vesz-az-esztergomi-szent-istvan-napokon\/#primaryimage"},"thumbnailUrl":"https:\/\/dorogimedence.hu\/wp-content\/uploads\/2023\/08\/eszin-dm.jpg","keywords":["\u00e1llamalap\u00edt\u00e1s \u00fcnnepe","augusztus 20.","esztergom","Esztergomi Szent Istv\u00e1n Napok","program"],"articleSection":["Esztergom","H\u00edrek","Programok"],"inLanguage":"hu"},{"@type":"WebPage","@id":"https:\/\/dorogimedence.hu\/index.php\/2023\/08\/09\/novak-katalin-es-habsburg-gyorgy-is-reszt-vesz-az-esztergomi-szent-istvan-napokon\/","url":"https:\/\/dorogimedence.hu\/index.php\/2023\/08\/09\/novak-katalin-es-habsburg-gyorgy-is-reszt-vesz-az-esztergomi-szent-istvan-napokon\/","name":"Nov\u00e1k Katalin \u00e9s Habsburg Gy\u00f6rgy is r\u00e9szt vesz az Esztergomi Szent Istv\u00e1n Napokon","isPartOf":{"@id":"https:\/\/dorogimedence.hu\/#website"},"primaryImageOfPage":{"@id":"https:\/\/dorogimedence.hu\/index.php\/2023\/08\/09\/novak-katalin-es-habsburg-gyorgy-is-reszt-vesz-az-esztergomi-szent-istvan-napokon\/#primaryimage"},"image":{"@id":"https:\/\/dorogimedence.hu\/index.php\/2023\/08\/09\/novak-katalin-es-habsburg-gyorgy-is-reszt-vesz-az-esztergomi-szent-istvan-napokon\/#primaryimage"},"thumbnailUrl":"https:\/\/dorogimedence.hu\/wp-content\/uploads\/2023\/08\/eszin-dm.jpg","datePublished":"2023-08-09T08:41:08+00:00","dateModified":"2023-08-11T09:56:31+00:00","breadcrumb":{"@id":"https:\/\/dorogimedence.hu\/index.php\/2023\/08\/09\/novak-katalin-es-habsburg-gyorgy-is-reszt-vesz-az-esztergomi-szent-istvan-napokon\/#breadcrumb"},"inLanguage":"hu","potentialAction":[{"@type":"ReadAction","target":["https:\/\/dorogimedence.hu\/index.php\/2023\/08\/09\/novak-katalin-es-habsburg-gyorgy-is-reszt-vesz-az-esztergomi-szent-istvan-napokon\/"]}]},{"@type":"ImageObject","inLanguage":"hu","@id":"https:\/\/dorogimedence.hu\/index.php\/2023\/08\/09\/novak-katalin-es-habsburg-gyorgy-is-reszt-vesz-az-esztergomi-szent-istvan-napokon\/#primaryimage","url":"https:\/\/dorogimedence.hu\/wp-content\/uploads\/2023\/08\/eszin-dm.jpg","contentUrl":"https:\/\/dorogimedence.hu\/wp-content\/uploads\/2023\/08\/eszin-dm.jpg","width":1920,"height":970},{"@type":"BreadcrumbList","@id":"https:\/\/dorogimedence.hu\/index.php\/2023\/08\/09\/novak-katalin-es-habsburg-gyorgy-is-reszt-vesz-az-esztergomi-szent-istvan-napokon\/#breadcrumb","itemListElement":[{"@type":"ListItem","position":1,"name":"Kezd\u0151lap","item":"https:\/\/dorogimedence.hu\/"},{"@type":"ListItem","position":2,"name":"Nov\u00e1k Katalin \u00e9s Habsburg Gy\u00f6rgy is r\u00e9szt vesz az Esztergomi Szent Istv\u00e1n Napokon"}]},{"@type":"WebSite","@id":"https:\/\/dorogimedence.hu\/#website","url":"https:\/\/dorogimedence.hu\/","name":"Dorogi-medence Region\u00e1lis H\u00edrport\u00e1l","description":"Dorog, Keszt\u00f6lc, Le\u00e1nyv\u00e1r, Piliscs\u00e9v, Tokod, Tokodalt\u00e1r\u00f3, Csolnok, Esztergom-kertv\u00e1ros: h\u00edrek, programok","publisher":{"@id":"https:\/\/dorogimedence.hu\/#organization"},"potentialAction":[{"@type":"SearchAction","target":{"@type":"EntryPoint","urlTemplate":"https:\/\/dorogimedence.hu\/?s={search_term_string}"},"query-input":{"@type":"PropertyValueSpecification","valueRequired":true,"valueName":"search_term_string"}}],"inLanguage":"hu"},{"@type":"Organization","@id":"https:\/\/dorogimedence.hu\/#organization","name":"Dorogi-medence Region\u00e1lis H\u00edrport\u00e1l","url":"https:\/\/dorogimedence.hu\/","logo":{"@type":"ImageObject","inLanguage":"hu","@id":"https:\/\/dorogimedence.hu\/#\/schema\/logo\/image\/","url":"https:\/\/dorogimedence.hu\/wp-content\/uploads\/2021\/04\/logo-feher-600.png","contentUrl":"https:\/\/dorogimedence.hu\/wp-content\/uploads\/2021\/04\/logo-feher-600.png","width":600,"height":100,"caption":"Dorogi-medence Region\u00e1lis H\u00edrport\u00e1l"},"image":{"@id":"https:\/\/dorogimedence.hu\/#\/schema\/logo\/image\/"},"sameAs":["https:\/\/www.facebook.com\/dorogimedence\/"]},{"@type":"Person","@id":"https:\/\/dorogimedence.hu\/#\/schema\/person\/ce6091eeb7e95ecdc87890d6aa8e0fd4","name":"dorogimedence.hu","image":{"@type":"ImageObject","inLanguage":"hu","@id":"\/\/www.gravatar.com\/avatar\/d8d45f8901aadff40a4af72c0b826f1d?s=96&#038;r=g&#038;d=mm","url":"\/\/www.gravatar.com\/avatar\/d8d45f8901aadff40a4af72c0b826f1d?s=96&#038;r=g&#038;d=mm","contentUrl":"\/\/www.gravatar.com\/avatar\/d8d45f8901aadff40a4af72c0b826f1d?s=96&#038;r=g&#038;d=mm","caption":"dorogimedence.hu"}}]}},"_links":{"self":[{"href":"https:\/\/dorogimedence.hu\/index.php\/wp-json\/wp\/v2\/posts\/55319","targetHints":{"allow":["GET"]}}],"collection":[{"href":"https:\/\/dorogimedence.hu\/index.php\/wp-json\/wp\/v2\/posts"}],"about":[{"href":"https:\/\/dorogimedence.hu\/index.php\/wp-json\/wp\/v2\/types\/post"}],"author":[{"embeddable":true,"href":"https:\/\/dorogimedence.hu\/index.php\/wp-json\/wp\/v2\/users\/1"}],"replies":[{"embeddable":true,"href":"https:\/\/dorogimedence.hu\/index.php\/wp-json\/wp\/v2\/comments?post=55319"}],"version-history":[{"count":0,"href":"https:\/\/dorogimedence.hu\/index.php\/wp-json\/wp\/v2\/posts\/55319\/revisions"}],"wp:featuredmedia":[{"embeddable":true,"href":"https:\/\/dorogimedence.hu\/index.php\/wp-json\/wp\/v2\/media\/55321"}],"wp:attachment":[{"href":"https:\/\/dorogimedence.hu\/index.php\/wp-json\/wp\/v2\/media?parent=55319"}],"wp:term":[{"taxonomy":"category","embeddable":true,"href":"https:\/\/dorogimedence.hu\/index.php\/wp-json\/wp\/v2\/categories?post=55319"},{"taxonomy":"post_tag","embeddable":true,"href":"https:\/\/dorogimedence.hu\/index.php\/wp-json\/wp\/v2\/tags?post=55319"}],"curies":[{"name":"wp","href":"https:\/\/api.w.org\/{rel}","templated":true}]}}