{"id":55226,"date":"2023-08-03T15:56:55","date_gmt":"2023-08-03T13:56:55","guid":{"rendered":"https:\/\/dorogimedence.hu\/?p=55226"},"modified":"2023-08-03T15:56:55","modified_gmt":"2023-08-03T13:56:55","slug":"a-roma-holokauszt-aldozataira-emlekeztek-esztergom-kertvarosban","status":"publish","type":"post","link":"https:\/\/dorogimedence.hu\/index.php\/2023\/08\/03\/a-roma-holokauszt-aldozataira-emlekeztek-esztergom-kertvarosban\/","title":{"rendered":"A roma holokauszt \u00e1ldozataira eml\u00e9keztek Esztergom-Kertv\u00e1rosban"},"content":{"rendered":"<div>\n<p align=\"justify\"><b>Augusztus 2-\u00e1n, szerd\u00e1n besz\u00e9dekkel \u00e9s koszor\u00faz\u00e1ssal eml\u00e9keztek a roma holokauszt \u00e1ldozataira az esztergom-kertv\u00e1rosi Szent Istv\u00e1n-kir\u00e1ly templom kertj\u00e9ben tal\u00e1lhat\u00f3 eml\u00e9km\u0171n\u00e9l.<\/b><\/p>\n<p align=\"justify\">A rendezv\u00e9nyen a megh\u00edvott vend\u00e9gek k\u00f6sz\u00f6nt\u00e9se \u00e9s a cig\u00e1ny himnusz ut\u00e1n els\u0151k\u00e9nt G\u00f3man J\u00e1nos, az Esztergomi Cig\u00e1ny Nemzetis\u00e9gi \u00d6nkorm\u00e1nyzat eln\u00f6ke t\u00f6rt\u00e9nelmi \u00e1ttekint\u00e9st adott, majd megjegyezte: ha k\u00f6rben\u00e9z\u00fcnk, l\u00e1thatjuk, hogy 78 \u00e9vvel a m\u00e1sodik vil\u00e1gh\u00e1bor\u00fa befejez\u00e9se ut\u00e1n m\u00e9g vannak n\u00e9h\u00e1nyan, akik saj\u00e1t eml\u00e9keikben \u0151rzik, mi t\u00f6rt\u00e9nt azokban a s\u00f6t\u00e9t esztend\u0151kben.<\/p>\n<p align=\"justify\">Steindl Bal\u00e1zs, Esztergom alpolg\u00e1rmestere elmondta: t\u00f6rt\u00e9nelm\u00fcnk tele van sz\u00e9gyenfoltokkal, tragikus, \u00e9rtelmetlen \u00e9s al\u00e1val\u00f3 cselekedetekkel, amelyek minden \u00e9pelm\u00e9j\u0171 \u00e9s \u00e9p lelk\u00fclet\u0171 embert elborzaszt \u00e9s elszomor\u00edt, ami emberek milli\u00f3inak \u00e9rtelmetlen hal\u00e1l\u00e1t eredm\u00e9nyezte. Minden \u00e9vben augusztus 2-\u00e1n meg\u00e1llunk egy pillanatra, hogy meg\u00e1lljunk \u00e9s eml\u00e9kezz\u00fcnk arra a t\u00f6bb sz\u00e1zezer roma f\u00e9rfit, n\u0151t \u00e9s gyermeket, akiket a m\u00e1sodik vil\u00e1gh\u00e1bor\u00faban meggyilkoltak.<\/p>\n<p align=\"justify\"><img fetchpriority=\"high\" decoding=\"async\" class=\"alignnone size-full wp-image-55228\" src=\"https:\/\/dorogimedence.hu\/wp-content\/uploads\/2023\/08\/roma-holokauszt-02.jpg\" alt=\"\" width=\"1920\" height=\"1280\" srcset=\"https:\/\/dorogimedence.hu\/wp-content\/uploads\/2023\/08\/roma-holokauszt-02.jpg 1920w, https:\/\/dorogimedence.hu\/wp-content\/uploads\/2023\/08\/roma-holokauszt-02-600x400.jpg 600w, https:\/\/dorogimedence.hu\/wp-content\/uploads\/2023\/08\/roma-holokauszt-02-768x512.jpg 768w, https:\/\/dorogimedence.hu\/wp-content\/uploads\/2023\/08\/roma-holokauszt-02-1536x1024.jpg 1536w, https:\/\/dorogimedence.hu\/wp-content\/uploads\/2023\/08\/roma-holokauszt-02-150x100.jpg 150w, https:\/\/dorogimedence.hu\/wp-content\/uploads\/2023\/08\/roma-holokauszt-02-450x300.jpg 450w, https:\/\/dorogimedence.hu\/wp-content\/uploads\/2023\/08\/roma-holokauszt-02-1200x800.jpg 1200w, https:\/\/dorogimedence.hu\/wp-content\/uploads\/2023\/08\/roma-holokauszt-02-272x182.jpg 272w\" sizes=\"(max-width: 1920px) 100vw, 1920px\" \/><\/p>\n<p align=\"justify\">Er\u0151s G\u00e1bor, a t\u00e9rs\u00e9g orsz\u00e1ggy\u0171l\u00e9si k\u00e9pvisel\u0151je hangs\u00falyozta: 1942-ben Heinrich Himmler utas\u00edt\u00e1s\u00e1ra a gett\u00f3ba z\u00e1rt rom\u00e1kat hal\u00e1lt\u00e1borokba deport\u00e1lt\u00e1k, majd el\u00e9rkezett 1944. augusztus 2-a, amikor egyetlen \u00e9jszaka alatt t\u00f6bb ezer roma foglyot \u00f6ltek meg az auschwitzi koncentr\u00e1ci\u00f3s t\u00e1borban. V\u00e9lem\u00e9nye szerint a m\u00faltat ismern\u00fcnk kell \u00e9s t\u00f6rekedn\u00fcnk kell arra, hogy ilyen sz\u00f6rny\u0171s\u00e9g soha t\u00f6bbet ne fordulhasson el\u0151.<\/p>\n<p align=\"justify\">Dr. Horv\u00e1th J\u00e1nos Sztojka Attila roma kapcsolatok\u00e9rt felel\u0151s korm\u00e1nybiztos megb\u00edz\u00e1s\u00e1b\u00f3l mondott eml\u00e9kez\u0151 besz\u00e9det, melyben kiemelte: az \u00e1ldozatok hal\u00e1l\u00e1ban nincsen semmi h\u0151siess\u00e9g, sem b\u00fcszkes\u00e9g, puszt\u00e1n egy keser\u0171 eml\u00e9k, az eg\u00e9sz emberis\u00e9g k\u00f6z\u00f6s eml\u00e9ke ez, amely a t\u00f6rt\u00e9nelem egyik legs\u00f6t\u00e9tebb id\u0151szak\u00e1ban t\u00f6rt\u00e9nt meg az emberekkel.<\/p>\n<p align=\"justify\">Baranya Istv\u00e1n, az esztergom-kertv\u00e1rosi Meszl\u00e9nyi Zolt\u00e1n Katolikus \u00c1ltal\u00e1nos Iskola igazgat\u00f3ja t\u00f6bbek k\u00f6z\u00f6tt arr\u00f3l besz\u00e9lt, hogy legink\u00e1bb kutatott ter\u00fclete a vil\u00e1gnak a gondolkod\u00e1s, m\u00e9gis oly keveset tudunk r\u00f3la. Nincs k\u00e9t egyforma ujjlenyomat, szem\u00e9lyis\u00e9g, de m\u00e9g gondolkod\u00e1s sem, csak hasonl\u00f3 dolgok vannak. Az mindig k\u00e9rd\u00e9s marad, hogy az egyik ember mi\u00e9rt gondolkodik \u00e9s cselekszik \u00edgy, a m\u00e1sik pedig \u00fagy. Kijelentette: a t\u00f6rt\u00e9nelem tele van olyan probl\u00e9m\u00e1kkal \u00e9s kudarcokkal, trag\u00e9di\u00e1kkal, melyeket az ember ugyan megjegyez, de keveset tanulunk bel\u0151l\u00fck.<\/p>\n<p align=\"justify\">A besz\u00e9dek ut\u00e1n megkoszor\u00fazt\u00e1k az eml\u00e9km\u0171vet majd a jelenl\u00e9v\u0151k vir\u00e1gokat helyeztek a tart\u00f3kba \u00e9s f\u0151hajt\u00e1ssal tisztelegtek az elhunytak el\u0151tt.<\/p>\n<p align=\"justify\"><img decoding=\"async\" class=\"alignnone size-full wp-image-55229\" src=\"https:\/\/dorogimedence.hu\/wp-content\/uploads\/2023\/08\/roma-holokauszt-03.jpg\" alt=\"\" width=\"1920\" height=\"1280\" srcset=\"https:\/\/dorogimedence.hu\/wp-content\/uploads\/2023\/08\/roma-holokauszt-03.jpg 1920w, https:\/\/dorogimedence.hu\/wp-content\/uploads\/2023\/08\/roma-holokauszt-03-600x400.jpg 600w, https:\/\/dorogimedence.hu\/wp-content\/uploads\/2023\/08\/roma-holokauszt-03-768x512.jpg 768w, https:\/\/dorogimedence.hu\/wp-content\/uploads\/2023\/08\/roma-holokauszt-03-1536x1024.jpg 1536w, https:\/\/dorogimedence.hu\/wp-content\/uploads\/2023\/08\/roma-holokauszt-03-150x100.jpg 150w, https:\/\/dorogimedence.hu\/wp-content\/uploads\/2023\/08\/roma-holokauszt-03-450x300.jpg 450w, https:\/\/dorogimedence.hu\/wp-content\/uploads\/2023\/08\/roma-holokauszt-03-1200x800.jpg 1200w, https:\/\/dorogimedence.hu\/wp-content\/uploads\/2023\/08\/roma-holokauszt-03-272x182.jpg 272w\" sizes=\"(max-width: 1920px) 100vw, 1920px\" \/><\/p>\n<\/div>\n","protected":false},"excerpt":{"rendered":"<p>Augusztus 2-\u00e1n, szerd\u00e1n besz\u00e9dekkel \u00e9s koszor\u00faz\u00e1ssal eml\u00e9keztek a roma holokauszt \u00e1ldozataira az esztergom-kertv\u00e1rosi Szent Istv\u00e1n-kir\u00e1ly templom kertj\u00e9ben tal\u00e1lhat\u00f3 eml\u00e9km\u0171n\u00e9l. A rendezv\u00e9nyen a megh\u00edvott vend\u00e9gek k\u00f6sz\u00f6nt\u00e9se \u00e9s a cig\u00e1ny himnusz ut\u00e1n els\u0151k\u00e9nt G\u00f3man J\u00e1nos, az Esztergomi Cig\u00e1ny Nemzetis\u00e9gi \u00d6nkorm\u00e1nyzat eln\u00f6ke t\u00f6rt\u00e9nelmi \u00e1ttekint\u00e9st adott, majd megjegyezte: ha k\u00f6rben\u00e9z\u00fcnk, l\u00e1thatjuk, hogy 78 \u00e9vvel a m\u00e1sodik vil\u00e1gh\u00e1bor\u00fa befejez\u00e9se ut\u00e1n<\/p>\n","protected":false},"author":1,"featured_media":55227,"comment_status":"closed","ping_status":"closed","sticky":false,"template":"","format":"standard","meta":{"ngg_post_thumbnail":0,"footnotes":""},"categories":[38,7,3],"tags":[42,169,5624,192,5874],"class_list":{"0":"post-55226","1":"post","2":"type-post","3":"status-publish","4":"format-standard","5":"has-post-thumbnail","7":"category-esztergom","8":"category-esztergom_kertvaros","9":"category-hirek","10":"tag-esztergom","11":"tag-esztergom-kertvaros","12":"tag-featured","13":"tag-megemlekezes","14":"tag-roma-holokauszt"},"yoast_head":"<!-- This site is optimized with the Yoast SEO plugin v27.4 - https:\/\/yoast.com\/product\/yoast-seo-wordpress\/ -->\n<title>A roma holokauszt \u00e1ldozataira eml\u00e9keztek Esztergom-Kertv\u00e1rosban<\/title>\n<meta name=\"robots\" content=\"index, follow, max-snippet:-1, max-image-preview:large, max-video-preview:-1\" \/>\n<link rel=\"canonical\" href=\"https:\/\/dorogimedence.hu\/index.php\/2023\/08\/03\/a-roma-holokauszt-aldozataira-emlekeztek-esztergom-kertvarosban\/\" class=\"yoast-seo-meta-tag\" \/>\n<meta property=\"og:locale\" content=\"hu_HU\" class=\"yoast-seo-meta-tag\" \/>\n<meta property=\"og:type\" content=\"article\" class=\"yoast-seo-meta-tag\" \/>\n<meta property=\"og:title\" content=\"A roma holokauszt \u00e1ldozataira eml\u00e9keztek Esztergom-Kertv\u00e1rosban\" class=\"yoast-seo-meta-tag\" \/>\n<meta property=\"og:description\" content=\"Augusztus 2-\u00e1n, szerd\u00e1n besz\u00e9dekkel \u00e9s koszor\u00faz\u00e1ssal eml\u00e9keztek a roma holokauszt \u00e1ldozataira az esztergom-kertv\u00e1rosi Szent Istv\u00e1n-kir\u00e1ly templom kertj\u00e9ben tal\u00e1lhat\u00f3 eml\u00e9km\u0171n\u00e9l. A rendezv\u00e9nyen a megh\u00edvott vend\u00e9gek k\u00f6sz\u00f6nt\u00e9se \u00e9s a cig\u00e1ny himnusz ut\u00e1n els\u0151k\u00e9nt G\u00f3man J\u00e1nos, az Esztergomi Cig\u00e1ny Nemzetis\u00e9gi \u00d6nkorm\u00e1nyzat eln\u00f6ke t\u00f6rt\u00e9nelmi \u00e1ttekint\u00e9st adott, majd megjegyezte: ha k\u00f6rben\u00e9z\u00fcnk, l\u00e1thatjuk, hogy 78 \u00e9vvel a m\u00e1sodik vil\u00e1gh\u00e1bor\u00fa befejez\u00e9se ut\u00e1n\" class=\"yoast-seo-meta-tag\" \/>\n<meta property=\"og:url\" content=\"https:\/\/dorogimedence.hu\/index.php\/2023\/08\/03\/a-roma-holokauszt-aldozataira-emlekeztek-esztergom-kertvarosban\/\" class=\"yoast-seo-meta-tag\" \/>\n<meta property=\"og:site_name\" content=\"Dorogi-medence Region\u00e1lis H\u00edrport\u00e1l\" class=\"yoast-seo-meta-tag\" \/>\n<meta property=\"article:publisher\" content=\"https:\/\/www.facebook.com\/dorogimedence\/\" class=\"yoast-seo-meta-tag\" \/>\n<meta property=\"article:published_time\" content=\"2023-08-03T13:56:55+00:00\" class=\"yoast-seo-meta-tag\" \/>\n<meta property=\"og:image\" content=\"https:\/\/dorogimedence.hu\/wp-content\/uploads\/2023\/08\/roma-holokauszt-01.jpg\" class=\"yoast-seo-meta-tag\" \/>\n\t<meta property=\"og:image:width\" content=\"1920\" class=\"yoast-seo-meta-tag\" \/>\n\t<meta property=\"og:image:height\" content=\"970\" class=\"yoast-seo-meta-tag\" \/>\n\t<meta property=\"og:image:type\" content=\"image\/jpeg\" class=\"yoast-seo-meta-tag\" \/>\n<meta name=\"author\" content=\"dorogimedence.hu\" class=\"yoast-seo-meta-tag\" \/>\n<meta name=\"twitter:card\" content=\"summary_large_image\" class=\"yoast-seo-meta-tag\" \/>\n<meta name=\"twitter:label1\" content=\"Szerz\u0151:\" class=\"yoast-seo-meta-tag\" \/>\n\t<meta name=\"twitter:data1\" content=\"dorogimedence.hu\" class=\"yoast-seo-meta-tag\" \/>\n\t<meta name=\"twitter:label2\" content=\"Becs\u00fclt olvas\u00e1si id\u0151\" class=\"yoast-seo-meta-tag\" \/>\n\t<meta name=\"twitter:data2\" content=\"3 perc\" class=\"yoast-seo-meta-tag\" \/>\n<script type=\"application\/ld+json\" class=\"yoast-schema-graph\">{\"@context\":\"https:\\\/\\\/schema.org\",\"@graph\":[{\"@type\":\"Article\",\"@id\":\"https:\\\/\\\/dorogimedence.hu\\\/index.php\\\/2023\\\/08\\\/03\\\/a-roma-holokauszt-aldozataira-emlekeztek-esztergom-kertvarosban\\\/#article\",\"isPartOf\":{\"@id\":\"https:\\\/\\\/dorogimedence.hu\\\/index.php\\\/2023\\\/08\\\/03\\\/a-roma-holokauszt-aldozataira-emlekeztek-esztergom-kertvarosban\\\/\"},\"author\":{\"name\":\"dorogimedence.hu\",\"@id\":\"https:\\\/\\\/dorogimedence.hu\\\/#\\\/schema\\\/person\\\/ce6091eeb7e95ecdc87890d6aa8e0fd4\"},\"headline\":\"A roma holokauszt \u00e1ldozataira eml\u00e9keztek Esztergom-Kertv\u00e1rosban\",\"datePublished\":\"2023-08-03T13:56:55+00:00\",\"mainEntityOfPage\":{\"@id\":\"https:\\\/\\\/dorogimedence.hu\\\/index.php\\\/2023\\\/08\\\/03\\\/a-roma-holokauszt-aldozataira-emlekeztek-esztergom-kertvarosban\\\/\"},\"wordCount\":514,\"publisher\":{\"@id\":\"https:\\\/\\\/dorogimedence.hu\\\/#organization\"},\"image\":{\"@id\":\"https:\\\/\\\/dorogimedence.hu\\\/index.php\\\/2023\\\/08\\\/03\\\/a-roma-holokauszt-aldozataira-emlekeztek-esztergom-kertvarosban\\\/#primaryimage\"},\"thumbnailUrl\":\"https:\\\/\\\/dorogimedence.hu\\\/wp-content\\\/uploads\\\/2023\\\/08\\\/roma-holokauszt-01.jpg\",\"keywords\":[\"esztergom\",\"Esztergom-kertv\u00e1ros\",\"featured\",\"megeml\u00e9kez\u00e9s\",\"roma holokauszt\"],\"articleSection\":[\"Esztergom\",\"Esztergom-kertv\u00e1ros\",\"H\u00edrek\"],\"inLanguage\":\"hu\"},{\"@type\":\"WebPage\",\"@id\":\"https:\\\/\\\/dorogimedence.hu\\\/index.php\\\/2023\\\/08\\\/03\\\/a-roma-holokauszt-aldozataira-emlekeztek-esztergom-kertvarosban\\\/\",\"url\":\"https:\\\/\\\/dorogimedence.hu\\\/index.php\\\/2023\\\/08\\\/03\\\/a-roma-holokauszt-aldozataira-emlekeztek-esztergom-kertvarosban\\\/\",\"name\":\"A roma holokauszt \u00e1ldozataira eml\u00e9keztek Esztergom-Kertv\u00e1rosban\",\"isPartOf\":{\"@id\":\"https:\\\/\\\/dorogimedence.hu\\\/#website\"},\"primaryImageOfPage\":{\"@id\":\"https:\\\/\\\/dorogimedence.hu\\\/index.php\\\/2023\\\/08\\\/03\\\/a-roma-holokauszt-aldozataira-emlekeztek-esztergom-kertvarosban\\\/#primaryimage\"},\"image\":{\"@id\":\"https:\\\/\\\/dorogimedence.hu\\\/index.php\\\/2023\\\/08\\\/03\\\/a-roma-holokauszt-aldozataira-emlekeztek-esztergom-kertvarosban\\\/#primaryimage\"},\"thumbnailUrl\":\"https:\\\/\\\/dorogimedence.hu\\\/wp-content\\\/uploads\\\/2023\\\/08\\\/roma-holokauszt-01.jpg\",\"datePublished\":\"2023-08-03T13:56:55+00:00\",\"breadcrumb\":{\"@id\":\"https:\\\/\\\/dorogimedence.hu\\\/index.php\\\/2023\\\/08\\\/03\\\/a-roma-holokauszt-aldozataira-emlekeztek-esztergom-kertvarosban\\\/#breadcrumb\"},\"inLanguage\":\"hu\",\"potentialAction\":[{\"@type\":\"ReadAction\",\"target\":[\"https:\\\/\\\/dorogimedence.hu\\\/index.php\\\/2023\\\/08\\\/03\\\/a-roma-holokauszt-aldozataira-emlekeztek-esztergom-kertvarosban\\\/\"]}]},{\"@type\":\"ImageObject\",\"inLanguage\":\"hu\",\"@id\":\"https:\\\/\\\/dorogimedence.hu\\\/index.php\\\/2023\\\/08\\\/03\\\/a-roma-holokauszt-aldozataira-emlekeztek-esztergom-kertvarosban\\\/#primaryimage\",\"url\":\"https:\\\/\\\/dorogimedence.hu\\\/wp-content\\\/uploads\\\/2023\\\/08\\\/roma-holokauszt-01.jpg\",\"contentUrl\":\"https:\\\/\\\/dorogimedence.hu\\\/wp-content\\\/uploads\\\/2023\\\/08\\\/roma-holokauszt-01.jpg\",\"width\":1920,\"height\":970},{\"@type\":\"BreadcrumbList\",\"@id\":\"https:\\\/\\\/dorogimedence.hu\\\/index.php\\\/2023\\\/08\\\/03\\\/a-roma-holokauszt-aldozataira-emlekeztek-esztergom-kertvarosban\\\/#breadcrumb\",\"itemListElement\":[{\"@type\":\"ListItem\",\"position\":1,\"name\":\"Kezd\u0151lap\",\"item\":\"https:\\\/\\\/dorogimedence.hu\\\/\"},{\"@type\":\"ListItem\",\"position\":2,\"name\":\"A roma holokauszt \u00e1ldozataira eml\u00e9keztek Esztergom-Kertv\u00e1rosban\"}]},{\"@type\":\"WebSite\",\"@id\":\"https:\\\/\\\/dorogimedence.hu\\\/#website\",\"url\":\"https:\\\/\\\/dorogimedence.hu\\\/\",\"name\":\"Dorogi-medence Region\u00e1lis H\u00edrport\u00e1l\",\"description\":\"Dorog, Keszt\u00f6lc, Le\u00e1nyv\u00e1r, Piliscs\u00e9v, Tokod, Tokodalt\u00e1r\u00f3, Csolnok, Esztergom-kertv\u00e1ros: h\u00edrek, programok\",\"publisher\":{\"@id\":\"https:\\\/\\\/dorogimedence.hu\\\/#organization\"},\"potentialAction\":[{\"@type\":\"SearchAction\",\"target\":{\"@type\":\"EntryPoint\",\"urlTemplate\":\"https:\\\/\\\/dorogimedence.hu\\\/?s={search_term_string}\"},\"query-input\":{\"@type\":\"PropertyValueSpecification\",\"valueRequired\":true,\"valueName\":\"search_term_string\"}}],\"inLanguage\":\"hu\"},{\"@type\":\"Organization\",\"@id\":\"https:\\\/\\\/dorogimedence.hu\\\/#organization\",\"name\":\"Dorogi-medence Region\u00e1lis H\u00edrport\u00e1l\",\"url\":\"https:\\\/\\\/dorogimedence.hu\\\/\",\"logo\":{\"@type\":\"ImageObject\",\"inLanguage\":\"hu\",\"@id\":\"https:\\\/\\\/dorogimedence.hu\\\/#\\\/schema\\\/logo\\\/image\\\/\",\"url\":\"https:\\\/\\\/dorogimedence.hu\\\/wp-content\\\/uploads\\\/2021\\\/04\\\/logo-feher-600.png\",\"contentUrl\":\"https:\\\/\\\/dorogimedence.hu\\\/wp-content\\\/uploads\\\/2021\\\/04\\\/logo-feher-600.png\",\"width\":600,\"height\":100,\"caption\":\"Dorogi-medence Region\u00e1lis H\u00edrport\u00e1l\"},\"image\":{\"@id\":\"https:\\\/\\\/dorogimedence.hu\\\/#\\\/schema\\\/logo\\\/image\\\/\"},\"sameAs\":[\"https:\\\/\\\/www.facebook.com\\\/dorogimedence\\\/\"]},{\"@type\":\"Person\",\"@id\":\"https:\\\/\\\/dorogimedence.hu\\\/#\\\/schema\\\/person\\\/ce6091eeb7e95ecdc87890d6aa8e0fd4\",\"name\":\"dorogimedence.hu\",\"image\":{\"@type\":\"ImageObject\",\"inLanguage\":\"hu\",\"@id\":\"\\\/\\\/www.gravatar.com\\\/avatar\\\/d8d45f8901aadff40a4af72c0b826f1d?s=96&#038;r=g&#038;d=mm\",\"url\":\"\\\/\\\/www.gravatar.com\\\/avatar\\\/d8d45f8901aadff40a4af72c0b826f1d?s=96&#038;r=g&#038;d=mm\",\"contentUrl\":\"\\\/\\\/www.gravatar.com\\\/avatar\\\/d8d45f8901aadff40a4af72c0b826f1d?s=96&#038;r=g&#038;d=mm\",\"caption\":\"dorogimedence.hu\"}}]}<\/script>\n<!-- \/ Yoast SEO plugin. -->","yoast_head_json":{"title":"A roma holokauszt \u00e1ldozataira eml\u00e9keztek Esztergom-Kertv\u00e1rosban","robots":{"index":"index","follow":"follow","max-snippet":"max-snippet:-1","max-image-preview":"max-image-preview:large","max-video-preview":"max-video-preview:-1"},"canonical":"https:\/\/dorogimedence.hu\/index.php\/2023\/08\/03\/a-roma-holokauszt-aldozataira-emlekeztek-esztergom-kertvarosban\/","og_locale":"hu_HU","og_type":"article","og_title":"A roma holokauszt \u00e1ldozataira eml\u00e9keztek Esztergom-Kertv\u00e1rosban","og_description":"Augusztus 2-\u00e1n, szerd\u00e1n besz\u00e9dekkel \u00e9s koszor\u00faz\u00e1ssal eml\u00e9keztek a roma holokauszt \u00e1ldozataira az esztergom-kertv\u00e1rosi Szent Istv\u00e1n-kir\u00e1ly templom kertj\u00e9ben tal\u00e1lhat\u00f3 eml\u00e9km\u0171n\u00e9l. A rendezv\u00e9nyen a megh\u00edvott vend\u00e9gek k\u00f6sz\u00f6nt\u00e9se \u00e9s a cig\u00e1ny himnusz ut\u00e1n els\u0151k\u00e9nt G\u00f3man J\u00e1nos, az Esztergomi Cig\u00e1ny Nemzetis\u00e9gi \u00d6nkorm\u00e1nyzat eln\u00f6ke t\u00f6rt\u00e9nelmi \u00e1ttekint\u00e9st adott, majd megjegyezte: ha k\u00f6rben\u00e9z\u00fcnk, l\u00e1thatjuk, hogy 78 \u00e9vvel a m\u00e1sodik vil\u00e1gh\u00e1bor\u00fa befejez\u00e9se ut\u00e1n","og_url":"https:\/\/dorogimedence.hu\/index.php\/2023\/08\/03\/a-roma-holokauszt-aldozataira-emlekeztek-esztergom-kertvarosban\/","og_site_name":"Dorogi-medence Region\u00e1lis H\u00edrport\u00e1l","article_publisher":"https:\/\/www.facebook.com\/dorogimedence\/","article_published_time":"2023-08-03T13:56:55+00:00","og_image":[{"width":1920,"height":970,"url":"https:\/\/dorogimedence.hu\/wp-content\/uploads\/2023\/08\/roma-holokauszt-01.jpg","type":"image\/jpeg"}],"author":"dorogimedence.hu","twitter_card":"summary_large_image","twitter_misc":{"Szerz\u0151:":"dorogimedence.hu","Becs\u00fclt olvas\u00e1si id\u0151":"3 perc"},"schema":{"@context":"https:\/\/schema.org","@graph":[{"@type":"Article","@id":"https:\/\/dorogimedence.hu\/index.php\/2023\/08\/03\/a-roma-holokauszt-aldozataira-emlekeztek-esztergom-kertvarosban\/#article","isPartOf":{"@id":"https:\/\/dorogimedence.hu\/index.php\/2023\/08\/03\/a-roma-holokauszt-aldozataira-emlekeztek-esztergom-kertvarosban\/"},"author":{"name":"dorogimedence.hu","@id":"https:\/\/dorogimedence.hu\/#\/schema\/person\/ce6091eeb7e95ecdc87890d6aa8e0fd4"},"headline":"A roma holokauszt \u00e1ldozataira eml\u00e9keztek Esztergom-Kertv\u00e1rosban","datePublished":"2023-08-03T13:56:55+00:00","mainEntityOfPage":{"@id":"https:\/\/dorogimedence.hu\/index.php\/2023\/08\/03\/a-roma-holokauszt-aldozataira-emlekeztek-esztergom-kertvarosban\/"},"wordCount":514,"publisher":{"@id":"https:\/\/dorogimedence.hu\/#organization"},"image":{"@id":"https:\/\/dorogimedence.hu\/index.php\/2023\/08\/03\/a-roma-holokauszt-aldozataira-emlekeztek-esztergom-kertvarosban\/#primaryimage"},"thumbnailUrl":"https:\/\/dorogimedence.hu\/wp-content\/uploads\/2023\/08\/roma-holokauszt-01.jpg","keywords":["esztergom","Esztergom-kertv\u00e1ros","featured","megeml\u00e9kez\u00e9s","roma holokauszt"],"articleSection":["Esztergom","Esztergom-kertv\u00e1ros","H\u00edrek"],"inLanguage":"hu"},{"@type":"WebPage","@id":"https:\/\/dorogimedence.hu\/index.php\/2023\/08\/03\/a-roma-holokauszt-aldozataira-emlekeztek-esztergom-kertvarosban\/","url":"https:\/\/dorogimedence.hu\/index.php\/2023\/08\/03\/a-roma-holokauszt-aldozataira-emlekeztek-esztergom-kertvarosban\/","name":"A roma holokauszt \u00e1ldozataira eml\u00e9keztek Esztergom-Kertv\u00e1rosban","isPartOf":{"@id":"https:\/\/dorogimedence.hu\/#website"},"primaryImageOfPage":{"@id":"https:\/\/dorogimedence.hu\/index.php\/2023\/08\/03\/a-roma-holokauszt-aldozataira-emlekeztek-esztergom-kertvarosban\/#primaryimage"},"image":{"@id":"https:\/\/dorogimedence.hu\/index.php\/2023\/08\/03\/a-roma-holokauszt-aldozataira-emlekeztek-esztergom-kertvarosban\/#primaryimage"},"thumbnailUrl":"https:\/\/dorogimedence.hu\/wp-content\/uploads\/2023\/08\/roma-holokauszt-01.jpg","datePublished":"2023-08-03T13:56:55+00:00","breadcrumb":{"@id":"https:\/\/dorogimedence.hu\/index.php\/2023\/08\/03\/a-roma-holokauszt-aldozataira-emlekeztek-esztergom-kertvarosban\/#breadcrumb"},"inLanguage":"hu","potentialAction":[{"@type":"ReadAction","target":["https:\/\/dorogimedence.hu\/index.php\/2023\/08\/03\/a-roma-holokauszt-aldozataira-emlekeztek-esztergom-kertvarosban\/"]}]},{"@type":"ImageObject","inLanguage":"hu","@id":"https:\/\/dorogimedence.hu\/index.php\/2023\/08\/03\/a-roma-holokauszt-aldozataira-emlekeztek-esztergom-kertvarosban\/#primaryimage","url":"https:\/\/dorogimedence.hu\/wp-content\/uploads\/2023\/08\/roma-holokauszt-01.jpg","contentUrl":"https:\/\/dorogimedence.hu\/wp-content\/uploads\/2023\/08\/roma-holokauszt-01.jpg","width":1920,"height":970},{"@type":"BreadcrumbList","@id":"https:\/\/dorogimedence.hu\/index.php\/2023\/08\/03\/a-roma-holokauszt-aldozataira-emlekeztek-esztergom-kertvarosban\/#breadcrumb","itemListElement":[{"@type":"ListItem","position":1,"name":"Kezd\u0151lap","item":"https:\/\/dorogimedence.hu\/"},{"@type":"ListItem","position":2,"name":"A roma holokauszt \u00e1ldozataira eml\u00e9keztek Esztergom-Kertv\u00e1rosban"}]},{"@type":"WebSite","@id":"https:\/\/dorogimedence.hu\/#website","url":"https:\/\/dorogimedence.hu\/","name":"Dorogi-medence Region\u00e1lis H\u00edrport\u00e1l","description":"Dorog, Keszt\u00f6lc, Le\u00e1nyv\u00e1r, Piliscs\u00e9v, Tokod, Tokodalt\u00e1r\u00f3, Csolnok, Esztergom-kertv\u00e1ros: h\u00edrek, programok","publisher":{"@id":"https:\/\/dorogimedence.hu\/#organization"},"potentialAction":[{"@type":"SearchAction","target":{"@type":"EntryPoint","urlTemplate":"https:\/\/dorogimedence.hu\/?s={search_term_string}"},"query-input":{"@type":"PropertyValueSpecification","valueRequired":true,"valueName":"search_term_string"}}],"inLanguage":"hu"},{"@type":"Organization","@id":"https:\/\/dorogimedence.hu\/#organization","name":"Dorogi-medence Region\u00e1lis H\u00edrport\u00e1l","url":"https:\/\/dorogimedence.hu\/","logo":{"@type":"ImageObject","inLanguage":"hu","@id":"https:\/\/dorogimedence.hu\/#\/schema\/logo\/image\/","url":"https:\/\/dorogimedence.hu\/wp-content\/uploads\/2021\/04\/logo-feher-600.png","contentUrl":"https:\/\/dorogimedence.hu\/wp-content\/uploads\/2021\/04\/logo-feher-600.png","width":600,"height":100,"caption":"Dorogi-medence Region\u00e1lis H\u00edrport\u00e1l"},"image":{"@id":"https:\/\/dorogimedence.hu\/#\/schema\/logo\/image\/"},"sameAs":["https:\/\/www.facebook.com\/dorogimedence\/"]},{"@type":"Person","@id":"https:\/\/dorogimedence.hu\/#\/schema\/person\/ce6091eeb7e95ecdc87890d6aa8e0fd4","name":"dorogimedence.hu","image":{"@type":"ImageObject","inLanguage":"hu","@id":"\/\/www.gravatar.com\/avatar\/d8d45f8901aadff40a4af72c0b826f1d?s=96&#038;r=g&#038;d=mm","url":"\/\/www.gravatar.com\/avatar\/d8d45f8901aadff40a4af72c0b826f1d?s=96&#038;r=g&#038;d=mm","contentUrl":"\/\/www.gravatar.com\/avatar\/d8d45f8901aadff40a4af72c0b826f1d?s=96&#038;r=g&#038;d=mm","caption":"dorogimedence.hu"}}]}},"_links":{"self":[{"href":"https:\/\/dorogimedence.hu\/index.php\/wp-json\/wp\/v2\/posts\/55226","targetHints":{"allow":["GET"]}}],"collection":[{"href":"https:\/\/dorogimedence.hu\/index.php\/wp-json\/wp\/v2\/posts"}],"about":[{"href":"https:\/\/dorogimedence.hu\/index.php\/wp-json\/wp\/v2\/types\/post"}],"author":[{"embeddable":true,"href":"https:\/\/dorogimedence.hu\/index.php\/wp-json\/wp\/v2\/users\/1"}],"replies":[{"embeddable":true,"href":"https:\/\/dorogimedence.hu\/index.php\/wp-json\/wp\/v2\/comments?post=55226"}],"version-history":[{"count":0,"href":"https:\/\/dorogimedence.hu\/index.php\/wp-json\/wp\/v2\/posts\/55226\/revisions"}],"wp:featuredmedia":[{"embeddable":true,"href":"https:\/\/dorogimedence.hu\/index.php\/wp-json\/wp\/v2\/media\/55227"}],"wp:attachment":[{"href":"https:\/\/dorogimedence.hu\/index.php\/wp-json\/wp\/v2\/media?parent=55226"}],"wp:term":[{"taxonomy":"category","embeddable":true,"href":"https:\/\/dorogimedence.hu\/index.php\/wp-json\/wp\/v2\/categories?post=55226"},{"taxonomy":"post_tag","embeddable":true,"href":"https:\/\/dorogimedence.hu\/index.php\/wp-json\/wp\/v2\/tags?post=55226"}],"curies":[{"name":"wp","href":"https:\/\/api.w.org\/{rel}","templated":true}]}}