{"id":55103,"date":"2023-07-31T11:35:19","date_gmt":"2023-07-31T09:35:19","guid":{"rendered":"https:\/\/dorogimedence.hu\/?p=55103"},"modified":"2023-07-31T11:35:19","modified_gmt":"2023-07-31T09:35:19","slug":"lakossagi-azbesztmentesitesi-palyazat","status":"publish","type":"post","link":"https:\/\/dorogimedence.hu\/index.php\/2023\/07\/31\/lakossagi-azbesztmentesitesi-palyazat\/","title":{"rendered":"Lakoss\u00e1gi azbesztmentes\u00edt\u00e9si p\u00e1ly\u00e1zat"},"content":{"rendered":"<p><strong>Az NHKV Nemzeti Hullad\u00e9kgazd\u00e1lkod\u00e1si Koordin\u00e1l\u00f3 \u00e9s Vagyonkezel\u0151 Zrt. orsz\u00e1gos azbesztmentes\u00edt\u00e9si p\u00e1ly\u00e1zatot hirdetett lakoss\u00e1gi \u00fcgyfelei r\u00e9sz\u00e9re. P\u00e1ly\u00e1zni 2023. augusztus 4-ig lehet!<br \/>\n<\/strong><\/p>\n<p>Az NHKV Zrt. a p\u00e1ly\u00e1zat megval\u00f3s\u00edt\u00e1s\u00e1hoz az Energia\u00fcgyi Miniszt\u00e9riumt\u00f3l kapott t\u00e1mogat\u00e1st a Tiszta Orsz\u00e1g Program keret\u00e9ben. A program a jogszer\u0171 hullad\u00e9klerak\u00e1s t\u00e1mogat\u00e1s\u00e1t, ezzel az illeg\u00e1lis hullad\u00e9klerak\u00e1s megel\u0151z\u00e9s\u00e9t \u00e9s az illeg\u00e1lisan lerakott hullad\u00e9klerak\u00f3k felsz\u00e1mol\u00e1s\u00e1t k\u00edv\u00e1nja el\u00e9rni.<\/p>\n<p><strong>Ki adhat be p\u00e1ly\u00e1zatot?<\/strong><\/p>\n<p>A p\u00e1ly\u00e1zaton r\u00e9szt vehet, aki az al\u00e1bbi felt\u00e9telek valamelyik\u00e9nek megfelel:<\/p>\n<ul>\n<li>a) Term\u00e9szetes szem\u00e9ly<\/li>\n<li>b) A Ht. 91. \u00a7 (3) bekezd\u00e9se \u00e9s a 91\/A. \u00a7 (3a) \u00e9rtelm\u00e9ben term\u00e9szetes szem\u00e9lyekkel egy tekintet al\u00e1 es\u0151 t\u00e1rsash\u00e1z, egyh\u00e1zi jogi szem\u00e9ly vagy lak\u00e1ssz\u00f6vetkezet.<\/li>\n<\/ul>\n<p><strong>A p\u00e1ly\u00e1zatot beny\u00fajthatja:<\/strong><\/p>\n<ul>\n<li>a) b\u00e1rmely nagykor\u00fa term\u00e9szetes szem\u00e9ly;<\/li>\n<li>b) kiskor\u00fa term\u00e9szetes szem\u00e9ly helyett t\u00f6rv\u00e9nyes k\u00e9pvisel\u0151je;<\/li>\n<li>c) cselekv\u0151k\u00e9ptelen nagykor\u00fa, vagy cselekv\u0151k\u00e9pess\u00e9g\u00e9ben r\u00e9szlegesen korl\u00e1tozott nagykor\u00fa szem\u00e9ly helyett gondnoka;<\/li>\n<li>d) Ht. 91. \u00a7 (3) bekezd\u00e9se szerinti p\u00e1ly\u00e1z\u00f3 eset\u00e9n annak k\u00e9pviselet\u00e9re jogosult, a jogosults\u00e1g\u00e1nak egyidej\u0171 igazol\u00e1sa mellett.<\/li>\n<\/ul>\n<p><strong>Mire kaphat\u00f3 t\u00e1mogat\u00e1s?<\/strong><\/p>\n<p>A t\u00e1mogat\u00e1s&nbsp;egyszeri, nem p\u00e9nzbeli t\u00e1mogat\u00e1s. A t\u00e1mogat\u00e1s a beny\u00fajtott p\u00e1ly\u00e1zati dokument\u00e1ci\u00f3 alapj\u00e1n meg\u00e1llap\u00edtott mennyis\u00e9g\u0171 azbeszt tartalm\u00fa \u00e9p\u00edt\u00e9si hullad\u00e9k elsz\u00e1ll\u00edt\u00e1s\u00e1ra \u00e9s \u00e1rtalmatlan\u00edt\u00e1sra t\u00f6rt\u00e9n\u0151 \u00e1tad\u00e1si tev\u00e9kenys\u00e9gre vonatkozik.<\/p>\n<p>A beny\u00fajtott p\u00e1ly\u00e1zat&nbsp;kiz\u00e1r\u00f3lag HAK 17 06 05* t\u00edpus\u00fa azbeszthullad\u00e9k&nbsp;elsz\u00e1ll\u00edt\u00e1s\u00e1ra, \u00e1rtalmatlan\u00edt\u00e1sra t\u00f6rt\u00e9n\u0151 \u00e1tad\u00e1sra vonatkozik, melyek jellemz\u0151en, de nem kiz\u00e1r\u00f3lag az al\u00e1bbi helyeken haszn\u00e1latosak:<\/p>\n<ul>\n<li>tet\u0151<\/li>\n<li>ker\u00edt\u00e9s<\/li>\n<li>homlokzatburkol\u00e1s<\/li>\n<li>v\u00e1laszfalak<\/li>\n<li>r\u00e9gi g\u00e1zt\u0171zhelyekben azbesztlapok<\/li>\n<li>\u00e9p\u00fcleten bel\u00fcli iv\u00f3v\u00edz vagy szennyv\u00edz cs\u00f6vek, bek\u00f6t\u0151vezet\u00e9kek<\/li>\n<\/ul>\n<p><strong>P\u00e1ly\u00e1zat bead\u00e1sa:<\/strong><\/p>\n<p>A p\u00e1ly\u00e1zatot kiz\u00e1r\u00f3lag elektronikusan, sikeres regisztr\u00e1ci\u00f3t k\u00f6vet\u0151en, az online fel\u00fclet helyes \u00e9s teljesk\u00f6r\u0171 kit\u00f6lt\u00e9s\u00e9vel, valamint a k\u00f6telez\u0151en csatoland\u00f3 mell\u00e9kletek felt\u00f6lt\u00e9s\u00e9vel van m\u00f3d beadni az&nbsp;<a href=\"https:\/\/azbeszt.nhkv.hu\" target=\"_blank\" rel=\"noopener\"><span style=\"text-decoration: underline; color: #0000ff;\">https:\/\/azbeszt.nhkv.hu<\/span><\/a>&nbsp;fel\u00fcleten kereszt\u00fcl.<\/p>\n<p>A p\u00e1ly\u00e1zat beny\u00fajt\u00e1s\u00e1val kapcsolatos r\u00e9szletes inform\u00e1ci\u00f3kat (pl. regisztr\u00e1ci\u00f3 menete, p\u00e1ly\u00e1zati adatlap kit\u00f6lt\u00e9se, mell\u00e9kletek csatol\u00e1sa stb.) a <a href=\"https:\/\/azbeszt.nhkv.hu\" target=\"_blank\" rel=\"noopener\"><span style=\"text-decoration: underline; color: #0000ff;\">https:\/\/azbeszt.nhkv.hu<\/span><\/a> oldalr\u00f3l let\u00f6lthet\u0151 Kit\u00f6lt\u00e9si \u00fatmutat\u00f3&nbsp;tartalmazza.<\/p>\n<p><strong>Beny\u00fajt\u00e1si id\u0151szak<\/strong><\/p>\n<p>2023 j\u00falius 14. 8.00 \u00f3r\u00e1t\u00f3l \u2013 keretkimer\u00fcl\u00e9sig, de legk\u00e9s\u0151bb 2023. augusztus 04. 24:00 \u00f3r\u00e1ig.<\/p>\n<p><strong>Tov\u00e1bbi p\u00e1ly\u00e1zati inform\u00e1ci\u00f3k:<\/strong><\/p>\n<ul>\n<li>a) Egy P\u00e1ly\u00e1z\u00f3 legfeljebb 1 db elsz\u00e1ll\u00edt\u00e1si c\u00edm vonatkoz\u00e1s\u00e1ban jogosult p\u00e1ly\u00e1zatot beny\u00fajtani.<\/li>\n<li>b) Egy elsz\u00e1ll\u00edt\u00e1si c\u00edm vonatkoz\u00e1s\u00e1ban legfeljebb 1 p\u00e1ly\u00e1zat ny\u00fajthat\u00f3 be.<\/li>\n<li>c) Kiz\u00e1r\u00f3lag hi\u00e1nytalanul beny\u00fajtott p\u00e1ly\u00e1zat ker\u00fclhet befogad\u00e1sra. A p\u00e1ly\u00e1zat befogad\u00e1sa azonban nem jelenti a p\u00e1ly\u00e1zat automatikus t\u00e1mogat\u00e1s\u00e1t.<\/li>\n<li>d) A formai szempontb\u00f3l hi\u00e1nyos vagy hib\u00e1s p\u00e1ly\u00e1zatok eset\u00e9ben&nbsp;egyszeri alkalommal&nbsp;hi\u00e1nyp\u00f3tl\u00e1s ny\u00fajthat\u00f3 be, az elektronikus \u00faton kapott hi\u00e1nyp\u00f3tl\u00e1si felh\u00edv\u00e1sban foglalt el\u0151\u00edr\u00e1soknak \u00e9s hat\u00e1rid\u0151nek megfelel\u0151en.<\/li>\n<li>e) A bead\u00e1si id\u0151pont tekintet\u00e9ben a p\u00e1ly\u00e1zati fel\u00fcletre felt\u00f6lt\u00f6tt teljesk\u00f6r\u0171 p\u00e1ly\u00e1zati dokument\u00e1ci\u00f3 befogad\u00e1s\u00e1nak id\u0151pontja az ir\u00e1nyad\u00f3. A p\u00e1ly\u00e1zat beny\u00fajt\u00e1s\u00e1nak id\u0151pontja nem egyezik meg a bead\u00f3 szem\u00e9ly p\u00e1ly\u00e1zati fel\u00fcletre t\u00f6rt\u00e9n\u0151 regisztr\u00e1ci\u00f3j\u00e1nak id\u0151pontj\u00e1val.<\/li>\n<\/ul>\n<p><strong>Milyen dokumentumok sz\u00fcks\u00e9gesek a p\u00e1ly\u00e1zat beny\u00fajt\u00e1s\u00e1hoz?<\/strong><\/p>\n<p>A p\u00e1ly\u00e1zati adatlap kit\u00f6lt\u00e9s\u00e9t k\u00f6vet\u0151en els\u0151 k\u00f6rben az al\u00e1bbi mell\u00e9kleteket sz\u00fcks\u00e9ges csatolni a p\u00e1ly\u00e1zati anyaghoz:<\/p>\n<ul>\n<li>a) k\u00f6telez\u0151 \u2013 fot\u00f3dokument\u00e1ci\u00f3 az elsz\u00e1ll\u00edtand\u00f3 azbeszthullad\u00e9kr\u00f3l az al\u00e1bbiak szerint<\/li>\n<\/ul>\n<p>legal\u00e1bb 2 db: 1 db k\u00f6zeli \u00e9s 1 db t\u00e1voli fot\u00f3 (sz\u00fcks\u00e9g eset\u00e9n tov\u00e1bbi, legfeljebb 2 db fot\u00f3 csatolhat\u00f3);<br \/>\nmin\u0151s\u00e9g: sz\u00ednes, j\u00f3l kivehet\u0151, egy\u00e9rtelm\u0171, az azbeszthullad\u00e9kot j\u00f3l szeml\u00e9ltet\u0151;<br \/>\nfile form\u00e1tum: b\u00e1rmilyen k\u00e9pform\u00e1tum (pl. jpg\/jpeg, png) megfelel, max. 5 MB m\u00e9ret korl\u00e1tig\/fot\u00f3.<\/p>\n<ul>\n<li>b) opcion\u00e1lis \u2013 kit\u00f6lt\u00f6tt \u00e9s al\u00e1\u00edrt Meghatalmaz\u00e1s (3. sz. mell\u00e9klet);<\/li>\n<li>c) opcion\u00e1lis \u2013 kit\u00f6lt\u00f6tt \u00e9s al\u00e1\u00edrt Gondnoki nyilatkozat (4. sz. mell\u00e9klet)<\/li>\n<li>d) opcion\u00e1lis \u2013 k\u00e9pviseleti jogosults\u00e1g igazol\u00e1sa.<\/li>\n<\/ul>\n<p>Fenti mell\u00e9kletek csatol\u00e1s\u00e1t k\u00f6vet\u0151en a p\u00e1ly\u00e1zati anyagot k\u00e9rj\u00fck t\u00fczetesen \u00e1tn\u00e9zni, amennyiben sz\u00fcks\u00e9ges, jav\u00edtani, mivel a ment\u00e9st k\u00f6vet\u0151en a p\u00e1ly\u00e1zati adatlapon megadott adatok, valamint a becsatolt mell\u00e9kletek NEM m\u00f3dos\u00edthat\u00f3k!<\/p>\n<p><strong>Mi t\u00f6rt\u00e9nik a p\u00e1ly\u00e1zat beny\u00fajt\u00e1sa ut\u00e1n?<\/strong><\/p>\n<p>A p\u00e1ly\u00e1zatokat az NHKV Zrt. munkat\u00e1rsai elb\u00edr\u00e1lj\u00e1k, majd \u00e9rtes\u00edtik a p\u00e1ly\u00e1z\u00f3t a t\u00e1mogat\u00e1s meg\u00edt\u00e9l\u00e9s\u00e9r\u0151l vagy elutas\u00edt\u00e1s\u00e1r\u00f3l. Pozit\u00edv elb\u00edr\u00e1l\u00e1s eset\u00e9n T\u00e1mogat\u00f3i okiratot \u00e1ll\u00edtanak ki sz\u00e1m\u00e1ra. Ezt k\u00f6vet\u0151en az azbeszthullad\u00e9kot elsz\u00e1ll\u00edt\u00f3 c\u00e9g felveszi a kapcsolatot a nyertes p\u00e1ly\u00e1z\u00f3val, \u00e9s egyezteti az \u00e1tv\u00e9tel id\u0151pontj\u00e1t \u00e9s helysz\u00edn\u00e9t.<\/p>\n<p><strong>P\u00e1ly\u00e1zati felh\u00edv\u00e1s \u00e9s Kit\u00f6lt\u00e9si \u00fatmutat\u00f3<\/strong><\/p>\n<p>A p\u00e1ly\u00e1zattal kapcsolatos r\u00e9szletes inform\u00e1ci\u00f3kat a P\u00e1ly\u00e1zati felh\u00edv\u00e1s tartalmazza, amely megtal\u00e1lhat\u00f3 az <span style=\"text-decoration: underline; color: #0000ff;\"><a style=\"color: #0000ff; text-decoration: underline;\" href=\"https:\/\/azbeszt.nhkv.hu\" target=\"_blank\" rel=\"noopener\">https:\/\/azbeszt.nhkv.hu<\/a><\/span> oldalon a let\u00f6lthet\u0151 dokumentumok k\u00f6z\u00f6tt.<\/p>\n<p>A p\u00e1ly\u00e1zat beny\u00fajt\u00e1s\u00e1val kapcsolatos r\u00e9szletes inform\u00e1ci\u00f3kat (pl. regisztr\u00e1ci\u00f3 menete, p\u00e1ly\u00e1zati adatlap kit\u00f6lt\u00e9se, mell\u00e9kletek csatol\u00e1sa stb.) a&nbsp;Kit\u00f6lt\u00e9si \u00fatmutat\u00f3&nbsp;tartalmazza, amely j\u00falius 14-\u00e9t\u0151l \u00e9rhet\u0151 el a let\u00f6lthet\u0151 dokumentumok k\u00f6z\u00f6tt.<\/p>\n<p><strong>Tov\u00e1bbi inform\u00e1ci\u00f3k<\/strong><\/p>\n<p>A lakoss\u00e1gi azbesztmentes\u00edt\u00e9s p\u00e1ly\u00e1zattal kapcsolatosan felmer\u00fcl\u0151 k\u00e9rd\u00e9seivel az&nbsp;<a href=\"mailto:azbeszt@nhkv.hu\" target=\"_blank\" rel=\"noopener\"><span style=\"text-decoration: underline; color: #0000ff;\">azbeszt@nhkv.hu<\/span><\/a>&nbsp;e-mail c\u00edmen fordulhat az NHKV Zrt. munkat\u00e1rsaihoz.<\/p>\n<p>Az NHKV Zrt. a p\u00e1ly\u00e1zat megval\u00f3s\u00edt\u00e1s\u00e1hoz az Energia\u00fcgyi Miniszt\u00e9riumt\u00f3l kapott t\u00e1mogat\u00e1st a Tiszta Orsz\u00e1g Program keret\u00e9ben. A program a jogszer\u0171 hullad\u00e9klerak\u00e1s t\u00e1mogat\u00e1s\u00e1t, ezzel az illeg\u00e1lis hullad\u00e9klerak\u00e1s megel\u0151z\u00e9s\u00e9t, \u00e9s az illeg\u00e1lisan lerakott hullad\u00e9klerak\u00f3k felsz\u00e1mol\u00e1s\u00e1t k\u00edv\u00e1nja el\u00e9rni.<\/p>\n<p><em>Bor\u00edt\u00f3k\u00e9p: illusztr\u00e1ci\u00f3 (palaveszelyeshulladek.hu)<\/em><\/p>\n","protected":false},"excerpt":{"rendered":"<p>Az NHKV Nemzeti Hullad\u00e9kgazd\u00e1lkod\u00e1si Koordin\u00e1l\u00f3 \u00e9s Vagyonkezel\u0151 Zrt. orsz\u00e1gos azbesztmentes\u00edt\u00e9si p\u00e1ly\u00e1zatot hirdetett lakoss\u00e1gi \u00fcgyfelei r\u00e9sz\u00e9re. P\u00e1ly\u00e1zni 2023. augusztus 4-ig lehet! Az NHKV Zrt. a p\u00e1ly\u00e1zat megval\u00f3s\u00edt\u00e1s\u00e1hoz az Energia\u00fcgyi Miniszt\u00e9riumt\u00f3l kapott t\u00e1mogat\u00e1st a Tiszta Orsz\u00e1g Program keret\u00e9ben. A program a jogszer\u0171 hullad\u00e9klerak\u00e1s t\u00e1mogat\u00e1s\u00e1t, ezzel az illeg\u00e1lis hullad\u00e9klerak\u00e1s megel\u0151z\u00e9s\u00e9t \u00e9s az illeg\u00e1lisan lerakott hullad\u00e9klerak\u00f3k felsz\u00e1mol\u00e1s\u00e1t k\u00edv\u00e1nja el\u00e9rni.<\/p>\n","protected":false},"author":1,"featured_media":0,"comment_status":"closed","ping_status":"closed","sticky":false,"template":"","format":"standard","meta":{"ngg_post_thumbnail":0,"footnotes":""},"categories":[3],"tags":[3493,6518],"class_list":{"0":"post-55103","1":"post","2":"type-post","3":"status-publish","4":"format-standard","6":"category-hirek","7":"tag-azbeszt","8":"tag-azbesztmentesites"},"yoast_head":"<!-- This site is optimized with the Yoast SEO plugin v27.5 - https:\/\/yoast.com\/product\/yoast-seo-wordpress\/ -->\n<title>Lakoss\u00e1gi azbesztmentes\u00edt\u00e9si p\u00e1ly\u00e1zat<\/title>\n<meta name=\"robots\" content=\"index, follow, max-snippet:-1, max-image-preview:large, max-video-preview:-1\" \/>\n<link rel=\"canonical\" href=\"https:\/\/dorogimedence.hu\/index.php\/2023\/07\/31\/lakossagi-azbesztmentesitesi-palyazat\/\" class=\"yoast-seo-meta-tag\" \/>\n<meta property=\"og:locale\" content=\"hu_HU\" class=\"yoast-seo-meta-tag\" \/>\n<meta property=\"og:type\" content=\"article\" class=\"yoast-seo-meta-tag\" \/>\n<meta property=\"og:title\" content=\"Lakoss\u00e1gi azbesztmentes\u00edt\u00e9si p\u00e1ly\u00e1zat\" class=\"yoast-seo-meta-tag\" \/>\n<meta property=\"og:description\" content=\"Az NHKV Nemzeti Hullad\u00e9kgazd\u00e1lkod\u00e1si Koordin\u00e1l\u00f3 \u00e9s Vagyonkezel\u0151 Zrt. orsz\u00e1gos azbesztmentes\u00edt\u00e9si p\u00e1ly\u00e1zatot hirdetett lakoss\u00e1gi \u00fcgyfelei r\u00e9sz\u00e9re. P\u00e1ly\u00e1zni 2023. augusztus 4-ig lehet! Az NHKV Zrt. a p\u00e1ly\u00e1zat megval\u00f3s\u00edt\u00e1s\u00e1hoz az Energia\u00fcgyi Miniszt\u00e9riumt\u00f3l kapott t\u00e1mogat\u00e1st a Tiszta Orsz\u00e1g Program keret\u00e9ben. A program a jogszer\u0171 hullad\u00e9klerak\u00e1s t\u00e1mogat\u00e1s\u00e1t, ezzel az illeg\u00e1lis hullad\u00e9klerak\u00e1s megel\u0151z\u00e9s\u00e9t \u00e9s az illeg\u00e1lisan lerakott hullad\u00e9klerak\u00f3k felsz\u00e1mol\u00e1s\u00e1t k\u00edv\u00e1nja el\u00e9rni.\" class=\"yoast-seo-meta-tag\" \/>\n<meta property=\"og:url\" content=\"https:\/\/dorogimedence.hu\/index.php\/2023\/07\/31\/lakossagi-azbesztmentesitesi-palyazat\/\" class=\"yoast-seo-meta-tag\" \/>\n<meta property=\"og:site_name\" content=\"Dorogi-medence Region\u00e1lis H\u00edrport\u00e1l\" class=\"yoast-seo-meta-tag\" \/>\n<meta property=\"article:publisher\" content=\"https:\/\/www.facebook.com\/dorogimedence\/\" class=\"yoast-seo-meta-tag\" \/>\n<meta property=\"article:published_time\" content=\"2023-07-31T09:35:19+00:00\" class=\"yoast-seo-meta-tag\" \/>\n<meta property=\"og:image\" content=\"https:\/\/dorogimedence.hu\/wp-content\/uploads\/2023\/07\/122497040_s.jpg\" class=\"yoast-seo-meta-tag\" \/>\n\t<meta property=\"og:image:width\" content=\"848\" class=\"yoast-seo-meta-tag\" \/>\n\t<meta property=\"og:image:height\" content=\"565\" class=\"yoast-seo-meta-tag\" \/>\n\t<meta property=\"og:image:type\" content=\"image\/jpeg\" class=\"yoast-seo-meta-tag\" \/>\n<meta name=\"author\" content=\"dorogimedence.hu\" class=\"yoast-seo-meta-tag\" \/>\n<meta name=\"twitter:card\" content=\"summary_large_image\" class=\"yoast-seo-meta-tag\" \/>\n<meta name=\"twitter:label1\" content=\"Szerz\u0151:\" class=\"yoast-seo-meta-tag\" \/>\n\t<meta name=\"twitter:data1\" content=\"dorogimedence.hu\" class=\"yoast-seo-meta-tag\" \/>\n\t<meta name=\"twitter:label2\" content=\"Becs\u00fclt olvas\u00e1si id\u0151\" class=\"yoast-seo-meta-tag\" \/>\n\t<meta name=\"twitter:data2\" content=\"6 perc\" class=\"yoast-seo-meta-tag\" \/>\n<script type=\"application\/ld+json\" class=\"yoast-schema-graph\">{\"@context\":\"https:\\\/\\\/schema.org\",\"@graph\":[{\"@type\":\"Article\",\"@id\":\"https:\\\/\\\/dorogimedence.hu\\\/index.php\\\/2023\\\/07\\\/31\\\/lakossagi-azbesztmentesitesi-palyazat\\\/#article\",\"isPartOf\":{\"@id\":\"https:\\\/\\\/dorogimedence.hu\\\/index.php\\\/2023\\\/07\\\/31\\\/lakossagi-azbesztmentesitesi-palyazat\\\/\"},\"author\":{\"name\":\"dorogimedence.hu\",\"@id\":\"https:\\\/\\\/dorogimedence.hu\\\/#\\\/schema\\\/person\\\/ce6091eeb7e95ecdc87890d6aa8e0fd4\"},\"headline\":\"Lakoss\u00e1gi azbesztmentes\u00edt\u00e9si p\u00e1ly\u00e1zat\",\"datePublished\":\"2023-07-31T09:35:19+00:00\",\"mainEntityOfPage\":{\"@id\":\"https:\\\/\\\/dorogimedence.hu\\\/index.php\\\/2023\\\/07\\\/31\\\/lakossagi-azbesztmentesitesi-palyazat\\\/\"},\"wordCount\":1204,\"publisher\":{\"@id\":\"https:\\\/\\\/dorogimedence.hu\\\/#organization\"},\"keywords\":[\"azbeszt\",\"azbesztmentes\u00edt\u00e9s\"],\"articleSection\":[\"H\u00edrek\"],\"inLanguage\":\"hu\"},{\"@type\":\"WebPage\",\"@id\":\"https:\\\/\\\/dorogimedence.hu\\\/index.php\\\/2023\\\/07\\\/31\\\/lakossagi-azbesztmentesitesi-palyazat\\\/\",\"url\":\"https:\\\/\\\/dorogimedence.hu\\\/index.php\\\/2023\\\/07\\\/31\\\/lakossagi-azbesztmentesitesi-palyazat\\\/\",\"name\":\"Lakoss\u00e1gi azbesztmentes\u00edt\u00e9si p\u00e1ly\u00e1zat\",\"isPartOf\":{\"@id\":\"https:\\\/\\\/dorogimedence.hu\\\/#website\"},\"datePublished\":\"2023-07-31T09:35:19+00:00\",\"breadcrumb\":{\"@id\":\"https:\\\/\\\/dorogimedence.hu\\\/index.php\\\/2023\\\/07\\\/31\\\/lakossagi-azbesztmentesitesi-palyazat\\\/#breadcrumb\"},\"inLanguage\":\"hu\",\"potentialAction\":[{\"@type\":\"ReadAction\",\"target\":[\"https:\\\/\\\/dorogimedence.hu\\\/index.php\\\/2023\\\/07\\\/31\\\/lakossagi-azbesztmentesitesi-palyazat\\\/\"]}]},{\"@type\":\"BreadcrumbList\",\"@id\":\"https:\\\/\\\/dorogimedence.hu\\\/index.php\\\/2023\\\/07\\\/31\\\/lakossagi-azbesztmentesitesi-palyazat\\\/#breadcrumb\",\"itemListElement\":[{\"@type\":\"ListItem\",\"position\":1,\"name\":\"Kezd\u0151lap\",\"item\":\"https:\\\/\\\/dorogimedence.hu\\\/\"},{\"@type\":\"ListItem\",\"position\":2,\"name\":\"Lakoss\u00e1gi azbesztmentes\u00edt\u00e9si p\u00e1ly\u00e1zat\"}]},{\"@type\":\"WebSite\",\"@id\":\"https:\\\/\\\/dorogimedence.hu\\\/#website\",\"url\":\"https:\\\/\\\/dorogimedence.hu\\\/\",\"name\":\"Dorogi-medence Region\u00e1lis H\u00edrport\u00e1l\",\"description\":\"Dorog, Keszt\u00f6lc, Le\u00e1nyv\u00e1r, Piliscs\u00e9v, Tokod, Tokodalt\u00e1r\u00f3, Csolnok, Esztergom-kertv\u00e1ros: h\u00edrek, programok\",\"publisher\":{\"@id\":\"https:\\\/\\\/dorogimedence.hu\\\/#organization\"},\"potentialAction\":[{\"@type\":\"SearchAction\",\"target\":{\"@type\":\"EntryPoint\",\"urlTemplate\":\"https:\\\/\\\/dorogimedence.hu\\\/?s={search_term_string}\"},\"query-input\":{\"@type\":\"PropertyValueSpecification\",\"valueRequired\":true,\"valueName\":\"search_term_string\"}}],\"inLanguage\":\"hu\"},{\"@type\":\"Organization\",\"@id\":\"https:\\\/\\\/dorogimedence.hu\\\/#organization\",\"name\":\"Dorogi-medence Region\u00e1lis H\u00edrport\u00e1l\",\"url\":\"https:\\\/\\\/dorogimedence.hu\\\/\",\"logo\":{\"@type\":\"ImageObject\",\"inLanguage\":\"hu\",\"@id\":\"https:\\\/\\\/dorogimedence.hu\\\/#\\\/schema\\\/logo\\\/image\\\/\",\"url\":\"https:\\\/\\\/dorogimedence.hu\\\/wp-content\\\/uploads\\\/2021\\\/04\\\/logo-feher-600.png\",\"contentUrl\":\"https:\\\/\\\/dorogimedence.hu\\\/wp-content\\\/uploads\\\/2021\\\/04\\\/logo-feher-600.png\",\"width\":600,\"height\":100,\"caption\":\"Dorogi-medence Region\u00e1lis H\u00edrport\u00e1l\"},\"image\":{\"@id\":\"https:\\\/\\\/dorogimedence.hu\\\/#\\\/schema\\\/logo\\\/image\\\/\"},\"sameAs\":[\"https:\\\/\\\/www.facebook.com\\\/dorogimedence\\\/\"]},{\"@type\":\"Person\",\"@id\":\"https:\\\/\\\/dorogimedence.hu\\\/#\\\/schema\\\/person\\\/ce6091eeb7e95ecdc87890d6aa8e0fd4\",\"name\":\"dorogimedence.hu\",\"image\":{\"@type\":\"ImageObject\",\"inLanguage\":\"hu\",\"@id\":\"\\\/\\\/www.gravatar.com\\\/avatar\\\/d8d45f8901aadff40a4af72c0b826f1d?s=96&#038;r=g&#038;d=mm\",\"url\":\"\\\/\\\/www.gravatar.com\\\/avatar\\\/d8d45f8901aadff40a4af72c0b826f1d?s=96&#038;r=g&#038;d=mm\",\"contentUrl\":\"\\\/\\\/www.gravatar.com\\\/avatar\\\/d8d45f8901aadff40a4af72c0b826f1d?s=96&#038;r=g&#038;d=mm\",\"caption\":\"dorogimedence.hu\"}}]}<\/script>\n<!-- \/ Yoast SEO plugin. -->","yoast_head_json":{"title":"Lakoss\u00e1gi azbesztmentes\u00edt\u00e9si p\u00e1ly\u00e1zat","robots":{"index":"index","follow":"follow","max-snippet":"max-snippet:-1","max-image-preview":"max-image-preview:large","max-video-preview":"max-video-preview:-1"},"canonical":"https:\/\/dorogimedence.hu\/index.php\/2023\/07\/31\/lakossagi-azbesztmentesitesi-palyazat\/","og_locale":"hu_HU","og_type":"article","og_title":"Lakoss\u00e1gi azbesztmentes\u00edt\u00e9si p\u00e1ly\u00e1zat","og_description":"Az NHKV Nemzeti Hullad\u00e9kgazd\u00e1lkod\u00e1si Koordin\u00e1l\u00f3 \u00e9s Vagyonkezel\u0151 Zrt. orsz\u00e1gos azbesztmentes\u00edt\u00e9si p\u00e1ly\u00e1zatot hirdetett lakoss\u00e1gi \u00fcgyfelei r\u00e9sz\u00e9re. P\u00e1ly\u00e1zni 2023. augusztus 4-ig lehet! Az NHKV Zrt. a p\u00e1ly\u00e1zat megval\u00f3s\u00edt\u00e1s\u00e1hoz az Energia\u00fcgyi Miniszt\u00e9riumt\u00f3l kapott t\u00e1mogat\u00e1st a Tiszta Orsz\u00e1g Program keret\u00e9ben. A program a jogszer\u0171 hullad\u00e9klerak\u00e1s t\u00e1mogat\u00e1s\u00e1t, ezzel az illeg\u00e1lis hullad\u00e9klerak\u00e1s megel\u0151z\u00e9s\u00e9t \u00e9s az illeg\u00e1lisan lerakott hullad\u00e9klerak\u00f3k felsz\u00e1mol\u00e1s\u00e1t k\u00edv\u00e1nja el\u00e9rni.","og_url":"https:\/\/dorogimedence.hu\/index.php\/2023\/07\/31\/lakossagi-azbesztmentesitesi-palyazat\/","og_site_name":"Dorogi-medence Region\u00e1lis H\u00edrport\u00e1l","article_publisher":"https:\/\/www.facebook.com\/dorogimedence\/","article_published_time":"2023-07-31T09:35:19+00:00","og_image":[{"width":848,"height":565,"url":"https:\/\/dorogimedence.hu\/wp-content\/uploads\/2023\/07\/122497040_s.jpg","type":"image\/jpeg"}],"author":"dorogimedence.hu","twitter_card":"summary_large_image","twitter_misc":{"Szerz\u0151:":"dorogimedence.hu","Becs\u00fclt olvas\u00e1si id\u0151":"6 perc"},"schema":{"@context":"https:\/\/schema.org","@graph":[{"@type":"Article","@id":"https:\/\/dorogimedence.hu\/index.php\/2023\/07\/31\/lakossagi-azbesztmentesitesi-palyazat\/#article","isPartOf":{"@id":"https:\/\/dorogimedence.hu\/index.php\/2023\/07\/31\/lakossagi-azbesztmentesitesi-palyazat\/"},"author":{"name":"dorogimedence.hu","@id":"https:\/\/dorogimedence.hu\/#\/schema\/person\/ce6091eeb7e95ecdc87890d6aa8e0fd4"},"headline":"Lakoss\u00e1gi azbesztmentes\u00edt\u00e9si p\u00e1ly\u00e1zat","datePublished":"2023-07-31T09:35:19+00:00","mainEntityOfPage":{"@id":"https:\/\/dorogimedence.hu\/index.php\/2023\/07\/31\/lakossagi-azbesztmentesitesi-palyazat\/"},"wordCount":1204,"publisher":{"@id":"https:\/\/dorogimedence.hu\/#organization"},"keywords":["azbeszt","azbesztmentes\u00edt\u00e9s"],"articleSection":["H\u00edrek"],"inLanguage":"hu"},{"@type":"WebPage","@id":"https:\/\/dorogimedence.hu\/index.php\/2023\/07\/31\/lakossagi-azbesztmentesitesi-palyazat\/","url":"https:\/\/dorogimedence.hu\/index.php\/2023\/07\/31\/lakossagi-azbesztmentesitesi-palyazat\/","name":"Lakoss\u00e1gi azbesztmentes\u00edt\u00e9si p\u00e1ly\u00e1zat","isPartOf":{"@id":"https:\/\/dorogimedence.hu\/#website"},"datePublished":"2023-07-31T09:35:19+00:00","breadcrumb":{"@id":"https:\/\/dorogimedence.hu\/index.php\/2023\/07\/31\/lakossagi-azbesztmentesitesi-palyazat\/#breadcrumb"},"inLanguage":"hu","potentialAction":[{"@type":"ReadAction","target":["https:\/\/dorogimedence.hu\/index.php\/2023\/07\/31\/lakossagi-azbesztmentesitesi-palyazat\/"]}]},{"@type":"BreadcrumbList","@id":"https:\/\/dorogimedence.hu\/index.php\/2023\/07\/31\/lakossagi-azbesztmentesitesi-palyazat\/#breadcrumb","itemListElement":[{"@type":"ListItem","position":1,"name":"Kezd\u0151lap","item":"https:\/\/dorogimedence.hu\/"},{"@type":"ListItem","position":2,"name":"Lakoss\u00e1gi azbesztmentes\u00edt\u00e9si p\u00e1ly\u00e1zat"}]},{"@type":"WebSite","@id":"https:\/\/dorogimedence.hu\/#website","url":"https:\/\/dorogimedence.hu\/","name":"Dorogi-medence Region\u00e1lis H\u00edrport\u00e1l","description":"Dorog, Keszt\u00f6lc, Le\u00e1nyv\u00e1r, Piliscs\u00e9v, Tokod, Tokodalt\u00e1r\u00f3, Csolnok, Esztergom-kertv\u00e1ros: h\u00edrek, programok","publisher":{"@id":"https:\/\/dorogimedence.hu\/#organization"},"potentialAction":[{"@type":"SearchAction","target":{"@type":"EntryPoint","urlTemplate":"https:\/\/dorogimedence.hu\/?s={search_term_string}"},"query-input":{"@type":"PropertyValueSpecification","valueRequired":true,"valueName":"search_term_string"}}],"inLanguage":"hu"},{"@type":"Organization","@id":"https:\/\/dorogimedence.hu\/#organization","name":"Dorogi-medence Region\u00e1lis H\u00edrport\u00e1l","url":"https:\/\/dorogimedence.hu\/","logo":{"@type":"ImageObject","inLanguage":"hu","@id":"https:\/\/dorogimedence.hu\/#\/schema\/logo\/image\/","url":"https:\/\/dorogimedence.hu\/wp-content\/uploads\/2021\/04\/logo-feher-600.png","contentUrl":"https:\/\/dorogimedence.hu\/wp-content\/uploads\/2021\/04\/logo-feher-600.png","width":600,"height":100,"caption":"Dorogi-medence Region\u00e1lis H\u00edrport\u00e1l"},"image":{"@id":"https:\/\/dorogimedence.hu\/#\/schema\/logo\/image\/"},"sameAs":["https:\/\/www.facebook.com\/dorogimedence\/"]},{"@type":"Person","@id":"https:\/\/dorogimedence.hu\/#\/schema\/person\/ce6091eeb7e95ecdc87890d6aa8e0fd4","name":"dorogimedence.hu","image":{"@type":"ImageObject","inLanguage":"hu","@id":"\/\/www.gravatar.com\/avatar\/d8d45f8901aadff40a4af72c0b826f1d?s=96&#038;r=g&#038;d=mm","url":"\/\/www.gravatar.com\/avatar\/d8d45f8901aadff40a4af72c0b826f1d?s=96&#038;r=g&#038;d=mm","contentUrl":"\/\/www.gravatar.com\/avatar\/d8d45f8901aadff40a4af72c0b826f1d?s=96&#038;r=g&#038;d=mm","caption":"dorogimedence.hu"}}]}},"_links":{"self":[{"href":"https:\/\/dorogimedence.hu\/index.php\/wp-json\/wp\/v2\/posts\/55103","targetHints":{"allow":["GET"]}}],"collection":[{"href":"https:\/\/dorogimedence.hu\/index.php\/wp-json\/wp\/v2\/posts"}],"about":[{"href":"https:\/\/dorogimedence.hu\/index.php\/wp-json\/wp\/v2\/types\/post"}],"author":[{"embeddable":true,"href":"https:\/\/dorogimedence.hu\/index.php\/wp-json\/wp\/v2\/users\/1"}],"replies":[{"embeddable":true,"href":"https:\/\/dorogimedence.hu\/index.php\/wp-json\/wp\/v2\/comments?post=55103"}],"version-history":[{"count":0,"href":"https:\/\/dorogimedence.hu\/index.php\/wp-json\/wp\/v2\/posts\/55103\/revisions"}],"wp:attachment":[{"href":"https:\/\/dorogimedence.hu\/index.php\/wp-json\/wp\/v2\/media?parent=55103"}],"wp:term":[{"taxonomy":"category","embeddable":true,"href":"https:\/\/dorogimedence.hu\/index.php\/wp-json\/wp\/v2\/categories?post=55103"},{"taxonomy":"post_tag","embeddable":true,"href":"https:\/\/dorogimedence.hu\/index.php\/wp-json\/wp\/v2\/tags?post=55103"}],"curies":[{"name":"wp","href":"https:\/\/api.w.org\/{rel}","templated":true}]}}