{"id":5503,"date":"2017-09-09T11:17:59","date_gmt":"2017-09-09T09:17:59","guid":{"rendered":"http:\/\/dorogimedence.hu\/?p=5503"},"modified":"2017-09-09T11:17:59","modified_gmt":"2017-09-09T09:17:59","slug":"a-futballpalyarol-a-sportigazgatoi-szekbe","status":"publish","type":"post","link":"https:\/\/dorogimedence.hu\/index.php\/2017\/09\/09\/a-futballpalyarol-a-sportigazgatoi-szekbe\/","title":{"rendered":"A futballp\u00e1ly\u00e1r\u00f3l a sportigazgat\u00f3i sz\u00e9kbe"},"content":{"rendered":"<p><strong>Tizenk\u00e9t \u00e9v ciprusi l\u00e9gi\u00f3skod\u00e1s ut\u00e1n hazat\u00e9rt Magyarorsz\u00e1gra Terj\u00e9k Lajos, \u00e9s r\u00f6gt\u00f6n munk\u00e1t kapott, a labdar\u00fag\u00f3 NB II-ben szerepl\u0151 Dorogi FC sportigazgat\u00f3ja lett.<\/strong><\/p>\n<p>Terj\u00e9k <a href=\"http:\/\/www.nemzetisport.hu\/legiosok\/terjek-lajos-a-tehetsegem-megvolt-a-megfelelo-intelligencia-nem-2397699\" target=\"_blank\" rel=\"noopener\"><span style=\"text-decoration: underline; color: #0000ff;\">k\u00e9t \u00e9s f\u00e9l \u00e9vvel ezel\u0151tt m\u00e9g azt mondta, hogy nem sz\u00edvesen j\u00f6nne haza<\/span><\/a>, az \u00e9let azonban k\u00f6zbesz\u00f3lt, a kor\u00e1bbi csat\u00e1r boldogan v\u00e1llalt munk\u00e1t a magyar futballban.<\/p>\n<p><em>\u201eNy\u00e1ron fejeztem be profi labdar\u00fag\u00f3-p\u00e1lyafut\u00e1somat, utols\u00f3 csapatom a ciprusi harmadik lig\u00e1s Vriszoulesz volt, ahol azonban m\u00e1r csak levezet\u00e9sk\u00e9nt futballoztam <\/em>\u2013 id\u00e9zte fel a Nemzeti Sport Online-nak a 36 esztend\u0151s <strong>Terj\u00e9k Lajos,<\/strong> aki itthon nevel\u0151egyes\u00fclet\u00e9ben, az \u00dajpestben, valamint a Videotonban \u00e9s Ny\u00edregyh\u00e1z\u00e1n is szerepelt, m\u00edg Izraelben egy, Cipruson t\u00f6bb csapatban j\u00e1tszott.<em> \u2013 Az akt\u00edv futball mellett m\u00e1r k\u00e9sz\u00fcltem a sportvezet\u0151i l\u00e9tre \u2013 az edz\u0151i p\u00e1lya viszont nem vonzott \u2013, az UEFA \u00e1ltal elfogadott sportvezet\u0151i szakot elv\u00e9geztem a ciprusi egyetemen. Ha most Cipruson maradtam volna, akkor lehet, hogy j\u00e1tszom m\u00e9g egy \u00e9vet, de m\u00e1r nem sok motiv\u00e1ci\u00f3t tal\u00e1ltam j\u00e1t\u00e9kosk\u00e9nt, m\u00edg sportvezet\u0151k\u00e9nt nem ott k\u00e9pzeltem el a j\u00f6v\u0151met.\u201d<\/em><\/p>\n<p>Ez pedig meg is val\u00f3sult, Terj\u00e9ket megkereste Mayer L\u00e1szl\u00f3, a Dorogi FC eln\u00f6ke, hogy sportigazgat\u00f3k\u00e9nt sz\u00e1m\u00edtana r\u00e1. Az el\u00f6lj\u00e1r\u00f3 egy plusz k\u00e9t \u00e9ves szerz\u0151d\u00e9st aj\u00e1nlott Terj\u00e9k Lajosnak, aki \u00f6r\u00f6mmel fogadta el az aj\u00e1nlatot.<\/p>\n<p><em>\u201eNagyon tetszettek azok az elk\u00e9pzel\u00e9sek, amelyeket az eln\u00f6k \u00far felv\u00e1zolt <\/em>\u2013 folytatta Terj\u00e9k. \u2013 <em>A klubnak sz\u00fcks\u00e9ge volt egy olyan emberre, mint amilyen \u00e9n vagyok. Feladatk\u00f6r\u00f6m a labdar\u00fag\u00f3k fejl\u0151d\u00e9s\u00e9nek el\u0151seg\u00edt\u00e9se mellett egy gazdas\u00e1gilag is biztos l\u00e1bakon \u00e1ll\u00f3 \u00e9s eredm\u00e9nyes klub \u00e9p\u00edt\u00e9se lesz, amely er\u0151s NB II-es csapatnak mondhatja majd mag\u00e1t. \u00c1lomszer\u0171, hogy profi p\u00e1lyafut\u00e1som befejez\u00e9se ut\u00e1n r\u00f6gt\u00f6n munk\u00e1t kaptam a magyar futballban, boldogan t\u00e9rtem haza, \u00e9s motiv\u00e1ltan v\u00e1rom a kih\u00edv\u00e1st!\u201d<\/em><\/p>\n<p><em><strong>A <a href=\"http:\/\/www.dorogifc.hu\/hu\/news\/bemutatkozik_az_uj_sportigazgato__terjek_lajos\" target=\"_blank\" rel=\"noopener\"><span style=\"text-decoration: underline; color: #0000ff;\">Dorogi FC honlapj\u00e1n<\/span><\/a> elolvashatjuk Terj\u00e9k Lajos bemutatkoz\u00f3j\u00e1t!<\/strong><\/em><\/p>\n<p><em>Forr\u00e1s: nemzetisport.hu<\/em><br \/>\n<em>Fot\u00f3: dorogifc.hu<\/em><\/p>\n","protected":false},"excerpt":{"rendered":"<p>Tizenk\u00e9t \u00e9v ciprusi l\u00e9gi\u00f3skod\u00e1s ut\u00e1n hazat\u00e9rt Magyarorsz\u00e1gra Terj\u00e9k Lajos, \u00e9s r\u00f6gt\u00f6n munk\u00e1t kapott, a labdar\u00fag\u00f3 NB II-ben szerepl\u0151 Dorogi FC sportigazgat\u00f3ja lett. Terj\u00e9k k\u00e9t \u00e9s f\u00e9l \u00e9vvel ezel\u0151tt m\u00e9g azt mondta, hogy nem sz\u00edvesen j\u00f6nne haza, az \u00e9let azonban k\u00f6zbesz\u00f3lt, a kor\u00e1bbi csat\u00e1r boldogan v\u00e1llalt munk\u00e1t a magyar futballban. \u201eNy\u00e1ron fejeztem be profi labdar\u00fag\u00f3-p\u00e1lyafut\u00e1somat, utols\u00f3<\/p>\n","protected":false},"author":1,"featured_media":5504,"comment_status":"closed","ping_status":"closed","sticky":false,"template":"","format":"standard","meta":{"ngg_post_thumbnail":0,"footnotes":""},"categories":[2,3,5],"tags":[15,37,70,69,72,263,1506,1505],"class_list":{"0":"post-5503","1":"post","2":"type-post","3":"status-publish","4":"format-standard","5":"has-post-thumbnail","7":"category-dorog","8":"category-hirek","9":"category-sport","10":"tag-dorog","11":"tag-dorogi-fc","12":"tag-foci","13":"tag-futball","14":"tag-labdarugas","15":"tag-nb-ii","16":"tag-sportigazgato","17":"tag-terjek-lajos"},"yoast_head":"<!-- This site is optimized with the Yoast SEO plugin v27.5 - https:\/\/yoast.com\/product\/yoast-seo-wordpress\/ -->\n<title>A futballp\u00e1ly\u00e1r\u00f3l a sportigazgat\u00f3i sz\u00e9kbe<\/title>\n<meta name=\"robots\" content=\"index, follow, max-snippet:-1, max-image-preview:large, max-video-preview:-1\" \/>\n<link rel=\"canonical\" href=\"https:\/\/dorogimedence.hu\/index.php\/2017\/09\/09\/a-futballpalyarol-a-sportigazgatoi-szekbe\/\" class=\"yoast-seo-meta-tag\" \/>\n<meta property=\"og:locale\" content=\"hu_HU\" class=\"yoast-seo-meta-tag\" \/>\n<meta property=\"og:type\" content=\"article\" class=\"yoast-seo-meta-tag\" \/>\n<meta property=\"og:title\" content=\"A futballp\u00e1ly\u00e1r\u00f3l a sportigazgat\u00f3i sz\u00e9kbe\" class=\"yoast-seo-meta-tag\" \/>\n<meta property=\"og:description\" content=\"Tizenk\u00e9t \u00e9v ciprusi l\u00e9gi\u00f3skod\u00e1s ut\u00e1n hazat\u00e9rt Magyarorsz\u00e1gra Terj\u00e9k Lajos, \u00e9s r\u00f6gt\u00f6n munk\u00e1t kapott, a labdar\u00fag\u00f3 NB II-ben szerepl\u0151 Dorogi FC sportigazgat\u00f3ja lett. Terj\u00e9k k\u00e9t \u00e9s f\u00e9l \u00e9vvel ezel\u0151tt m\u00e9g azt mondta, hogy nem sz\u00edvesen j\u00f6nne haza, az \u00e9let azonban k\u00f6zbesz\u00f3lt, a kor\u00e1bbi csat\u00e1r boldogan v\u00e1llalt munk\u00e1t a magyar futballban. \u201eNy\u00e1ron fejeztem be profi labdar\u00fag\u00f3-p\u00e1lyafut\u00e1somat, utols\u00f3\" class=\"yoast-seo-meta-tag\" \/>\n<meta property=\"og:url\" content=\"https:\/\/dorogimedence.hu\/index.php\/2017\/09\/09\/a-futballpalyarol-a-sportigazgatoi-szekbe\/\" class=\"yoast-seo-meta-tag\" \/>\n<meta property=\"og:site_name\" content=\"Dorogi-medence Region\u00e1lis H\u00edrport\u00e1l\" class=\"yoast-seo-meta-tag\" \/>\n<meta property=\"article:publisher\" content=\"https:\/\/www.facebook.com\/dorogimedence\/\" class=\"yoast-seo-meta-tag\" \/>\n<meta property=\"article:published_time\" content=\"2017-09-09T09:17:59+00:00\" class=\"yoast-seo-meta-tag\" \/>\n<meta property=\"og:image\" content=\"https:\/\/i0.wp.com\/dorogimedence.hu\/wp-content\/uploads\/2017\/09\/terjek-lajos.jpg?fit=670%2C365&ssl=1\" class=\"yoast-seo-meta-tag\" \/>\n\t<meta property=\"og:image:width\" content=\"670\" class=\"yoast-seo-meta-tag\" \/>\n\t<meta property=\"og:image:height\" content=\"365\" class=\"yoast-seo-meta-tag\" \/>\n\t<meta property=\"og:image:type\" content=\"image\/jpeg\" class=\"yoast-seo-meta-tag\" \/>\n<meta name=\"author\" content=\"dorogimedence.hu\" class=\"yoast-seo-meta-tag\" \/>\n<meta name=\"twitter:card\" content=\"summary_large_image\" class=\"yoast-seo-meta-tag\" \/>\n<meta name=\"twitter:label1\" content=\"Szerz\u0151:\" class=\"yoast-seo-meta-tag\" \/>\n\t<meta name=\"twitter:data1\" content=\"dorogimedence.hu\" class=\"yoast-seo-meta-tag\" \/>\n\t<meta name=\"twitter:label2\" content=\"Becs\u00fclt olvas\u00e1si id\u0151\" class=\"yoast-seo-meta-tag\" \/>\n\t<meta name=\"twitter:data2\" content=\"2 perc\" class=\"yoast-seo-meta-tag\" \/>\n<script type=\"application\/ld+json\" class=\"yoast-schema-graph\">{\"@context\":\"https:\\\/\\\/schema.org\",\"@graph\":[{\"@type\":\"Article\",\"@id\":\"https:\\\/\\\/dorogimedence.hu\\\/index.php\\\/2017\\\/09\\\/09\\\/a-futballpalyarol-a-sportigazgatoi-szekbe\\\/#article\",\"isPartOf\":{\"@id\":\"https:\\\/\\\/dorogimedence.hu\\\/index.php\\\/2017\\\/09\\\/09\\\/a-futballpalyarol-a-sportigazgatoi-szekbe\\\/\"},\"author\":{\"name\":\"dorogimedence.hu\",\"@id\":\"https:\\\/\\\/dorogimedence.hu\\\/#\\\/schema\\\/person\\\/ce6091eeb7e95ecdc87890d6aa8e0fd4\"},\"headline\":\"A futballp\u00e1ly\u00e1r\u00f3l a sportigazgat\u00f3i sz\u00e9kbe\",\"datePublished\":\"2017-09-09T09:17:59+00:00\",\"mainEntityOfPage\":{\"@id\":\"https:\\\/\\\/dorogimedence.hu\\\/index.php\\\/2017\\\/09\\\/09\\\/a-futballpalyarol-a-sportigazgatoi-szekbe\\\/\"},\"wordCount\":404,\"publisher\":{\"@id\":\"https:\\\/\\\/dorogimedence.hu\\\/#organization\"},\"image\":{\"@id\":\"https:\\\/\\\/dorogimedence.hu\\\/index.php\\\/2017\\\/09\\\/09\\\/a-futballpalyarol-a-sportigazgatoi-szekbe\\\/#primaryimage\"},\"thumbnailUrl\":\"https:\\\/\\\/dorogimedence.hu\\\/wp-content\\\/uploads\\\/2017\\\/09\\\/terjek-lajos.jpg\",\"keywords\":[\"Dorog\",\"Dorogi FC\",\"foci\",\"futball\",\"labdar\u00fag\u00e1s\",\"NB II\",\"sportigazgat\u00f3\",\"Terj\u00e9k Lajos\"],\"articleSection\":[\"Dorog\",\"H\u00edrek\",\"Sport\"],\"inLanguage\":\"hu\"},{\"@type\":\"WebPage\",\"@id\":\"https:\\\/\\\/dorogimedence.hu\\\/index.php\\\/2017\\\/09\\\/09\\\/a-futballpalyarol-a-sportigazgatoi-szekbe\\\/\",\"url\":\"https:\\\/\\\/dorogimedence.hu\\\/index.php\\\/2017\\\/09\\\/09\\\/a-futballpalyarol-a-sportigazgatoi-szekbe\\\/\",\"name\":\"A futballp\u00e1ly\u00e1r\u00f3l a sportigazgat\u00f3i sz\u00e9kbe\",\"isPartOf\":{\"@id\":\"https:\\\/\\\/dorogimedence.hu\\\/#website\"},\"primaryImageOfPage\":{\"@id\":\"https:\\\/\\\/dorogimedence.hu\\\/index.php\\\/2017\\\/09\\\/09\\\/a-futballpalyarol-a-sportigazgatoi-szekbe\\\/#primaryimage\"},\"image\":{\"@id\":\"https:\\\/\\\/dorogimedence.hu\\\/index.php\\\/2017\\\/09\\\/09\\\/a-futballpalyarol-a-sportigazgatoi-szekbe\\\/#primaryimage\"},\"thumbnailUrl\":\"https:\\\/\\\/dorogimedence.hu\\\/wp-content\\\/uploads\\\/2017\\\/09\\\/terjek-lajos.jpg\",\"datePublished\":\"2017-09-09T09:17:59+00:00\",\"breadcrumb\":{\"@id\":\"https:\\\/\\\/dorogimedence.hu\\\/index.php\\\/2017\\\/09\\\/09\\\/a-futballpalyarol-a-sportigazgatoi-szekbe\\\/#breadcrumb\"},\"inLanguage\":\"hu\",\"potentialAction\":[{\"@type\":\"ReadAction\",\"target\":[\"https:\\\/\\\/dorogimedence.hu\\\/index.php\\\/2017\\\/09\\\/09\\\/a-futballpalyarol-a-sportigazgatoi-szekbe\\\/\"]}]},{\"@type\":\"ImageObject\",\"inLanguage\":\"hu\",\"@id\":\"https:\\\/\\\/dorogimedence.hu\\\/index.php\\\/2017\\\/09\\\/09\\\/a-futballpalyarol-a-sportigazgatoi-szekbe\\\/#primaryimage\",\"url\":\"https:\\\/\\\/dorogimedence.hu\\\/wp-content\\\/uploads\\\/2017\\\/09\\\/terjek-lajos.jpg\",\"contentUrl\":\"https:\\\/\\\/dorogimedence.hu\\\/wp-content\\\/uploads\\\/2017\\\/09\\\/terjek-lajos.jpg\",\"width\":670,\"height\":365},{\"@type\":\"BreadcrumbList\",\"@id\":\"https:\\\/\\\/dorogimedence.hu\\\/index.php\\\/2017\\\/09\\\/09\\\/a-futballpalyarol-a-sportigazgatoi-szekbe\\\/#breadcrumb\",\"itemListElement\":[{\"@type\":\"ListItem\",\"position\":1,\"name\":\"Kezd\u0151lap\",\"item\":\"https:\\\/\\\/dorogimedence.hu\\\/\"},{\"@type\":\"ListItem\",\"position\":2,\"name\":\"A futballp\u00e1ly\u00e1r\u00f3l a sportigazgat\u00f3i sz\u00e9kbe\"}]},{\"@type\":\"WebSite\",\"@id\":\"https:\\\/\\\/dorogimedence.hu\\\/#website\",\"url\":\"https:\\\/\\\/dorogimedence.hu\\\/\",\"name\":\"Dorogi-medence Region\u00e1lis H\u00edrport\u00e1l\",\"description\":\"Dorog, Keszt\u00f6lc, Le\u00e1nyv\u00e1r, Piliscs\u00e9v, Tokod, Tokodalt\u00e1r\u00f3, Csolnok, Esztergom-kertv\u00e1ros: h\u00edrek, programok\",\"publisher\":{\"@id\":\"https:\\\/\\\/dorogimedence.hu\\\/#organization\"},\"potentialAction\":[{\"@type\":\"SearchAction\",\"target\":{\"@type\":\"EntryPoint\",\"urlTemplate\":\"https:\\\/\\\/dorogimedence.hu\\\/?s={search_term_string}\"},\"query-input\":{\"@type\":\"PropertyValueSpecification\",\"valueRequired\":true,\"valueName\":\"search_term_string\"}}],\"inLanguage\":\"hu\"},{\"@type\":\"Organization\",\"@id\":\"https:\\\/\\\/dorogimedence.hu\\\/#organization\",\"name\":\"Dorogi-medence Region\u00e1lis H\u00edrport\u00e1l\",\"url\":\"https:\\\/\\\/dorogimedence.hu\\\/\",\"logo\":{\"@type\":\"ImageObject\",\"inLanguage\":\"hu\",\"@id\":\"https:\\\/\\\/dorogimedence.hu\\\/#\\\/schema\\\/logo\\\/image\\\/\",\"url\":\"https:\\\/\\\/dorogimedence.hu\\\/wp-content\\\/uploads\\\/2021\\\/04\\\/logo-feher-600.png\",\"contentUrl\":\"https:\\\/\\\/dorogimedence.hu\\\/wp-content\\\/uploads\\\/2021\\\/04\\\/logo-feher-600.png\",\"width\":600,\"height\":100,\"caption\":\"Dorogi-medence Region\u00e1lis H\u00edrport\u00e1l\"},\"image\":{\"@id\":\"https:\\\/\\\/dorogimedence.hu\\\/#\\\/schema\\\/logo\\\/image\\\/\"},\"sameAs\":[\"https:\\\/\\\/www.facebook.com\\\/dorogimedence\\\/\"]},{\"@type\":\"Person\",\"@id\":\"https:\\\/\\\/dorogimedence.hu\\\/#\\\/schema\\\/person\\\/ce6091eeb7e95ecdc87890d6aa8e0fd4\",\"name\":\"dorogimedence.hu\",\"image\":{\"@type\":\"ImageObject\",\"inLanguage\":\"hu\",\"@id\":\"\\\/\\\/www.gravatar.com\\\/avatar\\\/d8d45f8901aadff40a4af72c0b826f1d?s=96&#038;r=g&#038;d=mm\",\"url\":\"\\\/\\\/www.gravatar.com\\\/avatar\\\/d8d45f8901aadff40a4af72c0b826f1d?s=96&#038;r=g&#038;d=mm\",\"contentUrl\":\"\\\/\\\/www.gravatar.com\\\/avatar\\\/d8d45f8901aadff40a4af72c0b826f1d?s=96&#038;r=g&#038;d=mm\",\"caption\":\"dorogimedence.hu\"}}]}<\/script>\n<!-- \/ Yoast SEO plugin. -->","yoast_head_json":{"title":"A futballp\u00e1ly\u00e1r\u00f3l a sportigazgat\u00f3i sz\u00e9kbe","robots":{"index":"index","follow":"follow","max-snippet":"max-snippet:-1","max-image-preview":"max-image-preview:large","max-video-preview":"max-video-preview:-1"},"canonical":"https:\/\/dorogimedence.hu\/index.php\/2017\/09\/09\/a-futballpalyarol-a-sportigazgatoi-szekbe\/","og_locale":"hu_HU","og_type":"article","og_title":"A futballp\u00e1ly\u00e1r\u00f3l a sportigazgat\u00f3i sz\u00e9kbe","og_description":"Tizenk\u00e9t \u00e9v ciprusi l\u00e9gi\u00f3skod\u00e1s ut\u00e1n hazat\u00e9rt Magyarorsz\u00e1gra Terj\u00e9k Lajos, \u00e9s r\u00f6gt\u00f6n munk\u00e1t kapott, a labdar\u00fag\u00f3 NB II-ben szerepl\u0151 Dorogi FC sportigazgat\u00f3ja lett. Terj\u00e9k k\u00e9t \u00e9s f\u00e9l \u00e9vvel ezel\u0151tt m\u00e9g azt mondta, hogy nem sz\u00edvesen j\u00f6nne haza, az \u00e9let azonban k\u00f6zbesz\u00f3lt, a kor\u00e1bbi csat\u00e1r boldogan v\u00e1llalt munk\u00e1t a magyar futballban. \u201eNy\u00e1ron fejeztem be profi labdar\u00fag\u00f3-p\u00e1lyafut\u00e1somat, utols\u00f3","og_url":"https:\/\/dorogimedence.hu\/index.php\/2017\/09\/09\/a-futballpalyarol-a-sportigazgatoi-szekbe\/","og_site_name":"Dorogi-medence Region\u00e1lis H\u00edrport\u00e1l","article_publisher":"https:\/\/www.facebook.com\/dorogimedence\/","article_published_time":"2017-09-09T09:17:59+00:00","og_image":[{"width":670,"height":365,"url":"https:\/\/i0.wp.com\/dorogimedence.hu\/wp-content\/uploads\/2017\/09\/terjek-lajos.jpg?fit=670%2C365&ssl=1","type":"image\/jpeg"}],"author":"dorogimedence.hu","twitter_card":"summary_large_image","twitter_misc":{"Szerz\u0151:":"dorogimedence.hu","Becs\u00fclt olvas\u00e1si id\u0151":"2 perc"},"schema":{"@context":"https:\/\/schema.org","@graph":[{"@type":"Article","@id":"https:\/\/dorogimedence.hu\/index.php\/2017\/09\/09\/a-futballpalyarol-a-sportigazgatoi-szekbe\/#article","isPartOf":{"@id":"https:\/\/dorogimedence.hu\/index.php\/2017\/09\/09\/a-futballpalyarol-a-sportigazgatoi-szekbe\/"},"author":{"name":"dorogimedence.hu","@id":"https:\/\/dorogimedence.hu\/#\/schema\/person\/ce6091eeb7e95ecdc87890d6aa8e0fd4"},"headline":"A futballp\u00e1ly\u00e1r\u00f3l a sportigazgat\u00f3i sz\u00e9kbe","datePublished":"2017-09-09T09:17:59+00:00","mainEntityOfPage":{"@id":"https:\/\/dorogimedence.hu\/index.php\/2017\/09\/09\/a-futballpalyarol-a-sportigazgatoi-szekbe\/"},"wordCount":404,"publisher":{"@id":"https:\/\/dorogimedence.hu\/#organization"},"image":{"@id":"https:\/\/dorogimedence.hu\/index.php\/2017\/09\/09\/a-futballpalyarol-a-sportigazgatoi-szekbe\/#primaryimage"},"thumbnailUrl":"https:\/\/dorogimedence.hu\/wp-content\/uploads\/2017\/09\/terjek-lajos.jpg","keywords":["Dorog","Dorogi FC","foci","futball","labdar\u00fag\u00e1s","NB II","sportigazgat\u00f3","Terj\u00e9k Lajos"],"articleSection":["Dorog","H\u00edrek","Sport"],"inLanguage":"hu"},{"@type":"WebPage","@id":"https:\/\/dorogimedence.hu\/index.php\/2017\/09\/09\/a-futballpalyarol-a-sportigazgatoi-szekbe\/","url":"https:\/\/dorogimedence.hu\/index.php\/2017\/09\/09\/a-futballpalyarol-a-sportigazgatoi-szekbe\/","name":"A futballp\u00e1ly\u00e1r\u00f3l a sportigazgat\u00f3i sz\u00e9kbe","isPartOf":{"@id":"https:\/\/dorogimedence.hu\/#website"},"primaryImageOfPage":{"@id":"https:\/\/dorogimedence.hu\/index.php\/2017\/09\/09\/a-futballpalyarol-a-sportigazgatoi-szekbe\/#primaryimage"},"image":{"@id":"https:\/\/dorogimedence.hu\/index.php\/2017\/09\/09\/a-futballpalyarol-a-sportigazgatoi-szekbe\/#primaryimage"},"thumbnailUrl":"https:\/\/dorogimedence.hu\/wp-content\/uploads\/2017\/09\/terjek-lajos.jpg","datePublished":"2017-09-09T09:17:59+00:00","breadcrumb":{"@id":"https:\/\/dorogimedence.hu\/index.php\/2017\/09\/09\/a-futballpalyarol-a-sportigazgatoi-szekbe\/#breadcrumb"},"inLanguage":"hu","potentialAction":[{"@type":"ReadAction","target":["https:\/\/dorogimedence.hu\/index.php\/2017\/09\/09\/a-futballpalyarol-a-sportigazgatoi-szekbe\/"]}]},{"@type":"ImageObject","inLanguage":"hu","@id":"https:\/\/dorogimedence.hu\/index.php\/2017\/09\/09\/a-futballpalyarol-a-sportigazgatoi-szekbe\/#primaryimage","url":"https:\/\/dorogimedence.hu\/wp-content\/uploads\/2017\/09\/terjek-lajos.jpg","contentUrl":"https:\/\/dorogimedence.hu\/wp-content\/uploads\/2017\/09\/terjek-lajos.jpg","width":670,"height":365},{"@type":"BreadcrumbList","@id":"https:\/\/dorogimedence.hu\/index.php\/2017\/09\/09\/a-futballpalyarol-a-sportigazgatoi-szekbe\/#breadcrumb","itemListElement":[{"@type":"ListItem","position":1,"name":"Kezd\u0151lap","item":"https:\/\/dorogimedence.hu\/"},{"@type":"ListItem","position":2,"name":"A futballp\u00e1ly\u00e1r\u00f3l a sportigazgat\u00f3i sz\u00e9kbe"}]},{"@type":"WebSite","@id":"https:\/\/dorogimedence.hu\/#website","url":"https:\/\/dorogimedence.hu\/","name":"Dorogi-medence Region\u00e1lis H\u00edrport\u00e1l","description":"Dorog, Keszt\u00f6lc, Le\u00e1nyv\u00e1r, Piliscs\u00e9v, Tokod, Tokodalt\u00e1r\u00f3, Csolnok, Esztergom-kertv\u00e1ros: h\u00edrek, programok","publisher":{"@id":"https:\/\/dorogimedence.hu\/#organization"},"potentialAction":[{"@type":"SearchAction","target":{"@type":"EntryPoint","urlTemplate":"https:\/\/dorogimedence.hu\/?s={search_term_string}"},"query-input":{"@type":"PropertyValueSpecification","valueRequired":true,"valueName":"search_term_string"}}],"inLanguage":"hu"},{"@type":"Organization","@id":"https:\/\/dorogimedence.hu\/#organization","name":"Dorogi-medence Region\u00e1lis H\u00edrport\u00e1l","url":"https:\/\/dorogimedence.hu\/","logo":{"@type":"ImageObject","inLanguage":"hu","@id":"https:\/\/dorogimedence.hu\/#\/schema\/logo\/image\/","url":"https:\/\/dorogimedence.hu\/wp-content\/uploads\/2021\/04\/logo-feher-600.png","contentUrl":"https:\/\/dorogimedence.hu\/wp-content\/uploads\/2021\/04\/logo-feher-600.png","width":600,"height":100,"caption":"Dorogi-medence Region\u00e1lis H\u00edrport\u00e1l"},"image":{"@id":"https:\/\/dorogimedence.hu\/#\/schema\/logo\/image\/"},"sameAs":["https:\/\/www.facebook.com\/dorogimedence\/"]},{"@type":"Person","@id":"https:\/\/dorogimedence.hu\/#\/schema\/person\/ce6091eeb7e95ecdc87890d6aa8e0fd4","name":"dorogimedence.hu","image":{"@type":"ImageObject","inLanguage":"hu","@id":"\/\/www.gravatar.com\/avatar\/d8d45f8901aadff40a4af72c0b826f1d?s=96&#038;r=g&#038;d=mm","url":"\/\/www.gravatar.com\/avatar\/d8d45f8901aadff40a4af72c0b826f1d?s=96&#038;r=g&#038;d=mm","contentUrl":"\/\/www.gravatar.com\/avatar\/d8d45f8901aadff40a4af72c0b826f1d?s=96&#038;r=g&#038;d=mm","caption":"dorogimedence.hu"}}]}},"_links":{"self":[{"href":"https:\/\/dorogimedence.hu\/index.php\/wp-json\/wp\/v2\/posts\/5503","targetHints":{"allow":["GET"]}}],"collection":[{"href":"https:\/\/dorogimedence.hu\/index.php\/wp-json\/wp\/v2\/posts"}],"about":[{"href":"https:\/\/dorogimedence.hu\/index.php\/wp-json\/wp\/v2\/types\/post"}],"author":[{"embeddable":true,"href":"https:\/\/dorogimedence.hu\/index.php\/wp-json\/wp\/v2\/users\/1"}],"replies":[{"embeddable":true,"href":"https:\/\/dorogimedence.hu\/index.php\/wp-json\/wp\/v2\/comments?post=5503"}],"version-history":[{"count":0,"href":"https:\/\/dorogimedence.hu\/index.php\/wp-json\/wp\/v2\/posts\/5503\/revisions"}],"wp:featuredmedia":[{"embeddable":true,"href":"https:\/\/dorogimedence.hu\/index.php\/wp-json\/wp\/v2\/media\/5504"}],"wp:attachment":[{"href":"https:\/\/dorogimedence.hu\/index.php\/wp-json\/wp\/v2\/media?parent=5503"}],"wp:term":[{"taxonomy":"category","embeddable":true,"href":"https:\/\/dorogimedence.hu\/index.php\/wp-json\/wp\/v2\/categories?post=5503"},{"taxonomy":"post_tag","embeddable":true,"href":"https:\/\/dorogimedence.hu\/index.php\/wp-json\/wp\/v2\/tags?post=5503"}],"curies":[{"name":"wp","href":"https:\/\/api.w.org\/{rel}","templated":true}]}}