{"id":55002,"date":"2023-07-24T12:17:51","date_gmt":"2023-07-24T10:17:51","guid":{"rendered":"https:\/\/dorogimedence.hu\/?p=55002"},"modified":"2023-07-24T12:17:51","modified_gmt":"2023-07-24T10:17:51","slug":"uj-jatekosok-a-dorogi-fc-nel-2","status":"publish","type":"post","link":"https:\/\/dorogimedence.hu\/index.php\/2023\/07\/24\/uj-jatekosok-a-dorogi-fc-nel-2\/","title":{"rendered":"\u00daj j\u00e1t\u00e9kosok a Dorogi FC-n\u00e9l"},"content":{"rendered":"<p><strong>J\u00falius utols\u00f3 h\u00e9tv\u00e9g\u00e9j\u00e9n kezd\u0151dik a labdar\u00fag\u00f3 NB III-as bajnoks\u00e1g. J\u00falius 29-\u00e9n, szombaton 13 \u00f3rakor az <a href=\"https:\/\/adatbank.mlsz.hu\/club\/61\/0\/27587\/1\/265040.html\" target=\"_blank\" rel=\"noopener\"><span style=\"text-decoration: underline; color: #0000ff;\">\u00c9szak-Nyugati csoport<\/span><\/a> els\u0151 fordul\u00f3j\u00e1ban a ZTE FC II-vel m\u00e9rk\u0151znek meg a dorogiak a zalaegerszegi ZTE Ar\u00e9n\u00e1ban. Cikk\u00fcnkben kigy\u0171jt\u00f6tt\u00fck a Dorogi FC \u00faj j\u00e1t\u00e9kosait!<\/strong><\/p>\n<p>Miut\u00e1n Dorog V\u00e1ros \u00d6nkorm\u00e1nyzata szerepet v\u00e1llalt a Dorogi FC feln\u0151tt csapat\u00e1nak m\u0171k\u00f6dtet\u00e9s\u00e9ben, a tov\u00e1bbiakban <strong>Bl\u00e1zsik Ferencet<\/strong> b\u00edzta meg a <strong>szakmai vezet\u00e9s<\/strong> feladataival, valamint az <strong>\u00faj vezet\u0151edz\u0151, Bek\u0151 Bal\u00e1zs<\/strong> ir\u00e1ny\u00edt\u00e1s\u00e1val v\u00e1g neki a bajnoks\u00e1gnak az imm\u00e1ron NB3-as csapat. A csapat kerete is nagy m\u00e9rt\u00e9kben \u00e1talakult, igaz, t\u00f6bb kor\u00e1bbi j\u00e1t\u00e9kos is a k\u00f6z\u00f6s folytat\u00e1s mellett d\u00f6nt\u00f6tt.<\/p>\n<p><strong>Balla M\u00e1ty\u00e1s:<\/strong> a 21 \u00e9ves k\u00f6z\u00e9pp\u00e1ly\u00e1s Szand\u00e1n kezdte p\u00e1lyafut\u00e1s\u00e1t, ahonnan a DVSC akad\u00e9mi\u00e1j\u00e1ra ker\u00fclt. A Debrecenben t\u00f6lt\u00f6tt h\u00e9t szezon alatt h\u00e1rom alkalommal a m\u00e1sodoszt\u00e1ly\u00fa csapat kerettagja is volt, de a 2020-2021-es szezont\u00f3l rendszeresen szerepelt az NB3-as csapatban is. A m\u00f6g\u00f6tt\u00fcnk l\u00e9v\u0151 id\u00e9nyben a B\u00e9k\u00e9scsaba \u00e9s Hajd\u00faszoboszl\u00f3 mez\u00e9ben is szerzett harmadoszt\u00e1ly\u00fa tapasztalatokat, \u00f6sszesen harminc m\u00e9rk\u0151z\u00e9sen l\u00e9pett p\u00e1ly\u00e1ra.&nbsp;<\/p>\n<p><strong>Ferk\u00f3 \u00c1d\u00e1m:<\/strong> a 30 \u00e9ves v\u00e9dekez\u0151 k\u00f6z\u00e9pp\u00e1ly\u00e1s Buda\u00f6rsr\u0151l \u00e9rkezett Dorogra, ahol a legut\u00f3bbi szezonban alapembernek sz\u00e1m\u00edtott. \u00c1d\u00e1m Esztergomban kezdte p\u00e1lyafut\u00e1s\u00e1t, majd a Vasashoz ker\u00fclt, ahol j\u00e1tszott az NB2-es, \u00e9s az NB3-as csapatban is. 2013-ban Buda\u00f6rsre szerz\u0151d\u00f6tt, majd 2017-t\u0151l \u00f6t \u00e9ven \u00e1t a harmadoszt\u00e1ly\u00fa BKV El\u0151re j\u00e1t\u00e9kosa volt.<\/p>\n<p><strong>Forg\u00f3 Gerg\u0151:<\/strong> a 2004-es sz\u00fclet\u00e9s\u0171 j\u00e1t\u00e9kos a Feh\u00e9rv\u00e1r FC-t\u0151l \u00e9rkezett Dorogra, j\u00e1t\u00e9k\u00e1ra a szakmai st\u00e1b legink\u00e1bb a v\u00e9delem jobb oldal\u00e1n sz\u00e1m\u00edthat. \u00daj szerzem\u00e9ny\u00fck ut\u00e1np\u00f3tl\u00e1s \u00e9veit Sz\u00e9kesfeh\u00e9rv\u00e1ron t\u00f6lt\u00f6tte, \u00e9s ugyanitt kapott lehet\u0151s\u00e9get el\u0151sz\u0151r a feln\u0151tt labdar\u00fag\u00e1sban is az NB3-as csapatban 2021-t\u0151l.<\/p>\n<p><strong>Hoszpod\u00e1r Bence:<\/strong> a 21 \u00e9ves j\u00e1t\u00e9kos, aki posztj\u00e1t tekintve v\u00e9d\u0151, \u00e9s v\u00e9dekez\u0151 k\u00f6z\u00e9pp\u00e1ly\u00e1s poz\u00edci\u00f3ban egyar\u00e1nt bevehet\u0151 Sz\u00e1ron ismerkedett meg a labdar\u00fag\u00e1s alapjaival, ahol t\u00f6bb, mint 10 \u00e9vet t\u00f6lt\u00f6tt el a k\u00fcl\u00f6nb\u00f6z\u0151 ut\u00e1np\u00f3tl\u00e1s koroszt\u00e1lyokban. 2020-ban az NB3-as Tatab\u00e1nya j\u00e1t\u00e9kosa lett, ahonnan k\u00e9t szezon ut\u00e1n Buda\u00f6rsre v\u00e1ltott. A legut\u00f3bbi bajnoki id\u00e9nyben 35 alkalommal jutott j\u00e1t\u00e9klehet\u0151s\u00e9ghez bajnoki \u00e9s kupam\u00e9rk\u0151z\u00e9seken.<\/p>\n<p>Barna Gerg\u0151, L\u00e9n\u00e1rth Tam\u00e1s, V\u00edgh \u00c1d\u00e1m, Szerencsi Mikl\u00f3s, Tulip\u00e1n \u00c1kos, Papp M\u00e1t\u00e9, Nagyh\u00e1zi D\u00e1vid, Berk\u00f3 \u00c1d\u00e1m \u00e9s Ferk\u00f3 M\u00e1t\u00e9 tov\u00e1bbra is a Dorogi FC-n\u00e9l folytatja p\u00e1lyafut\u00e1s\u00e1t. Mindemellett a Dorogi FC saj\u00e1t ut\u00e1np\u00f3tl\u00e1s\u00e1b\u00f3l kaptak kor\u00e1bban is lehet\u0151s\u00e9get a bizony\u00edt\u00e1sra azok a fiatal tehets\u00e9gek, akik most m\u00e1r biztosan az NB3-as keret tagjai lesznek az aktu\u00e1lis id\u00e9nyben: Bel\u00e1nyi Bal\u00e1zs kapus az elm\u00falt szezont Kom\u00e1romban, m\u00edg Harmat Zsombor Zs\u00e1mb\u00e9kon t\u00f6lt\u00f6tte.<\/p>\n<p>A sportol\u00f3kr\u00f3l b\u0151vebben a <a href=\"http:\/\/dorogifc.hu\" target=\"_blank\" rel=\"noopener\"><span style=\"text-decoration: underline; color: #0000ff;\">Dorogi FC honlapj\u00e1n<\/span><\/a> olvashatnak!<\/p>\n","protected":false},"excerpt":{"rendered":"<p>J\u00falius utols\u00f3 h\u00e9tv\u00e9g\u00e9j\u00e9n kezd\u0151dik a labdar\u00fag\u00f3 NB III-as bajnoks\u00e1g. J\u00falius 29-\u00e9n, szombaton 13 \u00f3rakor az \u00c9szak-Nyugati csoport els\u0151 fordul\u00f3j\u00e1ban a ZTE FC II-vel m\u00e9rk\u0151znek meg a dorogiak a zalaegerszegi ZTE Ar\u00e9n\u00e1ban. Cikk\u00fcnkben kigy\u0171jt\u00f6tt\u00fck a Dorogi FC \u00faj j\u00e1t\u00e9kosait! Miut\u00e1n Dorog V\u00e1ros \u00d6nkorm\u00e1nyzata szerepet v\u00e1llalt a Dorogi FC feln\u0151tt csapat\u00e1nak m\u0171k\u00f6dtet\u00e9s\u00e9ben, a tov\u00e1bbiakban Bl\u00e1zsik Ferencet b\u00edzta<\/p>\n","protected":false},"author":1,"featured_media":44596,"comment_status":"closed","ping_status":"closed","sticky":false,"template":"","format":"standard","meta":{"ngg_post_thumbnail":0,"footnotes":""},"categories":[2,3,5],"tags":[15,37,70,69,72,7311,16],"class_list":{"0":"post-55002","1":"post","2":"type-post","3":"status-publish","4":"format-standard","5":"has-post-thumbnail","7":"category-dorog","8":"category-hirek","9":"category-sport","10":"tag-dorog","11":"tag-dorogi-fc","12":"tag-foci","13":"tag-futball","14":"tag-labdarugas","15":"tag-nb-iii","16":"tag-sport"},"yoast_head":"<!-- This site is optimized with the Yoast SEO plugin v27.5 - https:\/\/yoast.com\/product\/yoast-seo-wordpress\/ -->\n<title>\u00daj j\u00e1t\u00e9kosok a Dorogi FC-n\u00e9l<\/title>\n<meta name=\"robots\" content=\"index, follow, max-snippet:-1, max-image-preview:large, max-video-preview:-1\" \/>\n<link rel=\"canonical\" href=\"https:\/\/dorogimedence.hu\/index.php\/2023\/07\/24\/uj-jatekosok-a-dorogi-fc-nel-2\/\" class=\"yoast-seo-meta-tag\" \/>\n<meta property=\"og:locale\" content=\"hu_HU\" class=\"yoast-seo-meta-tag\" \/>\n<meta property=\"og:type\" content=\"article\" class=\"yoast-seo-meta-tag\" \/>\n<meta property=\"og:title\" content=\"\u00daj j\u00e1t\u00e9kosok a Dorogi FC-n\u00e9l\" class=\"yoast-seo-meta-tag\" \/>\n<meta property=\"og:description\" content=\"J\u00falius utols\u00f3 h\u00e9tv\u00e9g\u00e9j\u00e9n kezd\u0151dik a labdar\u00fag\u00f3 NB III-as bajnoks\u00e1g. J\u00falius 29-\u00e9n, szombaton 13 \u00f3rakor az \u00c9szak-Nyugati csoport els\u0151 fordul\u00f3j\u00e1ban a ZTE FC II-vel m\u00e9rk\u0151znek meg a dorogiak a zalaegerszegi ZTE Ar\u00e9n\u00e1ban. Cikk\u00fcnkben kigy\u0171jt\u00f6tt\u00fck a Dorogi FC \u00faj j\u00e1t\u00e9kosait! Miut\u00e1n Dorog V\u00e1ros \u00d6nkorm\u00e1nyzata szerepet v\u00e1llalt a Dorogi FC feln\u0151tt csapat\u00e1nak m\u0171k\u00f6dtet\u00e9s\u00e9ben, a tov\u00e1bbiakban Bl\u00e1zsik Ferencet b\u00edzta\" class=\"yoast-seo-meta-tag\" \/>\n<meta property=\"og:url\" content=\"https:\/\/dorogimedence.hu\/index.php\/2023\/07\/24\/uj-jatekosok-a-dorogi-fc-nel-2\/\" class=\"yoast-seo-meta-tag\" \/>\n<meta property=\"og:site_name\" content=\"Dorogi-medence Region\u00e1lis H\u00edrport\u00e1l\" class=\"yoast-seo-meta-tag\" \/>\n<meta property=\"article:publisher\" content=\"https:\/\/www.facebook.com\/dorogimedence\/\" class=\"yoast-seo-meta-tag\" \/>\n<meta property=\"article:published_time\" content=\"2023-07-24T10:17:51+00:00\" class=\"yoast-seo-meta-tag\" \/>\n<meta property=\"og:image\" content=\"https:\/\/dorogimedence.hu\/wp-content\/uploads\/2022\/07\/focilabda.jpg\" class=\"yoast-seo-meta-tag\" \/>\n\t<meta property=\"og:image:width\" content=\"1920\" class=\"yoast-seo-meta-tag\" \/>\n\t<meta property=\"og:image:height\" content=\"1161\" class=\"yoast-seo-meta-tag\" \/>\n\t<meta property=\"og:image:type\" content=\"image\/jpeg\" class=\"yoast-seo-meta-tag\" \/>\n<meta name=\"author\" content=\"dorogimedence.hu\" class=\"yoast-seo-meta-tag\" \/>\n<meta name=\"twitter:card\" content=\"summary_large_image\" class=\"yoast-seo-meta-tag\" \/>\n<meta name=\"twitter:label1\" content=\"Szerz\u0151:\" class=\"yoast-seo-meta-tag\" \/>\n\t<meta name=\"twitter:data1\" content=\"dorogimedence.hu\" class=\"yoast-seo-meta-tag\" \/>\n\t<meta name=\"twitter:label2\" content=\"Becs\u00fclt olvas\u00e1si id\u0151\" class=\"yoast-seo-meta-tag\" \/>\n\t<meta name=\"twitter:data2\" content=\"3 perc\" class=\"yoast-seo-meta-tag\" \/>\n<script type=\"application\/ld+json\" class=\"yoast-schema-graph\">{\"@context\":\"https:\\\/\\\/schema.org\",\"@graph\":[{\"@type\":\"Article\",\"@id\":\"https:\\\/\\\/dorogimedence.hu\\\/index.php\\\/2023\\\/07\\\/24\\\/uj-jatekosok-a-dorogi-fc-nel-2\\\/#article\",\"isPartOf\":{\"@id\":\"https:\\\/\\\/dorogimedence.hu\\\/index.php\\\/2023\\\/07\\\/24\\\/uj-jatekosok-a-dorogi-fc-nel-2\\\/\"},\"author\":{\"name\":\"dorogimedence.hu\",\"@id\":\"https:\\\/\\\/dorogimedence.hu\\\/#\\\/schema\\\/person\\\/ce6091eeb7e95ecdc87890d6aa8e0fd4\"},\"headline\":\"\u00daj j\u00e1t\u00e9kosok a Dorogi FC-n\u00e9l\",\"datePublished\":\"2023-07-24T10:17:51+00:00\",\"mainEntityOfPage\":{\"@id\":\"https:\\\/\\\/dorogimedence.hu\\\/index.php\\\/2023\\\/07\\\/24\\\/uj-jatekosok-a-dorogi-fc-nel-2\\\/\"},\"wordCount\":615,\"publisher\":{\"@id\":\"https:\\\/\\\/dorogimedence.hu\\\/#organization\"},\"image\":{\"@id\":\"https:\\\/\\\/dorogimedence.hu\\\/index.php\\\/2023\\\/07\\\/24\\\/uj-jatekosok-a-dorogi-fc-nel-2\\\/#primaryimage\"},\"thumbnailUrl\":\"https:\\\/\\\/dorogimedence.hu\\\/wp-content\\\/uploads\\\/2022\\\/07\\\/focilabda.jpg\",\"keywords\":[\"Dorog\",\"Dorogi FC\",\"foci\",\"futball\",\"labdar\u00fag\u00e1s\",\"NB III\",\"sport\"],\"articleSection\":[\"Dorog\",\"H\u00edrek\",\"Sport\"],\"inLanguage\":\"hu\"},{\"@type\":\"WebPage\",\"@id\":\"https:\\\/\\\/dorogimedence.hu\\\/index.php\\\/2023\\\/07\\\/24\\\/uj-jatekosok-a-dorogi-fc-nel-2\\\/\",\"url\":\"https:\\\/\\\/dorogimedence.hu\\\/index.php\\\/2023\\\/07\\\/24\\\/uj-jatekosok-a-dorogi-fc-nel-2\\\/\",\"name\":\"\u00daj j\u00e1t\u00e9kosok a Dorogi FC-n\u00e9l\",\"isPartOf\":{\"@id\":\"https:\\\/\\\/dorogimedence.hu\\\/#website\"},\"primaryImageOfPage\":{\"@id\":\"https:\\\/\\\/dorogimedence.hu\\\/index.php\\\/2023\\\/07\\\/24\\\/uj-jatekosok-a-dorogi-fc-nel-2\\\/#primaryimage\"},\"image\":{\"@id\":\"https:\\\/\\\/dorogimedence.hu\\\/index.php\\\/2023\\\/07\\\/24\\\/uj-jatekosok-a-dorogi-fc-nel-2\\\/#primaryimage\"},\"thumbnailUrl\":\"https:\\\/\\\/dorogimedence.hu\\\/wp-content\\\/uploads\\\/2022\\\/07\\\/focilabda.jpg\",\"datePublished\":\"2023-07-24T10:17:51+00:00\",\"breadcrumb\":{\"@id\":\"https:\\\/\\\/dorogimedence.hu\\\/index.php\\\/2023\\\/07\\\/24\\\/uj-jatekosok-a-dorogi-fc-nel-2\\\/#breadcrumb\"},\"inLanguage\":\"hu\",\"potentialAction\":[{\"@type\":\"ReadAction\",\"target\":[\"https:\\\/\\\/dorogimedence.hu\\\/index.php\\\/2023\\\/07\\\/24\\\/uj-jatekosok-a-dorogi-fc-nel-2\\\/\"]}]},{\"@type\":\"ImageObject\",\"inLanguage\":\"hu\",\"@id\":\"https:\\\/\\\/dorogimedence.hu\\\/index.php\\\/2023\\\/07\\\/24\\\/uj-jatekosok-a-dorogi-fc-nel-2\\\/#primaryimage\",\"url\":\"https:\\\/\\\/dorogimedence.hu\\\/wp-content\\\/uploads\\\/2022\\\/07\\\/focilabda.jpg\",\"contentUrl\":\"https:\\\/\\\/dorogimedence.hu\\\/wp-content\\\/uploads\\\/2022\\\/07\\\/focilabda.jpg\",\"width\":1920,\"height\":1161},{\"@type\":\"BreadcrumbList\",\"@id\":\"https:\\\/\\\/dorogimedence.hu\\\/index.php\\\/2023\\\/07\\\/24\\\/uj-jatekosok-a-dorogi-fc-nel-2\\\/#breadcrumb\",\"itemListElement\":[{\"@type\":\"ListItem\",\"position\":1,\"name\":\"Kezd\u0151lap\",\"item\":\"https:\\\/\\\/dorogimedence.hu\\\/\"},{\"@type\":\"ListItem\",\"position\":2,\"name\":\"\u00daj j\u00e1t\u00e9kosok a Dorogi FC-n\u00e9l\"}]},{\"@type\":\"WebSite\",\"@id\":\"https:\\\/\\\/dorogimedence.hu\\\/#website\",\"url\":\"https:\\\/\\\/dorogimedence.hu\\\/\",\"name\":\"Dorogi-medence Region\u00e1lis H\u00edrport\u00e1l\",\"description\":\"Dorog, Keszt\u00f6lc, Le\u00e1nyv\u00e1r, Piliscs\u00e9v, Tokod, Tokodalt\u00e1r\u00f3, Csolnok, Esztergom-kertv\u00e1ros: h\u00edrek, programok\",\"publisher\":{\"@id\":\"https:\\\/\\\/dorogimedence.hu\\\/#organization\"},\"potentialAction\":[{\"@type\":\"SearchAction\",\"target\":{\"@type\":\"EntryPoint\",\"urlTemplate\":\"https:\\\/\\\/dorogimedence.hu\\\/?s={search_term_string}\"},\"query-input\":{\"@type\":\"PropertyValueSpecification\",\"valueRequired\":true,\"valueName\":\"search_term_string\"}}],\"inLanguage\":\"hu\"},{\"@type\":\"Organization\",\"@id\":\"https:\\\/\\\/dorogimedence.hu\\\/#organization\",\"name\":\"Dorogi-medence Region\u00e1lis H\u00edrport\u00e1l\",\"url\":\"https:\\\/\\\/dorogimedence.hu\\\/\",\"logo\":{\"@type\":\"ImageObject\",\"inLanguage\":\"hu\",\"@id\":\"https:\\\/\\\/dorogimedence.hu\\\/#\\\/schema\\\/logo\\\/image\\\/\",\"url\":\"https:\\\/\\\/dorogimedence.hu\\\/wp-content\\\/uploads\\\/2021\\\/04\\\/logo-feher-600.png\",\"contentUrl\":\"https:\\\/\\\/dorogimedence.hu\\\/wp-content\\\/uploads\\\/2021\\\/04\\\/logo-feher-600.png\",\"width\":600,\"height\":100,\"caption\":\"Dorogi-medence Region\u00e1lis H\u00edrport\u00e1l\"},\"image\":{\"@id\":\"https:\\\/\\\/dorogimedence.hu\\\/#\\\/schema\\\/logo\\\/image\\\/\"},\"sameAs\":[\"https:\\\/\\\/www.facebook.com\\\/dorogimedence\\\/\"]},{\"@type\":\"Person\",\"@id\":\"https:\\\/\\\/dorogimedence.hu\\\/#\\\/schema\\\/person\\\/ce6091eeb7e95ecdc87890d6aa8e0fd4\",\"name\":\"dorogimedence.hu\",\"image\":{\"@type\":\"ImageObject\",\"inLanguage\":\"hu\",\"@id\":\"\\\/\\\/www.gravatar.com\\\/avatar\\\/d8d45f8901aadff40a4af72c0b826f1d?s=96&#038;r=g&#038;d=mm\",\"url\":\"\\\/\\\/www.gravatar.com\\\/avatar\\\/d8d45f8901aadff40a4af72c0b826f1d?s=96&#038;r=g&#038;d=mm\",\"contentUrl\":\"\\\/\\\/www.gravatar.com\\\/avatar\\\/d8d45f8901aadff40a4af72c0b826f1d?s=96&#038;r=g&#038;d=mm\",\"caption\":\"dorogimedence.hu\"}}]}<\/script>\n<!-- \/ Yoast SEO plugin. -->","yoast_head_json":{"title":"\u00daj j\u00e1t\u00e9kosok a Dorogi FC-n\u00e9l","robots":{"index":"index","follow":"follow","max-snippet":"max-snippet:-1","max-image-preview":"max-image-preview:large","max-video-preview":"max-video-preview:-1"},"canonical":"https:\/\/dorogimedence.hu\/index.php\/2023\/07\/24\/uj-jatekosok-a-dorogi-fc-nel-2\/","og_locale":"hu_HU","og_type":"article","og_title":"\u00daj j\u00e1t\u00e9kosok a Dorogi FC-n\u00e9l","og_description":"J\u00falius utols\u00f3 h\u00e9tv\u00e9g\u00e9j\u00e9n kezd\u0151dik a labdar\u00fag\u00f3 NB III-as bajnoks\u00e1g. J\u00falius 29-\u00e9n, szombaton 13 \u00f3rakor az \u00c9szak-Nyugati csoport els\u0151 fordul\u00f3j\u00e1ban a ZTE FC II-vel m\u00e9rk\u0151znek meg a dorogiak a zalaegerszegi ZTE Ar\u00e9n\u00e1ban. Cikk\u00fcnkben kigy\u0171jt\u00f6tt\u00fck a Dorogi FC \u00faj j\u00e1t\u00e9kosait! Miut\u00e1n Dorog V\u00e1ros \u00d6nkorm\u00e1nyzata szerepet v\u00e1llalt a Dorogi FC feln\u0151tt csapat\u00e1nak m\u0171k\u00f6dtet\u00e9s\u00e9ben, a tov\u00e1bbiakban Bl\u00e1zsik Ferencet b\u00edzta","og_url":"https:\/\/dorogimedence.hu\/index.php\/2023\/07\/24\/uj-jatekosok-a-dorogi-fc-nel-2\/","og_site_name":"Dorogi-medence Region\u00e1lis H\u00edrport\u00e1l","article_publisher":"https:\/\/www.facebook.com\/dorogimedence\/","article_published_time":"2023-07-24T10:17:51+00:00","og_image":[{"width":1920,"height":1161,"url":"https:\/\/dorogimedence.hu\/wp-content\/uploads\/2022\/07\/focilabda.jpg","type":"image\/jpeg"}],"author":"dorogimedence.hu","twitter_card":"summary_large_image","twitter_misc":{"Szerz\u0151:":"dorogimedence.hu","Becs\u00fclt olvas\u00e1si id\u0151":"3 perc"},"schema":{"@context":"https:\/\/schema.org","@graph":[{"@type":"Article","@id":"https:\/\/dorogimedence.hu\/index.php\/2023\/07\/24\/uj-jatekosok-a-dorogi-fc-nel-2\/#article","isPartOf":{"@id":"https:\/\/dorogimedence.hu\/index.php\/2023\/07\/24\/uj-jatekosok-a-dorogi-fc-nel-2\/"},"author":{"name":"dorogimedence.hu","@id":"https:\/\/dorogimedence.hu\/#\/schema\/person\/ce6091eeb7e95ecdc87890d6aa8e0fd4"},"headline":"\u00daj j\u00e1t\u00e9kosok a Dorogi FC-n\u00e9l","datePublished":"2023-07-24T10:17:51+00:00","mainEntityOfPage":{"@id":"https:\/\/dorogimedence.hu\/index.php\/2023\/07\/24\/uj-jatekosok-a-dorogi-fc-nel-2\/"},"wordCount":615,"publisher":{"@id":"https:\/\/dorogimedence.hu\/#organization"},"image":{"@id":"https:\/\/dorogimedence.hu\/index.php\/2023\/07\/24\/uj-jatekosok-a-dorogi-fc-nel-2\/#primaryimage"},"thumbnailUrl":"https:\/\/dorogimedence.hu\/wp-content\/uploads\/2022\/07\/focilabda.jpg","keywords":["Dorog","Dorogi FC","foci","futball","labdar\u00fag\u00e1s","NB III","sport"],"articleSection":["Dorog","H\u00edrek","Sport"],"inLanguage":"hu"},{"@type":"WebPage","@id":"https:\/\/dorogimedence.hu\/index.php\/2023\/07\/24\/uj-jatekosok-a-dorogi-fc-nel-2\/","url":"https:\/\/dorogimedence.hu\/index.php\/2023\/07\/24\/uj-jatekosok-a-dorogi-fc-nel-2\/","name":"\u00daj j\u00e1t\u00e9kosok a Dorogi FC-n\u00e9l","isPartOf":{"@id":"https:\/\/dorogimedence.hu\/#website"},"primaryImageOfPage":{"@id":"https:\/\/dorogimedence.hu\/index.php\/2023\/07\/24\/uj-jatekosok-a-dorogi-fc-nel-2\/#primaryimage"},"image":{"@id":"https:\/\/dorogimedence.hu\/index.php\/2023\/07\/24\/uj-jatekosok-a-dorogi-fc-nel-2\/#primaryimage"},"thumbnailUrl":"https:\/\/dorogimedence.hu\/wp-content\/uploads\/2022\/07\/focilabda.jpg","datePublished":"2023-07-24T10:17:51+00:00","breadcrumb":{"@id":"https:\/\/dorogimedence.hu\/index.php\/2023\/07\/24\/uj-jatekosok-a-dorogi-fc-nel-2\/#breadcrumb"},"inLanguage":"hu","potentialAction":[{"@type":"ReadAction","target":["https:\/\/dorogimedence.hu\/index.php\/2023\/07\/24\/uj-jatekosok-a-dorogi-fc-nel-2\/"]}]},{"@type":"ImageObject","inLanguage":"hu","@id":"https:\/\/dorogimedence.hu\/index.php\/2023\/07\/24\/uj-jatekosok-a-dorogi-fc-nel-2\/#primaryimage","url":"https:\/\/dorogimedence.hu\/wp-content\/uploads\/2022\/07\/focilabda.jpg","contentUrl":"https:\/\/dorogimedence.hu\/wp-content\/uploads\/2022\/07\/focilabda.jpg","width":1920,"height":1161},{"@type":"BreadcrumbList","@id":"https:\/\/dorogimedence.hu\/index.php\/2023\/07\/24\/uj-jatekosok-a-dorogi-fc-nel-2\/#breadcrumb","itemListElement":[{"@type":"ListItem","position":1,"name":"Kezd\u0151lap","item":"https:\/\/dorogimedence.hu\/"},{"@type":"ListItem","position":2,"name":"\u00daj j\u00e1t\u00e9kosok a Dorogi FC-n\u00e9l"}]},{"@type":"WebSite","@id":"https:\/\/dorogimedence.hu\/#website","url":"https:\/\/dorogimedence.hu\/","name":"Dorogi-medence Region\u00e1lis H\u00edrport\u00e1l","description":"Dorog, Keszt\u00f6lc, Le\u00e1nyv\u00e1r, Piliscs\u00e9v, Tokod, Tokodalt\u00e1r\u00f3, Csolnok, Esztergom-kertv\u00e1ros: h\u00edrek, programok","publisher":{"@id":"https:\/\/dorogimedence.hu\/#organization"},"potentialAction":[{"@type":"SearchAction","target":{"@type":"EntryPoint","urlTemplate":"https:\/\/dorogimedence.hu\/?s={search_term_string}"},"query-input":{"@type":"PropertyValueSpecification","valueRequired":true,"valueName":"search_term_string"}}],"inLanguage":"hu"},{"@type":"Organization","@id":"https:\/\/dorogimedence.hu\/#organization","name":"Dorogi-medence Region\u00e1lis H\u00edrport\u00e1l","url":"https:\/\/dorogimedence.hu\/","logo":{"@type":"ImageObject","inLanguage":"hu","@id":"https:\/\/dorogimedence.hu\/#\/schema\/logo\/image\/","url":"https:\/\/dorogimedence.hu\/wp-content\/uploads\/2021\/04\/logo-feher-600.png","contentUrl":"https:\/\/dorogimedence.hu\/wp-content\/uploads\/2021\/04\/logo-feher-600.png","width":600,"height":100,"caption":"Dorogi-medence Region\u00e1lis H\u00edrport\u00e1l"},"image":{"@id":"https:\/\/dorogimedence.hu\/#\/schema\/logo\/image\/"},"sameAs":["https:\/\/www.facebook.com\/dorogimedence\/"]},{"@type":"Person","@id":"https:\/\/dorogimedence.hu\/#\/schema\/person\/ce6091eeb7e95ecdc87890d6aa8e0fd4","name":"dorogimedence.hu","image":{"@type":"ImageObject","inLanguage":"hu","@id":"\/\/www.gravatar.com\/avatar\/d8d45f8901aadff40a4af72c0b826f1d?s=96&#038;r=g&#038;d=mm","url":"\/\/www.gravatar.com\/avatar\/d8d45f8901aadff40a4af72c0b826f1d?s=96&#038;r=g&#038;d=mm","contentUrl":"\/\/www.gravatar.com\/avatar\/d8d45f8901aadff40a4af72c0b826f1d?s=96&#038;r=g&#038;d=mm","caption":"dorogimedence.hu"}}]}},"_links":{"self":[{"href":"https:\/\/dorogimedence.hu\/index.php\/wp-json\/wp\/v2\/posts\/55002","targetHints":{"allow":["GET"]}}],"collection":[{"href":"https:\/\/dorogimedence.hu\/index.php\/wp-json\/wp\/v2\/posts"}],"about":[{"href":"https:\/\/dorogimedence.hu\/index.php\/wp-json\/wp\/v2\/types\/post"}],"author":[{"embeddable":true,"href":"https:\/\/dorogimedence.hu\/index.php\/wp-json\/wp\/v2\/users\/1"}],"replies":[{"embeddable":true,"href":"https:\/\/dorogimedence.hu\/index.php\/wp-json\/wp\/v2\/comments?post=55002"}],"version-history":[{"count":0,"href":"https:\/\/dorogimedence.hu\/index.php\/wp-json\/wp\/v2\/posts\/55002\/revisions"}],"wp:featuredmedia":[{"embeddable":true,"href":"https:\/\/dorogimedence.hu\/index.php\/wp-json\/wp\/v2\/media\/44596"}],"wp:attachment":[{"href":"https:\/\/dorogimedence.hu\/index.php\/wp-json\/wp\/v2\/media?parent=55002"}],"wp:term":[{"taxonomy":"category","embeddable":true,"href":"https:\/\/dorogimedence.hu\/index.php\/wp-json\/wp\/v2\/categories?post=55002"},{"taxonomy":"post_tag","embeddable":true,"href":"https:\/\/dorogimedence.hu\/index.php\/wp-json\/wp\/v2\/tags?post=55002"}],"curies":[{"name":"wp","href":"https:\/\/api.w.org\/{rel}","templated":true}]}}