{"id":54869,"date":"2023-07-19T11:33:09","date_gmt":"2023-07-19T09:33:09","guid":{"rendered":"https:\/\/dorogimedence.hu\/?p=54869"},"modified":"2023-07-19T11:33:09","modified_gmt":"2023-07-19T09:33:09","slug":"eletregenyek-olvasoi-izles-kell-e-allami-elismeres","status":"publish","type":"post","link":"https:\/\/dorogimedence.hu\/index.php\/2023\/07\/19\/eletregenyek-olvasoi-izles-kell-e-allami-elismeres\/","title":{"rendered":"\u00c9letreg\u00e9nyek \u2013 olvas\u00f3i \u00edzl\u00e9s \u2013 kell-e \u00e1llami elismer\u00e9s?"},"content":{"rendered":"<p><strong>A dorogi \u00edr\u00f3val, Cseleny\u00e1k Imr\u00e9vel az \u00faj k\u00f6nyv\u00e9r\u0151l \u00e9s a munk\u00e1ss\u00e1g\u00e1r\u00f3l besz\u00e9lgett\u00fcnk.<\/strong><\/p>\n<p><strong>\u2212 Legut\u00f3bbi \u00e9letrajzi reg\u00e9nye az idei k\u00f6nyvh\u00e9ten jelent meg \u201e<a href=\"https:\/\/dorogimedence.hu\/index.php\/2023\/06\/08\/az-igazi-petofit-irta-meg-cselenyak-imre\/\" target=\"_blank\" rel=\"noopener\"><span style=\"text-decoration: underline; color: #0000ff;\">Eliramlik az \u00e9let<\/span><\/a>\u201d c\u00edmmel. Pet\u0151fi S\u00e1ndor r\u00f6vid, de mozgalmas \u00e9let\u00e9t ismerheti meg bel\u0151le az olvas\u00f3, kicsit m\u00e1sk\u00e9pp, id\u0151nk\u00e9t tabukat is d\u00f6nt\u00f6getve. Milyen a fogadtat\u00e1sa ennek az \u201eigazi Pet\u0151finek\u201d?<\/strong><\/p>\n<p>\u2212 Nagyon korai m\u00e9g err\u0151l besz\u00e9lni. Az olvas\u00f3k csup\u00e1n a k\u00f6nyvbeszerz\u00e9s id\u0151szak\u00e1t \u00e9lik. Most kezdik \u00e9szlelni, hogy \u00e9n is vettem a b\u00e1tors\u00e1got egy Pet\u0151fi \u201ev\u00e1ltozat\u201d meg\u00edr\u00e1s\u00e1ra. Ann\u00e1l meglep\u0151bb, hogy kort\u00e1rsak, \u00fajs\u00e1g\u00edr\u00f3k, bloggerek egym\u00e1s ut\u00e1n keresnek meg. Azt tudom elmondani, amit nekik is nyilatkoztam: \u00e9n azt r\u00f6gz\u00edtettem, ami a megannyi eredeti dokumentumb\u00f3l kit\u0171nik. A k\u00f6lt\u0151 kebel\u00e9ben megf\u00e9rtek az egym\u00e1ssal ellent\u00e9tes, kett\u0151s \u00e9rz\u00e9sek: egyr\u00e9szt ugyanis meggy\u0151z\u0151d\u00e9ssel vallotta az egyenl\u0151s\u00e9g, testv\u00e9ris\u00e9g elv\u00e9t, ugyanakkor arisztokrata feles\u00e9g ut\u00e1n \u00e1csing\u00f3zott. Pet\u0151fi egyetlen pillanat alatt szerelmes tudott lenni, s a megc\u00e9lzott h\u00f6lgynek m\u00e9g a csillagokat is le akarta hozni az \u00e9gr\u0151l. T\u00f6bbnyire azonban csak a sz\u00e1ja j\u00e1rt, mert amikor komolyra fordult a dolog, legt\u00f6bbsz\u00f6r megh\u00e1tr\u00e1lt vagy tett valami \u00e9rthetetlen dolgot. P\u00e9ld\u00e1ul miut\u00e1n Erd\u0151d\u00f6n h\u00e1zass\u00e1got \u00edg\u00e9rt J\u00fali\u00e1nak, hazafel\u00e9 j\u00f6vet Debrecenben percek alatt beleszeretett Prielle Korn\u00e9lia sz\u00edn\u00e9szn\u0151be, nyomban meg is k\u00e9rte a kez\u00e9t, s csup\u00e1n amiatt nem lett bel\u0151le h\u00e1zass\u00e1g, mert nem tal\u00e1lt papot, aki \u00f6sszeeskette volna \u0151ket. Nos, ebb\u0151l a k\u00e9t kiragadott p\u00e9ld\u00e1b\u00f3l tal\u00e1n kivil\u00e1glik, mif\u00e9le szellemi \u00e9s lelki be\u00e1ll\u00edtotts\u00e1g\u00fa ember lehetett a J\u00e1nos vit\u00e9z k\u00f6lt\u0151je.<\/p>\n<p><img fetchpriority=\"high\" decoding=\"async\" class=\"alignnone size-full wp-image-54872\" src=\"https:\/\/dorogimedence.hu\/wp-content\/uploads\/2023\/07\/361678659_1013017119857423_938741342607047_n-scaled.jpg\" alt=\"\" width=\"1807\" height=\"2560\" srcset=\"https:\/\/dorogimedence.hu\/wp-content\/uploads\/2023\/07\/361678659_1013017119857423_938741342607047_n-scaled.jpg 1807w, https:\/\/dorogimedence.hu\/wp-content\/uploads\/2023\/07\/361678659_1013017119857423_938741342607047_n-424x600.jpg 424w, https:\/\/dorogimedence.hu\/wp-content\/uploads\/2023\/07\/361678659_1013017119857423_938741342607047_n-1356x1920.jpg 1356w, https:\/\/dorogimedence.hu\/wp-content\/uploads\/2023\/07\/361678659_1013017119857423_938741342607047_n-768x1088.jpg 768w, https:\/\/dorogimedence.hu\/wp-content\/uploads\/2023\/07\/361678659_1013017119857423_938741342607047_n-1084x1536.jpg 1084w, https:\/\/dorogimedence.hu\/wp-content\/uploads\/2023\/07\/361678659_1013017119857423_938741342607047_n-1446x2048.jpg 1446w, https:\/\/dorogimedence.hu\/wp-content\/uploads\/2023\/07\/361678659_1013017119857423_938741342607047_n-150x212.jpg 150w, https:\/\/dorogimedence.hu\/wp-content\/uploads\/2023\/07\/361678659_1013017119857423_938741342607047_n-450x637.jpg 450w, https:\/\/dorogimedence.hu\/wp-content\/uploads\/2023\/07\/361678659_1013017119857423_938741342607047_n-1200x1700.jpg 1200w\" sizes=\"(max-width: 1807px) 100vw, 1807px\" \/><\/p>\n<p><strong>\u2212 El\u0151z\u0151leg Arany J\u00e1nost dolgozta fel hasonl\u00f3 \u00fajszer\u0171 st\u00edlusban. Mit jelent ez \u00e9s mi\u00e9rt d\u00f6nt\u00f6tt \u00e9pp \u0151mellette s mi\u00e9rt ebben az \u00e9letreg\u00e9ny form\u00e1ban?<\/strong><\/p>\n<p>\u2212 A v\u00e1laszomat er\u0151sen \u00e1rnyalnom kell, hiszen amikor Arany J\u00e1nos \u00e9let\u00e9nek kutat\u00e1s\u00e1t elkezdtem, nem l\u00e1ttam \u0151n\u00e1la messzebbre. Arany volt eg\u00e9sz eddigi m\u0171v\u00e9szetem alf\u00e1ja-omeg\u00e1ja. \u00c9s emellett \u0151 a szel\u00edd alkot\u00f3, az ide\u00e1lis szellem, a halhatatlan b\u00f6lcs. K\u00edn\u00e1lta mag\u00e1t a lehet\u0151s\u00e9g, hogy a prec\u00edz monogr\u00e1fi\u00e1t sz\u00e9p-elbesz\u00e9l\u00e9s form\u00e1j\u00e1ba \u00fcltessem. Ahogyan ezt m\u00e1r Irving Stone is sikerrel alkalmazta. Egy c\u00e9l lebegett a szeme el\u0151tt: az olvas\u00f3 ismerje meg mag\u00e1t a szeretetrem\u00e9lt\u00f3, kedves embert, aki p\u00f3tolhatatlan m\u0171veket hagyott az ut\u00f3korra. S hogy \u00fagy mondjam, bej\u00f6tt. Ezt Pet\u0151fi eset\u00e9ben bajosan tehettem volna, mert \u0151t a v\u00e9rm\u00e9rs\u00e9klete, lobban\u00e9konys\u00e1ga ebben megg\u00e1tolta. Kurta \u00e9let\u00e9nek utols\u00f3 \u00e9veiben Arany J\u00e1noson \u00e9s Bem t\u00e1bornokon k\u00edv\u00fcl mindenkit mag\u00e1ra harag\u00edtott. B\u00e1r emiatt \u00e9n m\u00e9gis tudom szeretni.<\/p>\n<p><strong>\u2212 Az Arany sikere sz\u00fclte azt\u00e1n a t\u00f6bbit \u2013 a magyar irodalom fontos alkot\u00f3inak ilyen form\u00e1ban val\u00f3 feldolgoz\u00e1s\u00e1t \u2212 Tin\u00f3dit, J\u00f3zsef Attil\u00e1t, \u00e9s a m\u00e1r eml\u00edtett Pet\u0151fi S\u00e1ndort?<\/strong><\/p>\n<p>\u2212 Ezt \u00edgy el tudom fogadni, hozz\u00e1t\u00e9ve: semmik\u00e9pp nem \u00e1llt sz\u00e1nd\u00e9komban m\u00e9g egy Arany atmoszf\u00e9r\u00e1t teremteni. Teh\u00e1t valamennyi k\u00f6nyvem m\u00e1s hangon mes\u00e9l. Mintha nem is ugyanaz az \u00edr\u00f3 \u00edrta volna meg. Az \u201e\u00c1ldott az a b\u00f6lcs\u0151\u201d tizenkilencedik sz\u00e1zadi t\u00f3nusban sz\u00f3l, m\u00falt id\u0151ben, egyest sz\u00e1m harmadik szem\u00e9lyben. A \u201eHej, Tin\u00f3di!\u201d a k\u00f6z\u00e9pkor grammatik\u00e1j\u00e1hoz alkalmazkodik, a lantos \u00e9let\u00e9t egyes sz\u00e1m els\u0151 szem\u00e9lyben mag\u00e1t\u00f3l a dalnokt\u00f3l, az \u0151 \u00e1rad\u00f3 elbesz\u00e9l\u00e9se \u00e1ltal tudjuk meg. Olvas\u00f3im k\u00f6z\u00fcl m\u00e9g senki sem panaszkodott arra, hogy ezt az archaikus nyelvet nem \u00e9rti meg. Tudniillik \u00fagy m\u00f3doltam ki, hogy m\u00e1r az els\u0151 lapokon meg lehessen tanulni ezt az idi\u00f3m\u00e1t. \u00c9rdemesnek tarom megeml\u00edteni, hogy a Pet\u0151fimnek rengeteg a vet\u00e9lyt\u00e1rsa, tavaly \u00e9s id\u00e9n ilyen-olyan form\u00e1ban legal\u00e1bb t\u00edz r\u00f3la sz\u00f3l k\u00f6tet jelent meg. Teh\u00e1t k\u00fczdenie kell a poz\u00edci\u00f3\u00e9rt. \u00c9s el\u00e1rulom, hogy meg sem akartam \u00edrni, bar\u00e1ti unszol\u00e1sra \u00fcltem neki. A 2017-ben megjelent Aranyam szirtk\u00e9nt emelkedett ki az eml\u00e9kez\u00e9s tengerb\u0151l, nem akarta \u0151t m\u00e1r senki feldolgozni, hozz\u00e1 m\u00e9g ilyen m\u00e9lys\u00e9gben \u00e9s autentikusan. Imm\u00e1r a legn\u00e9pszer\u0171bb valamennyi Arany J\u00e1nos \u00e9let\u00e9vel foglalkoz\u00f3 m\u0171vek k\u00f6z\u00fcl. Ugyanez mondhat\u00f3 el a Tin\u00f3dir\u00f3l is. Tal\u00e1n szer\u00e9nytelens\u00e9g n\u00e9lk\u00fcl kimondhatom, Arany J\u00e1nos \u00e9s Tin\u00f3di Lantos Sebesty\u00e9n \u00e9nr\u00e1m v\u00e1rt. \u00c9s fontos k\u00f6nyvek lettek. Ezzel rem\u00e9lem nem b\u00e1ntottam meg a Pet\u0151fi \u00e9s J\u00f3zsef Attila rajong\u00f3kat. &nbsp;Meg senki m\u00e1st sem.<\/p>\n<p><img decoding=\"async\" class=\"alignnone size-full wp-image-54871\" src=\"https:\/\/dorogimedence.hu\/wp-content\/uploads\/2023\/07\/361832923_6088274711278108_7960811298170163986_n-scaled.jpg\" alt=\"\" width=\"2216\" height=\"2560\" srcset=\"https:\/\/dorogimedence.hu\/wp-content\/uploads\/2023\/07\/361832923_6088274711278108_7960811298170163986_n-scaled.jpg 2216w, https:\/\/dorogimedence.hu\/wp-content\/uploads\/2023\/07\/361832923_6088274711278108_7960811298170163986_n-519x600.jpg 519w, https:\/\/dorogimedence.hu\/wp-content\/uploads\/2023\/07\/361832923_6088274711278108_7960811298170163986_n-1662x1920.jpg 1662w, https:\/\/dorogimedence.hu\/wp-content\/uploads\/2023\/07\/361832923_6088274711278108_7960811298170163986_n-768x887.jpg 768w, https:\/\/dorogimedence.hu\/wp-content\/uploads\/2023\/07\/361832923_6088274711278108_7960811298170163986_n-1330x1536.jpg 1330w, https:\/\/dorogimedence.hu\/wp-content\/uploads\/2023\/07\/361832923_6088274711278108_7960811298170163986_n-1773x2048.jpg 1773w, https:\/\/dorogimedence.hu\/wp-content\/uploads\/2023\/07\/361832923_6088274711278108_7960811298170163986_n-150x173.jpg 150w, https:\/\/dorogimedence.hu\/wp-content\/uploads\/2023\/07\/361832923_6088274711278108_7960811298170163986_n-450x520.jpg 450w, https:\/\/dorogimedence.hu\/wp-content\/uploads\/2023\/07\/361832923_6088274711278108_7960811298170163986_n-1200x1386.jpg 1200w\" sizes=\"(max-width: 2216px) 100vw, 2216px\" \/><\/p>\n<p><strong>\u2212 Azt l\u00e1tom, hogy az \u00e9l\u00e9nk olvas\u00f3i \u00e9rdekl\u0151d\u00e9s mellett a k\u00f6z\u00f6ns\u00e9g ig\u00e9nyli a szem\u00e9lyes tal\u00e1lkoz\u00e1sokat is. Rengeteg helyre h\u00edvj\u00e1k gyerekekhez, feln\u0151ttekhez egyar\u00e1nt. <\/strong><\/p>\n<p>\u2212 A kilencvenes \u00e9vek k\u00f6zep\u00e9t\u0151l alakult \u00edgy. V\u00e9letlen\u00fcl elh\u00edvtak ide-oda, n\u00e1lam volt a git\u00e1r \u00e9s a v\u00e9g\u00e9n \u00edr\u00f3 \u00e9s k\u00f6z\u00f6ns\u00e9ge el\u00e9gedetten v\u00e1lt el. Ez azt\u00e1n sz\u00e1jr\u00f3l-sz\u00e1jra terjedt, minden \u00e9vben elh\u00edvtak erre-arra, \u00e9s sehol nem okoztam csal\u00f3d\u00e1st. Volt olyan turn\u00e9m, \u00e9ppen az Arany megjelen\u00e9s\u00e9t k\u00f6vet\u0151en, amit legk\u00f6zelebb \u00e9rdemes \u00e1tgondolnom: \u00f6t nap alatt tizen\u00f6t iskolai el\u0151ad\u00e1s. Val\u00f3sz\u00edn\u0171leg ekkor lettem beteg, amib\u0151l j\u00f3 egy \u00e9vig kecmeregtem ki. Hanem megtette tanul\u00f3p\u00e9nznek, hogy az energi\u00e1mat okosan osszam be.<\/p>\n<p><img decoding=\"async\" class=\"alignnone size-full wp-image-54870\" src=\"https:\/\/dorogimedence.hu\/wp-content\/uploads\/2023\/07\/361827681_1255772431737885_2426720844945723837_n.jpg\" alt=\"\" width=\"1357\" height=\"1150\" srcset=\"https:\/\/dorogimedence.hu\/wp-content\/uploads\/2023\/07\/361827681_1255772431737885_2426720844945723837_n.jpg 1357w, https:\/\/dorogimedence.hu\/wp-content\/uploads\/2023\/07\/361827681_1255772431737885_2426720844945723837_n-600x508.jpg 600w, https:\/\/dorogimedence.hu\/wp-content\/uploads\/2023\/07\/361827681_1255772431737885_2426720844945723837_n-768x651.jpg 768w, https:\/\/dorogimedence.hu\/wp-content\/uploads\/2023\/07\/361827681_1255772431737885_2426720844945723837_n-150x127.jpg 150w, https:\/\/dorogimedence.hu\/wp-content\/uploads\/2023\/07\/361827681_1255772431737885_2426720844945723837_n-450x381.jpg 450w, https:\/\/dorogimedence.hu\/wp-content\/uploads\/2023\/07\/361827681_1255772431737885_2426720844945723837_n-1200x1017.jpg 1200w\" sizes=\"(max-width: 1357px) 100vw, 1357px\" \/><\/p>\n<p><strong>\u2212 Lehet \u00f6nt mag\u00e1nyos, vid\u00e9ki \u00edr\u00f3nak, Don Quijot\u00e9nek nevezni, aki saj\u00e1t elhat\u00e1roz\u00e1sb\u00f3l j\u00e1rja az orsz\u00e1got rendhagy\u00f3 irodalom\u00f3r\u00e1kat \u00e9s \u00edr\u00f3-olvas\u00f3 tal\u00e1lkoz\u00f3kat tartva?<\/strong><\/p>\n<p>\u2212 Az\u00e9rt ez \u00edgy nem fedi a val\u00f3s\u00e1got. Seg\u00edti munk\u00e1mat a Magyar \u00cdr\u00f3sz\u00f6vets\u00e9g \u00e9s a PIM is. T\u00f6bb \u00edzben kaptam t\u0151l\u00fck e nemes \u00fcgyre t\u00e1mogat\u00e1st, teh\u00e1t k\u00f6sz\u00f6nettel tartozom nekik. \u00c9s ki ne felejtsem G\u00e1sp\u00e1r Feri \u00edr\u00f3bar\u00e1tomat, akivel olyan kalandjaink voltak az eg\u00e9sz K\u00e1rp\u00e1t-medenc\u00e9ben, hogy az csoda. Nos, ink\u00e1bb \u0151 a Don Quijote, \u00e9n v\u00e1llalom Sancho Panza szerep\u00e9t. Ezeken az el\u0151ad\u00e1sokon elhangzanak p\u00e9ld\u00e1ul olyan dalok, amelyeket annakidej\u00e9n Arany J\u00e1nos is el\u0151adott. Nem mindenki tudja, hogy a Toldi k\u00f6lt\u0151je tudott git\u00e1rozni, \u00e9s olykor-olykor elsz\u00f3rakoztatta j\u00e1t\u00e9k\u00e1val sz\u0171kebb \u00e9rtelemben vett ismer\u0151seit, bar\u00e1tait.<\/p>\n<p><strong>\u2212 Az elm\u00falt hetekben nagy port kavart az \u00e1llami elismer\u00e9sek oda\u00edt\u00e9l\u00e9s\u00e9nek, hogy is fogalmazzak\u2026 dilemm\u00e1ja?<\/strong><\/p>\n<p>\u2212 \u00c9rtem a k\u00e9rd\u00e9st, magam is olvastam r\u00f3la n\u00e9h\u00e1ny posztot. Semmik\u00e9pp nem alkotn\u00e9k err\u0151l v\u00e9lem\u00e9nyt, csup\u00e1n a saj\u00e1t meggy\u0151z\u0151d\u00e9semet v\u00e1llalom, fenntartva egy sejt\u00e9st: lehet, nem is kellene semmif\u00e9le d\u00edjat osztogatni, mert ebb\u0151l mindig csak a baj van. Mert ugye a d\u00edjakat, a kit\u00fcntet\u00e9seket nem lehet ki\u00e9rdemelni, azt adj\u00e1k. Bizony\u00e1ra megvan a szempontrendszer\u00fck az \u00fagymond kurat\u00f3riumoknak, amit hi\u00e1ba is igyekezn\u00e9nk kif\u00fcrk\u00e9szni. De ha v\u00e9letlen\u00fcl \u00e9n valahol valakikn\u00e9l ez \u00fcgyben kuncsorogtam volna \u00e9s ennek \u201epaszom\u00e1ny\u201d lenne az eredm\u00e9nye, kis\u00fclne a k\u00e9t szemem. \u0150szintes\u00e9gem kend\u0151zetlen, m\u00e9g ha egyesek ezt tiszteletlens\u00e9gnek v\u00e9lik is, b\u00e1r hiszem azt, hogy akiknek m\u00f3djukban \u00e1ll err\u0151l hat\u00e1rozni, azok tudj\u00e1k, mit csin\u00e1lnak.<\/p>\n<p><em>Bor\u00edt\u00f3k\u00e9p: dorogimedence.hu<\/em><\/p>\n","protected":false},"excerpt":{"rendered":"<p>A dorogi \u00edr\u00f3val, Cseleny\u00e1k Imr\u00e9vel az \u00faj k\u00f6nyv\u00e9r\u0151l \u00e9s a munk\u00e1ss\u00e1g\u00e1r\u00f3l besz\u00e9lgett\u00fcnk. \u2212 Legut\u00f3bbi \u00e9letrajzi reg\u00e9nye az idei k\u00f6nyvh\u00e9ten jelent meg \u201eEliramlik az \u00e9let\u201d c\u00edmmel. Pet\u0151fi S\u00e1ndor r\u00f6vid, de mozgalmas \u00e9let\u00e9t ismerheti meg bel\u0151le az olvas\u00f3, kicsit m\u00e1sk\u00e9pp, id\u0151nk\u00e9t tabukat is d\u00f6nt\u00f6getve. Milyen a fogadtat\u00e1sa ennek az \u201eigazi Pet\u0151finek\u201d? \u2212 Nagyon korai m\u00e9g err\u0151l besz\u00e9lni.<\/p>\n","protected":false},"author":1,"featured_media":53921,"comment_status":"closed","ping_status":"closed","sticky":false,"template":"","format":"standard","meta":{"ngg_post_thumbnail":0,"footnotes":""},"categories":[2,3,6948],"tags":[1972,1970,5624,1962,2011,7126],"class_list":{"0":"post-54869","1":"post","2":"type-post","3":"status-publish","4":"format-standard","5":"has-post-thumbnail","7":"category-dorog","8":"category-hirek","9":"category-szines","10":"tag-arany-janos","11":"tag-cselenyak-imre","12":"tag-featured","13":"tag-iro","14":"tag-kolto","15":"tag-petofi-sandor"},"yoast_head":"<!-- This site is optimized with the Yoast SEO plugin v27.5 - https:\/\/yoast.com\/product\/yoast-seo-wordpress\/ -->\n<title>\u00c9letreg\u00e9nyek \u2013 olvas\u00f3i \u00edzl\u00e9s \u2013 kell-e \u00e1llami elismer\u00e9s?<\/title>\n<meta name=\"robots\" content=\"index, follow, max-snippet:-1, max-image-preview:large, max-video-preview:-1\" \/>\n<link rel=\"canonical\" href=\"https:\/\/dorogimedence.hu\/index.php\/2023\/07\/19\/eletregenyek-olvasoi-izles-kell-e-allami-elismeres\/\" class=\"yoast-seo-meta-tag\" \/>\n<meta property=\"og:locale\" content=\"hu_HU\" class=\"yoast-seo-meta-tag\" \/>\n<meta property=\"og:type\" content=\"article\" class=\"yoast-seo-meta-tag\" \/>\n<meta property=\"og:title\" content=\"\u00c9letreg\u00e9nyek \u2013 olvas\u00f3i \u00edzl\u00e9s \u2013 kell-e \u00e1llami elismer\u00e9s?\" class=\"yoast-seo-meta-tag\" \/>\n<meta property=\"og:description\" content=\"A dorogi \u00edr\u00f3val, Cseleny\u00e1k Imr\u00e9vel az \u00faj k\u00f6nyv\u00e9r\u0151l \u00e9s a munk\u00e1ss\u00e1g\u00e1r\u00f3l besz\u00e9lgett\u00fcnk. \u2212 Legut\u00f3bbi \u00e9letrajzi reg\u00e9nye az idei k\u00f6nyvh\u00e9ten jelent meg \u201eEliramlik az \u00e9let\u201d c\u00edmmel. Pet\u0151fi S\u00e1ndor r\u00f6vid, de mozgalmas \u00e9let\u00e9t ismerheti meg bel\u0151le az olvas\u00f3, kicsit m\u00e1sk\u00e9pp, id\u0151nk\u00e9t tabukat is d\u00f6nt\u00f6getve. Milyen a fogadtat\u00e1sa ennek az \u201eigazi Pet\u0151finek\u201d? \u2212 Nagyon korai m\u00e9g err\u0151l besz\u00e9lni.\" class=\"yoast-seo-meta-tag\" \/>\n<meta property=\"og:url\" content=\"https:\/\/dorogimedence.hu\/index.php\/2023\/07\/19\/eletregenyek-olvasoi-izles-kell-e-allami-elismeres\/\" class=\"yoast-seo-meta-tag\" \/>\n<meta property=\"og:site_name\" content=\"Dorogi-medence Region\u00e1lis H\u00edrport\u00e1l\" class=\"yoast-seo-meta-tag\" \/>\n<meta property=\"article:publisher\" content=\"https:\/\/www.facebook.com\/dorogimedence\/\" class=\"yoast-seo-meta-tag\" \/>\n<meta property=\"article:published_time\" content=\"2023-07-19T09:33:09+00:00\" class=\"yoast-seo-meta-tag\" \/>\n<meta property=\"og:image\" content=\"https:\/\/dorogimedence.hu\/wp-content\/uploads\/2023\/06\/cselenyak-01.jpg\" class=\"yoast-seo-meta-tag\" \/>\n\t<meta property=\"og:image:width\" content=\"1920\" class=\"yoast-seo-meta-tag\" \/>\n\t<meta property=\"og:image:height\" content=\"970\" class=\"yoast-seo-meta-tag\" \/>\n\t<meta property=\"og:image:type\" content=\"image\/jpeg\" class=\"yoast-seo-meta-tag\" \/>\n<meta name=\"author\" content=\"dorogimedence.hu\" class=\"yoast-seo-meta-tag\" \/>\n<meta name=\"twitter:card\" content=\"summary_large_image\" class=\"yoast-seo-meta-tag\" \/>\n<meta name=\"twitter:label1\" content=\"Szerz\u0151:\" class=\"yoast-seo-meta-tag\" \/>\n\t<meta name=\"twitter:data1\" content=\"dorogimedence.hu\" class=\"yoast-seo-meta-tag\" \/>\n\t<meta name=\"twitter:label2\" content=\"Becs\u00fclt olvas\u00e1si id\u0151\" class=\"yoast-seo-meta-tag\" \/>\n\t<meta name=\"twitter:data2\" content=\"7 perc\" class=\"yoast-seo-meta-tag\" \/>\n<script type=\"application\/ld+json\" class=\"yoast-schema-graph\">{\"@context\":\"https:\\\/\\\/schema.org\",\"@graph\":[{\"@type\":\"Article\",\"@id\":\"https:\\\/\\\/dorogimedence.hu\\\/index.php\\\/2023\\\/07\\\/19\\\/eletregenyek-olvasoi-izles-kell-e-allami-elismeres\\\/#article\",\"isPartOf\":{\"@id\":\"https:\\\/\\\/dorogimedence.hu\\\/index.php\\\/2023\\\/07\\\/19\\\/eletregenyek-olvasoi-izles-kell-e-allami-elismeres\\\/\"},\"author\":{\"name\":\"dorogimedence.hu\",\"@id\":\"https:\\\/\\\/dorogimedence.hu\\\/#\\\/schema\\\/person\\\/ce6091eeb7e95ecdc87890d6aa8e0fd4\"},\"headline\":\"\u00c9letreg\u00e9nyek \u2013 olvas\u00f3i \u00edzl\u00e9s \u2013 kell-e \u00e1llami elismer\u00e9s?\",\"datePublished\":\"2023-07-19T09:33:09+00:00\",\"mainEntityOfPage\":{\"@id\":\"https:\\\/\\\/dorogimedence.hu\\\/index.php\\\/2023\\\/07\\\/19\\\/eletregenyek-olvasoi-izles-kell-e-allami-elismeres\\\/\"},\"wordCount\":1376,\"publisher\":{\"@id\":\"https:\\\/\\\/dorogimedence.hu\\\/#organization\"},\"image\":{\"@id\":\"https:\\\/\\\/dorogimedence.hu\\\/index.php\\\/2023\\\/07\\\/19\\\/eletregenyek-olvasoi-izles-kell-e-allami-elismeres\\\/#primaryimage\"},\"thumbnailUrl\":\"https:\\\/\\\/dorogimedence.hu\\\/wp-content\\\/uploads\\\/2023\\\/06\\\/cselenyak-01.jpg\",\"keywords\":[\"Arany J\u00e1nos\",\"Cseleny\u00e1k Imre\",\"featured\",\"\u00edr\u00f3\",\"k\u00f6lt\u0151\",\"Pet\u0151fi S\u00e1ndor\"],\"articleSection\":[\"Dorog\",\"H\u00edrek\",\"Sz\u00ednes\"],\"inLanguage\":\"hu\"},{\"@type\":\"WebPage\",\"@id\":\"https:\\\/\\\/dorogimedence.hu\\\/index.php\\\/2023\\\/07\\\/19\\\/eletregenyek-olvasoi-izles-kell-e-allami-elismeres\\\/\",\"url\":\"https:\\\/\\\/dorogimedence.hu\\\/index.php\\\/2023\\\/07\\\/19\\\/eletregenyek-olvasoi-izles-kell-e-allami-elismeres\\\/\",\"name\":\"\u00c9letreg\u00e9nyek \u2013 olvas\u00f3i \u00edzl\u00e9s \u2013 kell-e \u00e1llami elismer\u00e9s?\",\"isPartOf\":{\"@id\":\"https:\\\/\\\/dorogimedence.hu\\\/#website\"},\"primaryImageOfPage\":{\"@id\":\"https:\\\/\\\/dorogimedence.hu\\\/index.php\\\/2023\\\/07\\\/19\\\/eletregenyek-olvasoi-izles-kell-e-allami-elismeres\\\/#primaryimage\"},\"image\":{\"@id\":\"https:\\\/\\\/dorogimedence.hu\\\/index.php\\\/2023\\\/07\\\/19\\\/eletregenyek-olvasoi-izles-kell-e-allami-elismeres\\\/#primaryimage\"},\"thumbnailUrl\":\"https:\\\/\\\/dorogimedence.hu\\\/wp-content\\\/uploads\\\/2023\\\/06\\\/cselenyak-01.jpg\",\"datePublished\":\"2023-07-19T09:33:09+00:00\",\"breadcrumb\":{\"@id\":\"https:\\\/\\\/dorogimedence.hu\\\/index.php\\\/2023\\\/07\\\/19\\\/eletregenyek-olvasoi-izles-kell-e-allami-elismeres\\\/#breadcrumb\"},\"inLanguage\":\"hu\",\"potentialAction\":[{\"@type\":\"ReadAction\",\"target\":[\"https:\\\/\\\/dorogimedence.hu\\\/index.php\\\/2023\\\/07\\\/19\\\/eletregenyek-olvasoi-izles-kell-e-allami-elismeres\\\/\"]}]},{\"@type\":\"ImageObject\",\"inLanguage\":\"hu\",\"@id\":\"https:\\\/\\\/dorogimedence.hu\\\/index.php\\\/2023\\\/07\\\/19\\\/eletregenyek-olvasoi-izles-kell-e-allami-elismeres\\\/#primaryimage\",\"url\":\"https:\\\/\\\/dorogimedence.hu\\\/wp-content\\\/uploads\\\/2023\\\/06\\\/cselenyak-01.jpg\",\"contentUrl\":\"https:\\\/\\\/dorogimedence.hu\\\/wp-content\\\/uploads\\\/2023\\\/06\\\/cselenyak-01.jpg\",\"width\":1920,\"height\":970},{\"@type\":\"BreadcrumbList\",\"@id\":\"https:\\\/\\\/dorogimedence.hu\\\/index.php\\\/2023\\\/07\\\/19\\\/eletregenyek-olvasoi-izles-kell-e-allami-elismeres\\\/#breadcrumb\",\"itemListElement\":[{\"@type\":\"ListItem\",\"position\":1,\"name\":\"Kezd\u0151lap\",\"item\":\"https:\\\/\\\/dorogimedence.hu\\\/\"},{\"@type\":\"ListItem\",\"position\":2,\"name\":\"\u00c9letreg\u00e9nyek \u2013 olvas\u00f3i \u00edzl\u00e9s \u2013 kell-e \u00e1llami elismer\u00e9s?\"}]},{\"@type\":\"WebSite\",\"@id\":\"https:\\\/\\\/dorogimedence.hu\\\/#website\",\"url\":\"https:\\\/\\\/dorogimedence.hu\\\/\",\"name\":\"Dorogi-medence Region\u00e1lis H\u00edrport\u00e1l\",\"description\":\"Dorog, Keszt\u00f6lc, Le\u00e1nyv\u00e1r, Piliscs\u00e9v, Tokod, Tokodalt\u00e1r\u00f3, Csolnok, Esztergom-kertv\u00e1ros: h\u00edrek, programok\",\"publisher\":{\"@id\":\"https:\\\/\\\/dorogimedence.hu\\\/#organization\"},\"potentialAction\":[{\"@type\":\"SearchAction\",\"target\":{\"@type\":\"EntryPoint\",\"urlTemplate\":\"https:\\\/\\\/dorogimedence.hu\\\/?s={search_term_string}\"},\"query-input\":{\"@type\":\"PropertyValueSpecification\",\"valueRequired\":true,\"valueName\":\"search_term_string\"}}],\"inLanguage\":\"hu\"},{\"@type\":\"Organization\",\"@id\":\"https:\\\/\\\/dorogimedence.hu\\\/#organization\",\"name\":\"Dorogi-medence Region\u00e1lis H\u00edrport\u00e1l\",\"url\":\"https:\\\/\\\/dorogimedence.hu\\\/\",\"logo\":{\"@type\":\"ImageObject\",\"inLanguage\":\"hu\",\"@id\":\"https:\\\/\\\/dorogimedence.hu\\\/#\\\/schema\\\/logo\\\/image\\\/\",\"url\":\"https:\\\/\\\/dorogimedence.hu\\\/wp-content\\\/uploads\\\/2021\\\/04\\\/logo-feher-600.png\",\"contentUrl\":\"https:\\\/\\\/dorogimedence.hu\\\/wp-content\\\/uploads\\\/2021\\\/04\\\/logo-feher-600.png\",\"width\":600,\"height\":100,\"caption\":\"Dorogi-medence Region\u00e1lis H\u00edrport\u00e1l\"},\"image\":{\"@id\":\"https:\\\/\\\/dorogimedence.hu\\\/#\\\/schema\\\/logo\\\/image\\\/\"},\"sameAs\":[\"https:\\\/\\\/www.facebook.com\\\/dorogimedence\\\/\"]},{\"@type\":\"Person\",\"@id\":\"https:\\\/\\\/dorogimedence.hu\\\/#\\\/schema\\\/person\\\/ce6091eeb7e95ecdc87890d6aa8e0fd4\",\"name\":\"dorogimedence.hu\",\"image\":{\"@type\":\"ImageObject\",\"inLanguage\":\"hu\",\"@id\":\"\\\/\\\/www.gravatar.com\\\/avatar\\\/d8d45f8901aadff40a4af72c0b826f1d?s=96&#038;r=g&#038;d=mm\",\"url\":\"\\\/\\\/www.gravatar.com\\\/avatar\\\/d8d45f8901aadff40a4af72c0b826f1d?s=96&#038;r=g&#038;d=mm\",\"contentUrl\":\"\\\/\\\/www.gravatar.com\\\/avatar\\\/d8d45f8901aadff40a4af72c0b826f1d?s=96&#038;r=g&#038;d=mm\",\"caption\":\"dorogimedence.hu\"}}]}<\/script>\n<!-- \/ Yoast SEO plugin. -->","yoast_head_json":{"title":"\u00c9letreg\u00e9nyek \u2013 olvas\u00f3i \u00edzl\u00e9s \u2013 kell-e \u00e1llami elismer\u00e9s?","robots":{"index":"index","follow":"follow","max-snippet":"max-snippet:-1","max-image-preview":"max-image-preview:large","max-video-preview":"max-video-preview:-1"},"canonical":"https:\/\/dorogimedence.hu\/index.php\/2023\/07\/19\/eletregenyek-olvasoi-izles-kell-e-allami-elismeres\/","og_locale":"hu_HU","og_type":"article","og_title":"\u00c9letreg\u00e9nyek \u2013 olvas\u00f3i \u00edzl\u00e9s \u2013 kell-e \u00e1llami elismer\u00e9s?","og_description":"A dorogi \u00edr\u00f3val, Cseleny\u00e1k Imr\u00e9vel az \u00faj k\u00f6nyv\u00e9r\u0151l \u00e9s a munk\u00e1ss\u00e1g\u00e1r\u00f3l besz\u00e9lgett\u00fcnk. \u2212 Legut\u00f3bbi \u00e9letrajzi reg\u00e9nye az idei k\u00f6nyvh\u00e9ten jelent meg \u201eEliramlik az \u00e9let\u201d c\u00edmmel. Pet\u0151fi S\u00e1ndor r\u00f6vid, de mozgalmas \u00e9let\u00e9t ismerheti meg bel\u0151le az olvas\u00f3, kicsit m\u00e1sk\u00e9pp, id\u0151nk\u00e9t tabukat is d\u00f6nt\u00f6getve. Milyen a fogadtat\u00e1sa ennek az \u201eigazi Pet\u0151finek\u201d? \u2212 Nagyon korai m\u00e9g err\u0151l besz\u00e9lni.","og_url":"https:\/\/dorogimedence.hu\/index.php\/2023\/07\/19\/eletregenyek-olvasoi-izles-kell-e-allami-elismeres\/","og_site_name":"Dorogi-medence Region\u00e1lis H\u00edrport\u00e1l","article_publisher":"https:\/\/www.facebook.com\/dorogimedence\/","article_published_time":"2023-07-19T09:33:09+00:00","og_image":[{"width":1920,"height":970,"url":"https:\/\/dorogimedence.hu\/wp-content\/uploads\/2023\/06\/cselenyak-01.jpg","type":"image\/jpeg"}],"author":"dorogimedence.hu","twitter_card":"summary_large_image","twitter_misc":{"Szerz\u0151:":"dorogimedence.hu","Becs\u00fclt olvas\u00e1si id\u0151":"7 perc"},"schema":{"@context":"https:\/\/schema.org","@graph":[{"@type":"Article","@id":"https:\/\/dorogimedence.hu\/index.php\/2023\/07\/19\/eletregenyek-olvasoi-izles-kell-e-allami-elismeres\/#article","isPartOf":{"@id":"https:\/\/dorogimedence.hu\/index.php\/2023\/07\/19\/eletregenyek-olvasoi-izles-kell-e-allami-elismeres\/"},"author":{"name":"dorogimedence.hu","@id":"https:\/\/dorogimedence.hu\/#\/schema\/person\/ce6091eeb7e95ecdc87890d6aa8e0fd4"},"headline":"\u00c9letreg\u00e9nyek \u2013 olvas\u00f3i \u00edzl\u00e9s \u2013 kell-e \u00e1llami elismer\u00e9s?","datePublished":"2023-07-19T09:33:09+00:00","mainEntityOfPage":{"@id":"https:\/\/dorogimedence.hu\/index.php\/2023\/07\/19\/eletregenyek-olvasoi-izles-kell-e-allami-elismeres\/"},"wordCount":1376,"publisher":{"@id":"https:\/\/dorogimedence.hu\/#organization"},"image":{"@id":"https:\/\/dorogimedence.hu\/index.php\/2023\/07\/19\/eletregenyek-olvasoi-izles-kell-e-allami-elismeres\/#primaryimage"},"thumbnailUrl":"https:\/\/dorogimedence.hu\/wp-content\/uploads\/2023\/06\/cselenyak-01.jpg","keywords":["Arany J\u00e1nos","Cseleny\u00e1k Imre","featured","\u00edr\u00f3","k\u00f6lt\u0151","Pet\u0151fi S\u00e1ndor"],"articleSection":["Dorog","H\u00edrek","Sz\u00ednes"],"inLanguage":"hu"},{"@type":"WebPage","@id":"https:\/\/dorogimedence.hu\/index.php\/2023\/07\/19\/eletregenyek-olvasoi-izles-kell-e-allami-elismeres\/","url":"https:\/\/dorogimedence.hu\/index.php\/2023\/07\/19\/eletregenyek-olvasoi-izles-kell-e-allami-elismeres\/","name":"\u00c9letreg\u00e9nyek \u2013 olvas\u00f3i \u00edzl\u00e9s \u2013 kell-e \u00e1llami elismer\u00e9s?","isPartOf":{"@id":"https:\/\/dorogimedence.hu\/#website"},"primaryImageOfPage":{"@id":"https:\/\/dorogimedence.hu\/index.php\/2023\/07\/19\/eletregenyek-olvasoi-izles-kell-e-allami-elismeres\/#primaryimage"},"image":{"@id":"https:\/\/dorogimedence.hu\/index.php\/2023\/07\/19\/eletregenyek-olvasoi-izles-kell-e-allami-elismeres\/#primaryimage"},"thumbnailUrl":"https:\/\/dorogimedence.hu\/wp-content\/uploads\/2023\/06\/cselenyak-01.jpg","datePublished":"2023-07-19T09:33:09+00:00","breadcrumb":{"@id":"https:\/\/dorogimedence.hu\/index.php\/2023\/07\/19\/eletregenyek-olvasoi-izles-kell-e-allami-elismeres\/#breadcrumb"},"inLanguage":"hu","potentialAction":[{"@type":"ReadAction","target":["https:\/\/dorogimedence.hu\/index.php\/2023\/07\/19\/eletregenyek-olvasoi-izles-kell-e-allami-elismeres\/"]}]},{"@type":"ImageObject","inLanguage":"hu","@id":"https:\/\/dorogimedence.hu\/index.php\/2023\/07\/19\/eletregenyek-olvasoi-izles-kell-e-allami-elismeres\/#primaryimage","url":"https:\/\/dorogimedence.hu\/wp-content\/uploads\/2023\/06\/cselenyak-01.jpg","contentUrl":"https:\/\/dorogimedence.hu\/wp-content\/uploads\/2023\/06\/cselenyak-01.jpg","width":1920,"height":970},{"@type":"BreadcrumbList","@id":"https:\/\/dorogimedence.hu\/index.php\/2023\/07\/19\/eletregenyek-olvasoi-izles-kell-e-allami-elismeres\/#breadcrumb","itemListElement":[{"@type":"ListItem","position":1,"name":"Kezd\u0151lap","item":"https:\/\/dorogimedence.hu\/"},{"@type":"ListItem","position":2,"name":"\u00c9letreg\u00e9nyek \u2013 olvas\u00f3i \u00edzl\u00e9s \u2013 kell-e \u00e1llami elismer\u00e9s?"}]},{"@type":"WebSite","@id":"https:\/\/dorogimedence.hu\/#website","url":"https:\/\/dorogimedence.hu\/","name":"Dorogi-medence Region\u00e1lis H\u00edrport\u00e1l","description":"Dorog, Keszt\u00f6lc, Le\u00e1nyv\u00e1r, Piliscs\u00e9v, Tokod, Tokodalt\u00e1r\u00f3, Csolnok, Esztergom-kertv\u00e1ros: h\u00edrek, programok","publisher":{"@id":"https:\/\/dorogimedence.hu\/#organization"},"potentialAction":[{"@type":"SearchAction","target":{"@type":"EntryPoint","urlTemplate":"https:\/\/dorogimedence.hu\/?s={search_term_string}"},"query-input":{"@type":"PropertyValueSpecification","valueRequired":true,"valueName":"search_term_string"}}],"inLanguage":"hu"},{"@type":"Organization","@id":"https:\/\/dorogimedence.hu\/#organization","name":"Dorogi-medence Region\u00e1lis H\u00edrport\u00e1l","url":"https:\/\/dorogimedence.hu\/","logo":{"@type":"ImageObject","inLanguage":"hu","@id":"https:\/\/dorogimedence.hu\/#\/schema\/logo\/image\/","url":"https:\/\/dorogimedence.hu\/wp-content\/uploads\/2021\/04\/logo-feher-600.png","contentUrl":"https:\/\/dorogimedence.hu\/wp-content\/uploads\/2021\/04\/logo-feher-600.png","width":600,"height":100,"caption":"Dorogi-medence Region\u00e1lis H\u00edrport\u00e1l"},"image":{"@id":"https:\/\/dorogimedence.hu\/#\/schema\/logo\/image\/"},"sameAs":["https:\/\/www.facebook.com\/dorogimedence\/"]},{"@type":"Person","@id":"https:\/\/dorogimedence.hu\/#\/schema\/person\/ce6091eeb7e95ecdc87890d6aa8e0fd4","name":"dorogimedence.hu","image":{"@type":"ImageObject","inLanguage":"hu","@id":"\/\/www.gravatar.com\/avatar\/d8d45f8901aadff40a4af72c0b826f1d?s=96&#038;r=g&#038;d=mm","url":"\/\/www.gravatar.com\/avatar\/d8d45f8901aadff40a4af72c0b826f1d?s=96&#038;r=g&#038;d=mm","contentUrl":"\/\/www.gravatar.com\/avatar\/d8d45f8901aadff40a4af72c0b826f1d?s=96&#038;r=g&#038;d=mm","caption":"dorogimedence.hu"}}]}},"_links":{"self":[{"href":"https:\/\/dorogimedence.hu\/index.php\/wp-json\/wp\/v2\/posts\/54869","targetHints":{"allow":["GET"]}}],"collection":[{"href":"https:\/\/dorogimedence.hu\/index.php\/wp-json\/wp\/v2\/posts"}],"about":[{"href":"https:\/\/dorogimedence.hu\/index.php\/wp-json\/wp\/v2\/types\/post"}],"author":[{"embeddable":true,"href":"https:\/\/dorogimedence.hu\/index.php\/wp-json\/wp\/v2\/users\/1"}],"replies":[{"embeddable":true,"href":"https:\/\/dorogimedence.hu\/index.php\/wp-json\/wp\/v2\/comments?post=54869"}],"version-history":[{"count":0,"href":"https:\/\/dorogimedence.hu\/index.php\/wp-json\/wp\/v2\/posts\/54869\/revisions"}],"wp:featuredmedia":[{"embeddable":true,"href":"https:\/\/dorogimedence.hu\/index.php\/wp-json\/wp\/v2\/media\/53921"}],"wp:attachment":[{"href":"https:\/\/dorogimedence.hu\/index.php\/wp-json\/wp\/v2\/media?parent=54869"}],"wp:term":[{"taxonomy":"category","embeddable":true,"href":"https:\/\/dorogimedence.hu\/index.php\/wp-json\/wp\/v2\/categories?post=54869"},{"taxonomy":"post_tag","embeddable":true,"href":"https:\/\/dorogimedence.hu\/index.php\/wp-json\/wp\/v2\/tags?post=54869"}],"curies":[{"name":"wp","href":"https:\/\/api.w.org\/{rel}","templated":true}]}}