{"id":54791,"date":"2023-07-13T12:56:08","date_gmt":"2023-07-13T10:56:08","guid":{"rendered":"https:\/\/dorogimedence.hu\/?p=54791"},"modified":"2023-07-13T12:56:08","modified_gmt":"2023-07-13T10:56:08","slug":"tanevet-ertekeltek-a-tankeruleti-kozpontok","status":"publish","type":"post","link":"https:\/\/dorogimedence.hu\/index.php\/2023\/07\/13\/tanevet-ertekeltek-a-tankeruleti-kozpontok\/","title":{"rendered":"Tan\u00e9vet \u00e9rt\u00e9keltek a tanker\u00fcleti k\u00f6zpontok"},"content":{"rendered":"<div class=\"body-text\">\n<p><strong>Az iskola\u0151rs\u00e9g fenn\u00e1ll\u00e1sa \u00f3ta k\u00f6z\u00f6s feladat, hogy az aktu\u00e1lis tan\u00e9v v\u00e9gezt\u00e9vel, azt k\u00f6z\u00f6sen \u00e9rt\u00e9kelik az egy\u00fcttm\u0171k\u00f6d\u0151 partnerek, egyben c\u00e9lokat t\u0171znek ki a j\u00f6v\u0151re vonatkoz\u00f3an.<\/strong><\/p>\n<p>A tanker\u00fcleti k\u00f6zpontok, szakk\u00e9pz\u00e9si centrum \u00e9s az \u00e9rintett oktat\u00e1si int\u00e9zm\u00e9nyek vezet\u0151i, pedag\u00f3gusai, valamint a rend\u0151rs\u00e9g szakemberei ezt tett\u00e9k a v\u00e1rmegyei rend\u0151rf\u0151kapit\u00e1nys\u00e1g \u00e1ltal szervezett f\u00f3rumon 2023. j\u00falius 11-\u00e9n. Az egyes int\u00e9zm\u00e9nyvezet\u0151k, munkat\u00e1rsak \u00e9s pedag\u00f3gusok egybehangz\u00f3 v\u00e9lem\u00e9nye szerint a program indul\u00e1sakor sok k\u00e9ts\u00e9g \u00e9s k\u00e9rd\u00e9s mer\u00fclt fel, de az\u00f3ta m\u00e9g a szkeptikusok is bel\u00e1tt\u00e1k, hogy az iskola\u0151r\u00f6k munk\u00e1j\u00e1ra sz\u00fcks\u00e9g van \u00e9s indokolt min\u00e9l t\u00f6bb iskola bevon\u00e1sa.<\/p>\n<p>Vereckei Judit a Tatab\u00e1nyai Tanker\u00fcleti K\u00f6zpont igazgat\u00f3ja felsz\u00f3lal\u00e1s\u00e1ban kiemelte, hogy m\u00e1r a jelenl\u00e9t\u00fck is a b\u0171nmegel\u0151z\u00e9st szolg\u00e1lja, tov\u00e1bb\u00e1 m\u00e9ltatta a pand\u00e9mia id\u0151szak\u00e1ban tan\u00fas\u00edtott seg\u00edt\u0151 magatart\u00e1sukat is. A tantest\u00fclet tagjai \u00e9s sz\u00fcl\u0151k nem csup\u00e1n toler\u00e1lj\u00e1k jelenl\u00e9t\u00fcket, hanem ig\u00e9nylik is azt.<\/p>\n<p><img fetchpriority=\"high\" decoding=\"async\" class=\"alignnone size-full wp-image-54793\" src=\"https:\/\/dorogimedence.hu\/wp-content\/uploads\/2023\/07\/kep-3_12.jpg\" alt=\"\" width=\"750\" height=\"500\" srcset=\"https:\/\/dorogimedence.hu\/wp-content\/uploads\/2023\/07\/kep-3_12.jpg 750w, https:\/\/dorogimedence.hu\/wp-content\/uploads\/2023\/07\/kep-3_12-600x400.jpg 600w, https:\/\/dorogimedence.hu\/wp-content\/uploads\/2023\/07\/kep-3_12-150x100.jpg 150w, https:\/\/dorogimedence.hu\/wp-content\/uploads\/2023\/07\/kep-3_12-450x300.jpg 450w, https:\/\/dorogimedence.hu\/wp-content\/uploads\/2023\/07\/kep-3_12-272x182.jpg 272w\" sizes=\"(max-width: 750px) 100vw, 750px\" \/><\/p>\n<p>Mih\u00e1lyi Edit az Esztergomi Tanker\u00fcleti K\u00f6zpont igazgat\u00f3helyettese hangs\u00falyozta, hogy az iskola\u0151r\u00f6k visszatart\u00f3 er\u0151t jelentenek az er\u0151szakos esem\u00e9nyek megjelen\u00e9s\u00e9ben, speci\u00e1lis k\u00e9pzetts\u00e9g\u00fck r\u00e9v\u00e9n k\u00e9pesek hat\u00e9konyan kezelni a rendk\u00edv\u00fcli helyzeteket, szakszer\u0171en j\u00e1rnak el, ha szab\u00e1lys\u00e9rt\u00e9s vagy b\u0171ncselekm\u00e9ny gyan\u00faja mer\u00fcl fel, n\u00f6velik a di\u00e1kok \u00e9s a dolgoz\u00f3k szubjekt\u00edv biztons\u00e1g\u00e9rzet\u00e9t \u00e9s pozit\u00edv mint\u00e1t mutatnak a konfliktusok megold\u00e1s\u00e1ra. A tanul\u00f3k szab\u00e1lyk\u00f6vet\u0151 magatart\u00e1sa m\u00e9rhet\u0151en n\u0151tt.<\/p>\n<p>Gubinyi Attila r. alezredes, az Orsz\u00e1gos Rend\u0151r-f\u0151kapit\u00e1nys\u00e1g Iskolapartners\u00e9gi Oszt\u00e1ly vezet\u0151je \u00e9rt\u00e9kel\u0151 besz\u00e9d\u00e9ben kit\u00e9rt arra is, hogy a program indul\u00e1sa \u00f3ta a harmadik tan\u00e9vet z\u00e1rtuk le, \u00e9s ez id\u0151 alatt a fejl\u0151d\u00e9s is tetten \u00e9rhet\u0151. Felh\u00edvta a figyelmet arra, hogy az iskola\u0151r\u00f6kre k\u00fcl\u00f6n feladatrendszer \u00e9rv\u00e9nyes, nem v\u00e1ltj\u00e1k ki a pedag\u00f3gusok, a pedag\u00f3giai asszisztensek vagy a pszichol\u00f3gusok szerep\u00e9t. A tev\u00e9kenys\u00e9g folyamatos monitoroz\u00e1sa rendk\u00edv\u00fcl fontos.&nbsp;T\u00e1j\u00e9koztatta a hallgat\u00f3s\u00e1got a 2023. j\u00fanius 6-\u00e1n kiadott korm\u00e1nyhat\u00e1rozatban foglaltakr\u00f3l, mely az iskola\u0151ri \u00e1llom\u00e1ny 295 f\u0151s l\u00e9tsz\u00e1mn\u00f6vel\u00e9s\u00e9t ir\u00e1nyozza el\u0151, \u00edgy a <span style=\"text-decoration: underline; color: #0000ff;\"><a style=\"color: #0000ff; text-decoration: underline;\" href=\"https:\/\/www.police.hu\/sites\/default\/files\/Iskola%C5%91r%20jelentkez%C3%A9si%20egys%C3%A9gcsomag%20-%202023.%20%C3%A9vi_0.pdf\" target=\"_blank\" rel=\"noopener\">toborz\u00e1s<\/a> <\/span>alapvet\u0151 feladat a tov\u00e1bbiakban is.<\/p>\n<p>A munkav\u00e1llal\u00f3k r\u00e9sz\u00e9r\u0151l Tak\u00e1cs Zuzana a tatab\u00e1nyai B\u00e1nki Don\u00e1t \u2013 P\u00e9ch Antal Technikum, Nagy D\u00e9nes a Tokodalt\u00e1r\u00f3i G\u00e1rdonyi G\u00e9za \u00c1ltal\u00e1nos Iskola \u00e9s Grell Antal az Oroszl\u00e1nyi J\u00f3zsef Attila \u00c1ltal\u00e1nos Iskola iskola\u0151rei sz\u00f3laltak fel, \u00e9s egybehangz\u00f3an a gyerekekre val\u00f3 odafigyel\u00e9s \u00e9s a szeretet fontoss\u00e1g\u00e1t hangs\u00falyozt\u00e1k.<\/p>\n<p><em>Fot\u00f3k, forr\u00e1s: police.hu<\/em><\/p>\n<\/div>\n","protected":false},"excerpt":{"rendered":"<p>Az iskola\u0151rs\u00e9g fenn\u00e1ll\u00e1sa \u00f3ta k\u00f6z\u00f6s feladat, hogy az aktu\u00e1lis tan\u00e9v v\u00e9gezt\u00e9vel, azt k\u00f6z\u00f6sen \u00e9rt\u00e9kelik az egy\u00fcttm\u0171k\u00f6d\u0151 partnerek, egyben c\u00e9lokat t\u0171znek ki a j\u00f6v\u0151re vonatkoz\u00f3an. A tanker\u00fcleti k\u00f6zpontok, szakk\u00e9pz\u00e9si centrum \u00e9s az \u00e9rintett oktat\u00e1si int\u00e9zm\u00e9nyek vezet\u0151i, pedag\u00f3gusai, valamint a rend\u0151rs\u00e9g szakemberei ezt tett\u00e9k a v\u00e1rmegyei rend\u0151rf\u0151kapit\u00e1nys\u00e1g \u00e1ltal szervezett f\u00f3rumon 2023. j\u00falius 11-\u00e9n. Az egyes int\u00e9zm\u00e9nyvezet\u0151k, munkat\u00e1rsak<\/p>\n","protected":false},"author":1,"featured_media":54792,"comment_status":"closed","ping_status":"closed","sticky":false,"template":"","format":"standard","meta":{"ngg_post_thumbnail":0,"footnotes":""},"categories":[38,3,56],"tags":[42,6890,61,6002],"class_list":{"0":"post-54791","1":"post","2":"type-post","3":"status-publish","4":"format-standard","5":"has-post-thumbnail","7":"category-esztergom","8":"category-hirek","9":"category-komarom-esztergom","10":"tag-esztergom","11":"tag-komarom-esztergom-varmegye","12":"tag-rendorsegi-hirek","13":"tag-tankerulet"},"yoast_head":"<!-- This site is optimized with the Yoast SEO plugin v27.5 - https:\/\/yoast.com\/product\/yoast-seo-wordpress\/ -->\n<title>Tan\u00e9vet \u00e9rt\u00e9keltek a tanker\u00fcleti k\u00f6zpontok<\/title>\n<meta name=\"robots\" content=\"index, follow, max-snippet:-1, max-image-preview:large, max-video-preview:-1\" \/>\n<link rel=\"canonical\" href=\"https:\/\/dorogimedence.hu\/index.php\/2023\/07\/13\/tanevet-ertekeltek-a-tankeruleti-kozpontok\/\" class=\"yoast-seo-meta-tag\" \/>\n<meta property=\"og:locale\" content=\"hu_HU\" class=\"yoast-seo-meta-tag\" \/>\n<meta property=\"og:type\" content=\"article\" class=\"yoast-seo-meta-tag\" \/>\n<meta property=\"og:title\" content=\"Tan\u00e9vet \u00e9rt\u00e9keltek a tanker\u00fcleti k\u00f6zpontok\" class=\"yoast-seo-meta-tag\" \/>\n<meta property=\"og:description\" content=\"Az iskola\u0151rs\u00e9g fenn\u00e1ll\u00e1sa \u00f3ta k\u00f6z\u00f6s feladat, hogy az aktu\u00e1lis tan\u00e9v v\u00e9gezt\u00e9vel, azt k\u00f6z\u00f6sen \u00e9rt\u00e9kelik az egy\u00fcttm\u0171k\u00f6d\u0151 partnerek, egyben c\u00e9lokat t\u0171znek ki a j\u00f6v\u0151re vonatkoz\u00f3an. A tanker\u00fcleti k\u00f6zpontok, szakk\u00e9pz\u00e9si centrum \u00e9s az \u00e9rintett oktat\u00e1si int\u00e9zm\u00e9nyek vezet\u0151i, pedag\u00f3gusai, valamint a rend\u0151rs\u00e9g szakemberei ezt tett\u00e9k a v\u00e1rmegyei rend\u0151rf\u0151kapit\u00e1nys\u00e1g \u00e1ltal szervezett f\u00f3rumon 2023. j\u00falius 11-\u00e9n. Az egyes int\u00e9zm\u00e9nyvezet\u0151k, munkat\u00e1rsak\" class=\"yoast-seo-meta-tag\" \/>\n<meta property=\"og:url\" content=\"https:\/\/dorogimedence.hu\/index.php\/2023\/07\/13\/tanevet-ertekeltek-a-tankeruleti-kozpontok\/\" class=\"yoast-seo-meta-tag\" \/>\n<meta property=\"og:site_name\" content=\"Dorogi-medence Region\u00e1lis H\u00edrport\u00e1l\" class=\"yoast-seo-meta-tag\" \/>\n<meta property=\"article:publisher\" content=\"https:\/\/www.facebook.com\/dorogimedence\/\" class=\"yoast-seo-meta-tag\" \/>\n<meta property=\"article:published_time\" content=\"2023-07-13T10:56:08+00:00\" class=\"yoast-seo-meta-tag\" \/>\n<meta property=\"og:image\" content=\"https:\/\/dorogimedence.hu\/wp-content\/uploads\/2023\/07\/kep-5_8.jpg\" class=\"yoast-seo-meta-tag\" \/>\n\t<meta property=\"og:image:width\" content=\"750\" class=\"yoast-seo-meta-tag\" \/>\n\t<meta property=\"og:image:height\" content=\"500\" class=\"yoast-seo-meta-tag\" \/>\n\t<meta property=\"og:image:type\" content=\"image\/jpeg\" class=\"yoast-seo-meta-tag\" \/>\n<meta name=\"author\" content=\"dorogimedence.hu\" class=\"yoast-seo-meta-tag\" \/>\n<meta name=\"twitter:card\" content=\"summary_large_image\" class=\"yoast-seo-meta-tag\" \/>\n<meta name=\"twitter:label1\" content=\"Szerz\u0151:\" class=\"yoast-seo-meta-tag\" \/>\n\t<meta name=\"twitter:data1\" content=\"dorogimedence.hu\" class=\"yoast-seo-meta-tag\" \/>\n\t<meta name=\"twitter:label2\" content=\"Becs\u00fclt olvas\u00e1si id\u0151\" class=\"yoast-seo-meta-tag\" \/>\n\t<meta name=\"twitter:data2\" content=\"3 perc\" class=\"yoast-seo-meta-tag\" \/>\n<script type=\"application\/ld+json\" class=\"yoast-schema-graph\">{\"@context\":\"https:\\\/\\\/schema.org\",\"@graph\":[{\"@type\":\"Article\",\"@id\":\"https:\\\/\\\/dorogimedence.hu\\\/index.php\\\/2023\\\/07\\\/13\\\/tanevet-ertekeltek-a-tankeruleti-kozpontok\\\/#article\",\"isPartOf\":{\"@id\":\"https:\\\/\\\/dorogimedence.hu\\\/index.php\\\/2023\\\/07\\\/13\\\/tanevet-ertekeltek-a-tankeruleti-kozpontok\\\/\"},\"author\":{\"name\":\"dorogimedence.hu\",\"@id\":\"https:\\\/\\\/dorogimedence.hu\\\/#\\\/schema\\\/person\\\/ce6091eeb7e95ecdc87890d6aa8e0fd4\"},\"headline\":\"Tan\u00e9vet \u00e9rt\u00e9keltek a tanker\u00fcleti k\u00f6zpontok\",\"datePublished\":\"2023-07-13T10:56:08+00:00\",\"mainEntityOfPage\":{\"@id\":\"https:\\\/\\\/dorogimedence.hu\\\/index.php\\\/2023\\\/07\\\/13\\\/tanevet-ertekeltek-a-tankeruleti-kozpontok\\\/\"},\"wordCount\":559,\"publisher\":{\"@id\":\"https:\\\/\\\/dorogimedence.hu\\\/#organization\"},\"image\":{\"@id\":\"https:\\\/\\\/dorogimedence.hu\\\/index.php\\\/2023\\\/07\\\/13\\\/tanevet-ertekeltek-a-tankeruleti-kozpontok\\\/#primaryimage\"},\"thumbnailUrl\":\"https:\\\/\\\/dorogimedence.hu\\\/wp-content\\\/uploads\\\/2023\\\/07\\\/kep-5_8.jpg\",\"keywords\":[\"esztergom\",\"Kom\u00e1rom-Esztergom v\u00e1rmegye\",\"rend\u0151rs\u00e9gi h\u00edrek\",\"tanker\u00fclet\"],\"articleSection\":[\"Esztergom\",\"H\u00edrek\",\"Kom\u00e1rom-Esztergom\"],\"inLanguage\":\"hu\"},{\"@type\":\"WebPage\",\"@id\":\"https:\\\/\\\/dorogimedence.hu\\\/index.php\\\/2023\\\/07\\\/13\\\/tanevet-ertekeltek-a-tankeruleti-kozpontok\\\/\",\"url\":\"https:\\\/\\\/dorogimedence.hu\\\/index.php\\\/2023\\\/07\\\/13\\\/tanevet-ertekeltek-a-tankeruleti-kozpontok\\\/\",\"name\":\"Tan\u00e9vet \u00e9rt\u00e9keltek a tanker\u00fcleti k\u00f6zpontok\",\"isPartOf\":{\"@id\":\"https:\\\/\\\/dorogimedence.hu\\\/#website\"},\"primaryImageOfPage\":{\"@id\":\"https:\\\/\\\/dorogimedence.hu\\\/index.php\\\/2023\\\/07\\\/13\\\/tanevet-ertekeltek-a-tankeruleti-kozpontok\\\/#primaryimage\"},\"image\":{\"@id\":\"https:\\\/\\\/dorogimedence.hu\\\/index.php\\\/2023\\\/07\\\/13\\\/tanevet-ertekeltek-a-tankeruleti-kozpontok\\\/#primaryimage\"},\"thumbnailUrl\":\"https:\\\/\\\/dorogimedence.hu\\\/wp-content\\\/uploads\\\/2023\\\/07\\\/kep-5_8.jpg\",\"datePublished\":\"2023-07-13T10:56:08+00:00\",\"breadcrumb\":{\"@id\":\"https:\\\/\\\/dorogimedence.hu\\\/index.php\\\/2023\\\/07\\\/13\\\/tanevet-ertekeltek-a-tankeruleti-kozpontok\\\/#breadcrumb\"},\"inLanguage\":\"hu\",\"potentialAction\":[{\"@type\":\"ReadAction\",\"target\":[\"https:\\\/\\\/dorogimedence.hu\\\/index.php\\\/2023\\\/07\\\/13\\\/tanevet-ertekeltek-a-tankeruleti-kozpontok\\\/\"]}]},{\"@type\":\"ImageObject\",\"inLanguage\":\"hu\",\"@id\":\"https:\\\/\\\/dorogimedence.hu\\\/index.php\\\/2023\\\/07\\\/13\\\/tanevet-ertekeltek-a-tankeruleti-kozpontok\\\/#primaryimage\",\"url\":\"https:\\\/\\\/dorogimedence.hu\\\/wp-content\\\/uploads\\\/2023\\\/07\\\/kep-5_8.jpg\",\"contentUrl\":\"https:\\\/\\\/dorogimedence.hu\\\/wp-content\\\/uploads\\\/2023\\\/07\\\/kep-5_8.jpg\",\"width\":750,\"height\":500},{\"@type\":\"BreadcrumbList\",\"@id\":\"https:\\\/\\\/dorogimedence.hu\\\/index.php\\\/2023\\\/07\\\/13\\\/tanevet-ertekeltek-a-tankeruleti-kozpontok\\\/#breadcrumb\",\"itemListElement\":[{\"@type\":\"ListItem\",\"position\":1,\"name\":\"Kezd\u0151lap\",\"item\":\"https:\\\/\\\/dorogimedence.hu\\\/\"},{\"@type\":\"ListItem\",\"position\":2,\"name\":\"Tan\u00e9vet \u00e9rt\u00e9keltek a tanker\u00fcleti k\u00f6zpontok\"}]},{\"@type\":\"WebSite\",\"@id\":\"https:\\\/\\\/dorogimedence.hu\\\/#website\",\"url\":\"https:\\\/\\\/dorogimedence.hu\\\/\",\"name\":\"Dorogi-medence Region\u00e1lis H\u00edrport\u00e1l\",\"description\":\"Dorog, Keszt\u00f6lc, Le\u00e1nyv\u00e1r, Piliscs\u00e9v, Tokod, Tokodalt\u00e1r\u00f3, Csolnok, Esztergom-kertv\u00e1ros: h\u00edrek, programok\",\"publisher\":{\"@id\":\"https:\\\/\\\/dorogimedence.hu\\\/#organization\"},\"potentialAction\":[{\"@type\":\"SearchAction\",\"target\":{\"@type\":\"EntryPoint\",\"urlTemplate\":\"https:\\\/\\\/dorogimedence.hu\\\/?s={search_term_string}\"},\"query-input\":{\"@type\":\"PropertyValueSpecification\",\"valueRequired\":true,\"valueName\":\"search_term_string\"}}],\"inLanguage\":\"hu\"},{\"@type\":\"Organization\",\"@id\":\"https:\\\/\\\/dorogimedence.hu\\\/#organization\",\"name\":\"Dorogi-medence Region\u00e1lis H\u00edrport\u00e1l\",\"url\":\"https:\\\/\\\/dorogimedence.hu\\\/\",\"logo\":{\"@type\":\"ImageObject\",\"inLanguage\":\"hu\",\"@id\":\"https:\\\/\\\/dorogimedence.hu\\\/#\\\/schema\\\/logo\\\/image\\\/\",\"url\":\"https:\\\/\\\/dorogimedence.hu\\\/wp-content\\\/uploads\\\/2021\\\/04\\\/logo-feher-600.png\",\"contentUrl\":\"https:\\\/\\\/dorogimedence.hu\\\/wp-content\\\/uploads\\\/2021\\\/04\\\/logo-feher-600.png\",\"width\":600,\"height\":100,\"caption\":\"Dorogi-medence Region\u00e1lis H\u00edrport\u00e1l\"},\"image\":{\"@id\":\"https:\\\/\\\/dorogimedence.hu\\\/#\\\/schema\\\/logo\\\/image\\\/\"},\"sameAs\":[\"https:\\\/\\\/www.facebook.com\\\/dorogimedence\\\/\"]},{\"@type\":\"Person\",\"@id\":\"https:\\\/\\\/dorogimedence.hu\\\/#\\\/schema\\\/person\\\/ce6091eeb7e95ecdc87890d6aa8e0fd4\",\"name\":\"dorogimedence.hu\",\"image\":{\"@type\":\"ImageObject\",\"inLanguage\":\"hu\",\"@id\":\"\\\/\\\/www.gravatar.com\\\/avatar\\\/d8d45f8901aadff40a4af72c0b826f1d?s=96&#038;r=g&#038;d=mm\",\"url\":\"\\\/\\\/www.gravatar.com\\\/avatar\\\/d8d45f8901aadff40a4af72c0b826f1d?s=96&#038;r=g&#038;d=mm\",\"contentUrl\":\"\\\/\\\/www.gravatar.com\\\/avatar\\\/d8d45f8901aadff40a4af72c0b826f1d?s=96&#038;r=g&#038;d=mm\",\"caption\":\"dorogimedence.hu\"}}]}<\/script>\n<!-- \/ Yoast SEO plugin. -->","yoast_head_json":{"title":"Tan\u00e9vet \u00e9rt\u00e9keltek a tanker\u00fcleti k\u00f6zpontok","robots":{"index":"index","follow":"follow","max-snippet":"max-snippet:-1","max-image-preview":"max-image-preview:large","max-video-preview":"max-video-preview:-1"},"canonical":"https:\/\/dorogimedence.hu\/index.php\/2023\/07\/13\/tanevet-ertekeltek-a-tankeruleti-kozpontok\/","og_locale":"hu_HU","og_type":"article","og_title":"Tan\u00e9vet \u00e9rt\u00e9keltek a tanker\u00fcleti k\u00f6zpontok","og_description":"Az iskola\u0151rs\u00e9g fenn\u00e1ll\u00e1sa \u00f3ta k\u00f6z\u00f6s feladat, hogy az aktu\u00e1lis tan\u00e9v v\u00e9gezt\u00e9vel, azt k\u00f6z\u00f6sen \u00e9rt\u00e9kelik az egy\u00fcttm\u0171k\u00f6d\u0151 partnerek, egyben c\u00e9lokat t\u0171znek ki a j\u00f6v\u0151re vonatkoz\u00f3an. A tanker\u00fcleti k\u00f6zpontok, szakk\u00e9pz\u00e9si centrum \u00e9s az \u00e9rintett oktat\u00e1si int\u00e9zm\u00e9nyek vezet\u0151i, pedag\u00f3gusai, valamint a rend\u0151rs\u00e9g szakemberei ezt tett\u00e9k a v\u00e1rmegyei rend\u0151rf\u0151kapit\u00e1nys\u00e1g \u00e1ltal szervezett f\u00f3rumon 2023. j\u00falius 11-\u00e9n. Az egyes int\u00e9zm\u00e9nyvezet\u0151k, munkat\u00e1rsak","og_url":"https:\/\/dorogimedence.hu\/index.php\/2023\/07\/13\/tanevet-ertekeltek-a-tankeruleti-kozpontok\/","og_site_name":"Dorogi-medence Region\u00e1lis H\u00edrport\u00e1l","article_publisher":"https:\/\/www.facebook.com\/dorogimedence\/","article_published_time":"2023-07-13T10:56:08+00:00","og_image":[{"width":750,"height":500,"url":"https:\/\/dorogimedence.hu\/wp-content\/uploads\/2023\/07\/kep-5_8.jpg","type":"image\/jpeg"}],"author":"dorogimedence.hu","twitter_card":"summary_large_image","twitter_misc":{"Szerz\u0151:":"dorogimedence.hu","Becs\u00fclt olvas\u00e1si id\u0151":"3 perc"},"schema":{"@context":"https:\/\/schema.org","@graph":[{"@type":"Article","@id":"https:\/\/dorogimedence.hu\/index.php\/2023\/07\/13\/tanevet-ertekeltek-a-tankeruleti-kozpontok\/#article","isPartOf":{"@id":"https:\/\/dorogimedence.hu\/index.php\/2023\/07\/13\/tanevet-ertekeltek-a-tankeruleti-kozpontok\/"},"author":{"name":"dorogimedence.hu","@id":"https:\/\/dorogimedence.hu\/#\/schema\/person\/ce6091eeb7e95ecdc87890d6aa8e0fd4"},"headline":"Tan\u00e9vet \u00e9rt\u00e9keltek a tanker\u00fcleti k\u00f6zpontok","datePublished":"2023-07-13T10:56:08+00:00","mainEntityOfPage":{"@id":"https:\/\/dorogimedence.hu\/index.php\/2023\/07\/13\/tanevet-ertekeltek-a-tankeruleti-kozpontok\/"},"wordCount":559,"publisher":{"@id":"https:\/\/dorogimedence.hu\/#organization"},"image":{"@id":"https:\/\/dorogimedence.hu\/index.php\/2023\/07\/13\/tanevet-ertekeltek-a-tankeruleti-kozpontok\/#primaryimage"},"thumbnailUrl":"https:\/\/dorogimedence.hu\/wp-content\/uploads\/2023\/07\/kep-5_8.jpg","keywords":["esztergom","Kom\u00e1rom-Esztergom v\u00e1rmegye","rend\u0151rs\u00e9gi h\u00edrek","tanker\u00fclet"],"articleSection":["Esztergom","H\u00edrek","Kom\u00e1rom-Esztergom"],"inLanguage":"hu"},{"@type":"WebPage","@id":"https:\/\/dorogimedence.hu\/index.php\/2023\/07\/13\/tanevet-ertekeltek-a-tankeruleti-kozpontok\/","url":"https:\/\/dorogimedence.hu\/index.php\/2023\/07\/13\/tanevet-ertekeltek-a-tankeruleti-kozpontok\/","name":"Tan\u00e9vet \u00e9rt\u00e9keltek a tanker\u00fcleti k\u00f6zpontok","isPartOf":{"@id":"https:\/\/dorogimedence.hu\/#website"},"primaryImageOfPage":{"@id":"https:\/\/dorogimedence.hu\/index.php\/2023\/07\/13\/tanevet-ertekeltek-a-tankeruleti-kozpontok\/#primaryimage"},"image":{"@id":"https:\/\/dorogimedence.hu\/index.php\/2023\/07\/13\/tanevet-ertekeltek-a-tankeruleti-kozpontok\/#primaryimage"},"thumbnailUrl":"https:\/\/dorogimedence.hu\/wp-content\/uploads\/2023\/07\/kep-5_8.jpg","datePublished":"2023-07-13T10:56:08+00:00","breadcrumb":{"@id":"https:\/\/dorogimedence.hu\/index.php\/2023\/07\/13\/tanevet-ertekeltek-a-tankeruleti-kozpontok\/#breadcrumb"},"inLanguage":"hu","potentialAction":[{"@type":"ReadAction","target":["https:\/\/dorogimedence.hu\/index.php\/2023\/07\/13\/tanevet-ertekeltek-a-tankeruleti-kozpontok\/"]}]},{"@type":"ImageObject","inLanguage":"hu","@id":"https:\/\/dorogimedence.hu\/index.php\/2023\/07\/13\/tanevet-ertekeltek-a-tankeruleti-kozpontok\/#primaryimage","url":"https:\/\/dorogimedence.hu\/wp-content\/uploads\/2023\/07\/kep-5_8.jpg","contentUrl":"https:\/\/dorogimedence.hu\/wp-content\/uploads\/2023\/07\/kep-5_8.jpg","width":750,"height":500},{"@type":"BreadcrumbList","@id":"https:\/\/dorogimedence.hu\/index.php\/2023\/07\/13\/tanevet-ertekeltek-a-tankeruleti-kozpontok\/#breadcrumb","itemListElement":[{"@type":"ListItem","position":1,"name":"Kezd\u0151lap","item":"https:\/\/dorogimedence.hu\/"},{"@type":"ListItem","position":2,"name":"Tan\u00e9vet \u00e9rt\u00e9keltek a tanker\u00fcleti k\u00f6zpontok"}]},{"@type":"WebSite","@id":"https:\/\/dorogimedence.hu\/#website","url":"https:\/\/dorogimedence.hu\/","name":"Dorogi-medence Region\u00e1lis H\u00edrport\u00e1l","description":"Dorog, Keszt\u00f6lc, Le\u00e1nyv\u00e1r, Piliscs\u00e9v, Tokod, Tokodalt\u00e1r\u00f3, Csolnok, Esztergom-kertv\u00e1ros: h\u00edrek, programok","publisher":{"@id":"https:\/\/dorogimedence.hu\/#organization"},"potentialAction":[{"@type":"SearchAction","target":{"@type":"EntryPoint","urlTemplate":"https:\/\/dorogimedence.hu\/?s={search_term_string}"},"query-input":{"@type":"PropertyValueSpecification","valueRequired":true,"valueName":"search_term_string"}}],"inLanguage":"hu"},{"@type":"Organization","@id":"https:\/\/dorogimedence.hu\/#organization","name":"Dorogi-medence Region\u00e1lis H\u00edrport\u00e1l","url":"https:\/\/dorogimedence.hu\/","logo":{"@type":"ImageObject","inLanguage":"hu","@id":"https:\/\/dorogimedence.hu\/#\/schema\/logo\/image\/","url":"https:\/\/dorogimedence.hu\/wp-content\/uploads\/2021\/04\/logo-feher-600.png","contentUrl":"https:\/\/dorogimedence.hu\/wp-content\/uploads\/2021\/04\/logo-feher-600.png","width":600,"height":100,"caption":"Dorogi-medence Region\u00e1lis H\u00edrport\u00e1l"},"image":{"@id":"https:\/\/dorogimedence.hu\/#\/schema\/logo\/image\/"},"sameAs":["https:\/\/www.facebook.com\/dorogimedence\/"]},{"@type":"Person","@id":"https:\/\/dorogimedence.hu\/#\/schema\/person\/ce6091eeb7e95ecdc87890d6aa8e0fd4","name":"dorogimedence.hu","image":{"@type":"ImageObject","inLanguage":"hu","@id":"\/\/www.gravatar.com\/avatar\/d8d45f8901aadff40a4af72c0b826f1d?s=96&#038;r=g&#038;d=mm","url":"\/\/www.gravatar.com\/avatar\/d8d45f8901aadff40a4af72c0b826f1d?s=96&#038;r=g&#038;d=mm","contentUrl":"\/\/www.gravatar.com\/avatar\/d8d45f8901aadff40a4af72c0b826f1d?s=96&#038;r=g&#038;d=mm","caption":"dorogimedence.hu"}}]}},"_links":{"self":[{"href":"https:\/\/dorogimedence.hu\/index.php\/wp-json\/wp\/v2\/posts\/54791","targetHints":{"allow":["GET"]}}],"collection":[{"href":"https:\/\/dorogimedence.hu\/index.php\/wp-json\/wp\/v2\/posts"}],"about":[{"href":"https:\/\/dorogimedence.hu\/index.php\/wp-json\/wp\/v2\/types\/post"}],"author":[{"embeddable":true,"href":"https:\/\/dorogimedence.hu\/index.php\/wp-json\/wp\/v2\/users\/1"}],"replies":[{"embeddable":true,"href":"https:\/\/dorogimedence.hu\/index.php\/wp-json\/wp\/v2\/comments?post=54791"}],"version-history":[{"count":0,"href":"https:\/\/dorogimedence.hu\/index.php\/wp-json\/wp\/v2\/posts\/54791\/revisions"}],"wp:featuredmedia":[{"embeddable":true,"href":"https:\/\/dorogimedence.hu\/index.php\/wp-json\/wp\/v2\/media\/54792"}],"wp:attachment":[{"href":"https:\/\/dorogimedence.hu\/index.php\/wp-json\/wp\/v2\/media?parent=54791"}],"wp:term":[{"taxonomy":"category","embeddable":true,"href":"https:\/\/dorogimedence.hu\/index.php\/wp-json\/wp\/v2\/categories?post=54791"},{"taxonomy":"post_tag","embeddable":true,"href":"https:\/\/dorogimedence.hu\/index.php\/wp-json\/wp\/v2\/tags?post=54791"}],"curies":[{"name":"wp","href":"https:\/\/api.w.org\/{rel}","templated":true}]}}