{"id":54761,"date":"2023-07-10T14:00:45","date_gmt":"2023-07-10T12:00:45","guid":{"rendered":"https:\/\/dorogimedence.hu\/?p=54761"},"modified":"2023-07-10T14:00:45","modified_gmt":"2023-07-10T12:00:45","slug":"33-eves-a-leanyvari-judo-egyesulet","status":"publish","type":"post","link":"https:\/\/dorogimedence.hu\/index.php\/2023\/07\/10\/33-eves-a-leanyvari-judo-egyesulet\/","title":{"rendered":"33 \u00e9ves a Le\u00e1nyv\u00e1ri Judo Egyes\u00fclet"},"content":{"rendered":"<p><strong>33 \u00e9ves lett a Le\u00e1nyv\u00e1ri Judo Egyes\u00fclet. Ebb\u0151l az alkalomb\u00f3l ki\u00e1ll\u00edt\u00e1st szerveztek a Farkas J\u00e1nos M\u0171vel\u0151d\u00e9si H\u00e1zban.<\/strong><\/p>\n<p>Az egyes\u00fclet az elm\u00falt 33 \u00e9v sor\u00e1n jelent\u0151s sikereket \u00e9rt el nemzetk\u00f6zi versenyeken, \u00e9s ezeket a serlegeket \u00e9s mozaikokat egy gy\u00f6ny\u00f6r\u0171 ki\u00e1ll\u00edt\u00e1son mutatt\u00e1k be a szakoszt\u00e1ly tagjai. A ki\u00e1ll\u00edt\u00e1s lehet\u0151s\u00e9get ny\u00fajtott az \u00e9rdekl\u0151d\u0151knek, hogy betekint\u00e9st nyerjenek a klub t\u00f6rt\u00e9net\u00e9be \u00e9s eredm\u00e9nyeibe, valamint megcsod\u00e1lj\u00e1k a rengeteg elismer\u00e9st, melyeket a judosok az \u00e9vek sor\u00e1n megszereztek.<\/p>\n<p>Az al\u00e1bbi orsz\u00e1gokban nyertek a versenyz\u0151k serlegeket \u00e9s mozaikokat: Ausztria, N\u00e9metorsz\u00e1g, Sv\u00e1jc, Olaszorsz\u00e1g, Szlov\u00e9nia, Szlov\u00e1kia, Horv\u00e1torsz\u00e1g, Csehorsz\u00e1g, Lengyelorsz\u00e1g, USA, \u00c9szak-\u00cdrorsz\u00e1g, Kanada, Belgium.<\/p>\n<p>A le\u00e1nyv\u00e1ri judosok sikeresen szerepeltek ezeken a versenyeken, sz\u00e1mos elismer\u00e9st \u00e9s d\u00edjat begy\u0171jtve. Ezek az eredm\u00e9nyek bizony\u00edtj\u00e1k az egyes\u00fclet tagjainak tehets\u00e9g\u00e9t, elk\u00f6telezetts\u00e9g\u00e9t \u00e9s kem\u00e9ny munk\u00e1j\u00e1t a judo sport\u00e1g\u00e1ban.<\/p>\n<p><img fetchpriority=\"high\" decoding=\"async\" class=\"alignnone size-full wp-image-54763\" src=\"https:\/\/dorogimedence.hu\/wp-content\/uploads\/2023\/07\/LSE_33evf_kiallitas.jpg\" alt=\"\" width=\"2189\" height=\"1459\" srcset=\"https:\/\/dorogimedence.hu\/wp-content\/uploads\/2023\/07\/LSE_33evf_kiallitas.jpg 2189w, https:\/\/dorogimedence.hu\/wp-content\/uploads\/2023\/07\/LSE_33evf_kiallitas-600x400.jpg 600w, https:\/\/dorogimedence.hu\/wp-content\/uploads\/2023\/07\/LSE_33evf_kiallitas-1920x1280.jpg 1920w, https:\/\/dorogimedence.hu\/wp-content\/uploads\/2023\/07\/LSE_33evf_kiallitas-768x512.jpg 768w, https:\/\/dorogimedence.hu\/wp-content\/uploads\/2023\/07\/LSE_33evf_kiallitas-1536x1024.jpg 1536w, https:\/\/dorogimedence.hu\/wp-content\/uploads\/2023\/07\/LSE_33evf_kiallitas-2048x1365.jpg 2048w, https:\/\/dorogimedence.hu\/wp-content\/uploads\/2023\/07\/LSE_33evf_kiallitas-150x100.jpg 150w, https:\/\/dorogimedence.hu\/wp-content\/uploads\/2023\/07\/LSE_33evf_kiallitas-450x300.jpg 450w, https:\/\/dorogimedence.hu\/wp-content\/uploads\/2023\/07\/LSE_33evf_kiallitas-1200x800.jpg 1200w, https:\/\/dorogimedence.hu\/wp-content\/uploads\/2023\/07\/LSE_33evf_kiallitas-272x182.jpg 272w\" sizes=\"(max-width: 2189px) 100vw, 2189px\" \/><\/p>\n<p>A d\u00edj\u00e1tad\u00f3 \u00fcnneps\u00e9g egy kiv\u00e1l\u00f3 alkalom volt arra, hogy a Le\u00e1nyv\u00e1ri Judo Egyes\u00fclet tagjai \u00e9s a t\u00e1mogat\u00f3k meg\u00fcnnepelj\u00e9k az egyes\u00fclet eddigi eredm\u00e9nyeit \u00e9s sikereit. Ez a rendezv\u00e9ny lehet\u0151v\u00e9 tette, hogy elismerj\u00e9k a jud\u00f3sok kem\u00e9ny munk\u00e1j\u00e1t \u00e9s elk\u00f6telezetts\u00e9g\u00e9t, valamint hogy k\u00f6sz\u00f6netet mondjanak mindazoknak, akik hozz\u00e1j\u00e1rultak ehhez a hossz\u00fa \u00e9s sikeres \u00fathoz.<\/p>\n<p>Az \u00fcnneps\u00e9gen r\u00e9szt vettek: F\u00e1ri Csaba, Le\u00e1nyv\u00e1r polg\u00e1rmestere, Kosztk\u00e1n\u00e9 Rokolya Bernadett, Piliscs\u00e9v polg\u00e1rmestere, Bal\u00e1zs M\u00e1rta Mariann, Piliscs\u00e9v-Le\u00e1nyv\u00e1r jegyz\u0151je, Nagyn\u00e9 Engler Zsuzsa, Le\u00e1nyv\u00e1ri Erd\u00e9ly Jen\u0151 Iskola Igazgat\u00f3ja, Papp P\u00e1l, Le\u00e1nyv\u00e1ri \u00d6nkorm\u00e1nyzat k\u00e9pvisel\u0151je, Szikor\u00e1n\u00e9 Bur\u00e1nyi Rita, Le\u00e1nyv\u00e1ri \u00d6nkorm\u00e1nyzat k\u00e9pvisel\u0151je, T\u00f3th J\u00e1nos, t\u00e1mogat\u00f3, Bogn\u00e1rn\u00e9 dr. Solymosk\u00f6vi Veronika, Le\u00e1nyv\u00e1ri SE eln\u00f6ke, Valuska Krisztina, Le\u00e1nyv\u00e1ri SE titk\u00e1ra, Pfluger Antaln\u00e9 \u00e9s Pfluger Antal, 33 \u00e9ve szervez\u0151k \u00e9s edz\u0151k.<\/p>\n<p>Le\u00e1nyv\u00e1ri SE jutalmazott versenyz\u0151i: dr. Vadas D\u00e1niel, Farag\u00f3 Norbert, Hertlik Istv\u00e1n edz\u0151, Hertlik M\u00e1t\u00e9, Hertlik N\u00f3ra, Hertlik P\u00e9ter, Leg\u00e9ny M\u00f3nika, Ol\u00e1h Szil\u00e1rd, Szlov\u00e1k Csaba,Szlov\u00e1k Mih\u00e1ly,Tandi Alexa,Tandi Rebeka,Veres Kinga,Veres Nikolett,Veres Attila \u00e9s Vez\u00e9r Teofil.<\/p>\n<p>Az egyes\u00fclet k\u00f6sz\u00f6ni a Keszt\u00f6lci, Le\u00e1nyv\u00e1ri, Piliscs\u00e9vi \u00d6nkorm\u00e1nyzatok \u00e9s a Magyar Judo Sz\u00f6vets\u00e9g t\u00e1mogat\u00e1s\u00e1t.<\/p>\n<p>Gratul\u00e1lunk minden versenyz\u0151nek, b\u00edr\u00f3nak \u00e9s edz\u0151nek a hazai \u00e9s nemzetk\u00f6zi sikerekhez!<\/p>\n","protected":false},"excerpt":{"rendered":"<p>33 \u00e9ves lett a Le\u00e1nyv\u00e1ri Judo Egyes\u00fclet. Ebb\u0151l az alkalomb\u00f3l ki\u00e1ll\u00edt\u00e1st szerveztek a Farkas J\u00e1nos M\u0171vel\u0151d\u00e9si H\u00e1zban. Az egyes\u00fclet az elm\u00falt 33 \u00e9v sor\u00e1n jelent\u0151s sikereket \u00e9rt el nemzetk\u00f6zi versenyeken, \u00e9s ezeket a serlegeket \u00e9s mozaikokat egy gy\u00f6ny\u00f6r\u0171 ki\u00e1ll\u00edt\u00e1son mutatt\u00e1k be a szakoszt\u00e1ly tagjai. A ki\u00e1ll\u00edt\u00e1s lehet\u0151s\u00e9get ny\u00fajtott az \u00e9rdekl\u0151d\u0151knek, hogy betekint\u00e9st nyerjenek a klub<\/p>\n","protected":false},"author":1,"featured_media":54762,"comment_status":"closed","ping_status":"closed","sticky":false,"template":"","format":"standard","meta":{"ngg_post_thumbnail":0,"footnotes":""},"categories":[3,9,5],"tags":[217,55,16],"class_list":{"0":"post-54761","1":"post","2":"type-post","3":"status-publish","4":"format-standard","5":"has-post-thumbnail","7":"category-hirek","8":"category-leanyvar","9":"category-sport","10":"tag-judo","11":"tag-leanyvar","12":"tag-sport"},"yoast_head":"<!-- This site is optimized with the Yoast SEO plugin v27.5 - https:\/\/yoast.com\/product\/yoast-seo-wordpress\/ -->\n<title>33 \u00e9ves a Le\u00e1nyv\u00e1ri Judo Egyes\u00fclet<\/title>\n<meta name=\"robots\" content=\"index, follow, max-snippet:-1, max-image-preview:large, max-video-preview:-1\" \/>\n<link rel=\"canonical\" href=\"https:\/\/dorogimedence.hu\/index.php\/2023\/07\/10\/33-eves-a-leanyvari-judo-egyesulet\/\" class=\"yoast-seo-meta-tag\" \/>\n<meta property=\"og:locale\" content=\"hu_HU\" class=\"yoast-seo-meta-tag\" \/>\n<meta property=\"og:type\" content=\"article\" class=\"yoast-seo-meta-tag\" \/>\n<meta property=\"og:title\" content=\"33 \u00e9ves a Le\u00e1nyv\u00e1ri Judo Egyes\u00fclet\" class=\"yoast-seo-meta-tag\" \/>\n<meta property=\"og:description\" content=\"33 \u00e9ves lett a Le\u00e1nyv\u00e1ri Judo Egyes\u00fclet. Ebb\u0151l az alkalomb\u00f3l ki\u00e1ll\u00edt\u00e1st szerveztek a Farkas J\u00e1nos M\u0171vel\u0151d\u00e9si H\u00e1zban. Az egyes\u00fclet az elm\u00falt 33 \u00e9v sor\u00e1n jelent\u0151s sikereket \u00e9rt el nemzetk\u00f6zi versenyeken, \u00e9s ezeket a serlegeket \u00e9s mozaikokat egy gy\u00f6ny\u00f6r\u0171 ki\u00e1ll\u00edt\u00e1son mutatt\u00e1k be a szakoszt\u00e1ly tagjai. A ki\u00e1ll\u00edt\u00e1s lehet\u0151s\u00e9get ny\u00fajtott az \u00e9rdekl\u0151d\u0151knek, hogy betekint\u00e9st nyerjenek a klub\" class=\"yoast-seo-meta-tag\" \/>\n<meta property=\"og:url\" content=\"https:\/\/dorogimedence.hu\/index.php\/2023\/07\/10\/33-eves-a-leanyvari-judo-egyesulet\/\" class=\"yoast-seo-meta-tag\" \/>\n<meta property=\"og:site_name\" content=\"Dorogi-medence Region\u00e1lis H\u00edrport\u00e1l\" class=\"yoast-seo-meta-tag\" \/>\n<meta property=\"article:publisher\" content=\"https:\/\/www.facebook.com\/dorogimedence\/\" class=\"yoast-seo-meta-tag\" \/>\n<meta property=\"article:published_time\" content=\"2023-07-10T12:00:45+00:00\" class=\"yoast-seo-meta-tag\" \/>\n<meta property=\"og:image\" content=\"https:\/\/dorogimedence.hu\/wp-content\/uploads\/2023\/07\/leanyvar-judo-01.jpg\" class=\"yoast-seo-meta-tag\" \/>\n\t<meta property=\"og:image:width\" content=\"1920\" class=\"yoast-seo-meta-tag\" \/>\n\t<meta property=\"og:image:height\" content=\"970\" class=\"yoast-seo-meta-tag\" \/>\n\t<meta property=\"og:image:type\" content=\"image\/jpeg\" class=\"yoast-seo-meta-tag\" \/>\n<meta name=\"author\" content=\"dorogimedence.hu\" class=\"yoast-seo-meta-tag\" \/>\n<meta name=\"twitter:card\" content=\"summary_large_image\" class=\"yoast-seo-meta-tag\" \/>\n<meta name=\"twitter:label1\" content=\"Szerz\u0151:\" class=\"yoast-seo-meta-tag\" \/>\n\t<meta name=\"twitter:data1\" content=\"dorogimedence.hu\" class=\"yoast-seo-meta-tag\" \/>\n\t<meta name=\"twitter:label2\" content=\"Becs\u00fclt olvas\u00e1si id\u0151\" class=\"yoast-seo-meta-tag\" \/>\n\t<meta name=\"twitter:data2\" content=\"2 perc\" class=\"yoast-seo-meta-tag\" \/>\n<script type=\"application\/ld+json\" class=\"yoast-schema-graph\">{\"@context\":\"https:\\\/\\\/schema.org\",\"@graph\":[{\"@type\":\"Article\",\"@id\":\"https:\\\/\\\/dorogimedence.hu\\\/index.php\\\/2023\\\/07\\\/10\\\/33-eves-a-leanyvari-judo-egyesulet\\\/#article\",\"isPartOf\":{\"@id\":\"https:\\\/\\\/dorogimedence.hu\\\/index.php\\\/2023\\\/07\\\/10\\\/33-eves-a-leanyvari-judo-egyesulet\\\/\"},\"author\":{\"name\":\"dorogimedence.hu\",\"@id\":\"https:\\\/\\\/dorogimedence.hu\\\/#\\\/schema\\\/person\\\/ce6091eeb7e95ecdc87890d6aa8e0fd4\"},\"headline\":\"33 \u00e9ves a Le\u00e1nyv\u00e1ri Judo Egyes\u00fclet\",\"datePublished\":\"2023-07-10T12:00:45+00:00\",\"mainEntityOfPage\":{\"@id\":\"https:\\\/\\\/dorogimedence.hu\\\/index.php\\\/2023\\\/07\\\/10\\\/33-eves-a-leanyvari-judo-egyesulet\\\/\"},\"wordCount\":485,\"publisher\":{\"@id\":\"https:\\\/\\\/dorogimedence.hu\\\/#organization\"},\"image\":{\"@id\":\"https:\\\/\\\/dorogimedence.hu\\\/index.php\\\/2023\\\/07\\\/10\\\/33-eves-a-leanyvari-judo-egyesulet\\\/#primaryimage\"},\"thumbnailUrl\":\"https:\\\/\\\/dorogimedence.hu\\\/wp-content\\\/uploads\\\/2023\\\/07\\\/leanyvar-judo-01.jpg\",\"keywords\":[\"judo\",\"le\u00e1nyv\u00e1r\",\"sport\"],\"articleSection\":[\"H\u00edrek\",\"Le\u00e1nyv\u00e1r\",\"Sport\"],\"inLanguage\":\"hu\"},{\"@type\":\"WebPage\",\"@id\":\"https:\\\/\\\/dorogimedence.hu\\\/index.php\\\/2023\\\/07\\\/10\\\/33-eves-a-leanyvari-judo-egyesulet\\\/\",\"url\":\"https:\\\/\\\/dorogimedence.hu\\\/index.php\\\/2023\\\/07\\\/10\\\/33-eves-a-leanyvari-judo-egyesulet\\\/\",\"name\":\"33 \u00e9ves a Le\u00e1nyv\u00e1ri Judo Egyes\u00fclet\",\"isPartOf\":{\"@id\":\"https:\\\/\\\/dorogimedence.hu\\\/#website\"},\"primaryImageOfPage\":{\"@id\":\"https:\\\/\\\/dorogimedence.hu\\\/index.php\\\/2023\\\/07\\\/10\\\/33-eves-a-leanyvari-judo-egyesulet\\\/#primaryimage\"},\"image\":{\"@id\":\"https:\\\/\\\/dorogimedence.hu\\\/index.php\\\/2023\\\/07\\\/10\\\/33-eves-a-leanyvari-judo-egyesulet\\\/#primaryimage\"},\"thumbnailUrl\":\"https:\\\/\\\/dorogimedence.hu\\\/wp-content\\\/uploads\\\/2023\\\/07\\\/leanyvar-judo-01.jpg\",\"datePublished\":\"2023-07-10T12:00:45+00:00\",\"breadcrumb\":{\"@id\":\"https:\\\/\\\/dorogimedence.hu\\\/index.php\\\/2023\\\/07\\\/10\\\/33-eves-a-leanyvari-judo-egyesulet\\\/#breadcrumb\"},\"inLanguage\":\"hu\",\"potentialAction\":[{\"@type\":\"ReadAction\",\"target\":[\"https:\\\/\\\/dorogimedence.hu\\\/index.php\\\/2023\\\/07\\\/10\\\/33-eves-a-leanyvari-judo-egyesulet\\\/\"]}]},{\"@type\":\"ImageObject\",\"inLanguage\":\"hu\",\"@id\":\"https:\\\/\\\/dorogimedence.hu\\\/index.php\\\/2023\\\/07\\\/10\\\/33-eves-a-leanyvari-judo-egyesulet\\\/#primaryimage\",\"url\":\"https:\\\/\\\/dorogimedence.hu\\\/wp-content\\\/uploads\\\/2023\\\/07\\\/leanyvar-judo-01.jpg\",\"contentUrl\":\"https:\\\/\\\/dorogimedence.hu\\\/wp-content\\\/uploads\\\/2023\\\/07\\\/leanyvar-judo-01.jpg\",\"width\":1920,\"height\":970},{\"@type\":\"BreadcrumbList\",\"@id\":\"https:\\\/\\\/dorogimedence.hu\\\/index.php\\\/2023\\\/07\\\/10\\\/33-eves-a-leanyvari-judo-egyesulet\\\/#breadcrumb\",\"itemListElement\":[{\"@type\":\"ListItem\",\"position\":1,\"name\":\"Kezd\u0151lap\",\"item\":\"https:\\\/\\\/dorogimedence.hu\\\/\"},{\"@type\":\"ListItem\",\"position\":2,\"name\":\"33 \u00e9ves a Le\u00e1nyv\u00e1ri Judo Egyes\u00fclet\"}]},{\"@type\":\"WebSite\",\"@id\":\"https:\\\/\\\/dorogimedence.hu\\\/#website\",\"url\":\"https:\\\/\\\/dorogimedence.hu\\\/\",\"name\":\"Dorogi-medence Region\u00e1lis H\u00edrport\u00e1l\",\"description\":\"Dorog, Keszt\u00f6lc, Le\u00e1nyv\u00e1r, Piliscs\u00e9v, Tokod, Tokodalt\u00e1r\u00f3, Csolnok, Esztergom-kertv\u00e1ros: h\u00edrek, programok\",\"publisher\":{\"@id\":\"https:\\\/\\\/dorogimedence.hu\\\/#organization\"},\"potentialAction\":[{\"@type\":\"SearchAction\",\"target\":{\"@type\":\"EntryPoint\",\"urlTemplate\":\"https:\\\/\\\/dorogimedence.hu\\\/?s={search_term_string}\"},\"query-input\":{\"@type\":\"PropertyValueSpecification\",\"valueRequired\":true,\"valueName\":\"search_term_string\"}}],\"inLanguage\":\"hu\"},{\"@type\":\"Organization\",\"@id\":\"https:\\\/\\\/dorogimedence.hu\\\/#organization\",\"name\":\"Dorogi-medence Region\u00e1lis H\u00edrport\u00e1l\",\"url\":\"https:\\\/\\\/dorogimedence.hu\\\/\",\"logo\":{\"@type\":\"ImageObject\",\"inLanguage\":\"hu\",\"@id\":\"https:\\\/\\\/dorogimedence.hu\\\/#\\\/schema\\\/logo\\\/image\\\/\",\"url\":\"https:\\\/\\\/dorogimedence.hu\\\/wp-content\\\/uploads\\\/2021\\\/04\\\/logo-feher-600.png\",\"contentUrl\":\"https:\\\/\\\/dorogimedence.hu\\\/wp-content\\\/uploads\\\/2021\\\/04\\\/logo-feher-600.png\",\"width\":600,\"height\":100,\"caption\":\"Dorogi-medence Region\u00e1lis H\u00edrport\u00e1l\"},\"image\":{\"@id\":\"https:\\\/\\\/dorogimedence.hu\\\/#\\\/schema\\\/logo\\\/image\\\/\"},\"sameAs\":[\"https:\\\/\\\/www.facebook.com\\\/dorogimedence\\\/\"]},{\"@type\":\"Person\",\"@id\":\"https:\\\/\\\/dorogimedence.hu\\\/#\\\/schema\\\/person\\\/ce6091eeb7e95ecdc87890d6aa8e0fd4\",\"name\":\"dorogimedence.hu\",\"image\":{\"@type\":\"ImageObject\",\"inLanguage\":\"hu\",\"@id\":\"\\\/\\\/www.gravatar.com\\\/avatar\\\/d8d45f8901aadff40a4af72c0b826f1d?s=96&#038;r=g&#038;d=mm\",\"url\":\"\\\/\\\/www.gravatar.com\\\/avatar\\\/d8d45f8901aadff40a4af72c0b826f1d?s=96&#038;r=g&#038;d=mm\",\"contentUrl\":\"\\\/\\\/www.gravatar.com\\\/avatar\\\/d8d45f8901aadff40a4af72c0b826f1d?s=96&#038;r=g&#038;d=mm\",\"caption\":\"dorogimedence.hu\"}}]}<\/script>\n<!-- \/ Yoast SEO plugin. -->","yoast_head_json":{"title":"33 \u00e9ves a Le\u00e1nyv\u00e1ri Judo Egyes\u00fclet","robots":{"index":"index","follow":"follow","max-snippet":"max-snippet:-1","max-image-preview":"max-image-preview:large","max-video-preview":"max-video-preview:-1"},"canonical":"https:\/\/dorogimedence.hu\/index.php\/2023\/07\/10\/33-eves-a-leanyvari-judo-egyesulet\/","og_locale":"hu_HU","og_type":"article","og_title":"33 \u00e9ves a Le\u00e1nyv\u00e1ri Judo Egyes\u00fclet","og_description":"33 \u00e9ves lett a Le\u00e1nyv\u00e1ri Judo Egyes\u00fclet. Ebb\u0151l az alkalomb\u00f3l ki\u00e1ll\u00edt\u00e1st szerveztek a Farkas J\u00e1nos M\u0171vel\u0151d\u00e9si H\u00e1zban. Az egyes\u00fclet az elm\u00falt 33 \u00e9v sor\u00e1n jelent\u0151s sikereket \u00e9rt el nemzetk\u00f6zi versenyeken, \u00e9s ezeket a serlegeket \u00e9s mozaikokat egy gy\u00f6ny\u00f6r\u0171 ki\u00e1ll\u00edt\u00e1son mutatt\u00e1k be a szakoszt\u00e1ly tagjai. A ki\u00e1ll\u00edt\u00e1s lehet\u0151s\u00e9get ny\u00fajtott az \u00e9rdekl\u0151d\u0151knek, hogy betekint\u00e9st nyerjenek a klub","og_url":"https:\/\/dorogimedence.hu\/index.php\/2023\/07\/10\/33-eves-a-leanyvari-judo-egyesulet\/","og_site_name":"Dorogi-medence Region\u00e1lis H\u00edrport\u00e1l","article_publisher":"https:\/\/www.facebook.com\/dorogimedence\/","article_published_time":"2023-07-10T12:00:45+00:00","og_image":[{"width":1920,"height":970,"url":"https:\/\/dorogimedence.hu\/wp-content\/uploads\/2023\/07\/leanyvar-judo-01.jpg","type":"image\/jpeg"}],"author":"dorogimedence.hu","twitter_card":"summary_large_image","twitter_misc":{"Szerz\u0151:":"dorogimedence.hu","Becs\u00fclt olvas\u00e1si id\u0151":"2 perc"},"schema":{"@context":"https:\/\/schema.org","@graph":[{"@type":"Article","@id":"https:\/\/dorogimedence.hu\/index.php\/2023\/07\/10\/33-eves-a-leanyvari-judo-egyesulet\/#article","isPartOf":{"@id":"https:\/\/dorogimedence.hu\/index.php\/2023\/07\/10\/33-eves-a-leanyvari-judo-egyesulet\/"},"author":{"name":"dorogimedence.hu","@id":"https:\/\/dorogimedence.hu\/#\/schema\/person\/ce6091eeb7e95ecdc87890d6aa8e0fd4"},"headline":"33 \u00e9ves a Le\u00e1nyv\u00e1ri Judo Egyes\u00fclet","datePublished":"2023-07-10T12:00:45+00:00","mainEntityOfPage":{"@id":"https:\/\/dorogimedence.hu\/index.php\/2023\/07\/10\/33-eves-a-leanyvari-judo-egyesulet\/"},"wordCount":485,"publisher":{"@id":"https:\/\/dorogimedence.hu\/#organization"},"image":{"@id":"https:\/\/dorogimedence.hu\/index.php\/2023\/07\/10\/33-eves-a-leanyvari-judo-egyesulet\/#primaryimage"},"thumbnailUrl":"https:\/\/dorogimedence.hu\/wp-content\/uploads\/2023\/07\/leanyvar-judo-01.jpg","keywords":["judo","le\u00e1nyv\u00e1r","sport"],"articleSection":["H\u00edrek","Le\u00e1nyv\u00e1r","Sport"],"inLanguage":"hu"},{"@type":"WebPage","@id":"https:\/\/dorogimedence.hu\/index.php\/2023\/07\/10\/33-eves-a-leanyvari-judo-egyesulet\/","url":"https:\/\/dorogimedence.hu\/index.php\/2023\/07\/10\/33-eves-a-leanyvari-judo-egyesulet\/","name":"33 \u00e9ves a Le\u00e1nyv\u00e1ri Judo Egyes\u00fclet","isPartOf":{"@id":"https:\/\/dorogimedence.hu\/#website"},"primaryImageOfPage":{"@id":"https:\/\/dorogimedence.hu\/index.php\/2023\/07\/10\/33-eves-a-leanyvari-judo-egyesulet\/#primaryimage"},"image":{"@id":"https:\/\/dorogimedence.hu\/index.php\/2023\/07\/10\/33-eves-a-leanyvari-judo-egyesulet\/#primaryimage"},"thumbnailUrl":"https:\/\/dorogimedence.hu\/wp-content\/uploads\/2023\/07\/leanyvar-judo-01.jpg","datePublished":"2023-07-10T12:00:45+00:00","breadcrumb":{"@id":"https:\/\/dorogimedence.hu\/index.php\/2023\/07\/10\/33-eves-a-leanyvari-judo-egyesulet\/#breadcrumb"},"inLanguage":"hu","potentialAction":[{"@type":"ReadAction","target":["https:\/\/dorogimedence.hu\/index.php\/2023\/07\/10\/33-eves-a-leanyvari-judo-egyesulet\/"]}]},{"@type":"ImageObject","inLanguage":"hu","@id":"https:\/\/dorogimedence.hu\/index.php\/2023\/07\/10\/33-eves-a-leanyvari-judo-egyesulet\/#primaryimage","url":"https:\/\/dorogimedence.hu\/wp-content\/uploads\/2023\/07\/leanyvar-judo-01.jpg","contentUrl":"https:\/\/dorogimedence.hu\/wp-content\/uploads\/2023\/07\/leanyvar-judo-01.jpg","width":1920,"height":970},{"@type":"BreadcrumbList","@id":"https:\/\/dorogimedence.hu\/index.php\/2023\/07\/10\/33-eves-a-leanyvari-judo-egyesulet\/#breadcrumb","itemListElement":[{"@type":"ListItem","position":1,"name":"Kezd\u0151lap","item":"https:\/\/dorogimedence.hu\/"},{"@type":"ListItem","position":2,"name":"33 \u00e9ves a Le\u00e1nyv\u00e1ri Judo Egyes\u00fclet"}]},{"@type":"WebSite","@id":"https:\/\/dorogimedence.hu\/#website","url":"https:\/\/dorogimedence.hu\/","name":"Dorogi-medence Region\u00e1lis H\u00edrport\u00e1l","description":"Dorog, Keszt\u00f6lc, Le\u00e1nyv\u00e1r, Piliscs\u00e9v, Tokod, Tokodalt\u00e1r\u00f3, Csolnok, Esztergom-kertv\u00e1ros: h\u00edrek, programok","publisher":{"@id":"https:\/\/dorogimedence.hu\/#organization"},"potentialAction":[{"@type":"SearchAction","target":{"@type":"EntryPoint","urlTemplate":"https:\/\/dorogimedence.hu\/?s={search_term_string}"},"query-input":{"@type":"PropertyValueSpecification","valueRequired":true,"valueName":"search_term_string"}}],"inLanguage":"hu"},{"@type":"Organization","@id":"https:\/\/dorogimedence.hu\/#organization","name":"Dorogi-medence Region\u00e1lis H\u00edrport\u00e1l","url":"https:\/\/dorogimedence.hu\/","logo":{"@type":"ImageObject","inLanguage":"hu","@id":"https:\/\/dorogimedence.hu\/#\/schema\/logo\/image\/","url":"https:\/\/dorogimedence.hu\/wp-content\/uploads\/2021\/04\/logo-feher-600.png","contentUrl":"https:\/\/dorogimedence.hu\/wp-content\/uploads\/2021\/04\/logo-feher-600.png","width":600,"height":100,"caption":"Dorogi-medence Region\u00e1lis H\u00edrport\u00e1l"},"image":{"@id":"https:\/\/dorogimedence.hu\/#\/schema\/logo\/image\/"},"sameAs":["https:\/\/www.facebook.com\/dorogimedence\/"]},{"@type":"Person","@id":"https:\/\/dorogimedence.hu\/#\/schema\/person\/ce6091eeb7e95ecdc87890d6aa8e0fd4","name":"dorogimedence.hu","image":{"@type":"ImageObject","inLanguage":"hu","@id":"\/\/www.gravatar.com\/avatar\/d8d45f8901aadff40a4af72c0b826f1d?s=96&#038;r=g&#038;d=mm","url":"\/\/www.gravatar.com\/avatar\/d8d45f8901aadff40a4af72c0b826f1d?s=96&#038;r=g&#038;d=mm","contentUrl":"\/\/www.gravatar.com\/avatar\/d8d45f8901aadff40a4af72c0b826f1d?s=96&#038;r=g&#038;d=mm","caption":"dorogimedence.hu"}}]}},"_links":{"self":[{"href":"https:\/\/dorogimedence.hu\/index.php\/wp-json\/wp\/v2\/posts\/54761","targetHints":{"allow":["GET"]}}],"collection":[{"href":"https:\/\/dorogimedence.hu\/index.php\/wp-json\/wp\/v2\/posts"}],"about":[{"href":"https:\/\/dorogimedence.hu\/index.php\/wp-json\/wp\/v2\/types\/post"}],"author":[{"embeddable":true,"href":"https:\/\/dorogimedence.hu\/index.php\/wp-json\/wp\/v2\/users\/1"}],"replies":[{"embeddable":true,"href":"https:\/\/dorogimedence.hu\/index.php\/wp-json\/wp\/v2\/comments?post=54761"}],"version-history":[{"count":0,"href":"https:\/\/dorogimedence.hu\/index.php\/wp-json\/wp\/v2\/posts\/54761\/revisions"}],"wp:featuredmedia":[{"embeddable":true,"href":"https:\/\/dorogimedence.hu\/index.php\/wp-json\/wp\/v2\/media\/54762"}],"wp:attachment":[{"href":"https:\/\/dorogimedence.hu\/index.php\/wp-json\/wp\/v2\/media?parent=54761"}],"wp:term":[{"taxonomy":"category","embeddable":true,"href":"https:\/\/dorogimedence.hu\/index.php\/wp-json\/wp\/v2\/categories?post=54761"},{"taxonomy":"post_tag","embeddable":true,"href":"https:\/\/dorogimedence.hu\/index.php\/wp-json\/wp\/v2\/tags?post=54761"}],"curies":[{"name":"wp","href":"https:\/\/api.w.org\/{rel}","templated":true}]}}