{"id":54758,"date":"2023-07-10T13:50:39","date_gmt":"2023-07-10T11:50:39","guid":{"rendered":"https:\/\/dorogimedence.hu\/?p=54758"},"modified":"2023-07-10T13:50:40","modified_gmt":"2023-07-10T11:50:40","slug":"vii-zsambeki-blues-piknik","status":"publish","type":"post","link":"https:\/\/dorogimedence.hu\/index.php\/2023\/07\/10\/vii-zsambeki-blues-piknik\/","title":{"rendered":"VII. Zs\u00e1mb\u00e9ki Blues Piknik"},"content":{"rendered":"<p><strong>J\u00falius 28. \u00e9s 30. k\u00f6z\u00f6tt rendezik meg a VII. Zs\u00e1mb\u00e9ki Blues Pikniket. Az esem\u00e9nyre az idei \u00e9vben is nagy szeretettel v\u00e1rnak minden blues-rajong\u00f3t az orsz\u00e1g egyik legszebb szabadt\u00e9ri rendezv\u00e9ny helysz\u00edn\u00e9n.<\/strong><\/p>\n<p><em>&#8222;Egy bar\u00e1ts\u00e1gos fesztiv\u00e1l&#8221; <\/em>&#8211; ahol minden a bluesr\u00f3l \u00e9s a bar\u00e1ts\u00e1gr\u00f3l, a k\u00f6z\u00f6ss\u00e9gr\u0151l sz\u00f3l&#8230;<\/p>\n<p>A Zs\u00e1mb\u00e9ki M\u0171vel\u0151d\u00e9si H\u00e1z vezet\u0151je Bal\u00e1zs Csilla k\u00e9t blues zen\u00e9sszel &#8211; Pfeiffer G\u00e1borral (Sonia \u00e9s a Blues and Roll) \u00e9s Benk\u0151 Zsolttal (Sonia \u00e9s a S\u00e1padtarc\u00faak, Ferenczi Gy\u00f6rgy \u00e9s a Herfli Davidson, JDC, Garda-Benk\u0151 Du\u00f3) &#8211; k\u00f6z\u00f6sen, a b\u00fcf\u00e9t \u00e9s a k\u00eds\u00e9r\u0151programok sz\u00e1m\u00e1ra helysz\u00ednt is biztos\u00edt\u00f3 helyi vend\u00e9gl\u00e1t\u00f3helyekkel \u00f6sszefogva szervezi a rendezv\u00e9nyt. A &#8222;piknik kos\u00e1rba&#8221; sokminden belef\u00e9r: a koncerteken k\u00edv\u00fcl ki\u00e1ll\u00edt\u00e1sok, k\u00f6nyvbemutat\u00f3, hangszeres workshop \u00e9s sok m\u00e1s sz\u00ednes\u00edti a programot &#8211; de a blueshoz, vagy blues zen\u00e9szekhez term\u00e9szetesen mindennek k\u00f6ze van.<\/p>\n<p>A zenei k\u00edn\u00e1latban \u00e1lland\u00f3 k\u00f6zrem\u0171k\u00f6d\u0151k a helyi \u00e9s k\u00f6rny\u00e9kbeli zenekarok &#8211; Sonia \u00e9s a Blues and Roll, Ecseri J\u00e1nos Blues Trupp, Bluesmeg\u00e1ll\u00f3 &#8211; hiszen a Zs\u00e1mb\u00e9ki Blues Piknik eredend\u0151en az\u00e9rt j\u00f6tt l\u00e9tre, hogy \u0151k \u00e9vente egyszer tal\u00e1lkozhassanak egym\u00e1ssal \u00e9s a k\u00f6z\u00f6ns\u00e9ggel, hogy egy\u00fctt zen\u00e9ljenek a Romtemplom melletti szabadt\u00e9ri sz\u00ednpadon, ezen az ikonikus helyen. Mell\u00e9j\u00fck minden \u00e9vben izgalmas vend\u00e9g egy\u00fcttesek \u00e9rkeznek az orsz\u00e1g k\u00fcl\u00f6nb\u00f6z\u0151 r\u00e9sz\u00e9b\u0151l.<\/p>\n<p><strong>AZ IDEI PROGRAM:<\/strong><\/p>\n<p><strong>P\u00c9NTEK<br \/>\n16 \u00f3ra<\/strong><br \/>\nFesztiv\u00e1l-\u00e9s ki\u00e1ll\u00edt\u00e1s megnyit\u00f3 Kurucz Attila fot\u00f3ib\u00f3l (zen\u00e9szportr\u00e9k, koncertfelv\u00e9telek). K\u00f6zrem\u0171k\u00f6dnek: Kat\u00f3 Lilla (\u00e9nek), Benk\u0151 Zsolt (git\u00e1r) \u00e9s Benk\u0151 M\u00e1t\u00e9 (git\u00e1r)<br \/>\n<strong>Helysz\u00edn: L\u00e1mp\u00e1s \u00c9tterem, Gal\u00e9ria<\/strong> (Magyar u. 29.)<br \/>\n<strong>18 \u00f3ra<\/strong><br \/>\nSonia \u00e9s a Blues and Roll<br \/>\nBluesmeg\u00e1ll\u00f3<br \/>\nSimple Blues Band<br \/>\n<strong>Helysz\u00edn: Romtemplom melletti szabadt\u00e9ri sz\u00ednpad<\/strong> (Corvin J. u.)<br \/>\n<strong>23 \u00f3ra<\/strong><br \/>\n<strong>RockM\u0171hely<\/strong><br \/>\n<strong>Helysz\u00edn: M\u0171vel\u0151d\u00e9si h\u00e1z nagyterem <\/strong>(Etyeki u. 2.)<\/p>\n<p><strong>SZOMBAT<br \/>\n11-14:00<\/strong><br \/>\nSzottfried Zs\u00f3fia fest\u0151 ki\u00e1ll\u00edt\u00e1sa \u00e9s workshop festett \u00e9kszerekkel<br \/>\n<strong>Helysz\u00edn: M\u0171vel\u0151d\u00e9si h\u00e1z<\/strong> (Etyeki u.2.)<br \/>\n<strong>14.30<\/strong><br \/>\nSz\u00e1jharmonika workshop Szab\u00f3 Tam\u00e1ssal<br \/>\n<strong>Helysz\u00edn: L\u00e1mp\u00e1s \u00c9tterem, kerthelyis\u00e9g <\/strong>(Magyar u. 29.)<br \/>\n<strong>16 \u00f3ra<\/strong><br \/>\nPfeiffer G\u00e1bor: Emigr\u00e1ns blues, k\u00f6nyvbemutat\u00f3 Liszt Zolt\u00e1n \u00e9s Pfeiffer \u00c1kos zenei k\u00f6zrem\u0171k\u00f6d\u00e9s\u00e9vel<br \/>\n<strong>Helysz\u00edn: L\u00e1mp\u00e1s \u00c9tterem, kerthelyis\u00e9g <\/strong>(Magyar u. 29.)<br \/>\n<strong>18 \u00f3ra<\/strong><br \/>\nEcseri J\u00e1nos Blues Trupp<br \/>\nBlueshangers<br \/>\nTorn\u00f3czky All Access<br \/>\n<strong>Helysz\u00edn: Romtemplom melletti szabadt\u00e9ri sz\u00ednpad <\/strong>(Corvin J. u.)<br \/>\n<strong>23 \u00f3ra<\/strong><br \/>\nRockin&#8217; All Over The World<br \/>\n<strong>Helysz\u00edn: M\u0171vel\u0151d\u00e9si h\u00e1z, nagyterem<\/strong> (Etyeki u. 2.)<\/p>\n<p><strong>VAS\u00c1RNAP<br \/>\n10 \u00f3ra<\/strong><br \/>\nPiknik z\u00e1r\u00e1s git\u00e1rter\u00e1pi\u00e1val, vezeti: Benk\u0151 Zsolt<br \/>\n<strong>Helysz\u00edn: M\u0171vel\u0151d\u00e9si h\u00e1z, udvar<\/strong> (Etyeki u. 2.)<\/p>\n<p><strong>JEGY\u00c1RAK<\/strong><br \/>\n3.500 Ft \/ f\u0151 \/ nap<br \/>\n6.000 Ft \/ f\u0151 \/ 2 nap<\/p>\n<p><a href=\"https:\/\/tickets.funcode.hu\/EVENT\/ZSAMBEKI-BLUES-PIKNIK-FESZTIVAL-7\" target=\"_blank\" rel=\"noopener\"><span style=\"text-decoration: underline; color: #0000ff;\"><strong>Online jegyv\u00e1s\u00e1rl\u00e1s&gt;&gt;<\/strong><\/span><\/a><\/p>\n<p><strong>B\u0151vebb inform\u00e1ci\u00f3:<\/strong> +36 20 665 9464<\/p>\n","protected":false},"excerpt":{"rendered":"<p>J\u00falius 28. \u00e9s 30. k\u00f6z\u00f6tt rendezik meg a VII. Zs\u00e1mb\u00e9ki Blues Pikniket. Az esem\u00e9nyre az idei \u00e9vben is nagy szeretettel v\u00e1rnak minden blues-rajong\u00f3t az orsz\u00e1g egyik legszebb szabadt\u00e9ri rendezv\u00e9ny helysz\u00edn\u00e9n. &#8222;Egy bar\u00e1ts\u00e1gos fesztiv\u00e1l&#8221; &#8211; ahol minden a bluesr\u00f3l \u00e9s a bar\u00e1ts\u00e1gr\u00f3l, a k\u00f6z\u00f6ss\u00e9gr\u0151l sz\u00f3l&#8230; A Zs\u00e1mb\u00e9ki M\u0171vel\u0151d\u00e9si H\u00e1z vezet\u0151je Bal\u00e1zs Csilla k\u00e9t blues zen\u00e9sszel &#8211;<\/p>\n","protected":false},"author":1,"featured_media":54759,"comment_status":"closed","ping_status":"closed","sticky":false,"template":"","format":"standard","meta":{"ngg_post_thumbnail":0,"footnotes":""},"categories":[3,3561],"tags":[2663,119,101,945],"class_list":{"0":"post-54758","1":"post","2":"type-post","3":"status-publish","4":"format-standard","5":"has-post-thumbnail","7":"category-hirek","8":"category-programok","9":"tag-blues","10":"tag-koncert","11":"tag-program","12":"tag-zsambek"},"yoast_head":"<!-- This site is optimized with the Yoast SEO plugin v27.5 - https:\/\/yoast.com\/product\/yoast-seo-wordpress\/ -->\n<title>VII. Zs\u00e1mb\u00e9ki Blues Piknik<\/title>\n<meta name=\"robots\" content=\"index, follow, max-snippet:-1, max-image-preview:large, max-video-preview:-1\" \/>\n<link rel=\"canonical\" href=\"https:\/\/dorogimedence.hu\/index.php\/2023\/07\/10\/vii-zsambeki-blues-piknik\/\" class=\"yoast-seo-meta-tag\" \/>\n<meta property=\"og:locale\" content=\"hu_HU\" class=\"yoast-seo-meta-tag\" \/>\n<meta property=\"og:type\" content=\"article\" class=\"yoast-seo-meta-tag\" \/>\n<meta property=\"og:title\" content=\"VII. Zs\u00e1mb\u00e9ki Blues Piknik\" class=\"yoast-seo-meta-tag\" \/>\n<meta property=\"og:description\" content=\"J\u00falius 28. \u00e9s 30. k\u00f6z\u00f6tt rendezik meg a VII. Zs\u00e1mb\u00e9ki Blues Pikniket. Az esem\u00e9nyre az idei \u00e9vben is nagy szeretettel v\u00e1rnak minden blues-rajong\u00f3t az orsz\u00e1g egyik legszebb szabadt\u00e9ri rendezv\u00e9ny helysz\u00edn\u00e9n. &#8222;Egy bar\u00e1ts\u00e1gos fesztiv\u00e1l&#8221; &#8211; ahol minden a bluesr\u00f3l \u00e9s a bar\u00e1ts\u00e1gr\u00f3l, a k\u00f6z\u00f6ss\u00e9gr\u0151l sz\u00f3l&#8230; A Zs\u00e1mb\u00e9ki M\u0171vel\u0151d\u00e9si H\u00e1z vezet\u0151je Bal\u00e1zs Csilla k\u00e9t blues zen\u00e9sszel &#8211;\" class=\"yoast-seo-meta-tag\" \/>\n<meta property=\"og:url\" content=\"https:\/\/dorogimedence.hu\/index.php\/2023\/07\/10\/vii-zsambeki-blues-piknik\/\" class=\"yoast-seo-meta-tag\" \/>\n<meta property=\"og:site_name\" content=\"Dorogi-medence Region\u00e1lis H\u00edrport\u00e1l\" class=\"yoast-seo-meta-tag\" \/>\n<meta property=\"article:publisher\" content=\"https:\/\/www.facebook.com\/dorogimedence\/\" class=\"yoast-seo-meta-tag\" \/>\n<meta property=\"article:published_time\" content=\"2023-07-10T11:50:39+00:00\" class=\"yoast-seo-meta-tag\" \/>\n<meta property=\"article:modified_time\" content=\"2023-07-10T11:50:40+00:00\" class=\"yoast-seo-meta-tag\" \/>\n<meta property=\"og:image\" content=\"https:\/\/dorogimedence.hu\/wp-content\/uploads\/2023\/07\/zsambeki-blues.jpg\" class=\"yoast-seo-meta-tag\" \/>\n\t<meta property=\"og:image:width\" content=\"1920\" class=\"yoast-seo-meta-tag\" \/>\n\t<meta property=\"og:image:height\" content=\"970\" class=\"yoast-seo-meta-tag\" \/>\n\t<meta property=\"og:image:type\" content=\"image\/jpeg\" class=\"yoast-seo-meta-tag\" \/>\n<meta name=\"author\" content=\"dorogimedence.hu\" class=\"yoast-seo-meta-tag\" \/>\n<meta name=\"twitter:card\" content=\"summary_large_image\" class=\"yoast-seo-meta-tag\" \/>\n<meta name=\"twitter:label1\" content=\"Szerz\u0151:\" class=\"yoast-seo-meta-tag\" \/>\n\t<meta name=\"twitter:data1\" content=\"dorogimedence.hu\" class=\"yoast-seo-meta-tag\" \/>\n\t<meta name=\"twitter:label2\" content=\"Becs\u00fclt olvas\u00e1si id\u0151\" class=\"yoast-seo-meta-tag\" \/>\n\t<meta name=\"twitter:data2\" content=\"3 perc\" class=\"yoast-seo-meta-tag\" \/>\n<script type=\"application\/ld+json\" class=\"yoast-schema-graph\">{\"@context\":\"https:\\\/\\\/schema.org\",\"@graph\":[{\"@type\":\"Article\",\"@id\":\"https:\\\/\\\/dorogimedence.hu\\\/index.php\\\/2023\\\/07\\\/10\\\/vii-zsambeki-blues-piknik\\\/#article\",\"isPartOf\":{\"@id\":\"https:\\\/\\\/dorogimedence.hu\\\/index.php\\\/2023\\\/07\\\/10\\\/vii-zsambeki-blues-piknik\\\/\"},\"author\":{\"name\":\"dorogimedence.hu\",\"@id\":\"https:\\\/\\\/dorogimedence.hu\\\/#\\\/schema\\\/person\\\/ce6091eeb7e95ecdc87890d6aa8e0fd4\"},\"headline\":\"VII. Zs\u00e1mb\u00e9ki Blues Piknik\",\"datePublished\":\"2023-07-10T11:50:39+00:00\",\"dateModified\":\"2023-07-10T11:50:40+00:00\",\"mainEntityOfPage\":{\"@id\":\"https:\\\/\\\/dorogimedence.hu\\\/index.php\\\/2023\\\/07\\\/10\\\/vii-zsambeki-blues-piknik\\\/\"},\"wordCount\":540,\"publisher\":{\"@id\":\"https:\\\/\\\/dorogimedence.hu\\\/#organization\"},\"image\":{\"@id\":\"https:\\\/\\\/dorogimedence.hu\\\/index.php\\\/2023\\\/07\\\/10\\\/vii-zsambeki-blues-piknik\\\/#primaryimage\"},\"thumbnailUrl\":\"https:\\\/\\\/dorogimedence.hu\\\/wp-content\\\/uploads\\\/2023\\\/07\\\/zsambeki-blues.jpg\",\"keywords\":[\"blues\",\"koncert\",\"program\",\"Zs\u00e1mb\u00e9k\"],\"articleSection\":[\"H\u00edrek\",\"Programok\"],\"inLanguage\":\"hu\"},{\"@type\":\"WebPage\",\"@id\":\"https:\\\/\\\/dorogimedence.hu\\\/index.php\\\/2023\\\/07\\\/10\\\/vii-zsambeki-blues-piknik\\\/\",\"url\":\"https:\\\/\\\/dorogimedence.hu\\\/index.php\\\/2023\\\/07\\\/10\\\/vii-zsambeki-blues-piknik\\\/\",\"name\":\"VII. Zs\u00e1mb\u00e9ki Blues Piknik\",\"isPartOf\":{\"@id\":\"https:\\\/\\\/dorogimedence.hu\\\/#website\"},\"primaryImageOfPage\":{\"@id\":\"https:\\\/\\\/dorogimedence.hu\\\/index.php\\\/2023\\\/07\\\/10\\\/vii-zsambeki-blues-piknik\\\/#primaryimage\"},\"image\":{\"@id\":\"https:\\\/\\\/dorogimedence.hu\\\/index.php\\\/2023\\\/07\\\/10\\\/vii-zsambeki-blues-piknik\\\/#primaryimage\"},\"thumbnailUrl\":\"https:\\\/\\\/dorogimedence.hu\\\/wp-content\\\/uploads\\\/2023\\\/07\\\/zsambeki-blues.jpg\",\"datePublished\":\"2023-07-10T11:50:39+00:00\",\"dateModified\":\"2023-07-10T11:50:40+00:00\",\"breadcrumb\":{\"@id\":\"https:\\\/\\\/dorogimedence.hu\\\/index.php\\\/2023\\\/07\\\/10\\\/vii-zsambeki-blues-piknik\\\/#breadcrumb\"},\"inLanguage\":\"hu\",\"potentialAction\":[{\"@type\":\"ReadAction\",\"target\":[\"https:\\\/\\\/dorogimedence.hu\\\/index.php\\\/2023\\\/07\\\/10\\\/vii-zsambeki-blues-piknik\\\/\"]}]},{\"@type\":\"ImageObject\",\"inLanguage\":\"hu\",\"@id\":\"https:\\\/\\\/dorogimedence.hu\\\/index.php\\\/2023\\\/07\\\/10\\\/vii-zsambeki-blues-piknik\\\/#primaryimage\",\"url\":\"https:\\\/\\\/dorogimedence.hu\\\/wp-content\\\/uploads\\\/2023\\\/07\\\/zsambeki-blues.jpg\",\"contentUrl\":\"https:\\\/\\\/dorogimedence.hu\\\/wp-content\\\/uploads\\\/2023\\\/07\\\/zsambeki-blues.jpg\",\"width\":1920,\"height\":970},{\"@type\":\"BreadcrumbList\",\"@id\":\"https:\\\/\\\/dorogimedence.hu\\\/index.php\\\/2023\\\/07\\\/10\\\/vii-zsambeki-blues-piknik\\\/#breadcrumb\",\"itemListElement\":[{\"@type\":\"ListItem\",\"position\":1,\"name\":\"Kezd\u0151lap\",\"item\":\"https:\\\/\\\/dorogimedence.hu\\\/\"},{\"@type\":\"ListItem\",\"position\":2,\"name\":\"VII. Zs\u00e1mb\u00e9ki Blues Piknik\"}]},{\"@type\":\"WebSite\",\"@id\":\"https:\\\/\\\/dorogimedence.hu\\\/#website\",\"url\":\"https:\\\/\\\/dorogimedence.hu\\\/\",\"name\":\"Dorogi-medence Region\u00e1lis H\u00edrport\u00e1l\",\"description\":\"Dorog, Keszt\u00f6lc, Le\u00e1nyv\u00e1r, Piliscs\u00e9v, Tokod, Tokodalt\u00e1r\u00f3, Csolnok, Esztergom-kertv\u00e1ros: h\u00edrek, programok\",\"publisher\":{\"@id\":\"https:\\\/\\\/dorogimedence.hu\\\/#organization\"},\"potentialAction\":[{\"@type\":\"SearchAction\",\"target\":{\"@type\":\"EntryPoint\",\"urlTemplate\":\"https:\\\/\\\/dorogimedence.hu\\\/?s={search_term_string}\"},\"query-input\":{\"@type\":\"PropertyValueSpecification\",\"valueRequired\":true,\"valueName\":\"search_term_string\"}}],\"inLanguage\":\"hu\"},{\"@type\":\"Organization\",\"@id\":\"https:\\\/\\\/dorogimedence.hu\\\/#organization\",\"name\":\"Dorogi-medence Region\u00e1lis H\u00edrport\u00e1l\",\"url\":\"https:\\\/\\\/dorogimedence.hu\\\/\",\"logo\":{\"@type\":\"ImageObject\",\"inLanguage\":\"hu\",\"@id\":\"https:\\\/\\\/dorogimedence.hu\\\/#\\\/schema\\\/logo\\\/image\\\/\",\"url\":\"https:\\\/\\\/dorogimedence.hu\\\/wp-content\\\/uploads\\\/2021\\\/04\\\/logo-feher-600.png\",\"contentUrl\":\"https:\\\/\\\/dorogimedence.hu\\\/wp-content\\\/uploads\\\/2021\\\/04\\\/logo-feher-600.png\",\"width\":600,\"height\":100,\"caption\":\"Dorogi-medence Region\u00e1lis H\u00edrport\u00e1l\"},\"image\":{\"@id\":\"https:\\\/\\\/dorogimedence.hu\\\/#\\\/schema\\\/logo\\\/image\\\/\"},\"sameAs\":[\"https:\\\/\\\/www.facebook.com\\\/dorogimedence\\\/\"]},{\"@type\":\"Person\",\"@id\":\"https:\\\/\\\/dorogimedence.hu\\\/#\\\/schema\\\/person\\\/ce6091eeb7e95ecdc87890d6aa8e0fd4\",\"name\":\"dorogimedence.hu\",\"image\":{\"@type\":\"ImageObject\",\"inLanguage\":\"hu\",\"@id\":\"\\\/\\\/www.gravatar.com\\\/avatar\\\/d8d45f8901aadff40a4af72c0b826f1d?s=96&#038;r=g&#038;d=mm\",\"url\":\"\\\/\\\/www.gravatar.com\\\/avatar\\\/d8d45f8901aadff40a4af72c0b826f1d?s=96&#038;r=g&#038;d=mm\",\"contentUrl\":\"\\\/\\\/www.gravatar.com\\\/avatar\\\/d8d45f8901aadff40a4af72c0b826f1d?s=96&#038;r=g&#038;d=mm\",\"caption\":\"dorogimedence.hu\"}}]}<\/script>\n<!-- \/ Yoast SEO plugin. -->","yoast_head_json":{"title":"VII. Zs\u00e1mb\u00e9ki Blues Piknik","robots":{"index":"index","follow":"follow","max-snippet":"max-snippet:-1","max-image-preview":"max-image-preview:large","max-video-preview":"max-video-preview:-1"},"canonical":"https:\/\/dorogimedence.hu\/index.php\/2023\/07\/10\/vii-zsambeki-blues-piknik\/","og_locale":"hu_HU","og_type":"article","og_title":"VII. Zs\u00e1mb\u00e9ki Blues Piknik","og_description":"J\u00falius 28. \u00e9s 30. k\u00f6z\u00f6tt rendezik meg a VII. Zs\u00e1mb\u00e9ki Blues Pikniket. Az esem\u00e9nyre az idei \u00e9vben is nagy szeretettel v\u00e1rnak minden blues-rajong\u00f3t az orsz\u00e1g egyik legszebb szabadt\u00e9ri rendezv\u00e9ny helysz\u00edn\u00e9n. &#8222;Egy bar\u00e1ts\u00e1gos fesztiv\u00e1l&#8221; &#8211; ahol minden a bluesr\u00f3l \u00e9s a bar\u00e1ts\u00e1gr\u00f3l, a k\u00f6z\u00f6ss\u00e9gr\u0151l sz\u00f3l&#8230; A Zs\u00e1mb\u00e9ki M\u0171vel\u0151d\u00e9si H\u00e1z vezet\u0151je Bal\u00e1zs Csilla k\u00e9t blues zen\u00e9sszel &#8211;","og_url":"https:\/\/dorogimedence.hu\/index.php\/2023\/07\/10\/vii-zsambeki-blues-piknik\/","og_site_name":"Dorogi-medence Region\u00e1lis H\u00edrport\u00e1l","article_publisher":"https:\/\/www.facebook.com\/dorogimedence\/","article_published_time":"2023-07-10T11:50:39+00:00","article_modified_time":"2023-07-10T11:50:40+00:00","og_image":[{"width":1920,"height":970,"url":"https:\/\/dorogimedence.hu\/wp-content\/uploads\/2023\/07\/zsambeki-blues.jpg","type":"image\/jpeg"}],"author":"dorogimedence.hu","twitter_card":"summary_large_image","twitter_misc":{"Szerz\u0151:":"dorogimedence.hu","Becs\u00fclt olvas\u00e1si id\u0151":"3 perc"},"schema":{"@context":"https:\/\/schema.org","@graph":[{"@type":"Article","@id":"https:\/\/dorogimedence.hu\/index.php\/2023\/07\/10\/vii-zsambeki-blues-piknik\/#article","isPartOf":{"@id":"https:\/\/dorogimedence.hu\/index.php\/2023\/07\/10\/vii-zsambeki-blues-piknik\/"},"author":{"name":"dorogimedence.hu","@id":"https:\/\/dorogimedence.hu\/#\/schema\/person\/ce6091eeb7e95ecdc87890d6aa8e0fd4"},"headline":"VII. Zs\u00e1mb\u00e9ki Blues Piknik","datePublished":"2023-07-10T11:50:39+00:00","dateModified":"2023-07-10T11:50:40+00:00","mainEntityOfPage":{"@id":"https:\/\/dorogimedence.hu\/index.php\/2023\/07\/10\/vii-zsambeki-blues-piknik\/"},"wordCount":540,"publisher":{"@id":"https:\/\/dorogimedence.hu\/#organization"},"image":{"@id":"https:\/\/dorogimedence.hu\/index.php\/2023\/07\/10\/vii-zsambeki-blues-piknik\/#primaryimage"},"thumbnailUrl":"https:\/\/dorogimedence.hu\/wp-content\/uploads\/2023\/07\/zsambeki-blues.jpg","keywords":["blues","koncert","program","Zs\u00e1mb\u00e9k"],"articleSection":["H\u00edrek","Programok"],"inLanguage":"hu"},{"@type":"WebPage","@id":"https:\/\/dorogimedence.hu\/index.php\/2023\/07\/10\/vii-zsambeki-blues-piknik\/","url":"https:\/\/dorogimedence.hu\/index.php\/2023\/07\/10\/vii-zsambeki-blues-piknik\/","name":"VII. Zs\u00e1mb\u00e9ki Blues Piknik","isPartOf":{"@id":"https:\/\/dorogimedence.hu\/#website"},"primaryImageOfPage":{"@id":"https:\/\/dorogimedence.hu\/index.php\/2023\/07\/10\/vii-zsambeki-blues-piknik\/#primaryimage"},"image":{"@id":"https:\/\/dorogimedence.hu\/index.php\/2023\/07\/10\/vii-zsambeki-blues-piknik\/#primaryimage"},"thumbnailUrl":"https:\/\/dorogimedence.hu\/wp-content\/uploads\/2023\/07\/zsambeki-blues.jpg","datePublished":"2023-07-10T11:50:39+00:00","dateModified":"2023-07-10T11:50:40+00:00","breadcrumb":{"@id":"https:\/\/dorogimedence.hu\/index.php\/2023\/07\/10\/vii-zsambeki-blues-piknik\/#breadcrumb"},"inLanguage":"hu","potentialAction":[{"@type":"ReadAction","target":["https:\/\/dorogimedence.hu\/index.php\/2023\/07\/10\/vii-zsambeki-blues-piknik\/"]}]},{"@type":"ImageObject","inLanguage":"hu","@id":"https:\/\/dorogimedence.hu\/index.php\/2023\/07\/10\/vii-zsambeki-blues-piknik\/#primaryimage","url":"https:\/\/dorogimedence.hu\/wp-content\/uploads\/2023\/07\/zsambeki-blues.jpg","contentUrl":"https:\/\/dorogimedence.hu\/wp-content\/uploads\/2023\/07\/zsambeki-blues.jpg","width":1920,"height":970},{"@type":"BreadcrumbList","@id":"https:\/\/dorogimedence.hu\/index.php\/2023\/07\/10\/vii-zsambeki-blues-piknik\/#breadcrumb","itemListElement":[{"@type":"ListItem","position":1,"name":"Kezd\u0151lap","item":"https:\/\/dorogimedence.hu\/"},{"@type":"ListItem","position":2,"name":"VII. Zs\u00e1mb\u00e9ki Blues Piknik"}]},{"@type":"WebSite","@id":"https:\/\/dorogimedence.hu\/#website","url":"https:\/\/dorogimedence.hu\/","name":"Dorogi-medence Region\u00e1lis H\u00edrport\u00e1l","description":"Dorog, Keszt\u00f6lc, Le\u00e1nyv\u00e1r, Piliscs\u00e9v, Tokod, Tokodalt\u00e1r\u00f3, Csolnok, Esztergom-kertv\u00e1ros: h\u00edrek, programok","publisher":{"@id":"https:\/\/dorogimedence.hu\/#organization"},"potentialAction":[{"@type":"SearchAction","target":{"@type":"EntryPoint","urlTemplate":"https:\/\/dorogimedence.hu\/?s={search_term_string}"},"query-input":{"@type":"PropertyValueSpecification","valueRequired":true,"valueName":"search_term_string"}}],"inLanguage":"hu"},{"@type":"Organization","@id":"https:\/\/dorogimedence.hu\/#organization","name":"Dorogi-medence Region\u00e1lis H\u00edrport\u00e1l","url":"https:\/\/dorogimedence.hu\/","logo":{"@type":"ImageObject","inLanguage":"hu","@id":"https:\/\/dorogimedence.hu\/#\/schema\/logo\/image\/","url":"https:\/\/dorogimedence.hu\/wp-content\/uploads\/2021\/04\/logo-feher-600.png","contentUrl":"https:\/\/dorogimedence.hu\/wp-content\/uploads\/2021\/04\/logo-feher-600.png","width":600,"height":100,"caption":"Dorogi-medence Region\u00e1lis H\u00edrport\u00e1l"},"image":{"@id":"https:\/\/dorogimedence.hu\/#\/schema\/logo\/image\/"},"sameAs":["https:\/\/www.facebook.com\/dorogimedence\/"]},{"@type":"Person","@id":"https:\/\/dorogimedence.hu\/#\/schema\/person\/ce6091eeb7e95ecdc87890d6aa8e0fd4","name":"dorogimedence.hu","image":{"@type":"ImageObject","inLanguage":"hu","@id":"\/\/www.gravatar.com\/avatar\/d8d45f8901aadff40a4af72c0b826f1d?s=96&#038;r=g&#038;d=mm","url":"\/\/www.gravatar.com\/avatar\/d8d45f8901aadff40a4af72c0b826f1d?s=96&#038;r=g&#038;d=mm","contentUrl":"\/\/www.gravatar.com\/avatar\/d8d45f8901aadff40a4af72c0b826f1d?s=96&#038;r=g&#038;d=mm","caption":"dorogimedence.hu"}}]}},"_links":{"self":[{"href":"https:\/\/dorogimedence.hu\/index.php\/wp-json\/wp\/v2\/posts\/54758","targetHints":{"allow":["GET"]}}],"collection":[{"href":"https:\/\/dorogimedence.hu\/index.php\/wp-json\/wp\/v2\/posts"}],"about":[{"href":"https:\/\/dorogimedence.hu\/index.php\/wp-json\/wp\/v2\/types\/post"}],"author":[{"embeddable":true,"href":"https:\/\/dorogimedence.hu\/index.php\/wp-json\/wp\/v2\/users\/1"}],"replies":[{"embeddable":true,"href":"https:\/\/dorogimedence.hu\/index.php\/wp-json\/wp\/v2\/comments?post=54758"}],"version-history":[{"count":0,"href":"https:\/\/dorogimedence.hu\/index.php\/wp-json\/wp\/v2\/posts\/54758\/revisions"}],"wp:featuredmedia":[{"embeddable":true,"href":"https:\/\/dorogimedence.hu\/index.php\/wp-json\/wp\/v2\/media\/54759"}],"wp:attachment":[{"href":"https:\/\/dorogimedence.hu\/index.php\/wp-json\/wp\/v2\/media?parent=54758"}],"wp:term":[{"taxonomy":"category","embeddable":true,"href":"https:\/\/dorogimedence.hu\/index.php\/wp-json\/wp\/v2\/categories?post=54758"},{"taxonomy":"post_tag","embeddable":true,"href":"https:\/\/dorogimedence.hu\/index.php\/wp-json\/wp\/v2\/tags?post=54758"}],"curies":[{"name":"wp","href":"https:\/\/api.w.org\/{rel}","templated":true}]}}