{"id":54726,"date":"2023-07-07T09:18:28","date_gmt":"2023-07-07T07:18:28","guid":{"rendered":"https:\/\/dorogimedence.hu\/?p=54726"},"modified":"2023-07-07T09:21:02","modified_gmt":"2023-07-07T07:21:02","slug":"nebih-csaszarszalonnat-hivott-vissza-a-penny-market-kft","status":"publish","type":"post","link":"https:\/\/dorogimedence.hu\/index.php\/2023\/07\/07\/nebih-csaszarszalonnat-hivott-vissza-a-penny-market-kft\/","title":{"rendered":"N\u00e9bih: cs\u00e1sz\u00e1rszalonn\u00e1t h\u00edvott vissza a Penny-Market Kft."},"content":{"rendered":"<p><strong>A Penny-Market Kft. visszah\u00edvja a forgalomb\u00f3l a D\u00e1rd\u00e1s f\u0151tt, f\u00fcst\u00f6lt, gyorsp\u00e1colt, 300 gramm kiszerel\u00e9s\u0171 cs\u00e1sz\u00e1rszalonn\u00e1t nem jel\u00f6lt sz\u00f3ja allerg\u00e9n miatt<\/strong> <em>&#8211; k\u00f6z\u00f6lte a Nemzeti \u00c9lelmiszerl\u00e1nc-biztons\u00e1gi Hivatal (N\u00e9bih) cs\u00fct\u00f6rt\u00f6k\u00f6n.<\/em><\/p>\n<p>A hivatal k\u00e9ri a sz\u00f3j\u00e1ra \u00e9rz\u00e9keny v\u00e1s\u00e1rl\u00f3kat, hogy a 111723 t\u00e9telsz\u00e1m\u00fa, 2023. augusztus 22. min\u0151s\u00e9gmeg\u0151rz\u00e9si id\u0151vel rendelkez\u0151, MITROS Fleischwaren doo. \u00e1ltal gy\u00e1rtott term\u00e9keket ne fogyassz\u00e1k el.<\/p>\n<p><strong>Bejelent\u0151\/Forgalmaz\u00f3:<\/strong> Penny Market Kft.<br \/>\n<strong>Gy\u00e1rt\u00f3: <\/strong>MITROS Fleischwaren doo. (Szerbia)<br \/>\n<strong>Term\u00e9k megnevez\u00e9se:<\/strong> D\u00e1rd\u00e1s F\u0151tt, f\u00fcst\u00f6lt, gyorsp\u00e1colt cs\u00e1sz\u00e1rszalonna, 300 g<br \/>\n<strong>Min\u0151s\u00e9gmeg\u0151rz\u00e9si id\u0151:<\/strong> 22.08.2023<br \/>\n<strong>T\u00e9telsz\u00e1m: <\/strong>111723<\/p>\n<p>Az \u00e9rintett term\u00e9ket a v\u00e1s\u00e1rl\u00e1s hely\u00e9n visszaveszik, a v\u00e9tel\u00e1rat blokk n\u00e9lk\u00fcl is visszat\u00e9r\u00edtik. A term\u00e9kvisszah\u00edv\u00e1s kiz\u00e1r\u00f3lag a fenti adatokkal azonos\u00edtott term\u00e9kre vonatkozik.<\/p>\n<p>A N\u00e9bih az oldal\u00e1n jelezte: az Eur\u00f3pai Uni\u00f3ban jogszab\u00e1ly \u00edrja \u00e9l\u0151, hogy az \u00e9lelmiszerek c\u00edmk\u00e9j\u00e9n fel kell t\u00fcntetni a leggyakrabban allergi\u00e1t vagy intoleranci\u00e1t okoz\u00f3 \u00f6sszetev\u0151ket, egyebek mellett a glut\u00e9nt tartalmaz\u00f3 gabonaf\u00e9l\u00e9ket, r\u00e1kf\u00e9l\u00e9ket, toj\u00e1st, halat, f\u00f6ldimogyor\u00f3t, sz\u00f3j\u00e1t, tejet \u00e9s a di\u00f3f\u00e9l\u00e9ket. Hozz\u00e1tett\u00e9k, hogy t\u00fal\u00e9rz\u00e9kenys\u00e9gi reakci\u00f3t legt\u00f6bbsz\u00f6r feh\u00e9rj\u00e9k \u00e9s csak az arra \u00e9rz\u00e9keny egy\u00e9nekben id\u00e9znek el\u0151. Az immunv\u00e1lasz lehet azonnali vagy k\u00e9sleltetett reakci\u00f3, az \u00e9lelmiszer allergi\u00e1k nagy r\u00e9sze azonnali. Az allergia leggyakrabban b\u0151rt\u00fcnetek (ki\u00fct\u00e9s, pirosod\u00e1s, ekc\u00e9ma), l\u00e9gz\u0151szervi t\u00fcnetek (orrfoly\u00e1s, asztma) \u00e9s em\u00e9szt\u0151rendszeri t\u00fcnetek (hasmen\u00e9s, puffad\u00e1s) form\u00e1j\u00e1ban jelentkezik.<\/p>\n<p>Az allerg\u00e9nekr\u0151l b\u0151vebben <span style=\"text-decoration: underline; color: #0000ff;\"><a style=\"color: #0000ff; text-decoration: underline;\" href=\"https:\/\/portal.nebih.gov.hu\/veszelyzona?p_p_id=com_liferay_dynamic_data_lists_web_portlet_DDLDisplayPortlet_INSTANCE_UVUpLWPxptBA&amp;p_p_lifecycle=0&amp;p_p_state=maximized&amp;p_p_mode=view&amp;_com_liferay_dynamic_data_lists_web_portlet_DDLDisplayPortlet_INSTANCE_UVUpLWPxptBA_redirect=https%3A%2F%2Fportal.nebih.gov.hu%2Fveszelyzona%3Fp_p_id%3Dcom_liferay_dynamic_data_lists_web_portlet_DDLDisplayPortlet_INSTANCE_UVUpLWPxptBA%26p_p_lifecycle%3D0%26p_p_state%3Dnormal%26p_p_mode%3Dview&amp;_com_liferay_dynamic_data_lists_web_portlet_DDLDisplayPortlet_INSTANCE_UVUpLWPxptBA_recordId=1075254&amp;_com_liferay_dynamic_data_lists_web_portlet_DDLDisplayPortlet_INSTANCE_UVUpLWPxptBA_mvcPath=%2Fview_record.jsp&amp;_com_liferay_dynamic_data_lists_web_portlet_DDLDisplayPortlet_INSTANCE_UVUpLWPxptBA_editable=false&amp;_com_liferay_dynamic_data_lists_web_portlet_DDLDisplayPortlet_INSTANCE_UVUpLWPxptBA_displayDDMTemplateId=0&amp;_com_liferay_dynamic_data_lists_web_portlet_DDLDisplayPortlet_INSTANCE_UVUpLWPxptBA_spreadsheet=false&amp;_com_liferay_dynamic_data_lists_web_portlet_DDLDisplayPortlet_INSTANCE_UVUpLWPxptBA_formDDMTemplateId=0&amp;_com_liferay_dynamic_data_lists_web_portlet_DDLDisplayPortlet_INSTANCE_UVUpLWPxptBA_version=1.0\" target=\"_blank\" rel=\"noopener\">itt <\/a><\/span>olvashat.<\/p>\n<p><em>Forr\u00e1s: N\u00e9bih \/ MTI<\/em><\/p>\n","protected":false},"excerpt":{"rendered":"<p>A Penny-Market Kft. visszah\u00edvja a forgalomb\u00f3l a D\u00e1rd\u00e1s f\u0151tt, f\u00fcst\u00f6lt, gyorsp\u00e1colt, 300 gramm kiszerel\u00e9s\u0171 cs\u00e1sz\u00e1rszalonn\u00e1t nem jel\u00f6lt sz\u00f3ja allerg\u00e9n miatt &#8211; k\u00f6z\u00f6lte a Nemzeti \u00c9lelmiszerl\u00e1nc-biztons\u00e1gi Hivatal (N\u00e9bih) cs\u00fct\u00f6rt\u00f6k\u00f6n. A hivatal k\u00e9ri a sz\u00f3j\u00e1ra \u00e9rz\u00e9keny v\u00e1s\u00e1rl\u00f3kat, hogy a 111723 t\u00e9telsz\u00e1m\u00fa, 2023. augusztus 22. min\u0151s\u00e9gmeg\u0151rz\u00e9si id\u0151vel rendelkez\u0151, MITROS Fleischwaren doo. \u00e1ltal gy\u00e1rtott term\u00e9keket ne fogyassz\u00e1k el. Bejelent\u0151\/Forgalmaz\u00f3:<\/p>\n","protected":false},"author":1,"featured_media":0,"comment_status":"closed","ping_status":"closed","sticky":false,"template":"","format":"standard","meta":{"ngg_post_thumbnail":0,"footnotes":""},"categories":[6934,3],"tags":[7341,7342,757,5289,2756],"class_list":{"0":"post-54726","1":"post","2":"type-post","3":"status-publish","4":"format-standard","6":"category-belfold","7":"category-hirek","8":"tag-csaszarszalonna","9":"tag-dardas","10":"tag-nebih","11":"tag-penny-market","12":"tag-termekvisszahivas"},"yoast_head":"<!-- This site is optimized with the Yoast SEO plugin v27.5 - https:\/\/yoast.com\/product\/yoast-seo-wordpress\/ -->\n<title>N\u00e9bih: cs\u00e1sz\u00e1rszalonn\u00e1t h\u00edvott vissza a Penny-Market Kft.<\/title>\n<meta name=\"robots\" content=\"index, follow, max-snippet:-1, max-image-preview:large, max-video-preview:-1\" \/>\n<link rel=\"canonical\" href=\"https:\/\/dorogimedence.hu\/index.php\/2023\/07\/07\/nebih-csaszarszalonnat-hivott-vissza-a-penny-market-kft\/\" class=\"yoast-seo-meta-tag\" \/>\n<meta property=\"og:locale\" content=\"hu_HU\" class=\"yoast-seo-meta-tag\" \/>\n<meta property=\"og:type\" content=\"article\" class=\"yoast-seo-meta-tag\" \/>\n<meta property=\"og:title\" content=\"N\u00e9bih: cs\u00e1sz\u00e1rszalonn\u00e1t h\u00edvott vissza a Penny-Market Kft.\" class=\"yoast-seo-meta-tag\" \/>\n<meta property=\"og:description\" content=\"A Penny-Market Kft. visszah\u00edvja a forgalomb\u00f3l a D\u00e1rd\u00e1s f\u0151tt, f\u00fcst\u00f6lt, gyorsp\u00e1colt, 300 gramm kiszerel\u00e9s\u0171 cs\u00e1sz\u00e1rszalonn\u00e1t nem jel\u00f6lt sz\u00f3ja allerg\u00e9n miatt &#8211; k\u00f6z\u00f6lte a Nemzeti \u00c9lelmiszerl\u00e1nc-biztons\u00e1gi Hivatal (N\u00e9bih) cs\u00fct\u00f6rt\u00f6k\u00f6n. A hivatal k\u00e9ri a sz\u00f3j\u00e1ra \u00e9rz\u00e9keny v\u00e1s\u00e1rl\u00f3kat, hogy a 111723 t\u00e9telsz\u00e1m\u00fa, 2023. augusztus 22. min\u0151s\u00e9gmeg\u0151rz\u00e9si id\u0151vel rendelkez\u0151, MITROS Fleischwaren doo. \u00e1ltal gy\u00e1rtott term\u00e9keket ne fogyassz\u00e1k el. Bejelent\u0151\/Forgalmaz\u00f3:\" class=\"yoast-seo-meta-tag\" \/>\n<meta property=\"og:url\" content=\"https:\/\/dorogimedence.hu\/index.php\/2023\/07\/07\/nebih-csaszarszalonnat-hivott-vissza-a-penny-market-kft\/\" class=\"yoast-seo-meta-tag\" \/>\n<meta property=\"og:site_name\" content=\"Dorogi-medence Region\u00e1lis H\u00edrport\u00e1l\" class=\"yoast-seo-meta-tag\" \/>\n<meta property=\"article:publisher\" content=\"https:\/\/www.facebook.com\/dorogimedence\/\" class=\"yoast-seo-meta-tag\" \/>\n<meta property=\"article:published_time\" content=\"2023-07-07T07:18:28+00:00\" class=\"yoast-seo-meta-tag\" \/>\n<meta property=\"article:modified_time\" content=\"2023-07-07T07:21:02+00:00\" class=\"yoast-seo-meta-tag\" \/>\n<meta property=\"og:image\" content=\"https:\/\/dorogimedence.hu\/wp-content\/uploads\/2023\/07\/csaszarszalonna.jpg\" class=\"yoast-seo-meta-tag\" \/>\n\t<meta property=\"og:image:width\" content=\"1920\" class=\"yoast-seo-meta-tag\" \/>\n\t<meta property=\"og:image:height\" content=\"970\" class=\"yoast-seo-meta-tag\" \/>\n\t<meta property=\"og:image:type\" content=\"image\/jpeg\" class=\"yoast-seo-meta-tag\" \/>\n<meta name=\"author\" content=\"dorogimedence.hu\" class=\"yoast-seo-meta-tag\" \/>\n<meta name=\"twitter:card\" content=\"summary_large_image\" class=\"yoast-seo-meta-tag\" \/>\n<meta name=\"twitter:label1\" content=\"Szerz\u0151:\" class=\"yoast-seo-meta-tag\" \/>\n\t<meta name=\"twitter:data1\" content=\"dorogimedence.hu\" class=\"yoast-seo-meta-tag\" \/>\n\t<meta name=\"twitter:label2\" content=\"Becs\u00fclt olvas\u00e1si id\u0151\" class=\"yoast-seo-meta-tag\" \/>\n\t<meta name=\"twitter:data2\" content=\"2 perc\" class=\"yoast-seo-meta-tag\" \/>\n<script type=\"application\/ld+json\" class=\"yoast-schema-graph\">{\"@context\":\"https:\\\/\\\/schema.org\",\"@graph\":[{\"@type\":\"Article\",\"@id\":\"https:\\\/\\\/dorogimedence.hu\\\/index.php\\\/2023\\\/07\\\/07\\\/nebih-csaszarszalonnat-hivott-vissza-a-penny-market-kft\\\/#article\",\"isPartOf\":{\"@id\":\"https:\\\/\\\/dorogimedence.hu\\\/index.php\\\/2023\\\/07\\\/07\\\/nebih-csaszarszalonnat-hivott-vissza-a-penny-market-kft\\\/\"},\"author\":{\"name\":\"dorogimedence.hu\",\"@id\":\"https:\\\/\\\/dorogimedence.hu\\\/#\\\/schema\\\/person\\\/ce6091eeb7e95ecdc87890d6aa8e0fd4\"},\"headline\":\"N\u00e9bih: cs\u00e1sz\u00e1rszalonn\u00e1t h\u00edvott vissza a Penny-Market Kft.\",\"datePublished\":\"2023-07-07T07:18:28+00:00\",\"dateModified\":\"2023-07-07T07:21:02+00:00\",\"mainEntityOfPage\":{\"@id\":\"https:\\\/\\\/dorogimedence.hu\\\/index.php\\\/2023\\\/07\\\/07\\\/nebih-csaszarszalonnat-hivott-vissza-a-penny-market-kft\\\/\"},\"wordCount\":340,\"publisher\":{\"@id\":\"https:\\\/\\\/dorogimedence.hu\\\/#organization\"},\"keywords\":[\"cs\u00e1sz\u00e1rszalonna\",\"d\u00e1rd\u00e1s\",\"n\u00e9bih\",\"Penny Market\",\"term\u00e9kvisszah\u00edv\u00e1s\"],\"articleSection\":[\"Belf\u00f6ld, Gazdas\u00e1g\",\"H\u00edrek\"],\"inLanguage\":\"hu\"},{\"@type\":\"WebPage\",\"@id\":\"https:\\\/\\\/dorogimedence.hu\\\/index.php\\\/2023\\\/07\\\/07\\\/nebih-csaszarszalonnat-hivott-vissza-a-penny-market-kft\\\/\",\"url\":\"https:\\\/\\\/dorogimedence.hu\\\/index.php\\\/2023\\\/07\\\/07\\\/nebih-csaszarszalonnat-hivott-vissza-a-penny-market-kft\\\/\",\"name\":\"N\u00e9bih: cs\u00e1sz\u00e1rszalonn\u00e1t h\u00edvott vissza a Penny-Market Kft.\",\"isPartOf\":{\"@id\":\"https:\\\/\\\/dorogimedence.hu\\\/#website\"},\"datePublished\":\"2023-07-07T07:18:28+00:00\",\"dateModified\":\"2023-07-07T07:21:02+00:00\",\"breadcrumb\":{\"@id\":\"https:\\\/\\\/dorogimedence.hu\\\/index.php\\\/2023\\\/07\\\/07\\\/nebih-csaszarszalonnat-hivott-vissza-a-penny-market-kft\\\/#breadcrumb\"},\"inLanguage\":\"hu\",\"potentialAction\":[{\"@type\":\"ReadAction\",\"target\":[\"https:\\\/\\\/dorogimedence.hu\\\/index.php\\\/2023\\\/07\\\/07\\\/nebih-csaszarszalonnat-hivott-vissza-a-penny-market-kft\\\/\"]}]},{\"@type\":\"BreadcrumbList\",\"@id\":\"https:\\\/\\\/dorogimedence.hu\\\/index.php\\\/2023\\\/07\\\/07\\\/nebih-csaszarszalonnat-hivott-vissza-a-penny-market-kft\\\/#breadcrumb\",\"itemListElement\":[{\"@type\":\"ListItem\",\"position\":1,\"name\":\"Kezd\u0151lap\",\"item\":\"https:\\\/\\\/dorogimedence.hu\\\/\"},{\"@type\":\"ListItem\",\"position\":2,\"name\":\"N\u00e9bih: cs\u00e1sz\u00e1rszalonn\u00e1t h\u00edvott vissza a Penny-Market Kft.\"}]},{\"@type\":\"WebSite\",\"@id\":\"https:\\\/\\\/dorogimedence.hu\\\/#website\",\"url\":\"https:\\\/\\\/dorogimedence.hu\\\/\",\"name\":\"Dorogi-medence Region\u00e1lis H\u00edrport\u00e1l\",\"description\":\"Dorog, Keszt\u00f6lc, Le\u00e1nyv\u00e1r, Piliscs\u00e9v, Tokod, Tokodalt\u00e1r\u00f3, Csolnok, Esztergom-kertv\u00e1ros: h\u00edrek, programok\",\"publisher\":{\"@id\":\"https:\\\/\\\/dorogimedence.hu\\\/#organization\"},\"potentialAction\":[{\"@type\":\"SearchAction\",\"target\":{\"@type\":\"EntryPoint\",\"urlTemplate\":\"https:\\\/\\\/dorogimedence.hu\\\/?s={search_term_string}\"},\"query-input\":{\"@type\":\"PropertyValueSpecification\",\"valueRequired\":true,\"valueName\":\"search_term_string\"}}],\"inLanguage\":\"hu\"},{\"@type\":\"Organization\",\"@id\":\"https:\\\/\\\/dorogimedence.hu\\\/#organization\",\"name\":\"Dorogi-medence Region\u00e1lis H\u00edrport\u00e1l\",\"url\":\"https:\\\/\\\/dorogimedence.hu\\\/\",\"logo\":{\"@type\":\"ImageObject\",\"inLanguage\":\"hu\",\"@id\":\"https:\\\/\\\/dorogimedence.hu\\\/#\\\/schema\\\/logo\\\/image\\\/\",\"url\":\"https:\\\/\\\/dorogimedence.hu\\\/wp-content\\\/uploads\\\/2021\\\/04\\\/logo-feher-600.png\",\"contentUrl\":\"https:\\\/\\\/dorogimedence.hu\\\/wp-content\\\/uploads\\\/2021\\\/04\\\/logo-feher-600.png\",\"width\":600,\"height\":100,\"caption\":\"Dorogi-medence Region\u00e1lis H\u00edrport\u00e1l\"},\"image\":{\"@id\":\"https:\\\/\\\/dorogimedence.hu\\\/#\\\/schema\\\/logo\\\/image\\\/\"},\"sameAs\":[\"https:\\\/\\\/www.facebook.com\\\/dorogimedence\\\/\"]},{\"@type\":\"Person\",\"@id\":\"https:\\\/\\\/dorogimedence.hu\\\/#\\\/schema\\\/person\\\/ce6091eeb7e95ecdc87890d6aa8e0fd4\",\"name\":\"dorogimedence.hu\",\"image\":{\"@type\":\"ImageObject\",\"inLanguage\":\"hu\",\"@id\":\"\\\/\\\/www.gravatar.com\\\/avatar\\\/d8d45f8901aadff40a4af72c0b826f1d?s=96&#038;r=g&#038;d=mm\",\"url\":\"\\\/\\\/www.gravatar.com\\\/avatar\\\/d8d45f8901aadff40a4af72c0b826f1d?s=96&#038;r=g&#038;d=mm\",\"contentUrl\":\"\\\/\\\/www.gravatar.com\\\/avatar\\\/d8d45f8901aadff40a4af72c0b826f1d?s=96&#038;r=g&#038;d=mm\",\"caption\":\"dorogimedence.hu\"}}]}<\/script>\n<!-- \/ Yoast SEO plugin. -->","yoast_head_json":{"title":"N\u00e9bih: cs\u00e1sz\u00e1rszalonn\u00e1t h\u00edvott vissza a Penny-Market Kft.","robots":{"index":"index","follow":"follow","max-snippet":"max-snippet:-1","max-image-preview":"max-image-preview:large","max-video-preview":"max-video-preview:-1"},"canonical":"https:\/\/dorogimedence.hu\/index.php\/2023\/07\/07\/nebih-csaszarszalonnat-hivott-vissza-a-penny-market-kft\/","og_locale":"hu_HU","og_type":"article","og_title":"N\u00e9bih: cs\u00e1sz\u00e1rszalonn\u00e1t h\u00edvott vissza a Penny-Market Kft.","og_description":"A Penny-Market Kft. visszah\u00edvja a forgalomb\u00f3l a D\u00e1rd\u00e1s f\u0151tt, f\u00fcst\u00f6lt, gyorsp\u00e1colt, 300 gramm kiszerel\u00e9s\u0171 cs\u00e1sz\u00e1rszalonn\u00e1t nem jel\u00f6lt sz\u00f3ja allerg\u00e9n miatt &#8211; k\u00f6z\u00f6lte a Nemzeti \u00c9lelmiszerl\u00e1nc-biztons\u00e1gi Hivatal (N\u00e9bih) cs\u00fct\u00f6rt\u00f6k\u00f6n. A hivatal k\u00e9ri a sz\u00f3j\u00e1ra \u00e9rz\u00e9keny v\u00e1s\u00e1rl\u00f3kat, hogy a 111723 t\u00e9telsz\u00e1m\u00fa, 2023. augusztus 22. min\u0151s\u00e9gmeg\u0151rz\u00e9si id\u0151vel rendelkez\u0151, MITROS Fleischwaren doo. \u00e1ltal gy\u00e1rtott term\u00e9keket ne fogyassz\u00e1k el. Bejelent\u0151\/Forgalmaz\u00f3:","og_url":"https:\/\/dorogimedence.hu\/index.php\/2023\/07\/07\/nebih-csaszarszalonnat-hivott-vissza-a-penny-market-kft\/","og_site_name":"Dorogi-medence Region\u00e1lis H\u00edrport\u00e1l","article_publisher":"https:\/\/www.facebook.com\/dorogimedence\/","article_published_time":"2023-07-07T07:18:28+00:00","article_modified_time":"2023-07-07T07:21:02+00:00","og_image":[{"width":1920,"height":970,"url":"https:\/\/dorogimedence.hu\/wp-content\/uploads\/2023\/07\/csaszarszalonna.jpg","type":"image\/jpeg"}],"author":"dorogimedence.hu","twitter_card":"summary_large_image","twitter_misc":{"Szerz\u0151:":"dorogimedence.hu","Becs\u00fclt olvas\u00e1si id\u0151":"2 perc"},"schema":{"@context":"https:\/\/schema.org","@graph":[{"@type":"Article","@id":"https:\/\/dorogimedence.hu\/index.php\/2023\/07\/07\/nebih-csaszarszalonnat-hivott-vissza-a-penny-market-kft\/#article","isPartOf":{"@id":"https:\/\/dorogimedence.hu\/index.php\/2023\/07\/07\/nebih-csaszarszalonnat-hivott-vissza-a-penny-market-kft\/"},"author":{"name":"dorogimedence.hu","@id":"https:\/\/dorogimedence.hu\/#\/schema\/person\/ce6091eeb7e95ecdc87890d6aa8e0fd4"},"headline":"N\u00e9bih: cs\u00e1sz\u00e1rszalonn\u00e1t h\u00edvott vissza a Penny-Market Kft.","datePublished":"2023-07-07T07:18:28+00:00","dateModified":"2023-07-07T07:21:02+00:00","mainEntityOfPage":{"@id":"https:\/\/dorogimedence.hu\/index.php\/2023\/07\/07\/nebih-csaszarszalonnat-hivott-vissza-a-penny-market-kft\/"},"wordCount":340,"publisher":{"@id":"https:\/\/dorogimedence.hu\/#organization"},"keywords":["cs\u00e1sz\u00e1rszalonna","d\u00e1rd\u00e1s","n\u00e9bih","Penny Market","term\u00e9kvisszah\u00edv\u00e1s"],"articleSection":["Belf\u00f6ld, Gazdas\u00e1g","H\u00edrek"],"inLanguage":"hu"},{"@type":"WebPage","@id":"https:\/\/dorogimedence.hu\/index.php\/2023\/07\/07\/nebih-csaszarszalonnat-hivott-vissza-a-penny-market-kft\/","url":"https:\/\/dorogimedence.hu\/index.php\/2023\/07\/07\/nebih-csaszarszalonnat-hivott-vissza-a-penny-market-kft\/","name":"N\u00e9bih: cs\u00e1sz\u00e1rszalonn\u00e1t h\u00edvott vissza a Penny-Market Kft.","isPartOf":{"@id":"https:\/\/dorogimedence.hu\/#website"},"datePublished":"2023-07-07T07:18:28+00:00","dateModified":"2023-07-07T07:21:02+00:00","breadcrumb":{"@id":"https:\/\/dorogimedence.hu\/index.php\/2023\/07\/07\/nebih-csaszarszalonnat-hivott-vissza-a-penny-market-kft\/#breadcrumb"},"inLanguage":"hu","potentialAction":[{"@type":"ReadAction","target":["https:\/\/dorogimedence.hu\/index.php\/2023\/07\/07\/nebih-csaszarszalonnat-hivott-vissza-a-penny-market-kft\/"]}]},{"@type":"BreadcrumbList","@id":"https:\/\/dorogimedence.hu\/index.php\/2023\/07\/07\/nebih-csaszarszalonnat-hivott-vissza-a-penny-market-kft\/#breadcrumb","itemListElement":[{"@type":"ListItem","position":1,"name":"Kezd\u0151lap","item":"https:\/\/dorogimedence.hu\/"},{"@type":"ListItem","position":2,"name":"N\u00e9bih: cs\u00e1sz\u00e1rszalonn\u00e1t h\u00edvott vissza a Penny-Market Kft."}]},{"@type":"WebSite","@id":"https:\/\/dorogimedence.hu\/#website","url":"https:\/\/dorogimedence.hu\/","name":"Dorogi-medence Region\u00e1lis H\u00edrport\u00e1l","description":"Dorog, Keszt\u00f6lc, Le\u00e1nyv\u00e1r, Piliscs\u00e9v, Tokod, Tokodalt\u00e1r\u00f3, Csolnok, Esztergom-kertv\u00e1ros: h\u00edrek, programok","publisher":{"@id":"https:\/\/dorogimedence.hu\/#organization"},"potentialAction":[{"@type":"SearchAction","target":{"@type":"EntryPoint","urlTemplate":"https:\/\/dorogimedence.hu\/?s={search_term_string}"},"query-input":{"@type":"PropertyValueSpecification","valueRequired":true,"valueName":"search_term_string"}}],"inLanguage":"hu"},{"@type":"Organization","@id":"https:\/\/dorogimedence.hu\/#organization","name":"Dorogi-medence Region\u00e1lis H\u00edrport\u00e1l","url":"https:\/\/dorogimedence.hu\/","logo":{"@type":"ImageObject","inLanguage":"hu","@id":"https:\/\/dorogimedence.hu\/#\/schema\/logo\/image\/","url":"https:\/\/dorogimedence.hu\/wp-content\/uploads\/2021\/04\/logo-feher-600.png","contentUrl":"https:\/\/dorogimedence.hu\/wp-content\/uploads\/2021\/04\/logo-feher-600.png","width":600,"height":100,"caption":"Dorogi-medence Region\u00e1lis H\u00edrport\u00e1l"},"image":{"@id":"https:\/\/dorogimedence.hu\/#\/schema\/logo\/image\/"},"sameAs":["https:\/\/www.facebook.com\/dorogimedence\/"]},{"@type":"Person","@id":"https:\/\/dorogimedence.hu\/#\/schema\/person\/ce6091eeb7e95ecdc87890d6aa8e0fd4","name":"dorogimedence.hu","image":{"@type":"ImageObject","inLanguage":"hu","@id":"\/\/www.gravatar.com\/avatar\/d8d45f8901aadff40a4af72c0b826f1d?s=96&#038;r=g&#038;d=mm","url":"\/\/www.gravatar.com\/avatar\/d8d45f8901aadff40a4af72c0b826f1d?s=96&#038;r=g&#038;d=mm","contentUrl":"\/\/www.gravatar.com\/avatar\/d8d45f8901aadff40a4af72c0b826f1d?s=96&#038;r=g&#038;d=mm","caption":"dorogimedence.hu"}}]}},"_links":{"self":[{"href":"https:\/\/dorogimedence.hu\/index.php\/wp-json\/wp\/v2\/posts\/54726","targetHints":{"allow":["GET"]}}],"collection":[{"href":"https:\/\/dorogimedence.hu\/index.php\/wp-json\/wp\/v2\/posts"}],"about":[{"href":"https:\/\/dorogimedence.hu\/index.php\/wp-json\/wp\/v2\/types\/post"}],"author":[{"embeddable":true,"href":"https:\/\/dorogimedence.hu\/index.php\/wp-json\/wp\/v2\/users\/1"}],"replies":[{"embeddable":true,"href":"https:\/\/dorogimedence.hu\/index.php\/wp-json\/wp\/v2\/comments?post=54726"}],"version-history":[{"count":0,"href":"https:\/\/dorogimedence.hu\/index.php\/wp-json\/wp\/v2\/posts\/54726\/revisions"}],"wp:attachment":[{"href":"https:\/\/dorogimedence.hu\/index.php\/wp-json\/wp\/v2\/media?parent=54726"}],"wp:term":[{"taxonomy":"category","embeddable":true,"href":"https:\/\/dorogimedence.hu\/index.php\/wp-json\/wp\/v2\/categories?post=54726"},{"taxonomy":"post_tag","embeddable":true,"href":"https:\/\/dorogimedence.hu\/index.php\/wp-json\/wp\/v2\/tags?post=54726"}],"curies":[{"name":"wp","href":"https:\/\/api.w.org\/{rel}","templated":true}]}}