{"id":54709,"date":"2023-07-06T12:31:37","date_gmt":"2023-07-06T10:31:37","guid":{"rendered":"https:\/\/dorogimedence.hu\/?p=54709"},"modified":"2023-07-06T12:31:37","modified_gmt":"2023-07-06T10:31:37","slug":"kiprobaltuk-az-uj-esztergomi-kerekparut-elkeszult-szakaszat","status":"publish","type":"post","link":"https:\/\/dorogimedence.hu\/index.php\/2023\/07\/06\/kiprobaltuk-az-uj-esztergomi-kerekparut-elkeszult-szakaszat\/","title":{"rendered":"Kipr\u00f3b\u00e1ltuk az \u00faj esztergomi ker\u00e9kp\u00e1r\u00fat elk\u00e9sz\u00fclt szakasz\u00e1t"},"content":{"rendered":"<p><strong>J\u00falius 6-\u00e1n, cs\u00fct\u00f6rt\u00f6k\u00f6n bej\u00e1r\u00e1st tartottak az Esztergomot Esztergom-Kertv\u00e1rossal \u00f6sszek\u00f6t\u0151 ker\u00e9kp\u00e1r\u00fat elk\u00e9sz\u00fclt szakasz\u00e1n. A Kom\u00e1rom-Esztergom V\u00e1rmegyei \u00d6nkorm\u00e1nyzat a Ter\u00fclet- \u00e9s Telep\u00fcl\u00e9sfejleszt\u00e9si Operat\u00edv Program (TOP) keret\u00e9ben t\u00f6bb mint 900 milli\u00f3 forint t\u00e1mogat\u00e1st biztos\u00edtott a beruh\u00e1z\u00e1shoz.<\/strong><\/p>\n<p>A TOP-3.1.1-16-KO1-2019-00007 sz\u00e1m\u00fa projektben, 918.431.219 forintb\u00f3l l\u00e9trej\u00f6tt 7,2 kilom\u00e9teres ker\u00e9kp\u00e1r\u00fat Esztergom belv\u00e1ros\u00e1t k\u00f6ti \u00f6ssze az Esztergom-Kertv\u00e1ros telep\u00fcl\u00e9sr\u00e9szben tal\u00e1lhat\u00f3 Palatinus-t\u00f3val.<\/p>\n<p>Esztergomban a M\u00e1ria Val\u00e9ria h\u00eddf\u0151t\u0151l a Schweidel J. utc\u00e1ig kijel\u00f6l\u00e9ssel \u00e9s helyenk\u00e9nt burkolatfel\u00faj\u00edt\u00e1ssal, a Schweidel J. utc\u00e1t\u00f3l az Esztergom-Kertv\u00e1ros S\u00e1tork\u0151 utc\u00e1ig \u00faj \u00e9p\u00edt\u00e9s\u0171 \u00e9s kijel\u00f6l\u00e9ssel l\u00e9tes\u00edtett szakaszok kombin\u00e1ci\u00f3j\u00e1val, majd ezt k\u00f6vet\u0151en a Palatinus-t\u00f3ig \u00fajra csak kijel\u00f6l\u00e9ssel ker\u00fclt kialak\u00edt\u00e1sra az \u00faj ker\u00e9kp\u00e1ros \u00fatvonal. A fejleszt\u00e9s \u00f6sszhangban van Esztergom V\u00e1ros ker\u00e9kp\u00e1rforgalmi h\u00e1l\u00f3zati terv\u00e9vel. A tervezett ker\u00e9kp\u00e1r\u00fat r\u00e9sze a Duna menti ker\u00e9kp\u00e1r\u00fatvonalnak, \u00e9s az esztergomi ker\u00e9kp\u00e1ros h\u00e1l\u00f3zat r\u00e9szek\u00e9nt r\u00e1vezet az \u00e9p\u00fcl\u0151 EUROVELO6 nyomvonal\u00e1ra. A projekt r\u00e9szek\u00e9nt ker\u00e9kp\u00e1ros k\u00f6zleked\u00e9st n\u00e9pszer\u0171s\u00edt\u0151 \u00e9s k\u00f6zleked\u00e9sbiztons\u00e1gi c\u00e9l\u00fa szeml\u00e9letform\u00e1l\u00f3 tev\u00e9kenys\u00e9get is megval\u00f3s\u00edtottak. A v\u00e1rmegyei \u00f6nkorm\u00e1nyzat kor\u00e1bban m\u00e1r a mintegy 4 kilom\u00e9teres hivat\u00e1sforgalm\u00fa ker\u00e9kp\u00e1r\u00fat ki\u00e9p\u00edt\u00e9s\u00e9t is t\u00e1mogatta 120 milli\u00f3 forinttal, ami a Belv\u00e1ros \u00e9s az Ipari Park k\u00f6z\u00f6tt tal\u00e1lhat\u00f3.<br \/>\n<img fetchpriority=\"high\" decoding=\"async\" class=\"alignnone size-full wp-image-54713\" src=\"https:\/\/dorogimedence.hu\/wp-content\/uploads\/2023\/07\/kerekparut-04.jpg\" alt=\"\" width=\"1920\" height=\"1280\" srcset=\"https:\/\/dorogimedence.hu\/wp-content\/uploads\/2023\/07\/kerekparut-04.jpg 1920w, https:\/\/dorogimedence.hu\/wp-content\/uploads\/2023\/07\/kerekparut-04-600x400.jpg 600w, https:\/\/dorogimedence.hu\/wp-content\/uploads\/2023\/07\/kerekparut-04-768x512.jpg 768w, https:\/\/dorogimedence.hu\/wp-content\/uploads\/2023\/07\/kerekparut-04-1536x1024.jpg 1536w, https:\/\/dorogimedence.hu\/wp-content\/uploads\/2023\/07\/kerekparut-04-150x100.jpg 150w, https:\/\/dorogimedence.hu\/wp-content\/uploads\/2023\/07\/kerekparut-04-450x300.jpg 450w, https:\/\/dorogimedence.hu\/wp-content\/uploads\/2023\/07\/kerekparut-04-1200x800.jpg 1200w, https:\/\/dorogimedence.hu\/wp-content\/uploads\/2023\/07\/kerekparut-04-272x182.jpg 272w\" sizes=\"(max-width: 1920px) 100vw, 1920px\" \/><\/p>\n<p>A bej\u00e1r\u00e1s el\u0151tt t\u00e1j\u00e9koztat\u00f3t tartott Hern\u00e1di \u00c1d\u00e1m, Esztergom Megyei Jog\u00fa V\u00e1ros polg\u00e1rmestere, valamint Popovics Gy\u00f6rgy, a Kom\u00e1rom-Esztergom V\u00e1rmegyei \u00d6nkorm\u00e1nyzat eln\u00f6ke. Tov\u00e1bb\u00e1 az esem\u00e9nyen r\u00e9szt vett Steindl Bal\u00e1zs \u00e9s dr. Alberti P\u00e9ter Esztergom alpolg\u00e1rmesterei, Er\u0151s G\u00e1bor, a t\u00e9rs\u00e9g orsz\u00e1ggy\u0171l\u00e9si k\u00e9pvisel\u0151je, Magyar \u00c1kos tervez\u0151, Ozor\u00e1k G\u00e1bor m\u0171szaki ellen\u0151r, Neuzer Andr\u00e1s, a Neuzer Kft. vezet\u0151je, valamint Berek Eleon\u00f3ra v\u00e1rosfejleszt\u00e9si oszt\u00e1lyvezet\u0151.<\/p>\n<p>Popovics Gy\u00f6rgy besz\u00e9d\u00e9ben elmondta, hogy a v\u00e1rmegyei \u00f6nkorm\u00e1nyzat sz\u00e1m\u00e1ra nagyon fontos a k\u00f6zleked\u00e9s fejleszt\u00e9se, azon bel\u00fcl pedig a ker\u00e9kp\u00e1ros k\u00f6zleked\u00e9s\u00e9. \u201eAmikor a TOP p\u00e1ly\u00e1zatot tervezt\u00fck, akkor itt Esztergomban k\u00e9t ker\u00e9kp\u00e1r\u00fatr\u00f3l is sz\u00f3 volt. Az egyik az Ipari Parkba vezet\u0151 ker\u00e9kp\u00e1r\u00fat, \u00e9s a m\u00e1sik pedig ez, ami egy nagyon r\u00e9gi v\u00e1gy, hogy Esztergomot \u00e9s Esztergom-Kertv\u00e1rost \u00f6sszek\u00f6t\u0151 ker\u00e9kp\u00e1r\u00fat l\u00e9trej\u00f6hessen.\u201d \u2013 jegyezte meg a k\u00f6zgy\u0171l\u00e9s eln\u00f6ke, majd hozz\u00e1tette, hogy \u00fagy tudt\u00e1k ezt a beruh\u00e1z\u00e1st l\u00e9trehozni, hogy a megnyert 800 milli\u00f3 forint mell\u00e9 m\u00e9g egy t\u00f6bblett\u00e1mogat\u00e1st is siker\u00fclt kieszk\u00f6z\u00f6lni az ir\u00e1ny\u00edt\u00f3 hat\u00f3s\u00e1gt\u00f3l, \u00edgy \u00f6sszesen 918 milli\u00f3 forintot lehet elk\u00f6lteni erre a beruh\u00e1z\u00e1sra. Popovics Gy\u00f6rgy \u00fagy fogalmazott, hogy a ker\u00e9kp\u00e1roz\u00e1s az renesz\u00e1nsz\u00e1t \u00e9li, s\u0151t, egy \u00f3ri\u00e1si fejl\u0151d\u00e9s tapasztalhat\u00f3 ebben. Esztergom a gy\u00e1rt\u00e1s \u00e9s a ker\u00e9kp\u00e1roz\u00e1s ter\u00fclet\u00e9n is \u00e9len j\u00e1r. Ehhez kellenek az infrastruktur\u00e1lis beruh\u00e1z\u00e1sok, \u00e9s ezt a v\u00e1rmegye mindenk\u00e9ppen t\u00e1mogatja.<\/p>\n<p><img decoding=\"async\" class=\"alignnone size-full wp-image-54711\" src=\"https:\/\/dorogimedence.hu\/wp-content\/uploads\/2023\/07\/kerekparut-02.jpg\" alt=\"\" width=\"1920\" height=\"1280\" srcset=\"https:\/\/dorogimedence.hu\/wp-content\/uploads\/2023\/07\/kerekparut-02.jpg 1920w, https:\/\/dorogimedence.hu\/wp-content\/uploads\/2023\/07\/kerekparut-02-600x400.jpg 600w, https:\/\/dorogimedence.hu\/wp-content\/uploads\/2023\/07\/kerekparut-02-768x512.jpg 768w, https:\/\/dorogimedence.hu\/wp-content\/uploads\/2023\/07\/kerekparut-02-1536x1024.jpg 1536w, https:\/\/dorogimedence.hu\/wp-content\/uploads\/2023\/07\/kerekparut-02-150x100.jpg 150w, https:\/\/dorogimedence.hu\/wp-content\/uploads\/2023\/07\/kerekparut-02-450x300.jpg 450w, https:\/\/dorogimedence.hu\/wp-content\/uploads\/2023\/07\/kerekparut-02-1200x800.jpg 1200w, https:\/\/dorogimedence.hu\/wp-content\/uploads\/2023\/07\/kerekparut-02-272x182.jpg 272w\" sizes=\"(max-width: 1920px) 100vw, 1920px\" \/><\/p>\n<p>Hern\u00e1di \u00c1d\u00e1m elmondta, hogy az Esztergomot a Palatinus-t\u00f3val \u00f6sszek\u00f6t\u0151 ker\u00e9kp\u00e1r\u00fat els\u0151 szakasz\u00e1nak m\u00e9rf\u00f6ldk\u00f6v\u00e9n\u00e9l r\u00e9gi \u00e1lma val\u00f3sul meg az esztergomiaknak. Aki ismeri ezt a ter\u00fcletet, az pontosan tudja, hogy rengetegen haszn\u00e1lt\u00e1k a murv\u00e1s-f\u00f6ldutat ezen a nyomvonalon. Most m\u00e1r viszont j\u00f3 k\u00f6r\u00fclm\u00e9nyek k\u00f6z\u00f6tt \u00e9s biztons\u00e1gosan lehet ker\u00e9kp\u00e1rozni eg\u00e9szen a Palatinus-t\u00f3ig an\u00e9lk\u00fcl, hogy a f\u0151\u00faton balesetet szenvedhetne, vagy balesetvesz\u00e9lyes helyzetekbe ker\u00fclne valaki. A polg\u00e1rmester kiemelte, hogy az \u00e9p\u00edtett szakaszokon korszer\u0171 LED-es k\u00f6zvil\u00e1g\u00edt\u00e1s biztos\u00edtja az \u00e9jszakai k\u00f6zleked\u00e9st.<\/p>\n<p><img decoding=\"async\" class=\"alignnone size-full wp-image-54712\" src=\"https:\/\/dorogimedence.hu\/wp-content\/uploads\/2023\/07\/kerekparut-03.jpg\" alt=\"\" width=\"1920\" height=\"1280\" srcset=\"https:\/\/dorogimedence.hu\/wp-content\/uploads\/2023\/07\/kerekparut-03.jpg 1920w, https:\/\/dorogimedence.hu\/wp-content\/uploads\/2023\/07\/kerekparut-03-600x400.jpg 600w, https:\/\/dorogimedence.hu\/wp-content\/uploads\/2023\/07\/kerekparut-03-768x512.jpg 768w, https:\/\/dorogimedence.hu\/wp-content\/uploads\/2023\/07\/kerekparut-03-1536x1024.jpg 1536w, https:\/\/dorogimedence.hu\/wp-content\/uploads\/2023\/07\/kerekparut-03-150x100.jpg 150w, https:\/\/dorogimedence.hu\/wp-content\/uploads\/2023\/07\/kerekparut-03-450x300.jpg 450w, https:\/\/dorogimedence.hu\/wp-content\/uploads\/2023\/07\/kerekparut-03-1200x800.jpg 1200w, https:\/\/dorogimedence.hu\/wp-content\/uploads\/2023\/07\/kerekparut-03-272x182.jpg 272w\" sizes=\"(max-width: 1920px) 100vw, 1920px\" \/><\/p>\n","protected":false},"excerpt":{"rendered":"<p>J\u00falius 6-\u00e1n, cs\u00fct\u00f6rt\u00f6k\u00f6n bej\u00e1r\u00e1st tartottak az Esztergomot Esztergom-Kertv\u00e1rossal \u00f6sszek\u00f6t\u0151 ker\u00e9kp\u00e1r\u00fat elk\u00e9sz\u00fclt szakasz\u00e1n. A Kom\u00e1rom-Esztergom V\u00e1rmegyei \u00d6nkorm\u00e1nyzat a Ter\u00fclet- \u00e9s Telep\u00fcl\u00e9sfejleszt\u00e9si Operat\u00edv Program (TOP) keret\u00e9ben t\u00f6bb mint 900 milli\u00f3 forint t\u00e1mogat\u00e1st biztos\u00edtott a beruh\u00e1z\u00e1shoz. A TOP-3.1.1-16-KO1-2019-00007 sz\u00e1m\u00fa projektben, 918.431.219 forintb\u00f3l l\u00e9trej\u00f6tt 7,2 kilom\u00e9teres ker\u00e9kp\u00e1r\u00fat Esztergom belv\u00e1ros\u00e1t k\u00f6ti \u00f6ssze az Esztergom-Kertv\u00e1ros telep\u00fcl\u00e9sr\u00e9szben tal\u00e1lhat\u00f3 Palatinus-t\u00f3val. Esztergomban a M\u00e1ria<\/p>\n","protected":false},"author":1,"featured_media":54710,"comment_status":"closed","ping_status":"closed","sticky":false,"template":"","format":"standard","meta":{"ngg_post_thumbnail":0,"footnotes":""},"categories":[38,7,3,56],"tags":[724,42,169,5624,157,156,7004,258],"class_list":{"0":"post-54709","1":"post","2":"type-post","3":"status-publish","4":"format-standard","5":"has-post-thumbnail","7":"category-esztergom","8":"category-esztergom_kertvaros","9":"category-hirek","10":"category-komarom-esztergom","11":"tag-beruhazas","12":"tag-esztergom","13":"tag-esztergom-kertvaros","14":"tag-featured","15":"tag-fejlesztes","16":"tag-kerekparut","17":"tag-komarom-esztergom-varmegyei-onkormanyzat","18":"tag-utepites"},"yoast_head":"<!-- This site is optimized with the Yoast SEO plugin v27.5 - https:\/\/yoast.com\/product\/yoast-seo-wordpress\/ -->\n<title>Kipr\u00f3b\u00e1ltuk az \u00faj esztergomi ker\u00e9kp\u00e1r\u00fat elk\u00e9sz\u00fclt szakasz\u00e1t<\/title>\n<meta name=\"robots\" content=\"index, follow, max-snippet:-1, max-image-preview:large, max-video-preview:-1\" \/>\n<link rel=\"canonical\" href=\"https:\/\/dorogimedence.hu\/index.php\/2023\/07\/06\/kiprobaltuk-az-uj-esztergomi-kerekparut-elkeszult-szakaszat\/\" class=\"yoast-seo-meta-tag\" \/>\n<meta property=\"og:locale\" content=\"hu_HU\" class=\"yoast-seo-meta-tag\" \/>\n<meta property=\"og:type\" content=\"article\" class=\"yoast-seo-meta-tag\" \/>\n<meta property=\"og:title\" content=\"Kipr\u00f3b\u00e1ltuk az \u00faj esztergomi ker\u00e9kp\u00e1r\u00fat elk\u00e9sz\u00fclt szakasz\u00e1t\" class=\"yoast-seo-meta-tag\" \/>\n<meta property=\"og:description\" content=\"J\u00falius 6-\u00e1n, cs\u00fct\u00f6rt\u00f6k\u00f6n bej\u00e1r\u00e1st tartottak az Esztergomot Esztergom-Kertv\u00e1rossal \u00f6sszek\u00f6t\u0151 ker\u00e9kp\u00e1r\u00fat elk\u00e9sz\u00fclt szakasz\u00e1n. A Kom\u00e1rom-Esztergom V\u00e1rmegyei \u00d6nkorm\u00e1nyzat a Ter\u00fclet- \u00e9s Telep\u00fcl\u00e9sfejleszt\u00e9si Operat\u00edv Program (TOP) keret\u00e9ben t\u00f6bb mint 900 milli\u00f3 forint t\u00e1mogat\u00e1st biztos\u00edtott a beruh\u00e1z\u00e1shoz. A TOP-3.1.1-16-KO1-2019-00007 sz\u00e1m\u00fa projektben, 918.431.219 forintb\u00f3l l\u00e9trej\u00f6tt 7,2 kilom\u00e9teres ker\u00e9kp\u00e1r\u00fat Esztergom belv\u00e1ros\u00e1t k\u00f6ti \u00f6ssze az Esztergom-Kertv\u00e1ros telep\u00fcl\u00e9sr\u00e9szben tal\u00e1lhat\u00f3 Palatinus-t\u00f3val. Esztergomban a M\u00e1ria\" class=\"yoast-seo-meta-tag\" \/>\n<meta property=\"og:url\" content=\"https:\/\/dorogimedence.hu\/index.php\/2023\/07\/06\/kiprobaltuk-az-uj-esztergomi-kerekparut-elkeszult-szakaszat\/\" class=\"yoast-seo-meta-tag\" \/>\n<meta property=\"og:site_name\" content=\"Dorogi-medence Region\u00e1lis H\u00edrport\u00e1l\" class=\"yoast-seo-meta-tag\" \/>\n<meta property=\"article:publisher\" content=\"https:\/\/www.facebook.com\/dorogimedence\/\" class=\"yoast-seo-meta-tag\" \/>\n<meta property=\"article:published_time\" content=\"2023-07-06T10:31:37+00:00\" class=\"yoast-seo-meta-tag\" \/>\n<meta property=\"og:image\" content=\"https:\/\/dorogimedence.hu\/wp-content\/uploads\/2023\/07\/kerekparut-01.jpg\" class=\"yoast-seo-meta-tag\" \/>\n\t<meta property=\"og:image:width\" content=\"1920\" class=\"yoast-seo-meta-tag\" \/>\n\t<meta property=\"og:image:height\" content=\"970\" class=\"yoast-seo-meta-tag\" \/>\n\t<meta property=\"og:image:type\" content=\"image\/jpeg\" class=\"yoast-seo-meta-tag\" \/>\n<meta name=\"author\" content=\"dorogimedence.hu\" class=\"yoast-seo-meta-tag\" \/>\n<meta name=\"twitter:card\" content=\"summary_large_image\" class=\"yoast-seo-meta-tag\" \/>\n<meta name=\"twitter:label1\" content=\"Szerz\u0151:\" class=\"yoast-seo-meta-tag\" \/>\n\t<meta name=\"twitter:data1\" content=\"dorogimedence.hu\" class=\"yoast-seo-meta-tag\" \/>\n\t<meta name=\"twitter:label2\" content=\"Becs\u00fclt olvas\u00e1si id\u0151\" class=\"yoast-seo-meta-tag\" \/>\n\t<meta name=\"twitter:data2\" content=\"4 perc\" class=\"yoast-seo-meta-tag\" \/>\n<script type=\"application\/ld+json\" class=\"yoast-schema-graph\">{\"@context\":\"https:\\\/\\\/schema.org\",\"@graph\":[{\"@type\":\"Article\",\"@id\":\"https:\\\/\\\/dorogimedence.hu\\\/index.php\\\/2023\\\/07\\\/06\\\/kiprobaltuk-az-uj-esztergomi-kerekparut-elkeszult-szakaszat\\\/#article\",\"isPartOf\":{\"@id\":\"https:\\\/\\\/dorogimedence.hu\\\/index.php\\\/2023\\\/07\\\/06\\\/kiprobaltuk-az-uj-esztergomi-kerekparut-elkeszult-szakaszat\\\/\"},\"author\":{\"name\":\"dorogimedence.hu\",\"@id\":\"https:\\\/\\\/dorogimedence.hu\\\/#\\\/schema\\\/person\\\/ce6091eeb7e95ecdc87890d6aa8e0fd4\"},\"headline\":\"Kipr\u00f3b\u00e1ltuk az \u00faj esztergomi ker\u00e9kp\u00e1r\u00fat elk\u00e9sz\u00fclt szakasz\u00e1t\",\"datePublished\":\"2023-07-06T10:31:37+00:00\",\"mainEntityOfPage\":{\"@id\":\"https:\\\/\\\/dorogimedence.hu\\\/index.php\\\/2023\\\/07\\\/06\\\/kiprobaltuk-az-uj-esztergomi-kerekparut-elkeszult-szakaszat\\\/\"},\"wordCount\":750,\"publisher\":{\"@id\":\"https:\\\/\\\/dorogimedence.hu\\\/#organization\"},\"image\":{\"@id\":\"https:\\\/\\\/dorogimedence.hu\\\/index.php\\\/2023\\\/07\\\/06\\\/kiprobaltuk-az-uj-esztergomi-kerekparut-elkeszult-szakaszat\\\/#primaryimage\"},\"thumbnailUrl\":\"https:\\\/\\\/dorogimedence.hu\\\/wp-content\\\/uploads\\\/2023\\\/07\\\/kerekparut-01.jpg\",\"keywords\":[\"beruh\u00e1z\u00e1s\",\"esztergom\",\"Esztergom-kertv\u00e1ros\",\"featured\",\"fejleszt\u00e9s\",\"ker\u00e9kp\u00e1r\u00fat\",\"Kom\u00e1rom-Esztergom V\u00e1rmegyei \u00d6nkorm\u00e1nyzat\",\"\u00fat\u00e9p\u00edt\u00e9s\"],\"articleSection\":[\"Esztergom\",\"Esztergom-kertv\u00e1ros\",\"H\u00edrek\",\"Kom\u00e1rom-Esztergom\"],\"inLanguage\":\"hu\"},{\"@type\":\"WebPage\",\"@id\":\"https:\\\/\\\/dorogimedence.hu\\\/index.php\\\/2023\\\/07\\\/06\\\/kiprobaltuk-az-uj-esztergomi-kerekparut-elkeszult-szakaszat\\\/\",\"url\":\"https:\\\/\\\/dorogimedence.hu\\\/index.php\\\/2023\\\/07\\\/06\\\/kiprobaltuk-az-uj-esztergomi-kerekparut-elkeszult-szakaszat\\\/\",\"name\":\"Kipr\u00f3b\u00e1ltuk az \u00faj esztergomi ker\u00e9kp\u00e1r\u00fat elk\u00e9sz\u00fclt szakasz\u00e1t\",\"isPartOf\":{\"@id\":\"https:\\\/\\\/dorogimedence.hu\\\/#website\"},\"primaryImageOfPage\":{\"@id\":\"https:\\\/\\\/dorogimedence.hu\\\/index.php\\\/2023\\\/07\\\/06\\\/kiprobaltuk-az-uj-esztergomi-kerekparut-elkeszult-szakaszat\\\/#primaryimage\"},\"image\":{\"@id\":\"https:\\\/\\\/dorogimedence.hu\\\/index.php\\\/2023\\\/07\\\/06\\\/kiprobaltuk-az-uj-esztergomi-kerekparut-elkeszult-szakaszat\\\/#primaryimage\"},\"thumbnailUrl\":\"https:\\\/\\\/dorogimedence.hu\\\/wp-content\\\/uploads\\\/2023\\\/07\\\/kerekparut-01.jpg\",\"datePublished\":\"2023-07-06T10:31:37+00:00\",\"breadcrumb\":{\"@id\":\"https:\\\/\\\/dorogimedence.hu\\\/index.php\\\/2023\\\/07\\\/06\\\/kiprobaltuk-az-uj-esztergomi-kerekparut-elkeszult-szakaszat\\\/#breadcrumb\"},\"inLanguage\":\"hu\",\"potentialAction\":[{\"@type\":\"ReadAction\",\"target\":[\"https:\\\/\\\/dorogimedence.hu\\\/index.php\\\/2023\\\/07\\\/06\\\/kiprobaltuk-az-uj-esztergomi-kerekparut-elkeszult-szakaszat\\\/\"]}]},{\"@type\":\"ImageObject\",\"inLanguage\":\"hu\",\"@id\":\"https:\\\/\\\/dorogimedence.hu\\\/index.php\\\/2023\\\/07\\\/06\\\/kiprobaltuk-az-uj-esztergomi-kerekparut-elkeszult-szakaszat\\\/#primaryimage\",\"url\":\"https:\\\/\\\/dorogimedence.hu\\\/wp-content\\\/uploads\\\/2023\\\/07\\\/kerekparut-01.jpg\",\"contentUrl\":\"https:\\\/\\\/dorogimedence.hu\\\/wp-content\\\/uploads\\\/2023\\\/07\\\/kerekparut-01.jpg\",\"width\":1920,\"height\":970},{\"@type\":\"BreadcrumbList\",\"@id\":\"https:\\\/\\\/dorogimedence.hu\\\/index.php\\\/2023\\\/07\\\/06\\\/kiprobaltuk-az-uj-esztergomi-kerekparut-elkeszult-szakaszat\\\/#breadcrumb\",\"itemListElement\":[{\"@type\":\"ListItem\",\"position\":1,\"name\":\"Kezd\u0151lap\",\"item\":\"https:\\\/\\\/dorogimedence.hu\\\/\"},{\"@type\":\"ListItem\",\"position\":2,\"name\":\"Kipr\u00f3b\u00e1ltuk az \u00faj esztergomi ker\u00e9kp\u00e1r\u00fat elk\u00e9sz\u00fclt szakasz\u00e1t\"}]},{\"@type\":\"WebSite\",\"@id\":\"https:\\\/\\\/dorogimedence.hu\\\/#website\",\"url\":\"https:\\\/\\\/dorogimedence.hu\\\/\",\"name\":\"Dorogi-medence Region\u00e1lis H\u00edrport\u00e1l\",\"description\":\"Dorog, Keszt\u00f6lc, Le\u00e1nyv\u00e1r, Piliscs\u00e9v, Tokod, Tokodalt\u00e1r\u00f3, Csolnok, Esztergom-kertv\u00e1ros: h\u00edrek, programok\",\"publisher\":{\"@id\":\"https:\\\/\\\/dorogimedence.hu\\\/#organization\"},\"potentialAction\":[{\"@type\":\"SearchAction\",\"target\":{\"@type\":\"EntryPoint\",\"urlTemplate\":\"https:\\\/\\\/dorogimedence.hu\\\/?s={search_term_string}\"},\"query-input\":{\"@type\":\"PropertyValueSpecification\",\"valueRequired\":true,\"valueName\":\"search_term_string\"}}],\"inLanguage\":\"hu\"},{\"@type\":\"Organization\",\"@id\":\"https:\\\/\\\/dorogimedence.hu\\\/#organization\",\"name\":\"Dorogi-medence Region\u00e1lis H\u00edrport\u00e1l\",\"url\":\"https:\\\/\\\/dorogimedence.hu\\\/\",\"logo\":{\"@type\":\"ImageObject\",\"inLanguage\":\"hu\",\"@id\":\"https:\\\/\\\/dorogimedence.hu\\\/#\\\/schema\\\/logo\\\/image\\\/\",\"url\":\"https:\\\/\\\/dorogimedence.hu\\\/wp-content\\\/uploads\\\/2021\\\/04\\\/logo-feher-600.png\",\"contentUrl\":\"https:\\\/\\\/dorogimedence.hu\\\/wp-content\\\/uploads\\\/2021\\\/04\\\/logo-feher-600.png\",\"width\":600,\"height\":100,\"caption\":\"Dorogi-medence Region\u00e1lis H\u00edrport\u00e1l\"},\"image\":{\"@id\":\"https:\\\/\\\/dorogimedence.hu\\\/#\\\/schema\\\/logo\\\/image\\\/\"},\"sameAs\":[\"https:\\\/\\\/www.facebook.com\\\/dorogimedence\\\/\"]},{\"@type\":\"Person\",\"@id\":\"https:\\\/\\\/dorogimedence.hu\\\/#\\\/schema\\\/person\\\/ce6091eeb7e95ecdc87890d6aa8e0fd4\",\"name\":\"dorogimedence.hu\",\"image\":{\"@type\":\"ImageObject\",\"inLanguage\":\"hu\",\"@id\":\"\\\/\\\/www.gravatar.com\\\/avatar\\\/d8d45f8901aadff40a4af72c0b826f1d?s=96&#038;r=g&#038;d=mm\",\"url\":\"\\\/\\\/www.gravatar.com\\\/avatar\\\/d8d45f8901aadff40a4af72c0b826f1d?s=96&#038;r=g&#038;d=mm\",\"contentUrl\":\"\\\/\\\/www.gravatar.com\\\/avatar\\\/d8d45f8901aadff40a4af72c0b826f1d?s=96&#038;r=g&#038;d=mm\",\"caption\":\"dorogimedence.hu\"}}]}<\/script>\n<!-- \/ Yoast SEO plugin. -->","yoast_head_json":{"title":"Kipr\u00f3b\u00e1ltuk az \u00faj esztergomi ker\u00e9kp\u00e1r\u00fat elk\u00e9sz\u00fclt szakasz\u00e1t","robots":{"index":"index","follow":"follow","max-snippet":"max-snippet:-1","max-image-preview":"max-image-preview:large","max-video-preview":"max-video-preview:-1"},"canonical":"https:\/\/dorogimedence.hu\/index.php\/2023\/07\/06\/kiprobaltuk-az-uj-esztergomi-kerekparut-elkeszult-szakaszat\/","og_locale":"hu_HU","og_type":"article","og_title":"Kipr\u00f3b\u00e1ltuk az \u00faj esztergomi ker\u00e9kp\u00e1r\u00fat elk\u00e9sz\u00fclt szakasz\u00e1t","og_description":"J\u00falius 6-\u00e1n, cs\u00fct\u00f6rt\u00f6k\u00f6n bej\u00e1r\u00e1st tartottak az Esztergomot Esztergom-Kertv\u00e1rossal \u00f6sszek\u00f6t\u0151 ker\u00e9kp\u00e1r\u00fat elk\u00e9sz\u00fclt szakasz\u00e1n. A Kom\u00e1rom-Esztergom V\u00e1rmegyei \u00d6nkorm\u00e1nyzat a Ter\u00fclet- \u00e9s Telep\u00fcl\u00e9sfejleszt\u00e9si Operat\u00edv Program (TOP) keret\u00e9ben t\u00f6bb mint 900 milli\u00f3 forint t\u00e1mogat\u00e1st biztos\u00edtott a beruh\u00e1z\u00e1shoz. A TOP-3.1.1-16-KO1-2019-00007 sz\u00e1m\u00fa projektben, 918.431.219 forintb\u00f3l l\u00e9trej\u00f6tt 7,2 kilom\u00e9teres ker\u00e9kp\u00e1r\u00fat Esztergom belv\u00e1ros\u00e1t k\u00f6ti \u00f6ssze az Esztergom-Kertv\u00e1ros telep\u00fcl\u00e9sr\u00e9szben tal\u00e1lhat\u00f3 Palatinus-t\u00f3val. Esztergomban a M\u00e1ria","og_url":"https:\/\/dorogimedence.hu\/index.php\/2023\/07\/06\/kiprobaltuk-az-uj-esztergomi-kerekparut-elkeszult-szakaszat\/","og_site_name":"Dorogi-medence Region\u00e1lis H\u00edrport\u00e1l","article_publisher":"https:\/\/www.facebook.com\/dorogimedence\/","article_published_time":"2023-07-06T10:31:37+00:00","og_image":[{"width":1920,"height":970,"url":"https:\/\/dorogimedence.hu\/wp-content\/uploads\/2023\/07\/kerekparut-01.jpg","type":"image\/jpeg"}],"author":"dorogimedence.hu","twitter_card":"summary_large_image","twitter_misc":{"Szerz\u0151:":"dorogimedence.hu","Becs\u00fclt olvas\u00e1si id\u0151":"4 perc"},"schema":{"@context":"https:\/\/schema.org","@graph":[{"@type":"Article","@id":"https:\/\/dorogimedence.hu\/index.php\/2023\/07\/06\/kiprobaltuk-az-uj-esztergomi-kerekparut-elkeszult-szakaszat\/#article","isPartOf":{"@id":"https:\/\/dorogimedence.hu\/index.php\/2023\/07\/06\/kiprobaltuk-az-uj-esztergomi-kerekparut-elkeszult-szakaszat\/"},"author":{"name":"dorogimedence.hu","@id":"https:\/\/dorogimedence.hu\/#\/schema\/person\/ce6091eeb7e95ecdc87890d6aa8e0fd4"},"headline":"Kipr\u00f3b\u00e1ltuk az \u00faj esztergomi ker\u00e9kp\u00e1r\u00fat elk\u00e9sz\u00fclt szakasz\u00e1t","datePublished":"2023-07-06T10:31:37+00:00","mainEntityOfPage":{"@id":"https:\/\/dorogimedence.hu\/index.php\/2023\/07\/06\/kiprobaltuk-az-uj-esztergomi-kerekparut-elkeszult-szakaszat\/"},"wordCount":750,"publisher":{"@id":"https:\/\/dorogimedence.hu\/#organization"},"image":{"@id":"https:\/\/dorogimedence.hu\/index.php\/2023\/07\/06\/kiprobaltuk-az-uj-esztergomi-kerekparut-elkeszult-szakaszat\/#primaryimage"},"thumbnailUrl":"https:\/\/dorogimedence.hu\/wp-content\/uploads\/2023\/07\/kerekparut-01.jpg","keywords":["beruh\u00e1z\u00e1s","esztergom","Esztergom-kertv\u00e1ros","featured","fejleszt\u00e9s","ker\u00e9kp\u00e1r\u00fat","Kom\u00e1rom-Esztergom V\u00e1rmegyei \u00d6nkorm\u00e1nyzat","\u00fat\u00e9p\u00edt\u00e9s"],"articleSection":["Esztergom","Esztergom-kertv\u00e1ros","H\u00edrek","Kom\u00e1rom-Esztergom"],"inLanguage":"hu"},{"@type":"WebPage","@id":"https:\/\/dorogimedence.hu\/index.php\/2023\/07\/06\/kiprobaltuk-az-uj-esztergomi-kerekparut-elkeszult-szakaszat\/","url":"https:\/\/dorogimedence.hu\/index.php\/2023\/07\/06\/kiprobaltuk-az-uj-esztergomi-kerekparut-elkeszult-szakaszat\/","name":"Kipr\u00f3b\u00e1ltuk az \u00faj esztergomi ker\u00e9kp\u00e1r\u00fat elk\u00e9sz\u00fclt szakasz\u00e1t","isPartOf":{"@id":"https:\/\/dorogimedence.hu\/#website"},"primaryImageOfPage":{"@id":"https:\/\/dorogimedence.hu\/index.php\/2023\/07\/06\/kiprobaltuk-az-uj-esztergomi-kerekparut-elkeszult-szakaszat\/#primaryimage"},"image":{"@id":"https:\/\/dorogimedence.hu\/index.php\/2023\/07\/06\/kiprobaltuk-az-uj-esztergomi-kerekparut-elkeszult-szakaszat\/#primaryimage"},"thumbnailUrl":"https:\/\/dorogimedence.hu\/wp-content\/uploads\/2023\/07\/kerekparut-01.jpg","datePublished":"2023-07-06T10:31:37+00:00","breadcrumb":{"@id":"https:\/\/dorogimedence.hu\/index.php\/2023\/07\/06\/kiprobaltuk-az-uj-esztergomi-kerekparut-elkeszult-szakaszat\/#breadcrumb"},"inLanguage":"hu","potentialAction":[{"@type":"ReadAction","target":["https:\/\/dorogimedence.hu\/index.php\/2023\/07\/06\/kiprobaltuk-az-uj-esztergomi-kerekparut-elkeszult-szakaszat\/"]}]},{"@type":"ImageObject","inLanguage":"hu","@id":"https:\/\/dorogimedence.hu\/index.php\/2023\/07\/06\/kiprobaltuk-az-uj-esztergomi-kerekparut-elkeszult-szakaszat\/#primaryimage","url":"https:\/\/dorogimedence.hu\/wp-content\/uploads\/2023\/07\/kerekparut-01.jpg","contentUrl":"https:\/\/dorogimedence.hu\/wp-content\/uploads\/2023\/07\/kerekparut-01.jpg","width":1920,"height":970},{"@type":"BreadcrumbList","@id":"https:\/\/dorogimedence.hu\/index.php\/2023\/07\/06\/kiprobaltuk-az-uj-esztergomi-kerekparut-elkeszult-szakaszat\/#breadcrumb","itemListElement":[{"@type":"ListItem","position":1,"name":"Kezd\u0151lap","item":"https:\/\/dorogimedence.hu\/"},{"@type":"ListItem","position":2,"name":"Kipr\u00f3b\u00e1ltuk az \u00faj esztergomi ker\u00e9kp\u00e1r\u00fat elk\u00e9sz\u00fclt szakasz\u00e1t"}]},{"@type":"WebSite","@id":"https:\/\/dorogimedence.hu\/#website","url":"https:\/\/dorogimedence.hu\/","name":"Dorogi-medence Region\u00e1lis H\u00edrport\u00e1l","description":"Dorog, Keszt\u00f6lc, Le\u00e1nyv\u00e1r, Piliscs\u00e9v, Tokod, Tokodalt\u00e1r\u00f3, Csolnok, Esztergom-kertv\u00e1ros: h\u00edrek, programok","publisher":{"@id":"https:\/\/dorogimedence.hu\/#organization"},"potentialAction":[{"@type":"SearchAction","target":{"@type":"EntryPoint","urlTemplate":"https:\/\/dorogimedence.hu\/?s={search_term_string}"},"query-input":{"@type":"PropertyValueSpecification","valueRequired":true,"valueName":"search_term_string"}}],"inLanguage":"hu"},{"@type":"Organization","@id":"https:\/\/dorogimedence.hu\/#organization","name":"Dorogi-medence Region\u00e1lis H\u00edrport\u00e1l","url":"https:\/\/dorogimedence.hu\/","logo":{"@type":"ImageObject","inLanguage":"hu","@id":"https:\/\/dorogimedence.hu\/#\/schema\/logo\/image\/","url":"https:\/\/dorogimedence.hu\/wp-content\/uploads\/2021\/04\/logo-feher-600.png","contentUrl":"https:\/\/dorogimedence.hu\/wp-content\/uploads\/2021\/04\/logo-feher-600.png","width":600,"height":100,"caption":"Dorogi-medence Region\u00e1lis H\u00edrport\u00e1l"},"image":{"@id":"https:\/\/dorogimedence.hu\/#\/schema\/logo\/image\/"},"sameAs":["https:\/\/www.facebook.com\/dorogimedence\/"]},{"@type":"Person","@id":"https:\/\/dorogimedence.hu\/#\/schema\/person\/ce6091eeb7e95ecdc87890d6aa8e0fd4","name":"dorogimedence.hu","image":{"@type":"ImageObject","inLanguage":"hu","@id":"\/\/www.gravatar.com\/avatar\/d8d45f8901aadff40a4af72c0b826f1d?s=96&#038;r=g&#038;d=mm","url":"\/\/www.gravatar.com\/avatar\/d8d45f8901aadff40a4af72c0b826f1d?s=96&#038;r=g&#038;d=mm","contentUrl":"\/\/www.gravatar.com\/avatar\/d8d45f8901aadff40a4af72c0b826f1d?s=96&#038;r=g&#038;d=mm","caption":"dorogimedence.hu"}}]}},"_links":{"self":[{"href":"https:\/\/dorogimedence.hu\/index.php\/wp-json\/wp\/v2\/posts\/54709","targetHints":{"allow":["GET"]}}],"collection":[{"href":"https:\/\/dorogimedence.hu\/index.php\/wp-json\/wp\/v2\/posts"}],"about":[{"href":"https:\/\/dorogimedence.hu\/index.php\/wp-json\/wp\/v2\/types\/post"}],"author":[{"embeddable":true,"href":"https:\/\/dorogimedence.hu\/index.php\/wp-json\/wp\/v2\/users\/1"}],"replies":[{"embeddable":true,"href":"https:\/\/dorogimedence.hu\/index.php\/wp-json\/wp\/v2\/comments?post=54709"}],"version-history":[{"count":0,"href":"https:\/\/dorogimedence.hu\/index.php\/wp-json\/wp\/v2\/posts\/54709\/revisions"}],"wp:featuredmedia":[{"embeddable":true,"href":"https:\/\/dorogimedence.hu\/index.php\/wp-json\/wp\/v2\/media\/54710"}],"wp:attachment":[{"href":"https:\/\/dorogimedence.hu\/index.php\/wp-json\/wp\/v2\/media?parent=54709"}],"wp:term":[{"taxonomy":"category","embeddable":true,"href":"https:\/\/dorogimedence.hu\/index.php\/wp-json\/wp\/v2\/categories?post=54709"},{"taxonomy":"post_tag","embeddable":true,"href":"https:\/\/dorogimedence.hu\/index.php\/wp-json\/wp\/v2\/tags?post=54709"}],"curies":[{"name":"wp","href":"https:\/\/api.w.org\/{rel}","templated":true}]}}