{"id":54690,"date":"2023-07-04T15:52:50","date_gmt":"2023-07-04T13:52:50","guid":{"rendered":"https:\/\/dorogimedence.hu\/?p=54690"},"modified":"2023-07-04T15:52:50","modified_gmt":"2023-07-04T13:52:50","slug":"az-esztergomi-csoregi-europa-otodik-legjobbja","status":"publish","type":"post","link":"https:\/\/dorogimedence.hu\/index.php\/2023\/07\/04\/az-esztergomi-csoregi-europa-otodik-legjobbja\/","title":{"rendered":"Az esztergomi Cs\u00f6regi Eur\u00f3pa \u00f6t\u00f6dik legjobbja"},"content":{"rendered":"<p><strong>A 27. Horg\u00e1sz Eur\u00f3pa Bajnoks\u00e1gon ez\u00fcst\u00e9rmes lett a magyar csapat, ezzel jelenleg vezetik az olaszok \u00e9s az angolok el\u0151tt a nemzetk\u00f6zi sz\u00f6vets\u00e9g 7 \u00e9vet \u00f6sszegz\u0151 EB ranglist\u00e1j\u00e1t. A v\u00e1logatott tagjak\u00e9nt az esztergomi Cs\u00f6regi Bal\u00e1zs 135 eur\u00f3pai szinten jegyzett horg\u00e1sz k\u00f6z\u00fcl egy\u00e9niben az \u00f6t\u00f6dik helyet szerezte meg.<\/strong><\/p>\n<p>A bajnoks\u00e1gok a kaposv\u00e1ri Deseda tavon rendezt\u00e9k a rendezv\u00e9ny el\u0151tt fel\u00faj\u00edtott versenyp\u00e1ly\u00e1n. Az esem\u00e9nyt n\u00e9pes k\u00f6z\u00f6ns\u00e9g k\u00eds\u00e9rte figyelemmel annak ellen\u00e9re, hogy az els\u0151 napon a \u201ekis hal is j\u00f3 hal\u201d lehetett volna a versenyz\u0151k mott\u00f3ja, mert a fog\u00e1s f\u0151leg bab\u00e9rlev\u00e9l m\u00e9ret\u0171 k\u00fcsz\u00f6kb\u0151l \u00e1llt.<\/p>\n<p><img fetchpriority=\"high\" decoding=\"async\" class=\"alignnone size-full wp-image-54692\" src=\"https:\/\/dorogimedence.hu\/wp-content\/uploads\/2023\/07\/0704EBotodikCsoregiFOTO4.jpg\" alt=\"\" width=\"927\" height=\"698\" srcset=\"https:\/\/dorogimedence.hu\/wp-content\/uploads\/2023\/07\/0704EBotodikCsoregiFOTO4.jpg 927w, https:\/\/dorogimedence.hu\/wp-content\/uploads\/2023\/07\/0704EBotodikCsoregiFOTO4-600x452.jpg 600w, https:\/\/dorogimedence.hu\/wp-content\/uploads\/2023\/07\/0704EBotodikCsoregiFOTO4-768x578.jpg 768w, https:\/\/dorogimedence.hu\/wp-content\/uploads\/2023\/07\/0704EBotodikCsoregiFOTO4-150x113.jpg 150w, https:\/\/dorogimedence.hu\/wp-content\/uploads\/2023\/07\/0704EBotodikCsoregiFOTO4-450x339.jpg 450w\" sizes=\"(max-width: 927px) 100vw, 927px\" \/><\/p>\n<p>A k\u00f6vetkez\u0151 napokban, az enyh\u00fcl\u00e9st k\u00f6vet\u0151en megj\u00f6tt a halak \u00e9tv\u00e1gya, viszont Cs\u00f6regi Bal\u00e1zs dolg\u00e1t nehez\u00edtette, hogy a sorsol\u00e1son a hat m\u00e9lyv\u00edzi szektor legrosszabb hely\u00e9t, egy kanyarulat legbels\u0151 \u00edv\u00e9t kapta meg. Ebben a helyzetben is t\u00f6bb mint 9 kil\u00f3val m\u00e9rlegelt, \u00edgy a mez\u0151ny elej\u00e9re ker\u00fclt.<\/p>\n<p>Seg\u00edt\u0151j\u00e9vel, Horv\u00e1th L\u00e1szl\u00f3val j\u00f3 \u00f6sszmunk\u00e1val \u00e9rt\u00e9k el a sikert, majd az eg\u00e9sz verseny sor\u00e1n tud\u00e1suk legjav\u00e1t adva, folyamatosan j\u00f3 eredm\u00e9nyeket mutatva horg\u00e1sztak.<\/p>\n<p>Nagy volt a nyom\u00e1s a magyar csapaton, hiszen dobog\u00f3es\u00e9lyesk\u00e9nt kellett bizony\u00edtani. Ez\u00fcst\u00e9rem lett a v\u00e9geredm\u00e9ny, \u00edgy a magyarok tov\u00e1bbra is vezetik a nemzetk\u00f6zi sz\u00f6vets\u00e9g 7 \u00e9vet \u00f6sszegz\u0151 EB ranglist\u00e1j\u00e1t.<\/p>\n<p><img decoding=\"async\" class=\"alignnone size-full wp-image-54693\" src=\"https:\/\/dorogimedence.hu\/wp-content\/uploads\/2023\/07\/0704EBotodikCsoregiFOTO5.jpg\" alt=\"\" width=\"789\" height=\"603\" srcset=\"https:\/\/dorogimedence.hu\/wp-content\/uploads\/2023\/07\/0704EBotodikCsoregiFOTO5.jpg 789w, https:\/\/dorogimedence.hu\/wp-content\/uploads\/2023\/07\/0704EBotodikCsoregiFOTO5-600x459.jpg 600w, https:\/\/dorogimedence.hu\/wp-content\/uploads\/2023\/07\/0704EBotodikCsoregiFOTO5-768x587.jpg 768w, https:\/\/dorogimedence.hu\/wp-content\/uploads\/2023\/07\/0704EBotodikCsoregiFOTO5-150x115.jpg 150w, https:\/\/dorogimedence.hu\/wp-content\/uploads\/2023\/07\/0704EBotodikCsoregiFOTO5-450x344.jpg 450w\" sizes=\"(max-width: 789px) 100vw, 789px\" \/><\/p>\n<p><em>Fot\u00f3k, forr\u00e1s: KEMHESZ<\/em><\/p>\n","protected":false},"excerpt":{"rendered":"<p>A 27. Horg\u00e1sz Eur\u00f3pa Bajnoks\u00e1gon ez\u00fcst\u00e9rmes lett a magyar csapat, ezzel jelenleg vezetik az olaszok \u00e9s az angolok el\u0151tt a nemzetk\u00f6zi sz\u00f6vets\u00e9g 7 \u00e9vet \u00f6sszegz\u0151 EB ranglist\u00e1j\u00e1t. A v\u00e1logatott tagjak\u00e9nt az esztergomi Cs\u00f6regi Bal\u00e1zs 135 eur\u00f3pai szinten jegyzett horg\u00e1sz k\u00f6z\u00fcl egy\u00e9niben az \u00f6t\u00f6dik helyet szerezte meg. A bajnoks\u00e1gok a kaposv\u00e1ri Deseda tavon rendezt\u00e9k a rendezv\u00e9ny<\/p>\n","protected":false},"author":1,"featured_media":54691,"comment_status":"closed","ping_status":"closed","sticky":false,"template":"","format":"standard","meta":{"ngg_post_thumbnail":0,"footnotes":""},"categories":[38,3,5],"tags":[42,4084,4825,5066,598,4398,16],"class_list":{"0":"post-54690","1":"post","2":"type-post","3":"status-publish","4":"format-standard","5":"has-post-thumbnail","7":"category-esztergom","8":"category-hirek","9":"category-sport","10":"tag-esztergom","11":"tag-hal","12":"tag-horgasz","13":"tag-horgasz-verseny","14":"tag-horgaszat","15":"tag-kemhesz","16":"tag-sport"},"yoast_head":"<!-- This site is optimized with the Yoast SEO plugin v27.5 - https:\/\/yoast.com\/product\/yoast-seo-wordpress\/ -->\n<title>Az esztergomi Cs\u00f6regi Eur\u00f3pa \u00f6t\u00f6dik legjobbja<\/title>\n<meta name=\"robots\" content=\"index, follow, max-snippet:-1, max-image-preview:large, max-video-preview:-1\" \/>\n<link rel=\"canonical\" href=\"https:\/\/dorogimedence.hu\/index.php\/2023\/07\/04\/az-esztergomi-csoregi-europa-otodik-legjobbja\/\" class=\"yoast-seo-meta-tag\" \/>\n<meta property=\"og:locale\" content=\"hu_HU\" class=\"yoast-seo-meta-tag\" \/>\n<meta property=\"og:type\" content=\"article\" class=\"yoast-seo-meta-tag\" \/>\n<meta property=\"og:title\" content=\"Az esztergomi Cs\u00f6regi Eur\u00f3pa \u00f6t\u00f6dik legjobbja\" class=\"yoast-seo-meta-tag\" \/>\n<meta property=\"og:description\" content=\"A 27. Horg\u00e1sz Eur\u00f3pa Bajnoks\u00e1gon ez\u00fcst\u00e9rmes lett a magyar csapat, ezzel jelenleg vezetik az olaszok \u00e9s az angolok el\u0151tt a nemzetk\u00f6zi sz\u00f6vets\u00e9g 7 \u00e9vet \u00f6sszegz\u0151 EB ranglist\u00e1j\u00e1t. A v\u00e1logatott tagjak\u00e9nt az esztergomi Cs\u00f6regi Bal\u00e1zs 135 eur\u00f3pai szinten jegyzett horg\u00e1sz k\u00f6z\u00fcl egy\u00e9niben az \u00f6t\u00f6dik helyet szerezte meg. A bajnoks\u00e1gok a kaposv\u00e1ri Deseda tavon rendezt\u00e9k a rendezv\u00e9ny\" class=\"yoast-seo-meta-tag\" \/>\n<meta property=\"og:url\" content=\"https:\/\/dorogimedence.hu\/index.php\/2023\/07\/04\/az-esztergomi-csoregi-europa-otodik-legjobbja\/\" class=\"yoast-seo-meta-tag\" \/>\n<meta property=\"og:site_name\" content=\"Dorogi-medence Region\u00e1lis H\u00edrport\u00e1l\" class=\"yoast-seo-meta-tag\" \/>\n<meta property=\"article:publisher\" content=\"https:\/\/www.facebook.com\/dorogimedence\/\" class=\"yoast-seo-meta-tag\" \/>\n<meta property=\"article:published_time\" content=\"2023-07-04T13:52:50+00:00\" class=\"yoast-seo-meta-tag\" \/>\n<meta property=\"og:image\" content=\"https:\/\/dorogimedence.hu\/wp-content\/uploads\/2023\/07\/0704EBotodikCsoregiFOTO3.jpg\" class=\"yoast-seo-meta-tag\" \/>\n\t<meta property=\"og:image:width\" content=\"883\" class=\"yoast-seo-meta-tag\" \/>\n\t<meta property=\"og:image:height\" content=\"578\" class=\"yoast-seo-meta-tag\" \/>\n\t<meta property=\"og:image:type\" content=\"image\/jpeg\" class=\"yoast-seo-meta-tag\" \/>\n<meta name=\"author\" content=\"dorogimedence.hu\" class=\"yoast-seo-meta-tag\" \/>\n<meta name=\"twitter:card\" content=\"summary_large_image\" class=\"yoast-seo-meta-tag\" \/>\n<meta name=\"twitter:label1\" content=\"Szerz\u0151:\" class=\"yoast-seo-meta-tag\" \/>\n\t<meta name=\"twitter:data1\" content=\"dorogimedence.hu\" class=\"yoast-seo-meta-tag\" \/>\n\t<meta name=\"twitter:label2\" content=\"Becs\u00fclt olvas\u00e1si id\u0151\" class=\"yoast-seo-meta-tag\" \/>\n\t<meta name=\"twitter:data2\" content=\"1 perc\" class=\"yoast-seo-meta-tag\" \/>\n<script type=\"application\/ld+json\" class=\"yoast-schema-graph\">{\"@context\":\"https:\\\/\\\/schema.org\",\"@graph\":[{\"@type\":\"Article\",\"@id\":\"https:\\\/\\\/dorogimedence.hu\\\/index.php\\\/2023\\\/07\\\/04\\\/az-esztergomi-csoregi-europa-otodik-legjobbja\\\/#article\",\"isPartOf\":{\"@id\":\"https:\\\/\\\/dorogimedence.hu\\\/index.php\\\/2023\\\/07\\\/04\\\/az-esztergomi-csoregi-europa-otodik-legjobbja\\\/\"},\"author\":{\"name\":\"dorogimedence.hu\",\"@id\":\"https:\\\/\\\/dorogimedence.hu\\\/#\\\/schema\\\/person\\\/ce6091eeb7e95ecdc87890d6aa8e0fd4\"},\"headline\":\"Az esztergomi Cs\u00f6regi Eur\u00f3pa \u00f6t\u00f6dik legjobbja\",\"datePublished\":\"2023-07-04T13:52:50+00:00\",\"mainEntityOfPage\":{\"@id\":\"https:\\\/\\\/dorogimedence.hu\\\/index.php\\\/2023\\\/07\\\/04\\\/az-esztergomi-csoregi-europa-otodik-legjobbja\\\/\"},\"wordCount\":292,\"publisher\":{\"@id\":\"https:\\\/\\\/dorogimedence.hu\\\/#organization\"},\"image\":{\"@id\":\"https:\\\/\\\/dorogimedence.hu\\\/index.php\\\/2023\\\/07\\\/04\\\/az-esztergomi-csoregi-europa-otodik-legjobbja\\\/#primaryimage\"},\"thumbnailUrl\":\"https:\\\/\\\/dorogimedence.hu\\\/wp-content\\\/uploads\\\/2023\\\/07\\\/0704EBotodikCsoregiFOTO3.jpg\",\"keywords\":[\"esztergom\",\"hal\",\"horg\u00e1sz\",\"horg\u00e1sz verseny\",\"horg\u00e1szat\",\"KEMHESZ\",\"sport\"],\"articleSection\":[\"Esztergom\",\"H\u00edrek\",\"Sport\"],\"inLanguage\":\"hu\"},{\"@type\":\"WebPage\",\"@id\":\"https:\\\/\\\/dorogimedence.hu\\\/index.php\\\/2023\\\/07\\\/04\\\/az-esztergomi-csoregi-europa-otodik-legjobbja\\\/\",\"url\":\"https:\\\/\\\/dorogimedence.hu\\\/index.php\\\/2023\\\/07\\\/04\\\/az-esztergomi-csoregi-europa-otodik-legjobbja\\\/\",\"name\":\"Az esztergomi Cs\u00f6regi Eur\u00f3pa \u00f6t\u00f6dik legjobbja\",\"isPartOf\":{\"@id\":\"https:\\\/\\\/dorogimedence.hu\\\/#website\"},\"primaryImageOfPage\":{\"@id\":\"https:\\\/\\\/dorogimedence.hu\\\/index.php\\\/2023\\\/07\\\/04\\\/az-esztergomi-csoregi-europa-otodik-legjobbja\\\/#primaryimage\"},\"image\":{\"@id\":\"https:\\\/\\\/dorogimedence.hu\\\/index.php\\\/2023\\\/07\\\/04\\\/az-esztergomi-csoregi-europa-otodik-legjobbja\\\/#primaryimage\"},\"thumbnailUrl\":\"https:\\\/\\\/dorogimedence.hu\\\/wp-content\\\/uploads\\\/2023\\\/07\\\/0704EBotodikCsoregiFOTO3.jpg\",\"datePublished\":\"2023-07-04T13:52:50+00:00\",\"breadcrumb\":{\"@id\":\"https:\\\/\\\/dorogimedence.hu\\\/index.php\\\/2023\\\/07\\\/04\\\/az-esztergomi-csoregi-europa-otodik-legjobbja\\\/#breadcrumb\"},\"inLanguage\":\"hu\",\"potentialAction\":[{\"@type\":\"ReadAction\",\"target\":[\"https:\\\/\\\/dorogimedence.hu\\\/index.php\\\/2023\\\/07\\\/04\\\/az-esztergomi-csoregi-europa-otodik-legjobbja\\\/\"]}]},{\"@type\":\"ImageObject\",\"inLanguage\":\"hu\",\"@id\":\"https:\\\/\\\/dorogimedence.hu\\\/index.php\\\/2023\\\/07\\\/04\\\/az-esztergomi-csoregi-europa-otodik-legjobbja\\\/#primaryimage\",\"url\":\"https:\\\/\\\/dorogimedence.hu\\\/wp-content\\\/uploads\\\/2023\\\/07\\\/0704EBotodikCsoregiFOTO3.jpg\",\"contentUrl\":\"https:\\\/\\\/dorogimedence.hu\\\/wp-content\\\/uploads\\\/2023\\\/07\\\/0704EBotodikCsoregiFOTO3.jpg\",\"width\":883,\"height\":578},{\"@type\":\"BreadcrumbList\",\"@id\":\"https:\\\/\\\/dorogimedence.hu\\\/index.php\\\/2023\\\/07\\\/04\\\/az-esztergomi-csoregi-europa-otodik-legjobbja\\\/#breadcrumb\",\"itemListElement\":[{\"@type\":\"ListItem\",\"position\":1,\"name\":\"Kezd\u0151lap\",\"item\":\"https:\\\/\\\/dorogimedence.hu\\\/\"},{\"@type\":\"ListItem\",\"position\":2,\"name\":\"Az esztergomi Cs\u00f6regi Eur\u00f3pa \u00f6t\u00f6dik legjobbja\"}]},{\"@type\":\"WebSite\",\"@id\":\"https:\\\/\\\/dorogimedence.hu\\\/#website\",\"url\":\"https:\\\/\\\/dorogimedence.hu\\\/\",\"name\":\"Dorogi-medence Region\u00e1lis H\u00edrport\u00e1l\",\"description\":\"Dorog, Keszt\u00f6lc, Le\u00e1nyv\u00e1r, Piliscs\u00e9v, Tokod, Tokodalt\u00e1r\u00f3, Csolnok, Esztergom-kertv\u00e1ros: h\u00edrek, programok\",\"publisher\":{\"@id\":\"https:\\\/\\\/dorogimedence.hu\\\/#organization\"},\"potentialAction\":[{\"@type\":\"SearchAction\",\"target\":{\"@type\":\"EntryPoint\",\"urlTemplate\":\"https:\\\/\\\/dorogimedence.hu\\\/?s={search_term_string}\"},\"query-input\":{\"@type\":\"PropertyValueSpecification\",\"valueRequired\":true,\"valueName\":\"search_term_string\"}}],\"inLanguage\":\"hu\"},{\"@type\":\"Organization\",\"@id\":\"https:\\\/\\\/dorogimedence.hu\\\/#organization\",\"name\":\"Dorogi-medence Region\u00e1lis H\u00edrport\u00e1l\",\"url\":\"https:\\\/\\\/dorogimedence.hu\\\/\",\"logo\":{\"@type\":\"ImageObject\",\"inLanguage\":\"hu\",\"@id\":\"https:\\\/\\\/dorogimedence.hu\\\/#\\\/schema\\\/logo\\\/image\\\/\",\"url\":\"https:\\\/\\\/dorogimedence.hu\\\/wp-content\\\/uploads\\\/2021\\\/04\\\/logo-feher-600.png\",\"contentUrl\":\"https:\\\/\\\/dorogimedence.hu\\\/wp-content\\\/uploads\\\/2021\\\/04\\\/logo-feher-600.png\",\"width\":600,\"height\":100,\"caption\":\"Dorogi-medence Region\u00e1lis H\u00edrport\u00e1l\"},\"image\":{\"@id\":\"https:\\\/\\\/dorogimedence.hu\\\/#\\\/schema\\\/logo\\\/image\\\/\"},\"sameAs\":[\"https:\\\/\\\/www.facebook.com\\\/dorogimedence\\\/\"]},{\"@type\":\"Person\",\"@id\":\"https:\\\/\\\/dorogimedence.hu\\\/#\\\/schema\\\/person\\\/ce6091eeb7e95ecdc87890d6aa8e0fd4\",\"name\":\"dorogimedence.hu\",\"image\":{\"@type\":\"ImageObject\",\"inLanguage\":\"hu\",\"@id\":\"\\\/\\\/www.gravatar.com\\\/avatar\\\/d8d45f8901aadff40a4af72c0b826f1d?s=96&#038;r=g&#038;d=mm\",\"url\":\"\\\/\\\/www.gravatar.com\\\/avatar\\\/d8d45f8901aadff40a4af72c0b826f1d?s=96&#038;r=g&#038;d=mm\",\"contentUrl\":\"\\\/\\\/www.gravatar.com\\\/avatar\\\/d8d45f8901aadff40a4af72c0b826f1d?s=96&#038;r=g&#038;d=mm\",\"caption\":\"dorogimedence.hu\"}}]}<\/script>\n<!-- \/ Yoast SEO plugin. -->","yoast_head_json":{"title":"Az esztergomi Cs\u00f6regi Eur\u00f3pa \u00f6t\u00f6dik legjobbja","robots":{"index":"index","follow":"follow","max-snippet":"max-snippet:-1","max-image-preview":"max-image-preview:large","max-video-preview":"max-video-preview:-1"},"canonical":"https:\/\/dorogimedence.hu\/index.php\/2023\/07\/04\/az-esztergomi-csoregi-europa-otodik-legjobbja\/","og_locale":"hu_HU","og_type":"article","og_title":"Az esztergomi Cs\u00f6regi Eur\u00f3pa \u00f6t\u00f6dik legjobbja","og_description":"A 27. Horg\u00e1sz Eur\u00f3pa Bajnoks\u00e1gon ez\u00fcst\u00e9rmes lett a magyar csapat, ezzel jelenleg vezetik az olaszok \u00e9s az angolok el\u0151tt a nemzetk\u00f6zi sz\u00f6vets\u00e9g 7 \u00e9vet \u00f6sszegz\u0151 EB ranglist\u00e1j\u00e1t. A v\u00e1logatott tagjak\u00e9nt az esztergomi Cs\u00f6regi Bal\u00e1zs 135 eur\u00f3pai szinten jegyzett horg\u00e1sz k\u00f6z\u00fcl egy\u00e9niben az \u00f6t\u00f6dik helyet szerezte meg. A bajnoks\u00e1gok a kaposv\u00e1ri Deseda tavon rendezt\u00e9k a rendezv\u00e9ny","og_url":"https:\/\/dorogimedence.hu\/index.php\/2023\/07\/04\/az-esztergomi-csoregi-europa-otodik-legjobbja\/","og_site_name":"Dorogi-medence Region\u00e1lis H\u00edrport\u00e1l","article_publisher":"https:\/\/www.facebook.com\/dorogimedence\/","article_published_time":"2023-07-04T13:52:50+00:00","og_image":[{"width":883,"height":578,"url":"https:\/\/dorogimedence.hu\/wp-content\/uploads\/2023\/07\/0704EBotodikCsoregiFOTO3.jpg","type":"image\/jpeg"}],"author":"dorogimedence.hu","twitter_card":"summary_large_image","twitter_misc":{"Szerz\u0151:":"dorogimedence.hu","Becs\u00fclt olvas\u00e1si id\u0151":"1 perc"},"schema":{"@context":"https:\/\/schema.org","@graph":[{"@type":"Article","@id":"https:\/\/dorogimedence.hu\/index.php\/2023\/07\/04\/az-esztergomi-csoregi-europa-otodik-legjobbja\/#article","isPartOf":{"@id":"https:\/\/dorogimedence.hu\/index.php\/2023\/07\/04\/az-esztergomi-csoregi-europa-otodik-legjobbja\/"},"author":{"name":"dorogimedence.hu","@id":"https:\/\/dorogimedence.hu\/#\/schema\/person\/ce6091eeb7e95ecdc87890d6aa8e0fd4"},"headline":"Az esztergomi Cs\u00f6regi Eur\u00f3pa \u00f6t\u00f6dik legjobbja","datePublished":"2023-07-04T13:52:50+00:00","mainEntityOfPage":{"@id":"https:\/\/dorogimedence.hu\/index.php\/2023\/07\/04\/az-esztergomi-csoregi-europa-otodik-legjobbja\/"},"wordCount":292,"publisher":{"@id":"https:\/\/dorogimedence.hu\/#organization"},"image":{"@id":"https:\/\/dorogimedence.hu\/index.php\/2023\/07\/04\/az-esztergomi-csoregi-europa-otodik-legjobbja\/#primaryimage"},"thumbnailUrl":"https:\/\/dorogimedence.hu\/wp-content\/uploads\/2023\/07\/0704EBotodikCsoregiFOTO3.jpg","keywords":["esztergom","hal","horg\u00e1sz","horg\u00e1sz verseny","horg\u00e1szat","KEMHESZ","sport"],"articleSection":["Esztergom","H\u00edrek","Sport"],"inLanguage":"hu"},{"@type":"WebPage","@id":"https:\/\/dorogimedence.hu\/index.php\/2023\/07\/04\/az-esztergomi-csoregi-europa-otodik-legjobbja\/","url":"https:\/\/dorogimedence.hu\/index.php\/2023\/07\/04\/az-esztergomi-csoregi-europa-otodik-legjobbja\/","name":"Az esztergomi Cs\u00f6regi Eur\u00f3pa \u00f6t\u00f6dik legjobbja","isPartOf":{"@id":"https:\/\/dorogimedence.hu\/#website"},"primaryImageOfPage":{"@id":"https:\/\/dorogimedence.hu\/index.php\/2023\/07\/04\/az-esztergomi-csoregi-europa-otodik-legjobbja\/#primaryimage"},"image":{"@id":"https:\/\/dorogimedence.hu\/index.php\/2023\/07\/04\/az-esztergomi-csoregi-europa-otodik-legjobbja\/#primaryimage"},"thumbnailUrl":"https:\/\/dorogimedence.hu\/wp-content\/uploads\/2023\/07\/0704EBotodikCsoregiFOTO3.jpg","datePublished":"2023-07-04T13:52:50+00:00","breadcrumb":{"@id":"https:\/\/dorogimedence.hu\/index.php\/2023\/07\/04\/az-esztergomi-csoregi-europa-otodik-legjobbja\/#breadcrumb"},"inLanguage":"hu","potentialAction":[{"@type":"ReadAction","target":["https:\/\/dorogimedence.hu\/index.php\/2023\/07\/04\/az-esztergomi-csoregi-europa-otodik-legjobbja\/"]}]},{"@type":"ImageObject","inLanguage":"hu","@id":"https:\/\/dorogimedence.hu\/index.php\/2023\/07\/04\/az-esztergomi-csoregi-europa-otodik-legjobbja\/#primaryimage","url":"https:\/\/dorogimedence.hu\/wp-content\/uploads\/2023\/07\/0704EBotodikCsoregiFOTO3.jpg","contentUrl":"https:\/\/dorogimedence.hu\/wp-content\/uploads\/2023\/07\/0704EBotodikCsoregiFOTO3.jpg","width":883,"height":578},{"@type":"BreadcrumbList","@id":"https:\/\/dorogimedence.hu\/index.php\/2023\/07\/04\/az-esztergomi-csoregi-europa-otodik-legjobbja\/#breadcrumb","itemListElement":[{"@type":"ListItem","position":1,"name":"Kezd\u0151lap","item":"https:\/\/dorogimedence.hu\/"},{"@type":"ListItem","position":2,"name":"Az esztergomi Cs\u00f6regi Eur\u00f3pa \u00f6t\u00f6dik legjobbja"}]},{"@type":"WebSite","@id":"https:\/\/dorogimedence.hu\/#website","url":"https:\/\/dorogimedence.hu\/","name":"Dorogi-medence Region\u00e1lis H\u00edrport\u00e1l","description":"Dorog, Keszt\u00f6lc, Le\u00e1nyv\u00e1r, Piliscs\u00e9v, Tokod, Tokodalt\u00e1r\u00f3, Csolnok, Esztergom-kertv\u00e1ros: h\u00edrek, programok","publisher":{"@id":"https:\/\/dorogimedence.hu\/#organization"},"potentialAction":[{"@type":"SearchAction","target":{"@type":"EntryPoint","urlTemplate":"https:\/\/dorogimedence.hu\/?s={search_term_string}"},"query-input":{"@type":"PropertyValueSpecification","valueRequired":true,"valueName":"search_term_string"}}],"inLanguage":"hu"},{"@type":"Organization","@id":"https:\/\/dorogimedence.hu\/#organization","name":"Dorogi-medence Region\u00e1lis H\u00edrport\u00e1l","url":"https:\/\/dorogimedence.hu\/","logo":{"@type":"ImageObject","inLanguage":"hu","@id":"https:\/\/dorogimedence.hu\/#\/schema\/logo\/image\/","url":"https:\/\/dorogimedence.hu\/wp-content\/uploads\/2021\/04\/logo-feher-600.png","contentUrl":"https:\/\/dorogimedence.hu\/wp-content\/uploads\/2021\/04\/logo-feher-600.png","width":600,"height":100,"caption":"Dorogi-medence Region\u00e1lis H\u00edrport\u00e1l"},"image":{"@id":"https:\/\/dorogimedence.hu\/#\/schema\/logo\/image\/"},"sameAs":["https:\/\/www.facebook.com\/dorogimedence\/"]},{"@type":"Person","@id":"https:\/\/dorogimedence.hu\/#\/schema\/person\/ce6091eeb7e95ecdc87890d6aa8e0fd4","name":"dorogimedence.hu","image":{"@type":"ImageObject","inLanguage":"hu","@id":"\/\/www.gravatar.com\/avatar\/d8d45f8901aadff40a4af72c0b826f1d?s=96&#038;r=g&#038;d=mm","url":"\/\/www.gravatar.com\/avatar\/d8d45f8901aadff40a4af72c0b826f1d?s=96&#038;r=g&#038;d=mm","contentUrl":"\/\/www.gravatar.com\/avatar\/d8d45f8901aadff40a4af72c0b826f1d?s=96&#038;r=g&#038;d=mm","caption":"dorogimedence.hu"}}]}},"_links":{"self":[{"href":"https:\/\/dorogimedence.hu\/index.php\/wp-json\/wp\/v2\/posts\/54690","targetHints":{"allow":["GET"]}}],"collection":[{"href":"https:\/\/dorogimedence.hu\/index.php\/wp-json\/wp\/v2\/posts"}],"about":[{"href":"https:\/\/dorogimedence.hu\/index.php\/wp-json\/wp\/v2\/types\/post"}],"author":[{"embeddable":true,"href":"https:\/\/dorogimedence.hu\/index.php\/wp-json\/wp\/v2\/users\/1"}],"replies":[{"embeddable":true,"href":"https:\/\/dorogimedence.hu\/index.php\/wp-json\/wp\/v2\/comments?post=54690"}],"version-history":[{"count":0,"href":"https:\/\/dorogimedence.hu\/index.php\/wp-json\/wp\/v2\/posts\/54690\/revisions"}],"wp:featuredmedia":[{"embeddable":true,"href":"https:\/\/dorogimedence.hu\/index.php\/wp-json\/wp\/v2\/media\/54691"}],"wp:attachment":[{"href":"https:\/\/dorogimedence.hu\/index.php\/wp-json\/wp\/v2\/media?parent=54690"}],"wp:term":[{"taxonomy":"category","embeddable":true,"href":"https:\/\/dorogimedence.hu\/index.php\/wp-json\/wp\/v2\/categories?post=54690"},{"taxonomy":"post_tag","embeddable":true,"href":"https:\/\/dorogimedence.hu\/index.php\/wp-json\/wp\/v2\/tags?post=54690"}],"curies":[{"name":"wp","href":"https:\/\/api.w.org\/{rel}","templated":true}]}}