{"id":54664,"date":"2023-07-04T08:56:18","date_gmt":"2023-07-04T06:56:18","guid":{"rendered":"https:\/\/dorogimedence.hu\/?p=54664"},"modified":"2023-07-04T08:59:15","modified_gmt":"2023-07-04T06:59:15","slug":"tobb-telepulesen-is-lesz-szunyoggyerites-a-heten","status":"publish","type":"post","link":"https:\/\/dorogimedence.hu\/index.php\/2023\/07\/04\/tobb-telepulesen-is-lesz-szunyoggyerites-a-heten\/","title":{"rendered":"T\u00f6bb telep\u00fcl\u00e9s\u00e9n is lesz sz\u00fanyoggy\u00e9r\u00edt\u00e9s a h\u00e9ten"},"content":{"rendered":"<p><strong><a href=\"https:\/\/dorogimedence.hu\/index.php\/2023\/06\/29\/ismet-gyeritik-a-szunyogokat-dorogon-es-esztergomban\/\" target=\"_blank\" rel=\"noopener\"><span style=\"text-decoration: underline; color: #0000ff;\">Dorog \u00e9s Esztergom<\/span><\/a> mellett Nyerges\u00fajfaluban, L\u00e1batlanon, Pilismar\u00f3ton, S\u00fctt\u0151n, T\u00e1ton, Bajn\u00e1n, Mogyor\u00f3sb\u00e1ny\u00e1n, Baj\u00f3ton, Tokodon \u00e9s Tokodalt\u00e1r\u00f3n lehet majd tal\u00e1lkozni a permetez\u00e9st v\u00e9gz\u0151 j\u00e1rm\u0171vekkel. A k\u00f6vetkez\u0151 napokban 358 telep\u00fcl\u00e9sen lesz sz\u00fanyoggy\u00e9r\u00edt\u00e9s.<\/strong><\/p>\n<p><span style=\"text-decoration: underline;\">Kezel\u00e9sek id\u0151pontja (napnyugta ut\u00e1ni \u00f3r\u00e1kban, p\u00f3tnapok: a k\u00f6vetkez\u0151 k\u00e9t nap ugyanebben az id\u0151ben):<\/span><\/p>\n<ul>\n<li>J\u00falius 4. kedd: L\u00e1batlan, Nyerges\u00fajfalu, Pilismar\u00f3t, S\u00fctt\u0151, Dorog.<\/li>\n<li>J\u00falius 5. szerda: Esztergom, T\u00e1t, Bajna, Mogyor\u00f3sb\u00e1nya, Baj\u00f3t, Tokod, Tokodalt\u00e1r\u00f3.<\/li>\n<\/ul>\n<p>Az elm\u00falt hetekben a l\u00e1rv\u00e1k biol\u00f3giai m\u00f3dszerrel t\u00f6rt\u00e9n\u0151 gy\u00e9r\u00edt\u00e9se mellett az orsz\u00e1g sz\u00e1mos ter\u00fclet\u00e9n szervezett cs\u00edp\u0151sz\u00fanyog-gy\u00e9r\u00edt\u00e9sre is sz\u00fcks\u00e9g volt. A m\u00e1r kifejlett sz\u00fanyogok ellen a telep\u00fcl\u00e9seken bel\u00fcl, f\u00f6ldi permetez\u00e9ssel v\u00e9dekeznek. A legt\u00f6bb t\u00e9rs\u00e9gben \u00fagynevezett ULV elj\u00e1r\u00e1st alkalmaznak, amely sor\u00e1n a g\u00e9pj\u00e1rm\u0171re szerelt berendez\u00e9s apr\u00f3 cseppekre bontja a k\u00e9sz\u00edtm\u00e9nyt, amelyb\u0151l alig t\u00f6bb mint f\u00e9l litert juttatnak ki hekt\u00e1ronk\u00e9nt. A technol\u00f3gia a k\u00f6zleked\u00e9st nem zavarja \u00e9rdemben, mivel a keletkez\u0151 permetfelh\u0151 csak kism\u00e9rt\u00e9kben \u00e9szlelhet\u0151, szemben a ritk\u00e1bban haszn\u00e1lt melegk\u00f6d\u00f6s elj\u00e1r\u00e1ssal.<\/p>\n<p>Ahogy a biol\u00f3giai l\u00e1rvagy\u00e9r\u00edt\u00e9snek, \u00fagy a kifejlett sz\u00fanyogok ellen alkalmazott m\u00f3dszereknek is vannak korl\u00e1tai, a term\u00e9szetben teljes sz\u00fanyogmentess\u00e9g nem \u00e9rhet\u0151 el. A kezel\u00e9sek c\u00e9lja a v\u00e9rsz\u00edv\u00f3k sz\u00e1m\u00e1nak elfogadhat\u00f3 szintre cs\u00f6kkent\u00e9se, ez\u00e1ltal a lak\u00f3ter\u00fcleteken az \u00e9letmin\u0151s\u00e9g jav\u00edt\u00e1sa.<\/p>\n<p>Sz\u00e1mos sz\u00fanyogfaj kifejezetten emberk\u00f6zeli \u00e9letm\u00f3dot folytat, a rovarok az es\u0151s id\u0151szakokat k\u00f6vet\u0151en jelennek meg nagy sz\u00e1mban a lak\u00f3k\u00f6rnyezet\u00fcnkben. A lakoss\u00e1g is sokat tehet az \u00e9l\u0151helyeik felsz\u00e1mol\u00e1s\u00e1\u00e9rt, a h\u00e1z k\u00f6r\u00fcli teend\u0151kr\u0151l a Nemzeti N\u00e9peg\u00e9szs\u00e9g\u00fcgyi K\u00f6zpont k\u00e9sz\u00edtett t\u00e1j\u00e9koztat\u00f3t, amely az <a href=\"https:\/\/www.nnk.gov.hu\/index.php\/jarvanyugyi-es-infekciokontroll-foosztaly\/lakossagi%20tajekoztatok\/141-altalanos-tajekoztatok\/633-lakossagi-tajekoztato-a-szunyogok-elleni%20vedekezesrol?highlight=WyJzelx1MDBmYW55b2ciXQ\" target=\"_blank\" rel=\"noopener\"><span style=\"text-decoration: underline;\"><span style=\"color: #0000ff; text-decoration: underline;\">al\u00e1bbi linkeken<\/span><\/span><\/a> \u00e9rhet\u0151 el!<\/p>\n<p><em>Forr\u00e1s: Katasztr\u00f3fav\u00e9delem<\/em><\/p>\n","protected":false},"excerpt":{"rendered":"<p>Dorog \u00e9s Esztergom mellett Nyerges\u00fajfaluban, L\u00e1batlanon, Pilismar\u00f3ton, S\u00fctt\u0151n, T\u00e1ton, Bajn\u00e1n, Mogyor\u00f3sb\u00e1ny\u00e1n, Baj\u00f3ton, Tokodon \u00e9s Tokodalt\u00e1r\u00f3n lehet majd tal\u00e1lkozni a permetez\u00e9st v\u00e9gz\u0151 j\u00e1rm\u0171vekkel. A k\u00f6vetkez\u0151 napokban 358 telep\u00fcl\u00e9sen lesz sz\u00fanyoggy\u00e9r\u00edt\u00e9s. Kezel\u00e9sek id\u0151pontja (napnyugta ut\u00e1ni \u00f3r\u00e1kban, p\u00f3tnapok: a k\u00f6vetkez\u0151 k\u00e9t nap ugyanebben az id\u0151ben): J\u00falius 4. kedd: L\u00e1batlan, Nyerges\u00fajfalu, Pilismar\u00f3t, S\u00fctt\u0151, Dorog. J\u00falius 5. szerda: Esztergom, T\u00e1t,<\/p>\n","protected":false},"author":1,"featured_media":0,"comment_status":"closed","ping_status":"closed","sticky":false,"template":"","format":"standard","meta":{"ngg_post_thumbnail":0,"footnotes":""},"categories":[2,38,3,1390,110,6,10],"tags":[1084,1085],"class_list":{"0":"post-54664","1":"post","2":"type-post","3":"status-publish","4":"format-standard","6":"category-dorog","7":"category-esztergom","8":"category-hirek","9":"category-nyergesujfalu","10":"category-tat","11":"category-tokod","12":"category-tokodaltaro","13":"tag-szunyoggyerites","14":"tag-szunyogirtas"},"yoast_head":"<!-- This site is optimized with the Yoast SEO plugin v27.4 - https:\/\/yoast.com\/product\/yoast-seo-wordpress\/ -->\n<title>T\u00f6bb telep\u00fcl\u00e9s\u00e9n is lesz sz\u00fanyoggy\u00e9r\u00edt\u00e9s a h\u00e9ten<\/title>\n<meta name=\"robots\" content=\"index, follow, max-snippet:-1, max-image-preview:large, max-video-preview:-1\" \/>\n<link rel=\"canonical\" href=\"https:\/\/dorogimedence.hu\/index.php\/2023\/07\/04\/tobb-telepulesen-is-lesz-szunyoggyerites-a-heten\/\" class=\"yoast-seo-meta-tag\" \/>\n<meta property=\"og:locale\" content=\"hu_HU\" class=\"yoast-seo-meta-tag\" \/>\n<meta property=\"og:type\" content=\"article\" class=\"yoast-seo-meta-tag\" \/>\n<meta property=\"og:title\" content=\"T\u00f6bb telep\u00fcl\u00e9s\u00e9n is lesz sz\u00fanyoggy\u00e9r\u00edt\u00e9s a h\u00e9ten\" class=\"yoast-seo-meta-tag\" \/>\n<meta property=\"og:description\" content=\"Dorog \u00e9s Esztergom mellett Nyerges\u00fajfaluban, L\u00e1batlanon, Pilismar\u00f3ton, S\u00fctt\u0151n, T\u00e1ton, Bajn\u00e1n, Mogyor\u00f3sb\u00e1ny\u00e1n, Baj\u00f3ton, Tokodon \u00e9s Tokodalt\u00e1r\u00f3n lehet majd tal\u00e1lkozni a permetez\u00e9st v\u00e9gz\u0151 j\u00e1rm\u0171vekkel. A k\u00f6vetkez\u0151 napokban 358 telep\u00fcl\u00e9sen lesz sz\u00fanyoggy\u00e9r\u00edt\u00e9s. Kezel\u00e9sek id\u0151pontja (napnyugta ut\u00e1ni \u00f3r\u00e1kban, p\u00f3tnapok: a k\u00f6vetkez\u0151 k\u00e9t nap ugyanebben az id\u0151ben): J\u00falius 4. kedd: L\u00e1batlan, Nyerges\u00fajfalu, Pilismar\u00f3t, S\u00fctt\u0151, Dorog. J\u00falius 5. szerda: Esztergom, T\u00e1t,\" class=\"yoast-seo-meta-tag\" \/>\n<meta property=\"og:url\" content=\"https:\/\/dorogimedence.hu\/index.php\/2023\/07\/04\/tobb-telepulesen-is-lesz-szunyoggyerites-a-heten\/\" class=\"yoast-seo-meta-tag\" \/>\n<meta property=\"og:site_name\" content=\"Dorogi-medence Region\u00e1lis H\u00edrport\u00e1l\" class=\"yoast-seo-meta-tag\" \/>\n<meta property=\"article:publisher\" content=\"https:\/\/www.facebook.com\/dorogimedence\/\" class=\"yoast-seo-meta-tag\" \/>\n<meta property=\"article:published_time\" content=\"2023-07-04T06:56:18+00:00\" class=\"yoast-seo-meta-tag\" \/>\n<meta property=\"article:modified_time\" content=\"2023-07-04T06:59:15+00:00\" class=\"yoast-seo-meta-tag\" \/>\n<meta property=\"og:image\" content=\"https:\/\/dorogimedence.hu\/wp-content\/uploads\/2023\/05\/szunyogirtas.jpg\" class=\"yoast-seo-meta-tag\" \/>\n\t<meta property=\"og:image:width\" content=\"800\" class=\"yoast-seo-meta-tag\" \/>\n\t<meta property=\"og:image:height\" content=\"461\" class=\"yoast-seo-meta-tag\" \/>\n\t<meta property=\"og:image:type\" content=\"image\/jpeg\" class=\"yoast-seo-meta-tag\" \/>\n<meta name=\"author\" content=\"dorogimedence.hu\" class=\"yoast-seo-meta-tag\" \/>\n<meta name=\"twitter:card\" content=\"summary_large_image\" class=\"yoast-seo-meta-tag\" \/>\n<meta name=\"twitter:label1\" content=\"Szerz\u0151:\" class=\"yoast-seo-meta-tag\" \/>\n\t<meta name=\"twitter:data1\" content=\"dorogimedence.hu\" class=\"yoast-seo-meta-tag\" \/>\n\t<meta name=\"twitter:label2\" content=\"Becs\u00fclt olvas\u00e1si id\u0151\" class=\"yoast-seo-meta-tag\" \/>\n\t<meta name=\"twitter:data2\" content=\"2 perc\" class=\"yoast-seo-meta-tag\" \/>\n<script type=\"application\/ld+json\" class=\"yoast-schema-graph\">{\"@context\":\"https:\\\/\\\/schema.org\",\"@graph\":[{\"@type\":\"Article\",\"@id\":\"https:\\\/\\\/dorogimedence.hu\\\/index.php\\\/2023\\\/07\\\/04\\\/tobb-telepulesen-is-lesz-szunyoggyerites-a-heten\\\/#article\",\"isPartOf\":{\"@id\":\"https:\\\/\\\/dorogimedence.hu\\\/index.php\\\/2023\\\/07\\\/04\\\/tobb-telepulesen-is-lesz-szunyoggyerites-a-heten\\\/\"},\"author\":{\"name\":\"dorogimedence.hu\",\"@id\":\"https:\\\/\\\/dorogimedence.hu\\\/#\\\/schema\\\/person\\\/ce6091eeb7e95ecdc87890d6aa8e0fd4\"},\"headline\":\"T\u00f6bb telep\u00fcl\u00e9s\u00e9n is lesz sz\u00fanyoggy\u00e9r\u00edt\u00e9s a h\u00e9ten\",\"datePublished\":\"2023-07-04T06:56:18+00:00\",\"dateModified\":\"2023-07-04T06:59:15+00:00\",\"mainEntityOfPage\":{\"@id\":\"https:\\\/\\\/dorogimedence.hu\\\/index.php\\\/2023\\\/07\\\/04\\\/tobb-telepulesen-is-lesz-szunyoggyerites-a-heten\\\/\"},\"wordCount\":396,\"publisher\":{\"@id\":\"https:\\\/\\\/dorogimedence.hu\\\/#organization\"},\"keywords\":[\"sz\u00fanyoggy\u00e9r\u00edt\u00e9s\",\"sz\u00fanyog\u00edrt\u00e1s\"],\"articleSection\":[\"Dorog\",\"Esztergom\",\"H\u00edrek\",\"Nyerges\u00fajfalu\",\"T\u00e1t\",\"Tokod\",\"Tokodalt\u00e1r\u00f3\"],\"inLanguage\":\"hu\"},{\"@type\":\"WebPage\",\"@id\":\"https:\\\/\\\/dorogimedence.hu\\\/index.php\\\/2023\\\/07\\\/04\\\/tobb-telepulesen-is-lesz-szunyoggyerites-a-heten\\\/\",\"url\":\"https:\\\/\\\/dorogimedence.hu\\\/index.php\\\/2023\\\/07\\\/04\\\/tobb-telepulesen-is-lesz-szunyoggyerites-a-heten\\\/\",\"name\":\"T\u00f6bb telep\u00fcl\u00e9s\u00e9n is lesz sz\u00fanyoggy\u00e9r\u00edt\u00e9s a h\u00e9ten\",\"isPartOf\":{\"@id\":\"https:\\\/\\\/dorogimedence.hu\\\/#website\"},\"datePublished\":\"2023-07-04T06:56:18+00:00\",\"dateModified\":\"2023-07-04T06:59:15+00:00\",\"breadcrumb\":{\"@id\":\"https:\\\/\\\/dorogimedence.hu\\\/index.php\\\/2023\\\/07\\\/04\\\/tobb-telepulesen-is-lesz-szunyoggyerites-a-heten\\\/#breadcrumb\"},\"inLanguage\":\"hu\",\"potentialAction\":[{\"@type\":\"ReadAction\",\"target\":[\"https:\\\/\\\/dorogimedence.hu\\\/index.php\\\/2023\\\/07\\\/04\\\/tobb-telepulesen-is-lesz-szunyoggyerites-a-heten\\\/\"]}]},{\"@type\":\"BreadcrumbList\",\"@id\":\"https:\\\/\\\/dorogimedence.hu\\\/index.php\\\/2023\\\/07\\\/04\\\/tobb-telepulesen-is-lesz-szunyoggyerites-a-heten\\\/#breadcrumb\",\"itemListElement\":[{\"@type\":\"ListItem\",\"position\":1,\"name\":\"Kezd\u0151lap\",\"item\":\"https:\\\/\\\/dorogimedence.hu\\\/\"},{\"@type\":\"ListItem\",\"position\":2,\"name\":\"T\u00f6bb telep\u00fcl\u00e9s\u00e9n is lesz sz\u00fanyoggy\u00e9r\u00edt\u00e9s a h\u00e9ten\"}]},{\"@type\":\"WebSite\",\"@id\":\"https:\\\/\\\/dorogimedence.hu\\\/#website\",\"url\":\"https:\\\/\\\/dorogimedence.hu\\\/\",\"name\":\"Dorogi-medence Region\u00e1lis H\u00edrport\u00e1l\",\"description\":\"Dorog, Keszt\u00f6lc, Le\u00e1nyv\u00e1r, Piliscs\u00e9v, Tokod, Tokodalt\u00e1r\u00f3, Csolnok, Esztergom-kertv\u00e1ros: h\u00edrek, programok\",\"publisher\":{\"@id\":\"https:\\\/\\\/dorogimedence.hu\\\/#organization\"},\"potentialAction\":[{\"@type\":\"SearchAction\",\"target\":{\"@type\":\"EntryPoint\",\"urlTemplate\":\"https:\\\/\\\/dorogimedence.hu\\\/?s={search_term_string}\"},\"query-input\":{\"@type\":\"PropertyValueSpecification\",\"valueRequired\":true,\"valueName\":\"search_term_string\"}}],\"inLanguage\":\"hu\"},{\"@type\":\"Organization\",\"@id\":\"https:\\\/\\\/dorogimedence.hu\\\/#organization\",\"name\":\"Dorogi-medence Region\u00e1lis H\u00edrport\u00e1l\",\"url\":\"https:\\\/\\\/dorogimedence.hu\\\/\",\"logo\":{\"@type\":\"ImageObject\",\"inLanguage\":\"hu\",\"@id\":\"https:\\\/\\\/dorogimedence.hu\\\/#\\\/schema\\\/logo\\\/image\\\/\",\"url\":\"https:\\\/\\\/dorogimedence.hu\\\/wp-content\\\/uploads\\\/2021\\\/04\\\/logo-feher-600.png\",\"contentUrl\":\"https:\\\/\\\/dorogimedence.hu\\\/wp-content\\\/uploads\\\/2021\\\/04\\\/logo-feher-600.png\",\"width\":600,\"height\":100,\"caption\":\"Dorogi-medence Region\u00e1lis H\u00edrport\u00e1l\"},\"image\":{\"@id\":\"https:\\\/\\\/dorogimedence.hu\\\/#\\\/schema\\\/logo\\\/image\\\/\"},\"sameAs\":[\"https:\\\/\\\/www.facebook.com\\\/dorogimedence\\\/\"]},{\"@type\":\"Person\",\"@id\":\"https:\\\/\\\/dorogimedence.hu\\\/#\\\/schema\\\/person\\\/ce6091eeb7e95ecdc87890d6aa8e0fd4\",\"name\":\"dorogimedence.hu\",\"image\":{\"@type\":\"ImageObject\",\"inLanguage\":\"hu\",\"@id\":\"\\\/\\\/www.gravatar.com\\\/avatar\\\/d8d45f8901aadff40a4af72c0b826f1d?s=96&#038;r=g&#038;d=mm\",\"url\":\"\\\/\\\/www.gravatar.com\\\/avatar\\\/d8d45f8901aadff40a4af72c0b826f1d?s=96&#038;r=g&#038;d=mm\",\"contentUrl\":\"\\\/\\\/www.gravatar.com\\\/avatar\\\/d8d45f8901aadff40a4af72c0b826f1d?s=96&#038;r=g&#038;d=mm\",\"caption\":\"dorogimedence.hu\"}}]}<\/script>\n<!-- \/ Yoast SEO plugin. -->","yoast_head_json":{"title":"T\u00f6bb telep\u00fcl\u00e9s\u00e9n is lesz sz\u00fanyoggy\u00e9r\u00edt\u00e9s a h\u00e9ten","robots":{"index":"index","follow":"follow","max-snippet":"max-snippet:-1","max-image-preview":"max-image-preview:large","max-video-preview":"max-video-preview:-1"},"canonical":"https:\/\/dorogimedence.hu\/index.php\/2023\/07\/04\/tobb-telepulesen-is-lesz-szunyoggyerites-a-heten\/","og_locale":"hu_HU","og_type":"article","og_title":"T\u00f6bb telep\u00fcl\u00e9s\u00e9n is lesz sz\u00fanyoggy\u00e9r\u00edt\u00e9s a h\u00e9ten","og_description":"Dorog \u00e9s Esztergom mellett Nyerges\u00fajfaluban, L\u00e1batlanon, Pilismar\u00f3ton, S\u00fctt\u0151n, T\u00e1ton, Bajn\u00e1n, Mogyor\u00f3sb\u00e1ny\u00e1n, Baj\u00f3ton, Tokodon \u00e9s Tokodalt\u00e1r\u00f3n lehet majd tal\u00e1lkozni a permetez\u00e9st v\u00e9gz\u0151 j\u00e1rm\u0171vekkel. A k\u00f6vetkez\u0151 napokban 358 telep\u00fcl\u00e9sen lesz sz\u00fanyoggy\u00e9r\u00edt\u00e9s. Kezel\u00e9sek id\u0151pontja (napnyugta ut\u00e1ni \u00f3r\u00e1kban, p\u00f3tnapok: a k\u00f6vetkez\u0151 k\u00e9t nap ugyanebben az id\u0151ben): J\u00falius 4. kedd: L\u00e1batlan, Nyerges\u00fajfalu, Pilismar\u00f3t, S\u00fctt\u0151, Dorog. J\u00falius 5. szerda: Esztergom, T\u00e1t,","og_url":"https:\/\/dorogimedence.hu\/index.php\/2023\/07\/04\/tobb-telepulesen-is-lesz-szunyoggyerites-a-heten\/","og_site_name":"Dorogi-medence Region\u00e1lis H\u00edrport\u00e1l","article_publisher":"https:\/\/www.facebook.com\/dorogimedence\/","article_published_time":"2023-07-04T06:56:18+00:00","article_modified_time":"2023-07-04T06:59:15+00:00","og_image":[{"width":800,"height":461,"url":"https:\/\/dorogimedence.hu\/wp-content\/uploads\/2023\/05\/szunyogirtas.jpg","type":"image\/jpeg"}],"author":"dorogimedence.hu","twitter_card":"summary_large_image","twitter_misc":{"Szerz\u0151:":"dorogimedence.hu","Becs\u00fclt olvas\u00e1si id\u0151":"2 perc"},"schema":{"@context":"https:\/\/schema.org","@graph":[{"@type":"Article","@id":"https:\/\/dorogimedence.hu\/index.php\/2023\/07\/04\/tobb-telepulesen-is-lesz-szunyoggyerites-a-heten\/#article","isPartOf":{"@id":"https:\/\/dorogimedence.hu\/index.php\/2023\/07\/04\/tobb-telepulesen-is-lesz-szunyoggyerites-a-heten\/"},"author":{"name":"dorogimedence.hu","@id":"https:\/\/dorogimedence.hu\/#\/schema\/person\/ce6091eeb7e95ecdc87890d6aa8e0fd4"},"headline":"T\u00f6bb telep\u00fcl\u00e9s\u00e9n is lesz sz\u00fanyoggy\u00e9r\u00edt\u00e9s a h\u00e9ten","datePublished":"2023-07-04T06:56:18+00:00","dateModified":"2023-07-04T06:59:15+00:00","mainEntityOfPage":{"@id":"https:\/\/dorogimedence.hu\/index.php\/2023\/07\/04\/tobb-telepulesen-is-lesz-szunyoggyerites-a-heten\/"},"wordCount":396,"publisher":{"@id":"https:\/\/dorogimedence.hu\/#organization"},"keywords":["sz\u00fanyoggy\u00e9r\u00edt\u00e9s","sz\u00fanyog\u00edrt\u00e1s"],"articleSection":["Dorog","Esztergom","H\u00edrek","Nyerges\u00fajfalu","T\u00e1t","Tokod","Tokodalt\u00e1r\u00f3"],"inLanguage":"hu"},{"@type":"WebPage","@id":"https:\/\/dorogimedence.hu\/index.php\/2023\/07\/04\/tobb-telepulesen-is-lesz-szunyoggyerites-a-heten\/","url":"https:\/\/dorogimedence.hu\/index.php\/2023\/07\/04\/tobb-telepulesen-is-lesz-szunyoggyerites-a-heten\/","name":"T\u00f6bb telep\u00fcl\u00e9s\u00e9n is lesz sz\u00fanyoggy\u00e9r\u00edt\u00e9s a h\u00e9ten","isPartOf":{"@id":"https:\/\/dorogimedence.hu\/#website"},"datePublished":"2023-07-04T06:56:18+00:00","dateModified":"2023-07-04T06:59:15+00:00","breadcrumb":{"@id":"https:\/\/dorogimedence.hu\/index.php\/2023\/07\/04\/tobb-telepulesen-is-lesz-szunyoggyerites-a-heten\/#breadcrumb"},"inLanguage":"hu","potentialAction":[{"@type":"ReadAction","target":["https:\/\/dorogimedence.hu\/index.php\/2023\/07\/04\/tobb-telepulesen-is-lesz-szunyoggyerites-a-heten\/"]}]},{"@type":"BreadcrumbList","@id":"https:\/\/dorogimedence.hu\/index.php\/2023\/07\/04\/tobb-telepulesen-is-lesz-szunyoggyerites-a-heten\/#breadcrumb","itemListElement":[{"@type":"ListItem","position":1,"name":"Kezd\u0151lap","item":"https:\/\/dorogimedence.hu\/"},{"@type":"ListItem","position":2,"name":"T\u00f6bb telep\u00fcl\u00e9s\u00e9n is lesz sz\u00fanyoggy\u00e9r\u00edt\u00e9s a h\u00e9ten"}]},{"@type":"WebSite","@id":"https:\/\/dorogimedence.hu\/#website","url":"https:\/\/dorogimedence.hu\/","name":"Dorogi-medence Region\u00e1lis H\u00edrport\u00e1l","description":"Dorog, Keszt\u00f6lc, Le\u00e1nyv\u00e1r, Piliscs\u00e9v, Tokod, Tokodalt\u00e1r\u00f3, Csolnok, Esztergom-kertv\u00e1ros: h\u00edrek, programok","publisher":{"@id":"https:\/\/dorogimedence.hu\/#organization"},"potentialAction":[{"@type":"SearchAction","target":{"@type":"EntryPoint","urlTemplate":"https:\/\/dorogimedence.hu\/?s={search_term_string}"},"query-input":{"@type":"PropertyValueSpecification","valueRequired":true,"valueName":"search_term_string"}}],"inLanguage":"hu"},{"@type":"Organization","@id":"https:\/\/dorogimedence.hu\/#organization","name":"Dorogi-medence Region\u00e1lis H\u00edrport\u00e1l","url":"https:\/\/dorogimedence.hu\/","logo":{"@type":"ImageObject","inLanguage":"hu","@id":"https:\/\/dorogimedence.hu\/#\/schema\/logo\/image\/","url":"https:\/\/dorogimedence.hu\/wp-content\/uploads\/2021\/04\/logo-feher-600.png","contentUrl":"https:\/\/dorogimedence.hu\/wp-content\/uploads\/2021\/04\/logo-feher-600.png","width":600,"height":100,"caption":"Dorogi-medence Region\u00e1lis H\u00edrport\u00e1l"},"image":{"@id":"https:\/\/dorogimedence.hu\/#\/schema\/logo\/image\/"},"sameAs":["https:\/\/www.facebook.com\/dorogimedence\/"]},{"@type":"Person","@id":"https:\/\/dorogimedence.hu\/#\/schema\/person\/ce6091eeb7e95ecdc87890d6aa8e0fd4","name":"dorogimedence.hu","image":{"@type":"ImageObject","inLanguage":"hu","@id":"\/\/www.gravatar.com\/avatar\/d8d45f8901aadff40a4af72c0b826f1d?s=96&#038;r=g&#038;d=mm","url":"\/\/www.gravatar.com\/avatar\/d8d45f8901aadff40a4af72c0b826f1d?s=96&#038;r=g&#038;d=mm","contentUrl":"\/\/www.gravatar.com\/avatar\/d8d45f8901aadff40a4af72c0b826f1d?s=96&#038;r=g&#038;d=mm","caption":"dorogimedence.hu"}}]}},"_links":{"self":[{"href":"https:\/\/dorogimedence.hu\/index.php\/wp-json\/wp\/v2\/posts\/54664","targetHints":{"allow":["GET"]}}],"collection":[{"href":"https:\/\/dorogimedence.hu\/index.php\/wp-json\/wp\/v2\/posts"}],"about":[{"href":"https:\/\/dorogimedence.hu\/index.php\/wp-json\/wp\/v2\/types\/post"}],"author":[{"embeddable":true,"href":"https:\/\/dorogimedence.hu\/index.php\/wp-json\/wp\/v2\/users\/1"}],"replies":[{"embeddable":true,"href":"https:\/\/dorogimedence.hu\/index.php\/wp-json\/wp\/v2\/comments?post=54664"}],"version-history":[{"count":0,"href":"https:\/\/dorogimedence.hu\/index.php\/wp-json\/wp\/v2\/posts\/54664\/revisions"}],"wp:attachment":[{"href":"https:\/\/dorogimedence.hu\/index.php\/wp-json\/wp\/v2\/media?parent=54664"}],"wp:term":[{"taxonomy":"category","embeddable":true,"href":"https:\/\/dorogimedence.hu\/index.php\/wp-json\/wp\/v2\/categories?post=54664"},{"taxonomy":"post_tag","embeddable":true,"href":"https:\/\/dorogimedence.hu\/index.php\/wp-json\/wp\/v2\/tags?post=54664"}],"curies":[{"name":"wp","href":"https:\/\/api.w.org\/{rel}","templated":true}]}}