{"id":54643,"date":"2023-07-03T12:15:42","date_gmt":"2023-07-03T10:15:42","guid":{"rendered":"https:\/\/dorogimedence.hu\/?p=54643"},"modified":"2023-07-03T12:15:42","modified_gmt":"2023-07-03T10:15:42","slug":"harminc-kilometerre-vandorolt-egy-esztergomi-kecsege","status":"publish","type":"post","link":"https:\/\/dorogimedence.hu\/index.php\/2023\/07\/03\/harminc-kilometerre-vandorolt-egy-esztergomi-kecsege\/","title":{"rendered":"Harminc kilom\u00e9terre v\u00e1ndorolt egy esztergomi kecsege"},"content":{"rendered":"<p><strong>Esztergomn\u00e1l telep\u00edtett, egyedi azonos\u00edt\u00f3jellel ell\u00e1tott kecseg\u00e9t fogtak a napokban a Szentendrei sziget ut\u00e1n, Ver\u0151c\u00e9n\u00e9l, a f\u0151 Duna-\u00e1gban. A halat k\u00e9t h\u00f3nappal ezel\u0151tt engedt\u00e9k a Dun\u00e1ba. A telep\u00edt\u00e9sen a fenntarthat\u00f3s\u00e1gi t\u00e9mah\u00e9thez kapcsol\u00f3dva a helyi iskol\u00e1sok \u00e9s Hern\u00e1di \u00c1d\u00e1m esztergomi polg\u00e1rmester vett r\u00e9szt.<\/strong><\/p>\n<p>Az akci\u00f3ban 300 kilogrammnyi, kecseg\u00e9t telep\u00edtettek a Dun\u00e1ba a Magyar Orsz\u00e1gos Horg\u00e1sz Sz\u00f6vets\u00e9g (MOHOSZ) programj\u00e1nak keret\u00e9ben. A szervezet halgazd\u00e1lkod\u00e1si oszt\u00e1ly\u00e1nak munkat\u00e1rsai valamennyi p\u00e9ld\u00e1nyt egyedi azonos\u00edt\u00f3jellel l\u00e1ttak el, ezzel az orsz\u00e1gos sz\u00f6vets\u00e9g inform\u00e1ci\u00f3kat szerezhet a faj \u00e9letm\u00f3dj\u00e1ra, szaporod\u00e1sa \u00e9s viselked\u00e9s\u00e9re vonatkoz\u00f3an.<\/p>\n<p>Schmidt-Kov\u00e1cs Bence a KEMHESZ szakmai igazgat\u00f3ja elmondta, a horg\u00e1sz sz\u00f6vets\u00e9gek c\u00e9lja, hogy az \u00e1llom\u00e1ny gyarapod\u00e1snak induljon, ez\u00e9rt ki szabad fogni, de a m\u00e9ret \u00e9s s\u00faly meghat\u00e1roz\u00e1sa ut\u00e1n vissza kell dobni.<\/p>\n<p>A MOHOSZ 2025-ig tart\u00f3 programj\u00e1nak k\u00f6sz\u00f6nhet\u0151en a v\u00edzkezel\u0151k jel\u00f6lt kecseg\u00e9ket telep\u00edthetnek \u00e9s a visszafog\u00e1si jelz\u00e9sekb\u0151l k\u00f6vetkeztetnek az \u00e1llom\u00e1ny nagys\u00e1g\u00e1ra \u00e9s elterjed\u00e9s\u00e9re. Kedvez\u0151 tapasztalatok eset\u00e9n hal \u00fajra foghat\u00f3v\u00e1 v\u00e1lhatna, s\u00faly \u00e9s m\u00e9retkorl\u00e1toz\u00e1s mellett \u00e9vente n\u00e9h\u00e1ny p\u00e9ld\u00e1nyt megtarthatn\u00e1nak a horg\u00e1szok.<\/p>\n<p>A 2015-ben \u00e9v hal\u00e1nak v\u00e1lasztott kecsege a tokf\u00e9l\u00e9k csal\u00e1dj\u00e1ba tartoz\u00f3 \u0151shonos folyami hal, mely jellemz\u0151en a nagyobb foly\u00f3k s\u00edkvid\u00e9ki, als\u00f3szakasz-jelleg\u0171 r\u00e9sz\u00e9n \u00e9l. Ak\u00e1r 1 m\u00e9ter hossz\u00fara is megn\u0151het, egy m\u00e9retes p\u00e9ld\u00e1ny s\u00falya el\u00e9rheti a 6-7 kilogrammot is. Rovarl\u00e1rv\u00e1kkal, apr\u00f3 csig\u00e1kkal, kishalakkal \u00e9s n\u00f6v\u00e9nyi t\u00f6rmel\u00e9kkel t\u00e1pl\u00e1lkozik.<\/p>\n<p><em>Bor\u00edt\u00f3k\u00e9p, forr\u00e1s: KEMHESZ<\/em><\/p>\n","protected":false},"excerpt":{"rendered":"<p>Esztergomn\u00e1l telep\u00edtett, egyedi azonos\u00edt\u00f3jellel ell\u00e1tott kecseg\u00e9t fogtak a napokban a Szentendrei sziget ut\u00e1n, Ver\u0151c\u00e9n\u00e9l, a f\u0151 Duna-\u00e1gban. A halat k\u00e9t h\u00f3nappal ezel\u0151tt engedt\u00e9k a Dun\u00e1ba. A telep\u00edt\u00e9sen a fenntarthat\u00f3s\u00e1gi t\u00e9mah\u00e9thez kapcsol\u00f3dva a helyi iskol\u00e1sok \u00e9s Hern\u00e1di \u00c1d\u00e1m esztergomi polg\u00e1rmester vett r\u00e9szt. Az akci\u00f3ban 300 kilogrammnyi, kecseg\u00e9t telep\u00edtettek a Dun\u00e1ba a Magyar Orsz\u00e1gos Horg\u00e1sz Sz\u00f6vets\u00e9g (MOHOSZ)<\/p>\n","protected":false},"author":1,"featured_media":54644,"comment_status":"closed","ping_status":"closed","sticky":false,"template":"","format":"standard","meta":{"ngg_post_thumbnail":0,"footnotes":""},"categories":[3],"tags":[4084,4825,598,5576,4398],"class_list":{"0":"post-54643","1":"post","2":"type-post","3":"status-publish","4":"format-standard","5":"has-post-thumbnail","7":"category-hirek","8":"tag-hal","9":"tag-horgasz","10":"tag-horgaszat","11":"tag-kecsege","12":"tag-kemhesz"},"yoast_head":"<!-- This site is optimized with the Yoast SEO plugin v27.5 - https:\/\/yoast.com\/product\/yoast-seo-wordpress\/ -->\n<title>Harminc kilom\u00e9terre v\u00e1ndorolt egy esztergomi kecsege<\/title>\n<meta name=\"robots\" content=\"index, follow, max-snippet:-1, max-image-preview:large, max-video-preview:-1\" \/>\n<link rel=\"canonical\" href=\"https:\/\/dorogimedence.hu\/index.php\/2023\/07\/03\/harminc-kilometerre-vandorolt-egy-esztergomi-kecsege\/\" class=\"yoast-seo-meta-tag\" \/>\n<meta property=\"og:locale\" content=\"hu_HU\" class=\"yoast-seo-meta-tag\" \/>\n<meta property=\"og:type\" content=\"article\" class=\"yoast-seo-meta-tag\" \/>\n<meta property=\"og:title\" content=\"Harminc kilom\u00e9terre v\u00e1ndorolt egy esztergomi kecsege\" class=\"yoast-seo-meta-tag\" \/>\n<meta property=\"og:description\" content=\"Esztergomn\u00e1l telep\u00edtett, egyedi azonos\u00edt\u00f3jellel ell\u00e1tott kecseg\u00e9t fogtak a napokban a Szentendrei sziget ut\u00e1n, Ver\u0151c\u00e9n\u00e9l, a f\u0151 Duna-\u00e1gban. A halat k\u00e9t h\u00f3nappal ezel\u0151tt engedt\u00e9k a Dun\u00e1ba. A telep\u00edt\u00e9sen a fenntarthat\u00f3s\u00e1gi t\u00e9mah\u00e9thez kapcsol\u00f3dva a helyi iskol\u00e1sok \u00e9s Hern\u00e1di \u00c1d\u00e1m esztergomi polg\u00e1rmester vett r\u00e9szt. Az akci\u00f3ban 300 kilogrammnyi, kecseg\u00e9t telep\u00edtettek a Dun\u00e1ba a Magyar Orsz\u00e1gos Horg\u00e1sz Sz\u00f6vets\u00e9g (MOHOSZ)\" class=\"yoast-seo-meta-tag\" \/>\n<meta property=\"og:url\" content=\"https:\/\/dorogimedence.hu\/index.php\/2023\/07\/03\/harminc-kilometerre-vandorolt-egy-esztergomi-kecsege\/\" class=\"yoast-seo-meta-tag\" \/>\n<meta property=\"og:site_name\" content=\"Dorogi-medence Region\u00e1lis H\u00edrport\u00e1l\" class=\"yoast-seo-meta-tag\" \/>\n<meta property=\"article:publisher\" content=\"https:\/\/www.facebook.com\/dorogimedence\/\" class=\"yoast-seo-meta-tag\" \/>\n<meta property=\"article:published_time\" content=\"2023-07-03T10:15:42+00:00\" class=\"yoast-seo-meta-tag\" \/>\n<meta property=\"og:image\" content=\"https:\/\/dorogimedence.hu\/wp-content\/uploads\/2023\/07\/kecsege-01.jpg\" class=\"yoast-seo-meta-tag\" \/>\n\t<meta property=\"og:image:width\" content=\"1920\" class=\"yoast-seo-meta-tag\" \/>\n\t<meta property=\"og:image:height\" content=\"970\" class=\"yoast-seo-meta-tag\" \/>\n\t<meta property=\"og:image:type\" content=\"image\/jpeg\" class=\"yoast-seo-meta-tag\" \/>\n<meta name=\"author\" content=\"dorogimedence.hu\" class=\"yoast-seo-meta-tag\" \/>\n<meta name=\"twitter:card\" content=\"summary_large_image\" class=\"yoast-seo-meta-tag\" \/>\n<meta name=\"twitter:label1\" content=\"Szerz\u0151:\" class=\"yoast-seo-meta-tag\" \/>\n\t<meta name=\"twitter:data1\" content=\"dorogimedence.hu\" class=\"yoast-seo-meta-tag\" \/>\n\t<meta name=\"twitter:label2\" content=\"Becs\u00fclt olvas\u00e1si id\u0151\" class=\"yoast-seo-meta-tag\" \/>\n\t<meta name=\"twitter:data2\" content=\"2 perc\" class=\"yoast-seo-meta-tag\" \/>\n<script type=\"application\/ld+json\" class=\"yoast-schema-graph\">{\"@context\":\"https:\\\/\\\/schema.org\",\"@graph\":[{\"@type\":\"Article\",\"@id\":\"https:\\\/\\\/dorogimedence.hu\\\/index.php\\\/2023\\\/07\\\/03\\\/harminc-kilometerre-vandorolt-egy-esztergomi-kecsege\\\/#article\",\"isPartOf\":{\"@id\":\"https:\\\/\\\/dorogimedence.hu\\\/index.php\\\/2023\\\/07\\\/03\\\/harminc-kilometerre-vandorolt-egy-esztergomi-kecsege\\\/\"},\"author\":{\"name\":\"dorogimedence.hu\",\"@id\":\"https:\\\/\\\/dorogimedence.hu\\\/#\\\/schema\\\/person\\\/ce6091eeb7e95ecdc87890d6aa8e0fd4\"},\"headline\":\"Harminc kilom\u00e9terre v\u00e1ndorolt egy esztergomi kecsege\",\"datePublished\":\"2023-07-03T10:15:42+00:00\",\"mainEntityOfPage\":{\"@id\":\"https:\\\/\\\/dorogimedence.hu\\\/index.php\\\/2023\\\/07\\\/03\\\/harminc-kilometerre-vandorolt-egy-esztergomi-kecsege\\\/\"},\"wordCount\":342,\"publisher\":{\"@id\":\"https:\\\/\\\/dorogimedence.hu\\\/#organization\"},\"image\":{\"@id\":\"https:\\\/\\\/dorogimedence.hu\\\/index.php\\\/2023\\\/07\\\/03\\\/harminc-kilometerre-vandorolt-egy-esztergomi-kecsege\\\/#primaryimage\"},\"thumbnailUrl\":\"https:\\\/\\\/dorogimedence.hu\\\/wp-content\\\/uploads\\\/2023\\\/07\\\/kecsege-01.jpg\",\"keywords\":[\"hal\",\"horg\u00e1sz\",\"horg\u00e1szat\",\"kecsege\",\"KEMHESZ\"],\"articleSection\":[\"H\u00edrek\"],\"inLanguage\":\"hu\"},{\"@type\":\"WebPage\",\"@id\":\"https:\\\/\\\/dorogimedence.hu\\\/index.php\\\/2023\\\/07\\\/03\\\/harminc-kilometerre-vandorolt-egy-esztergomi-kecsege\\\/\",\"url\":\"https:\\\/\\\/dorogimedence.hu\\\/index.php\\\/2023\\\/07\\\/03\\\/harminc-kilometerre-vandorolt-egy-esztergomi-kecsege\\\/\",\"name\":\"Harminc kilom\u00e9terre v\u00e1ndorolt egy esztergomi kecsege\",\"isPartOf\":{\"@id\":\"https:\\\/\\\/dorogimedence.hu\\\/#website\"},\"primaryImageOfPage\":{\"@id\":\"https:\\\/\\\/dorogimedence.hu\\\/index.php\\\/2023\\\/07\\\/03\\\/harminc-kilometerre-vandorolt-egy-esztergomi-kecsege\\\/#primaryimage\"},\"image\":{\"@id\":\"https:\\\/\\\/dorogimedence.hu\\\/index.php\\\/2023\\\/07\\\/03\\\/harminc-kilometerre-vandorolt-egy-esztergomi-kecsege\\\/#primaryimage\"},\"thumbnailUrl\":\"https:\\\/\\\/dorogimedence.hu\\\/wp-content\\\/uploads\\\/2023\\\/07\\\/kecsege-01.jpg\",\"datePublished\":\"2023-07-03T10:15:42+00:00\",\"breadcrumb\":{\"@id\":\"https:\\\/\\\/dorogimedence.hu\\\/index.php\\\/2023\\\/07\\\/03\\\/harminc-kilometerre-vandorolt-egy-esztergomi-kecsege\\\/#breadcrumb\"},\"inLanguage\":\"hu\",\"potentialAction\":[{\"@type\":\"ReadAction\",\"target\":[\"https:\\\/\\\/dorogimedence.hu\\\/index.php\\\/2023\\\/07\\\/03\\\/harminc-kilometerre-vandorolt-egy-esztergomi-kecsege\\\/\"]}]},{\"@type\":\"ImageObject\",\"inLanguage\":\"hu\",\"@id\":\"https:\\\/\\\/dorogimedence.hu\\\/index.php\\\/2023\\\/07\\\/03\\\/harminc-kilometerre-vandorolt-egy-esztergomi-kecsege\\\/#primaryimage\",\"url\":\"https:\\\/\\\/dorogimedence.hu\\\/wp-content\\\/uploads\\\/2023\\\/07\\\/kecsege-01.jpg\",\"contentUrl\":\"https:\\\/\\\/dorogimedence.hu\\\/wp-content\\\/uploads\\\/2023\\\/07\\\/kecsege-01.jpg\",\"width\":1920,\"height\":970},{\"@type\":\"BreadcrumbList\",\"@id\":\"https:\\\/\\\/dorogimedence.hu\\\/index.php\\\/2023\\\/07\\\/03\\\/harminc-kilometerre-vandorolt-egy-esztergomi-kecsege\\\/#breadcrumb\",\"itemListElement\":[{\"@type\":\"ListItem\",\"position\":1,\"name\":\"Kezd\u0151lap\",\"item\":\"https:\\\/\\\/dorogimedence.hu\\\/\"},{\"@type\":\"ListItem\",\"position\":2,\"name\":\"Harminc kilom\u00e9terre v\u00e1ndorolt egy esztergomi kecsege\"}]},{\"@type\":\"WebSite\",\"@id\":\"https:\\\/\\\/dorogimedence.hu\\\/#website\",\"url\":\"https:\\\/\\\/dorogimedence.hu\\\/\",\"name\":\"Dorogi-medence Region\u00e1lis H\u00edrport\u00e1l\",\"description\":\"Dorog, Keszt\u00f6lc, Le\u00e1nyv\u00e1r, Piliscs\u00e9v, Tokod, Tokodalt\u00e1r\u00f3, Csolnok, Esztergom-kertv\u00e1ros: h\u00edrek, programok\",\"publisher\":{\"@id\":\"https:\\\/\\\/dorogimedence.hu\\\/#organization\"},\"potentialAction\":[{\"@type\":\"SearchAction\",\"target\":{\"@type\":\"EntryPoint\",\"urlTemplate\":\"https:\\\/\\\/dorogimedence.hu\\\/?s={search_term_string}\"},\"query-input\":{\"@type\":\"PropertyValueSpecification\",\"valueRequired\":true,\"valueName\":\"search_term_string\"}}],\"inLanguage\":\"hu\"},{\"@type\":\"Organization\",\"@id\":\"https:\\\/\\\/dorogimedence.hu\\\/#organization\",\"name\":\"Dorogi-medence Region\u00e1lis H\u00edrport\u00e1l\",\"url\":\"https:\\\/\\\/dorogimedence.hu\\\/\",\"logo\":{\"@type\":\"ImageObject\",\"inLanguage\":\"hu\",\"@id\":\"https:\\\/\\\/dorogimedence.hu\\\/#\\\/schema\\\/logo\\\/image\\\/\",\"url\":\"https:\\\/\\\/dorogimedence.hu\\\/wp-content\\\/uploads\\\/2021\\\/04\\\/logo-feher-600.png\",\"contentUrl\":\"https:\\\/\\\/dorogimedence.hu\\\/wp-content\\\/uploads\\\/2021\\\/04\\\/logo-feher-600.png\",\"width\":600,\"height\":100,\"caption\":\"Dorogi-medence Region\u00e1lis H\u00edrport\u00e1l\"},\"image\":{\"@id\":\"https:\\\/\\\/dorogimedence.hu\\\/#\\\/schema\\\/logo\\\/image\\\/\"},\"sameAs\":[\"https:\\\/\\\/www.facebook.com\\\/dorogimedence\\\/\"]},{\"@type\":\"Person\",\"@id\":\"https:\\\/\\\/dorogimedence.hu\\\/#\\\/schema\\\/person\\\/ce6091eeb7e95ecdc87890d6aa8e0fd4\",\"name\":\"dorogimedence.hu\",\"image\":{\"@type\":\"ImageObject\",\"inLanguage\":\"hu\",\"@id\":\"\\\/\\\/www.gravatar.com\\\/avatar\\\/d8d45f8901aadff40a4af72c0b826f1d?s=96&#038;r=g&#038;d=mm\",\"url\":\"\\\/\\\/www.gravatar.com\\\/avatar\\\/d8d45f8901aadff40a4af72c0b826f1d?s=96&#038;r=g&#038;d=mm\",\"contentUrl\":\"\\\/\\\/www.gravatar.com\\\/avatar\\\/d8d45f8901aadff40a4af72c0b826f1d?s=96&#038;r=g&#038;d=mm\",\"caption\":\"dorogimedence.hu\"}}]}<\/script>\n<!-- \/ Yoast SEO plugin. -->","yoast_head_json":{"title":"Harminc kilom\u00e9terre v\u00e1ndorolt egy esztergomi kecsege","robots":{"index":"index","follow":"follow","max-snippet":"max-snippet:-1","max-image-preview":"max-image-preview:large","max-video-preview":"max-video-preview:-1"},"canonical":"https:\/\/dorogimedence.hu\/index.php\/2023\/07\/03\/harminc-kilometerre-vandorolt-egy-esztergomi-kecsege\/","og_locale":"hu_HU","og_type":"article","og_title":"Harminc kilom\u00e9terre v\u00e1ndorolt egy esztergomi kecsege","og_description":"Esztergomn\u00e1l telep\u00edtett, egyedi azonos\u00edt\u00f3jellel ell\u00e1tott kecseg\u00e9t fogtak a napokban a Szentendrei sziget ut\u00e1n, Ver\u0151c\u00e9n\u00e9l, a f\u0151 Duna-\u00e1gban. A halat k\u00e9t h\u00f3nappal ezel\u0151tt engedt\u00e9k a Dun\u00e1ba. A telep\u00edt\u00e9sen a fenntarthat\u00f3s\u00e1gi t\u00e9mah\u00e9thez kapcsol\u00f3dva a helyi iskol\u00e1sok \u00e9s Hern\u00e1di \u00c1d\u00e1m esztergomi polg\u00e1rmester vett r\u00e9szt. Az akci\u00f3ban 300 kilogrammnyi, kecseg\u00e9t telep\u00edtettek a Dun\u00e1ba a Magyar Orsz\u00e1gos Horg\u00e1sz Sz\u00f6vets\u00e9g (MOHOSZ)","og_url":"https:\/\/dorogimedence.hu\/index.php\/2023\/07\/03\/harminc-kilometerre-vandorolt-egy-esztergomi-kecsege\/","og_site_name":"Dorogi-medence Region\u00e1lis H\u00edrport\u00e1l","article_publisher":"https:\/\/www.facebook.com\/dorogimedence\/","article_published_time":"2023-07-03T10:15:42+00:00","og_image":[{"width":1920,"height":970,"url":"https:\/\/dorogimedence.hu\/wp-content\/uploads\/2023\/07\/kecsege-01.jpg","type":"image\/jpeg"}],"author":"dorogimedence.hu","twitter_card":"summary_large_image","twitter_misc":{"Szerz\u0151:":"dorogimedence.hu","Becs\u00fclt olvas\u00e1si id\u0151":"2 perc"},"schema":{"@context":"https:\/\/schema.org","@graph":[{"@type":"Article","@id":"https:\/\/dorogimedence.hu\/index.php\/2023\/07\/03\/harminc-kilometerre-vandorolt-egy-esztergomi-kecsege\/#article","isPartOf":{"@id":"https:\/\/dorogimedence.hu\/index.php\/2023\/07\/03\/harminc-kilometerre-vandorolt-egy-esztergomi-kecsege\/"},"author":{"name":"dorogimedence.hu","@id":"https:\/\/dorogimedence.hu\/#\/schema\/person\/ce6091eeb7e95ecdc87890d6aa8e0fd4"},"headline":"Harminc kilom\u00e9terre v\u00e1ndorolt egy esztergomi kecsege","datePublished":"2023-07-03T10:15:42+00:00","mainEntityOfPage":{"@id":"https:\/\/dorogimedence.hu\/index.php\/2023\/07\/03\/harminc-kilometerre-vandorolt-egy-esztergomi-kecsege\/"},"wordCount":342,"publisher":{"@id":"https:\/\/dorogimedence.hu\/#organization"},"image":{"@id":"https:\/\/dorogimedence.hu\/index.php\/2023\/07\/03\/harminc-kilometerre-vandorolt-egy-esztergomi-kecsege\/#primaryimage"},"thumbnailUrl":"https:\/\/dorogimedence.hu\/wp-content\/uploads\/2023\/07\/kecsege-01.jpg","keywords":["hal","horg\u00e1sz","horg\u00e1szat","kecsege","KEMHESZ"],"articleSection":["H\u00edrek"],"inLanguage":"hu"},{"@type":"WebPage","@id":"https:\/\/dorogimedence.hu\/index.php\/2023\/07\/03\/harminc-kilometerre-vandorolt-egy-esztergomi-kecsege\/","url":"https:\/\/dorogimedence.hu\/index.php\/2023\/07\/03\/harminc-kilometerre-vandorolt-egy-esztergomi-kecsege\/","name":"Harminc kilom\u00e9terre v\u00e1ndorolt egy esztergomi kecsege","isPartOf":{"@id":"https:\/\/dorogimedence.hu\/#website"},"primaryImageOfPage":{"@id":"https:\/\/dorogimedence.hu\/index.php\/2023\/07\/03\/harminc-kilometerre-vandorolt-egy-esztergomi-kecsege\/#primaryimage"},"image":{"@id":"https:\/\/dorogimedence.hu\/index.php\/2023\/07\/03\/harminc-kilometerre-vandorolt-egy-esztergomi-kecsege\/#primaryimage"},"thumbnailUrl":"https:\/\/dorogimedence.hu\/wp-content\/uploads\/2023\/07\/kecsege-01.jpg","datePublished":"2023-07-03T10:15:42+00:00","breadcrumb":{"@id":"https:\/\/dorogimedence.hu\/index.php\/2023\/07\/03\/harminc-kilometerre-vandorolt-egy-esztergomi-kecsege\/#breadcrumb"},"inLanguage":"hu","potentialAction":[{"@type":"ReadAction","target":["https:\/\/dorogimedence.hu\/index.php\/2023\/07\/03\/harminc-kilometerre-vandorolt-egy-esztergomi-kecsege\/"]}]},{"@type":"ImageObject","inLanguage":"hu","@id":"https:\/\/dorogimedence.hu\/index.php\/2023\/07\/03\/harminc-kilometerre-vandorolt-egy-esztergomi-kecsege\/#primaryimage","url":"https:\/\/dorogimedence.hu\/wp-content\/uploads\/2023\/07\/kecsege-01.jpg","contentUrl":"https:\/\/dorogimedence.hu\/wp-content\/uploads\/2023\/07\/kecsege-01.jpg","width":1920,"height":970},{"@type":"BreadcrumbList","@id":"https:\/\/dorogimedence.hu\/index.php\/2023\/07\/03\/harminc-kilometerre-vandorolt-egy-esztergomi-kecsege\/#breadcrumb","itemListElement":[{"@type":"ListItem","position":1,"name":"Kezd\u0151lap","item":"https:\/\/dorogimedence.hu\/"},{"@type":"ListItem","position":2,"name":"Harminc kilom\u00e9terre v\u00e1ndorolt egy esztergomi kecsege"}]},{"@type":"WebSite","@id":"https:\/\/dorogimedence.hu\/#website","url":"https:\/\/dorogimedence.hu\/","name":"Dorogi-medence Region\u00e1lis H\u00edrport\u00e1l","description":"Dorog, Keszt\u00f6lc, Le\u00e1nyv\u00e1r, Piliscs\u00e9v, Tokod, Tokodalt\u00e1r\u00f3, Csolnok, Esztergom-kertv\u00e1ros: h\u00edrek, programok","publisher":{"@id":"https:\/\/dorogimedence.hu\/#organization"},"potentialAction":[{"@type":"SearchAction","target":{"@type":"EntryPoint","urlTemplate":"https:\/\/dorogimedence.hu\/?s={search_term_string}"},"query-input":{"@type":"PropertyValueSpecification","valueRequired":true,"valueName":"search_term_string"}}],"inLanguage":"hu"},{"@type":"Organization","@id":"https:\/\/dorogimedence.hu\/#organization","name":"Dorogi-medence Region\u00e1lis H\u00edrport\u00e1l","url":"https:\/\/dorogimedence.hu\/","logo":{"@type":"ImageObject","inLanguage":"hu","@id":"https:\/\/dorogimedence.hu\/#\/schema\/logo\/image\/","url":"https:\/\/dorogimedence.hu\/wp-content\/uploads\/2021\/04\/logo-feher-600.png","contentUrl":"https:\/\/dorogimedence.hu\/wp-content\/uploads\/2021\/04\/logo-feher-600.png","width":600,"height":100,"caption":"Dorogi-medence Region\u00e1lis H\u00edrport\u00e1l"},"image":{"@id":"https:\/\/dorogimedence.hu\/#\/schema\/logo\/image\/"},"sameAs":["https:\/\/www.facebook.com\/dorogimedence\/"]},{"@type":"Person","@id":"https:\/\/dorogimedence.hu\/#\/schema\/person\/ce6091eeb7e95ecdc87890d6aa8e0fd4","name":"dorogimedence.hu","image":{"@type":"ImageObject","inLanguage":"hu","@id":"\/\/www.gravatar.com\/avatar\/d8d45f8901aadff40a4af72c0b826f1d?s=96&#038;r=g&#038;d=mm","url":"\/\/www.gravatar.com\/avatar\/d8d45f8901aadff40a4af72c0b826f1d?s=96&#038;r=g&#038;d=mm","contentUrl":"\/\/www.gravatar.com\/avatar\/d8d45f8901aadff40a4af72c0b826f1d?s=96&#038;r=g&#038;d=mm","caption":"dorogimedence.hu"}}]}},"_links":{"self":[{"href":"https:\/\/dorogimedence.hu\/index.php\/wp-json\/wp\/v2\/posts\/54643","targetHints":{"allow":["GET"]}}],"collection":[{"href":"https:\/\/dorogimedence.hu\/index.php\/wp-json\/wp\/v2\/posts"}],"about":[{"href":"https:\/\/dorogimedence.hu\/index.php\/wp-json\/wp\/v2\/types\/post"}],"author":[{"embeddable":true,"href":"https:\/\/dorogimedence.hu\/index.php\/wp-json\/wp\/v2\/users\/1"}],"replies":[{"embeddable":true,"href":"https:\/\/dorogimedence.hu\/index.php\/wp-json\/wp\/v2\/comments?post=54643"}],"version-history":[{"count":0,"href":"https:\/\/dorogimedence.hu\/index.php\/wp-json\/wp\/v2\/posts\/54643\/revisions"}],"wp:featuredmedia":[{"embeddable":true,"href":"https:\/\/dorogimedence.hu\/index.php\/wp-json\/wp\/v2\/media\/54644"}],"wp:attachment":[{"href":"https:\/\/dorogimedence.hu\/index.php\/wp-json\/wp\/v2\/media?parent=54643"}],"wp:term":[{"taxonomy":"category","embeddable":true,"href":"https:\/\/dorogimedence.hu\/index.php\/wp-json\/wp\/v2\/categories?post=54643"},{"taxonomy":"post_tag","embeddable":true,"href":"https:\/\/dorogimedence.hu\/index.php\/wp-json\/wp\/v2\/tags?post=54643"}],"curies":[{"name":"wp","href":"https:\/\/api.w.org\/{rel}","templated":true}]}}