{"id":54515,"date":"2023-06-28T16:09:35","date_gmt":"2023-06-28T14:09:35","guid":{"rendered":"https:\/\/dorogimedence.hu\/?p=54515"},"modified":"2023-06-28T16:10:06","modified_gmt":"2023-06-28T14:10:06","slug":"eveken-at-gyujtott-pornograf-felveteleket-gyerekekrol-az-esztergom-kornyeki-ferfi-2","status":"publish","type":"post","link":"https:\/\/dorogimedence.hu\/index.php\/2023\/06\/28\/eveken-at-gyujtott-pornograf-felveteleket-gyerekekrol-az-esztergom-kornyeki-ferfi-2\/","title":{"rendered":"\u00c9veken \u00e1t gy\u0171jt\u00f6tt pornogr\u00e1f felv\u00e9teleket gyerekekr\u0151l az Esztergom k\u00f6rny\u00e9ki f\u00e9rfi"},"content":{"rendered":"<p><strong>Felf\u00fcggesztett b\u00f6rt\u00f6nb\u00fcntet\u00e9st szabtak ki azzal a f\u00e9rfival szemben, aki gyermekeket \u00e1br\u00e1zol\u00f3 t\u00f6bbsz\u00e1z pornogr\u00e1f felv\u00e9telt t\u00f6lt\u00f6tt le az internetr\u0151l.<\/strong><\/p>\n<p>A meg\u00e1llap\u00edtott t\u00e9ny\u00e1ll\u00e1s szerint a f\u00e9rfi 2018. augusztus \u00e9s 2021. j\u00falius k\u00f6z\u00f6tt az Esztergomi J\u00e1r\u00e1sban tal\u00e1lhat\u00f3 otthon\u00e1ban az internetr\u0151l rendszeresen t\u00f6lt\u00f6tt le \u00e9s t\u00e1rolt mobiltelefonon, illetve felh\u0151alap\u00fa t\u00e1rhelyeken gyermekeket \u00e1br\u00e1zol\u00f3 t\u00f6bbsz\u00e1z pornogr\u00e1f tartalm\u00fa f\u00e9nyk\u00e9pfelv\u00e9telt, n\u00e9h\u00e1ny mozg\u00f3k\u00e9pet \u00e9s videofelv\u00e9telt.<\/p>\n<p>A gyermekpornogr\u00e1fia b\u0171ntette miatt az Esztergomi J\u00e1r\u00e1si \u00dcgy\u00e9szs\u00e9g \u00e1ltal beny\u00fajtott v\u00e1dirat alapj\u00e1n az Esztergomi J\u00e1r\u00e1sb\u00edr\u00f3s\u00e1g a v\u00e1dlottal szemben 2 \u00e9v \u2013 5 \u00e9v pr\u00f3baid\u0151re felf\u00fcggesztett \u2013 b\u00f6rt\u00f6nb\u00fcntet\u00e9st, valamint 600.000 forint p\u00e9nzb\u00fcntet\u00e9st szabott ki, tov\u00e1bb\u00e1 az elk\u00f6vet\u0151t\u0151l lefoglalt mobiltelefont elkobozta.<\/p>\n<p>A szabads\u00e1gveszt\u00e9s b\u00fcntet\u00e9s felf\u00fcggeszt\u00e9s\u00e9nek pr\u00f3baidej\u00e9re a b\u00edr\u00f3s\u00e1g elrendelte a v\u00e1dlott p\u00e1rtfog\u00f3 fel\u00fcgyelet\u00e9t, valamint v\u00e9gleges hat\u00e1llyal eltiltotta b\u00e1rmely olyan foglalkoz\u00e1s gyakorl\u00e1s\u00e1t\u00f3l, vagy egy\u00e9b tev\u00e9kenys\u00e9gt\u0151l, amely keret\u00e9ben tizennyolcadik \u00e9let\u00e9v\u00e9t be nem t\u00f6lt\u00f6tt szem\u00e9ly nevel\u00e9s\u00e9t, fel\u00fcgyelet\u00e9t, gondoz\u00e1s\u00e1t, gy\u00f3gykezel\u00e9s\u00e9t v\u00e9gezn\u00e9, illetve ilyen szem\u00e9llyel egy\u00e9b hatalmi, vagy befoly\u00e1si viszonyban \u00e1llna.<\/p>\n<p>A b\u00fcntet\u0151v\u00e9gz\u00e9s joger\u0151s, azt az \u00fcgy\u00e9sz is tudom\u00e1sul vette.<\/p>\n<p><em>Forr\u00e1s: Kom\u00e1rom-Esztergom V\u00e1rmegyei F\u0151\u00fcgy\u00e9szs\u00e9g \/ Tatab\u00e1nyai T\u00f6rv\u00e9nysz\u00e9k<\/em><\/p>\n","protected":false},"excerpt":{"rendered":"<p>Felf\u00fcggesztett b\u00f6rt\u00f6nb\u00fcntet\u00e9st szabtak ki azzal a f\u00e9rfival szemben, aki gyermekeket \u00e1br\u00e1zol\u00f3 t\u00f6bbsz\u00e1z pornogr\u00e1f felv\u00e9telt t\u00f6lt\u00f6tt le az internetr\u0151l. A meg\u00e1llap\u00edtott t\u00e9ny\u00e1ll\u00e1s szerint a f\u00e9rfi 2018. augusztus \u00e9s 2021. j\u00falius k\u00f6z\u00f6tt az Esztergomi J\u00e1r\u00e1sban tal\u00e1lhat\u00f3 otthon\u00e1ban az internetr\u0151l rendszeresen t\u00f6lt\u00f6tt le \u00e9s t\u00e1rolt mobiltelefonon, illetve felh\u0151alap\u00fa t\u00e1rhelyeken gyermekeket \u00e1br\u00e1zol\u00f3 t\u00f6bbsz\u00e1z pornogr\u00e1f tartalm\u00fa f\u00e9nyk\u00e9pfelv\u00e9telt, n\u00e9h\u00e1ny mozg\u00f3k\u00e9pet \u00e9s<\/p>\n","protected":false},"author":1,"featured_media":0,"comment_status":"closed","ping_status":"closed","sticky":false,"template":"","format":"standard","meta":{"ngg_post_thumbnail":0,"footnotes":""},"categories":[38,3,39],"tags":[1042,63,61,326],"class_list":{"0":"post-54515","1":"post","2":"type-post","3":"status-publish","4":"format-standard","6":"category-esztergom","7":"category-hirek","8":"category-kek-hirek","9":"tag-birosag","10":"tag-buncselekmeny","11":"tag-rendorsegi-hirek","12":"tag-ugyeszseg"},"yoast_head":"<!-- This site is optimized with the Yoast SEO plugin v27.4 - https:\/\/yoast.com\/product\/yoast-seo-wordpress\/ -->\n<title>\u00c9veken \u00e1t gy\u0171jt\u00f6tt pornogr\u00e1f felv\u00e9teleket gyerekekr\u0151l az Esztergom k\u00f6rny\u00e9ki f\u00e9rfi<\/title>\n<meta name=\"robots\" content=\"index, follow, max-snippet:-1, max-image-preview:large, max-video-preview:-1\" \/>\n<link rel=\"canonical\" href=\"https:\/\/dorogimedence.hu\/index.php\/2023\/06\/28\/eveken-at-gyujtott-pornograf-felveteleket-gyerekekrol-az-esztergom-kornyeki-ferfi-2\/\" class=\"yoast-seo-meta-tag\" \/>\n<meta property=\"og:locale\" content=\"hu_HU\" class=\"yoast-seo-meta-tag\" \/>\n<meta property=\"og:type\" content=\"article\" class=\"yoast-seo-meta-tag\" \/>\n<meta property=\"og:title\" content=\"\u00c9veken \u00e1t gy\u0171jt\u00f6tt pornogr\u00e1f felv\u00e9teleket gyerekekr\u0151l az Esztergom k\u00f6rny\u00e9ki f\u00e9rfi\" class=\"yoast-seo-meta-tag\" \/>\n<meta property=\"og:description\" content=\"Felf\u00fcggesztett b\u00f6rt\u00f6nb\u00fcntet\u00e9st szabtak ki azzal a f\u00e9rfival szemben, aki gyermekeket \u00e1br\u00e1zol\u00f3 t\u00f6bbsz\u00e1z pornogr\u00e1f felv\u00e9telt t\u00f6lt\u00f6tt le az internetr\u0151l. A meg\u00e1llap\u00edtott t\u00e9ny\u00e1ll\u00e1s szerint a f\u00e9rfi 2018. augusztus \u00e9s 2021. j\u00falius k\u00f6z\u00f6tt az Esztergomi J\u00e1r\u00e1sban tal\u00e1lhat\u00f3 otthon\u00e1ban az internetr\u0151l rendszeresen t\u00f6lt\u00f6tt le \u00e9s t\u00e1rolt mobiltelefonon, illetve felh\u0151alap\u00fa t\u00e1rhelyeken gyermekeket \u00e1br\u00e1zol\u00f3 t\u00f6bbsz\u00e1z pornogr\u00e1f tartalm\u00fa f\u00e9nyk\u00e9pfelv\u00e9telt, n\u00e9h\u00e1ny mozg\u00f3k\u00e9pet \u00e9s\" class=\"yoast-seo-meta-tag\" \/>\n<meta property=\"og:url\" content=\"https:\/\/dorogimedence.hu\/index.php\/2023\/06\/28\/eveken-at-gyujtott-pornograf-felveteleket-gyerekekrol-az-esztergom-kornyeki-ferfi-2\/\" class=\"yoast-seo-meta-tag\" \/>\n<meta property=\"og:site_name\" content=\"Dorogi-medence Region\u00e1lis H\u00edrport\u00e1l\" class=\"yoast-seo-meta-tag\" \/>\n<meta property=\"article:publisher\" content=\"https:\/\/www.facebook.com\/dorogimedence\/\" class=\"yoast-seo-meta-tag\" \/>\n<meta property=\"article:published_time\" content=\"2023-06-28T14:09:35+00:00\" class=\"yoast-seo-meta-tag\" \/>\n<meta property=\"article:modified_time\" content=\"2023-06-28T14:10:06+00:00\" class=\"yoast-seo-meta-tag\" \/>\n<meta property=\"og:image\" content=\"https:\/\/dorogimedence.hu\/wp-content\/uploads\/2020\/11\/birosag-05.jpg\" class=\"yoast-seo-meta-tag\" \/>\n\t<meta property=\"og:image:width\" content=\"830\" class=\"yoast-seo-meta-tag\" \/>\n\t<meta property=\"og:image:height\" content=\"450\" class=\"yoast-seo-meta-tag\" \/>\n\t<meta property=\"og:image:type\" content=\"image\/jpeg\" class=\"yoast-seo-meta-tag\" \/>\n<meta name=\"author\" content=\"dorogimedence.hu\" class=\"yoast-seo-meta-tag\" \/>\n<meta name=\"twitter:card\" content=\"summary_large_image\" class=\"yoast-seo-meta-tag\" \/>\n<meta name=\"twitter:label1\" content=\"Szerz\u0151:\" class=\"yoast-seo-meta-tag\" \/>\n\t<meta name=\"twitter:data1\" content=\"dorogimedence.hu\" class=\"yoast-seo-meta-tag\" \/>\n\t<meta name=\"twitter:label2\" content=\"Becs\u00fclt olvas\u00e1si id\u0151\" class=\"yoast-seo-meta-tag\" \/>\n\t<meta name=\"twitter:data2\" content=\"1 perc\" class=\"yoast-seo-meta-tag\" \/>\n<script type=\"application\/ld+json\" class=\"yoast-schema-graph\">{\"@context\":\"https:\\\/\\\/schema.org\",\"@graph\":[{\"@type\":\"Article\",\"@id\":\"https:\\\/\\\/dorogimedence.hu\\\/index.php\\\/2023\\\/06\\\/28\\\/eveken-at-gyujtott-pornograf-felveteleket-gyerekekrol-az-esztergom-kornyeki-ferfi-2\\\/#article\",\"isPartOf\":{\"@id\":\"https:\\\/\\\/dorogimedence.hu\\\/index.php\\\/2023\\\/06\\\/28\\\/eveken-at-gyujtott-pornograf-felveteleket-gyerekekrol-az-esztergom-kornyeki-ferfi-2\\\/\"},\"author\":{\"name\":\"dorogimedence.hu\",\"@id\":\"https:\\\/\\\/dorogimedence.hu\\\/#\\\/schema\\\/person\\\/ce6091eeb7e95ecdc87890d6aa8e0fd4\"},\"headline\":\"\u00c9veken \u00e1t gy\u0171jt\u00f6tt pornogr\u00e1f felv\u00e9teleket gyerekekr\u0151l az Esztergom k\u00f6rny\u00e9ki f\u00e9rfi\",\"datePublished\":\"2023-06-28T14:09:35+00:00\",\"dateModified\":\"2023-06-28T14:10:06+00:00\",\"mainEntityOfPage\":{\"@id\":\"https:\\\/\\\/dorogimedence.hu\\\/index.php\\\/2023\\\/06\\\/28\\\/eveken-at-gyujtott-pornograf-felveteleket-gyerekekrol-az-esztergom-kornyeki-ferfi-2\\\/\"},\"wordCount\":303,\"publisher\":{\"@id\":\"https:\\\/\\\/dorogimedence.hu\\\/#organization\"},\"keywords\":[\"b\u00edr\u00f3s\u00e1g\",\"b\u0171ncselekm\u00e9ny\",\"rend\u0151rs\u00e9gi h\u00edrek\",\"\u00fcgy\u00e9szs\u00e9g\"],\"articleSection\":[\"Esztergom\",\"H\u00edrek\",\"K\u00e9k h\u00edrek\"],\"inLanguage\":\"hu\"},{\"@type\":\"WebPage\",\"@id\":\"https:\\\/\\\/dorogimedence.hu\\\/index.php\\\/2023\\\/06\\\/28\\\/eveken-at-gyujtott-pornograf-felveteleket-gyerekekrol-az-esztergom-kornyeki-ferfi-2\\\/\",\"url\":\"https:\\\/\\\/dorogimedence.hu\\\/index.php\\\/2023\\\/06\\\/28\\\/eveken-at-gyujtott-pornograf-felveteleket-gyerekekrol-az-esztergom-kornyeki-ferfi-2\\\/\",\"name\":\"\u00c9veken \u00e1t gy\u0171jt\u00f6tt pornogr\u00e1f felv\u00e9teleket gyerekekr\u0151l az Esztergom k\u00f6rny\u00e9ki f\u00e9rfi\",\"isPartOf\":{\"@id\":\"https:\\\/\\\/dorogimedence.hu\\\/#website\"},\"datePublished\":\"2023-06-28T14:09:35+00:00\",\"dateModified\":\"2023-06-28T14:10:06+00:00\",\"breadcrumb\":{\"@id\":\"https:\\\/\\\/dorogimedence.hu\\\/index.php\\\/2023\\\/06\\\/28\\\/eveken-at-gyujtott-pornograf-felveteleket-gyerekekrol-az-esztergom-kornyeki-ferfi-2\\\/#breadcrumb\"},\"inLanguage\":\"hu\",\"potentialAction\":[{\"@type\":\"ReadAction\",\"target\":[\"https:\\\/\\\/dorogimedence.hu\\\/index.php\\\/2023\\\/06\\\/28\\\/eveken-at-gyujtott-pornograf-felveteleket-gyerekekrol-az-esztergom-kornyeki-ferfi-2\\\/\"]}]},{\"@type\":\"BreadcrumbList\",\"@id\":\"https:\\\/\\\/dorogimedence.hu\\\/index.php\\\/2023\\\/06\\\/28\\\/eveken-at-gyujtott-pornograf-felveteleket-gyerekekrol-az-esztergom-kornyeki-ferfi-2\\\/#breadcrumb\",\"itemListElement\":[{\"@type\":\"ListItem\",\"position\":1,\"name\":\"Kezd\u0151lap\",\"item\":\"https:\\\/\\\/dorogimedence.hu\\\/\"},{\"@type\":\"ListItem\",\"position\":2,\"name\":\"\u00c9veken \u00e1t gy\u0171jt\u00f6tt pornogr\u00e1f felv\u00e9teleket gyerekekr\u0151l az Esztergom k\u00f6rny\u00e9ki f\u00e9rfi\"}]},{\"@type\":\"WebSite\",\"@id\":\"https:\\\/\\\/dorogimedence.hu\\\/#website\",\"url\":\"https:\\\/\\\/dorogimedence.hu\\\/\",\"name\":\"Dorogi-medence Region\u00e1lis H\u00edrport\u00e1l\",\"description\":\"Dorog, Keszt\u00f6lc, Le\u00e1nyv\u00e1r, Piliscs\u00e9v, Tokod, Tokodalt\u00e1r\u00f3, Csolnok, Esztergom-kertv\u00e1ros: h\u00edrek, programok\",\"publisher\":{\"@id\":\"https:\\\/\\\/dorogimedence.hu\\\/#organization\"},\"potentialAction\":[{\"@type\":\"SearchAction\",\"target\":{\"@type\":\"EntryPoint\",\"urlTemplate\":\"https:\\\/\\\/dorogimedence.hu\\\/?s={search_term_string}\"},\"query-input\":{\"@type\":\"PropertyValueSpecification\",\"valueRequired\":true,\"valueName\":\"search_term_string\"}}],\"inLanguage\":\"hu\"},{\"@type\":\"Organization\",\"@id\":\"https:\\\/\\\/dorogimedence.hu\\\/#organization\",\"name\":\"Dorogi-medence Region\u00e1lis H\u00edrport\u00e1l\",\"url\":\"https:\\\/\\\/dorogimedence.hu\\\/\",\"logo\":{\"@type\":\"ImageObject\",\"inLanguage\":\"hu\",\"@id\":\"https:\\\/\\\/dorogimedence.hu\\\/#\\\/schema\\\/logo\\\/image\\\/\",\"url\":\"https:\\\/\\\/dorogimedence.hu\\\/wp-content\\\/uploads\\\/2021\\\/04\\\/logo-feher-600.png\",\"contentUrl\":\"https:\\\/\\\/dorogimedence.hu\\\/wp-content\\\/uploads\\\/2021\\\/04\\\/logo-feher-600.png\",\"width\":600,\"height\":100,\"caption\":\"Dorogi-medence Region\u00e1lis H\u00edrport\u00e1l\"},\"image\":{\"@id\":\"https:\\\/\\\/dorogimedence.hu\\\/#\\\/schema\\\/logo\\\/image\\\/\"},\"sameAs\":[\"https:\\\/\\\/www.facebook.com\\\/dorogimedence\\\/\"]},{\"@type\":\"Person\",\"@id\":\"https:\\\/\\\/dorogimedence.hu\\\/#\\\/schema\\\/person\\\/ce6091eeb7e95ecdc87890d6aa8e0fd4\",\"name\":\"dorogimedence.hu\",\"image\":{\"@type\":\"ImageObject\",\"inLanguage\":\"hu\",\"@id\":\"\\\/\\\/www.gravatar.com\\\/avatar\\\/d8d45f8901aadff40a4af72c0b826f1d?s=96&#038;r=g&#038;d=mm\",\"url\":\"\\\/\\\/www.gravatar.com\\\/avatar\\\/d8d45f8901aadff40a4af72c0b826f1d?s=96&#038;r=g&#038;d=mm\",\"contentUrl\":\"\\\/\\\/www.gravatar.com\\\/avatar\\\/d8d45f8901aadff40a4af72c0b826f1d?s=96&#038;r=g&#038;d=mm\",\"caption\":\"dorogimedence.hu\"}}]}<\/script>\n<!-- \/ Yoast SEO plugin. -->","yoast_head_json":{"title":"\u00c9veken \u00e1t gy\u0171jt\u00f6tt pornogr\u00e1f felv\u00e9teleket gyerekekr\u0151l az Esztergom k\u00f6rny\u00e9ki f\u00e9rfi","robots":{"index":"index","follow":"follow","max-snippet":"max-snippet:-1","max-image-preview":"max-image-preview:large","max-video-preview":"max-video-preview:-1"},"canonical":"https:\/\/dorogimedence.hu\/index.php\/2023\/06\/28\/eveken-at-gyujtott-pornograf-felveteleket-gyerekekrol-az-esztergom-kornyeki-ferfi-2\/","og_locale":"hu_HU","og_type":"article","og_title":"\u00c9veken \u00e1t gy\u0171jt\u00f6tt pornogr\u00e1f felv\u00e9teleket gyerekekr\u0151l az Esztergom k\u00f6rny\u00e9ki f\u00e9rfi","og_description":"Felf\u00fcggesztett b\u00f6rt\u00f6nb\u00fcntet\u00e9st szabtak ki azzal a f\u00e9rfival szemben, aki gyermekeket \u00e1br\u00e1zol\u00f3 t\u00f6bbsz\u00e1z pornogr\u00e1f felv\u00e9telt t\u00f6lt\u00f6tt le az internetr\u0151l. A meg\u00e1llap\u00edtott t\u00e9ny\u00e1ll\u00e1s szerint a f\u00e9rfi 2018. augusztus \u00e9s 2021. j\u00falius k\u00f6z\u00f6tt az Esztergomi J\u00e1r\u00e1sban tal\u00e1lhat\u00f3 otthon\u00e1ban az internetr\u0151l rendszeresen t\u00f6lt\u00f6tt le \u00e9s t\u00e1rolt mobiltelefonon, illetve felh\u0151alap\u00fa t\u00e1rhelyeken gyermekeket \u00e1br\u00e1zol\u00f3 t\u00f6bbsz\u00e1z pornogr\u00e1f tartalm\u00fa f\u00e9nyk\u00e9pfelv\u00e9telt, n\u00e9h\u00e1ny mozg\u00f3k\u00e9pet \u00e9s","og_url":"https:\/\/dorogimedence.hu\/index.php\/2023\/06\/28\/eveken-at-gyujtott-pornograf-felveteleket-gyerekekrol-az-esztergom-kornyeki-ferfi-2\/","og_site_name":"Dorogi-medence Region\u00e1lis H\u00edrport\u00e1l","article_publisher":"https:\/\/www.facebook.com\/dorogimedence\/","article_published_time":"2023-06-28T14:09:35+00:00","article_modified_time":"2023-06-28T14:10:06+00:00","og_image":[{"width":830,"height":450,"url":"https:\/\/dorogimedence.hu\/wp-content\/uploads\/2020\/11\/birosag-05.jpg","type":"image\/jpeg"}],"author":"dorogimedence.hu","twitter_card":"summary_large_image","twitter_misc":{"Szerz\u0151:":"dorogimedence.hu","Becs\u00fclt olvas\u00e1si id\u0151":"1 perc"},"schema":{"@context":"https:\/\/schema.org","@graph":[{"@type":"Article","@id":"https:\/\/dorogimedence.hu\/index.php\/2023\/06\/28\/eveken-at-gyujtott-pornograf-felveteleket-gyerekekrol-az-esztergom-kornyeki-ferfi-2\/#article","isPartOf":{"@id":"https:\/\/dorogimedence.hu\/index.php\/2023\/06\/28\/eveken-at-gyujtott-pornograf-felveteleket-gyerekekrol-az-esztergom-kornyeki-ferfi-2\/"},"author":{"name":"dorogimedence.hu","@id":"https:\/\/dorogimedence.hu\/#\/schema\/person\/ce6091eeb7e95ecdc87890d6aa8e0fd4"},"headline":"\u00c9veken \u00e1t gy\u0171jt\u00f6tt pornogr\u00e1f felv\u00e9teleket gyerekekr\u0151l az Esztergom k\u00f6rny\u00e9ki f\u00e9rfi","datePublished":"2023-06-28T14:09:35+00:00","dateModified":"2023-06-28T14:10:06+00:00","mainEntityOfPage":{"@id":"https:\/\/dorogimedence.hu\/index.php\/2023\/06\/28\/eveken-at-gyujtott-pornograf-felveteleket-gyerekekrol-az-esztergom-kornyeki-ferfi-2\/"},"wordCount":303,"publisher":{"@id":"https:\/\/dorogimedence.hu\/#organization"},"keywords":["b\u00edr\u00f3s\u00e1g","b\u0171ncselekm\u00e9ny","rend\u0151rs\u00e9gi h\u00edrek","\u00fcgy\u00e9szs\u00e9g"],"articleSection":["Esztergom","H\u00edrek","K\u00e9k h\u00edrek"],"inLanguage":"hu"},{"@type":"WebPage","@id":"https:\/\/dorogimedence.hu\/index.php\/2023\/06\/28\/eveken-at-gyujtott-pornograf-felveteleket-gyerekekrol-az-esztergom-kornyeki-ferfi-2\/","url":"https:\/\/dorogimedence.hu\/index.php\/2023\/06\/28\/eveken-at-gyujtott-pornograf-felveteleket-gyerekekrol-az-esztergom-kornyeki-ferfi-2\/","name":"\u00c9veken \u00e1t gy\u0171jt\u00f6tt pornogr\u00e1f felv\u00e9teleket gyerekekr\u0151l az Esztergom k\u00f6rny\u00e9ki f\u00e9rfi","isPartOf":{"@id":"https:\/\/dorogimedence.hu\/#website"},"datePublished":"2023-06-28T14:09:35+00:00","dateModified":"2023-06-28T14:10:06+00:00","breadcrumb":{"@id":"https:\/\/dorogimedence.hu\/index.php\/2023\/06\/28\/eveken-at-gyujtott-pornograf-felveteleket-gyerekekrol-az-esztergom-kornyeki-ferfi-2\/#breadcrumb"},"inLanguage":"hu","potentialAction":[{"@type":"ReadAction","target":["https:\/\/dorogimedence.hu\/index.php\/2023\/06\/28\/eveken-at-gyujtott-pornograf-felveteleket-gyerekekrol-az-esztergom-kornyeki-ferfi-2\/"]}]},{"@type":"BreadcrumbList","@id":"https:\/\/dorogimedence.hu\/index.php\/2023\/06\/28\/eveken-at-gyujtott-pornograf-felveteleket-gyerekekrol-az-esztergom-kornyeki-ferfi-2\/#breadcrumb","itemListElement":[{"@type":"ListItem","position":1,"name":"Kezd\u0151lap","item":"https:\/\/dorogimedence.hu\/"},{"@type":"ListItem","position":2,"name":"\u00c9veken \u00e1t gy\u0171jt\u00f6tt pornogr\u00e1f felv\u00e9teleket gyerekekr\u0151l az Esztergom k\u00f6rny\u00e9ki f\u00e9rfi"}]},{"@type":"WebSite","@id":"https:\/\/dorogimedence.hu\/#website","url":"https:\/\/dorogimedence.hu\/","name":"Dorogi-medence Region\u00e1lis H\u00edrport\u00e1l","description":"Dorog, Keszt\u00f6lc, Le\u00e1nyv\u00e1r, Piliscs\u00e9v, Tokod, Tokodalt\u00e1r\u00f3, Csolnok, Esztergom-kertv\u00e1ros: h\u00edrek, programok","publisher":{"@id":"https:\/\/dorogimedence.hu\/#organization"},"potentialAction":[{"@type":"SearchAction","target":{"@type":"EntryPoint","urlTemplate":"https:\/\/dorogimedence.hu\/?s={search_term_string}"},"query-input":{"@type":"PropertyValueSpecification","valueRequired":true,"valueName":"search_term_string"}}],"inLanguage":"hu"},{"@type":"Organization","@id":"https:\/\/dorogimedence.hu\/#organization","name":"Dorogi-medence Region\u00e1lis H\u00edrport\u00e1l","url":"https:\/\/dorogimedence.hu\/","logo":{"@type":"ImageObject","inLanguage":"hu","@id":"https:\/\/dorogimedence.hu\/#\/schema\/logo\/image\/","url":"https:\/\/dorogimedence.hu\/wp-content\/uploads\/2021\/04\/logo-feher-600.png","contentUrl":"https:\/\/dorogimedence.hu\/wp-content\/uploads\/2021\/04\/logo-feher-600.png","width":600,"height":100,"caption":"Dorogi-medence Region\u00e1lis H\u00edrport\u00e1l"},"image":{"@id":"https:\/\/dorogimedence.hu\/#\/schema\/logo\/image\/"},"sameAs":["https:\/\/www.facebook.com\/dorogimedence\/"]},{"@type":"Person","@id":"https:\/\/dorogimedence.hu\/#\/schema\/person\/ce6091eeb7e95ecdc87890d6aa8e0fd4","name":"dorogimedence.hu","image":{"@type":"ImageObject","inLanguage":"hu","@id":"\/\/www.gravatar.com\/avatar\/d8d45f8901aadff40a4af72c0b826f1d?s=96&#038;r=g&#038;d=mm","url":"\/\/www.gravatar.com\/avatar\/d8d45f8901aadff40a4af72c0b826f1d?s=96&#038;r=g&#038;d=mm","contentUrl":"\/\/www.gravatar.com\/avatar\/d8d45f8901aadff40a4af72c0b826f1d?s=96&#038;r=g&#038;d=mm","caption":"dorogimedence.hu"}}]}},"_links":{"self":[{"href":"https:\/\/dorogimedence.hu\/index.php\/wp-json\/wp\/v2\/posts\/54515","targetHints":{"allow":["GET"]}}],"collection":[{"href":"https:\/\/dorogimedence.hu\/index.php\/wp-json\/wp\/v2\/posts"}],"about":[{"href":"https:\/\/dorogimedence.hu\/index.php\/wp-json\/wp\/v2\/types\/post"}],"author":[{"embeddable":true,"href":"https:\/\/dorogimedence.hu\/index.php\/wp-json\/wp\/v2\/users\/1"}],"replies":[{"embeddable":true,"href":"https:\/\/dorogimedence.hu\/index.php\/wp-json\/wp\/v2\/comments?post=54515"}],"version-history":[{"count":0,"href":"https:\/\/dorogimedence.hu\/index.php\/wp-json\/wp\/v2\/posts\/54515\/revisions"}],"wp:attachment":[{"href":"https:\/\/dorogimedence.hu\/index.php\/wp-json\/wp\/v2\/media?parent=54515"}],"wp:term":[{"taxonomy":"category","embeddable":true,"href":"https:\/\/dorogimedence.hu\/index.php\/wp-json\/wp\/v2\/categories?post=54515"},{"taxonomy":"post_tag","embeddable":true,"href":"https:\/\/dorogimedence.hu\/index.php\/wp-json\/wp\/v2\/tags?post=54515"}],"curies":[{"name":"wp","href":"https:\/\/api.w.org\/{rel}","templated":true}]}}