{"id":54451,"date":"2023-06-26T17:46:27","date_gmt":"2023-06-26T15:46:27","guid":{"rendered":"https:\/\/dorogimedence.hu\/?p=54451"},"modified":"2023-06-26T17:47:25","modified_gmt":"2023-06-26T15:47:25","slug":"rekordok-doltek-meg-az-esztergomi-muzeumok-ejszakajan","status":"publish","type":"post","link":"https:\/\/dorogimedence.hu\/index.php\/2023\/06\/26\/rekordok-doltek-meg-az-esztergomi-muzeumok-ejszakajan\/","title":{"rendered":"Rekordok d\u0151ltek meg az esztergomi M\u00fazeumok \u00c9jszak\u00e1j\u00e1n"},"content":{"rendered":"<p><strong>J\u00fanius 24-\u00e9n tizenhetedik alkalommal rendezt\u00e9k meg a M\u00fazeumok \u00c9jszak\u00e1ja esem\u00e9nyt Esztergomban. A programokon \u00f6sszesen k\u00f6zel h\u00e9tezer l\u00e1togat\u00f3t regisztr\u00e1ltak, amivel rekordot d\u00f6nt\u00f6ttek.<\/strong><\/p>\n<p>Az \u00f6sszefog\u00e1s \u00e9s a k\u00f6z\u00f6s kommunik\u00e1ci\u00f3 folyt\u00e1n a f\u0151v\u00e1roson k\u00edv\u00fcl vid\u00e9ken szinte egyed\u00fcl\u00e1ll\u00f3 m\u00f3don Esztergomban siker\u00fcl m\u00e1r hossz\u00fa \u00e9vek \u00f3ta egy olyan \u00f6sszehangolt programot megval\u00f3s\u00edtani, melynek keret\u00e9ben egy \u00e9jszak\u00e1ra kinyit az \u00f6sszes helyi m\u00fazeum. A 12 ki\u00e1ll\u00edt\u00f3helyet id\u00e9n is mind\u00f6ssze egy karszalag megv\u00e1s\u00e1rl\u00e1s\u00e1val vehett\u00e9k ig\u00e9nybe a l\u00e1togat\u00f3k.<\/p>\n<p><img fetchpriority=\"high\" decoding=\"async\" class=\"alignnone size-full wp-image-54455\" src=\"https:\/\/dorogimedence.hu\/wp-content\/uploads\/2023\/06\/Duna-Muzeum.jpg\" alt=\"\" width=\"2048\" height=\"1365\" srcset=\"https:\/\/dorogimedence.hu\/wp-content\/uploads\/2023\/06\/Duna-Muzeum.jpg 2048w, https:\/\/dorogimedence.hu\/wp-content\/uploads\/2023\/06\/Duna-Muzeum-600x400.jpg 600w, https:\/\/dorogimedence.hu\/wp-content\/uploads\/2023\/06\/Duna-Muzeum-1920x1280.jpg 1920w, https:\/\/dorogimedence.hu\/wp-content\/uploads\/2023\/06\/Duna-Muzeum-768x512.jpg 768w, https:\/\/dorogimedence.hu\/wp-content\/uploads\/2023\/06\/Duna-Muzeum-1536x1024.jpg 1536w, https:\/\/dorogimedence.hu\/wp-content\/uploads\/2023\/06\/Duna-Muzeum-150x100.jpg 150w, https:\/\/dorogimedence.hu\/wp-content\/uploads\/2023\/06\/Duna-Muzeum-450x300.jpg 450w, https:\/\/dorogimedence.hu\/wp-content\/uploads\/2023\/06\/Duna-Muzeum-1200x800.jpg 1200w, https:\/\/dorogimedence.hu\/wp-content\/uploads\/2023\/06\/Duna-Muzeum-272x182.jpg 272w\" sizes=\"(max-width: 2048px) 100vw, 2048px\" \/><\/p>\n<p>Mintegy 6 \u00f3ra leforg\u00e1sa alatt 11 esztergomi \u00e9s 1 p\u00e1rk\u00e1nyi helysz\u00ednen t\u00f6bb mint 50 programot val\u00f3s\u00edtottak meg a M\u00fazeumok \u00c9jszak\u00e1ja keret\u00e9ben. A ki\u00e1ll\u00edt\u00f3helyeken \u00f6sszesen mintegy 2.500 karszalagot \u00e9rt\u00e9kes\u00edtettek \u00e9s a becsl\u00e9sek szerint k\u00f6zel 7.000 regisztr\u00e1lt l\u00e1togat\u00e1st jegyeztek. Az el\u0151zetes statisztik\u00e1k szerint az el\u0151z\u0151 \u00e9vhez k\u00e9pest 30%-kal t\u00f6bben vettek r\u00e9szt a programokon!<\/p>\n<p>A Richter Gedeon Nyrt. j\u00f3volt\u00e1b\u00f3l a ki\u00e1ll\u00edt\u00f3helyek k\u00f6z\u00f6tt 3 Dotto kisvonat seg\u00edtette az utaz\u00e1st, melyet a karszalaggal rendelkez\u0151k ingyenesen vehettek ig\u00e9nybe. A kisvonaton \u00f6sszesen k\u00f6zel 1.500 f\u0151 utazott, a j\u00e1rm\u0171vek pedig az \u00e9jszaka leforg\u00e1sa alatt 190 kilom\u00e9tert tettek meg.<\/p>\n<p><img decoding=\"async\" class=\"alignnone size-full wp-image-54456\" src=\"https:\/\/dorogimedence.hu\/wp-content\/uploads\/2023\/06\/Kereszteny-Muzeum.jpg\" alt=\"\" width=\"2048\" height=\"1365\" srcset=\"https:\/\/dorogimedence.hu\/wp-content\/uploads\/2023\/06\/Kereszteny-Muzeum.jpg 2048w, https:\/\/dorogimedence.hu\/wp-content\/uploads\/2023\/06\/Kereszteny-Muzeum-600x400.jpg 600w, https:\/\/dorogimedence.hu\/wp-content\/uploads\/2023\/06\/Kereszteny-Muzeum-1920x1280.jpg 1920w, https:\/\/dorogimedence.hu\/wp-content\/uploads\/2023\/06\/Kereszteny-Muzeum-768x512.jpg 768w, https:\/\/dorogimedence.hu\/wp-content\/uploads\/2023\/06\/Kereszteny-Muzeum-1536x1024.jpg 1536w, https:\/\/dorogimedence.hu\/wp-content\/uploads\/2023\/06\/Kereszteny-Muzeum-150x100.jpg 150w, https:\/\/dorogimedence.hu\/wp-content\/uploads\/2023\/06\/Kereszteny-Muzeum-450x300.jpg 450w, https:\/\/dorogimedence.hu\/wp-content\/uploads\/2023\/06\/Kereszteny-Muzeum-1200x800.jpg 1200w, https:\/\/dorogimedence.hu\/wp-content\/uploads\/2023\/06\/Kereszteny-Muzeum-272x182.jpg 272w\" sizes=\"(max-width: 2048px) 100vw, 2048px\" \/><\/p>\n<p>A programok igaz\u00e1n v\u00e1ltozatosak voltak, ez\u00e9rt a gyerekek \u00e9s a feln\u0151ttek is megtal\u00e1lt\u00e1k minden helysz\u00ednen a nekik legmegfelel\u0151bb ki\u00e1ll\u00edt\u00e1st, foglalkoz\u00e1st. A legn\u00e9pszer\u0171bb gyerekprogram a Duna M\u00fazeumban a Richter \u00e1ltal bemutatott tudom\u00e1nyos show volt, m\u00edg a feln\u0151ttek k\u00f6r\u00e9ben a Bazilika fel\u00faj\u00edt\u00e1sa sor\u00e1n a kupol\u00e1ban tal\u00e1lt II. vil\u00e1gh\u00e1bor\u00fas gr\u00e1n\u00e1t \u00fcnnep\u00e9lyes \u00e1tad\u00e1sa \u00e9s az ezt k\u00f6vet\u0151 el\u0151ad\u00e1s bizonyult a leg\u00e9rdekesebbnek. Fontos megeml\u00edteni, hogy a t\u0171zszer\u00e9szek sosem adj\u00e1k vissza az ilyen eszk\u00f6z\u00f6ket, azonban most kiv\u00e9telt tettek \u00e9s a hat\u00e1stalan\u00edt\u00e1s ut\u00e1n ki\u00e1ll\u00edt\u00e1s c\u00e9lj\u00e1b\u00f3l visszaadt\u00e1k az Esztergomi Bazilik\u00e1nak a 76 mm-es szovjet repeszgr\u00e1n\u00e1tot, ami k\u00f6zel nyolc \u00e9vtizedig szunnyadt a Bazilika kupol\u00e1j\u00e1ban.<\/p>\n<p><img decoding=\"async\" class=\"alignnone size-full wp-image-54453\" src=\"https:\/\/dorogimedence.hu\/wp-content\/uploads\/2023\/06\/Dr.-Torok-Csaba-az-Esztergomi-Bazilika-plebaniai-kormanyoja-atveszi-a-repeszgranatot.jpg\" alt=\"\" width=\"1920\" height=\"1281\" srcset=\"https:\/\/dorogimedence.hu\/wp-content\/uploads\/2023\/06\/Dr.-Torok-Csaba-az-Esztergomi-Bazilika-plebaniai-kormanyoja-atveszi-a-repeszgranatot.jpg 1920w, https:\/\/dorogimedence.hu\/wp-content\/uploads\/2023\/06\/Dr.-Torok-Csaba-az-Esztergomi-Bazilika-plebaniai-kormanyoja-atveszi-a-repeszgranatot-600x400.jpg 600w, https:\/\/dorogimedence.hu\/wp-content\/uploads\/2023\/06\/Dr.-Torok-Csaba-az-Esztergomi-Bazilika-plebaniai-kormanyoja-atveszi-a-repeszgranatot-768x512.jpg 768w, https:\/\/dorogimedence.hu\/wp-content\/uploads\/2023\/06\/Dr.-Torok-Csaba-az-Esztergomi-Bazilika-plebaniai-kormanyoja-atveszi-a-repeszgranatot-1536x1025.jpg 1536w, https:\/\/dorogimedence.hu\/wp-content\/uploads\/2023\/06\/Dr.-Torok-Csaba-az-Esztergomi-Bazilika-plebaniai-kormanyoja-atveszi-a-repeszgranatot-150x100.jpg 150w, https:\/\/dorogimedence.hu\/wp-content\/uploads\/2023\/06\/Dr.-Torok-Csaba-az-Esztergomi-Bazilika-plebaniai-kormanyoja-atveszi-a-repeszgranatot-450x300.jpg 450w, https:\/\/dorogimedence.hu\/wp-content\/uploads\/2023\/06\/Dr.-Torok-Csaba-az-Esztergomi-Bazilika-plebaniai-kormanyoja-atveszi-a-repeszgranatot-1200x801.jpg 1200w, https:\/\/dorogimedence.hu\/wp-content\/uploads\/2023\/06\/Dr.-Torok-Csaba-az-Esztergomi-Bazilika-plebaniai-kormanyoja-atveszi-a-repeszgranatot-272x182.jpg 272w\" sizes=\"(max-width: 1920px) 100vw, 1920px\" \/><\/p>\n<p>Tov\u00e1bb\u00e1 felkapottnak sz\u00e1m\u00edtott a V\u00e1rm\u00fazeum \u00e1ltal szervezett nyomoz\u00f3s program, a Lev\u00e9lt\u00e1r retro j\u00e1t\u00e9kklubbja, a Kereszt\u00e9ny M\u00fazeumban a renesz\u00e1nsz frizurak\u00e9sz\u00edt\u00e9s, a F\u0151sz\u00e9kesegyh\u00e1zi K\u00f6nyvt\u00e1r megsz\u00f3lal\u00f3 k\u00f3dexei \u00e9s K\u00f3kay Krisztina leny\u0171g\u00f6z\u0151 ki\u00e1ll\u00edt\u00e1sa. Mindemellett t\u00f6bben \u00e9rdekl\u0151dtek a P\u00e1rk\u00e1nyi V\u00e1rosi M\u00fazeumban Fuyu Yeh tajvani textilm\u0171v\u00e9sz \u00e9l\u0151ben k\u00e9sz\u00edtett falik\u00e1rpitj\u00e1ra \u00e9s a Geoda Interakt\u00edv \u00c1sv\u00e1ny- \u00e9s \u0150sl\u00e9nyki\u00e1ll\u00edt\u00e1s aranymos\u00e1s programj\u00e1ra.<\/p>\n<p><img loading=\"lazy\" decoding=\"async\" class=\"alignnone size-full wp-image-54454\" src=\"https:\/\/dorogimedence.hu\/wp-content\/uploads\/2023\/06\/Fuyu-Yeh-tajvani-textilmuvesz.jpg\" alt=\"\" width=\"1920\" height=\"1280\" srcset=\"https:\/\/dorogimedence.hu\/wp-content\/uploads\/2023\/06\/Fuyu-Yeh-tajvani-textilmuvesz.jpg 1920w, https:\/\/dorogimedence.hu\/wp-content\/uploads\/2023\/06\/Fuyu-Yeh-tajvani-textilmuvesz-600x400.jpg 600w, https:\/\/dorogimedence.hu\/wp-content\/uploads\/2023\/06\/Fuyu-Yeh-tajvani-textilmuvesz-768x512.jpg 768w, https:\/\/dorogimedence.hu\/wp-content\/uploads\/2023\/06\/Fuyu-Yeh-tajvani-textilmuvesz-1536x1024.jpg 1536w, https:\/\/dorogimedence.hu\/wp-content\/uploads\/2023\/06\/Fuyu-Yeh-tajvani-textilmuvesz-150x100.jpg 150w, https:\/\/dorogimedence.hu\/wp-content\/uploads\/2023\/06\/Fuyu-Yeh-tajvani-textilmuvesz-450x300.jpg 450w, https:\/\/dorogimedence.hu\/wp-content\/uploads\/2023\/06\/Fuyu-Yeh-tajvani-textilmuvesz-1200x800.jpg 1200w, https:\/\/dorogimedence.hu\/wp-content\/uploads\/2023\/06\/Fuyu-Yeh-tajvani-textilmuvesz-272x182.jpg 272w\" sizes=\"(max-width: 1920px) 100vw, 1920px\" \/><\/p>\n<p>A v\u00e1rudvarban finom vacsor\u00e1val, m\u00edg a Duna M\u00fazeumban ingyenes friss\u00edt\u0151kkel \u00e9s fergeteges z\u00e1r\u00f3koncerttel v\u00e1rt\u00e1k a l\u00e1togat\u00f3kat!<\/p>\n","protected":false},"excerpt":{"rendered":"<p>J\u00fanius 24-\u00e9n tizenhetedik alkalommal rendezt\u00e9k meg a M\u00fazeumok \u00c9jszak\u00e1ja esem\u00e9nyt Esztergomban. A programokon \u00f6sszesen k\u00f6zel h\u00e9tezer l\u00e1togat\u00f3t regisztr\u00e1ltak, amivel rekordot d\u00f6nt\u00f6ttek. Az \u00f6sszefog\u00e1s \u00e9s a k\u00f6z\u00f6s kommunik\u00e1ci\u00f3 folyt\u00e1n a f\u0151v\u00e1roson k\u00edv\u00fcl vid\u00e9ken szinte egyed\u00fcl\u00e1ll\u00f3 m\u00f3don Esztergomban siker\u00fcl m\u00e1r hossz\u00fa \u00e9vek \u00f3ta egy olyan \u00f6sszehangolt programot megval\u00f3s\u00edtani, melynek keret\u00e9ben egy \u00e9jszak\u00e1ra kinyit az \u00f6sszes helyi m\u00fazeum.<\/p>\n","protected":false},"author":1,"featured_media":54452,"comment_status":"closed","ping_status":"closed","sticky":false,"template":"","format":"standard","meta":{"ngg_post_thumbnail":0,"footnotes":""},"categories":[38,3],"tags":[42,5624,1709,1167,101],"class_list":{"0":"post-54451","1":"post","2":"type-post","3":"status-publish","4":"format-standard","5":"has-post-thumbnail","7":"category-esztergom","8":"category-hirek","9":"tag-esztergom","10":"tag-featured","11":"tag-muzeum","12":"tag-muzeumok-ejszakaja","13":"tag-program"},"yoast_head":"<!-- This site is optimized with the Yoast SEO plugin v27.4 - https:\/\/yoast.com\/product\/yoast-seo-wordpress\/ -->\n<title>Rekordok d\u0151ltek meg az esztergomi M\u00fazeumok \u00c9jszak\u00e1j\u00e1n<\/title>\n<meta name=\"robots\" content=\"index, follow, max-snippet:-1, max-image-preview:large, max-video-preview:-1\" \/>\n<link rel=\"canonical\" href=\"https:\/\/dorogimedence.hu\/index.php\/2023\/06\/26\/rekordok-doltek-meg-az-esztergomi-muzeumok-ejszakajan\/\" class=\"yoast-seo-meta-tag\" \/>\n<meta property=\"og:locale\" content=\"hu_HU\" class=\"yoast-seo-meta-tag\" \/>\n<meta property=\"og:type\" content=\"article\" class=\"yoast-seo-meta-tag\" \/>\n<meta property=\"og:title\" content=\"Rekordok d\u0151ltek meg az esztergomi M\u00fazeumok \u00c9jszak\u00e1j\u00e1n\" class=\"yoast-seo-meta-tag\" \/>\n<meta property=\"og:description\" content=\"J\u00fanius 24-\u00e9n tizenhetedik alkalommal rendezt\u00e9k meg a M\u00fazeumok \u00c9jszak\u00e1ja esem\u00e9nyt Esztergomban. A programokon \u00f6sszesen k\u00f6zel h\u00e9tezer l\u00e1togat\u00f3t regisztr\u00e1ltak, amivel rekordot d\u00f6nt\u00f6ttek. Az \u00f6sszefog\u00e1s \u00e9s a k\u00f6z\u00f6s kommunik\u00e1ci\u00f3 folyt\u00e1n a f\u0151v\u00e1roson k\u00edv\u00fcl vid\u00e9ken szinte egyed\u00fcl\u00e1ll\u00f3 m\u00f3don Esztergomban siker\u00fcl m\u00e1r hossz\u00fa \u00e9vek \u00f3ta egy olyan \u00f6sszehangolt programot megval\u00f3s\u00edtani, melynek keret\u00e9ben egy \u00e9jszak\u00e1ra kinyit az \u00f6sszes helyi m\u00fazeum.\" class=\"yoast-seo-meta-tag\" \/>\n<meta property=\"og:url\" content=\"https:\/\/dorogimedence.hu\/index.php\/2023\/06\/26\/rekordok-doltek-meg-az-esztergomi-muzeumok-ejszakajan\/\" class=\"yoast-seo-meta-tag\" \/>\n<meta property=\"og:site_name\" content=\"Dorogi-medence Region\u00e1lis H\u00edrport\u00e1l\" class=\"yoast-seo-meta-tag\" \/>\n<meta property=\"article:publisher\" content=\"https:\/\/www.facebook.com\/dorogimedence\/\" class=\"yoast-seo-meta-tag\" \/>\n<meta property=\"article:published_time\" content=\"2023-06-26T15:46:27+00:00\" class=\"yoast-seo-meta-tag\" \/>\n<meta property=\"article:modified_time\" content=\"2023-06-26T15:47:25+00:00\" class=\"yoast-seo-meta-tag\" \/>\n<meta property=\"og:image\" content=\"https:\/\/dorogimedence.hu\/wp-content\/uploads\/2023\/06\/muzej-01.jpg\" class=\"yoast-seo-meta-tag\" \/>\n\t<meta property=\"og:image:width\" content=\"1920\" class=\"yoast-seo-meta-tag\" \/>\n\t<meta property=\"og:image:height\" content=\"970\" class=\"yoast-seo-meta-tag\" \/>\n\t<meta property=\"og:image:type\" content=\"image\/jpeg\" class=\"yoast-seo-meta-tag\" \/>\n<meta name=\"author\" content=\"dorogimedence.hu\" class=\"yoast-seo-meta-tag\" \/>\n<meta name=\"twitter:card\" content=\"summary_large_image\" class=\"yoast-seo-meta-tag\" \/>\n<meta name=\"twitter:label1\" content=\"Szerz\u0151:\" class=\"yoast-seo-meta-tag\" \/>\n\t<meta name=\"twitter:data1\" content=\"dorogimedence.hu\" class=\"yoast-seo-meta-tag\" \/>\n\t<meta name=\"twitter:label2\" content=\"Becs\u00fclt olvas\u00e1si id\u0151\" class=\"yoast-seo-meta-tag\" \/>\n\t<meta name=\"twitter:data2\" content=\"3 perc\" class=\"yoast-seo-meta-tag\" \/>\n<script type=\"application\/ld+json\" class=\"yoast-schema-graph\">{\"@context\":\"https:\\\/\\\/schema.org\",\"@graph\":[{\"@type\":\"Article\",\"@id\":\"https:\\\/\\\/dorogimedence.hu\\\/index.php\\\/2023\\\/06\\\/26\\\/rekordok-doltek-meg-az-esztergomi-muzeumok-ejszakajan\\\/#article\",\"isPartOf\":{\"@id\":\"https:\\\/\\\/dorogimedence.hu\\\/index.php\\\/2023\\\/06\\\/26\\\/rekordok-doltek-meg-az-esztergomi-muzeumok-ejszakajan\\\/\"},\"author\":{\"name\":\"dorogimedence.hu\",\"@id\":\"https:\\\/\\\/dorogimedence.hu\\\/#\\\/schema\\\/person\\\/ce6091eeb7e95ecdc87890d6aa8e0fd4\"},\"headline\":\"Rekordok d\u0151ltek meg az esztergomi M\u00fazeumok \u00c9jszak\u00e1j\u00e1n\",\"datePublished\":\"2023-06-26T15:46:27+00:00\",\"dateModified\":\"2023-06-26T15:47:25+00:00\",\"mainEntityOfPage\":{\"@id\":\"https:\\\/\\\/dorogimedence.hu\\\/index.php\\\/2023\\\/06\\\/26\\\/rekordok-doltek-meg-az-esztergomi-muzeumok-ejszakajan\\\/\"},\"wordCount\":533,\"publisher\":{\"@id\":\"https:\\\/\\\/dorogimedence.hu\\\/#organization\"},\"image\":{\"@id\":\"https:\\\/\\\/dorogimedence.hu\\\/index.php\\\/2023\\\/06\\\/26\\\/rekordok-doltek-meg-az-esztergomi-muzeumok-ejszakajan\\\/#primaryimage\"},\"thumbnailUrl\":\"https:\\\/\\\/dorogimedence.hu\\\/wp-content\\\/uploads\\\/2023\\\/06\\\/muzej-01.jpg\",\"keywords\":[\"esztergom\",\"featured\",\"m\u00fazeum\",\"M\u00fazeumok \u00c9jszak\u00e1ja\",\"program\"],\"articleSection\":[\"Esztergom\",\"H\u00edrek\"],\"inLanguage\":\"hu\"},{\"@type\":\"WebPage\",\"@id\":\"https:\\\/\\\/dorogimedence.hu\\\/index.php\\\/2023\\\/06\\\/26\\\/rekordok-doltek-meg-az-esztergomi-muzeumok-ejszakajan\\\/\",\"url\":\"https:\\\/\\\/dorogimedence.hu\\\/index.php\\\/2023\\\/06\\\/26\\\/rekordok-doltek-meg-az-esztergomi-muzeumok-ejszakajan\\\/\",\"name\":\"Rekordok d\u0151ltek meg az esztergomi M\u00fazeumok \u00c9jszak\u00e1j\u00e1n\",\"isPartOf\":{\"@id\":\"https:\\\/\\\/dorogimedence.hu\\\/#website\"},\"primaryImageOfPage\":{\"@id\":\"https:\\\/\\\/dorogimedence.hu\\\/index.php\\\/2023\\\/06\\\/26\\\/rekordok-doltek-meg-az-esztergomi-muzeumok-ejszakajan\\\/#primaryimage\"},\"image\":{\"@id\":\"https:\\\/\\\/dorogimedence.hu\\\/index.php\\\/2023\\\/06\\\/26\\\/rekordok-doltek-meg-az-esztergomi-muzeumok-ejszakajan\\\/#primaryimage\"},\"thumbnailUrl\":\"https:\\\/\\\/dorogimedence.hu\\\/wp-content\\\/uploads\\\/2023\\\/06\\\/muzej-01.jpg\",\"datePublished\":\"2023-06-26T15:46:27+00:00\",\"dateModified\":\"2023-06-26T15:47:25+00:00\",\"breadcrumb\":{\"@id\":\"https:\\\/\\\/dorogimedence.hu\\\/index.php\\\/2023\\\/06\\\/26\\\/rekordok-doltek-meg-az-esztergomi-muzeumok-ejszakajan\\\/#breadcrumb\"},\"inLanguage\":\"hu\",\"potentialAction\":[{\"@type\":\"ReadAction\",\"target\":[\"https:\\\/\\\/dorogimedence.hu\\\/index.php\\\/2023\\\/06\\\/26\\\/rekordok-doltek-meg-az-esztergomi-muzeumok-ejszakajan\\\/\"]}]},{\"@type\":\"ImageObject\",\"inLanguage\":\"hu\",\"@id\":\"https:\\\/\\\/dorogimedence.hu\\\/index.php\\\/2023\\\/06\\\/26\\\/rekordok-doltek-meg-az-esztergomi-muzeumok-ejszakajan\\\/#primaryimage\",\"url\":\"https:\\\/\\\/dorogimedence.hu\\\/wp-content\\\/uploads\\\/2023\\\/06\\\/muzej-01.jpg\",\"contentUrl\":\"https:\\\/\\\/dorogimedence.hu\\\/wp-content\\\/uploads\\\/2023\\\/06\\\/muzej-01.jpg\",\"width\":1920,\"height\":970},{\"@type\":\"BreadcrumbList\",\"@id\":\"https:\\\/\\\/dorogimedence.hu\\\/index.php\\\/2023\\\/06\\\/26\\\/rekordok-doltek-meg-az-esztergomi-muzeumok-ejszakajan\\\/#breadcrumb\",\"itemListElement\":[{\"@type\":\"ListItem\",\"position\":1,\"name\":\"Kezd\u0151lap\",\"item\":\"https:\\\/\\\/dorogimedence.hu\\\/\"},{\"@type\":\"ListItem\",\"position\":2,\"name\":\"Rekordok d\u0151ltek meg az esztergomi M\u00fazeumok \u00c9jszak\u00e1j\u00e1n\"}]},{\"@type\":\"WebSite\",\"@id\":\"https:\\\/\\\/dorogimedence.hu\\\/#website\",\"url\":\"https:\\\/\\\/dorogimedence.hu\\\/\",\"name\":\"Dorogi-medence Region\u00e1lis H\u00edrport\u00e1l\",\"description\":\"Dorog, Keszt\u00f6lc, Le\u00e1nyv\u00e1r, Piliscs\u00e9v, Tokod, Tokodalt\u00e1r\u00f3, Csolnok, Esztergom-kertv\u00e1ros: h\u00edrek, programok\",\"publisher\":{\"@id\":\"https:\\\/\\\/dorogimedence.hu\\\/#organization\"},\"potentialAction\":[{\"@type\":\"SearchAction\",\"target\":{\"@type\":\"EntryPoint\",\"urlTemplate\":\"https:\\\/\\\/dorogimedence.hu\\\/?s={search_term_string}\"},\"query-input\":{\"@type\":\"PropertyValueSpecification\",\"valueRequired\":true,\"valueName\":\"search_term_string\"}}],\"inLanguage\":\"hu\"},{\"@type\":\"Organization\",\"@id\":\"https:\\\/\\\/dorogimedence.hu\\\/#organization\",\"name\":\"Dorogi-medence Region\u00e1lis H\u00edrport\u00e1l\",\"url\":\"https:\\\/\\\/dorogimedence.hu\\\/\",\"logo\":{\"@type\":\"ImageObject\",\"inLanguage\":\"hu\",\"@id\":\"https:\\\/\\\/dorogimedence.hu\\\/#\\\/schema\\\/logo\\\/image\\\/\",\"url\":\"https:\\\/\\\/dorogimedence.hu\\\/wp-content\\\/uploads\\\/2021\\\/04\\\/logo-feher-600.png\",\"contentUrl\":\"https:\\\/\\\/dorogimedence.hu\\\/wp-content\\\/uploads\\\/2021\\\/04\\\/logo-feher-600.png\",\"width\":600,\"height\":100,\"caption\":\"Dorogi-medence Region\u00e1lis H\u00edrport\u00e1l\"},\"image\":{\"@id\":\"https:\\\/\\\/dorogimedence.hu\\\/#\\\/schema\\\/logo\\\/image\\\/\"},\"sameAs\":[\"https:\\\/\\\/www.facebook.com\\\/dorogimedence\\\/\"]},{\"@type\":\"Person\",\"@id\":\"https:\\\/\\\/dorogimedence.hu\\\/#\\\/schema\\\/person\\\/ce6091eeb7e95ecdc87890d6aa8e0fd4\",\"name\":\"dorogimedence.hu\",\"image\":{\"@type\":\"ImageObject\",\"inLanguage\":\"hu\",\"@id\":\"\\\/\\\/www.gravatar.com\\\/avatar\\\/d8d45f8901aadff40a4af72c0b826f1d?s=96&#038;r=g&#038;d=mm\",\"url\":\"\\\/\\\/www.gravatar.com\\\/avatar\\\/d8d45f8901aadff40a4af72c0b826f1d?s=96&#038;r=g&#038;d=mm\",\"contentUrl\":\"\\\/\\\/www.gravatar.com\\\/avatar\\\/d8d45f8901aadff40a4af72c0b826f1d?s=96&#038;r=g&#038;d=mm\",\"caption\":\"dorogimedence.hu\"}}]}<\/script>\n<!-- \/ Yoast SEO plugin. -->","yoast_head_json":{"title":"Rekordok d\u0151ltek meg az esztergomi M\u00fazeumok \u00c9jszak\u00e1j\u00e1n","robots":{"index":"index","follow":"follow","max-snippet":"max-snippet:-1","max-image-preview":"max-image-preview:large","max-video-preview":"max-video-preview:-1"},"canonical":"https:\/\/dorogimedence.hu\/index.php\/2023\/06\/26\/rekordok-doltek-meg-az-esztergomi-muzeumok-ejszakajan\/","og_locale":"hu_HU","og_type":"article","og_title":"Rekordok d\u0151ltek meg az esztergomi M\u00fazeumok \u00c9jszak\u00e1j\u00e1n","og_description":"J\u00fanius 24-\u00e9n tizenhetedik alkalommal rendezt\u00e9k meg a M\u00fazeumok \u00c9jszak\u00e1ja esem\u00e9nyt Esztergomban. A programokon \u00f6sszesen k\u00f6zel h\u00e9tezer l\u00e1togat\u00f3t regisztr\u00e1ltak, amivel rekordot d\u00f6nt\u00f6ttek. Az \u00f6sszefog\u00e1s \u00e9s a k\u00f6z\u00f6s kommunik\u00e1ci\u00f3 folyt\u00e1n a f\u0151v\u00e1roson k\u00edv\u00fcl vid\u00e9ken szinte egyed\u00fcl\u00e1ll\u00f3 m\u00f3don Esztergomban siker\u00fcl m\u00e1r hossz\u00fa \u00e9vek \u00f3ta egy olyan \u00f6sszehangolt programot megval\u00f3s\u00edtani, melynek keret\u00e9ben egy \u00e9jszak\u00e1ra kinyit az \u00f6sszes helyi m\u00fazeum.","og_url":"https:\/\/dorogimedence.hu\/index.php\/2023\/06\/26\/rekordok-doltek-meg-az-esztergomi-muzeumok-ejszakajan\/","og_site_name":"Dorogi-medence Region\u00e1lis H\u00edrport\u00e1l","article_publisher":"https:\/\/www.facebook.com\/dorogimedence\/","article_published_time":"2023-06-26T15:46:27+00:00","article_modified_time":"2023-06-26T15:47:25+00:00","og_image":[{"width":1920,"height":970,"url":"https:\/\/dorogimedence.hu\/wp-content\/uploads\/2023\/06\/muzej-01.jpg","type":"image\/jpeg"}],"author":"dorogimedence.hu","twitter_card":"summary_large_image","twitter_misc":{"Szerz\u0151:":"dorogimedence.hu","Becs\u00fclt olvas\u00e1si id\u0151":"3 perc"},"schema":{"@context":"https:\/\/schema.org","@graph":[{"@type":"Article","@id":"https:\/\/dorogimedence.hu\/index.php\/2023\/06\/26\/rekordok-doltek-meg-az-esztergomi-muzeumok-ejszakajan\/#article","isPartOf":{"@id":"https:\/\/dorogimedence.hu\/index.php\/2023\/06\/26\/rekordok-doltek-meg-az-esztergomi-muzeumok-ejszakajan\/"},"author":{"name":"dorogimedence.hu","@id":"https:\/\/dorogimedence.hu\/#\/schema\/person\/ce6091eeb7e95ecdc87890d6aa8e0fd4"},"headline":"Rekordok d\u0151ltek meg az esztergomi M\u00fazeumok \u00c9jszak\u00e1j\u00e1n","datePublished":"2023-06-26T15:46:27+00:00","dateModified":"2023-06-26T15:47:25+00:00","mainEntityOfPage":{"@id":"https:\/\/dorogimedence.hu\/index.php\/2023\/06\/26\/rekordok-doltek-meg-az-esztergomi-muzeumok-ejszakajan\/"},"wordCount":533,"publisher":{"@id":"https:\/\/dorogimedence.hu\/#organization"},"image":{"@id":"https:\/\/dorogimedence.hu\/index.php\/2023\/06\/26\/rekordok-doltek-meg-az-esztergomi-muzeumok-ejszakajan\/#primaryimage"},"thumbnailUrl":"https:\/\/dorogimedence.hu\/wp-content\/uploads\/2023\/06\/muzej-01.jpg","keywords":["esztergom","featured","m\u00fazeum","M\u00fazeumok \u00c9jszak\u00e1ja","program"],"articleSection":["Esztergom","H\u00edrek"],"inLanguage":"hu"},{"@type":"WebPage","@id":"https:\/\/dorogimedence.hu\/index.php\/2023\/06\/26\/rekordok-doltek-meg-az-esztergomi-muzeumok-ejszakajan\/","url":"https:\/\/dorogimedence.hu\/index.php\/2023\/06\/26\/rekordok-doltek-meg-az-esztergomi-muzeumok-ejszakajan\/","name":"Rekordok d\u0151ltek meg az esztergomi M\u00fazeumok \u00c9jszak\u00e1j\u00e1n","isPartOf":{"@id":"https:\/\/dorogimedence.hu\/#website"},"primaryImageOfPage":{"@id":"https:\/\/dorogimedence.hu\/index.php\/2023\/06\/26\/rekordok-doltek-meg-az-esztergomi-muzeumok-ejszakajan\/#primaryimage"},"image":{"@id":"https:\/\/dorogimedence.hu\/index.php\/2023\/06\/26\/rekordok-doltek-meg-az-esztergomi-muzeumok-ejszakajan\/#primaryimage"},"thumbnailUrl":"https:\/\/dorogimedence.hu\/wp-content\/uploads\/2023\/06\/muzej-01.jpg","datePublished":"2023-06-26T15:46:27+00:00","dateModified":"2023-06-26T15:47:25+00:00","breadcrumb":{"@id":"https:\/\/dorogimedence.hu\/index.php\/2023\/06\/26\/rekordok-doltek-meg-az-esztergomi-muzeumok-ejszakajan\/#breadcrumb"},"inLanguage":"hu","potentialAction":[{"@type":"ReadAction","target":["https:\/\/dorogimedence.hu\/index.php\/2023\/06\/26\/rekordok-doltek-meg-az-esztergomi-muzeumok-ejszakajan\/"]}]},{"@type":"ImageObject","inLanguage":"hu","@id":"https:\/\/dorogimedence.hu\/index.php\/2023\/06\/26\/rekordok-doltek-meg-az-esztergomi-muzeumok-ejszakajan\/#primaryimage","url":"https:\/\/dorogimedence.hu\/wp-content\/uploads\/2023\/06\/muzej-01.jpg","contentUrl":"https:\/\/dorogimedence.hu\/wp-content\/uploads\/2023\/06\/muzej-01.jpg","width":1920,"height":970},{"@type":"BreadcrumbList","@id":"https:\/\/dorogimedence.hu\/index.php\/2023\/06\/26\/rekordok-doltek-meg-az-esztergomi-muzeumok-ejszakajan\/#breadcrumb","itemListElement":[{"@type":"ListItem","position":1,"name":"Kezd\u0151lap","item":"https:\/\/dorogimedence.hu\/"},{"@type":"ListItem","position":2,"name":"Rekordok d\u0151ltek meg az esztergomi M\u00fazeumok \u00c9jszak\u00e1j\u00e1n"}]},{"@type":"WebSite","@id":"https:\/\/dorogimedence.hu\/#website","url":"https:\/\/dorogimedence.hu\/","name":"Dorogi-medence Region\u00e1lis H\u00edrport\u00e1l","description":"Dorog, Keszt\u00f6lc, Le\u00e1nyv\u00e1r, Piliscs\u00e9v, Tokod, Tokodalt\u00e1r\u00f3, Csolnok, Esztergom-kertv\u00e1ros: h\u00edrek, programok","publisher":{"@id":"https:\/\/dorogimedence.hu\/#organization"},"potentialAction":[{"@type":"SearchAction","target":{"@type":"EntryPoint","urlTemplate":"https:\/\/dorogimedence.hu\/?s={search_term_string}"},"query-input":{"@type":"PropertyValueSpecification","valueRequired":true,"valueName":"search_term_string"}}],"inLanguage":"hu"},{"@type":"Organization","@id":"https:\/\/dorogimedence.hu\/#organization","name":"Dorogi-medence Region\u00e1lis H\u00edrport\u00e1l","url":"https:\/\/dorogimedence.hu\/","logo":{"@type":"ImageObject","inLanguage":"hu","@id":"https:\/\/dorogimedence.hu\/#\/schema\/logo\/image\/","url":"https:\/\/dorogimedence.hu\/wp-content\/uploads\/2021\/04\/logo-feher-600.png","contentUrl":"https:\/\/dorogimedence.hu\/wp-content\/uploads\/2021\/04\/logo-feher-600.png","width":600,"height":100,"caption":"Dorogi-medence Region\u00e1lis H\u00edrport\u00e1l"},"image":{"@id":"https:\/\/dorogimedence.hu\/#\/schema\/logo\/image\/"},"sameAs":["https:\/\/www.facebook.com\/dorogimedence\/"]},{"@type":"Person","@id":"https:\/\/dorogimedence.hu\/#\/schema\/person\/ce6091eeb7e95ecdc87890d6aa8e0fd4","name":"dorogimedence.hu","image":{"@type":"ImageObject","inLanguage":"hu","@id":"\/\/www.gravatar.com\/avatar\/d8d45f8901aadff40a4af72c0b826f1d?s=96&#038;r=g&#038;d=mm","url":"\/\/www.gravatar.com\/avatar\/d8d45f8901aadff40a4af72c0b826f1d?s=96&#038;r=g&#038;d=mm","contentUrl":"\/\/www.gravatar.com\/avatar\/d8d45f8901aadff40a4af72c0b826f1d?s=96&#038;r=g&#038;d=mm","caption":"dorogimedence.hu"}}]}},"_links":{"self":[{"href":"https:\/\/dorogimedence.hu\/index.php\/wp-json\/wp\/v2\/posts\/54451","targetHints":{"allow":["GET"]}}],"collection":[{"href":"https:\/\/dorogimedence.hu\/index.php\/wp-json\/wp\/v2\/posts"}],"about":[{"href":"https:\/\/dorogimedence.hu\/index.php\/wp-json\/wp\/v2\/types\/post"}],"author":[{"embeddable":true,"href":"https:\/\/dorogimedence.hu\/index.php\/wp-json\/wp\/v2\/users\/1"}],"replies":[{"embeddable":true,"href":"https:\/\/dorogimedence.hu\/index.php\/wp-json\/wp\/v2\/comments?post=54451"}],"version-history":[{"count":0,"href":"https:\/\/dorogimedence.hu\/index.php\/wp-json\/wp\/v2\/posts\/54451\/revisions"}],"wp:featuredmedia":[{"embeddable":true,"href":"https:\/\/dorogimedence.hu\/index.php\/wp-json\/wp\/v2\/media\/54452"}],"wp:attachment":[{"href":"https:\/\/dorogimedence.hu\/index.php\/wp-json\/wp\/v2\/media?parent=54451"}],"wp:term":[{"taxonomy":"category","embeddable":true,"href":"https:\/\/dorogimedence.hu\/index.php\/wp-json\/wp\/v2\/categories?post=54451"},{"taxonomy":"post_tag","embeddable":true,"href":"https:\/\/dorogimedence.hu\/index.php\/wp-json\/wp\/v2\/tags?post=54451"}],"curies":[{"name":"wp","href":"https:\/\/api.w.org\/{rel}","templated":true}]}}