{"id":54430,"date":"2023-06-26T12:09:34","date_gmt":"2023-06-26T10:09:34","guid":{"rendered":"https:\/\/dorogimedence.hu\/?p=54430"},"modified":"2023-06-26T12:19:13","modified_gmt":"2023-06-26T10:19:13","slug":"grandiozus-makett-az-esztergomi-bazilikaban","status":"publish","type":"post","link":"https:\/\/dorogimedence.hu\/index.php\/2023\/06\/26\/grandiozus-makett-az-esztergomi-bazilikaban\/","title":{"rendered":"Grandi\u00f3zus makett az Esztergomi Bazilik\u00e1ban"},"content":{"rendered":"<p><strong>Caput, mater et magistra c\u00edmmel ny\u00edlt \u00e1lland\u00f3 ki\u00e1ll\u00edt\u00e1s az esztergomi bazilika \u00e9p\u00edt\u00e9s\u00e9nek t\u00f6rt\u00e9net\u00e9r\u0151l j\u00fanius 23-\u00e1n a F\u0151sz\u00e9kesegyh\u00e1zi Kincst\u00e1r orat\u00f3riumterm\u00e9ben<\/strong> <em>&#8211; \u00edrja a <a href=\"https:\/\/www.magyarkurir.hu\/hirek\/grandiozus-makett-az-epitestorteneti-tarlaton-allando-kiallitas-nyilt-az-esztergomi-bazilikaban\" target=\"_blank\" rel=\"noopener\"><span style=\"text-decoration: underline; color: #0000ff;\">Magyar Kur\u00edr<\/span><\/a>.<\/em><\/p>\n<p>A megnyit\u00f3 \u00fcnneps\u00e9get Magyarorsz\u00e1g valamennyi templom\u00e1nak feje, anyja \u00e9s tan\u00edt\u00f3mestere (latinul: caput, mater et magistra), az esztergomi bazilika bels\u0151 ter\u00e9ben tartott\u00e1k meg.<\/p>\n<p>A kincst\u00e1r orat\u00f3riumterm\u00e9nek sz\u0171k\u00f6ss\u00e9ge volt az \u00e9szszer\u0171 indok, de a helysz\u00edn megv\u00e1laszt\u00e1sa egy\u00fattal&nbsp;\u2013 t\u00f6bb mint&nbsp;\u2013 jelk\u00e9pes is, hiszen, mint k\u00f6zismert, \u00e9p\u00edt\u00e9szett\u00f6rt\u00e9neti jelent\u0151s\u00e9g\u0171 fel\u00faj\u00edt\u00e1s zajlik a hatalmas templomon bel\u00fcl \u00e9s k\u00edv\u00fcl.<\/p>\n<p>A ki\u00e1ll\u00edt\u00e1smegnyit\u00f3n Kov\u00e1ts P\u00e9ter orgonam\u0171v\u00e9sz az <em>Esztergomi mise<\/em> szez\u0151j\u00e9re eml\u00e9keztetve hallgat\u00f3s\u00e1g\u00e1t Liszt-m\u0171vekb\u0151l adott el\u0151 r\u00e9szleteket \u2013 ez\u00fattal nem a nagy orgon\u00e1n, hiszen a hangszert m\u00e9g restaur\u00e1lj\u00e1k.<\/p>\n<p><img fetchpriority=\"high\" decoding=\"async\" class=\"alignnone size-full wp-image-54433\" src=\"https:\/\/dorogimedence.hu\/wp-content\/uploads\/2023\/06\/img2.jpg\" alt=\"\" width=\"1500\" height=\"1000\" srcset=\"https:\/\/dorogimedence.hu\/wp-content\/uploads\/2023\/06\/img2.jpg 1500w, https:\/\/dorogimedence.hu\/wp-content\/uploads\/2023\/06\/img2-600x400.jpg 600w, https:\/\/dorogimedence.hu\/wp-content\/uploads\/2023\/06\/img2-768x512.jpg 768w, https:\/\/dorogimedence.hu\/wp-content\/uploads\/2023\/06\/img2-150x100.jpg 150w, https:\/\/dorogimedence.hu\/wp-content\/uploads\/2023\/06\/img2-450x300.jpg 450w, https:\/\/dorogimedence.hu\/wp-content\/uploads\/2023\/06\/img2-1200x800.jpg 1200w, https:\/\/dorogimedence.hu\/wp-content\/uploads\/2023\/06\/img2-272x182.jpg 272w\" sizes=\"(max-width: 1500px) 100vw, 1500px\" \/><\/p>\n<p>A zenei kompoz\u00edci\u00f3, az emelkedett el\u0151ad\u00e1s megrend\u00edt\u0151 ellenpontk\u00e9nt hangzott fel az \u00e9p\u00edt\u00e9si ter\u00fclett\u00e9 v\u00e1lt Bazilikai mili\u0151ben: a f\u00e9lretolt talicsk\u00e1k, felt\u00f6rt j\u00e1r\u00f3lapok, elny\u00faltan k\u00edgy\u00f3z\u00f3 cs\u00f6vek, \u00e1llv\u00e1nyok, a por \u00e9s homok, a betonsz\u00fcrke zs\u00e1kokba csomagolt szobrok k\u00f6z\u00f6tt a m\u0171v\u00e9szet s\u00f3hajak\u00e9nt, a rem\u00e9ny hordoz\u00f3jak\u00e9nt.<\/p>\n<p>A templomt\u00e9rben \u00e9ppen a szent\u00e9ly \u00e9s a padl\u00f3zat fel\u00faj\u00edt\u00e1sa zajlik. J\u00f3 h\u00edr, hogy a Bazilik\u00e1ban nem terveznek teljes lez\u00e1r\u00e1st, h\u0151si k\u00fczdelem folyik itt a hit\u00e9let\u00e9rt, a templom \u201elelk\u00e9\u00e9rt\u201d, valamint az idel\u00e1togat\u00f3k, a turist\u00e1k figyelm\u00e9\u00e9rt, amely lankadatlan, s ez \u00f6rvendetes.<\/p>\n<p>A megnyit\u00f3 \u00fcnnepi alkalm\u00e1n a ki\u00e1ll\u00edt\u00e1s helysz\u00edn\u00e9re a szent\u00e9ly kibontott padl\u00f3zata felett h\u00faz\u00f3d\u00f3 hossz\u00fa \u00e1llv\u00e1nyh\u00eddon kellett \u00e1thaladniuk a v\u00e1llalkoz\u00f3 kedv\u0171eknek. T\u00f6r\u00f6k Csaba pl\u00e9b\u00e1niai korm\u00e1nyz\u00f3 a saj\u00e1tos helyzet el\u0151ny\u00e9re mutatott r\u00e1, a jelenl\u00e9v\u0151k figyelm\u00e9be aj\u00e1nlva egy \u2013 az \u00e1llv\u00e1nyzatr\u00f3l (a pl\u00e9b\u00e1nos \u201es\u00f3hajok h\u00eddj\u00e1nak\u201d nevezte) j\u00f3l megfigyelhet\u0151 \u2013 homokkal besz\u00f3rt kis ter\u00fcletet: mint mondta, ez alatt tal\u00e1lhat\u00f3 a bazilika alapk\u00f6ve, amelyet 1822. \u00e1prilis 23-\u00e1n helyeztek el.<\/p>\n<p><img decoding=\"async\" class=\"alignnone size-full wp-image-54434\" src=\"https:\/\/dorogimedence.hu\/wp-content\/uploads\/2023\/06\/img3.jpg\" alt=\"\" width=\"1500\" height=\"1000\" srcset=\"https:\/\/dorogimedence.hu\/wp-content\/uploads\/2023\/06\/img3.jpg 1500w, https:\/\/dorogimedence.hu\/wp-content\/uploads\/2023\/06\/img3-600x400.jpg 600w, https:\/\/dorogimedence.hu\/wp-content\/uploads\/2023\/06\/img3-768x512.jpg 768w, https:\/\/dorogimedence.hu\/wp-content\/uploads\/2023\/06\/img3-150x100.jpg 150w, https:\/\/dorogimedence.hu\/wp-content\/uploads\/2023\/06\/img3-450x300.jpg 450w, https:\/\/dorogimedence.hu\/wp-content\/uploads\/2023\/06\/img3-1200x800.jpg 1200w, https:\/\/dorogimedence.hu\/wp-content\/uploads\/2023\/06\/img3-272x182.jpg 272w\" sizes=\"(max-width: 1500px) 100vw, 1500px\" \/><\/p>\n<p>K\u00f6z\u00e9pt\u00e1jon keresn\u00e9nk, de furcs\u00e1n f\u00e9lrees\u0151 r\u00e9szen tal\u00e1ljuk. S hogy mi lehet ennek a magyar\u00e1zata? T\u00f6r\u00f6k Csaba m\u00e1r sorolta is a kupola tart\u00f3falaival kapcsolatos \u00e9p\u00edt\u00e9szeti &#8211; \u00e9s p\u00e9nz\u00fcgyi &#8211; megfontol\u00e1sokb\u00f3l ered\u0151 okokat, mes\u00e9lt a legels\u0151 tervekhez k\u00e9pest \u201eh\u00e1tr\u00e9bb tolt\u201d templomr\u00f3l, ennek k\u00f6vetkezm\u00e9nyeir\u0151l, k\u00f6zel hozva hozz\u00e1nk a t\u00f6rt\u00e9nelmi id\u0151ket.<\/p>\n<p>Aki ell\u00e1togat a most megny\u00edlt ki\u00e1ll\u00edt\u00e1sra sok m\u00e1s t\u00f6rt\u00e9nelmi \u00e9rdekess\u00e9gr\u0151l is b\u0151s\u00e9ges t\u00e1j\u00e9koztat\u00e1st kaphat. \u00c9rdemes \u00fajra \u00e9s \u00fajra \u00fatra kelni, ell\u00e1togatni Esztergomba, r\u00e9szt venni a Bazilika programjain, felfedezni a t\u00f6bb \u00e9vsz\u00e1zados kincseket a fel\u00faj\u00edt\u00e1s id\u0151szak\u00e1ban is.<\/p>\n<p>A Magyar Kur\u00edr teljes cikke <a href=\"https:\/\/www.magyarkurir.hu\/hirek\/grandiozus-makett-az-epitestorteneti-tarlaton-allando-kiallitas-nyilt-az-esztergomi-bazilikaban\" target=\"_blank\" rel=\"noopener\"><span style=\"text-decoration: underline; color: #0000ff;\">ide kattintva<\/span><\/a> olvashat\u00f3 el!<\/p>\n<p><em>Fot\u00f3k: Mudr\u00e1k Attila<\/em><br \/>\n<em>Forr\u00e1s: Magyar Kur\u00edr<\/em><\/p>\n","protected":false},"excerpt":{"rendered":"<p>Caput, mater et magistra c\u00edmmel ny\u00edlt \u00e1lland\u00f3 ki\u00e1ll\u00edt\u00e1s az esztergomi bazilika \u00e9p\u00edt\u00e9s\u00e9nek t\u00f6rt\u00e9net\u00e9r\u0151l j\u00fanius 23-\u00e1n a F\u0151sz\u00e9kesegyh\u00e1zi Kincst\u00e1r orat\u00f3riumterm\u00e9ben &#8211; \u00edrja a Magyar Kur\u00edr. A megnyit\u00f3 \u00fcnneps\u00e9get Magyarorsz\u00e1g valamennyi templom\u00e1nak feje, anyja \u00e9s tan\u00edt\u00f3mestere (latinul: caput, mater et magistra), az esztergomi bazilika bels\u0151 ter\u00e9ben tartott\u00e1k meg. A kincst\u00e1r orat\u00f3riumterm\u00e9nek sz\u0171k\u00f6ss\u00e9ge volt az \u00e9szszer\u0171 indok, de<\/p>\n","protected":false},"author":1,"featured_media":54431,"comment_status":"closed","ping_status":"closed","sticky":false,"template":"","format":"standard","meta":{"ngg_post_thumbnail":0,"footnotes":""},"categories":[38,3],"tags":[798,42,3163,5624,194,2925],"class_list":{"0":"post-54430","1":"post","2":"type-post","3":"status-publish","4":"format-standard","5":"has-post-thumbnail","7":"category-esztergom","8":"category-hirek","9":"tag-bazilika","10":"tag-esztergom","11":"tag-esztergomi-bazilika","12":"tag-featured","13":"tag-kiallitas","14":"tag-makett"},"yoast_head":"<!-- This site is optimized with the Yoast SEO plugin v27.4 - https:\/\/yoast.com\/product\/yoast-seo-wordpress\/ -->\n<title>Grandi\u00f3zus makett az Esztergomi Bazilik\u00e1ban<\/title>\n<meta name=\"robots\" content=\"index, follow, max-snippet:-1, max-image-preview:large, max-video-preview:-1\" \/>\n<link rel=\"canonical\" href=\"https:\/\/dorogimedence.hu\/index.php\/2023\/06\/26\/grandiozus-makett-az-esztergomi-bazilikaban\/\" class=\"yoast-seo-meta-tag\" \/>\n<meta property=\"og:locale\" content=\"hu_HU\" class=\"yoast-seo-meta-tag\" \/>\n<meta property=\"og:type\" content=\"article\" class=\"yoast-seo-meta-tag\" \/>\n<meta property=\"og:title\" content=\"Grandi\u00f3zus makett az Esztergomi Bazilik\u00e1ban\" class=\"yoast-seo-meta-tag\" \/>\n<meta property=\"og:description\" content=\"Caput, mater et magistra c\u00edmmel ny\u00edlt \u00e1lland\u00f3 ki\u00e1ll\u00edt\u00e1s az esztergomi bazilika \u00e9p\u00edt\u00e9s\u00e9nek t\u00f6rt\u00e9net\u00e9r\u0151l j\u00fanius 23-\u00e1n a F\u0151sz\u00e9kesegyh\u00e1zi Kincst\u00e1r orat\u00f3riumterm\u00e9ben &#8211; \u00edrja a Magyar Kur\u00edr. A megnyit\u00f3 \u00fcnneps\u00e9get Magyarorsz\u00e1g valamennyi templom\u00e1nak feje, anyja \u00e9s tan\u00edt\u00f3mestere (latinul: caput, mater et magistra), az esztergomi bazilika bels\u0151 ter\u00e9ben tartott\u00e1k meg. A kincst\u00e1r orat\u00f3riumterm\u00e9nek sz\u0171k\u00f6ss\u00e9ge volt az \u00e9szszer\u0171 indok, de\" class=\"yoast-seo-meta-tag\" \/>\n<meta property=\"og:url\" content=\"https:\/\/dorogimedence.hu\/index.php\/2023\/06\/26\/grandiozus-makett-az-esztergomi-bazilikaban\/\" class=\"yoast-seo-meta-tag\" \/>\n<meta property=\"og:site_name\" content=\"Dorogi-medence Region\u00e1lis H\u00edrport\u00e1l\" class=\"yoast-seo-meta-tag\" \/>\n<meta property=\"article:publisher\" content=\"https:\/\/www.facebook.com\/dorogimedence\/\" class=\"yoast-seo-meta-tag\" \/>\n<meta property=\"article:published_time\" content=\"2023-06-26T10:09:34+00:00\" class=\"yoast-seo-meta-tag\" \/>\n<meta property=\"article:modified_time\" content=\"2023-06-26T10:19:13+00:00\" class=\"yoast-seo-meta-tag\" \/>\n<meta property=\"og:image\" content=\"https:\/\/dorogimedence.hu\/wp-content\/uploads\/2023\/06\/makett-bazilika.jpg\" class=\"yoast-seo-meta-tag\" \/>\n\t<meta property=\"og:image:width\" content=\"1920\" class=\"yoast-seo-meta-tag\" \/>\n\t<meta property=\"og:image:height\" content=\"970\" class=\"yoast-seo-meta-tag\" \/>\n\t<meta property=\"og:image:type\" content=\"image\/jpeg\" class=\"yoast-seo-meta-tag\" \/>\n<meta name=\"author\" content=\"dorogimedence.hu\" class=\"yoast-seo-meta-tag\" \/>\n<meta name=\"twitter:card\" content=\"summary_large_image\" class=\"yoast-seo-meta-tag\" \/>\n<meta name=\"twitter:label1\" content=\"Szerz\u0151:\" class=\"yoast-seo-meta-tag\" \/>\n\t<meta name=\"twitter:data1\" content=\"dorogimedence.hu\" class=\"yoast-seo-meta-tag\" \/>\n\t<meta name=\"twitter:label2\" content=\"Becs\u00fclt olvas\u00e1si id\u0151\" class=\"yoast-seo-meta-tag\" \/>\n\t<meta name=\"twitter:data2\" content=\"3 perc\" class=\"yoast-seo-meta-tag\" \/>\n<script type=\"application\/ld+json\" class=\"yoast-schema-graph\">{\"@context\":\"https:\\\/\\\/schema.org\",\"@graph\":[{\"@type\":\"Article\",\"@id\":\"https:\\\/\\\/dorogimedence.hu\\\/index.php\\\/2023\\\/06\\\/26\\\/grandiozus-makett-az-esztergomi-bazilikaban\\\/#article\",\"isPartOf\":{\"@id\":\"https:\\\/\\\/dorogimedence.hu\\\/index.php\\\/2023\\\/06\\\/26\\\/grandiozus-makett-az-esztergomi-bazilikaban\\\/\"},\"author\":{\"name\":\"dorogimedence.hu\",\"@id\":\"https:\\\/\\\/dorogimedence.hu\\\/#\\\/schema\\\/person\\\/ce6091eeb7e95ecdc87890d6aa8e0fd4\"},\"headline\":\"Grandi\u00f3zus makett az Esztergomi Bazilik\u00e1ban\",\"datePublished\":\"2023-06-26T10:09:34+00:00\",\"dateModified\":\"2023-06-26T10:19:13+00:00\",\"mainEntityOfPage\":{\"@id\":\"https:\\\/\\\/dorogimedence.hu\\\/index.php\\\/2023\\\/06\\\/26\\\/grandiozus-makett-az-esztergomi-bazilikaban\\\/\"},\"wordCount\":574,\"publisher\":{\"@id\":\"https:\\\/\\\/dorogimedence.hu\\\/#organization\"},\"image\":{\"@id\":\"https:\\\/\\\/dorogimedence.hu\\\/index.php\\\/2023\\\/06\\\/26\\\/grandiozus-makett-az-esztergomi-bazilikaban\\\/#primaryimage\"},\"thumbnailUrl\":\"https:\\\/\\\/dorogimedence.hu\\\/wp-content\\\/uploads\\\/2023\\\/06\\\/makett-bazilika.jpg\",\"keywords\":[\"Bazilika\",\"esztergom\",\"esztergomi bazilika\",\"featured\",\"ki\u00e1ll\u00edt\u00e1s\",\"makett\"],\"articleSection\":[\"Esztergom\",\"H\u00edrek\"],\"inLanguage\":\"hu\"},{\"@type\":\"WebPage\",\"@id\":\"https:\\\/\\\/dorogimedence.hu\\\/index.php\\\/2023\\\/06\\\/26\\\/grandiozus-makett-az-esztergomi-bazilikaban\\\/\",\"url\":\"https:\\\/\\\/dorogimedence.hu\\\/index.php\\\/2023\\\/06\\\/26\\\/grandiozus-makett-az-esztergomi-bazilikaban\\\/\",\"name\":\"Grandi\u00f3zus makett az Esztergomi Bazilik\u00e1ban\",\"isPartOf\":{\"@id\":\"https:\\\/\\\/dorogimedence.hu\\\/#website\"},\"primaryImageOfPage\":{\"@id\":\"https:\\\/\\\/dorogimedence.hu\\\/index.php\\\/2023\\\/06\\\/26\\\/grandiozus-makett-az-esztergomi-bazilikaban\\\/#primaryimage\"},\"image\":{\"@id\":\"https:\\\/\\\/dorogimedence.hu\\\/index.php\\\/2023\\\/06\\\/26\\\/grandiozus-makett-az-esztergomi-bazilikaban\\\/#primaryimage\"},\"thumbnailUrl\":\"https:\\\/\\\/dorogimedence.hu\\\/wp-content\\\/uploads\\\/2023\\\/06\\\/makett-bazilika.jpg\",\"datePublished\":\"2023-06-26T10:09:34+00:00\",\"dateModified\":\"2023-06-26T10:19:13+00:00\",\"breadcrumb\":{\"@id\":\"https:\\\/\\\/dorogimedence.hu\\\/index.php\\\/2023\\\/06\\\/26\\\/grandiozus-makett-az-esztergomi-bazilikaban\\\/#breadcrumb\"},\"inLanguage\":\"hu\",\"potentialAction\":[{\"@type\":\"ReadAction\",\"target\":[\"https:\\\/\\\/dorogimedence.hu\\\/index.php\\\/2023\\\/06\\\/26\\\/grandiozus-makett-az-esztergomi-bazilikaban\\\/\"]}]},{\"@type\":\"ImageObject\",\"inLanguage\":\"hu\",\"@id\":\"https:\\\/\\\/dorogimedence.hu\\\/index.php\\\/2023\\\/06\\\/26\\\/grandiozus-makett-az-esztergomi-bazilikaban\\\/#primaryimage\",\"url\":\"https:\\\/\\\/dorogimedence.hu\\\/wp-content\\\/uploads\\\/2023\\\/06\\\/makett-bazilika.jpg\",\"contentUrl\":\"https:\\\/\\\/dorogimedence.hu\\\/wp-content\\\/uploads\\\/2023\\\/06\\\/makett-bazilika.jpg\",\"width\":1920,\"height\":970},{\"@type\":\"BreadcrumbList\",\"@id\":\"https:\\\/\\\/dorogimedence.hu\\\/index.php\\\/2023\\\/06\\\/26\\\/grandiozus-makett-az-esztergomi-bazilikaban\\\/#breadcrumb\",\"itemListElement\":[{\"@type\":\"ListItem\",\"position\":1,\"name\":\"Kezd\u0151lap\",\"item\":\"https:\\\/\\\/dorogimedence.hu\\\/\"},{\"@type\":\"ListItem\",\"position\":2,\"name\":\"Grandi\u00f3zus makett az Esztergomi Bazilik\u00e1ban\"}]},{\"@type\":\"WebSite\",\"@id\":\"https:\\\/\\\/dorogimedence.hu\\\/#website\",\"url\":\"https:\\\/\\\/dorogimedence.hu\\\/\",\"name\":\"Dorogi-medence Region\u00e1lis H\u00edrport\u00e1l\",\"description\":\"Dorog, Keszt\u00f6lc, Le\u00e1nyv\u00e1r, Piliscs\u00e9v, Tokod, Tokodalt\u00e1r\u00f3, Csolnok, Esztergom-kertv\u00e1ros: h\u00edrek, programok\",\"publisher\":{\"@id\":\"https:\\\/\\\/dorogimedence.hu\\\/#organization\"},\"potentialAction\":[{\"@type\":\"SearchAction\",\"target\":{\"@type\":\"EntryPoint\",\"urlTemplate\":\"https:\\\/\\\/dorogimedence.hu\\\/?s={search_term_string}\"},\"query-input\":{\"@type\":\"PropertyValueSpecification\",\"valueRequired\":true,\"valueName\":\"search_term_string\"}}],\"inLanguage\":\"hu\"},{\"@type\":\"Organization\",\"@id\":\"https:\\\/\\\/dorogimedence.hu\\\/#organization\",\"name\":\"Dorogi-medence Region\u00e1lis H\u00edrport\u00e1l\",\"url\":\"https:\\\/\\\/dorogimedence.hu\\\/\",\"logo\":{\"@type\":\"ImageObject\",\"inLanguage\":\"hu\",\"@id\":\"https:\\\/\\\/dorogimedence.hu\\\/#\\\/schema\\\/logo\\\/image\\\/\",\"url\":\"https:\\\/\\\/dorogimedence.hu\\\/wp-content\\\/uploads\\\/2021\\\/04\\\/logo-feher-600.png\",\"contentUrl\":\"https:\\\/\\\/dorogimedence.hu\\\/wp-content\\\/uploads\\\/2021\\\/04\\\/logo-feher-600.png\",\"width\":600,\"height\":100,\"caption\":\"Dorogi-medence Region\u00e1lis H\u00edrport\u00e1l\"},\"image\":{\"@id\":\"https:\\\/\\\/dorogimedence.hu\\\/#\\\/schema\\\/logo\\\/image\\\/\"},\"sameAs\":[\"https:\\\/\\\/www.facebook.com\\\/dorogimedence\\\/\"]},{\"@type\":\"Person\",\"@id\":\"https:\\\/\\\/dorogimedence.hu\\\/#\\\/schema\\\/person\\\/ce6091eeb7e95ecdc87890d6aa8e0fd4\",\"name\":\"dorogimedence.hu\",\"image\":{\"@type\":\"ImageObject\",\"inLanguage\":\"hu\",\"@id\":\"\\\/\\\/www.gravatar.com\\\/avatar\\\/d8d45f8901aadff40a4af72c0b826f1d?s=96&#038;r=g&#038;d=mm\",\"url\":\"\\\/\\\/www.gravatar.com\\\/avatar\\\/d8d45f8901aadff40a4af72c0b826f1d?s=96&#038;r=g&#038;d=mm\",\"contentUrl\":\"\\\/\\\/www.gravatar.com\\\/avatar\\\/d8d45f8901aadff40a4af72c0b826f1d?s=96&#038;r=g&#038;d=mm\",\"caption\":\"dorogimedence.hu\"}}]}<\/script>\n<!-- \/ Yoast SEO plugin. -->","yoast_head_json":{"title":"Grandi\u00f3zus makett az Esztergomi Bazilik\u00e1ban","robots":{"index":"index","follow":"follow","max-snippet":"max-snippet:-1","max-image-preview":"max-image-preview:large","max-video-preview":"max-video-preview:-1"},"canonical":"https:\/\/dorogimedence.hu\/index.php\/2023\/06\/26\/grandiozus-makett-az-esztergomi-bazilikaban\/","og_locale":"hu_HU","og_type":"article","og_title":"Grandi\u00f3zus makett az Esztergomi Bazilik\u00e1ban","og_description":"Caput, mater et magistra c\u00edmmel ny\u00edlt \u00e1lland\u00f3 ki\u00e1ll\u00edt\u00e1s az esztergomi bazilika \u00e9p\u00edt\u00e9s\u00e9nek t\u00f6rt\u00e9net\u00e9r\u0151l j\u00fanius 23-\u00e1n a F\u0151sz\u00e9kesegyh\u00e1zi Kincst\u00e1r orat\u00f3riumterm\u00e9ben &#8211; \u00edrja a Magyar Kur\u00edr. A megnyit\u00f3 \u00fcnneps\u00e9get Magyarorsz\u00e1g valamennyi templom\u00e1nak feje, anyja \u00e9s tan\u00edt\u00f3mestere (latinul: caput, mater et magistra), az esztergomi bazilika bels\u0151 ter\u00e9ben tartott\u00e1k meg. A kincst\u00e1r orat\u00f3riumterm\u00e9nek sz\u0171k\u00f6ss\u00e9ge volt az \u00e9szszer\u0171 indok, de","og_url":"https:\/\/dorogimedence.hu\/index.php\/2023\/06\/26\/grandiozus-makett-az-esztergomi-bazilikaban\/","og_site_name":"Dorogi-medence Region\u00e1lis H\u00edrport\u00e1l","article_publisher":"https:\/\/www.facebook.com\/dorogimedence\/","article_published_time":"2023-06-26T10:09:34+00:00","article_modified_time":"2023-06-26T10:19:13+00:00","og_image":[{"width":1920,"height":970,"url":"https:\/\/dorogimedence.hu\/wp-content\/uploads\/2023\/06\/makett-bazilika.jpg","type":"image\/jpeg"}],"author":"dorogimedence.hu","twitter_card":"summary_large_image","twitter_misc":{"Szerz\u0151:":"dorogimedence.hu","Becs\u00fclt olvas\u00e1si id\u0151":"3 perc"},"schema":{"@context":"https:\/\/schema.org","@graph":[{"@type":"Article","@id":"https:\/\/dorogimedence.hu\/index.php\/2023\/06\/26\/grandiozus-makett-az-esztergomi-bazilikaban\/#article","isPartOf":{"@id":"https:\/\/dorogimedence.hu\/index.php\/2023\/06\/26\/grandiozus-makett-az-esztergomi-bazilikaban\/"},"author":{"name":"dorogimedence.hu","@id":"https:\/\/dorogimedence.hu\/#\/schema\/person\/ce6091eeb7e95ecdc87890d6aa8e0fd4"},"headline":"Grandi\u00f3zus makett az Esztergomi Bazilik\u00e1ban","datePublished":"2023-06-26T10:09:34+00:00","dateModified":"2023-06-26T10:19:13+00:00","mainEntityOfPage":{"@id":"https:\/\/dorogimedence.hu\/index.php\/2023\/06\/26\/grandiozus-makett-az-esztergomi-bazilikaban\/"},"wordCount":574,"publisher":{"@id":"https:\/\/dorogimedence.hu\/#organization"},"image":{"@id":"https:\/\/dorogimedence.hu\/index.php\/2023\/06\/26\/grandiozus-makett-az-esztergomi-bazilikaban\/#primaryimage"},"thumbnailUrl":"https:\/\/dorogimedence.hu\/wp-content\/uploads\/2023\/06\/makett-bazilika.jpg","keywords":["Bazilika","esztergom","esztergomi bazilika","featured","ki\u00e1ll\u00edt\u00e1s","makett"],"articleSection":["Esztergom","H\u00edrek"],"inLanguage":"hu"},{"@type":"WebPage","@id":"https:\/\/dorogimedence.hu\/index.php\/2023\/06\/26\/grandiozus-makett-az-esztergomi-bazilikaban\/","url":"https:\/\/dorogimedence.hu\/index.php\/2023\/06\/26\/grandiozus-makett-az-esztergomi-bazilikaban\/","name":"Grandi\u00f3zus makett az Esztergomi Bazilik\u00e1ban","isPartOf":{"@id":"https:\/\/dorogimedence.hu\/#website"},"primaryImageOfPage":{"@id":"https:\/\/dorogimedence.hu\/index.php\/2023\/06\/26\/grandiozus-makett-az-esztergomi-bazilikaban\/#primaryimage"},"image":{"@id":"https:\/\/dorogimedence.hu\/index.php\/2023\/06\/26\/grandiozus-makett-az-esztergomi-bazilikaban\/#primaryimage"},"thumbnailUrl":"https:\/\/dorogimedence.hu\/wp-content\/uploads\/2023\/06\/makett-bazilika.jpg","datePublished":"2023-06-26T10:09:34+00:00","dateModified":"2023-06-26T10:19:13+00:00","breadcrumb":{"@id":"https:\/\/dorogimedence.hu\/index.php\/2023\/06\/26\/grandiozus-makett-az-esztergomi-bazilikaban\/#breadcrumb"},"inLanguage":"hu","potentialAction":[{"@type":"ReadAction","target":["https:\/\/dorogimedence.hu\/index.php\/2023\/06\/26\/grandiozus-makett-az-esztergomi-bazilikaban\/"]}]},{"@type":"ImageObject","inLanguage":"hu","@id":"https:\/\/dorogimedence.hu\/index.php\/2023\/06\/26\/grandiozus-makett-az-esztergomi-bazilikaban\/#primaryimage","url":"https:\/\/dorogimedence.hu\/wp-content\/uploads\/2023\/06\/makett-bazilika.jpg","contentUrl":"https:\/\/dorogimedence.hu\/wp-content\/uploads\/2023\/06\/makett-bazilika.jpg","width":1920,"height":970},{"@type":"BreadcrumbList","@id":"https:\/\/dorogimedence.hu\/index.php\/2023\/06\/26\/grandiozus-makett-az-esztergomi-bazilikaban\/#breadcrumb","itemListElement":[{"@type":"ListItem","position":1,"name":"Kezd\u0151lap","item":"https:\/\/dorogimedence.hu\/"},{"@type":"ListItem","position":2,"name":"Grandi\u00f3zus makett az Esztergomi Bazilik\u00e1ban"}]},{"@type":"WebSite","@id":"https:\/\/dorogimedence.hu\/#website","url":"https:\/\/dorogimedence.hu\/","name":"Dorogi-medence Region\u00e1lis H\u00edrport\u00e1l","description":"Dorog, Keszt\u00f6lc, Le\u00e1nyv\u00e1r, Piliscs\u00e9v, Tokod, Tokodalt\u00e1r\u00f3, Csolnok, Esztergom-kertv\u00e1ros: h\u00edrek, programok","publisher":{"@id":"https:\/\/dorogimedence.hu\/#organization"},"potentialAction":[{"@type":"SearchAction","target":{"@type":"EntryPoint","urlTemplate":"https:\/\/dorogimedence.hu\/?s={search_term_string}"},"query-input":{"@type":"PropertyValueSpecification","valueRequired":true,"valueName":"search_term_string"}}],"inLanguage":"hu"},{"@type":"Organization","@id":"https:\/\/dorogimedence.hu\/#organization","name":"Dorogi-medence Region\u00e1lis H\u00edrport\u00e1l","url":"https:\/\/dorogimedence.hu\/","logo":{"@type":"ImageObject","inLanguage":"hu","@id":"https:\/\/dorogimedence.hu\/#\/schema\/logo\/image\/","url":"https:\/\/dorogimedence.hu\/wp-content\/uploads\/2021\/04\/logo-feher-600.png","contentUrl":"https:\/\/dorogimedence.hu\/wp-content\/uploads\/2021\/04\/logo-feher-600.png","width":600,"height":100,"caption":"Dorogi-medence Region\u00e1lis H\u00edrport\u00e1l"},"image":{"@id":"https:\/\/dorogimedence.hu\/#\/schema\/logo\/image\/"},"sameAs":["https:\/\/www.facebook.com\/dorogimedence\/"]},{"@type":"Person","@id":"https:\/\/dorogimedence.hu\/#\/schema\/person\/ce6091eeb7e95ecdc87890d6aa8e0fd4","name":"dorogimedence.hu","image":{"@type":"ImageObject","inLanguage":"hu","@id":"\/\/www.gravatar.com\/avatar\/d8d45f8901aadff40a4af72c0b826f1d?s=96&#038;r=g&#038;d=mm","url":"\/\/www.gravatar.com\/avatar\/d8d45f8901aadff40a4af72c0b826f1d?s=96&#038;r=g&#038;d=mm","contentUrl":"\/\/www.gravatar.com\/avatar\/d8d45f8901aadff40a4af72c0b826f1d?s=96&#038;r=g&#038;d=mm","caption":"dorogimedence.hu"}}]}},"_links":{"self":[{"href":"https:\/\/dorogimedence.hu\/index.php\/wp-json\/wp\/v2\/posts\/54430","targetHints":{"allow":["GET"]}}],"collection":[{"href":"https:\/\/dorogimedence.hu\/index.php\/wp-json\/wp\/v2\/posts"}],"about":[{"href":"https:\/\/dorogimedence.hu\/index.php\/wp-json\/wp\/v2\/types\/post"}],"author":[{"embeddable":true,"href":"https:\/\/dorogimedence.hu\/index.php\/wp-json\/wp\/v2\/users\/1"}],"replies":[{"embeddable":true,"href":"https:\/\/dorogimedence.hu\/index.php\/wp-json\/wp\/v2\/comments?post=54430"}],"version-history":[{"count":0,"href":"https:\/\/dorogimedence.hu\/index.php\/wp-json\/wp\/v2\/posts\/54430\/revisions"}],"wp:featuredmedia":[{"embeddable":true,"href":"https:\/\/dorogimedence.hu\/index.php\/wp-json\/wp\/v2\/media\/54431"}],"wp:attachment":[{"href":"https:\/\/dorogimedence.hu\/index.php\/wp-json\/wp\/v2\/media?parent=54430"}],"wp:term":[{"taxonomy":"category","embeddable":true,"href":"https:\/\/dorogimedence.hu\/index.php\/wp-json\/wp\/v2\/categories?post=54430"},{"taxonomy":"post_tag","embeddable":true,"href":"https:\/\/dorogimedence.hu\/index.php\/wp-json\/wp\/v2\/tags?post=54430"}],"curies":[{"name":"wp","href":"https:\/\/api.w.org\/{rel}","templated":true}]}}