{"id":54354,"date":"2023-06-21T14:49:54","date_gmt":"2023-06-21T12:49:54","guid":{"rendered":"https:\/\/dorogimedence.hu\/?p=54354"},"modified":"2023-06-21T14:51:02","modified_gmt":"2023-06-21T12:51:02","slug":"ma-lenne-80-eves-a-dorog-egykori-jatekosa-szuromi-antal","status":"publish","type":"post","link":"https:\/\/dorogimedence.hu\/index.php\/2023\/06\/21\/ma-lenne-80-eves-a-dorog-egykori-jatekosa-szuromi-antal\/","title":{"rendered":"Ma lenne 80 \u00e9ves a Dorog egykori j\u00e1t\u00e9kosa, Szuromi Antal"},"content":{"rendered":"<p class=\"fw-bold\"><strong>Ma lenne 80 \u00e9ves a magyar kupa-gy\u0151ztes, egykori Dorog, Tatab\u00e1nya \u00e9s MTK j\u00e1t\u00e9kos, Szuromi Antal<\/strong> <em>&#8211; \u00edrja a <a href=\"https:\/\/puskasintezet.hu\/hir\/Szuromi-Antal-80\" target=\"_blank\" rel=\"noopener\"><span style=\"text-decoration: underline; color: #0000ff;\">Pusk\u00e1s Int\u00e9zet<\/span><\/a>.<\/em><\/p>\n<p>Szuromi Antal 1943. j\u00fanius 21-\u00e9n a Heves v\u00e1rmegyei Andornakt\u00e1ly\u00e1n l\u00e1tta meg a napvil\u00e1got. A csal\u00e1dj\u00e1val \u00dajpesten \u00e9lt, \u00edgy a p\u00e1lyafut\u00e1s\u00e1t Budapesten, a F\u0151v\u00e1rosi V\u00edzm\u0171vekn\u00e9l kezdte. 1962-ben Buz\u00e1nszky Jen\u0151 h\u00edv\u00e1s\u00e1ra ment Dorogra. Az Aranycsapat legend\u00e1ja h\u00e1rom \u00e9ven \u00e1t volt a vezet\u0151edz\u0151je, legnagyobb siker\u00fcket az 1962\u20131963-as szezonban \u00e9t\u00e9k el, amikor a klub a 4. helyen v\u00e9gzett az NB I-ben, s csup\u00e1n rosszabb g\u00f3lk\u00fcl\u00f6nbs\u00e9ge miatt maradt le a dobog\u00f3r\u00f3l.<\/p>\n<p>Szuromi 1965-ben Tatab\u00e1ny\u00e1ra ker\u00fclt. Az egy\u00fcttesel az els\u0151 bajnoki \u00e9vada v\u00e9g\u00e9n megszerezte p\u00e1lyafut\u00e1sa els\u0151 \u00e9s egyetlen bajnoki \u00e9rm\u00e9t, a Tatab\u00e1nya a harmadik helyen z\u00e1rt az NB I-ben. K\u00e9t esztend\u0151t h\u00fazott le a csapatn\u00e1l, majd az MTK-hoz igazolt. 1968-ban a f\u0151v\u00e1rosi klubbal megnyerte a magyar kup\u00e1t, miut\u00e1n az MTK 2\u20131-re legy\u0151zte a Budapesti Honv\u00e9dot a d\u00f6nt\u0151ben. A fin\u00e1l\u00e9 8. perc\u00e9ben Szuromi volt els\u0151k\u00e9nt eredm\u00e9nyes. 1971-ig szolg\u00e1lta az MTK-t, ezut\u00e1n a VM Egyet\u00e9rt\u00e9shez szerz\u0151d\u00f6tt. 1974-ig maradt az Egyet\u00e9rt\u00e9s j\u00e1t\u00e9kosa, mivel az 1974\u20131975-\u00f6s szezonban a VM Egyet\u00e9rt\u00e9s egyes\u00fclt az MTK-val, a csapat MTK-VM n\u00e9ven folytatta tov\u00e1bb. A csapat az MTK eredm\u00e9nyeit vitte tov\u00e1bb, m\u00edg az Egyet\u00e9rt\u00e9s \u00f6n\u00e1ll\u00f3an t\u00f6bb m\u00e9rk\u0151z\u00e9st m\u00e1r sohasem j\u00e1tszott. Emiatt Szuromi Antal MTK labdar\u00fag\u00f3k\u00e9nt fejezte be a p\u00e1lyafut\u00e1s\u00e1t.<\/p>\n<p>Szuromi Antal a magyar v\u00e1logatottban egy hivatalos m\u00e9rk\u0151z\u00e9sen l\u00e9pett p\u00e1ly\u00e1ra, 1970. november 15-\u00e9n a Sv\u00e1jc ellen 1\u20130-ra megnyert bar\u00e1ts\u00e1gos meccsen, B\u00e1zelban.<\/p>\n<p><strong>N\u00c9VJEGY: SZUROMI ANTAL<\/strong><\/p>\n<p><strong>Sz\u00fcletett:<\/strong> 1943. j\u00fanius 21., Andornakt\u00e1lya<\/p>\n<p><strong>Elhunyt:<\/strong> 2020. november 25., Budapest<\/p>\n<p><strong>Posztja:<\/strong> t\u00e1mad\u00f3<\/p>\n<p><strong>V\u00e1logatotts\u00e1g\/g\u00f3l:<\/strong> 1\/\u2013 (1970)<\/p>\n<p><strong>Csapatai:<\/strong> F\u0151v\u00e1rosi V\u00edzm\u0171vek (?\u20131962), Dorog (1962\u20131964), Tatab\u00e1nya (1965\u20131967), MTK (1968\u20131971), VM Egyet\u00e9rt\u00e9s (1971\u20131975), MTK (1975)<\/p>\n<p><strong>Kiemelked\u0151 eredm\u00e9nyei:<\/strong> magyar kupa-gy\u0151ztes (1968), magyar bajnoki bronz\u00e9rmes (1966)<\/p>\n<p><em>Bor\u00edt\u00f3k\u00e9p, forr\u00e1s: Pusk\u00e1s Int\u00e9zet<\/em><\/p>\n","protected":false},"excerpt":{"rendered":"<p>Ma lenne 80 \u00e9ves a magyar kupa-gy\u0151ztes, egykori Dorog, Tatab\u00e1nya \u00e9s MTK j\u00e1t\u00e9kos, Szuromi Antal &#8211; \u00edrja a Pusk\u00e1s Int\u00e9zet. Szuromi Antal 1943. j\u00fanius 21-\u00e9n a Heves v\u00e1rmegyei Andornakt\u00e1ly\u00e1n l\u00e1tta meg a napvil\u00e1got. A csal\u00e1dj\u00e1val \u00dajpesten \u00e9lt, \u00edgy a p\u00e1lyafut\u00e1s\u00e1t Budapesten, a F\u0151v\u00e1rosi V\u00edzm\u0171vekn\u00e9l kezdte. 1962-ben Buz\u00e1nszky Jen\u0151 h\u00edv\u00e1s\u00e1ra ment Dorogra. Az Aranycsapat legend\u00e1ja h\u00e1rom<\/p>\n","protected":false},"author":1,"featured_media":54356,"comment_status":"closed","ping_status":"closed","sticky":false,"template":"","format":"standard","meta":{"ngg_post_thumbnail":0,"footnotes":""},"categories":[2,3,6031,5],"tags":[15,5006,37,70,69,72,16],"class_list":{"0":"post-54354","1":"post","2":"type-post","3":"status-publish","4":"format-standard","5":"has-post-thumbnail","7":"category-dorog","8":"category-hirek","9":"category-kerek-evfordulok","10":"category-sport","11":"tag-dorog","12":"tag-dorogi-banyasz","13":"tag-dorogi-fc","14":"tag-foci","15":"tag-futball","16":"tag-labdarugas","17":"tag-sport"},"yoast_head":"<!-- This site is optimized with the Yoast SEO plugin v27.5 - https:\/\/yoast.com\/product\/yoast-seo-wordpress\/ -->\n<title>Ma lenne 80 \u00e9ves a Dorog egykori j\u00e1t\u00e9kosa, Szuromi Antal<\/title>\n<meta name=\"robots\" content=\"index, follow, max-snippet:-1, max-image-preview:large, max-video-preview:-1\" \/>\n<link rel=\"canonical\" href=\"https:\/\/dorogimedence.hu\/index.php\/2023\/06\/21\/ma-lenne-80-eves-a-dorog-egykori-jatekosa-szuromi-antal\/\" class=\"yoast-seo-meta-tag\" \/>\n<meta property=\"og:locale\" content=\"hu_HU\" class=\"yoast-seo-meta-tag\" \/>\n<meta property=\"og:type\" content=\"article\" class=\"yoast-seo-meta-tag\" \/>\n<meta property=\"og:title\" content=\"Ma lenne 80 \u00e9ves a Dorog egykori j\u00e1t\u00e9kosa, Szuromi Antal\" class=\"yoast-seo-meta-tag\" \/>\n<meta property=\"og:description\" content=\"Ma lenne 80 \u00e9ves a magyar kupa-gy\u0151ztes, egykori Dorog, Tatab\u00e1nya \u00e9s MTK j\u00e1t\u00e9kos, Szuromi Antal &#8211; \u00edrja a Pusk\u00e1s Int\u00e9zet. Szuromi Antal 1943. j\u00fanius 21-\u00e9n a Heves v\u00e1rmegyei Andornakt\u00e1ly\u00e1n l\u00e1tta meg a napvil\u00e1got. A csal\u00e1dj\u00e1val \u00dajpesten \u00e9lt, \u00edgy a p\u00e1lyafut\u00e1s\u00e1t Budapesten, a F\u0151v\u00e1rosi V\u00edzm\u0171vekn\u00e9l kezdte. 1962-ben Buz\u00e1nszky Jen\u0151 h\u00edv\u00e1s\u00e1ra ment Dorogra. Az Aranycsapat legend\u00e1ja h\u00e1rom\" class=\"yoast-seo-meta-tag\" \/>\n<meta property=\"og:url\" content=\"https:\/\/dorogimedence.hu\/index.php\/2023\/06\/21\/ma-lenne-80-eves-a-dorog-egykori-jatekosa-szuromi-antal\/\" class=\"yoast-seo-meta-tag\" \/>\n<meta property=\"og:site_name\" content=\"Dorogi-medence Region\u00e1lis H\u00edrport\u00e1l\" class=\"yoast-seo-meta-tag\" \/>\n<meta property=\"article:publisher\" content=\"https:\/\/www.facebook.com\/dorogimedence\/\" class=\"yoast-seo-meta-tag\" \/>\n<meta property=\"article:published_time\" content=\"2023-06-21T12:49:54+00:00\" class=\"yoast-seo-meta-tag\" \/>\n<meta property=\"article:modified_time\" content=\"2023-06-21T12:51:02+00:00\" class=\"yoast-seo-meta-tag\" \/>\n<meta property=\"og:image\" content=\"https:\/\/dorogimedence.hu\/wp-content\/uploads\/2023\/06\/wgBuZ2r0XiUj680Gt6EO8NPOIeYIDSKHdA7jTKhW.png\" class=\"yoast-seo-meta-tag\" \/>\n\t<meta property=\"og:image:width\" content=\"1200\" class=\"yoast-seo-meta-tag\" \/>\n\t<meta property=\"og:image:height\" content=\"636\" class=\"yoast-seo-meta-tag\" \/>\n\t<meta property=\"og:image:type\" content=\"image\/png\" class=\"yoast-seo-meta-tag\" \/>\n<meta name=\"author\" content=\"dorogimedence.hu\" class=\"yoast-seo-meta-tag\" \/>\n<meta name=\"twitter:card\" content=\"summary_large_image\" class=\"yoast-seo-meta-tag\" \/>\n<meta name=\"twitter:label1\" content=\"Szerz\u0151:\" class=\"yoast-seo-meta-tag\" \/>\n\t<meta name=\"twitter:data1\" content=\"dorogimedence.hu\" class=\"yoast-seo-meta-tag\" \/>\n\t<meta name=\"twitter:label2\" content=\"Becs\u00fclt olvas\u00e1si id\u0151\" class=\"yoast-seo-meta-tag\" \/>\n\t<meta name=\"twitter:data2\" content=\"2 perc\" class=\"yoast-seo-meta-tag\" \/>\n<script type=\"application\/ld+json\" class=\"yoast-schema-graph\">{\"@context\":\"https:\\\/\\\/schema.org\",\"@graph\":[{\"@type\":\"Article\",\"@id\":\"https:\\\/\\\/dorogimedence.hu\\\/index.php\\\/2023\\\/06\\\/21\\\/ma-lenne-80-eves-a-dorog-egykori-jatekosa-szuromi-antal\\\/#article\",\"isPartOf\":{\"@id\":\"https:\\\/\\\/dorogimedence.hu\\\/index.php\\\/2023\\\/06\\\/21\\\/ma-lenne-80-eves-a-dorog-egykori-jatekosa-szuromi-antal\\\/\"},\"author\":{\"name\":\"dorogimedence.hu\",\"@id\":\"https:\\\/\\\/dorogimedence.hu\\\/#\\\/schema\\\/person\\\/ce6091eeb7e95ecdc87890d6aa8e0fd4\"},\"headline\":\"Ma lenne 80 \u00e9ves a Dorog egykori j\u00e1t\u00e9kosa, Szuromi Antal\",\"datePublished\":\"2023-06-21T12:49:54+00:00\",\"dateModified\":\"2023-06-21T12:51:02+00:00\",\"mainEntityOfPage\":{\"@id\":\"https:\\\/\\\/dorogimedence.hu\\\/index.php\\\/2023\\\/06\\\/21\\\/ma-lenne-80-eves-a-dorog-egykori-jatekosa-szuromi-antal\\\/\"},\"wordCount\":404,\"publisher\":{\"@id\":\"https:\\\/\\\/dorogimedence.hu\\\/#organization\"},\"image\":{\"@id\":\"https:\\\/\\\/dorogimedence.hu\\\/index.php\\\/2023\\\/06\\\/21\\\/ma-lenne-80-eves-a-dorog-egykori-jatekosa-szuromi-antal\\\/#primaryimage\"},\"thumbnailUrl\":\"https:\\\/\\\/dorogimedence.hu\\\/wp-content\\\/uploads\\\/2023\\\/06\\\/wgBuZ2r0XiUj680Gt6EO8NPOIeYIDSKHdA7jTKhW.png\",\"keywords\":[\"Dorog\",\"Dorogi B\u00e1ny\u00e1sz\",\"Dorogi FC\",\"foci\",\"futball\",\"labdar\u00fag\u00e1s\",\"sport\"],\"articleSection\":[\"Dorog\",\"H\u00edrek\",\"Kerek \u00e9vfordul\u00f3k\",\"Sport\"],\"inLanguage\":\"hu\"},{\"@type\":\"WebPage\",\"@id\":\"https:\\\/\\\/dorogimedence.hu\\\/index.php\\\/2023\\\/06\\\/21\\\/ma-lenne-80-eves-a-dorog-egykori-jatekosa-szuromi-antal\\\/\",\"url\":\"https:\\\/\\\/dorogimedence.hu\\\/index.php\\\/2023\\\/06\\\/21\\\/ma-lenne-80-eves-a-dorog-egykori-jatekosa-szuromi-antal\\\/\",\"name\":\"Ma lenne 80 \u00e9ves a Dorog egykori j\u00e1t\u00e9kosa, Szuromi Antal\",\"isPartOf\":{\"@id\":\"https:\\\/\\\/dorogimedence.hu\\\/#website\"},\"primaryImageOfPage\":{\"@id\":\"https:\\\/\\\/dorogimedence.hu\\\/index.php\\\/2023\\\/06\\\/21\\\/ma-lenne-80-eves-a-dorog-egykori-jatekosa-szuromi-antal\\\/#primaryimage\"},\"image\":{\"@id\":\"https:\\\/\\\/dorogimedence.hu\\\/index.php\\\/2023\\\/06\\\/21\\\/ma-lenne-80-eves-a-dorog-egykori-jatekosa-szuromi-antal\\\/#primaryimage\"},\"thumbnailUrl\":\"https:\\\/\\\/dorogimedence.hu\\\/wp-content\\\/uploads\\\/2023\\\/06\\\/wgBuZ2r0XiUj680Gt6EO8NPOIeYIDSKHdA7jTKhW.png\",\"datePublished\":\"2023-06-21T12:49:54+00:00\",\"dateModified\":\"2023-06-21T12:51:02+00:00\",\"breadcrumb\":{\"@id\":\"https:\\\/\\\/dorogimedence.hu\\\/index.php\\\/2023\\\/06\\\/21\\\/ma-lenne-80-eves-a-dorog-egykori-jatekosa-szuromi-antal\\\/#breadcrumb\"},\"inLanguage\":\"hu\",\"potentialAction\":[{\"@type\":\"ReadAction\",\"target\":[\"https:\\\/\\\/dorogimedence.hu\\\/index.php\\\/2023\\\/06\\\/21\\\/ma-lenne-80-eves-a-dorog-egykori-jatekosa-szuromi-antal\\\/\"]}]},{\"@type\":\"ImageObject\",\"inLanguage\":\"hu\",\"@id\":\"https:\\\/\\\/dorogimedence.hu\\\/index.php\\\/2023\\\/06\\\/21\\\/ma-lenne-80-eves-a-dorog-egykori-jatekosa-szuromi-antal\\\/#primaryimage\",\"url\":\"https:\\\/\\\/dorogimedence.hu\\\/wp-content\\\/uploads\\\/2023\\\/06\\\/wgBuZ2r0XiUj680Gt6EO8NPOIeYIDSKHdA7jTKhW.png\",\"contentUrl\":\"https:\\\/\\\/dorogimedence.hu\\\/wp-content\\\/uploads\\\/2023\\\/06\\\/wgBuZ2r0XiUj680Gt6EO8NPOIeYIDSKHdA7jTKhW.png\",\"width\":1200,\"height\":636},{\"@type\":\"BreadcrumbList\",\"@id\":\"https:\\\/\\\/dorogimedence.hu\\\/index.php\\\/2023\\\/06\\\/21\\\/ma-lenne-80-eves-a-dorog-egykori-jatekosa-szuromi-antal\\\/#breadcrumb\",\"itemListElement\":[{\"@type\":\"ListItem\",\"position\":1,\"name\":\"Kezd\u0151lap\",\"item\":\"https:\\\/\\\/dorogimedence.hu\\\/\"},{\"@type\":\"ListItem\",\"position\":2,\"name\":\"Ma lenne 80 \u00e9ves a Dorog egykori j\u00e1t\u00e9kosa, Szuromi Antal\"}]},{\"@type\":\"WebSite\",\"@id\":\"https:\\\/\\\/dorogimedence.hu\\\/#website\",\"url\":\"https:\\\/\\\/dorogimedence.hu\\\/\",\"name\":\"Dorogi-medence Region\u00e1lis H\u00edrport\u00e1l\",\"description\":\"Dorog, Keszt\u00f6lc, Le\u00e1nyv\u00e1r, Piliscs\u00e9v, Tokod, Tokodalt\u00e1r\u00f3, Csolnok, Esztergom-kertv\u00e1ros: h\u00edrek, programok\",\"publisher\":{\"@id\":\"https:\\\/\\\/dorogimedence.hu\\\/#organization\"},\"potentialAction\":[{\"@type\":\"SearchAction\",\"target\":{\"@type\":\"EntryPoint\",\"urlTemplate\":\"https:\\\/\\\/dorogimedence.hu\\\/?s={search_term_string}\"},\"query-input\":{\"@type\":\"PropertyValueSpecification\",\"valueRequired\":true,\"valueName\":\"search_term_string\"}}],\"inLanguage\":\"hu\"},{\"@type\":\"Organization\",\"@id\":\"https:\\\/\\\/dorogimedence.hu\\\/#organization\",\"name\":\"Dorogi-medence Region\u00e1lis H\u00edrport\u00e1l\",\"url\":\"https:\\\/\\\/dorogimedence.hu\\\/\",\"logo\":{\"@type\":\"ImageObject\",\"inLanguage\":\"hu\",\"@id\":\"https:\\\/\\\/dorogimedence.hu\\\/#\\\/schema\\\/logo\\\/image\\\/\",\"url\":\"https:\\\/\\\/dorogimedence.hu\\\/wp-content\\\/uploads\\\/2021\\\/04\\\/logo-feher-600.png\",\"contentUrl\":\"https:\\\/\\\/dorogimedence.hu\\\/wp-content\\\/uploads\\\/2021\\\/04\\\/logo-feher-600.png\",\"width\":600,\"height\":100,\"caption\":\"Dorogi-medence Region\u00e1lis H\u00edrport\u00e1l\"},\"image\":{\"@id\":\"https:\\\/\\\/dorogimedence.hu\\\/#\\\/schema\\\/logo\\\/image\\\/\"},\"sameAs\":[\"https:\\\/\\\/www.facebook.com\\\/dorogimedence\\\/\"]},{\"@type\":\"Person\",\"@id\":\"https:\\\/\\\/dorogimedence.hu\\\/#\\\/schema\\\/person\\\/ce6091eeb7e95ecdc87890d6aa8e0fd4\",\"name\":\"dorogimedence.hu\",\"image\":{\"@type\":\"ImageObject\",\"inLanguage\":\"hu\",\"@id\":\"\\\/\\\/www.gravatar.com\\\/avatar\\\/d8d45f8901aadff40a4af72c0b826f1d?s=96&#038;r=g&#038;d=mm\",\"url\":\"\\\/\\\/www.gravatar.com\\\/avatar\\\/d8d45f8901aadff40a4af72c0b826f1d?s=96&#038;r=g&#038;d=mm\",\"contentUrl\":\"\\\/\\\/www.gravatar.com\\\/avatar\\\/d8d45f8901aadff40a4af72c0b826f1d?s=96&#038;r=g&#038;d=mm\",\"caption\":\"dorogimedence.hu\"}}]}<\/script>\n<!-- \/ Yoast SEO plugin. -->","yoast_head_json":{"title":"Ma lenne 80 \u00e9ves a Dorog egykori j\u00e1t\u00e9kosa, Szuromi Antal","robots":{"index":"index","follow":"follow","max-snippet":"max-snippet:-1","max-image-preview":"max-image-preview:large","max-video-preview":"max-video-preview:-1"},"canonical":"https:\/\/dorogimedence.hu\/index.php\/2023\/06\/21\/ma-lenne-80-eves-a-dorog-egykori-jatekosa-szuromi-antal\/","og_locale":"hu_HU","og_type":"article","og_title":"Ma lenne 80 \u00e9ves a Dorog egykori j\u00e1t\u00e9kosa, Szuromi Antal","og_description":"Ma lenne 80 \u00e9ves a magyar kupa-gy\u0151ztes, egykori Dorog, Tatab\u00e1nya \u00e9s MTK j\u00e1t\u00e9kos, Szuromi Antal &#8211; \u00edrja a Pusk\u00e1s Int\u00e9zet. Szuromi Antal 1943. j\u00fanius 21-\u00e9n a Heves v\u00e1rmegyei Andornakt\u00e1ly\u00e1n l\u00e1tta meg a napvil\u00e1got. A csal\u00e1dj\u00e1val \u00dajpesten \u00e9lt, \u00edgy a p\u00e1lyafut\u00e1s\u00e1t Budapesten, a F\u0151v\u00e1rosi V\u00edzm\u0171vekn\u00e9l kezdte. 1962-ben Buz\u00e1nszky Jen\u0151 h\u00edv\u00e1s\u00e1ra ment Dorogra. Az Aranycsapat legend\u00e1ja h\u00e1rom","og_url":"https:\/\/dorogimedence.hu\/index.php\/2023\/06\/21\/ma-lenne-80-eves-a-dorog-egykori-jatekosa-szuromi-antal\/","og_site_name":"Dorogi-medence Region\u00e1lis H\u00edrport\u00e1l","article_publisher":"https:\/\/www.facebook.com\/dorogimedence\/","article_published_time":"2023-06-21T12:49:54+00:00","article_modified_time":"2023-06-21T12:51:02+00:00","og_image":[{"width":1200,"height":636,"url":"https:\/\/dorogimedence.hu\/wp-content\/uploads\/2023\/06\/wgBuZ2r0XiUj680Gt6EO8NPOIeYIDSKHdA7jTKhW.png","type":"image\/png"}],"author":"dorogimedence.hu","twitter_card":"summary_large_image","twitter_misc":{"Szerz\u0151:":"dorogimedence.hu","Becs\u00fclt olvas\u00e1si id\u0151":"2 perc"},"schema":{"@context":"https:\/\/schema.org","@graph":[{"@type":"Article","@id":"https:\/\/dorogimedence.hu\/index.php\/2023\/06\/21\/ma-lenne-80-eves-a-dorog-egykori-jatekosa-szuromi-antal\/#article","isPartOf":{"@id":"https:\/\/dorogimedence.hu\/index.php\/2023\/06\/21\/ma-lenne-80-eves-a-dorog-egykori-jatekosa-szuromi-antal\/"},"author":{"name":"dorogimedence.hu","@id":"https:\/\/dorogimedence.hu\/#\/schema\/person\/ce6091eeb7e95ecdc87890d6aa8e0fd4"},"headline":"Ma lenne 80 \u00e9ves a Dorog egykori j\u00e1t\u00e9kosa, Szuromi Antal","datePublished":"2023-06-21T12:49:54+00:00","dateModified":"2023-06-21T12:51:02+00:00","mainEntityOfPage":{"@id":"https:\/\/dorogimedence.hu\/index.php\/2023\/06\/21\/ma-lenne-80-eves-a-dorog-egykori-jatekosa-szuromi-antal\/"},"wordCount":404,"publisher":{"@id":"https:\/\/dorogimedence.hu\/#organization"},"image":{"@id":"https:\/\/dorogimedence.hu\/index.php\/2023\/06\/21\/ma-lenne-80-eves-a-dorog-egykori-jatekosa-szuromi-antal\/#primaryimage"},"thumbnailUrl":"https:\/\/dorogimedence.hu\/wp-content\/uploads\/2023\/06\/wgBuZ2r0XiUj680Gt6EO8NPOIeYIDSKHdA7jTKhW.png","keywords":["Dorog","Dorogi B\u00e1ny\u00e1sz","Dorogi FC","foci","futball","labdar\u00fag\u00e1s","sport"],"articleSection":["Dorog","H\u00edrek","Kerek \u00e9vfordul\u00f3k","Sport"],"inLanguage":"hu"},{"@type":"WebPage","@id":"https:\/\/dorogimedence.hu\/index.php\/2023\/06\/21\/ma-lenne-80-eves-a-dorog-egykori-jatekosa-szuromi-antal\/","url":"https:\/\/dorogimedence.hu\/index.php\/2023\/06\/21\/ma-lenne-80-eves-a-dorog-egykori-jatekosa-szuromi-antal\/","name":"Ma lenne 80 \u00e9ves a Dorog egykori j\u00e1t\u00e9kosa, Szuromi Antal","isPartOf":{"@id":"https:\/\/dorogimedence.hu\/#website"},"primaryImageOfPage":{"@id":"https:\/\/dorogimedence.hu\/index.php\/2023\/06\/21\/ma-lenne-80-eves-a-dorog-egykori-jatekosa-szuromi-antal\/#primaryimage"},"image":{"@id":"https:\/\/dorogimedence.hu\/index.php\/2023\/06\/21\/ma-lenne-80-eves-a-dorog-egykori-jatekosa-szuromi-antal\/#primaryimage"},"thumbnailUrl":"https:\/\/dorogimedence.hu\/wp-content\/uploads\/2023\/06\/wgBuZ2r0XiUj680Gt6EO8NPOIeYIDSKHdA7jTKhW.png","datePublished":"2023-06-21T12:49:54+00:00","dateModified":"2023-06-21T12:51:02+00:00","breadcrumb":{"@id":"https:\/\/dorogimedence.hu\/index.php\/2023\/06\/21\/ma-lenne-80-eves-a-dorog-egykori-jatekosa-szuromi-antal\/#breadcrumb"},"inLanguage":"hu","potentialAction":[{"@type":"ReadAction","target":["https:\/\/dorogimedence.hu\/index.php\/2023\/06\/21\/ma-lenne-80-eves-a-dorog-egykori-jatekosa-szuromi-antal\/"]}]},{"@type":"ImageObject","inLanguage":"hu","@id":"https:\/\/dorogimedence.hu\/index.php\/2023\/06\/21\/ma-lenne-80-eves-a-dorog-egykori-jatekosa-szuromi-antal\/#primaryimage","url":"https:\/\/dorogimedence.hu\/wp-content\/uploads\/2023\/06\/wgBuZ2r0XiUj680Gt6EO8NPOIeYIDSKHdA7jTKhW.png","contentUrl":"https:\/\/dorogimedence.hu\/wp-content\/uploads\/2023\/06\/wgBuZ2r0XiUj680Gt6EO8NPOIeYIDSKHdA7jTKhW.png","width":1200,"height":636},{"@type":"BreadcrumbList","@id":"https:\/\/dorogimedence.hu\/index.php\/2023\/06\/21\/ma-lenne-80-eves-a-dorog-egykori-jatekosa-szuromi-antal\/#breadcrumb","itemListElement":[{"@type":"ListItem","position":1,"name":"Kezd\u0151lap","item":"https:\/\/dorogimedence.hu\/"},{"@type":"ListItem","position":2,"name":"Ma lenne 80 \u00e9ves a Dorog egykori j\u00e1t\u00e9kosa, Szuromi Antal"}]},{"@type":"WebSite","@id":"https:\/\/dorogimedence.hu\/#website","url":"https:\/\/dorogimedence.hu\/","name":"Dorogi-medence Region\u00e1lis H\u00edrport\u00e1l","description":"Dorog, Keszt\u00f6lc, Le\u00e1nyv\u00e1r, Piliscs\u00e9v, Tokod, Tokodalt\u00e1r\u00f3, Csolnok, Esztergom-kertv\u00e1ros: h\u00edrek, programok","publisher":{"@id":"https:\/\/dorogimedence.hu\/#organization"},"potentialAction":[{"@type":"SearchAction","target":{"@type":"EntryPoint","urlTemplate":"https:\/\/dorogimedence.hu\/?s={search_term_string}"},"query-input":{"@type":"PropertyValueSpecification","valueRequired":true,"valueName":"search_term_string"}}],"inLanguage":"hu"},{"@type":"Organization","@id":"https:\/\/dorogimedence.hu\/#organization","name":"Dorogi-medence Region\u00e1lis H\u00edrport\u00e1l","url":"https:\/\/dorogimedence.hu\/","logo":{"@type":"ImageObject","inLanguage":"hu","@id":"https:\/\/dorogimedence.hu\/#\/schema\/logo\/image\/","url":"https:\/\/dorogimedence.hu\/wp-content\/uploads\/2021\/04\/logo-feher-600.png","contentUrl":"https:\/\/dorogimedence.hu\/wp-content\/uploads\/2021\/04\/logo-feher-600.png","width":600,"height":100,"caption":"Dorogi-medence Region\u00e1lis H\u00edrport\u00e1l"},"image":{"@id":"https:\/\/dorogimedence.hu\/#\/schema\/logo\/image\/"},"sameAs":["https:\/\/www.facebook.com\/dorogimedence\/"]},{"@type":"Person","@id":"https:\/\/dorogimedence.hu\/#\/schema\/person\/ce6091eeb7e95ecdc87890d6aa8e0fd4","name":"dorogimedence.hu","image":{"@type":"ImageObject","inLanguage":"hu","@id":"\/\/www.gravatar.com\/avatar\/d8d45f8901aadff40a4af72c0b826f1d?s=96&#038;r=g&#038;d=mm","url":"\/\/www.gravatar.com\/avatar\/d8d45f8901aadff40a4af72c0b826f1d?s=96&#038;r=g&#038;d=mm","contentUrl":"\/\/www.gravatar.com\/avatar\/d8d45f8901aadff40a4af72c0b826f1d?s=96&#038;r=g&#038;d=mm","caption":"dorogimedence.hu"}}]}},"_links":{"self":[{"href":"https:\/\/dorogimedence.hu\/index.php\/wp-json\/wp\/v2\/posts\/54354","targetHints":{"allow":["GET"]}}],"collection":[{"href":"https:\/\/dorogimedence.hu\/index.php\/wp-json\/wp\/v2\/posts"}],"about":[{"href":"https:\/\/dorogimedence.hu\/index.php\/wp-json\/wp\/v2\/types\/post"}],"author":[{"embeddable":true,"href":"https:\/\/dorogimedence.hu\/index.php\/wp-json\/wp\/v2\/users\/1"}],"replies":[{"embeddable":true,"href":"https:\/\/dorogimedence.hu\/index.php\/wp-json\/wp\/v2\/comments?post=54354"}],"version-history":[{"count":0,"href":"https:\/\/dorogimedence.hu\/index.php\/wp-json\/wp\/v2\/posts\/54354\/revisions"}],"wp:featuredmedia":[{"embeddable":true,"href":"https:\/\/dorogimedence.hu\/index.php\/wp-json\/wp\/v2\/media\/54356"}],"wp:attachment":[{"href":"https:\/\/dorogimedence.hu\/index.php\/wp-json\/wp\/v2\/media?parent=54354"}],"wp:term":[{"taxonomy":"category","embeddable":true,"href":"https:\/\/dorogimedence.hu\/index.php\/wp-json\/wp\/v2\/categories?post=54354"},{"taxonomy":"post_tag","embeddable":true,"href":"https:\/\/dorogimedence.hu\/index.php\/wp-json\/wp\/v2\/tags?post=54354"}],"curies":[{"name":"wp","href":"https:\/\/api.w.org\/{rel}","templated":true}]}}