{"id":54348,"date":"2023-06-21T08:47:14","date_gmt":"2023-06-21T06:47:14","guid":{"rendered":"https:\/\/dorogimedence.hu\/?p=54348"},"modified":"2023-06-21T08:47:14","modified_gmt":"2023-06-21T06:47:14","slug":"evfordulok-evada-az-esztergomi-varszinhazban","status":"publish","type":"post","link":"https:\/\/dorogimedence.hu\/index.php\/2023\/06\/21\/evfordulok-evada-az-esztergomi-varszinhazban\/","title":{"rendered":"\u00c9vfordul\u00f3k \u00e9vada az Esztergomi V\u00e1rsz\u00ednh\u00e1zban"},"content":{"rendered":"<p><strong>\u00c9vfordul\u00f3k \u00e9vadak\u00e9nt hirdeti meg az Esztergomi V\u00e1rsz\u00ednh\u00e1z ny\u00e1ri m\u0171sor\u00e1t a v\u00e1ros 1050 \u00e9vvel ezel\u0151tti megalap\u00edt\u00e1s\u00e1nak tisztelet\u00e9re<\/strong> <em>&#8211; mondta el az int\u00e9zm\u00e9ny igazgat\u00f3ja az MTI-nek.<\/em><\/p>\n<p>M\u0171fajilag soksz\u00edn\u0171 el\u0151ad\u00e1sokkal, jubil\u00e1l\u00f3 szerz\u0151kre &#8211; Pet\u0151fi S\u00e1ndor, Wass Albert &#8211; eml\u00e9kezve v\u00e1rj\u00e1k a k\u00f6z\u00f6ns\u00e9get hazai \u00e9s hat\u00e1ron t\u00fali t\u00e1rsulatok fell\u00e9p\u00e9seivel, egy t\u00f6bb h\u00e9ten \u00e1t tart\u00f3 \u00f6sszm\u0171v\u00e9szeti sz\u00ednh\u00e1zi tal\u00e1lkoz\u00f3 \u00e9lm\u00e9ny\u00e9vel &#8211; tette hozz\u00e1 Hor\u00e1nyi L\u00e1szl\u00f3.<\/p>\n<p>A V\u00e1rsz\u00ednh\u00e1z \u00e9vadnyit\u00f3j\u00e1t a sz\u00ednh\u00e1zi olimpia el\u0151ad\u00e1sai el\u0151zik meg. A 10. Sz\u00ednh\u00e1zi Olimpia keret\u00e9ben a Theater im G\u00e4rtnerviertel a n\u00e9metorsz\u00e1gi Bambergb\u0151l M\u00e9deia c\u00edm\u0171 produkci\u00f3j\u00e1t mutatja be j\u00fanius 25-\u00e9n, majd j\u00falius 1-j\u00e9n a Kom\u00e1romi J\u00f3kai Sz\u00ednh\u00e1z \u00e9s a V\u00e1rsz\u00ednh\u00e1z koprodukci\u00f3j\u00e1ban Frantisek Langer K\u00fclv\u00e1ros c\u00edm\u0171 darabja l\u00e1that\u00f3 Martin Huba rendez\u00e9s\u00e9ben.<\/p>\n<p>Az igazgat\u00f3 kiemelte, az \u00e9vfordul\u00f3k \u00e9vad\u00e1ban j\u00falius 5-\u00e9n saj\u00e1t produkci\u00f3val eml\u00e9keznek meg Wass Albertr\u0151l. M\u00e9gis vagyunk \u00e9s lesz\u00fcnk c\u00edmmel k\u00e9sz\u00edtettek \u00f6ssze\u00e1ll\u00edt\u00e1st az erd\u00e9lyi magyar \u00edr\u00f3 \u00e9s k\u00f6lt\u0151 hal\u00e1l\u00e1nak 25. \u00e9vfordul\u00f3ja alkalm\u00e1b\u00f3l.<\/p>\n<p>A THE ART Kultur\u00e1lis Egyes\u00fclet a M\u0171v\u00e9szet c\u00edm\u0171 produkci\u00f3val j\u00f6n Esztergomba, j\u00falius 7-\u00e9n. A telep\u00fcl\u00e9s szellemis\u00e9g\u00e9t megid\u00e9zve t\u0171zik m\u0171sorra a Karinthy Ferenc Dunakanyar c\u00edm\u0171 m\u0171v\u00e9b\u0151l k\u00e9sz\u00fclt el\u0151ad\u00e1st a Pesti Magyar Sz\u00ednh\u00e1z m\u0171v\u00e9szeivel. J\u00f3zsef Attila \u00e9s Babits Mih\u00e1ly kapcsolat\u00e1r\u00f3l sz\u00f3l az Exit Gener\u00e1ci\u00f3 zen\u00e9s \u00f6ssze\u00e1ll\u00edt\u00e1sa Magad em\u00e9szt\u0151 c\u00edmmel j\u00falius 8-\u00e1n. Szarka Gyula, a Ghymes egy\u00fcttes alap\u00edt\u00f3ja Pet\u0151fi dics\u00e9rete c\u00edm\u0171 lemez\u00e9nek bemutat\u00f3j\u00e1val tiszteleg a k\u00f6lt\u0151 sz\u00fclet\u00e9s\u00e9nek 200. \u00e9vfordul\u00f3ja el\u0151tt j\u00falius 12-\u00e9n.<\/p>\n<p>A gyerekek, csal\u00e1dok sz\u00e1m\u00e1ra is k\u00e9sz\u00fclnek el\u0151ad\u00e1sokkal. Magyar N\u00e9pmese Sz\u00ednh\u00e1z a Szerencs\u00e9sek szerencs\u00e9je c\u00edm\u0171 mes\u00e9vel j\u00f6n Esztergomba augusztusban. Szint\u00e9n ebben a h\u00f3napban l\u00e1that\u00f3 az Egri csillagok musical, a Magyarock Dalsz\u00ednh\u00e1z el\u0151ad\u00e1sa, valamint a L\u00fadas Matyi a soproni te\u00e1trum \u00e9s Forr\u00e1s Sz\u00ednh\u00e1z k\u00f6z\u00f6s produkci\u00f3jak\u00e9nt.<\/p>\n<p>Augusztus k\u00f6zep\u00e9n az 1050 \u00e9ves Esztergom tisztelet\u00e9re a v\u00e1rosban rendezik Eur\u00f3pa Kultur\u00e1lis F\u0151v\u00e1rosainak Tal\u00e1lkoz\u00f3j\u00e1t, ekkor fell\u00e9pnek temesv\u00e1ri filharmonikusok, \u00e9s m\u0171sort ad a veszpr\u00e9mi Mendelssohn Kamarazenekar Roby Lakatossal.<\/p>\n<p>Az Esztergomi V\u00e1rsz\u00ednh\u00e1z 1962-ben alakult. A v\u00e1r fel\u00faj\u00edt\u00e1sa m\u00e1r \u00fagy t\u00f6rt\u00e9nt, hogy itt kaphasson helyet az \u00faj sz\u00ednh\u00e1z, mely 1990 \u00f3ta m\u0171k\u00f6dik jelenlegi hely\u00e9n a Budai toronyban, ami egy v\u00e1rfalakkal \u00f6vezett katlan.<br \/>\nA sz\u00ednpad a r\u00e9gi t\u00f6r\u00f6k temet\u0151 hely\u00e9n tal\u00e1lhat\u00f3. Az int\u00e9zm\u00e9ny nagy hangs\u00falyt fektet a k\u00fcl\u00f6nb\u00f6z\u0151 nemzetek kult\u00far\u00e1j\u00e1nak bemutat\u00e1s\u00e1ra, \u00e9vente h\u00edv meg hat\u00e1ron t\u00fali magyar sz\u00ednh\u00e1zakat, egy\u00fctteseket, t\u00e1rsulatokat.<\/p>\n<p><img fetchpriority=\"high\" decoding=\"async\" class=\"alignnone size-full wp-image-54350\" src=\"https:\/\/dorogimedence.hu\/wp-content\/uploads\/2023\/06\/347418269_724518116141318_4783549576823684249_n.jpg\" alt=\"\" width=\"1444\" height=\"2048\" srcset=\"https:\/\/dorogimedence.hu\/wp-content\/uploads\/2023\/06\/347418269_724518116141318_4783549576823684249_n.jpg 1444w, https:\/\/dorogimedence.hu\/wp-content\/uploads\/2023\/06\/347418269_724518116141318_4783549576823684249_n-423x600.jpg 423w, https:\/\/dorogimedence.hu\/wp-content\/uploads\/2023\/06\/347418269_724518116141318_4783549576823684249_n-1354x1920.jpg 1354w, https:\/\/dorogimedence.hu\/wp-content\/uploads\/2023\/06\/347418269_724518116141318_4783549576823684249_n-768x1089.jpg 768w, https:\/\/dorogimedence.hu\/wp-content\/uploads\/2023\/06\/347418269_724518116141318_4783549576823684249_n-1083x1536.jpg 1083w, https:\/\/dorogimedence.hu\/wp-content\/uploads\/2023\/06\/347418269_724518116141318_4783549576823684249_n-150x213.jpg 150w, https:\/\/dorogimedence.hu\/wp-content\/uploads\/2023\/06\/347418269_724518116141318_4783549576823684249_n-450x638.jpg 450w, https:\/\/dorogimedence.hu\/wp-content\/uploads\/2023\/06\/347418269_724518116141318_4783549576823684249_n-1200x1702.jpg 1200w\" sizes=\"(max-width: 1444px) 100vw, 1444px\" \/><\/p>\n<p><em>Forr\u00e1s: MTI<\/em><\/p>\n","protected":false},"excerpt":{"rendered":"<p>\u00c9vfordul\u00f3k \u00e9vadak\u00e9nt hirdeti meg az Esztergomi V\u00e1rsz\u00ednh\u00e1z ny\u00e1ri m\u0171sor\u00e1t a v\u00e1ros 1050 \u00e9vvel ezel\u0151tti megalap\u00edt\u00e1s\u00e1nak tisztelet\u00e9re &#8211; mondta el az int\u00e9zm\u00e9ny igazgat\u00f3ja az MTI-nek. M\u0171fajilag soksz\u00edn\u0171 el\u0151ad\u00e1sokkal, jubil\u00e1l\u00f3 szerz\u0151kre &#8211; Pet\u0151fi S\u00e1ndor, Wass Albert &#8211; eml\u00e9kezve v\u00e1rj\u00e1k a k\u00f6z\u00f6ns\u00e9get hazai \u00e9s hat\u00e1ron t\u00fali t\u00e1rsulatok fell\u00e9p\u00e9seivel, egy t\u00f6bb h\u00e9ten \u00e1t tart\u00f3 \u00f6sszm\u0171v\u00e9szeti sz\u00ednh\u00e1zi tal\u00e1lkoz\u00f3 \u00e9lm\u00e9ny\u00e9vel &#8211;<\/p>\n","protected":false},"author":1,"featured_media":54349,"comment_status":"closed","ping_status":"closed","sticky":false,"template":"","format":"standard","meta":{"ngg_post_thumbnail":0,"footnotes":""},"categories":[38,3,3561],"tags":[42,101,709,1245],"class_list":{"0":"post-54348","1":"post","2":"type-post","3":"status-publish","4":"format-standard","5":"has-post-thumbnail","7":"category-esztergom","8":"category-hirek","9":"category-programok","10":"tag-esztergom","11":"tag-program","12":"tag-szinhaz","13":"tag-varszinhaz"},"yoast_head":"<!-- This site is optimized with the Yoast SEO plugin v27.5 - https:\/\/yoast.com\/product\/yoast-seo-wordpress\/ -->\n<title>\u00c9vfordul\u00f3k \u00e9vada az Esztergomi V\u00e1rsz\u00ednh\u00e1zban<\/title>\n<meta name=\"robots\" content=\"index, follow, max-snippet:-1, max-image-preview:large, max-video-preview:-1\" \/>\n<link rel=\"canonical\" href=\"https:\/\/dorogimedence.hu\/index.php\/2023\/06\/21\/evfordulok-evada-az-esztergomi-varszinhazban\/\" class=\"yoast-seo-meta-tag\" \/>\n<meta property=\"og:locale\" content=\"hu_HU\" class=\"yoast-seo-meta-tag\" \/>\n<meta property=\"og:type\" content=\"article\" class=\"yoast-seo-meta-tag\" \/>\n<meta property=\"og:title\" content=\"\u00c9vfordul\u00f3k \u00e9vada az Esztergomi V\u00e1rsz\u00ednh\u00e1zban\" class=\"yoast-seo-meta-tag\" \/>\n<meta property=\"og:description\" content=\"\u00c9vfordul\u00f3k \u00e9vadak\u00e9nt hirdeti meg az Esztergomi V\u00e1rsz\u00ednh\u00e1z ny\u00e1ri m\u0171sor\u00e1t a v\u00e1ros 1050 \u00e9vvel ezel\u0151tti megalap\u00edt\u00e1s\u00e1nak tisztelet\u00e9re &#8211; mondta el az int\u00e9zm\u00e9ny igazgat\u00f3ja az MTI-nek. M\u0171fajilag soksz\u00edn\u0171 el\u0151ad\u00e1sokkal, jubil\u00e1l\u00f3 szerz\u0151kre &#8211; Pet\u0151fi S\u00e1ndor, Wass Albert &#8211; eml\u00e9kezve v\u00e1rj\u00e1k a k\u00f6z\u00f6ns\u00e9get hazai \u00e9s hat\u00e1ron t\u00fali t\u00e1rsulatok fell\u00e9p\u00e9seivel, egy t\u00f6bb h\u00e9ten \u00e1t tart\u00f3 \u00f6sszm\u0171v\u00e9szeti sz\u00ednh\u00e1zi tal\u00e1lkoz\u00f3 \u00e9lm\u00e9ny\u00e9vel &#8211;\" class=\"yoast-seo-meta-tag\" \/>\n<meta property=\"og:url\" content=\"https:\/\/dorogimedence.hu\/index.php\/2023\/06\/21\/evfordulok-evada-az-esztergomi-varszinhazban\/\" class=\"yoast-seo-meta-tag\" \/>\n<meta property=\"og:site_name\" content=\"Dorogi-medence Region\u00e1lis H\u00edrport\u00e1l\" class=\"yoast-seo-meta-tag\" \/>\n<meta property=\"article:publisher\" content=\"https:\/\/www.facebook.com\/dorogimedence\/\" class=\"yoast-seo-meta-tag\" \/>\n<meta property=\"article:published_time\" content=\"2023-06-21T06:47:14+00:00\" class=\"yoast-seo-meta-tag\" \/>\n<meta property=\"og:image\" content=\"https:\/\/dorogimedence.hu\/wp-content\/uploads\/2023\/06\/347556835_811430167207528_6363290549744379319_n.jpg\" class=\"yoast-seo-meta-tag\" \/>\n\t<meta property=\"og:image:width\" content=\"2048\" class=\"yoast-seo-meta-tag\" \/>\n\t<meta property=\"og:image:height\" content=\"1255\" class=\"yoast-seo-meta-tag\" \/>\n\t<meta property=\"og:image:type\" content=\"image\/jpeg\" class=\"yoast-seo-meta-tag\" \/>\n<meta name=\"author\" content=\"dorogimedence.hu\" class=\"yoast-seo-meta-tag\" \/>\n<meta name=\"twitter:card\" content=\"summary_large_image\" class=\"yoast-seo-meta-tag\" \/>\n<meta name=\"twitter:label1\" content=\"Szerz\u0151:\" class=\"yoast-seo-meta-tag\" \/>\n\t<meta name=\"twitter:data1\" content=\"dorogimedence.hu\" class=\"yoast-seo-meta-tag\" \/>\n\t<meta name=\"twitter:label2\" content=\"Becs\u00fclt olvas\u00e1si id\u0151\" class=\"yoast-seo-meta-tag\" \/>\n\t<meta name=\"twitter:data2\" content=\"3 perc\" class=\"yoast-seo-meta-tag\" \/>\n<script type=\"application\/ld+json\" class=\"yoast-schema-graph\">{\"@context\":\"https:\\\/\\\/schema.org\",\"@graph\":[{\"@type\":\"Article\",\"@id\":\"https:\\\/\\\/dorogimedence.hu\\\/index.php\\\/2023\\\/06\\\/21\\\/evfordulok-evada-az-esztergomi-varszinhazban\\\/#article\",\"isPartOf\":{\"@id\":\"https:\\\/\\\/dorogimedence.hu\\\/index.php\\\/2023\\\/06\\\/21\\\/evfordulok-evada-az-esztergomi-varszinhazban\\\/\"},\"author\":{\"name\":\"dorogimedence.hu\",\"@id\":\"https:\\\/\\\/dorogimedence.hu\\\/#\\\/schema\\\/person\\\/ce6091eeb7e95ecdc87890d6aa8e0fd4\"},\"headline\":\"\u00c9vfordul\u00f3k \u00e9vada az Esztergomi V\u00e1rsz\u00ednh\u00e1zban\",\"datePublished\":\"2023-06-21T06:47:14+00:00\",\"mainEntityOfPage\":{\"@id\":\"https:\\\/\\\/dorogimedence.hu\\\/index.php\\\/2023\\\/06\\\/21\\\/evfordulok-evada-az-esztergomi-varszinhazban\\\/\"},\"wordCount\":597,\"publisher\":{\"@id\":\"https:\\\/\\\/dorogimedence.hu\\\/#organization\"},\"image\":{\"@id\":\"https:\\\/\\\/dorogimedence.hu\\\/index.php\\\/2023\\\/06\\\/21\\\/evfordulok-evada-az-esztergomi-varszinhazban\\\/#primaryimage\"},\"thumbnailUrl\":\"https:\\\/\\\/dorogimedence.hu\\\/wp-content\\\/uploads\\\/2023\\\/06\\\/347556835_811430167207528_6363290549744379319_n.jpg\",\"keywords\":[\"esztergom\",\"program\",\"sz\u00ednh\u00e1z\",\"v\u00e1rsz\u00ednh\u00e1z\"],\"articleSection\":[\"Esztergom\",\"H\u00edrek\",\"Programok\"],\"inLanguage\":\"hu\"},{\"@type\":\"WebPage\",\"@id\":\"https:\\\/\\\/dorogimedence.hu\\\/index.php\\\/2023\\\/06\\\/21\\\/evfordulok-evada-az-esztergomi-varszinhazban\\\/\",\"url\":\"https:\\\/\\\/dorogimedence.hu\\\/index.php\\\/2023\\\/06\\\/21\\\/evfordulok-evada-az-esztergomi-varszinhazban\\\/\",\"name\":\"\u00c9vfordul\u00f3k \u00e9vada az Esztergomi V\u00e1rsz\u00ednh\u00e1zban\",\"isPartOf\":{\"@id\":\"https:\\\/\\\/dorogimedence.hu\\\/#website\"},\"primaryImageOfPage\":{\"@id\":\"https:\\\/\\\/dorogimedence.hu\\\/index.php\\\/2023\\\/06\\\/21\\\/evfordulok-evada-az-esztergomi-varszinhazban\\\/#primaryimage\"},\"image\":{\"@id\":\"https:\\\/\\\/dorogimedence.hu\\\/index.php\\\/2023\\\/06\\\/21\\\/evfordulok-evada-az-esztergomi-varszinhazban\\\/#primaryimage\"},\"thumbnailUrl\":\"https:\\\/\\\/dorogimedence.hu\\\/wp-content\\\/uploads\\\/2023\\\/06\\\/347556835_811430167207528_6363290549744379319_n.jpg\",\"datePublished\":\"2023-06-21T06:47:14+00:00\",\"breadcrumb\":{\"@id\":\"https:\\\/\\\/dorogimedence.hu\\\/index.php\\\/2023\\\/06\\\/21\\\/evfordulok-evada-az-esztergomi-varszinhazban\\\/#breadcrumb\"},\"inLanguage\":\"hu\",\"potentialAction\":[{\"@type\":\"ReadAction\",\"target\":[\"https:\\\/\\\/dorogimedence.hu\\\/index.php\\\/2023\\\/06\\\/21\\\/evfordulok-evada-az-esztergomi-varszinhazban\\\/\"]}]},{\"@type\":\"ImageObject\",\"inLanguage\":\"hu\",\"@id\":\"https:\\\/\\\/dorogimedence.hu\\\/index.php\\\/2023\\\/06\\\/21\\\/evfordulok-evada-az-esztergomi-varszinhazban\\\/#primaryimage\",\"url\":\"https:\\\/\\\/dorogimedence.hu\\\/wp-content\\\/uploads\\\/2023\\\/06\\\/347556835_811430167207528_6363290549744379319_n.jpg\",\"contentUrl\":\"https:\\\/\\\/dorogimedence.hu\\\/wp-content\\\/uploads\\\/2023\\\/06\\\/347556835_811430167207528_6363290549744379319_n.jpg\",\"width\":2048,\"height\":1255},{\"@type\":\"BreadcrumbList\",\"@id\":\"https:\\\/\\\/dorogimedence.hu\\\/index.php\\\/2023\\\/06\\\/21\\\/evfordulok-evada-az-esztergomi-varszinhazban\\\/#breadcrumb\",\"itemListElement\":[{\"@type\":\"ListItem\",\"position\":1,\"name\":\"Kezd\u0151lap\",\"item\":\"https:\\\/\\\/dorogimedence.hu\\\/\"},{\"@type\":\"ListItem\",\"position\":2,\"name\":\"\u00c9vfordul\u00f3k \u00e9vada az Esztergomi V\u00e1rsz\u00ednh\u00e1zban\"}]},{\"@type\":\"WebSite\",\"@id\":\"https:\\\/\\\/dorogimedence.hu\\\/#website\",\"url\":\"https:\\\/\\\/dorogimedence.hu\\\/\",\"name\":\"Dorogi-medence Region\u00e1lis H\u00edrport\u00e1l\",\"description\":\"Dorog, Keszt\u00f6lc, Le\u00e1nyv\u00e1r, Piliscs\u00e9v, Tokod, Tokodalt\u00e1r\u00f3, Csolnok, Esztergom-kertv\u00e1ros: h\u00edrek, programok\",\"publisher\":{\"@id\":\"https:\\\/\\\/dorogimedence.hu\\\/#organization\"},\"potentialAction\":[{\"@type\":\"SearchAction\",\"target\":{\"@type\":\"EntryPoint\",\"urlTemplate\":\"https:\\\/\\\/dorogimedence.hu\\\/?s={search_term_string}\"},\"query-input\":{\"@type\":\"PropertyValueSpecification\",\"valueRequired\":true,\"valueName\":\"search_term_string\"}}],\"inLanguage\":\"hu\"},{\"@type\":\"Organization\",\"@id\":\"https:\\\/\\\/dorogimedence.hu\\\/#organization\",\"name\":\"Dorogi-medence Region\u00e1lis H\u00edrport\u00e1l\",\"url\":\"https:\\\/\\\/dorogimedence.hu\\\/\",\"logo\":{\"@type\":\"ImageObject\",\"inLanguage\":\"hu\",\"@id\":\"https:\\\/\\\/dorogimedence.hu\\\/#\\\/schema\\\/logo\\\/image\\\/\",\"url\":\"https:\\\/\\\/dorogimedence.hu\\\/wp-content\\\/uploads\\\/2021\\\/04\\\/logo-feher-600.png\",\"contentUrl\":\"https:\\\/\\\/dorogimedence.hu\\\/wp-content\\\/uploads\\\/2021\\\/04\\\/logo-feher-600.png\",\"width\":600,\"height\":100,\"caption\":\"Dorogi-medence Region\u00e1lis H\u00edrport\u00e1l\"},\"image\":{\"@id\":\"https:\\\/\\\/dorogimedence.hu\\\/#\\\/schema\\\/logo\\\/image\\\/\"},\"sameAs\":[\"https:\\\/\\\/www.facebook.com\\\/dorogimedence\\\/\"]},{\"@type\":\"Person\",\"@id\":\"https:\\\/\\\/dorogimedence.hu\\\/#\\\/schema\\\/person\\\/ce6091eeb7e95ecdc87890d6aa8e0fd4\",\"name\":\"dorogimedence.hu\",\"image\":{\"@type\":\"ImageObject\",\"inLanguage\":\"hu\",\"@id\":\"\\\/\\\/www.gravatar.com\\\/avatar\\\/d8d45f8901aadff40a4af72c0b826f1d?s=96&#038;r=g&#038;d=mm\",\"url\":\"\\\/\\\/www.gravatar.com\\\/avatar\\\/d8d45f8901aadff40a4af72c0b826f1d?s=96&#038;r=g&#038;d=mm\",\"contentUrl\":\"\\\/\\\/www.gravatar.com\\\/avatar\\\/d8d45f8901aadff40a4af72c0b826f1d?s=96&#038;r=g&#038;d=mm\",\"caption\":\"dorogimedence.hu\"}}]}<\/script>\n<!-- \/ Yoast SEO plugin. -->","yoast_head_json":{"title":"\u00c9vfordul\u00f3k \u00e9vada az Esztergomi V\u00e1rsz\u00ednh\u00e1zban","robots":{"index":"index","follow":"follow","max-snippet":"max-snippet:-1","max-image-preview":"max-image-preview:large","max-video-preview":"max-video-preview:-1"},"canonical":"https:\/\/dorogimedence.hu\/index.php\/2023\/06\/21\/evfordulok-evada-az-esztergomi-varszinhazban\/","og_locale":"hu_HU","og_type":"article","og_title":"\u00c9vfordul\u00f3k \u00e9vada az Esztergomi V\u00e1rsz\u00ednh\u00e1zban","og_description":"\u00c9vfordul\u00f3k \u00e9vadak\u00e9nt hirdeti meg az Esztergomi V\u00e1rsz\u00ednh\u00e1z ny\u00e1ri m\u0171sor\u00e1t a v\u00e1ros 1050 \u00e9vvel ezel\u0151tti megalap\u00edt\u00e1s\u00e1nak tisztelet\u00e9re &#8211; mondta el az int\u00e9zm\u00e9ny igazgat\u00f3ja az MTI-nek. M\u0171fajilag soksz\u00edn\u0171 el\u0151ad\u00e1sokkal, jubil\u00e1l\u00f3 szerz\u0151kre &#8211; Pet\u0151fi S\u00e1ndor, Wass Albert &#8211; eml\u00e9kezve v\u00e1rj\u00e1k a k\u00f6z\u00f6ns\u00e9get hazai \u00e9s hat\u00e1ron t\u00fali t\u00e1rsulatok fell\u00e9p\u00e9seivel, egy t\u00f6bb h\u00e9ten \u00e1t tart\u00f3 \u00f6sszm\u0171v\u00e9szeti sz\u00ednh\u00e1zi tal\u00e1lkoz\u00f3 \u00e9lm\u00e9ny\u00e9vel &#8211;","og_url":"https:\/\/dorogimedence.hu\/index.php\/2023\/06\/21\/evfordulok-evada-az-esztergomi-varszinhazban\/","og_site_name":"Dorogi-medence Region\u00e1lis H\u00edrport\u00e1l","article_publisher":"https:\/\/www.facebook.com\/dorogimedence\/","article_published_time":"2023-06-21T06:47:14+00:00","og_image":[{"width":2048,"height":1255,"url":"https:\/\/dorogimedence.hu\/wp-content\/uploads\/2023\/06\/347556835_811430167207528_6363290549744379319_n.jpg","type":"image\/jpeg"}],"author":"dorogimedence.hu","twitter_card":"summary_large_image","twitter_misc":{"Szerz\u0151:":"dorogimedence.hu","Becs\u00fclt olvas\u00e1si id\u0151":"3 perc"},"schema":{"@context":"https:\/\/schema.org","@graph":[{"@type":"Article","@id":"https:\/\/dorogimedence.hu\/index.php\/2023\/06\/21\/evfordulok-evada-az-esztergomi-varszinhazban\/#article","isPartOf":{"@id":"https:\/\/dorogimedence.hu\/index.php\/2023\/06\/21\/evfordulok-evada-az-esztergomi-varszinhazban\/"},"author":{"name":"dorogimedence.hu","@id":"https:\/\/dorogimedence.hu\/#\/schema\/person\/ce6091eeb7e95ecdc87890d6aa8e0fd4"},"headline":"\u00c9vfordul\u00f3k \u00e9vada az Esztergomi V\u00e1rsz\u00ednh\u00e1zban","datePublished":"2023-06-21T06:47:14+00:00","mainEntityOfPage":{"@id":"https:\/\/dorogimedence.hu\/index.php\/2023\/06\/21\/evfordulok-evada-az-esztergomi-varszinhazban\/"},"wordCount":597,"publisher":{"@id":"https:\/\/dorogimedence.hu\/#organization"},"image":{"@id":"https:\/\/dorogimedence.hu\/index.php\/2023\/06\/21\/evfordulok-evada-az-esztergomi-varszinhazban\/#primaryimage"},"thumbnailUrl":"https:\/\/dorogimedence.hu\/wp-content\/uploads\/2023\/06\/347556835_811430167207528_6363290549744379319_n.jpg","keywords":["esztergom","program","sz\u00ednh\u00e1z","v\u00e1rsz\u00ednh\u00e1z"],"articleSection":["Esztergom","H\u00edrek","Programok"],"inLanguage":"hu"},{"@type":"WebPage","@id":"https:\/\/dorogimedence.hu\/index.php\/2023\/06\/21\/evfordulok-evada-az-esztergomi-varszinhazban\/","url":"https:\/\/dorogimedence.hu\/index.php\/2023\/06\/21\/evfordulok-evada-az-esztergomi-varszinhazban\/","name":"\u00c9vfordul\u00f3k \u00e9vada az Esztergomi V\u00e1rsz\u00ednh\u00e1zban","isPartOf":{"@id":"https:\/\/dorogimedence.hu\/#website"},"primaryImageOfPage":{"@id":"https:\/\/dorogimedence.hu\/index.php\/2023\/06\/21\/evfordulok-evada-az-esztergomi-varszinhazban\/#primaryimage"},"image":{"@id":"https:\/\/dorogimedence.hu\/index.php\/2023\/06\/21\/evfordulok-evada-az-esztergomi-varszinhazban\/#primaryimage"},"thumbnailUrl":"https:\/\/dorogimedence.hu\/wp-content\/uploads\/2023\/06\/347556835_811430167207528_6363290549744379319_n.jpg","datePublished":"2023-06-21T06:47:14+00:00","breadcrumb":{"@id":"https:\/\/dorogimedence.hu\/index.php\/2023\/06\/21\/evfordulok-evada-az-esztergomi-varszinhazban\/#breadcrumb"},"inLanguage":"hu","potentialAction":[{"@type":"ReadAction","target":["https:\/\/dorogimedence.hu\/index.php\/2023\/06\/21\/evfordulok-evada-az-esztergomi-varszinhazban\/"]}]},{"@type":"ImageObject","inLanguage":"hu","@id":"https:\/\/dorogimedence.hu\/index.php\/2023\/06\/21\/evfordulok-evada-az-esztergomi-varszinhazban\/#primaryimage","url":"https:\/\/dorogimedence.hu\/wp-content\/uploads\/2023\/06\/347556835_811430167207528_6363290549744379319_n.jpg","contentUrl":"https:\/\/dorogimedence.hu\/wp-content\/uploads\/2023\/06\/347556835_811430167207528_6363290549744379319_n.jpg","width":2048,"height":1255},{"@type":"BreadcrumbList","@id":"https:\/\/dorogimedence.hu\/index.php\/2023\/06\/21\/evfordulok-evada-az-esztergomi-varszinhazban\/#breadcrumb","itemListElement":[{"@type":"ListItem","position":1,"name":"Kezd\u0151lap","item":"https:\/\/dorogimedence.hu\/"},{"@type":"ListItem","position":2,"name":"\u00c9vfordul\u00f3k \u00e9vada az Esztergomi V\u00e1rsz\u00ednh\u00e1zban"}]},{"@type":"WebSite","@id":"https:\/\/dorogimedence.hu\/#website","url":"https:\/\/dorogimedence.hu\/","name":"Dorogi-medence Region\u00e1lis H\u00edrport\u00e1l","description":"Dorog, Keszt\u00f6lc, Le\u00e1nyv\u00e1r, Piliscs\u00e9v, Tokod, Tokodalt\u00e1r\u00f3, Csolnok, Esztergom-kertv\u00e1ros: h\u00edrek, programok","publisher":{"@id":"https:\/\/dorogimedence.hu\/#organization"},"potentialAction":[{"@type":"SearchAction","target":{"@type":"EntryPoint","urlTemplate":"https:\/\/dorogimedence.hu\/?s={search_term_string}"},"query-input":{"@type":"PropertyValueSpecification","valueRequired":true,"valueName":"search_term_string"}}],"inLanguage":"hu"},{"@type":"Organization","@id":"https:\/\/dorogimedence.hu\/#organization","name":"Dorogi-medence Region\u00e1lis H\u00edrport\u00e1l","url":"https:\/\/dorogimedence.hu\/","logo":{"@type":"ImageObject","inLanguage":"hu","@id":"https:\/\/dorogimedence.hu\/#\/schema\/logo\/image\/","url":"https:\/\/dorogimedence.hu\/wp-content\/uploads\/2021\/04\/logo-feher-600.png","contentUrl":"https:\/\/dorogimedence.hu\/wp-content\/uploads\/2021\/04\/logo-feher-600.png","width":600,"height":100,"caption":"Dorogi-medence Region\u00e1lis H\u00edrport\u00e1l"},"image":{"@id":"https:\/\/dorogimedence.hu\/#\/schema\/logo\/image\/"},"sameAs":["https:\/\/www.facebook.com\/dorogimedence\/"]},{"@type":"Person","@id":"https:\/\/dorogimedence.hu\/#\/schema\/person\/ce6091eeb7e95ecdc87890d6aa8e0fd4","name":"dorogimedence.hu","image":{"@type":"ImageObject","inLanguage":"hu","@id":"\/\/www.gravatar.com\/avatar\/d8d45f8901aadff40a4af72c0b826f1d?s=96&#038;r=g&#038;d=mm","url":"\/\/www.gravatar.com\/avatar\/d8d45f8901aadff40a4af72c0b826f1d?s=96&#038;r=g&#038;d=mm","contentUrl":"\/\/www.gravatar.com\/avatar\/d8d45f8901aadff40a4af72c0b826f1d?s=96&#038;r=g&#038;d=mm","caption":"dorogimedence.hu"}}]}},"_links":{"self":[{"href":"https:\/\/dorogimedence.hu\/index.php\/wp-json\/wp\/v2\/posts\/54348","targetHints":{"allow":["GET"]}}],"collection":[{"href":"https:\/\/dorogimedence.hu\/index.php\/wp-json\/wp\/v2\/posts"}],"about":[{"href":"https:\/\/dorogimedence.hu\/index.php\/wp-json\/wp\/v2\/types\/post"}],"author":[{"embeddable":true,"href":"https:\/\/dorogimedence.hu\/index.php\/wp-json\/wp\/v2\/users\/1"}],"replies":[{"embeddable":true,"href":"https:\/\/dorogimedence.hu\/index.php\/wp-json\/wp\/v2\/comments?post=54348"}],"version-history":[{"count":0,"href":"https:\/\/dorogimedence.hu\/index.php\/wp-json\/wp\/v2\/posts\/54348\/revisions"}],"wp:featuredmedia":[{"embeddable":true,"href":"https:\/\/dorogimedence.hu\/index.php\/wp-json\/wp\/v2\/media\/54349"}],"wp:attachment":[{"href":"https:\/\/dorogimedence.hu\/index.php\/wp-json\/wp\/v2\/media?parent=54348"}],"wp:term":[{"taxonomy":"category","embeddable":true,"href":"https:\/\/dorogimedence.hu\/index.php\/wp-json\/wp\/v2\/categories?post=54348"},{"taxonomy":"post_tag","embeddable":true,"href":"https:\/\/dorogimedence.hu\/index.php\/wp-json\/wp\/v2\/tags?post=54348"}],"curies":[{"name":"wp","href":"https:\/\/api.w.org\/{rel}","templated":true}]}}