{"id":54308,"date":"2023-06-20T10:32:37","date_gmt":"2023-06-20T08:32:37","guid":{"rendered":"https:\/\/dorogimedence.hu\/?p=54308"},"modified":"2023-06-20T10:37:40","modified_gmt":"2023-06-20T08:37:40","slug":"70-millio-forintot-biztosit-a-felnott-labdarugasra-a-dorogi-onkormanyzat","status":"publish","type":"post","link":"https:\/\/dorogimedence.hu\/index.php\/2023\/06\/20\/70-millio-forintot-biztosit-a-felnott-labdarugasra-a-dorogi-onkormanyzat\/","title":{"rendered":"70 milli\u00f3 forintot biztos\u00edt a feln\u0151tt labdar\u00fag\u00e1sra a dorogi \u00f6nkorm\u00e1nyzat"},"content":{"rendered":"<p><strong>Az \u00f6nkorm\u00e1nyzat d\u00f6nt\u00f6tt a feln\u0151tt labdar\u00fag\u00e1s j\u00f6v\u0151j\u00e9r\u0151l. Az ezzel kapcsolatos \u2013 a v\u00e1ros <a href=\"https:\/\/www.dorog.hu\/content\/49994-polgarmesteri-tajekoztato-a-dorogi-labdarugas-helyzeterol\" target=\"_blank\" rel=\"noopener\"><span style=\"text-decoration: underline; color: #0000ff;\">honlapj\u00e1n<\/span><\/a> megjelent \u2013 polg\u00e1rmesteri t\u00e1j\u00e9koztat\u00f3t v\u00e1ltozatlanul k\u00f6z\u00f6lj\u00fck!<\/strong><\/p>\n<p>&#8222;Dorog V\u00e1ros \u00d6nkorm\u00e1nyzat\u00e1nak K\u00e9pvisel\u0151-test\u00fclete j\u00fanius 19-i \u00fcl\u00e9s\u00e9n d\u00f6nt\u00f6tt arr\u00f3l, hogy a dorogi feln\u0151tt labdar\u00fag\u00e1s folytat\u00e1sa \u00e9rdek\u00e9ben megv\u00e1s\u00e1rolja a Dorogi Futball Szolg\u00e1ltat\u00f3 Kft. 50%-os \u00fczletr\u00e9sz\u00e9t.<\/p>\n<p>A gazdas\u00e1gi t\u00e1rsas\u00e1g m\u00e1sik tulajdonosa a Dorogi Futball Club a labdar\u00fag\u00f3 ut\u00e1np\u00f3tl\u00e1s nevel\u00e9s feladat\u00e1t l\u00e1tja el tov\u00e1bbra is.<\/p>\n<p>Az \u00f6nkorm\u00e1nyzat K\u00e9pvisel\u0151-test\u00fclete Bl\u00e1zsik Ferencet b\u00edzta meg a feln\u0151tt labdar\u00fag\u00e1s szakmai igazgat\u00e1s\u00e1val. K\u00e9pvisel\u0151-test\u00fclet\u00fcnk d\u00f6nt\u00f6tt arr\u00f3l is, hogy a Dorogi Buz\u00e1nszky Jen\u0151 Stadion \u00fczemeltet\u00e9s\u00e9re 35 milli\u00f3 Ft-ot ford\u00edt. A feln\u0151tt labdar\u00fag\u00e1s t\u00e1mogat\u00e1s\u00e1ra 70 milli\u00f3 Ft-ot k\u00edv\u00e1n biztos\u00edtani.<\/p>\n<p>A K\u00e9pvisel\u0151-test\u00fclet szerepv\u00e1llal\u00e1s\u00e1nak indoka az NB III-as szerepl\u00e9s felt\u00e9teleinek, valamint az ut\u00e1np\u00f3tl\u00e1s nevel\u00e9s sz\u00e1m\u00e1ra fontos feln\u0151tt labdar\u00fag\u00e1s kapcsolat\u00e1nak biztos\u00edt\u00e1sa.&#8221;<\/p>\n<p><em>Dr. Tittmann J\u00e1nos s.k.<\/em><br \/>\n<em>polg\u00e1rmester<\/em><\/p>\n<p>A polg\u00e1rmester ezzel kapcsolatos vide\u00f3\u00fczenete:<\/p>\n<p><iframe title=\"dm 2023 06 20\" width=\"755\" height=\"425\" src=\"https:\/\/www.youtube.com\/embed\/3vmTENjZZb8?feature=oembed\" frameborder=\"0\" allow=\"accelerometer; autoplay; clipboard-write; encrypted-media; gyroscope; picture-in-picture; web-share\" referrerpolicy=\"strict-origin-when-cross-origin\" allowfullscreen><\/iframe><\/p>\n<p><strong>Kieg\u00e9sz\u00edt\u00e9s: A Nemzeti Sport \u00fagy tudja, hogy Bek\u0151 Bal\u00e1zs lesz a Dorogi FC vezet\u0151edz\u0151je! <a href=\"https:\/\/dorogimedence.hu\/index.php\/2023\/06\/20\/beko-balazs-lesz-a-dorogi-fc-vezetoedzoje\/\" target=\"_blank\" rel=\"noopener\"><span style=\"text-decoration: underline;\"><span style=\"color: #0000ff; text-decoration: underline;\">Tov\u00e1bbi r\u00e9szletek&gt;&gt;<\/span><\/span><\/a><\/strong><\/p>\n","protected":false},"excerpt":{"rendered":"<p>Az \u00f6nkorm\u00e1nyzat d\u00f6nt\u00f6tt a feln\u0151tt labdar\u00fag\u00e1s j\u00f6v\u0151j\u00e9r\u0151l. Az ezzel kapcsolatos \u2013 a v\u00e1ros honlapj\u00e1n megjelent \u2013 polg\u00e1rmesteri t\u00e1j\u00e9koztat\u00f3t v\u00e1ltozatlanul k\u00f6z\u00f6lj\u00fck! &#8222;Dorog V\u00e1ros \u00d6nkorm\u00e1nyzat\u00e1nak K\u00e9pvisel\u0151-test\u00fclete j\u00fanius 19-i \u00fcl\u00e9s\u00e9n d\u00f6nt\u00f6tt arr\u00f3l, hogy a dorogi feln\u0151tt labdar\u00fag\u00e1s folytat\u00e1sa \u00e9rdek\u00e9ben megv\u00e1s\u00e1rolja a Dorogi Futball Szolg\u00e1ltat\u00f3 Kft. 50%-os \u00fczletr\u00e9sz\u00e9t. A gazdas\u00e1gi t\u00e1rsas\u00e1g m\u00e1sik tulajdonosa a Dorogi Futball Club a labdar\u00fag\u00f3<\/p>\n","protected":false},"author":1,"featured_media":44596,"comment_status":"closed","ping_status":"closed","sticky":false,"template":"","format":"standard","meta":{"ngg_post_thumbnail":0,"footnotes":""},"categories":[2,3,5],"tags":[15,37,70,69,72,263,16],"class_list":{"0":"post-54308","1":"post","2":"type-post","3":"status-publish","4":"format-standard","5":"has-post-thumbnail","7":"category-dorog","8":"category-hirek","9":"category-sport","10":"tag-dorog","11":"tag-dorogi-fc","12":"tag-foci","13":"tag-futball","14":"tag-labdarugas","15":"tag-nb-ii","16":"tag-sport"},"yoast_head":"<!-- This site is optimized with the Yoast SEO plugin v27.5 - https:\/\/yoast.com\/product\/yoast-seo-wordpress\/ -->\n<title>70 milli\u00f3 forintot biztos\u00edt a feln\u0151tt labdar\u00fag\u00e1sra a dorogi \u00f6nkorm\u00e1nyzat<\/title>\n<meta name=\"robots\" content=\"index, follow, max-snippet:-1, max-image-preview:large, max-video-preview:-1\" \/>\n<link rel=\"canonical\" href=\"https:\/\/dorogimedence.hu\/index.php\/2023\/06\/20\/70-millio-forintot-biztosit-a-felnott-labdarugasra-a-dorogi-onkormanyzat\/\" class=\"yoast-seo-meta-tag\" \/>\n<meta property=\"og:locale\" content=\"hu_HU\" class=\"yoast-seo-meta-tag\" \/>\n<meta property=\"og:type\" content=\"article\" class=\"yoast-seo-meta-tag\" \/>\n<meta property=\"og:title\" content=\"70 milli\u00f3 forintot biztos\u00edt a feln\u0151tt labdar\u00fag\u00e1sra a dorogi \u00f6nkorm\u00e1nyzat\" class=\"yoast-seo-meta-tag\" \/>\n<meta property=\"og:description\" content=\"Az \u00f6nkorm\u00e1nyzat d\u00f6nt\u00f6tt a feln\u0151tt labdar\u00fag\u00e1s j\u00f6v\u0151j\u00e9r\u0151l. Az ezzel kapcsolatos \u2013 a v\u00e1ros honlapj\u00e1n megjelent \u2013 polg\u00e1rmesteri t\u00e1j\u00e9koztat\u00f3t v\u00e1ltozatlanul k\u00f6z\u00f6lj\u00fck! &#8222;Dorog V\u00e1ros \u00d6nkorm\u00e1nyzat\u00e1nak K\u00e9pvisel\u0151-test\u00fclete j\u00fanius 19-i \u00fcl\u00e9s\u00e9n d\u00f6nt\u00f6tt arr\u00f3l, hogy a dorogi feln\u0151tt labdar\u00fag\u00e1s folytat\u00e1sa \u00e9rdek\u00e9ben megv\u00e1s\u00e1rolja a Dorogi Futball Szolg\u00e1ltat\u00f3 Kft. 50%-os \u00fczletr\u00e9sz\u00e9t. A gazdas\u00e1gi t\u00e1rsas\u00e1g m\u00e1sik tulajdonosa a Dorogi Futball Club a labdar\u00fag\u00f3\" class=\"yoast-seo-meta-tag\" \/>\n<meta property=\"og:url\" content=\"https:\/\/dorogimedence.hu\/index.php\/2023\/06\/20\/70-millio-forintot-biztosit-a-felnott-labdarugasra-a-dorogi-onkormanyzat\/\" class=\"yoast-seo-meta-tag\" \/>\n<meta property=\"og:site_name\" content=\"Dorogi-medence Region\u00e1lis H\u00edrport\u00e1l\" class=\"yoast-seo-meta-tag\" \/>\n<meta property=\"article:publisher\" content=\"https:\/\/www.facebook.com\/dorogimedence\/\" class=\"yoast-seo-meta-tag\" \/>\n<meta property=\"article:published_time\" content=\"2023-06-20T08:32:37+00:00\" class=\"yoast-seo-meta-tag\" \/>\n<meta property=\"article:modified_time\" content=\"2023-06-20T08:37:40+00:00\" class=\"yoast-seo-meta-tag\" \/>\n<meta property=\"og:image\" content=\"https:\/\/dorogimedence.hu\/wp-content\/uploads\/2022\/07\/focilabda.jpg\" class=\"yoast-seo-meta-tag\" \/>\n\t<meta property=\"og:image:width\" content=\"1920\" class=\"yoast-seo-meta-tag\" \/>\n\t<meta property=\"og:image:height\" content=\"1161\" class=\"yoast-seo-meta-tag\" \/>\n\t<meta property=\"og:image:type\" content=\"image\/jpeg\" class=\"yoast-seo-meta-tag\" \/>\n<meta name=\"author\" content=\"dorogimedence.hu\" class=\"yoast-seo-meta-tag\" \/>\n<meta name=\"twitter:card\" content=\"summary_large_image\" class=\"yoast-seo-meta-tag\" \/>\n<meta name=\"twitter:label1\" content=\"Szerz\u0151:\" class=\"yoast-seo-meta-tag\" \/>\n\t<meta name=\"twitter:data1\" content=\"dorogimedence.hu\" class=\"yoast-seo-meta-tag\" \/>\n\t<meta name=\"twitter:label2\" content=\"Becs\u00fclt olvas\u00e1si id\u0151\" class=\"yoast-seo-meta-tag\" \/>\n\t<meta name=\"twitter:data2\" content=\"1 perc\" class=\"yoast-seo-meta-tag\" \/>\n<script type=\"application\/ld+json\" class=\"yoast-schema-graph\">{\"@context\":\"https:\\\/\\\/schema.org\",\"@graph\":[{\"@type\":\"Article\",\"@id\":\"https:\\\/\\\/dorogimedence.hu\\\/index.php\\\/2023\\\/06\\\/20\\\/70-millio-forintot-biztosit-a-felnott-labdarugasra-a-dorogi-onkormanyzat\\\/#article\",\"isPartOf\":{\"@id\":\"https:\\\/\\\/dorogimedence.hu\\\/index.php\\\/2023\\\/06\\\/20\\\/70-millio-forintot-biztosit-a-felnott-labdarugasra-a-dorogi-onkormanyzat\\\/\"},\"author\":{\"name\":\"dorogimedence.hu\",\"@id\":\"https:\\\/\\\/dorogimedence.hu\\\/#\\\/schema\\\/person\\\/ce6091eeb7e95ecdc87890d6aa8e0fd4\"},\"headline\":\"70 milli\u00f3 forintot biztos\u00edt a feln\u0151tt labdar\u00fag\u00e1sra a dorogi \u00f6nkorm\u00e1nyzat\",\"datePublished\":\"2023-06-20T08:32:37+00:00\",\"dateModified\":\"2023-06-20T08:37:40+00:00\",\"mainEntityOfPage\":{\"@id\":\"https:\\\/\\\/dorogimedence.hu\\\/index.php\\\/2023\\\/06\\\/20\\\/70-millio-forintot-biztosit-a-felnott-labdarugasra-a-dorogi-onkormanyzat\\\/\"},\"wordCount\":280,\"publisher\":{\"@id\":\"https:\\\/\\\/dorogimedence.hu\\\/#organization\"},\"image\":{\"@id\":\"https:\\\/\\\/dorogimedence.hu\\\/index.php\\\/2023\\\/06\\\/20\\\/70-millio-forintot-biztosit-a-felnott-labdarugasra-a-dorogi-onkormanyzat\\\/#primaryimage\"},\"thumbnailUrl\":\"https:\\\/\\\/dorogimedence.hu\\\/wp-content\\\/uploads\\\/2022\\\/07\\\/focilabda.jpg\",\"keywords\":[\"Dorog\",\"Dorogi FC\",\"foci\",\"futball\",\"labdar\u00fag\u00e1s\",\"NB II\",\"sport\"],\"articleSection\":[\"Dorog\",\"H\u00edrek\",\"Sport\"],\"inLanguage\":\"hu\"},{\"@type\":\"WebPage\",\"@id\":\"https:\\\/\\\/dorogimedence.hu\\\/index.php\\\/2023\\\/06\\\/20\\\/70-millio-forintot-biztosit-a-felnott-labdarugasra-a-dorogi-onkormanyzat\\\/\",\"url\":\"https:\\\/\\\/dorogimedence.hu\\\/index.php\\\/2023\\\/06\\\/20\\\/70-millio-forintot-biztosit-a-felnott-labdarugasra-a-dorogi-onkormanyzat\\\/\",\"name\":\"70 milli\u00f3 forintot biztos\u00edt a feln\u0151tt labdar\u00fag\u00e1sra a dorogi \u00f6nkorm\u00e1nyzat\",\"isPartOf\":{\"@id\":\"https:\\\/\\\/dorogimedence.hu\\\/#website\"},\"primaryImageOfPage\":{\"@id\":\"https:\\\/\\\/dorogimedence.hu\\\/index.php\\\/2023\\\/06\\\/20\\\/70-millio-forintot-biztosit-a-felnott-labdarugasra-a-dorogi-onkormanyzat\\\/#primaryimage\"},\"image\":{\"@id\":\"https:\\\/\\\/dorogimedence.hu\\\/index.php\\\/2023\\\/06\\\/20\\\/70-millio-forintot-biztosit-a-felnott-labdarugasra-a-dorogi-onkormanyzat\\\/#primaryimage\"},\"thumbnailUrl\":\"https:\\\/\\\/dorogimedence.hu\\\/wp-content\\\/uploads\\\/2022\\\/07\\\/focilabda.jpg\",\"datePublished\":\"2023-06-20T08:32:37+00:00\",\"dateModified\":\"2023-06-20T08:37:40+00:00\",\"breadcrumb\":{\"@id\":\"https:\\\/\\\/dorogimedence.hu\\\/index.php\\\/2023\\\/06\\\/20\\\/70-millio-forintot-biztosit-a-felnott-labdarugasra-a-dorogi-onkormanyzat\\\/#breadcrumb\"},\"inLanguage\":\"hu\",\"potentialAction\":[{\"@type\":\"ReadAction\",\"target\":[\"https:\\\/\\\/dorogimedence.hu\\\/index.php\\\/2023\\\/06\\\/20\\\/70-millio-forintot-biztosit-a-felnott-labdarugasra-a-dorogi-onkormanyzat\\\/\"]}]},{\"@type\":\"ImageObject\",\"inLanguage\":\"hu\",\"@id\":\"https:\\\/\\\/dorogimedence.hu\\\/index.php\\\/2023\\\/06\\\/20\\\/70-millio-forintot-biztosit-a-felnott-labdarugasra-a-dorogi-onkormanyzat\\\/#primaryimage\",\"url\":\"https:\\\/\\\/dorogimedence.hu\\\/wp-content\\\/uploads\\\/2022\\\/07\\\/focilabda.jpg\",\"contentUrl\":\"https:\\\/\\\/dorogimedence.hu\\\/wp-content\\\/uploads\\\/2022\\\/07\\\/focilabda.jpg\",\"width\":1920,\"height\":1161},{\"@type\":\"BreadcrumbList\",\"@id\":\"https:\\\/\\\/dorogimedence.hu\\\/index.php\\\/2023\\\/06\\\/20\\\/70-millio-forintot-biztosit-a-felnott-labdarugasra-a-dorogi-onkormanyzat\\\/#breadcrumb\",\"itemListElement\":[{\"@type\":\"ListItem\",\"position\":1,\"name\":\"Kezd\u0151lap\",\"item\":\"https:\\\/\\\/dorogimedence.hu\\\/\"},{\"@type\":\"ListItem\",\"position\":2,\"name\":\"70 milli\u00f3 forintot biztos\u00edt a feln\u0151tt labdar\u00fag\u00e1sra a dorogi \u00f6nkorm\u00e1nyzat\"}]},{\"@type\":\"WebSite\",\"@id\":\"https:\\\/\\\/dorogimedence.hu\\\/#website\",\"url\":\"https:\\\/\\\/dorogimedence.hu\\\/\",\"name\":\"Dorogi-medence Region\u00e1lis H\u00edrport\u00e1l\",\"description\":\"Dorog, Keszt\u00f6lc, Le\u00e1nyv\u00e1r, Piliscs\u00e9v, Tokod, Tokodalt\u00e1r\u00f3, Csolnok, Esztergom-kertv\u00e1ros: h\u00edrek, programok\",\"publisher\":{\"@id\":\"https:\\\/\\\/dorogimedence.hu\\\/#organization\"},\"potentialAction\":[{\"@type\":\"SearchAction\",\"target\":{\"@type\":\"EntryPoint\",\"urlTemplate\":\"https:\\\/\\\/dorogimedence.hu\\\/?s={search_term_string}\"},\"query-input\":{\"@type\":\"PropertyValueSpecification\",\"valueRequired\":true,\"valueName\":\"search_term_string\"}}],\"inLanguage\":\"hu\"},{\"@type\":\"Organization\",\"@id\":\"https:\\\/\\\/dorogimedence.hu\\\/#organization\",\"name\":\"Dorogi-medence Region\u00e1lis H\u00edrport\u00e1l\",\"url\":\"https:\\\/\\\/dorogimedence.hu\\\/\",\"logo\":{\"@type\":\"ImageObject\",\"inLanguage\":\"hu\",\"@id\":\"https:\\\/\\\/dorogimedence.hu\\\/#\\\/schema\\\/logo\\\/image\\\/\",\"url\":\"https:\\\/\\\/dorogimedence.hu\\\/wp-content\\\/uploads\\\/2021\\\/04\\\/logo-feher-600.png\",\"contentUrl\":\"https:\\\/\\\/dorogimedence.hu\\\/wp-content\\\/uploads\\\/2021\\\/04\\\/logo-feher-600.png\",\"width\":600,\"height\":100,\"caption\":\"Dorogi-medence Region\u00e1lis H\u00edrport\u00e1l\"},\"image\":{\"@id\":\"https:\\\/\\\/dorogimedence.hu\\\/#\\\/schema\\\/logo\\\/image\\\/\"},\"sameAs\":[\"https:\\\/\\\/www.facebook.com\\\/dorogimedence\\\/\"]},{\"@type\":\"Person\",\"@id\":\"https:\\\/\\\/dorogimedence.hu\\\/#\\\/schema\\\/person\\\/ce6091eeb7e95ecdc87890d6aa8e0fd4\",\"name\":\"dorogimedence.hu\",\"image\":{\"@type\":\"ImageObject\",\"inLanguage\":\"hu\",\"@id\":\"\\\/\\\/www.gravatar.com\\\/avatar\\\/d8d45f8901aadff40a4af72c0b826f1d?s=96&#038;r=g&#038;d=mm\",\"url\":\"\\\/\\\/www.gravatar.com\\\/avatar\\\/d8d45f8901aadff40a4af72c0b826f1d?s=96&#038;r=g&#038;d=mm\",\"contentUrl\":\"\\\/\\\/www.gravatar.com\\\/avatar\\\/d8d45f8901aadff40a4af72c0b826f1d?s=96&#038;r=g&#038;d=mm\",\"caption\":\"dorogimedence.hu\"}}]}<\/script>\n<!-- \/ Yoast SEO plugin. -->","yoast_head_json":{"title":"70 milli\u00f3 forintot biztos\u00edt a feln\u0151tt labdar\u00fag\u00e1sra a dorogi \u00f6nkorm\u00e1nyzat","robots":{"index":"index","follow":"follow","max-snippet":"max-snippet:-1","max-image-preview":"max-image-preview:large","max-video-preview":"max-video-preview:-1"},"canonical":"https:\/\/dorogimedence.hu\/index.php\/2023\/06\/20\/70-millio-forintot-biztosit-a-felnott-labdarugasra-a-dorogi-onkormanyzat\/","og_locale":"hu_HU","og_type":"article","og_title":"70 milli\u00f3 forintot biztos\u00edt a feln\u0151tt labdar\u00fag\u00e1sra a dorogi \u00f6nkorm\u00e1nyzat","og_description":"Az \u00f6nkorm\u00e1nyzat d\u00f6nt\u00f6tt a feln\u0151tt labdar\u00fag\u00e1s j\u00f6v\u0151j\u00e9r\u0151l. Az ezzel kapcsolatos \u2013 a v\u00e1ros honlapj\u00e1n megjelent \u2013 polg\u00e1rmesteri t\u00e1j\u00e9koztat\u00f3t v\u00e1ltozatlanul k\u00f6z\u00f6lj\u00fck! &#8222;Dorog V\u00e1ros \u00d6nkorm\u00e1nyzat\u00e1nak K\u00e9pvisel\u0151-test\u00fclete j\u00fanius 19-i \u00fcl\u00e9s\u00e9n d\u00f6nt\u00f6tt arr\u00f3l, hogy a dorogi feln\u0151tt labdar\u00fag\u00e1s folytat\u00e1sa \u00e9rdek\u00e9ben megv\u00e1s\u00e1rolja a Dorogi Futball Szolg\u00e1ltat\u00f3 Kft. 50%-os \u00fczletr\u00e9sz\u00e9t. A gazdas\u00e1gi t\u00e1rsas\u00e1g m\u00e1sik tulajdonosa a Dorogi Futball Club a labdar\u00fag\u00f3","og_url":"https:\/\/dorogimedence.hu\/index.php\/2023\/06\/20\/70-millio-forintot-biztosit-a-felnott-labdarugasra-a-dorogi-onkormanyzat\/","og_site_name":"Dorogi-medence Region\u00e1lis H\u00edrport\u00e1l","article_publisher":"https:\/\/www.facebook.com\/dorogimedence\/","article_published_time":"2023-06-20T08:32:37+00:00","article_modified_time":"2023-06-20T08:37:40+00:00","og_image":[{"width":1920,"height":1161,"url":"https:\/\/dorogimedence.hu\/wp-content\/uploads\/2022\/07\/focilabda.jpg","type":"image\/jpeg"}],"author":"dorogimedence.hu","twitter_card":"summary_large_image","twitter_misc":{"Szerz\u0151:":"dorogimedence.hu","Becs\u00fclt olvas\u00e1si id\u0151":"1 perc"},"schema":{"@context":"https:\/\/schema.org","@graph":[{"@type":"Article","@id":"https:\/\/dorogimedence.hu\/index.php\/2023\/06\/20\/70-millio-forintot-biztosit-a-felnott-labdarugasra-a-dorogi-onkormanyzat\/#article","isPartOf":{"@id":"https:\/\/dorogimedence.hu\/index.php\/2023\/06\/20\/70-millio-forintot-biztosit-a-felnott-labdarugasra-a-dorogi-onkormanyzat\/"},"author":{"name":"dorogimedence.hu","@id":"https:\/\/dorogimedence.hu\/#\/schema\/person\/ce6091eeb7e95ecdc87890d6aa8e0fd4"},"headline":"70 milli\u00f3 forintot biztos\u00edt a feln\u0151tt labdar\u00fag\u00e1sra a dorogi \u00f6nkorm\u00e1nyzat","datePublished":"2023-06-20T08:32:37+00:00","dateModified":"2023-06-20T08:37:40+00:00","mainEntityOfPage":{"@id":"https:\/\/dorogimedence.hu\/index.php\/2023\/06\/20\/70-millio-forintot-biztosit-a-felnott-labdarugasra-a-dorogi-onkormanyzat\/"},"wordCount":280,"publisher":{"@id":"https:\/\/dorogimedence.hu\/#organization"},"image":{"@id":"https:\/\/dorogimedence.hu\/index.php\/2023\/06\/20\/70-millio-forintot-biztosit-a-felnott-labdarugasra-a-dorogi-onkormanyzat\/#primaryimage"},"thumbnailUrl":"https:\/\/dorogimedence.hu\/wp-content\/uploads\/2022\/07\/focilabda.jpg","keywords":["Dorog","Dorogi FC","foci","futball","labdar\u00fag\u00e1s","NB II","sport"],"articleSection":["Dorog","H\u00edrek","Sport"],"inLanguage":"hu"},{"@type":"WebPage","@id":"https:\/\/dorogimedence.hu\/index.php\/2023\/06\/20\/70-millio-forintot-biztosit-a-felnott-labdarugasra-a-dorogi-onkormanyzat\/","url":"https:\/\/dorogimedence.hu\/index.php\/2023\/06\/20\/70-millio-forintot-biztosit-a-felnott-labdarugasra-a-dorogi-onkormanyzat\/","name":"70 milli\u00f3 forintot biztos\u00edt a feln\u0151tt labdar\u00fag\u00e1sra a dorogi \u00f6nkorm\u00e1nyzat","isPartOf":{"@id":"https:\/\/dorogimedence.hu\/#website"},"primaryImageOfPage":{"@id":"https:\/\/dorogimedence.hu\/index.php\/2023\/06\/20\/70-millio-forintot-biztosit-a-felnott-labdarugasra-a-dorogi-onkormanyzat\/#primaryimage"},"image":{"@id":"https:\/\/dorogimedence.hu\/index.php\/2023\/06\/20\/70-millio-forintot-biztosit-a-felnott-labdarugasra-a-dorogi-onkormanyzat\/#primaryimage"},"thumbnailUrl":"https:\/\/dorogimedence.hu\/wp-content\/uploads\/2022\/07\/focilabda.jpg","datePublished":"2023-06-20T08:32:37+00:00","dateModified":"2023-06-20T08:37:40+00:00","breadcrumb":{"@id":"https:\/\/dorogimedence.hu\/index.php\/2023\/06\/20\/70-millio-forintot-biztosit-a-felnott-labdarugasra-a-dorogi-onkormanyzat\/#breadcrumb"},"inLanguage":"hu","potentialAction":[{"@type":"ReadAction","target":["https:\/\/dorogimedence.hu\/index.php\/2023\/06\/20\/70-millio-forintot-biztosit-a-felnott-labdarugasra-a-dorogi-onkormanyzat\/"]}]},{"@type":"ImageObject","inLanguage":"hu","@id":"https:\/\/dorogimedence.hu\/index.php\/2023\/06\/20\/70-millio-forintot-biztosit-a-felnott-labdarugasra-a-dorogi-onkormanyzat\/#primaryimage","url":"https:\/\/dorogimedence.hu\/wp-content\/uploads\/2022\/07\/focilabda.jpg","contentUrl":"https:\/\/dorogimedence.hu\/wp-content\/uploads\/2022\/07\/focilabda.jpg","width":1920,"height":1161},{"@type":"BreadcrumbList","@id":"https:\/\/dorogimedence.hu\/index.php\/2023\/06\/20\/70-millio-forintot-biztosit-a-felnott-labdarugasra-a-dorogi-onkormanyzat\/#breadcrumb","itemListElement":[{"@type":"ListItem","position":1,"name":"Kezd\u0151lap","item":"https:\/\/dorogimedence.hu\/"},{"@type":"ListItem","position":2,"name":"70 milli\u00f3 forintot biztos\u00edt a feln\u0151tt labdar\u00fag\u00e1sra a dorogi \u00f6nkorm\u00e1nyzat"}]},{"@type":"WebSite","@id":"https:\/\/dorogimedence.hu\/#website","url":"https:\/\/dorogimedence.hu\/","name":"Dorogi-medence Region\u00e1lis H\u00edrport\u00e1l","description":"Dorog, Keszt\u00f6lc, Le\u00e1nyv\u00e1r, Piliscs\u00e9v, Tokod, Tokodalt\u00e1r\u00f3, Csolnok, Esztergom-kertv\u00e1ros: h\u00edrek, programok","publisher":{"@id":"https:\/\/dorogimedence.hu\/#organization"},"potentialAction":[{"@type":"SearchAction","target":{"@type":"EntryPoint","urlTemplate":"https:\/\/dorogimedence.hu\/?s={search_term_string}"},"query-input":{"@type":"PropertyValueSpecification","valueRequired":true,"valueName":"search_term_string"}}],"inLanguage":"hu"},{"@type":"Organization","@id":"https:\/\/dorogimedence.hu\/#organization","name":"Dorogi-medence Region\u00e1lis H\u00edrport\u00e1l","url":"https:\/\/dorogimedence.hu\/","logo":{"@type":"ImageObject","inLanguage":"hu","@id":"https:\/\/dorogimedence.hu\/#\/schema\/logo\/image\/","url":"https:\/\/dorogimedence.hu\/wp-content\/uploads\/2021\/04\/logo-feher-600.png","contentUrl":"https:\/\/dorogimedence.hu\/wp-content\/uploads\/2021\/04\/logo-feher-600.png","width":600,"height":100,"caption":"Dorogi-medence Region\u00e1lis H\u00edrport\u00e1l"},"image":{"@id":"https:\/\/dorogimedence.hu\/#\/schema\/logo\/image\/"},"sameAs":["https:\/\/www.facebook.com\/dorogimedence\/"]},{"@type":"Person","@id":"https:\/\/dorogimedence.hu\/#\/schema\/person\/ce6091eeb7e95ecdc87890d6aa8e0fd4","name":"dorogimedence.hu","image":{"@type":"ImageObject","inLanguage":"hu","@id":"\/\/www.gravatar.com\/avatar\/d8d45f8901aadff40a4af72c0b826f1d?s=96&#038;r=g&#038;d=mm","url":"\/\/www.gravatar.com\/avatar\/d8d45f8901aadff40a4af72c0b826f1d?s=96&#038;r=g&#038;d=mm","contentUrl":"\/\/www.gravatar.com\/avatar\/d8d45f8901aadff40a4af72c0b826f1d?s=96&#038;r=g&#038;d=mm","caption":"dorogimedence.hu"}}]}},"_links":{"self":[{"href":"https:\/\/dorogimedence.hu\/index.php\/wp-json\/wp\/v2\/posts\/54308","targetHints":{"allow":["GET"]}}],"collection":[{"href":"https:\/\/dorogimedence.hu\/index.php\/wp-json\/wp\/v2\/posts"}],"about":[{"href":"https:\/\/dorogimedence.hu\/index.php\/wp-json\/wp\/v2\/types\/post"}],"author":[{"embeddable":true,"href":"https:\/\/dorogimedence.hu\/index.php\/wp-json\/wp\/v2\/users\/1"}],"replies":[{"embeddable":true,"href":"https:\/\/dorogimedence.hu\/index.php\/wp-json\/wp\/v2\/comments?post=54308"}],"version-history":[{"count":0,"href":"https:\/\/dorogimedence.hu\/index.php\/wp-json\/wp\/v2\/posts\/54308\/revisions"}],"wp:featuredmedia":[{"embeddable":true,"href":"https:\/\/dorogimedence.hu\/index.php\/wp-json\/wp\/v2\/media\/44596"}],"wp:attachment":[{"href":"https:\/\/dorogimedence.hu\/index.php\/wp-json\/wp\/v2\/media?parent=54308"}],"wp:term":[{"taxonomy":"category","embeddable":true,"href":"https:\/\/dorogimedence.hu\/index.php\/wp-json\/wp\/v2\/categories?post=54308"},{"taxonomy":"post_tag","embeddable":true,"href":"https:\/\/dorogimedence.hu\/index.php\/wp-json\/wp\/v2\/tags?post=54308"}],"curies":[{"name":"wp","href":"https:\/\/api.w.org\/{rel}","templated":true}]}}