{"id":54301,"date":"2023-06-20T08:10:34","date_gmt":"2023-06-20T06:10:34","guid":{"rendered":"https:\/\/dorogimedence.hu\/?p=54301"},"modified":"2023-06-20T08:10:34","modified_gmt":"2023-06-20T06:10:34","slug":"koffein-tabletta-kave-vagy-zold-tea-mivel-maradsz-fent-sokaig","status":"publish","type":"post","link":"https:\/\/dorogimedence.hu\/index.php\/2023\/06\/20\/koffein-tabletta-kave-vagy-zold-tea-mivel-maradsz-fent-sokaig\/","title":{"rendered":"Koffein tabletta k\u00e1v\u00e9 vagy z\u00f6ld tea? Mivel maradsz fent sok\u00e1ig?"},"content":{"rendered":"<div id=\"clipboard-content\" class=\"wp-preview__clipboard\">\n<div id=\"clipboard-lead\" class=\"col-lg-6 wp-preview__content m--regular-font-size-lg3\"><strong>Tegy\u00fck kez\u00fcnket a sz\u00edv\u00fcnkre, mi az els\u0151, ami esz\u00fcnkbe jut, ha napk\u00f6zben hirtelen elfog benn\u00fcnket a f\u00e1radts\u00e1g? T\u00f6bbs\u00e9g\u00fcnk \u00f6szt\u00f6n\u00f6sen egy koffein adaghoz ny\u00fal. De itt felmer\u00fcl a k\u00e9rd\u00e9s \u2013 melyik koffeinforr\u00e1s a legjobb? A hagyom\u00e1nyos k\u00e1v\u00e9 vagy az egyre n\u00e9pszer\u0171bb tablett\u00e1k, melyek k\u00fcl\u00f6n\u00f6sen sikeresek a sportol\u00f3 n\u00e9pess\u00e9g k\u00f6r\u00e9ben? Ebb\u0151l a cikkb\u0151l megtudhatod, hogy a koffein eset\u00e9ben elegend\u0151-e szem\u00e9lyes preferenci\u00e1kat k\u00f6vetni, vagy ink\u00e1bb a tudom\u00e1nyos kutat\u00e1s k\u00f6vetkeztet\u00e9seire t\u00e1maszkodni.<\/strong><\/div>\n<h4><b>R\u00d6VIDEN A KOFFEINR\u0150L&nbsp;<\/b><\/h4>\n<p>Tudt\u00e1l arr\u00f3l, hogy a&nbsp;vil\u00e1g n\u00e9pess\u00e9g\u00e9nek megk\u00f6zel\u00edt\u0151leg 90%-a fogyaszt koffeint legal\u00e1bb az egyik rendelkez\u00e9sre \u00e1ll\u00f3 form\u00e1ban? Ennek alapj\u00e1n egy\u00e9rtelm\u0171en a&nbsp;legn\u00e9pszer\u0171bb stimul\u00e1ns. Arra val\u00f3 tekintettel, hogy term\u00e9szetes alakj\u00e1ban megtal\u00e1lhatjuk k\u00fcl\u00f6nb\u00f6z\u0151 form\u00e1kban, mindenek el\u0151tt a&nbsp;k\u00e1v\u00e9bab magjaiban, kaka\u00f3babokban vagy&nbsp;<a href=\"https:\/\/www.namaximum.hu\/zsiregetok\/novenyi-zsiregetok\/green-tea-zold-tea-level-kivonat-40\/\" target=\"_blank\" rel=\"dofollow noopener\"><u><span style=\"color: #0000ff;\">tealevelekben<\/span><\/u><\/a>, csakis rajtunk m\u00falik, hogy az \u00e1rat vagy a min\u0151s\u00e9get r\u00e9szes\u00edtj\u00fck el\u0151nyben.&nbsp;<\/p>\n<p>A&nbsp;<a href=\"https:\/\/www.namaximum.hu\/guarana-koffein-22\/\" target=\"_blank\" rel=\"dofollow noopener\"><u><span style=\"color: #0000ff;\">koffein<\/span><\/u><\/a>, k\u00e9miai oldalr\u00f3l ugyancsak ismert 1,3,7 \u2013 trimetil-xantin n\u00e9ven, a&nbsp;szervezetben egy specifikus adenozin receptorhoz k\u00f6t\u0151dik, de viszont mag\u00e1val az adenozinnal ellent\u00e9tben nem lass\u00edtja a&nbsp;sejt m\u0171k\u00f6d\u00e9s\u00e9t, hanem \u00e9ppen ellenkez\u0151leg, felgyors\u00edtja. Err\u0151l bizony\u00e1ra az idegsejtek tudn\u00e1nak mes\u00e9lni, de a&nbsp;koffein hat\u00e1sspektruma k\u00e9ts\u00e9gtelen\u00fcl sz\u00e9lesebb. Eml\u00edts\u00fck meg legal\u00e1bb az agyi ereket, melyek a&nbsp;koffein hat\u00e1s\u00e1ra \u00f6sszeh\u00faz\u00f3dnak, \u00e9s ez\u00e9rt bizonyosan mindenki, akinek id\u0151r\u0151l id\u0151re f\u00e1j a&nbsp;feje, nagyon h\u00e1l\u00e1s.<\/p>\n<h3><b>A&nbsp;KOFFEIN HAT\u00c1SAI (+ pluszok &#8211; m\u00ednuszok)<\/b><\/h3>\n<p>+er\u0151s\u00edti a mem\u00f3ri\u00e1t&nbsp;<\/p>\n<p>+ n\u00f6veli a figyelmet \u00e9s energia\u00e9rzetet ny\u00fajt&nbsp;<\/p>\n<p>+ er\u0151s\u00edti a ment\u00e1lis funkci\u00f3kat&nbsp;<\/p>\n<p>+ n\u00f6veli a dopamintermel\u00e9st&nbsp;<\/p>\n<p>+ n\u00f6veli az \u00e9tv\u00e1gyat&nbsp;<\/p>\n<p>&#8211; v\u00edzhajt\u00f3 hat\u00e1s\u00fa&nbsp;<\/p>\n<p>&#8211; cs\u00f6kkenti a mozg\u00e1sok koordin\u00e1ci\u00f3j\u00e1t&nbsp;<\/p>\n<p>&#8211; \u00e1lmatlans\u00e1got okoz&nbsp;<\/p>\n<p>&#8211; fejf\u00e1j\u00e1st, idegess\u00e9get \u00e9s ingerl\u00e9kenys\u00e9get okoz&nbsp;<\/p>\n<p><b>A koffein hossz\u00fa t\u00e1v\u00fa fogyaszt\u00e1sa&nbsp;<\/b>szorong\u00e1shoz, ingerl\u00e9kenys\u00e9ghez, felgyorsult sz\u00edvver\u00e9shez \u00e9s alv\u00e1shi\u00e1nyhoz vezethet. B\u00e1r term\u00e9szetesen a&nbsp;koffein hosszanti haszn\u00e1lata fokozatos toleranci\u00e1t alak\u00edt ki hat\u00e1saival szemben, ugyan\u00fagy, mint m\u00e1s f\u00fcgg\u0151s\u00e9get okoz\u00f3 anyagok eset\u00e9ben is. Ez\u00e9rt, ha valamilyen okb\u00f3l kihagyod a&nbsp;szok\u00e1sos k\u00e1v\u00e9dat, akkor az al\u00e1bbi t\u00fcnetek k\u00f6z\u00fcl egyet vagy esetleg t\u00f6bbet is tapasztalhatsz, melyek azonban 12 \u2013 24 \u00f3ra eltelt\u00e9vel spont\u00e1n elt\u0171nnek:<\/p>\n<ul>\n<li>fejf\u00e1j\u00e1s<\/li>\n<li>ingerl\u00e9kenys\u00e9g<\/li>\n<li>idegess\u00e9g<\/li>\n<li>rosszull\u00e9t<\/li>\n<li>sz\u00e9kreked\u00e9s<\/li>\n<li>fokozott izomfesz\u00fclts\u00e9g, izomr\u00e1ng\u00e1s&nbsp;<\/li>\n<\/ul>\n<p>Ugyancsak nem elhanyagolhat\u00f3 a koffein alv\u00e1sra gyakorolt hat\u00e1sa, mivel elnyomja a melatonin termel\u00e9st, amely kulcsfontoss\u00e1g\u00fa hormon, vagyis fontos szerepet j\u00e1tszik az \u00fagyn. cirkadi\u00e1n ritmusok ir\u00e1ny\u00edt\u00e1s\u00e1ban, ezek a folyamatok felel\u0151sek az alv\u00e1s \u00e9s \u00e9brenl\u00e9t v\u00e1ltakoz\u00e1s\u00e1\u00e9rt. A melatonin termel\u00e9se k\u00fcl\u00f6n\u00f6sen \u00e9jszaka n\u00f6vekszik, illetve olyan id\u0151ben, amikor a nappali f\u00e9nyell\u00e1t\u00e1s korl\u00e1tozott vagy hi\u00e1nyzik. A koffein hat\u00e1sa k\u00f6r\u00fclbel\u00fcl 25 \u2013 45 perc m\u00falva jelentkezik \u00e9s n\u00e9h\u00e1ny \u00f3r\u00e1n \u00e1t tart. Megtart 6 \u2013 8 \u00f3r\u00e1t, am\u00edg stimul\u00e1l\u00f3 hat\u00e1sa a fel\u00e9re cs\u00f6kken.&nbsp;<\/p>\n<h3><b>KOFFEINTABLETTA VS. K\u00c1V\u00c9&nbsp;<\/b><\/h3>\n<p>A term\u00e9szetes k\u00e1v\u00e9 savas, ez\u00e9rt irrit\u00e1lja az em\u00e9szt\u0151rendszert \u00e9s felgyors\u00edtja a sz\u00edvver\u00e9st. A koffeintablett\u00e1kn\u00e1l ez a negat\u00edv hat\u00e1s elesik. A tablett\u00e1k tov\u00e1bbi el\u0151nye, hogy hat\u00e9kony energiap\u00f3tl\u00e1st jelentenek azon emberek szervezete sz\u00e1m\u00e1ra, akiknek nem \u00edzlik a k\u00e1v\u00e9. Ugyanakkor fontos hozz\u00e1tenni, hogy a forr\u00e1st\u00f3l f\u00fcggetlen\u00fcl, a koffein \u00e9rz\u00e9keny egy\u00e9nekn\u00e9l gyomor-nyel\u0151cs\u0151 refluxot h\u00edvhat el\u0151, ami a laikus nagyk\u00f6z\u00f6ns\u00e9g k\u00f6r\u00e9ben \u201egyomor\u00e9g\u00e9s\u201c n\u00e9ven ismert, \u00e9s term\u00e9szetesen n\u00f6veli a vizeletmennyis\u00e9get, ugyanis m\u00e1r \u00f6nmag\u00e1ban v\u00edzhajt\u00f3 szubsztancia.&nbsp;<\/p>\n<p>KOFFEINTABLETT\u00c1K<\/p>\n<p>+ tablett\u00e1k szed\u00e9sekor egyszer\u0171bb figyelemmel k\u00eds\u00e9rni, hogy milyen mennyis\u00e9g\u0171 koffeint juttatunk a szervezet\u00fcnkbe&nbsp;<\/p>\n<p>+ nem vezetnek a fogak s\u00e1rgul\u00e1s\u00e1hoz&nbsp;<\/p>\n<p>+ egy 100 darabos tablettacsomag \u00e1tlagosan 5 eur\u00f3ba ker\u00fcl, ha nincs sz\u00fcks\u00e9ged \u00f3ri\u00e1si koffeinadagokra naponta, 1 vagy 2 ital \u00e1r\u00e1n a Starbucks-ban beszerezheted az \u00e9ves koffein tartal\u00e9kot&nbsp;<\/p>\n<p>&#8211; tapasztalatlan fogyaszt\u00f3 k\u00f6nnyebben t\u00faladagolhatja a koffeint nagy mennyis\u00e9g\u0171 tabletta fogyaszt\u00e1sa eset\u00e9n, \u00f6sszehasonl\u00edtva a k\u00e1v\u00e9ban felvett mennyis\u00e9ggel&nbsp;<\/p>\n<p><span style=\"color: #0000ff;\"><a style=\"color: #0000ff;\" href=\"https:\/\/www.namaximum.hu\/green-coffee-extract-zold-kaveszem-kivonat\/\" target=\"_blank\" rel=\"dofollow noopener\"><u>Z\u00d6LD K\u00c1V\u00c9<\/u><\/a><\/span><\/p>\n<p>+ a tablett\u00e1kkal \u00f6sszehasonl\u00edtva \u00f6sszet\u00e9veszthetetlen az \u00edze, ami\u00e9rt a fogyaszt\u00f3k el\u0151szeretettel keresik fel&nbsp;<\/p>\n<p>+ daganatellenes hat\u00e1s\u00fa&nbsp;<\/p>\n<p>+ cs\u00f6kkenti a cukorbetegs\u00e9g vagy Parkinson-k\u00f3r kock\u00e1zat\u00e1t&nbsp;<\/p>\n<p>&#8211; a nem sz\u0171rt k\u00e1v\u00e9form\u00e1k (pl. az eszpressz\u00f3) terp\u00e9neket tartalmaznak, amelyek n\u00f6velik a v\u00e9r koleszterinszintj\u00e9t&nbsp;<\/p>\n<p>&#8211; a fogak s\u00e1rgul\u00e1s\u00e1hoz vezet &nbsp;<\/p>\n<p>&#8211; ha a&nbsp;k\u00e1v\u00e9z\u00f3kban felszolg\u00e1lt k\u00e1v\u00e9nak h\u00f3dolsz, akkor fogyaszt\u00e1s\u00e1nak k\u00f6lts\u00e9gei \u00f6sszehasonl\u00edthatatlanul magasabbak, mint a&nbsp;tablett\u00e1k eset\u00e9ben<\/p>\n<h3><b>A&nbsp;KOFFEIN MELYIK FORM\u00c1JA LEGJOBB EDZ\u00c9S EL\u0150TT?<\/b><\/h3>\n<p>Nos, egy\u00e9rtelm\u0171 v\u00e1laszt tal\u00e1lni val\u00f3ban nagyon neh\u00e9z. Egyik oldalon ott vannak a tanulm\u00e1nyok, melyek \u00e1ll\u00edtj\u00e1k, hogy a k\u00e1v\u00e9 edz\u00e9s el\u0151tti fogyaszt\u00e1sa nagyobb m\u00e9rt\u00e9kben n\u00f6veli a teljes\u00edtm\u00e9nyt, mint a tablett\u00e1k. M\u00e1sik oldalon, m\u00e1s tanulm\u00e1nyok a tablett\u00e1kat r\u00e9szes\u00edtik el\u0151nyben, \u00fagy enyhe \u00e9s k\u00f6zepes intenzit\u00e1s\u00fa fizikai aktivit\u00e1sok, mint magas intenzit\u00e1s\u00fa tev\u00e9kenys\u00e9gek eset\u00e9n. Ez\u00e9rt, ak\u00e1r egyik vagy m\u00e1sik forr\u00e1s mellett d\u00f6ntesz, ez csakis rajtad \u00e9s a Te szem\u00e9lyes \u00edzl\u00e9seden m\u00falik.<\/p>\n<\/div>\n","protected":false},"excerpt":{"rendered":"<p>Tegy\u00fck kez\u00fcnket a sz\u00edv\u00fcnkre, mi az els\u0151, ami esz\u00fcnkbe jut, ha napk\u00f6zben hirtelen elfog benn\u00fcnket a f\u00e1radts\u00e1g? T\u00f6bbs\u00e9g\u00fcnk \u00f6szt\u00f6n\u00f6sen egy koffein adaghoz ny\u00fal. De itt felmer\u00fcl a k\u00e9rd\u00e9s \u2013 melyik koffeinforr\u00e1s a legjobb? A hagyom\u00e1nyos k\u00e1v\u00e9 vagy az egyre n\u00e9pszer\u0171bb tablett\u00e1k, melyek k\u00fcl\u00f6n\u00f6sen sikeresek a sportol\u00f3 n\u00e9pess\u00e9g k\u00f6r\u00e9ben? Ebb\u0151l a cikkb\u0151l megtudhatod, hogy a koffein<\/p>\n","protected":false},"author":1,"featured_media":0,"comment_status":"closed","ping_status":"closed","sticky":false,"template":"","format":"standard","meta":{"ngg_post_thumbnail":0,"footnotes":""},"categories":[3],"tags":[7312,7313,7314],"class_list":{"0":"post-54301","1":"post","2":"type-post","3":"status-publish","4":"format-standard","6":"category-hirek","7":"tag-koffein","8":"tag-koffein-tabletta","9":"tag-zoldtea"},"yoast_head":"<!-- This site is optimized with the Yoast SEO plugin v27.4 - https:\/\/yoast.com\/product\/yoast-seo-wordpress\/ -->\n<title>Koffein tabletta k\u00e1v\u00e9 vagy z\u00f6ld tea? Mivel maradsz fent sok\u00e1ig?<\/title>\n<meta name=\"robots\" content=\"index, follow, max-snippet:-1, max-image-preview:large, max-video-preview:-1\" \/>\n<link rel=\"canonical\" href=\"https:\/\/dorogimedence.hu\/index.php\/2023\/06\/20\/koffein-tabletta-kave-vagy-zold-tea-mivel-maradsz-fent-sokaig\/\" class=\"yoast-seo-meta-tag\" \/>\n<meta property=\"og:locale\" content=\"hu_HU\" class=\"yoast-seo-meta-tag\" \/>\n<meta property=\"og:type\" content=\"article\" class=\"yoast-seo-meta-tag\" \/>\n<meta property=\"og:title\" content=\"Koffein tabletta k\u00e1v\u00e9 vagy z\u00f6ld tea? Mivel maradsz fent sok\u00e1ig?\" class=\"yoast-seo-meta-tag\" \/>\n<meta property=\"og:description\" content=\"Tegy\u00fck kez\u00fcnket a sz\u00edv\u00fcnkre, mi az els\u0151, ami esz\u00fcnkbe jut, ha napk\u00f6zben hirtelen elfog benn\u00fcnket a f\u00e1radts\u00e1g? T\u00f6bbs\u00e9g\u00fcnk \u00f6szt\u00f6n\u00f6sen egy koffein adaghoz ny\u00fal. De itt felmer\u00fcl a k\u00e9rd\u00e9s \u2013 melyik koffeinforr\u00e1s a legjobb? A hagyom\u00e1nyos k\u00e1v\u00e9 vagy az egyre n\u00e9pszer\u0171bb tablett\u00e1k, melyek k\u00fcl\u00f6n\u00f6sen sikeresek a sportol\u00f3 n\u00e9pess\u00e9g k\u00f6r\u00e9ben? Ebb\u0151l a cikkb\u0151l megtudhatod, hogy a koffein\" class=\"yoast-seo-meta-tag\" \/>\n<meta property=\"og:url\" content=\"https:\/\/dorogimedence.hu\/index.php\/2023\/06\/20\/koffein-tabletta-kave-vagy-zold-tea-mivel-maradsz-fent-sokaig\/\" class=\"yoast-seo-meta-tag\" \/>\n<meta property=\"og:site_name\" content=\"Dorogi-medence Region\u00e1lis H\u00edrport\u00e1l\" class=\"yoast-seo-meta-tag\" \/>\n<meta property=\"article:publisher\" content=\"https:\/\/www.facebook.com\/dorogimedence\/\" class=\"yoast-seo-meta-tag\" \/>\n<meta property=\"article:published_time\" content=\"2023-06-20T06:10:34+00:00\" class=\"yoast-seo-meta-tag\" \/>\n<meta property=\"og:image\" content=\"https:\/\/dorogimedence.hu\/wp-content\/uploads\/2023\/06\/koffein.jpg\" class=\"yoast-seo-meta-tag\" \/>\n\t<meta property=\"og:image:width\" content=\"1920\" class=\"yoast-seo-meta-tag\" \/>\n\t<meta property=\"og:image:height\" content=\"970\" class=\"yoast-seo-meta-tag\" \/>\n\t<meta property=\"og:image:type\" content=\"image\/jpeg\" class=\"yoast-seo-meta-tag\" \/>\n<meta name=\"author\" content=\"dorogimedence.hu\" class=\"yoast-seo-meta-tag\" \/>\n<meta name=\"twitter:card\" content=\"summary_large_image\" class=\"yoast-seo-meta-tag\" \/>\n<meta name=\"twitter:label1\" content=\"Szerz\u0151:\" class=\"yoast-seo-meta-tag\" \/>\n\t<meta name=\"twitter:data1\" content=\"dorogimedence.hu\" class=\"yoast-seo-meta-tag\" \/>\n\t<meta name=\"twitter:label2\" content=\"Becs\u00fclt olvas\u00e1si id\u0151\" class=\"yoast-seo-meta-tag\" \/>\n\t<meta name=\"twitter:data2\" content=\"5 perc\" class=\"yoast-seo-meta-tag\" \/>\n<script type=\"application\/ld+json\" class=\"yoast-schema-graph\">{\"@context\":\"https:\\\/\\\/schema.org\",\"@graph\":[{\"@type\":\"Article\",\"@id\":\"https:\\\/\\\/dorogimedence.hu\\\/index.php\\\/2023\\\/06\\\/20\\\/koffein-tabletta-kave-vagy-zold-tea-mivel-maradsz-fent-sokaig\\\/#article\",\"isPartOf\":{\"@id\":\"https:\\\/\\\/dorogimedence.hu\\\/index.php\\\/2023\\\/06\\\/20\\\/koffein-tabletta-kave-vagy-zold-tea-mivel-maradsz-fent-sokaig\\\/\"},\"author\":{\"name\":\"dorogimedence.hu\",\"@id\":\"https:\\\/\\\/dorogimedence.hu\\\/#\\\/schema\\\/person\\\/ce6091eeb7e95ecdc87890d6aa8e0fd4\"},\"headline\":\"Koffein tabletta k\u00e1v\u00e9 vagy z\u00f6ld tea? Mivel maradsz fent sok\u00e1ig?\",\"datePublished\":\"2023-06-20T06:10:34+00:00\",\"mainEntityOfPage\":{\"@id\":\"https:\\\/\\\/dorogimedence.hu\\\/index.php\\\/2023\\\/06\\\/20\\\/koffein-tabletta-kave-vagy-zold-tea-mivel-maradsz-fent-sokaig\\\/\"},\"wordCount\":1067,\"publisher\":{\"@id\":\"https:\\\/\\\/dorogimedence.hu\\\/#organization\"},\"keywords\":[\"koffein\",\"koffein tabletta\",\"z\u00f6ldtea\"],\"articleSection\":[\"H\u00edrek\"],\"inLanguage\":\"hu\"},{\"@type\":\"WebPage\",\"@id\":\"https:\\\/\\\/dorogimedence.hu\\\/index.php\\\/2023\\\/06\\\/20\\\/koffein-tabletta-kave-vagy-zold-tea-mivel-maradsz-fent-sokaig\\\/\",\"url\":\"https:\\\/\\\/dorogimedence.hu\\\/index.php\\\/2023\\\/06\\\/20\\\/koffein-tabletta-kave-vagy-zold-tea-mivel-maradsz-fent-sokaig\\\/\",\"name\":\"Koffein tabletta k\u00e1v\u00e9 vagy z\u00f6ld tea? Mivel maradsz fent sok\u00e1ig?\",\"isPartOf\":{\"@id\":\"https:\\\/\\\/dorogimedence.hu\\\/#website\"},\"datePublished\":\"2023-06-20T06:10:34+00:00\",\"breadcrumb\":{\"@id\":\"https:\\\/\\\/dorogimedence.hu\\\/index.php\\\/2023\\\/06\\\/20\\\/koffein-tabletta-kave-vagy-zold-tea-mivel-maradsz-fent-sokaig\\\/#breadcrumb\"},\"inLanguage\":\"hu\",\"potentialAction\":[{\"@type\":\"ReadAction\",\"target\":[\"https:\\\/\\\/dorogimedence.hu\\\/index.php\\\/2023\\\/06\\\/20\\\/koffein-tabletta-kave-vagy-zold-tea-mivel-maradsz-fent-sokaig\\\/\"]}]},{\"@type\":\"BreadcrumbList\",\"@id\":\"https:\\\/\\\/dorogimedence.hu\\\/index.php\\\/2023\\\/06\\\/20\\\/koffein-tabletta-kave-vagy-zold-tea-mivel-maradsz-fent-sokaig\\\/#breadcrumb\",\"itemListElement\":[{\"@type\":\"ListItem\",\"position\":1,\"name\":\"Kezd\u0151lap\",\"item\":\"https:\\\/\\\/dorogimedence.hu\\\/\"},{\"@type\":\"ListItem\",\"position\":2,\"name\":\"Koffein tabletta k\u00e1v\u00e9 vagy z\u00f6ld tea? Mivel maradsz fent sok\u00e1ig?\"}]},{\"@type\":\"WebSite\",\"@id\":\"https:\\\/\\\/dorogimedence.hu\\\/#website\",\"url\":\"https:\\\/\\\/dorogimedence.hu\\\/\",\"name\":\"Dorogi-medence Region\u00e1lis H\u00edrport\u00e1l\",\"description\":\"Dorog, Keszt\u00f6lc, Le\u00e1nyv\u00e1r, Piliscs\u00e9v, Tokod, Tokodalt\u00e1r\u00f3, Csolnok, Esztergom-kertv\u00e1ros: h\u00edrek, programok\",\"publisher\":{\"@id\":\"https:\\\/\\\/dorogimedence.hu\\\/#organization\"},\"potentialAction\":[{\"@type\":\"SearchAction\",\"target\":{\"@type\":\"EntryPoint\",\"urlTemplate\":\"https:\\\/\\\/dorogimedence.hu\\\/?s={search_term_string}\"},\"query-input\":{\"@type\":\"PropertyValueSpecification\",\"valueRequired\":true,\"valueName\":\"search_term_string\"}}],\"inLanguage\":\"hu\"},{\"@type\":\"Organization\",\"@id\":\"https:\\\/\\\/dorogimedence.hu\\\/#organization\",\"name\":\"Dorogi-medence Region\u00e1lis H\u00edrport\u00e1l\",\"url\":\"https:\\\/\\\/dorogimedence.hu\\\/\",\"logo\":{\"@type\":\"ImageObject\",\"inLanguage\":\"hu\",\"@id\":\"https:\\\/\\\/dorogimedence.hu\\\/#\\\/schema\\\/logo\\\/image\\\/\",\"url\":\"https:\\\/\\\/dorogimedence.hu\\\/wp-content\\\/uploads\\\/2021\\\/04\\\/logo-feher-600.png\",\"contentUrl\":\"https:\\\/\\\/dorogimedence.hu\\\/wp-content\\\/uploads\\\/2021\\\/04\\\/logo-feher-600.png\",\"width\":600,\"height\":100,\"caption\":\"Dorogi-medence Region\u00e1lis H\u00edrport\u00e1l\"},\"image\":{\"@id\":\"https:\\\/\\\/dorogimedence.hu\\\/#\\\/schema\\\/logo\\\/image\\\/\"},\"sameAs\":[\"https:\\\/\\\/www.facebook.com\\\/dorogimedence\\\/\"]},{\"@type\":\"Person\",\"@id\":\"https:\\\/\\\/dorogimedence.hu\\\/#\\\/schema\\\/person\\\/ce6091eeb7e95ecdc87890d6aa8e0fd4\",\"name\":\"dorogimedence.hu\",\"image\":{\"@type\":\"ImageObject\",\"inLanguage\":\"hu\",\"@id\":\"\\\/\\\/www.gravatar.com\\\/avatar\\\/d8d45f8901aadff40a4af72c0b826f1d?s=96&#038;r=g&#038;d=mm\",\"url\":\"\\\/\\\/www.gravatar.com\\\/avatar\\\/d8d45f8901aadff40a4af72c0b826f1d?s=96&#038;r=g&#038;d=mm\",\"contentUrl\":\"\\\/\\\/www.gravatar.com\\\/avatar\\\/d8d45f8901aadff40a4af72c0b826f1d?s=96&#038;r=g&#038;d=mm\",\"caption\":\"dorogimedence.hu\"}}]}<\/script>\n<!-- \/ Yoast SEO plugin. -->","yoast_head_json":{"title":"Koffein tabletta k\u00e1v\u00e9 vagy z\u00f6ld tea? Mivel maradsz fent sok\u00e1ig?","robots":{"index":"index","follow":"follow","max-snippet":"max-snippet:-1","max-image-preview":"max-image-preview:large","max-video-preview":"max-video-preview:-1"},"canonical":"https:\/\/dorogimedence.hu\/index.php\/2023\/06\/20\/koffein-tabletta-kave-vagy-zold-tea-mivel-maradsz-fent-sokaig\/","og_locale":"hu_HU","og_type":"article","og_title":"Koffein tabletta k\u00e1v\u00e9 vagy z\u00f6ld tea? Mivel maradsz fent sok\u00e1ig?","og_description":"Tegy\u00fck kez\u00fcnket a sz\u00edv\u00fcnkre, mi az els\u0151, ami esz\u00fcnkbe jut, ha napk\u00f6zben hirtelen elfog benn\u00fcnket a f\u00e1radts\u00e1g? T\u00f6bbs\u00e9g\u00fcnk \u00f6szt\u00f6n\u00f6sen egy koffein adaghoz ny\u00fal. De itt felmer\u00fcl a k\u00e9rd\u00e9s \u2013 melyik koffeinforr\u00e1s a legjobb? A hagyom\u00e1nyos k\u00e1v\u00e9 vagy az egyre n\u00e9pszer\u0171bb tablett\u00e1k, melyek k\u00fcl\u00f6n\u00f6sen sikeresek a sportol\u00f3 n\u00e9pess\u00e9g k\u00f6r\u00e9ben? Ebb\u0151l a cikkb\u0151l megtudhatod, hogy a koffein","og_url":"https:\/\/dorogimedence.hu\/index.php\/2023\/06\/20\/koffein-tabletta-kave-vagy-zold-tea-mivel-maradsz-fent-sokaig\/","og_site_name":"Dorogi-medence Region\u00e1lis H\u00edrport\u00e1l","article_publisher":"https:\/\/www.facebook.com\/dorogimedence\/","article_published_time":"2023-06-20T06:10:34+00:00","og_image":[{"width":1920,"height":970,"url":"https:\/\/dorogimedence.hu\/wp-content\/uploads\/2023\/06\/koffein.jpg","type":"image\/jpeg"}],"author":"dorogimedence.hu","twitter_card":"summary_large_image","twitter_misc":{"Szerz\u0151:":"dorogimedence.hu","Becs\u00fclt olvas\u00e1si id\u0151":"5 perc"},"schema":{"@context":"https:\/\/schema.org","@graph":[{"@type":"Article","@id":"https:\/\/dorogimedence.hu\/index.php\/2023\/06\/20\/koffein-tabletta-kave-vagy-zold-tea-mivel-maradsz-fent-sokaig\/#article","isPartOf":{"@id":"https:\/\/dorogimedence.hu\/index.php\/2023\/06\/20\/koffein-tabletta-kave-vagy-zold-tea-mivel-maradsz-fent-sokaig\/"},"author":{"name":"dorogimedence.hu","@id":"https:\/\/dorogimedence.hu\/#\/schema\/person\/ce6091eeb7e95ecdc87890d6aa8e0fd4"},"headline":"Koffein tabletta k\u00e1v\u00e9 vagy z\u00f6ld tea? Mivel maradsz fent sok\u00e1ig?","datePublished":"2023-06-20T06:10:34+00:00","mainEntityOfPage":{"@id":"https:\/\/dorogimedence.hu\/index.php\/2023\/06\/20\/koffein-tabletta-kave-vagy-zold-tea-mivel-maradsz-fent-sokaig\/"},"wordCount":1067,"publisher":{"@id":"https:\/\/dorogimedence.hu\/#organization"},"keywords":["koffein","koffein tabletta","z\u00f6ldtea"],"articleSection":["H\u00edrek"],"inLanguage":"hu"},{"@type":"WebPage","@id":"https:\/\/dorogimedence.hu\/index.php\/2023\/06\/20\/koffein-tabletta-kave-vagy-zold-tea-mivel-maradsz-fent-sokaig\/","url":"https:\/\/dorogimedence.hu\/index.php\/2023\/06\/20\/koffein-tabletta-kave-vagy-zold-tea-mivel-maradsz-fent-sokaig\/","name":"Koffein tabletta k\u00e1v\u00e9 vagy z\u00f6ld tea? Mivel maradsz fent sok\u00e1ig?","isPartOf":{"@id":"https:\/\/dorogimedence.hu\/#website"},"datePublished":"2023-06-20T06:10:34+00:00","breadcrumb":{"@id":"https:\/\/dorogimedence.hu\/index.php\/2023\/06\/20\/koffein-tabletta-kave-vagy-zold-tea-mivel-maradsz-fent-sokaig\/#breadcrumb"},"inLanguage":"hu","potentialAction":[{"@type":"ReadAction","target":["https:\/\/dorogimedence.hu\/index.php\/2023\/06\/20\/koffein-tabletta-kave-vagy-zold-tea-mivel-maradsz-fent-sokaig\/"]}]},{"@type":"BreadcrumbList","@id":"https:\/\/dorogimedence.hu\/index.php\/2023\/06\/20\/koffein-tabletta-kave-vagy-zold-tea-mivel-maradsz-fent-sokaig\/#breadcrumb","itemListElement":[{"@type":"ListItem","position":1,"name":"Kezd\u0151lap","item":"https:\/\/dorogimedence.hu\/"},{"@type":"ListItem","position":2,"name":"Koffein tabletta k\u00e1v\u00e9 vagy z\u00f6ld tea? Mivel maradsz fent sok\u00e1ig?"}]},{"@type":"WebSite","@id":"https:\/\/dorogimedence.hu\/#website","url":"https:\/\/dorogimedence.hu\/","name":"Dorogi-medence Region\u00e1lis H\u00edrport\u00e1l","description":"Dorog, Keszt\u00f6lc, Le\u00e1nyv\u00e1r, Piliscs\u00e9v, Tokod, Tokodalt\u00e1r\u00f3, Csolnok, Esztergom-kertv\u00e1ros: h\u00edrek, programok","publisher":{"@id":"https:\/\/dorogimedence.hu\/#organization"},"potentialAction":[{"@type":"SearchAction","target":{"@type":"EntryPoint","urlTemplate":"https:\/\/dorogimedence.hu\/?s={search_term_string}"},"query-input":{"@type":"PropertyValueSpecification","valueRequired":true,"valueName":"search_term_string"}}],"inLanguage":"hu"},{"@type":"Organization","@id":"https:\/\/dorogimedence.hu\/#organization","name":"Dorogi-medence Region\u00e1lis H\u00edrport\u00e1l","url":"https:\/\/dorogimedence.hu\/","logo":{"@type":"ImageObject","inLanguage":"hu","@id":"https:\/\/dorogimedence.hu\/#\/schema\/logo\/image\/","url":"https:\/\/dorogimedence.hu\/wp-content\/uploads\/2021\/04\/logo-feher-600.png","contentUrl":"https:\/\/dorogimedence.hu\/wp-content\/uploads\/2021\/04\/logo-feher-600.png","width":600,"height":100,"caption":"Dorogi-medence Region\u00e1lis H\u00edrport\u00e1l"},"image":{"@id":"https:\/\/dorogimedence.hu\/#\/schema\/logo\/image\/"},"sameAs":["https:\/\/www.facebook.com\/dorogimedence\/"]},{"@type":"Person","@id":"https:\/\/dorogimedence.hu\/#\/schema\/person\/ce6091eeb7e95ecdc87890d6aa8e0fd4","name":"dorogimedence.hu","image":{"@type":"ImageObject","inLanguage":"hu","@id":"\/\/www.gravatar.com\/avatar\/d8d45f8901aadff40a4af72c0b826f1d?s=96&#038;r=g&#038;d=mm","url":"\/\/www.gravatar.com\/avatar\/d8d45f8901aadff40a4af72c0b826f1d?s=96&#038;r=g&#038;d=mm","contentUrl":"\/\/www.gravatar.com\/avatar\/d8d45f8901aadff40a4af72c0b826f1d?s=96&#038;r=g&#038;d=mm","caption":"dorogimedence.hu"}}]}},"_links":{"self":[{"href":"https:\/\/dorogimedence.hu\/index.php\/wp-json\/wp\/v2\/posts\/54301","targetHints":{"allow":["GET"]}}],"collection":[{"href":"https:\/\/dorogimedence.hu\/index.php\/wp-json\/wp\/v2\/posts"}],"about":[{"href":"https:\/\/dorogimedence.hu\/index.php\/wp-json\/wp\/v2\/types\/post"}],"author":[{"embeddable":true,"href":"https:\/\/dorogimedence.hu\/index.php\/wp-json\/wp\/v2\/users\/1"}],"replies":[{"embeddable":true,"href":"https:\/\/dorogimedence.hu\/index.php\/wp-json\/wp\/v2\/comments?post=54301"}],"version-history":[{"count":0,"href":"https:\/\/dorogimedence.hu\/index.php\/wp-json\/wp\/v2\/posts\/54301\/revisions"}],"wp:attachment":[{"href":"https:\/\/dorogimedence.hu\/index.php\/wp-json\/wp\/v2\/media?parent=54301"}],"wp:term":[{"taxonomy":"category","embeddable":true,"href":"https:\/\/dorogimedence.hu\/index.php\/wp-json\/wp\/v2\/categories?post=54301"},{"taxonomy":"post_tag","embeddable":true,"href":"https:\/\/dorogimedence.hu\/index.php\/wp-json\/wp\/v2\/tags?post=54301"}],"curies":[{"name":"wp","href":"https:\/\/api.w.org\/{rel}","templated":true}]}}