{"id":54285,"date":"2023-06-19T15:31:04","date_gmt":"2023-06-19T13:31:04","guid":{"rendered":"https:\/\/dorogimedence.hu\/?p=54285"},"modified":"2023-06-19T15:31:04","modified_gmt":"2023-06-19T13:31:04","slug":"megjelent-a-richter-tett-mesepalyazat-masodik-antologiaja","status":"publish","type":"post","link":"https:\/\/dorogimedence.hu\/index.php\/2023\/06\/19\/megjelent-a-richter-tett-mesepalyazat-masodik-antologiaja\/","title":{"rendered":"Megjelent a Richter TETT-mesep\u00e1ly\u00e1zat m\u00e1sodik antol\u00f3gi\u00e1ja"},"content":{"rendered":"<p><strong>A Magyar Term\u00e9szettudom\u00e1nyi M\u00fazeumban mutatt\u00e1k be azt a k\u00f6tetet, amely a \u201eRichter TETT: Te \u00e9s a term\u00e9szettudom\u00e1nyok \u2013 mes\u00e9s t\u00f6rt\u00e9netek\u201d elnevez\u00e9s\u0171 mese- \u00e9s novella\u00edr\u00f3 p\u00e1ly\u00e1zat m\u00e1sodik ki\u00edr\u00e1s\u00e1nak legjobb alkot\u00e1sait tartalmazza. Az \u00e1ltal\u00e1nos iskol\u00e1s \u00e9s k\u00f6z\u00e9piskol\u00e1s szerz\u0151k k\u00f6z\u00f6tt k\u00e9t olyan d\u00edjazott is van, akinek m\u00e1r a kezdem\u00e9nyez\u00e9s els\u0151 gy\u0171jtem\u00e9nyes kiad\u00e1s\u00e1ban is szerepelt az alkot\u00e1sa.<\/strong><\/p>\n<p>F\u00e9s\u00fc Ella \u00e9s Klement Tam\u00e1s m\u00e1r a Richter Gedeon Nyrt. \u00e1ltal \u00e9letre h\u00edvott, A Term\u00e9szettudom\u00e1nyos Oktat\u00e1s\u00e9rt Szab\u00f3 Szabolcs Eml\u00e9k\u00e9re K\u00f6zhaszn\u00fa Alap\u00edtv\u00e1ny (Sz2A) szakmai partners\u00e9g\u00e9vel, illetve a D\u00f6brentey Ildik\u00f3 \u2013 Levente P\u00e9ter m\u0171v\u00e9szh\u00e1zasp\u00e1r v\u00e9dn\u00f6ks\u00e9ge alatt meghirdetett mese- \u00e9s novella\u00edr\u00f3 p\u00e1ly\u00e1zat els\u0151 k\u00f6r\u00e9re is k\u00fcld\u00f6tt be alkot\u00e1st. Ella \u00e9s Tam\u00e1s p\u00e1ly\u00e1zatai m\u00e1r akkor elnyert\u00e9k a zs\u0171ri tetsz\u00e9s\u00e9t, ez\u00e9rt ezek az els\u0151 ki\u00edr\u00e1st meg\u00f6r\u00f6k\u00edt\u0151 tavalyi antol\u00f3gi\u00e1ban is szerepeltek. Mivel a m\u00e1sodik ki\u00edr\u00e1sra bek\u00fcld\u00f6tt \u00fajabb m\u0171veik szint\u00e9n d\u00edjazottak lettek, a \u201eRichter TETT: Te \u00e9s a term\u00e9szettudom\u00e1nyok \u2013 mes\u00e9s t\u00f6rt\u00e9netek\u201d elnevez\u00e9s\u0171 kezdem\u00e9nyez\u00e9s legjobb m\u0171veit csokorba gy\u0171jt\u0151 m\u00e1sodik k\u00f6nyvben is helyet kap a k\u00e9t szerz\u0151. A k\u00e9t fiatalon k\u00edv\u00fcl tov\u00e1bbi 13 olyan szerz\u0151 van, akinek m\u0171vei beker\u00fcltek mind az els\u0151, mind a m\u00e1sodik Richter TETT-gy\u0171jtem\u00e9nybe. Az ut\u00f3bbi k\u00f6tetet \u2013 amelynek szem\u00e9lyess\u00e9get \u00e9s k\u00f6z\u00f6ss\u00e9get egyszerre megragad\u00f3, a k\u00f6nyvbor\u00edt\u00f3n megjelen\u0151, majd a k\u00f6tet oldalait friss sz\u00ednekben v\u00e9gigk\u00eds\u00e9r\u0151 ujjlenyomatmot\u00edvummal f\u00e9mjelzett vizualit\u00e1sa a tervez\u0151grafikus Czirj\u00e1k-Nagy Zsuzsanna munk\u00e1ja \u2013 tegnap mutatt\u00e1k be \u00fcnnep\u00e9lyes keretek k\u00f6z\u00f6tt az id\u00e9n 220. sz\u00fclet\u00e9snapj\u00e1t \u00fcnnepl\u0151 Magyar Term\u00e9szettudom\u00e1nyi M\u00fazeumban.<\/p>\n<p><img fetchpriority=\"high\" decoding=\"async\" class=\"alignnone size-full wp-image-54287\" src=\"https:\/\/dorogimedence.hu\/wp-content\/uploads\/2023\/06\/tett-02.jpg\" alt=\"\" width=\"1920\" height=\"1080\" srcset=\"https:\/\/dorogimedence.hu\/wp-content\/uploads\/2023\/06\/tett-02.jpg 1920w, https:\/\/dorogimedence.hu\/wp-content\/uploads\/2023\/06\/tett-02-600x338.jpg 600w, https:\/\/dorogimedence.hu\/wp-content\/uploads\/2023\/06\/tett-02-768x432.jpg 768w, https:\/\/dorogimedence.hu\/wp-content\/uploads\/2023\/06\/tett-02-1536x864.jpg 1536w, https:\/\/dorogimedence.hu\/wp-content\/uploads\/2023\/06\/tett-02-150x84.jpg 150w, https:\/\/dorogimedence.hu\/wp-content\/uploads\/2023\/06\/tett-02-450x253.jpg 450w, https:\/\/dorogimedence.hu\/wp-content\/uploads\/2023\/06\/tett-02-1200x675.jpg 1200w\" sizes=\"(max-width: 1920px) 100vw, 1920px\" \/><\/p>\n<p><em>\u201e\u0150szinte \u00f6r\u00f6mmel \u00e9s lelkesed\u00e9ssel adunk otthont ennek a k\u00f6nyvbemutat\u00f3nak, amely a term\u00e9szettudom\u00e1nyok \u00e9s az irodalom eg\u00e9szen rendhagy\u00f3 \u00f6sszefon\u00f3d\u00e1s\u00e1nak a lenyomata\u201d<\/em> \u2013 mondta el az esem\u00e9nyen Bernert Zsolt, a m\u00fazeum f\u0151igazgat\u00f3ja. Prof. Dr. Sz\u00e1ntay Csaba, a Richter tudom\u00e1nyos f\u0151tan\u00e1csad\u00f3ja, eg\u00e9szs\u00e9g\u00fcgy- \u00e9s oktat\u00e1st\u00e1mogat\u00e1si vezet\u0151je, a p\u00e1ly\u00e1zat egyik \u00f6tletgazd\u00e1ja \u00e9s zs\u0171rij\u00e9nek tagja hozz\u00e1tette: <em>\u201eez a k\u00f6nyv t\u00f6bb egyszer\u0171 k\u00f6nyvn\u00e9l: mindannyiunk sz\u00e1m\u00e1ra kapaszkod\u00f3t ad, hogy hihess\u00fcnk abban a gener\u00e1ci\u00f3ban, amelyik a vil\u00e1gunk j\u00f6v\u0151j\u00e9t hat\u00e1rozza meg\u201d.<\/em>&nbsp;<\/p>\n<p><em>\u201eBiztos vagyok abban, hogy a k\u00f6nyvbemutat\u00f3ra megh\u00edvott di\u00e1kszerz\u0151knek \u00e9letre sz\u00f3l\u00f3, esetleg sorsford\u00edt\u00f3 \u00e9lm\u00e9nyben van r\u00e9sz\u00fck, amikor kez\u00fckbe foghatj\u00e1k az ig\u00e9nyes ki\u00e1ll\u00edt\u00e1s\u00fa k\u00f6tetet, s azt fellapozva meglelik benne a saj\u00e1t m\u0171v\u00fcket\u201d <\/em>\u2013 fogalmazott D\u00f6brentey Ildik\u00f3 Magyar \u00f6r\u00f6ks\u00e9g- \u00e9s Prima d\u00edjas \u00edr\u00f3, a Richter TETTmesep\u00e1ly\u00e1zat v\u00e9dn\u00f6ke, a zs\u0171ri tagja, aki szerint ez semmi m\u00e1ssal nem p\u00f3tolhat\u00f3 \u00e9lm\u00e9nyt jelenthet a fiataloknak. Hasonl\u00f3 \u00e1ll\u00e1sponton volt a szint\u00e9n zs\u0171ritag Bajz\u00e1th M\u00e1ria N\u0151k Lapja Irodalmi D\u00edjas tan\u00e1r, \u00edr\u00f3, nevel\u00e9studom\u00e1nyi b\u00f6lcs\u00e9sz, mesepedag\u00f3gus, a N\u00e9pmesekincst\u00e1r Mesepedag\u00f3gia M\u0171hely szakmai vezet\u0151je, aki \u00fagy v\u00e9li: az \u00f6nmag\u00e1ban pozit\u00edv j\u00f6v\u0151k\u00e9pet gener\u00e1l, hogy az \u00e1ltal\u00e1nos iskol\u00e1s \u00e9s k\u00f6z\u00e9piskol\u00e1s di\u00e1kok term\u00e9szettudom\u00e1nyos t\u00f6rt\u00e9netei k\u00f6nyvalakban jelenhetnek meg. <em>\u201eA k\u00f6nyveket olvas\u00f3-gondolkod\u00f3 emberek \u00edrj\u00e1k, \u00e9s azoknak is \u00edr\u00f3dnak. Ez\u00e9rt ez a k\u00f6nyv sz\u00e1momra a testet \u00f6lt\u00f6tt rem\u00e9ny, az \u00e9rtelmes emberi j\u00f6v\u0151 egyik k\u00e9zzelfoghat\u00f3 z\u00e1loga\u201d<\/em> \u2013 sz\u00f6gezte le a mesepedag\u00f3gus.<\/p>\n<p><img decoding=\"async\" class=\"alignnone size-full wp-image-54288\" src=\"https:\/\/dorogimedence.hu\/wp-content\/uploads\/2023\/06\/tett-03.jpg\" alt=\"\" width=\"1920\" height=\"1280\" srcset=\"https:\/\/dorogimedence.hu\/wp-content\/uploads\/2023\/06\/tett-03.jpg 1920w, https:\/\/dorogimedence.hu\/wp-content\/uploads\/2023\/06\/tett-03-600x400.jpg 600w, https:\/\/dorogimedence.hu\/wp-content\/uploads\/2023\/06\/tett-03-768x512.jpg 768w, https:\/\/dorogimedence.hu\/wp-content\/uploads\/2023\/06\/tett-03-1536x1024.jpg 1536w, https:\/\/dorogimedence.hu\/wp-content\/uploads\/2023\/06\/tett-03-150x100.jpg 150w, https:\/\/dorogimedence.hu\/wp-content\/uploads\/2023\/06\/tett-03-450x300.jpg 450w, https:\/\/dorogimedence.hu\/wp-content\/uploads\/2023\/06\/tett-03-1200x800.jpg 1200w, https:\/\/dorogimedence.hu\/wp-content\/uploads\/2023\/06\/tett-03-272x182.jpg 272w\" sizes=\"(max-width: 1920px) 100vw, 1920px\" \/><\/p>\n<p>A Richter TETT m\u00e1sodik ki\u00edr\u00e1s\u00e1ra be\u00e9rkezett 775 \u00e9rv\u00e9nyes p\u00e1lyam\u0171 k\u00f6z\u00fcl 113 jelenik meg a \u201eMes\u00e9k \u00e9s m\u00e1s t\u00f6rt\u00e9netek a term\u00e9szettudom\u00e1nyok vil\u00e1g\u00e1b\u00f3l\u201d c\u00edmet visel\u0151 antol\u00f3gi\u00e1ban, amelynek legfiatalabb szerz\u0151je 2015 nyar\u00e1n, a legid\u0151sebb 2004 j\u00fanius\u00e1ban sz\u00fcletett. Az idei szerz\u0151g\u00e1rd\u00e1ban akad egy testv\u00e9rp\u00e1r is, akik egym\u00e1st\u00f3l teljesen f\u00fcggetlen\u00fcl, k\u00fcl\u00f6n m\u0171vekkel indultak \u00e9s lettek d\u00edjazottak. A zs\u0171ri \u00e1ltal elismert p\u00e1ly\u00e1z\u00f3k k\u00f6z\u00f6tt van egy hat\u00e1ron t\u00fali csapat is, miut\u00e1n a kezdem\u00e9nyez\u00e9s Erd\u00e9lyben, Felvid\u00e9ken \u00e9s K\u00e1rp\u00e1talj\u00e1n is egyre n\u00e9pszer\u0171bb: az els\u0151 ki\u00edr\u00e1s 45 p\u00e1lyam\u0171ve ut\u00e1n legut\u00f3bb m\u00e1r 74 alkot\u00e1s \u00e9rkezett k\u00fclf\u00f6ldr\u0151l.<\/p>\n<p><em>\u201eAzt Jules Verne \u00f3ta tudjuk, hogy a term\u00e9szettudom\u00e1nyok \u00e9s a k\u00e9pzelet leny\u0171g\u00f6z\u0151 \u00e9s sz\u00f3rakoztat\u00f3 elegyet k\u00e9pez, ugyanakkor a fant\u00e1zi\u00e1nak nem csup\u00e1n az \u00edr\u00e1sban van \u00f3ri\u00e1si szerepe, hanem a tudom\u00e1nyos \u00e9letben is, \u00edgy ennek tren\u00edroz\u00e1sa mindenk\u00e9ppen j\u00f3 hat\u00e1ssal van a gyerekekre\u201d<\/em> \u2013 \u00f6sszegzett Holtzer P\u00e9ter, az Sz2A eln\u00f6ke, aki szerint a kezdem\u00e9nyez\u00e9s l\u00e9nyege pontosan az, hogy a term\u00e9szet \u00e9s annak meg\u00e9rt\u00e9se fel\u00e9 ford\u00edtsa a fiatalok gondolkod\u00e1s\u00e1t.<\/p>\n<p>Az els\u0151 Richter TETT-antol\u00f3gi\u00e1hoz hasonl\u00f3an a most \u00e1tadott k\u00f6nyvek is el\u00e9rhet\u0151k a Richter TETTmesep\u00e1ly\u00e1zat honlapj\u00e1n.<\/p>\n<p><img decoding=\"async\" class=\"alignnone size-full wp-image-54289\" src=\"https:\/\/dorogimedence.hu\/wp-content\/uploads\/2023\/06\/tett-04.jpg\" alt=\"\" width=\"1920\" height=\"2224\" srcset=\"https:\/\/dorogimedence.hu\/wp-content\/uploads\/2023\/06\/tett-04.jpg 1920w, https:\/\/dorogimedence.hu\/wp-content\/uploads\/2023\/06\/tett-04-518x600.jpg 518w, https:\/\/dorogimedence.hu\/wp-content\/uploads\/2023\/06\/tett-04-1658x1920.jpg 1658w, https:\/\/dorogimedence.hu\/wp-content\/uploads\/2023\/06\/tett-04-768x890.jpg 768w, https:\/\/dorogimedence.hu\/wp-content\/uploads\/2023\/06\/tett-04-1326x1536.jpg 1326w, https:\/\/dorogimedence.hu\/wp-content\/uploads\/2023\/06\/tett-04-1768x2048.jpg 1768w, https:\/\/dorogimedence.hu\/wp-content\/uploads\/2023\/06\/tett-04-150x174.jpg 150w, https:\/\/dorogimedence.hu\/wp-content\/uploads\/2023\/06\/tett-04-450x521.jpg 450w, https:\/\/dorogimedence.hu\/wp-content\/uploads\/2023\/06\/tett-04-1200x1390.jpg 1200w\" sizes=\"(max-width: 1920px) 100vw, 1920px\" \/><\/p>\n<h4>A RICHTER GEDEON NYRT.-R\u0150L<sup><br \/>\n<\/sup><\/h4>\n<p>A r\u00e9gi\u00f3 vezet\u0151 gy\u00f3gyszerc\u00e9ge magyarorsz\u00e1gi k\u00f6zpont\u00fa, magyar ir\u00e1ny\u00edt\u00e1s\u00fa, magas hozz\u00e1adott \u00e9rt\u00e9kre \u00e9s nagyfok\u00fa innovativit\u00e1sra \u00e9p\u00fcl\u0151, specializ\u00e1lt multinacion\u00e1lis v\u00e1llalat. A min\u0151s\u00e9gi szaktud\u00e1s \u00e9s az innov\u00e1ci\u00f3s potenci\u00e1l megl\u00e9t\u00e9re \u00e9p\u00edt\u0151 nagyfoglalkoztat\u00f3k\u00e9nt a Richter a legjelent\u0151sebb hazai koncentr\u00e1lt tud\u00e1scentrum, amely \u2013 szinte egyed\u00fcl\u00e1ll\u00f3 m\u00f3don \u2013 az innov\u00e1ci\u00f3s l\u00e1nc teljes spektrum\u00e1ban folyamatosan akt\u00edv \u00e9s igen eredm\u00e9nyes. A v\u00e1llalat vertik\u00e1lisan integr\u00e1lt m\u00f3don gy\u00f3gyszergy\u00e1rt\u00e1ssal, kutat\u00e1s-fejleszt\u00e9ssel, kereskedelemmel, valamint marketinggel foglalkozik. A Richter az eg\u00e9szs\u00e9g\u00fcgy \u00e9s az oktat\u00e1s elk\u00f6telezett t\u00e1mogat\u00f3ja. Tov\u00e1bbi inform\u00e1ci\u00f3k a <a href=\"http:\/\/www.gedeonrichter.com\/\" target=\"_blank\" rel=\"noopener\"><span style=\"text-decoration: underline; color: #0000ff;\">www.gedeonrichter.com<\/span><\/a> weboldalon.<\/p>\n<h4>AZ SZ2A-R\u00d3L<\/h4>\n<p>A <a href=\"https:\/\/sz2a.hu\/\" target=\"_blank\" rel=\"noopener\"><span style=\"text-decoration: underline; color: #0000ff;\">Term\u00e9szettudom\u00e1nyos Oktat\u00e1s\u00e9rt Szab\u00f3 Szabolcs Eml\u00e9k\u00e9re K\u00f6zhaszn\u00fa Alap\u00edtv\u00e1ny<\/span><\/a> a tudom\u00e1nyos oktat\u00e1s f\u00e9nyes m\u00faltj\u00e1ra b\u00fcszke, jelen\u00e9\u00e9rt agg\u00f3d\u00f3 \u00e9s j\u00f6v\u0151j\u00e9\u00e9rt tenni akar\u00f3 platformk\u00e9nt k\u00edv\u00e1nja szolg\u00e1lni pedag\u00f3gusok, pedag\u00f3gushallgat\u00f3k, di\u00e1kok, sz\u00fcl\u0151k, szimpatiz\u00e1nsok, \u00e9s a szakembereket munkaad\u00f3k\u00e9nt foglalkoztat\u00f3 szervezetek \u00e9p\u00edt\u0151 egy\u00fcttm\u0171k\u00f6d\u00e9s\u00e9t. A szervezet a term\u00e9szettudom\u00e1nyos tan\u00e1rut\u00e1np\u00f3tl\u00e1s hi\u00e1ny\u00e1ra keresi a megold\u00e1sokat annak \u00e9rdek\u00e9ben, hogy 10-15 \u00e9v m\u00falva is legyen, aki term\u00e9szettudom\u00e1nyokra tan\u00edtja a gyerekeket, fenntartva \u00e9s folytatva a term\u00e9szettudom\u00e1nyos oktat\u00e1si \u00e9rt\u00e9kl\u00e1nc hossz\u00fa hagyom\u00e1nyait. Ennek jegy\u00e9ben \u00e9lesztette \u00fajj\u00e1 n\u00e9vad\u00f3ja, a fiatalon elhunyt kit\u0171n\u0151 k\u00e9miatan\u00e1r, Szab\u00f3 Szabolcs kezdem\u00e9nyez\u00e9s\u00e9t, a vid\u00e9ki iskol\u00e1kra f\u00f3kusz\u00e1l\u00f3, k\u00eds\u00e9rleti bemutat\u00f3 foglalkoz\u00e1sokat tart\u00f3, utaz\u00f3 K\u00e9mia MobilLabort. Szint\u00e9n ebben a szellemben seg\u00edti a term\u00e9szettudom\u00e1nyokat oktat\u00f3k napi munk\u00e1j\u00e1t a tanmenethez kapcsol\u00f3d\u00f3, sematiz\u00e1lt, k\u00f6nnyen kereshet\u0151 vide\u00f3t, feladatlapot, anim\u00e1ci\u00f3t \u00e9s m\u00e1s gy\u0171jtem\u00e9nyt tartalmaz\u00f3 honlapcsal\u00e1ddal, a <a href=\"https:\/\/tanseged.hu\/\" target=\"_blank\" rel=\"noopener\"><span style=\"text-decoration: underline; color: #0000ff;\">tanseged.hu<\/span><\/a><a href=\"https:\/\/tanseged.hu\/\">&#8211;<\/a>val.<\/p>\n","protected":false},"excerpt":{"rendered":"<p>A Magyar Term\u00e9szettudom\u00e1nyi M\u00fazeumban mutatt\u00e1k be azt a k\u00f6tetet, amely a \u201eRichter TETT: Te \u00e9s a term\u00e9szettudom\u00e1nyok \u2013 mes\u00e9s t\u00f6rt\u00e9netek\u201d elnevez\u00e9s\u0171 mese- \u00e9s novella\u00edr\u00f3 p\u00e1ly\u00e1zat m\u00e1sodik ki\u00edr\u00e1s\u00e1nak legjobb alkot\u00e1sait tartalmazza. Az \u00e1ltal\u00e1nos iskol\u00e1s \u00e9s k\u00f6z\u00e9piskol\u00e1s szerz\u0151k k\u00f6z\u00f6tt k\u00e9t olyan d\u00edjazott is van, akinek m\u00e1r a kezdem\u00e9nyez\u00e9s els\u0151 gy\u0171jtem\u00e9nyes kiad\u00e1s\u00e1ban is szerepelt az alkot\u00e1sa. F\u00e9s\u00fc Ella<\/p>\n","protected":false},"author":1,"featured_media":54286,"comment_status":"closed","ping_status":"closed","sticky":false,"template":"","format":"standard","meta":{"ngg_post_thumbnail":0,"footnotes":""},"categories":[6934,3],"tags":[1112,4060,4771,7310,7309],"class_list":{"0":"post-54285","1":"post","2":"type-post","3":"status-publish","4":"format-standard","5":"has-post-thumbnail","7":"category-belfold","8":"category-hirek","9":"tag-konyv","10":"tag-richter","11":"tag-richter-gedeon-nyrt","12":"tag-te-es-a-termeszettudomanyok","13":"tag-tett"},"yoast_head":"<!-- This site is optimized with the Yoast SEO plugin v27.5 - https:\/\/yoast.com\/product\/yoast-seo-wordpress\/ -->\n<title>Megjelent a Richter TETT-mesep\u00e1ly\u00e1zat m\u00e1sodik antol\u00f3gi\u00e1ja<\/title>\n<meta name=\"robots\" content=\"index, follow, max-snippet:-1, max-image-preview:large, max-video-preview:-1\" \/>\n<link rel=\"canonical\" href=\"https:\/\/dorogimedence.hu\/index.php\/2023\/06\/19\/megjelent-a-richter-tett-mesepalyazat-masodik-antologiaja\/\" class=\"yoast-seo-meta-tag\" \/>\n<meta property=\"og:locale\" content=\"hu_HU\" class=\"yoast-seo-meta-tag\" \/>\n<meta property=\"og:type\" content=\"article\" class=\"yoast-seo-meta-tag\" \/>\n<meta property=\"og:title\" content=\"Megjelent a Richter TETT-mesep\u00e1ly\u00e1zat m\u00e1sodik antol\u00f3gi\u00e1ja\" class=\"yoast-seo-meta-tag\" \/>\n<meta property=\"og:description\" content=\"A Magyar Term\u00e9szettudom\u00e1nyi M\u00fazeumban mutatt\u00e1k be azt a k\u00f6tetet, amely a \u201eRichter TETT: Te \u00e9s a term\u00e9szettudom\u00e1nyok \u2013 mes\u00e9s t\u00f6rt\u00e9netek\u201d elnevez\u00e9s\u0171 mese- \u00e9s novella\u00edr\u00f3 p\u00e1ly\u00e1zat m\u00e1sodik ki\u00edr\u00e1s\u00e1nak legjobb alkot\u00e1sait tartalmazza. Az \u00e1ltal\u00e1nos iskol\u00e1s \u00e9s k\u00f6z\u00e9piskol\u00e1s szerz\u0151k k\u00f6z\u00f6tt k\u00e9t olyan d\u00edjazott is van, akinek m\u00e1r a kezdem\u00e9nyez\u00e9s els\u0151 gy\u0171jtem\u00e9nyes kiad\u00e1s\u00e1ban is szerepelt az alkot\u00e1sa. F\u00e9s\u00fc Ella\" class=\"yoast-seo-meta-tag\" \/>\n<meta property=\"og:url\" content=\"https:\/\/dorogimedence.hu\/index.php\/2023\/06\/19\/megjelent-a-richter-tett-mesepalyazat-masodik-antologiaja\/\" class=\"yoast-seo-meta-tag\" \/>\n<meta property=\"og:site_name\" content=\"Dorogi-medence Region\u00e1lis H\u00edrport\u00e1l\" class=\"yoast-seo-meta-tag\" \/>\n<meta property=\"article:publisher\" content=\"https:\/\/www.facebook.com\/dorogimedence\/\" class=\"yoast-seo-meta-tag\" \/>\n<meta property=\"article:published_time\" content=\"2023-06-19T13:31:04+00:00\" class=\"yoast-seo-meta-tag\" \/>\n<meta property=\"og:image\" content=\"https:\/\/dorogimedence.hu\/wp-content\/uploads\/2023\/06\/tett-01.jpg\" class=\"yoast-seo-meta-tag\" \/>\n\t<meta property=\"og:image:width\" content=\"1920\" class=\"yoast-seo-meta-tag\" \/>\n\t<meta property=\"og:image:height\" content=\"970\" class=\"yoast-seo-meta-tag\" \/>\n\t<meta property=\"og:image:type\" content=\"image\/jpeg\" class=\"yoast-seo-meta-tag\" \/>\n<meta name=\"author\" content=\"dorogimedence.hu\" class=\"yoast-seo-meta-tag\" \/>\n<meta name=\"twitter:card\" content=\"summary_large_image\" class=\"yoast-seo-meta-tag\" \/>\n<meta name=\"twitter:label1\" content=\"Szerz\u0151:\" class=\"yoast-seo-meta-tag\" \/>\n\t<meta name=\"twitter:data1\" content=\"dorogimedence.hu\" class=\"yoast-seo-meta-tag\" \/>\n\t<meta name=\"twitter:label2\" content=\"Becs\u00fclt olvas\u00e1si id\u0151\" class=\"yoast-seo-meta-tag\" \/>\n\t<meta name=\"twitter:data2\" content=\"7 perc\" class=\"yoast-seo-meta-tag\" \/>\n<script type=\"application\/ld+json\" class=\"yoast-schema-graph\">{\"@context\":\"https:\\\/\\\/schema.org\",\"@graph\":[{\"@type\":\"Article\",\"@id\":\"https:\\\/\\\/dorogimedence.hu\\\/index.php\\\/2023\\\/06\\\/19\\\/megjelent-a-richter-tett-mesepalyazat-masodik-antologiaja\\\/#article\",\"isPartOf\":{\"@id\":\"https:\\\/\\\/dorogimedence.hu\\\/index.php\\\/2023\\\/06\\\/19\\\/megjelent-a-richter-tett-mesepalyazat-masodik-antologiaja\\\/\"},\"author\":{\"name\":\"dorogimedence.hu\",\"@id\":\"https:\\\/\\\/dorogimedence.hu\\\/#\\\/schema\\\/person\\\/ce6091eeb7e95ecdc87890d6aa8e0fd4\"},\"headline\":\"Megjelent a Richter TETT-mesep\u00e1ly\u00e1zat m\u00e1sodik antol\u00f3gi\u00e1ja\",\"datePublished\":\"2023-06-19T13:31:04+00:00\",\"mainEntityOfPage\":{\"@id\":\"https:\\\/\\\/dorogimedence.hu\\\/index.php\\\/2023\\\/06\\\/19\\\/megjelent-a-richter-tett-mesepalyazat-masodik-antologiaja\\\/\"},\"wordCount\":1316,\"publisher\":{\"@id\":\"https:\\\/\\\/dorogimedence.hu\\\/#organization\"},\"image\":{\"@id\":\"https:\\\/\\\/dorogimedence.hu\\\/index.php\\\/2023\\\/06\\\/19\\\/megjelent-a-richter-tett-mesepalyazat-masodik-antologiaja\\\/#primaryimage\"},\"thumbnailUrl\":\"https:\\\/\\\/dorogimedence.hu\\\/wp-content\\\/uploads\\\/2023\\\/06\\\/tett-01.jpg\",\"keywords\":[\"k\u00f6nyv\",\"richter\",\"Richter Gedeon Nyrt.\",\"Te \u00e9s a term\u00e9szettudom\u00e1nyok\",\"TETT\"],\"articleSection\":[\"Belf\u00f6ld, Gazdas\u00e1g\",\"H\u00edrek\"],\"inLanguage\":\"hu\"},{\"@type\":\"WebPage\",\"@id\":\"https:\\\/\\\/dorogimedence.hu\\\/index.php\\\/2023\\\/06\\\/19\\\/megjelent-a-richter-tett-mesepalyazat-masodik-antologiaja\\\/\",\"url\":\"https:\\\/\\\/dorogimedence.hu\\\/index.php\\\/2023\\\/06\\\/19\\\/megjelent-a-richter-tett-mesepalyazat-masodik-antologiaja\\\/\",\"name\":\"Megjelent a Richter TETT-mesep\u00e1ly\u00e1zat m\u00e1sodik antol\u00f3gi\u00e1ja\",\"isPartOf\":{\"@id\":\"https:\\\/\\\/dorogimedence.hu\\\/#website\"},\"primaryImageOfPage\":{\"@id\":\"https:\\\/\\\/dorogimedence.hu\\\/index.php\\\/2023\\\/06\\\/19\\\/megjelent-a-richter-tett-mesepalyazat-masodik-antologiaja\\\/#primaryimage\"},\"image\":{\"@id\":\"https:\\\/\\\/dorogimedence.hu\\\/index.php\\\/2023\\\/06\\\/19\\\/megjelent-a-richter-tett-mesepalyazat-masodik-antologiaja\\\/#primaryimage\"},\"thumbnailUrl\":\"https:\\\/\\\/dorogimedence.hu\\\/wp-content\\\/uploads\\\/2023\\\/06\\\/tett-01.jpg\",\"datePublished\":\"2023-06-19T13:31:04+00:00\",\"breadcrumb\":{\"@id\":\"https:\\\/\\\/dorogimedence.hu\\\/index.php\\\/2023\\\/06\\\/19\\\/megjelent-a-richter-tett-mesepalyazat-masodik-antologiaja\\\/#breadcrumb\"},\"inLanguage\":\"hu\",\"potentialAction\":[{\"@type\":\"ReadAction\",\"target\":[\"https:\\\/\\\/dorogimedence.hu\\\/index.php\\\/2023\\\/06\\\/19\\\/megjelent-a-richter-tett-mesepalyazat-masodik-antologiaja\\\/\"]}]},{\"@type\":\"ImageObject\",\"inLanguage\":\"hu\",\"@id\":\"https:\\\/\\\/dorogimedence.hu\\\/index.php\\\/2023\\\/06\\\/19\\\/megjelent-a-richter-tett-mesepalyazat-masodik-antologiaja\\\/#primaryimage\",\"url\":\"https:\\\/\\\/dorogimedence.hu\\\/wp-content\\\/uploads\\\/2023\\\/06\\\/tett-01.jpg\",\"contentUrl\":\"https:\\\/\\\/dorogimedence.hu\\\/wp-content\\\/uploads\\\/2023\\\/06\\\/tett-01.jpg\",\"width\":1920,\"height\":970},{\"@type\":\"BreadcrumbList\",\"@id\":\"https:\\\/\\\/dorogimedence.hu\\\/index.php\\\/2023\\\/06\\\/19\\\/megjelent-a-richter-tett-mesepalyazat-masodik-antologiaja\\\/#breadcrumb\",\"itemListElement\":[{\"@type\":\"ListItem\",\"position\":1,\"name\":\"Kezd\u0151lap\",\"item\":\"https:\\\/\\\/dorogimedence.hu\\\/\"},{\"@type\":\"ListItem\",\"position\":2,\"name\":\"Megjelent a Richter TETT-mesep\u00e1ly\u00e1zat m\u00e1sodik antol\u00f3gi\u00e1ja\"}]},{\"@type\":\"WebSite\",\"@id\":\"https:\\\/\\\/dorogimedence.hu\\\/#website\",\"url\":\"https:\\\/\\\/dorogimedence.hu\\\/\",\"name\":\"Dorogi-medence Region\u00e1lis H\u00edrport\u00e1l\",\"description\":\"Dorog, Keszt\u00f6lc, Le\u00e1nyv\u00e1r, Piliscs\u00e9v, Tokod, Tokodalt\u00e1r\u00f3, Csolnok, Esztergom-kertv\u00e1ros: h\u00edrek, programok\",\"publisher\":{\"@id\":\"https:\\\/\\\/dorogimedence.hu\\\/#organization\"},\"potentialAction\":[{\"@type\":\"SearchAction\",\"target\":{\"@type\":\"EntryPoint\",\"urlTemplate\":\"https:\\\/\\\/dorogimedence.hu\\\/?s={search_term_string}\"},\"query-input\":{\"@type\":\"PropertyValueSpecification\",\"valueRequired\":true,\"valueName\":\"search_term_string\"}}],\"inLanguage\":\"hu\"},{\"@type\":\"Organization\",\"@id\":\"https:\\\/\\\/dorogimedence.hu\\\/#organization\",\"name\":\"Dorogi-medence Region\u00e1lis H\u00edrport\u00e1l\",\"url\":\"https:\\\/\\\/dorogimedence.hu\\\/\",\"logo\":{\"@type\":\"ImageObject\",\"inLanguage\":\"hu\",\"@id\":\"https:\\\/\\\/dorogimedence.hu\\\/#\\\/schema\\\/logo\\\/image\\\/\",\"url\":\"https:\\\/\\\/dorogimedence.hu\\\/wp-content\\\/uploads\\\/2021\\\/04\\\/logo-feher-600.png\",\"contentUrl\":\"https:\\\/\\\/dorogimedence.hu\\\/wp-content\\\/uploads\\\/2021\\\/04\\\/logo-feher-600.png\",\"width\":600,\"height\":100,\"caption\":\"Dorogi-medence Region\u00e1lis H\u00edrport\u00e1l\"},\"image\":{\"@id\":\"https:\\\/\\\/dorogimedence.hu\\\/#\\\/schema\\\/logo\\\/image\\\/\"},\"sameAs\":[\"https:\\\/\\\/www.facebook.com\\\/dorogimedence\\\/\"]},{\"@type\":\"Person\",\"@id\":\"https:\\\/\\\/dorogimedence.hu\\\/#\\\/schema\\\/person\\\/ce6091eeb7e95ecdc87890d6aa8e0fd4\",\"name\":\"dorogimedence.hu\",\"image\":{\"@type\":\"ImageObject\",\"inLanguage\":\"hu\",\"@id\":\"\\\/\\\/www.gravatar.com\\\/avatar\\\/d8d45f8901aadff40a4af72c0b826f1d?s=96&#038;r=g&#038;d=mm\",\"url\":\"\\\/\\\/www.gravatar.com\\\/avatar\\\/d8d45f8901aadff40a4af72c0b826f1d?s=96&#038;r=g&#038;d=mm\",\"contentUrl\":\"\\\/\\\/www.gravatar.com\\\/avatar\\\/d8d45f8901aadff40a4af72c0b826f1d?s=96&#038;r=g&#038;d=mm\",\"caption\":\"dorogimedence.hu\"}}]}<\/script>\n<!-- \/ Yoast SEO plugin. -->","yoast_head_json":{"title":"Megjelent a Richter TETT-mesep\u00e1ly\u00e1zat m\u00e1sodik antol\u00f3gi\u00e1ja","robots":{"index":"index","follow":"follow","max-snippet":"max-snippet:-1","max-image-preview":"max-image-preview:large","max-video-preview":"max-video-preview:-1"},"canonical":"https:\/\/dorogimedence.hu\/index.php\/2023\/06\/19\/megjelent-a-richter-tett-mesepalyazat-masodik-antologiaja\/","og_locale":"hu_HU","og_type":"article","og_title":"Megjelent a Richter TETT-mesep\u00e1ly\u00e1zat m\u00e1sodik antol\u00f3gi\u00e1ja","og_description":"A Magyar Term\u00e9szettudom\u00e1nyi M\u00fazeumban mutatt\u00e1k be azt a k\u00f6tetet, amely a \u201eRichter TETT: Te \u00e9s a term\u00e9szettudom\u00e1nyok \u2013 mes\u00e9s t\u00f6rt\u00e9netek\u201d elnevez\u00e9s\u0171 mese- \u00e9s novella\u00edr\u00f3 p\u00e1ly\u00e1zat m\u00e1sodik ki\u00edr\u00e1s\u00e1nak legjobb alkot\u00e1sait tartalmazza. Az \u00e1ltal\u00e1nos iskol\u00e1s \u00e9s k\u00f6z\u00e9piskol\u00e1s szerz\u0151k k\u00f6z\u00f6tt k\u00e9t olyan d\u00edjazott is van, akinek m\u00e1r a kezdem\u00e9nyez\u00e9s els\u0151 gy\u0171jtem\u00e9nyes kiad\u00e1s\u00e1ban is szerepelt az alkot\u00e1sa. F\u00e9s\u00fc Ella","og_url":"https:\/\/dorogimedence.hu\/index.php\/2023\/06\/19\/megjelent-a-richter-tett-mesepalyazat-masodik-antologiaja\/","og_site_name":"Dorogi-medence Region\u00e1lis H\u00edrport\u00e1l","article_publisher":"https:\/\/www.facebook.com\/dorogimedence\/","article_published_time":"2023-06-19T13:31:04+00:00","og_image":[{"width":1920,"height":970,"url":"https:\/\/dorogimedence.hu\/wp-content\/uploads\/2023\/06\/tett-01.jpg","type":"image\/jpeg"}],"author":"dorogimedence.hu","twitter_card":"summary_large_image","twitter_misc":{"Szerz\u0151:":"dorogimedence.hu","Becs\u00fclt olvas\u00e1si id\u0151":"7 perc"},"schema":{"@context":"https:\/\/schema.org","@graph":[{"@type":"Article","@id":"https:\/\/dorogimedence.hu\/index.php\/2023\/06\/19\/megjelent-a-richter-tett-mesepalyazat-masodik-antologiaja\/#article","isPartOf":{"@id":"https:\/\/dorogimedence.hu\/index.php\/2023\/06\/19\/megjelent-a-richter-tett-mesepalyazat-masodik-antologiaja\/"},"author":{"name":"dorogimedence.hu","@id":"https:\/\/dorogimedence.hu\/#\/schema\/person\/ce6091eeb7e95ecdc87890d6aa8e0fd4"},"headline":"Megjelent a Richter TETT-mesep\u00e1ly\u00e1zat m\u00e1sodik antol\u00f3gi\u00e1ja","datePublished":"2023-06-19T13:31:04+00:00","mainEntityOfPage":{"@id":"https:\/\/dorogimedence.hu\/index.php\/2023\/06\/19\/megjelent-a-richter-tett-mesepalyazat-masodik-antologiaja\/"},"wordCount":1316,"publisher":{"@id":"https:\/\/dorogimedence.hu\/#organization"},"image":{"@id":"https:\/\/dorogimedence.hu\/index.php\/2023\/06\/19\/megjelent-a-richter-tett-mesepalyazat-masodik-antologiaja\/#primaryimage"},"thumbnailUrl":"https:\/\/dorogimedence.hu\/wp-content\/uploads\/2023\/06\/tett-01.jpg","keywords":["k\u00f6nyv","richter","Richter Gedeon Nyrt.","Te \u00e9s a term\u00e9szettudom\u00e1nyok","TETT"],"articleSection":["Belf\u00f6ld, Gazdas\u00e1g","H\u00edrek"],"inLanguage":"hu"},{"@type":"WebPage","@id":"https:\/\/dorogimedence.hu\/index.php\/2023\/06\/19\/megjelent-a-richter-tett-mesepalyazat-masodik-antologiaja\/","url":"https:\/\/dorogimedence.hu\/index.php\/2023\/06\/19\/megjelent-a-richter-tett-mesepalyazat-masodik-antologiaja\/","name":"Megjelent a Richter TETT-mesep\u00e1ly\u00e1zat m\u00e1sodik antol\u00f3gi\u00e1ja","isPartOf":{"@id":"https:\/\/dorogimedence.hu\/#website"},"primaryImageOfPage":{"@id":"https:\/\/dorogimedence.hu\/index.php\/2023\/06\/19\/megjelent-a-richter-tett-mesepalyazat-masodik-antologiaja\/#primaryimage"},"image":{"@id":"https:\/\/dorogimedence.hu\/index.php\/2023\/06\/19\/megjelent-a-richter-tett-mesepalyazat-masodik-antologiaja\/#primaryimage"},"thumbnailUrl":"https:\/\/dorogimedence.hu\/wp-content\/uploads\/2023\/06\/tett-01.jpg","datePublished":"2023-06-19T13:31:04+00:00","breadcrumb":{"@id":"https:\/\/dorogimedence.hu\/index.php\/2023\/06\/19\/megjelent-a-richter-tett-mesepalyazat-masodik-antologiaja\/#breadcrumb"},"inLanguage":"hu","potentialAction":[{"@type":"ReadAction","target":["https:\/\/dorogimedence.hu\/index.php\/2023\/06\/19\/megjelent-a-richter-tett-mesepalyazat-masodik-antologiaja\/"]}]},{"@type":"ImageObject","inLanguage":"hu","@id":"https:\/\/dorogimedence.hu\/index.php\/2023\/06\/19\/megjelent-a-richter-tett-mesepalyazat-masodik-antologiaja\/#primaryimage","url":"https:\/\/dorogimedence.hu\/wp-content\/uploads\/2023\/06\/tett-01.jpg","contentUrl":"https:\/\/dorogimedence.hu\/wp-content\/uploads\/2023\/06\/tett-01.jpg","width":1920,"height":970},{"@type":"BreadcrumbList","@id":"https:\/\/dorogimedence.hu\/index.php\/2023\/06\/19\/megjelent-a-richter-tett-mesepalyazat-masodik-antologiaja\/#breadcrumb","itemListElement":[{"@type":"ListItem","position":1,"name":"Kezd\u0151lap","item":"https:\/\/dorogimedence.hu\/"},{"@type":"ListItem","position":2,"name":"Megjelent a Richter TETT-mesep\u00e1ly\u00e1zat m\u00e1sodik antol\u00f3gi\u00e1ja"}]},{"@type":"WebSite","@id":"https:\/\/dorogimedence.hu\/#website","url":"https:\/\/dorogimedence.hu\/","name":"Dorogi-medence Region\u00e1lis H\u00edrport\u00e1l","description":"Dorog, Keszt\u00f6lc, Le\u00e1nyv\u00e1r, Piliscs\u00e9v, Tokod, Tokodalt\u00e1r\u00f3, Csolnok, Esztergom-kertv\u00e1ros: h\u00edrek, programok","publisher":{"@id":"https:\/\/dorogimedence.hu\/#organization"},"potentialAction":[{"@type":"SearchAction","target":{"@type":"EntryPoint","urlTemplate":"https:\/\/dorogimedence.hu\/?s={search_term_string}"},"query-input":{"@type":"PropertyValueSpecification","valueRequired":true,"valueName":"search_term_string"}}],"inLanguage":"hu"},{"@type":"Organization","@id":"https:\/\/dorogimedence.hu\/#organization","name":"Dorogi-medence Region\u00e1lis H\u00edrport\u00e1l","url":"https:\/\/dorogimedence.hu\/","logo":{"@type":"ImageObject","inLanguage":"hu","@id":"https:\/\/dorogimedence.hu\/#\/schema\/logo\/image\/","url":"https:\/\/dorogimedence.hu\/wp-content\/uploads\/2021\/04\/logo-feher-600.png","contentUrl":"https:\/\/dorogimedence.hu\/wp-content\/uploads\/2021\/04\/logo-feher-600.png","width":600,"height":100,"caption":"Dorogi-medence Region\u00e1lis H\u00edrport\u00e1l"},"image":{"@id":"https:\/\/dorogimedence.hu\/#\/schema\/logo\/image\/"},"sameAs":["https:\/\/www.facebook.com\/dorogimedence\/"]},{"@type":"Person","@id":"https:\/\/dorogimedence.hu\/#\/schema\/person\/ce6091eeb7e95ecdc87890d6aa8e0fd4","name":"dorogimedence.hu","image":{"@type":"ImageObject","inLanguage":"hu","@id":"\/\/www.gravatar.com\/avatar\/d8d45f8901aadff40a4af72c0b826f1d?s=96&#038;r=g&#038;d=mm","url":"\/\/www.gravatar.com\/avatar\/d8d45f8901aadff40a4af72c0b826f1d?s=96&#038;r=g&#038;d=mm","contentUrl":"\/\/www.gravatar.com\/avatar\/d8d45f8901aadff40a4af72c0b826f1d?s=96&#038;r=g&#038;d=mm","caption":"dorogimedence.hu"}}]}},"_links":{"self":[{"href":"https:\/\/dorogimedence.hu\/index.php\/wp-json\/wp\/v2\/posts\/54285","targetHints":{"allow":["GET"]}}],"collection":[{"href":"https:\/\/dorogimedence.hu\/index.php\/wp-json\/wp\/v2\/posts"}],"about":[{"href":"https:\/\/dorogimedence.hu\/index.php\/wp-json\/wp\/v2\/types\/post"}],"author":[{"embeddable":true,"href":"https:\/\/dorogimedence.hu\/index.php\/wp-json\/wp\/v2\/users\/1"}],"replies":[{"embeddable":true,"href":"https:\/\/dorogimedence.hu\/index.php\/wp-json\/wp\/v2\/comments?post=54285"}],"version-history":[{"count":0,"href":"https:\/\/dorogimedence.hu\/index.php\/wp-json\/wp\/v2\/posts\/54285\/revisions"}],"wp:featuredmedia":[{"embeddable":true,"href":"https:\/\/dorogimedence.hu\/index.php\/wp-json\/wp\/v2\/media\/54286"}],"wp:attachment":[{"href":"https:\/\/dorogimedence.hu\/index.php\/wp-json\/wp\/v2\/media?parent=54285"}],"wp:term":[{"taxonomy":"category","embeddable":true,"href":"https:\/\/dorogimedence.hu\/index.php\/wp-json\/wp\/v2\/categories?post=54285"},{"taxonomy":"post_tag","embeddable":true,"href":"https:\/\/dorogimedence.hu\/index.php\/wp-json\/wp\/v2\/tags?post=54285"}],"curies":[{"name":"wp","href":"https:\/\/api.w.org\/{rel}","templated":true}]}}