{"id":54277,"date":"2023-06-19T14:03:21","date_gmt":"2023-06-19T12:03:21","guid":{"rendered":"https:\/\/dorogimedence.hu\/?p=54277"},"modified":"2023-06-19T14:03:21","modified_gmt":"2023-06-19T12:03:21","slug":"felhivas-lakasunk-biztonsaga-nyaralas-soran","status":"publish","type":"post","link":"https:\/\/dorogimedence.hu\/index.php\/2023\/06\/19\/felhivas-lakasunk-biztonsaga-nyaralas-soran\/","title":{"rendered":"Felh\u00edv\u00e1s: lak\u00e1sunk biztons\u00e1ga nyaral\u00e1s sor\u00e1n"},"content":{"rendered":"<p><strong>Itt a ny\u00e1r, r\u00e1ad\u00e1sul bek\u00f6sz\u00f6nt\u00f6tt az igazi forr\u00f3s\u00e1g. Ny\u00e1ron kicsit fell\u00e9legz\u00fcnk, megpr\u00f3b\u00e1ljuk kiengedni a f\u00e1radt g\u0151zt. ez\u00e9rt nyaralni, strandolni, \u00faj helyeket felfedezni indulunk. Az ember mindig boldogan \u00fajs\u00e1golja el ismer\u0151seinek kellemes h\u00edreket, t\u00f6rt\u00e9n\u00e9seket, de ne feledj\u00fck, a \u201eb\u0171n\u00f6z\u0151k\u201d nagy melegben sem pihennek. Fogadj\u00e1k meg a Kom\u00e1rom-Esztergom V\u00e1rmegyei Rend\u0151r-f\u0151kapit\u00e1nys\u00e1g tan\u00e1csait!<br \/>\n<\/strong><\/p>\n<ul>\n<li>Ha hosszabb id\u0151re maradunk t\u00e1vol szeretett otthonunkt\u00f3l, egyeztess\u00fcnk megb\u00edzhat\u00f3 szomsz\u00e9dainkkal \u2013 id\u0151szakonk\u00e9nt szell\u0151ztessenek, ellen\u0151rizz\u00e9k \u00e9s \u00fcr\u00edts\u00e9k a postal\u00e1d\u00e1t, kapcsolj\u00e1k fel a villanyt, t\u00f6rj\u00e9k meg a lak\u00e1s csendj\u00e9t;<\/li>\n<li>Mindig adjuk meg a telefonsz\u00e1munkat a szomsz\u00e9dnak, hogy baj eset\u00e9n jelezni tudjon. Ez\u00e9rt mind t\u00e1rsash\u00e1zakban, mind kertes \u00f6vezetben t\u00f6rekedni kell a j\u00f3 szomsz\u00e9di viszonyra (\u00edgy k\u00f6nnyebben kisz\u0171rhet\u0151k az adott ter\u00fcleten illet\u00e9ktelen\u00fcl tart\u00f3zkod\u00f3 szem\u00e9lyek);<\/li>\n<li>A mozg\u00e1s\u00e9rz\u00e9kel\u0151 l\u00e1mpa, vagy egy kamera, \u00e1lkamera, k\u00f6zleked\u00e9s eset\u00e9n kell\u0151 zajt biztos\u00edt\u00f3 murv\u00e1s talajjal bor\u00edtott udvar is t\u00e1vol tarthatja a vagyonunkra p\u00e1ly\u00e1z\u00f3 embereket. A kamer\u00e1k az udvart \u00e9s a bej\u00e1rati kaput figyelj\u00e9k, a felv\u00e9telre vonatkoz\u00f3 figyelmeztet\u00e9st a kapun kell elhelyezni;<\/li>\n<li>A ny\u00edl\u00e1sz\u00e1r\u00f3kat takar\u00f3 n\u00f6v\u00e9nyzetet vagy term\u00e9szetes akad\u00e1lyokat, kil\u00e1t\u00e1st \u00e9s betekint\u00e9st akad\u00e1lyoz\u00f3 terept\u00e1rgyakat sz\u00fcntess\u00fck meg, fontos, hogy a lak\u00e1s sebezhet\u0151 pontjai a szomsz\u00e9dok \u00e1ltal (utc\u00e1r\u00f3l \u00e9s szomsz\u00e9dos telkekr\u0151l is) j\u00f3l l\u00e1that\u00f3ak legyenek;<\/li>\n<li>Az utcafrontr\u00f3l l\u00e1that\u00f3 ablakokon, egy\u00e9b ny\u00edl\u00e1sz\u00e1rokon a red\u0151nyt ne engedj\u00fck le, f\u00fcgg\u00f6nyt ne h\u00fazzuk el, viszont a h\u00e1z be nem l\u00e1that\u00f3 pontjain a s\u00f6t\u00e9t\u00edt\u0151k mesters\u00e9ges akad\u00e1lyt k\u00e9pezhetnek az elk\u00f6vet\u0151k el\u0151tt;<\/li>\n<li>A megfelel\u0151 megvil\u00e1g\u00edt\u00e1s, a mozg\u00e1sra (nagyobb \u00e1llatot is \u00e9rz\u00e9kel\u0151) felkapcsol\u00f3d\u00f3 l\u00e1mp\u00e1k term\u00e9szetes m\u00f3don keltik fel a szomsz\u00e9dok figyelm\u00e9t. A l\u00e1mp\u00e1k lehet\u0151s\u00e9g szerint a gar\u00e1zsbej\u00e1r\u00f3t, l\u00e9pcs\u0151ket, bej\u00e1rati ajt\u00f3kat vil\u00e1g\u00edts\u00e1k meg. \u00c9rdemes a kert t\u00f6bb pontj\u00e1n alkonykapcsol\u00f3val felszerelt vil\u00e1g\u00edt\u00e1st telep\u00edteni, mely biztos\u00edtja a szomsz\u00e9dos ingatlanb\u00f3l is a kerti mozg\u00e1s \u00e9rz\u00e9kel\u00e9s\u00e9t;<\/li>\n<li>A lak\u00e1s biztos\u00edt\u00e1s\u00e1ra mindenk\u00e9ppen \u00fcgyeljen. A p\u00f3tkulcsot azonban ne a l\u00e1bt\u00f6rl\u0151 alatt, kiskapura felakasztva, k\u00fcsz\u00f6b\u00f6n, vagy egy cser\u00e9pben \u0151rizgess\u00fck \u2013 hacsak nem szeretn\u00e9nk, hogy rong\u00e1l\u00e1s n\u00e9lk\u00fcl jussanak be a lak\u00e1sunkba, hanem rokonn\u00e1l, j\u00f3 ismer\u0151sn\u00e9l, szomsz\u00e9dn\u00e1l helyezz\u00fck el.<\/li>\n<li>Csal\u00e1di h\u00e1zakban az udvaron ne hagyjunk \u00e9rt\u00e9kt\u00e1rgyakat (g\u00e9pj\u00e1rm\u0171vek \u00e9s ker\u00e9kp\u00e1rok legyenek a gar\u00e1zsban, szersz\u00e1mok egy\u00e9b t\u00e1rol\u00e1si helyeken);<\/li>\n<li>Egy falnak t\u00e1masztott \u00e9s ottfelejtett l\u00e9tra megk\u00f6nny\u00edthet\u0151 az elk\u00f6vet\u0151(k) dolg\u00e1t;<\/li>\n<li>A nyaral\u00e1s id\u0151pontj\u00e1t, id\u0151tartam\u00e1t \u00e9s hely\u00e9t ne posztoljuk ki a k\u00f6z\u00f6ss\u00e9gi oldal \u00fczen\u0151fal\u00e1n \u2013 haza\u00e9rkez\u00e9s\u00fcnk ut\u00e1n kellemetlen meglepet\u00e9sben lehet r\u00e9sz\u00fcnk;<\/li>\n<li>Mindig figyelj\u00fcnk a h\u00e1zr\u00f3l\/lak\u00e1sr\u00f3l\/berendez\u00e9sr\u0151l k\u00e9sz\u00edtett fot\u00f3k interneten t\u00f6rt\u00e9n\u0151 posztolgat\u00e1s\u00e1ra, hiszen k\u00f6nnyen felh\u00edvhatjuk anyagi helyzet\u00fcnkre az elk\u00f6vet\u0151k figyelm\u00e9t;<\/li>\n<li>Ne feledj\u00fck, egyes levelez\u0151programok is folyamatosan jelzik tart\u00f3zkod\u00e1si hely\u00fcnket, nem besz\u00e9lve a k\u00f6z\u00f6ss\u00e9gi oldalakr\u00f3l \u2013 csod\u00e1latos inform\u00e1ci\u00f3s b\u00e1zis a lehets\u00e9ges \u201eelk\u00f6vet\u0151(k)nek\u201d!<\/li>\n<\/ul>\n","protected":false},"excerpt":{"rendered":"<p>Itt a ny\u00e1r, r\u00e1ad\u00e1sul bek\u00f6sz\u00f6nt\u00f6tt az igazi forr\u00f3s\u00e1g. Ny\u00e1ron kicsit fell\u00e9legz\u00fcnk, megpr\u00f3b\u00e1ljuk kiengedni a f\u00e1radt g\u0151zt. ez\u00e9rt nyaralni, strandolni, \u00faj helyeket felfedezni indulunk. Az ember mindig boldogan \u00fajs\u00e1golja el ismer\u0151seinek kellemes h\u00edreket, t\u00f6rt\u00e9n\u00e9seket, de ne feledj\u00fck, a \u201eb\u0171n\u00f6z\u0151k\u201d nagy melegben sem pihennek. Fogadj\u00e1k meg a Kom\u00e1rom-Esztergom V\u00e1rmegyei Rend\u0151r-f\u0151kapit\u00e1nys\u00e1g tan\u00e1csait! Ha hosszabb id\u0151re maradunk t\u00e1vol szeretett<\/p>\n","protected":false},"author":1,"featured_media":0,"comment_status":"closed","ping_status":"closed","sticky":false,"template":"","format":"standard","meta":{"ngg_post_thumbnail":0,"footnotes":""},"categories":[3],"tags":[1123,505,61],"class_list":{"0":"post-54277","1":"post","2":"type-post","3":"status-publish","4":"format-standard","6":"category-hirek","7":"tag-nyar","8":"tag-rendorsegi-felhivas","9":"tag-rendorsegi-hirek"},"yoast_head":"<!-- This site is optimized with the Yoast SEO plugin v27.5 - https:\/\/yoast.com\/product\/yoast-seo-wordpress\/ -->\n<title>Felh\u00edv\u00e1s: lak\u00e1sunk biztons\u00e1ga nyaral\u00e1s sor\u00e1n<\/title>\n<meta name=\"robots\" content=\"index, follow, max-snippet:-1, max-image-preview:large, max-video-preview:-1\" \/>\n<link rel=\"canonical\" href=\"https:\/\/dorogimedence.hu\/index.php\/2023\/06\/19\/felhivas-lakasunk-biztonsaga-nyaralas-soran\/\" class=\"yoast-seo-meta-tag\" \/>\n<meta property=\"og:locale\" content=\"hu_HU\" class=\"yoast-seo-meta-tag\" \/>\n<meta property=\"og:type\" content=\"article\" class=\"yoast-seo-meta-tag\" \/>\n<meta property=\"og:title\" content=\"Felh\u00edv\u00e1s: lak\u00e1sunk biztons\u00e1ga nyaral\u00e1s sor\u00e1n\" class=\"yoast-seo-meta-tag\" \/>\n<meta property=\"og:description\" content=\"Itt a ny\u00e1r, r\u00e1ad\u00e1sul bek\u00f6sz\u00f6nt\u00f6tt az igazi forr\u00f3s\u00e1g. Ny\u00e1ron kicsit fell\u00e9legz\u00fcnk, megpr\u00f3b\u00e1ljuk kiengedni a f\u00e1radt g\u0151zt. ez\u00e9rt nyaralni, strandolni, \u00faj helyeket felfedezni indulunk. Az ember mindig boldogan \u00fajs\u00e1golja el ismer\u0151seinek kellemes h\u00edreket, t\u00f6rt\u00e9n\u00e9seket, de ne feledj\u00fck, a \u201eb\u0171n\u00f6z\u0151k\u201d nagy melegben sem pihennek. Fogadj\u00e1k meg a Kom\u00e1rom-Esztergom V\u00e1rmegyei Rend\u0151r-f\u0151kapit\u00e1nys\u00e1g tan\u00e1csait! Ha hosszabb id\u0151re maradunk t\u00e1vol szeretett\" class=\"yoast-seo-meta-tag\" \/>\n<meta property=\"og:url\" content=\"https:\/\/dorogimedence.hu\/index.php\/2023\/06\/19\/felhivas-lakasunk-biztonsaga-nyaralas-soran\/\" class=\"yoast-seo-meta-tag\" \/>\n<meta property=\"og:site_name\" content=\"Dorogi-medence Region\u00e1lis H\u00edrport\u00e1l\" class=\"yoast-seo-meta-tag\" \/>\n<meta property=\"article:publisher\" content=\"https:\/\/www.facebook.com\/dorogimedence\/\" class=\"yoast-seo-meta-tag\" \/>\n<meta property=\"article:published_time\" content=\"2023-06-19T12:03:21+00:00\" class=\"yoast-seo-meta-tag\" \/>\n<meta property=\"og:image\" content=\"https:\/\/dorogimedence.hu\/wp-content\/uploads\/2023\/06\/betoro.jpg\" class=\"yoast-seo-meta-tag\" \/>\n\t<meta property=\"og:image:width\" content=\"1920\" class=\"yoast-seo-meta-tag\" \/>\n\t<meta property=\"og:image:height\" content=\"970\" class=\"yoast-seo-meta-tag\" \/>\n\t<meta property=\"og:image:type\" content=\"image\/jpeg\" class=\"yoast-seo-meta-tag\" \/>\n<meta name=\"author\" content=\"dorogimedence.hu\" class=\"yoast-seo-meta-tag\" \/>\n<meta name=\"twitter:card\" content=\"summary_large_image\" class=\"yoast-seo-meta-tag\" \/>\n<meta name=\"twitter:label1\" content=\"Szerz\u0151:\" class=\"yoast-seo-meta-tag\" \/>\n\t<meta name=\"twitter:data1\" content=\"dorogimedence.hu\" class=\"yoast-seo-meta-tag\" \/>\n\t<meta name=\"twitter:label2\" content=\"Becs\u00fclt olvas\u00e1si id\u0151\" class=\"yoast-seo-meta-tag\" \/>\n\t<meta name=\"twitter:data2\" content=\"3 perc\" class=\"yoast-seo-meta-tag\" \/>\n<script type=\"application\/ld+json\" class=\"yoast-schema-graph\">{\"@context\":\"https:\\\/\\\/schema.org\",\"@graph\":[{\"@type\":\"Article\",\"@id\":\"https:\\\/\\\/dorogimedence.hu\\\/index.php\\\/2023\\\/06\\\/19\\\/felhivas-lakasunk-biztonsaga-nyaralas-soran\\\/#article\",\"isPartOf\":{\"@id\":\"https:\\\/\\\/dorogimedence.hu\\\/index.php\\\/2023\\\/06\\\/19\\\/felhivas-lakasunk-biztonsaga-nyaralas-soran\\\/\"},\"author\":{\"name\":\"dorogimedence.hu\",\"@id\":\"https:\\\/\\\/dorogimedence.hu\\\/#\\\/schema\\\/person\\\/ce6091eeb7e95ecdc87890d6aa8e0fd4\"},\"headline\":\"Felh\u00edv\u00e1s: lak\u00e1sunk biztons\u00e1ga nyaral\u00e1s sor\u00e1n\",\"datePublished\":\"2023-06-19T12:03:21+00:00\",\"mainEntityOfPage\":{\"@id\":\"https:\\\/\\\/dorogimedence.hu\\\/index.php\\\/2023\\\/06\\\/19\\\/felhivas-lakasunk-biztonsaga-nyaralas-soran\\\/\"},\"wordCount\":666,\"publisher\":{\"@id\":\"https:\\\/\\\/dorogimedence.hu\\\/#organization\"},\"keywords\":[\"ny\u00e1r\",\"rend\u0151rs\u00e9gi felh\u00edv\u00e1s\",\"rend\u0151rs\u00e9gi h\u00edrek\"],\"articleSection\":[\"H\u00edrek\"],\"inLanguage\":\"hu\"},{\"@type\":\"WebPage\",\"@id\":\"https:\\\/\\\/dorogimedence.hu\\\/index.php\\\/2023\\\/06\\\/19\\\/felhivas-lakasunk-biztonsaga-nyaralas-soran\\\/\",\"url\":\"https:\\\/\\\/dorogimedence.hu\\\/index.php\\\/2023\\\/06\\\/19\\\/felhivas-lakasunk-biztonsaga-nyaralas-soran\\\/\",\"name\":\"Felh\u00edv\u00e1s: lak\u00e1sunk biztons\u00e1ga nyaral\u00e1s sor\u00e1n\",\"isPartOf\":{\"@id\":\"https:\\\/\\\/dorogimedence.hu\\\/#website\"},\"datePublished\":\"2023-06-19T12:03:21+00:00\",\"breadcrumb\":{\"@id\":\"https:\\\/\\\/dorogimedence.hu\\\/index.php\\\/2023\\\/06\\\/19\\\/felhivas-lakasunk-biztonsaga-nyaralas-soran\\\/#breadcrumb\"},\"inLanguage\":\"hu\",\"potentialAction\":[{\"@type\":\"ReadAction\",\"target\":[\"https:\\\/\\\/dorogimedence.hu\\\/index.php\\\/2023\\\/06\\\/19\\\/felhivas-lakasunk-biztonsaga-nyaralas-soran\\\/\"]}]},{\"@type\":\"BreadcrumbList\",\"@id\":\"https:\\\/\\\/dorogimedence.hu\\\/index.php\\\/2023\\\/06\\\/19\\\/felhivas-lakasunk-biztonsaga-nyaralas-soran\\\/#breadcrumb\",\"itemListElement\":[{\"@type\":\"ListItem\",\"position\":1,\"name\":\"Kezd\u0151lap\",\"item\":\"https:\\\/\\\/dorogimedence.hu\\\/\"},{\"@type\":\"ListItem\",\"position\":2,\"name\":\"Felh\u00edv\u00e1s: lak\u00e1sunk biztons\u00e1ga nyaral\u00e1s sor\u00e1n\"}]},{\"@type\":\"WebSite\",\"@id\":\"https:\\\/\\\/dorogimedence.hu\\\/#website\",\"url\":\"https:\\\/\\\/dorogimedence.hu\\\/\",\"name\":\"Dorogi-medence Region\u00e1lis H\u00edrport\u00e1l\",\"description\":\"Dorog, Keszt\u00f6lc, Le\u00e1nyv\u00e1r, Piliscs\u00e9v, Tokod, Tokodalt\u00e1r\u00f3, Csolnok, Esztergom-kertv\u00e1ros: h\u00edrek, programok\",\"publisher\":{\"@id\":\"https:\\\/\\\/dorogimedence.hu\\\/#organization\"},\"potentialAction\":[{\"@type\":\"SearchAction\",\"target\":{\"@type\":\"EntryPoint\",\"urlTemplate\":\"https:\\\/\\\/dorogimedence.hu\\\/?s={search_term_string}\"},\"query-input\":{\"@type\":\"PropertyValueSpecification\",\"valueRequired\":true,\"valueName\":\"search_term_string\"}}],\"inLanguage\":\"hu\"},{\"@type\":\"Organization\",\"@id\":\"https:\\\/\\\/dorogimedence.hu\\\/#organization\",\"name\":\"Dorogi-medence Region\u00e1lis H\u00edrport\u00e1l\",\"url\":\"https:\\\/\\\/dorogimedence.hu\\\/\",\"logo\":{\"@type\":\"ImageObject\",\"inLanguage\":\"hu\",\"@id\":\"https:\\\/\\\/dorogimedence.hu\\\/#\\\/schema\\\/logo\\\/image\\\/\",\"url\":\"https:\\\/\\\/dorogimedence.hu\\\/wp-content\\\/uploads\\\/2021\\\/04\\\/logo-feher-600.png\",\"contentUrl\":\"https:\\\/\\\/dorogimedence.hu\\\/wp-content\\\/uploads\\\/2021\\\/04\\\/logo-feher-600.png\",\"width\":600,\"height\":100,\"caption\":\"Dorogi-medence Region\u00e1lis H\u00edrport\u00e1l\"},\"image\":{\"@id\":\"https:\\\/\\\/dorogimedence.hu\\\/#\\\/schema\\\/logo\\\/image\\\/\"},\"sameAs\":[\"https:\\\/\\\/www.facebook.com\\\/dorogimedence\\\/\"]},{\"@type\":\"Person\",\"@id\":\"https:\\\/\\\/dorogimedence.hu\\\/#\\\/schema\\\/person\\\/ce6091eeb7e95ecdc87890d6aa8e0fd4\",\"name\":\"dorogimedence.hu\",\"image\":{\"@type\":\"ImageObject\",\"inLanguage\":\"hu\",\"@id\":\"\\\/\\\/www.gravatar.com\\\/avatar\\\/d8d45f8901aadff40a4af72c0b826f1d?s=96&#038;r=g&#038;d=mm\",\"url\":\"\\\/\\\/www.gravatar.com\\\/avatar\\\/d8d45f8901aadff40a4af72c0b826f1d?s=96&#038;r=g&#038;d=mm\",\"contentUrl\":\"\\\/\\\/www.gravatar.com\\\/avatar\\\/d8d45f8901aadff40a4af72c0b826f1d?s=96&#038;r=g&#038;d=mm\",\"caption\":\"dorogimedence.hu\"}}]}<\/script>\n<!-- \/ Yoast SEO plugin. -->","yoast_head_json":{"title":"Felh\u00edv\u00e1s: lak\u00e1sunk biztons\u00e1ga nyaral\u00e1s sor\u00e1n","robots":{"index":"index","follow":"follow","max-snippet":"max-snippet:-1","max-image-preview":"max-image-preview:large","max-video-preview":"max-video-preview:-1"},"canonical":"https:\/\/dorogimedence.hu\/index.php\/2023\/06\/19\/felhivas-lakasunk-biztonsaga-nyaralas-soran\/","og_locale":"hu_HU","og_type":"article","og_title":"Felh\u00edv\u00e1s: lak\u00e1sunk biztons\u00e1ga nyaral\u00e1s sor\u00e1n","og_description":"Itt a ny\u00e1r, r\u00e1ad\u00e1sul bek\u00f6sz\u00f6nt\u00f6tt az igazi forr\u00f3s\u00e1g. Ny\u00e1ron kicsit fell\u00e9legz\u00fcnk, megpr\u00f3b\u00e1ljuk kiengedni a f\u00e1radt g\u0151zt. ez\u00e9rt nyaralni, strandolni, \u00faj helyeket felfedezni indulunk. Az ember mindig boldogan \u00fajs\u00e1golja el ismer\u0151seinek kellemes h\u00edreket, t\u00f6rt\u00e9n\u00e9seket, de ne feledj\u00fck, a \u201eb\u0171n\u00f6z\u0151k\u201d nagy melegben sem pihennek. Fogadj\u00e1k meg a Kom\u00e1rom-Esztergom V\u00e1rmegyei Rend\u0151r-f\u0151kapit\u00e1nys\u00e1g tan\u00e1csait! Ha hosszabb id\u0151re maradunk t\u00e1vol szeretett","og_url":"https:\/\/dorogimedence.hu\/index.php\/2023\/06\/19\/felhivas-lakasunk-biztonsaga-nyaralas-soran\/","og_site_name":"Dorogi-medence Region\u00e1lis H\u00edrport\u00e1l","article_publisher":"https:\/\/www.facebook.com\/dorogimedence\/","article_published_time":"2023-06-19T12:03:21+00:00","og_image":[{"width":1920,"height":970,"url":"https:\/\/dorogimedence.hu\/wp-content\/uploads\/2023\/06\/betoro.jpg","type":"image\/jpeg"}],"author":"dorogimedence.hu","twitter_card":"summary_large_image","twitter_misc":{"Szerz\u0151:":"dorogimedence.hu","Becs\u00fclt olvas\u00e1si id\u0151":"3 perc"},"schema":{"@context":"https:\/\/schema.org","@graph":[{"@type":"Article","@id":"https:\/\/dorogimedence.hu\/index.php\/2023\/06\/19\/felhivas-lakasunk-biztonsaga-nyaralas-soran\/#article","isPartOf":{"@id":"https:\/\/dorogimedence.hu\/index.php\/2023\/06\/19\/felhivas-lakasunk-biztonsaga-nyaralas-soran\/"},"author":{"name":"dorogimedence.hu","@id":"https:\/\/dorogimedence.hu\/#\/schema\/person\/ce6091eeb7e95ecdc87890d6aa8e0fd4"},"headline":"Felh\u00edv\u00e1s: lak\u00e1sunk biztons\u00e1ga nyaral\u00e1s sor\u00e1n","datePublished":"2023-06-19T12:03:21+00:00","mainEntityOfPage":{"@id":"https:\/\/dorogimedence.hu\/index.php\/2023\/06\/19\/felhivas-lakasunk-biztonsaga-nyaralas-soran\/"},"wordCount":666,"publisher":{"@id":"https:\/\/dorogimedence.hu\/#organization"},"keywords":["ny\u00e1r","rend\u0151rs\u00e9gi felh\u00edv\u00e1s","rend\u0151rs\u00e9gi h\u00edrek"],"articleSection":["H\u00edrek"],"inLanguage":"hu"},{"@type":"WebPage","@id":"https:\/\/dorogimedence.hu\/index.php\/2023\/06\/19\/felhivas-lakasunk-biztonsaga-nyaralas-soran\/","url":"https:\/\/dorogimedence.hu\/index.php\/2023\/06\/19\/felhivas-lakasunk-biztonsaga-nyaralas-soran\/","name":"Felh\u00edv\u00e1s: lak\u00e1sunk biztons\u00e1ga nyaral\u00e1s sor\u00e1n","isPartOf":{"@id":"https:\/\/dorogimedence.hu\/#website"},"datePublished":"2023-06-19T12:03:21+00:00","breadcrumb":{"@id":"https:\/\/dorogimedence.hu\/index.php\/2023\/06\/19\/felhivas-lakasunk-biztonsaga-nyaralas-soran\/#breadcrumb"},"inLanguage":"hu","potentialAction":[{"@type":"ReadAction","target":["https:\/\/dorogimedence.hu\/index.php\/2023\/06\/19\/felhivas-lakasunk-biztonsaga-nyaralas-soran\/"]}]},{"@type":"BreadcrumbList","@id":"https:\/\/dorogimedence.hu\/index.php\/2023\/06\/19\/felhivas-lakasunk-biztonsaga-nyaralas-soran\/#breadcrumb","itemListElement":[{"@type":"ListItem","position":1,"name":"Kezd\u0151lap","item":"https:\/\/dorogimedence.hu\/"},{"@type":"ListItem","position":2,"name":"Felh\u00edv\u00e1s: lak\u00e1sunk biztons\u00e1ga nyaral\u00e1s sor\u00e1n"}]},{"@type":"WebSite","@id":"https:\/\/dorogimedence.hu\/#website","url":"https:\/\/dorogimedence.hu\/","name":"Dorogi-medence Region\u00e1lis H\u00edrport\u00e1l","description":"Dorog, Keszt\u00f6lc, Le\u00e1nyv\u00e1r, Piliscs\u00e9v, Tokod, Tokodalt\u00e1r\u00f3, Csolnok, Esztergom-kertv\u00e1ros: h\u00edrek, programok","publisher":{"@id":"https:\/\/dorogimedence.hu\/#organization"},"potentialAction":[{"@type":"SearchAction","target":{"@type":"EntryPoint","urlTemplate":"https:\/\/dorogimedence.hu\/?s={search_term_string}"},"query-input":{"@type":"PropertyValueSpecification","valueRequired":true,"valueName":"search_term_string"}}],"inLanguage":"hu"},{"@type":"Organization","@id":"https:\/\/dorogimedence.hu\/#organization","name":"Dorogi-medence Region\u00e1lis H\u00edrport\u00e1l","url":"https:\/\/dorogimedence.hu\/","logo":{"@type":"ImageObject","inLanguage":"hu","@id":"https:\/\/dorogimedence.hu\/#\/schema\/logo\/image\/","url":"https:\/\/dorogimedence.hu\/wp-content\/uploads\/2021\/04\/logo-feher-600.png","contentUrl":"https:\/\/dorogimedence.hu\/wp-content\/uploads\/2021\/04\/logo-feher-600.png","width":600,"height":100,"caption":"Dorogi-medence Region\u00e1lis H\u00edrport\u00e1l"},"image":{"@id":"https:\/\/dorogimedence.hu\/#\/schema\/logo\/image\/"},"sameAs":["https:\/\/www.facebook.com\/dorogimedence\/"]},{"@type":"Person","@id":"https:\/\/dorogimedence.hu\/#\/schema\/person\/ce6091eeb7e95ecdc87890d6aa8e0fd4","name":"dorogimedence.hu","image":{"@type":"ImageObject","inLanguage":"hu","@id":"\/\/www.gravatar.com\/avatar\/d8d45f8901aadff40a4af72c0b826f1d?s=96&#038;r=g&#038;d=mm","url":"\/\/www.gravatar.com\/avatar\/d8d45f8901aadff40a4af72c0b826f1d?s=96&#038;r=g&#038;d=mm","contentUrl":"\/\/www.gravatar.com\/avatar\/d8d45f8901aadff40a4af72c0b826f1d?s=96&#038;r=g&#038;d=mm","caption":"dorogimedence.hu"}}]}},"_links":{"self":[{"href":"https:\/\/dorogimedence.hu\/index.php\/wp-json\/wp\/v2\/posts\/54277","targetHints":{"allow":["GET"]}}],"collection":[{"href":"https:\/\/dorogimedence.hu\/index.php\/wp-json\/wp\/v2\/posts"}],"about":[{"href":"https:\/\/dorogimedence.hu\/index.php\/wp-json\/wp\/v2\/types\/post"}],"author":[{"embeddable":true,"href":"https:\/\/dorogimedence.hu\/index.php\/wp-json\/wp\/v2\/users\/1"}],"replies":[{"embeddable":true,"href":"https:\/\/dorogimedence.hu\/index.php\/wp-json\/wp\/v2\/comments?post=54277"}],"version-history":[{"count":0,"href":"https:\/\/dorogimedence.hu\/index.php\/wp-json\/wp\/v2\/posts\/54277\/revisions"}],"wp:attachment":[{"href":"https:\/\/dorogimedence.hu\/index.php\/wp-json\/wp\/v2\/media?parent=54277"}],"wp:term":[{"taxonomy":"category","embeddable":true,"href":"https:\/\/dorogimedence.hu\/index.php\/wp-json\/wp\/v2\/categories?post=54277"},{"taxonomy":"post_tag","embeddable":true,"href":"https:\/\/dorogimedence.hu\/index.php\/wp-json\/wp\/v2\/tags?post=54277"}],"curies":[{"name":"wp","href":"https:\/\/api.w.org\/{rel}","templated":true}]}}