{"id":54116,"date":"2023-06-15T16:17:27","date_gmt":"2023-06-15T14:17:27","guid":{"rendered":"https:\/\/dorogimedence.hu\/?p=54116"},"modified":"2023-06-15T16:18:01","modified_gmt":"2023-06-15T14:18:01","slug":"26-szazalekkal-novelte-arbevetelet-az-export-piacokon-a-magyar-suzuki","status":"publish","type":"post","link":"https:\/\/dorogimedence.hu\/index.php\/2023\/06\/15\/26-szazalekkal-novelte-arbevetelet-az-export-piacokon-a-magyar-suzuki\/","title":{"rendered":"26 sz\u00e1zal\u00e9kkal n\u00f6velte \u00e1rbev\u00e9tel\u00e9t az export piacokon a Magyar Suzuki"},"content":{"rendered":"<p><strong>A <\/strong><a href=\"https:\/\/www.suzuki.hu\/\" target=\"_blank\" rel=\"noopener\"><strong><span style=\"text-decoration: underline; color: #0000ff;\">Magyar Suzuki Zrt.<\/span><\/strong><\/a><strong> 2022-ben \u00f6sszesen 129 022 db j\u00e1rm\u0171vet gy\u00e1rtott, 128 536 db aut\u00f3t \u00e9rt\u00e9kes\u00edtett, amelyb\u0151l 124&nbsp;561 db az esztergomi gy\u00e1rt\u00f3sorr\u00f3l g\u00f6rd\u00fclt le. A teljes elad\u00e1s 88 sz\u00e1zal\u00e9k\u00e1t (113 817 db) 123 orsz\u00e1gba export\u00e1lt\u00e1k. A v\u00e1llalat tavalyi eredm\u00e9nyei alapj\u00e1n 12,43 sz\u00e1zal\u00e9kos r\u00e9szesed\u00e9ssel (13&nbsp;859 db regisztr\u00e1lt \u00fajaut\u00f3) hetedik \u00e9ve uralja a hazai \u00fajaut\u00f3 elad\u00e1sokat. A Magyar Suzuki a 2022-es p\u00e9nz\u00fcgyi \u00e9vben l\u00e9pte \u00e1t el\u0151sz\u00f6r az 1 milli\u00e1rd Euro m\u00e9rlegf\u0151\u00f6sszeget, illetve \u00e1rbev\u00e9telt tekintve visszat\u00e9rt a pand\u00e9mia el\u0151tti szintre 2 milli\u00e1rd Euro feletti \u00f6sszeggel. A fentiek ellen\u00e9re tavaly fel\u00e9re cs\u00f6kkent a profit az energia\u00e1rak, valamint az alapanyag \u00e9s alkatr\u00e9sz \u00e1rak drasztikus n\u00f6veked\u00e9se miatt. A Magyar Suzuki arra t\u00f6rekszik, hogy a j\u00f6v\u0151ben is akt\u00edvan kapcsol\u00f3djon az anyav\u00e1llalat nemzetk\u00f6zi projektjeihez, bele\u00e9rtve az elektromos modellek gy\u00e1rt\u00e1s\u00e1t is.<\/strong><\/p>\n<h4><strong>22,7 milli\u00f3 eur\u00f3 volt a nyeres\u00e9g<\/strong><\/h4>\n<p>A Magyar Suzuki 2.144,9 milli\u00f3 eur\u00f3 nett\u00f3 \u00e1rbev\u00e9tellel z\u00e1rta az \u00e9vet. Az esztergomi gy\u00e1rt\u00f3v\u00e1llalat magyarorsz\u00e1gi \u00e9rt\u00e9kes\u00edt\u00e9si \u00e1rbev\u00e9tel\u00e9t 2,3 sz\u00e1zal\u00e9kkal (2022-ben 271 milli\u00f3 eur\u00f3), export \u00e9rt\u00e9kes\u00edt\u00e9sb\u0151l sz\u00e1rmaz\u00f3 forgalm\u00e1t 26 sz\u00e1zal\u00e9kkal (2022-ben 1.873,9 milli\u00f3 eur\u00f3) n\u00f6velte az el\u0151z\u0151 \u00e9vhez k\u00e9pest. A Magyar Suzuki, bev\u00e1lt gyakorlat\u00e1nak megfelel\u0151en, ez\u00fattal sem fizetett osztal\u00e9kot. Az ad\u00f3z\u00e1s ut\u00e1ni eredm\u00e9nyt, amely 22,7 milli\u00f3 eur\u00f3 volt a v\u00e1llalat eredm\u00e9nytartal\u00e9kba helyezte \u00e9s az idei \u00e9vben visszaforgatja beruh\u00e1z\u00e1sokra. 2022-ben az esztergomi v\u00e1llalat 39,2 milli\u00f3 eur\u00f3 \u00e9rt\u00e9k\u0171 beszerz\u00e9si alap\u00fa beruh\u00e1z\u00e1st hajtott v\u00e9gre. A tavaly kialakult gazdas\u00e1gi helyzetben a j\u00e1rm\u0171gy\u00e1rt\u00f3 folyamatosan optimaliz\u00e1lta a k\u00f6lts\u00e9geit, fejlesztette m\u0171k\u00f6d\u00e9s\u00e9t \u00e9s bels\u0151 folyamatait. A c\u00e9g a dolgoz\u00f3i \u00faj\u00edt\u00e1sokkal 3,3 milli\u00e1rd forint megtakar\u00edt\u00e1st \u00e9rt el az elm\u00falt 13 \u00e9vben.<\/p>\n<h4><strong>A gy\u00e1rt\u00e1s t\u00f6bb mint 76 sz\u00e1zal\u00e9ka hibrid hajt\u00e1s\u00fa volt<\/strong><\/h4>\n<p>Az esztergomi gy\u00e1rt\u00f3v\u00e1llalat t\u00f6bb szempontb\u00f3l is sikeres \u00e9vet z\u00e1rt 2022-ben. A 32 \u00e9ves c\u00e9g \u00fczem\u00e9ben k\u00e9t modell, Vitara \u00e9s S-CROSS k\u00e9sz\u00fcl l\u00e1gy hibrid \u00e9s hibrid v\u00e1ltozatban. A sz\u00e1mok \u00f6nmaguk\u00e9rt besz\u00e9lnek: a hazai \u00fajaut\u00f3 elad\u00e1sokban sorozatban hetedik alkalommal lett piacvezet\u0151 a Magyar Suzuki 12,43 sz\u00e1zal\u00e9kos piaci r\u00e9szesed\u00e9ssel, m\u00edg az exportb\u00f3l sz\u00e1rmaz\u00f3 \u00e1rbev\u00e9tel 26 sz\u00e1zal\u00e9kkal emelkedett. A gy\u00e1rt\u00e1s 76,63 sz\u00e1zal\u00e9ka, \u00f6sszesen 98&nbsp;876 darab hibrid g\u00e9pj\u00e1rm\u0171 volt.<\/p>\n<p>2022-ben \u00f6sszesen t\u00f6bb, mint 129&nbsp;ezer j\u00e1rm\u0171 g\u00f6rd\u00fclt le az esztergomi gy\u00e1rt\u00f3sorr\u00f3l, exportra \u00f6sszesen 113&nbsp;817 db modellt sz\u00e1ll\u00edtottak. M\u00edg a k\u00fclf\u00f6ldi piacokon a Vitara volt a n\u00e9pszer\u0171bb (73&nbsp;417 db, S-CROSS 38&nbsp;020 db), idehaza azonban az S-CROSS vitt mindent: 7&nbsp;338 db-ot adtak el bel\u0151le (Vitara 5&nbsp;786 db). Az S-CROSS sikersz\u00e9ri\u00e1ja pedig az id\u00e9n is folytat\u00f3dik, hiszen az \u00c9v Magyar Aut\u00f3ja versenyen a k\u00f6z\u00f6ns\u00e9gd\u00edj mellett a szakmai zs\u0171ri is gy\u0151ztesnek v\u00e1lasztotta 22 m\u00e1rka \u00e9s 39 aut\u00f3 k\u00f6z\u00fcl.<\/p>\n<p>A szem\u00e9lyaut\u00f3-gy\u00e1rt\u00e1st Magyarorsz\u00e1gon \u00fajra meghonos\u00edt\u00f3 Magyar Suzuki kor\u00e1bban az \u00e1tlagn\u00e1l nagyobb ar\u00e1nyban szolg\u00e1lt ki mag\u00e1nv\u00e1s\u00e1rl\u00f3kat, \u00e1m az ut\u00f3bbi esztend\u0151kben jelent\u0151sen n\u00f6velte flotta\u00e9rt\u00e9kes\u00edt\u00e9seit is. A 2022-ben forgalomba helyezett 13 859 db Suzuki 49 sz\u00e1zal\u00e9ka, 6 800 db szem\u00e9lyaut\u00f3 ker\u00fclt c\u00e9ges \u00e9s int\u00e9zm\u00e9nyi \u00fcgyfelekhez, amivel a m\u00e1rka a negyedik helyet szerezte meg a flotta\u00e9rt\u00e9kes\u00edt\u0151k mez\u0151ny\u00e9ben. A nem Esztergomban k\u00e9sz\u00fcl\u0151, de Magyarorsz\u00e1gon is forgalmazott t\u00edpusok k\u00f6z\u00fcl Swiftb\u0151l 668 db, Ignisb\u0151l 267 db, a Swace csal\u00e1di kombib\u00f3l 214 db, az elektromos h\u00e1l\u00f3zatr\u00f3l is t\u00f6lthet\u0151 Across szabadid\u0151-aut\u00f3b\u00f3l 14 db, Jimnyb\u0151l 520 db lelt gazd\u00e1ra 2022-ben Magyarorsz\u00e1gon.<\/p>\n<p>A Suzuki Csoport tavaly \u0151sszel vezette be a <a href=\"https:\/\/connect.suzuki.hu\/\" target=\"_blank\" rel=\"noopener\"><span style=\"text-decoration: underline; color: #0000ff;\">Suzuki Connect<\/span><\/a> szolg\u00e1ltat\u00e1st, amely az S-CROSS-ban \u00e9rhet\u0151 el els\u0151k\u00e9nt opcion\u00e1lis lehet\u0151s\u00e9gk\u00e9nt. A szolg\u00e1ltat\u00e1st a Magyar Suzuki biztos\u00edtja eg\u00e9sz Eur\u00f3p\u00e1ban.<\/p>\n<h4><strong>28 tonn\u00e1val kevesebb m\u0171anyag hullad\u00e9k<\/strong><\/h4>\n<p>A Magyar Suzuki a haj\u00f3motor kateg\u00f3ri\u00e1ban is er\u0151s\u00edtette poz\u00edci\u00f3j\u00e1t. A haj\u00f3motor \u00fczlet\u00e1g 1999 \u00f3ta forgalmaz haj\u00f3motorokat, hat \u00e9ve pedig a k\u00f6z\u00e9p-kelet-eur\u00f3pai r\u00e9gi\u00f3 k\u00f6zpontjak\u00e9nt 13 partnerorsz\u00e1got szolg\u00e1l ki. A t\u00edz \u00e9rt\u00e9kes\u00edt\u00e9si ponttal orsz\u00e1gos lefedetts\u00e9g\u0171 div\u00edzi\u00f3 \u00f6sszesen 727 haj\u00f3motort \u00e9rt\u00e9kes\u00edtett idehaza. A Suzuki egy\u00e9bk\u00e9nt a n\u00e9gy\u00fctem\u0171 haj\u00f3motorok szak\u00e9rt\u0151je, innovat\u00edv megold\u00e1saival a v\u00e1llalat az \u00e9len j\u00e1r. Gy\u00e1rtm\u00e1nyaival sz\u00e1mos szakmai d\u00edjat nyert el t\u00f6rt\u00e9nete sor\u00e1n. Tavaly okt\u00f3berben elk\u00e9sz\u00fclt a n\u00e9gymilliomodik egys\u00e9g, egy 350 l\u00f3er\u0151s cs\u00facsmodell Jap\u00e1nban. Fontos szempont a k\u00f6rnyezetv\u00e9delem is: a Suzuki Csoport 2020-2022 k\u00f6z\u00f6tt 28 tonn\u00e1val cs\u00f6kkentette a marine term\u00e9kek csomagol\u00e1s\u00e1hoz felhaszn\u00e1lt m\u0171anyagok mennyis\u00e9g\u00e9t.<\/p>\n<h4><strong>Motoros \u00fczlet\u00e1gunk eredm\u00e9nyei<\/strong><\/h4>\n<p>Fontos szerepet t\u00f6lt be a Magyar Suzuki \u00e9let\u00e9ben a motoros \u00fczlet\u00e1g is: 14 hazai m\u00e1rkakeresked\u0151 a k\u00e9tkerek\u0171 j\u00e1rm\u0171vek mellett eredeti p\u00f3talkatr\u00e9szeket, ken\u0151anyagokat, valamint tartoz\u00e9kokat \u00e9s motoros kieg\u00e9sz\u00edt\u0151ket is \u00e9rt\u00e9kes\u00edt. 2022-ben a magyar motorker\u00e9kp\u00e1r-piac 12,9 sz\u00e1zal\u00e9kkal b\u0151v\u00fclt, a Magyar Suzuki \u00f6sszesen 313 db modellt \u00e9rt\u00e9kes\u00edtett, amellyel 6 sz\u00e1zal\u00e9kos piaci r\u00e9szesed\u00e9st \u00e9rt el.<\/p>\n<h4><strong>2022-ben \u00e1tlagos 12 sz\u00e1zal\u00e9kos, 2023-ban \u00e1tlagos 20 sz\u00e1zal\u00e9kos b\u00e9remel\u00e9s<\/strong><\/h4>\n<p>A Magyar Suzuki, a gazdas\u00e1gi helyzetre reag\u00e1lva, a b\u00e9rek versenyk\u00e9pess\u00e9g\u00e9nek meg\u0151rz\u00e9se \u00e9rdek\u00e9ben 2022-ben 12 sz\u00e1zal\u00e9kos \u00e1tlagos b\u00e9remel\u00e9ssel egy\u00fctt a m\u0171szakp\u00f3tl\u00e9k mellett termel\u00e9kenys\u00e9gi pr\u00e9miumot vezetett be, amit szeptembert\u0151l az irodai \u00e1llom\u00e1nyra is kiterjesztett. \u00c9v v\u00e9g\u00e9n pedig a v\u00e1llalat vezet\u00e9se \u00e9s az \u00dczemi Tan\u00e1cs 2023-ra \u00e1tlagosan 20 sz\u00e1zal\u00e9kos \u2013 teljes\u00edtm\u00e9nyalap\u00fa b\u00e9remel\u00e9sben &#8211; \u00e1llapodott meg, amihez az \u00e9v folyam\u00e1n \u00f6sszesen m\u00e1sf\u00e9l havi b\u00f3nuszkifizet\u00e9s is t\u00e1rsul. A b\u00e9ren k\u00edv\u00fcli juttat\u00e1sokra ford\u00edtott \u00f6sszeg is n\u00f6vekedett. A kiterjesztett b\u00e9ren t\u00fali juttat\u00e1soknak \u00e9s a csal\u00e1dokat t\u00e1mogat\u00f3 szolg\u00e1ltat\u00e1soknak k\u00f6sz\u00f6nhet\u0151en az id\u00e9n m\u00e1jusban az esztergomi gy\u00e1rt\u00f3v\u00e1llalat megkapta a Csal\u00e1dbar\u00e1t Hely v\u00e9djegy min\u0151s\u00edt\u00e9st.<\/p>\n<h4><strong>Lesz-e elektromos modell gy\u00e1rt\u00e1sa Esztergomban?<\/strong><\/h4>\n<p>A Suzuki Motor Corporation n\u00f6veked\u00e9si strat\u00e9gi\u00e1j\u00e1ban kiemelt szerepe van a karbonsemleges t\u00e1rsadalom v\u00edzi\u00f3j\u00e1nak, illetve az ezzel kapcsolatos fejleszt\u00e9seknek. A 2024-es \u00fczleti \u00e9vben (2025. m\u00e1rcius 31-ig) Eur\u00f3p\u00e1ban is megkezd\u0151dik a tiszt\u00e1n elektromos aut\u00f3k \u2013 a tervek szerint 2030-ig \u00f6sszesen \u00f6t modell \u2013 bevezet\u00e9se. Legk\u00e9s\u0151bb 2025. m\u00e1rcius 31-t\u0151l a magyar piacon is kaphat\u00f3 lesz tiszt\u00e1n elektromos meghajt\u00e1s\u00fa Suzuki. Az anyav\u00e1llalat vezet\u0151s\u00e9ge m\u00e1r jelezte, egyetlen eur\u00f3pai b\u00e1zisk\u00e9nt tov\u00e1bbra is sz\u00e1m\u00edt a Magyar Suzukira. Az esztergomi v\u00e1llalat a Suzuki Motor Corporation bevon\u00e1s\u00e1val jelenleg tanulm\u00e1nyozza az \u00faj technol\u00f3gia gy\u00e1rt\u00e1si ig\u00e9nyeit \u00e9s folyamatait.<\/p>\n","protected":false},"excerpt":{"rendered":"<p>A Magyar Suzuki Zrt. 2022-ben \u00f6sszesen 129 022 db j\u00e1rm\u0171vet gy\u00e1rtott, 128 536 db aut\u00f3t \u00e9rt\u00e9kes\u00edtett, amelyb\u0151l 124&nbsp;561 db az esztergomi gy\u00e1rt\u00f3sorr\u00f3l g\u00f6rd\u00fclt le. A teljes elad\u00e1s 88 sz\u00e1zal\u00e9k\u00e1t (113 817 db) 123 orsz\u00e1gba export\u00e1lt\u00e1k. A v\u00e1llalat tavalyi eredm\u00e9nyei alapj\u00e1n 12,43 sz\u00e1zal\u00e9kos r\u00e9szesed\u00e9ssel (13&nbsp;859 db regisztr\u00e1lt \u00fajaut\u00f3) hetedik \u00e9ve uralja a hazai \u00fajaut\u00f3 elad\u00e1sokat. A<\/p>\n","protected":false},"author":1,"featured_media":54117,"comment_status":"closed","ping_status":"closed","sticky":false,"template":"","format":"standard","meta":{"ngg_post_thumbnail":0,"footnotes":""},"categories":[38,3],"tags":[42,4792],"class_list":{"0":"post-54116","1":"post","2":"type-post","3":"status-publish","4":"format-standard","5":"has-post-thumbnail","7":"category-esztergom","8":"category-hirek","9":"tag-esztergom","10":"tag-magyar-suzuki"},"yoast_head":"<!-- This site is optimized with the Yoast SEO plugin v27.4 - https:\/\/yoast.com\/product\/yoast-seo-wordpress\/ -->\n<title>26 sz\u00e1zal\u00e9kkal n\u00f6velte \u00e1rbev\u00e9tel\u00e9t az export piacokon a Magyar Suzuki<\/title>\n<meta name=\"robots\" content=\"index, follow, max-snippet:-1, max-image-preview:large, max-video-preview:-1\" \/>\n<link rel=\"canonical\" href=\"https:\/\/dorogimedence.hu\/index.php\/2023\/06\/15\/26-szazalekkal-novelte-arbevetelet-az-export-piacokon-a-magyar-suzuki\/\" class=\"yoast-seo-meta-tag\" \/>\n<meta property=\"og:locale\" content=\"hu_HU\" class=\"yoast-seo-meta-tag\" \/>\n<meta property=\"og:type\" content=\"article\" class=\"yoast-seo-meta-tag\" \/>\n<meta property=\"og:title\" content=\"26 sz\u00e1zal\u00e9kkal n\u00f6velte \u00e1rbev\u00e9tel\u00e9t az export piacokon a Magyar Suzuki\" class=\"yoast-seo-meta-tag\" \/>\n<meta property=\"og:description\" content=\"A Magyar Suzuki Zrt. 2022-ben \u00f6sszesen 129 022 db j\u00e1rm\u0171vet gy\u00e1rtott, 128 536 db aut\u00f3t \u00e9rt\u00e9kes\u00edtett, amelyb\u0151l 124&nbsp;561 db az esztergomi gy\u00e1rt\u00f3sorr\u00f3l g\u00f6rd\u00fclt le. A teljes elad\u00e1s 88 sz\u00e1zal\u00e9k\u00e1t (113 817 db) 123 orsz\u00e1gba export\u00e1lt\u00e1k. A v\u00e1llalat tavalyi eredm\u00e9nyei alapj\u00e1n 12,43 sz\u00e1zal\u00e9kos r\u00e9szesed\u00e9ssel (13&nbsp;859 db regisztr\u00e1lt \u00fajaut\u00f3) hetedik \u00e9ve uralja a hazai \u00fajaut\u00f3 elad\u00e1sokat. A\" class=\"yoast-seo-meta-tag\" \/>\n<meta property=\"og:url\" content=\"https:\/\/dorogimedence.hu\/index.php\/2023\/06\/15\/26-szazalekkal-novelte-arbevetelet-az-export-piacokon-a-magyar-suzuki\/\" class=\"yoast-seo-meta-tag\" \/>\n<meta property=\"og:site_name\" content=\"Dorogi-medence Region\u00e1lis H\u00edrport\u00e1l\" class=\"yoast-seo-meta-tag\" \/>\n<meta property=\"article:publisher\" content=\"https:\/\/www.facebook.com\/dorogimedence\/\" class=\"yoast-seo-meta-tag\" \/>\n<meta property=\"article:published_time\" content=\"2023-06-15T14:17:27+00:00\" class=\"yoast-seo-meta-tag\" \/>\n<meta property=\"article:modified_time\" content=\"2023-06-15T14:18:01+00:00\" class=\"yoast-seo-meta-tag\" \/>\n<meta property=\"og:image\" content=\"https:\/\/dorogimedence.hu\/wp-content\/uploads\/2023\/06\/suzuki-1.jpg\" class=\"yoast-seo-meta-tag\" \/>\n\t<meta property=\"og:image:width\" content=\"1920\" class=\"yoast-seo-meta-tag\" \/>\n\t<meta property=\"og:image:height\" content=\"970\" class=\"yoast-seo-meta-tag\" \/>\n\t<meta property=\"og:image:type\" content=\"image\/jpeg\" class=\"yoast-seo-meta-tag\" \/>\n<meta name=\"author\" content=\"dorogimedence.hu\" class=\"yoast-seo-meta-tag\" \/>\n<meta name=\"twitter:card\" content=\"summary_large_image\" class=\"yoast-seo-meta-tag\" \/>\n<meta name=\"twitter:label1\" content=\"Szerz\u0151:\" class=\"yoast-seo-meta-tag\" \/>\n\t<meta name=\"twitter:data1\" content=\"dorogimedence.hu\" class=\"yoast-seo-meta-tag\" \/>\n\t<meta name=\"twitter:label2\" content=\"Becs\u00fclt olvas\u00e1si id\u0151\" class=\"yoast-seo-meta-tag\" \/>\n\t<meta name=\"twitter:data2\" content=\"6 perc\" class=\"yoast-seo-meta-tag\" \/>\n<script type=\"application\/ld+json\" class=\"yoast-schema-graph\">{\"@context\":\"https:\\\/\\\/schema.org\",\"@graph\":[{\"@type\":\"Article\",\"@id\":\"https:\\\/\\\/dorogimedence.hu\\\/index.php\\\/2023\\\/06\\\/15\\\/26-szazalekkal-novelte-arbevetelet-az-export-piacokon-a-magyar-suzuki\\\/#article\",\"isPartOf\":{\"@id\":\"https:\\\/\\\/dorogimedence.hu\\\/index.php\\\/2023\\\/06\\\/15\\\/26-szazalekkal-novelte-arbevetelet-az-export-piacokon-a-magyar-suzuki\\\/\"},\"author\":{\"name\":\"dorogimedence.hu\",\"@id\":\"https:\\\/\\\/dorogimedence.hu\\\/#\\\/schema\\\/person\\\/ce6091eeb7e95ecdc87890d6aa8e0fd4\"},\"headline\":\"26 sz\u00e1zal\u00e9kkal n\u00f6velte \u00e1rbev\u00e9tel\u00e9t az export piacokon a Magyar Suzuki\",\"datePublished\":\"2023-06-15T14:17:27+00:00\",\"dateModified\":\"2023-06-15T14:18:01+00:00\",\"mainEntityOfPage\":{\"@id\":\"https:\\\/\\\/dorogimedence.hu\\\/index.php\\\/2023\\\/06\\\/15\\\/26-szazalekkal-novelte-arbevetelet-az-export-piacokon-a-magyar-suzuki\\\/\"},\"wordCount\":1286,\"publisher\":{\"@id\":\"https:\\\/\\\/dorogimedence.hu\\\/#organization\"},\"image\":{\"@id\":\"https:\\\/\\\/dorogimedence.hu\\\/index.php\\\/2023\\\/06\\\/15\\\/26-szazalekkal-novelte-arbevetelet-az-export-piacokon-a-magyar-suzuki\\\/#primaryimage\"},\"thumbnailUrl\":\"https:\\\/\\\/dorogimedence.hu\\\/wp-content\\\/uploads\\\/2023\\\/06\\\/suzuki-1.jpg\",\"keywords\":[\"esztergom\",\"Magyar Suzuki\"],\"articleSection\":[\"Esztergom\",\"H\u00edrek\"],\"inLanguage\":\"hu\"},{\"@type\":\"WebPage\",\"@id\":\"https:\\\/\\\/dorogimedence.hu\\\/index.php\\\/2023\\\/06\\\/15\\\/26-szazalekkal-novelte-arbevetelet-az-export-piacokon-a-magyar-suzuki\\\/\",\"url\":\"https:\\\/\\\/dorogimedence.hu\\\/index.php\\\/2023\\\/06\\\/15\\\/26-szazalekkal-novelte-arbevetelet-az-export-piacokon-a-magyar-suzuki\\\/\",\"name\":\"26 sz\u00e1zal\u00e9kkal n\u00f6velte \u00e1rbev\u00e9tel\u00e9t az export piacokon a Magyar Suzuki\",\"isPartOf\":{\"@id\":\"https:\\\/\\\/dorogimedence.hu\\\/#website\"},\"primaryImageOfPage\":{\"@id\":\"https:\\\/\\\/dorogimedence.hu\\\/index.php\\\/2023\\\/06\\\/15\\\/26-szazalekkal-novelte-arbevetelet-az-export-piacokon-a-magyar-suzuki\\\/#primaryimage\"},\"image\":{\"@id\":\"https:\\\/\\\/dorogimedence.hu\\\/index.php\\\/2023\\\/06\\\/15\\\/26-szazalekkal-novelte-arbevetelet-az-export-piacokon-a-magyar-suzuki\\\/#primaryimage\"},\"thumbnailUrl\":\"https:\\\/\\\/dorogimedence.hu\\\/wp-content\\\/uploads\\\/2023\\\/06\\\/suzuki-1.jpg\",\"datePublished\":\"2023-06-15T14:17:27+00:00\",\"dateModified\":\"2023-06-15T14:18:01+00:00\",\"breadcrumb\":{\"@id\":\"https:\\\/\\\/dorogimedence.hu\\\/index.php\\\/2023\\\/06\\\/15\\\/26-szazalekkal-novelte-arbevetelet-az-export-piacokon-a-magyar-suzuki\\\/#breadcrumb\"},\"inLanguage\":\"hu\",\"potentialAction\":[{\"@type\":\"ReadAction\",\"target\":[\"https:\\\/\\\/dorogimedence.hu\\\/index.php\\\/2023\\\/06\\\/15\\\/26-szazalekkal-novelte-arbevetelet-az-export-piacokon-a-magyar-suzuki\\\/\"]}]},{\"@type\":\"ImageObject\",\"inLanguage\":\"hu\",\"@id\":\"https:\\\/\\\/dorogimedence.hu\\\/index.php\\\/2023\\\/06\\\/15\\\/26-szazalekkal-novelte-arbevetelet-az-export-piacokon-a-magyar-suzuki\\\/#primaryimage\",\"url\":\"https:\\\/\\\/dorogimedence.hu\\\/wp-content\\\/uploads\\\/2023\\\/06\\\/suzuki-1.jpg\",\"contentUrl\":\"https:\\\/\\\/dorogimedence.hu\\\/wp-content\\\/uploads\\\/2023\\\/06\\\/suzuki-1.jpg\",\"width\":1920,\"height\":970},{\"@type\":\"BreadcrumbList\",\"@id\":\"https:\\\/\\\/dorogimedence.hu\\\/index.php\\\/2023\\\/06\\\/15\\\/26-szazalekkal-novelte-arbevetelet-az-export-piacokon-a-magyar-suzuki\\\/#breadcrumb\",\"itemListElement\":[{\"@type\":\"ListItem\",\"position\":1,\"name\":\"Kezd\u0151lap\",\"item\":\"https:\\\/\\\/dorogimedence.hu\\\/\"},{\"@type\":\"ListItem\",\"position\":2,\"name\":\"26 sz\u00e1zal\u00e9kkal n\u00f6velte \u00e1rbev\u00e9tel\u00e9t az export piacokon a Magyar Suzuki\"}]},{\"@type\":\"WebSite\",\"@id\":\"https:\\\/\\\/dorogimedence.hu\\\/#website\",\"url\":\"https:\\\/\\\/dorogimedence.hu\\\/\",\"name\":\"Dorogi-medence Region\u00e1lis H\u00edrport\u00e1l\",\"description\":\"Dorog, Keszt\u00f6lc, Le\u00e1nyv\u00e1r, Piliscs\u00e9v, Tokod, Tokodalt\u00e1r\u00f3, Csolnok, Esztergom-kertv\u00e1ros: h\u00edrek, programok\",\"publisher\":{\"@id\":\"https:\\\/\\\/dorogimedence.hu\\\/#organization\"},\"potentialAction\":[{\"@type\":\"SearchAction\",\"target\":{\"@type\":\"EntryPoint\",\"urlTemplate\":\"https:\\\/\\\/dorogimedence.hu\\\/?s={search_term_string}\"},\"query-input\":{\"@type\":\"PropertyValueSpecification\",\"valueRequired\":true,\"valueName\":\"search_term_string\"}}],\"inLanguage\":\"hu\"},{\"@type\":\"Organization\",\"@id\":\"https:\\\/\\\/dorogimedence.hu\\\/#organization\",\"name\":\"Dorogi-medence Region\u00e1lis H\u00edrport\u00e1l\",\"url\":\"https:\\\/\\\/dorogimedence.hu\\\/\",\"logo\":{\"@type\":\"ImageObject\",\"inLanguage\":\"hu\",\"@id\":\"https:\\\/\\\/dorogimedence.hu\\\/#\\\/schema\\\/logo\\\/image\\\/\",\"url\":\"https:\\\/\\\/dorogimedence.hu\\\/wp-content\\\/uploads\\\/2021\\\/04\\\/logo-feher-600.png\",\"contentUrl\":\"https:\\\/\\\/dorogimedence.hu\\\/wp-content\\\/uploads\\\/2021\\\/04\\\/logo-feher-600.png\",\"width\":600,\"height\":100,\"caption\":\"Dorogi-medence Region\u00e1lis H\u00edrport\u00e1l\"},\"image\":{\"@id\":\"https:\\\/\\\/dorogimedence.hu\\\/#\\\/schema\\\/logo\\\/image\\\/\"},\"sameAs\":[\"https:\\\/\\\/www.facebook.com\\\/dorogimedence\\\/\"]},{\"@type\":\"Person\",\"@id\":\"https:\\\/\\\/dorogimedence.hu\\\/#\\\/schema\\\/person\\\/ce6091eeb7e95ecdc87890d6aa8e0fd4\",\"name\":\"dorogimedence.hu\",\"image\":{\"@type\":\"ImageObject\",\"inLanguage\":\"hu\",\"@id\":\"\\\/\\\/www.gravatar.com\\\/avatar\\\/d8d45f8901aadff40a4af72c0b826f1d?s=96&#038;r=g&#038;d=mm\",\"url\":\"\\\/\\\/www.gravatar.com\\\/avatar\\\/d8d45f8901aadff40a4af72c0b826f1d?s=96&#038;r=g&#038;d=mm\",\"contentUrl\":\"\\\/\\\/www.gravatar.com\\\/avatar\\\/d8d45f8901aadff40a4af72c0b826f1d?s=96&#038;r=g&#038;d=mm\",\"caption\":\"dorogimedence.hu\"}}]}<\/script>\n<!-- \/ Yoast SEO plugin. -->","yoast_head_json":{"title":"26 sz\u00e1zal\u00e9kkal n\u00f6velte \u00e1rbev\u00e9tel\u00e9t az export piacokon a Magyar Suzuki","robots":{"index":"index","follow":"follow","max-snippet":"max-snippet:-1","max-image-preview":"max-image-preview:large","max-video-preview":"max-video-preview:-1"},"canonical":"https:\/\/dorogimedence.hu\/index.php\/2023\/06\/15\/26-szazalekkal-novelte-arbevetelet-az-export-piacokon-a-magyar-suzuki\/","og_locale":"hu_HU","og_type":"article","og_title":"26 sz\u00e1zal\u00e9kkal n\u00f6velte \u00e1rbev\u00e9tel\u00e9t az export piacokon a Magyar Suzuki","og_description":"A Magyar Suzuki Zrt. 2022-ben \u00f6sszesen 129 022 db j\u00e1rm\u0171vet gy\u00e1rtott, 128 536 db aut\u00f3t \u00e9rt\u00e9kes\u00edtett, amelyb\u0151l 124&nbsp;561 db az esztergomi gy\u00e1rt\u00f3sorr\u00f3l g\u00f6rd\u00fclt le. A teljes elad\u00e1s 88 sz\u00e1zal\u00e9k\u00e1t (113 817 db) 123 orsz\u00e1gba export\u00e1lt\u00e1k. A v\u00e1llalat tavalyi eredm\u00e9nyei alapj\u00e1n 12,43 sz\u00e1zal\u00e9kos r\u00e9szesed\u00e9ssel (13&nbsp;859 db regisztr\u00e1lt \u00fajaut\u00f3) hetedik \u00e9ve uralja a hazai \u00fajaut\u00f3 elad\u00e1sokat. A","og_url":"https:\/\/dorogimedence.hu\/index.php\/2023\/06\/15\/26-szazalekkal-novelte-arbevetelet-az-export-piacokon-a-magyar-suzuki\/","og_site_name":"Dorogi-medence Region\u00e1lis H\u00edrport\u00e1l","article_publisher":"https:\/\/www.facebook.com\/dorogimedence\/","article_published_time":"2023-06-15T14:17:27+00:00","article_modified_time":"2023-06-15T14:18:01+00:00","og_image":[{"width":1920,"height":970,"url":"https:\/\/dorogimedence.hu\/wp-content\/uploads\/2023\/06\/suzuki-1.jpg","type":"image\/jpeg"}],"author":"dorogimedence.hu","twitter_card":"summary_large_image","twitter_misc":{"Szerz\u0151:":"dorogimedence.hu","Becs\u00fclt olvas\u00e1si id\u0151":"6 perc"},"schema":{"@context":"https:\/\/schema.org","@graph":[{"@type":"Article","@id":"https:\/\/dorogimedence.hu\/index.php\/2023\/06\/15\/26-szazalekkal-novelte-arbevetelet-az-export-piacokon-a-magyar-suzuki\/#article","isPartOf":{"@id":"https:\/\/dorogimedence.hu\/index.php\/2023\/06\/15\/26-szazalekkal-novelte-arbevetelet-az-export-piacokon-a-magyar-suzuki\/"},"author":{"name":"dorogimedence.hu","@id":"https:\/\/dorogimedence.hu\/#\/schema\/person\/ce6091eeb7e95ecdc87890d6aa8e0fd4"},"headline":"26 sz\u00e1zal\u00e9kkal n\u00f6velte \u00e1rbev\u00e9tel\u00e9t az export piacokon a Magyar Suzuki","datePublished":"2023-06-15T14:17:27+00:00","dateModified":"2023-06-15T14:18:01+00:00","mainEntityOfPage":{"@id":"https:\/\/dorogimedence.hu\/index.php\/2023\/06\/15\/26-szazalekkal-novelte-arbevetelet-az-export-piacokon-a-magyar-suzuki\/"},"wordCount":1286,"publisher":{"@id":"https:\/\/dorogimedence.hu\/#organization"},"image":{"@id":"https:\/\/dorogimedence.hu\/index.php\/2023\/06\/15\/26-szazalekkal-novelte-arbevetelet-az-export-piacokon-a-magyar-suzuki\/#primaryimage"},"thumbnailUrl":"https:\/\/dorogimedence.hu\/wp-content\/uploads\/2023\/06\/suzuki-1.jpg","keywords":["esztergom","Magyar Suzuki"],"articleSection":["Esztergom","H\u00edrek"],"inLanguage":"hu"},{"@type":"WebPage","@id":"https:\/\/dorogimedence.hu\/index.php\/2023\/06\/15\/26-szazalekkal-novelte-arbevetelet-az-export-piacokon-a-magyar-suzuki\/","url":"https:\/\/dorogimedence.hu\/index.php\/2023\/06\/15\/26-szazalekkal-novelte-arbevetelet-az-export-piacokon-a-magyar-suzuki\/","name":"26 sz\u00e1zal\u00e9kkal n\u00f6velte \u00e1rbev\u00e9tel\u00e9t az export piacokon a Magyar Suzuki","isPartOf":{"@id":"https:\/\/dorogimedence.hu\/#website"},"primaryImageOfPage":{"@id":"https:\/\/dorogimedence.hu\/index.php\/2023\/06\/15\/26-szazalekkal-novelte-arbevetelet-az-export-piacokon-a-magyar-suzuki\/#primaryimage"},"image":{"@id":"https:\/\/dorogimedence.hu\/index.php\/2023\/06\/15\/26-szazalekkal-novelte-arbevetelet-az-export-piacokon-a-magyar-suzuki\/#primaryimage"},"thumbnailUrl":"https:\/\/dorogimedence.hu\/wp-content\/uploads\/2023\/06\/suzuki-1.jpg","datePublished":"2023-06-15T14:17:27+00:00","dateModified":"2023-06-15T14:18:01+00:00","breadcrumb":{"@id":"https:\/\/dorogimedence.hu\/index.php\/2023\/06\/15\/26-szazalekkal-novelte-arbevetelet-az-export-piacokon-a-magyar-suzuki\/#breadcrumb"},"inLanguage":"hu","potentialAction":[{"@type":"ReadAction","target":["https:\/\/dorogimedence.hu\/index.php\/2023\/06\/15\/26-szazalekkal-novelte-arbevetelet-az-export-piacokon-a-magyar-suzuki\/"]}]},{"@type":"ImageObject","inLanguage":"hu","@id":"https:\/\/dorogimedence.hu\/index.php\/2023\/06\/15\/26-szazalekkal-novelte-arbevetelet-az-export-piacokon-a-magyar-suzuki\/#primaryimage","url":"https:\/\/dorogimedence.hu\/wp-content\/uploads\/2023\/06\/suzuki-1.jpg","contentUrl":"https:\/\/dorogimedence.hu\/wp-content\/uploads\/2023\/06\/suzuki-1.jpg","width":1920,"height":970},{"@type":"BreadcrumbList","@id":"https:\/\/dorogimedence.hu\/index.php\/2023\/06\/15\/26-szazalekkal-novelte-arbevetelet-az-export-piacokon-a-magyar-suzuki\/#breadcrumb","itemListElement":[{"@type":"ListItem","position":1,"name":"Kezd\u0151lap","item":"https:\/\/dorogimedence.hu\/"},{"@type":"ListItem","position":2,"name":"26 sz\u00e1zal\u00e9kkal n\u00f6velte \u00e1rbev\u00e9tel\u00e9t az export piacokon a Magyar Suzuki"}]},{"@type":"WebSite","@id":"https:\/\/dorogimedence.hu\/#website","url":"https:\/\/dorogimedence.hu\/","name":"Dorogi-medence Region\u00e1lis H\u00edrport\u00e1l","description":"Dorog, Keszt\u00f6lc, Le\u00e1nyv\u00e1r, Piliscs\u00e9v, Tokod, Tokodalt\u00e1r\u00f3, Csolnok, Esztergom-kertv\u00e1ros: h\u00edrek, programok","publisher":{"@id":"https:\/\/dorogimedence.hu\/#organization"},"potentialAction":[{"@type":"SearchAction","target":{"@type":"EntryPoint","urlTemplate":"https:\/\/dorogimedence.hu\/?s={search_term_string}"},"query-input":{"@type":"PropertyValueSpecification","valueRequired":true,"valueName":"search_term_string"}}],"inLanguage":"hu"},{"@type":"Organization","@id":"https:\/\/dorogimedence.hu\/#organization","name":"Dorogi-medence Region\u00e1lis H\u00edrport\u00e1l","url":"https:\/\/dorogimedence.hu\/","logo":{"@type":"ImageObject","inLanguage":"hu","@id":"https:\/\/dorogimedence.hu\/#\/schema\/logo\/image\/","url":"https:\/\/dorogimedence.hu\/wp-content\/uploads\/2021\/04\/logo-feher-600.png","contentUrl":"https:\/\/dorogimedence.hu\/wp-content\/uploads\/2021\/04\/logo-feher-600.png","width":600,"height":100,"caption":"Dorogi-medence Region\u00e1lis H\u00edrport\u00e1l"},"image":{"@id":"https:\/\/dorogimedence.hu\/#\/schema\/logo\/image\/"},"sameAs":["https:\/\/www.facebook.com\/dorogimedence\/"]},{"@type":"Person","@id":"https:\/\/dorogimedence.hu\/#\/schema\/person\/ce6091eeb7e95ecdc87890d6aa8e0fd4","name":"dorogimedence.hu","image":{"@type":"ImageObject","inLanguage":"hu","@id":"\/\/www.gravatar.com\/avatar\/d8d45f8901aadff40a4af72c0b826f1d?s=96&#038;r=g&#038;d=mm","url":"\/\/www.gravatar.com\/avatar\/d8d45f8901aadff40a4af72c0b826f1d?s=96&#038;r=g&#038;d=mm","contentUrl":"\/\/www.gravatar.com\/avatar\/d8d45f8901aadff40a4af72c0b826f1d?s=96&#038;r=g&#038;d=mm","caption":"dorogimedence.hu"}}]}},"_links":{"self":[{"href":"https:\/\/dorogimedence.hu\/index.php\/wp-json\/wp\/v2\/posts\/54116","targetHints":{"allow":["GET"]}}],"collection":[{"href":"https:\/\/dorogimedence.hu\/index.php\/wp-json\/wp\/v2\/posts"}],"about":[{"href":"https:\/\/dorogimedence.hu\/index.php\/wp-json\/wp\/v2\/types\/post"}],"author":[{"embeddable":true,"href":"https:\/\/dorogimedence.hu\/index.php\/wp-json\/wp\/v2\/users\/1"}],"replies":[{"embeddable":true,"href":"https:\/\/dorogimedence.hu\/index.php\/wp-json\/wp\/v2\/comments?post=54116"}],"version-history":[{"count":0,"href":"https:\/\/dorogimedence.hu\/index.php\/wp-json\/wp\/v2\/posts\/54116\/revisions"}],"wp:featuredmedia":[{"embeddable":true,"href":"https:\/\/dorogimedence.hu\/index.php\/wp-json\/wp\/v2\/media\/54117"}],"wp:attachment":[{"href":"https:\/\/dorogimedence.hu\/index.php\/wp-json\/wp\/v2\/media?parent=54116"}],"wp:term":[{"taxonomy":"category","embeddable":true,"href":"https:\/\/dorogimedence.hu\/index.php\/wp-json\/wp\/v2\/categories?post=54116"},{"taxonomy":"post_tag","embeddable":true,"href":"https:\/\/dorogimedence.hu\/index.php\/wp-json\/wp\/v2\/tags?post=54116"}],"curies":[{"name":"wp","href":"https:\/\/api.w.org\/{rel}","templated":true}]}}