{"id":5404,"date":"2017-09-05T06:47:18","date_gmt":"2017-09-05T04:47:18","guid":{"rendered":"http:\/\/dorogimedence.hu\/?p=5404"},"modified":"2017-09-05T06:47:18","modified_gmt":"2017-09-05T04:47:18","slug":"hatekony-egyuttmukodes-a-labdarugas-teruleten","status":"publish","type":"post","link":"https:\/\/dorogimedence.hu\/index.php\/2017\/09\/05\/hatekony-egyuttmukodes-a-labdarugas-teruleten\/","title":{"rendered":"Hat\u00e9kony egy\u00fcttm\u0171k\u00f6d\u00e9s a labdar\u00fag\u00e1s ter\u00fclet\u00e9n"},"content":{"rendered":"<p><strong>\u00c9v\u00e9rt\u00e9kel\u0151 f\u00f3rumot tartottak a megyei labdar\u00fag\u00e1s biztons\u00e1gi int\u00e9zked\u00e9seivel kapcsolatban. A r\u00e9sztvev\u0151k elemezt\u00e9k a rend\u0151rs\u00e9g \u00e9s a polg\u00e1r\u0151rs\u00e9g hat\u00e9kony munk\u00e1j\u00e1t a labdar\u00fag\u00f3 m\u00e9rk\u0151z\u00e9seken. A szakemberek kifejtetett\u00e9k, hogy fontosnak tartj\u00e1k a tov\u00e1bbi egy\u00fcttm\u0171k\u00f6d\u00e9st, hiszen megy\u00e9nkben t\u00f6bb mint ezer m\u00e9rk\u0151z\u00e9s zajlik \u00e9vente.<\/strong><\/p>\n<p>Kancz Csaba, az MLSZ megyei eln\u00f6ke elmondta, Magyar Labdar\u00fag\u00f3 Sz\u00f6vets\u00e9g 2013 \u0151sz\u00e9n k\u00f6t\u00f6tt egy\u00fcttm\u0171k\u00f6d\u00e9si meg\u00e1llapod\u00e1st az Orsz\u00e1gos Polg\u00e1r\u0151r Sz\u00f6vets\u00e9ggel, ezt k\u00f6vet\u0151en pedig az igazgat\u00f3s\u00e1g felvette a kapcsolatot a megyei polg\u00e1r\u0151r\u00f6kkel, \u00e9s helyi szinten is megval\u00f3sult ez az egyezm\u00e9ny m\u00e9g 2014-ben. Egy \u00e9vvel k\u00e9s\u0151bb paktum sz\u00fcletett a Kom\u00e1rom-Esztergom Megyei Rend\u0151r-f\u0151kapit\u00e1nys\u00e1ggal is. A meg\u00e1llapod\u00e1sok f\u0151 c\u00e9lja a m\u00e9rk\u0151z\u00e9sek biztons\u00e1gos lebonyol\u00edt\u00e1sa, a rendbont\u00e1sok elker\u00fcl\u00e9se.<\/p>\n<p>Kun Csaba, a Kom\u00e1rom-Esztergom Megyei Polg\u00e1r Sz\u00f6vets\u00e9g eln\u00f6ke hangs\u00falyozta, a kisebb egyes\u00fcleteknek ez a sz\u00e1zezer forint nagy seg\u00edts\u00e9g, t\u00f6bbek k\u00f6z\u00f6tt formaruh\u00e1zatra, g\u00e9pj\u00e1rm\u0171re k\u00f6lt\u00f6tt\u00e9k. Ezt k\u00f6vet\u0151en megk\u00f6sz\u00f6nte a megyei egyes\u00fcletek nev\u00e9ben a seg\u00edts\u00e9get, majd rem\u00e9ny\u00e9t fejezte ki, hogy j\u00f6v\u0151re ism\u00e9t kapnak t\u00e1mogat\u00e1st az arra \u00e9rdemes k\u00f6z\u00f6ss\u00e9gek.<\/p>\n<p>Popovics Gy\u00f6rgy, a megyei k\u00f6zgy\u0171l\u00e9s eln\u00f6ke, az MLSZ megyei igazgat\u00f3s\u00e1g\u00e1nak eln\u00f6ks\u00e9gi tagja elmondta: \u201ea j\u00e1t\u00e9kosok, az edz\u0151k \u00e9s a sportszakemberek n\u00e9lk\u00fcl nem m\u0171k\u00f6dhetne a megye labdar\u00fag\u00e1sa, de m\u00e9rk\u0151z\u00e9st rendezni rendez\u0151k n\u00e9lk\u00fcl sem lehet. \u0150k azok, akik a szabadidej\u00fcket fel\u00e1ldozva azon dolgoznak, hogy biztos\u00edts\u00e1k a m\u00e9rk\u0151z\u00e9sek zavartalan lezajl\u00e1s\u00e1t. Mindenk\u00e9ppen meg\u00e9rdemlik, hogy megeml\u00e9kezz\u00fcnk a tev\u00e9kenys\u00e9g\u00fckr\u0151l \u00e9s megk\u00f6sz\u00f6nj\u00fck nekik azt az \u00e1ldozatos munk\u00e1t, amit a labdar\u00fag\u00e1s \u00e9rdek\u00e9ben v\u00e9geznek. Ott, ahol ebbe a munk\u00e1ba m\u00e9g a polg\u00e1r\u0151r\u00f6k is bekapcsol\u00f3dnak, azt az egy\u00fcttm\u0171k\u00f6d\u00e9s k\u00fcl\u00f6n\u00f6sen meg kell becs\u00fclni.\u201d<\/p>\n<p>Farkas G\u00e1bor, a Kom\u00e1rom-Esztergom Megyei Rend\u0151r-f\u0151kapit\u00e1nys\u00e1g vezet\u0151je a m\u00e9rk\u0151z\u00e9seken t\u00f6rt\u00e9nt csek\u00e9ly sz\u00e1m\u00fa rendbont\u00e1sr\u00f3l sz\u00e1molt be. \u201eMi arra t\u00f6reksz\u00fcnk ebben a szezonban is, hogy a sz\u00f6vets\u00e9ggel egy\u00fcttm\u0171k\u00f6dve \u00e9s a polg\u00e1r\u0151rs\u00e9get magunk mellett tudva garant\u00e1lni tudjuk rendezv\u00e9nyek biztons\u00e1g\u00e1t\u201d- mondta.<\/p>\n<p>Kh\u00e9ner L\u00e1szl\u00f3, az MLSZ megyei igazgat\u00f3ja az elm\u00falt \u00e9vek tapasztalatait \u00f6sszegezve elmondta, t\u00f6bb mint ezer m\u00e9rk\u0151z\u00e9s van \u00e9vente a megy\u00e9ben, ennek k\u00f6zel 15-20 sz\u00e1zal\u00e9k\u00e1t ellen\u0151rzik a polg\u00e1r\u0151r\u00f6k. Pozit\u00edv, hogy \u00e9vr\u0151l \u00e9vre cs\u00f6kken a fegyelmi \u00fcgyek sz\u00e1ma, a tavalyi \u00e9vben m\u00e1r csak 272 ilyen \u00fcgy volt. \u201eAz er\u0151szak nem val\u00f3 a futballp\u00e1ly\u00e1ra. Minden tettlegess\u00e9g rend\u0151rs\u00e9gi bejelent\u00e9st von maga ut\u00e1n, z\u00e9r\u00f3 tolerancia van n\u00e1lunk, ez a j\u00e1t\u00e9kosok \u00e9s a n\u00e9z\u0151k \u00e9rdekes is.\u201d<\/p>\n<p><em>Fot\u00f3, forr\u00e1s: kemoh.hu<\/em><\/p>\n","protected":false},"excerpt":{"rendered":"<p>\u00c9v\u00e9rt\u00e9kel\u0151 f\u00f3rumot tartottak a megyei labdar\u00fag\u00e1s biztons\u00e1gi int\u00e9zked\u00e9seivel kapcsolatban. A r\u00e9sztvev\u0151k elemezt\u00e9k a rend\u0151rs\u00e9g \u00e9s a polg\u00e1r\u0151rs\u00e9g hat\u00e9kony munk\u00e1j\u00e1t a labdar\u00fag\u00f3 m\u00e9rk\u0151z\u00e9seken. A szakemberek kifejtetett\u00e9k, hogy fontosnak tartj\u00e1k a tov\u00e1bbi egy\u00fcttm\u0171k\u00f6d\u00e9st, hiszen megy\u00e9nkben t\u00f6bb mint ezer m\u00e9rk\u0151z\u00e9s zajlik \u00e9vente. Kancz Csaba, az MLSZ megyei eln\u00f6ke elmondta, Magyar Labdar\u00fag\u00f3 Sz\u00f6vets\u00e9g 2013 \u0151sz\u00e9n k\u00f6t\u00f6tt egy\u00fcttm\u0171k\u00f6d\u00e9si meg\u00e1llapod\u00e1st az<\/p>\n","protected":false},"author":1,"featured_media":5405,"comment_status":"closed","ping_status":"closed","sticky":false,"template":"","format":"standard","meta":{"ngg_post_thumbnail":0,"footnotes":""},"categories":[3,56],"tags":[1481,1482,70,69,72],"class_list":{"0":"post-5404","1":"post","2":"type-post","3":"status-publish","4":"format-standard","5":"has-post-thumbnail","7":"category-hirek","8":"category-komarom-esztergom","9":"tag-biztonsag","10":"tag-ertekeles","11":"tag-foci","12":"tag-futball","13":"tag-labdarugas"},"yoast_head":"<!-- This site is optimized with the Yoast SEO plugin v27.5 - https:\/\/yoast.com\/product\/yoast-seo-wordpress\/ -->\n<title>Hat\u00e9kony egy\u00fcttm\u0171k\u00f6d\u00e9s a labdar\u00fag\u00e1s ter\u00fclet\u00e9n<\/title>\n<meta name=\"robots\" content=\"index, follow, max-snippet:-1, max-image-preview:large, max-video-preview:-1\" \/>\n<link rel=\"canonical\" href=\"https:\/\/dorogimedence.hu\/index.php\/2017\/09\/05\/hatekony-egyuttmukodes-a-labdarugas-teruleten\/\" class=\"yoast-seo-meta-tag\" \/>\n<meta property=\"og:locale\" content=\"hu_HU\" class=\"yoast-seo-meta-tag\" \/>\n<meta property=\"og:type\" content=\"article\" class=\"yoast-seo-meta-tag\" \/>\n<meta property=\"og:title\" content=\"Hat\u00e9kony egy\u00fcttm\u0171k\u00f6d\u00e9s a labdar\u00fag\u00e1s ter\u00fclet\u00e9n\" class=\"yoast-seo-meta-tag\" \/>\n<meta property=\"og:description\" content=\"\u00c9v\u00e9rt\u00e9kel\u0151 f\u00f3rumot tartottak a megyei labdar\u00fag\u00e1s biztons\u00e1gi int\u00e9zked\u00e9seivel kapcsolatban. A r\u00e9sztvev\u0151k elemezt\u00e9k a rend\u0151rs\u00e9g \u00e9s a polg\u00e1r\u0151rs\u00e9g hat\u00e9kony munk\u00e1j\u00e1t a labdar\u00fag\u00f3 m\u00e9rk\u0151z\u00e9seken. A szakemberek kifejtetett\u00e9k, hogy fontosnak tartj\u00e1k a tov\u00e1bbi egy\u00fcttm\u0171k\u00f6d\u00e9st, hiszen megy\u00e9nkben t\u00f6bb mint ezer m\u00e9rk\u0151z\u00e9s zajlik \u00e9vente. Kancz Csaba, az MLSZ megyei eln\u00f6ke elmondta, Magyar Labdar\u00fag\u00f3 Sz\u00f6vets\u00e9g 2013 \u0151sz\u00e9n k\u00f6t\u00f6tt egy\u00fcttm\u0171k\u00f6d\u00e9si meg\u00e1llapod\u00e1st az\" class=\"yoast-seo-meta-tag\" \/>\n<meta property=\"og:url\" content=\"https:\/\/dorogimedence.hu\/index.php\/2017\/09\/05\/hatekony-egyuttmukodes-a-labdarugas-teruleten\/\" class=\"yoast-seo-meta-tag\" \/>\n<meta property=\"og:site_name\" content=\"Dorogi-medence Region\u00e1lis H\u00edrport\u00e1l\" class=\"yoast-seo-meta-tag\" \/>\n<meta property=\"article:publisher\" content=\"https:\/\/www.facebook.com\/dorogimedence\/\" class=\"yoast-seo-meta-tag\" \/>\n<meta property=\"article:published_time\" content=\"2017-09-05T04:47:18+00:00\" class=\"yoast-seo-meta-tag\" \/>\n<meta property=\"og:image\" content=\"https:\/\/i0.wp.com\/dorogimedence.hu\/wp-content\/uploads\/2017\/09\/labdarugas-biztonsag.jpg?fit=670%2C365&ssl=1\" class=\"yoast-seo-meta-tag\" \/>\n\t<meta property=\"og:image:width\" content=\"670\" class=\"yoast-seo-meta-tag\" \/>\n\t<meta property=\"og:image:height\" content=\"365\" class=\"yoast-seo-meta-tag\" \/>\n\t<meta property=\"og:image:type\" content=\"image\/jpeg\" class=\"yoast-seo-meta-tag\" \/>\n<meta name=\"author\" content=\"dorogimedence.hu\" class=\"yoast-seo-meta-tag\" \/>\n<meta name=\"twitter:card\" content=\"summary_large_image\" class=\"yoast-seo-meta-tag\" \/>\n<meta name=\"twitter:label1\" content=\"Szerz\u0151:\" class=\"yoast-seo-meta-tag\" \/>\n\t<meta name=\"twitter:data1\" content=\"dorogimedence.hu\" class=\"yoast-seo-meta-tag\" \/>\n\t<meta name=\"twitter:label2\" content=\"Becs\u00fclt olvas\u00e1si id\u0151\" class=\"yoast-seo-meta-tag\" \/>\n\t<meta name=\"twitter:data2\" content=\"3 perc\" class=\"yoast-seo-meta-tag\" \/>\n<script type=\"application\/ld+json\" class=\"yoast-schema-graph\">{\"@context\":\"https:\\\/\\\/schema.org\",\"@graph\":[{\"@type\":\"Article\",\"@id\":\"https:\\\/\\\/dorogimedence.hu\\\/index.php\\\/2017\\\/09\\\/05\\\/hatekony-egyuttmukodes-a-labdarugas-teruleten\\\/#article\",\"isPartOf\":{\"@id\":\"https:\\\/\\\/dorogimedence.hu\\\/index.php\\\/2017\\\/09\\\/05\\\/hatekony-egyuttmukodes-a-labdarugas-teruleten\\\/\"},\"author\":{\"name\":\"dorogimedence.hu\",\"@id\":\"https:\\\/\\\/dorogimedence.hu\\\/#\\\/schema\\\/person\\\/ce6091eeb7e95ecdc87890d6aa8e0fd4\"},\"headline\":\"Hat\u00e9kony egy\u00fcttm\u0171k\u00f6d\u00e9s a labdar\u00fag\u00e1s ter\u00fclet\u00e9n\",\"datePublished\":\"2017-09-05T04:47:18+00:00\",\"mainEntityOfPage\":{\"@id\":\"https:\\\/\\\/dorogimedence.hu\\\/index.php\\\/2017\\\/09\\\/05\\\/hatekony-egyuttmukodes-a-labdarugas-teruleten\\\/\"},\"wordCount\":604,\"publisher\":{\"@id\":\"https:\\\/\\\/dorogimedence.hu\\\/#organization\"},\"image\":{\"@id\":\"https:\\\/\\\/dorogimedence.hu\\\/index.php\\\/2017\\\/09\\\/05\\\/hatekony-egyuttmukodes-a-labdarugas-teruleten\\\/#primaryimage\"},\"thumbnailUrl\":\"https:\\\/\\\/dorogimedence.hu\\\/wp-content\\\/uploads\\\/2017\\\/09\\\/labdarugas-biztonsag.jpg\",\"keywords\":[\"biztons\u00e1g\",\"\u00e9rt\u00e9kel\u00e9s\",\"foci\",\"futball\",\"labdar\u00fag\u00e1s\"],\"articleSection\":[\"H\u00edrek\",\"Kom\u00e1rom-Esztergom\"],\"inLanguage\":\"hu\"},{\"@type\":\"WebPage\",\"@id\":\"https:\\\/\\\/dorogimedence.hu\\\/index.php\\\/2017\\\/09\\\/05\\\/hatekony-egyuttmukodes-a-labdarugas-teruleten\\\/\",\"url\":\"https:\\\/\\\/dorogimedence.hu\\\/index.php\\\/2017\\\/09\\\/05\\\/hatekony-egyuttmukodes-a-labdarugas-teruleten\\\/\",\"name\":\"Hat\u00e9kony egy\u00fcttm\u0171k\u00f6d\u00e9s a labdar\u00fag\u00e1s ter\u00fclet\u00e9n\",\"isPartOf\":{\"@id\":\"https:\\\/\\\/dorogimedence.hu\\\/#website\"},\"primaryImageOfPage\":{\"@id\":\"https:\\\/\\\/dorogimedence.hu\\\/index.php\\\/2017\\\/09\\\/05\\\/hatekony-egyuttmukodes-a-labdarugas-teruleten\\\/#primaryimage\"},\"image\":{\"@id\":\"https:\\\/\\\/dorogimedence.hu\\\/index.php\\\/2017\\\/09\\\/05\\\/hatekony-egyuttmukodes-a-labdarugas-teruleten\\\/#primaryimage\"},\"thumbnailUrl\":\"https:\\\/\\\/dorogimedence.hu\\\/wp-content\\\/uploads\\\/2017\\\/09\\\/labdarugas-biztonsag.jpg\",\"datePublished\":\"2017-09-05T04:47:18+00:00\",\"breadcrumb\":{\"@id\":\"https:\\\/\\\/dorogimedence.hu\\\/index.php\\\/2017\\\/09\\\/05\\\/hatekony-egyuttmukodes-a-labdarugas-teruleten\\\/#breadcrumb\"},\"inLanguage\":\"hu\",\"potentialAction\":[{\"@type\":\"ReadAction\",\"target\":[\"https:\\\/\\\/dorogimedence.hu\\\/index.php\\\/2017\\\/09\\\/05\\\/hatekony-egyuttmukodes-a-labdarugas-teruleten\\\/\"]}]},{\"@type\":\"ImageObject\",\"inLanguage\":\"hu\",\"@id\":\"https:\\\/\\\/dorogimedence.hu\\\/index.php\\\/2017\\\/09\\\/05\\\/hatekony-egyuttmukodes-a-labdarugas-teruleten\\\/#primaryimage\",\"url\":\"https:\\\/\\\/dorogimedence.hu\\\/wp-content\\\/uploads\\\/2017\\\/09\\\/labdarugas-biztonsag.jpg\",\"contentUrl\":\"https:\\\/\\\/dorogimedence.hu\\\/wp-content\\\/uploads\\\/2017\\\/09\\\/labdarugas-biztonsag.jpg\",\"width\":670,\"height\":365},{\"@type\":\"BreadcrumbList\",\"@id\":\"https:\\\/\\\/dorogimedence.hu\\\/index.php\\\/2017\\\/09\\\/05\\\/hatekony-egyuttmukodes-a-labdarugas-teruleten\\\/#breadcrumb\",\"itemListElement\":[{\"@type\":\"ListItem\",\"position\":1,\"name\":\"Kezd\u0151lap\",\"item\":\"https:\\\/\\\/dorogimedence.hu\\\/\"},{\"@type\":\"ListItem\",\"position\":2,\"name\":\"Hat\u00e9kony egy\u00fcttm\u0171k\u00f6d\u00e9s a labdar\u00fag\u00e1s ter\u00fclet\u00e9n\"}]},{\"@type\":\"WebSite\",\"@id\":\"https:\\\/\\\/dorogimedence.hu\\\/#website\",\"url\":\"https:\\\/\\\/dorogimedence.hu\\\/\",\"name\":\"Dorogi-medence Region\u00e1lis H\u00edrport\u00e1l\",\"description\":\"Dorog, Keszt\u00f6lc, Le\u00e1nyv\u00e1r, Piliscs\u00e9v, Tokod, Tokodalt\u00e1r\u00f3, Csolnok, Esztergom-kertv\u00e1ros: h\u00edrek, programok\",\"publisher\":{\"@id\":\"https:\\\/\\\/dorogimedence.hu\\\/#organization\"},\"potentialAction\":[{\"@type\":\"SearchAction\",\"target\":{\"@type\":\"EntryPoint\",\"urlTemplate\":\"https:\\\/\\\/dorogimedence.hu\\\/?s={search_term_string}\"},\"query-input\":{\"@type\":\"PropertyValueSpecification\",\"valueRequired\":true,\"valueName\":\"search_term_string\"}}],\"inLanguage\":\"hu\"},{\"@type\":\"Organization\",\"@id\":\"https:\\\/\\\/dorogimedence.hu\\\/#organization\",\"name\":\"Dorogi-medence Region\u00e1lis H\u00edrport\u00e1l\",\"url\":\"https:\\\/\\\/dorogimedence.hu\\\/\",\"logo\":{\"@type\":\"ImageObject\",\"inLanguage\":\"hu\",\"@id\":\"https:\\\/\\\/dorogimedence.hu\\\/#\\\/schema\\\/logo\\\/image\\\/\",\"url\":\"https:\\\/\\\/dorogimedence.hu\\\/wp-content\\\/uploads\\\/2021\\\/04\\\/logo-feher-600.png\",\"contentUrl\":\"https:\\\/\\\/dorogimedence.hu\\\/wp-content\\\/uploads\\\/2021\\\/04\\\/logo-feher-600.png\",\"width\":600,\"height\":100,\"caption\":\"Dorogi-medence Region\u00e1lis H\u00edrport\u00e1l\"},\"image\":{\"@id\":\"https:\\\/\\\/dorogimedence.hu\\\/#\\\/schema\\\/logo\\\/image\\\/\"},\"sameAs\":[\"https:\\\/\\\/www.facebook.com\\\/dorogimedence\\\/\"]},{\"@type\":\"Person\",\"@id\":\"https:\\\/\\\/dorogimedence.hu\\\/#\\\/schema\\\/person\\\/ce6091eeb7e95ecdc87890d6aa8e0fd4\",\"name\":\"dorogimedence.hu\",\"image\":{\"@type\":\"ImageObject\",\"inLanguage\":\"hu\",\"@id\":\"\\\/\\\/www.gravatar.com\\\/avatar\\\/d8d45f8901aadff40a4af72c0b826f1d?s=96&#038;r=g&#038;d=mm\",\"url\":\"\\\/\\\/www.gravatar.com\\\/avatar\\\/d8d45f8901aadff40a4af72c0b826f1d?s=96&#038;r=g&#038;d=mm\",\"contentUrl\":\"\\\/\\\/www.gravatar.com\\\/avatar\\\/d8d45f8901aadff40a4af72c0b826f1d?s=96&#038;r=g&#038;d=mm\",\"caption\":\"dorogimedence.hu\"}}]}<\/script>\n<!-- \/ Yoast SEO plugin. -->","yoast_head_json":{"title":"Hat\u00e9kony egy\u00fcttm\u0171k\u00f6d\u00e9s a labdar\u00fag\u00e1s ter\u00fclet\u00e9n","robots":{"index":"index","follow":"follow","max-snippet":"max-snippet:-1","max-image-preview":"max-image-preview:large","max-video-preview":"max-video-preview:-1"},"canonical":"https:\/\/dorogimedence.hu\/index.php\/2017\/09\/05\/hatekony-egyuttmukodes-a-labdarugas-teruleten\/","og_locale":"hu_HU","og_type":"article","og_title":"Hat\u00e9kony egy\u00fcttm\u0171k\u00f6d\u00e9s a labdar\u00fag\u00e1s ter\u00fclet\u00e9n","og_description":"\u00c9v\u00e9rt\u00e9kel\u0151 f\u00f3rumot tartottak a megyei labdar\u00fag\u00e1s biztons\u00e1gi int\u00e9zked\u00e9seivel kapcsolatban. A r\u00e9sztvev\u0151k elemezt\u00e9k a rend\u0151rs\u00e9g \u00e9s a polg\u00e1r\u0151rs\u00e9g hat\u00e9kony munk\u00e1j\u00e1t a labdar\u00fag\u00f3 m\u00e9rk\u0151z\u00e9seken. A szakemberek kifejtetett\u00e9k, hogy fontosnak tartj\u00e1k a tov\u00e1bbi egy\u00fcttm\u0171k\u00f6d\u00e9st, hiszen megy\u00e9nkben t\u00f6bb mint ezer m\u00e9rk\u0151z\u00e9s zajlik \u00e9vente. Kancz Csaba, az MLSZ megyei eln\u00f6ke elmondta, Magyar Labdar\u00fag\u00f3 Sz\u00f6vets\u00e9g 2013 \u0151sz\u00e9n k\u00f6t\u00f6tt egy\u00fcttm\u0171k\u00f6d\u00e9si meg\u00e1llapod\u00e1st az","og_url":"https:\/\/dorogimedence.hu\/index.php\/2017\/09\/05\/hatekony-egyuttmukodes-a-labdarugas-teruleten\/","og_site_name":"Dorogi-medence Region\u00e1lis H\u00edrport\u00e1l","article_publisher":"https:\/\/www.facebook.com\/dorogimedence\/","article_published_time":"2017-09-05T04:47:18+00:00","og_image":[{"width":670,"height":365,"url":"https:\/\/i0.wp.com\/dorogimedence.hu\/wp-content\/uploads\/2017\/09\/labdarugas-biztonsag.jpg?fit=670%2C365&ssl=1","type":"image\/jpeg"}],"author":"dorogimedence.hu","twitter_card":"summary_large_image","twitter_misc":{"Szerz\u0151:":"dorogimedence.hu","Becs\u00fclt olvas\u00e1si id\u0151":"3 perc"},"schema":{"@context":"https:\/\/schema.org","@graph":[{"@type":"Article","@id":"https:\/\/dorogimedence.hu\/index.php\/2017\/09\/05\/hatekony-egyuttmukodes-a-labdarugas-teruleten\/#article","isPartOf":{"@id":"https:\/\/dorogimedence.hu\/index.php\/2017\/09\/05\/hatekony-egyuttmukodes-a-labdarugas-teruleten\/"},"author":{"name":"dorogimedence.hu","@id":"https:\/\/dorogimedence.hu\/#\/schema\/person\/ce6091eeb7e95ecdc87890d6aa8e0fd4"},"headline":"Hat\u00e9kony egy\u00fcttm\u0171k\u00f6d\u00e9s a labdar\u00fag\u00e1s ter\u00fclet\u00e9n","datePublished":"2017-09-05T04:47:18+00:00","mainEntityOfPage":{"@id":"https:\/\/dorogimedence.hu\/index.php\/2017\/09\/05\/hatekony-egyuttmukodes-a-labdarugas-teruleten\/"},"wordCount":604,"publisher":{"@id":"https:\/\/dorogimedence.hu\/#organization"},"image":{"@id":"https:\/\/dorogimedence.hu\/index.php\/2017\/09\/05\/hatekony-egyuttmukodes-a-labdarugas-teruleten\/#primaryimage"},"thumbnailUrl":"https:\/\/dorogimedence.hu\/wp-content\/uploads\/2017\/09\/labdarugas-biztonsag.jpg","keywords":["biztons\u00e1g","\u00e9rt\u00e9kel\u00e9s","foci","futball","labdar\u00fag\u00e1s"],"articleSection":["H\u00edrek","Kom\u00e1rom-Esztergom"],"inLanguage":"hu"},{"@type":"WebPage","@id":"https:\/\/dorogimedence.hu\/index.php\/2017\/09\/05\/hatekony-egyuttmukodes-a-labdarugas-teruleten\/","url":"https:\/\/dorogimedence.hu\/index.php\/2017\/09\/05\/hatekony-egyuttmukodes-a-labdarugas-teruleten\/","name":"Hat\u00e9kony egy\u00fcttm\u0171k\u00f6d\u00e9s a labdar\u00fag\u00e1s ter\u00fclet\u00e9n","isPartOf":{"@id":"https:\/\/dorogimedence.hu\/#website"},"primaryImageOfPage":{"@id":"https:\/\/dorogimedence.hu\/index.php\/2017\/09\/05\/hatekony-egyuttmukodes-a-labdarugas-teruleten\/#primaryimage"},"image":{"@id":"https:\/\/dorogimedence.hu\/index.php\/2017\/09\/05\/hatekony-egyuttmukodes-a-labdarugas-teruleten\/#primaryimage"},"thumbnailUrl":"https:\/\/dorogimedence.hu\/wp-content\/uploads\/2017\/09\/labdarugas-biztonsag.jpg","datePublished":"2017-09-05T04:47:18+00:00","breadcrumb":{"@id":"https:\/\/dorogimedence.hu\/index.php\/2017\/09\/05\/hatekony-egyuttmukodes-a-labdarugas-teruleten\/#breadcrumb"},"inLanguage":"hu","potentialAction":[{"@type":"ReadAction","target":["https:\/\/dorogimedence.hu\/index.php\/2017\/09\/05\/hatekony-egyuttmukodes-a-labdarugas-teruleten\/"]}]},{"@type":"ImageObject","inLanguage":"hu","@id":"https:\/\/dorogimedence.hu\/index.php\/2017\/09\/05\/hatekony-egyuttmukodes-a-labdarugas-teruleten\/#primaryimage","url":"https:\/\/dorogimedence.hu\/wp-content\/uploads\/2017\/09\/labdarugas-biztonsag.jpg","contentUrl":"https:\/\/dorogimedence.hu\/wp-content\/uploads\/2017\/09\/labdarugas-biztonsag.jpg","width":670,"height":365},{"@type":"BreadcrumbList","@id":"https:\/\/dorogimedence.hu\/index.php\/2017\/09\/05\/hatekony-egyuttmukodes-a-labdarugas-teruleten\/#breadcrumb","itemListElement":[{"@type":"ListItem","position":1,"name":"Kezd\u0151lap","item":"https:\/\/dorogimedence.hu\/"},{"@type":"ListItem","position":2,"name":"Hat\u00e9kony egy\u00fcttm\u0171k\u00f6d\u00e9s a labdar\u00fag\u00e1s ter\u00fclet\u00e9n"}]},{"@type":"WebSite","@id":"https:\/\/dorogimedence.hu\/#website","url":"https:\/\/dorogimedence.hu\/","name":"Dorogi-medence Region\u00e1lis H\u00edrport\u00e1l","description":"Dorog, Keszt\u00f6lc, Le\u00e1nyv\u00e1r, Piliscs\u00e9v, Tokod, Tokodalt\u00e1r\u00f3, Csolnok, Esztergom-kertv\u00e1ros: h\u00edrek, programok","publisher":{"@id":"https:\/\/dorogimedence.hu\/#organization"},"potentialAction":[{"@type":"SearchAction","target":{"@type":"EntryPoint","urlTemplate":"https:\/\/dorogimedence.hu\/?s={search_term_string}"},"query-input":{"@type":"PropertyValueSpecification","valueRequired":true,"valueName":"search_term_string"}}],"inLanguage":"hu"},{"@type":"Organization","@id":"https:\/\/dorogimedence.hu\/#organization","name":"Dorogi-medence Region\u00e1lis H\u00edrport\u00e1l","url":"https:\/\/dorogimedence.hu\/","logo":{"@type":"ImageObject","inLanguage":"hu","@id":"https:\/\/dorogimedence.hu\/#\/schema\/logo\/image\/","url":"https:\/\/dorogimedence.hu\/wp-content\/uploads\/2021\/04\/logo-feher-600.png","contentUrl":"https:\/\/dorogimedence.hu\/wp-content\/uploads\/2021\/04\/logo-feher-600.png","width":600,"height":100,"caption":"Dorogi-medence Region\u00e1lis H\u00edrport\u00e1l"},"image":{"@id":"https:\/\/dorogimedence.hu\/#\/schema\/logo\/image\/"},"sameAs":["https:\/\/www.facebook.com\/dorogimedence\/"]},{"@type":"Person","@id":"https:\/\/dorogimedence.hu\/#\/schema\/person\/ce6091eeb7e95ecdc87890d6aa8e0fd4","name":"dorogimedence.hu","image":{"@type":"ImageObject","inLanguage":"hu","@id":"\/\/www.gravatar.com\/avatar\/d8d45f8901aadff40a4af72c0b826f1d?s=96&#038;r=g&#038;d=mm","url":"\/\/www.gravatar.com\/avatar\/d8d45f8901aadff40a4af72c0b826f1d?s=96&#038;r=g&#038;d=mm","contentUrl":"\/\/www.gravatar.com\/avatar\/d8d45f8901aadff40a4af72c0b826f1d?s=96&#038;r=g&#038;d=mm","caption":"dorogimedence.hu"}}]}},"_links":{"self":[{"href":"https:\/\/dorogimedence.hu\/index.php\/wp-json\/wp\/v2\/posts\/5404","targetHints":{"allow":["GET"]}}],"collection":[{"href":"https:\/\/dorogimedence.hu\/index.php\/wp-json\/wp\/v2\/posts"}],"about":[{"href":"https:\/\/dorogimedence.hu\/index.php\/wp-json\/wp\/v2\/types\/post"}],"author":[{"embeddable":true,"href":"https:\/\/dorogimedence.hu\/index.php\/wp-json\/wp\/v2\/users\/1"}],"replies":[{"embeddable":true,"href":"https:\/\/dorogimedence.hu\/index.php\/wp-json\/wp\/v2\/comments?post=5404"}],"version-history":[{"count":0,"href":"https:\/\/dorogimedence.hu\/index.php\/wp-json\/wp\/v2\/posts\/5404\/revisions"}],"wp:featuredmedia":[{"embeddable":true,"href":"https:\/\/dorogimedence.hu\/index.php\/wp-json\/wp\/v2\/media\/5405"}],"wp:attachment":[{"href":"https:\/\/dorogimedence.hu\/index.php\/wp-json\/wp\/v2\/media?parent=5404"}],"wp:term":[{"taxonomy":"category","embeddable":true,"href":"https:\/\/dorogimedence.hu\/index.php\/wp-json\/wp\/v2\/categories?post=5404"},{"taxonomy":"post_tag","embeddable":true,"href":"https:\/\/dorogimedence.hu\/index.php\/wp-json\/wp\/v2\/tags?post=5404"}],"curies":[{"name":"wp","href":"https:\/\/api.w.org\/{rel}","templated":true}]}}