{"id":53970,"date":"2023-06-12T08:58:26","date_gmt":"2023-06-12T06:58:26","guid":{"rendered":"https:\/\/dorogimedence.hu\/?p=53970"},"modified":"2023-06-14T13:34:41","modified_gmt":"2023-06-14T11:34:41","slug":"vege-a-kupakgyujtesnek-uresen-maradnak-a-kupakgyujto-szivek","status":"publish","type":"post","link":"https:\/\/dorogimedence.hu\/index.php\/2023\/06\/12\/vege-a-kupakgyujtesnek-uresen-maradnak-a-kupakgyujto-szivek\/","title":{"rendered":"V\u00e9ge a kupakgy\u0171jt\u00e9snek, \u00fcresen maradnak a kupakgy\u0171jt\u0151 sz\u00edvek"},"content":{"rendered":"<p><strong>Egy EU-s rendelet szerint v\u00e1ltoznak az \u00fajrahasznos\u00edt\u00e1si szab\u00e1lyok j\u00fanius v\u00e9g\u00e9n, ami \u00e1ltal befejezik a c\u00e9gek a kupak\u00e1tv\u00e9telt. Kom\u00e1rom-Esztergom v\u00e1rmegy\u00e9ben is rengetegen gy\u0171jt\u00f6tt\u00e9k a kupakokat az erre kihelyezett gy\u0171jt\u0151kben a r\u00e1szorul\u00f3knak.<\/strong><\/p>\n<p>Az adom\u00e1nygy\u0171jt\u00e9s egyik n\u00e9pszer\u0171 m\u00f3dja a kupakgy\u0171jt\u00e9s, mellyel igen lassan, de biztosan p\u00e9nzhez lehetett juttatni azt a szem\u00e9lyt, alap\u00edtv\u00e1nyt, amelyiket ilyen m\u00f3don t\u00e1mogatni k\u00edv\u00e1ntunk. Sok helyen f\u00e9mb\u0151l k\u00e9sz\u00fclt kupakgy\u0171jt\u0151 sz\u00edvekbe (vagy egy\u00e9b form\u00e1j\u00fa t\u00e1rol\u00f3kba) dobhattuk a m\u0171anyagkupakokat. Ennek j\u00faliust\u00f3l v\u00e9ge \u2013 \u00edrja a 24.hu<\/p>\n<p>Az \u00f6sszegy\u0171jt\u00f6tt kupakokat eddig hullad\u00e9kkezel\u0151 c\u00e9gek vett\u00e9k \u00e1t, kil\u00f3nk\u00e9nt \u00e1ltal\u00e1ban 20-80 forint k\u00f6z\u00f6tti \u00e1ron. L\u00e1that\u00f3, hogy nem lehet vele vagyonokat keresni, de van, hogy minden forint sz\u00e1m\u00edt.<\/p>\n<p>2023. j\u00fanius 30-t\u00f3l befejezik ezek a c\u00e9gek a kupak\u00e1tv\u00e9telt, mert egy EU-s szab\u00e1lyoz\u00e1s miatt le sem fog j\u00f6nni a palackokr\u00f3la kupak (t\u00f6bb term\u00e9kn\u00e9l m\u00e1r tapasztalhatjuk ezt), de a feldolgoz\u00e1s m\u00f3dja is v\u00e1ltozni fog. \u00cdgy aki t\u00e1mogat\u00e1st szeretne ny\u00fajtani, m\u00e1s form\u00e1ban kell megtennie azt.<\/p>\n<p><em>Forr\u00e1s: 24.hu<br \/>\nBor\u00edt\u00f3k\u00e9p: illusztr\u00e1ci\u00f3 (kiskelet.hu)<\/em><\/p>\n","protected":false},"excerpt":{"rendered":"<p>Egy EU-s rendelet szerint v\u00e1ltoznak az \u00fajrahasznos\u00edt\u00e1si szab\u00e1lyok j\u00fanius v\u00e9g\u00e9n, ami \u00e1ltal befejezik a c\u00e9gek a kupak\u00e1tv\u00e9telt. Kom\u00e1rom-Esztergom v\u00e1rmegy\u00e9ben is rengetegen gy\u0171jt\u00f6tt\u00e9k a kupakokat az erre kihelyezett gy\u0171jt\u0151kben a r\u00e1szorul\u00f3knak. Az adom\u00e1nygy\u0171jt\u00e9s egyik n\u00e9pszer\u0171 m\u00f3dja a kupakgy\u0171jt\u00e9s, mellyel igen lassan, de biztosan p\u00e9nzhez lehetett juttatni azt a szem\u00e9lyt, alap\u00edtv\u00e1nyt, amelyiket ilyen m\u00f3don t\u00e1mogatni k\u00edv\u00e1ntunk. Sok<\/p>\n","protected":false},"author":1,"featured_media":0,"comment_status":"closed","ping_status":"closed","sticky":false,"template":"","format":"standard","meta":{"ngg_post_thumbnail":0,"footnotes":""},"categories":[3,56],"tags":[5624,6890,6330,7287],"class_list":{"0":"post-53970","1":"post","2":"type-post","3":"status-publish","4":"format-standard","6":"category-hirek","7":"category-komarom-esztergom","8":"tag-featured","9":"tag-komarom-esztergom-varmegye","10":"tag-kupakgyujtes","11":"tag-kupakgyujto-sziv"},"yoast_head":"<!-- This site is optimized with the Yoast SEO plugin v27.4 - https:\/\/yoast.com\/product\/yoast-seo-wordpress\/ -->\n<title>V\u00e9ge a kupakgy\u0171jt\u00e9snek, \u00fcresen maradnak a kupakgy\u0171jt\u0151 sz\u00edvek<\/title>\n<meta name=\"robots\" content=\"index, follow, max-snippet:-1, max-image-preview:large, max-video-preview:-1\" \/>\n<link rel=\"canonical\" href=\"https:\/\/dorogimedence.hu\/index.php\/2023\/06\/12\/vege-a-kupakgyujtesnek-uresen-maradnak-a-kupakgyujto-szivek\/\" class=\"yoast-seo-meta-tag\" \/>\n<meta property=\"og:locale\" content=\"hu_HU\" class=\"yoast-seo-meta-tag\" \/>\n<meta property=\"og:type\" content=\"article\" class=\"yoast-seo-meta-tag\" \/>\n<meta property=\"og:title\" content=\"V\u00e9ge a kupakgy\u0171jt\u00e9snek, \u00fcresen maradnak a kupakgy\u0171jt\u0151 sz\u00edvek\" class=\"yoast-seo-meta-tag\" \/>\n<meta property=\"og:description\" content=\"Egy EU-s rendelet szerint v\u00e1ltoznak az \u00fajrahasznos\u00edt\u00e1si szab\u00e1lyok j\u00fanius v\u00e9g\u00e9n, ami \u00e1ltal befejezik a c\u00e9gek a kupak\u00e1tv\u00e9telt. Kom\u00e1rom-Esztergom v\u00e1rmegy\u00e9ben is rengetegen gy\u0171jt\u00f6tt\u00e9k a kupakokat az erre kihelyezett gy\u0171jt\u0151kben a r\u00e1szorul\u00f3knak. Az adom\u00e1nygy\u0171jt\u00e9s egyik n\u00e9pszer\u0171 m\u00f3dja a kupakgy\u0171jt\u00e9s, mellyel igen lassan, de biztosan p\u00e9nzhez lehetett juttatni azt a szem\u00e9lyt, alap\u00edtv\u00e1nyt, amelyiket ilyen m\u00f3don t\u00e1mogatni k\u00edv\u00e1ntunk. Sok\" class=\"yoast-seo-meta-tag\" \/>\n<meta property=\"og:url\" content=\"https:\/\/dorogimedence.hu\/index.php\/2023\/06\/12\/vege-a-kupakgyujtesnek-uresen-maradnak-a-kupakgyujto-szivek\/\" class=\"yoast-seo-meta-tag\" \/>\n<meta property=\"og:site_name\" content=\"Dorogi-medence Region\u00e1lis H\u00edrport\u00e1l\" class=\"yoast-seo-meta-tag\" \/>\n<meta property=\"article:publisher\" content=\"https:\/\/www.facebook.com\/dorogimedence\/\" class=\"yoast-seo-meta-tag\" \/>\n<meta property=\"article:published_time\" content=\"2023-06-12T06:58:26+00:00\" class=\"yoast-seo-meta-tag\" \/>\n<meta property=\"article:modified_time\" content=\"2023-06-14T11:34:41+00:00\" class=\"yoast-seo-meta-tag\" \/>\n<meta property=\"og:image\" content=\"https:\/\/dorogimedence.hu\/wp-content\/uploads\/2023\/06\/P1120166.jpg\" class=\"yoast-seo-meta-tag\" \/>\n\t<meta property=\"og:image:width\" content=\"1069\" class=\"yoast-seo-meta-tag\" \/>\n\t<meta property=\"og:image:height\" content=\"713\" class=\"yoast-seo-meta-tag\" \/>\n\t<meta property=\"og:image:type\" content=\"image\/jpeg\" class=\"yoast-seo-meta-tag\" \/>\n<meta name=\"author\" content=\"dorogimedence.hu\" class=\"yoast-seo-meta-tag\" \/>\n<meta name=\"twitter:card\" content=\"summary_large_image\" class=\"yoast-seo-meta-tag\" \/>\n<meta name=\"twitter:label1\" content=\"Szerz\u0151:\" class=\"yoast-seo-meta-tag\" \/>\n\t<meta name=\"twitter:data1\" content=\"dorogimedence.hu\" class=\"yoast-seo-meta-tag\" \/>\n\t<meta name=\"twitter:label2\" content=\"Becs\u00fclt olvas\u00e1si id\u0151\" class=\"yoast-seo-meta-tag\" \/>\n\t<meta name=\"twitter:data2\" content=\"1 perc\" class=\"yoast-seo-meta-tag\" \/>\n<script type=\"application\/ld+json\" class=\"yoast-schema-graph\">{\"@context\":\"https:\\\/\\\/schema.org\",\"@graph\":[{\"@type\":\"Article\",\"@id\":\"https:\\\/\\\/dorogimedence.hu\\\/index.php\\\/2023\\\/06\\\/12\\\/vege-a-kupakgyujtesnek-uresen-maradnak-a-kupakgyujto-szivek\\\/#article\",\"isPartOf\":{\"@id\":\"https:\\\/\\\/dorogimedence.hu\\\/index.php\\\/2023\\\/06\\\/12\\\/vege-a-kupakgyujtesnek-uresen-maradnak-a-kupakgyujto-szivek\\\/\"},\"author\":{\"name\":\"dorogimedence.hu\",\"@id\":\"https:\\\/\\\/dorogimedence.hu\\\/#\\\/schema\\\/person\\\/ce6091eeb7e95ecdc87890d6aa8e0fd4\"},\"headline\":\"V\u00e9ge a kupakgy\u0171jt\u00e9snek, \u00fcresen maradnak a kupakgy\u0171jt\u0151 sz\u00edvek\",\"datePublished\":\"2023-06-12T06:58:26+00:00\",\"dateModified\":\"2023-06-14T11:34:41+00:00\",\"mainEntityOfPage\":{\"@id\":\"https:\\\/\\\/dorogimedence.hu\\\/index.php\\\/2023\\\/06\\\/12\\\/vege-a-kupakgyujtesnek-uresen-maradnak-a-kupakgyujto-szivek\\\/\"},\"wordCount\":249,\"publisher\":{\"@id\":\"https:\\\/\\\/dorogimedence.hu\\\/#organization\"},\"keywords\":[\"featured\",\"Kom\u00e1rom-Esztergom v\u00e1rmegye\",\"kupakgy\u0171jt\u00e9s\",\"kupakgy\u0171jt\u0151 sz\u00edv\"],\"articleSection\":[\"H\u00edrek\",\"Kom\u00e1rom-Esztergom\"],\"inLanguage\":\"hu\"},{\"@type\":\"WebPage\",\"@id\":\"https:\\\/\\\/dorogimedence.hu\\\/index.php\\\/2023\\\/06\\\/12\\\/vege-a-kupakgyujtesnek-uresen-maradnak-a-kupakgyujto-szivek\\\/\",\"url\":\"https:\\\/\\\/dorogimedence.hu\\\/index.php\\\/2023\\\/06\\\/12\\\/vege-a-kupakgyujtesnek-uresen-maradnak-a-kupakgyujto-szivek\\\/\",\"name\":\"V\u00e9ge a kupakgy\u0171jt\u00e9snek, \u00fcresen maradnak a kupakgy\u0171jt\u0151 sz\u00edvek\",\"isPartOf\":{\"@id\":\"https:\\\/\\\/dorogimedence.hu\\\/#website\"},\"datePublished\":\"2023-06-12T06:58:26+00:00\",\"dateModified\":\"2023-06-14T11:34:41+00:00\",\"breadcrumb\":{\"@id\":\"https:\\\/\\\/dorogimedence.hu\\\/index.php\\\/2023\\\/06\\\/12\\\/vege-a-kupakgyujtesnek-uresen-maradnak-a-kupakgyujto-szivek\\\/#breadcrumb\"},\"inLanguage\":\"hu\",\"potentialAction\":[{\"@type\":\"ReadAction\",\"target\":[\"https:\\\/\\\/dorogimedence.hu\\\/index.php\\\/2023\\\/06\\\/12\\\/vege-a-kupakgyujtesnek-uresen-maradnak-a-kupakgyujto-szivek\\\/\"]}]},{\"@type\":\"BreadcrumbList\",\"@id\":\"https:\\\/\\\/dorogimedence.hu\\\/index.php\\\/2023\\\/06\\\/12\\\/vege-a-kupakgyujtesnek-uresen-maradnak-a-kupakgyujto-szivek\\\/#breadcrumb\",\"itemListElement\":[{\"@type\":\"ListItem\",\"position\":1,\"name\":\"Kezd\u0151lap\",\"item\":\"https:\\\/\\\/dorogimedence.hu\\\/\"},{\"@type\":\"ListItem\",\"position\":2,\"name\":\"V\u00e9ge a kupakgy\u0171jt\u00e9snek, \u00fcresen maradnak a kupakgy\u0171jt\u0151 sz\u00edvek\"}]},{\"@type\":\"WebSite\",\"@id\":\"https:\\\/\\\/dorogimedence.hu\\\/#website\",\"url\":\"https:\\\/\\\/dorogimedence.hu\\\/\",\"name\":\"Dorogi-medence Region\u00e1lis H\u00edrport\u00e1l\",\"description\":\"Dorog, Keszt\u00f6lc, Le\u00e1nyv\u00e1r, Piliscs\u00e9v, Tokod, Tokodalt\u00e1r\u00f3, Csolnok, Esztergom-kertv\u00e1ros: h\u00edrek, programok\",\"publisher\":{\"@id\":\"https:\\\/\\\/dorogimedence.hu\\\/#organization\"},\"potentialAction\":[{\"@type\":\"SearchAction\",\"target\":{\"@type\":\"EntryPoint\",\"urlTemplate\":\"https:\\\/\\\/dorogimedence.hu\\\/?s={search_term_string}\"},\"query-input\":{\"@type\":\"PropertyValueSpecification\",\"valueRequired\":true,\"valueName\":\"search_term_string\"}}],\"inLanguage\":\"hu\"},{\"@type\":\"Organization\",\"@id\":\"https:\\\/\\\/dorogimedence.hu\\\/#organization\",\"name\":\"Dorogi-medence Region\u00e1lis H\u00edrport\u00e1l\",\"url\":\"https:\\\/\\\/dorogimedence.hu\\\/\",\"logo\":{\"@type\":\"ImageObject\",\"inLanguage\":\"hu\",\"@id\":\"https:\\\/\\\/dorogimedence.hu\\\/#\\\/schema\\\/logo\\\/image\\\/\",\"url\":\"https:\\\/\\\/dorogimedence.hu\\\/wp-content\\\/uploads\\\/2021\\\/04\\\/logo-feher-600.png\",\"contentUrl\":\"https:\\\/\\\/dorogimedence.hu\\\/wp-content\\\/uploads\\\/2021\\\/04\\\/logo-feher-600.png\",\"width\":600,\"height\":100,\"caption\":\"Dorogi-medence Region\u00e1lis H\u00edrport\u00e1l\"},\"image\":{\"@id\":\"https:\\\/\\\/dorogimedence.hu\\\/#\\\/schema\\\/logo\\\/image\\\/\"},\"sameAs\":[\"https:\\\/\\\/www.facebook.com\\\/dorogimedence\\\/\"]},{\"@type\":\"Person\",\"@id\":\"https:\\\/\\\/dorogimedence.hu\\\/#\\\/schema\\\/person\\\/ce6091eeb7e95ecdc87890d6aa8e0fd4\",\"name\":\"dorogimedence.hu\",\"image\":{\"@type\":\"ImageObject\",\"inLanguage\":\"hu\",\"@id\":\"\\\/\\\/www.gravatar.com\\\/avatar\\\/d8d45f8901aadff40a4af72c0b826f1d?s=96&#038;r=g&#038;d=mm\",\"url\":\"\\\/\\\/www.gravatar.com\\\/avatar\\\/d8d45f8901aadff40a4af72c0b826f1d?s=96&#038;r=g&#038;d=mm\",\"contentUrl\":\"\\\/\\\/www.gravatar.com\\\/avatar\\\/d8d45f8901aadff40a4af72c0b826f1d?s=96&#038;r=g&#038;d=mm\",\"caption\":\"dorogimedence.hu\"}}]}<\/script>\n<!-- \/ Yoast SEO plugin. -->","yoast_head_json":{"title":"V\u00e9ge a kupakgy\u0171jt\u00e9snek, \u00fcresen maradnak a kupakgy\u0171jt\u0151 sz\u00edvek","robots":{"index":"index","follow":"follow","max-snippet":"max-snippet:-1","max-image-preview":"max-image-preview:large","max-video-preview":"max-video-preview:-1"},"canonical":"https:\/\/dorogimedence.hu\/index.php\/2023\/06\/12\/vege-a-kupakgyujtesnek-uresen-maradnak-a-kupakgyujto-szivek\/","og_locale":"hu_HU","og_type":"article","og_title":"V\u00e9ge a kupakgy\u0171jt\u00e9snek, \u00fcresen maradnak a kupakgy\u0171jt\u0151 sz\u00edvek","og_description":"Egy EU-s rendelet szerint v\u00e1ltoznak az \u00fajrahasznos\u00edt\u00e1si szab\u00e1lyok j\u00fanius v\u00e9g\u00e9n, ami \u00e1ltal befejezik a c\u00e9gek a kupak\u00e1tv\u00e9telt. Kom\u00e1rom-Esztergom v\u00e1rmegy\u00e9ben is rengetegen gy\u0171jt\u00f6tt\u00e9k a kupakokat az erre kihelyezett gy\u0171jt\u0151kben a r\u00e1szorul\u00f3knak. Az adom\u00e1nygy\u0171jt\u00e9s egyik n\u00e9pszer\u0171 m\u00f3dja a kupakgy\u0171jt\u00e9s, mellyel igen lassan, de biztosan p\u00e9nzhez lehetett juttatni azt a szem\u00e9lyt, alap\u00edtv\u00e1nyt, amelyiket ilyen m\u00f3don t\u00e1mogatni k\u00edv\u00e1ntunk. Sok","og_url":"https:\/\/dorogimedence.hu\/index.php\/2023\/06\/12\/vege-a-kupakgyujtesnek-uresen-maradnak-a-kupakgyujto-szivek\/","og_site_name":"Dorogi-medence Region\u00e1lis H\u00edrport\u00e1l","article_publisher":"https:\/\/www.facebook.com\/dorogimedence\/","article_published_time":"2023-06-12T06:58:26+00:00","article_modified_time":"2023-06-14T11:34:41+00:00","og_image":[{"width":1069,"height":713,"url":"https:\/\/dorogimedence.hu\/wp-content\/uploads\/2023\/06\/P1120166.jpg","type":"image\/jpeg"}],"author":"dorogimedence.hu","twitter_card":"summary_large_image","twitter_misc":{"Szerz\u0151:":"dorogimedence.hu","Becs\u00fclt olvas\u00e1si id\u0151":"1 perc"},"schema":{"@context":"https:\/\/schema.org","@graph":[{"@type":"Article","@id":"https:\/\/dorogimedence.hu\/index.php\/2023\/06\/12\/vege-a-kupakgyujtesnek-uresen-maradnak-a-kupakgyujto-szivek\/#article","isPartOf":{"@id":"https:\/\/dorogimedence.hu\/index.php\/2023\/06\/12\/vege-a-kupakgyujtesnek-uresen-maradnak-a-kupakgyujto-szivek\/"},"author":{"name":"dorogimedence.hu","@id":"https:\/\/dorogimedence.hu\/#\/schema\/person\/ce6091eeb7e95ecdc87890d6aa8e0fd4"},"headline":"V\u00e9ge a kupakgy\u0171jt\u00e9snek, \u00fcresen maradnak a kupakgy\u0171jt\u0151 sz\u00edvek","datePublished":"2023-06-12T06:58:26+00:00","dateModified":"2023-06-14T11:34:41+00:00","mainEntityOfPage":{"@id":"https:\/\/dorogimedence.hu\/index.php\/2023\/06\/12\/vege-a-kupakgyujtesnek-uresen-maradnak-a-kupakgyujto-szivek\/"},"wordCount":249,"publisher":{"@id":"https:\/\/dorogimedence.hu\/#organization"},"keywords":["featured","Kom\u00e1rom-Esztergom v\u00e1rmegye","kupakgy\u0171jt\u00e9s","kupakgy\u0171jt\u0151 sz\u00edv"],"articleSection":["H\u00edrek","Kom\u00e1rom-Esztergom"],"inLanguage":"hu"},{"@type":"WebPage","@id":"https:\/\/dorogimedence.hu\/index.php\/2023\/06\/12\/vege-a-kupakgyujtesnek-uresen-maradnak-a-kupakgyujto-szivek\/","url":"https:\/\/dorogimedence.hu\/index.php\/2023\/06\/12\/vege-a-kupakgyujtesnek-uresen-maradnak-a-kupakgyujto-szivek\/","name":"V\u00e9ge a kupakgy\u0171jt\u00e9snek, \u00fcresen maradnak a kupakgy\u0171jt\u0151 sz\u00edvek","isPartOf":{"@id":"https:\/\/dorogimedence.hu\/#website"},"datePublished":"2023-06-12T06:58:26+00:00","dateModified":"2023-06-14T11:34:41+00:00","breadcrumb":{"@id":"https:\/\/dorogimedence.hu\/index.php\/2023\/06\/12\/vege-a-kupakgyujtesnek-uresen-maradnak-a-kupakgyujto-szivek\/#breadcrumb"},"inLanguage":"hu","potentialAction":[{"@type":"ReadAction","target":["https:\/\/dorogimedence.hu\/index.php\/2023\/06\/12\/vege-a-kupakgyujtesnek-uresen-maradnak-a-kupakgyujto-szivek\/"]}]},{"@type":"BreadcrumbList","@id":"https:\/\/dorogimedence.hu\/index.php\/2023\/06\/12\/vege-a-kupakgyujtesnek-uresen-maradnak-a-kupakgyujto-szivek\/#breadcrumb","itemListElement":[{"@type":"ListItem","position":1,"name":"Kezd\u0151lap","item":"https:\/\/dorogimedence.hu\/"},{"@type":"ListItem","position":2,"name":"V\u00e9ge a kupakgy\u0171jt\u00e9snek, \u00fcresen maradnak a kupakgy\u0171jt\u0151 sz\u00edvek"}]},{"@type":"WebSite","@id":"https:\/\/dorogimedence.hu\/#website","url":"https:\/\/dorogimedence.hu\/","name":"Dorogi-medence Region\u00e1lis H\u00edrport\u00e1l","description":"Dorog, Keszt\u00f6lc, Le\u00e1nyv\u00e1r, Piliscs\u00e9v, Tokod, Tokodalt\u00e1r\u00f3, Csolnok, Esztergom-kertv\u00e1ros: h\u00edrek, programok","publisher":{"@id":"https:\/\/dorogimedence.hu\/#organization"},"potentialAction":[{"@type":"SearchAction","target":{"@type":"EntryPoint","urlTemplate":"https:\/\/dorogimedence.hu\/?s={search_term_string}"},"query-input":{"@type":"PropertyValueSpecification","valueRequired":true,"valueName":"search_term_string"}}],"inLanguage":"hu"},{"@type":"Organization","@id":"https:\/\/dorogimedence.hu\/#organization","name":"Dorogi-medence Region\u00e1lis H\u00edrport\u00e1l","url":"https:\/\/dorogimedence.hu\/","logo":{"@type":"ImageObject","inLanguage":"hu","@id":"https:\/\/dorogimedence.hu\/#\/schema\/logo\/image\/","url":"https:\/\/dorogimedence.hu\/wp-content\/uploads\/2021\/04\/logo-feher-600.png","contentUrl":"https:\/\/dorogimedence.hu\/wp-content\/uploads\/2021\/04\/logo-feher-600.png","width":600,"height":100,"caption":"Dorogi-medence Region\u00e1lis H\u00edrport\u00e1l"},"image":{"@id":"https:\/\/dorogimedence.hu\/#\/schema\/logo\/image\/"},"sameAs":["https:\/\/www.facebook.com\/dorogimedence\/"]},{"@type":"Person","@id":"https:\/\/dorogimedence.hu\/#\/schema\/person\/ce6091eeb7e95ecdc87890d6aa8e0fd4","name":"dorogimedence.hu","image":{"@type":"ImageObject","inLanguage":"hu","@id":"\/\/www.gravatar.com\/avatar\/d8d45f8901aadff40a4af72c0b826f1d?s=96&#038;r=g&#038;d=mm","url":"\/\/www.gravatar.com\/avatar\/d8d45f8901aadff40a4af72c0b826f1d?s=96&#038;r=g&#038;d=mm","contentUrl":"\/\/www.gravatar.com\/avatar\/d8d45f8901aadff40a4af72c0b826f1d?s=96&#038;r=g&#038;d=mm","caption":"dorogimedence.hu"}}]}},"_links":{"self":[{"href":"https:\/\/dorogimedence.hu\/index.php\/wp-json\/wp\/v2\/posts\/53970","targetHints":{"allow":["GET"]}}],"collection":[{"href":"https:\/\/dorogimedence.hu\/index.php\/wp-json\/wp\/v2\/posts"}],"about":[{"href":"https:\/\/dorogimedence.hu\/index.php\/wp-json\/wp\/v2\/types\/post"}],"author":[{"embeddable":true,"href":"https:\/\/dorogimedence.hu\/index.php\/wp-json\/wp\/v2\/users\/1"}],"replies":[{"embeddable":true,"href":"https:\/\/dorogimedence.hu\/index.php\/wp-json\/wp\/v2\/comments?post=53970"}],"version-history":[{"count":0,"href":"https:\/\/dorogimedence.hu\/index.php\/wp-json\/wp\/v2\/posts\/53970\/revisions"}],"wp:attachment":[{"href":"https:\/\/dorogimedence.hu\/index.php\/wp-json\/wp\/v2\/media?parent=53970"}],"wp:term":[{"taxonomy":"category","embeddable":true,"href":"https:\/\/dorogimedence.hu\/index.php\/wp-json\/wp\/v2\/categories?post=53970"},{"taxonomy":"post_tag","embeddable":true,"href":"https:\/\/dorogimedence.hu\/index.php\/wp-json\/wp\/v2\/tags?post=53970"}],"curies":[{"name":"wp","href":"https:\/\/api.w.org\/{rel}","templated":true}]}}