{"id":53926,"date":"2023-06-09T07:03:53","date_gmt":"2023-06-09T05:03:53","guid":{"rendered":"https:\/\/dorogimedence.hu\/?p=53926"},"modified":"2023-06-09T07:03:53","modified_gmt":"2023-06-09T05:03:53","slug":"komplex-beruhazas-megvalositasa-a-dorogi-steyrer-sped-kft-nel","status":"publish","type":"post","link":"https:\/\/dorogimedence.hu\/index.php\/2023\/06\/09\/komplex-beruhazas-megvalositasa-a-dorogi-steyrer-sped-kft-nel\/","title":{"rendered":"Komplex beruh\u00e1z\u00e1s megval\u00f3s\u00edt\u00e1sa a dorogi STEYRER-SPED Kft-n\u00e9l"},"content":{"rendered":"<p><strong>A STEYRER-SPED Fuvaroz\u00f3 \u00e9s Szolg\u00e1ltat\u00f3 Kft. egy uni\u00f3s t\u00e1mogatott projekt keret\u00e9ben 54,77 milli\u00f3 Forint felt\u00e9telesen visszat\u00e9r\u00edtend\u0151 t\u00e1mogat\u00e1st nyert el. A projekt k\u00f6lts\u00e9gvet\u00e9se az Eur\u00f3pai Region\u00e1lis Fejleszt\u00e9si Alapb\u00f3l \u00e9s hazai k\u00f6zponti k\u00f6lts\u00e9gvet\u00e9si el\u0151ir\u00e1nyzatb\u00f3l ker\u00fcl finansz\u00edroz\u00e1sra. A projekt keret\u00e9ben a v\u00e1llalkoz\u00e1s technol\u00f3giai fejleszt\u00e9st hajt v\u00e9gre \u00e9p\u00edt\u00e9ssel, valamint eszk\u00f6z\u00f6k beszerz\u00e9s\u00e9vel.<\/strong><\/p>\n<p>A STEYRER-SPED Fuvaroz\u00f3 \u00e9s Szolg\u00e1ltat\u00f3 Kft. a GINOP Plusz-1.2.1-21 k\u00f3dsz\u00e1m\u00fa, a mikro, kis- \u00e9s k\u00f6z\u00e9pv\u00e1llalkoz\u00e1sok modern \u00fczleti \u00e9s termel\u00e9si kih\u00edv\u00e1sokhoz val\u00f3 alkalmazkod\u00e1s\u00e1t seg\u00edt\u0151 fejleszt\u00e9sek t\u00e1mogat\u00e1sa c\u00edm\u0171 projekt keret\u00e9ben a 3571 Als\u00f3zsolca, Gy\u00e1r utca 2200\/30. hrsz. \u00e9s a 2510 Dorog, Csolnoki \u00fat 20., hrsz.: 2302\/1 alatti telephely\u00e9n \u00e9e sz\u00e9khely\u00e9n technol\u00f3giai fejleszt\u00e9seket val\u00f3s\u00edt meg. A projekt tartalma a v\u00e1llalkoz\u00e1s G\u00e9pj\u00e1rm\u0171jav\u00edt\u00e1s,- karbantart\u00e1s \u00e9s Rakt\u00e1roz\u00e1s, t\u00e1rol\u00e1s tev\u00e9kenys\u00e9g\u00e9nek fejleszt\u00e9s\u00e9hez j\u00e1rul hozz\u00e1. A projekt a Sz\u00e9chenyi Terv Plusz program keret\u00e9ben val\u00f3sul meg, 54,77 milli\u00f3 forint eur\u00f3pai uni\u00f3s felt\u00e9telesen visszat\u00e9r\u00edtend\u0151 t\u00e1mogat\u00e1s seg\u00edts\u00e9g\u00e9vel. A projekt fizikai befejez\u00e9s\u00e9nek tervezett napja: 2023.08.31<\/p>\n<p>A fejleszt\u00e9s keret\u00e9ben Dorogon, a v\u00e1llalkoz\u00e1s sz\u00e9khely\u00e9n infrastruktur\u00e1lis, valamint inform\u00e1ci\u00f3s technol\u00f3gia-fejleszt\u00e9st hajt v\u00e9gre a v\u00e1llalkoz\u00e1s, illetve ezeken t\u00falmen\u0151en eszk\u00f6zbeszerz\u00e9seket is. A STEYRER-SPED Kft. als\u00f3zsolcai fi\u00f3ktelep\u00e9n, mely jelenleg \u00fcres, ny\u00edlt ter\u00fclet, 6000 m2-en z\u00fazal\u00e9kos parkol\u00f3, valamint 3D t\u00e1bl\u00e1s ker\u00edt\u00e9s 550 m\u00e9teren ker\u00fcl meg\u00e9p\u00edt\u00e9sre 1 db \u00fasz\u00f3kapuval, illetve \u0150rz\u0151-v\u00e9d\u0151 rendszer (kamerarendszer) ker\u00fcl elhelyez\u00e9sre.&nbsp; Mindezeken t\u00falmen\u0151en 1 f\u0151 munkav\u00e1llal\u00f3 k\u00e9pz\u00e9se \u00e9s v\u00e1llalati tan\u00e1csad\u00e1s is megval\u00f3sul a projekt keret\u00e9ben.<\/p>\n<p>A beruh\u00e1z\u00e1s megval\u00f3s\u00edt\u00e1s\u00e1val, a fejleszt\u00e9s eredm\u00e9nyek\u00e9nt a Kft. c\u00e9lja a v\u00e1llalkoz\u00e1s versenyk\u00e9pess\u00e9g\u00e9nek fokoz\u00e1sa, a k\u00f6lts\u00e9gek cs\u00f6kkent\u00e9se, az \u00e1rbev\u00e9tel n\u00f6vel\u00e9se, a jelenlegi munkav\u00e1llal\u00f3i l\u00e9tsz\u00e1m megtart\u00e1sa, valamint a folyamatos fejl\u0151d\u00e9s, \u00e9s a megrendel\u0151k min\u00e9l jobb kiszolg\u00e1l\u00e1sa.<\/p>\n<p>A projektr\u0151l \u00e9s v\u00e1llalkoz\u00e1sr\u00f3l b\u0151vebb inform\u00e1ci\u00f3t a <a href=\"http:\/\/steyrer.hu\/\" target=\"_blank\" rel=\"noopener\"><span style=\"text-decoration: underline; color: #0000ff;\">http:\/\/steyrer.hu\/<\/span><\/a> oldalon olvashatnak.<\/p>\n<p><img fetchpriority=\"high\" decoding=\"async\" class=\"alignnone size-full wp-image-53928\" src=\"https:\/\/dorogimedence.hu\/wp-content\/uploads\/2023\/06\/264ujabb-projektinditoSzT.png\" alt=\"\" width=\"1100\" height=\"340\" srcset=\"https:\/\/dorogimedence.hu\/wp-content\/uploads\/2023\/06\/264ujabb-projektinditoSzT.png 1100w, https:\/\/dorogimedence.hu\/wp-content\/uploads\/2023\/06\/264ujabb-projektinditoSzT-600x185.png 600w, https:\/\/dorogimedence.hu\/wp-content\/uploads\/2023\/06\/264ujabb-projektinditoSzT-768x237.png 768w, https:\/\/dorogimedence.hu\/wp-content\/uploads\/2023\/06\/264ujabb-projektinditoSzT-150x46.png 150w, https:\/\/dorogimedence.hu\/wp-content\/uploads\/2023\/06\/264ujabb-projektinditoSzT-450x139.png 450w\" sizes=\"(max-width: 1100px) 100vw, 1100px\" \/><\/p>\n","protected":false},"excerpt":{"rendered":"<p>A STEYRER-SPED Fuvaroz\u00f3 \u00e9s Szolg\u00e1ltat\u00f3 Kft. egy uni\u00f3s t\u00e1mogatott projekt keret\u00e9ben 54,77 milli\u00f3 Forint felt\u00e9telesen visszat\u00e9r\u00edtend\u0151 t\u00e1mogat\u00e1st nyert el. A projekt k\u00f6lts\u00e9gvet\u00e9se az Eur\u00f3pai Region\u00e1lis Fejleszt\u00e9si Alapb\u00f3l \u00e9s hazai k\u00f6zponti k\u00f6lts\u00e9gvet\u00e9si el\u0151ir\u00e1nyzatb\u00f3l ker\u00fcl finansz\u00edroz\u00e1sra. A projekt keret\u00e9ben a v\u00e1llalkoz\u00e1s technol\u00f3giai fejleszt\u00e9st hajt v\u00e9gre \u00e9p\u00edt\u00e9ssel, valamint eszk\u00f6z\u00f6k beszerz\u00e9s\u00e9vel. A STEYRER-SPED Fuvaroz\u00f3 \u00e9s Szolg\u00e1ltat\u00f3 Kft. a GINOP<\/p>\n","protected":false},"author":1,"featured_media":53929,"comment_status":"closed","ping_status":"closed","sticky":false,"template":"","format":"standard","meta":{"ngg_post_thumbnail":0,"footnotes":""},"categories":[2,3],"tags":[15,74,7283],"class_list":{"0":"post-53926","1":"post","2":"type-post","3":"status-publish","4":"format-standard","5":"has-post-thumbnail","7":"category-dorog","8":"category-hirek","9":"tag-dorog","10":"tag-palyazat","11":"tag-steyrer-sped-kft"},"yoast_head":"<!-- This site is optimized with the Yoast SEO plugin v27.4 - https:\/\/yoast.com\/product\/yoast-seo-wordpress\/ -->\n<title>Komplex beruh\u00e1z\u00e1s megval\u00f3s\u00edt\u00e1sa a dorogi STEYRER-SPED Kft-n\u00e9l<\/title>\n<meta name=\"robots\" content=\"index, follow, max-snippet:-1, max-image-preview:large, max-video-preview:-1\" \/>\n<link rel=\"canonical\" href=\"https:\/\/dorogimedence.hu\/index.php\/2023\/06\/09\/komplex-beruhazas-megvalositasa-a-dorogi-steyrer-sped-kft-nel\/\" class=\"yoast-seo-meta-tag\" \/>\n<meta property=\"og:locale\" content=\"hu_HU\" class=\"yoast-seo-meta-tag\" \/>\n<meta property=\"og:type\" content=\"article\" class=\"yoast-seo-meta-tag\" \/>\n<meta property=\"og:title\" content=\"Komplex beruh\u00e1z\u00e1s megval\u00f3s\u00edt\u00e1sa a dorogi STEYRER-SPED Kft-n\u00e9l\" class=\"yoast-seo-meta-tag\" \/>\n<meta property=\"og:description\" content=\"A STEYRER-SPED Fuvaroz\u00f3 \u00e9s Szolg\u00e1ltat\u00f3 Kft. egy uni\u00f3s t\u00e1mogatott projekt keret\u00e9ben 54,77 milli\u00f3 Forint felt\u00e9telesen visszat\u00e9r\u00edtend\u0151 t\u00e1mogat\u00e1st nyert el. A projekt k\u00f6lts\u00e9gvet\u00e9se az Eur\u00f3pai Region\u00e1lis Fejleszt\u00e9si Alapb\u00f3l \u00e9s hazai k\u00f6zponti k\u00f6lts\u00e9gvet\u00e9si el\u0151ir\u00e1nyzatb\u00f3l ker\u00fcl finansz\u00edroz\u00e1sra. A projekt keret\u00e9ben a v\u00e1llalkoz\u00e1s technol\u00f3giai fejleszt\u00e9st hajt v\u00e9gre \u00e9p\u00edt\u00e9ssel, valamint eszk\u00f6z\u00f6k beszerz\u00e9s\u00e9vel. A STEYRER-SPED Fuvaroz\u00f3 \u00e9s Szolg\u00e1ltat\u00f3 Kft. a GINOP\" class=\"yoast-seo-meta-tag\" \/>\n<meta property=\"og:url\" content=\"https:\/\/dorogimedence.hu\/index.php\/2023\/06\/09\/komplex-beruhazas-megvalositasa-a-dorogi-steyrer-sped-kft-nel\/\" class=\"yoast-seo-meta-tag\" \/>\n<meta property=\"og:site_name\" content=\"Dorogi-medence Region\u00e1lis H\u00edrport\u00e1l\" class=\"yoast-seo-meta-tag\" \/>\n<meta property=\"article:publisher\" content=\"https:\/\/www.facebook.com\/dorogimedence\/\" class=\"yoast-seo-meta-tag\" \/>\n<meta property=\"article:published_time\" content=\"2023-06-09T05:03:53+00:00\" class=\"yoast-seo-meta-tag\" \/>\n<meta property=\"og:image\" content=\"https:\/\/dorogimedence.hu\/wp-content\/uploads\/2023\/06\/steyer-sped.jpg\" class=\"yoast-seo-meta-tag\" \/>\n\t<meta property=\"og:image:width\" content=\"1920\" class=\"yoast-seo-meta-tag\" \/>\n\t<meta property=\"og:image:height\" content=\"970\" class=\"yoast-seo-meta-tag\" \/>\n\t<meta property=\"og:image:type\" content=\"image\/jpeg\" class=\"yoast-seo-meta-tag\" \/>\n<meta name=\"author\" content=\"dorogimedence.hu\" class=\"yoast-seo-meta-tag\" \/>\n<meta name=\"twitter:card\" content=\"summary_large_image\" class=\"yoast-seo-meta-tag\" \/>\n<meta name=\"twitter:label1\" content=\"Szerz\u0151:\" class=\"yoast-seo-meta-tag\" \/>\n\t<meta name=\"twitter:data1\" content=\"dorogimedence.hu\" class=\"yoast-seo-meta-tag\" \/>\n\t<meta name=\"twitter:label2\" content=\"Becs\u00fclt olvas\u00e1si id\u0151\" class=\"yoast-seo-meta-tag\" \/>\n\t<meta name=\"twitter:data2\" content=\"2 perc\" class=\"yoast-seo-meta-tag\" \/>\n<script type=\"application\/ld+json\" class=\"yoast-schema-graph\">{\"@context\":\"https:\\\/\\\/schema.org\",\"@graph\":[{\"@type\":\"Article\",\"@id\":\"https:\\\/\\\/dorogimedence.hu\\\/index.php\\\/2023\\\/06\\\/09\\\/komplex-beruhazas-megvalositasa-a-dorogi-steyrer-sped-kft-nel\\\/#article\",\"isPartOf\":{\"@id\":\"https:\\\/\\\/dorogimedence.hu\\\/index.php\\\/2023\\\/06\\\/09\\\/komplex-beruhazas-megvalositasa-a-dorogi-steyrer-sped-kft-nel\\\/\"},\"author\":{\"name\":\"dorogimedence.hu\",\"@id\":\"https:\\\/\\\/dorogimedence.hu\\\/#\\\/schema\\\/person\\\/ce6091eeb7e95ecdc87890d6aa8e0fd4\"},\"headline\":\"Komplex beruh\u00e1z\u00e1s megval\u00f3s\u00edt\u00e1sa a dorogi STEYRER-SPED Kft-n\u00e9l\",\"datePublished\":\"2023-06-09T05:03:53+00:00\",\"mainEntityOfPage\":{\"@id\":\"https:\\\/\\\/dorogimedence.hu\\\/index.php\\\/2023\\\/06\\\/09\\\/komplex-beruhazas-megvalositasa-a-dorogi-steyrer-sped-kft-nel\\\/\"},\"wordCount\":443,\"publisher\":{\"@id\":\"https:\\\/\\\/dorogimedence.hu\\\/#organization\"},\"image\":{\"@id\":\"https:\\\/\\\/dorogimedence.hu\\\/index.php\\\/2023\\\/06\\\/09\\\/komplex-beruhazas-megvalositasa-a-dorogi-steyrer-sped-kft-nel\\\/#primaryimage\"},\"thumbnailUrl\":\"https:\\\/\\\/dorogimedence.hu\\\/wp-content\\\/uploads\\\/2023\\\/06\\\/steyer-sped.jpg\",\"keywords\":[\"Dorog\",\"p\u00e1ly\u00e1zat\",\"STEYRER-SPED Kft\"],\"articleSection\":[\"Dorog\",\"H\u00edrek\"],\"inLanguage\":\"hu\"},{\"@type\":\"WebPage\",\"@id\":\"https:\\\/\\\/dorogimedence.hu\\\/index.php\\\/2023\\\/06\\\/09\\\/komplex-beruhazas-megvalositasa-a-dorogi-steyrer-sped-kft-nel\\\/\",\"url\":\"https:\\\/\\\/dorogimedence.hu\\\/index.php\\\/2023\\\/06\\\/09\\\/komplex-beruhazas-megvalositasa-a-dorogi-steyrer-sped-kft-nel\\\/\",\"name\":\"Komplex beruh\u00e1z\u00e1s megval\u00f3s\u00edt\u00e1sa a dorogi STEYRER-SPED Kft-n\u00e9l\",\"isPartOf\":{\"@id\":\"https:\\\/\\\/dorogimedence.hu\\\/#website\"},\"primaryImageOfPage\":{\"@id\":\"https:\\\/\\\/dorogimedence.hu\\\/index.php\\\/2023\\\/06\\\/09\\\/komplex-beruhazas-megvalositasa-a-dorogi-steyrer-sped-kft-nel\\\/#primaryimage\"},\"image\":{\"@id\":\"https:\\\/\\\/dorogimedence.hu\\\/index.php\\\/2023\\\/06\\\/09\\\/komplex-beruhazas-megvalositasa-a-dorogi-steyrer-sped-kft-nel\\\/#primaryimage\"},\"thumbnailUrl\":\"https:\\\/\\\/dorogimedence.hu\\\/wp-content\\\/uploads\\\/2023\\\/06\\\/steyer-sped.jpg\",\"datePublished\":\"2023-06-09T05:03:53+00:00\",\"breadcrumb\":{\"@id\":\"https:\\\/\\\/dorogimedence.hu\\\/index.php\\\/2023\\\/06\\\/09\\\/komplex-beruhazas-megvalositasa-a-dorogi-steyrer-sped-kft-nel\\\/#breadcrumb\"},\"inLanguage\":\"hu\",\"potentialAction\":[{\"@type\":\"ReadAction\",\"target\":[\"https:\\\/\\\/dorogimedence.hu\\\/index.php\\\/2023\\\/06\\\/09\\\/komplex-beruhazas-megvalositasa-a-dorogi-steyrer-sped-kft-nel\\\/\"]}]},{\"@type\":\"ImageObject\",\"inLanguage\":\"hu\",\"@id\":\"https:\\\/\\\/dorogimedence.hu\\\/index.php\\\/2023\\\/06\\\/09\\\/komplex-beruhazas-megvalositasa-a-dorogi-steyrer-sped-kft-nel\\\/#primaryimage\",\"url\":\"https:\\\/\\\/dorogimedence.hu\\\/wp-content\\\/uploads\\\/2023\\\/06\\\/steyer-sped.jpg\",\"contentUrl\":\"https:\\\/\\\/dorogimedence.hu\\\/wp-content\\\/uploads\\\/2023\\\/06\\\/steyer-sped.jpg\",\"width\":1920,\"height\":970},{\"@type\":\"BreadcrumbList\",\"@id\":\"https:\\\/\\\/dorogimedence.hu\\\/index.php\\\/2023\\\/06\\\/09\\\/komplex-beruhazas-megvalositasa-a-dorogi-steyrer-sped-kft-nel\\\/#breadcrumb\",\"itemListElement\":[{\"@type\":\"ListItem\",\"position\":1,\"name\":\"Kezd\u0151lap\",\"item\":\"https:\\\/\\\/dorogimedence.hu\\\/\"},{\"@type\":\"ListItem\",\"position\":2,\"name\":\"Komplex beruh\u00e1z\u00e1s megval\u00f3s\u00edt\u00e1sa a dorogi STEYRER-SPED Kft-n\u00e9l\"}]},{\"@type\":\"WebSite\",\"@id\":\"https:\\\/\\\/dorogimedence.hu\\\/#website\",\"url\":\"https:\\\/\\\/dorogimedence.hu\\\/\",\"name\":\"Dorogi-medence Region\u00e1lis H\u00edrport\u00e1l\",\"description\":\"Dorog, Keszt\u00f6lc, Le\u00e1nyv\u00e1r, Piliscs\u00e9v, Tokod, Tokodalt\u00e1r\u00f3, Csolnok, Esztergom-kertv\u00e1ros: h\u00edrek, programok\",\"publisher\":{\"@id\":\"https:\\\/\\\/dorogimedence.hu\\\/#organization\"},\"potentialAction\":[{\"@type\":\"SearchAction\",\"target\":{\"@type\":\"EntryPoint\",\"urlTemplate\":\"https:\\\/\\\/dorogimedence.hu\\\/?s={search_term_string}\"},\"query-input\":{\"@type\":\"PropertyValueSpecification\",\"valueRequired\":true,\"valueName\":\"search_term_string\"}}],\"inLanguage\":\"hu\"},{\"@type\":\"Organization\",\"@id\":\"https:\\\/\\\/dorogimedence.hu\\\/#organization\",\"name\":\"Dorogi-medence Region\u00e1lis H\u00edrport\u00e1l\",\"url\":\"https:\\\/\\\/dorogimedence.hu\\\/\",\"logo\":{\"@type\":\"ImageObject\",\"inLanguage\":\"hu\",\"@id\":\"https:\\\/\\\/dorogimedence.hu\\\/#\\\/schema\\\/logo\\\/image\\\/\",\"url\":\"https:\\\/\\\/dorogimedence.hu\\\/wp-content\\\/uploads\\\/2021\\\/04\\\/logo-feher-600.png\",\"contentUrl\":\"https:\\\/\\\/dorogimedence.hu\\\/wp-content\\\/uploads\\\/2021\\\/04\\\/logo-feher-600.png\",\"width\":600,\"height\":100,\"caption\":\"Dorogi-medence Region\u00e1lis H\u00edrport\u00e1l\"},\"image\":{\"@id\":\"https:\\\/\\\/dorogimedence.hu\\\/#\\\/schema\\\/logo\\\/image\\\/\"},\"sameAs\":[\"https:\\\/\\\/www.facebook.com\\\/dorogimedence\\\/\"]},{\"@type\":\"Person\",\"@id\":\"https:\\\/\\\/dorogimedence.hu\\\/#\\\/schema\\\/person\\\/ce6091eeb7e95ecdc87890d6aa8e0fd4\",\"name\":\"dorogimedence.hu\",\"image\":{\"@type\":\"ImageObject\",\"inLanguage\":\"hu\",\"@id\":\"\\\/\\\/www.gravatar.com\\\/avatar\\\/d8d45f8901aadff40a4af72c0b826f1d?s=96&#038;r=g&#038;d=mm\",\"url\":\"\\\/\\\/www.gravatar.com\\\/avatar\\\/d8d45f8901aadff40a4af72c0b826f1d?s=96&#038;r=g&#038;d=mm\",\"contentUrl\":\"\\\/\\\/www.gravatar.com\\\/avatar\\\/d8d45f8901aadff40a4af72c0b826f1d?s=96&#038;r=g&#038;d=mm\",\"caption\":\"dorogimedence.hu\"}}]}<\/script>\n<!-- \/ Yoast SEO plugin. -->","yoast_head_json":{"title":"Komplex beruh\u00e1z\u00e1s megval\u00f3s\u00edt\u00e1sa a dorogi STEYRER-SPED Kft-n\u00e9l","robots":{"index":"index","follow":"follow","max-snippet":"max-snippet:-1","max-image-preview":"max-image-preview:large","max-video-preview":"max-video-preview:-1"},"canonical":"https:\/\/dorogimedence.hu\/index.php\/2023\/06\/09\/komplex-beruhazas-megvalositasa-a-dorogi-steyrer-sped-kft-nel\/","og_locale":"hu_HU","og_type":"article","og_title":"Komplex beruh\u00e1z\u00e1s megval\u00f3s\u00edt\u00e1sa a dorogi STEYRER-SPED Kft-n\u00e9l","og_description":"A STEYRER-SPED Fuvaroz\u00f3 \u00e9s Szolg\u00e1ltat\u00f3 Kft. egy uni\u00f3s t\u00e1mogatott projekt keret\u00e9ben 54,77 milli\u00f3 Forint felt\u00e9telesen visszat\u00e9r\u00edtend\u0151 t\u00e1mogat\u00e1st nyert el. A projekt k\u00f6lts\u00e9gvet\u00e9se az Eur\u00f3pai Region\u00e1lis Fejleszt\u00e9si Alapb\u00f3l \u00e9s hazai k\u00f6zponti k\u00f6lts\u00e9gvet\u00e9si el\u0151ir\u00e1nyzatb\u00f3l ker\u00fcl finansz\u00edroz\u00e1sra. A projekt keret\u00e9ben a v\u00e1llalkoz\u00e1s technol\u00f3giai fejleszt\u00e9st hajt v\u00e9gre \u00e9p\u00edt\u00e9ssel, valamint eszk\u00f6z\u00f6k beszerz\u00e9s\u00e9vel. A STEYRER-SPED Fuvaroz\u00f3 \u00e9s Szolg\u00e1ltat\u00f3 Kft. a GINOP","og_url":"https:\/\/dorogimedence.hu\/index.php\/2023\/06\/09\/komplex-beruhazas-megvalositasa-a-dorogi-steyrer-sped-kft-nel\/","og_site_name":"Dorogi-medence Region\u00e1lis H\u00edrport\u00e1l","article_publisher":"https:\/\/www.facebook.com\/dorogimedence\/","article_published_time":"2023-06-09T05:03:53+00:00","og_image":[{"width":1920,"height":970,"url":"https:\/\/dorogimedence.hu\/wp-content\/uploads\/2023\/06\/steyer-sped.jpg","type":"image\/jpeg"}],"author":"dorogimedence.hu","twitter_card":"summary_large_image","twitter_misc":{"Szerz\u0151:":"dorogimedence.hu","Becs\u00fclt olvas\u00e1si id\u0151":"2 perc"},"schema":{"@context":"https:\/\/schema.org","@graph":[{"@type":"Article","@id":"https:\/\/dorogimedence.hu\/index.php\/2023\/06\/09\/komplex-beruhazas-megvalositasa-a-dorogi-steyrer-sped-kft-nel\/#article","isPartOf":{"@id":"https:\/\/dorogimedence.hu\/index.php\/2023\/06\/09\/komplex-beruhazas-megvalositasa-a-dorogi-steyrer-sped-kft-nel\/"},"author":{"name":"dorogimedence.hu","@id":"https:\/\/dorogimedence.hu\/#\/schema\/person\/ce6091eeb7e95ecdc87890d6aa8e0fd4"},"headline":"Komplex beruh\u00e1z\u00e1s megval\u00f3s\u00edt\u00e1sa a dorogi STEYRER-SPED Kft-n\u00e9l","datePublished":"2023-06-09T05:03:53+00:00","mainEntityOfPage":{"@id":"https:\/\/dorogimedence.hu\/index.php\/2023\/06\/09\/komplex-beruhazas-megvalositasa-a-dorogi-steyrer-sped-kft-nel\/"},"wordCount":443,"publisher":{"@id":"https:\/\/dorogimedence.hu\/#organization"},"image":{"@id":"https:\/\/dorogimedence.hu\/index.php\/2023\/06\/09\/komplex-beruhazas-megvalositasa-a-dorogi-steyrer-sped-kft-nel\/#primaryimage"},"thumbnailUrl":"https:\/\/dorogimedence.hu\/wp-content\/uploads\/2023\/06\/steyer-sped.jpg","keywords":["Dorog","p\u00e1ly\u00e1zat","STEYRER-SPED Kft"],"articleSection":["Dorog","H\u00edrek"],"inLanguage":"hu"},{"@type":"WebPage","@id":"https:\/\/dorogimedence.hu\/index.php\/2023\/06\/09\/komplex-beruhazas-megvalositasa-a-dorogi-steyrer-sped-kft-nel\/","url":"https:\/\/dorogimedence.hu\/index.php\/2023\/06\/09\/komplex-beruhazas-megvalositasa-a-dorogi-steyrer-sped-kft-nel\/","name":"Komplex beruh\u00e1z\u00e1s megval\u00f3s\u00edt\u00e1sa a dorogi STEYRER-SPED Kft-n\u00e9l","isPartOf":{"@id":"https:\/\/dorogimedence.hu\/#website"},"primaryImageOfPage":{"@id":"https:\/\/dorogimedence.hu\/index.php\/2023\/06\/09\/komplex-beruhazas-megvalositasa-a-dorogi-steyrer-sped-kft-nel\/#primaryimage"},"image":{"@id":"https:\/\/dorogimedence.hu\/index.php\/2023\/06\/09\/komplex-beruhazas-megvalositasa-a-dorogi-steyrer-sped-kft-nel\/#primaryimage"},"thumbnailUrl":"https:\/\/dorogimedence.hu\/wp-content\/uploads\/2023\/06\/steyer-sped.jpg","datePublished":"2023-06-09T05:03:53+00:00","breadcrumb":{"@id":"https:\/\/dorogimedence.hu\/index.php\/2023\/06\/09\/komplex-beruhazas-megvalositasa-a-dorogi-steyrer-sped-kft-nel\/#breadcrumb"},"inLanguage":"hu","potentialAction":[{"@type":"ReadAction","target":["https:\/\/dorogimedence.hu\/index.php\/2023\/06\/09\/komplex-beruhazas-megvalositasa-a-dorogi-steyrer-sped-kft-nel\/"]}]},{"@type":"ImageObject","inLanguage":"hu","@id":"https:\/\/dorogimedence.hu\/index.php\/2023\/06\/09\/komplex-beruhazas-megvalositasa-a-dorogi-steyrer-sped-kft-nel\/#primaryimage","url":"https:\/\/dorogimedence.hu\/wp-content\/uploads\/2023\/06\/steyer-sped.jpg","contentUrl":"https:\/\/dorogimedence.hu\/wp-content\/uploads\/2023\/06\/steyer-sped.jpg","width":1920,"height":970},{"@type":"BreadcrumbList","@id":"https:\/\/dorogimedence.hu\/index.php\/2023\/06\/09\/komplex-beruhazas-megvalositasa-a-dorogi-steyrer-sped-kft-nel\/#breadcrumb","itemListElement":[{"@type":"ListItem","position":1,"name":"Kezd\u0151lap","item":"https:\/\/dorogimedence.hu\/"},{"@type":"ListItem","position":2,"name":"Komplex beruh\u00e1z\u00e1s megval\u00f3s\u00edt\u00e1sa a dorogi STEYRER-SPED Kft-n\u00e9l"}]},{"@type":"WebSite","@id":"https:\/\/dorogimedence.hu\/#website","url":"https:\/\/dorogimedence.hu\/","name":"Dorogi-medence Region\u00e1lis H\u00edrport\u00e1l","description":"Dorog, Keszt\u00f6lc, Le\u00e1nyv\u00e1r, Piliscs\u00e9v, Tokod, Tokodalt\u00e1r\u00f3, Csolnok, Esztergom-kertv\u00e1ros: h\u00edrek, programok","publisher":{"@id":"https:\/\/dorogimedence.hu\/#organization"},"potentialAction":[{"@type":"SearchAction","target":{"@type":"EntryPoint","urlTemplate":"https:\/\/dorogimedence.hu\/?s={search_term_string}"},"query-input":{"@type":"PropertyValueSpecification","valueRequired":true,"valueName":"search_term_string"}}],"inLanguage":"hu"},{"@type":"Organization","@id":"https:\/\/dorogimedence.hu\/#organization","name":"Dorogi-medence Region\u00e1lis H\u00edrport\u00e1l","url":"https:\/\/dorogimedence.hu\/","logo":{"@type":"ImageObject","inLanguage":"hu","@id":"https:\/\/dorogimedence.hu\/#\/schema\/logo\/image\/","url":"https:\/\/dorogimedence.hu\/wp-content\/uploads\/2021\/04\/logo-feher-600.png","contentUrl":"https:\/\/dorogimedence.hu\/wp-content\/uploads\/2021\/04\/logo-feher-600.png","width":600,"height":100,"caption":"Dorogi-medence Region\u00e1lis H\u00edrport\u00e1l"},"image":{"@id":"https:\/\/dorogimedence.hu\/#\/schema\/logo\/image\/"},"sameAs":["https:\/\/www.facebook.com\/dorogimedence\/"]},{"@type":"Person","@id":"https:\/\/dorogimedence.hu\/#\/schema\/person\/ce6091eeb7e95ecdc87890d6aa8e0fd4","name":"dorogimedence.hu","image":{"@type":"ImageObject","inLanguage":"hu","@id":"\/\/www.gravatar.com\/avatar\/d8d45f8901aadff40a4af72c0b826f1d?s=96&#038;r=g&#038;d=mm","url":"\/\/www.gravatar.com\/avatar\/d8d45f8901aadff40a4af72c0b826f1d?s=96&#038;r=g&#038;d=mm","contentUrl":"\/\/www.gravatar.com\/avatar\/d8d45f8901aadff40a4af72c0b826f1d?s=96&#038;r=g&#038;d=mm","caption":"dorogimedence.hu"}}]}},"_links":{"self":[{"href":"https:\/\/dorogimedence.hu\/index.php\/wp-json\/wp\/v2\/posts\/53926","targetHints":{"allow":["GET"]}}],"collection":[{"href":"https:\/\/dorogimedence.hu\/index.php\/wp-json\/wp\/v2\/posts"}],"about":[{"href":"https:\/\/dorogimedence.hu\/index.php\/wp-json\/wp\/v2\/types\/post"}],"author":[{"embeddable":true,"href":"https:\/\/dorogimedence.hu\/index.php\/wp-json\/wp\/v2\/users\/1"}],"replies":[{"embeddable":true,"href":"https:\/\/dorogimedence.hu\/index.php\/wp-json\/wp\/v2\/comments?post=53926"}],"version-history":[{"count":0,"href":"https:\/\/dorogimedence.hu\/index.php\/wp-json\/wp\/v2\/posts\/53926\/revisions"}],"wp:featuredmedia":[{"embeddable":true,"href":"https:\/\/dorogimedence.hu\/index.php\/wp-json\/wp\/v2\/media\/53929"}],"wp:attachment":[{"href":"https:\/\/dorogimedence.hu\/index.php\/wp-json\/wp\/v2\/media?parent=53926"}],"wp:term":[{"taxonomy":"category","embeddable":true,"href":"https:\/\/dorogimedence.hu\/index.php\/wp-json\/wp\/v2\/categories?post=53926"},{"taxonomy":"post_tag","embeddable":true,"href":"https:\/\/dorogimedence.hu\/index.php\/wp-json\/wp\/v2\/tags?post=53926"}],"curies":[{"name":"wp","href":"https:\/\/api.w.org\/{rel}","templated":true}]}}